{"id":229560,"date":"2022-06-04T08:41:18","date_gmt":"2022-06-04T06:41:18","guid":{"rendered":"https:\/\/dicodusport.fr\/blog\/?p=229560&#038;preview=true&#038;preview_id=229560"},"modified":"2022-06-04T08:45:24","modified_gmt":"2022-06-04T06:45:24","slug":"france-kylian-mbappe-et-raphael-varane-incertains-pour-le-reste-du-stage","status":"publish","type":"post","link":"https:\/\/dicodusport.fr\/blog\/france-kylian-mbappe-et-raphael-varane-incertains-pour-le-reste-du-stage\/","title":{"rendered":"France : Kylian Mbapp\u00e9 et Rapha\u00ebl Varane incertains pour le reste du stage"},"content":{"rendered":"<p style=\"text-align: justify;\"><b><i>FOOTBALL &#8211; Kylian Mbapp\u00e9 et Rapha\u00ebl Varane sont sortis sur blessure <a href=\"https:\/\/dicodusport.fr\/blog\/ligue-des-nations-les-bleus-surpris-par-le-danemark\/\">lors de la d\u00e9faite de la France<\/a> face au Danemark.\u00a0<\/i><\/b><\/p>\n<p style=\"text-align: justify;\">Selon nos confr\u00e8res de L&rsquo;\u00c9quipe, il y a tr\u00e8s peu de chance pour que le d\u00e9fenseur de Manchester United puisse rejouer avec les Bleus lors de ce stage. <strong>Rapha\u00ebl Varane<\/strong> souffre d&rsquo;une blessure musculaire derri\u00e8re la cuisse et m\u00eame s&rsquo;il passera des examens, sa participation aux autres matchs est tr\u00e8s compromise. Didier Deschamps pourrait rapidement acter son forfait et appeler un rempla\u00e7ant.<\/p>\n<p style=\"text-align: justify;\">Pour <strong>Kylian Mbapp\u00e9<\/strong>, moins de pessimisme m\u00eame si l&rsquo;attaquant du PSG a affirm\u00e9 \u00e0 la mi-temps qu&rsquo;il ne pouvait pas continuer le match. Lui aussi va passer des examens pour savoir quelle est la nature de sa blessure au genou.<\/p>\n<blockquote class=\"twitter-tweet\">\n<p dir=\"ltr\" lang=\"fr\">&#x1f6a8;&#x1f1eb;&#x1f1f7; Rapha\u00ebl Varane, touch\u00e9 aux ishios et remplac\u00e9 hier pourrait \u00eatre forfait jusqu\u2019\u00e0 la fin du rassemblement.<\/p>\n<p>&#x1f449; Un point sera fait dans les prochaines heures.<\/p>\n<p>(<a href=\"https:\/\/twitter.com\/lequipe?ref_src=twsrc%5Etfw\">@lequipe<\/a>) <a href=\"https:\/\/t.co\/0iMGfvCgMD\">pic.twitter.com\/0iMGfvCgMD<\/a><\/p>\n<p>\u2014 Cerfia Foot (@CerfiaFoot) <a href=\"https:\/\/twitter.com\/CerfiaFoot\/status\/1532971385236164610?ref_src=twsrc%5Etfw\">June 4, 2022<\/a><\/p><\/blockquote>\n<p style=\"text-align: justify;\"><script async src=\"https:\/\/platform.twitter.com\/widgets.js\" charset=\"utf-8\"><\/script><\/p>\n","protected":false},"excerpt":{"rendered":"<p>FOOTBALL &#8211; Kylian Mbapp\u00e9 et Rapha\u00ebl Varane sont sortis sur blessure lors de la d\u00e9faite de la France face au Danemark.\u00a0<\/p>\n","protected":false},"author":1,"featured_media":229563,"comment_status":"open","ping_status":"closed","sticky":false,"template":"","format":"standard","meta":{"_acf_changed":false,"_daextam_enable_autolinks":"","footnotes":""},"categories":[2301],"tags":[6966,75,30,2236,5147],"class_list":["post-229560","post","type-post","status-publish","format-standard","has-post-thumbnail","hentry","category-football","tag-equipe-de-france-de-football","tag-football","tag-france","tag-kylian-mbappe","tag-raphael-varane"],"acf":[],"yoast_head":"<!-- This site is optimized with the Yoast SEO Premium plugin v26.7 (Yoast SEO v26.7) - https:\/\/yoast.com\/wordpress\/plugins\/seo\/ -->\n<title>France : Kylian Mbapp\u00e9 et Rapha\u00ebl Varane incertains pour le reste du stage<\/title>\n<meta name=\"description\" content=\"FOOTBALL - Kylian Mbapp\u00e9 et Rapha\u00ebl Varane sont sortis sur blessure lors de la d\u00e9faite de la France face au Danemark.\u00a0\" \/>\n<meta name=\"robots\" content=\"index, follow, max-snippet:-1, max-image-preview:large, max-video-preview:-1\" \/>\n<link rel=\"canonical\" href=\"https:\/\/dicodusport.fr\/blog\/france-kylian-mbappe-et-raphael-varane-incertains-pour-le-reste-du-stage\/\" \/>\n<meta property=\"og:locale\" content=\"fr_FR\" \/>\n<meta property=\"og:type\" content=\"article\" \/>\n<meta property=\"og:title\" content=\"France : Kylian Mbapp\u00e9 et Rapha\u00ebl Varane incertains pour le reste du stage\" \/>\n<meta property=\"og:description\" content=\"FOOTBALL - Kylian Mbapp\u00e9 et Rapha\u00ebl Varane sont sortis sur blessure lors de la d\u00e9faite de la France face au Danemark.\u00a0\" \/>\n<meta property=\"og:url\" content=\"https:\/\/dicodusport.fr\/blog\/france-kylian-mbappe-et-raphael-varane-incertains-pour-le-reste-du-stage\/\" \/>\n<meta property=\"og:site_name\" content=\"Dicodusport\" \/>\n<meta property=\"article:publisher\" content=\"https:\/\/www.facebook.com\/dicodusport\" \/>\n<meta property=\"article:author\" content=\"https:\/\/www.facebook.com\/dicodusport\" \/>\n<meta property=\"article:published_time\" content=\"2022-06-04T06:41:18+00:00\" \/>\n<meta property=\"article:modified_time\" content=\"2022-06-04T06:45:24+00:00\" \/>\n<meta property=\"og:image\" content=\"https:\/\/dicodusport.fr\/blog\/wp-content\/uploads\/2022\/06\/France-Kylian-Mbappe\u0301-et-Raphae\u0308l-Varane-incertains-pour-le-reste-du-stage.png\" \/>\n\t<meta property=\"og:image:width\" content=\"800\" \/>\n\t<meta property=\"og:image:height\" content=\"445\" \/>\n\t<meta property=\"og:image:type\" content=\"image\/png\" \/>\n<meta name=\"author\" content=\"Nicolas Jacquemard\" \/>\n<meta name=\"twitter:card\" content=\"summary_large_image\" \/>\n<meta name=\"twitter:title\" content=\"France : Kylian Mbapp\u00e9 et Rapha\u00ebl Varane incertains pour le reste du stage\" \/>\n<meta name=\"twitter:creator\" content=\"@https:\/\/twitter.com\/Nico_Jacquemard\" \/>\n<meta name=\"twitter:site\" content=\"@dicodusport\" \/>\n<script type=\"application\/ld+json\" class=\"yoast-schema-graph\">{\"@context\":\"https:\/\/schema.org\",\"@graph\":[{\"@type\":\"NewsArticle\",\"@id\":\"https:\/\/dicodusport.fr\/blog\/france-kylian-mbappe-et-raphael-varane-incertains-pour-le-reste-du-stage\/#article\",\"isPartOf\":{\"@id\":\"https:\/\/dicodusport.fr\/blog\/france-kylian-mbappe-et-raphael-varane-incertains-pour-le-reste-du-stage\/\"},\"author\":{\"name\":\"Nicolas Jacquemard\",\"@id\":\"https:\/\/dicodusport.fr\/blog\/#\/schema\/person\/55dcb50ad410894e431ed812bbb70191\"},\"headline\":\"France : Kylian Mbapp\u00e9 et Rapha\u00ebl Varane incertains pour le reste du stage\",\"datePublished\":\"2022-06-04T06:41:18+00:00\",\"dateModified\":\"2022-06-04T06:45:24+00:00\",\"mainEntityOfPage\":{\"@id\":\"https:\/\/dicodusport.fr\/blog\/france-kylian-mbappe-et-raphael-varane-incertains-pour-le-reste-du-stage\/\"},\"wordCount\":196,\"commentCount\":0,\"publisher\":{\"@id\":\"https:\/\/dicodusport.fr\/blog\/#organization\"},\"image\":{\"@id\":\"https:\/\/dicodusport.fr\/blog\/france-kylian-mbappe-et-raphael-varane-incertains-pour-le-reste-du-stage\/#primaryimage\"},\"thumbnailUrl\":\"https:\/\/dicodusport.fr\/blog\/wp-content\/uploads\/2022\/06\/France-Kylian-Mbappe\u0301-et-Raphae\u0308l-Varane-incertains-pour-le-reste-du-stage.png\",\"keywords\":[\"Equipe de France de football\",\"Football\",\"France\",\"Kylian Mbapp\u00e9\",\"Rapha\u00ebl Varane\"],\"articleSection\":[\"Football\"],\"inLanguage\":\"fr-FR\",\"potentialAction\":[{\"@type\":\"CommentAction\",\"name\":\"Comment\",\"target\":[\"https:\/\/dicodusport.fr\/blog\/france-kylian-mbappe-et-raphael-varane-incertains-pour-le-reste-du-stage\/#respond\"]}],\"copyrightYear\":\"2022\",\"copyrightHolder\":{\"@id\":\"https:\/\/dicodusport.fr\/blog\/#organization\"}},{\"@type\":\"WebPage\",\"@id\":\"https:\/\/dicodusport.fr\/blog\/france-kylian-mbappe-et-raphael-varane-incertains-pour-le-reste-du-stage\/\",\"url\":\"https:\/\/dicodusport.fr\/blog\/france-kylian-mbappe-et-raphael-varane-incertains-pour-le-reste-du-stage\/\",\"name\":\"France : Kylian Mbapp\u00e9 et Rapha\u00ebl Varane incertains pour le reste du stage\",\"isPartOf\":{\"@id\":\"https:\/\/dicodusport.fr\/blog\/#website\"},\"primaryImageOfPage\":{\"@id\":\"https:\/\/dicodusport.fr\/blog\/france-kylian-mbappe-et-raphael-varane-incertains-pour-le-reste-du-stage\/#primaryimage\"},\"image\":{\"@id\":\"https:\/\/dicodusport.fr\/blog\/france-kylian-mbappe-et-raphael-varane-incertains-pour-le-reste-du-stage\/#primaryimage\"},\"thumbnailUrl\":\"https:\/\/dicodusport.fr\/blog\/wp-content\/uploads\/2022\/06\/France-Kylian-Mbappe\u0301-et-Raphae\u0308l-Varane-incertains-pour-le-reste-du-stage.png\",\"datePublished\":\"2022-06-04T06:41:18+00:00\",\"dateModified\":\"2022-06-04T06:45:24+00:00\",\"description\":\"FOOTBALL - Kylian Mbapp\u00e9 et Rapha\u00ebl Varane sont sortis sur blessure lors de la d\u00e9faite de la France face au Danemark.\u00a0\",\"breadcrumb\":{\"@id\":\"https:\/\/dicodusport.fr\/blog\/france-kylian-mbappe-et-raphael-varane-incertains-pour-le-reste-du-stage\/#breadcrumb\"},\"inLanguage\":\"fr-FR\",\"potentialAction\":[{\"@type\":\"ReadAction\",\"target\":[\"https:\/\/dicodusport.fr\/blog\/france-kylian-mbappe-et-raphael-varane-incertains-pour-le-reste-du-stage\/\"]}]},{\"@type\":\"ImageObject\",\"inLanguage\":\"fr-FR\",\"@id\":\"https:\/\/dicodusport.fr\/blog\/france-kylian-mbappe-et-raphael-varane-incertains-pour-le-reste-du-stage\/#primaryimage\",\"url\":\"https:\/\/dicodusport.fr\/blog\/wp-content\/uploads\/2022\/06\/France-Kylian-Mbappe\u0301-et-Raphae\u0308l-Varane-incertains-pour-le-reste-du-stage.png\",\"contentUrl\":\"https:\/\/dicodusport.fr\/blog\/wp-content\/uploads\/2022\/06\/France-Kylian-Mbappe\u0301-et-Raphae\u0308l-Varane-incertains-pour-le-reste-du-stage.png\",\"width\":800,\"height\":445,\"caption\":\"France Kylian Mbappe\u0301 et Raphae\u0308l Varane incertains pour le reste du stage\"},{\"@type\":\"BreadcrumbList\",\"@id\":\"https:\/\/dicodusport.fr\/blog\/france-kylian-mbappe-et-raphael-varane-incertains-pour-le-reste-du-stage\/#breadcrumb\",\"itemListElement\":[{\"@type\":\"ListItem\",\"position\":1,\"name\":\"Accueil\",\"item\":\"https:\/\/dicodusport.fr\/blog\/\"},{\"@type\":\"ListItem\",\"position\":2,\"name\":\"France : Kylian Mbapp\u00e9 et Rapha\u00ebl Varane incertains pour le reste du stage\"}]},{\"@type\":\"WebSite\",\"@id\":\"https:\/\/dicodusport.fr\/blog\/#website\",\"url\":\"https:\/\/dicodusport.fr\/blog\/\",\"name\":\"Dicodusport\",\"description\":\"L&#039;encyclop\u00e9die de l&#039;actualit\u00e9 sportive\",\"publisher\":{\"@id\":\"https:\/\/dicodusport.fr\/blog\/#organization\"},\"potentialAction\":[{\"@type\":\"SearchAction\",\"target\":{\"@type\":\"EntryPoint\",\"urlTemplate\":\"https:\/\/dicodusport.fr\/blog\/?s={search_term_string}\"},\"query-input\":{\"@type\":\"PropertyValueSpecification\",\"valueRequired\":true,\"valueName\":\"search_term_string\"}}],\"inLanguage\":\"fr-FR\"},{\"@type\":\"NewsMediaOrganization\",\"@id\":\"https:\/\/dicodusport.fr\/blog\/#organization\",\"name\":\"Dicodusport\",\"url\":\"https:\/\/dicodusport.fr\/blog\/\",\"logo\":{\"@type\":\"ImageObject\",\"inLanguage\":\"fr-FR\",\"@id\":\"https:\/\/dicodusport.fr\/blog\/#\/schema\/logo\/image\/\",\"url\":\"https:\/\/dicodusport.fr\/blog\/wp-content\/uploads\/2020\/06\/cropped-LOGO-DICODUSPORT-2020-SANS-FOND-SANS-TEXTE.png\",\"contentUrl\":\"https:\/\/dicodusport.fr\/blog\/wp-content\/uploads\/2020\/06\/cropped-LOGO-DICODUSPORT-2020-SANS-FOND-SANS-TEXTE.png\",\"width\":512,\"height\":512,\"caption\":\"Dicodusport\"},\"image\":{\"@id\":\"https:\/\/dicodusport.fr\/blog\/#\/schema\/logo\/image\/\"},\"sameAs\":[\"https:\/\/www.facebook.com\/dicodusport\",\"https:\/\/x.com\/dicodusport\",\"https:\/\/www.instagram.com\/dicodusport\/\",\"https:\/\/www.youtube.com\/channel\/UC7V2KZ5sd3htJivAbA4ZG3w\"],\"description\":\"Dicodusport est l'encyclop\u00e9die de l'actualit\u00e9 sportive.\",\"email\":\"bonjour@dicodusport.fr\",\"legalName\":\"DICODUSPORT\",\"foundingDate\":\"2018-01-14\",\"vatID\":\"FR71834470973\",\"taxID\":\"83447097300043\",\"numberOfEmployees\":{\"@type\":\"QuantitativeValue\",\"minValue\":\"1\",\"maxValue\":\"10\"}},{\"@type\":\"Person\",\"@id\":\"https:\/\/dicodusport.fr\/blog\/#\/schema\/person\/55dcb50ad410894e431ed812bbb70191\",\"name\":\"Nicolas Jacquemard\",\"image\":{\"@type\":\"ImageObject\",\"inLanguage\":\"fr-FR\",\"@id\":\"https:\/\/dicodusport.fr\/blog\/#\/schema\/person\/image\/\",\"url\":\"https:\/\/dicodusport.fr\/blog\/wp-content\/uploads\/2021\/05\/Nicolas-Jacquemard-150x150.jpeg\",\"contentUrl\":\"https:\/\/dicodusport.fr\/blog\/wp-content\/uploads\/2021\/05\/Nicolas-Jacquemard-150x150.jpeg\",\"caption\":\"Nicolas Jacquemard\"},\"description\":\"Passionn\u00e9 de sport et entrepreneur depuis mes 18 ans, la cr\u00e9ation de Dicodusport m'a sembl\u00e9 \u00e9vidente pour participer \u00e0 la m\u00e9diatisation d'un plus grand nombre de sports. Le chemin est long mais avec une \u00e9quipe des plus motiv\u00e9es et les Jeux Olympiques de Paris 2024 en point de mire, nous y arriverons ! Journaliste dans le monde du sport depuis plus de 5 ans, je traite aussi bien de football, de rugby, de biathlon que de cyclisme.\",\"sameAs\":[\"https:\/\/www.facebook.com\/dicodusport\",\"https:\/\/x.com\/https:\/\/twitter.com\/Nico_Jacquemard\"],\"url\":\"https:\/\/dicodusport.fr\/blog\/author\/dicodusport\/\"}]}<\/script>\n<!-- \/ Yoast SEO Premium plugin. -->","yoast_head_json":{"title":"France : Kylian Mbapp\u00e9 et Rapha\u00ebl Varane incertains pour le reste du stage","description":"FOOTBALL - Kylian Mbapp\u00e9 et Rapha\u00ebl Varane sont sortis sur blessure lors de la d\u00e9faite de la France face au Danemark.\u00a0","robots":{"index":"index","follow":"follow","max-snippet":"max-snippet:-1","max-image-preview":"max-image-preview:large","max-video-preview":"max-video-preview:-1"},"canonical":"https:\/\/dicodusport.fr\/blog\/france-kylian-mbappe-et-raphael-varane-incertains-pour-le-reste-du-stage\/","og_locale":"fr_FR","og_type":"article","og_title":"France : Kylian Mbapp\u00e9 et Rapha\u00ebl Varane incertains pour le reste du stage","og_description":"FOOTBALL - Kylian Mbapp\u00e9 et Rapha\u00ebl Varane sont sortis sur blessure lors de la d\u00e9faite de la France face au Danemark.\u00a0","og_url":"https:\/\/dicodusport.fr\/blog\/france-kylian-mbappe-et-raphael-varane-incertains-pour-le-reste-du-stage\/","og_site_name":"Dicodusport","article_publisher":"https:\/\/www.facebook.com\/dicodusport","article_author":"https:\/\/www.facebook.com\/dicodusport","article_published_time":"2022-06-04T06:41:18+00:00","article_modified_time":"2022-06-04T06:45:24+00:00","og_image":[{"width":800,"height":445,"url":"https:\/\/dicodusport.fr\/blog\/wp-content\/uploads\/2022\/06\/France-Kylian-Mbappe\u0301-et-Raphae\u0308l-Varane-incertains-pour-le-reste-du-stage.png","type":"image\/png"}],"author":"Nicolas Jacquemard","twitter_card":"summary_large_image","twitter_title":"France : Kylian Mbapp\u00e9 et Rapha\u00ebl Varane incertains pour le reste du stage","twitter_creator":"@https:\/\/twitter.com\/Nico_Jacquemard","twitter_site":"@dicodusport","schema":{"@context":"https:\/\/schema.org","@graph":[{"@type":"NewsArticle","@id":"https:\/\/dicodusport.fr\/blog\/france-kylian-mbappe-et-raphael-varane-incertains-pour-le-reste-du-stage\/#article","isPartOf":{"@id":"https:\/\/dicodusport.fr\/blog\/france-kylian-mbappe-et-raphael-varane-incertains-pour-le-reste-du-stage\/"},"author":{"name":"Nicolas Jacquemard","@id":"https:\/\/dicodusport.fr\/blog\/#\/schema\/person\/55dcb50ad410894e431ed812bbb70191"},"headline":"France : Kylian Mbapp\u00e9 et Rapha\u00ebl Varane incertains pour le reste du stage","datePublished":"2022-06-04T06:41:18+00:00","dateModified":"2022-06-04T06:45:24+00:00","mainEntityOfPage":{"@id":"https:\/\/dicodusport.fr\/blog\/france-kylian-mbappe-et-raphael-varane-incertains-pour-le-reste-du-stage\/"},"wordCount":196,"commentCount":0,"publisher":{"@id":"https:\/\/dicodusport.fr\/blog\/#organization"},"image":{"@id":"https:\/\/dicodusport.fr\/blog\/france-kylian-mbappe-et-raphael-varane-incertains-pour-le-reste-du-stage\/#primaryimage"},"thumbnailUrl":"https:\/\/dicodusport.fr\/blog\/wp-content\/uploads\/2022\/06\/France-Kylian-Mbappe\u0301-et-Raphae\u0308l-Varane-incertains-pour-le-reste-du-stage.png","keywords":["Equipe de France de football","Football","France","Kylian Mbapp\u00e9","Rapha\u00ebl Varane"],"articleSection":["Football"],"inLanguage":"fr-FR","potentialAction":[{"@type":"CommentAction","name":"Comment","target":["https:\/\/dicodusport.fr\/blog\/france-kylian-mbappe-et-raphael-varane-incertains-pour-le-reste-du-stage\/#respond"]}],"copyrightYear":"2022","copyrightHolder":{"@id":"https:\/\/dicodusport.fr\/blog\/#organization"}},{"@type":"WebPage","@id":"https:\/\/dicodusport.fr\/blog\/france-kylian-mbappe-et-raphael-varane-incertains-pour-le-reste-du-stage\/","url":"https:\/\/dicodusport.fr\/blog\/france-kylian-mbappe-et-raphael-varane-incertains-pour-le-reste-du-stage\/","name":"France : Kylian Mbapp\u00e9 et Rapha\u00ebl Varane incertains pour le reste du stage","isPartOf":{"@id":"https:\/\/dicodusport.fr\/blog\/#website"},"primaryImageOfPage":{"@id":"https:\/\/dicodusport.fr\/blog\/france-kylian-mbappe-et-raphael-varane-incertains-pour-le-reste-du-stage\/#primaryimage"},"image":{"@id":"https:\/\/dicodusport.fr\/blog\/france-kylian-mbappe-et-raphael-varane-incertains-pour-le-reste-du-stage\/#primaryimage"},"thumbnailUrl":"https:\/\/dicodusport.fr\/blog\/wp-content\/uploads\/2022\/06\/France-Kylian-Mbappe\u0301-et-Raphae\u0308l-Varane-incertains-pour-le-reste-du-stage.png","datePublished":"2022-06-04T06:41:18+00:00","dateModified":"2022-06-04T06:45:24+00:00","description":"FOOTBALL - Kylian Mbapp\u00e9 et Rapha\u00ebl Varane sont sortis sur blessure lors de la d\u00e9faite de la France face au Danemark.\u00a0","breadcrumb":{"@id":"https:\/\/dicodusport.fr\/blog\/france-kylian-mbappe-et-raphael-varane-incertains-pour-le-reste-du-stage\/#breadcrumb"},"inLanguage":"fr-FR","potentialAction":[{"@type":"ReadAction","target":["https:\/\/dicodusport.fr\/blog\/france-kylian-mbappe-et-raphael-varane-incertains-pour-le-reste-du-stage\/"]}]},{"@type":"ImageObject","inLanguage":"fr-FR","@id":"https:\/\/dicodusport.fr\/blog\/france-kylian-mbappe-et-raphael-varane-incertains-pour-le-reste-du-stage\/#primaryimage","url":"https:\/\/dicodusport.fr\/blog\/wp-content\/uploads\/2022\/06\/France-Kylian-Mbappe\u0301-et-Raphae\u0308l-Varane-incertains-pour-le-reste-du-stage.png","contentUrl":"https:\/\/dicodusport.fr\/blog\/wp-content\/uploads\/2022\/06\/France-Kylian-Mbappe\u0301-et-Raphae\u0308l-Varane-incertains-pour-le-reste-du-stage.png","width":800,"height":445,"caption":"France Kylian Mbappe\u0301 et Raphae\u0308l Varane incertains pour le reste du stage"},{"@type":"BreadcrumbList","@id":"https:\/\/dicodusport.fr\/blog\/france-kylian-mbappe-et-raphael-varane-incertains-pour-le-reste-du-stage\/#breadcrumb","itemListElement":[{"@type":"ListItem","position":1,"name":"Accueil","item":"https:\/\/dicodusport.fr\/blog\/"},{"@type":"ListItem","position":2,"name":"France : Kylian Mbapp\u00e9 et Rapha\u00ebl Varane incertains pour le reste du stage"}]},{"@type":"WebSite","@id":"https:\/\/dicodusport.fr\/blog\/#website","url":"https:\/\/dicodusport.fr\/blog\/","name":"Dicodusport","description":"L&#039;encyclop\u00e9die de l&#039;actualit\u00e9 sportive","publisher":{"@id":"https:\/\/dicodusport.fr\/blog\/#organization"},"potentialAction":[{"@type":"SearchAction","target":{"@type":"EntryPoint","urlTemplate":"https:\/\/dicodusport.fr\/blog\/?s={search_term_string}"},"query-input":{"@type":"PropertyValueSpecification","valueRequired":true,"valueName":"search_term_string"}}],"inLanguage":"fr-FR"},{"@type":"NewsMediaOrganization","@id":"https:\/\/dicodusport.fr\/blog\/#organization","name":"Dicodusport","url":"https:\/\/dicodusport.fr\/blog\/","logo":{"@type":"ImageObject","inLanguage":"fr-FR","@id":"https:\/\/dicodusport.fr\/blog\/#\/schema\/logo\/image\/","url":"https:\/\/dicodusport.fr\/blog\/wp-content\/uploads\/2020\/06\/cropped-LOGO-DICODUSPORT-2020-SANS-FOND-SANS-TEXTE.png","contentUrl":"https:\/\/dicodusport.fr\/blog\/wp-content\/uploads\/2020\/06\/cropped-LOGO-DICODUSPORT-2020-SANS-FOND-SANS-TEXTE.png","width":512,"height":512,"caption":"Dicodusport"},"image":{"@id":"https:\/\/dicodusport.fr\/blog\/#\/schema\/logo\/image\/"},"sameAs":["https:\/\/www.facebook.com\/dicodusport","https:\/\/x.com\/dicodusport","https:\/\/www.instagram.com\/dicodusport\/","https:\/\/www.youtube.com\/channel\/UC7V2KZ5sd3htJivAbA4ZG3w"],"description":"Dicodusport est l'encyclop\u00e9die de l'actualit\u00e9 sportive.","email":"bonjour@dicodusport.fr","legalName":"DICODUSPORT","foundingDate":"2018-01-14","vatID":"FR71834470973","taxID":"83447097300043","numberOfEmployees":{"@type":"QuantitativeValue","minValue":"1","maxValue":"10"}},{"@type":"Person","@id":"https:\/\/dicodusport.fr\/blog\/#\/schema\/person\/55dcb50ad410894e431ed812bbb70191","name":"Nicolas Jacquemard","image":{"@type":"ImageObject","inLanguage":"fr-FR","@id":"https:\/\/dicodusport.fr\/blog\/#\/schema\/person\/image\/","url":"https:\/\/dicodusport.fr\/blog\/wp-content\/uploads\/2021\/05\/Nicolas-Jacquemard-150x150.jpeg","contentUrl":"https:\/\/dicodusport.fr\/blog\/wp-content\/uploads\/2021\/05\/Nicolas-Jacquemard-150x150.jpeg","caption":"Nicolas Jacquemard"},"description":"Passionn\u00e9 de sport et entrepreneur depuis mes 18 ans, la cr\u00e9ation de Dicodusport m'a sembl\u00e9 \u00e9vidente pour participer \u00e0 la m\u00e9diatisation d'un plus grand nombre de sports. Le chemin est long mais avec une \u00e9quipe des plus motiv\u00e9es et les Jeux Olympiques de Paris 2024 en point de mire, nous y arriverons ! Journaliste dans le monde du sport depuis plus de 5 ans, je traite aussi bien de football, de rugby, de biathlon que de cyclisme.","sameAs":["https:\/\/www.facebook.com\/dicodusport","https:\/\/x.com\/https:\/\/twitter.com\/Nico_Jacquemard"],"url":"https:\/\/dicodusport.fr\/blog\/author\/dicodusport\/"}]}},"_links":{"self":[{"href":"https:\/\/dicodusport.fr\/blog\/wp-json\/wp\/v2\/posts\/229560","targetHints":{"allow":["GET"]}}],"collection":[{"href":"https:\/\/dicodusport.fr\/blog\/wp-json\/wp\/v2\/posts"}],"about":[{"href":"https:\/\/dicodusport.fr\/blog\/wp-json\/wp\/v2\/types\/post"}],"author":[{"embeddable":true,"href":"https:\/\/dicodusport.fr\/blog\/wp-json\/wp\/v2\/users\/1"}],"replies":[{"embeddable":true,"href":"https:\/\/dicodusport.fr\/blog\/wp-json\/wp\/v2\/comments?post=229560"}],"version-history":[{"count":0,"href":"https:\/\/dicodusport.fr\/blog\/wp-json\/wp\/v2\/posts\/229560\/revisions"}],"wp:featuredmedia":[{"embeddable":true,"href":"https:\/\/dicodusport.fr\/blog\/wp-json\/wp\/v2\/media\/229563"}],"wp:attachment":[{"href":"https:\/\/dicodusport.fr\/blog\/wp-json\/wp\/v2\/media?parent=229560"}],"wp:term":[{"taxonomy":"category","embeddable":true,"href":"https:\/\/dicodusport.fr\/blog\/wp-json\/wp\/v2\/categories?post=229560"},{"taxonomy":"post_tag","embeddable":true,"href":"https:\/\/dicodusport.fr\/blog\/wp-json\/wp\/v2\/tags?post=229560"}],"curies":[{"name":"wp","href":"https:\/\/api.w.org\/{rel}","templated":true}]}}