{"id":229649,"date":"2022-06-05T09:45:28","date_gmt":"2022-06-05T07:45:28","guid":{"rendered":"https:\/\/dicodusport.fr\/blog\/?p=229649&#038;preview=true&#038;preview_id=229649"},"modified":"2022-06-05T17:19:58","modified_gmt":"2022-06-05T15:19:58","slug":"criterium-du-dauphine-david-gaudu-veut-peaufiner-sa-condition-avant-le-tour","status":"publish","type":"post","link":"https:\/\/dicodusport.fr\/blog\/criterium-du-dauphine-david-gaudu-veut-peaufiner-sa-condition-avant-le-tour\/","title":{"rendered":"Crit\u00e9rium du Dauphin\u00e9 : David Gaudu veut peaufiner sa condition avant le Tour"},"content":{"rendered":"<p style=\"text-align: justify;\"><b><i><a href=\"https:\/\/dicodusport.fr\/blog\/criterium-du-dauphine-2022-le-parcours-en-detail\/\">CRIT\u00c9RIUM DU DAUPHIN\u00c9 2022<\/a> &#8211;\u00a0 \u00c0 moins d&rsquo;un mois avant le d\u00e9part du Tour de France, se d\u00e9roule le Crit\u00e9rium du Dauphin\u00e9. Un avant-go\u00fbt du Tour qui va permettre \u00e0 David Gaudu (Groupama-FDJ) d&rsquo;\u00e9valuer sa forme face aux meilleurs, ou presque.\u00a0<\/i><\/b><\/p>\n<h2 style=\"text-align: justify;\">Une pr\u00e9paration avant le grand Tour<\/h2>\n<p style=\"text-align: justify;\">Le Crit\u00e9rium du Dauphin\u00e9 d\u00e9bute ce dimanche 5 jusqu&rsquo;au 12 juin prochain. L\u2019occasion comme chaque ann\u00e9e pour les meilleurs de se jauger dans une r\u00e9p\u00e9tition g\u00e9n\u00e9rale, avant d&rsquo;attaquer la prochaine \u00e9dition du Tour de France qui d\u00e9butera le 1er juillet prochain. Pour<strong> David Gaudu<\/strong> \u00e7a sera le moment de se mesurer aux coureurs les plus en vogue du moment comme : <strong>Kelderman, Haig, Mas, Roglic, Van Aert, O&rsquo;Connor<\/strong> ou encore<strong> McNulty<\/strong>.<strong> Un casting relev\u00e9 qui permettra au Breton de se mesurer aux cadors en tant que leader d&rsquo;\u00e9quipe sur une course d&rsquo;une semaine<\/strong>. Lui, qui devra partager le <em>leadership<\/em> de l&rsquo;\u00e9quipe Groupama-FDJ avec <strong>Thibaut Pinot<\/strong> lors du Tour, vise mieux qu&rsquo;une 9\u00e8me place et le maillot blanc de meilleur jeune, obtenu la saison derni\u00e8re lors de ce Crit\u00e9rium.<\/p>\n<blockquote class=\"twitter-tweet\">\n<p dir=\"ltr\" lang=\"fr\">D\u00e9j\u00e0 dimanche : le Dauphin\u00e9 &#x1f6b5;&#x200d;&#x2642;&#xfe0f; <a href=\"https:\/\/t.co\/l0R2jvQjWy\">pic.twitter.com\/l0R2jvQjWy<\/a><\/p>\n<p>\u2014 \u00c9quipe Cycliste Groupama-FDJ (@GroupamaFDJ) <a href=\"https:\/\/twitter.com\/GroupamaFDJ\/status\/1532648448515784705?ref_src=twsrc%5Etfw\">June 3, 2022<\/a><\/p><\/blockquote>\n<p><script async src=\"https:\/\/platform.twitter.com\/widgets.js\" charset=\"utf-8\"><\/script><\/p>\n<p style=\"text-align: justify;\">Le grimpeur, qui vient de terminer la <a href=\"https:\/\/dicodusport.fr\/blog\/classement-mercantour-classic-2022\/\">Mercan&rsquo;Tour Classic<\/a> \u00e0 la 3\u00e8me place, a d\u00e9clar\u00e9 dans un communiqu\u00e9 de presse de son \u00e9quipe \u00eatre en confiance avant le Crit\u00e9rium.<\/p>\n<blockquote>\n<p style=\"text-align: justify;\"><em>\u00ab<\/em> <em>J\u2019aborde le Dauphin\u00e9 avec un peu plus de s\u00e9r\u00e9nit\u00e9 apr\u00e8s la Mercan\u2019Tour, les jambes tournaient vraiment bien. L\u2019objectif principal est de peaufiner la forme en vue du Tour de France m\u00eame si j\u2019ai forc\u00e9ment le classement g\u00e9n\u00e9ral en t\u00eate. Nous avons une tr\u00e8s belle \u00e9quipe et je pense que chacun de nous peut tirer son \u00e9pingle du jeu sur une \u00e9tape. C\u2019est un Dauphin\u00e9 qui s\u2019annonce tr\u00e8s ouvert, \u00e0 nous d\u2019en profiter. \u00bb<\/em><\/p>\n<\/blockquote>\n<p style=\"text-align: justify;\">En parlant d&rsquo;\u00e9quipe, le Breton sera accompagn\u00e9 de <strong>Michael Storer <\/strong>et<strong> Valentin Madouas<\/strong> qui seront en reprise apr\u00e8s un mois sans courir. Mais il pourra aussi compter sur <strong>Bruno Armirail, Rudy Molard, K\u00e9vin Geniets<\/strong>\u00a0et\u00a0<strong>Olivier Le Gac,<\/strong> qui tenteront de convaincre leurs dirigeants d&rsquo;\u00eatre s\u00e9lectionn\u00e9s pour le Tour.<\/p>\n<h2 style=\"text-align: justify;\">Des ambitions \u00e0 venir<\/h2>\n<p style=\"text-align: justify;\">Ses dirigeants sont d&rsquo;ailleurs tout aussi ambitieux que leur coureur, comme le d\u00e9clare <strong>Fr\u00e9d\u00e9ric Guesdon<\/strong>, directeur sportif pour la course, sur un communiqu\u00e9 de l&rsquo;\u00e9quipe.<\/p>\n<blockquote>\n<p style=\"text-align: justify;\"><em>\u00ab<\/em> <em>Le Dauphin\u00e9 marque la reprise de la comp\u00e9tition apr\u00e8s une p\u00e9riode de coupure et de stage pour les coureurs. Le mot d\u2019ordre est de ne rien s\u2019interdire que ce soit pour le g\u00e9n\u00e9ral ou pour les \u00e9tapes.<\/em>\u00a0<em>David Gaudu s\u2019est rassur\u00e9 sur la Mercan\u2019Tour Classic, mais on sait qu\u2019il manque de comp\u00e9tition, il n\u2019avait pas couru depuis le Pays Basque. Michael Storer a fait un tr\u00e8s bon g\u00e9n\u00e9ral sur le Tour des Alpes, mais il est tomb\u00e9 malade sur le Tour de Romandie. Pour tous, c\u2019est une course de pr\u00e9paration en vue du Tour de France, ce qui ne nous emp\u00eache pas d\u2019\u00eatre ambitieux au d\u00e9part \u00bb<\/em>.<\/p>\n<\/blockquote>\n<p style=\"text-align: justify;\">Une pr\u00e9paration \u00e0 prendre avec soin pour <strong>David Gaudu<\/strong> s&rsquo;il veut cette ann\u00e9e enfin rentrer dans le top 10 du classement g\u00e9n\u00e9ral du Tour apr\u00e8s avoir termin\u00e9 13\u00e8me en 2019 et 11\u00e8me en 2021.<\/p>\n","protected":false},"excerpt":{"rendered":"<p>CRIT\u00c9RIUM DU DAUPHIN\u00c9 2022 &#8211;\u00a0 \u00c0 moins d&rsquo;un mois avant le d\u00e9part du Tour de France, se d\u00e9roule le Crit\u00e9rium du Dauphin\u00e9. Un avant-go\u00fbt du Tour qui va permettre \u00e0 David Gaudu (Groupama-FDJ) d&rsquo;\u00e9valuer sa forme face aux meilleurs, ou presque.\u00a0<\/p>\n","protected":false},"author":73,"featured_media":229916,"comment_status":"open","ping_status":"closed","sticky":false,"template":"","format":"standard","meta":{"_acf_changed":false,"_daextam_enable_autolinks":"","footnotes":""},"categories":[46994],"tags":[8057,3113],"class_list":["post-229649","post","type-post","status-publish","format-standard","has-post-thumbnail","hentry","category-cyclisme-sur-route","tag-criterium-du-dauphine","tag-david-gaudu"],"acf":[],"yoast_head":"<!-- This site is optimized with the Yoast SEO Premium plugin v26.7 (Yoast SEO v26.7) - https:\/\/yoast.com\/wordpress\/plugins\/seo\/ -->\n<title>Crit\u00e9rium du Dauphin\u00e9 : David Gaudu veut peaufiner sa condition avant le Tour<\/title>\n<meta name=\"description\" content=\"CRIT\u00c9RIUM DU DAUPHIN\u00c9 2022 -\u00a0 \u00c0 moins d&#039;un mois avant le d\u00e9part du Tour de France, David Gaudu va se tester sur les routes du Dauphin\u00e9.\" \/>\n<meta name=\"robots\" content=\"index, follow, max-snippet:-1, max-image-preview:large, max-video-preview:-1\" \/>\n<link rel=\"canonical\" href=\"https:\/\/dicodusport.fr\/blog\/criterium-du-dauphine-david-gaudu-veut-peaufiner-sa-condition-avant-le-tour\/\" \/>\n<meta property=\"og:locale\" content=\"fr_FR\" \/>\n<meta property=\"og:type\" content=\"article\" \/>\n<meta property=\"og:title\" content=\"Crit\u00e9rium du Dauphin\u00e9 : David Gaudu veut peaufiner sa condition avant le Tour\" \/>\n<meta property=\"og:description\" content=\"CRIT\u00c9RIUM DU DAUPHIN\u00c9 2022 -\u00a0 \u00c0 moins d&#039;un mois avant le d\u00e9part du Tour de France, David Gaudu va se tester sur les routes du Dauphin\u00e9.\" \/>\n<meta property=\"og:url\" content=\"https:\/\/dicodusport.fr\/blog\/criterium-du-dauphine-david-gaudu-veut-peaufiner-sa-condition-avant-le-tour\/\" \/>\n<meta property=\"og:site_name\" content=\"Dicodusport\" \/>\n<meta property=\"article:publisher\" content=\"https:\/\/www.facebook.com\/dicodusport\" \/>\n<meta property=\"article:published_time\" content=\"2022-06-05T07:45:28+00:00\" \/>\n<meta property=\"article:modified_time\" content=\"2022-06-05T15:19:58+00:00\" \/>\n<meta property=\"og:image\" content=\"https:\/\/dicodusport.fr\/blog\/wp-content\/uploads\/2022\/06\/Criterium-du-Dauphine-David-Gaudu-veut-peaufiner-sa-condition-avant-le-Tour.png\" \/>\n\t<meta property=\"og:image:width\" content=\"800\" \/>\n\t<meta property=\"og:image:height\" content=\"445\" \/>\n\t<meta property=\"og:image:type\" content=\"image\/png\" \/>\n<meta name=\"author\" content=\"Romain Fiore\" \/>\n<meta name=\"twitter:card\" content=\"summary_large_image\" \/>\n<meta name=\"twitter:title\" content=\"Crit\u00e9rium du Dauphin\u00e9 : David Gaudu veut peaufiner sa condition avant le Tour\" \/>\n<meta name=\"twitter:creator\" content=\"@https:\/\/twitter.com\/romain_fiore\" \/>\n<meta name=\"twitter:site\" content=\"@dicodusport\" \/>\n<script type=\"application\/ld+json\" class=\"yoast-schema-graph\">{\"@context\":\"https:\/\/schema.org\",\"@graph\":[{\"@type\":\"NewsArticle\",\"@id\":\"https:\/\/dicodusport.fr\/blog\/criterium-du-dauphine-david-gaudu-veut-peaufiner-sa-condition-avant-le-tour\/#article\",\"isPartOf\":{\"@id\":\"https:\/\/dicodusport.fr\/blog\/criterium-du-dauphine-david-gaudu-veut-peaufiner-sa-condition-avant-le-tour\/\"},\"author\":{\"name\":\"Romain Fiore\",\"@id\":\"https:\/\/dicodusport.fr\/blog\/#\/schema\/person\/7ca91cb9956847cfcdf25671708a6e4f\"},\"headline\":\"Crit\u00e9rium du Dauphin\u00e9 : David Gaudu veut peaufiner sa condition avant le Tour\",\"datePublished\":\"2022-06-05T07:45:28+00:00\",\"dateModified\":\"2022-06-05T15:19:58+00:00\",\"mainEntityOfPage\":{\"@id\":\"https:\/\/dicodusport.fr\/blog\/criterium-du-dauphine-david-gaudu-veut-peaufiner-sa-condition-avant-le-tour\/\"},\"wordCount\":601,\"commentCount\":0,\"publisher\":{\"@id\":\"https:\/\/dicodusport.fr\/blog\/#organization\"},\"image\":{\"@id\":\"https:\/\/dicodusport.fr\/blog\/criterium-du-dauphine-david-gaudu-veut-peaufiner-sa-condition-avant-le-tour\/#primaryimage\"},\"thumbnailUrl\":\"https:\/\/dicodusport.fr\/blog\/wp-content\/uploads\/2022\/06\/Criterium-du-Dauphine-David-Gaudu-veut-peaufiner-sa-condition-avant-le-Tour.png\",\"keywords\":[\"Crit\u00e9rium du Dauphin\u00e9\",\"David Gaudu\"],\"articleSection\":[\"Cyclisme sur route\"],\"inLanguage\":\"fr-FR\",\"potentialAction\":[{\"@type\":\"CommentAction\",\"name\":\"Comment\",\"target\":[\"https:\/\/dicodusport.fr\/blog\/criterium-du-dauphine-david-gaudu-veut-peaufiner-sa-condition-avant-le-tour\/#respond\"]}],\"copyrightYear\":\"2022\",\"copyrightHolder\":{\"@id\":\"https:\/\/dicodusport.fr\/blog\/#organization\"}},{\"@type\":\"WebPage\",\"@id\":\"https:\/\/dicodusport.fr\/blog\/criterium-du-dauphine-david-gaudu-veut-peaufiner-sa-condition-avant-le-tour\/\",\"url\":\"https:\/\/dicodusport.fr\/blog\/criterium-du-dauphine-david-gaudu-veut-peaufiner-sa-condition-avant-le-tour\/\",\"name\":\"Crit\u00e9rium du Dauphin\u00e9 : David Gaudu veut peaufiner sa condition avant le Tour\",\"isPartOf\":{\"@id\":\"https:\/\/dicodusport.fr\/blog\/#website\"},\"primaryImageOfPage\":{\"@id\":\"https:\/\/dicodusport.fr\/blog\/criterium-du-dauphine-david-gaudu-veut-peaufiner-sa-condition-avant-le-tour\/#primaryimage\"},\"image\":{\"@id\":\"https:\/\/dicodusport.fr\/blog\/criterium-du-dauphine-david-gaudu-veut-peaufiner-sa-condition-avant-le-tour\/#primaryimage\"},\"thumbnailUrl\":\"https:\/\/dicodusport.fr\/blog\/wp-content\/uploads\/2022\/06\/Criterium-du-Dauphine-David-Gaudu-veut-peaufiner-sa-condition-avant-le-Tour.png\",\"datePublished\":\"2022-06-05T07:45:28+00:00\",\"dateModified\":\"2022-06-05T15:19:58+00:00\",\"description\":\"CRIT\u00c9RIUM DU DAUPHIN\u00c9 2022 -\u00a0 \u00c0 moins d'un mois avant le d\u00e9part du Tour de France, David Gaudu va se tester sur les routes du Dauphin\u00e9.\",\"breadcrumb\":{\"@id\":\"https:\/\/dicodusport.fr\/blog\/criterium-du-dauphine-david-gaudu-veut-peaufiner-sa-condition-avant-le-tour\/#breadcrumb\"},\"inLanguage\":\"fr-FR\",\"potentialAction\":[{\"@type\":\"ReadAction\",\"target\":[\"https:\/\/dicodusport.fr\/blog\/criterium-du-dauphine-david-gaudu-veut-peaufiner-sa-condition-avant-le-tour\/\"]}]},{\"@type\":\"ImageObject\",\"inLanguage\":\"fr-FR\",\"@id\":\"https:\/\/dicodusport.fr\/blog\/criterium-du-dauphine-david-gaudu-veut-peaufiner-sa-condition-avant-le-tour\/#primaryimage\",\"url\":\"https:\/\/dicodusport.fr\/blog\/wp-content\/uploads\/2022\/06\/Criterium-du-Dauphine-David-Gaudu-veut-peaufiner-sa-condition-avant-le-Tour.png\",\"contentUrl\":\"https:\/\/dicodusport.fr\/blog\/wp-content\/uploads\/2022\/06\/Criterium-du-Dauphine-David-Gaudu-veut-peaufiner-sa-condition-avant-le-Tour.png\",\"width\":800,\"height\":445,\"caption\":\"Crit\u00e9rium du Dauphin\u00e9 David Gaudu veut peaufiner sa condition avant le Tour\"},{\"@type\":\"BreadcrumbList\",\"@id\":\"https:\/\/dicodusport.fr\/blog\/criterium-du-dauphine-david-gaudu-veut-peaufiner-sa-condition-avant-le-tour\/#breadcrumb\",\"itemListElement\":[{\"@type\":\"ListItem\",\"position\":1,\"name\":\"Accueil\",\"item\":\"https:\/\/dicodusport.fr\/blog\/\"},{\"@type\":\"ListItem\",\"position\":2,\"name\":\"Crit\u00e9rium du Dauphin\u00e9 : David Gaudu veut peaufiner sa condition avant le Tour\"}]},{\"@type\":\"WebSite\",\"@id\":\"https:\/\/dicodusport.fr\/blog\/#website\",\"url\":\"https:\/\/dicodusport.fr\/blog\/\",\"name\":\"Dicodusport\",\"description\":\"L&#039;encyclop\u00e9die de l&#039;actualit\u00e9 sportive\",\"publisher\":{\"@id\":\"https:\/\/dicodusport.fr\/blog\/#organization\"},\"potentialAction\":[{\"@type\":\"SearchAction\",\"target\":{\"@type\":\"EntryPoint\",\"urlTemplate\":\"https:\/\/dicodusport.fr\/blog\/?s={search_term_string}\"},\"query-input\":{\"@type\":\"PropertyValueSpecification\",\"valueRequired\":true,\"valueName\":\"search_term_string\"}}],\"inLanguage\":\"fr-FR\"},{\"@type\":\"NewsMediaOrganization\",\"@id\":\"https:\/\/dicodusport.fr\/blog\/#organization\",\"name\":\"Dicodusport\",\"url\":\"https:\/\/dicodusport.fr\/blog\/\",\"logo\":{\"@type\":\"ImageObject\",\"inLanguage\":\"fr-FR\",\"@id\":\"https:\/\/dicodusport.fr\/blog\/#\/schema\/logo\/image\/\",\"url\":\"https:\/\/dicodusport.fr\/blog\/wp-content\/uploads\/2020\/06\/cropped-LOGO-DICODUSPORT-2020-SANS-FOND-SANS-TEXTE.png\",\"contentUrl\":\"https:\/\/dicodusport.fr\/blog\/wp-content\/uploads\/2020\/06\/cropped-LOGO-DICODUSPORT-2020-SANS-FOND-SANS-TEXTE.png\",\"width\":512,\"height\":512,\"caption\":\"Dicodusport\"},\"image\":{\"@id\":\"https:\/\/dicodusport.fr\/blog\/#\/schema\/logo\/image\/\"},\"sameAs\":[\"https:\/\/www.facebook.com\/dicodusport\",\"https:\/\/x.com\/dicodusport\",\"https:\/\/www.instagram.com\/dicodusport\/\",\"https:\/\/www.youtube.com\/channel\/UC7V2KZ5sd3htJivAbA4ZG3w\"],\"description\":\"Dicodusport est l'encyclop\u00e9die de l'actualit\u00e9 sportive.\",\"email\":\"bonjour@dicodusport.fr\",\"legalName\":\"DICODUSPORT\",\"foundingDate\":\"2018-01-14\",\"vatID\":\"FR71834470973\",\"taxID\":\"83447097300043\",\"numberOfEmployees\":{\"@type\":\"QuantitativeValue\",\"minValue\":\"1\",\"maxValue\":\"10\"}},{\"@type\":\"Person\",\"@id\":\"https:\/\/dicodusport.fr\/blog\/#\/schema\/person\/7ca91cb9956847cfcdf25671708a6e4f\",\"name\":\"Romain Fiore\",\"image\":{\"@type\":\"ImageObject\",\"inLanguage\":\"fr-FR\",\"@id\":\"https:\/\/dicodusport.fr\/blog\/#\/schema\/person\/image\/\",\"url\":\"https:\/\/dicodusport.fr\/blog\/wp-content\/uploads\/2022\/06\/IMG_2931-150x150.jpg\",\"contentUrl\":\"https:\/\/dicodusport.fr\/blog\/wp-content\/uploads\/2022\/06\/IMG_2931-150x150.jpg\",\"caption\":\"Romain Fiore\"},\"description\":\"Fan absolu de foot et d'un certain club \u00e0 l'\u00e9toile en bleu et blanc. Amateur de beau jeu et d'Argentins au pied gauche magique. Passionn\u00e9 de sport US (NBA, NFL, MLS) et loyal \u00e0 la Damian Lillard. Je suis l\u00e0 pour vous apporter tout ce que le sport peut nous donner.\",\"sameAs\":[\"https:\/\/www.linkedin.com\/in\/romain-fiore-191a451b6\/\",\"https:\/\/x.com\/https:\/\/twitter.com\/romain_fiore\"],\"url\":\"https:\/\/dicodusport.fr\/blog\/author\/romain-fiore\/\"}]}<\/script>\n<!-- \/ Yoast SEO Premium plugin. -->","yoast_head_json":{"title":"Crit\u00e9rium du Dauphin\u00e9 : David Gaudu veut peaufiner sa condition avant le Tour","description":"CRIT\u00c9RIUM DU DAUPHIN\u00c9 2022 -\u00a0 \u00c0 moins d'un mois avant le d\u00e9part du Tour de France, David Gaudu va se tester sur les routes du Dauphin\u00e9.","robots":{"index":"index","follow":"follow","max-snippet":"max-snippet:-1","max-image-preview":"max-image-preview:large","max-video-preview":"max-video-preview:-1"},"canonical":"https:\/\/dicodusport.fr\/blog\/criterium-du-dauphine-david-gaudu-veut-peaufiner-sa-condition-avant-le-tour\/","og_locale":"fr_FR","og_type":"article","og_title":"Crit\u00e9rium du Dauphin\u00e9 : David Gaudu veut peaufiner sa condition avant le Tour","og_description":"CRIT\u00c9RIUM DU DAUPHIN\u00c9 2022 -\u00a0 \u00c0 moins d'un mois avant le d\u00e9part du Tour de France, David Gaudu va se tester sur les routes du Dauphin\u00e9.","og_url":"https:\/\/dicodusport.fr\/blog\/criterium-du-dauphine-david-gaudu-veut-peaufiner-sa-condition-avant-le-tour\/","og_site_name":"Dicodusport","article_publisher":"https:\/\/www.facebook.com\/dicodusport","article_published_time":"2022-06-05T07:45:28+00:00","article_modified_time":"2022-06-05T15:19:58+00:00","og_image":[{"width":800,"height":445,"url":"https:\/\/dicodusport.fr\/blog\/wp-content\/uploads\/2022\/06\/Criterium-du-Dauphine-David-Gaudu-veut-peaufiner-sa-condition-avant-le-Tour.png","type":"image\/png"}],"author":"Romain Fiore","twitter_card":"summary_large_image","twitter_title":"Crit\u00e9rium du Dauphin\u00e9 : David Gaudu veut peaufiner sa condition avant le Tour","twitter_creator":"@https:\/\/twitter.com\/romain_fiore","twitter_site":"@dicodusport","schema":{"@context":"https:\/\/schema.org","@graph":[{"@type":"NewsArticle","@id":"https:\/\/dicodusport.fr\/blog\/criterium-du-dauphine-david-gaudu-veut-peaufiner-sa-condition-avant-le-tour\/#article","isPartOf":{"@id":"https:\/\/dicodusport.fr\/blog\/criterium-du-dauphine-david-gaudu-veut-peaufiner-sa-condition-avant-le-tour\/"},"author":{"name":"Romain Fiore","@id":"https:\/\/dicodusport.fr\/blog\/#\/schema\/person\/7ca91cb9956847cfcdf25671708a6e4f"},"headline":"Crit\u00e9rium du Dauphin\u00e9 : David Gaudu veut peaufiner sa condition avant le Tour","datePublished":"2022-06-05T07:45:28+00:00","dateModified":"2022-06-05T15:19:58+00:00","mainEntityOfPage":{"@id":"https:\/\/dicodusport.fr\/blog\/criterium-du-dauphine-david-gaudu-veut-peaufiner-sa-condition-avant-le-tour\/"},"wordCount":601,"commentCount":0,"publisher":{"@id":"https:\/\/dicodusport.fr\/blog\/#organization"},"image":{"@id":"https:\/\/dicodusport.fr\/blog\/criterium-du-dauphine-david-gaudu-veut-peaufiner-sa-condition-avant-le-tour\/#primaryimage"},"thumbnailUrl":"https:\/\/dicodusport.fr\/blog\/wp-content\/uploads\/2022\/06\/Criterium-du-Dauphine-David-Gaudu-veut-peaufiner-sa-condition-avant-le-Tour.png","keywords":["Crit\u00e9rium du Dauphin\u00e9","David Gaudu"],"articleSection":["Cyclisme sur route"],"inLanguage":"fr-FR","potentialAction":[{"@type":"CommentAction","name":"Comment","target":["https:\/\/dicodusport.fr\/blog\/criterium-du-dauphine-david-gaudu-veut-peaufiner-sa-condition-avant-le-tour\/#respond"]}],"copyrightYear":"2022","copyrightHolder":{"@id":"https:\/\/dicodusport.fr\/blog\/#organization"}},{"@type":"WebPage","@id":"https:\/\/dicodusport.fr\/blog\/criterium-du-dauphine-david-gaudu-veut-peaufiner-sa-condition-avant-le-tour\/","url":"https:\/\/dicodusport.fr\/blog\/criterium-du-dauphine-david-gaudu-veut-peaufiner-sa-condition-avant-le-tour\/","name":"Crit\u00e9rium du Dauphin\u00e9 : David Gaudu veut peaufiner sa condition avant le Tour","isPartOf":{"@id":"https:\/\/dicodusport.fr\/blog\/#website"},"primaryImageOfPage":{"@id":"https:\/\/dicodusport.fr\/blog\/criterium-du-dauphine-david-gaudu-veut-peaufiner-sa-condition-avant-le-tour\/#primaryimage"},"image":{"@id":"https:\/\/dicodusport.fr\/blog\/criterium-du-dauphine-david-gaudu-veut-peaufiner-sa-condition-avant-le-tour\/#primaryimage"},"thumbnailUrl":"https:\/\/dicodusport.fr\/blog\/wp-content\/uploads\/2022\/06\/Criterium-du-Dauphine-David-Gaudu-veut-peaufiner-sa-condition-avant-le-Tour.png","datePublished":"2022-06-05T07:45:28+00:00","dateModified":"2022-06-05T15:19:58+00:00","description":"CRIT\u00c9RIUM DU DAUPHIN\u00c9 2022 -\u00a0 \u00c0 moins d'un mois avant le d\u00e9part du Tour de France, David Gaudu va se tester sur les routes du Dauphin\u00e9.","breadcrumb":{"@id":"https:\/\/dicodusport.fr\/blog\/criterium-du-dauphine-david-gaudu-veut-peaufiner-sa-condition-avant-le-tour\/#breadcrumb"},"inLanguage":"fr-FR","potentialAction":[{"@type":"ReadAction","target":["https:\/\/dicodusport.fr\/blog\/criterium-du-dauphine-david-gaudu-veut-peaufiner-sa-condition-avant-le-tour\/"]}]},{"@type":"ImageObject","inLanguage":"fr-FR","@id":"https:\/\/dicodusport.fr\/blog\/criterium-du-dauphine-david-gaudu-veut-peaufiner-sa-condition-avant-le-tour\/#primaryimage","url":"https:\/\/dicodusport.fr\/blog\/wp-content\/uploads\/2022\/06\/Criterium-du-Dauphine-David-Gaudu-veut-peaufiner-sa-condition-avant-le-Tour.png","contentUrl":"https:\/\/dicodusport.fr\/blog\/wp-content\/uploads\/2022\/06\/Criterium-du-Dauphine-David-Gaudu-veut-peaufiner-sa-condition-avant-le-Tour.png","width":800,"height":445,"caption":"Crit\u00e9rium du Dauphin\u00e9 David Gaudu veut peaufiner sa condition avant le Tour"},{"@type":"BreadcrumbList","@id":"https:\/\/dicodusport.fr\/blog\/criterium-du-dauphine-david-gaudu-veut-peaufiner-sa-condition-avant-le-tour\/#breadcrumb","itemListElement":[{"@type":"ListItem","position":1,"name":"Accueil","item":"https:\/\/dicodusport.fr\/blog\/"},{"@type":"ListItem","position":2,"name":"Crit\u00e9rium du Dauphin\u00e9 : David Gaudu veut peaufiner sa condition avant le Tour"}]},{"@type":"WebSite","@id":"https:\/\/dicodusport.fr\/blog\/#website","url":"https:\/\/dicodusport.fr\/blog\/","name":"Dicodusport","description":"L&#039;encyclop\u00e9die de l&#039;actualit\u00e9 sportive","publisher":{"@id":"https:\/\/dicodusport.fr\/blog\/#organization"},"potentialAction":[{"@type":"SearchAction","target":{"@type":"EntryPoint","urlTemplate":"https:\/\/dicodusport.fr\/blog\/?s={search_term_string}"},"query-input":{"@type":"PropertyValueSpecification","valueRequired":true,"valueName":"search_term_string"}}],"inLanguage":"fr-FR"},{"@type":"NewsMediaOrganization","@id":"https:\/\/dicodusport.fr\/blog\/#organization","name":"Dicodusport","url":"https:\/\/dicodusport.fr\/blog\/","logo":{"@type":"ImageObject","inLanguage":"fr-FR","@id":"https:\/\/dicodusport.fr\/blog\/#\/schema\/logo\/image\/","url":"https:\/\/dicodusport.fr\/blog\/wp-content\/uploads\/2020\/06\/cropped-LOGO-DICODUSPORT-2020-SANS-FOND-SANS-TEXTE.png","contentUrl":"https:\/\/dicodusport.fr\/blog\/wp-content\/uploads\/2020\/06\/cropped-LOGO-DICODUSPORT-2020-SANS-FOND-SANS-TEXTE.png","width":512,"height":512,"caption":"Dicodusport"},"image":{"@id":"https:\/\/dicodusport.fr\/blog\/#\/schema\/logo\/image\/"},"sameAs":["https:\/\/www.facebook.com\/dicodusport","https:\/\/x.com\/dicodusport","https:\/\/www.instagram.com\/dicodusport\/","https:\/\/www.youtube.com\/channel\/UC7V2KZ5sd3htJivAbA4ZG3w"],"description":"Dicodusport est l'encyclop\u00e9die de l'actualit\u00e9 sportive.","email":"bonjour@dicodusport.fr","legalName":"DICODUSPORT","foundingDate":"2018-01-14","vatID":"FR71834470973","taxID":"83447097300043","numberOfEmployees":{"@type":"QuantitativeValue","minValue":"1","maxValue":"10"}},{"@type":"Person","@id":"https:\/\/dicodusport.fr\/blog\/#\/schema\/person\/7ca91cb9956847cfcdf25671708a6e4f","name":"Romain Fiore","image":{"@type":"ImageObject","inLanguage":"fr-FR","@id":"https:\/\/dicodusport.fr\/blog\/#\/schema\/person\/image\/","url":"https:\/\/dicodusport.fr\/blog\/wp-content\/uploads\/2022\/06\/IMG_2931-150x150.jpg","contentUrl":"https:\/\/dicodusport.fr\/blog\/wp-content\/uploads\/2022\/06\/IMG_2931-150x150.jpg","caption":"Romain Fiore"},"description":"Fan absolu de foot et d'un certain club \u00e0 l'\u00e9toile en bleu et blanc. Amateur de beau jeu et d'Argentins au pied gauche magique. Passionn\u00e9 de sport US (NBA, NFL, MLS) et loyal \u00e0 la Damian Lillard. Je suis l\u00e0 pour vous apporter tout ce que le sport peut nous donner.","sameAs":["https:\/\/www.linkedin.com\/in\/romain-fiore-191a451b6\/","https:\/\/x.com\/https:\/\/twitter.com\/romain_fiore"],"url":"https:\/\/dicodusport.fr\/blog\/author\/romain-fiore\/"}]}},"_links":{"self":[{"href":"https:\/\/dicodusport.fr\/blog\/wp-json\/wp\/v2\/posts\/229649","targetHints":{"allow":["GET"]}}],"collection":[{"href":"https:\/\/dicodusport.fr\/blog\/wp-json\/wp\/v2\/posts"}],"about":[{"href":"https:\/\/dicodusport.fr\/blog\/wp-json\/wp\/v2\/types\/post"}],"author":[{"embeddable":true,"href":"https:\/\/dicodusport.fr\/blog\/wp-json\/wp\/v2\/users\/73"}],"replies":[{"embeddable":true,"href":"https:\/\/dicodusport.fr\/blog\/wp-json\/wp\/v2\/comments?post=229649"}],"version-history":[{"count":0,"href":"https:\/\/dicodusport.fr\/blog\/wp-json\/wp\/v2\/posts\/229649\/revisions"}],"wp:featuredmedia":[{"embeddable":true,"href":"https:\/\/dicodusport.fr\/blog\/wp-json\/wp\/v2\/media\/229916"}],"wp:attachment":[{"href":"https:\/\/dicodusport.fr\/blog\/wp-json\/wp\/v2\/media?parent=229649"}],"wp:term":[{"taxonomy":"category","embeddable":true,"href":"https:\/\/dicodusport.fr\/blog\/wp-json\/wp\/v2\/categories?post=229649"},{"taxonomy":"post_tag","embeddable":true,"href":"https:\/\/dicodusport.fr\/blog\/wp-json\/wp\/v2\/tags?post=229649"}],"curies":[{"name":"wp","href":"https:\/\/api.w.org\/{rel}","templated":true}]}}