{"id":229684,"date":"2022-06-04T12:45:33","date_gmt":"2022-06-04T10:45:33","guid":{"rendered":"https:\/\/dicodusport.fr\/blog\/?p=229684&#038;preview=true&#038;preview_id=229684"},"modified":"2022-06-04T13:12:07","modified_gmt":"2022-06-04T11:12:07","slug":"surf-premiere-victoire-de-la-saison-pour-johanne-defay-sur-le-wct-tour","status":"publish","type":"post","link":"https:\/\/dicodusport.fr\/blog\/surf-premiere-victoire-de-la-saison-pour-johanne-defay-sur-le-wct-tour\/","title":{"rendered":"Surf : Premi\u00e8re victoire de la saison pour Johanne Defay sur le WCT Tour"},"content":{"rendered":"<p style=\"text-align: justify;\"><i><b>SURF &#8211; CHAMPIONSHIP TOUR &#8211; Johanne Defay, l&rsquo;une des principales figures du surf en France, a remport\u00e9 aujourd&rsquo;hui l&rsquo;\u00e9preuve du Roxy Pro G-Land \u00e0 Java, sa premi\u00e8re victoire de la saison.\u00a0<\/b><\/i><\/p>\n<p style=\"text-align: justify;\">Sur un des lieux mythiques du surf, <strong>Johanne Defay<\/strong> a remport\u00e9 sa premi\u00e8re victoire de la saison. Elle s&rsquo;est impos\u00e9e sur l&rsquo;\u00e9preuve du Roxy Pro G-Land. C&rsquo;\u00e9tait la premi\u00e8re fois qu&rsquo;une comp\u00e9tition f\u00e9minine \u00e9tait organis\u00e9e sur les plages de Java, et ce succ\u00e8s lui permet donc de marquer l&rsquo;histoire. En finale, elle a domin\u00e9 l&rsquo;Hawa\u00efenne <strong>Carissa Moore<\/strong>, habitu\u00e9e du circuit World Championship Tour et ancienne championne du monde. C&rsquo;est une cinqui\u00e8me victoire dans cette cat\u00e9gorie pour elle, la premi\u00e8re de la saison, et la premi\u00e8re depuis son succ\u00e8s au Jeep Surf Ranch Pro \u00e0 Lemoore, Californie, l&rsquo;an dernier. <a href=\"https:\/\/dicodusport.fr\/blog\/jo-tokyo-2020-surf-pauline-ado-et-johanne-defay-imitent-flores-et-bourez\/\">Apr\u00e8s avoir particip\u00e9 aux Jeux Olympiques de Tokyo l&rsquo;ann\u00e9e pass\u00e9e<\/a>, elle confirme ainsi son statut de tauli\u00e8re du surf tricolore.<\/p>\n<blockquote class=\"twitter-tweet\">\n<p dir=\"ltr\" lang=\"fr\">&#x1f3c6; <a href=\"https:\/\/twitter.com\/johannedefay?ref_src=twsrc%5Etfw\">@johannedefay<\/a> remporte sa 5\u00e8me victoire dans l&rsquo;\u00e9lite mondiale du surf, la 1\u00e8re en 2022 !<\/p>\n<p>Elle se replace \u00e9galement au 3\u00e8me rang du classement g\u00e9n\u00e9ral du Tour, \u00e0 4 manches des finales de la saison. <a href=\"https:\/\/t.co\/ayj4mPT1SB\">https:\/\/t.co\/ayj4mPT1SB<\/a><\/p>\n<p>\u2014 Objectif Paris 2024 &#x1f1eb;&#x1f1f7; &#x1f947; (@Objectif_2024) <a href=\"https:\/\/twitter.com\/Objectif_2024\/status\/1533022401637892096?ref_src=twsrc%5Etfw\">June 4, 2022<\/a><\/p><\/blockquote>\n<p><script async src=\"https:\/\/platform.twitter.com\/widgets.js\" charset=\"utf-8\"><\/script><\/p>\n","protected":false},"excerpt":{"rendered":"<p>SURF &#8211; CHAMPIONSHIP TOUR &#8211; Johanne Defay, l&rsquo;une des principales figures du surf en France, a remport\u00e9 aujourd&rsquo;hui l&rsquo;\u00e9preuve du Roxy Pro G-Land \u00e0 Java, sa premi\u00e8re victoire de la saison.\u00a0<\/p>\n","protected":false},"author":59,"featured_media":229692,"comment_status":"open","ping_status":"closed","sticky":false,"template":"","format":"standard","meta":{"_acf_changed":false,"_daextam_enable_autolinks":"","footnotes":""},"categories":[11679],"tags":[5135,249],"class_list":["post-229684","post","type-post","status-publish","format-standard","has-post-thumbnail","hentry","category-surf","tag-johanne-defay","tag-surf"],"acf":[],"yoast_head":"<!-- This site is optimized with the Yoast SEO Premium plugin v26.7 (Yoast SEO v26.7) - https:\/\/yoast.com\/wordpress\/plugins\/seo\/ -->\n<title>Surf : Premi\u00e8re victoire de la saison pour Johanne Defay sur le WCT Tour<\/title>\n<meta name=\"description\" content=\"SURF - CHAMPIONSHIP TOUR - Johanne Defay, l&#039;une des principales figures du surf en France, a remport\u00e9 l&#039;\u00e9preuve du Roxy Pro G-Land \u00e0 Java.\" \/>\n<meta name=\"robots\" content=\"index, follow, max-snippet:-1, max-image-preview:large, max-video-preview:-1\" \/>\n<link rel=\"canonical\" href=\"https:\/\/dicodusport.fr\/blog\/surf-premiere-victoire-de-la-saison-pour-johanne-defay-sur-le-wct-tour\/\" \/>\n<meta property=\"og:locale\" content=\"fr_FR\" \/>\n<meta property=\"og:type\" content=\"article\" \/>\n<meta property=\"og:title\" content=\"Surf : Premi\u00e8re victoire de la saison pour Johanne Defay sur le WCT Tour\" \/>\n<meta property=\"og:description\" content=\"SURF - CHAMPIONSHIP TOUR - Johanne Defay, l&#039;une des principales figures du surf en France, a remport\u00e9 l&#039;\u00e9preuve du Roxy Pro G-Land \u00e0 Java.\" \/>\n<meta property=\"og:url\" content=\"https:\/\/dicodusport.fr\/blog\/surf-premiere-victoire-de-la-saison-pour-johanne-defay-sur-le-wct-tour\/\" \/>\n<meta property=\"og:site_name\" content=\"Dicodusport\" \/>\n<meta property=\"article:publisher\" content=\"https:\/\/www.facebook.com\/dicodusport\" \/>\n<meta property=\"article:author\" content=\"https:\/\/www.facebook.com\/sebastien.gente\/\" \/>\n<meta property=\"article:published_time\" content=\"2022-06-04T10:45:33+00:00\" \/>\n<meta property=\"article:modified_time\" content=\"2022-06-04T11:12:07+00:00\" \/>\n<meta property=\"og:image\" content=\"https:\/\/dicodusport.fr\/blog\/wp-content\/uploads\/2022\/06\/Surf-premiere-victoire-de-la-saison-pour-Johanne-Defay-sur-le-WCT-Tour.png\" \/>\n\t<meta property=\"og:image:width\" content=\"800\" \/>\n\t<meta property=\"og:image:height\" content=\"445\" \/>\n\t<meta property=\"og:image:type\" content=\"image\/png\" \/>\n<meta name=\"author\" content=\"S\u00e9bastien Gente\" \/>\n<meta name=\"twitter:card\" content=\"summary_large_image\" \/>\n<meta name=\"twitter:title\" content=\"Surf : Premi\u00e8re victoire de la saison pour Johanne Defay sur le WCT Tour\" \/>\n<meta name=\"twitter:creator\" content=\"@https:\/\/twitter.com\/globulo24\" \/>\n<meta name=\"twitter:site\" content=\"@dicodusport\" \/>\n<script type=\"application\/ld+json\" class=\"yoast-schema-graph\">{\"@context\":\"https:\/\/schema.org\",\"@graph\":[{\"@type\":\"NewsArticle\",\"@id\":\"https:\/\/dicodusport.fr\/blog\/surf-premiere-victoire-de-la-saison-pour-johanne-defay-sur-le-wct-tour\/#article\",\"isPartOf\":{\"@id\":\"https:\/\/dicodusport.fr\/blog\/surf-premiere-victoire-de-la-saison-pour-johanne-defay-sur-le-wct-tour\/\"},\"author\":{\"name\":\"S\u00e9bastien Gente\",\"@id\":\"https:\/\/dicodusport.fr\/blog\/#\/schema\/person\/627966a6cde45dbd8c5e36ac85d783da\"},\"headline\":\"Surf : Premi\u00e8re victoire de la saison pour Johanne Defay sur le WCT Tour\",\"datePublished\":\"2022-06-04T10:45:33+00:00\",\"dateModified\":\"2022-06-04T11:12:07+00:00\",\"mainEntityOfPage\":{\"@id\":\"https:\/\/dicodusport.fr\/blog\/surf-premiere-victoire-de-la-saison-pour-johanne-defay-sur-le-wct-tour\/\"},\"wordCount\":247,\"commentCount\":0,\"publisher\":{\"@id\":\"https:\/\/dicodusport.fr\/blog\/#organization\"},\"image\":{\"@id\":\"https:\/\/dicodusport.fr\/blog\/surf-premiere-victoire-de-la-saison-pour-johanne-defay-sur-le-wct-tour\/#primaryimage\"},\"thumbnailUrl\":\"https:\/\/dicodusport.fr\/blog\/wp-content\/uploads\/2022\/06\/Surf-premiere-victoire-de-la-saison-pour-Johanne-Defay-sur-le-WCT-Tour.png\",\"keywords\":[\"Johanne Defay\",\"surf\"],\"articleSection\":[\"Surf\"],\"inLanguage\":\"fr-FR\",\"potentialAction\":[{\"@type\":\"CommentAction\",\"name\":\"Comment\",\"target\":[\"https:\/\/dicodusport.fr\/blog\/surf-premiere-victoire-de-la-saison-pour-johanne-defay-sur-le-wct-tour\/#respond\"]}],\"copyrightYear\":\"2022\",\"copyrightHolder\":{\"@id\":\"https:\/\/dicodusport.fr\/blog\/#organization\"}},{\"@type\":\"WebPage\",\"@id\":\"https:\/\/dicodusport.fr\/blog\/surf-premiere-victoire-de-la-saison-pour-johanne-defay-sur-le-wct-tour\/\",\"url\":\"https:\/\/dicodusport.fr\/blog\/surf-premiere-victoire-de-la-saison-pour-johanne-defay-sur-le-wct-tour\/\",\"name\":\"Surf : Premi\u00e8re victoire de la saison pour Johanne Defay sur le WCT Tour\",\"isPartOf\":{\"@id\":\"https:\/\/dicodusport.fr\/blog\/#website\"},\"primaryImageOfPage\":{\"@id\":\"https:\/\/dicodusport.fr\/blog\/surf-premiere-victoire-de-la-saison-pour-johanne-defay-sur-le-wct-tour\/#primaryimage\"},\"image\":{\"@id\":\"https:\/\/dicodusport.fr\/blog\/surf-premiere-victoire-de-la-saison-pour-johanne-defay-sur-le-wct-tour\/#primaryimage\"},\"thumbnailUrl\":\"https:\/\/dicodusport.fr\/blog\/wp-content\/uploads\/2022\/06\/Surf-premiere-victoire-de-la-saison-pour-Johanne-Defay-sur-le-WCT-Tour.png\",\"datePublished\":\"2022-06-04T10:45:33+00:00\",\"dateModified\":\"2022-06-04T11:12:07+00:00\",\"description\":\"SURF - CHAMPIONSHIP TOUR - Johanne Defay, l'une des principales figures du surf en France, a remport\u00e9 l'\u00e9preuve du Roxy Pro G-Land \u00e0 Java.\",\"breadcrumb\":{\"@id\":\"https:\/\/dicodusport.fr\/blog\/surf-premiere-victoire-de-la-saison-pour-johanne-defay-sur-le-wct-tour\/#breadcrumb\"},\"inLanguage\":\"fr-FR\",\"potentialAction\":[{\"@type\":\"ReadAction\",\"target\":[\"https:\/\/dicodusport.fr\/blog\/surf-premiere-victoire-de-la-saison-pour-johanne-defay-sur-le-wct-tour\/\"]}]},{\"@type\":\"ImageObject\",\"inLanguage\":\"fr-FR\",\"@id\":\"https:\/\/dicodusport.fr\/blog\/surf-premiere-victoire-de-la-saison-pour-johanne-defay-sur-le-wct-tour\/#primaryimage\",\"url\":\"https:\/\/dicodusport.fr\/blog\/wp-content\/uploads\/2022\/06\/Surf-premiere-victoire-de-la-saison-pour-Johanne-Defay-sur-le-WCT-Tour.png\",\"contentUrl\":\"https:\/\/dicodusport.fr\/blog\/wp-content\/uploads\/2022\/06\/Surf-premiere-victoire-de-la-saison-pour-Johanne-Defay-sur-le-WCT-Tour.png\",\"width\":800,\"height\":445,\"caption\":\"Surf premi\u00e8re victoire de la saison pour Johanne Defay sur le WCT Tour\"},{\"@type\":\"BreadcrumbList\",\"@id\":\"https:\/\/dicodusport.fr\/blog\/surf-premiere-victoire-de-la-saison-pour-johanne-defay-sur-le-wct-tour\/#breadcrumb\",\"itemListElement\":[{\"@type\":\"ListItem\",\"position\":1,\"name\":\"Accueil\",\"item\":\"https:\/\/dicodusport.fr\/blog\/\"},{\"@type\":\"ListItem\",\"position\":2,\"name\":\"Surf : Premi\u00e8re victoire de la saison pour Johanne Defay sur le WCT Tour\"}]},{\"@type\":\"WebSite\",\"@id\":\"https:\/\/dicodusport.fr\/blog\/#website\",\"url\":\"https:\/\/dicodusport.fr\/blog\/\",\"name\":\"Dicodusport\",\"description\":\"L&#039;encyclop\u00e9die de l&#039;actualit\u00e9 sportive\",\"publisher\":{\"@id\":\"https:\/\/dicodusport.fr\/blog\/#organization\"},\"potentialAction\":[{\"@type\":\"SearchAction\",\"target\":{\"@type\":\"EntryPoint\",\"urlTemplate\":\"https:\/\/dicodusport.fr\/blog\/?s={search_term_string}\"},\"query-input\":{\"@type\":\"PropertyValueSpecification\",\"valueRequired\":true,\"valueName\":\"search_term_string\"}}],\"inLanguage\":\"fr-FR\"},{\"@type\":\"NewsMediaOrganization\",\"@id\":\"https:\/\/dicodusport.fr\/blog\/#organization\",\"name\":\"Dicodusport\",\"url\":\"https:\/\/dicodusport.fr\/blog\/\",\"logo\":{\"@type\":\"ImageObject\",\"inLanguage\":\"fr-FR\",\"@id\":\"https:\/\/dicodusport.fr\/blog\/#\/schema\/logo\/image\/\",\"url\":\"https:\/\/dicodusport.fr\/blog\/wp-content\/uploads\/2020\/06\/cropped-LOGO-DICODUSPORT-2020-SANS-FOND-SANS-TEXTE.png\",\"contentUrl\":\"https:\/\/dicodusport.fr\/blog\/wp-content\/uploads\/2020\/06\/cropped-LOGO-DICODUSPORT-2020-SANS-FOND-SANS-TEXTE.png\",\"width\":512,\"height\":512,\"caption\":\"Dicodusport\"},\"image\":{\"@id\":\"https:\/\/dicodusport.fr\/blog\/#\/schema\/logo\/image\/\"},\"sameAs\":[\"https:\/\/www.facebook.com\/dicodusport\",\"https:\/\/x.com\/dicodusport\",\"https:\/\/www.instagram.com\/dicodusport\/\",\"https:\/\/www.youtube.com\/channel\/UC7V2KZ5sd3htJivAbA4ZG3w\"],\"description\":\"Dicodusport est l'encyclop\u00e9die de l'actualit\u00e9 sportive.\",\"email\":\"bonjour@dicodusport.fr\",\"legalName\":\"DICODUSPORT\",\"foundingDate\":\"2018-01-14\",\"vatID\":\"FR71834470973\",\"taxID\":\"83447097300043\",\"numberOfEmployees\":{\"@type\":\"QuantitativeValue\",\"minValue\":\"1\",\"maxValue\":\"10\"}},{\"@type\":\"Person\",\"@id\":\"https:\/\/dicodusport.fr\/blog\/#\/schema\/person\/627966a6cde45dbd8c5e36ac85d783da\",\"name\":\"S\u00e9bastien Gente\",\"image\":{\"@type\":\"ImageObject\",\"inLanguage\":\"fr-FR\",\"@id\":\"https:\/\/dicodusport.fr\/blog\/#\/schema\/person\/image\/\",\"url\":\"https:\/\/dicodusport.fr\/blog\/wp-content\/uploads\/2021\/09\/1510990_10205810251400683_4124423575079401707_n-150x150.jpg\",\"contentUrl\":\"https:\/\/dicodusport.fr\/blog\/wp-content\/uploads\/2021\/09\/1510990_10205810251400683_4124423575079401707_n-150x150.jpg\",\"caption\":\"S\u00e9bastien Gente\"},\"description\":\"John Stockton, Gianni Bugno, Zinedine Zidane, Steffi Graf, Frode Andresen, St\u00e9phane Stoecklin, Davis Kamoga, Primoz Peterka, Werner Schlager et Aur\u00e9lien Rougerie. Point commun entre ces sportifs? Ils m'ont fait r\u00eaver et ont berc\u00e9 mon adolescence. Je suis un fondu de sports et j'essaie de retranscrire ma passion \u00e0 travers mes articles. Originaire du P\u00e9rigord, ma passion pour les Girondins, les Jaunards et les Jazzmen transpire dans mes \u00e9crits. \u00c0 Dicodusport depuis 2021, je d\u00e9niche les sports m\u00e9connus dans lesquels la France brille, et il y en a !\",\"sameAs\":[\"https:\/\/www.facebook.com\/sebastien.gente\/\",\"https:\/\/www.instagram.com\/sebgente\/\",\"https:\/\/www.linkedin.com\/in\/sbastien-gente-a29583169\/\",\"https:\/\/x.com\/https:\/\/twitter.com\/globulo24\",\"SebastienGente\"],\"worksFor\":\"S\u00e9bastien GENTE\",\"url\":\"https:\/\/dicodusport.fr\/blog\/author\/sebastiengente\/\"}]}<\/script>\n<!-- \/ Yoast SEO Premium plugin. -->","yoast_head_json":{"title":"Surf : Premi\u00e8re victoire de la saison pour Johanne Defay sur le WCT Tour","description":"SURF - CHAMPIONSHIP TOUR - Johanne Defay, l'une des principales figures du surf en France, a remport\u00e9 l'\u00e9preuve du Roxy Pro G-Land \u00e0 Java.","robots":{"index":"index","follow":"follow","max-snippet":"max-snippet:-1","max-image-preview":"max-image-preview:large","max-video-preview":"max-video-preview:-1"},"canonical":"https:\/\/dicodusport.fr\/blog\/surf-premiere-victoire-de-la-saison-pour-johanne-defay-sur-le-wct-tour\/","og_locale":"fr_FR","og_type":"article","og_title":"Surf : Premi\u00e8re victoire de la saison pour Johanne Defay sur le WCT Tour","og_description":"SURF - CHAMPIONSHIP TOUR - Johanne Defay, l'une des principales figures du surf en France, a remport\u00e9 l'\u00e9preuve du Roxy Pro G-Land \u00e0 Java.","og_url":"https:\/\/dicodusport.fr\/blog\/surf-premiere-victoire-de-la-saison-pour-johanne-defay-sur-le-wct-tour\/","og_site_name":"Dicodusport","article_publisher":"https:\/\/www.facebook.com\/dicodusport","article_author":"https:\/\/www.facebook.com\/sebastien.gente\/","article_published_time":"2022-06-04T10:45:33+00:00","article_modified_time":"2022-06-04T11:12:07+00:00","og_image":[{"width":800,"height":445,"url":"https:\/\/dicodusport.fr\/blog\/wp-content\/uploads\/2022\/06\/Surf-premiere-victoire-de-la-saison-pour-Johanne-Defay-sur-le-WCT-Tour.png","type":"image\/png"}],"author":"S\u00e9bastien Gente","twitter_card":"summary_large_image","twitter_title":"Surf : Premi\u00e8re victoire de la saison pour Johanne Defay sur le WCT Tour","twitter_creator":"@https:\/\/twitter.com\/globulo24","twitter_site":"@dicodusport","schema":{"@context":"https:\/\/schema.org","@graph":[{"@type":"NewsArticle","@id":"https:\/\/dicodusport.fr\/blog\/surf-premiere-victoire-de-la-saison-pour-johanne-defay-sur-le-wct-tour\/#article","isPartOf":{"@id":"https:\/\/dicodusport.fr\/blog\/surf-premiere-victoire-de-la-saison-pour-johanne-defay-sur-le-wct-tour\/"},"author":{"name":"S\u00e9bastien Gente","@id":"https:\/\/dicodusport.fr\/blog\/#\/schema\/person\/627966a6cde45dbd8c5e36ac85d783da"},"headline":"Surf : Premi\u00e8re victoire de la saison pour Johanne Defay sur le WCT Tour","datePublished":"2022-06-04T10:45:33+00:00","dateModified":"2022-06-04T11:12:07+00:00","mainEntityOfPage":{"@id":"https:\/\/dicodusport.fr\/blog\/surf-premiere-victoire-de-la-saison-pour-johanne-defay-sur-le-wct-tour\/"},"wordCount":247,"commentCount":0,"publisher":{"@id":"https:\/\/dicodusport.fr\/blog\/#organization"},"image":{"@id":"https:\/\/dicodusport.fr\/blog\/surf-premiere-victoire-de-la-saison-pour-johanne-defay-sur-le-wct-tour\/#primaryimage"},"thumbnailUrl":"https:\/\/dicodusport.fr\/blog\/wp-content\/uploads\/2022\/06\/Surf-premiere-victoire-de-la-saison-pour-Johanne-Defay-sur-le-WCT-Tour.png","keywords":["Johanne Defay","surf"],"articleSection":["Surf"],"inLanguage":"fr-FR","potentialAction":[{"@type":"CommentAction","name":"Comment","target":["https:\/\/dicodusport.fr\/blog\/surf-premiere-victoire-de-la-saison-pour-johanne-defay-sur-le-wct-tour\/#respond"]}],"copyrightYear":"2022","copyrightHolder":{"@id":"https:\/\/dicodusport.fr\/blog\/#organization"}},{"@type":"WebPage","@id":"https:\/\/dicodusport.fr\/blog\/surf-premiere-victoire-de-la-saison-pour-johanne-defay-sur-le-wct-tour\/","url":"https:\/\/dicodusport.fr\/blog\/surf-premiere-victoire-de-la-saison-pour-johanne-defay-sur-le-wct-tour\/","name":"Surf : Premi\u00e8re victoire de la saison pour Johanne Defay sur le WCT Tour","isPartOf":{"@id":"https:\/\/dicodusport.fr\/blog\/#website"},"primaryImageOfPage":{"@id":"https:\/\/dicodusport.fr\/blog\/surf-premiere-victoire-de-la-saison-pour-johanne-defay-sur-le-wct-tour\/#primaryimage"},"image":{"@id":"https:\/\/dicodusport.fr\/blog\/surf-premiere-victoire-de-la-saison-pour-johanne-defay-sur-le-wct-tour\/#primaryimage"},"thumbnailUrl":"https:\/\/dicodusport.fr\/blog\/wp-content\/uploads\/2022\/06\/Surf-premiere-victoire-de-la-saison-pour-Johanne-Defay-sur-le-WCT-Tour.png","datePublished":"2022-06-04T10:45:33+00:00","dateModified":"2022-06-04T11:12:07+00:00","description":"SURF - CHAMPIONSHIP TOUR - Johanne Defay, l'une des principales figures du surf en France, a remport\u00e9 l'\u00e9preuve du Roxy Pro G-Land \u00e0 Java.","breadcrumb":{"@id":"https:\/\/dicodusport.fr\/blog\/surf-premiere-victoire-de-la-saison-pour-johanne-defay-sur-le-wct-tour\/#breadcrumb"},"inLanguage":"fr-FR","potentialAction":[{"@type":"ReadAction","target":["https:\/\/dicodusport.fr\/blog\/surf-premiere-victoire-de-la-saison-pour-johanne-defay-sur-le-wct-tour\/"]}]},{"@type":"ImageObject","inLanguage":"fr-FR","@id":"https:\/\/dicodusport.fr\/blog\/surf-premiere-victoire-de-la-saison-pour-johanne-defay-sur-le-wct-tour\/#primaryimage","url":"https:\/\/dicodusport.fr\/blog\/wp-content\/uploads\/2022\/06\/Surf-premiere-victoire-de-la-saison-pour-Johanne-Defay-sur-le-WCT-Tour.png","contentUrl":"https:\/\/dicodusport.fr\/blog\/wp-content\/uploads\/2022\/06\/Surf-premiere-victoire-de-la-saison-pour-Johanne-Defay-sur-le-WCT-Tour.png","width":800,"height":445,"caption":"Surf premi\u00e8re victoire de la saison pour Johanne Defay sur le WCT Tour"},{"@type":"BreadcrumbList","@id":"https:\/\/dicodusport.fr\/blog\/surf-premiere-victoire-de-la-saison-pour-johanne-defay-sur-le-wct-tour\/#breadcrumb","itemListElement":[{"@type":"ListItem","position":1,"name":"Accueil","item":"https:\/\/dicodusport.fr\/blog\/"},{"@type":"ListItem","position":2,"name":"Surf : Premi\u00e8re victoire de la saison pour Johanne Defay sur le WCT Tour"}]},{"@type":"WebSite","@id":"https:\/\/dicodusport.fr\/blog\/#website","url":"https:\/\/dicodusport.fr\/blog\/","name":"Dicodusport","description":"L&#039;encyclop\u00e9die de l&#039;actualit\u00e9 sportive","publisher":{"@id":"https:\/\/dicodusport.fr\/blog\/#organization"},"potentialAction":[{"@type":"SearchAction","target":{"@type":"EntryPoint","urlTemplate":"https:\/\/dicodusport.fr\/blog\/?s={search_term_string}"},"query-input":{"@type":"PropertyValueSpecification","valueRequired":true,"valueName":"search_term_string"}}],"inLanguage":"fr-FR"},{"@type":"NewsMediaOrganization","@id":"https:\/\/dicodusport.fr\/blog\/#organization","name":"Dicodusport","url":"https:\/\/dicodusport.fr\/blog\/","logo":{"@type":"ImageObject","inLanguage":"fr-FR","@id":"https:\/\/dicodusport.fr\/blog\/#\/schema\/logo\/image\/","url":"https:\/\/dicodusport.fr\/blog\/wp-content\/uploads\/2020\/06\/cropped-LOGO-DICODUSPORT-2020-SANS-FOND-SANS-TEXTE.png","contentUrl":"https:\/\/dicodusport.fr\/blog\/wp-content\/uploads\/2020\/06\/cropped-LOGO-DICODUSPORT-2020-SANS-FOND-SANS-TEXTE.png","width":512,"height":512,"caption":"Dicodusport"},"image":{"@id":"https:\/\/dicodusport.fr\/blog\/#\/schema\/logo\/image\/"},"sameAs":["https:\/\/www.facebook.com\/dicodusport","https:\/\/x.com\/dicodusport","https:\/\/www.instagram.com\/dicodusport\/","https:\/\/www.youtube.com\/channel\/UC7V2KZ5sd3htJivAbA4ZG3w"],"description":"Dicodusport est l'encyclop\u00e9die de l'actualit\u00e9 sportive.","email":"bonjour@dicodusport.fr","legalName":"DICODUSPORT","foundingDate":"2018-01-14","vatID":"FR71834470973","taxID":"83447097300043","numberOfEmployees":{"@type":"QuantitativeValue","minValue":"1","maxValue":"10"}},{"@type":"Person","@id":"https:\/\/dicodusport.fr\/blog\/#\/schema\/person\/627966a6cde45dbd8c5e36ac85d783da","name":"S\u00e9bastien Gente","image":{"@type":"ImageObject","inLanguage":"fr-FR","@id":"https:\/\/dicodusport.fr\/blog\/#\/schema\/person\/image\/","url":"https:\/\/dicodusport.fr\/blog\/wp-content\/uploads\/2021\/09\/1510990_10205810251400683_4124423575079401707_n-150x150.jpg","contentUrl":"https:\/\/dicodusport.fr\/blog\/wp-content\/uploads\/2021\/09\/1510990_10205810251400683_4124423575079401707_n-150x150.jpg","caption":"S\u00e9bastien Gente"},"description":"John Stockton, Gianni Bugno, Zinedine Zidane, Steffi Graf, Frode Andresen, St\u00e9phane Stoecklin, Davis Kamoga, Primoz Peterka, Werner Schlager et Aur\u00e9lien Rougerie. Point commun entre ces sportifs? Ils m'ont fait r\u00eaver et ont berc\u00e9 mon adolescence. Je suis un fondu de sports et j'essaie de retranscrire ma passion \u00e0 travers mes articles. Originaire du P\u00e9rigord, ma passion pour les Girondins, les Jaunards et les Jazzmen transpire dans mes \u00e9crits. \u00c0 Dicodusport depuis 2021, je d\u00e9niche les sports m\u00e9connus dans lesquels la France brille, et il y en a !","sameAs":["https:\/\/www.facebook.com\/sebastien.gente\/","https:\/\/www.instagram.com\/sebgente\/","https:\/\/www.linkedin.com\/in\/sbastien-gente-a29583169\/","https:\/\/x.com\/https:\/\/twitter.com\/globulo24","SebastienGente"],"worksFor":"S\u00e9bastien GENTE","url":"https:\/\/dicodusport.fr\/blog\/author\/sebastiengente\/"}]}},"_links":{"self":[{"href":"https:\/\/dicodusport.fr\/blog\/wp-json\/wp\/v2\/posts\/229684","targetHints":{"allow":["GET"]}}],"collection":[{"href":"https:\/\/dicodusport.fr\/blog\/wp-json\/wp\/v2\/posts"}],"about":[{"href":"https:\/\/dicodusport.fr\/blog\/wp-json\/wp\/v2\/types\/post"}],"author":[{"embeddable":true,"href":"https:\/\/dicodusport.fr\/blog\/wp-json\/wp\/v2\/users\/59"}],"replies":[{"embeddable":true,"href":"https:\/\/dicodusport.fr\/blog\/wp-json\/wp\/v2\/comments?post=229684"}],"version-history":[{"count":0,"href":"https:\/\/dicodusport.fr\/blog\/wp-json\/wp\/v2\/posts\/229684\/revisions"}],"wp:featuredmedia":[{"embeddable":true,"href":"https:\/\/dicodusport.fr\/blog\/wp-json\/wp\/v2\/media\/229692"}],"wp:attachment":[{"href":"https:\/\/dicodusport.fr\/blog\/wp-json\/wp\/v2\/media?parent=229684"}],"wp:term":[{"taxonomy":"category","embeddable":true,"href":"https:\/\/dicodusport.fr\/blog\/wp-json\/wp\/v2\/categories?post=229684"},{"taxonomy":"post_tag","embeddable":true,"href":"https:\/\/dicodusport.fr\/blog\/wp-json\/wp\/v2\/tags?post=229684"}],"curies":[{"name":"wp","href":"https:\/\/api.w.org\/{rel}","templated":true}]}}