{"id":229738,"date":"2022-06-04T14:52:06","date_gmt":"2022-06-04T12:52:06","guid":{"rendered":"https:\/\/dicodusport.fr\/blog\/?p=229738&#038;preview=true&#038;preview_id=229738"},"modified":"2022-06-05T02:44:46","modified_gmt":"2022-06-05T00:44:46","slug":"france-raphael-varane-forfait-premiere-pour-ibrahima-konate","status":"publish","type":"post","link":"https:\/\/dicodusport.fr\/blog\/france-raphael-varane-forfait-premiere-pour-ibrahima-konate\/","title":{"rendered":"France : Rapha\u00ebl Varane forfait, premi\u00e8re pour Ibrahima Konat\u00e9"},"content":{"rendered":"<p style=\"text-align: justify;\"><b><i>FOOTBALL &#8211; Didier Deschamps a convoqu\u00e9 pour la premi\u00e8re fois Ibrahima Konat\u00e9 pour pallier la blessure de Rapha\u00ebl Varane.\u00a0<\/i><\/b><\/p>\n<p style=\"text-align: justify;\"><a href=\"https:\/\/dicodusport.fr\/blog\/france-kylian-mbappe-et-raphael-varane-incertains-pour-le-reste-du-stage\/\">Comme pressenti,<\/a> <strong>Rapha\u00ebl Varane<\/strong> ne pourra pas tenir sa place pour le suite du rassemblement avec l&rsquo;\u00e9quipe de France. Le d\u00e9fenseur de Manchester United souffre d&rsquo;une blessure musculaire et doit quitter les Bleus. Pour le remplacer, <strong>Didier Deschamps<\/strong> a fait appel pour la premi\u00e8re fois \u00e0 <strong>Ibrahima Konat\u00e9,<\/strong> r\u00e9cent finaliste de la ligue des Champions avec Liverpool. L&rsquo;ancien joueur de Sochaux et de Leipzig a r\u00e9alis\u00e9 une grande saison avec les Reds, s&rsquo;affirmant d\u00e9j\u00e0 comme un des tous meilleurs \u00e0 son poste en Premier League.<\/p>\n<p style=\"text-align: justify;\"><strong>Kylian Mbapp\u00e9<\/strong> est lui forfait pour le match face \u00e0 la <strong>Croatie<\/strong> lundi mais reste avec le groupe <strong>France<\/strong> puisqu&rsquo;il pourrait \u00eatre disponible pour les deux derniers matchs pr\u00e9vus un peu plus tard dans le mois.<\/p>\n<blockquote class=\"twitter-tweet\">\n<p dir=\"ltr\" lang=\"fr\">\u0301<\/p>\n<p>Rapha\u00ebl Varane (douleur musculaire \u00e0 la cuisse gauche) ne pourra pas participer aux 3 prochains matchs des Bleus. Didier Deschamps le remplace par Ibrahima Konat\u00e9 ! <a href=\"https:\/\/twitter.com\/hashtag\/FiersdetreBleus?src=hash&amp;ref_src=twsrc%5Etfw\">#FiersdetreBleus<\/a> <a href=\"https:\/\/t.co\/eNRxkRtONn\">pic.twitter.com\/eNRxkRtONn<\/a><\/p>\n<p>\u2014 Equipe de France &#x2b50;&#x2b50; (@equipedefrance) <a href=\"https:\/\/twitter.com\/equipedefrance\/status\/1533065024918388737?ref_src=twsrc%5Etfw\">June 4, 2022<\/a><\/p><\/blockquote>\n<p><script async src=\"https:\/\/platform.twitter.com\/widgets.js\" charset=\"utf-8\"><\/script><\/p>\n","protected":false},"excerpt":{"rendered":"<p>FOOTBALL &#8211; Didier Deschamps a convoqu\u00e9 pour la premi\u00e8re fois Ibrahima Konat\u00e9 pour palier \u00e0 la blessure de Rapha\u00ebl Varane.\u00a0<\/p>\n","protected":false},"author":1,"featured_media":229740,"comment_status":"open","ping_status":"closed","sticky":false,"template":"","format":"standard","meta":{"_acf_changed":false,"_daextam_enable_autolinks":"","footnotes":""},"categories":[2301],"tags":[6966,74,75,5147],"class_list":["post-229738","post","type-post","status-publish","format-standard","has-post-thumbnail","hentry","category-football","tag-equipe-de-france-de-football","tag-foot","tag-football","tag-raphael-varane"],"acf":[],"yoast_head":"<!-- This site is optimized with the Yoast SEO Premium plugin v26.7 (Yoast SEO v26.7) - https:\/\/yoast.com\/wordpress\/plugins\/seo\/ -->\n<title>France : Rapha\u00ebl Varane forfait, premi\u00e8re pour Ibrahima Konat\u00e9<\/title>\n<meta name=\"description\" content=\"FOOTBALL - Didier Deschamps a convoqu\u00e9 pour la premi\u00e8re fois Ibrahima Konat\u00e9 pour palier \u00e0 la blessure de Rapha\u00ebl Varane.\u00a0\" \/>\n<meta name=\"robots\" content=\"index, follow, max-snippet:-1, max-image-preview:large, max-video-preview:-1\" \/>\n<link rel=\"canonical\" href=\"https:\/\/dicodusport.fr\/blog\/france-raphael-varane-forfait-premiere-pour-ibrahima-konate\/\" \/>\n<meta property=\"og:locale\" content=\"fr_FR\" \/>\n<meta property=\"og:type\" content=\"article\" \/>\n<meta property=\"og:title\" content=\"France : Rapha\u00ebl Varane forfait, premi\u00e8re pour Ibrahima Konat\u00e9\" \/>\n<meta property=\"og:description\" content=\"FOOTBALL - Didier Deschamps a convoqu\u00e9 pour la premi\u00e8re fois Ibrahima Konat\u00e9 pour palier \u00e0 la blessure de Rapha\u00ebl Varane.\u00a0\" \/>\n<meta property=\"og:url\" content=\"https:\/\/dicodusport.fr\/blog\/france-raphael-varane-forfait-premiere-pour-ibrahima-konate\/\" \/>\n<meta property=\"og:site_name\" content=\"Dicodusport\" \/>\n<meta property=\"article:publisher\" content=\"https:\/\/www.facebook.com\/dicodusport\" \/>\n<meta property=\"article:author\" content=\"https:\/\/www.facebook.com\/dicodusport\" \/>\n<meta property=\"article:published_time\" content=\"2022-06-04T12:52:06+00:00\" \/>\n<meta property=\"article:modified_time\" content=\"2022-06-05T00:44:46+00:00\" \/>\n<meta property=\"og:image\" content=\"https:\/\/dicodusport.fr\/blog\/wp-content\/uploads\/2022\/06\/France-Raphae\u0308l-Varane-forfait-premie\u0300re-pour-Ibrahima-Konate\u0301.png\" \/>\n\t<meta property=\"og:image:width\" content=\"800\" \/>\n\t<meta property=\"og:image:height\" content=\"445\" \/>\n\t<meta property=\"og:image:type\" content=\"image\/png\" \/>\n<meta name=\"author\" content=\"Nicolas Jacquemard\" \/>\n<meta name=\"twitter:card\" content=\"summary_large_image\" \/>\n<meta name=\"twitter:title\" content=\"France : Rapha\u00ebl Varane forfait, premi\u00e8re pour Ibrahima Konat\u00e9\" \/>\n<meta name=\"twitter:creator\" content=\"@https:\/\/twitter.com\/Nico_Jacquemard\" \/>\n<meta name=\"twitter:site\" content=\"@dicodusport\" \/>\n<script type=\"application\/ld+json\" class=\"yoast-schema-graph\">{\"@context\":\"https:\/\/schema.org\",\"@graph\":[{\"@type\":\"NewsArticle\",\"@id\":\"https:\/\/dicodusport.fr\/blog\/france-raphael-varane-forfait-premiere-pour-ibrahima-konate\/#article\",\"isPartOf\":{\"@id\":\"https:\/\/dicodusport.fr\/blog\/france-raphael-varane-forfait-premiere-pour-ibrahima-konate\/\"},\"author\":{\"name\":\"Nicolas Jacquemard\",\"@id\":\"https:\/\/dicodusport.fr\/blog\/#\/schema\/person\/55dcb50ad410894e431ed812bbb70191\"},\"headline\":\"France : Rapha\u00ebl Varane forfait, premi\u00e8re pour Ibrahima Konat\u00e9\",\"datePublished\":\"2022-06-04T12:52:06+00:00\",\"dateModified\":\"2022-06-05T00:44:46+00:00\",\"mainEntityOfPage\":{\"@id\":\"https:\/\/dicodusport.fr\/blog\/france-raphael-varane-forfait-premiere-pour-ibrahima-konate\/\"},\"wordCount\":199,\"commentCount\":0,\"publisher\":{\"@id\":\"https:\/\/dicodusport.fr\/blog\/#organization\"},\"image\":{\"@id\":\"https:\/\/dicodusport.fr\/blog\/france-raphael-varane-forfait-premiere-pour-ibrahima-konate\/#primaryimage\"},\"thumbnailUrl\":\"https:\/\/dicodusport.fr\/blog\/wp-content\/uploads\/2022\/06\/France-Raphae\u0308l-Varane-forfait-premie\u0300re-pour-Ibrahima-Konate\u0301.png\",\"keywords\":[\"Equipe de France de football\",\"foot\",\"Football\",\"Rapha\u00ebl Varane\"],\"articleSection\":[\"Football\"],\"inLanguage\":\"fr-FR\",\"potentialAction\":[{\"@type\":\"CommentAction\",\"name\":\"Comment\",\"target\":[\"https:\/\/dicodusport.fr\/blog\/france-raphael-varane-forfait-premiere-pour-ibrahima-konate\/#respond\"]}],\"copyrightYear\":\"2022\",\"copyrightHolder\":{\"@id\":\"https:\/\/dicodusport.fr\/blog\/#organization\"}},{\"@type\":\"WebPage\",\"@id\":\"https:\/\/dicodusport.fr\/blog\/france-raphael-varane-forfait-premiere-pour-ibrahima-konate\/\",\"url\":\"https:\/\/dicodusport.fr\/blog\/france-raphael-varane-forfait-premiere-pour-ibrahima-konate\/\",\"name\":\"France : Rapha\u00ebl Varane forfait, premi\u00e8re pour Ibrahima Konat\u00e9\",\"isPartOf\":{\"@id\":\"https:\/\/dicodusport.fr\/blog\/#website\"},\"primaryImageOfPage\":{\"@id\":\"https:\/\/dicodusport.fr\/blog\/france-raphael-varane-forfait-premiere-pour-ibrahima-konate\/#primaryimage\"},\"image\":{\"@id\":\"https:\/\/dicodusport.fr\/blog\/france-raphael-varane-forfait-premiere-pour-ibrahima-konate\/#primaryimage\"},\"thumbnailUrl\":\"https:\/\/dicodusport.fr\/blog\/wp-content\/uploads\/2022\/06\/France-Raphae\u0308l-Varane-forfait-premie\u0300re-pour-Ibrahima-Konate\u0301.png\",\"datePublished\":\"2022-06-04T12:52:06+00:00\",\"dateModified\":\"2022-06-05T00:44:46+00:00\",\"description\":\"FOOTBALL - Didier Deschamps a convoqu\u00e9 pour la premi\u00e8re fois Ibrahima Konat\u00e9 pour palier \u00e0 la blessure de Rapha\u00ebl Varane.\u00a0\",\"breadcrumb\":{\"@id\":\"https:\/\/dicodusport.fr\/blog\/france-raphael-varane-forfait-premiere-pour-ibrahima-konate\/#breadcrumb\"},\"inLanguage\":\"fr-FR\",\"potentialAction\":[{\"@type\":\"ReadAction\",\"target\":[\"https:\/\/dicodusport.fr\/blog\/france-raphael-varane-forfait-premiere-pour-ibrahima-konate\/\"]}]},{\"@type\":\"ImageObject\",\"inLanguage\":\"fr-FR\",\"@id\":\"https:\/\/dicodusport.fr\/blog\/france-raphael-varane-forfait-premiere-pour-ibrahima-konate\/#primaryimage\",\"url\":\"https:\/\/dicodusport.fr\/blog\/wp-content\/uploads\/2022\/06\/France-Raphae\u0308l-Varane-forfait-premie\u0300re-pour-Ibrahima-Konate\u0301.png\",\"contentUrl\":\"https:\/\/dicodusport.fr\/blog\/wp-content\/uploads\/2022\/06\/France-Raphae\u0308l-Varane-forfait-premie\u0300re-pour-Ibrahima-Konate\u0301.png\",\"width\":800,\"height\":445},{\"@type\":\"BreadcrumbList\",\"@id\":\"https:\/\/dicodusport.fr\/blog\/france-raphael-varane-forfait-premiere-pour-ibrahima-konate\/#breadcrumb\",\"itemListElement\":[{\"@type\":\"ListItem\",\"position\":1,\"name\":\"Accueil\",\"item\":\"https:\/\/dicodusport.fr\/blog\/\"},{\"@type\":\"ListItem\",\"position\":2,\"name\":\"France : Rapha\u00ebl Varane forfait, premi\u00e8re pour Ibrahima Konat\u00e9\"}]},{\"@type\":\"WebSite\",\"@id\":\"https:\/\/dicodusport.fr\/blog\/#website\",\"url\":\"https:\/\/dicodusport.fr\/blog\/\",\"name\":\"Dicodusport\",\"description\":\"L&#039;encyclop\u00e9die de l&#039;actualit\u00e9 sportive\",\"publisher\":{\"@id\":\"https:\/\/dicodusport.fr\/blog\/#organization\"},\"potentialAction\":[{\"@type\":\"SearchAction\",\"target\":{\"@type\":\"EntryPoint\",\"urlTemplate\":\"https:\/\/dicodusport.fr\/blog\/?s={search_term_string}\"},\"query-input\":{\"@type\":\"PropertyValueSpecification\",\"valueRequired\":true,\"valueName\":\"search_term_string\"}}],\"inLanguage\":\"fr-FR\"},{\"@type\":\"NewsMediaOrganization\",\"@id\":\"https:\/\/dicodusport.fr\/blog\/#organization\",\"name\":\"Dicodusport\",\"url\":\"https:\/\/dicodusport.fr\/blog\/\",\"logo\":{\"@type\":\"ImageObject\",\"inLanguage\":\"fr-FR\",\"@id\":\"https:\/\/dicodusport.fr\/blog\/#\/schema\/logo\/image\/\",\"url\":\"https:\/\/dicodusport.fr\/blog\/wp-content\/uploads\/2020\/06\/cropped-LOGO-DICODUSPORT-2020-SANS-FOND-SANS-TEXTE.png\",\"contentUrl\":\"https:\/\/dicodusport.fr\/blog\/wp-content\/uploads\/2020\/06\/cropped-LOGO-DICODUSPORT-2020-SANS-FOND-SANS-TEXTE.png\",\"width\":512,\"height\":512,\"caption\":\"Dicodusport\"},\"image\":{\"@id\":\"https:\/\/dicodusport.fr\/blog\/#\/schema\/logo\/image\/\"},\"sameAs\":[\"https:\/\/www.facebook.com\/dicodusport\",\"https:\/\/x.com\/dicodusport\",\"https:\/\/www.instagram.com\/dicodusport\/\",\"https:\/\/www.youtube.com\/channel\/UC7V2KZ5sd3htJivAbA4ZG3w\"],\"description\":\"Dicodusport est l'encyclop\u00e9die de l'actualit\u00e9 sportive.\",\"email\":\"bonjour@dicodusport.fr\",\"legalName\":\"DICODUSPORT\",\"foundingDate\":\"2018-01-14\",\"vatID\":\"FR71834470973\",\"taxID\":\"83447097300043\",\"numberOfEmployees\":{\"@type\":\"QuantitativeValue\",\"minValue\":\"1\",\"maxValue\":\"10\"}},{\"@type\":\"Person\",\"@id\":\"https:\/\/dicodusport.fr\/blog\/#\/schema\/person\/55dcb50ad410894e431ed812bbb70191\",\"name\":\"Nicolas Jacquemard\",\"image\":{\"@type\":\"ImageObject\",\"inLanguage\":\"fr-FR\",\"@id\":\"https:\/\/dicodusport.fr\/blog\/#\/schema\/person\/image\/\",\"url\":\"https:\/\/dicodusport.fr\/blog\/wp-content\/uploads\/2021\/05\/Nicolas-Jacquemard-150x150.jpeg\",\"contentUrl\":\"https:\/\/dicodusport.fr\/blog\/wp-content\/uploads\/2021\/05\/Nicolas-Jacquemard-150x150.jpeg\",\"caption\":\"Nicolas Jacquemard\"},\"description\":\"Passionn\u00e9 de sport et entrepreneur depuis mes 18 ans, la cr\u00e9ation de Dicodusport m'a sembl\u00e9 \u00e9vidente pour participer \u00e0 la m\u00e9diatisation d'un plus grand nombre de sports. Le chemin est long mais avec une \u00e9quipe des plus motiv\u00e9es et les Jeux Olympiques de Paris 2024 en point de mire, nous y arriverons ! Journaliste dans le monde du sport depuis plus de 5 ans, je traite aussi bien de football, de rugby, de biathlon que de cyclisme.\",\"sameAs\":[\"https:\/\/www.facebook.com\/dicodusport\",\"https:\/\/x.com\/https:\/\/twitter.com\/Nico_Jacquemard\"],\"url\":\"https:\/\/dicodusport.fr\/blog\/author\/dicodusport\/\"}]}<\/script>\n<!-- \/ Yoast SEO Premium plugin. -->","yoast_head_json":{"title":"France : Rapha\u00ebl Varane forfait, premi\u00e8re pour Ibrahima Konat\u00e9","description":"FOOTBALL - Didier Deschamps a convoqu\u00e9 pour la premi\u00e8re fois Ibrahima Konat\u00e9 pour palier \u00e0 la blessure de Rapha\u00ebl Varane.\u00a0","robots":{"index":"index","follow":"follow","max-snippet":"max-snippet:-1","max-image-preview":"max-image-preview:large","max-video-preview":"max-video-preview:-1"},"canonical":"https:\/\/dicodusport.fr\/blog\/france-raphael-varane-forfait-premiere-pour-ibrahima-konate\/","og_locale":"fr_FR","og_type":"article","og_title":"France : Rapha\u00ebl Varane forfait, premi\u00e8re pour Ibrahima Konat\u00e9","og_description":"FOOTBALL - Didier Deschamps a convoqu\u00e9 pour la premi\u00e8re fois Ibrahima Konat\u00e9 pour palier \u00e0 la blessure de Rapha\u00ebl Varane.\u00a0","og_url":"https:\/\/dicodusport.fr\/blog\/france-raphael-varane-forfait-premiere-pour-ibrahima-konate\/","og_site_name":"Dicodusport","article_publisher":"https:\/\/www.facebook.com\/dicodusport","article_author":"https:\/\/www.facebook.com\/dicodusport","article_published_time":"2022-06-04T12:52:06+00:00","article_modified_time":"2022-06-05T00:44:46+00:00","og_image":[{"width":800,"height":445,"url":"https:\/\/dicodusport.fr\/blog\/wp-content\/uploads\/2022\/06\/France-Raphae\u0308l-Varane-forfait-premie\u0300re-pour-Ibrahima-Konate\u0301.png","type":"image\/png"}],"author":"Nicolas Jacquemard","twitter_card":"summary_large_image","twitter_title":"France : Rapha\u00ebl Varane forfait, premi\u00e8re pour Ibrahima Konat\u00e9","twitter_creator":"@https:\/\/twitter.com\/Nico_Jacquemard","twitter_site":"@dicodusport","schema":{"@context":"https:\/\/schema.org","@graph":[{"@type":"NewsArticle","@id":"https:\/\/dicodusport.fr\/blog\/france-raphael-varane-forfait-premiere-pour-ibrahima-konate\/#article","isPartOf":{"@id":"https:\/\/dicodusport.fr\/blog\/france-raphael-varane-forfait-premiere-pour-ibrahima-konate\/"},"author":{"name":"Nicolas Jacquemard","@id":"https:\/\/dicodusport.fr\/blog\/#\/schema\/person\/55dcb50ad410894e431ed812bbb70191"},"headline":"France : Rapha\u00ebl Varane forfait, premi\u00e8re pour Ibrahima Konat\u00e9","datePublished":"2022-06-04T12:52:06+00:00","dateModified":"2022-06-05T00:44:46+00:00","mainEntityOfPage":{"@id":"https:\/\/dicodusport.fr\/blog\/france-raphael-varane-forfait-premiere-pour-ibrahima-konate\/"},"wordCount":199,"commentCount":0,"publisher":{"@id":"https:\/\/dicodusport.fr\/blog\/#organization"},"image":{"@id":"https:\/\/dicodusport.fr\/blog\/france-raphael-varane-forfait-premiere-pour-ibrahima-konate\/#primaryimage"},"thumbnailUrl":"https:\/\/dicodusport.fr\/blog\/wp-content\/uploads\/2022\/06\/France-Raphae\u0308l-Varane-forfait-premie\u0300re-pour-Ibrahima-Konate\u0301.png","keywords":["Equipe de France de football","foot","Football","Rapha\u00ebl Varane"],"articleSection":["Football"],"inLanguage":"fr-FR","potentialAction":[{"@type":"CommentAction","name":"Comment","target":["https:\/\/dicodusport.fr\/blog\/france-raphael-varane-forfait-premiere-pour-ibrahima-konate\/#respond"]}],"copyrightYear":"2022","copyrightHolder":{"@id":"https:\/\/dicodusport.fr\/blog\/#organization"}},{"@type":"WebPage","@id":"https:\/\/dicodusport.fr\/blog\/france-raphael-varane-forfait-premiere-pour-ibrahima-konate\/","url":"https:\/\/dicodusport.fr\/blog\/france-raphael-varane-forfait-premiere-pour-ibrahima-konate\/","name":"France : Rapha\u00ebl Varane forfait, premi\u00e8re pour Ibrahima Konat\u00e9","isPartOf":{"@id":"https:\/\/dicodusport.fr\/blog\/#website"},"primaryImageOfPage":{"@id":"https:\/\/dicodusport.fr\/blog\/france-raphael-varane-forfait-premiere-pour-ibrahima-konate\/#primaryimage"},"image":{"@id":"https:\/\/dicodusport.fr\/blog\/france-raphael-varane-forfait-premiere-pour-ibrahima-konate\/#primaryimage"},"thumbnailUrl":"https:\/\/dicodusport.fr\/blog\/wp-content\/uploads\/2022\/06\/France-Raphae\u0308l-Varane-forfait-premie\u0300re-pour-Ibrahima-Konate\u0301.png","datePublished":"2022-06-04T12:52:06+00:00","dateModified":"2022-06-05T00:44:46+00:00","description":"FOOTBALL - Didier Deschamps a convoqu\u00e9 pour la premi\u00e8re fois Ibrahima Konat\u00e9 pour palier \u00e0 la blessure de Rapha\u00ebl Varane.\u00a0","breadcrumb":{"@id":"https:\/\/dicodusport.fr\/blog\/france-raphael-varane-forfait-premiere-pour-ibrahima-konate\/#breadcrumb"},"inLanguage":"fr-FR","potentialAction":[{"@type":"ReadAction","target":["https:\/\/dicodusport.fr\/blog\/france-raphael-varane-forfait-premiere-pour-ibrahima-konate\/"]}]},{"@type":"ImageObject","inLanguage":"fr-FR","@id":"https:\/\/dicodusport.fr\/blog\/france-raphael-varane-forfait-premiere-pour-ibrahima-konate\/#primaryimage","url":"https:\/\/dicodusport.fr\/blog\/wp-content\/uploads\/2022\/06\/France-Raphae\u0308l-Varane-forfait-premie\u0300re-pour-Ibrahima-Konate\u0301.png","contentUrl":"https:\/\/dicodusport.fr\/blog\/wp-content\/uploads\/2022\/06\/France-Raphae\u0308l-Varane-forfait-premie\u0300re-pour-Ibrahima-Konate\u0301.png","width":800,"height":445},{"@type":"BreadcrumbList","@id":"https:\/\/dicodusport.fr\/blog\/france-raphael-varane-forfait-premiere-pour-ibrahima-konate\/#breadcrumb","itemListElement":[{"@type":"ListItem","position":1,"name":"Accueil","item":"https:\/\/dicodusport.fr\/blog\/"},{"@type":"ListItem","position":2,"name":"France : Rapha\u00ebl Varane forfait, premi\u00e8re pour Ibrahima Konat\u00e9"}]},{"@type":"WebSite","@id":"https:\/\/dicodusport.fr\/blog\/#website","url":"https:\/\/dicodusport.fr\/blog\/","name":"Dicodusport","description":"L&#039;encyclop\u00e9die de l&#039;actualit\u00e9 sportive","publisher":{"@id":"https:\/\/dicodusport.fr\/blog\/#organization"},"potentialAction":[{"@type":"SearchAction","target":{"@type":"EntryPoint","urlTemplate":"https:\/\/dicodusport.fr\/blog\/?s={search_term_string}"},"query-input":{"@type":"PropertyValueSpecification","valueRequired":true,"valueName":"search_term_string"}}],"inLanguage":"fr-FR"},{"@type":"NewsMediaOrganization","@id":"https:\/\/dicodusport.fr\/blog\/#organization","name":"Dicodusport","url":"https:\/\/dicodusport.fr\/blog\/","logo":{"@type":"ImageObject","inLanguage":"fr-FR","@id":"https:\/\/dicodusport.fr\/blog\/#\/schema\/logo\/image\/","url":"https:\/\/dicodusport.fr\/blog\/wp-content\/uploads\/2020\/06\/cropped-LOGO-DICODUSPORT-2020-SANS-FOND-SANS-TEXTE.png","contentUrl":"https:\/\/dicodusport.fr\/blog\/wp-content\/uploads\/2020\/06\/cropped-LOGO-DICODUSPORT-2020-SANS-FOND-SANS-TEXTE.png","width":512,"height":512,"caption":"Dicodusport"},"image":{"@id":"https:\/\/dicodusport.fr\/blog\/#\/schema\/logo\/image\/"},"sameAs":["https:\/\/www.facebook.com\/dicodusport","https:\/\/x.com\/dicodusport","https:\/\/www.instagram.com\/dicodusport\/","https:\/\/www.youtube.com\/channel\/UC7V2KZ5sd3htJivAbA4ZG3w"],"description":"Dicodusport est l'encyclop\u00e9die de l'actualit\u00e9 sportive.","email":"bonjour@dicodusport.fr","legalName":"DICODUSPORT","foundingDate":"2018-01-14","vatID":"FR71834470973","taxID":"83447097300043","numberOfEmployees":{"@type":"QuantitativeValue","minValue":"1","maxValue":"10"}},{"@type":"Person","@id":"https:\/\/dicodusport.fr\/blog\/#\/schema\/person\/55dcb50ad410894e431ed812bbb70191","name":"Nicolas Jacquemard","image":{"@type":"ImageObject","inLanguage":"fr-FR","@id":"https:\/\/dicodusport.fr\/blog\/#\/schema\/person\/image\/","url":"https:\/\/dicodusport.fr\/blog\/wp-content\/uploads\/2021\/05\/Nicolas-Jacquemard-150x150.jpeg","contentUrl":"https:\/\/dicodusport.fr\/blog\/wp-content\/uploads\/2021\/05\/Nicolas-Jacquemard-150x150.jpeg","caption":"Nicolas Jacquemard"},"description":"Passionn\u00e9 de sport et entrepreneur depuis mes 18 ans, la cr\u00e9ation de Dicodusport m'a sembl\u00e9 \u00e9vidente pour participer \u00e0 la m\u00e9diatisation d'un plus grand nombre de sports. Le chemin est long mais avec une \u00e9quipe des plus motiv\u00e9es et les Jeux Olympiques de Paris 2024 en point de mire, nous y arriverons ! Journaliste dans le monde du sport depuis plus de 5 ans, je traite aussi bien de football, de rugby, de biathlon que de cyclisme.","sameAs":["https:\/\/www.facebook.com\/dicodusport","https:\/\/x.com\/https:\/\/twitter.com\/Nico_Jacquemard"],"url":"https:\/\/dicodusport.fr\/blog\/author\/dicodusport\/"}]}},"_links":{"self":[{"href":"https:\/\/dicodusport.fr\/blog\/wp-json\/wp\/v2\/posts\/229738","targetHints":{"allow":["GET"]}}],"collection":[{"href":"https:\/\/dicodusport.fr\/blog\/wp-json\/wp\/v2\/posts"}],"about":[{"href":"https:\/\/dicodusport.fr\/blog\/wp-json\/wp\/v2\/types\/post"}],"author":[{"embeddable":true,"href":"https:\/\/dicodusport.fr\/blog\/wp-json\/wp\/v2\/users\/1"}],"replies":[{"embeddable":true,"href":"https:\/\/dicodusport.fr\/blog\/wp-json\/wp\/v2\/comments?post=229738"}],"version-history":[{"count":0,"href":"https:\/\/dicodusport.fr\/blog\/wp-json\/wp\/v2\/posts\/229738\/revisions"}],"wp:featuredmedia":[{"embeddable":true,"href":"https:\/\/dicodusport.fr\/blog\/wp-json\/wp\/v2\/media\/229740"}],"wp:attachment":[{"href":"https:\/\/dicodusport.fr\/blog\/wp-json\/wp\/v2\/media?parent=229738"}],"wp:term":[{"taxonomy":"category","embeddable":true,"href":"https:\/\/dicodusport.fr\/blog\/wp-json\/wp\/v2\/categories?post=229738"},{"taxonomy":"post_tag","embeddable":true,"href":"https:\/\/dicodusport.fr\/blog\/wp-json\/wp\/v2\/tags?post=229738"}],"curies":[{"name":"wp","href":"https:\/\/api.w.org\/{rel}","templated":true}]}}