{"id":230259,"date":"2022-06-05T21:05:19","date_gmt":"2022-06-05T19:05:19","guid":{"rendered":"https:\/\/dicodusport.fr\/blog\/?p=230259"},"modified":"2022-06-06T11:24:25","modified_gmt":"2022-06-06T09:24:25","slug":"championnats-d-europe-de-trampoline-allan-morante-sacre-champion-d-europe","status":"publish","type":"post","link":"https:\/\/dicodusport.fr\/blog\/championnats-d-europe-de-trampoline-allan-morante-sacre-champion-d-europe\/","title":{"rendered":"Championnats d&rsquo;Europe de trampoline : Allan Morante sacr\u00e9 champion d&rsquo;Europe !"},"content":{"rendered":"<p style=\"text-align: justify;\"><em><strong>CHAMPIOANNATS D&rsquo;EUROPE DE TRAMPOLINE &#8211; Incroyable journ\u00e9e pour les Fran\u00e7ais aux championnats d&rsquo;Europe de trampoline. Allan Morante et Pierre Gouzou signent un superbe doubl\u00e9, L\u00e9a Labrousse prend quant \u00e0 elle le bronze ainsi que trois autres m\u00e9dailles en tumbling.<\/strong><\/em><\/p>\n<h2 style=\"text-align: justify;\">Doubl\u00e9 historique<\/h2>\n<p style=\"text-align: justify;\">Nos trampolinistes sont sur le toit de l&rsquo;Europe ! Apr\u00e8s deux passages d&rsquo;excellente qualit\u00e9, les deux Fran\u00e7ais \u00e9taient intouchables. Gr\u00e2ce \u00e0 une note de 58.900, <strong>Allan Morante<\/strong> remporte son premier titre europ\u00e9en individuel. C&rsquo;est son deuxi\u00e8me titre <a href=\"https:\/\/dicodusport.fr\/blog\/championnats-d-europe-de-trampoline-les-bleus-en-or-par-equipes\/\">apr\u00e8s l&rsquo;or par \u00e9quipes<\/a>. Pour que la f\u00eate soit totale, le second Fran\u00e7ais, <strong>Pierre Gouzou<\/strong>\u00a0a lui aussi sorti un programme de haut vol. Il \u00e9choue \u00e0 seulement 0.08 point de son compatriote et s\u00e9curise la m\u00e9daille d&rsquo;argent. L&rsquo;Ukrainien <strong>Anton Davidenko<\/strong> compl\u00e8te le podium.<\/p>\n<p style=\"text-align: justify;\">Chez les femmes, <strong>L\u00e9a Labrousse<\/strong> repart elle aussi avec une belle m\u00e9daille. Vice-championne en titre, elle doit se contenter cette fois de la m\u00e9daille de bronze.\u00a0 Avec une note de 53.580, elle est devanc\u00e9e par la Britannique <strong>Bryony Page<\/strong> et la G\u00e9orgienne <strong>Luba Golovina<\/strong>. <a href=\"https:\/\/dicodusport.fr\/blog\/championnats-deurope-de-trampoline-les-bleues-conservent-leur-titre-en-tumbling\/\">Championne d&rsquo;Europe par \u00e9quipes plus t\u00f4t dans la semaine<\/a>, <strong>Candy Bri\u00e8re-Vetillard<\/strong> est de nouveau championne d&rsquo;Europe en tumbling. Les juniors ont eux aussi v\u00e9cu une beau dimanche. <strong>Clara Gremling<\/strong> et <strong>Hippolyte Hergu\u00e9<\/strong> sont vice-champions d&rsquo;Europe juniors en tumbling. Les Bleus totalisent 10 m\u00e9dailles, mieux que l&rsquo;an pass\u00e9.<\/p>\n<blockquote class=\"twitter-tweet\">\n<p dir=\"ltr\" lang=\"fr\">[Championnats d&rsquo;Europe TR\/TU] &#x1f4cd;Rimini &#x1f1ee;&#x1f1f9;<\/p>\n<p>HISTORIQUE !!<br \/>\nAllan Morante est champion d&rsquo;Europe et Pierre Gouzou vice-champion d&rsquo;Europe !!! <a href=\"https:\/\/t.co\/RgbNXXORZw\">pic.twitter.com\/RgbNXXORZw<\/a><\/p>\n<p>\u2014 F\u00e9d\u00e9ration Fran\u00e7aise de Gymnastique (@ffgymnastique) <a href=\"https:\/\/twitter.com\/ffgymnastique\/status\/1533484926275813378?ref_src=twsrc%5Etfw\">June 5, 2022<\/a><\/p><\/blockquote>\n<p><script async src=\"https:\/\/platform.twitter.com\/widgets.js\" charset=\"utf-8\"><\/script><\/p>\n","protected":false},"excerpt":{"rendered":"<p>CHAMPIOANNATS D&rsquo;EUROPE DE TRAMPOLINE &#8211; Incroyable journ\u00e9e pour les Fran\u00e7ais aux championnats d&rsquo;Europe de trampoline. Allan Morante et Pierre Gouzou signent un superbe doubl\u00e9, L\u00e9a Labrousse prend quant \u00e0 elle le bronze ainsi que trois autres m\u00e9dailles en tumbling.<\/p>\n","protected":false},"author":43,"featured_media":230300,"comment_status":"open","ping_status":"closed","sticky":false,"template":"","format":"standard","meta":{"_acf_changed":false,"_daextam_enable_autolinks":"","footnotes":""},"categories":[10429],"tags":[16385,16389,16379],"class_list":["post-230259","post","type-post","status-publish","format-standard","has-post-thumbnail","hentry","category-gymnastique","tag-championnats-deurope-de-trampoline","tag-lea-labrousse","tag-trampoline"],"acf":[],"yoast_head":"<!-- This site is optimized with the Yoast SEO Premium plugin v26.7 (Yoast SEO v26.7) - https:\/\/yoast.com\/wordpress\/plugins\/seo\/ -->\n<title>Championnats d&#039;Europe de trampoline : Allan Morante sacr\u00e9 champion d&#039;Europe !<\/title>\n<meta name=\"description\" content=\"Journ\u00e9e riche en m\u00e9daille \u00e0 Rimini. Allan Morante et Pierre Gouzou r\u00e9alise le doubl\u00e9 en trampoline individuel.\" \/>\n<meta name=\"robots\" content=\"index, follow, max-snippet:-1, max-image-preview:large, max-video-preview:-1\" \/>\n<link rel=\"canonical\" href=\"https:\/\/dicodusport.fr\/blog\/championnats-d-europe-de-trampoline-allan-morante-sacre-champion-d-europe\/\" \/>\n<meta property=\"og:locale\" content=\"fr_FR\" \/>\n<meta property=\"og:type\" content=\"article\" \/>\n<meta property=\"og:title\" content=\"Championnats d&#039;Europe de trampoline : Allan Morante sacr\u00e9 champion d&#039;Europe !\" \/>\n<meta property=\"og:description\" content=\"Journ\u00e9e riche en m\u00e9daille \u00e0 Rimini. Allan Morante et Pierre Gouzou r\u00e9alise le doubl\u00e9 en trampoline individuel.\" \/>\n<meta property=\"og:url\" content=\"https:\/\/dicodusport.fr\/blog\/championnats-d-europe-de-trampoline-allan-morante-sacre-champion-d-europe\/\" \/>\n<meta property=\"og:site_name\" content=\"Dicodusport\" \/>\n<meta property=\"article:publisher\" content=\"https:\/\/www.facebook.com\/dicodusport\" \/>\n<meta property=\"article:author\" content=\"https:\/\/www.facebook.com\/Max.Bld2\/\" \/>\n<meta property=\"article:published_time\" content=\"2022-06-05T19:05:19+00:00\" \/>\n<meta property=\"article:modified_time\" content=\"2022-06-06T09:24:25+00:00\" \/>\n<meta property=\"og:image\" content=\"https:\/\/dicodusport.fr\/blog\/wp-content\/uploads\/2022\/06\/Championnats-dEurope-de-trampoline-Allan-Morante-sacre-champion-dEurope-.png\" \/>\n\t<meta property=\"og:image:width\" content=\"800\" \/>\n\t<meta property=\"og:image:height\" content=\"445\" \/>\n\t<meta property=\"og:image:type\" content=\"image\/png\" \/>\n<meta name=\"author\" content=\"Maxime Boulard\" \/>\n<meta name=\"twitter:card\" content=\"summary_large_image\" \/>\n<meta name=\"twitter:title\" content=\"Championnats d&#039;Europe de trampoline : Allan Morante sacr\u00e9 champion d&#039;Europe !\" \/>\n<meta name=\"twitter:creator\" content=\"@https:\/\/twitter.com\/MaximeB_2\" \/>\n<meta name=\"twitter:site\" content=\"@dicodusport\" \/>\n<script type=\"application\/ld+json\" class=\"yoast-schema-graph\">{\"@context\":\"https:\/\/schema.org\",\"@graph\":[{\"@type\":\"NewsArticle\",\"@id\":\"https:\/\/dicodusport.fr\/blog\/championnats-d-europe-de-trampoline-allan-morante-sacre-champion-d-europe\/#article\",\"isPartOf\":{\"@id\":\"https:\/\/dicodusport.fr\/blog\/championnats-d-europe-de-trampoline-allan-morante-sacre-champion-d-europe\/\"},\"author\":{\"name\":\"Maxime Boulard\",\"@id\":\"https:\/\/dicodusport.fr\/blog\/#\/schema\/person\/5aab10ee856e86ac63e9819a9da34784\"},\"headline\":\"Championnats d&rsquo;Europe de trampoline : Allan Morante sacr\u00e9 champion d&rsquo;Europe !\",\"datePublished\":\"2022-06-05T19:05:19+00:00\",\"dateModified\":\"2022-06-06T09:24:25+00:00\",\"mainEntityOfPage\":{\"@id\":\"https:\/\/dicodusport.fr\/blog\/championnats-d-europe-de-trampoline-allan-morante-sacre-champion-d-europe\/\"},\"wordCount\":293,\"commentCount\":0,\"publisher\":{\"@id\":\"https:\/\/dicodusport.fr\/blog\/#organization\"},\"image\":{\"@id\":\"https:\/\/dicodusport.fr\/blog\/championnats-d-europe-de-trampoline-allan-morante-sacre-champion-d-europe\/#primaryimage\"},\"thumbnailUrl\":\"https:\/\/dicodusport.fr\/blog\/wp-content\/uploads\/2022\/06\/Championnats-dEurope-de-trampoline-Allan-Morante-sacre-champion-dEurope-.png\",\"keywords\":[\"Championnats d'Europe de trampoline\",\"L\u00e9a Labrousse\",\"trampoline\"],\"articleSection\":[\"Gymnastique\"],\"inLanguage\":\"fr-FR\",\"potentialAction\":[{\"@type\":\"CommentAction\",\"name\":\"Comment\",\"target\":[\"https:\/\/dicodusport.fr\/blog\/championnats-d-europe-de-trampoline-allan-morante-sacre-champion-d-europe\/#respond\"]}],\"copyrightYear\":\"2022\",\"copyrightHolder\":{\"@id\":\"https:\/\/dicodusport.fr\/blog\/#organization\"}},{\"@type\":\"WebPage\",\"@id\":\"https:\/\/dicodusport.fr\/blog\/championnats-d-europe-de-trampoline-allan-morante-sacre-champion-d-europe\/\",\"url\":\"https:\/\/dicodusport.fr\/blog\/championnats-d-europe-de-trampoline-allan-morante-sacre-champion-d-europe\/\",\"name\":\"Championnats d'Europe de trampoline : Allan Morante sacr\u00e9 champion d'Europe !\",\"isPartOf\":{\"@id\":\"https:\/\/dicodusport.fr\/blog\/#website\"},\"primaryImageOfPage\":{\"@id\":\"https:\/\/dicodusport.fr\/blog\/championnats-d-europe-de-trampoline-allan-morante-sacre-champion-d-europe\/#primaryimage\"},\"image\":{\"@id\":\"https:\/\/dicodusport.fr\/blog\/championnats-d-europe-de-trampoline-allan-morante-sacre-champion-d-europe\/#primaryimage\"},\"thumbnailUrl\":\"https:\/\/dicodusport.fr\/blog\/wp-content\/uploads\/2022\/06\/Championnats-dEurope-de-trampoline-Allan-Morante-sacre-champion-dEurope-.png\",\"datePublished\":\"2022-06-05T19:05:19+00:00\",\"dateModified\":\"2022-06-06T09:24:25+00:00\",\"description\":\"Journ\u00e9e riche en m\u00e9daille \u00e0 Rimini. Allan Morante et Pierre Gouzou r\u00e9alise le doubl\u00e9 en trampoline individuel.\",\"breadcrumb\":{\"@id\":\"https:\/\/dicodusport.fr\/blog\/championnats-d-europe-de-trampoline-allan-morante-sacre-champion-d-europe\/#breadcrumb\"},\"inLanguage\":\"fr-FR\",\"potentialAction\":[{\"@type\":\"ReadAction\",\"target\":[\"https:\/\/dicodusport.fr\/blog\/championnats-d-europe-de-trampoline-allan-morante-sacre-champion-d-europe\/\"]}]},{\"@type\":\"ImageObject\",\"inLanguage\":\"fr-FR\",\"@id\":\"https:\/\/dicodusport.fr\/blog\/championnats-d-europe-de-trampoline-allan-morante-sacre-champion-d-europe\/#primaryimage\",\"url\":\"https:\/\/dicodusport.fr\/blog\/wp-content\/uploads\/2022\/06\/Championnats-dEurope-de-trampoline-Allan-Morante-sacre-champion-dEurope-.png\",\"contentUrl\":\"https:\/\/dicodusport.fr\/blog\/wp-content\/uploads\/2022\/06\/Championnats-dEurope-de-trampoline-Allan-Morante-sacre-champion-dEurope-.png\",\"width\":800,\"height\":445,\"caption\":\"Championnats d'Europe de trampoline Allan Morante sacr\u00e9 champion d'Europe !\"},{\"@type\":\"BreadcrumbList\",\"@id\":\"https:\/\/dicodusport.fr\/blog\/championnats-d-europe-de-trampoline-allan-morante-sacre-champion-d-europe\/#breadcrumb\",\"itemListElement\":[{\"@type\":\"ListItem\",\"position\":1,\"name\":\"Accueil\",\"item\":\"https:\/\/dicodusport.fr\/blog\/\"},{\"@type\":\"ListItem\",\"position\":2,\"name\":\"Championnats d&rsquo;Europe de trampoline : Allan Morante sacr\u00e9 champion d&rsquo;Europe !\"}]},{\"@type\":\"WebSite\",\"@id\":\"https:\/\/dicodusport.fr\/blog\/#website\",\"url\":\"https:\/\/dicodusport.fr\/blog\/\",\"name\":\"Dicodusport\",\"description\":\"L&#039;encyclop\u00e9die de l&#039;actualit\u00e9 sportive\",\"publisher\":{\"@id\":\"https:\/\/dicodusport.fr\/blog\/#organization\"},\"potentialAction\":[{\"@type\":\"SearchAction\",\"target\":{\"@type\":\"EntryPoint\",\"urlTemplate\":\"https:\/\/dicodusport.fr\/blog\/?s={search_term_string}\"},\"query-input\":{\"@type\":\"PropertyValueSpecification\",\"valueRequired\":true,\"valueName\":\"search_term_string\"}}],\"inLanguage\":\"fr-FR\"},{\"@type\":\"NewsMediaOrganization\",\"@id\":\"https:\/\/dicodusport.fr\/blog\/#organization\",\"name\":\"Dicodusport\",\"url\":\"https:\/\/dicodusport.fr\/blog\/\",\"logo\":{\"@type\":\"ImageObject\",\"inLanguage\":\"fr-FR\",\"@id\":\"https:\/\/dicodusport.fr\/blog\/#\/schema\/logo\/image\/\",\"url\":\"https:\/\/dicodusport.fr\/blog\/wp-content\/uploads\/2020\/06\/cropped-LOGO-DICODUSPORT-2020-SANS-FOND-SANS-TEXTE.png\",\"contentUrl\":\"https:\/\/dicodusport.fr\/blog\/wp-content\/uploads\/2020\/06\/cropped-LOGO-DICODUSPORT-2020-SANS-FOND-SANS-TEXTE.png\",\"width\":512,\"height\":512,\"caption\":\"Dicodusport\"},\"image\":{\"@id\":\"https:\/\/dicodusport.fr\/blog\/#\/schema\/logo\/image\/\"},\"sameAs\":[\"https:\/\/www.facebook.com\/dicodusport\",\"https:\/\/x.com\/dicodusport\",\"https:\/\/www.instagram.com\/dicodusport\/\",\"https:\/\/www.youtube.com\/channel\/UC7V2KZ5sd3htJivAbA4ZG3w\"],\"description\":\"Dicodusport est l'encyclop\u00e9die de l'actualit\u00e9 sportive.\",\"email\":\"bonjour@dicodusport.fr\",\"legalName\":\"DICODUSPORT\",\"foundingDate\":\"2018-01-14\",\"vatID\":\"FR71834470973\",\"taxID\":\"83447097300043\",\"numberOfEmployees\":{\"@type\":\"QuantitativeValue\",\"minValue\":\"1\",\"maxValue\":\"10\"}},{\"@type\":\"Person\",\"@id\":\"https:\/\/dicodusport.fr\/blog\/#\/schema\/person\/5aab10ee856e86ac63e9819a9da34784\",\"name\":\"Maxime Boulard\",\"image\":{\"@type\":\"ImageObject\",\"inLanguage\":\"fr-FR\",\"@id\":\"https:\/\/dicodusport.fr\/blog\/#\/schema\/person\/image\/\",\"url\":\"https:\/\/dicodusport.fr\/blog\/wp-content\/uploads\/2021\/05\/Maxime-Boulard-150x150.jpg\",\"contentUrl\":\"https:\/\/dicodusport.fr\/blog\/wp-content\/uploads\/2021\/05\/Maxime-Boulard-150x150.jpg\",\"caption\":\"Maxime Boulard\"},\"description\":\"Journaliste\/r\u00e9dacteur depuis octobre 2020 - Si mon plus vieux souvenir de sport aurait pu m'en d\u00e9go\u00fbter, la finale de la Coupe du monde 2006 a \u00e9t\u00e9 tout le contraire. V\u00e9ritable d\u00e9clencheur d'une passion qui aujourd'hui ne fait que grandir avec le temps, mon leitmotiv est la France qui brille ! Je relate les exploits pass\u00e9s et pr\u00e9sents du sport bleu-blanc-rouge sans m\u00e9nagement depuis octobre 2020. Sport valide ou handisport, aucune diff\u00e9rence, il n'y a que du sport et plusieurs fa\u00e7ons de le pratiquer.\",\"sameAs\":[\"https:\/\/www.facebook.com\/Max.Bld2\/\",\"https:\/\/x.com\/https:\/\/twitter.com\/MaximeB_2\"],\"url\":\"https:\/\/dicodusport.fr\/blog\/author\/maxime-b\/\"}]}<\/script>\n<!-- \/ Yoast SEO Premium plugin. -->","yoast_head_json":{"title":"Championnats d'Europe de trampoline : Allan Morante sacr\u00e9 champion d'Europe !","description":"Journ\u00e9e riche en m\u00e9daille \u00e0 Rimini. Allan Morante et Pierre Gouzou r\u00e9alise le doubl\u00e9 en trampoline individuel.","robots":{"index":"index","follow":"follow","max-snippet":"max-snippet:-1","max-image-preview":"max-image-preview:large","max-video-preview":"max-video-preview:-1"},"canonical":"https:\/\/dicodusport.fr\/blog\/championnats-d-europe-de-trampoline-allan-morante-sacre-champion-d-europe\/","og_locale":"fr_FR","og_type":"article","og_title":"Championnats d'Europe de trampoline : Allan Morante sacr\u00e9 champion d'Europe !","og_description":"Journ\u00e9e riche en m\u00e9daille \u00e0 Rimini. Allan Morante et Pierre Gouzou r\u00e9alise le doubl\u00e9 en trampoline individuel.","og_url":"https:\/\/dicodusport.fr\/blog\/championnats-d-europe-de-trampoline-allan-morante-sacre-champion-d-europe\/","og_site_name":"Dicodusport","article_publisher":"https:\/\/www.facebook.com\/dicodusport","article_author":"https:\/\/www.facebook.com\/Max.Bld2\/","article_published_time":"2022-06-05T19:05:19+00:00","article_modified_time":"2022-06-06T09:24:25+00:00","og_image":[{"width":800,"height":445,"url":"https:\/\/dicodusport.fr\/blog\/wp-content\/uploads\/2022\/06\/Championnats-dEurope-de-trampoline-Allan-Morante-sacre-champion-dEurope-.png","type":"image\/png"}],"author":"Maxime Boulard","twitter_card":"summary_large_image","twitter_title":"Championnats d'Europe de trampoline : Allan Morante sacr\u00e9 champion d'Europe !","twitter_creator":"@https:\/\/twitter.com\/MaximeB_2","twitter_site":"@dicodusport","schema":{"@context":"https:\/\/schema.org","@graph":[{"@type":"NewsArticle","@id":"https:\/\/dicodusport.fr\/blog\/championnats-d-europe-de-trampoline-allan-morante-sacre-champion-d-europe\/#article","isPartOf":{"@id":"https:\/\/dicodusport.fr\/blog\/championnats-d-europe-de-trampoline-allan-morante-sacre-champion-d-europe\/"},"author":{"name":"Maxime Boulard","@id":"https:\/\/dicodusport.fr\/blog\/#\/schema\/person\/5aab10ee856e86ac63e9819a9da34784"},"headline":"Championnats d&rsquo;Europe de trampoline : Allan Morante sacr\u00e9 champion d&rsquo;Europe !","datePublished":"2022-06-05T19:05:19+00:00","dateModified":"2022-06-06T09:24:25+00:00","mainEntityOfPage":{"@id":"https:\/\/dicodusport.fr\/blog\/championnats-d-europe-de-trampoline-allan-morante-sacre-champion-d-europe\/"},"wordCount":293,"commentCount":0,"publisher":{"@id":"https:\/\/dicodusport.fr\/blog\/#organization"},"image":{"@id":"https:\/\/dicodusport.fr\/blog\/championnats-d-europe-de-trampoline-allan-morante-sacre-champion-d-europe\/#primaryimage"},"thumbnailUrl":"https:\/\/dicodusport.fr\/blog\/wp-content\/uploads\/2022\/06\/Championnats-dEurope-de-trampoline-Allan-Morante-sacre-champion-dEurope-.png","keywords":["Championnats d'Europe de trampoline","L\u00e9a Labrousse","trampoline"],"articleSection":["Gymnastique"],"inLanguage":"fr-FR","potentialAction":[{"@type":"CommentAction","name":"Comment","target":["https:\/\/dicodusport.fr\/blog\/championnats-d-europe-de-trampoline-allan-morante-sacre-champion-d-europe\/#respond"]}],"copyrightYear":"2022","copyrightHolder":{"@id":"https:\/\/dicodusport.fr\/blog\/#organization"}},{"@type":"WebPage","@id":"https:\/\/dicodusport.fr\/blog\/championnats-d-europe-de-trampoline-allan-morante-sacre-champion-d-europe\/","url":"https:\/\/dicodusport.fr\/blog\/championnats-d-europe-de-trampoline-allan-morante-sacre-champion-d-europe\/","name":"Championnats d'Europe de trampoline : Allan Morante sacr\u00e9 champion d'Europe !","isPartOf":{"@id":"https:\/\/dicodusport.fr\/blog\/#website"},"primaryImageOfPage":{"@id":"https:\/\/dicodusport.fr\/blog\/championnats-d-europe-de-trampoline-allan-morante-sacre-champion-d-europe\/#primaryimage"},"image":{"@id":"https:\/\/dicodusport.fr\/blog\/championnats-d-europe-de-trampoline-allan-morante-sacre-champion-d-europe\/#primaryimage"},"thumbnailUrl":"https:\/\/dicodusport.fr\/blog\/wp-content\/uploads\/2022\/06\/Championnats-dEurope-de-trampoline-Allan-Morante-sacre-champion-dEurope-.png","datePublished":"2022-06-05T19:05:19+00:00","dateModified":"2022-06-06T09:24:25+00:00","description":"Journ\u00e9e riche en m\u00e9daille \u00e0 Rimini. Allan Morante et Pierre Gouzou r\u00e9alise le doubl\u00e9 en trampoline individuel.","breadcrumb":{"@id":"https:\/\/dicodusport.fr\/blog\/championnats-d-europe-de-trampoline-allan-morante-sacre-champion-d-europe\/#breadcrumb"},"inLanguage":"fr-FR","potentialAction":[{"@type":"ReadAction","target":["https:\/\/dicodusport.fr\/blog\/championnats-d-europe-de-trampoline-allan-morante-sacre-champion-d-europe\/"]}]},{"@type":"ImageObject","inLanguage":"fr-FR","@id":"https:\/\/dicodusport.fr\/blog\/championnats-d-europe-de-trampoline-allan-morante-sacre-champion-d-europe\/#primaryimage","url":"https:\/\/dicodusport.fr\/blog\/wp-content\/uploads\/2022\/06\/Championnats-dEurope-de-trampoline-Allan-Morante-sacre-champion-dEurope-.png","contentUrl":"https:\/\/dicodusport.fr\/blog\/wp-content\/uploads\/2022\/06\/Championnats-dEurope-de-trampoline-Allan-Morante-sacre-champion-dEurope-.png","width":800,"height":445,"caption":"Championnats d'Europe de trampoline Allan Morante sacr\u00e9 champion d'Europe !"},{"@type":"BreadcrumbList","@id":"https:\/\/dicodusport.fr\/blog\/championnats-d-europe-de-trampoline-allan-morante-sacre-champion-d-europe\/#breadcrumb","itemListElement":[{"@type":"ListItem","position":1,"name":"Accueil","item":"https:\/\/dicodusport.fr\/blog\/"},{"@type":"ListItem","position":2,"name":"Championnats d&rsquo;Europe de trampoline : Allan Morante sacr\u00e9 champion d&rsquo;Europe !"}]},{"@type":"WebSite","@id":"https:\/\/dicodusport.fr\/blog\/#website","url":"https:\/\/dicodusport.fr\/blog\/","name":"Dicodusport","description":"L&#039;encyclop\u00e9die de l&#039;actualit\u00e9 sportive","publisher":{"@id":"https:\/\/dicodusport.fr\/blog\/#organization"},"potentialAction":[{"@type":"SearchAction","target":{"@type":"EntryPoint","urlTemplate":"https:\/\/dicodusport.fr\/blog\/?s={search_term_string}"},"query-input":{"@type":"PropertyValueSpecification","valueRequired":true,"valueName":"search_term_string"}}],"inLanguage":"fr-FR"},{"@type":"NewsMediaOrganization","@id":"https:\/\/dicodusport.fr\/blog\/#organization","name":"Dicodusport","url":"https:\/\/dicodusport.fr\/blog\/","logo":{"@type":"ImageObject","inLanguage":"fr-FR","@id":"https:\/\/dicodusport.fr\/blog\/#\/schema\/logo\/image\/","url":"https:\/\/dicodusport.fr\/blog\/wp-content\/uploads\/2020\/06\/cropped-LOGO-DICODUSPORT-2020-SANS-FOND-SANS-TEXTE.png","contentUrl":"https:\/\/dicodusport.fr\/blog\/wp-content\/uploads\/2020\/06\/cropped-LOGO-DICODUSPORT-2020-SANS-FOND-SANS-TEXTE.png","width":512,"height":512,"caption":"Dicodusport"},"image":{"@id":"https:\/\/dicodusport.fr\/blog\/#\/schema\/logo\/image\/"},"sameAs":["https:\/\/www.facebook.com\/dicodusport","https:\/\/x.com\/dicodusport","https:\/\/www.instagram.com\/dicodusport\/","https:\/\/www.youtube.com\/channel\/UC7V2KZ5sd3htJivAbA4ZG3w"],"description":"Dicodusport est l'encyclop\u00e9die de l'actualit\u00e9 sportive.","email":"bonjour@dicodusport.fr","legalName":"DICODUSPORT","foundingDate":"2018-01-14","vatID":"FR71834470973","taxID":"83447097300043","numberOfEmployees":{"@type":"QuantitativeValue","minValue":"1","maxValue":"10"}},{"@type":"Person","@id":"https:\/\/dicodusport.fr\/blog\/#\/schema\/person\/5aab10ee856e86ac63e9819a9da34784","name":"Maxime Boulard","image":{"@type":"ImageObject","inLanguage":"fr-FR","@id":"https:\/\/dicodusport.fr\/blog\/#\/schema\/person\/image\/","url":"https:\/\/dicodusport.fr\/blog\/wp-content\/uploads\/2021\/05\/Maxime-Boulard-150x150.jpg","contentUrl":"https:\/\/dicodusport.fr\/blog\/wp-content\/uploads\/2021\/05\/Maxime-Boulard-150x150.jpg","caption":"Maxime Boulard"},"description":"Journaliste\/r\u00e9dacteur depuis octobre 2020 - Si mon plus vieux souvenir de sport aurait pu m'en d\u00e9go\u00fbter, la finale de la Coupe du monde 2006 a \u00e9t\u00e9 tout le contraire. V\u00e9ritable d\u00e9clencheur d'une passion qui aujourd'hui ne fait que grandir avec le temps, mon leitmotiv est la France qui brille ! Je relate les exploits pass\u00e9s et pr\u00e9sents du sport bleu-blanc-rouge sans m\u00e9nagement depuis octobre 2020. Sport valide ou handisport, aucune diff\u00e9rence, il n'y a que du sport et plusieurs fa\u00e7ons de le pratiquer.","sameAs":["https:\/\/www.facebook.com\/Max.Bld2\/","https:\/\/x.com\/https:\/\/twitter.com\/MaximeB_2"],"url":"https:\/\/dicodusport.fr\/blog\/author\/maxime-b\/"}]}},"_links":{"self":[{"href":"https:\/\/dicodusport.fr\/blog\/wp-json\/wp\/v2\/posts\/230259","targetHints":{"allow":["GET"]}}],"collection":[{"href":"https:\/\/dicodusport.fr\/blog\/wp-json\/wp\/v2\/posts"}],"about":[{"href":"https:\/\/dicodusport.fr\/blog\/wp-json\/wp\/v2\/types\/post"}],"author":[{"embeddable":true,"href":"https:\/\/dicodusport.fr\/blog\/wp-json\/wp\/v2\/users\/43"}],"replies":[{"embeddable":true,"href":"https:\/\/dicodusport.fr\/blog\/wp-json\/wp\/v2\/comments?post=230259"}],"version-history":[{"count":0,"href":"https:\/\/dicodusport.fr\/blog\/wp-json\/wp\/v2\/posts\/230259\/revisions"}],"wp:featuredmedia":[{"embeddable":true,"href":"https:\/\/dicodusport.fr\/blog\/wp-json\/wp\/v2\/media\/230300"}],"wp:attachment":[{"href":"https:\/\/dicodusport.fr\/blog\/wp-json\/wp\/v2\/media?parent=230259"}],"wp:term":[{"taxonomy":"category","embeddable":true,"href":"https:\/\/dicodusport.fr\/blog\/wp-json\/wp\/v2\/categories?post=230259"},{"taxonomy":"post_tag","embeddable":true,"href":"https:\/\/dicodusport.fr\/blog\/wp-json\/wp\/v2\/tags?post=230259"}],"curies":[{"name":"wp","href":"https:\/\/api.w.org\/{rel}","templated":true}]}}