{"id":23032,"date":"2018-08-04T10:00:01","date_gmt":"2018-08-04T08:00:01","guid":{"rendered":"http:\/\/dicodusport.fr\/blog\/?p=23032"},"modified":"2018-08-04T09:21:41","modified_gmt":"2018-08-04T07:21:41","slug":"championnats-europe-athletisme-quelles-ambitions-pour-la-france-1-2","status":"publish","type":"post","link":"https:\/\/dicodusport.fr\/blog\/championnats-europe-athletisme-quelles-ambitions-pour-la-france-1-2\/","title":{"rendered":"Championnats d&rsquo;Europe d&rsquo;athl\u00e9tisme : quelles ambitions pour la France ? (1\/2)"},"content":{"rendered":"<p style=\"text-align: justify;\"><em><strong>Les Championnats d&rsquo;Europe d&rsquo;athl\u00e9tisme se d\u00e9roulent du 6 au 12 ao\u00fbt \u00e0 Berlin. 84 athl\u00e8tes bleus seront du voyage. Que pouvons-nous attendre de cette \u00e9quipe de France ? <\/strong><\/em><em><strong>Apr\u00e8s un cru exceptionnel et un record en 2014 (23 m\u00e9dailles, 9 en or), 2016, ann\u00e9e olympique, a \u00e9t\u00e9 une ann\u00e9e d\u00e9cevante et en dessous des pr\u00e9visions (10 m\u00e9dailles, 2 en or). Mais les Bleus ont ensuite \u00e9gal\u00e9 leur record de six m\u00e9dailles lors des Jeux Olympiques \u00e0 Rio (mais pas de titre) puis en 2017 lors des Mondiaux \u00e0 Londres avec 5 m\u00e9dailles dont trois titres, une grande premi\u00e8re !<\/strong><\/em><\/p>\n<h4 style=\"text-align: justify;\">Premiers pas chez les s\u00e9niors<\/h4>\n<p style=\"text-align: justify;\">Chez les femmes, la moyenne d&rsquo;\u00e2ge est de 25 ans. 22 athl\u00e8tes sur 35 ont 26 ans ou moins. Pour beaucoup ce sera donc une premi\u00e8re participation aux Championnats d&rsquo;Europe chez les seniors en individuel. C&rsquo;est notamment le cas d&rsquo;Alexis Alais (javelot) ou encore Diane Marie-Hardy et Esther Turpin qui participeront \u00e0 l&rsquo;heptathlon sans Antoinette Nana-Djimou, triple m\u00e9daill\u00e9e europ\u00e9enne (or en 2012 et 2014, argent en 2016). C&rsquo;est \u00e9galement une premi\u00e8re pour Sol\u00e8ne Ndama (19 ans) et Laura Valette (21 ans) qui sont encore espoirs et qui participeront au 100m haies. Objectif ? Acqu\u00e9rir de l&rsquo;exp\u00e9rience et descendre sous les 13 secondes.<\/p>\n<h4 style=\"text-align: justify;\">La jeunesse au pouvoir<\/h4>\n<p style=\"text-align: justify;\">Nombreux sont les jeunes parmi les athl\u00e8tes pr\u00e9sents en Allemagne qui peuvent aller chercher une m\u00e9daille.<br \/>\n<strong>Carolle Zahi<\/strong>, 24 ans fait partie du top 5 des chronos europ\u00e9ens au <strong>100 m<\/strong> avec 11\u201d01 r\u00e9alis\u00e9 aux Championnats de France. Ces derni\u00e8res semaines, elle est progressivement mont\u00e9e en puissance et pourrait aller chercher sa premi\u00e8re m\u00e9daille dans cette comp\u00e9tition avec, pourquoi pas, sa compatriote <strong>Orlann Ombissa-Dzangue<\/strong> qui a couru en 11&Prime;06 cette ann\u00e9e. Mais la comp\u00e9tition sera rude avec notamment la Britannique Dina Asher-Smith, la Suissesse Mujinga Kambundji et la N\u00e9erlandaise Dafne Schippers.<\/p>\n<p style=\"text-align: justify;\">Apr\u00e8s la d\u00e9ception de son \u00e9limination en s\u00e9ries du <strong>800 m<\/strong> aux Jeux Olympiques de Rio, <strong>R\u00e9nelle Lamote<\/strong>, 24 ans a connu plus d&rsquo;un an de gal\u00e8re en raison de blessures. Elle a fait son grand retour cette ann\u00e9e et a pris la t\u00eate des bilans europ\u00e9ens \u00e0 Monaco lors de la Diamond League. Bien emmen\u00e9e par la Sud-Africaine Caster Semenya, elle a termin\u00e9 9e en 1\u201958\u203383. Titr\u00e9e chez les espoirs en 2015 et 2e lors de la derni\u00e8re \u00e9dition \u00e0 Amsterdam, elle a les capacit\u00e9s pour remporter une nouvelle m\u00e9daille. Pour le titre, la lutte s&rsquo;annonce serr\u00e9e notamment avec Laura Muir et Nataliya Prishchepa.<\/p>\n<p style=\"text-align: justify;\"><strong>Aurel Manga<\/strong>, 25 ans, tentera de s&rsquo;illustrer \u00e0 nouveau sur <strong>110 m haies<\/strong> apr\u00e8s sa <a href=\"http:\/\/dicodusport.fr\/blog\/aurel-manga-apres-le-bronze-aux-mondiaux-en-salle-leurope-en-ligne-de-mire\/\" target=\"_blank\" rel=\"noopener\">m\u00e9daille de bronze<\/a> en d\u00e9but d&rsquo;ann\u00e9e aux Championnats du monde en salle.<\/p>\n<p style=\"text-align: justify;\"><strong>Ludvy Vaillant<\/strong>, 23 ans, a explos\u00e9 cette ann\u00e9e sur le <strong>400 m haies<\/strong>. Au meeting de Marseille en juin, il s&rsquo;est impos\u00e9 en 48&Prime;95, sixi\u00e8me meilleure performance fran\u00e7aise de l&rsquo;histoire. Il a une nouvelle fois am\u00e9lior\u00e9 son record personnel d&rsquo;un centi\u00e8me une semaine plus tard au meeting de Montreuil. Troisi\u00e8me des bilans europ\u00e9ens, il est attendu pour son premier grand championnat international chez les A apr\u00e8s les Mondiaux de Londres o\u00f9 il avait particip\u00e9 au relais 4X400 m.<\/p>\n<p style=\"text-align: justify;\">Au <strong>saut \u00e0 la perche<\/strong>, <strong>Ninon Guillon-Romarin<\/strong>, 23 ans a une belle carte \u00e0 jouer face aux redoutables Anzhelika Sidorova et Katerina Stefanidi. Ces derni\u00e8res semaines elle a am\u00e9lior\u00e9 le record de France par deux fois et elle est en forme.<\/p>\n<p style=\"text-align: justify;\">A 25 ans, <strong>Jeanine Assani-Issouf<\/strong> a d\u00e9j\u00e0 particip\u00e9 \u00e0 de nombreux \u00e9v\u00e8nements internationax. En 2016 elle n&rsquo;\u00e9tait pas sortie des qualifications du<strong> triple saut<\/strong>. Elle a battu son record (14m43) en juillet dernier lors des Championnats de France. Elle devra \u00eatre au moins\u00a0\u00e0 ce niveau pour se m\u00ealer \u00e0 la bagarre pour une m\u00e9daille.<\/p>\n<p style=\"text-align: justify;\">Face aux redoutables Polonaises Anita Wlodarczyk et Joanna Fiodorow et la Bi\u00e9lorusse Hanna Malyshik, <strong>Alexandra Tavernier<\/strong>, 24 ans a les moyens de bouleverser la hi\u00e9rarchie au <strong>lancer du marteau<\/strong>. M\u00e9daill\u00e9e chez les espoirs et lors des Coupes d&rsquo;Europe hivernales des lancers, elle a obtenu le bronze aux Championnats du monde 2015. Sur la sc\u00e8ne europ\u00e9enne, elle n&rsquo;a pas encore \u00e9t\u00e9 m\u00e9daill\u00e9e en individuel.<\/p>\n<h4 style=\"text-align: justify;\">Surfer sur la vague de Londres<\/h4>\n<p style=\"text-align: justify;\">Ils avaient crev\u00e9 l&rsquo;\u00e9cran en s&rsquo;imposant aux Championnats du monde \u00e0 Londres l&rsquo;\u00e9t\u00e9 dernier et ils voudront confirmer leur nouveau statut de leaders de cette \u00e9quipe de France.<\/p>\n<p style=\"text-align: justify;\"><strong>Kevin Mayer<\/strong> ne cesse de battre ses records. En plus d&rsquo;un premier titre europ\u00e9en (2e en 2014 et titr\u00e9 chez les juniors en 2011), le <strong>d\u00e9cathlonien<\/strong> vise bien s\u00fbr cette barre mythique des 9000 points qui n&rsquo;a \u00e9t\u00e9 franchie que par le recordman du monde Ashton Eaton et Roman Sebrle.<\/p>\n<p style=\"text-align: justify;\">S&rsquo;il n&rsquo;est pas un dominateur incontest\u00e9 depuis sa victoire \u00e0 Londres, <a href=\"http:\/\/dicodusport.fr\/blog\/pierre-ambroise-bosse-le-rendez-vous-dapres\/\" target=\"_blank\" rel=\"noopener\"><strong>Pierre-Ambroise Bosse<\/strong> <\/a>n&rsquo;en reste pas moins un adversaire redoutable. Il est 2e des chronos europ\u00e9ens sur <strong>800 m<\/strong> derri\u00e8re l&rsquo;Espagnol Saul Ordonez.<\/p>\n<p><strong><em>Arlette<\/em><br \/>\n<a href=\"http:\/\/twitter.com\/Shiclette94\"><img loading=\"lazy\" decoding=\"async\" class=\"alignnone size-full wp-image-2908\" src=\"http:\/\/dicodusport.fr\/blog\/wp-content\/uploads\/2017\/07\/logo-twitter-e1516110106986.png\" alt=\"\" width=\"39\" height=\"39\" \/><\/a><br \/>\n<\/strong><\/p>\n","protected":false},"excerpt":{"rendered":"<p>Les Championnats d&rsquo;Europe d&rsquo;athl\u00e9tisme se d\u00e9roulent du 6 au 12 ao\u00fbt \u00e0 Berlin. 84 athl\u00e8tes bleus seront du voyage. Que pouvons-nous attendre de cette \u00e9quipe de France ?<\/p>\n","protected":false},"author":12,"featured_media":23172,"comment_status":"open","ping_status":"closed","sticky":false,"template":"","format":"standard","meta":{"_acf_changed":false,"_daextam_enable_autolinks":"","footnotes":""},"categories":[2308],"tags":[5659,1257,5661,1610],"class_list":["post-23032","post","type-post","status-publish","format-standard","has-post-thumbnail","hentry","category-athletisme","tag-championnats-deurope-dathletisme","tag-kevin-mayer","tag-ludvy-vaillant","tag-pierre-ambroise-bosse"],"acf":[],"yoast_head":"<!-- This site is optimized with the Yoast SEO Premium plugin v26.7 (Yoast SEO v26.7) - https:\/\/yoast.com\/wordpress\/plugins\/seo\/ -->\n<title>Championnats d&#039;Europe d&#039;athl\u00e9tisme : quelles ambitions pour la France ? (1\/2)<\/title>\n<meta name=\"description\" content=\"Les Championnats d&#039;Europe d&#039;athl\u00e9tisme se d\u00e9roulent du 6 au 12 ao\u00fbt \u00e0 Berlin. 84 athl\u00e8tes tricolore seront du voyage. Que pouvons-nous attendre des Bleus ?\" \/>\n<meta name=\"robots\" content=\"index, follow, max-snippet:-1, max-image-preview:large, max-video-preview:-1\" \/>\n<link rel=\"canonical\" href=\"https:\/\/dicodusport.fr\/blog\/championnats-europe-athletisme-quelles-ambitions-pour-la-france-1-2\/\" \/>\n<meta property=\"og:locale\" content=\"fr_FR\" \/>\n<meta property=\"og:type\" content=\"article\" \/>\n<meta property=\"og:title\" content=\"Championnats d&#039;Europe d&#039;athl\u00e9tisme : quelles ambitions pour la France ? (1\/2)\" \/>\n<meta property=\"og:description\" content=\"Les Championnats d&#039;Europe d&#039;athl\u00e9tisme se d\u00e9roulent du 6 au 12 ao\u00fbt \u00e0 Berlin. 84 athl\u00e8tes tricolore seront du voyage. Que pouvons-nous attendre des Bleus ?\" \/>\n<meta property=\"og:url\" content=\"https:\/\/dicodusport.fr\/blog\/championnats-europe-athletisme-quelles-ambitions-pour-la-france-1-2\/\" \/>\n<meta property=\"og:site_name\" content=\"Dicodusport\" \/>\n<meta property=\"article:publisher\" content=\"https:\/\/www.facebook.com\/dicodusport\" \/>\n<meta property=\"article:published_time\" content=\"2018-08-04T08:00:01+00:00\" \/>\n<meta property=\"og:image\" content=\"https:\/\/dicodusport.fr\/blog\/wp-content\/uploads\/2018\/08\/Equipe-de-France-Berlin-2018.png\" \/>\n\t<meta property=\"og:image:width\" content=\"800\" \/>\n\t<meta property=\"og:image:height\" content=\"445\" \/>\n\t<meta property=\"og:image:type\" content=\"image\/png\" \/>\n<meta name=\"author\" content=\"Arlette Yeye\" \/>\n<meta name=\"twitter:card\" content=\"summary_large_image\" \/>\n<meta name=\"twitter:creator\" content=\"@https:\/\/twitter.com\/Shiclette94\" \/>\n<meta name=\"twitter:site\" content=\"@dicodusport\" \/>\n<script type=\"application\/ld+json\" class=\"yoast-schema-graph\">{\"@context\":\"https:\/\/schema.org\",\"@graph\":[{\"@type\":\"NewsArticle\",\"@id\":\"https:\/\/dicodusport.fr\/blog\/championnats-europe-athletisme-quelles-ambitions-pour-la-france-1-2\/#article\",\"isPartOf\":{\"@id\":\"https:\/\/dicodusport.fr\/blog\/championnats-europe-athletisme-quelles-ambitions-pour-la-france-1-2\/\"},\"author\":{\"name\":\"Arlette Yeye\",\"@id\":\"https:\/\/dicodusport.fr\/blog\/#\/schema\/person\/cce96fa88785bd8573e3d43078ac8c79\"},\"headline\":\"Championnats d&rsquo;Europe d&rsquo;athl\u00e9tisme : quelles ambitions pour la France ? (1\/2)\",\"datePublished\":\"2018-08-04T08:00:01+00:00\",\"mainEntityOfPage\":{\"@id\":\"https:\/\/dicodusport.fr\/blog\/championnats-europe-athletisme-quelles-ambitions-pour-la-france-1-2\/\"},\"wordCount\":848,\"commentCount\":0,\"publisher\":{\"@id\":\"https:\/\/dicodusport.fr\/blog\/#organization\"},\"image\":{\"@id\":\"https:\/\/dicodusport.fr\/blog\/championnats-europe-athletisme-quelles-ambitions-pour-la-france-1-2\/#primaryimage\"},\"thumbnailUrl\":\"https:\/\/dicodusport.fr\/blog\/wp-content\/uploads\/2018\/08\/Equipe-de-France-Berlin-2018.png\",\"keywords\":[\"Championnats d'Europe d'athl\u00e9tisme\",\"Kevin Mayer\",\"Ludvy Vaillant\",\"Pierre-Ambroise Bosse\"],\"articleSection\":[\"Athl\u00e9tisme\"],\"inLanguage\":\"fr-FR\",\"potentialAction\":[{\"@type\":\"CommentAction\",\"name\":\"Comment\",\"target\":[\"https:\/\/dicodusport.fr\/blog\/championnats-europe-athletisme-quelles-ambitions-pour-la-france-1-2\/#respond\"]}],\"copyrightYear\":\"2018\",\"copyrightHolder\":{\"@id\":\"https:\/\/dicodusport.fr\/blog\/#organization\"}},{\"@type\":\"WebPage\",\"@id\":\"https:\/\/dicodusport.fr\/blog\/championnats-europe-athletisme-quelles-ambitions-pour-la-france-1-2\/\",\"url\":\"https:\/\/dicodusport.fr\/blog\/championnats-europe-athletisme-quelles-ambitions-pour-la-france-1-2\/\",\"name\":\"Championnats d'Europe d'athl\u00e9tisme : quelles ambitions pour la France ? (1\/2)\",\"isPartOf\":{\"@id\":\"https:\/\/dicodusport.fr\/blog\/#website\"},\"primaryImageOfPage\":{\"@id\":\"https:\/\/dicodusport.fr\/blog\/championnats-europe-athletisme-quelles-ambitions-pour-la-france-1-2\/#primaryimage\"},\"image\":{\"@id\":\"https:\/\/dicodusport.fr\/blog\/championnats-europe-athletisme-quelles-ambitions-pour-la-france-1-2\/#primaryimage\"},\"thumbnailUrl\":\"https:\/\/dicodusport.fr\/blog\/wp-content\/uploads\/2018\/08\/Equipe-de-France-Berlin-2018.png\",\"datePublished\":\"2018-08-04T08:00:01+00:00\",\"description\":\"Les Championnats d'Europe d'athl\u00e9tisme se d\u00e9roulent du 6 au 12 ao\u00fbt \u00e0 Berlin. 84 athl\u00e8tes tricolore seront du voyage. Que pouvons-nous attendre des Bleus ?\",\"breadcrumb\":{\"@id\":\"https:\/\/dicodusport.fr\/blog\/championnats-europe-athletisme-quelles-ambitions-pour-la-france-1-2\/#breadcrumb\"},\"inLanguage\":\"fr-FR\",\"potentialAction\":[{\"@type\":\"ReadAction\",\"target\":[\"https:\/\/dicodusport.fr\/blog\/championnats-europe-athletisme-quelles-ambitions-pour-la-france-1-2\/\"]}]},{\"@type\":\"ImageObject\",\"inLanguage\":\"fr-FR\",\"@id\":\"https:\/\/dicodusport.fr\/blog\/championnats-europe-athletisme-quelles-ambitions-pour-la-france-1-2\/#primaryimage\",\"url\":\"https:\/\/dicodusport.fr\/blog\/wp-content\/uploads\/2018\/08\/Equipe-de-France-Berlin-2018.png\",\"contentUrl\":\"https:\/\/dicodusport.fr\/blog\/wp-content\/uploads\/2018\/08\/Equipe-de-France-Berlin-2018.png\",\"width\":800,\"height\":445},{\"@type\":\"BreadcrumbList\",\"@id\":\"https:\/\/dicodusport.fr\/blog\/championnats-europe-athletisme-quelles-ambitions-pour-la-france-1-2\/#breadcrumb\",\"itemListElement\":[{\"@type\":\"ListItem\",\"position\":1,\"name\":\"Accueil\",\"item\":\"https:\/\/dicodusport.fr\/blog\/\"},{\"@type\":\"ListItem\",\"position\":2,\"name\":\"Championnats d&rsquo;Europe d&rsquo;athl\u00e9tisme : quelles ambitions pour la France ? (1\/2)\"}]},{\"@type\":\"WebSite\",\"@id\":\"https:\/\/dicodusport.fr\/blog\/#website\",\"url\":\"https:\/\/dicodusport.fr\/blog\/\",\"name\":\"Dicodusport\",\"description\":\"L&#039;encyclop\u00e9die de l&#039;actualit\u00e9 sportive\",\"publisher\":{\"@id\":\"https:\/\/dicodusport.fr\/blog\/#organization\"},\"potentialAction\":[{\"@type\":\"SearchAction\",\"target\":{\"@type\":\"EntryPoint\",\"urlTemplate\":\"https:\/\/dicodusport.fr\/blog\/?s={search_term_string}\"},\"query-input\":{\"@type\":\"PropertyValueSpecification\",\"valueRequired\":true,\"valueName\":\"search_term_string\"}}],\"inLanguage\":\"fr-FR\"},{\"@type\":\"NewsMediaOrganization\",\"@id\":\"https:\/\/dicodusport.fr\/blog\/#organization\",\"name\":\"Dicodusport\",\"url\":\"https:\/\/dicodusport.fr\/blog\/\",\"logo\":{\"@type\":\"ImageObject\",\"inLanguage\":\"fr-FR\",\"@id\":\"https:\/\/dicodusport.fr\/blog\/#\/schema\/logo\/image\/\",\"url\":\"https:\/\/dicodusport.fr\/blog\/wp-content\/uploads\/2020\/06\/cropped-LOGO-DICODUSPORT-2020-SANS-FOND-SANS-TEXTE.png\",\"contentUrl\":\"https:\/\/dicodusport.fr\/blog\/wp-content\/uploads\/2020\/06\/cropped-LOGO-DICODUSPORT-2020-SANS-FOND-SANS-TEXTE.png\",\"width\":512,\"height\":512,\"caption\":\"Dicodusport\"},\"image\":{\"@id\":\"https:\/\/dicodusport.fr\/blog\/#\/schema\/logo\/image\/\"},\"sameAs\":[\"https:\/\/www.facebook.com\/dicodusport\",\"https:\/\/x.com\/dicodusport\",\"https:\/\/www.instagram.com\/dicodusport\/\",\"https:\/\/www.youtube.com\/channel\/UC7V2KZ5sd3htJivAbA4ZG3w\"],\"description\":\"Dicodusport est l'encyclop\u00e9die de l'actualit\u00e9 sportive.\",\"email\":\"bonjour@dicodusport.fr\",\"legalName\":\"DICODUSPORT\",\"foundingDate\":\"2018-01-14\",\"vatID\":\"FR71834470973\",\"taxID\":\"83447097300043\",\"numberOfEmployees\":{\"@type\":\"QuantitativeValue\",\"minValue\":\"1\",\"maxValue\":\"10\"}},{\"@type\":\"Person\",\"@id\":\"https:\/\/dicodusport.fr\/blog\/#\/schema\/person\/cce96fa88785bd8573e3d43078ac8c79\",\"name\":\"Arlette Yeye\",\"image\":{\"@type\":\"ImageObject\",\"inLanguage\":\"fr-FR\",\"@id\":\"https:\/\/dicodusport.fr\/blog\/#\/schema\/person\/image\/\",\"url\":\"https:\/\/secure.gravatar.com\/avatar\/dca4a6239e6d708e46c45d60e160de6c?s=96&d=wp_user_avatar&r=g\",\"contentUrl\":\"https:\/\/secure.gravatar.com\/avatar\/dca4a6239e6d708e46c45d60e160de6c?s=96&d=wp_user_avatar&r=g\",\"caption\":\"Arlette Yeye\"},\"description\":\"Journaliste\/r\u00e9dactrice depuis septembre 2015 - Supportrice de Chelsea, j'ai pour sports de pr\u00e9dilection le handball, l'athl\u00e9tisme et le tennis. Si je tweete plus vite que mon ombre, vous pouvez aussi me retrouver les week-ends sur les playgrounds de Bruxelles pour un petit foot ou basket entre potes. Parcourir la France, l'Europe et plus si affinit\u00e9s pour suivre mes sportifs pr\u00e9f\u00e9r\u00e9s ? Mon kif ! Et c'est avec plaisir que je partage les r\u00e9sultats des sports populaires mais \u00e9galement plus confidentiels pour Dicodusport.\",\"sameAs\":[\"https:\/\/x.com\/https:\/\/twitter.com\/Shiclette94\"],\"url\":\"https:\/\/dicodusport.fr\/blog\/author\/arlette\/\"}]}<\/script>\n<!-- \/ Yoast SEO Premium plugin. -->","yoast_head_json":{"title":"Championnats d'Europe d'athl\u00e9tisme : quelles ambitions pour la France ? (1\/2)","description":"Les Championnats d'Europe d'athl\u00e9tisme se d\u00e9roulent du 6 au 12 ao\u00fbt \u00e0 Berlin. 84 athl\u00e8tes tricolore seront du voyage. Que pouvons-nous attendre des Bleus ?","robots":{"index":"index","follow":"follow","max-snippet":"max-snippet:-1","max-image-preview":"max-image-preview:large","max-video-preview":"max-video-preview:-1"},"canonical":"https:\/\/dicodusport.fr\/blog\/championnats-europe-athletisme-quelles-ambitions-pour-la-france-1-2\/","og_locale":"fr_FR","og_type":"article","og_title":"Championnats d'Europe d'athl\u00e9tisme : quelles ambitions pour la France ? (1\/2)","og_description":"Les Championnats d'Europe d'athl\u00e9tisme se d\u00e9roulent du 6 au 12 ao\u00fbt \u00e0 Berlin. 84 athl\u00e8tes tricolore seront du voyage. Que pouvons-nous attendre des Bleus ?","og_url":"https:\/\/dicodusport.fr\/blog\/championnats-europe-athletisme-quelles-ambitions-pour-la-france-1-2\/","og_site_name":"Dicodusport","article_publisher":"https:\/\/www.facebook.com\/dicodusport","article_published_time":"2018-08-04T08:00:01+00:00","og_image":[{"width":800,"height":445,"url":"https:\/\/dicodusport.fr\/blog\/wp-content\/uploads\/2018\/08\/Equipe-de-France-Berlin-2018.png","type":"image\/png"}],"author":"Arlette Yeye","twitter_card":"summary_large_image","twitter_creator":"@https:\/\/twitter.com\/Shiclette94","twitter_site":"@dicodusport","schema":{"@context":"https:\/\/schema.org","@graph":[{"@type":"NewsArticle","@id":"https:\/\/dicodusport.fr\/blog\/championnats-europe-athletisme-quelles-ambitions-pour-la-france-1-2\/#article","isPartOf":{"@id":"https:\/\/dicodusport.fr\/blog\/championnats-europe-athletisme-quelles-ambitions-pour-la-france-1-2\/"},"author":{"name":"Arlette Yeye","@id":"https:\/\/dicodusport.fr\/blog\/#\/schema\/person\/cce96fa88785bd8573e3d43078ac8c79"},"headline":"Championnats d&rsquo;Europe d&rsquo;athl\u00e9tisme : quelles ambitions pour la France ? (1\/2)","datePublished":"2018-08-04T08:00:01+00:00","mainEntityOfPage":{"@id":"https:\/\/dicodusport.fr\/blog\/championnats-europe-athletisme-quelles-ambitions-pour-la-france-1-2\/"},"wordCount":848,"commentCount":0,"publisher":{"@id":"https:\/\/dicodusport.fr\/blog\/#organization"},"image":{"@id":"https:\/\/dicodusport.fr\/blog\/championnats-europe-athletisme-quelles-ambitions-pour-la-france-1-2\/#primaryimage"},"thumbnailUrl":"https:\/\/dicodusport.fr\/blog\/wp-content\/uploads\/2018\/08\/Equipe-de-France-Berlin-2018.png","keywords":["Championnats d'Europe d'athl\u00e9tisme","Kevin Mayer","Ludvy Vaillant","Pierre-Ambroise Bosse"],"articleSection":["Athl\u00e9tisme"],"inLanguage":"fr-FR","potentialAction":[{"@type":"CommentAction","name":"Comment","target":["https:\/\/dicodusport.fr\/blog\/championnats-europe-athletisme-quelles-ambitions-pour-la-france-1-2\/#respond"]}],"copyrightYear":"2018","copyrightHolder":{"@id":"https:\/\/dicodusport.fr\/blog\/#organization"}},{"@type":"WebPage","@id":"https:\/\/dicodusport.fr\/blog\/championnats-europe-athletisme-quelles-ambitions-pour-la-france-1-2\/","url":"https:\/\/dicodusport.fr\/blog\/championnats-europe-athletisme-quelles-ambitions-pour-la-france-1-2\/","name":"Championnats d'Europe d'athl\u00e9tisme : quelles ambitions pour la France ? (1\/2)","isPartOf":{"@id":"https:\/\/dicodusport.fr\/blog\/#website"},"primaryImageOfPage":{"@id":"https:\/\/dicodusport.fr\/blog\/championnats-europe-athletisme-quelles-ambitions-pour-la-france-1-2\/#primaryimage"},"image":{"@id":"https:\/\/dicodusport.fr\/blog\/championnats-europe-athletisme-quelles-ambitions-pour-la-france-1-2\/#primaryimage"},"thumbnailUrl":"https:\/\/dicodusport.fr\/blog\/wp-content\/uploads\/2018\/08\/Equipe-de-France-Berlin-2018.png","datePublished":"2018-08-04T08:00:01+00:00","description":"Les Championnats d'Europe d'athl\u00e9tisme se d\u00e9roulent du 6 au 12 ao\u00fbt \u00e0 Berlin. 84 athl\u00e8tes tricolore seront du voyage. Que pouvons-nous attendre des Bleus ?","breadcrumb":{"@id":"https:\/\/dicodusport.fr\/blog\/championnats-europe-athletisme-quelles-ambitions-pour-la-france-1-2\/#breadcrumb"},"inLanguage":"fr-FR","potentialAction":[{"@type":"ReadAction","target":["https:\/\/dicodusport.fr\/blog\/championnats-europe-athletisme-quelles-ambitions-pour-la-france-1-2\/"]}]},{"@type":"ImageObject","inLanguage":"fr-FR","@id":"https:\/\/dicodusport.fr\/blog\/championnats-europe-athletisme-quelles-ambitions-pour-la-france-1-2\/#primaryimage","url":"https:\/\/dicodusport.fr\/blog\/wp-content\/uploads\/2018\/08\/Equipe-de-France-Berlin-2018.png","contentUrl":"https:\/\/dicodusport.fr\/blog\/wp-content\/uploads\/2018\/08\/Equipe-de-France-Berlin-2018.png","width":800,"height":445},{"@type":"BreadcrumbList","@id":"https:\/\/dicodusport.fr\/blog\/championnats-europe-athletisme-quelles-ambitions-pour-la-france-1-2\/#breadcrumb","itemListElement":[{"@type":"ListItem","position":1,"name":"Accueil","item":"https:\/\/dicodusport.fr\/blog\/"},{"@type":"ListItem","position":2,"name":"Championnats d&rsquo;Europe d&rsquo;athl\u00e9tisme : quelles ambitions pour la France ? (1\/2)"}]},{"@type":"WebSite","@id":"https:\/\/dicodusport.fr\/blog\/#website","url":"https:\/\/dicodusport.fr\/blog\/","name":"Dicodusport","description":"L&#039;encyclop\u00e9die de l&#039;actualit\u00e9 sportive","publisher":{"@id":"https:\/\/dicodusport.fr\/blog\/#organization"},"potentialAction":[{"@type":"SearchAction","target":{"@type":"EntryPoint","urlTemplate":"https:\/\/dicodusport.fr\/blog\/?s={search_term_string}"},"query-input":{"@type":"PropertyValueSpecification","valueRequired":true,"valueName":"search_term_string"}}],"inLanguage":"fr-FR"},{"@type":"NewsMediaOrganization","@id":"https:\/\/dicodusport.fr\/blog\/#organization","name":"Dicodusport","url":"https:\/\/dicodusport.fr\/blog\/","logo":{"@type":"ImageObject","inLanguage":"fr-FR","@id":"https:\/\/dicodusport.fr\/blog\/#\/schema\/logo\/image\/","url":"https:\/\/dicodusport.fr\/blog\/wp-content\/uploads\/2020\/06\/cropped-LOGO-DICODUSPORT-2020-SANS-FOND-SANS-TEXTE.png","contentUrl":"https:\/\/dicodusport.fr\/blog\/wp-content\/uploads\/2020\/06\/cropped-LOGO-DICODUSPORT-2020-SANS-FOND-SANS-TEXTE.png","width":512,"height":512,"caption":"Dicodusport"},"image":{"@id":"https:\/\/dicodusport.fr\/blog\/#\/schema\/logo\/image\/"},"sameAs":["https:\/\/www.facebook.com\/dicodusport","https:\/\/x.com\/dicodusport","https:\/\/www.instagram.com\/dicodusport\/","https:\/\/www.youtube.com\/channel\/UC7V2KZ5sd3htJivAbA4ZG3w"],"description":"Dicodusport est l'encyclop\u00e9die de l'actualit\u00e9 sportive.","email":"bonjour@dicodusport.fr","legalName":"DICODUSPORT","foundingDate":"2018-01-14","vatID":"FR71834470973","taxID":"83447097300043","numberOfEmployees":{"@type":"QuantitativeValue","minValue":"1","maxValue":"10"}},{"@type":"Person","@id":"https:\/\/dicodusport.fr\/blog\/#\/schema\/person\/cce96fa88785bd8573e3d43078ac8c79","name":"Arlette Yeye","image":{"@type":"ImageObject","inLanguage":"fr-FR","@id":"https:\/\/dicodusport.fr\/blog\/#\/schema\/person\/image\/","url":"https:\/\/secure.gravatar.com\/avatar\/dca4a6239e6d708e46c45d60e160de6c?s=96&d=wp_user_avatar&r=g","contentUrl":"https:\/\/secure.gravatar.com\/avatar\/dca4a6239e6d708e46c45d60e160de6c?s=96&d=wp_user_avatar&r=g","caption":"Arlette Yeye"},"description":"Journaliste\/r\u00e9dactrice depuis septembre 2015 - Supportrice de Chelsea, j'ai pour sports de pr\u00e9dilection le handball, l'athl\u00e9tisme et le tennis. Si je tweete plus vite que mon ombre, vous pouvez aussi me retrouver les week-ends sur les playgrounds de Bruxelles pour un petit foot ou basket entre potes. Parcourir la France, l'Europe et plus si affinit\u00e9s pour suivre mes sportifs pr\u00e9f\u00e9r\u00e9s ? Mon kif ! Et c'est avec plaisir que je partage les r\u00e9sultats des sports populaires mais \u00e9galement plus confidentiels pour Dicodusport.","sameAs":["https:\/\/x.com\/https:\/\/twitter.com\/Shiclette94"],"url":"https:\/\/dicodusport.fr\/blog\/author\/arlette\/"}]}},"_links":{"self":[{"href":"https:\/\/dicodusport.fr\/blog\/wp-json\/wp\/v2\/posts\/23032","targetHints":{"allow":["GET"]}}],"collection":[{"href":"https:\/\/dicodusport.fr\/blog\/wp-json\/wp\/v2\/posts"}],"about":[{"href":"https:\/\/dicodusport.fr\/blog\/wp-json\/wp\/v2\/types\/post"}],"author":[{"embeddable":true,"href":"https:\/\/dicodusport.fr\/blog\/wp-json\/wp\/v2\/users\/12"}],"replies":[{"embeddable":true,"href":"https:\/\/dicodusport.fr\/blog\/wp-json\/wp\/v2\/comments?post=23032"}],"version-history":[{"count":0,"href":"https:\/\/dicodusport.fr\/blog\/wp-json\/wp\/v2\/posts\/23032\/revisions"}],"wp:featuredmedia":[{"embeddable":true,"href":"https:\/\/dicodusport.fr\/blog\/wp-json\/wp\/v2\/media\/23172"}],"wp:attachment":[{"href":"https:\/\/dicodusport.fr\/blog\/wp-json\/wp\/v2\/media?parent=23032"}],"wp:term":[{"taxonomy":"category","embeddable":true,"href":"https:\/\/dicodusport.fr\/blog\/wp-json\/wp\/v2\/categories?post=23032"},{"taxonomy":"post_tag","embeddable":true,"href":"https:\/\/dicodusport.fr\/blog\/wp-json\/wp\/v2\/tags?post=23032"}],"curies":[{"name":"wp","href":"https:\/\/api.w.org\/{rel}","templated":true}]}}