{"id":230610,"date":"2022-06-06T20:48:23","date_gmt":"2022-06-06T18:48:23","guid":{"rendered":"https:\/\/dicodusport.fr\/blog\/?p=230610&#038;preview=true&#038;preview_id=230610"},"modified":"2022-06-06T20:48:23","modified_gmt":"2022-06-06T18:48:23","slug":"benoit-paire-fait-une-pause-avec-le-tennis","status":"publish","type":"post","link":"https:\/\/dicodusport.fr\/blog\/benoit-paire-fait-une-pause-avec-le-tennis\/","title":{"rendered":"Beno\u00eet Paire fait une pause avec le tennis"},"content":{"rendered":"<p style=\"text-align: justify;\"><b><i>TENNIS &#8211; SAISON ATP 2022 &#8211; Une nouvelle fois battu au premier tour, \u00e0 Stuttgart, Beno\u00eet Paire a annonc\u00e9 une pause d&rsquo;une dur\u00e9e ind\u00e9termin\u00e9e sur les r\u00e9seaux sociaux. La saison compliqu\u00e9e du Fran\u00e7ais continue, ou plut\u00f4t s&rsquo;interrompt.<\/i><\/b><\/p>\n<p style=\"text-align: justify;\">Quand<strong> Beno\u00eet Paire<\/strong> a quitt\u00e9 l&rsquo;Open d&rsquo;Australie au troisi\u00e8me tour, en ayant de surcroit pris un set \u00e0 <strong>Stefanos Tsitsipas<\/strong> <a href=\"https:\/\/dicodusport.fr\/blog\/open-d-australie-benoit-paire-ecarte-grigor-dimitrov-en-4-sets\/\">apr\u00e8s avoir battu <strong>Grigor Dimitrov<\/strong><\/a>, on pensait la saison du Fran\u00e7ais bien lanc\u00e9e. La suite a cependant \u00e9t\u00e9 moins r\u00e9jouissante. Il n&rsquo;a remport\u00e9 qu&rsquo;un match lors des deux mois et demi suivants le premier grand chelem de la saison. Sa tourn\u00e9e sud-am\u00e9ricaine sur terre battue a notamment \u00e9t\u00e9 un d\u00e9sastre. Sorti au premier tour \u00e0 Roland-Garros, il a subi le m\u00eame sort aujourd&rsquo;hui sur le gazon de Stuttgart, battu <strong>7-5, 6-2<\/strong> par l&rsquo;Italien <strong>Lorenzo Sonego<\/strong>. A l&rsquo;issue de cette d\u00e9faite, il a post\u00e9 un commentaire laconique sur les r\u00e9seaux sociaux:<\/p>\n<blockquote><p>\u00ab\u00a0Pause Tennis pour une dur\u00e9e ind\u00e9termin\u00e9e\u00a0\u00bb<\/p><\/blockquote>\n<p style=\"text-align: justify;\">Cela implique donc que le tennisman fran\u00e7ais ne disputera par Wimbledon, le troisi\u00e8me grand chelem de la saison (du 27 juin au 10 juillet). <strong>Beno\u00eet Paire<\/strong> poss\u00e8de un bilan de <strong>6<\/strong> victoires pour <strong>18<\/strong> d\u00e9faites cette saison, et n&rsquo;a plus remport\u00e9 de titre depuis 2019. Il est d\u00e9sormais <strong>80\u00e8me<\/strong> mondial, son plus mauvais classement depuis 2014. Une pause dans ces conditions ne peut \u00eatre que salutaire. Reste \u00e0 savoir combien de temps elle durera, et si cela sera suffisant pour que le Fran\u00e7ais retrouve son talent pass\u00e9. En esp\u00e9rant bien s\u00fbr qu&rsquo;il reviendra un jour.<\/p>\n<blockquote class=\"twitter-tweet\">\n<p dir=\"ltr\" lang=\"fr\">Apr\u00e8s sa d\u00e9faite contre Sonego (7-5\/6-2) au 1er tour du tournoi de Stuttgart, Benoit Paire a post\u00e9 ceci sur son compte Instagram <a href=\"https:\/\/twitter.com\/hashtag\/tennis?src=hash&amp;ref_src=twsrc%5Etfw\">#tennis<\/a> <a href=\"https:\/\/twitter.com\/hashtag\/paire?src=hash&amp;ref_src=twsrc%5Etfw\">#paire<\/a> <a href=\"https:\/\/twitter.com\/hashtag\/sonego?src=hash&amp;ref_src=twsrc%5Etfw\">#sonego<\/a> <a href=\"https:\/\/twitter.com\/hashtag\/atp?src=hash&amp;ref_src=twsrc%5Etfw\">#atp<\/a> <a href=\"https:\/\/t.co\/1d1oxugjZb\">pic.twitter.com\/1d1oxugjZb<\/a><\/p>\n<p>\u2014 SBM ActuTennis (@SbmTennis) <a href=\"https:\/\/twitter.com\/SbmTennis\/status\/1533862426436935683?ref_src=twsrc%5Etfw\">June 6, 2022<\/a><\/p><\/blockquote>\n<p><script async src=\"https:\/\/platform.twitter.com\/widgets.js\" charset=\"utf-8\"><\/script><\/p>\n","protected":false},"excerpt":{"rendered":"<p>TENNIS &#8211; SAISON ATP 2022 &#8211; Une nouvelle fois battu au premier tour, \u00e0 Stuttgart, Beno\u00eet Paire a annonc\u00e9 une pause d&rsquo;une dur\u00e9e ind\u00e9termin\u00e9e sur les r\u00e9seaux sociaux. La saison compliqu\u00e9e du Fran\u00e7ais continue, ou plut\u00f4t s&rsquo;interrompt.<\/p>\n","protected":false},"author":59,"featured_media":230616,"comment_status":"open","ping_status":"closed","sticky":false,"template":"","format":"standard","meta":{"_acf_changed":false,"_daextam_enable_autolinks":"","footnotes":""},"categories":[2302],"tags":[5942,4792],"class_list":["post-230610","post","type-post","status-publish","format-standard","has-post-thumbnail","hentry","category-tennis","tag-benoit-paire","tag-tennis-francais"],"acf":[],"yoast_head":"<!-- This site is optimized with the Yoast SEO Premium plugin v26.7 (Yoast SEO v26.7) - https:\/\/yoast.com\/wordpress\/plugins\/seo\/ -->\n<title>Beno\u00eet Paire fait une pause avec le tennis<\/title>\n<meta name=\"description\" content=\"TENNIS - SAISON ATP 2022 - Beno\u00eet Paire a annonc\u00e9 une pause d&#039;une dur\u00e9e ind\u00e9termin\u00e9e sur les r\u00e9seaux sociaux.\" \/>\n<meta name=\"robots\" content=\"index, follow, max-snippet:-1, max-image-preview:large, max-video-preview:-1\" \/>\n<link rel=\"canonical\" href=\"https:\/\/dicodusport.fr\/blog\/benoit-paire-fait-une-pause-avec-le-tennis\/\" \/>\n<meta property=\"og:locale\" content=\"fr_FR\" \/>\n<meta property=\"og:type\" content=\"article\" \/>\n<meta property=\"og:title\" content=\"Beno\u00eet Paire fait une pause avec le tennis\" \/>\n<meta property=\"og:description\" content=\"TENNIS - SAISON ATP 2022 - Beno\u00eet Paire a annonc\u00e9 une pause d&#039;une dur\u00e9e ind\u00e9termin\u00e9e sur les r\u00e9seaux sociaux.\" \/>\n<meta property=\"og:url\" content=\"https:\/\/dicodusport.fr\/blog\/benoit-paire-fait-une-pause-avec-le-tennis\/\" \/>\n<meta property=\"og:site_name\" content=\"Dicodusport\" \/>\n<meta property=\"article:publisher\" content=\"https:\/\/www.facebook.com\/dicodusport\" \/>\n<meta property=\"article:author\" content=\"https:\/\/www.facebook.com\/sebastien.gente\/\" \/>\n<meta property=\"article:published_time\" content=\"2022-06-06T18:48:23+00:00\" \/>\n<meta property=\"og:image\" content=\"https:\/\/dicodusport.fr\/blog\/wp-content\/uploads\/2022\/06\/Benoit-Paire-fait-une-pause-avec-le-tennis.png\" \/>\n\t<meta property=\"og:image:width\" content=\"800\" \/>\n\t<meta property=\"og:image:height\" content=\"445\" \/>\n\t<meta property=\"og:image:type\" content=\"image\/png\" \/>\n<meta name=\"author\" content=\"S\u00e9bastien Gente\" \/>\n<meta name=\"twitter:card\" content=\"summary_large_image\" \/>\n<meta name=\"twitter:title\" content=\"Beno\u00eet Paire fait une pause avec le tennis\" \/>\n<meta name=\"twitter:creator\" content=\"@https:\/\/twitter.com\/globulo24\" \/>\n<meta name=\"twitter:site\" content=\"@dicodusport\" \/>\n<script type=\"application\/ld+json\" class=\"yoast-schema-graph\">{\"@context\":\"https:\/\/schema.org\",\"@graph\":[{\"@type\":\"NewsArticle\",\"@id\":\"https:\/\/dicodusport.fr\/blog\/benoit-paire-fait-une-pause-avec-le-tennis\/#article\",\"isPartOf\":{\"@id\":\"https:\/\/dicodusport.fr\/blog\/benoit-paire-fait-une-pause-avec-le-tennis\/\"},\"author\":{\"name\":\"S\u00e9bastien Gente\",\"@id\":\"https:\/\/dicodusport.fr\/blog\/#\/schema\/person\/627966a6cde45dbd8c5e36ac85d783da\"},\"headline\":\"Beno\u00eet Paire fait une pause avec le tennis\",\"datePublished\":\"2022-06-06T18:48:23+00:00\",\"mainEntityOfPage\":{\"@id\":\"https:\/\/dicodusport.fr\/blog\/benoit-paire-fait-une-pause-avec-le-tennis\/\"},\"wordCount\":327,\"commentCount\":0,\"publisher\":{\"@id\":\"https:\/\/dicodusport.fr\/blog\/#organization\"},\"image\":{\"@id\":\"https:\/\/dicodusport.fr\/blog\/benoit-paire-fait-une-pause-avec-le-tennis\/#primaryimage\"},\"thumbnailUrl\":\"https:\/\/dicodusport.fr\/blog\/wp-content\/uploads\/2022\/06\/Benoit-Paire-fait-une-pause-avec-le-tennis.png\",\"keywords\":[\"Beno\u00eet Paire\",\"Tennis fran\u00e7ais\"],\"articleSection\":[\"Tennis\"],\"inLanguage\":\"fr-FR\",\"potentialAction\":[{\"@type\":\"CommentAction\",\"name\":\"Comment\",\"target\":[\"https:\/\/dicodusport.fr\/blog\/benoit-paire-fait-une-pause-avec-le-tennis\/#respond\"]}],\"copyrightYear\":\"2022\",\"copyrightHolder\":{\"@id\":\"https:\/\/dicodusport.fr\/blog\/#organization\"}},{\"@type\":\"WebPage\",\"@id\":\"https:\/\/dicodusport.fr\/blog\/benoit-paire-fait-une-pause-avec-le-tennis\/\",\"url\":\"https:\/\/dicodusport.fr\/blog\/benoit-paire-fait-une-pause-avec-le-tennis\/\",\"name\":\"Beno\u00eet Paire fait une pause avec le tennis\",\"isPartOf\":{\"@id\":\"https:\/\/dicodusport.fr\/blog\/#website\"},\"primaryImageOfPage\":{\"@id\":\"https:\/\/dicodusport.fr\/blog\/benoit-paire-fait-une-pause-avec-le-tennis\/#primaryimage\"},\"image\":{\"@id\":\"https:\/\/dicodusport.fr\/blog\/benoit-paire-fait-une-pause-avec-le-tennis\/#primaryimage\"},\"thumbnailUrl\":\"https:\/\/dicodusport.fr\/blog\/wp-content\/uploads\/2022\/06\/Benoit-Paire-fait-une-pause-avec-le-tennis.png\",\"datePublished\":\"2022-06-06T18:48:23+00:00\",\"description\":\"TENNIS - SAISON ATP 2022 - Beno\u00eet Paire a annonc\u00e9 une pause d'une dur\u00e9e ind\u00e9termin\u00e9e sur les r\u00e9seaux sociaux.\",\"breadcrumb\":{\"@id\":\"https:\/\/dicodusport.fr\/blog\/benoit-paire-fait-une-pause-avec-le-tennis\/#breadcrumb\"},\"inLanguage\":\"fr-FR\",\"potentialAction\":[{\"@type\":\"ReadAction\",\"target\":[\"https:\/\/dicodusport.fr\/blog\/benoit-paire-fait-une-pause-avec-le-tennis\/\"]}]},{\"@type\":\"ImageObject\",\"inLanguage\":\"fr-FR\",\"@id\":\"https:\/\/dicodusport.fr\/blog\/benoit-paire-fait-une-pause-avec-le-tennis\/#primaryimage\",\"url\":\"https:\/\/dicodusport.fr\/blog\/wp-content\/uploads\/2022\/06\/Benoit-Paire-fait-une-pause-avec-le-tennis.png\",\"contentUrl\":\"https:\/\/dicodusport.fr\/blog\/wp-content\/uploads\/2022\/06\/Benoit-Paire-fait-une-pause-avec-le-tennis.png\",\"width\":800,\"height\":445,\"caption\":\"Beno\u00eet Paire fait une pause avec le tennis\"},{\"@type\":\"BreadcrumbList\",\"@id\":\"https:\/\/dicodusport.fr\/blog\/benoit-paire-fait-une-pause-avec-le-tennis\/#breadcrumb\",\"itemListElement\":[{\"@type\":\"ListItem\",\"position\":1,\"name\":\"Accueil\",\"item\":\"https:\/\/dicodusport.fr\/blog\/\"},{\"@type\":\"ListItem\",\"position\":2,\"name\":\"Beno\u00eet Paire fait une pause avec le tennis\"}]},{\"@type\":\"WebSite\",\"@id\":\"https:\/\/dicodusport.fr\/blog\/#website\",\"url\":\"https:\/\/dicodusport.fr\/blog\/\",\"name\":\"Dicodusport\",\"description\":\"L&#039;encyclop\u00e9die de l&#039;actualit\u00e9 sportive\",\"publisher\":{\"@id\":\"https:\/\/dicodusport.fr\/blog\/#organization\"},\"potentialAction\":[{\"@type\":\"SearchAction\",\"target\":{\"@type\":\"EntryPoint\",\"urlTemplate\":\"https:\/\/dicodusport.fr\/blog\/?s={search_term_string}\"},\"query-input\":{\"@type\":\"PropertyValueSpecification\",\"valueRequired\":true,\"valueName\":\"search_term_string\"}}],\"inLanguage\":\"fr-FR\"},{\"@type\":\"NewsMediaOrganization\",\"@id\":\"https:\/\/dicodusport.fr\/blog\/#organization\",\"name\":\"Dicodusport\",\"url\":\"https:\/\/dicodusport.fr\/blog\/\",\"logo\":{\"@type\":\"ImageObject\",\"inLanguage\":\"fr-FR\",\"@id\":\"https:\/\/dicodusport.fr\/blog\/#\/schema\/logo\/image\/\",\"url\":\"https:\/\/dicodusport.fr\/blog\/wp-content\/uploads\/2020\/06\/cropped-LOGO-DICODUSPORT-2020-SANS-FOND-SANS-TEXTE.png\",\"contentUrl\":\"https:\/\/dicodusport.fr\/blog\/wp-content\/uploads\/2020\/06\/cropped-LOGO-DICODUSPORT-2020-SANS-FOND-SANS-TEXTE.png\",\"width\":512,\"height\":512,\"caption\":\"Dicodusport\"},\"image\":{\"@id\":\"https:\/\/dicodusport.fr\/blog\/#\/schema\/logo\/image\/\"},\"sameAs\":[\"https:\/\/www.facebook.com\/dicodusport\",\"https:\/\/x.com\/dicodusport\",\"https:\/\/www.instagram.com\/dicodusport\/\",\"https:\/\/www.youtube.com\/channel\/UC7V2KZ5sd3htJivAbA4ZG3w\"],\"description\":\"Dicodusport est l'encyclop\u00e9die de l'actualit\u00e9 sportive.\",\"email\":\"bonjour@dicodusport.fr\",\"legalName\":\"DICODUSPORT\",\"foundingDate\":\"2018-01-14\",\"vatID\":\"FR71834470973\",\"taxID\":\"83447097300043\",\"numberOfEmployees\":{\"@type\":\"QuantitativeValue\",\"minValue\":\"1\",\"maxValue\":\"10\"}},{\"@type\":\"Person\",\"@id\":\"https:\/\/dicodusport.fr\/blog\/#\/schema\/person\/627966a6cde45dbd8c5e36ac85d783da\",\"name\":\"S\u00e9bastien Gente\",\"image\":{\"@type\":\"ImageObject\",\"inLanguage\":\"fr-FR\",\"@id\":\"https:\/\/dicodusport.fr\/blog\/#\/schema\/person\/image\/\",\"url\":\"https:\/\/dicodusport.fr\/blog\/wp-content\/uploads\/2021\/09\/1510990_10205810251400683_4124423575079401707_n-150x150.jpg\",\"contentUrl\":\"https:\/\/dicodusport.fr\/blog\/wp-content\/uploads\/2021\/09\/1510990_10205810251400683_4124423575079401707_n-150x150.jpg\",\"caption\":\"S\u00e9bastien Gente\"},\"description\":\"John Stockton, Gianni Bugno, Zinedine Zidane, Steffi Graf, Frode Andresen, St\u00e9phane Stoecklin, Davis Kamoga, Primoz Peterka, Werner Schlager et Aur\u00e9lien Rougerie. Point commun entre ces sportifs? Ils m'ont fait r\u00eaver et ont berc\u00e9 mon adolescence. Je suis un fondu de sports et j'essaie de retranscrire ma passion \u00e0 travers mes articles. Originaire du P\u00e9rigord, ma passion pour les Girondins, les Jaunards et les Jazzmen transpire dans mes \u00e9crits. \u00c0 Dicodusport depuis 2021, je d\u00e9niche les sports m\u00e9connus dans lesquels la France brille, et il y en a !\",\"sameAs\":[\"https:\/\/www.facebook.com\/sebastien.gente\/\",\"https:\/\/www.instagram.com\/sebgente\/\",\"https:\/\/www.linkedin.com\/in\/sbastien-gente-a29583169\/\",\"https:\/\/x.com\/https:\/\/twitter.com\/globulo24\",\"SebastienGente\"],\"worksFor\":\"S\u00e9bastien GENTE\",\"url\":\"https:\/\/dicodusport.fr\/blog\/author\/sebastiengente\/\"}]}<\/script>\n<!-- \/ Yoast SEO Premium plugin. -->","yoast_head_json":{"title":"Beno\u00eet Paire fait une pause avec le tennis","description":"TENNIS - SAISON ATP 2022 - Beno\u00eet Paire a annonc\u00e9 une pause d'une dur\u00e9e ind\u00e9termin\u00e9e sur les r\u00e9seaux sociaux.","robots":{"index":"index","follow":"follow","max-snippet":"max-snippet:-1","max-image-preview":"max-image-preview:large","max-video-preview":"max-video-preview:-1"},"canonical":"https:\/\/dicodusport.fr\/blog\/benoit-paire-fait-une-pause-avec-le-tennis\/","og_locale":"fr_FR","og_type":"article","og_title":"Beno\u00eet Paire fait une pause avec le tennis","og_description":"TENNIS - SAISON ATP 2022 - Beno\u00eet Paire a annonc\u00e9 une pause d'une dur\u00e9e ind\u00e9termin\u00e9e sur les r\u00e9seaux sociaux.","og_url":"https:\/\/dicodusport.fr\/blog\/benoit-paire-fait-une-pause-avec-le-tennis\/","og_site_name":"Dicodusport","article_publisher":"https:\/\/www.facebook.com\/dicodusport","article_author":"https:\/\/www.facebook.com\/sebastien.gente\/","article_published_time":"2022-06-06T18:48:23+00:00","og_image":[{"width":800,"height":445,"url":"https:\/\/dicodusport.fr\/blog\/wp-content\/uploads\/2022\/06\/Benoit-Paire-fait-une-pause-avec-le-tennis.png","type":"image\/png"}],"author":"S\u00e9bastien Gente","twitter_card":"summary_large_image","twitter_title":"Beno\u00eet Paire fait une pause avec le tennis","twitter_creator":"@https:\/\/twitter.com\/globulo24","twitter_site":"@dicodusport","schema":{"@context":"https:\/\/schema.org","@graph":[{"@type":"NewsArticle","@id":"https:\/\/dicodusport.fr\/blog\/benoit-paire-fait-une-pause-avec-le-tennis\/#article","isPartOf":{"@id":"https:\/\/dicodusport.fr\/blog\/benoit-paire-fait-une-pause-avec-le-tennis\/"},"author":{"name":"S\u00e9bastien Gente","@id":"https:\/\/dicodusport.fr\/blog\/#\/schema\/person\/627966a6cde45dbd8c5e36ac85d783da"},"headline":"Beno\u00eet Paire fait une pause avec le tennis","datePublished":"2022-06-06T18:48:23+00:00","mainEntityOfPage":{"@id":"https:\/\/dicodusport.fr\/blog\/benoit-paire-fait-une-pause-avec-le-tennis\/"},"wordCount":327,"commentCount":0,"publisher":{"@id":"https:\/\/dicodusport.fr\/blog\/#organization"},"image":{"@id":"https:\/\/dicodusport.fr\/blog\/benoit-paire-fait-une-pause-avec-le-tennis\/#primaryimage"},"thumbnailUrl":"https:\/\/dicodusport.fr\/blog\/wp-content\/uploads\/2022\/06\/Benoit-Paire-fait-une-pause-avec-le-tennis.png","keywords":["Beno\u00eet Paire","Tennis fran\u00e7ais"],"articleSection":["Tennis"],"inLanguage":"fr-FR","potentialAction":[{"@type":"CommentAction","name":"Comment","target":["https:\/\/dicodusport.fr\/blog\/benoit-paire-fait-une-pause-avec-le-tennis\/#respond"]}],"copyrightYear":"2022","copyrightHolder":{"@id":"https:\/\/dicodusport.fr\/blog\/#organization"}},{"@type":"WebPage","@id":"https:\/\/dicodusport.fr\/blog\/benoit-paire-fait-une-pause-avec-le-tennis\/","url":"https:\/\/dicodusport.fr\/blog\/benoit-paire-fait-une-pause-avec-le-tennis\/","name":"Beno\u00eet Paire fait une pause avec le tennis","isPartOf":{"@id":"https:\/\/dicodusport.fr\/blog\/#website"},"primaryImageOfPage":{"@id":"https:\/\/dicodusport.fr\/blog\/benoit-paire-fait-une-pause-avec-le-tennis\/#primaryimage"},"image":{"@id":"https:\/\/dicodusport.fr\/blog\/benoit-paire-fait-une-pause-avec-le-tennis\/#primaryimage"},"thumbnailUrl":"https:\/\/dicodusport.fr\/blog\/wp-content\/uploads\/2022\/06\/Benoit-Paire-fait-une-pause-avec-le-tennis.png","datePublished":"2022-06-06T18:48:23+00:00","description":"TENNIS - SAISON ATP 2022 - Beno\u00eet Paire a annonc\u00e9 une pause d'une dur\u00e9e ind\u00e9termin\u00e9e sur les r\u00e9seaux sociaux.","breadcrumb":{"@id":"https:\/\/dicodusport.fr\/blog\/benoit-paire-fait-une-pause-avec-le-tennis\/#breadcrumb"},"inLanguage":"fr-FR","potentialAction":[{"@type":"ReadAction","target":["https:\/\/dicodusport.fr\/blog\/benoit-paire-fait-une-pause-avec-le-tennis\/"]}]},{"@type":"ImageObject","inLanguage":"fr-FR","@id":"https:\/\/dicodusport.fr\/blog\/benoit-paire-fait-une-pause-avec-le-tennis\/#primaryimage","url":"https:\/\/dicodusport.fr\/blog\/wp-content\/uploads\/2022\/06\/Benoit-Paire-fait-une-pause-avec-le-tennis.png","contentUrl":"https:\/\/dicodusport.fr\/blog\/wp-content\/uploads\/2022\/06\/Benoit-Paire-fait-une-pause-avec-le-tennis.png","width":800,"height":445,"caption":"Beno\u00eet Paire fait une pause avec le tennis"},{"@type":"BreadcrumbList","@id":"https:\/\/dicodusport.fr\/blog\/benoit-paire-fait-une-pause-avec-le-tennis\/#breadcrumb","itemListElement":[{"@type":"ListItem","position":1,"name":"Accueil","item":"https:\/\/dicodusport.fr\/blog\/"},{"@type":"ListItem","position":2,"name":"Beno\u00eet Paire fait une pause avec le tennis"}]},{"@type":"WebSite","@id":"https:\/\/dicodusport.fr\/blog\/#website","url":"https:\/\/dicodusport.fr\/blog\/","name":"Dicodusport","description":"L&#039;encyclop\u00e9die de l&#039;actualit\u00e9 sportive","publisher":{"@id":"https:\/\/dicodusport.fr\/blog\/#organization"},"potentialAction":[{"@type":"SearchAction","target":{"@type":"EntryPoint","urlTemplate":"https:\/\/dicodusport.fr\/blog\/?s={search_term_string}"},"query-input":{"@type":"PropertyValueSpecification","valueRequired":true,"valueName":"search_term_string"}}],"inLanguage":"fr-FR"},{"@type":"NewsMediaOrganization","@id":"https:\/\/dicodusport.fr\/blog\/#organization","name":"Dicodusport","url":"https:\/\/dicodusport.fr\/blog\/","logo":{"@type":"ImageObject","inLanguage":"fr-FR","@id":"https:\/\/dicodusport.fr\/blog\/#\/schema\/logo\/image\/","url":"https:\/\/dicodusport.fr\/blog\/wp-content\/uploads\/2020\/06\/cropped-LOGO-DICODUSPORT-2020-SANS-FOND-SANS-TEXTE.png","contentUrl":"https:\/\/dicodusport.fr\/blog\/wp-content\/uploads\/2020\/06\/cropped-LOGO-DICODUSPORT-2020-SANS-FOND-SANS-TEXTE.png","width":512,"height":512,"caption":"Dicodusport"},"image":{"@id":"https:\/\/dicodusport.fr\/blog\/#\/schema\/logo\/image\/"},"sameAs":["https:\/\/www.facebook.com\/dicodusport","https:\/\/x.com\/dicodusport","https:\/\/www.instagram.com\/dicodusport\/","https:\/\/www.youtube.com\/channel\/UC7V2KZ5sd3htJivAbA4ZG3w"],"description":"Dicodusport est l'encyclop\u00e9die de l'actualit\u00e9 sportive.","email":"bonjour@dicodusport.fr","legalName":"DICODUSPORT","foundingDate":"2018-01-14","vatID":"FR71834470973","taxID":"83447097300043","numberOfEmployees":{"@type":"QuantitativeValue","minValue":"1","maxValue":"10"}},{"@type":"Person","@id":"https:\/\/dicodusport.fr\/blog\/#\/schema\/person\/627966a6cde45dbd8c5e36ac85d783da","name":"S\u00e9bastien Gente","image":{"@type":"ImageObject","inLanguage":"fr-FR","@id":"https:\/\/dicodusport.fr\/blog\/#\/schema\/person\/image\/","url":"https:\/\/dicodusport.fr\/blog\/wp-content\/uploads\/2021\/09\/1510990_10205810251400683_4124423575079401707_n-150x150.jpg","contentUrl":"https:\/\/dicodusport.fr\/blog\/wp-content\/uploads\/2021\/09\/1510990_10205810251400683_4124423575079401707_n-150x150.jpg","caption":"S\u00e9bastien Gente"},"description":"John Stockton, Gianni Bugno, Zinedine Zidane, Steffi Graf, Frode Andresen, St\u00e9phane Stoecklin, Davis Kamoga, Primoz Peterka, Werner Schlager et Aur\u00e9lien Rougerie. Point commun entre ces sportifs? Ils m'ont fait r\u00eaver et ont berc\u00e9 mon adolescence. Je suis un fondu de sports et j'essaie de retranscrire ma passion \u00e0 travers mes articles. Originaire du P\u00e9rigord, ma passion pour les Girondins, les Jaunards et les Jazzmen transpire dans mes \u00e9crits. \u00c0 Dicodusport depuis 2021, je d\u00e9niche les sports m\u00e9connus dans lesquels la France brille, et il y en a !","sameAs":["https:\/\/www.facebook.com\/sebastien.gente\/","https:\/\/www.instagram.com\/sebgente\/","https:\/\/www.linkedin.com\/in\/sbastien-gente-a29583169\/","https:\/\/x.com\/https:\/\/twitter.com\/globulo24","SebastienGente"],"worksFor":"S\u00e9bastien GENTE","url":"https:\/\/dicodusport.fr\/blog\/author\/sebastiengente\/"}]}},"_links":{"self":[{"href":"https:\/\/dicodusport.fr\/blog\/wp-json\/wp\/v2\/posts\/230610","targetHints":{"allow":["GET"]}}],"collection":[{"href":"https:\/\/dicodusport.fr\/blog\/wp-json\/wp\/v2\/posts"}],"about":[{"href":"https:\/\/dicodusport.fr\/blog\/wp-json\/wp\/v2\/types\/post"}],"author":[{"embeddable":true,"href":"https:\/\/dicodusport.fr\/blog\/wp-json\/wp\/v2\/users\/59"}],"replies":[{"embeddable":true,"href":"https:\/\/dicodusport.fr\/blog\/wp-json\/wp\/v2\/comments?post=230610"}],"version-history":[{"count":0,"href":"https:\/\/dicodusport.fr\/blog\/wp-json\/wp\/v2\/posts\/230610\/revisions"}],"wp:featuredmedia":[{"embeddable":true,"href":"https:\/\/dicodusport.fr\/blog\/wp-json\/wp\/v2\/media\/230616"}],"wp:attachment":[{"href":"https:\/\/dicodusport.fr\/blog\/wp-json\/wp\/v2\/media?parent=230610"}],"wp:term":[{"taxonomy":"category","embeddable":true,"href":"https:\/\/dicodusport.fr\/blog\/wp-json\/wp\/v2\/categories?post=230610"},{"taxonomy":"post_tag","embeddable":true,"href":"https:\/\/dicodusport.fr\/blog\/wp-json\/wp\/v2\/tags?post=230610"}],"curies":[{"name":"wp","href":"https:\/\/api.w.org\/{rel}","templated":true}]}}