{"id":230926,"date":"2022-06-08T12:18:50","date_gmt":"2022-06-08T10:18:50","guid":{"rendered":"https:\/\/dicodusport.fr\/blog\/?p=230926&#038;preview=true&#038;preview_id=230926"},"modified":"2022-06-08T14:32:20","modified_gmt":"2022-06-08T12:32:20","slug":"force-athletique-noemie-allabert-conserve-son-titre-mondial","status":"publish","type":"post","link":"https:\/\/dicodusport.fr\/blog\/force-athletique-noemie-allabert-conserve-son-titre-mondial\/","title":{"rendered":"Force athl\u00e9tique : No\u00e9mie Allabert conserve son titre mondial"},"content":{"rendered":"<p style=\"text-align: justify;\"><b><i>CHAMPIONNATS DU MONDE DE FORCE ATHL\u00c9TIQUE &#8211; No\u00e9mie Allabert, meilleure Fran\u00e7aise de la discipline, a remport\u00e9 un second titre cons\u00e9cutif lors des mondiaux disput\u00e9s en Afrique du Sud.<\/i><\/b><\/p>\n<p style=\"text-align: justify;\">Discipline voisine de l&rsquo;halt\u00e9rophilie, la force athl\u00e9tique n&rsquo;est elle pas olympique. Elle consiste en trois mouvements distincts (la flexion de jambes, le d\u00e9velopp\u00e9-couch\u00e9 et le soulever de terre), et a pour caract\u00e9ristiques des charges plus lourdes. <strong>No\u00e9mie Allabert<\/strong> est l&rsquo;une des reines de la discipline. L&rsquo;an pass\u00e9, elle avait d\u00e9croch\u00e9 son premier titre de championne du monde dans la cat\u00e9gorie des moins de 52 kg. Elle a conserv\u00e9 ce titre mondial cette ann\u00e9e \u00e0 Sun City (Afrique du\u00a0 Sud).<\/p>\n<blockquote class=\"twitter-tweet\">\n<p dir=\"ltr\" lang=\"fr\">Championne du monde -52 kilos &#x1f947;<\/p>\n<p>Pour la 2\u00e8me ann\u00e9e cons\u00e9cutive je deviens la meilleure athl\u00e8te en -52 kilos et je conserve mon record du monde en l\u2019am\u00e9liorant de 2 kilos &#x2764;&#xfe0f;<\/p>\n<p>&#x1f948;Squat : 168 kgs<br \/>\n&#x1f921;Bench : 77.5 kgs<br \/>\n&#x1f948;Deadlift : 192.5 kgs<br \/>\n&#x1f947;Total : 438 kilos (Record &#x1f30d;)<a href=\"https:\/\/twitter.com\/SBDApparel?ref_src=twsrc%5Etfw\">@SBDApparel<\/a> <a href=\"https:\/\/t.co\/3wDuRuL1rd\">pic.twitter.com\/3wDuRuL1rd<\/a><\/p>\n<p>\u2014 No\u00e9mie Allabert (@noemieallabert) <a href=\"https:\/\/twitter.com\/noemieallabert\/status\/1534407677228490753?ref_src=twsrc%5Etfw\">June 8, 2022<\/a><\/p><\/blockquote>\n<p><script async src=\"https:\/\/platform.twitter.com\/widgets.js\" charset=\"utf-8\"><\/script><\/p>\n<p style=\"text-align: justify;\">Elle a pris la m\u00e9daille d&rsquo;argent dans deux mouvements, la flexion de jambes (<em>squat<\/em>) et le soulever de terre (<em>deadlift<\/em>). Malgr\u00e9 une performance moyenne sur le d\u00e9velopp\u00e9-couch\u00e9 (<em>bench<\/em>), elle a remport\u00e9 comme l&rsquo;an dernier la comp\u00e9tition au classement g\u00e9n\u00e9ral, avec <strong>438<\/strong> kg soulev\u00e9s au total. Ainsi, elle am\u00e9liore son pr\u00e9c\u00e9dent record du monde (<strong>436 kg<\/strong>). Elle dispose d\u00e9sormais d&rsquo;un palmar\u00e8s \u00e9loquent, avec en plus trois m\u00e9dailles d&rsquo;or europ\u00e9ennes et une multitude de titres nationaux.<\/p>\n","protected":false},"excerpt":{"rendered":"<p>CHAMPIONNATS DU MONDE DE FORCE ATHL\u00c9TIQUE &#8211; No\u00e9mie Allabert, meilleure Fran\u00e7aise de la discipline, a remport\u00e9 un second titre cons\u00e9cutif lors des mondiaux disput\u00e9s en Afrique du Sud.<\/p>\n","protected":false},"author":59,"featured_media":230947,"comment_status":"open","ping_status":"closed","sticky":false,"template":"","format":"standard","meta":{"_acf_changed":false,"_daextam_enable_autolinks":"","footnotes":""},"categories":[10626],"tags":[24],"class_list":["post-230926","post","type-post","status-publish","format-standard","has-post-thumbnail","hentry","category-sports-de-force","tag-sport"],"acf":[],"yoast_head":"<!-- This site is optimized with the Yoast SEO Premium plugin v26.7 (Yoast SEO v26.7) - https:\/\/yoast.com\/wordpress\/plugins\/seo\/ -->\n<title>Force athl\u00e9tique : No\u00e9mie Allabert conserve son titre mondial<\/title>\n<meta name=\"description\" content=\"CHAMPIONNATS DU MONDE DE FORCE ATHL\u00c9TIQUE - No\u00e9mie Allabert, meilleure Fran\u00e7aise de la discipline, a remport\u00e9 un second titre mondial.\" \/>\n<meta name=\"robots\" content=\"index, follow, max-snippet:-1, max-image-preview:large, max-video-preview:-1\" \/>\n<link rel=\"canonical\" href=\"https:\/\/dicodusport.fr\/blog\/force-athletique-noemie-allabert-conserve-son-titre-mondial\/\" \/>\n<meta property=\"og:locale\" content=\"fr_FR\" \/>\n<meta property=\"og:type\" content=\"article\" \/>\n<meta property=\"og:title\" content=\"Force athl\u00e9tique : No\u00e9mie Allabert conserve son titre mondial\" \/>\n<meta property=\"og:description\" content=\"CHAMPIONNATS DU MONDE DE FORCE ATHL\u00c9TIQUE - No\u00e9mie Allabert, meilleure Fran\u00e7aise de la discipline, a remport\u00e9 un second titre mondial.\" \/>\n<meta property=\"og:url\" content=\"https:\/\/dicodusport.fr\/blog\/force-athletique-noemie-allabert-conserve-son-titre-mondial\/\" \/>\n<meta property=\"og:site_name\" content=\"Dicodusport\" \/>\n<meta property=\"article:publisher\" content=\"https:\/\/www.facebook.com\/dicodusport\" \/>\n<meta property=\"article:author\" content=\"https:\/\/www.facebook.com\/sebastien.gente\/\" \/>\n<meta property=\"article:published_time\" content=\"2022-06-08T10:18:50+00:00\" \/>\n<meta property=\"article:modified_time\" content=\"2022-06-08T12:32:20+00:00\" \/>\n<meta property=\"og:image\" content=\"https:\/\/dicodusport.fr\/blog\/wp-content\/uploads\/2022\/06\/Force-athletique-Noemie-Allabert-conserve-son-titre-mondial.png\" \/>\n\t<meta property=\"og:image:width\" content=\"800\" \/>\n\t<meta property=\"og:image:height\" content=\"445\" \/>\n\t<meta property=\"og:image:type\" content=\"image\/png\" \/>\n<meta name=\"author\" content=\"S\u00e9bastien Gente\" \/>\n<meta name=\"twitter:card\" content=\"summary_large_image\" \/>\n<meta name=\"twitter:title\" content=\"Force athl\u00e9tique : No\u00e9mie Allabert conserve son titre mondial\" \/>\n<meta name=\"twitter:creator\" content=\"@https:\/\/twitter.com\/globulo24\" \/>\n<meta name=\"twitter:site\" content=\"@dicodusport\" \/>\n<script type=\"application\/ld+json\" class=\"yoast-schema-graph\">{\"@context\":\"https:\/\/schema.org\",\"@graph\":[{\"@type\":\"NewsArticle\",\"@id\":\"https:\/\/dicodusport.fr\/blog\/force-athletique-noemie-allabert-conserve-son-titre-mondial\/#article\",\"isPartOf\":{\"@id\":\"https:\/\/dicodusport.fr\/blog\/force-athletique-noemie-allabert-conserve-son-titre-mondial\/\"},\"author\":{\"name\":\"S\u00e9bastien Gente\",\"@id\":\"https:\/\/dicodusport.fr\/blog\/#\/schema\/person\/627966a6cde45dbd8c5e36ac85d783da\"},\"headline\":\"Force athl\u00e9tique : No\u00e9mie Allabert conserve son titre mondial\",\"datePublished\":\"2022-06-08T10:18:50+00:00\",\"dateModified\":\"2022-06-08T12:32:20+00:00\",\"mainEntityOfPage\":{\"@id\":\"https:\/\/dicodusport.fr\/blog\/force-athletique-noemie-allabert-conserve-son-titre-mondial\/\"},\"wordCount\":293,\"commentCount\":0,\"publisher\":{\"@id\":\"https:\/\/dicodusport.fr\/blog\/#organization\"},\"image\":{\"@id\":\"https:\/\/dicodusport.fr\/blog\/force-athletique-noemie-allabert-conserve-son-titre-mondial\/#primaryimage\"},\"thumbnailUrl\":\"https:\/\/dicodusport.fr\/blog\/wp-content\/uploads\/2022\/06\/Force-athletique-Noemie-Allabert-conserve-son-titre-mondial.png\",\"keywords\":[\"sport\"],\"articleSection\":[\"Sports de force\"],\"inLanguage\":\"fr-FR\",\"potentialAction\":[{\"@type\":\"CommentAction\",\"name\":\"Comment\",\"target\":[\"https:\/\/dicodusport.fr\/blog\/force-athletique-noemie-allabert-conserve-son-titre-mondial\/#respond\"]}],\"copyrightYear\":\"2022\",\"copyrightHolder\":{\"@id\":\"https:\/\/dicodusport.fr\/blog\/#organization\"}},{\"@type\":\"WebPage\",\"@id\":\"https:\/\/dicodusport.fr\/blog\/force-athletique-noemie-allabert-conserve-son-titre-mondial\/\",\"url\":\"https:\/\/dicodusport.fr\/blog\/force-athletique-noemie-allabert-conserve-son-titre-mondial\/\",\"name\":\"Force athl\u00e9tique : No\u00e9mie Allabert conserve son titre mondial\",\"isPartOf\":{\"@id\":\"https:\/\/dicodusport.fr\/blog\/#website\"},\"primaryImageOfPage\":{\"@id\":\"https:\/\/dicodusport.fr\/blog\/force-athletique-noemie-allabert-conserve-son-titre-mondial\/#primaryimage\"},\"image\":{\"@id\":\"https:\/\/dicodusport.fr\/blog\/force-athletique-noemie-allabert-conserve-son-titre-mondial\/#primaryimage\"},\"thumbnailUrl\":\"https:\/\/dicodusport.fr\/blog\/wp-content\/uploads\/2022\/06\/Force-athletique-Noemie-Allabert-conserve-son-titre-mondial.png\",\"datePublished\":\"2022-06-08T10:18:50+00:00\",\"dateModified\":\"2022-06-08T12:32:20+00:00\",\"description\":\"CHAMPIONNATS DU MONDE DE FORCE ATHL\u00c9TIQUE - No\u00e9mie Allabert, meilleure Fran\u00e7aise de la discipline, a remport\u00e9 un second titre mondial.\",\"breadcrumb\":{\"@id\":\"https:\/\/dicodusport.fr\/blog\/force-athletique-noemie-allabert-conserve-son-titre-mondial\/#breadcrumb\"},\"inLanguage\":\"fr-FR\",\"potentialAction\":[{\"@type\":\"ReadAction\",\"target\":[\"https:\/\/dicodusport.fr\/blog\/force-athletique-noemie-allabert-conserve-son-titre-mondial\/\"]}]},{\"@type\":\"ImageObject\",\"inLanguage\":\"fr-FR\",\"@id\":\"https:\/\/dicodusport.fr\/blog\/force-athletique-noemie-allabert-conserve-son-titre-mondial\/#primaryimage\",\"url\":\"https:\/\/dicodusport.fr\/blog\/wp-content\/uploads\/2022\/06\/Force-athletique-Noemie-Allabert-conserve-son-titre-mondial.png\",\"contentUrl\":\"https:\/\/dicodusport.fr\/blog\/wp-content\/uploads\/2022\/06\/Force-athletique-Noemie-Allabert-conserve-son-titre-mondial.png\",\"width\":800,\"height\":445,\"caption\":\"Force athl\u00e9tique No\u00e9mie Allabert conserve son titre mondial\"},{\"@type\":\"BreadcrumbList\",\"@id\":\"https:\/\/dicodusport.fr\/blog\/force-athletique-noemie-allabert-conserve-son-titre-mondial\/#breadcrumb\",\"itemListElement\":[{\"@type\":\"ListItem\",\"position\":1,\"name\":\"Accueil\",\"item\":\"https:\/\/dicodusport.fr\/blog\/\"},{\"@type\":\"ListItem\",\"position\":2,\"name\":\"Force athl\u00e9tique : No\u00e9mie Allabert conserve son titre mondial\"}]},{\"@type\":\"WebSite\",\"@id\":\"https:\/\/dicodusport.fr\/blog\/#website\",\"url\":\"https:\/\/dicodusport.fr\/blog\/\",\"name\":\"Dicodusport\",\"description\":\"L&#039;encyclop\u00e9die de l&#039;actualit\u00e9 sportive\",\"publisher\":{\"@id\":\"https:\/\/dicodusport.fr\/blog\/#organization\"},\"potentialAction\":[{\"@type\":\"SearchAction\",\"target\":{\"@type\":\"EntryPoint\",\"urlTemplate\":\"https:\/\/dicodusport.fr\/blog\/?s={search_term_string}\"},\"query-input\":{\"@type\":\"PropertyValueSpecification\",\"valueRequired\":true,\"valueName\":\"search_term_string\"}}],\"inLanguage\":\"fr-FR\"},{\"@type\":\"NewsMediaOrganization\",\"@id\":\"https:\/\/dicodusport.fr\/blog\/#organization\",\"name\":\"Dicodusport\",\"url\":\"https:\/\/dicodusport.fr\/blog\/\",\"logo\":{\"@type\":\"ImageObject\",\"inLanguage\":\"fr-FR\",\"@id\":\"https:\/\/dicodusport.fr\/blog\/#\/schema\/logo\/image\/\",\"url\":\"https:\/\/dicodusport.fr\/blog\/wp-content\/uploads\/2020\/06\/cropped-LOGO-DICODUSPORT-2020-SANS-FOND-SANS-TEXTE.png\",\"contentUrl\":\"https:\/\/dicodusport.fr\/blog\/wp-content\/uploads\/2020\/06\/cropped-LOGO-DICODUSPORT-2020-SANS-FOND-SANS-TEXTE.png\",\"width\":512,\"height\":512,\"caption\":\"Dicodusport\"},\"image\":{\"@id\":\"https:\/\/dicodusport.fr\/blog\/#\/schema\/logo\/image\/\"},\"sameAs\":[\"https:\/\/www.facebook.com\/dicodusport\",\"https:\/\/x.com\/dicodusport\",\"https:\/\/www.instagram.com\/dicodusport\/\",\"https:\/\/www.youtube.com\/channel\/UC7V2KZ5sd3htJivAbA4ZG3w\"],\"description\":\"Dicodusport est l'encyclop\u00e9die de l'actualit\u00e9 sportive.\",\"email\":\"bonjour@dicodusport.fr\",\"legalName\":\"DICODUSPORT\",\"foundingDate\":\"2018-01-14\",\"vatID\":\"FR71834470973\",\"taxID\":\"83447097300043\",\"numberOfEmployees\":{\"@type\":\"QuantitativeValue\",\"minValue\":\"1\",\"maxValue\":\"10\"}},{\"@type\":\"Person\",\"@id\":\"https:\/\/dicodusport.fr\/blog\/#\/schema\/person\/627966a6cde45dbd8c5e36ac85d783da\",\"name\":\"S\u00e9bastien Gente\",\"image\":{\"@type\":\"ImageObject\",\"inLanguage\":\"fr-FR\",\"@id\":\"https:\/\/dicodusport.fr\/blog\/#\/schema\/person\/image\/\",\"url\":\"https:\/\/dicodusport.fr\/blog\/wp-content\/uploads\/2021\/09\/1510990_10205810251400683_4124423575079401707_n-150x150.jpg\",\"contentUrl\":\"https:\/\/dicodusport.fr\/blog\/wp-content\/uploads\/2021\/09\/1510990_10205810251400683_4124423575079401707_n-150x150.jpg\",\"caption\":\"S\u00e9bastien Gente\"},\"description\":\"John Stockton, Gianni Bugno, Zinedine Zidane, Steffi Graf, Frode Andresen, St\u00e9phane Stoecklin, Davis Kamoga, Primoz Peterka, Werner Schlager et Aur\u00e9lien Rougerie. Point commun entre ces sportifs? Ils m'ont fait r\u00eaver et ont berc\u00e9 mon adolescence. Je suis un fondu de sports et j'essaie de retranscrire ma passion \u00e0 travers mes articles. Originaire du P\u00e9rigord, ma passion pour les Girondins, les Jaunards et les Jazzmen transpire dans mes \u00e9crits. \u00c0 Dicodusport depuis 2021, je d\u00e9niche les sports m\u00e9connus dans lesquels la France brille, et il y en a !\",\"sameAs\":[\"https:\/\/www.facebook.com\/sebastien.gente\/\",\"https:\/\/www.instagram.com\/sebgente\/\",\"https:\/\/www.linkedin.com\/in\/sbastien-gente-a29583169\/\",\"https:\/\/x.com\/https:\/\/twitter.com\/globulo24\",\"SebastienGente\"],\"worksFor\":\"S\u00e9bastien GENTE\",\"url\":\"https:\/\/dicodusport.fr\/blog\/author\/sebastiengente\/\"}]}<\/script>\n<!-- \/ Yoast SEO Premium plugin. -->","yoast_head_json":{"title":"Force athl\u00e9tique : No\u00e9mie Allabert conserve son titre mondial","description":"CHAMPIONNATS DU MONDE DE FORCE ATHL\u00c9TIQUE - No\u00e9mie Allabert, meilleure Fran\u00e7aise de la discipline, a remport\u00e9 un second titre mondial.","robots":{"index":"index","follow":"follow","max-snippet":"max-snippet:-1","max-image-preview":"max-image-preview:large","max-video-preview":"max-video-preview:-1"},"canonical":"https:\/\/dicodusport.fr\/blog\/force-athletique-noemie-allabert-conserve-son-titre-mondial\/","og_locale":"fr_FR","og_type":"article","og_title":"Force athl\u00e9tique : No\u00e9mie Allabert conserve son titre mondial","og_description":"CHAMPIONNATS DU MONDE DE FORCE ATHL\u00c9TIQUE - No\u00e9mie Allabert, meilleure Fran\u00e7aise de la discipline, a remport\u00e9 un second titre mondial.","og_url":"https:\/\/dicodusport.fr\/blog\/force-athletique-noemie-allabert-conserve-son-titre-mondial\/","og_site_name":"Dicodusport","article_publisher":"https:\/\/www.facebook.com\/dicodusport","article_author":"https:\/\/www.facebook.com\/sebastien.gente\/","article_published_time":"2022-06-08T10:18:50+00:00","article_modified_time":"2022-06-08T12:32:20+00:00","og_image":[{"width":800,"height":445,"url":"https:\/\/dicodusport.fr\/blog\/wp-content\/uploads\/2022\/06\/Force-athletique-Noemie-Allabert-conserve-son-titre-mondial.png","type":"image\/png"}],"author":"S\u00e9bastien Gente","twitter_card":"summary_large_image","twitter_title":"Force athl\u00e9tique : No\u00e9mie Allabert conserve son titre mondial","twitter_creator":"@https:\/\/twitter.com\/globulo24","twitter_site":"@dicodusport","schema":{"@context":"https:\/\/schema.org","@graph":[{"@type":"NewsArticle","@id":"https:\/\/dicodusport.fr\/blog\/force-athletique-noemie-allabert-conserve-son-titre-mondial\/#article","isPartOf":{"@id":"https:\/\/dicodusport.fr\/blog\/force-athletique-noemie-allabert-conserve-son-titre-mondial\/"},"author":{"name":"S\u00e9bastien Gente","@id":"https:\/\/dicodusport.fr\/blog\/#\/schema\/person\/627966a6cde45dbd8c5e36ac85d783da"},"headline":"Force athl\u00e9tique : No\u00e9mie Allabert conserve son titre mondial","datePublished":"2022-06-08T10:18:50+00:00","dateModified":"2022-06-08T12:32:20+00:00","mainEntityOfPage":{"@id":"https:\/\/dicodusport.fr\/blog\/force-athletique-noemie-allabert-conserve-son-titre-mondial\/"},"wordCount":293,"commentCount":0,"publisher":{"@id":"https:\/\/dicodusport.fr\/blog\/#organization"},"image":{"@id":"https:\/\/dicodusport.fr\/blog\/force-athletique-noemie-allabert-conserve-son-titre-mondial\/#primaryimage"},"thumbnailUrl":"https:\/\/dicodusport.fr\/blog\/wp-content\/uploads\/2022\/06\/Force-athletique-Noemie-Allabert-conserve-son-titre-mondial.png","keywords":["sport"],"articleSection":["Sports de force"],"inLanguage":"fr-FR","potentialAction":[{"@type":"CommentAction","name":"Comment","target":["https:\/\/dicodusport.fr\/blog\/force-athletique-noemie-allabert-conserve-son-titre-mondial\/#respond"]}],"copyrightYear":"2022","copyrightHolder":{"@id":"https:\/\/dicodusport.fr\/blog\/#organization"}},{"@type":"WebPage","@id":"https:\/\/dicodusport.fr\/blog\/force-athletique-noemie-allabert-conserve-son-titre-mondial\/","url":"https:\/\/dicodusport.fr\/blog\/force-athletique-noemie-allabert-conserve-son-titre-mondial\/","name":"Force athl\u00e9tique : No\u00e9mie Allabert conserve son titre mondial","isPartOf":{"@id":"https:\/\/dicodusport.fr\/blog\/#website"},"primaryImageOfPage":{"@id":"https:\/\/dicodusport.fr\/blog\/force-athletique-noemie-allabert-conserve-son-titre-mondial\/#primaryimage"},"image":{"@id":"https:\/\/dicodusport.fr\/blog\/force-athletique-noemie-allabert-conserve-son-titre-mondial\/#primaryimage"},"thumbnailUrl":"https:\/\/dicodusport.fr\/blog\/wp-content\/uploads\/2022\/06\/Force-athletique-Noemie-Allabert-conserve-son-titre-mondial.png","datePublished":"2022-06-08T10:18:50+00:00","dateModified":"2022-06-08T12:32:20+00:00","description":"CHAMPIONNATS DU MONDE DE FORCE ATHL\u00c9TIQUE - No\u00e9mie Allabert, meilleure Fran\u00e7aise de la discipline, a remport\u00e9 un second titre mondial.","breadcrumb":{"@id":"https:\/\/dicodusport.fr\/blog\/force-athletique-noemie-allabert-conserve-son-titre-mondial\/#breadcrumb"},"inLanguage":"fr-FR","potentialAction":[{"@type":"ReadAction","target":["https:\/\/dicodusport.fr\/blog\/force-athletique-noemie-allabert-conserve-son-titre-mondial\/"]}]},{"@type":"ImageObject","inLanguage":"fr-FR","@id":"https:\/\/dicodusport.fr\/blog\/force-athletique-noemie-allabert-conserve-son-titre-mondial\/#primaryimage","url":"https:\/\/dicodusport.fr\/blog\/wp-content\/uploads\/2022\/06\/Force-athletique-Noemie-Allabert-conserve-son-titre-mondial.png","contentUrl":"https:\/\/dicodusport.fr\/blog\/wp-content\/uploads\/2022\/06\/Force-athletique-Noemie-Allabert-conserve-son-titre-mondial.png","width":800,"height":445,"caption":"Force athl\u00e9tique No\u00e9mie Allabert conserve son titre mondial"},{"@type":"BreadcrumbList","@id":"https:\/\/dicodusport.fr\/blog\/force-athletique-noemie-allabert-conserve-son-titre-mondial\/#breadcrumb","itemListElement":[{"@type":"ListItem","position":1,"name":"Accueil","item":"https:\/\/dicodusport.fr\/blog\/"},{"@type":"ListItem","position":2,"name":"Force athl\u00e9tique : No\u00e9mie Allabert conserve son titre mondial"}]},{"@type":"WebSite","@id":"https:\/\/dicodusport.fr\/blog\/#website","url":"https:\/\/dicodusport.fr\/blog\/","name":"Dicodusport","description":"L&#039;encyclop\u00e9die de l&#039;actualit\u00e9 sportive","publisher":{"@id":"https:\/\/dicodusport.fr\/blog\/#organization"},"potentialAction":[{"@type":"SearchAction","target":{"@type":"EntryPoint","urlTemplate":"https:\/\/dicodusport.fr\/blog\/?s={search_term_string}"},"query-input":{"@type":"PropertyValueSpecification","valueRequired":true,"valueName":"search_term_string"}}],"inLanguage":"fr-FR"},{"@type":"NewsMediaOrganization","@id":"https:\/\/dicodusport.fr\/blog\/#organization","name":"Dicodusport","url":"https:\/\/dicodusport.fr\/blog\/","logo":{"@type":"ImageObject","inLanguage":"fr-FR","@id":"https:\/\/dicodusport.fr\/blog\/#\/schema\/logo\/image\/","url":"https:\/\/dicodusport.fr\/blog\/wp-content\/uploads\/2020\/06\/cropped-LOGO-DICODUSPORT-2020-SANS-FOND-SANS-TEXTE.png","contentUrl":"https:\/\/dicodusport.fr\/blog\/wp-content\/uploads\/2020\/06\/cropped-LOGO-DICODUSPORT-2020-SANS-FOND-SANS-TEXTE.png","width":512,"height":512,"caption":"Dicodusport"},"image":{"@id":"https:\/\/dicodusport.fr\/blog\/#\/schema\/logo\/image\/"},"sameAs":["https:\/\/www.facebook.com\/dicodusport","https:\/\/x.com\/dicodusport","https:\/\/www.instagram.com\/dicodusport\/","https:\/\/www.youtube.com\/channel\/UC7V2KZ5sd3htJivAbA4ZG3w"],"description":"Dicodusport est l'encyclop\u00e9die de l'actualit\u00e9 sportive.","email":"bonjour@dicodusport.fr","legalName":"DICODUSPORT","foundingDate":"2018-01-14","vatID":"FR71834470973","taxID":"83447097300043","numberOfEmployees":{"@type":"QuantitativeValue","minValue":"1","maxValue":"10"}},{"@type":"Person","@id":"https:\/\/dicodusport.fr\/blog\/#\/schema\/person\/627966a6cde45dbd8c5e36ac85d783da","name":"S\u00e9bastien Gente","image":{"@type":"ImageObject","inLanguage":"fr-FR","@id":"https:\/\/dicodusport.fr\/blog\/#\/schema\/person\/image\/","url":"https:\/\/dicodusport.fr\/blog\/wp-content\/uploads\/2021\/09\/1510990_10205810251400683_4124423575079401707_n-150x150.jpg","contentUrl":"https:\/\/dicodusport.fr\/blog\/wp-content\/uploads\/2021\/09\/1510990_10205810251400683_4124423575079401707_n-150x150.jpg","caption":"S\u00e9bastien Gente"},"description":"John Stockton, Gianni Bugno, Zinedine Zidane, Steffi Graf, Frode Andresen, St\u00e9phane Stoecklin, Davis Kamoga, Primoz Peterka, Werner Schlager et Aur\u00e9lien Rougerie. Point commun entre ces sportifs? Ils m'ont fait r\u00eaver et ont berc\u00e9 mon adolescence. Je suis un fondu de sports et j'essaie de retranscrire ma passion \u00e0 travers mes articles. Originaire du P\u00e9rigord, ma passion pour les Girondins, les Jaunards et les Jazzmen transpire dans mes \u00e9crits. \u00c0 Dicodusport depuis 2021, je d\u00e9niche les sports m\u00e9connus dans lesquels la France brille, et il y en a !","sameAs":["https:\/\/www.facebook.com\/sebastien.gente\/","https:\/\/www.instagram.com\/sebgente\/","https:\/\/www.linkedin.com\/in\/sbastien-gente-a29583169\/","https:\/\/x.com\/https:\/\/twitter.com\/globulo24","SebastienGente"],"worksFor":"S\u00e9bastien GENTE","url":"https:\/\/dicodusport.fr\/blog\/author\/sebastiengente\/"}]}},"_links":{"self":[{"href":"https:\/\/dicodusport.fr\/blog\/wp-json\/wp\/v2\/posts\/230926","targetHints":{"allow":["GET"]}}],"collection":[{"href":"https:\/\/dicodusport.fr\/blog\/wp-json\/wp\/v2\/posts"}],"about":[{"href":"https:\/\/dicodusport.fr\/blog\/wp-json\/wp\/v2\/types\/post"}],"author":[{"embeddable":true,"href":"https:\/\/dicodusport.fr\/blog\/wp-json\/wp\/v2\/users\/59"}],"replies":[{"embeddable":true,"href":"https:\/\/dicodusport.fr\/blog\/wp-json\/wp\/v2\/comments?post=230926"}],"version-history":[{"count":0,"href":"https:\/\/dicodusport.fr\/blog\/wp-json\/wp\/v2\/posts\/230926\/revisions"}],"wp:featuredmedia":[{"embeddable":true,"href":"https:\/\/dicodusport.fr\/blog\/wp-json\/wp\/v2\/media\/230947"}],"wp:attachment":[{"href":"https:\/\/dicodusport.fr\/blog\/wp-json\/wp\/v2\/media?parent=230926"}],"wp:term":[{"taxonomy":"category","embeddable":true,"href":"https:\/\/dicodusport.fr\/blog\/wp-json\/wp\/v2\/categories?post=230926"},{"taxonomy":"post_tag","embeddable":true,"href":"https:\/\/dicodusport.fr\/blog\/wp-json\/wp\/v2\/tags?post=230926"}],"curies":[{"name":"wp","href":"https:\/\/api.w.org\/{rel}","templated":true}]}}