{"id":231011,"date":"2022-06-08T15:46:27","date_gmt":"2022-06-08T13:46:27","guid":{"rendered":"https:\/\/dicodusport.fr\/blog\/?p=231011&#038;preview=true&#038;preview_id=231011"},"modified":"2022-06-08T16:02:55","modified_gmt":"2022-06-08T14:02:55","slug":"lolympique-lyonnais-va-etre-vendu-en-partie-aux-americains","status":"publish","type":"post","link":"https:\/\/dicodusport.fr\/blog\/lolympique-lyonnais-va-etre-vendu-en-partie-aux-americains\/","title":{"rendered":"L&rsquo;Olympique Lyonnais va \u00eatre vendu en partie aux Am\u00e9ricains"},"content":{"rendered":"<p style=\"text-align: justify;\"><b><i>FOOTBALL &#8211; Selon RMC Sport, l&rsquo;Olympique Lyonnais va c\u00e9der 40% de ses parts \u00e0 un fonds d&rsquo;investissement am\u00e9ricain.\u00a0<\/i><\/b><\/p>\n<p style=\"text-align: justify;\"><strong>Path\u00e9<\/strong> et <strong>IDG<\/strong> ont annonc\u00e9 il y a plusieurs mois vouloir c\u00e9der leurs parts, pas loin de 40% au total, dans un futur proche. <strong>Jean-Michel Aulas<\/strong> s&rsquo;est donc mis en qu\u00eate d&rsquo;un repreneur, et cinq offres seraient arriv\u00e9es sur la table. \u00c0 ce jour, plus que trois seraient en course, toutes venant des \u00c9tats-Unis. Selon <em>RMC Sport<\/em>, <strong>Foster Gillett<\/strong> serait parmi les trois candidats restants. <a href=\"https:\/\/www.lequipe.fr\/Football\/Article\/L-americain-foster-gillett-en-pole-pour-reprendre-l-ol\/1337561\" target=\"_blank\" rel=\"nofollow noopener\"><em>L&rsquo;\u00c9quipe<\/em><\/a> avance m\u00eame que ce dernier serait en pole position pour reprendre les parts \u00e0 c\u00e9der du club rhodanien. Un fonds de pension proche de la NBA, qui appr\u00e9cie la pr\u00e9sence de <strong>Tony Parker<\/strong> dans l&rsquo;organigramme, serait \u00e9galement en embuscade.<\/p>\n<p style=\"text-align: justify;\">Les derniers d\u00e9tails devraient se r\u00e9gler dans les prochains jours, alors que <strong>Jean-Michel Aulas<\/strong> resterait aux commandes malgr\u00e9 la participation \u00e0 hauteur de 40% du nouvel investisseur. \u00c0 noter que cet investissement pourrait \u00eatre plus important \u00e0 l&rsquo;avenir, et que le nouvel actionnaire pourrait devenir majoritaire \u00e0 terme. Le montant de la transaction pour le rachat des parts de <strong>Path\u00e9<\/strong> et <strong>IDG<\/strong> n&rsquo;a pas filtr\u00e9 pour le moment, mais on parle de plusieurs centaines de millions d&rsquo;euros.<\/p>\n<blockquote class=\"twitter-tweet\">\n<p dir=\"ltr\" lang=\"fr\">&#x1f534; Info RMC Sport : l&rsquo;OL va passer sous pavillon am\u00e9ricain ! Il reste trois offres en course, toutes am\u00e9ricaines, sur les cinq re\u00e7ues par le club. Il est question d&rsquo;un rachat \u00e0 hauteur de 40% du capital. Jean-Michel Aulas restera aux commandes.<\/p>\n<p>\u2014 RMC Sport (@RMCsport) <a href=\"https:\/\/twitter.com\/RMCsport\/status\/1534518580573884416?ref_src=twsrc%5Etfw\">June 8, 2022<\/a><\/p><\/blockquote>\n<p style=\"text-align: justify;\"><script async src=\"https:\/\/platform.twitter.com\/widgets.js\" charset=\"utf-8\"><\/script><\/p>\n","protected":false},"excerpt":{"rendered":"<p>FOOTBALL &#8211; Selon RMC Sport, l&rsquo;Olympique Lyonnais va c\u00e9der 40% de ses parts \u00e0 un fonds d&rsquo;investissement am\u00e9ricain.\u00a0<\/p>\n","protected":false},"author":1,"featured_media":231014,"comment_status":"open","ping_status":"closed","sticky":false,"template":"","format":"standard","meta":{"_acf_changed":false,"_daextam_enable_autolinks":"","footnotes":""},"categories":[2301],"tags":[75,2845,449,1145,1146],"class_list":["post-231011","post","type-post","status-publish","format-standard","has-post-thumbnail","hentry","category-football","tag-football","tag-jean-michel-aulas","tag-lyon","tag-ol","tag-olympique-lyonnais"],"acf":[],"yoast_head":"<!-- This site is optimized with the Yoast SEO Premium plugin v26.7 (Yoast SEO v26.7) - https:\/\/yoast.com\/wordpress\/plugins\/seo\/ -->\n<title>L&#039;Olympique Lyonnais va \u00eatre vendu en partie aux Am\u00e9ricains<\/title>\n<meta name=\"description\" content=\"FOOTBALL - Selon RMC Sport, l&#039;Olympique Lyonnais va c\u00e9der 40% de ses parts \u00e0 un fonds d&#039;investissement am\u00e9ricain.\u00a0\" \/>\n<meta name=\"robots\" content=\"index, follow, max-snippet:-1, max-image-preview:large, max-video-preview:-1\" \/>\n<link rel=\"canonical\" href=\"https:\/\/dicodusport.fr\/blog\/lolympique-lyonnais-va-etre-vendu-en-partie-aux-americains\/\" \/>\n<meta property=\"og:locale\" content=\"fr_FR\" \/>\n<meta property=\"og:type\" content=\"article\" \/>\n<meta property=\"og:title\" content=\"L&#039;Olympique Lyonnais va \u00eatre vendu en partie aux Am\u00e9ricains\" \/>\n<meta property=\"og:description\" content=\"FOOTBALL - Selon RMC Sport, l&#039;Olympique Lyonnais va c\u00e9der 40% de ses parts \u00e0 un fonds d&#039;investissement am\u00e9ricain.\u00a0\" \/>\n<meta property=\"og:url\" content=\"https:\/\/dicodusport.fr\/blog\/lolympique-lyonnais-va-etre-vendu-en-partie-aux-americains\/\" \/>\n<meta property=\"og:site_name\" content=\"Dicodusport\" \/>\n<meta property=\"article:publisher\" content=\"https:\/\/www.facebook.com\/dicodusport\" \/>\n<meta property=\"article:author\" content=\"https:\/\/www.facebook.com\/dicodusport\" \/>\n<meta property=\"article:published_time\" content=\"2022-06-08T13:46:27+00:00\" \/>\n<meta property=\"article:modified_time\" content=\"2022-06-08T14:02:55+00:00\" \/>\n<meta property=\"og:image\" content=\"https:\/\/dicodusport.fr\/blog\/wp-content\/uploads\/2022\/06\/LOlympique-Lyonnais-va-e\u0302tre-vendu-en-partie-aux-Ame\u0301ricains.png\" \/>\n\t<meta property=\"og:image:width\" content=\"800\" \/>\n\t<meta property=\"og:image:height\" content=\"445\" \/>\n\t<meta property=\"og:image:type\" content=\"image\/png\" \/>\n<meta name=\"author\" content=\"Nicolas Jacquemard\" \/>\n<meta name=\"twitter:card\" content=\"summary_large_image\" \/>\n<meta name=\"twitter:title\" content=\"L&#039;Olympique Lyonnais va \u00eatre vendu en partie aux Am\u00e9ricains\" \/>\n<meta name=\"twitter:creator\" content=\"@https:\/\/twitter.com\/Nico_Jacquemard\" \/>\n<meta name=\"twitter:site\" content=\"@dicodusport\" \/>\n<script type=\"application\/ld+json\" class=\"yoast-schema-graph\">{\"@context\":\"https:\/\/schema.org\",\"@graph\":[{\"@type\":\"NewsArticle\",\"@id\":\"https:\/\/dicodusport.fr\/blog\/lolympique-lyonnais-va-etre-vendu-en-partie-aux-americains\/#article\",\"isPartOf\":{\"@id\":\"https:\/\/dicodusport.fr\/blog\/lolympique-lyonnais-va-etre-vendu-en-partie-aux-americains\/\"},\"author\":{\"name\":\"Nicolas Jacquemard\",\"@id\":\"https:\/\/dicodusport.fr\/blog\/#\/schema\/person\/55dcb50ad410894e431ed812bbb70191\"},\"headline\":\"L&rsquo;Olympique Lyonnais va \u00eatre vendu en partie aux Am\u00e9ricains\",\"datePublished\":\"2022-06-08T13:46:27+00:00\",\"dateModified\":\"2022-06-08T14:02:55+00:00\",\"mainEntityOfPage\":{\"@id\":\"https:\/\/dicodusport.fr\/blog\/lolympique-lyonnais-va-etre-vendu-en-partie-aux-americains\/\"},\"wordCount\":270,\"commentCount\":0,\"publisher\":{\"@id\":\"https:\/\/dicodusport.fr\/blog\/#organization\"},\"image\":{\"@id\":\"https:\/\/dicodusport.fr\/blog\/lolympique-lyonnais-va-etre-vendu-en-partie-aux-americains\/#primaryimage\"},\"thumbnailUrl\":\"https:\/\/dicodusport.fr\/blog\/wp-content\/uploads\/2022\/06\/LOlympique-Lyonnais-va-e\u0302tre-vendu-en-partie-aux-Ame\u0301ricains.png\",\"keywords\":[\"Football\",\"Jean-Michel Aulas\",\"Lyon\",\"OL\",\"Olympique lyonnais\"],\"articleSection\":[\"Football\"],\"inLanguage\":\"fr-FR\",\"potentialAction\":[{\"@type\":\"CommentAction\",\"name\":\"Comment\",\"target\":[\"https:\/\/dicodusport.fr\/blog\/lolympique-lyonnais-va-etre-vendu-en-partie-aux-americains\/#respond\"]}],\"copyrightYear\":\"2022\",\"copyrightHolder\":{\"@id\":\"https:\/\/dicodusport.fr\/blog\/#organization\"}},{\"@type\":\"WebPage\",\"@id\":\"https:\/\/dicodusport.fr\/blog\/lolympique-lyonnais-va-etre-vendu-en-partie-aux-americains\/\",\"url\":\"https:\/\/dicodusport.fr\/blog\/lolympique-lyonnais-va-etre-vendu-en-partie-aux-americains\/\",\"name\":\"L'Olympique Lyonnais va \u00eatre vendu en partie aux Am\u00e9ricains\",\"isPartOf\":{\"@id\":\"https:\/\/dicodusport.fr\/blog\/#website\"},\"primaryImageOfPage\":{\"@id\":\"https:\/\/dicodusport.fr\/blog\/lolympique-lyonnais-va-etre-vendu-en-partie-aux-americains\/#primaryimage\"},\"image\":{\"@id\":\"https:\/\/dicodusport.fr\/blog\/lolympique-lyonnais-va-etre-vendu-en-partie-aux-americains\/#primaryimage\"},\"thumbnailUrl\":\"https:\/\/dicodusport.fr\/blog\/wp-content\/uploads\/2022\/06\/LOlympique-Lyonnais-va-e\u0302tre-vendu-en-partie-aux-Ame\u0301ricains.png\",\"datePublished\":\"2022-06-08T13:46:27+00:00\",\"dateModified\":\"2022-06-08T14:02:55+00:00\",\"description\":\"FOOTBALL - Selon RMC Sport, l'Olympique Lyonnais va c\u00e9der 40% de ses parts \u00e0 un fonds d'investissement am\u00e9ricain.\u00a0\",\"breadcrumb\":{\"@id\":\"https:\/\/dicodusport.fr\/blog\/lolympique-lyonnais-va-etre-vendu-en-partie-aux-americains\/#breadcrumb\"},\"inLanguage\":\"fr-FR\",\"potentialAction\":[{\"@type\":\"ReadAction\",\"target\":[\"https:\/\/dicodusport.fr\/blog\/lolympique-lyonnais-va-etre-vendu-en-partie-aux-americains\/\"]}]},{\"@type\":\"ImageObject\",\"inLanguage\":\"fr-FR\",\"@id\":\"https:\/\/dicodusport.fr\/blog\/lolympique-lyonnais-va-etre-vendu-en-partie-aux-americains\/#primaryimage\",\"url\":\"https:\/\/dicodusport.fr\/blog\/wp-content\/uploads\/2022\/06\/LOlympique-Lyonnais-va-e\u0302tre-vendu-en-partie-aux-Ame\u0301ricains.png\",\"contentUrl\":\"https:\/\/dicodusport.fr\/blog\/wp-content\/uploads\/2022\/06\/LOlympique-Lyonnais-va-e\u0302tre-vendu-en-partie-aux-Ame\u0301ricains.png\",\"width\":800,\"height\":445},{\"@type\":\"BreadcrumbList\",\"@id\":\"https:\/\/dicodusport.fr\/blog\/lolympique-lyonnais-va-etre-vendu-en-partie-aux-americains\/#breadcrumb\",\"itemListElement\":[{\"@type\":\"ListItem\",\"position\":1,\"name\":\"Accueil\",\"item\":\"https:\/\/dicodusport.fr\/blog\/\"},{\"@type\":\"ListItem\",\"position\":2,\"name\":\"L&rsquo;Olympique Lyonnais va \u00eatre vendu en partie aux Am\u00e9ricains\"}]},{\"@type\":\"WebSite\",\"@id\":\"https:\/\/dicodusport.fr\/blog\/#website\",\"url\":\"https:\/\/dicodusport.fr\/blog\/\",\"name\":\"Dicodusport\",\"description\":\"L&#039;encyclop\u00e9die de l&#039;actualit\u00e9 sportive\",\"publisher\":{\"@id\":\"https:\/\/dicodusport.fr\/blog\/#organization\"},\"potentialAction\":[{\"@type\":\"SearchAction\",\"target\":{\"@type\":\"EntryPoint\",\"urlTemplate\":\"https:\/\/dicodusport.fr\/blog\/?s={search_term_string}\"},\"query-input\":{\"@type\":\"PropertyValueSpecification\",\"valueRequired\":true,\"valueName\":\"search_term_string\"}}],\"inLanguage\":\"fr-FR\"},{\"@type\":\"NewsMediaOrganization\",\"@id\":\"https:\/\/dicodusport.fr\/blog\/#organization\",\"name\":\"Dicodusport\",\"url\":\"https:\/\/dicodusport.fr\/blog\/\",\"logo\":{\"@type\":\"ImageObject\",\"inLanguage\":\"fr-FR\",\"@id\":\"https:\/\/dicodusport.fr\/blog\/#\/schema\/logo\/image\/\",\"url\":\"https:\/\/dicodusport.fr\/blog\/wp-content\/uploads\/2020\/06\/cropped-LOGO-DICODUSPORT-2020-SANS-FOND-SANS-TEXTE.png\",\"contentUrl\":\"https:\/\/dicodusport.fr\/blog\/wp-content\/uploads\/2020\/06\/cropped-LOGO-DICODUSPORT-2020-SANS-FOND-SANS-TEXTE.png\",\"width\":512,\"height\":512,\"caption\":\"Dicodusport\"},\"image\":{\"@id\":\"https:\/\/dicodusport.fr\/blog\/#\/schema\/logo\/image\/\"},\"sameAs\":[\"https:\/\/www.facebook.com\/dicodusport\",\"https:\/\/x.com\/dicodusport\",\"https:\/\/www.instagram.com\/dicodusport\/\",\"https:\/\/www.youtube.com\/channel\/UC7V2KZ5sd3htJivAbA4ZG3w\"],\"description\":\"Dicodusport est l'encyclop\u00e9die de l'actualit\u00e9 sportive.\",\"email\":\"bonjour@dicodusport.fr\",\"legalName\":\"DICODUSPORT\",\"foundingDate\":\"2018-01-14\",\"vatID\":\"FR71834470973\",\"taxID\":\"83447097300043\",\"numberOfEmployees\":{\"@type\":\"QuantitativeValue\",\"minValue\":\"1\",\"maxValue\":\"10\"}},{\"@type\":\"Person\",\"@id\":\"https:\/\/dicodusport.fr\/blog\/#\/schema\/person\/55dcb50ad410894e431ed812bbb70191\",\"name\":\"Nicolas Jacquemard\",\"image\":{\"@type\":\"ImageObject\",\"inLanguage\":\"fr-FR\",\"@id\":\"https:\/\/dicodusport.fr\/blog\/#\/schema\/person\/image\/\",\"url\":\"https:\/\/dicodusport.fr\/blog\/wp-content\/uploads\/2021\/05\/Nicolas-Jacquemard-150x150.jpeg\",\"contentUrl\":\"https:\/\/dicodusport.fr\/blog\/wp-content\/uploads\/2021\/05\/Nicolas-Jacquemard-150x150.jpeg\",\"caption\":\"Nicolas Jacquemard\"},\"description\":\"Passionn\u00e9 de sport et entrepreneur depuis mes 18 ans, la cr\u00e9ation de Dicodusport m'a sembl\u00e9 \u00e9vidente pour participer \u00e0 la m\u00e9diatisation d'un plus grand nombre de sports. Le chemin est long mais avec une \u00e9quipe des plus motiv\u00e9es et les Jeux Olympiques de Paris 2024 en point de mire, nous y arriverons ! Journaliste dans le monde du sport depuis plus de 5 ans, je traite aussi bien de football, de rugby, de biathlon que de cyclisme.\",\"sameAs\":[\"https:\/\/www.facebook.com\/dicodusport\",\"https:\/\/x.com\/https:\/\/twitter.com\/Nico_Jacquemard\"],\"url\":\"https:\/\/dicodusport.fr\/blog\/author\/dicodusport\/\"}]}<\/script>\n<!-- \/ Yoast SEO Premium plugin. -->","yoast_head_json":{"title":"L'Olympique Lyonnais va \u00eatre vendu en partie aux Am\u00e9ricains","description":"FOOTBALL - Selon RMC Sport, l'Olympique Lyonnais va c\u00e9der 40% de ses parts \u00e0 un fonds d'investissement am\u00e9ricain.\u00a0","robots":{"index":"index","follow":"follow","max-snippet":"max-snippet:-1","max-image-preview":"max-image-preview:large","max-video-preview":"max-video-preview:-1"},"canonical":"https:\/\/dicodusport.fr\/blog\/lolympique-lyonnais-va-etre-vendu-en-partie-aux-americains\/","og_locale":"fr_FR","og_type":"article","og_title":"L'Olympique Lyonnais va \u00eatre vendu en partie aux Am\u00e9ricains","og_description":"FOOTBALL - Selon RMC Sport, l'Olympique Lyonnais va c\u00e9der 40% de ses parts \u00e0 un fonds d'investissement am\u00e9ricain.\u00a0","og_url":"https:\/\/dicodusport.fr\/blog\/lolympique-lyonnais-va-etre-vendu-en-partie-aux-americains\/","og_site_name":"Dicodusport","article_publisher":"https:\/\/www.facebook.com\/dicodusport","article_author":"https:\/\/www.facebook.com\/dicodusport","article_published_time":"2022-06-08T13:46:27+00:00","article_modified_time":"2022-06-08T14:02:55+00:00","og_image":[{"width":800,"height":445,"url":"https:\/\/dicodusport.fr\/blog\/wp-content\/uploads\/2022\/06\/LOlympique-Lyonnais-va-e\u0302tre-vendu-en-partie-aux-Ame\u0301ricains.png","type":"image\/png"}],"author":"Nicolas Jacquemard","twitter_card":"summary_large_image","twitter_title":"L'Olympique Lyonnais va \u00eatre vendu en partie aux Am\u00e9ricains","twitter_creator":"@https:\/\/twitter.com\/Nico_Jacquemard","twitter_site":"@dicodusport","schema":{"@context":"https:\/\/schema.org","@graph":[{"@type":"NewsArticle","@id":"https:\/\/dicodusport.fr\/blog\/lolympique-lyonnais-va-etre-vendu-en-partie-aux-americains\/#article","isPartOf":{"@id":"https:\/\/dicodusport.fr\/blog\/lolympique-lyonnais-va-etre-vendu-en-partie-aux-americains\/"},"author":{"name":"Nicolas Jacquemard","@id":"https:\/\/dicodusport.fr\/blog\/#\/schema\/person\/55dcb50ad410894e431ed812bbb70191"},"headline":"L&rsquo;Olympique Lyonnais va \u00eatre vendu en partie aux Am\u00e9ricains","datePublished":"2022-06-08T13:46:27+00:00","dateModified":"2022-06-08T14:02:55+00:00","mainEntityOfPage":{"@id":"https:\/\/dicodusport.fr\/blog\/lolympique-lyonnais-va-etre-vendu-en-partie-aux-americains\/"},"wordCount":270,"commentCount":0,"publisher":{"@id":"https:\/\/dicodusport.fr\/blog\/#organization"},"image":{"@id":"https:\/\/dicodusport.fr\/blog\/lolympique-lyonnais-va-etre-vendu-en-partie-aux-americains\/#primaryimage"},"thumbnailUrl":"https:\/\/dicodusport.fr\/blog\/wp-content\/uploads\/2022\/06\/LOlympique-Lyonnais-va-e\u0302tre-vendu-en-partie-aux-Ame\u0301ricains.png","keywords":["Football","Jean-Michel Aulas","Lyon","OL","Olympique lyonnais"],"articleSection":["Football"],"inLanguage":"fr-FR","potentialAction":[{"@type":"CommentAction","name":"Comment","target":["https:\/\/dicodusport.fr\/blog\/lolympique-lyonnais-va-etre-vendu-en-partie-aux-americains\/#respond"]}],"copyrightYear":"2022","copyrightHolder":{"@id":"https:\/\/dicodusport.fr\/blog\/#organization"}},{"@type":"WebPage","@id":"https:\/\/dicodusport.fr\/blog\/lolympique-lyonnais-va-etre-vendu-en-partie-aux-americains\/","url":"https:\/\/dicodusport.fr\/blog\/lolympique-lyonnais-va-etre-vendu-en-partie-aux-americains\/","name":"L'Olympique Lyonnais va \u00eatre vendu en partie aux Am\u00e9ricains","isPartOf":{"@id":"https:\/\/dicodusport.fr\/blog\/#website"},"primaryImageOfPage":{"@id":"https:\/\/dicodusport.fr\/blog\/lolympique-lyonnais-va-etre-vendu-en-partie-aux-americains\/#primaryimage"},"image":{"@id":"https:\/\/dicodusport.fr\/blog\/lolympique-lyonnais-va-etre-vendu-en-partie-aux-americains\/#primaryimage"},"thumbnailUrl":"https:\/\/dicodusport.fr\/blog\/wp-content\/uploads\/2022\/06\/LOlympique-Lyonnais-va-e\u0302tre-vendu-en-partie-aux-Ame\u0301ricains.png","datePublished":"2022-06-08T13:46:27+00:00","dateModified":"2022-06-08T14:02:55+00:00","description":"FOOTBALL - Selon RMC Sport, l'Olympique Lyonnais va c\u00e9der 40% de ses parts \u00e0 un fonds d'investissement am\u00e9ricain.\u00a0","breadcrumb":{"@id":"https:\/\/dicodusport.fr\/blog\/lolympique-lyonnais-va-etre-vendu-en-partie-aux-americains\/#breadcrumb"},"inLanguage":"fr-FR","potentialAction":[{"@type":"ReadAction","target":["https:\/\/dicodusport.fr\/blog\/lolympique-lyonnais-va-etre-vendu-en-partie-aux-americains\/"]}]},{"@type":"ImageObject","inLanguage":"fr-FR","@id":"https:\/\/dicodusport.fr\/blog\/lolympique-lyonnais-va-etre-vendu-en-partie-aux-americains\/#primaryimage","url":"https:\/\/dicodusport.fr\/blog\/wp-content\/uploads\/2022\/06\/LOlympique-Lyonnais-va-e\u0302tre-vendu-en-partie-aux-Ame\u0301ricains.png","contentUrl":"https:\/\/dicodusport.fr\/blog\/wp-content\/uploads\/2022\/06\/LOlympique-Lyonnais-va-e\u0302tre-vendu-en-partie-aux-Ame\u0301ricains.png","width":800,"height":445},{"@type":"BreadcrumbList","@id":"https:\/\/dicodusport.fr\/blog\/lolympique-lyonnais-va-etre-vendu-en-partie-aux-americains\/#breadcrumb","itemListElement":[{"@type":"ListItem","position":1,"name":"Accueil","item":"https:\/\/dicodusport.fr\/blog\/"},{"@type":"ListItem","position":2,"name":"L&rsquo;Olympique Lyonnais va \u00eatre vendu en partie aux Am\u00e9ricains"}]},{"@type":"WebSite","@id":"https:\/\/dicodusport.fr\/blog\/#website","url":"https:\/\/dicodusport.fr\/blog\/","name":"Dicodusport","description":"L&#039;encyclop\u00e9die de l&#039;actualit\u00e9 sportive","publisher":{"@id":"https:\/\/dicodusport.fr\/blog\/#organization"},"potentialAction":[{"@type":"SearchAction","target":{"@type":"EntryPoint","urlTemplate":"https:\/\/dicodusport.fr\/blog\/?s={search_term_string}"},"query-input":{"@type":"PropertyValueSpecification","valueRequired":true,"valueName":"search_term_string"}}],"inLanguage":"fr-FR"},{"@type":"NewsMediaOrganization","@id":"https:\/\/dicodusport.fr\/blog\/#organization","name":"Dicodusport","url":"https:\/\/dicodusport.fr\/blog\/","logo":{"@type":"ImageObject","inLanguage":"fr-FR","@id":"https:\/\/dicodusport.fr\/blog\/#\/schema\/logo\/image\/","url":"https:\/\/dicodusport.fr\/blog\/wp-content\/uploads\/2020\/06\/cropped-LOGO-DICODUSPORT-2020-SANS-FOND-SANS-TEXTE.png","contentUrl":"https:\/\/dicodusport.fr\/blog\/wp-content\/uploads\/2020\/06\/cropped-LOGO-DICODUSPORT-2020-SANS-FOND-SANS-TEXTE.png","width":512,"height":512,"caption":"Dicodusport"},"image":{"@id":"https:\/\/dicodusport.fr\/blog\/#\/schema\/logo\/image\/"},"sameAs":["https:\/\/www.facebook.com\/dicodusport","https:\/\/x.com\/dicodusport","https:\/\/www.instagram.com\/dicodusport\/","https:\/\/www.youtube.com\/channel\/UC7V2KZ5sd3htJivAbA4ZG3w"],"description":"Dicodusport est l'encyclop\u00e9die de l'actualit\u00e9 sportive.","email":"bonjour@dicodusport.fr","legalName":"DICODUSPORT","foundingDate":"2018-01-14","vatID":"FR71834470973","taxID":"83447097300043","numberOfEmployees":{"@type":"QuantitativeValue","minValue":"1","maxValue":"10"}},{"@type":"Person","@id":"https:\/\/dicodusport.fr\/blog\/#\/schema\/person\/55dcb50ad410894e431ed812bbb70191","name":"Nicolas Jacquemard","image":{"@type":"ImageObject","inLanguage":"fr-FR","@id":"https:\/\/dicodusport.fr\/blog\/#\/schema\/person\/image\/","url":"https:\/\/dicodusport.fr\/blog\/wp-content\/uploads\/2021\/05\/Nicolas-Jacquemard-150x150.jpeg","contentUrl":"https:\/\/dicodusport.fr\/blog\/wp-content\/uploads\/2021\/05\/Nicolas-Jacquemard-150x150.jpeg","caption":"Nicolas Jacquemard"},"description":"Passionn\u00e9 de sport et entrepreneur depuis mes 18 ans, la cr\u00e9ation de Dicodusport m'a sembl\u00e9 \u00e9vidente pour participer \u00e0 la m\u00e9diatisation d'un plus grand nombre de sports. Le chemin est long mais avec une \u00e9quipe des plus motiv\u00e9es et les Jeux Olympiques de Paris 2024 en point de mire, nous y arriverons ! Journaliste dans le monde du sport depuis plus de 5 ans, je traite aussi bien de football, de rugby, de biathlon que de cyclisme.","sameAs":["https:\/\/www.facebook.com\/dicodusport","https:\/\/x.com\/https:\/\/twitter.com\/Nico_Jacquemard"],"url":"https:\/\/dicodusport.fr\/blog\/author\/dicodusport\/"}]}},"_links":{"self":[{"href":"https:\/\/dicodusport.fr\/blog\/wp-json\/wp\/v2\/posts\/231011","targetHints":{"allow":["GET"]}}],"collection":[{"href":"https:\/\/dicodusport.fr\/blog\/wp-json\/wp\/v2\/posts"}],"about":[{"href":"https:\/\/dicodusport.fr\/blog\/wp-json\/wp\/v2\/types\/post"}],"author":[{"embeddable":true,"href":"https:\/\/dicodusport.fr\/blog\/wp-json\/wp\/v2\/users\/1"}],"replies":[{"embeddable":true,"href":"https:\/\/dicodusport.fr\/blog\/wp-json\/wp\/v2\/comments?post=231011"}],"version-history":[{"count":0,"href":"https:\/\/dicodusport.fr\/blog\/wp-json\/wp\/v2\/posts\/231011\/revisions"}],"wp:featuredmedia":[{"embeddable":true,"href":"https:\/\/dicodusport.fr\/blog\/wp-json\/wp\/v2\/media\/231014"}],"wp:attachment":[{"href":"https:\/\/dicodusport.fr\/blog\/wp-json\/wp\/v2\/media?parent=231011"}],"wp:term":[{"taxonomy":"category","embeddable":true,"href":"https:\/\/dicodusport.fr\/blog\/wp-json\/wp\/v2\/categories?post=231011"},{"taxonomy":"post_tag","embeddable":true,"href":"https:\/\/dicodusport.fr\/blog\/wp-json\/wp\/v2\/tags?post=231011"}],"curies":[{"name":"wp","href":"https:\/\/api.w.org\/{rel}","templated":true}]}}