{"id":231261,"date":"2022-06-09T11:22:48","date_gmt":"2022-06-09T09:22:48","guid":{"rendered":"https:\/\/dicodusport.fr\/blog\/?p=231261&#038;preview=true&#038;preview_id=231261"},"modified":"2022-06-09T11:53:13","modified_gmt":"2022-06-09T09:53:13","slug":"leylah-fernandez-souffre-dune-fracture-du-pied","status":"publish","type":"post","link":"https:\/\/dicodusport.fr\/blog\/leylah-fernandez-souffre-dune-fracture-du-pied\/","title":{"rendered":"Leylah Fernandez souffre d&rsquo;une fracture du pied"},"content":{"rendered":"<p style=\"text-align: justify;\"><b><i>TENNIS &#8211; SAISON WTA 2022 &#8211; Leylah Fernandez avait souffert du pied lors de son quart de finale \u00e0 Roland-Garros. Le verdict est tomb\u00e9, elle souffre d&rsquo;une fracture qui lui co\u00fbtera probablement une participation au prochain Wimbledon.<\/i><\/b><\/p>\n<p style=\"text-align: justify;\">Voil\u00e0 une semaine,<strong> Leylah Fernandez<\/strong> s&rsquo;\u00e9tait inclin\u00e9e contre <strong>Martina Trevisan<\/strong> <a href=\"https:\/\/dicodusport.fr\/blog\/roland-garros-2022-martina-trevisan-ecarte-leylah-fernandez-en-quarts\/\">lors de son quart de finale \u00e0 Roland-Garros<\/a>. Durant ce match, elle avait du prendre un temps mort m\u00e9dical pour soigner un probl\u00e8me au pied, et semblait souffrir pendant le reste de la partie. Le verdict est tomb\u00e9 et il n&rsquo;est pas favorable. La Canadienne souffre d&rsquo;une fracture du pied. Si aucune dur\u00e9e d&rsquo;indisponibilit\u00e9 n&rsquo;a \u00e9t\u00e9 annonc\u00e9e, il apparait \u00e9vident qu&rsquo;elle ne pourra pas disputer le prochain Wimbledon (27 juin &#8211; 10 juillet). Elle devra cravacher pour \u00eatre remise lors de l&rsquo;US Open (29 ao\u00fbt &#8211; 11 septembre). <strong>Leylah Fernandez<\/strong> \u00e9tait en effet finaliste de la derni\u00e8re \u00e9dition. Elle perdrait gros si elle ne pouvait pas concourir lors du dernier Grand Chelem de la saison.<\/p>\n<blockquote class=\"twitter-tweet\">\n<p dir=\"ltr\" lang=\"fr\">Touch\u00e9e au pied droit lors de son quart de finale \u00e0 Roland-Garros face \u00e0 Martina Trevisan, Leylah Fernandez a expliqu\u00e9 ce jeudi qu&rsquo;elle avait une fracture du pied ! &#x1f622;<\/p>\n<p>\u00ab\u00a0Le combat en moi va continuer\u00a0\u00bb a-t-elle expliqu\u00e9 sur Instagram.<\/p>\n<p>\u00a9 Instagram @leylahannietennis <a href=\"https:\/\/t.co\/YUPccP7GsU\">pic.twitter.com\/YUPccP7GsU<\/a><\/p>\n<p>\u2014 Tennis Magazine (@TennisMagazine1) <a href=\"https:\/\/twitter.com\/TennisMagazine1\/status\/1534815088800038912?ref_src=twsrc%5Etfw\">June 9, 2022<\/a><\/p><\/blockquote>\n<p><script async src=\"https:\/\/platform.twitter.com\/widgets.js\" charset=\"utf-8\"><\/script><\/p>\n","protected":false},"excerpt":{"rendered":"<p>TENNIS &#8211; SAISON WTA 2022 &#8211; Leylah Fernandez avait souffert du pied lors de son quart de finale \u00e0 Roland-Garros. Le verdict est tomb\u00e9, elle souffre d&rsquo;une fracture qui lui co\u00fbtera une participation au prochain Wimbledon.<\/p>\n","protected":false},"author":59,"featured_media":231265,"comment_status":"open","ping_status":"closed","sticky":false,"template":"","format":"standard","meta":{"_acf_changed":false,"_daextam_enable_autolinks":"","footnotes":""},"categories":[2302],"tags":[23753,136],"class_list":["post-231261","post","type-post","status-publish","format-standard","has-post-thumbnail","hentry","category-tennis","tag-leylah-fernandez","tag-tennis"],"acf":[],"yoast_head":"<!-- This site is optimized with the Yoast SEO Premium plugin v26.7 (Yoast SEO v26.7) - https:\/\/yoast.com\/wordpress\/plugins\/seo\/ -->\n<title>Leylah Fernandez souffre d&#039;une fracture du pied<\/title>\n<meta name=\"description\" content=\"TENNIS - SAISON WTA 2022 - Leylah Fernandez elle souffre d&#039;une fracture qui lui co\u00fbtera probablement une participation au prochain Wimbledon.\" \/>\n<meta name=\"robots\" content=\"index, follow, max-snippet:-1, max-image-preview:large, max-video-preview:-1\" \/>\n<link rel=\"canonical\" href=\"https:\/\/dicodusport.fr\/blog\/leylah-fernandez-souffre-dune-fracture-du-pied\/\" \/>\n<meta property=\"og:locale\" content=\"fr_FR\" \/>\n<meta property=\"og:type\" content=\"article\" \/>\n<meta property=\"og:title\" content=\"Leylah Fernandez souffre d&#039;une fracture du pied\" \/>\n<meta property=\"og:description\" content=\"TENNIS - SAISON WTA 2022 - Leylah Fernandez elle souffre d&#039;une fracture qui lui co\u00fbtera probablement une participation au prochain Wimbledon.\" \/>\n<meta property=\"og:url\" content=\"https:\/\/dicodusport.fr\/blog\/leylah-fernandez-souffre-dune-fracture-du-pied\/\" \/>\n<meta property=\"og:site_name\" content=\"Dicodusport\" \/>\n<meta property=\"article:publisher\" content=\"https:\/\/www.facebook.com\/dicodusport\" \/>\n<meta property=\"article:author\" content=\"https:\/\/www.facebook.com\/sebastien.gente\/\" \/>\n<meta property=\"article:published_time\" content=\"2022-06-09T09:22:48+00:00\" \/>\n<meta property=\"article:modified_time\" content=\"2022-06-09T09:53:13+00:00\" \/>\n<meta property=\"og:image\" content=\"https:\/\/dicodusport.fr\/blog\/wp-content\/uploads\/2022\/06\/Leylah-Fernandez-souffre-dune-fracture-du-pied.png\" \/>\n\t<meta property=\"og:image:width\" content=\"800\" \/>\n\t<meta property=\"og:image:height\" content=\"445\" \/>\n\t<meta property=\"og:image:type\" content=\"image\/png\" \/>\n<meta name=\"author\" content=\"S\u00e9bastien Gente\" \/>\n<meta name=\"twitter:card\" content=\"summary_large_image\" \/>\n<meta name=\"twitter:title\" content=\"Leylah Fernandez souffre d&#039;une fracture du pied\" \/>\n<meta name=\"twitter:creator\" content=\"@https:\/\/twitter.com\/globulo24\" \/>\n<meta name=\"twitter:site\" content=\"@dicodusport\" \/>\n<script type=\"application\/ld+json\" class=\"yoast-schema-graph\">{\"@context\":\"https:\/\/schema.org\",\"@graph\":[{\"@type\":\"NewsArticle\",\"@id\":\"https:\/\/dicodusport.fr\/blog\/leylah-fernandez-souffre-dune-fracture-du-pied\/#article\",\"isPartOf\":{\"@id\":\"https:\/\/dicodusport.fr\/blog\/leylah-fernandez-souffre-dune-fracture-du-pied\/\"},\"author\":{\"name\":\"S\u00e9bastien Gente\",\"@id\":\"https:\/\/dicodusport.fr\/blog\/#\/schema\/person\/627966a6cde45dbd8c5e36ac85d783da\"},\"headline\":\"Leylah Fernandez souffre d&rsquo;une fracture du pied\",\"datePublished\":\"2022-06-09T09:22:48+00:00\",\"dateModified\":\"2022-06-09T09:53:13+00:00\",\"mainEntityOfPage\":{\"@id\":\"https:\/\/dicodusport.fr\/blog\/leylah-fernandez-souffre-dune-fracture-du-pied\/\"},\"wordCount\":230,\"commentCount\":0,\"publisher\":{\"@id\":\"https:\/\/dicodusport.fr\/blog\/#organization\"},\"image\":{\"@id\":\"https:\/\/dicodusport.fr\/blog\/leylah-fernandez-souffre-dune-fracture-du-pied\/#primaryimage\"},\"thumbnailUrl\":\"https:\/\/dicodusport.fr\/blog\/wp-content\/uploads\/2022\/06\/Leylah-Fernandez-souffre-dune-fracture-du-pied.png\",\"keywords\":[\"Leylah Fernandez\",\"Tennis\"],\"articleSection\":[\"Tennis\"],\"inLanguage\":\"fr-FR\",\"potentialAction\":[{\"@type\":\"CommentAction\",\"name\":\"Comment\",\"target\":[\"https:\/\/dicodusport.fr\/blog\/leylah-fernandez-souffre-dune-fracture-du-pied\/#respond\"]}],\"copyrightYear\":\"2022\",\"copyrightHolder\":{\"@id\":\"https:\/\/dicodusport.fr\/blog\/#organization\"}},{\"@type\":\"WebPage\",\"@id\":\"https:\/\/dicodusport.fr\/blog\/leylah-fernandez-souffre-dune-fracture-du-pied\/\",\"url\":\"https:\/\/dicodusport.fr\/blog\/leylah-fernandez-souffre-dune-fracture-du-pied\/\",\"name\":\"Leylah Fernandez souffre d'une fracture du pied\",\"isPartOf\":{\"@id\":\"https:\/\/dicodusport.fr\/blog\/#website\"},\"primaryImageOfPage\":{\"@id\":\"https:\/\/dicodusport.fr\/blog\/leylah-fernandez-souffre-dune-fracture-du-pied\/#primaryimage\"},\"image\":{\"@id\":\"https:\/\/dicodusport.fr\/blog\/leylah-fernandez-souffre-dune-fracture-du-pied\/#primaryimage\"},\"thumbnailUrl\":\"https:\/\/dicodusport.fr\/blog\/wp-content\/uploads\/2022\/06\/Leylah-Fernandez-souffre-dune-fracture-du-pied.png\",\"datePublished\":\"2022-06-09T09:22:48+00:00\",\"dateModified\":\"2022-06-09T09:53:13+00:00\",\"description\":\"TENNIS - SAISON WTA 2022 - Leylah Fernandez elle souffre d'une fracture qui lui co\u00fbtera probablement une participation au prochain Wimbledon.\",\"breadcrumb\":{\"@id\":\"https:\/\/dicodusport.fr\/blog\/leylah-fernandez-souffre-dune-fracture-du-pied\/#breadcrumb\"},\"inLanguage\":\"fr-FR\",\"potentialAction\":[{\"@type\":\"ReadAction\",\"target\":[\"https:\/\/dicodusport.fr\/blog\/leylah-fernandez-souffre-dune-fracture-du-pied\/\"]}]},{\"@type\":\"ImageObject\",\"inLanguage\":\"fr-FR\",\"@id\":\"https:\/\/dicodusport.fr\/blog\/leylah-fernandez-souffre-dune-fracture-du-pied\/#primaryimage\",\"url\":\"https:\/\/dicodusport.fr\/blog\/wp-content\/uploads\/2022\/06\/Leylah-Fernandez-souffre-dune-fracture-du-pied.png\",\"contentUrl\":\"https:\/\/dicodusport.fr\/blog\/wp-content\/uploads\/2022\/06\/Leylah-Fernandez-souffre-dune-fracture-du-pied.png\",\"width\":800,\"height\":445,\"caption\":\"Leylah Fernandez souffre d'une fracture du pied\"},{\"@type\":\"BreadcrumbList\",\"@id\":\"https:\/\/dicodusport.fr\/blog\/leylah-fernandez-souffre-dune-fracture-du-pied\/#breadcrumb\",\"itemListElement\":[{\"@type\":\"ListItem\",\"position\":1,\"name\":\"Accueil\",\"item\":\"https:\/\/dicodusport.fr\/blog\/\"},{\"@type\":\"ListItem\",\"position\":2,\"name\":\"Leylah Fernandez souffre d&rsquo;une fracture du pied\"}]},{\"@type\":\"WebSite\",\"@id\":\"https:\/\/dicodusport.fr\/blog\/#website\",\"url\":\"https:\/\/dicodusport.fr\/blog\/\",\"name\":\"Dicodusport\",\"description\":\"L&#039;encyclop\u00e9die de l&#039;actualit\u00e9 sportive\",\"publisher\":{\"@id\":\"https:\/\/dicodusport.fr\/blog\/#organization\"},\"potentialAction\":[{\"@type\":\"SearchAction\",\"target\":{\"@type\":\"EntryPoint\",\"urlTemplate\":\"https:\/\/dicodusport.fr\/blog\/?s={search_term_string}\"},\"query-input\":{\"@type\":\"PropertyValueSpecification\",\"valueRequired\":true,\"valueName\":\"search_term_string\"}}],\"inLanguage\":\"fr-FR\"},{\"@type\":\"NewsMediaOrganization\",\"@id\":\"https:\/\/dicodusport.fr\/blog\/#organization\",\"name\":\"Dicodusport\",\"url\":\"https:\/\/dicodusport.fr\/blog\/\",\"logo\":{\"@type\":\"ImageObject\",\"inLanguage\":\"fr-FR\",\"@id\":\"https:\/\/dicodusport.fr\/blog\/#\/schema\/logo\/image\/\",\"url\":\"https:\/\/dicodusport.fr\/blog\/wp-content\/uploads\/2020\/06\/cropped-LOGO-DICODUSPORT-2020-SANS-FOND-SANS-TEXTE.png\",\"contentUrl\":\"https:\/\/dicodusport.fr\/blog\/wp-content\/uploads\/2020\/06\/cropped-LOGO-DICODUSPORT-2020-SANS-FOND-SANS-TEXTE.png\",\"width\":512,\"height\":512,\"caption\":\"Dicodusport\"},\"image\":{\"@id\":\"https:\/\/dicodusport.fr\/blog\/#\/schema\/logo\/image\/\"},\"sameAs\":[\"https:\/\/www.facebook.com\/dicodusport\",\"https:\/\/x.com\/dicodusport\",\"https:\/\/www.instagram.com\/dicodusport\/\",\"https:\/\/www.youtube.com\/channel\/UC7V2KZ5sd3htJivAbA4ZG3w\"],\"description\":\"Dicodusport est l'encyclop\u00e9die de l'actualit\u00e9 sportive.\",\"email\":\"bonjour@dicodusport.fr\",\"legalName\":\"DICODUSPORT\",\"foundingDate\":\"2018-01-14\",\"vatID\":\"FR71834470973\",\"taxID\":\"83447097300043\",\"numberOfEmployees\":{\"@type\":\"QuantitativeValue\",\"minValue\":\"1\",\"maxValue\":\"10\"}},{\"@type\":\"Person\",\"@id\":\"https:\/\/dicodusport.fr\/blog\/#\/schema\/person\/627966a6cde45dbd8c5e36ac85d783da\",\"name\":\"S\u00e9bastien Gente\",\"image\":{\"@type\":\"ImageObject\",\"inLanguage\":\"fr-FR\",\"@id\":\"https:\/\/dicodusport.fr\/blog\/#\/schema\/person\/image\/\",\"url\":\"https:\/\/dicodusport.fr\/blog\/wp-content\/uploads\/2021\/09\/1510990_10205810251400683_4124423575079401707_n-150x150.jpg\",\"contentUrl\":\"https:\/\/dicodusport.fr\/blog\/wp-content\/uploads\/2021\/09\/1510990_10205810251400683_4124423575079401707_n-150x150.jpg\",\"caption\":\"S\u00e9bastien Gente\"},\"description\":\"John Stockton, Gianni Bugno, Zinedine Zidane, Steffi Graf, Frode Andresen, St\u00e9phane Stoecklin, Davis Kamoga, Primoz Peterka, Werner Schlager et Aur\u00e9lien Rougerie. Point commun entre ces sportifs? Ils m'ont fait r\u00eaver et ont berc\u00e9 mon adolescence. Je suis un fondu de sports et j'essaie de retranscrire ma passion \u00e0 travers mes articles. Originaire du P\u00e9rigord, ma passion pour les Girondins, les Jaunards et les Jazzmen transpire dans mes \u00e9crits. \u00c0 Dicodusport depuis 2021, je d\u00e9niche les sports m\u00e9connus dans lesquels la France brille, et il y en a !\",\"sameAs\":[\"https:\/\/www.facebook.com\/sebastien.gente\/\",\"https:\/\/www.instagram.com\/sebgente\/\",\"https:\/\/www.linkedin.com\/in\/sbastien-gente-a29583169\/\",\"https:\/\/x.com\/https:\/\/twitter.com\/globulo24\",\"SebastienGente\"],\"worksFor\":\"S\u00e9bastien GENTE\",\"url\":\"https:\/\/dicodusport.fr\/blog\/author\/sebastiengente\/\"}]}<\/script>\n<!-- \/ Yoast SEO Premium plugin. -->","yoast_head_json":{"title":"Leylah Fernandez souffre d'une fracture du pied","description":"TENNIS - SAISON WTA 2022 - Leylah Fernandez elle souffre d'une fracture qui lui co\u00fbtera probablement une participation au prochain Wimbledon.","robots":{"index":"index","follow":"follow","max-snippet":"max-snippet:-1","max-image-preview":"max-image-preview:large","max-video-preview":"max-video-preview:-1"},"canonical":"https:\/\/dicodusport.fr\/blog\/leylah-fernandez-souffre-dune-fracture-du-pied\/","og_locale":"fr_FR","og_type":"article","og_title":"Leylah Fernandez souffre d'une fracture du pied","og_description":"TENNIS - SAISON WTA 2022 - Leylah Fernandez elle souffre d'une fracture qui lui co\u00fbtera probablement une participation au prochain Wimbledon.","og_url":"https:\/\/dicodusport.fr\/blog\/leylah-fernandez-souffre-dune-fracture-du-pied\/","og_site_name":"Dicodusport","article_publisher":"https:\/\/www.facebook.com\/dicodusport","article_author":"https:\/\/www.facebook.com\/sebastien.gente\/","article_published_time":"2022-06-09T09:22:48+00:00","article_modified_time":"2022-06-09T09:53:13+00:00","og_image":[{"width":800,"height":445,"url":"https:\/\/dicodusport.fr\/blog\/wp-content\/uploads\/2022\/06\/Leylah-Fernandez-souffre-dune-fracture-du-pied.png","type":"image\/png"}],"author":"S\u00e9bastien Gente","twitter_card":"summary_large_image","twitter_title":"Leylah Fernandez souffre d'une fracture du pied","twitter_creator":"@https:\/\/twitter.com\/globulo24","twitter_site":"@dicodusport","schema":{"@context":"https:\/\/schema.org","@graph":[{"@type":"NewsArticle","@id":"https:\/\/dicodusport.fr\/blog\/leylah-fernandez-souffre-dune-fracture-du-pied\/#article","isPartOf":{"@id":"https:\/\/dicodusport.fr\/blog\/leylah-fernandez-souffre-dune-fracture-du-pied\/"},"author":{"name":"S\u00e9bastien Gente","@id":"https:\/\/dicodusport.fr\/blog\/#\/schema\/person\/627966a6cde45dbd8c5e36ac85d783da"},"headline":"Leylah Fernandez souffre d&rsquo;une fracture du pied","datePublished":"2022-06-09T09:22:48+00:00","dateModified":"2022-06-09T09:53:13+00:00","mainEntityOfPage":{"@id":"https:\/\/dicodusport.fr\/blog\/leylah-fernandez-souffre-dune-fracture-du-pied\/"},"wordCount":230,"commentCount":0,"publisher":{"@id":"https:\/\/dicodusport.fr\/blog\/#organization"},"image":{"@id":"https:\/\/dicodusport.fr\/blog\/leylah-fernandez-souffre-dune-fracture-du-pied\/#primaryimage"},"thumbnailUrl":"https:\/\/dicodusport.fr\/blog\/wp-content\/uploads\/2022\/06\/Leylah-Fernandez-souffre-dune-fracture-du-pied.png","keywords":["Leylah Fernandez","Tennis"],"articleSection":["Tennis"],"inLanguage":"fr-FR","potentialAction":[{"@type":"CommentAction","name":"Comment","target":["https:\/\/dicodusport.fr\/blog\/leylah-fernandez-souffre-dune-fracture-du-pied\/#respond"]}],"copyrightYear":"2022","copyrightHolder":{"@id":"https:\/\/dicodusport.fr\/blog\/#organization"}},{"@type":"WebPage","@id":"https:\/\/dicodusport.fr\/blog\/leylah-fernandez-souffre-dune-fracture-du-pied\/","url":"https:\/\/dicodusport.fr\/blog\/leylah-fernandez-souffre-dune-fracture-du-pied\/","name":"Leylah Fernandez souffre d'une fracture du pied","isPartOf":{"@id":"https:\/\/dicodusport.fr\/blog\/#website"},"primaryImageOfPage":{"@id":"https:\/\/dicodusport.fr\/blog\/leylah-fernandez-souffre-dune-fracture-du-pied\/#primaryimage"},"image":{"@id":"https:\/\/dicodusport.fr\/blog\/leylah-fernandez-souffre-dune-fracture-du-pied\/#primaryimage"},"thumbnailUrl":"https:\/\/dicodusport.fr\/blog\/wp-content\/uploads\/2022\/06\/Leylah-Fernandez-souffre-dune-fracture-du-pied.png","datePublished":"2022-06-09T09:22:48+00:00","dateModified":"2022-06-09T09:53:13+00:00","description":"TENNIS - SAISON WTA 2022 - Leylah Fernandez elle souffre d'une fracture qui lui co\u00fbtera probablement une participation au prochain Wimbledon.","breadcrumb":{"@id":"https:\/\/dicodusport.fr\/blog\/leylah-fernandez-souffre-dune-fracture-du-pied\/#breadcrumb"},"inLanguage":"fr-FR","potentialAction":[{"@type":"ReadAction","target":["https:\/\/dicodusport.fr\/blog\/leylah-fernandez-souffre-dune-fracture-du-pied\/"]}]},{"@type":"ImageObject","inLanguage":"fr-FR","@id":"https:\/\/dicodusport.fr\/blog\/leylah-fernandez-souffre-dune-fracture-du-pied\/#primaryimage","url":"https:\/\/dicodusport.fr\/blog\/wp-content\/uploads\/2022\/06\/Leylah-Fernandez-souffre-dune-fracture-du-pied.png","contentUrl":"https:\/\/dicodusport.fr\/blog\/wp-content\/uploads\/2022\/06\/Leylah-Fernandez-souffre-dune-fracture-du-pied.png","width":800,"height":445,"caption":"Leylah Fernandez souffre d'une fracture du pied"},{"@type":"BreadcrumbList","@id":"https:\/\/dicodusport.fr\/blog\/leylah-fernandez-souffre-dune-fracture-du-pied\/#breadcrumb","itemListElement":[{"@type":"ListItem","position":1,"name":"Accueil","item":"https:\/\/dicodusport.fr\/blog\/"},{"@type":"ListItem","position":2,"name":"Leylah Fernandez souffre d&rsquo;une fracture du pied"}]},{"@type":"WebSite","@id":"https:\/\/dicodusport.fr\/blog\/#website","url":"https:\/\/dicodusport.fr\/blog\/","name":"Dicodusport","description":"L&#039;encyclop\u00e9die de l&#039;actualit\u00e9 sportive","publisher":{"@id":"https:\/\/dicodusport.fr\/blog\/#organization"},"potentialAction":[{"@type":"SearchAction","target":{"@type":"EntryPoint","urlTemplate":"https:\/\/dicodusport.fr\/blog\/?s={search_term_string}"},"query-input":{"@type":"PropertyValueSpecification","valueRequired":true,"valueName":"search_term_string"}}],"inLanguage":"fr-FR"},{"@type":"NewsMediaOrganization","@id":"https:\/\/dicodusport.fr\/blog\/#organization","name":"Dicodusport","url":"https:\/\/dicodusport.fr\/blog\/","logo":{"@type":"ImageObject","inLanguage":"fr-FR","@id":"https:\/\/dicodusport.fr\/blog\/#\/schema\/logo\/image\/","url":"https:\/\/dicodusport.fr\/blog\/wp-content\/uploads\/2020\/06\/cropped-LOGO-DICODUSPORT-2020-SANS-FOND-SANS-TEXTE.png","contentUrl":"https:\/\/dicodusport.fr\/blog\/wp-content\/uploads\/2020\/06\/cropped-LOGO-DICODUSPORT-2020-SANS-FOND-SANS-TEXTE.png","width":512,"height":512,"caption":"Dicodusport"},"image":{"@id":"https:\/\/dicodusport.fr\/blog\/#\/schema\/logo\/image\/"},"sameAs":["https:\/\/www.facebook.com\/dicodusport","https:\/\/x.com\/dicodusport","https:\/\/www.instagram.com\/dicodusport\/","https:\/\/www.youtube.com\/channel\/UC7V2KZ5sd3htJivAbA4ZG3w"],"description":"Dicodusport est l'encyclop\u00e9die de l'actualit\u00e9 sportive.","email":"bonjour@dicodusport.fr","legalName":"DICODUSPORT","foundingDate":"2018-01-14","vatID":"FR71834470973","taxID":"83447097300043","numberOfEmployees":{"@type":"QuantitativeValue","minValue":"1","maxValue":"10"}},{"@type":"Person","@id":"https:\/\/dicodusport.fr\/blog\/#\/schema\/person\/627966a6cde45dbd8c5e36ac85d783da","name":"S\u00e9bastien Gente","image":{"@type":"ImageObject","inLanguage":"fr-FR","@id":"https:\/\/dicodusport.fr\/blog\/#\/schema\/person\/image\/","url":"https:\/\/dicodusport.fr\/blog\/wp-content\/uploads\/2021\/09\/1510990_10205810251400683_4124423575079401707_n-150x150.jpg","contentUrl":"https:\/\/dicodusport.fr\/blog\/wp-content\/uploads\/2021\/09\/1510990_10205810251400683_4124423575079401707_n-150x150.jpg","caption":"S\u00e9bastien Gente"},"description":"John Stockton, Gianni Bugno, Zinedine Zidane, Steffi Graf, Frode Andresen, St\u00e9phane Stoecklin, Davis Kamoga, Primoz Peterka, Werner Schlager et Aur\u00e9lien Rougerie. Point commun entre ces sportifs? Ils m'ont fait r\u00eaver et ont berc\u00e9 mon adolescence. Je suis un fondu de sports et j'essaie de retranscrire ma passion \u00e0 travers mes articles. Originaire du P\u00e9rigord, ma passion pour les Girondins, les Jaunards et les Jazzmen transpire dans mes \u00e9crits. \u00c0 Dicodusport depuis 2021, je d\u00e9niche les sports m\u00e9connus dans lesquels la France brille, et il y en a !","sameAs":["https:\/\/www.facebook.com\/sebastien.gente\/","https:\/\/www.instagram.com\/sebgente\/","https:\/\/www.linkedin.com\/in\/sbastien-gente-a29583169\/","https:\/\/x.com\/https:\/\/twitter.com\/globulo24","SebastienGente"],"worksFor":"S\u00e9bastien GENTE","url":"https:\/\/dicodusport.fr\/blog\/author\/sebastiengente\/"}]}},"_links":{"self":[{"href":"https:\/\/dicodusport.fr\/blog\/wp-json\/wp\/v2\/posts\/231261","targetHints":{"allow":["GET"]}}],"collection":[{"href":"https:\/\/dicodusport.fr\/blog\/wp-json\/wp\/v2\/posts"}],"about":[{"href":"https:\/\/dicodusport.fr\/blog\/wp-json\/wp\/v2\/types\/post"}],"author":[{"embeddable":true,"href":"https:\/\/dicodusport.fr\/blog\/wp-json\/wp\/v2\/users\/59"}],"replies":[{"embeddable":true,"href":"https:\/\/dicodusport.fr\/blog\/wp-json\/wp\/v2\/comments?post=231261"}],"version-history":[{"count":0,"href":"https:\/\/dicodusport.fr\/blog\/wp-json\/wp\/v2\/posts\/231261\/revisions"}],"wp:featuredmedia":[{"embeddable":true,"href":"https:\/\/dicodusport.fr\/blog\/wp-json\/wp\/v2\/media\/231265"}],"wp:attachment":[{"href":"https:\/\/dicodusport.fr\/blog\/wp-json\/wp\/v2\/media?parent=231261"}],"wp:term":[{"taxonomy":"category","embeddable":true,"href":"https:\/\/dicodusport.fr\/blog\/wp-json\/wp\/v2\/categories?post=231261"},{"taxonomy":"post_tag","embeddable":true,"href":"https:\/\/dicodusport.fr\/blog\/wp-json\/wp\/v2\/tags?post=231261"}],"curies":[{"name":"wp","href":"https:\/\/api.w.org\/{rel}","templated":true}]}}