{"id":231394,"date":"2022-06-10T12:57:17","date_gmt":"2022-06-10T10:57:17","guid":{"rendered":"https:\/\/dicodusport.fr\/blog\/?p=231394"},"modified":"2025-08-22T19:09:36","modified_gmt":"2025-08-22T17:09:36","slug":"jeux-europeens-de-sport-adapte-selection-francaise","status":"publish","type":"post","link":"https:\/\/dicodusport.fr\/blog\/jeux-europeens-de-sport-adapte-selection-francaise\/","title":{"rendered":"Jeux Europ\u00e9ens de sport adapt\u00e9 : La s\u00e9lection fran\u00e7aise"},"content":{"rendered":"<p style=\"text-align: justify;\"><strong><em>JEUX EUROPEENS DE SPORT ADAPTES &#8211; Comp\u00e9tition connue chez les athl\u00e8tes valides, les Jeux Europ\u00e9ens sont aussi organis\u00e9s en sport adapt\u00e9. Organis\u00e9s \u00e0 Cracovie (Pologne) du 16 au 24 juillet prochain, ces Jeux seront l&rsquo;occasion pour les meilleurs sportifs fran\u00e7ais adapt\u00e9s de se confronter au gratin europ\u00e9en.<\/em><\/strong><\/p>\n<h2 style=\"text-align: justify;\">Une d\u00e9l\u00e9gation pleine de talent(s)<\/h2>\n<p style=\"text-align: justify;\">Ils seront 97 athl\u00e8tes fran\u00e7ais \u00e0 faire le voyage jusqu&rsquo;en Pologne dans un mois. En lice dans 7 sports, ce sera pour quelques-uns la premi\u00e8re grande comp\u00e9tition internationale depuis l&rsquo;\u00e9t\u00e9 dernier. En effet, nous retrouverons certains m\u00e9daill\u00e9s paralympiques de Tokyo. <strong>L\u00e9a Ferney<\/strong> et <strong>Lucas Cr\u00e9ange<\/strong> en tennis de table ou encore <strong>Charles-Antoine Kouakou<\/strong> en athl\u00e9tisme qui seront bien \u00e9videmment attendus comme pr\u00e9tendants aux podiums.<\/p>\n<h2 style=\"text-align: justify;\">Les s\u00e9lectionn\u00e9s<\/h2>\n<p style=\"text-align: justify;\"><span style=\"text-decoration: underline;\"><strong>Athl\u00e9tisme<\/strong><\/span><\/p>\n<ul style=\"text-align: justify;\">\n<li><strong>Gloria Agblemagnon<\/strong><\/li>\n<li><strong>B\u00e9atrice Aoustin\u00a0<\/strong><\/li>\n<li><strong>Alice Duplessis<\/strong><\/li>\n<li><strong>Danielle Delage<\/strong><\/li>\n<li><strong>Sarah Dautremont<\/strong><\/li>\n<li><strong>Oc\u00e9ane B\u00e9limane<\/strong><\/li>\n<li><strong>Virginie Dreux<\/strong><\/li>\n<li><strong>Soane Meissonnier\u00a0<\/strong><\/li>\n<li><strong>Charles-Antoine Kouakou<\/strong><\/li>\n<li><strong>Ga\u00ebl Geoffroy<\/strong><\/li>\n<li><strong>Quentin Foratier<\/strong><\/li>\n<li><strong>S\u00e9bastien Mengual<\/strong><\/li>\n<li><strong>Rachid Boutasghount<\/strong><\/li>\n<li><strong>Martin Gaudr\u00e9<\/strong><\/li>\n<li><strong>Thierry Washetine<\/strong><\/li>\n<li><strong>Florian Larivi\u00e8re<\/strong><\/li>\n<li><strong>Renaud Brelik<\/strong><\/li>\n<li><strong>Johan Roigt<\/strong><\/li>\n<li><strong>Romain Drillaud<\/strong><\/li>\n<li><strong>Nicolas Virapin<\/strong><\/li>\n<li><strong>Micha\u00ebl Paiman<\/strong><\/li>\n<li><strong>Lucas Tandrayen<\/strong><\/li>\n<li><strong>Jason David<\/strong><\/li>\n<\/ul>\n<p style=\"text-align: justify;\"><span style=\"text-decoration: underline;\"><strong>Aviron<\/strong><\/span><\/p>\n<ul style=\"text-align: justify;\">\n<li><strong>Cl\u00e9mence Wattecamps<\/strong><\/li>\n<li><strong>Estelle Geyssely\u00a0<\/strong><\/li>\n<li><strong>Etienne Kollialis<\/strong><\/li>\n<li><strong>Damien Touchagues<\/strong><\/li>\n<li><strong>Omar Hamzaoui<\/strong><\/li>\n<li><strong>In\u00e8s Arregui<\/strong><\/li>\n<li><strong>Nad\u00e8ge Dathy\u00a0<\/strong><\/li>\n<li><strong>Apolline Mongin<\/strong><\/li>\n<li><strong>Florent Coqueugniot<\/strong><\/li>\n<\/ul>\n<p style=\"text-align: justify;\"><span style=\"text-decoration: underline;\"><strong>Basket<\/strong><\/span><\/p>\n<ul style=\"text-align: justify;\">\n<li><strong>Gwendoline Bessonnier<\/strong><\/li>\n<li><strong>Andr\u00e9a Cortina<\/strong><\/li>\n<li><strong>Madison Ducornet<\/strong><\/li>\n<li><strong>Dana Maurer<\/strong><\/li>\n<li><strong>Laure-H\u00e9l\u00e8ne Oger<\/strong><\/li>\n<li><strong>Donovan Cadet<\/strong><\/li>\n<li><strong>Antonio Da Silva<\/strong><\/li>\n<li><strong>Teho Da Silva<\/strong><\/li>\n<li><strong>Tanguy Desoteux<\/strong><\/li>\n<li><strong>Ayoub Laanait<\/strong><\/li>\n<li><strong>Madjid Mehendia<\/strong><\/li>\n<li><strong>Lorenzo Moonca<\/strong><\/li>\n<li><strong>Junior N&rsquo;Delo Maduka\u00a0<\/strong><\/li>\n<li><strong>Boussinti N&rsquo;Diaye<\/strong><\/li>\n<li><strong>Etienne Noah Ndzana<\/strong><\/li>\n<li><strong>St\u00e9phane Obdia<\/strong><\/li>\n<li><strong>Gr\u00e9gory S\u00e9jor\u00a0<\/strong><\/li>\n<\/ul>\n<p style=\"text-align: justify;\"><span style=\"text-decoration: underline;\"><strong>Cyclisme<\/strong><\/span><\/p>\n<ul style=\"text-align: justify;\">\n<li><strong>L\u00e9o Collet<\/strong><\/li>\n<li><strong>Guillaume Pretagut<\/strong><\/li>\n<li><strong>Jean-Claude Thi\u00e9vent<\/strong><\/li>\n<li><strong>Vincent Pomorski<\/strong><\/li>\n<li><strong>J\u00e9r\u00e9my Pereira\u00a0<\/strong><\/li>\n<\/ul>\n<p style=\"text-align: justify;\"><span style=\"text-decoration: underline;\"><strong>Natation<\/strong><\/span><\/p>\n<ul style=\"text-align: justify;\">\n<li><strong>Ma\u00ebly Chevallier\u00a0<\/strong><\/li>\n<li><strong>Assya Maurin Espiau<\/strong><\/li>\n<li><strong>Simon Blaise<\/strong><\/li>\n<li><strong>Matthis Daniel<\/strong><\/li>\n<li><strong>Jordan Meny<\/strong><\/li>\n<li><strong>Nathan Maillet<\/strong><\/li>\n<li><strong>Cl\u00e9o Renoux<\/strong><\/li>\n<li><strong>Maris Graftiaux<\/strong><\/li>\n<li><strong>Delphine Andr\u00e9<\/strong><\/li>\n<li><strong>Carla Rapicano<\/strong><\/li>\n<li><strong>Cl\u00e9ment Colomby<\/strong><\/li>\n<li><strong>Axel B\u00e9lig<\/strong><\/li>\n<li><strong>Rafa\u00ebl Dutay\u00a0<\/strong><\/li>\n<li><strong>C\u00e9dric Matilla<\/strong><\/li>\n<li><strong>Amaury L\u00e9pine<\/strong><\/li>\n<li><strong>Manon Etringer<\/strong><\/li>\n<li><strong>Axel Parisot<\/strong><\/li>\n<li><strong>Matt\u00e9o Tatoli<\/strong><\/li>\n<li><strong>Logan Marchant<\/strong><\/li>\n<li><strong>Margaux Josse<\/strong><\/li>\n<\/ul>\n<p style=\"text-align: justify;\"><strong><span style=\"text-decoration: underline;\">Tennis de table<\/span><\/strong><\/p>\n<ul style=\"text-align: justify;\">\n<li><strong>Lucas Cr\u00e9ange<\/strong><\/li>\n<li><strong>Anne Divet<\/strong><\/li>\n<li><strong>L\u00e9a Ferney<\/strong><\/li>\n<li><strong>Ma\u00eblys F\u00e8ve<\/strong><\/li>\n<li><strong>Timoth\u00e9 Ivaldi<\/strong><\/li>\n<li><strong>Antoine Zaho<\/strong><\/li>\n<li><strong>C\u00e9dric Courrillaud<\/strong><\/li>\n<li><strong>C\u00e9line Delalande<\/strong><\/li>\n<li><strong>Camille Frison\u00a0<\/strong><\/li>\n<li><strong>Aymeric Gouyaud<\/strong><\/li>\n<li><strong>Carole Hennion\u00a0<\/strong><\/li>\n<li><strong>Ludovic Morainville<\/strong><\/li>\n<li><strong>Lucile Poquet<\/strong><\/li>\n<li><strong>Alexandre Sibout<\/strong><\/li>\n<li><strong>Alexandre Sol<\/strong><\/li>\n<li><strong>Pierre Delhom<\/strong><\/li>\n<li><strong>Maud Pinchon <\/strong><\/li>\n<li><strong>Thomas Sallier\u00a0<\/strong><\/li>\n<\/ul>\n<p style=\"text-align: justify;\"><span style=\"text-decoration: underline;\"><strong>Tennis<\/strong><\/span><\/p>\n<ul>\n<li style=\"text-align: justify;\"><strong>Elise Delvas<\/strong><\/li>\n<li style=\"text-align: justify;\"><strong>Ana\u00efs Thorel<\/strong><\/li>\n<li style=\"text-align: justify;\"><strong>Benjamin Coulier<\/strong><\/li>\n<li style=\"text-align: justify;\"><strong>Hugo Beckman<\/strong><\/li>\n<li style=\"text-align: justify;\"><strong>Jean-Philippe Faivre<\/strong><\/li>\n<\/ul>\n","protected":false},"excerpt":{"rendered":"<p>JEUX EUROPEENS DE SPORT ADAPTES &#8211; Comp\u00e9tition connue chez les athl\u00e8tes valides, les Jeux Europ\u00e9ens sont aussi organis\u00e9s en sport adapt\u00e9. Organis\u00e9s \u00e0 Cracovie (Pologne) du 16 au 24 juillet prochain, ces Jeux seront l&rsquo;occasion pour les meilleurs sportifs fran\u00e7ais adapt\u00e9s de se confronter au gratin europ\u00e9en.<\/p>\n","protected":false},"author":43,"featured_media":163018,"comment_status":"open","ping_status":"closed","sticky":false,"template":"","format":"standard","meta":{"_acf_changed":false,"_daextam_enable_autolinks":"","footnotes":""},"categories":[5753,2366],"tags":[1265,8137,1539],"class_list":["post-231394","post","type-post","status-publish","format-standard","has-post-thumbnail","hentry","category-handisport","category-multisports","tag-handisport","tag-jeux-europeens","tag-sport-adapte"],"acf":[],"yoast_head":"<!-- This site is optimized with the Yoast SEO Premium plugin v26.7 (Yoast SEO v26.7) - https:\/\/yoast.com\/wordpress\/plugins\/seo\/ -->\n<title>Jeux Europ\u00e9ens de sport adapt\u00e9 : La s\u00e9lection fran\u00e7aise<\/title>\n<meta name=\"description\" content=\"Ils seront 97 athl\u00e8tes a repr\u00e9senter la France lors des Jeux Europ\u00e9ens de sport adapt\u00e9 en juillet prochain \u00e0 Cracovie (Pologne).\" \/>\n<meta name=\"robots\" content=\"index, follow, max-snippet:-1, max-image-preview:large, max-video-preview:-1\" \/>\n<link rel=\"canonical\" href=\"https:\/\/dicodusport.fr\/blog\/jeux-europeens-de-sport-adapte-selection-francaise\/\" \/>\n<meta property=\"og:locale\" content=\"fr_FR\" \/>\n<meta property=\"og:type\" content=\"article\" \/>\n<meta property=\"og:title\" content=\"Jeux Europ\u00e9ens de sport adapt\u00e9 : La s\u00e9lection fran\u00e7aise\" \/>\n<meta property=\"og:description\" content=\"Ils seront 97 athl\u00e8tes a repr\u00e9senter la France lors des Jeux Europ\u00e9ens de sport adapt\u00e9 en juillet prochain \u00e0 Cracovie (Pologne).\" \/>\n<meta property=\"og:url\" content=\"https:\/\/dicodusport.fr\/blog\/jeux-europeens-de-sport-adapte-selection-francaise\/\" \/>\n<meta property=\"og:site_name\" content=\"Dicodusport\" \/>\n<meta property=\"article:publisher\" content=\"https:\/\/www.facebook.com\/dicodusport\" \/>\n<meta property=\"article:author\" content=\"https:\/\/www.facebook.com\/Max.Bld2\/\" \/>\n<meta property=\"article:published_time\" content=\"2022-06-10T10:57:17+00:00\" \/>\n<meta property=\"article:modified_time\" content=\"2025-08-22T17:09:36+00:00\" \/>\n<meta property=\"og:image\" content=\"https:\/\/dicodusport.fr\/blog\/wp-content\/uploads\/2021\/08\/JP-de-Tokyo-\u2013-Athletisme-Charles-Antoine-Kouakou-champion-paralympique-sur-400m.png\" \/>\n\t<meta property=\"og:image:width\" content=\"800\" \/>\n\t<meta property=\"og:image:height\" content=\"445\" \/>\n\t<meta property=\"og:image:type\" content=\"image\/png\" \/>\n<meta name=\"author\" content=\"Maxime Boulard\" \/>\n<meta name=\"twitter:card\" content=\"summary_large_image\" \/>\n<meta name=\"twitter:title\" content=\"Jeux Europ\u00e9ens de sport adapt\u00e9 : La s\u00e9lection fran\u00e7aise\" \/>\n<meta name=\"twitter:creator\" content=\"@https:\/\/twitter.com\/MaximeB_2\" \/>\n<meta name=\"twitter:site\" content=\"@dicodusport\" \/>\n<script type=\"application\/ld+json\" class=\"yoast-schema-graph\">{\"@context\":\"https:\/\/schema.org\",\"@graph\":[{\"@type\":\"NewsArticle\",\"@id\":\"https:\/\/dicodusport.fr\/blog\/jeux-europeens-de-sport-adapte-selection-francaise\/#article\",\"isPartOf\":{\"@id\":\"https:\/\/dicodusport.fr\/blog\/jeux-europeens-de-sport-adapte-selection-francaise\/\"},\"author\":{\"name\":\"Maxime Boulard\",\"@id\":\"https:\/\/dicodusport.fr\/blog\/#\/schema\/person\/5aab10ee856e86ac63e9819a9da34784\"},\"headline\":\"Jeux Europ\u00e9ens de sport adapt\u00e9 : La s\u00e9lection fran\u00e7aise\",\"datePublished\":\"2022-06-10T10:57:17+00:00\",\"dateModified\":\"2025-08-22T17:09:36+00:00\",\"mainEntityOfPage\":{\"@id\":\"https:\/\/dicodusport.fr\/blog\/jeux-europeens-de-sport-adapte-selection-francaise\/\"},\"wordCount\":395,\"commentCount\":0,\"publisher\":{\"@id\":\"https:\/\/dicodusport.fr\/blog\/#organization\"},\"image\":{\"@id\":\"https:\/\/dicodusport.fr\/blog\/jeux-europeens-de-sport-adapte-selection-francaise\/#primaryimage\"},\"thumbnailUrl\":\"https:\/\/dicodusport.fr\/blog\/wp-content\/uploads\/2021\/08\/JP-de-Tokyo-\u2013-Athletisme-Charles-Antoine-Kouakou-champion-paralympique-sur-400m.png\",\"keywords\":[\"handisport\",\"Jeux Europ\u00e9ens\",\"Sport Adapt\u00e9\"],\"articleSection\":[\"Handisport\",\"Multisports\"],\"inLanguage\":\"fr-FR\",\"potentialAction\":[{\"@type\":\"CommentAction\",\"name\":\"Comment\",\"target\":[\"https:\/\/dicodusport.fr\/blog\/jeux-europeens-de-sport-adapte-selection-francaise\/#respond\"]}],\"copyrightYear\":\"2022\",\"copyrightHolder\":{\"@id\":\"https:\/\/dicodusport.fr\/blog\/#organization\"}},{\"@type\":\"WebPage\",\"@id\":\"https:\/\/dicodusport.fr\/blog\/jeux-europeens-de-sport-adapte-selection-francaise\/\",\"url\":\"https:\/\/dicodusport.fr\/blog\/jeux-europeens-de-sport-adapte-selection-francaise\/\",\"name\":\"Jeux Europ\u00e9ens de sport adapt\u00e9 : La s\u00e9lection fran\u00e7aise\",\"isPartOf\":{\"@id\":\"https:\/\/dicodusport.fr\/blog\/#website\"},\"primaryImageOfPage\":{\"@id\":\"https:\/\/dicodusport.fr\/blog\/jeux-europeens-de-sport-adapte-selection-francaise\/#primaryimage\"},\"image\":{\"@id\":\"https:\/\/dicodusport.fr\/blog\/jeux-europeens-de-sport-adapte-selection-francaise\/#primaryimage\"},\"thumbnailUrl\":\"https:\/\/dicodusport.fr\/blog\/wp-content\/uploads\/2021\/08\/JP-de-Tokyo-\u2013-Athletisme-Charles-Antoine-Kouakou-champion-paralympique-sur-400m.png\",\"datePublished\":\"2022-06-10T10:57:17+00:00\",\"dateModified\":\"2025-08-22T17:09:36+00:00\",\"description\":\"Ils seront 97 athl\u00e8tes a repr\u00e9senter la France lors des Jeux Europ\u00e9ens de sport adapt\u00e9 en juillet prochain \u00e0 Cracovie (Pologne).\",\"breadcrumb\":{\"@id\":\"https:\/\/dicodusport.fr\/blog\/jeux-europeens-de-sport-adapte-selection-francaise\/#breadcrumb\"},\"inLanguage\":\"fr-FR\",\"potentialAction\":[{\"@type\":\"ReadAction\",\"target\":[\"https:\/\/dicodusport.fr\/blog\/jeux-europeens-de-sport-adapte-selection-francaise\/\"]}]},{\"@type\":\"ImageObject\",\"inLanguage\":\"fr-FR\",\"@id\":\"https:\/\/dicodusport.fr\/blog\/jeux-europeens-de-sport-adapte-selection-francaise\/#primaryimage\",\"url\":\"https:\/\/dicodusport.fr\/blog\/wp-content\/uploads\/2021\/08\/JP-de-Tokyo-\u2013-Athletisme-Charles-Antoine-Kouakou-champion-paralympique-sur-400m.png\",\"contentUrl\":\"https:\/\/dicodusport.fr\/blog\/wp-content\/uploads\/2021\/08\/JP-de-Tokyo-\u2013-Athletisme-Charles-Antoine-Kouakou-champion-paralympique-sur-400m.png\",\"width\":800,\"height\":445,\"caption\":\"Jeux Paralympiques de Tokyo \u2013 Athl\u00e9tisme Charles-Antoine Kouakou champion paralympique sur 400m\"},{\"@type\":\"BreadcrumbList\",\"@id\":\"https:\/\/dicodusport.fr\/blog\/jeux-europeens-de-sport-adapte-selection-francaise\/#breadcrumb\",\"itemListElement\":[{\"@type\":\"ListItem\",\"position\":1,\"name\":\"Accueil\",\"item\":\"https:\/\/dicodusport.fr\/blog\/\"},{\"@type\":\"ListItem\",\"position\":2,\"name\":\"Jeux Europ\u00e9ens de sport adapt\u00e9 : La s\u00e9lection fran\u00e7aise\"}]},{\"@type\":\"WebSite\",\"@id\":\"https:\/\/dicodusport.fr\/blog\/#website\",\"url\":\"https:\/\/dicodusport.fr\/blog\/\",\"name\":\"Dicodusport\",\"description\":\"L&#039;encyclop\u00e9die de l&#039;actualit\u00e9 sportive\",\"publisher\":{\"@id\":\"https:\/\/dicodusport.fr\/blog\/#organization\"},\"potentialAction\":[{\"@type\":\"SearchAction\",\"target\":{\"@type\":\"EntryPoint\",\"urlTemplate\":\"https:\/\/dicodusport.fr\/blog\/?s={search_term_string}\"},\"query-input\":{\"@type\":\"PropertyValueSpecification\",\"valueRequired\":true,\"valueName\":\"search_term_string\"}}],\"inLanguage\":\"fr-FR\"},{\"@type\":\"NewsMediaOrganization\",\"@id\":\"https:\/\/dicodusport.fr\/blog\/#organization\",\"name\":\"Dicodusport\",\"url\":\"https:\/\/dicodusport.fr\/blog\/\",\"logo\":{\"@type\":\"ImageObject\",\"inLanguage\":\"fr-FR\",\"@id\":\"https:\/\/dicodusport.fr\/blog\/#\/schema\/logo\/image\/\",\"url\":\"https:\/\/dicodusport.fr\/blog\/wp-content\/uploads\/2020\/06\/cropped-LOGO-DICODUSPORT-2020-SANS-FOND-SANS-TEXTE.png\",\"contentUrl\":\"https:\/\/dicodusport.fr\/blog\/wp-content\/uploads\/2020\/06\/cropped-LOGO-DICODUSPORT-2020-SANS-FOND-SANS-TEXTE.png\",\"width\":512,\"height\":512,\"caption\":\"Dicodusport\"},\"image\":{\"@id\":\"https:\/\/dicodusport.fr\/blog\/#\/schema\/logo\/image\/\"},\"sameAs\":[\"https:\/\/www.facebook.com\/dicodusport\",\"https:\/\/x.com\/dicodusport\",\"https:\/\/www.instagram.com\/dicodusport\/\",\"https:\/\/www.youtube.com\/channel\/UC7V2KZ5sd3htJivAbA4ZG3w\"],\"description\":\"Dicodusport est l'encyclop\u00e9die de l'actualit\u00e9 sportive.\",\"email\":\"bonjour@dicodusport.fr\",\"legalName\":\"DICODUSPORT\",\"foundingDate\":\"2018-01-14\",\"vatID\":\"FR71834470973\",\"taxID\":\"83447097300043\",\"numberOfEmployees\":{\"@type\":\"QuantitativeValue\",\"minValue\":\"1\",\"maxValue\":\"10\"}},{\"@type\":\"Person\",\"@id\":\"https:\/\/dicodusport.fr\/blog\/#\/schema\/person\/5aab10ee856e86ac63e9819a9da34784\",\"name\":\"Maxime Boulard\",\"image\":{\"@type\":\"ImageObject\",\"inLanguage\":\"fr-FR\",\"@id\":\"https:\/\/dicodusport.fr\/blog\/#\/schema\/person\/image\/\",\"url\":\"https:\/\/dicodusport.fr\/blog\/wp-content\/uploads\/2021\/05\/Maxime-Boulard-150x150.jpg\",\"contentUrl\":\"https:\/\/dicodusport.fr\/blog\/wp-content\/uploads\/2021\/05\/Maxime-Boulard-150x150.jpg\",\"caption\":\"Maxime Boulard\"},\"description\":\"Journaliste\/r\u00e9dacteur depuis octobre 2020 - Si mon plus vieux souvenir de sport aurait pu m'en d\u00e9go\u00fbter, la finale de la Coupe du monde 2006 a \u00e9t\u00e9 tout le contraire. V\u00e9ritable d\u00e9clencheur d'une passion qui aujourd'hui ne fait que grandir avec le temps, mon leitmotiv est la France qui brille ! Je relate les exploits pass\u00e9s et pr\u00e9sents du sport bleu-blanc-rouge sans m\u00e9nagement depuis octobre 2020. Sport valide ou handisport, aucune diff\u00e9rence, il n'y a que du sport et plusieurs fa\u00e7ons de le pratiquer.\",\"sameAs\":[\"https:\/\/www.facebook.com\/Max.Bld2\/\",\"https:\/\/x.com\/https:\/\/twitter.com\/MaximeB_2\"],\"url\":\"https:\/\/dicodusport.fr\/blog\/author\/maxime-b\/\"}]}<\/script>\n<!-- \/ Yoast SEO Premium plugin. -->","yoast_head_json":{"title":"Jeux Europ\u00e9ens de sport adapt\u00e9 : La s\u00e9lection fran\u00e7aise","description":"Ils seront 97 athl\u00e8tes a repr\u00e9senter la France lors des Jeux Europ\u00e9ens de sport adapt\u00e9 en juillet prochain \u00e0 Cracovie (Pologne).","robots":{"index":"index","follow":"follow","max-snippet":"max-snippet:-1","max-image-preview":"max-image-preview:large","max-video-preview":"max-video-preview:-1"},"canonical":"https:\/\/dicodusport.fr\/blog\/jeux-europeens-de-sport-adapte-selection-francaise\/","og_locale":"fr_FR","og_type":"article","og_title":"Jeux Europ\u00e9ens de sport adapt\u00e9 : La s\u00e9lection fran\u00e7aise","og_description":"Ils seront 97 athl\u00e8tes a repr\u00e9senter la France lors des Jeux Europ\u00e9ens de sport adapt\u00e9 en juillet prochain \u00e0 Cracovie (Pologne).","og_url":"https:\/\/dicodusport.fr\/blog\/jeux-europeens-de-sport-adapte-selection-francaise\/","og_site_name":"Dicodusport","article_publisher":"https:\/\/www.facebook.com\/dicodusport","article_author":"https:\/\/www.facebook.com\/Max.Bld2\/","article_published_time":"2022-06-10T10:57:17+00:00","article_modified_time":"2025-08-22T17:09:36+00:00","og_image":[{"width":800,"height":445,"url":"https:\/\/dicodusport.fr\/blog\/wp-content\/uploads\/2021\/08\/JP-de-Tokyo-\u2013-Athletisme-Charles-Antoine-Kouakou-champion-paralympique-sur-400m.png","type":"image\/png"}],"author":"Maxime Boulard","twitter_card":"summary_large_image","twitter_title":"Jeux Europ\u00e9ens de sport adapt\u00e9 : La s\u00e9lection fran\u00e7aise","twitter_creator":"@https:\/\/twitter.com\/MaximeB_2","twitter_site":"@dicodusport","schema":{"@context":"https:\/\/schema.org","@graph":[{"@type":"NewsArticle","@id":"https:\/\/dicodusport.fr\/blog\/jeux-europeens-de-sport-adapte-selection-francaise\/#article","isPartOf":{"@id":"https:\/\/dicodusport.fr\/blog\/jeux-europeens-de-sport-adapte-selection-francaise\/"},"author":{"name":"Maxime Boulard","@id":"https:\/\/dicodusport.fr\/blog\/#\/schema\/person\/5aab10ee856e86ac63e9819a9da34784"},"headline":"Jeux Europ\u00e9ens de sport adapt\u00e9 : La s\u00e9lection fran\u00e7aise","datePublished":"2022-06-10T10:57:17+00:00","dateModified":"2025-08-22T17:09:36+00:00","mainEntityOfPage":{"@id":"https:\/\/dicodusport.fr\/blog\/jeux-europeens-de-sport-adapte-selection-francaise\/"},"wordCount":395,"commentCount":0,"publisher":{"@id":"https:\/\/dicodusport.fr\/blog\/#organization"},"image":{"@id":"https:\/\/dicodusport.fr\/blog\/jeux-europeens-de-sport-adapte-selection-francaise\/#primaryimage"},"thumbnailUrl":"https:\/\/dicodusport.fr\/blog\/wp-content\/uploads\/2021\/08\/JP-de-Tokyo-\u2013-Athletisme-Charles-Antoine-Kouakou-champion-paralympique-sur-400m.png","keywords":["handisport","Jeux Europ\u00e9ens","Sport Adapt\u00e9"],"articleSection":["Handisport","Multisports"],"inLanguage":"fr-FR","potentialAction":[{"@type":"CommentAction","name":"Comment","target":["https:\/\/dicodusport.fr\/blog\/jeux-europeens-de-sport-adapte-selection-francaise\/#respond"]}],"copyrightYear":"2022","copyrightHolder":{"@id":"https:\/\/dicodusport.fr\/blog\/#organization"}},{"@type":"WebPage","@id":"https:\/\/dicodusport.fr\/blog\/jeux-europeens-de-sport-adapte-selection-francaise\/","url":"https:\/\/dicodusport.fr\/blog\/jeux-europeens-de-sport-adapte-selection-francaise\/","name":"Jeux Europ\u00e9ens de sport adapt\u00e9 : La s\u00e9lection fran\u00e7aise","isPartOf":{"@id":"https:\/\/dicodusport.fr\/blog\/#website"},"primaryImageOfPage":{"@id":"https:\/\/dicodusport.fr\/blog\/jeux-europeens-de-sport-adapte-selection-francaise\/#primaryimage"},"image":{"@id":"https:\/\/dicodusport.fr\/blog\/jeux-europeens-de-sport-adapte-selection-francaise\/#primaryimage"},"thumbnailUrl":"https:\/\/dicodusport.fr\/blog\/wp-content\/uploads\/2021\/08\/JP-de-Tokyo-\u2013-Athletisme-Charles-Antoine-Kouakou-champion-paralympique-sur-400m.png","datePublished":"2022-06-10T10:57:17+00:00","dateModified":"2025-08-22T17:09:36+00:00","description":"Ils seront 97 athl\u00e8tes a repr\u00e9senter la France lors des Jeux Europ\u00e9ens de sport adapt\u00e9 en juillet prochain \u00e0 Cracovie (Pologne).","breadcrumb":{"@id":"https:\/\/dicodusport.fr\/blog\/jeux-europeens-de-sport-adapte-selection-francaise\/#breadcrumb"},"inLanguage":"fr-FR","potentialAction":[{"@type":"ReadAction","target":["https:\/\/dicodusport.fr\/blog\/jeux-europeens-de-sport-adapte-selection-francaise\/"]}]},{"@type":"ImageObject","inLanguage":"fr-FR","@id":"https:\/\/dicodusport.fr\/blog\/jeux-europeens-de-sport-adapte-selection-francaise\/#primaryimage","url":"https:\/\/dicodusport.fr\/blog\/wp-content\/uploads\/2021\/08\/JP-de-Tokyo-\u2013-Athletisme-Charles-Antoine-Kouakou-champion-paralympique-sur-400m.png","contentUrl":"https:\/\/dicodusport.fr\/blog\/wp-content\/uploads\/2021\/08\/JP-de-Tokyo-\u2013-Athletisme-Charles-Antoine-Kouakou-champion-paralympique-sur-400m.png","width":800,"height":445,"caption":"Jeux Paralympiques de Tokyo \u2013 Athl\u00e9tisme Charles-Antoine Kouakou champion paralympique sur 400m"},{"@type":"BreadcrumbList","@id":"https:\/\/dicodusport.fr\/blog\/jeux-europeens-de-sport-adapte-selection-francaise\/#breadcrumb","itemListElement":[{"@type":"ListItem","position":1,"name":"Accueil","item":"https:\/\/dicodusport.fr\/blog\/"},{"@type":"ListItem","position":2,"name":"Jeux Europ\u00e9ens de sport adapt\u00e9 : La s\u00e9lection fran\u00e7aise"}]},{"@type":"WebSite","@id":"https:\/\/dicodusport.fr\/blog\/#website","url":"https:\/\/dicodusport.fr\/blog\/","name":"Dicodusport","description":"L&#039;encyclop\u00e9die de l&#039;actualit\u00e9 sportive","publisher":{"@id":"https:\/\/dicodusport.fr\/blog\/#organization"},"potentialAction":[{"@type":"SearchAction","target":{"@type":"EntryPoint","urlTemplate":"https:\/\/dicodusport.fr\/blog\/?s={search_term_string}"},"query-input":{"@type":"PropertyValueSpecification","valueRequired":true,"valueName":"search_term_string"}}],"inLanguage":"fr-FR"},{"@type":"NewsMediaOrganization","@id":"https:\/\/dicodusport.fr\/blog\/#organization","name":"Dicodusport","url":"https:\/\/dicodusport.fr\/blog\/","logo":{"@type":"ImageObject","inLanguage":"fr-FR","@id":"https:\/\/dicodusport.fr\/blog\/#\/schema\/logo\/image\/","url":"https:\/\/dicodusport.fr\/blog\/wp-content\/uploads\/2020\/06\/cropped-LOGO-DICODUSPORT-2020-SANS-FOND-SANS-TEXTE.png","contentUrl":"https:\/\/dicodusport.fr\/blog\/wp-content\/uploads\/2020\/06\/cropped-LOGO-DICODUSPORT-2020-SANS-FOND-SANS-TEXTE.png","width":512,"height":512,"caption":"Dicodusport"},"image":{"@id":"https:\/\/dicodusport.fr\/blog\/#\/schema\/logo\/image\/"},"sameAs":["https:\/\/www.facebook.com\/dicodusport","https:\/\/x.com\/dicodusport","https:\/\/www.instagram.com\/dicodusport\/","https:\/\/www.youtube.com\/channel\/UC7V2KZ5sd3htJivAbA4ZG3w"],"description":"Dicodusport est l'encyclop\u00e9die de l'actualit\u00e9 sportive.","email":"bonjour@dicodusport.fr","legalName":"DICODUSPORT","foundingDate":"2018-01-14","vatID":"FR71834470973","taxID":"83447097300043","numberOfEmployees":{"@type":"QuantitativeValue","minValue":"1","maxValue":"10"}},{"@type":"Person","@id":"https:\/\/dicodusport.fr\/blog\/#\/schema\/person\/5aab10ee856e86ac63e9819a9da34784","name":"Maxime Boulard","image":{"@type":"ImageObject","inLanguage":"fr-FR","@id":"https:\/\/dicodusport.fr\/blog\/#\/schema\/person\/image\/","url":"https:\/\/dicodusport.fr\/blog\/wp-content\/uploads\/2021\/05\/Maxime-Boulard-150x150.jpg","contentUrl":"https:\/\/dicodusport.fr\/blog\/wp-content\/uploads\/2021\/05\/Maxime-Boulard-150x150.jpg","caption":"Maxime Boulard"},"description":"Journaliste\/r\u00e9dacteur depuis octobre 2020 - Si mon plus vieux souvenir de sport aurait pu m'en d\u00e9go\u00fbter, la finale de la Coupe du monde 2006 a \u00e9t\u00e9 tout le contraire. V\u00e9ritable d\u00e9clencheur d'une passion qui aujourd'hui ne fait que grandir avec le temps, mon leitmotiv est la France qui brille ! Je relate les exploits pass\u00e9s et pr\u00e9sents du sport bleu-blanc-rouge sans m\u00e9nagement depuis octobre 2020. Sport valide ou handisport, aucune diff\u00e9rence, il n'y a que du sport et plusieurs fa\u00e7ons de le pratiquer.","sameAs":["https:\/\/www.facebook.com\/Max.Bld2\/","https:\/\/x.com\/https:\/\/twitter.com\/MaximeB_2"],"url":"https:\/\/dicodusport.fr\/blog\/author\/maxime-b\/"}]}},"_links":{"self":[{"href":"https:\/\/dicodusport.fr\/blog\/wp-json\/wp\/v2\/posts\/231394","targetHints":{"allow":["GET"]}}],"collection":[{"href":"https:\/\/dicodusport.fr\/blog\/wp-json\/wp\/v2\/posts"}],"about":[{"href":"https:\/\/dicodusport.fr\/blog\/wp-json\/wp\/v2\/types\/post"}],"author":[{"embeddable":true,"href":"https:\/\/dicodusport.fr\/blog\/wp-json\/wp\/v2\/users\/43"}],"replies":[{"embeddable":true,"href":"https:\/\/dicodusport.fr\/blog\/wp-json\/wp\/v2\/comments?post=231394"}],"version-history":[{"count":1,"href":"https:\/\/dicodusport.fr\/blog\/wp-json\/wp\/v2\/posts\/231394\/revisions"}],"predecessor-version":[{"id":604582,"href":"https:\/\/dicodusport.fr\/blog\/wp-json\/wp\/v2\/posts\/231394\/revisions\/604582"}],"wp:featuredmedia":[{"embeddable":true,"href":"https:\/\/dicodusport.fr\/blog\/wp-json\/wp\/v2\/media\/163018"}],"wp:attachment":[{"href":"https:\/\/dicodusport.fr\/blog\/wp-json\/wp\/v2\/media?parent=231394"}],"wp:term":[{"taxonomy":"category","embeddable":true,"href":"https:\/\/dicodusport.fr\/blog\/wp-json\/wp\/v2\/categories?post=231394"},{"taxonomy":"post_tag","embeddable":true,"href":"https:\/\/dicodusport.fr\/blog\/wp-json\/wp\/v2\/tags?post=231394"}],"curies":[{"name":"wp","href":"https:\/\/api.w.org\/{rel}","templated":true}]}}