{"id":231424,"date":"2022-06-09T18:45:26","date_gmt":"2022-06-09T16:45:26","guid":{"rendered":"https:\/\/dicodusport.fr\/blog\/?p=231424&#038;preview=true&#038;preview_id=231424"},"modified":"2022-06-09T18:44:03","modified_gmt":"2022-06-09T16:44:03","slug":"danemark-croatie-a-quelle-heure-et-sur-quelle-chaine","status":"publish","type":"post","link":"https:\/\/dicodusport.fr\/blog\/danemark-croatie-a-quelle-heure-et-sur-quelle-chaine\/","title":{"rendered":"Danemark &#8211; Croatie : \u00c0 quelle heure et sur quelle cha\u00eene"},"content":{"rendered":"<p style=\"text-align: justify;\"><em><b>LIGUE DES NATIONS &#8211; Ce vendredi soir, la Croatie se d\u00e9place au Danemark dans le cadre de la troisi\u00e8me journ\u00e9e de Ligue des Nations. D\u00e9couvrez le programme TV.<\/b><\/em><\/p>\n<p style=\"text-align: justify;\">Deux matchs et autant de victoires, le <strong>Danemark<\/strong> est en t\u00eate de sa poule de <strong>Ligue des Nations<\/strong> avant le choc face \u00e0 la <strong>Croatie<\/strong>. <a href=\"https:\/\/dicodusport.fr\/blog\/ligue-des-nations-les-bleus-surpris-par-le-danemark\/\">Apr\u00e8s les Bleus<\/a>, ce sont les Autrichiens qui sont tomb\u00e9s face aux <strong>Danois<\/strong>. <a href=\"https:\/\/dicodusport.fr\/blog\/ligue-des-nations-un-nul-regrettable-pour-les-bleus-face-a-la-croatie\/\">La Croatie reste sur un nul arrach\u00e9 face \u00e0 la France<\/a> apr\u00e8s une lourde d\u00e9faite face \u00e0 l&rsquo;Autriche.<\/p>\n<h2 style=\"text-align: justify;\">Ligue des Nations : Le Programme TV du match Danemark &#8211; Croatie<\/h2>\n<h3 style=\"text-align: justify;\">Vendredi 10 juin<\/h3>\n<p style=\"text-align: justify;\"><strong>Match diffus\u00e9 sur La Cha\u00eene L&rsquo;\u00c9quipe : <\/strong>D\u00e9but du match \u00e0 <strong>20h45.\u00a0<\/strong><\/p>\n<h2 style=\"text-align: justify;\"><strong>\u00c0 lire aussi<\/strong><\/h2>\n<p><span class=\"qxrC5Inga7hkjAEK32QJlLFBM\"><\/p>\n<blockquote class=\"wp-embedded-content\" data-secret=\"JfQdbXZhU1\"><p><a href=\"https:\/\/dicodusport.fr\/blog\/autriche-france-a-quelle-heure-et-sur-quelle-chaine\/\">Autriche &#8211; France : \u00c0 quelle heure et sur quelle cha\u00eene<\/a><\/p><\/blockquote>\n<p><iframe loading=\"lazy\" class=\"wp-embedded-content\" sandbox=\"allow-scripts\" security=\"restricted\" style=\"position: absolute; clip: rect(1px, 1px, 1px, 1px);\" title=\"\u00ab\u00a0Autriche &#8211; France : \u00c0 quelle heure et sur quelle cha\u00eene\u00a0\u00bb &#8212; Dicodusport\" src=\"https:\/\/dicodusport.fr\/blog\/autriche-france-a-quelle-heure-et-sur-quelle-chaine\/embed\/#?secret=N1Nma5B4si#?secret=JfQdbXZhU1\" data-secret=\"JfQdbXZhU1\" width=\"600\" height=\"338\" frameborder=\"0\" marginwidth=\"0\" marginheight=\"0\" scrolling=\"no\"><\/iframe><\/span><\/p>\n","protected":false},"excerpt":{"rendered":"<p>LIGUE DES NATIONS &#8211; Ce vendredi soir, la Croatie se d\u00e9place au Danemark dans le cadre de la troisi\u00e8me journ\u00e9e de Ligue des Nations. D\u00e9couvrez le programme TV.<\/p>\n","protected":false},"author":1,"featured_media":231427,"comment_status":"open","ping_status":"closed","sticky":false,"template":"","format":"standard","meta":{"_acf_changed":false,"_daextam_enable_autolinks":"","footnotes":""},"categories":[2301],"tags":[17213,75,21872,21768,3514,8799],"class_list":["post-231424","post","type-post","status-publish","format-standard","has-post-thumbnail","hentry","category-football","tag-chaine","tag-football","tag-heure","tag-horaire","tag-ligue-des-nations","tag-programme-tv"],"acf":[],"yoast_head":"<!-- This site is optimized with the Yoast SEO Premium plugin v26.7 (Yoast SEO v26.7) - https:\/\/yoast.com\/wordpress\/plugins\/seo\/ -->\n<title>Danemark - Croatie : \u00c0 quelle heure et sur quelle cha\u00eene<\/title>\n<meta name=\"description\" content=\"Ce vendredi soir, la Croatie se d\u00e9place au Danemark dans le cadre de la troisi\u00e8me journ\u00e9e de Ligue des Nations. Programme TV.\" \/>\n<meta name=\"robots\" content=\"index, follow, max-snippet:-1, max-image-preview:large, max-video-preview:-1\" \/>\n<link rel=\"canonical\" href=\"https:\/\/dicodusport.fr\/blog\/danemark-croatie-a-quelle-heure-et-sur-quelle-chaine\/\" \/>\n<meta property=\"og:locale\" content=\"fr_FR\" \/>\n<meta property=\"og:type\" content=\"article\" \/>\n<meta property=\"og:title\" content=\"Danemark - Croatie : \u00c0 quelle heure et sur quelle cha\u00eene\" \/>\n<meta property=\"og:description\" content=\"Ce vendredi soir, la Croatie se d\u00e9place au Danemark dans le cadre de la troisi\u00e8me journ\u00e9e de Ligue des Nations. Programme TV.\" \/>\n<meta property=\"og:url\" content=\"https:\/\/dicodusport.fr\/blog\/danemark-croatie-a-quelle-heure-et-sur-quelle-chaine\/\" \/>\n<meta property=\"og:site_name\" content=\"Dicodusport\" \/>\n<meta property=\"article:publisher\" content=\"https:\/\/www.facebook.com\/dicodusport\" \/>\n<meta property=\"article:author\" content=\"https:\/\/www.facebook.com\/dicodusport\" \/>\n<meta property=\"article:published_time\" content=\"2022-06-09T16:45:26+00:00\" \/>\n<meta property=\"og:image\" content=\"https:\/\/dicodusport.fr\/blog\/wp-content\/uploads\/2022\/06\/Danemark-Croatie-A\u0300-quelle-heure-et-sur-quelle-chai\u0302ne.png\" \/>\n\t<meta property=\"og:image:width\" content=\"800\" \/>\n\t<meta property=\"og:image:height\" content=\"445\" \/>\n\t<meta property=\"og:image:type\" content=\"image\/png\" \/>\n<meta name=\"author\" content=\"Nicolas Jacquemard\" \/>\n<meta name=\"twitter:card\" content=\"summary_large_image\" \/>\n<meta name=\"twitter:title\" content=\"Danemark - Croatie : \u00c0 quelle heure et sur quelle cha\u00eene\" \/>\n<meta name=\"twitter:creator\" content=\"@https:\/\/twitter.com\/Nico_Jacquemard\" \/>\n<meta name=\"twitter:site\" content=\"@dicodusport\" \/>\n<script type=\"application\/ld+json\" class=\"yoast-schema-graph\">{\"@context\":\"https:\/\/schema.org\",\"@graph\":[{\"@type\":\"NewsArticle\",\"@id\":\"https:\/\/dicodusport.fr\/blog\/danemark-croatie-a-quelle-heure-et-sur-quelle-chaine\/#article\",\"isPartOf\":{\"@id\":\"https:\/\/dicodusport.fr\/blog\/danemark-croatie-a-quelle-heure-et-sur-quelle-chaine\/\"},\"author\":{\"name\":\"Nicolas Jacquemard\",\"@id\":\"https:\/\/dicodusport.fr\/blog\/#\/schema\/person\/55dcb50ad410894e431ed812bbb70191\"},\"headline\":\"Danemark &#8211; Croatie : \u00c0 quelle heure et sur quelle cha\u00eene\",\"datePublished\":\"2022-06-09T16:45:26+00:00\",\"mainEntityOfPage\":{\"@id\":\"https:\/\/dicodusport.fr\/blog\/danemark-croatie-a-quelle-heure-et-sur-quelle-chaine\/\"},\"wordCount\":134,\"commentCount\":0,\"publisher\":{\"@id\":\"https:\/\/dicodusport.fr\/blog\/#organization\"},\"image\":{\"@id\":\"https:\/\/dicodusport.fr\/blog\/danemark-croatie-a-quelle-heure-et-sur-quelle-chaine\/#primaryimage\"},\"thumbnailUrl\":\"https:\/\/dicodusport.fr\/blog\/wp-content\/uploads\/2022\/06\/Danemark-Croatie-A\u0300-quelle-heure-et-sur-quelle-chai\u0302ne.png\",\"keywords\":[\"Cha\u00eene\",\"Football\",\"Heure\",\"Horaire\",\"Ligue des nations\",\"Programme TV\"],\"articleSection\":[\"Football\"],\"inLanguage\":\"fr-FR\",\"potentialAction\":[{\"@type\":\"CommentAction\",\"name\":\"Comment\",\"target\":[\"https:\/\/dicodusport.fr\/blog\/danemark-croatie-a-quelle-heure-et-sur-quelle-chaine\/#respond\"]}],\"copyrightYear\":\"2022\",\"copyrightHolder\":{\"@id\":\"https:\/\/dicodusport.fr\/blog\/#organization\"}},{\"@type\":\"WebPage\",\"@id\":\"https:\/\/dicodusport.fr\/blog\/danemark-croatie-a-quelle-heure-et-sur-quelle-chaine\/\",\"url\":\"https:\/\/dicodusport.fr\/blog\/danemark-croatie-a-quelle-heure-et-sur-quelle-chaine\/\",\"name\":\"Danemark - Croatie : \u00c0 quelle heure et sur quelle cha\u00eene\",\"isPartOf\":{\"@id\":\"https:\/\/dicodusport.fr\/blog\/#website\"},\"primaryImageOfPage\":{\"@id\":\"https:\/\/dicodusport.fr\/blog\/danemark-croatie-a-quelle-heure-et-sur-quelle-chaine\/#primaryimage\"},\"image\":{\"@id\":\"https:\/\/dicodusport.fr\/blog\/danemark-croatie-a-quelle-heure-et-sur-quelle-chaine\/#primaryimage\"},\"thumbnailUrl\":\"https:\/\/dicodusport.fr\/blog\/wp-content\/uploads\/2022\/06\/Danemark-Croatie-A\u0300-quelle-heure-et-sur-quelle-chai\u0302ne.png\",\"datePublished\":\"2022-06-09T16:45:26+00:00\",\"description\":\"Ce vendredi soir, la Croatie se d\u00e9place au Danemark dans le cadre de la troisi\u00e8me journ\u00e9e de Ligue des Nations. Programme TV.\",\"breadcrumb\":{\"@id\":\"https:\/\/dicodusport.fr\/blog\/danemark-croatie-a-quelle-heure-et-sur-quelle-chaine\/#breadcrumb\"},\"inLanguage\":\"fr-FR\",\"potentialAction\":[{\"@type\":\"ReadAction\",\"target\":[\"https:\/\/dicodusport.fr\/blog\/danemark-croatie-a-quelle-heure-et-sur-quelle-chaine\/\"]}]},{\"@type\":\"ImageObject\",\"inLanguage\":\"fr-FR\",\"@id\":\"https:\/\/dicodusport.fr\/blog\/danemark-croatie-a-quelle-heure-et-sur-quelle-chaine\/#primaryimage\",\"url\":\"https:\/\/dicodusport.fr\/blog\/wp-content\/uploads\/2022\/06\/Danemark-Croatie-A\u0300-quelle-heure-et-sur-quelle-chai\u0302ne.png\",\"contentUrl\":\"https:\/\/dicodusport.fr\/blog\/wp-content\/uploads\/2022\/06\/Danemark-Croatie-A\u0300-quelle-heure-et-sur-quelle-chai\u0302ne.png\",\"width\":800,\"height\":445},{\"@type\":\"BreadcrumbList\",\"@id\":\"https:\/\/dicodusport.fr\/blog\/danemark-croatie-a-quelle-heure-et-sur-quelle-chaine\/#breadcrumb\",\"itemListElement\":[{\"@type\":\"ListItem\",\"position\":1,\"name\":\"Accueil\",\"item\":\"https:\/\/dicodusport.fr\/blog\/\"},{\"@type\":\"ListItem\",\"position\":2,\"name\":\"Danemark &#8211; Croatie : \u00c0 quelle heure et sur quelle cha\u00eene\"}]},{\"@type\":\"WebSite\",\"@id\":\"https:\/\/dicodusport.fr\/blog\/#website\",\"url\":\"https:\/\/dicodusport.fr\/blog\/\",\"name\":\"Dicodusport\",\"description\":\"L&#039;encyclop\u00e9die de l&#039;actualit\u00e9 sportive\",\"publisher\":{\"@id\":\"https:\/\/dicodusport.fr\/blog\/#organization\"},\"potentialAction\":[{\"@type\":\"SearchAction\",\"target\":{\"@type\":\"EntryPoint\",\"urlTemplate\":\"https:\/\/dicodusport.fr\/blog\/?s={search_term_string}\"},\"query-input\":{\"@type\":\"PropertyValueSpecification\",\"valueRequired\":true,\"valueName\":\"search_term_string\"}}],\"inLanguage\":\"fr-FR\"},{\"@type\":\"NewsMediaOrganization\",\"@id\":\"https:\/\/dicodusport.fr\/blog\/#organization\",\"name\":\"Dicodusport\",\"url\":\"https:\/\/dicodusport.fr\/blog\/\",\"logo\":{\"@type\":\"ImageObject\",\"inLanguage\":\"fr-FR\",\"@id\":\"https:\/\/dicodusport.fr\/blog\/#\/schema\/logo\/image\/\",\"url\":\"https:\/\/dicodusport.fr\/blog\/wp-content\/uploads\/2020\/06\/cropped-LOGO-DICODUSPORT-2020-SANS-FOND-SANS-TEXTE.png\",\"contentUrl\":\"https:\/\/dicodusport.fr\/blog\/wp-content\/uploads\/2020\/06\/cropped-LOGO-DICODUSPORT-2020-SANS-FOND-SANS-TEXTE.png\",\"width\":512,\"height\":512,\"caption\":\"Dicodusport\"},\"image\":{\"@id\":\"https:\/\/dicodusport.fr\/blog\/#\/schema\/logo\/image\/\"},\"sameAs\":[\"https:\/\/www.facebook.com\/dicodusport\",\"https:\/\/x.com\/dicodusport\",\"https:\/\/www.instagram.com\/dicodusport\/\",\"https:\/\/www.youtube.com\/channel\/UC7V2KZ5sd3htJivAbA4ZG3w\"],\"description\":\"Dicodusport est l'encyclop\u00e9die de l'actualit\u00e9 sportive.\",\"email\":\"bonjour@dicodusport.fr\",\"legalName\":\"DICODUSPORT\",\"foundingDate\":\"2018-01-14\",\"vatID\":\"FR71834470973\",\"taxID\":\"83447097300043\",\"numberOfEmployees\":{\"@type\":\"QuantitativeValue\",\"minValue\":\"1\",\"maxValue\":\"10\"}},{\"@type\":\"Person\",\"@id\":\"https:\/\/dicodusport.fr\/blog\/#\/schema\/person\/55dcb50ad410894e431ed812bbb70191\",\"name\":\"Nicolas Jacquemard\",\"image\":{\"@type\":\"ImageObject\",\"inLanguage\":\"fr-FR\",\"@id\":\"https:\/\/dicodusport.fr\/blog\/#\/schema\/person\/image\/\",\"url\":\"https:\/\/dicodusport.fr\/blog\/wp-content\/uploads\/2021\/05\/Nicolas-Jacquemard-150x150.jpeg\",\"contentUrl\":\"https:\/\/dicodusport.fr\/blog\/wp-content\/uploads\/2021\/05\/Nicolas-Jacquemard-150x150.jpeg\",\"caption\":\"Nicolas Jacquemard\"},\"description\":\"Passionn\u00e9 de sport et entrepreneur depuis mes 18 ans, la cr\u00e9ation de Dicodusport m'a sembl\u00e9 \u00e9vidente pour participer \u00e0 la m\u00e9diatisation d'un plus grand nombre de sports. Le chemin est long mais avec une \u00e9quipe des plus motiv\u00e9es et les Jeux Olympiques de Paris 2024 en point de mire, nous y arriverons ! Journaliste dans le monde du sport depuis plus de 5 ans, je traite aussi bien de football, de rugby, de biathlon que de cyclisme.\",\"sameAs\":[\"https:\/\/www.facebook.com\/dicodusport\",\"https:\/\/x.com\/https:\/\/twitter.com\/Nico_Jacquemard\"],\"url\":\"https:\/\/dicodusport.fr\/blog\/author\/dicodusport\/\"}]}<\/script>\n<!-- \/ Yoast SEO Premium plugin. -->","yoast_head_json":{"title":"Danemark - Croatie : \u00c0 quelle heure et sur quelle cha\u00eene","description":"Ce vendredi soir, la Croatie se d\u00e9place au Danemark dans le cadre de la troisi\u00e8me journ\u00e9e de Ligue des Nations. Programme TV.","robots":{"index":"index","follow":"follow","max-snippet":"max-snippet:-1","max-image-preview":"max-image-preview:large","max-video-preview":"max-video-preview:-1"},"canonical":"https:\/\/dicodusport.fr\/blog\/danemark-croatie-a-quelle-heure-et-sur-quelle-chaine\/","og_locale":"fr_FR","og_type":"article","og_title":"Danemark - Croatie : \u00c0 quelle heure et sur quelle cha\u00eene","og_description":"Ce vendredi soir, la Croatie se d\u00e9place au Danemark dans le cadre de la troisi\u00e8me journ\u00e9e de Ligue des Nations. Programme TV.","og_url":"https:\/\/dicodusport.fr\/blog\/danemark-croatie-a-quelle-heure-et-sur-quelle-chaine\/","og_site_name":"Dicodusport","article_publisher":"https:\/\/www.facebook.com\/dicodusport","article_author":"https:\/\/www.facebook.com\/dicodusport","article_published_time":"2022-06-09T16:45:26+00:00","og_image":[{"width":800,"height":445,"url":"https:\/\/dicodusport.fr\/blog\/wp-content\/uploads\/2022\/06\/Danemark-Croatie-A\u0300-quelle-heure-et-sur-quelle-chai\u0302ne.png","type":"image\/png"}],"author":"Nicolas Jacquemard","twitter_card":"summary_large_image","twitter_title":"Danemark - Croatie : \u00c0 quelle heure et sur quelle cha\u00eene","twitter_creator":"@https:\/\/twitter.com\/Nico_Jacquemard","twitter_site":"@dicodusport","schema":{"@context":"https:\/\/schema.org","@graph":[{"@type":"NewsArticle","@id":"https:\/\/dicodusport.fr\/blog\/danemark-croatie-a-quelle-heure-et-sur-quelle-chaine\/#article","isPartOf":{"@id":"https:\/\/dicodusport.fr\/blog\/danemark-croatie-a-quelle-heure-et-sur-quelle-chaine\/"},"author":{"name":"Nicolas Jacquemard","@id":"https:\/\/dicodusport.fr\/blog\/#\/schema\/person\/55dcb50ad410894e431ed812bbb70191"},"headline":"Danemark &#8211; Croatie : \u00c0 quelle heure et sur quelle cha\u00eene","datePublished":"2022-06-09T16:45:26+00:00","mainEntityOfPage":{"@id":"https:\/\/dicodusport.fr\/blog\/danemark-croatie-a-quelle-heure-et-sur-quelle-chaine\/"},"wordCount":134,"commentCount":0,"publisher":{"@id":"https:\/\/dicodusport.fr\/blog\/#organization"},"image":{"@id":"https:\/\/dicodusport.fr\/blog\/danemark-croatie-a-quelle-heure-et-sur-quelle-chaine\/#primaryimage"},"thumbnailUrl":"https:\/\/dicodusport.fr\/blog\/wp-content\/uploads\/2022\/06\/Danemark-Croatie-A\u0300-quelle-heure-et-sur-quelle-chai\u0302ne.png","keywords":["Cha\u00eene","Football","Heure","Horaire","Ligue des nations","Programme TV"],"articleSection":["Football"],"inLanguage":"fr-FR","potentialAction":[{"@type":"CommentAction","name":"Comment","target":["https:\/\/dicodusport.fr\/blog\/danemark-croatie-a-quelle-heure-et-sur-quelle-chaine\/#respond"]}],"copyrightYear":"2022","copyrightHolder":{"@id":"https:\/\/dicodusport.fr\/blog\/#organization"}},{"@type":"WebPage","@id":"https:\/\/dicodusport.fr\/blog\/danemark-croatie-a-quelle-heure-et-sur-quelle-chaine\/","url":"https:\/\/dicodusport.fr\/blog\/danemark-croatie-a-quelle-heure-et-sur-quelle-chaine\/","name":"Danemark - Croatie : \u00c0 quelle heure et sur quelle cha\u00eene","isPartOf":{"@id":"https:\/\/dicodusport.fr\/blog\/#website"},"primaryImageOfPage":{"@id":"https:\/\/dicodusport.fr\/blog\/danemark-croatie-a-quelle-heure-et-sur-quelle-chaine\/#primaryimage"},"image":{"@id":"https:\/\/dicodusport.fr\/blog\/danemark-croatie-a-quelle-heure-et-sur-quelle-chaine\/#primaryimage"},"thumbnailUrl":"https:\/\/dicodusport.fr\/blog\/wp-content\/uploads\/2022\/06\/Danemark-Croatie-A\u0300-quelle-heure-et-sur-quelle-chai\u0302ne.png","datePublished":"2022-06-09T16:45:26+00:00","description":"Ce vendredi soir, la Croatie se d\u00e9place au Danemark dans le cadre de la troisi\u00e8me journ\u00e9e de Ligue des Nations. Programme TV.","breadcrumb":{"@id":"https:\/\/dicodusport.fr\/blog\/danemark-croatie-a-quelle-heure-et-sur-quelle-chaine\/#breadcrumb"},"inLanguage":"fr-FR","potentialAction":[{"@type":"ReadAction","target":["https:\/\/dicodusport.fr\/blog\/danemark-croatie-a-quelle-heure-et-sur-quelle-chaine\/"]}]},{"@type":"ImageObject","inLanguage":"fr-FR","@id":"https:\/\/dicodusport.fr\/blog\/danemark-croatie-a-quelle-heure-et-sur-quelle-chaine\/#primaryimage","url":"https:\/\/dicodusport.fr\/blog\/wp-content\/uploads\/2022\/06\/Danemark-Croatie-A\u0300-quelle-heure-et-sur-quelle-chai\u0302ne.png","contentUrl":"https:\/\/dicodusport.fr\/blog\/wp-content\/uploads\/2022\/06\/Danemark-Croatie-A\u0300-quelle-heure-et-sur-quelle-chai\u0302ne.png","width":800,"height":445},{"@type":"BreadcrumbList","@id":"https:\/\/dicodusport.fr\/blog\/danemark-croatie-a-quelle-heure-et-sur-quelle-chaine\/#breadcrumb","itemListElement":[{"@type":"ListItem","position":1,"name":"Accueil","item":"https:\/\/dicodusport.fr\/blog\/"},{"@type":"ListItem","position":2,"name":"Danemark &#8211; Croatie : \u00c0 quelle heure et sur quelle cha\u00eene"}]},{"@type":"WebSite","@id":"https:\/\/dicodusport.fr\/blog\/#website","url":"https:\/\/dicodusport.fr\/blog\/","name":"Dicodusport","description":"L&#039;encyclop\u00e9die de l&#039;actualit\u00e9 sportive","publisher":{"@id":"https:\/\/dicodusport.fr\/blog\/#organization"},"potentialAction":[{"@type":"SearchAction","target":{"@type":"EntryPoint","urlTemplate":"https:\/\/dicodusport.fr\/blog\/?s={search_term_string}"},"query-input":{"@type":"PropertyValueSpecification","valueRequired":true,"valueName":"search_term_string"}}],"inLanguage":"fr-FR"},{"@type":"NewsMediaOrganization","@id":"https:\/\/dicodusport.fr\/blog\/#organization","name":"Dicodusport","url":"https:\/\/dicodusport.fr\/blog\/","logo":{"@type":"ImageObject","inLanguage":"fr-FR","@id":"https:\/\/dicodusport.fr\/blog\/#\/schema\/logo\/image\/","url":"https:\/\/dicodusport.fr\/blog\/wp-content\/uploads\/2020\/06\/cropped-LOGO-DICODUSPORT-2020-SANS-FOND-SANS-TEXTE.png","contentUrl":"https:\/\/dicodusport.fr\/blog\/wp-content\/uploads\/2020\/06\/cropped-LOGO-DICODUSPORT-2020-SANS-FOND-SANS-TEXTE.png","width":512,"height":512,"caption":"Dicodusport"},"image":{"@id":"https:\/\/dicodusport.fr\/blog\/#\/schema\/logo\/image\/"},"sameAs":["https:\/\/www.facebook.com\/dicodusport","https:\/\/x.com\/dicodusport","https:\/\/www.instagram.com\/dicodusport\/","https:\/\/www.youtube.com\/channel\/UC7V2KZ5sd3htJivAbA4ZG3w"],"description":"Dicodusport est l'encyclop\u00e9die de l'actualit\u00e9 sportive.","email":"bonjour@dicodusport.fr","legalName":"DICODUSPORT","foundingDate":"2018-01-14","vatID":"FR71834470973","taxID":"83447097300043","numberOfEmployees":{"@type":"QuantitativeValue","minValue":"1","maxValue":"10"}},{"@type":"Person","@id":"https:\/\/dicodusport.fr\/blog\/#\/schema\/person\/55dcb50ad410894e431ed812bbb70191","name":"Nicolas Jacquemard","image":{"@type":"ImageObject","inLanguage":"fr-FR","@id":"https:\/\/dicodusport.fr\/blog\/#\/schema\/person\/image\/","url":"https:\/\/dicodusport.fr\/blog\/wp-content\/uploads\/2021\/05\/Nicolas-Jacquemard-150x150.jpeg","contentUrl":"https:\/\/dicodusport.fr\/blog\/wp-content\/uploads\/2021\/05\/Nicolas-Jacquemard-150x150.jpeg","caption":"Nicolas Jacquemard"},"description":"Passionn\u00e9 de sport et entrepreneur depuis mes 18 ans, la cr\u00e9ation de Dicodusport m'a sembl\u00e9 \u00e9vidente pour participer \u00e0 la m\u00e9diatisation d'un plus grand nombre de sports. Le chemin est long mais avec une \u00e9quipe des plus motiv\u00e9es et les Jeux Olympiques de Paris 2024 en point de mire, nous y arriverons ! Journaliste dans le monde du sport depuis plus de 5 ans, je traite aussi bien de football, de rugby, de biathlon que de cyclisme.","sameAs":["https:\/\/www.facebook.com\/dicodusport","https:\/\/x.com\/https:\/\/twitter.com\/Nico_Jacquemard"],"url":"https:\/\/dicodusport.fr\/blog\/author\/dicodusport\/"}]}},"_links":{"self":[{"href":"https:\/\/dicodusport.fr\/blog\/wp-json\/wp\/v2\/posts\/231424","targetHints":{"allow":["GET"]}}],"collection":[{"href":"https:\/\/dicodusport.fr\/blog\/wp-json\/wp\/v2\/posts"}],"about":[{"href":"https:\/\/dicodusport.fr\/blog\/wp-json\/wp\/v2\/types\/post"}],"author":[{"embeddable":true,"href":"https:\/\/dicodusport.fr\/blog\/wp-json\/wp\/v2\/users\/1"}],"replies":[{"embeddable":true,"href":"https:\/\/dicodusport.fr\/blog\/wp-json\/wp\/v2\/comments?post=231424"}],"version-history":[{"count":0,"href":"https:\/\/dicodusport.fr\/blog\/wp-json\/wp\/v2\/posts\/231424\/revisions"}],"wp:featuredmedia":[{"embeddable":true,"href":"https:\/\/dicodusport.fr\/blog\/wp-json\/wp\/v2\/media\/231427"}],"wp:attachment":[{"href":"https:\/\/dicodusport.fr\/blog\/wp-json\/wp\/v2\/media?parent=231424"}],"wp:term":[{"taxonomy":"category","embeddable":true,"href":"https:\/\/dicodusport.fr\/blog\/wp-json\/wp\/v2\/categories?post=231424"},{"taxonomy":"post_tag","embeddable":true,"href":"https:\/\/dicodusport.fr\/blog\/wp-json\/wp\/v2\/tags?post=231424"}],"curies":[{"name":"wp","href":"https:\/\/api.w.org\/{rel}","templated":true}]}}