{"id":231568,"date":"2022-06-10T13:07:12","date_gmt":"2022-06-10T11:07:12","guid":{"rendered":"https:\/\/dicodusport.fr\/blog\/?p=231568&#038;preview=true&#038;preview_id=231568"},"modified":"2022-06-10T13:11:53","modified_gmt":"2022-06-10T11:11:53","slug":"cian-uijtdebroeks-perdre-face-a-un-coureur-qui-a-pris-3g-de-paracetamol-cela-me-frustre","status":"publish","type":"post","link":"https:\/\/dicodusport.fr\/blog\/cian-uijtdebroeks-perdre-face-a-un-coureur-qui-a-pris-3g-de-paracetamol-cela-me-frustre\/","title":{"rendered":"Cian Uijtdebroeks : \u00ab\u00a0Perdre face \u00e0 un coureur qui a pris 3g de parac\u00e9tamol, cela me frustre\u00a0\u00bb"},"content":{"rendered":"<p style=\"text-align: justify;\"><b><i>CYCLISME &#8211; Cian Uijtdebroeks (Bora-Hansgrohe), jeune p\u00e9pite belge, vit sa premi\u00e8re saison dans le peloton professionnel et d\u00e9couvre certaines pratiques.\u00a0<\/i><\/b><\/p>\n<p style=\"text-align: justify;\">\u00c0 seulement 19 ans, <strong>Cian Uijtdebroeks<\/strong> n&rsquo;a pas encore gagn\u00e9 chez les professionnels alors qu&rsquo;il raflait tout ou presque dans les cat\u00e9gories de jeunes. Malgr\u00e9 tout, le prometteur coureur belge r\u00e9alise des d\u00e9buts int\u00e9ressants, avec des belles places sur le <a href=\"https:\/\/dicodusport.fr\/blog\/tour-de-norvege-2022-classement-general\/\"><strong>Tour de Norv\u00e8ge<\/strong><\/a> ou la <a href=\"https:\/\/dicodusport.fr\/blog\/semaine-coppi-et-bartali-2022-classement-general\/\"><strong>Semaine<\/strong> <strong>Coppi et Bartali<\/strong><\/a>. Dans une interview pour <em>DH<\/em>, il a expliqu\u00e9 que certaines pratiques dans peloton le laissaient perplexe.<\/p>\n<blockquote>\n<p style=\"text-align: justify;\">Quand je suis battu par un coureur qui a ing\u00e9r\u00e9 3g de parac\u00e9tamol dans la finale d&rsquo;une course, cela me frustre. Bien que ce soit l\u00e9gal, je ne le ferai pas. M\u00eame si cela me fait perdre des courses ou qu&rsquo;on me propose d&rsquo;essayer, je me tiendrai \u00e0 mon propre plan. Chacun fait ce qu&rsquo;il veut, mais je ne veux pas jouer avec ma sant\u00e9 \u00e0 long terme pour pouvoir \u00eatre performant \u00e0 court terme.<\/p>\n<\/blockquote>\n<p style=\"text-align: justify;\">Ce genre de pratique est au c\u0153ur des d\u00e9bats depuis que <strong>Rafael Nadal<\/strong> a expliqu\u00e9 qu&rsquo;il jouait sous infiltrations lors de Roland-Garros. Des traitements l\u00e9gaux mais qui posent des questions \u00e9thiques.<\/p>\n<blockquote class=\"twitter-tweet\">\n<p dir=\"ltr\" lang=\"fr\">Cian Uijtdebroeks surpris par les pratiques du peloton: \u00ab\u00a0Perdre face \u00e0 un coureur qui a pris 3g de parac\u00e9tamol, cela me frustre, mais je ne le ferai pas\u00a0\u00bb <a href=\"https:\/\/t.co\/0Oa4z0sd8d\">https:\/\/t.co\/0Oa4z0sd8d<\/a> <a href=\"https:\/\/t.co\/BPNiebit1H\">pic.twitter.com\/BPNiebit1H<\/a><\/p>\n<p>\u2014 DH les Sports + (@ladh) <a href=\"https:\/\/twitter.com\/ladh\/status\/1534867981288845312?ref_src=twsrc%5Etfw\">June 9, 2022<\/a><\/p><\/blockquote>\n<p style=\"text-align: justify;\"><script async src=\"https:\/\/platform.twitter.com\/widgets.js\" charset=\"utf-8\"><\/script><\/p>\n","protected":false},"excerpt":{"rendered":"<p>CYCLISME &#8211; Cian Uijtdebroeks (Bora-Hansgrohe), jeune p\u00e9pite belge, vit sa premi\u00e8re saison dans le peloton professionnel et d\u00e9couvre certaines pratiques.\u00a0<\/p>\n","protected":false},"author":1,"featured_media":231586,"comment_status":"open","ping_status":"closed","sticky":false,"template":"","format":"standard","meta":{"_acf_changed":false,"_daextam_enable_autolinks":"","footnotes":""},"categories":[46994],"tags":[373,24122,574],"class_list":["post-231568","post","type-post","status-publish","format-standard","has-post-thumbnail","hentry","category-cyclisme-sur-route","tag-belgique","tag-cian-uijtdebroeks","tag-cyclisme"],"acf":[],"yoast_head":"<!-- This site is optimized with the Yoast SEO Premium plugin v26.7 (Yoast SEO v26.7) - https:\/\/yoast.com\/wordpress\/plugins\/seo\/ -->\n<title>Cian Uijtdebroeks : &quot;Perdre face \u00e0 un coureur qui a pris 3g de parac\u00e9tamol, cela me frustre&quot;<\/title>\n<meta name=\"description\" content=\"CYCLISME - Cian Uijtdebroeks (Bora-Hansgrohe), jeune p\u00e9pite belge, vit sa premi\u00e8re saison dans le peloton professionnel et d\u00e9couvre certaines pratiques.\" \/>\n<meta name=\"robots\" content=\"index, follow, max-snippet:-1, max-image-preview:large, max-video-preview:-1\" \/>\n<link rel=\"canonical\" href=\"https:\/\/dicodusport.fr\/blog\/cian-uijtdebroeks-perdre-face-a-un-coureur-qui-a-pris-3g-de-paracetamol-cela-me-frustre\/\" \/>\n<meta property=\"og:locale\" content=\"fr_FR\" \/>\n<meta property=\"og:type\" content=\"article\" \/>\n<meta property=\"og:title\" content=\"Cian Uijtdebroeks : &quot;Perdre face \u00e0 un coureur qui a pris 3g de parac\u00e9tamol, cela me frustre&quot;\" \/>\n<meta property=\"og:description\" content=\"CYCLISME - Cian Uijtdebroeks (Bora-Hansgrohe), jeune p\u00e9pite belge, vit sa premi\u00e8re saison dans le peloton professionnel et d\u00e9couvre certaines pratiques.\" \/>\n<meta property=\"og:url\" content=\"https:\/\/dicodusport.fr\/blog\/cian-uijtdebroeks-perdre-face-a-un-coureur-qui-a-pris-3g-de-paracetamol-cela-me-frustre\/\" \/>\n<meta property=\"og:site_name\" content=\"Dicodusport\" \/>\n<meta property=\"article:publisher\" content=\"https:\/\/www.facebook.com\/dicodusport\" \/>\n<meta property=\"article:author\" content=\"https:\/\/www.facebook.com\/dicodusport\" \/>\n<meta property=\"article:published_time\" content=\"2022-06-10T11:07:12+00:00\" \/>\n<meta property=\"article:modified_time\" content=\"2022-06-10T11:11:53+00:00\" \/>\n<meta property=\"og:image\" content=\"https:\/\/dicodusport.fr\/blog\/wp-content\/uploads\/2022\/06\/Cian-Uijtdebroeks-Perdre-face-a\u0300-un-coureur-qui-a-pris-3g-de-parace\u0301tamol-cela-me-frustre.png\" \/>\n\t<meta property=\"og:image:width\" content=\"800\" \/>\n\t<meta property=\"og:image:height\" content=\"445\" \/>\n\t<meta property=\"og:image:type\" content=\"image\/png\" \/>\n<meta name=\"author\" content=\"Nicolas Jacquemard\" \/>\n<meta name=\"twitter:card\" content=\"summary_large_image\" \/>\n<meta name=\"twitter:title\" content=\"Cian Uijtdebroeks : &quot;Perdre face \u00e0 un coureur qui a pris 3g de parac\u00e9tamol, cela me frustre&quot;\" \/>\n<meta name=\"twitter:creator\" content=\"@https:\/\/twitter.com\/Nico_Jacquemard\" \/>\n<meta name=\"twitter:site\" content=\"@dicodusport\" \/>\n<script type=\"application\/ld+json\" class=\"yoast-schema-graph\">{\"@context\":\"https:\/\/schema.org\",\"@graph\":[{\"@type\":\"NewsArticle\",\"@id\":\"https:\/\/dicodusport.fr\/blog\/cian-uijtdebroeks-perdre-face-a-un-coureur-qui-a-pris-3g-de-paracetamol-cela-me-frustre\/#article\",\"isPartOf\":{\"@id\":\"https:\/\/dicodusport.fr\/blog\/cian-uijtdebroeks-perdre-face-a-un-coureur-qui-a-pris-3g-de-paracetamol-cela-me-frustre\/\"},\"author\":{\"name\":\"Nicolas Jacquemard\",\"@id\":\"https:\/\/dicodusport.fr\/blog\/#\/schema\/person\/55dcb50ad410894e431ed812bbb70191\"},\"headline\":\"Cian Uijtdebroeks : \u00ab\u00a0Perdre face \u00e0 un coureur qui a pris 3g de parac\u00e9tamol, cela me frustre\u00a0\u00bb\",\"datePublished\":\"2022-06-10T11:07:12+00:00\",\"dateModified\":\"2022-06-10T11:11:53+00:00\",\"mainEntityOfPage\":{\"@id\":\"https:\/\/dicodusport.fr\/blog\/cian-uijtdebroeks-perdre-face-a-un-coureur-qui-a-pris-3g-de-paracetamol-cela-me-frustre\/\"},\"wordCount\":269,\"commentCount\":0,\"publisher\":{\"@id\":\"https:\/\/dicodusport.fr\/blog\/#organization\"},\"image\":{\"@id\":\"https:\/\/dicodusport.fr\/blog\/cian-uijtdebroeks-perdre-face-a-un-coureur-qui-a-pris-3g-de-paracetamol-cela-me-frustre\/#primaryimage\"},\"thumbnailUrl\":\"https:\/\/dicodusport.fr\/blog\/wp-content\/uploads\/2022\/06\/Cian-Uijtdebroeks-Perdre-face-a\u0300-un-coureur-qui-a-pris-3g-de-parace\u0301tamol-cela-me-frustre.png\",\"keywords\":[\"Belgique\",\"Cian Uijtdebroeks\",\"Cyclisme\"],\"articleSection\":[\"Cyclisme sur route\"],\"inLanguage\":\"fr-FR\",\"potentialAction\":[{\"@type\":\"CommentAction\",\"name\":\"Comment\",\"target\":[\"https:\/\/dicodusport.fr\/blog\/cian-uijtdebroeks-perdre-face-a-un-coureur-qui-a-pris-3g-de-paracetamol-cela-me-frustre\/#respond\"]}],\"copyrightYear\":\"2022\",\"copyrightHolder\":{\"@id\":\"https:\/\/dicodusport.fr\/blog\/#organization\"}},{\"@type\":\"WebPage\",\"@id\":\"https:\/\/dicodusport.fr\/blog\/cian-uijtdebroeks-perdre-face-a-un-coureur-qui-a-pris-3g-de-paracetamol-cela-me-frustre\/\",\"url\":\"https:\/\/dicodusport.fr\/blog\/cian-uijtdebroeks-perdre-face-a-un-coureur-qui-a-pris-3g-de-paracetamol-cela-me-frustre\/\",\"name\":\"Cian Uijtdebroeks : \\\"Perdre face \u00e0 un coureur qui a pris 3g de parac\u00e9tamol, cela me frustre\\\"\",\"isPartOf\":{\"@id\":\"https:\/\/dicodusport.fr\/blog\/#website\"},\"primaryImageOfPage\":{\"@id\":\"https:\/\/dicodusport.fr\/blog\/cian-uijtdebroeks-perdre-face-a-un-coureur-qui-a-pris-3g-de-paracetamol-cela-me-frustre\/#primaryimage\"},\"image\":{\"@id\":\"https:\/\/dicodusport.fr\/blog\/cian-uijtdebroeks-perdre-face-a-un-coureur-qui-a-pris-3g-de-paracetamol-cela-me-frustre\/#primaryimage\"},\"thumbnailUrl\":\"https:\/\/dicodusport.fr\/blog\/wp-content\/uploads\/2022\/06\/Cian-Uijtdebroeks-Perdre-face-a\u0300-un-coureur-qui-a-pris-3g-de-parace\u0301tamol-cela-me-frustre.png\",\"datePublished\":\"2022-06-10T11:07:12+00:00\",\"dateModified\":\"2022-06-10T11:11:53+00:00\",\"description\":\"CYCLISME - Cian Uijtdebroeks (Bora-Hansgrohe), jeune p\u00e9pite belge, vit sa premi\u00e8re saison dans le peloton professionnel et d\u00e9couvre certaines pratiques.\",\"breadcrumb\":{\"@id\":\"https:\/\/dicodusport.fr\/blog\/cian-uijtdebroeks-perdre-face-a-un-coureur-qui-a-pris-3g-de-paracetamol-cela-me-frustre\/#breadcrumb\"},\"inLanguage\":\"fr-FR\",\"potentialAction\":[{\"@type\":\"ReadAction\",\"target\":[\"https:\/\/dicodusport.fr\/blog\/cian-uijtdebroeks-perdre-face-a-un-coureur-qui-a-pris-3g-de-paracetamol-cela-me-frustre\/\"]}]},{\"@type\":\"ImageObject\",\"inLanguage\":\"fr-FR\",\"@id\":\"https:\/\/dicodusport.fr\/blog\/cian-uijtdebroeks-perdre-face-a-un-coureur-qui-a-pris-3g-de-paracetamol-cela-me-frustre\/#primaryimage\",\"url\":\"https:\/\/dicodusport.fr\/blog\/wp-content\/uploads\/2022\/06\/Cian-Uijtdebroeks-Perdre-face-a\u0300-un-coureur-qui-a-pris-3g-de-parace\u0301tamol-cela-me-frustre.png\",\"contentUrl\":\"https:\/\/dicodusport.fr\/blog\/wp-content\/uploads\/2022\/06\/Cian-Uijtdebroeks-Perdre-face-a\u0300-un-coureur-qui-a-pris-3g-de-parace\u0301tamol-cela-me-frustre.png\",\"width\":800,\"height\":445},{\"@type\":\"BreadcrumbList\",\"@id\":\"https:\/\/dicodusport.fr\/blog\/cian-uijtdebroeks-perdre-face-a-un-coureur-qui-a-pris-3g-de-paracetamol-cela-me-frustre\/#breadcrumb\",\"itemListElement\":[{\"@type\":\"ListItem\",\"position\":1,\"name\":\"Accueil\",\"item\":\"https:\/\/dicodusport.fr\/blog\/\"},{\"@type\":\"ListItem\",\"position\":2,\"name\":\"Cian Uijtdebroeks : \u00ab\u00a0Perdre face \u00e0 un coureur qui a pris 3g de parac\u00e9tamol, cela me frustre\u00a0\u00bb\"}]},{\"@type\":\"WebSite\",\"@id\":\"https:\/\/dicodusport.fr\/blog\/#website\",\"url\":\"https:\/\/dicodusport.fr\/blog\/\",\"name\":\"Dicodusport\",\"description\":\"L&#039;encyclop\u00e9die de l&#039;actualit\u00e9 sportive\",\"publisher\":{\"@id\":\"https:\/\/dicodusport.fr\/blog\/#organization\"},\"potentialAction\":[{\"@type\":\"SearchAction\",\"target\":{\"@type\":\"EntryPoint\",\"urlTemplate\":\"https:\/\/dicodusport.fr\/blog\/?s={search_term_string}\"},\"query-input\":{\"@type\":\"PropertyValueSpecification\",\"valueRequired\":true,\"valueName\":\"search_term_string\"}}],\"inLanguage\":\"fr-FR\"},{\"@type\":\"NewsMediaOrganization\",\"@id\":\"https:\/\/dicodusport.fr\/blog\/#organization\",\"name\":\"Dicodusport\",\"url\":\"https:\/\/dicodusport.fr\/blog\/\",\"logo\":{\"@type\":\"ImageObject\",\"inLanguage\":\"fr-FR\",\"@id\":\"https:\/\/dicodusport.fr\/blog\/#\/schema\/logo\/image\/\",\"url\":\"https:\/\/dicodusport.fr\/blog\/wp-content\/uploads\/2020\/06\/cropped-LOGO-DICODUSPORT-2020-SANS-FOND-SANS-TEXTE.png\",\"contentUrl\":\"https:\/\/dicodusport.fr\/blog\/wp-content\/uploads\/2020\/06\/cropped-LOGO-DICODUSPORT-2020-SANS-FOND-SANS-TEXTE.png\",\"width\":512,\"height\":512,\"caption\":\"Dicodusport\"},\"image\":{\"@id\":\"https:\/\/dicodusport.fr\/blog\/#\/schema\/logo\/image\/\"},\"sameAs\":[\"https:\/\/www.facebook.com\/dicodusport\",\"https:\/\/x.com\/dicodusport\",\"https:\/\/www.instagram.com\/dicodusport\/\",\"https:\/\/www.youtube.com\/channel\/UC7V2KZ5sd3htJivAbA4ZG3w\"],\"description\":\"Dicodusport est l'encyclop\u00e9die de l'actualit\u00e9 sportive.\",\"email\":\"bonjour@dicodusport.fr\",\"legalName\":\"DICODUSPORT\",\"foundingDate\":\"2018-01-14\",\"vatID\":\"FR71834470973\",\"taxID\":\"83447097300043\",\"numberOfEmployees\":{\"@type\":\"QuantitativeValue\",\"minValue\":\"1\",\"maxValue\":\"10\"}},{\"@type\":\"Person\",\"@id\":\"https:\/\/dicodusport.fr\/blog\/#\/schema\/person\/55dcb50ad410894e431ed812bbb70191\",\"name\":\"Nicolas Jacquemard\",\"image\":{\"@type\":\"ImageObject\",\"inLanguage\":\"fr-FR\",\"@id\":\"https:\/\/dicodusport.fr\/blog\/#\/schema\/person\/image\/\",\"url\":\"https:\/\/dicodusport.fr\/blog\/wp-content\/uploads\/2021\/05\/Nicolas-Jacquemard-150x150.jpeg\",\"contentUrl\":\"https:\/\/dicodusport.fr\/blog\/wp-content\/uploads\/2021\/05\/Nicolas-Jacquemard-150x150.jpeg\",\"caption\":\"Nicolas Jacquemard\"},\"description\":\"Passionn\u00e9 de sport et entrepreneur depuis mes 18 ans, la cr\u00e9ation de Dicodusport m'a sembl\u00e9 \u00e9vidente pour participer \u00e0 la m\u00e9diatisation d'un plus grand nombre de sports. Le chemin est long mais avec une \u00e9quipe des plus motiv\u00e9es et les Jeux Olympiques de Paris 2024 en point de mire, nous y arriverons ! Journaliste dans le monde du sport depuis plus de 5 ans, je traite aussi bien de football, de rugby, de biathlon que de cyclisme.\",\"sameAs\":[\"https:\/\/www.facebook.com\/dicodusport\",\"https:\/\/x.com\/https:\/\/twitter.com\/Nico_Jacquemard\"],\"url\":\"https:\/\/dicodusport.fr\/blog\/author\/dicodusport\/\"}]}<\/script>\n<!-- \/ Yoast SEO Premium plugin. -->","yoast_head_json":{"title":"Cian Uijtdebroeks : \"Perdre face \u00e0 un coureur qui a pris 3g de parac\u00e9tamol, cela me frustre\"","description":"CYCLISME - Cian Uijtdebroeks (Bora-Hansgrohe), jeune p\u00e9pite belge, vit sa premi\u00e8re saison dans le peloton professionnel et d\u00e9couvre certaines pratiques.","robots":{"index":"index","follow":"follow","max-snippet":"max-snippet:-1","max-image-preview":"max-image-preview:large","max-video-preview":"max-video-preview:-1"},"canonical":"https:\/\/dicodusport.fr\/blog\/cian-uijtdebroeks-perdre-face-a-un-coureur-qui-a-pris-3g-de-paracetamol-cela-me-frustre\/","og_locale":"fr_FR","og_type":"article","og_title":"Cian Uijtdebroeks : \"Perdre face \u00e0 un coureur qui a pris 3g de parac\u00e9tamol, cela me frustre\"","og_description":"CYCLISME - Cian Uijtdebroeks (Bora-Hansgrohe), jeune p\u00e9pite belge, vit sa premi\u00e8re saison dans le peloton professionnel et d\u00e9couvre certaines pratiques.","og_url":"https:\/\/dicodusport.fr\/blog\/cian-uijtdebroeks-perdre-face-a-un-coureur-qui-a-pris-3g-de-paracetamol-cela-me-frustre\/","og_site_name":"Dicodusport","article_publisher":"https:\/\/www.facebook.com\/dicodusport","article_author":"https:\/\/www.facebook.com\/dicodusport","article_published_time":"2022-06-10T11:07:12+00:00","article_modified_time":"2022-06-10T11:11:53+00:00","og_image":[{"width":800,"height":445,"url":"https:\/\/dicodusport.fr\/blog\/wp-content\/uploads\/2022\/06\/Cian-Uijtdebroeks-Perdre-face-a\u0300-un-coureur-qui-a-pris-3g-de-parace\u0301tamol-cela-me-frustre.png","type":"image\/png"}],"author":"Nicolas Jacquemard","twitter_card":"summary_large_image","twitter_title":"Cian Uijtdebroeks : \"Perdre face \u00e0 un coureur qui a pris 3g de parac\u00e9tamol, cela me frustre\"","twitter_creator":"@https:\/\/twitter.com\/Nico_Jacquemard","twitter_site":"@dicodusport","schema":{"@context":"https:\/\/schema.org","@graph":[{"@type":"NewsArticle","@id":"https:\/\/dicodusport.fr\/blog\/cian-uijtdebroeks-perdre-face-a-un-coureur-qui-a-pris-3g-de-paracetamol-cela-me-frustre\/#article","isPartOf":{"@id":"https:\/\/dicodusport.fr\/blog\/cian-uijtdebroeks-perdre-face-a-un-coureur-qui-a-pris-3g-de-paracetamol-cela-me-frustre\/"},"author":{"name":"Nicolas Jacquemard","@id":"https:\/\/dicodusport.fr\/blog\/#\/schema\/person\/55dcb50ad410894e431ed812bbb70191"},"headline":"Cian Uijtdebroeks : \u00ab\u00a0Perdre face \u00e0 un coureur qui a pris 3g de parac\u00e9tamol, cela me frustre\u00a0\u00bb","datePublished":"2022-06-10T11:07:12+00:00","dateModified":"2022-06-10T11:11:53+00:00","mainEntityOfPage":{"@id":"https:\/\/dicodusport.fr\/blog\/cian-uijtdebroeks-perdre-face-a-un-coureur-qui-a-pris-3g-de-paracetamol-cela-me-frustre\/"},"wordCount":269,"commentCount":0,"publisher":{"@id":"https:\/\/dicodusport.fr\/blog\/#organization"},"image":{"@id":"https:\/\/dicodusport.fr\/blog\/cian-uijtdebroeks-perdre-face-a-un-coureur-qui-a-pris-3g-de-paracetamol-cela-me-frustre\/#primaryimage"},"thumbnailUrl":"https:\/\/dicodusport.fr\/blog\/wp-content\/uploads\/2022\/06\/Cian-Uijtdebroeks-Perdre-face-a\u0300-un-coureur-qui-a-pris-3g-de-parace\u0301tamol-cela-me-frustre.png","keywords":["Belgique","Cian Uijtdebroeks","Cyclisme"],"articleSection":["Cyclisme sur route"],"inLanguage":"fr-FR","potentialAction":[{"@type":"CommentAction","name":"Comment","target":["https:\/\/dicodusport.fr\/blog\/cian-uijtdebroeks-perdre-face-a-un-coureur-qui-a-pris-3g-de-paracetamol-cela-me-frustre\/#respond"]}],"copyrightYear":"2022","copyrightHolder":{"@id":"https:\/\/dicodusport.fr\/blog\/#organization"}},{"@type":"WebPage","@id":"https:\/\/dicodusport.fr\/blog\/cian-uijtdebroeks-perdre-face-a-un-coureur-qui-a-pris-3g-de-paracetamol-cela-me-frustre\/","url":"https:\/\/dicodusport.fr\/blog\/cian-uijtdebroeks-perdre-face-a-un-coureur-qui-a-pris-3g-de-paracetamol-cela-me-frustre\/","name":"Cian Uijtdebroeks : \"Perdre face \u00e0 un coureur qui a pris 3g de parac\u00e9tamol, cela me frustre\"","isPartOf":{"@id":"https:\/\/dicodusport.fr\/blog\/#website"},"primaryImageOfPage":{"@id":"https:\/\/dicodusport.fr\/blog\/cian-uijtdebroeks-perdre-face-a-un-coureur-qui-a-pris-3g-de-paracetamol-cela-me-frustre\/#primaryimage"},"image":{"@id":"https:\/\/dicodusport.fr\/blog\/cian-uijtdebroeks-perdre-face-a-un-coureur-qui-a-pris-3g-de-paracetamol-cela-me-frustre\/#primaryimage"},"thumbnailUrl":"https:\/\/dicodusport.fr\/blog\/wp-content\/uploads\/2022\/06\/Cian-Uijtdebroeks-Perdre-face-a\u0300-un-coureur-qui-a-pris-3g-de-parace\u0301tamol-cela-me-frustre.png","datePublished":"2022-06-10T11:07:12+00:00","dateModified":"2022-06-10T11:11:53+00:00","description":"CYCLISME - Cian Uijtdebroeks (Bora-Hansgrohe), jeune p\u00e9pite belge, vit sa premi\u00e8re saison dans le peloton professionnel et d\u00e9couvre certaines pratiques.","breadcrumb":{"@id":"https:\/\/dicodusport.fr\/blog\/cian-uijtdebroeks-perdre-face-a-un-coureur-qui-a-pris-3g-de-paracetamol-cela-me-frustre\/#breadcrumb"},"inLanguage":"fr-FR","potentialAction":[{"@type":"ReadAction","target":["https:\/\/dicodusport.fr\/blog\/cian-uijtdebroeks-perdre-face-a-un-coureur-qui-a-pris-3g-de-paracetamol-cela-me-frustre\/"]}]},{"@type":"ImageObject","inLanguage":"fr-FR","@id":"https:\/\/dicodusport.fr\/blog\/cian-uijtdebroeks-perdre-face-a-un-coureur-qui-a-pris-3g-de-paracetamol-cela-me-frustre\/#primaryimage","url":"https:\/\/dicodusport.fr\/blog\/wp-content\/uploads\/2022\/06\/Cian-Uijtdebroeks-Perdre-face-a\u0300-un-coureur-qui-a-pris-3g-de-parace\u0301tamol-cela-me-frustre.png","contentUrl":"https:\/\/dicodusport.fr\/blog\/wp-content\/uploads\/2022\/06\/Cian-Uijtdebroeks-Perdre-face-a\u0300-un-coureur-qui-a-pris-3g-de-parace\u0301tamol-cela-me-frustre.png","width":800,"height":445},{"@type":"BreadcrumbList","@id":"https:\/\/dicodusport.fr\/blog\/cian-uijtdebroeks-perdre-face-a-un-coureur-qui-a-pris-3g-de-paracetamol-cela-me-frustre\/#breadcrumb","itemListElement":[{"@type":"ListItem","position":1,"name":"Accueil","item":"https:\/\/dicodusport.fr\/blog\/"},{"@type":"ListItem","position":2,"name":"Cian Uijtdebroeks : \u00ab\u00a0Perdre face \u00e0 un coureur qui a pris 3g de parac\u00e9tamol, cela me frustre\u00a0\u00bb"}]},{"@type":"WebSite","@id":"https:\/\/dicodusport.fr\/blog\/#website","url":"https:\/\/dicodusport.fr\/blog\/","name":"Dicodusport","description":"L&#039;encyclop\u00e9die de l&#039;actualit\u00e9 sportive","publisher":{"@id":"https:\/\/dicodusport.fr\/blog\/#organization"},"potentialAction":[{"@type":"SearchAction","target":{"@type":"EntryPoint","urlTemplate":"https:\/\/dicodusport.fr\/blog\/?s={search_term_string}"},"query-input":{"@type":"PropertyValueSpecification","valueRequired":true,"valueName":"search_term_string"}}],"inLanguage":"fr-FR"},{"@type":"NewsMediaOrganization","@id":"https:\/\/dicodusport.fr\/blog\/#organization","name":"Dicodusport","url":"https:\/\/dicodusport.fr\/blog\/","logo":{"@type":"ImageObject","inLanguage":"fr-FR","@id":"https:\/\/dicodusport.fr\/blog\/#\/schema\/logo\/image\/","url":"https:\/\/dicodusport.fr\/blog\/wp-content\/uploads\/2020\/06\/cropped-LOGO-DICODUSPORT-2020-SANS-FOND-SANS-TEXTE.png","contentUrl":"https:\/\/dicodusport.fr\/blog\/wp-content\/uploads\/2020\/06\/cropped-LOGO-DICODUSPORT-2020-SANS-FOND-SANS-TEXTE.png","width":512,"height":512,"caption":"Dicodusport"},"image":{"@id":"https:\/\/dicodusport.fr\/blog\/#\/schema\/logo\/image\/"},"sameAs":["https:\/\/www.facebook.com\/dicodusport","https:\/\/x.com\/dicodusport","https:\/\/www.instagram.com\/dicodusport\/","https:\/\/www.youtube.com\/channel\/UC7V2KZ5sd3htJivAbA4ZG3w"],"description":"Dicodusport est l'encyclop\u00e9die de l'actualit\u00e9 sportive.","email":"bonjour@dicodusport.fr","legalName":"DICODUSPORT","foundingDate":"2018-01-14","vatID":"FR71834470973","taxID":"83447097300043","numberOfEmployees":{"@type":"QuantitativeValue","minValue":"1","maxValue":"10"}},{"@type":"Person","@id":"https:\/\/dicodusport.fr\/blog\/#\/schema\/person\/55dcb50ad410894e431ed812bbb70191","name":"Nicolas Jacquemard","image":{"@type":"ImageObject","inLanguage":"fr-FR","@id":"https:\/\/dicodusport.fr\/blog\/#\/schema\/person\/image\/","url":"https:\/\/dicodusport.fr\/blog\/wp-content\/uploads\/2021\/05\/Nicolas-Jacquemard-150x150.jpeg","contentUrl":"https:\/\/dicodusport.fr\/blog\/wp-content\/uploads\/2021\/05\/Nicolas-Jacquemard-150x150.jpeg","caption":"Nicolas Jacquemard"},"description":"Passionn\u00e9 de sport et entrepreneur depuis mes 18 ans, la cr\u00e9ation de Dicodusport m'a sembl\u00e9 \u00e9vidente pour participer \u00e0 la m\u00e9diatisation d'un plus grand nombre de sports. Le chemin est long mais avec une \u00e9quipe des plus motiv\u00e9es et les Jeux Olympiques de Paris 2024 en point de mire, nous y arriverons ! Journaliste dans le monde du sport depuis plus de 5 ans, je traite aussi bien de football, de rugby, de biathlon que de cyclisme.","sameAs":["https:\/\/www.facebook.com\/dicodusport","https:\/\/x.com\/https:\/\/twitter.com\/Nico_Jacquemard"],"url":"https:\/\/dicodusport.fr\/blog\/author\/dicodusport\/"}]}},"_links":{"self":[{"href":"https:\/\/dicodusport.fr\/blog\/wp-json\/wp\/v2\/posts\/231568","targetHints":{"allow":["GET"]}}],"collection":[{"href":"https:\/\/dicodusport.fr\/blog\/wp-json\/wp\/v2\/posts"}],"about":[{"href":"https:\/\/dicodusport.fr\/blog\/wp-json\/wp\/v2\/types\/post"}],"author":[{"embeddable":true,"href":"https:\/\/dicodusport.fr\/blog\/wp-json\/wp\/v2\/users\/1"}],"replies":[{"embeddable":true,"href":"https:\/\/dicodusport.fr\/blog\/wp-json\/wp\/v2\/comments?post=231568"}],"version-history":[{"count":0,"href":"https:\/\/dicodusport.fr\/blog\/wp-json\/wp\/v2\/posts\/231568\/revisions"}],"wp:featuredmedia":[{"embeddable":true,"href":"https:\/\/dicodusport.fr\/blog\/wp-json\/wp\/v2\/media\/231586"}],"wp:attachment":[{"href":"https:\/\/dicodusport.fr\/blog\/wp-json\/wp\/v2\/media?parent=231568"}],"wp:term":[{"taxonomy":"category","embeddable":true,"href":"https:\/\/dicodusport.fr\/blog\/wp-json\/wp\/v2\/categories?post=231568"},{"taxonomy":"post_tag","embeddable":true,"href":"https:\/\/dicodusport.fr\/blog\/wp-json\/wp\/v2\/tags?post=231568"}],"curies":[{"name":"wp","href":"https:\/\/api.w.org\/{rel}","templated":true}]}}