{"id":231618,"date":"2022-06-10T15:15:07","date_gmt":"2022-06-10T13:15:07","guid":{"rendered":"https:\/\/dicodusport.fr\/blog\/?p=231618&#038;preview=true&#038;preview_id=231618"},"modified":"2022-06-10T15:29:32","modified_gmt":"2022-06-10T13:29:32","slug":"lagent-de-zinedine-zidane-dement-des-contacts-avec-le-psg","status":"publish","type":"post","link":"https:\/\/dicodusport.fr\/blog\/lagent-de-zinedine-zidane-dement-des-contacts-avec-le-psg\/","title":{"rendered":"L&rsquo;agent de Zin\u00e9dine Zidane d\u00e9ment des contacts avec le PSG"},"content":{"rendered":"<p style=\"text-align: justify;\"><b><i>FOOTBALL &#8211; Alors qu&rsquo;un accord semblait en bonne voie, Alain Migliaccio, agent de Zin\u00e9dine Zidane, a d\u00e9menti les contacts avec le PSG.\u00a0<\/i><\/b><\/p>\n<p style=\"text-align: justify;\">La partie de poker menteur semble avoir commenc\u00e9. alors que de nombreux m\u00e9dias annon\u00e7aient un accord proche entre <a href=\"https:\/\/dicodusport.fr\/blog\/zinedine-zidane-se-rapproche-du-psg\/\" target=\"_blank\" rel=\"noopener\"><strong>Zin\u00e9dine Zidane<\/strong> et le <strong>PSG<\/strong><\/a>. C&rsquo;est d&rsquo;abord le club de la capitale qui a d\u00e9menti. Puis, c&rsquo;est le conseiller du coach, <strong>Alain Migliaccio<\/strong>, qui en a remis une couche dans les colonnes de <em>L&rsquo;\u00c9quipe<\/em>.<\/p>\n<blockquote>\n<p style=\"text-align: justify;\">Tous ces bruits qui circulent sont infond\u00e9s. A ce jour, je suis la seule personne admise \u00e0 repr\u00e9senter et conseiller Zin\u00e9dine Zidane. Ni Zin\u00e9dine Zidane, ni moi-m\u00eame n&rsquo;avons \u00e9t\u00e9 contact\u00e9s directement par le propri\u00e9taire du PSG. Je doute en plus fortement que sa Majest\u00e9 l&rsquo;Emir du Qatar, le Cheikh Tamin Ben Hamad Al Thani, ait l&rsquo;habitude de passer par les r\u00e9seaux sociaux ou les m\u00e9dias pour g\u00e9rer ses affaires et prendre des d\u00e9cisions capitales concernant l&rsquo;avenir du PSG. Je ne suis m\u00eame pas s\u00fbr qu&rsquo;il soit vraiment int\u00e9ress\u00e9 par la venue de Zin\u00e9dine Zidane.<\/p>\n<\/blockquote>\n<p style=\"text-align: justify;\">Est-ce un vrai d\u00e9menti factuel, ou quelque chose de plus strat\u00e9gique dans le but de finaliser les derniers d\u00e9tails ? Les deux sont possibles \u00e0 ce stade, et seul l&rsquo;avenir nous apportera une r\u00e9ponse.<\/p>\n<blockquote class=\"twitter-tweet\">\n<p dir=\"ltr\" lang=\"fr\">\u00ab \u00c0 ce jour, je suis la seule personne admise \u00e0 repr\u00e9senter et conseiller Zin\u00e9dine Zidane. Ni Zin\u00e9dine Zidane, ni moi-m\u00eame n&rsquo;avons \u00e9t\u00e9 contact\u00e9s directement par le propri\u00e9taire du PSG \u00bb <a href=\"https:\/\/t.co\/OvZlH3lMPT\">https:\/\/t.co\/OvZlH3lMPT<\/a> <a href=\"https:\/\/t.co\/VcejXcQ6b4\">pic.twitter.com\/VcejXcQ6b4<\/a><\/p>\n<p>\u2014 L&rsquo;\u00c9QUIPE (@lequipe) <a href=\"https:\/\/twitter.com\/lequipe\/status\/1535237132599582721?ref_src=twsrc%5Etfw\">June 10, 2022<\/a><\/p><\/blockquote>\n<p style=\"text-align: justify;\"><script async src=\"https:\/\/platform.twitter.com\/widgets.js\" charset=\"utf-8\"><\/script><\/p>\n","protected":false},"excerpt":{"rendered":"<p>FOOTBALL &#8211; Alors qu&rsquo;un accord semblait en bonne voie, Alain Migliaccio, agent de Zin\u00e9dine Zidane, a d\u00e9menti les contacts avec le PSG.\u00a0<\/p>\n","protected":false},"author":1,"featured_media":231620,"comment_status":"open","ping_status":"closed","sticky":false,"template":"","format":"standard","meta":{"_acf_changed":false,"_daextam_enable_autolinks":"","footnotes":""},"categories":[2301],"tags":[75,910,414,257],"class_list":["post-231618","post","type-post","status-publish","format-standard","has-post-thumbnail","hentry","category-football","tag-football","tag-psg","tag-zidane","tag-zinedine-zidane"],"acf":[],"yoast_head":"<!-- This site is optimized with the Yoast SEO Premium plugin v26.7 (Yoast SEO v26.7) - https:\/\/yoast.com\/wordpress\/plugins\/seo\/ -->\n<title>L&#039;agent de Zin\u00e9dine Zidane d\u00e9ment des contacts avec le PSG<\/title>\n<meta name=\"description\" content=\"FOOTBALL - Alors qu&#039;un accord semblait en bonne voie, Alain Migliaccio, agent de Zin\u00e9dine Zidane, a d\u00e9menti les contacts avec le PSG.\u00a0\" \/>\n<meta name=\"robots\" content=\"index, follow, max-snippet:-1, max-image-preview:large, max-video-preview:-1\" \/>\n<link rel=\"canonical\" href=\"https:\/\/dicodusport.fr\/blog\/lagent-de-zinedine-zidane-dement-des-contacts-avec-le-psg\/\" \/>\n<meta property=\"og:locale\" content=\"fr_FR\" \/>\n<meta property=\"og:type\" content=\"article\" \/>\n<meta property=\"og:title\" content=\"L&#039;agent de Zin\u00e9dine Zidane d\u00e9ment des contacts avec le PSG\" \/>\n<meta property=\"og:description\" content=\"FOOTBALL - Alors qu&#039;un accord semblait en bonne voie, Alain Migliaccio, agent de Zin\u00e9dine Zidane, a d\u00e9menti les contacts avec le PSG.\u00a0\" \/>\n<meta property=\"og:url\" content=\"https:\/\/dicodusport.fr\/blog\/lagent-de-zinedine-zidane-dement-des-contacts-avec-le-psg\/\" \/>\n<meta property=\"og:site_name\" content=\"Dicodusport\" \/>\n<meta property=\"article:publisher\" content=\"https:\/\/www.facebook.com\/dicodusport\" \/>\n<meta property=\"article:author\" content=\"https:\/\/www.facebook.com\/dicodusport\" \/>\n<meta property=\"article:published_time\" content=\"2022-06-10T13:15:07+00:00\" \/>\n<meta property=\"article:modified_time\" content=\"2022-06-10T13:29:32+00:00\" \/>\n<meta property=\"og:image\" content=\"https:\/\/dicodusport.fr\/blog\/wp-content\/uploads\/2022\/06\/Lagent-de-Zine\u0301dine-Zidane-de\u0301ment-des-contacts-avec-le-PSG.png\" \/>\n\t<meta property=\"og:image:width\" content=\"800\" \/>\n\t<meta property=\"og:image:height\" content=\"445\" \/>\n\t<meta property=\"og:image:type\" content=\"image\/png\" \/>\n<meta name=\"author\" content=\"Nicolas Jacquemard\" \/>\n<meta name=\"twitter:card\" content=\"summary_large_image\" \/>\n<meta name=\"twitter:title\" content=\"L&#039;agent de Zin\u00e9dine Zidane d\u00e9ment des contacts avec le PSG\" \/>\n<meta name=\"twitter:creator\" content=\"@https:\/\/twitter.com\/Nico_Jacquemard\" \/>\n<meta name=\"twitter:site\" content=\"@dicodusport\" \/>\n<script type=\"application\/ld+json\" class=\"yoast-schema-graph\">{\"@context\":\"https:\/\/schema.org\",\"@graph\":[{\"@type\":\"NewsArticle\",\"@id\":\"https:\/\/dicodusport.fr\/blog\/lagent-de-zinedine-zidane-dement-des-contacts-avec-le-psg\/#article\",\"isPartOf\":{\"@id\":\"https:\/\/dicodusport.fr\/blog\/lagent-de-zinedine-zidane-dement-des-contacts-avec-le-psg\/\"},\"author\":{\"name\":\"Nicolas Jacquemard\",\"@id\":\"https:\/\/dicodusport.fr\/blog\/#\/schema\/person\/55dcb50ad410894e431ed812bbb70191\"},\"headline\":\"L&rsquo;agent de Zin\u00e9dine Zidane d\u00e9ment des contacts avec le PSG\",\"datePublished\":\"2022-06-10T13:15:07+00:00\",\"dateModified\":\"2022-06-10T13:29:32+00:00\",\"mainEntityOfPage\":{\"@id\":\"https:\/\/dicodusport.fr\/blog\/lagent-de-zinedine-zidane-dement-des-contacts-avec-le-psg\/\"},\"wordCount\":296,\"commentCount\":0,\"publisher\":{\"@id\":\"https:\/\/dicodusport.fr\/blog\/#organization\"},\"image\":{\"@id\":\"https:\/\/dicodusport.fr\/blog\/lagent-de-zinedine-zidane-dement-des-contacts-avec-le-psg\/#primaryimage\"},\"thumbnailUrl\":\"https:\/\/dicodusport.fr\/blog\/wp-content\/uploads\/2022\/06\/Lagent-de-Zine\u0301dine-Zidane-de\u0301ment-des-contacts-avec-le-PSG.png\",\"keywords\":[\"Football\",\"PSG\",\"Zidane\",\"Zin\u00e9dine Zidane\"],\"articleSection\":[\"Football\"],\"inLanguage\":\"fr-FR\",\"potentialAction\":[{\"@type\":\"CommentAction\",\"name\":\"Comment\",\"target\":[\"https:\/\/dicodusport.fr\/blog\/lagent-de-zinedine-zidane-dement-des-contacts-avec-le-psg\/#respond\"]}],\"copyrightYear\":\"2022\",\"copyrightHolder\":{\"@id\":\"https:\/\/dicodusport.fr\/blog\/#organization\"}},{\"@type\":\"WebPage\",\"@id\":\"https:\/\/dicodusport.fr\/blog\/lagent-de-zinedine-zidane-dement-des-contacts-avec-le-psg\/\",\"url\":\"https:\/\/dicodusport.fr\/blog\/lagent-de-zinedine-zidane-dement-des-contacts-avec-le-psg\/\",\"name\":\"L'agent de Zin\u00e9dine Zidane d\u00e9ment des contacts avec le PSG\",\"isPartOf\":{\"@id\":\"https:\/\/dicodusport.fr\/blog\/#website\"},\"primaryImageOfPage\":{\"@id\":\"https:\/\/dicodusport.fr\/blog\/lagent-de-zinedine-zidane-dement-des-contacts-avec-le-psg\/#primaryimage\"},\"image\":{\"@id\":\"https:\/\/dicodusport.fr\/blog\/lagent-de-zinedine-zidane-dement-des-contacts-avec-le-psg\/#primaryimage\"},\"thumbnailUrl\":\"https:\/\/dicodusport.fr\/blog\/wp-content\/uploads\/2022\/06\/Lagent-de-Zine\u0301dine-Zidane-de\u0301ment-des-contacts-avec-le-PSG.png\",\"datePublished\":\"2022-06-10T13:15:07+00:00\",\"dateModified\":\"2022-06-10T13:29:32+00:00\",\"description\":\"FOOTBALL - Alors qu'un accord semblait en bonne voie, Alain Migliaccio, agent de Zin\u00e9dine Zidane, a d\u00e9menti les contacts avec le PSG.\u00a0\",\"breadcrumb\":{\"@id\":\"https:\/\/dicodusport.fr\/blog\/lagent-de-zinedine-zidane-dement-des-contacts-avec-le-psg\/#breadcrumb\"},\"inLanguage\":\"fr-FR\",\"potentialAction\":[{\"@type\":\"ReadAction\",\"target\":[\"https:\/\/dicodusport.fr\/blog\/lagent-de-zinedine-zidane-dement-des-contacts-avec-le-psg\/\"]}]},{\"@type\":\"ImageObject\",\"inLanguage\":\"fr-FR\",\"@id\":\"https:\/\/dicodusport.fr\/blog\/lagent-de-zinedine-zidane-dement-des-contacts-avec-le-psg\/#primaryimage\",\"url\":\"https:\/\/dicodusport.fr\/blog\/wp-content\/uploads\/2022\/06\/Lagent-de-Zine\u0301dine-Zidane-de\u0301ment-des-contacts-avec-le-PSG.png\",\"contentUrl\":\"https:\/\/dicodusport.fr\/blog\/wp-content\/uploads\/2022\/06\/Lagent-de-Zine\u0301dine-Zidane-de\u0301ment-des-contacts-avec-le-PSG.png\",\"width\":800,\"height\":445},{\"@type\":\"BreadcrumbList\",\"@id\":\"https:\/\/dicodusport.fr\/blog\/lagent-de-zinedine-zidane-dement-des-contacts-avec-le-psg\/#breadcrumb\",\"itemListElement\":[{\"@type\":\"ListItem\",\"position\":1,\"name\":\"Accueil\",\"item\":\"https:\/\/dicodusport.fr\/blog\/\"},{\"@type\":\"ListItem\",\"position\":2,\"name\":\"L&rsquo;agent de Zin\u00e9dine Zidane d\u00e9ment des contacts avec le PSG\"}]},{\"@type\":\"WebSite\",\"@id\":\"https:\/\/dicodusport.fr\/blog\/#website\",\"url\":\"https:\/\/dicodusport.fr\/blog\/\",\"name\":\"Dicodusport\",\"description\":\"L&#039;encyclop\u00e9die de l&#039;actualit\u00e9 sportive\",\"publisher\":{\"@id\":\"https:\/\/dicodusport.fr\/blog\/#organization\"},\"potentialAction\":[{\"@type\":\"SearchAction\",\"target\":{\"@type\":\"EntryPoint\",\"urlTemplate\":\"https:\/\/dicodusport.fr\/blog\/?s={search_term_string}\"},\"query-input\":{\"@type\":\"PropertyValueSpecification\",\"valueRequired\":true,\"valueName\":\"search_term_string\"}}],\"inLanguage\":\"fr-FR\"},{\"@type\":\"NewsMediaOrganization\",\"@id\":\"https:\/\/dicodusport.fr\/blog\/#organization\",\"name\":\"Dicodusport\",\"url\":\"https:\/\/dicodusport.fr\/blog\/\",\"logo\":{\"@type\":\"ImageObject\",\"inLanguage\":\"fr-FR\",\"@id\":\"https:\/\/dicodusport.fr\/blog\/#\/schema\/logo\/image\/\",\"url\":\"https:\/\/dicodusport.fr\/blog\/wp-content\/uploads\/2020\/06\/cropped-LOGO-DICODUSPORT-2020-SANS-FOND-SANS-TEXTE.png\",\"contentUrl\":\"https:\/\/dicodusport.fr\/blog\/wp-content\/uploads\/2020\/06\/cropped-LOGO-DICODUSPORT-2020-SANS-FOND-SANS-TEXTE.png\",\"width\":512,\"height\":512,\"caption\":\"Dicodusport\"},\"image\":{\"@id\":\"https:\/\/dicodusport.fr\/blog\/#\/schema\/logo\/image\/\"},\"sameAs\":[\"https:\/\/www.facebook.com\/dicodusport\",\"https:\/\/x.com\/dicodusport\",\"https:\/\/www.instagram.com\/dicodusport\/\",\"https:\/\/www.youtube.com\/channel\/UC7V2KZ5sd3htJivAbA4ZG3w\"],\"description\":\"Dicodusport est l'encyclop\u00e9die de l'actualit\u00e9 sportive.\",\"email\":\"bonjour@dicodusport.fr\",\"legalName\":\"DICODUSPORT\",\"foundingDate\":\"2018-01-14\",\"vatID\":\"FR71834470973\",\"taxID\":\"83447097300043\",\"numberOfEmployees\":{\"@type\":\"QuantitativeValue\",\"minValue\":\"1\",\"maxValue\":\"10\"}},{\"@type\":\"Person\",\"@id\":\"https:\/\/dicodusport.fr\/blog\/#\/schema\/person\/55dcb50ad410894e431ed812bbb70191\",\"name\":\"Nicolas Jacquemard\",\"image\":{\"@type\":\"ImageObject\",\"inLanguage\":\"fr-FR\",\"@id\":\"https:\/\/dicodusport.fr\/blog\/#\/schema\/person\/image\/\",\"url\":\"https:\/\/dicodusport.fr\/blog\/wp-content\/uploads\/2021\/05\/Nicolas-Jacquemard-150x150.jpeg\",\"contentUrl\":\"https:\/\/dicodusport.fr\/blog\/wp-content\/uploads\/2021\/05\/Nicolas-Jacquemard-150x150.jpeg\",\"caption\":\"Nicolas Jacquemard\"},\"description\":\"Passionn\u00e9 de sport et entrepreneur depuis mes 18 ans, la cr\u00e9ation de Dicodusport m'a sembl\u00e9 \u00e9vidente pour participer \u00e0 la m\u00e9diatisation d'un plus grand nombre de sports. Le chemin est long mais avec une \u00e9quipe des plus motiv\u00e9es et les Jeux Olympiques de Paris 2024 en point de mire, nous y arriverons ! Journaliste dans le monde du sport depuis plus de 5 ans, je traite aussi bien de football, de rugby, de biathlon que de cyclisme.\",\"sameAs\":[\"https:\/\/www.facebook.com\/dicodusport\",\"https:\/\/x.com\/https:\/\/twitter.com\/Nico_Jacquemard\"],\"url\":\"https:\/\/dicodusport.fr\/blog\/author\/dicodusport\/\"}]}<\/script>\n<!-- \/ Yoast SEO Premium plugin. -->","yoast_head_json":{"title":"L'agent de Zin\u00e9dine Zidane d\u00e9ment des contacts avec le PSG","description":"FOOTBALL - Alors qu'un accord semblait en bonne voie, Alain Migliaccio, agent de Zin\u00e9dine Zidane, a d\u00e9menti les contacts avec le PSG.\u00a0","robots":{"index":"index","follow":"follow","max-snippet":"max-snippet:-1","max-image-preview":"max-image-preview:large","max-video-preview":"max-video-preview:-1"},"canonical":"https:\/\/dicodusport.fr\/blog\/lagent-de-zinedine-zidane-dement-des-contacts-avec-le-psg\/","og_locale":"fr_FR","og_type":"article","og_title":"L'agent de Zin\u00e9dine Zidane d\u00e9ment des contacts avec le PSG","og_description":"FOOTBALL - Alors qu'un accord semblait en bonne voie, Alain Migliaccio, agent de Zin\u00e9dine Zidane, a d\u00e9menti les contacts avec le PSG.\u00a0","og_url":"https:\/\/dicodusport.fr\/blog\/lagent-de-zinedine-zidane-dement-des-contacts-avec-le-psg\/","og_site_name":"Dicodusport","article_publisher":"https:\/\/www.facebook.com\/dicodusport","article_author":"https:\/\/www.facebook.com\/dicodusport","article_published_time":"2022-06-10T13:15:07+00:00","article_modified_time":"2022-06-10T13:29:32+00:00","og_image":[{"width":800,"height":445,"url":"https:\/\/dicodusport.fr\/blog\/wp-content\/uploads\/2022\/06\/Lagent-de-Zine\u0301dine-Zidane-de\u0301ment-des-contacts-avec-le-PSG.png","type":"image\/png"}],"author":"Nicolas Jacquemard","twitter_card":"summary_large_image","twitter_title":"L'agent de Zin\u00e9dine Zidane d\u00e9ment des contacts avec le PSG","twitter_creator":"@https:\/\/twitter.com\/Nico_Jacquemard","twitter_site":"@dicodusport","schema":{"@context":"https:\/\/schema.org","@graph":[{"@type":"NewsArticle","@id":"https:\/\/dicodusport.fr\/blog\/lagent-de-zinedine-zidane-dement-des-contacts-avec-le-psg\/#article","isPartOf":{"@id":"https:\/\/dicodusport.fr\/blog\/lagent-de-zinedine-zidane-dement-des-contacts-avec-le-psg\/"},"author":{"name":"Nicolas Jacquemard","@id":"https:\/\/dicodusport.fr\/blog\/#\/schema\/person\/55dcb50ad410894e431ed812bbb70191"},"headline":"L&rsquo;agent de Zin\u00e9dine Zidane d\u00e9ment des contacts avec le PSG","datePublished":"2022-06-10T13:15:07+00:00","dateModified":"2022-06-10T13:29:32+00:00","mainEntityOfPage":{"@id":"https:\/\/dicodusport.fr\/blog\/lagent-de-zinedine-zidane-dement-des-contacts-avec-le-psg\/"},"wordCount":296,"commentCount":0,"publisher":{"@id":"https:\/\/dicodusport.fr\/blog\/#organization"},"image":{"@id":"https:\/\/dicodusport.fr\/blog\/lagent-de-zinedine-zidane-dement-des-contacts-avec-le-psg\/#primaryimage"},"thumbnailUrl":"https:\/\/dicodusport.fr\/blog\/wp-content\/uploads\/2022\/06\/Lagent-de-Zine\u0301dine-Zidane-de\u0301ment-des-contacts-avec-le-PSG.png","keywords":["Football","PSG","Zidane","Zin\u00e9dine Zidane"],"articleSection":["Football"],"inLanguage":"fr-FR","potentialAction":[{"@type":"CommentAction","name":"Comment","target":["https:\/\/dicodusport.fr\/blog\/lagent-de-zinedine-zidane-dement-des-contacts-avec-le-psg\/#respond"]}],"copyrightYear":"2022","copyrightHolder":{"@id":"https:\/\/dicodusport.fr\/blog\/#organization"}},{"@type":"WebPage","@id":"https:\/\/dicodusport.fr\/blog\/lagent-de-zinedine-zidane-dement-des-contacts-avec-le-psg\/","url":"https:\/\/dicodusport.fr\/blog\/lagent-de-zinedine-zidane-dement-des-contacts-avec-le-psg\/","name":"L'agent de Zin\u00e9dine Zidane d\u00e9ment des contacts avec le PSG","isPartOf":{"@id":"https:\/\/dicodusport.fr\/blog\/#website"},"primaryImageOfPage":{"@id":"https:\/\/dicodusport.fr\/blog\/lagent-de-zinedine-zidane-dement-des-contacts-avec-le-psg\/#primaryimage"},"image":{"@id":"https:\/\/dicodusport.fr\/blog\/lagent-de-zinedine-zidane-dement-des-contacts-avec-le-psg\/#primaryimage"},"thumbnailUrl":"https:\/\/dicodusport.fr\/blog\/wp-content\/uploads\/2022\/06\/Lagent-de-Zine\u0301dine-Zidane-de\u0301ment-des-contacts-avec-le-PSG.png","datePublished":"2022-06-10T13:15:07+00:00","dateModified":"2022-06-10T13:29:32+00:00","description":"FOOTBALL - Alors qu'un accord semblait en bonne voie, Alain Migliaccio, agent de Zin\u00e9dine Zidane, a d\u00e9menti les contacts avec le PSG.\u00a0","breadcrumb":{"@id":"https:\/\/dicodusport.fr\/blog\/lagent-de-zinedine-zidane-dement-des-contacts-avec-le-psg\/#breadcrumb"},"inLanguage":"fr-FR","potentialAction":[{"@type":"ReadAction","target":["https:\/\/dicodusport.fr\/blog\/lagent-de-zinedine-zidane-dement-des-contacts-avec-le-psg\/"]}]},{"@type":"ImageObject","inLanguage":"fr-FR","@id":"https:\/\/dicodusport.fr\/blog\/lagent-de-zinedine-zidane-dement-des-contacts-avec-le-psg\/#primaryimage","url":"https:\/\/dicodusport.fr\/blog\/wp-content\/uploads\/2022\/06\/Lagent-de-Zine\u0301dine-Zidane-de\u0301ment-des-contacts-avec-le-PSG.png","contentUrl":"https:\/\/dicodusport.fr\/blog\/wp-content\/uploads\/2022\/06\/Lagent-de-Zine\u0301dine-Zidane-de\u0301ment-des-contacts-avec-le-PSG.png","width":800,"height":445},{"@type":"BreadcrumbList","@id":"https:\/\/dicodusport.fr\/blog\/lagent-de-zinedine-zidane-dement-des-contacts-avec-le-psg\/#breadcrumb","itemListElement":[{"@type":"ListItem","position":1,"name":"Accueil","item":"https:\/\/dicodusport.fr\/blog\/"},{"@type":"ListItem","position":2,"name":"L&rsquo;agent de Zin\u00e9dine Zidane d\u00e9ment des contacts avec le PSG"}]},{"@type":"WebSite","@id":"https:\/\/dicodusport.fr\/blog\/#website","url":"https:\/\/dicodusport.fr\/blog\/","name":"Dicodusport","description":"L&#039;encyclop\u00e9die de l&#039;actualit\u00e9 sportive","publisher":{"@id":"https:\/\/dicodusport.fr\/blog\/#organization"},"potentialAction":[{"@type":"SearchAction","target":{"@type":"EntryPoint","urlTemplate":"https:\/\/dicodusport.fr\/blog\/?s={search_term_string}"},"query-input":{"@type":"PropertyValueSpecification","valueRequired":true,"valueName":"search_term_string"}}],"inLanguage":"fr-FR"},{"@type":"NewsMediaOrganization","@id":"https:\/\/dicodusport.fr\/blog\/#organization","name":"Dicodusport","url":"https:\/\/dicodusport.fr\/blog\/","logo":{"@type":"ImageObject","inLanguage":"fr-FR","@id":"https:\/\/dicodusport.fr\/blog\/#\/schema\/logo\/image\/","url":"https:\/\/dicodusport.fr\/blog\/wp-content\/uploads\/2020\/06\/cropped-LOGO-DICODUSPORT-2020-SANS-FOND-SANS-TEXTE.png","contentUrl":"https:\/\/dicodusport.fr\/blog\/wp-content\/uploads\/2020\/06\/cropped-LOGO-DICODUSPORT-2020-SANS-FOND-SANS-TEXTE.png","width":512,"height":512,"caption":"Dicodusport"},"image":{"@id":"https:\/\/dicodusport.fr\/blog\/#\/schema\/logo\/image\/"},"sameAs":["https:\/\/www.facebook.com\/dicodusport","https:\/\/x.com\/dicodusport","https:\/\/www.instagram.com\/dicodusport\/","https:\/\/www.youtube.com\/channel\/UC7V2KZ5sd3htJivAbA4ZG3w"],"description":"Dicodusport est l'encyclop\u00e9die de l'actualit\u00e9 sportive.","email":"bonjour@dicodusport.fr","legalName":"DICODUSPORT","foundingDate":"2018-01-14","vatID":"FR71834470973","taxID":"83447097300043","numberOfEmployees":{"@type":"QuantitativeValue","minValue":"1","maxValue":"10"}},{"@type":"Person","@id":"https:\/\/dicodusport.fr\/blog\/#\/schema\/person\/55dcb50ad410894e431ed812bbb70191","name":"Nicolas Jacquemard","image":{"@type":"ImageObject","inLanguage":"fr-FR","@id":"https:\/\/dicodusport.fr\/blog\/#\/schema\/person\/image\/","url":"https:\/\/dicodusport.fr\/blog\/wp-content\/uploads\/2021\/05\/Nicolas-Jacquemard-150x150.jpeg","contentUrl":"https:\/\/dicodusport.fr\/blog\/wp-content\/uploads\/2021\/05\/Nicolas-Jacquemard-150x150.jpeg","caption":"Nicolas Jacquemard"},"description":"Passionn\u00e9 de sport et entrepreneur depuis mes 18 ans, la cr\u00e9ation de Dicodusport m'a sembl\u00e9 \u00e9vidente pour participer \u00e0 la m\u00e9diatisation d'un plus grand nombre de sports. Le chemin est long mais avec une \u00e9quipe des plus motiv\u00e9es et les Jeux Olympiques de Paris 2024 en point de mire, nous y arriverons ! Journaliste dans le monde du sport depuis plus de 5 ans, je traite aussi bien de football, de rugby, de biathlon que de cyclisme.","sameAs":["https:\/\/www.facebook.com\/dicodusport","https:\/\/x.com\/https:\/\/twitter.com\/Nico_Jacquemard"],"url":"https:\/\/dicodusport.fr\/blog\/author\/dicodusport\/"}]}},"_links":{"self":[{"href":"https:\/\/dicodusport.fr\/blog\/wp-json\/wp\/v2\/posts\/231618","targetHints":{"allow":["GET"]}}],"collection":[{"href":"https:\/\/dicodusport.fr\/blog\/wp-json\/wp\/v2\/posts"}],"about":[{"href":"https:\/\/dicodusport.fr\/blog\/wp-json\/wp\/v2\/types\/post"}],"author":[{"embeddable":true,"href":"https:\/\/dicodusport.fr\/blog\/wp-json\/wp\/v2\/users\/1"}],"replies":[{"embeddable":true,"href":"https:\/\/dicodusport.fr\/blog\/wp-json\/wp\/v2\/comments?post=231618"}],"version-history":[{"count":0,"href":"https:\/\/dicodusport.fr\/blog\/wp-json\/wp\/v2\/posts\/231618\/revisions"}],"wp:featuredmedia":[{"embeddable":true,"href":"https:\/\/dicodusport.fr\/blog\/wp-json\/wp\/v2\/media\/231620"}],"wp:attachment":[{"href":"https:\/\/dicodusport.fr\/blog\/wp-json\/wp\/v2\/media?parent=231618"}],"wp:term":[{"taxonomy":"category","embeddable":true,"href":"https:\/\/dicodusport.fr\/blog\/wp-json\/wp\/v2\/categories?post=231618"},{"taxonomy":"post_tag","embeddable":true,"href":"https:\/\/dicodusport.fr\/blog\/wp-json\/wp\/v2\/tags?post=231618"}],"curies":[{"name":"wp","href":"https:\/\/api.w.org\/{rel}","templated":true}]}}