{"id":231643,"date":"2022-06-10T17:00:38","date_gmt":"2022-06-10T15:00:38","guid":{"rendered":"https:\/\/dicodusport.fr\/blog\/?p=231643"},"modified":"2025-06-21T20:37:41","modified_gmt":"2025-06-21T18:37:41","slug":"mondiaux-de-duathlon-krilan-le-bihan-en-or-triple-francais-sur-la-course-masculine","status":"publish","type":"post","link":"https:\/\/dicodusport.fr\/blog\/mondiaux-de-duathlon-krilan-le-bihan-en-or-triple-francais-sur-la-course-masculine\/","title":{"rendered":"Mondiaux de duathlon : Krilan Le Bihan en or, tripl\u00e9 fran\u00e7ais sur la course masculine"},"content":{"rendered":"<p style=\"text-align: justify;\"><strong><em>CHAMPIONNATS DU MONDE DE DUATHLON &#8211; Incroyable performance de l&rsquo;\u00e9quipe de France de duathlon. Les six Fran\u00e7ais terminent dans le top 10 et r\u00e9alisent un sensationnel tripl\u00e9 \u00e0 Targu Mures, en Roumanie.<\/em><\/strong><\/p>\n<h2 style=\"text-align: justify;\">Les Bleus rois du duathlon<\/h2>\n<p style=\"text-align: justify;\">S&rsquo;il \u00e9tait envisageable de viser le podium ou le titre mondial dans le clan fran\u00e7ais, on \u00e9tait loin d&rsquo;imaginer qu&rsquo;ils allaient tout rafler. Apr\u00e8s les 1 000 m\u00e8tres de course \u00e0 pied, les Fran\u00e7ais sont bien plac\u00e9s, notamment <b>Krilan Le Bihan, Benjamin Choquert<\/b>, et<b> Maxime Hueber-Moosbrugger<\/b> qui ne sont qu&rsquo;\u00e0 une seconde du Belge<b> Arnaud Dely. <\/b>Bien que plus rapides que le Belge \u00e0 v\u00e9lo, les Fran\u00e7ais ne sont pas les plus forts sur le circuit roumain, et voient revenir sur leurs talons un autre, Belge<strong> Thibaut De Smet<\/strong>, qui leur aura repris plus de minute en 37 km. Heureusement pour les Fran\u00e7ais, viennent ensuite les 5 km de course \u00e0 pied avant la ligne d&rsquo;arriv\u00e9e, du pain b\u00e9ni pour <strong>Benjamin Choquert<\/strong> qui les aura boucl\u00e9s en 15 minutes et 6 secondes, 56 secondes de mieux que son compatriote Le Bihan. Bien que plus rapide, il \u00e9choue \u00e0 19 secondes de <strong>Krilan Le Bihan<\/strong> qui remporte le titre mondial.<\/p>\n<p style=\"text-align: justify;\">Pour couronner le tout, \u00e0 la troisi\u00e8me place, on retrouve <b>Maxime Hueber-Moosbrugger\u00a0<\/b>qui aura r\u00e9ussi \u00e0 r\u00e9sister au retour du duo nelge et conserve sa m\u00e9daille de bronze. Les deux autres fran\u00e7ais int\u00e8grent eux aussi le top 10, puisque <strong>Nathan Guerbeur<\/strong> termine 6\u00e8me et <strong>Valentin Andr\u00e9<\/strong> 8\u00e8me !<\/p>\n<p style=\"text-align: justify;\">Plus t\u00f4t dans la semaine, les Bleus s&rsquo;\u00e9taient d\u00e9j\u00e0 mis en \u00e9vidence. Lors de la course cross en triathlon, <strong>Arthur Serri\u00e8res<\/strong>, <strong>F\u00e9lix Forissier<\/strong> et <strong>Arthur Forissier<\/strong> avaient eux aussi sign\u00e9 un splendide tripl\u00e9. Chez les femmes, <strong>Sol\u00e8nne Billouin<\/strong> avait elle, pris le bronze. En U23, <strong>Jules Dumas<\/strong> et <strong>Luuk Chambeyron<\/strong> remporte respectivement l&rsquo;argent et la bronze.<\/p>\n<blockquote class=\"twitter-tweet\">\n<p dir=\"ltr\" lang=\"fr\">Championnat du monde de duathlon Targu Mures \ud83c\udde6\ud83c\udde9<\/p>\n<p>L&rsquo;\u00e9quipe de France masculine a \u00e9t\u00e9 ph\u00e9nom\u00e9nale :<\/p>\n<p>\ud83e\udd47Krilan Le Bihan<br \/>\n\ud83e\udd48Benjamin Choquert<br \/>\n\ud83e\udd49Maxime Hueber-Moosbrugger<\/p>\n<p>6e Nathan Guerbeur<br \/>\n8e Valentin Andr\u00e9<\/p>\n<p>Bravo \ud83d\ude4f\u270b\u00e0 tous !<a href=\"https:\/\/twitter.com\/hashtag\/duathlon?src=hash&amp;ref_src=twsrc%5Etfw\">#duathlon<\/a> <a href=\"https:\/\/twitter.com\/hashtag\/GoFrance?src=hash&amp;ref_src=twsrc%5Etfw\">#GoFrance<\/a> <a href=\"https:\/\/t.co\/tyD4xckUkN\">pic.twitter.com\/tyD4xckUkN<\/a><\/p>\n<p>\u2014 F.F.TRI. &#8211; F\u00e9d\u00e9ration Fran\u00e7aise de Triathlon (@FFTRI) <a href=\"https:\/\/twitter.com\/FFTRI\/status\/1535239521771601927?ref_src=twsrc%5Etfw\">June 10, 2022<\/a><\/p><\/blockquote>\n<p><script async src=\"https:\/\/platform.twitter.com\/widgets.js\" charset=\"utf-8\"><\/script><\/p>\n","protected":false},"excerpt":{"rendered":"<p>CHAMPIONNATS DU MONDE DE DUATHLON &#8211; Incroyable performance de l&rsquo;\u00e9quipe de France de duathlon. Les six fran\u00e7ais terminent dans le top 10 et r\u00e9alisent un sensationnel tripl\u00e9 \u00e0 Targu Mures, en Roumanie.<\/p>\n","protected":false},"author":43,"featured_media":231757,"comment_status":"open","ping_status":"closed","sticky":false,"template":"","format":"standard","meta":{"_acf_changed":false,"_daextam_enable_autolinks":"","footnotes":""},"categories":[26722],"tags":[20281],"class_list":["post-231643","post","type-post","status-publish","format-standard","has-post-thumbnail","hentry","category-duathlon","tag-duathlon"],"acf":[],"yoast_head":"<!-- This site is optimized with the Yoast SEO Premium plugin v26.7 (Yoast SEO v26.7) - https:\/\/yoast.com\/wordpress\/plugins\/seo\/ -->\n<title>Mondiaux de duathlon : Krilan Le Bihan en or, tripl\u00e9 fran\u00e7ais sur la course masculine<\/title>\n<meta name=\"description\" content=\"Splendide r\u00e9sultat de l&#039;\u00e9quipe de France de duathlon masculine, qui remporte les trois m\u00e9dailles des championnats du monde.\" \/>\n<meta name=\"robots\" content=\"index, follow, max-snippet:-1, max-image-preview:large, max-video-preview:-1\" \/>\n<link rel=\"canonical\" href=\"https:\/\/dicodusport.fr\/blog\/mondiaux-de-duathlon-krilan-le-bihan-en-or-triple-francais-sur-la-course-masculine\/\" \/>\n<meta property=\"og:locale\" content=\"fr_FR\" \/>\n<meta property=\"og:type\" content=\"article\" \/>\n<meta property=\"og:title\" content=\"Mondiaux de duathlon : Krilan Le Bihan en or, tripl\u00e9 fran\u00e7ais sur la course masculine\" \/>\n<meta property=\"og:description\" content=\"Splendide r\u00e9sultat de l&#039;\u00e9quipe de France de duathlon masculine, qui remporte les trois m\u00e9dailles des championnats du monde.\" \/>\n<meta property=\"og:url\" content=\"https:\/\/dicodusport.fr\/blog\/mondiaux-de-duathlon-krilan-le-bihan-en-or-triple-francais-sur-la-course-masculine\/\" \/>\n<meta property=\"og:site_name\" content=\"Dicodusport\" \/>\n<meta property=\"article:publisher\" content=\"https:\/\/www.facebook.com\/dicodusport\" \/>\n<meta property=\"article:author\" content=\"https:\/\/www.facebook.com\/Max.Bld2\/\" \/>\n<meta property=\"article:published_time\" content=\"2022-06-10T15:00:38+00:00\" \/>\n<meta property=\"article:modified_time\" content=\"2025-06-21T18:37:41+00:00\" \/>\n<meta property=\"og:image\" content=\"https:\/\/dicodusport.fr\/blog\/wp-content\/uploads\/2022\/06\/Mondiaux-de-duathlon-Krilan-Le-Bihan-en-or-triple-francais-sur-la-course-masculine-1.png\" \/>\n\t<meta property=\"og:image:width\" content=\"800\" \/>\n\t<meta property=\"og:image:height\" content=\"445\" \/>\n\t<meta property=\"og:image:type\" content=\"image\/png\" \/>\n<meta name=\"author\" content=\"Maxime Boulard\" \/>\n<meta name=\"twitter:card\" content=\"summary_large_image\" \/>\n<meta name=\"twitter:title\" content=\"Mondiaux de duathlon : Krilan Le Bihan en or, tripl\u00e9 fran\u00e7ais sur la course masculine\" \/>\n<meta name=\"twitter:creator\" content=\"@https:\/\/twitter.com\/MaximeB_2\" \/>\n<meta name=\"twitter:site\" content=\"@dicodusport\" \/>\n<script type=\"application\/ld+json\" class=\"yoast-schema-graph\">{\"@context\":\"https:\/\/schema.org\",\"@graph\":[{\"@type\":\"NewsArticle\",\"@id\":\"https:\/\/dicodusport.fr\/blog\/mondiaux-de-duathlon-krilan-le-bihan-en-or-triple-francais-sur-la-course-masculine\/#article\",\"isPartOf\":{\"@id\":\"https:\/\/dicodusport.fr\/blog\/mondiaux-de-duathlon-krilan-le-bihan-en-or-triple-francais-sur-la-course-masculine\/\"},\"author\":{\"name\":\"Maxime Boulard\",\"@id\":\"https:\/\/dicodusport.fr\/blog\/#\/schema\/person\/5aab10ee856e86ac63e9819a9da34784\"},\"headline\":\"Mondiaux de duathlon : Krilan Le Bihan en or, tripl\u00e9 fran\u00e7ais sur la course masculine\",\"datePublished\":\"2022-06-10T15:00:38+00:00\",\"dateModified\":\"2025-06-21T18:37:41+00:00\",\"mainEntityOfPage\":{\"@id\":\"https:\/\/dicodusport.fr\/blog\/mondiaux-de-duathlon-krilan-le-bihan-en-or-triple-francais-sur-la-course-masculine\/\"},\"wordCount\":380,\"commentCount\":0,\"publisher\":{\"@id\":\"https:\/\/dicodusport.fr\/blog\/#organization\"},\"image\":{\"@id\":\"https:\/\/dicodusport.fr\/blog\/mondiaux-de-duathlon-krilan-le-bihan-en-or-triple-francais-sur-la-course-masculine\/#primaryimage\"},\"thumbnailUrl\":\"https:\/\/dicodusport.fr\/blog\/wp-content\/uploads\/2022\/06\/Mondiaux-de-duathlon-Krilan-Le-Bihan-en-or-triple-francais-sur-la-course-masculine-1.png\",\"keywords\":[\"Duathlon\"],\"articleSection\":[\"Duathlon\"],\"inLanguage\":\"fr-FR\",\"potentialAction\":[{\"@type\":\"CommentAction\",\"name\":\"Comment\",\"target\":[\"https:\/\/dicodusport.fr\/blog\/mondiaux-de-duathlon-krilan-le-bihan-en-or-triple-francais-sur-la-course-masculine\/#respond\"]}],\"copyrightYear\":\"2022\",\"copyrightHolder\":{\"@id\":\"https:\/\/dicodusport.fr\/blog\/#organization\"}},{\"@type\":\"WebPage\",\"@id\":\"https:\/\/dicodusport.fr\/blog\/mondiaux-de-duathlon-krilan-le-bihan-en-or-triple-francais-sur-la-course-masculine\/\",\"url\":\"https:\/\/dicodusport.fr\/blog\/mondiaux-de-duathlon-krilan-le-bihan-en-or-triple-francais-sur-la-course-masculine\/\",\"name\":\"Mondiaux de duathlon : Krilan Le Bihan en or, tripl\u00e9 fran\u00e7ais sur la course masculine\",\"isPartOf\":{\"@id\":\"https:\/\/dicodusport.fr\/blog\/#website\"},\"primaryImageOfPage\":{\"@id\":\"https:\/\/dicodusport.fr\/blog\/mondiaux-de-duathlon-krilan-le-bihan-en-or-triple-francais-sur-la-course-masculine\/#primaryimage\"},\"image\":{\"@id\":\"https:\/\/dicodusport.fr\/blog\/mondiaux-de-duathlon-krilan-le-bihan-en-or-triple-francais-sur-la-course-masculine\/#primaryimage\"},\"thumbnailUrl\":\"https:\/\/dicodusport.fr\/blog\/wp-content\/uploads\/2022\/06\/Mondiaux-de-duathlon-Krilan-Le-Bihan-en-or-triple-francais-sur-la-course-masculine-1.png\",\"datePublished\":\"2022-06-10T15:00:38+00:00\",\"dateModified\":\"2025-06-21T18:37:41+00:00\",\"description\":\"Splendide r\u00e9sultat de l'\u00e9quipe de France de duathlon masculine, qui remporte les trois m\u00e9dailles des championnats du monde.\",\"breadcrumb\":{\"@id\":\"https:\/\/dicodusport.fr\/blog\/mondiaux-de-duathlon-krilan-le-bihan-en-or-triple-francais-sur-la-course-masculine\/#breadcrumb\"},\"inLanguage\":\"fr-FR\",\"potentialAction\":[{\"@type\":\"ReadAction\",\"target\":[\"https:\/\/dicodusport.fr\/blog\/mondiaux-de-duathlon-krilan-le-bihan-en-or-triple-francais-sur-la-course-masculine\/\"]}]},{\"@type\":\"ImageObject\",\"inLanguage\":\"fr-FR\",\"@id\":\"https:\/\/dicodusport.fr\/blog\/mondiaux-de-duathlon-krilan-le-bihan-en-or-triple-francais-sur-la-course-masculine\/#primaryimage\",\"url\":\"https:\/\/dicodusport.fr\/blog\/wp-content\/uploads\/2022\/06\/Mondiaux-de-duathlon-Krilan-Le-Bihan-en-or-triple-francais-sur-la-course-masculine-1.png\",\"contentUrl\":\"https:\/\/dicodusport.fr\/blog\/wp-content\/uploads\/2022\/06\/Mondiaux-de-duathlon-Krilan-Le-Bihan-en-or-triple-francais-sur-la-course-masculine-1.png\",\"width\":800,\"height\":445,\"caption\":\"Mondiaux de duathlon Krilan Le Bihan en or, tripl\u00e9 fran\u00e7ais sur la course masculine (1)\"},{\"@type\":\"BreadcrumbList\",\"@id\":\"https:\/\/dicodusport.fr\/blog\/mondiaux-de-duathlon-krilan-le-bihan-en-or-triple-francais-sur-la-course-masculine\/#breadcrumb\",\"itemListElement\":[{\"@type\":\"ListItem\",\"position\":1,\"name\":\"Accueil\",\"item\":\"https:\/\/dicodusport.fr\/blog\/\"},{\"@type\":\"ListItem\",\"position\":2,\"name\":\"Mondiaux de duathlon : Krilan Le Bihan en or, tripl\u00e9 fran\u00e7ais sur la course masculine\"}]},{\"@type\":\"WebSite\",\"@id\":\"https:\/\/dicodusport.fr\/blog\/#website\",\"url\":\"https:\/\/dicodusport.fr\/blog\/\",\"name\":\"Dicodusport\",\"description\":\"L&#039;encyclop\u00e9die de l&#039;actualit\u00e9 sportive\",\"publisher\":{\"@id\":\"https:\/\/dicodusport.fr\/blog\/#organization\"},\"potentialAction\":[{\"@type\":\"SearchAction\",\"target\":{\"@type\":\"EntryPoint\",\"urlTemplate\":\"https:\/\/dicodusport.fr\/blog\/?s={search_term_string}\"},\"query-input\":{\"@type\":\"PropertyValueSpecification\",\"valueRequired\":true,\"valueName\":\"search_term_string\"}}],\"inLanguage\":\"fr-FR\"},{\"@type\":\"NewsMediaOrganization\",\"@id\":\"https:\/\/dicodusport.fr\/blog\/#organization\",\"name\":\"Dicodusport\",\"url\":\"https:\/\/dicodusport.fr\/blog\/\",\"logo\":{\"@type\":\"ImageObject\",\"inLanguage\":\"fr-FR\",\"@id\":\"https:\/\/dicodusport.fr\/blog\/#\/schema\/logo\/image\/\",\"url\":\"https:\/\/dicodusport.fr\/blog\/wp-content\/uploads\/2020\/06\/cropped-LOGO-DICODUSPORT-2020-SANS-FOND-SANS-TEXTE.png\",\"contentUrl\":\"https:\/\/dicodusport.fr\/blog\/wp-content\/uploads\/2020\/06\/cropped-LOGO-DICODUSPORT-2020-SANS-FOND-SANS-TEXTE.png\",\"width\":512,\"height\":512,\"caption\":\"Dicodusport\"},\"image\":{\"@id\":\"https:\/\/dicodusport.fr\/blog\/#\/schema\/logo\/image\/\"},\"sameAs\":[\"https:\/\/www.facebook.com\/dicodusport\",\"https:\/\/x.com\/dicodusport\",\"https:\/\/www.instagram.com\/dicodusport\/\",\"https:\/\/www.youtube.com\/channel\/UC7V2KZ5sd3htJivAbA4ZG3w\"],\"description\":\"Dicodusport est l'encyclop\u00e9die de l'actualit\u00e9 sportive.\",\"email\":\"bonjour@dicodusport.fr\",\"legalName\":\"DICODUSPORT\",\"foundingDate\":\"2018-01-14\",\"vatID\":\"FR71834470973\",\"taxID\":\"83447097300043\",\"numberOfEmployees\":{\"@type\":\"QuantitativeValue\",\"minValue\":\"1\",\"maxValue\":\"10\"}},{\"@type\":\"Person\",\"@id\":\"https:\/\/dicodusport.fr\/blog\/#\/schema\/person\/5aab10ee856e86ac63e9819a9da34784\",\"name\":\"Maxime Boulard\",\"image\":{\"@type\":\"ImageObject\",\"inLanguage\":\"fr-FR\",\"@id\":\"https:\/\/dicodusport.fr\/blog\/#\/schema\/person\/image\/\",\"url\":\"https:\/\/dicodusport.fr\/blog\/wp-content\/uploads\/2021\/05\/Maxime-Boulard-150x150.jpg\",\"contentUrl\":\"https:\/\/dicodusport.fr\/blog\/wp-content\/uploads\/2021\/05\/Maxime-Boulard-150x150.jpg\",\"caption\":\"Maxime Boulard\"},\"description\":\"Journaliste\/r\u00e9dacteur depuis octobre 2020 - Si mon plus vieux souvenir de sport aurait pu m'en d\u00e9go\u00fbter, la finale de la Coupe du monde 2006 a \u00e9t\u00e9 tout le contraire. V\u00e9ritable d\u00e9clencheur d'une passion qui aujourd'hui ne fait que grandir avec le temps, mon leitmotiv est la France qui brille ! Je relate les exploits pass\u00e9s et pr\u00e9sents du sport bleu-blanc-rouge sans m\u00e9nagement depuis octobre 2020. Sport valide ou handisport, aucune diff\u00e9rence, il n'y a que du sport et plusieurs fa\u00e7ons de le pratiquer.\",\"sameAs\":[\"https:\/\/www.facebook.com\/Max.Bld2\/\",\"https:\/\/x.com\/https:\/\/twitter.com\/MaximeB_2\"],\"url\":\"https:\/\/dicodusport.fr\/blog\/author\/maxime-b\/\"}]}<\/script>\n<!-- \/ Yoast SEO Premium plugin. -->","yoast_head_json":{"title":"Mondiaux de duathlon : Krilan Le Bihan en or, tripl\u00e9 fran\u00e7ais sur la course masculine","description":"Splendide r\u00e9sultat de l'\u00e9quipe de France de duathlon masculine, qui remporte les trois m\u00e9dailles des championnats du monde.","robots":{"index":"index","follow":"follow","max-snippet":"max-snippet:-1","max-image-preview":"max-image-preview:large","max-video-preview":"max-video-preview:-1"},"canonical":"https:\/\/dicodusport.fr\/blog\/mondiaux-de-duathlon-krilan-le-bihan-en-or-triple-francais-sur-la-course-masculine\/","og_locale":"fr_FR","og_type":"article","og_title":"Mondiaux de duathlon : Krilan Le Bihan en or, tripl\u00e9 fran\u00e7ais sur la course masculine","og_description":"Splendide r\u00e9sultat de l'\u00e9quipe de France de duathlon masculine, qui remporte les trois m\u00e9dailles des championnats du monde.","og_url":"https:\/\/dicodusport.fr\/blog\/mondiaux-de-duathlon-krilan-le-bihan-en-or-triple-francais-sur-la-course-masculine\/","og_site_name":"Dicodusport","article_publisher":"https:\/\/www.facebook.com\/dicodusport","article_author":"https:\/\/www.facebook.com\/Max.Bld2\/","article_published_time":"2022-06-10T15:00:38+00:00","article_modified_time":"2025-06-21T18:37:41+00:00","og_image":[{"width":800,"height":445,"url":"https:\/\/dicodusport.fr\/blog\/wp-content\/uploads\/2022\/06\/Mondiaux-de-duathlon-Krilan-Le-Bihan-en-or-triple-francais-sur-la-course-masculine-1.png","type":"image\/png"}],"author":"Maxime Boulard","twitter_card":"summary_large_image","twitter_title":"Mondiaux de duathlon : Krilan Le Bihan en or, tripl\u00e9 fran\u00e7ais sur la course masculine","twitter_creator":"@https:\/\/twitter.com\/MaximeB_2","twitter_site":"@dicodusport","schema":{"@context":"https:\/\/schema.org","@graph":[{"@type":"NewsArticle","@id":"https:\/\/dicodusport.fr\/blog\/mondiaux-de-duathlon-krilan-le-bihan-en-or-triple-francais-sur-la-course-masculine\/#article","isPartOf":{"@id":"https:\/\/dicodusport.fr\/blog\/mondiaux-de-duathlon-krilan-le-bihan-en-or-triple-francais-sur-la-course-masculine\/"},"author":{"name":"Maxime Boulard","@id":"https:\/\/dicodusport.fr\/blog\/#\/schema\/person\/5aab10ee856e86ac63e9819a9da34784"},"headline":"Mondiaux de duathlon : Krilan Le Bihan en or, tripl\u00e9 fran\u00e7ais sur la course masculine","datePublished":"2022-06-10T15:00:38+00:00","dateModified":"2025-06-21T18:37:41+00:00","mainEntityOfPage":{"@id":"https:\/\/dicodusport.fr\/blog\/mondiaux-de-duathlon-krilan-le-bihan-en-or-triple-francais-sur-la-course-masculine\/"},"wordCount":380,"commentCount":0,"publisher":{"@id":"https:\/\/dicodusport.fr\/blog\/#organization"},"image":{"@id":"https:\/\/dicodusport.fr\/blog\/mondiaux-de-duathlon-krilan-le-bihan-en-or-triple-francais-sur-la-course-masculine\/#primaryimage"},"thumbnailUrl":"https:\/\/dicodusport.fr\/blog\/wp-content\/uploads\/2022\/06\/Mondiaux-de-duathlon-Krilan-Le-Bihan-en-or-triple-francais-sur-la-course-masculine-1.png","keywords":["Duathlon"],"articleSection":["Duathlon"],"inLanguage":"fr-FR","potentialAction":[{"@type":"CommentAction","name":"Comment","target":["https:\/\/dicodusport.fr\/blog\/mondiaux-de-duathlon-krilan-le-bihan-en-or-triple-francais-sur-la-course-masculine\/#respond"]}],"copyrightYear":"2022","copyrightHolder":{"@id":"https:\/\/dicodusport.fr\/blog\/#organization"}},{"@type":"WebPage","@id":"https:\/\/dicodusport.fr\/blog\/mondiaux-de-duathlon-krilan-le-bihan-en-or-triple-francais-sur-la-course-masculine\/","url":"https:\/\/dicodusport.fr\/blog\/mondiaux-de-duathlon-krilan-le-bihan-en-or-triple-francais-sur-la-course-masculine\/","name":"Mondiaux de duathlon : Krilan Le Bihan en or, tripl\u00e9 fran\u00e7ais sur la course masculine","isPartOf":{"@id":"https:\/\/dicodusport.fr\/blog\/#website"},"primaryImageOfPage":{"@id":"https:\/\/dicodusport.fr\/blog\/mondiaux-de-duathlon-krilan-le-bihan-en-or-triple-francais-sur-la-course-masculine\/#primaryimage"},"image":{"@id":"https:\/\/dicodusport.fr\/blog\/mondiaux-de-duathlon-krilan-le-bihan-en-or-triple-francais-sur-la-course-masculine\/#primaryimage"},"thumbnailUrl":"https:\/\/dicodusport.fr\/blog\/wp-content\/uploads\/2022\/06\/Mondiaux-de-duathlon-Krilan-Le-Bihan-en-or-triple-francais-sur-la-course-masculine-1.png","datePublished":"2022-06-10T15:00:38+00:00","dateModified":"2025-06-21T18:37:41+00:00","description":"Splendide r\u00e9sultat de l'\u00e9quipe de France de duathlon masculine, qui remporte les trois m\u00e9dailles des championnats du monde.","breadcrumb":{"@id":"https:\/\/dicodusport.fr\/blog\/mondiaux-de-duathlon-krilan-le-bihan-en-or-triple-francais-sur-la-course-masculine\/#breadcrumb"},"inLanguage":"fr-FR","potentialAction":[{"@type":"ReadAction","target":["https:\/\/dicodusport.fr\/blog\/mondiaux-de-duathlon-krilan-le-bihan-en-or-triple-francais-sur-la-course-masculine\/"]}]},{"@type":"ImageObject","inLanguage":"fr-FR","@id":"https:\/\/dicodusport.fr\/blog\/mondiaux-de-duathlon-krilan-le-bihan-en-or-triple-francais-sur-la-course-masculine\/#primaryimage","url":"https:\/\/dicodusport.fr\/blog\/wp-content\/uploads\/2022\/06\/Mondiaux-de-duathlon-Krilan-Le-Bihan-en-or-triple-francais-sur-la-course-masculine-1.png","contentUrl":"https:\/\/dicodusport.fr\/blog\/wp-content\/uploads\/2022\/06\/Mondiaux-de-duathlon-Krilan-Le-Bihan-en-or-triple-francais-sur-la-course-masculine-1.png","width":800,"height":445,"caption":"Mondiaux de duathlon Krilan Le Bihan en or, tripl\u00e9 fran\u00e7ais sur la course masculine (1)"},{"@type":"BreadcrumbList","@id":"https:\/\/dicodusport.fr\/blog\/mondiaux-de-duathlon-krilan-le-bihan-en-or-triple-francais-sur-la-course-masculine\/#breadcrumb","itemListElement":[{"@type":"ListItem","position":1,"name":"Accueil","item":"https:\/\/dicodusport.fr\/blog\/"},{"@type":"ListItem","position":2,"name":"Mondiaux de duathlon : Krilan Le Bihan en or, tripl\u00e9 fran\u00e7ais sur la course masculine"}]},{"@type":"WebSite","@id":"https:\/\/dicodusport.fr\/blog\/#website","url":"https:\/\/dicodusport.fr\/blog\/","name":"Dicodusport","description":"L&#039;encyclop\u00e9die de l&#039;actualit\u00e9 sportive","publisher":{"@id":"https:\/\/dicodusport.fr\/blog\/#organization"},"potentialAction":[{"@type":"SearchAction","target":{"@type":"EntryPoint","urlTemplate":"https:\/\/dicodusport.fr\/blog\/?s={search_term_string}"},"query-input":{"@type":"PropertyValueSpecification","valueRequired":true,"valueName":"search_term_string"}}],"inLanguage":"fr-FR"},{"@type":"NewsMediaOrganization","@id":"https:\/\/dicodusport.fr\/blog\/#organization","name":"Dicodusport","url":"https:\/\/dicodusport.fr\/blog\/","logo":{"@type":"ImageObject","inLanguage":"fr-FR","@id":"https:\/\/dicodusport.fr\/blog\/#\/schema\/logo\/image\/","url":"https:\/\/dicodusport.fr\/blog\/wp-content\/uploads\/2020\/06\/cropped-LOGO-DICODUSPORT-2020-SANS-FOND-SANS-TEXTE.png","contentUrl":"https:\/\/dicodusport.fr\/blog\/wp-content\/uploads\/2020\/06\/cropped-LOGO-DICODUSPORT-2020-SANS-FOND-SANS-TEXTE.png","width":512,"height":512,"caption":"Dicodusport"},"image":{"@id":"https:\/\/dicodusport.fr\/blog\/#\/schema\/logo\/image\/"},"sameAs":["https:\/\/www.facebook.com\/dicodusport","https:\/\/x.com\/dicodusport","https:\/\/www.instagram.com\/dicodusport\/","https:\/\/www.youtube.com\/channel\/UC7V2KZ5sd3htJivAbA4ZG3w"],"description":"Dicodusport est l'encyclop\u00e9die de l'actualit\u00e9 sportive.","email":"bonjour@dicodusport.fr","legalName":"DICODUSPORT","foundingDate":"2018-01-14","vatID":"FR71834470973","taxID":"83447097300043","numberOfEmployees":{"@type":"QuantitativeValue","minValue":"1","maxValue":"10"}},{"@type":"Person","@id":"https:\/\/dicodusport.fr\/blog\/#\/schema\/person\/5aab10ee856e86ac63e9819a9da34784","name":"Maxime Boulard","image":{"@type":"ImageObject","inLanguage":"fr-FR","@id":"https:\/\/dicodusport.fr\/blog\/#\/schema\/person\/image\/","url":"https:\/\/dicodusport.fr\/blog\/wp-content\/uploads\/2021\/05\/Maxime-Boulard-150x150.jpg","contentUrl":"https:\/\/dicodusport.fr\/blog\/wp-content\/uploads\/2021\/05\/Maxime-Boulard-150x150.jpg","caption":"Maxime Boulard"},"description":"Journaliste\/r\u00e9dacteur depuis octobre 2020 - Si mon plus vieux souvenir de sport aurait pu m'en d\u00e9go\u00fbter, la finale de la Coupe du monde 2006 a \u00e9t\u00e9 tout le contraire. V\u00e9ritable d\u00e9clencheur d'une passion qui aujourd'hui ne fait que grandir avec le temps, mon leitmotiv est la France qui brille ! Je relate les exploits pass\u00e9s et pr\u00e9sents du sport bleu-blanc-rouge sans m\u00e9nagement depuis octobre 2020. Sport valide ou handisport, aucune diff\u00e9rence, il n'y a que du sport et plusieurs fa\u00e7ons de le pratiquer.","sameAs":["https:\/\/www.facebook.com\/Max.Bld2\/","https:\/\/x.com\/https:\/\/twitter.com\/MaximeB_2"],"url":"https:\/\/dicodusport.fr\/blog\/author\/maxime-b\/"}]}},"_links":{"self":[{"href":"https:\/\/dicodusport.fr\/blog\/wp-json\/wp\/v2\/posts\/231643","targetHints":{"allow":["GET"]}}],"collection":[{"href":"https:\/\/dicodusport.fr\/blog\/wp-json\/wp\/v2\/posts"}],"about":[{"href":"https:\/\/dicodusport.fr\/blog\/wp-json\/wp\/v2\/types\/post"}],"author":[{"embeddable":true,"href":"https:\/\/dicodusport.fr\/blog\/wp-json\/wp\/v2\/users\/43"}],"replies":[{"embeddable":true,"href":"https:\/\/dicodusport.fr\/blog\/wp-json\/wp\/v2\/comments?post=231643"}],"version-history":[{"count":1,"href":"https:\/\/dicodusport.fr\/blog\/wp-json\/wp\/v2\/posts\/231643\/revisions"}],"predecessor-version":[{"id":589111,"href":"https:\/\/dicodusport.fr\/blog\/wp-json\/wp\/v2\/posts\/231643\/revisions\/589111"}],"wp:featuredmedia":[{"embeddable":true,"href":"https:\/\/dicodusport.fr\/blog\/wp-json\/wp\/v2\/media\/231757"}],"wp:attachment":[{"href":"https:\/\/dicodusport.fr\/blog\/wp-json\/wp\/v2\/media?parent=231643"}],"wp:term":[{"taxonomy":"category","embeddable":true,"href":"https:\/\/dicodusport.fr\/blog\/wp-json\/wp\/v2\/categories?post=231643"},{"taxonomy":"post_tag","embeddable":true,"href":"https:\/\/dicodusport.fr\/blog\/wp-json\/wp\/v2\/tags?post=231643"}],"curies":[{"name":"wp","href":"https:\/\/api.w.org\/{rel}","templated":true}]}}