{"id":232258,"date":"2022-06-12T08:07:34","date_gmt":"2022-06-12T06:07:34","guid":{"rendered":"https:\/\/dicodusport.fr\/blog\/?p=232258&#038;preview=true&#038;preview_id=232258"},"modified":"2022-06-12T08:16:29","modified_gmt":"2022-06-12T06:16:29","slug":"ufc-275-jiri-prochazka-soumet-glover-teixeira-et-devient-champion-du-monde-des-mi-lourds","status":"publish","type":"post","link":"https:\/\/dicodusport.fr\/blog\/ufc-275-jiri-prochazka-soumet-glover-teixeira-et-devient-champion-du-monde-des-mi-lourds\/","title":{"rendered":"UFC 275 : Jiri Prochazka soumet Glover Teixeira et devient champion du monde des mi-lourds"},"content":{"rendered":"<p style=\"text-align: justify;\"><b><i>UFC 275 &#8211; Au terme d&rsquo;un combat monumental, Jiri Prochazka a battu Glover Teixeira pour devenir champion du monde UFC des mi-lourds.<\/i><\/b><\/p>\n<p style=\"text-align: justify;\">Devenu champion du monde \u00e0 la surprise g\u00e9n\u00e9rale en octobre dernier, <b>Glover Teixeira<\/b> (42 ans) remettait son titre en jeu pour la premi\u00e8re fois contre le Tch\u00e8que <b>Jiri Prochazka<\/b>. Et le d\u00e9but du combat va \u00eatre \u00e0 l&rsquo;avantage du v\u00e9t\u00e9ran br\u00e9silien. Celui-ci va placer plusieurs <em>takedown<\/em>\u00a0durant les deux premi\u00e8res reprises et travailler <b>Prochazka<\/b> au sol. <b>Teixeira<\/b> va m\u00eame ouvrir l&rsquo;arcade de son adversaire gr\u00e2ce \u00e0 une s\u00e9rie de coups de coude en <em>ground and pound<\/em>.<\/p>\n<p style=\"text-align: justify;\">Mais<b> Jiri Prochazka<\/b> a de la ressource. Lors des troisi\u00e8me et quatri\u00e8me reprises, <em>BJP<\/em> va faire tr\u00e8s mal avec son kickboxing. Enchainant les s\u00e9ries de coups au corps puis au visage, le Tch\u00e8que va consid\u00e9rablement affaiblir son adversaire. Au moment du dernier round, difficile de pr\u00e9dire qui allait \u00eatre le vainqueur, tant les deux hommes se sont rendus coup pour coup.<\/p>\n<h2 style=\"text-align: justify;\">Glover Teixeira pris \u00e0 son propre pi\u00e8ge<\/h2>\n<p style=\"text-align: justify;\">La cinqui\u00e8me reprise va d\u00e9marrer fort. Et <strong>Teixeira<\/strong> va prendre un premier avantage en pla\u00e7ant une \u00e9norme droite. Sonn\u00e9, <b>Prochazka <\/b>va ensuite subir un <em>takedown<\/em> et recevoir une pluie de coups au sol. Alors que <b>Teixeira <\/b>semblait bien parti pour enlever le 5\u00e8me round et le combat, <b>Prochazka<\/b> va renverser la vapeur. Alors qu&rsquo;il \u00e9tait copieusement domin\u00e9, et bien parti pour perdre \u00e0 la d\u00e9cision, le Tch\u00e8que va prendre le dos de <strong>Teixeira<\/strong> et placer un \u00e9tranglement imparable. Alors que le sol \u00e9tait son territoire, <b>Glover Teixeira<\/b> va finalement perdre son titre mondial sur ce terrain-l\u00e0.<\/p>\n<p style=\"text-align: justify;\">Au terme d&rsquo;un combat de tr\u00e8s haut niveau, <b>Jiri Prochazka<\/b> devient champion du monde UFC des mi-lourds. Un titre acquis d\u00e8s son troisi\u00e8me combat au sein de la compagnie ! N\u00e9anmoins, <strong>Glover Teixeira<\/strong> a montr\u00e9 qu&rsquo;il m\u00e9ritait beaucoup de respect. Le Br\u00e9silien, qui aura 43 ans en octobre, a fait preuve d&rsquo;un courage et d&rsquo;une volont\u00e9 \u00e0 toute \u00e9preuve. Malgr\u00e9 son \u00e2ge avanc\u00e9, <strong>Glover Teixeira<\/strong> est loin d&rsquo;\u00eatre fini !<\/p>\n<blockquote class=\"twitter-tweet\">\n<p dir=\"ltr\" lang=\"en\">Czech Republic you have a new champion and his name is <a href=\"https:\/\/twitter.com\/jiri_bjp?ref_src=twsrc%5Etfw\">@Jiri_BJP<\/a>!!! <a href=\"https:\/\/twitter.com\/hashtag\/ANDNEW?src=hash&amp;ref_src=twsrc%5Etfw\">#ANDNEW<\/a> &#x1f3c6;<\/p>\n[ <a href=\"https:\/\/twitter.com\/hashtag\/UFC275?src=hash&amp;ref_src=twsrc%5Etfw\">#UFC275<\/a> | B2YB <a href=\"https:\/\/twitter.com\/Anuel_2bleA?ref_src=twsrc%5Etfw\">@Anuel_2bleA<\/a> ] <a href=\"https:\/\/t.co\/VZDD1zaBHG\">pic.twitter.com\/VZDD1zaBHG<\/a><\/p>\n<p>\u2014 UFC (@ufc) <a href=\"https:\/\/twitter.com\/ufc\/status\/1535853513909055488?ref_src=twsrc%5Etfw\">June 12, 2022<\/a><\/p><\/blockquote>\n<p><script async src=\"https:\/\/platform.twitter.com\/widgets.js\" charset=\"utf-8\"><\/script><\/p>\n<ul>\n<li style=\"text-align: justify;\"><strong><span style=\"font-size: 16px;\">\u00c0 Lire aussi : <a href=\"https:\/\/www.takedown.fr\/ufc-275-teixeira-vs-prochazka-tous-les-resultats-de-la-soiree\/\">Tous les autres r\u00e9sultats de l&rsquo;UFC 275<\/a><\/span><\/strong><\/li>\n<\/ul>\n","protected":false},"excerpt":{"rendered":"<p>UFC 275 &#8211; Au terme d&rsquo;un combat monumental, Jiri Prochazka a battu Glover Teixeira pour devenir champion du monde UFC des mi-lourds<\/p>\n","protected":false},"author":39,"featured_media":232283,"comment_status":"open","ping_status":"closed","sticky":false,"template":"","format":"standard","meta":{"_acf_changed":false,"_daextam_enable_autolinks":"","footnotes":""},"categories":[10666],"tags":[1222,1224],"class_list":["post-232258","post","type-post","status-publish","format-standard","has-post-thumbnail","hentry","category-mma","tag-mma","tag-ufc"],"acf":[],"yoast_head":"<!-- This site is optimized with the Yoast SEO Premium plugin v26.7 (Yoast SEO v26.7) - https:\/\/yoast.com\/wordpress\/plugins\/seo\/ -->\n<title>UFC 275 : Jiri Prochazka soumet Glover Teixeira et devient champion du monde des mi-lourds<\/title>\n<meta name=\"description\" content=\"UFC 275 - Au terme d&#039;un combat monumental, Jiri Prochazka a battu Glover Teixeira pour devenir champion du monde UFC des mi-lourds\" \/>\n<meta name=\"robots\" content=\"index, follow, max-snippet:-1, max-image-preview:large, max-video-preview:-1\" \/>\n<link rel=\"canonical\" href=\"https:\/\/dicodusport.fr\/blog\/ufc-275-jiri-prochazka-soumet-glover-teixeira-et-devient-champion-du-monde-des-mi-lourds\/\" \/>\n<meta property=\"og:locale\" content=\"fr_FR\" \/>\n<meta property=\"og:type\" content=\"article\" \/>\n<meta property=\"og:title\" content=\"UFC 275 : Jiri Prochazka soumet Glover Teixeira et devient champion du monde des mi-lourds\" \/>\n<meta property=\"og:description\" content=\"UFC 275 - Au terme d&#039;un combat monumental, Jiri Prochazka a battu Glover Teixeira pour devenir champion du monde UFC des mi-lourds\" \/>\n<meta property=\"og:url\" content=\"https:\/\/dicodusport.fr\/blog\/ufc-275-jiri-prochazka-soumet-glover-teixeira-et-devient-champion-du-monde-des-mi-lourds\/\" \/>\n<meta property=\"og:site_name\" content=\"Dicodusport\" \/>\n<meta property=\"article:publisher\" content=\"https:\/\/www.facebook.com\/dicodusport\" \/>\n<meta property=\"article:published_time\" content=\"2022-06-12T06:07:34+00:00\" \/>\n<meta property=\"article:modified_time\" content=\"2022-06-12T06:16:29+00:00\" \/>\n<meta property=\"og:image\" content=\"https:\/\/dicodusport.fr\/blog\/wp-content\/uploads\/2022\/06\/UFC-275-Jiri-Prochazka-soumet-Glover-Teixeira-et-devient-champion-du-monde-des-mi-lourds.png\" \/>\n\t<meta property=\"og:image:width\" content=\"800\" \/>\n\t<meta property=\"og:image:height\" content=\"445\" \/>\n\t<meta property=\"og:image:type\" content=\"image\/png\" \/>\n<meta name=\"author\" content=\"Idriss Ahamada\" \/>\n<meta name=\"twitter:card\" content=\"summary_large_image\" \/>\n<meta name=\"twitter:title\" content=\"UFC 275 : Jiri Prochazka soumet Glover Teixeira et devient champion du monde des mi-lourds\" \/>\n<meta name=\"twitter:creator\" content=\"@https:\/\/twitter.com\/idriss_ia7\" \/>\n<meta name=\"twitter:site\" content=\"@dicodusport\" \/>\n<script type=\"application\/ld+json\" class=\"yoast-schema-graph\">{\"@context\":\"https:\/\/schema.org\",\"@graph\":[{\"@type\":\"NewsArticle\",\"@id\":\"https:\/\/dicodusport.fr\/blog\/ufc-275-jiri-prochazka-soumet-glover-teixeira-et-devient-champion-du-monde-des-mi-lourds\/#article\",\"isPartOf\":{\"@id\":\"https:\/\/dicodusport.fr\/blog\/ufc-275-jiri-prochazka-soumet-glover-teixeira-et-devient-champion-du-monde-des-mi-lourds\/\"},\"author\":{\"name\":\"Idriss Ahamada\",\"@id\":\"https:\/\/dicodusport.fr\/blog\/#\/schema\/person\/f3797823174b5e2975b9efe0302f16f4\"},\"headline\":\"UFC 275 : Jiri Prochazka soumet Glover Teixeira et devient champion du monde des mi-lourds\",\"datePublished\":\"2022-06-12T06:07:34+00:00\",\"dateModified\":\"2022-06-12T06:16:29+00:00\",\"mainEntityOfPage\":{\"@id\":\"https:\/\/dicodusport.fr\/blog\/ufc-275-jiri-prochazka-soumet-glover-teixeira-et-devient-champion-du-monde-des-mi-lourds\/\"},\"wordCount\":414,\"commentCount\":0,\"publisher\":{\"@id\":\"https:\/\/dicodusport.fr\/blog\/#organization\"},\"image\":{\"@id\":\"https:\/\/dicodusport.fr\/blog\/ufc-275-jiri-prochazka-soumet-glover-teixeira-et-devient-champion-du-monde-des-mi-lourds\/#primaryimage\"},\"thumbnailUrl\":\"https:\/\/dicodusport.fr\/blog\/wp-content\/uploads\/2022\/06\/UFC-275-Jiri-Prochazka-soumet-Glover-Teixeira-et-devient-champion-du-monde-des-mi-lourds.png\",\"keywords\":[\"MMA\",\"UFC\"],\"articleSection\":[\"MMA\"],\"inLanguage\":\"fr-FR\",\"potentialAction\":[{\"@type\":\"CommentAction\",\"name\":\"Comment\",\"target\":[\"https:\/\/dicodusport.fr\/blog\/ufc-275-jiri-prochazka-soumet-glover-teixeira-et-devient-champion-du-monde-des-mi-lourds\/#respond\"]}],\"copyrightYear\":\"2022\",\"copyrightHolder\":{\"@id\":\"https:\/\/dicodusport.fr\/blog\/#organization\"}},{\"@type\":\"WebPage\",\"@id\":\"https:\/\/dicodusport.fr\/blog\/ufc-275-jiri-prochazka-soumet-glover-teixeira-et-devient-champion-du-monde-des-mi-lourds\/\",\"url\":\"https:\/\/dicodusport.fr\/blog\/ufc-275-jiri-prochazka-soumet-glover-teixeira-et-devient-champion-du-monde-des-mi-lourds\/\",\"name\":\"UFC 275 : Jiri Prochazka soumet Glover Teixeira et devient champion du monde des mi-lourds\",\"isPartOf\":{\"@id\":\"https:\/\/dicodusport.fr\/blog\/#website\"},\"primaryImageOfPage\":{\"@id\":\"https:\/\/dicodusport.fr\/blog\/ufc-275-jiri-prochazka-soumet-glover-teixeira-et-devient-champion-du-monde-des-mi-lourds\/#primaryimage\"},\"image\":{\"@id\":\"https:\/\/dicodusport.fr\/blog\/ufc-275-jiri-prochazka-soumet-glover-teixeira-et-devient-champion-du-monde-des-mi-lourds\/#primaryimage\"},\"thumbnailUrl\":\"https:\/\/dicodusport.fr\/blog\/wp-content\/uploads\/2022\/06\/UFC-275-Jiri-Prochazka-soumet-Glover-Teixeira-et-devient-champion-du-monde-des-mi-lourds.png\",\"datePublished\":\"2022-06-12T06:07:34+00:00\",\"dateModified\":\"2022-06-12T06:16:29+00:00\",\"description\":\"UFC 275 - Au terme d'un combat monumental, Jiri Prochazka a battu Glover Teixeira pour devenir champion du monde UFC des mi-lourds\",\"breadcrumb\":{\"@id\":\"https:\/\/dicodusport.fr\/blog\/ufc-275-jiri-prochazka-soumet-glover-teixeira-et-devient-champion-du-monde-des-mi-lourds\/#breadcrumb\"},\"inLanguage\":\"fr-FR\",\"potentialAction\":[{\"@type\":\"ReadAction\",\"target\":[\"https:\/\/dicodusport.fr\/blog\/ufc-275-jiri-prochazka-soumet-glover-teixeira-et-devient-champion-du-monde-des-mi-lourds\/\"]}]},{\"@type\":\"ImageObject\",\"inLanguage\":\"fr-FR\",\"@id\":\"https:\/\/dicodusport.fr\/blog\/ufc-275-jiri-prochazka-soumet-glover-teixeira-et-devient-champion-du-monde-des-mi-lourds\/#primaryimage\",\"url\":\"https:\/\/dicodusport.fr\/blog\/wp-content\/uploads\/2022\/06\/UFC-275-Jiri-Prochazka-soumet-Glover-Teixeira-et-devient-champion-du-monde-des-mi-lourds.png\",\"contentUrl\":\"https:\/\/dicodusport.fr\/blog\/wp-content\/uploads\/2022\/06\/UFC-275-Jiri-Prochazka-soumet-Glover-Teixeira-et-devient-champion-du-monde-des-mi-lourds.png\",\"width\":800,\"height\":445,\"caption\":\"UFC 275 Jiri Prochazka soumet Glover Teixeira et devient champion du monde des mi-lourds\"},{\"@type\":\"BreadcrumbList\",\"@id\":\"https:\/\/dicodusport.fr\/blog\/ufc-275-jiri-prochazka-soumet-glover-teixeira-et-devient-champion-du-monde-des-mi-lourds\/#breadcrumb\",\"itemListElement\":[{\"@type\":\"ListItem\",\"position\":1,\"name\":\"Accueil\",\"item\":\"https:\/\/dicodusport.fr\/blog\/\"},{\"@type\":\"ListItem\",\"position\":2,\"name\":\"UFC 275 : Jiri Prochazka soumet Glover Teixeira et devient champion du monde des mi-lourds\"}]},{\"@type\":\"WebSite\",\"@id\":\"https:\/\/dicodusport.fr\/blog\/#website\",\"url\":\"https:\/\/dicodusport.fr\/blog\/\",\"name\":\"Dicodusport\",\"description\":\"L&#039;encyclop\u00e9die de l&#039;actualit\u00e9 sportive\",\"publisher\":{\"@id\":\"https:\/\/dicodusport.fr\/blog\/#organization\"},\"potentialAction\":[{\"@type\":\"SearchAction\",\"target\":{\"@type\":\"EntryPoint\",\"urlTemplate\":\"https:\/\/dicodusport.fr\/blog\/?s={search_term_string}\"},\"query-input\":{\"@type\":\"PropertyValueSpecification\",\"valueRequired\":true,\"valueName\":\"search_term_string\"}}],\"inLanguage\":\"fr-FR\"},{\"@type\":\"NewsMediaOrganization\",\"@id\":\"https:\/\/dicodusport.fr\/blog\/#organization\",\"name\":\"Dicodusport\",\"url\":\"https:\/\/dicodusport.fr\/blog\/\",\"logo\":{\"@type\":\"ImageObject\",\"inLanguage\":\"fr-FR\",\"@id\":\"https:\/\/dicodusport.fr\/blog\/#\/schema\/logo\/image\/\",\"url\":\"https:\/\/dicodusport.fr\/blog\/wp-content\/uploads\/2020\/06\/cropped-LOGO-DICODUSPORT-2020-SANS-FOND-SANS-TEXTE.png\",\"contentUrl\":\"https:\/\/dicodusport.fr\/blog\/wp-content\/uploads\/2020\/06\/cropped-LOGO-DICODUSPORT-2020-SANS-FOND-SANS-TEXTE.png\",\"width\":512,\"height\":512,\"caption\":\"Dicodusport\"},\"image\":{\"@id\":\"https:\/\/dicodusport.fr\/blog\/#\/schema\/logo\/image\/\"},\"sameAs\":[\"https:\/\/www.facebook.com\/dicodusport\",\"https:\/\/x.com\/dicodusport\",\"https:\/\/www.instagram.com\/dicodusport\/\",\"https:\/\/www.youtube.com\/channel\/UC7V2KZ5sd3htJivAbA4ZG3w\"],\"description\":\"Dicodusport est l'encyclop\u00e9die de l'actualit\u00e9 sportive.\",\"email\":\"bonjour@dicodusport.fr\",\"legalName\":\"DICODUSPORT\",\"foundingDate\":\"2018-01-14\",\"vatID\":\"FR71834470973\",\"taxID\":\"83447097300043\",\"numberOfEmployees\":{\"@type\":\"QuantitativeValue\",\"minValue\":\"1\",\"maxValue\":\"10\"}},{\"@type\":\"Person\",\"@id\":\"https:\/\/dicodusport.fr\/blog\/#\/schema\/person\/f3797823174b5e2975b9efe0302f16f4\",\"name\":\"Idriss Ahamada\",\"image\":{\"@type\":\"ImageObject\",\"inLanguage\":\"fr-FR\",\"@id\":\"https:\/\/dicodusport.fr\/blog\/#\/schema\/person\/image\/\",\"url\":\"https:\/\/dicodusport.fr\/blog\/wp-content\/uploads\/2021\/04\/Maillot-Idriss-Dicodusport-150x150.png\",\"contentUrl\":\"https:\/\/dicodusport.fr\/blog\/wp-content\/uploads\/2021\/04\/Maillot-Idriss-Dicodusport-150x150.png\",\"caption\":\"Idriss Ahamada\"},\"description\":\"Passionn\u00e9 de sport depuis toujours, c\u2019est tout naturellement qu\u2019apr\u00e8s avoir compris que je n\u2019avais pas le niveau pour jouer \u00e0 Manchester United, et pas la force n\u00e9cessaire pour combattre \u00e0 l\u2019UFC que je me suis tourn\u00e9 vers le journalisme pour raconter les exploits et les histoires de ceux qui en sont capables. Le football, surtout quand il est jou\u00e9 en Angleterre, reste mon premier amour. Mais j\u2019aime aussi veiller la nuit pour vous parler de KO et de victoires unanimes \u00e0 l\u2019UFC ou sur les rings de boxe. Mon c\u00f4t\u00e9 fan de Wayne Rooney m\u2019a \u00e9galement pouss\u00e9 \u00e0 devenir polyvalent et \u00e0 parler aussi de rugby (\u00e0 XIII comme \u00e0 XV) et occasionnellement de cyclisme. C\u2019est donc logiquement que j\u2019ai rejoint Dicodusport, pour pouvoir parler de l\u2019actualit\u00e9, sur tous les terrains.\",\"sameAs\":[\"https:\/\/x.com\/https:\/\/twitter.com\/idriss_ia7\"],\"url\":\"https:\/\/dicodusport.fr\/blog\/author\/idriss\/\"}]}<\/script>\n<!-- \/ Yoast SEO Premium plugin. -->","yoast_head_json":{"title":"UFC 275 : Jiri Prochazka soumet Glover Teixeira et devient champion du monde des mi-lourds","description":"UFC 275 - Au terme d'un combat monumental, Jiri Prochazka a battu Glover Teixeira pour devenir champion du monde UFC des mi-lourds","robots":{"index":"index","follow":"follow","max-snippet":"max-snippet:-1","max-image-preview":"max-image-preview:large","max-video-preview":"max-video-preview:-1"},"canonical":"https:\/\/dicodusport.fr\/blog\/ufc-275-jiri-prochazka-soumet-glover-teixeira-et-devient-champion-du-monde-des-mi-lourds\/","og_locale":"fr_FR","og_type":"article","og_title":"UFC 275 : Jiri Prochazka soumet Glover Teixeira et devient champion du monde des mi-lourds","og_description":"UFC 275 - Au terme d'un combat monumental, Jiri Prochazka a battu Glover Teixeira pour devenir champion du monde UFC des mi-lourds","og_url":"https:\/\/dicodusport.fr\/blog\/ufc-275-jiri-prochazka-soumet-glover-teixeira-et-devient-champion-du-monde-des-mi-lourds\/","og_site_name":"Dicodusport","article_publisher":"https:\/\/www.facebook.com\/dicodusport","article_published_time":"2022-06-12T06:07:34+00:00","article_modified_time":"2022-06-12T06:16:29+00:00","og_image":[{"width":800,"height":445,"url":"https:\/\/dicodusport.fr\/blog\/wp-content\/uploads\/2022\/06\/UFC-275-Jiri-Prochazka-soumet-Glover-Teixeira-et-devient-champion-du-monde-des-mi-lourds.png","type":"image\/png"}],"author":"Idriss Ahamada","twitter_card":"summary_large_image","twitter_title":"UFC 275 : Jiri Prochazka soumet Glover Teixeira et devient champion du monde des mi-lourds","twitter_creator":"@https:\/\/twitter.com\/idriss_ia7","twitter_site":"@dicodusport","schema":{"@context":"https:\/\/schema.org","@graph":[{"@type":"NewsArticle","@id":"https:\/\/dicodusport.fr\/blog\/ufc-275-jiri-prochazka-soumet-glover-teixeira-et-devient-champion-du-monde-des-mi-lourds\/#article","isPartOf":{"@id":"https:\/\/dicodusport.fr\/blog\/ufc-275-jiri-prochazka-soumet-glover-teixeira-et-devient-champion-du-monde-des-mi-lourds\/"},"author":{"name":"Idriss Ahamada","@id":"https:\/\/dicodusport.fr\/blog\/#\/schema\/person\/f3797823174b5e2975b9efe0302f16f4"},"headline":"UFC 275 : Jiri Prochazka soumet Glover Teixeira et devient champion du monde des mi-lourds","datePublished":"2022-06-12T06:07:34+00:00","dateModified":"2022-06-12T06:16:29+00:00","mainEntityOfPage":{"@id":"https:\/\/dicodusport.fr\/blog\/ufc-275-jiri-prochazka-soumet-glover-teixeira-et-devient-champion-du-monde-des-mi-lourds\/"},"wordCount":414,"commentCount":0,"publisher":{"@id":"https:\/\/dicodusport.fr\/blog\/#organization"},"image":{"@id":"https:\/\/dicodusport.fr\/blog\/ufc-275-jiri-prochazka-soumet-glover-teixeira-et-devient-champion-du-monde-des-mi-lourds\/#primaryimage"},"thumbnailUrl":"https:\/\/dicodusport.fr\/blog\/wp-content\/uploads\/2022\/06\/UFC-275-Jiri-Prochazka-soumet-Glover-Teixeira-et-devient-champion-du-monde-des-mi-lourds.png","keywords":["MMA","UFC"],"articleSection":["MMA"],"inLanguage":"fr-FR","potentialAction":[{"@type":"CommentAction","name":"Comment","target":["https:\/\/dicodusport.fr\/blog\/ufc-275-jiri-prochazka-soumet-glover-teixeira-et-devient-champion-du-monde-des-mi-lourds\/#respond"]}],"copyrightYear":"2022","copyrightHolder":{"@id":"https:\/\/dicodusport.fr\/blog\/#organization"}},{"@type":"WebPage","@id":"https:\/\/dicodusport.fr\/blog\/ufc-275-jiri-prochazka-soumet-glover-teixeira-et-devient-champion-du-monde-des-mi-lourds\/","url":"https:\/\/dicodusport.fr\/blog\/ufc-275-jiri-prochazka-soumet-glover-teixeira-et-devient-champion-du-monde-des-mi-lourds\/","name":"UFC 275 : Jiri Prochazka soumet Glover Teixeira et devient champion du monde des mi-lourds","isPartOf":{"@id":"https:\/\/dicodusport.fr\/blog\/#website"},"primaryImageOfPage":{"@id":"https:\/\/dicodusport.fr\/blog\/ufc-275-jiri-prochazka-soumet-glover-teixeira-et-devient-champion-du-monde-des-mi-lourds\/#primaryimage"},"image":{"@id":"https:\/\/dicodusport.fr\/blog\/ufc-275-jiri-prochazka-soumet-glover-teixeira-et-devient-champion-du-monde-des-mi-lourds\/#primaryimage"},"thumbnailUrl":"https:\/\/dicodusport.fr\/blog\/wp-content\/uploads\/2022\/06\/UFC-275-Jiri-Prochazka-soumet-Glover-Teixeira-et-devient-champion-du-monde-des-mi-lourds.png","datePublished":"2022-06-12T06:07:34+00:00","dateModified":"2022-06-12T06:16:29+00:00","description":"UFC 275 - Au terme d'un combat monumental, Jiri Prochazka a battu Glover Teixeira pour devenir champion du monde UFC des mi-lourds","breadcrumb":{"@id":"https:\/\/dicodusport.fr\/blog\/ufc-275-jiri-prochazka-soumet-glover-teixeira-et-devient-champion-du-monde-des-mi-lourds\/#breadcrumb"},"inLanguage":"fr-FR","potentialAction":[{"@type":"ReadAction","target":["https:\/\/dicodusport.fr\/blog\/ufc-275-jiri-prochazka-soumet-glover-teixeira-et-devient-champion-du-monde-des-mi-lourds\/"]}]},{"@type":"ImageObject","inLanguage":"fr-FR","@id":"https:\/\/dicodusport.fr\/blog\/ufc-275-jiri-prochazka-soumet-glover-teixeira-et-devient-champion-du-monde-des-mi-lourds\/#primaryimage","url":"https:\/\/dicodusport.fr\/blog\/wp-content\/uploads\/2022\/06\/UFC-275-Jiri-Prochazka-soumet-Glover-Teixeira-et-devient-champion-du-monde-des-mi-lourds.png","contentUrl":"https:\/\/dicodusport.fr\/blog\/wp-content\/uploads\/2022\/06\/UFC-275-Jiri-Prochazka-soumet-Glover-Teixeira-et-devient-champion-du-monde-des-mi-lourds.png","width":800,"height":445,"caption":"UFC 275 Jiri Prochazka soumet Glover Teixeira et devient champion du monde des mi-lourds"},{"@type":"BreadcrumbList","@id":"https:\/\/dicodusport.fr\/blog\/ufc-275-jiri-prochazka-soumet-glover-teixeira-et-devient-champion-du-monde-des-mi-lourds\/#breadcrumb","itemListElement":[{"@type":"ListItem","position":1,"name":"Accueil","item":"https:\/\/dicodusport.fr\/blog\/"},{"@type":"ListItem","position":2,"name":"UFC 275 : Jiri Prochazka soumet Glover Teixeira et devient champion du monde des mi-lourds"}]},{"@type":"WebSite","@id":"https:\/\/dicodusport.fr\/blog\/#website","url":"https:\/\/dicodusport.fr\/blog\/","name":"Dicodusport","description":"L&#039;encyclop\u00e9die de l&#039;actualit\u00e9 sportive","publisher":{"@id":"https:\/\/dicodusport.fr\/blog\/#organization"},"potentialAction":[{"@type":"SearchAction","target":{"@type":"EntryPoint","urlTemplate":"https:\/\/dicodusport.fr\/blog\/?s={search_term_string}"},"query-input":{"@type":"PropertyValueSpecification","valueRequired":true,"valueName":"search_term_string"}}],"inLanguage":"fr-FR"},{"@type":"NewsMediaOrganization","@id":"https:\/\/dicodusport.fr\/blog\/#organization","name":"Dicodusport","url":"https:\/\/dicodusport.fr\/blog\/","logo":{"@type":"ImageObject","inLanguage":"fr-FR","@id":"https:\/\/dicodusport.fr\/blog\/#\/schema\/logo\/image\/","url":"https:\/\/dicodusport.fr\/blog\/wp-content\/uploads\/2020\/06\/cropped-LOGO-DICODUSPORT-2020-SANS-FOND-SANS-TEXTE.png","contentUrl":"https:\/\/dicodusport.fr\/blog\/wp-content\/uploads\/2020\/06\/cropped-LOGO-DICODUSPORT-2020-SANS-FOND-SANS-TEXTE.png","width":512,"height":512,"caption":"Dicodusport"},"image":{"@id":"https:\/\/dicodusport.fr\/blog\/#\/schema\/logo\/image\/"},"sameAs":["https:\/\/www.facebook.com\/dicodusport","https:\/\/x.com\/dicodusport","https:\/\/www.instagram.com\/dicodusport\/","https:\/\/www.youtube.com\/channel\/UC7V2KZ5sd3htJivAbA4ZG3w"],"description":"Dicodusport est l'encyclop\u00e9die de l'actualit\u00e9 sportive.","email":"bonjour@dicodusport.fr","legalName":"DICODUSPORT","foundingDate":"2018-01-14","vatID":"FR71834470973","taxID":"83447097300043","numberOfEmployees":{"@type":"QuantitativeValue","minValue":"1","maxValue":"10"}},{"@type":"Person","@id":"https:\/\/dicodusport.fr\/blog\/#\/schema\/person\/f3797823174b5e2975b9efe0302f16f4","name":"Idriss Ahamada","image":{"@type":"ImageObject","inLanguage":"fr-FR","@id":"https:\/\/dicodusport.fr\/blog\/#\/schema\/person\/image\/","url":"https:\/\/dicodusport.fr\/blog\/wp-content\/uploads\/2021\/04\/Maillot-Idriss-Dicodusport-150x150.png","contentUrl":"https:\/\/dicodusport.fr\/blog\/wp-content\/uploads\/2021\/04\/Maillot-Idriss-Dicodusport-150x150.png","caption":"Idriss Ahamada"},"description":"Passionn\u00e9 de sport depuis toujours, c\u2019est tout naturellement qu\u2019apr\u00e8s avoir compris que je n\u2019avais pas le niveau pour jouer \u00e0 Manchester United, et pas la force n\u00e9cessaire pour combattre \u00e0 l\u2019UFC que je me suis tourn\u00e9 vers le journalisme pour raconter les exploits et les histoires de ceux qui en sont capables. Le football, surtout quand il est jou\u00e9 en Angleterre, reste mon premier amour. Mais j\u2019aime aussi veiller la nuit pour vous parler de KO et de victoires unanimes \u00e0 l\u2019UFC ou sur les rings de boxe. Mon c\u00f4t\u00e9 fan de Wayne Rooney m\u2019a \u00e9galement pouss\u00e9 \u00e0 devenir polyvalent et \u00e0 parler aussi de rugby (\u00e0 XIII comme \u00e0 XV) et occasionnellement de cyclisme. C\u2019est donc logiquement que j\u2019ai rejoint Dicodusport, pour pouvoir parler de l\u2019actualit\u00e9, sur tous les terrains.","sameAs":["https:\/\/x.com\/https:\/\/twitter.com\/idriss_ia7"],"url":"https:\/\/dicodusport.fr\/blog\/author\/idriss\/"}]}},"_links":{"self":[{"href":"https:\/\/dicodusport.fr\/blog\/wp-json\/wp\/v2\/posts\/232258","targetHints":{"allow":["GET"]}}],"collection":[{"href":"https:\/\/dicodusport.fr\/blog\/wp-json\/wp\/v2\/posts"}],"about":[{"href":"https:\/\/dicodusport.fr\/blog\/wp-json\/wp\/v2\/types\/post"}],"author":[{"embeddable":true,"href":"https:\/\/dicodusport.fr\/blog\/wp-json\/wp\/v2\/users\/39"}],"replies":[{"embeddable":true,"href":"https:\/\/dicodusport.fr\/blog\/wp-json\/wp\/v2\/comments?post=232258"}],"version-history":[{"count":0,"href":"https:\/\/dicodusport.fr\/blog\/wp-json\/wp\/v2\/posts\/232258\/revisions"}],"wp:featuredmedia":[{"embeddable":true,"href":"https:\/\/dicodusport.fr\/blog\/wp-json\/wp\/v2\/media\/232283"}],"wp:attachment":[{"href":"https:\/\/dicodusport.fr\/blog\/wp-json\/wp\/v2\/media?parent=232258"}],"wp:term":[{"taxonomy":"category","embeddable":true,"href":"https:\/\/dicodusport.fr\/blog\/wp-json\/wp\/v2\/categories?post=232258"},{"taxonomy":"post_tag","embeddable":true,"href":"https:\/\/dicodusport.fr\/blog\/wp-json\/wp\/v2\/tags?post=232258"}],"curies":[{"name":"wp","href":"https:\/\/api.w.org\/{rel}","templated":true}]}}