{"id":23228,"date":"2018-08-05T13:09:39","date_gmt":"2018-08-05T11:09:39","guid":{"rendered":"http:\/\/dicodusport.fr\/blog\/?p=23228"},"modified":"2018-08-05T13:20:22","modified_gmt":"2018-08-05T11:20:22","slug":"championnats-europe-aviron-androdias-et-boucheron-sacres-en-deux-de-couple","status":"publish","type":"post","link":"https:\/\/dicodusport.fr\/blog\/championnats-europe-aviron-androdias-et-boucheron-sacres-en-deux-de-couple\/","title":{"rendered":"Championnats d&rsquo;Europe &#8211; Aviron : Androdias et Boucheron sacr\u00e9s en deux de couple"},"content":{"rendered":"<p style=\"text-align: justify;\"><em><strong>Glasgow 2018 &#8211; Dixi\u00e8me m\u00e9daille pour la d\u00e9l\u00e9gation tricolore \u00e0 Glasgow, avec le titre de Matthieu Androdias et Hhugo Boucheron.<\/strong><\/em><\/p>\n<p style=\"text-align: justify;\">En argent \u00e0 Poznan il y a trois ans, Matthieu Androdias et Hugo Boucheron ont d\u00e9croch\u00e9 le titre europ\u00e9en devant les Roumains et les Britanniques. Hauteurs d&rsquo;un d\u00e9part canon, ils ont de nouveau acc\u00e9l\u00e9r\u00e9 dans les derniers 500m pour venir coiffer les Roumains. Les Fran\u00e7ais avaient survol\u00e9 les s\u00e9ries avant de se qualifier avec autorit\u00e9 pour la finale.<\/p>\n<p style=\"text-align: justify;\">C&rsquo;est la cinqui\u00e8me m\u00e9daille pour l&rsquo;aviron fran\u00e7ais \u00e0 Glasgow, le second titre apr\u00e8s celui acquis par H\u00e9l\u00e8ne Lefebvre et Elodie Ravera-Scaramozzino sur le deux de couple f\u00e9minin hier.<\/p>\n<p style=\"text-align: justify;\"><strong><em>Flo Ostermann<\/em><br \/>\n<\/strong><em><strong><a href=\"https:\/\/www.facebook.com\/florent.ostermann\"><img loading=\"lazy\" decoding=\"async\" class=\"alignnone wp-image-2909\" src=\"http:\/\/dicodusport.fr\/blog\/wp-content\/uploads\/2017\/07\/logo-facebook-150x150.png\" sizes=\"auto, (max-width: 40px) 100vw, 40px\" srcset=\"https:\/\/dicodusport.fr\/blog\/wp-content\/uploads\/2017\/07\/logo-facebook-150x150.png 150w, https:\/\/dicodusport.fr\/blog\/wp-content\/uploads\/2017\/07\/logo-facebook-300x300.png 300w, https:\/\/dicodusport.fr\/blog\/wp-content\/uploads\/2017\/07\/logo-facebook.png 400w\" alt=\"\" width=\"40\" height=\"40\" \/><\/a><a href=\"https:\/\/twitter.com\/SportInsideMag\"><img loading=\"lazy\" decoding=\"async\" class=\"alignnone wp-image-2908\" src=\"http:\/\/dicodusport.fr\/blog\/wp-content\/uploads\/2017\/07\/logo-twitter-150x150.png\" alt=\"\" width=\"39\" height=\"39\" \/><\/a><\/strong><\/em><\/p>\n","protected":false},"excerpt":{"rendered":"<p>Glasgow 2018 &#8211; Dixi\u00e8me m\u00e9daille pour la d\u00e9l\u00e9gation tricolore \u00e0 Glasgow, avec le titre de Matthieu Androdias et Hhugo Boucheron.<\/p>\n","protected":false},"author":4,"featured_media":23229,"comment_status":"open","ping_status":"closed","sticky":false,"template":"","format":"standard","meta":{"_acf_changed":false,"_daextam_enable_autolinks":"","footnotes":""},"categories":[2309],"tags":[739,4799],"class_list":["post-23228","post","type-post","status-publish","format-standard","has-post-thumbnail","hentry","category-aviron","tag-aviron","tag-championnats-deurope"],"acf":[],"yoast_head":"<!-- This site is optimized with the Yoast SEO Premium plugin v26.7 (Yoast SEO v26.7) - https:\/\/yoast.com\/wordpress\/plugins\/seo\/ -->\n<title>Championnats d&#039;Europe - Aviron : Androdias et Boucheron sacr\u00e9s en deux de couple<\/title>\n<meta name=\"description\" content=\"Glasgow 2018 - Dixi\u00e8me m\u00e9daille pour la d\u00e9l\u00e9gation tricolore \u00e0 Glasgow, avec le titre de Matthieu Androdias et Hhugo Boucheron.\" \/>\n<meta name=\"robots\" content=\"index, follow, max-snippet:-1, max-image-preview:large, max-video-preview:-1\" \/>\n<link rel=\"canonical\" href=\"https:\/\/dicodusport.fr\/blog\/championnats-europe-aviron-androdias-et-boucheron-sacres-en-deux-de-couple\/\" \/>\n<meta property=\"og:locale\" content=\"fr_FR\" \/>\n<meta property=\"og:type\" content=\"article\" \/>\n<meta property=\"og:title\" content=\"Championnats d&#039;Europe - Aviron : Androdias et Boucheron sacr\u00e9s en deux de couple\" \/>\n<meta property=\"og:description\" content=\"Glasgow 2018 - Dixi\u00e8me m\u00e9daille pour la d\u00e9l\u00e9gation tricolore \u00e0 Glasgow, avec le titre de Matthieu Androdias et Hhugo Boucheron.\" \/>\n<meta property=\"og:url\" content=\"https:\/\/dicodusport.fr\/blog\/championnats-europe-aviron-androdias-et-boucheron-sacres-en-deux-de-couple\/\" \/>\n<meta property=\"og:site_name\" content=\"Dicodusport\" \/>\n<meta property=\"article:publisher\" content=\"https:\/\/www.facebook.com\/dicodusport\" \/>\n<meta property=\"article:author\" content=\"https:\/\/www.facebook.com\/florent.ostermann\" \/>\n<meta property=\"article:published_time\" content=\"2018-08-05T11:09:39+00:00\" \/>\n<meta property=\"article:modified_time\" content=\"2018-08-05T11:20:22+00:00\" \/>\n<meta property=\"og:image\" content=\"https:\/\/dicodusport.fr\/blog\/wp-content\/uploads\/2018\/08\/Androdias-Boucheron.png\" \/>\n\t<meta property=\"og:image:width\" content=\"800\" \/>\n\t<meta property=\"og:image:height\" content=\"445\" \/>\n\t<meta property=\"og:image:type\" content=\"image\/png\" \/>\n<meta name=\"author\" content=\"Flo Ostermann\" \/>\n<meta name=\"twitter:card\" content=\"summary_large_image\" \/>\n<meta name=\"twitter:creator\" content=\"@https:\/\/twitter.com\/FlOstermann\" \/>\n<meta name=\"twitter:site\" content=\"@dicodusport\" \/>\n<script type=\"application\/ld+json\" class=\"yoast-schema-graph\">{\"@context\":\"https:\/\/schema.org\",\"@graph\":[{\"@type\":\"NewsArticle\",\"@id\":\"https:\/\/dicodusport.fr\/blog\/championnats-europe-aviron-androdias-et-boucheron-sacres-en-deux-de-couple\/#article\",\"isPartOf\":{\"@id\":\"https:\/\/dicodusport.fr\/blog\/championnats-europe-aviron-androdias-et-boucheron-sacres-en-deux-de-couple\/\"},\"author\":{\"name\":\"Flo Ostermann\",\"@id\":\"https:\/\/dicodusport.fr\/blog\/#\/schema\/person\/cb02af4c173ce4a653b55e9baf388d4a\"},\"headline\":\"Championnats d&rsquo;Europe &#8211; Aviron : Androdias et Boucheron sacr\u00e9s en deux de couple\",\"datePublished\":\"2018-08-05T11:09:39+00:00\",\"dateModified\":\"2018-08-05T11:20:22+00:00\",\"mainEntityOfPage\":{\"@id\":\"https:\/\/dicodusport.fr\/blog\/championnats-europe-aviron-androdias-et-boucheron-sacres-en-deux-de-couple\/\"},\"wordCount\":139,\"commentCount\":0,\"publisher\":{\"@id\":\"https:\/\/dicodusport.fr\/blog\/#organization\"},\"image\":{\"@id\":\"https:\/\/dicodusport.fr\/blog\/championnats-europe-aviron-androdias-et-boucheron-sacres-en-deux-de-couple\/#primaryimage\"},\"thumbnailUrl\":\"https:\/\/dicodusport.fr\/blog\/wp-content\/uploads\/2018\/08\/Androdias-Boucheron.png\",\"keywords\":[\"aviron\",\"Championnats d'Europe\"],\"articleSection\":[\"Aviron\"],\"inLanguage\":\"fr-FR\",\"potentialAction\":[{\"@type\":\"CommentAction\",\"name\":\"Comment\",\"target\":[\"https:\/\/dicodusport.fr\/blog\/championnats-europe-aviron-androdias-et-boucheron-sacres-en-deux-de-couple\/#respond\"]}],\"copyrightYear\":\"2018\",\"copyrightHolder\":{\"@id\":\"https:\/\/dicodusport.fr\/blog\/#organization\"}},{\"@type\":\"WebPage\",\"@id\":\"https:\/\/dicodusport.fr\/blog\/championnats-europe-aviron-androdias-et-boucheron-sacres-en-deux-de-couple\/\",\"url\":\"https:\/\/dicodusport.fr\/blog\/championnats-europe-aviron-androdias-et-boucheron-sacres-en-deux-de-couple\/\",\"name\":\"Championnats d'Europe - Aviron : Androdias et Boucheron sacr\u00e9s en deux de couple\",\"isPartOf\":{\"@id\":\"https:\/\/dicodusport.fr\/blog\/#website\"},\"primaryImageOfPage\":{\"@id\":\"https:\/\/dicodusport.fr\/blog\/championnats-europe-aviron-androdias-et-boucheron-sacres-en-deux-de-couple\/#primaryimage\"},\"image\":{\"@id\":\"https:\/\/dicodusport.fr\/blog\/championnats-europe-aviron-androdias-et-boucheron-sacres-en-deux-de-couple\/#primaryimage\"},\"thumbnailUrl\":\"https:\/\/dicodusport.fr\/blog\/wp-content\/uploads\/2018\/08\/Androdias-Boucheron.png\",\"datePublished\":\"2018-08-05T11:09:39+00:00\",\"dateModified\":\"2018-08-05T11:20:22+00:00\",\"description\":\"Glasgow 2018 - Dixi\u00e8me m\u00e9daille pour la d\u00e9l\u00e9gation tricolore \u00e0 Glasgow, avec le titre de Matthieu Androdias et Hhugo Boucheron.\",\"breadcrumb\":{\"@id\":\"https:\/\/dicodusport.fr\/blog\/championnats-europe-aviron-androdias-et-boucheron-sacres-en-deux-de-couple\/#breadcrumb\"},\"inLanguage\":\"fr-FR\",\"potentialAction\":[{\"@type\":\"ReadAction\",\"target\":[\"https:\/\/dicodusport.fr\/blog\/championnats-europe-aviron-androdias-et-boucheron-sacres-en-deux-de-couple\/\"]}]},{\"@type\":\"ImageObject\",\"inLanguage\":\"fr-FR\",\"@id\":\"https:\/\/dicodusport.fr\/blog\/championnats-europe-aviron-androdias-et-boucheron-sacres-en-deux-de-couple\/#primaryimage\",\"url\":\"https:\/\/dicodusport.fr\/blog\/wp-content\/uploads\/2018\/08\/Androdias-Boucheron.png\",\"contentUrl\":\"https:\/\/dicodusport.fr\/blog\/wp-content\/uploads\/2018\/08\/Androdias-Boucheron.png\",\"width\":800,\"height\":445},{\"@type\":\"BreadcrumbList\",\"@id\":\"https:\/\/dicodusport.fr\/blog\/championnats-europe-aviron-androdias-et-boucheron-sacres-en-deux-de-couple\/#breadcrumb\",\"itemListElement\":[{\"@type\":\"ListItem\",\"position\":1,\"name\":\"Accueil\",\"item\":\"https:\/\/dicodusport.fr\/blog\/\"},{\"@type\":\"ListItem\",\"position\":2,\"name\":\"Championnats d&rsquo;Europe &#8211; Aviron : Androdias et Boucheron sacr\u00e9s en deux de couple\"}]},{\"@type\":\"WebSite\",\"@id\":\"https:\/\/dicodusport.fr\/blog\/#website\",\"url\":\"https:\/\/dicodusport.fr\/blog\/\",\"name\":\"Dicodusport\",\"description\":\"L&#039;encyclop\u00e9die de l&#039;actualit\u00e9 sportive\",\"publisher\":{\"@id\":\"https:\/\/dicodusport.fr\/blog\/#organization\"},\"potentialAction\":[{\"@type\":\"SearchAction\",\"target\":{\"@type\":\"EntryPoint\",\"urlTemplate\":\"https:\/\/dicodusport.fr\/blog\/?s={search_term_string}\"},\"query-input\":{\"@type\":\"PropertyValueSpecification\",\"valueRequired\":true,\"valueName\":\"search_term_string\"}}],\"inLanguage\":\"fr-FR\"},{\"@type\":\"NewsMediaOrganization\",\"@id\":\"https:\/\/dicodusport.fr\/blog\/#organization\",\"name\":\"Dicodusport\",\"url\":\"https:\/\/dicodusport.fr\/blog\/\",\"logo\":{\"@type\":\"ImageObject\",\"inLanguage\":\"fr-FR\",\"@id\":\"https:\/\/dicodusport.fr\/blog\/#\/schema\/logo\/image\/\",\"url\":\"https:\/\/dicodusport.fr\/blog\/wp-content\/uploads\/2020\/06\/cropped-LOGO-DICODUSPORT-2020-SANS-FOND-SANS-TEXTE.png\",\"contentUrl\":\"https:\/\/dicodusport.fr\/blog\/wp-content\/uploads\/2020\/06\/cropped-LOGO-DICODUSPORT-2020-SANS-FOND-SANS-TEXTE.png\",\"width\":512,\"height\":512,\"caption\":\"Dicodusport\"},\"image\":{\"@id\":\"https:\/\/dicodusport.fr\/blog\/#\/schema\/logo\/image\/\"},\"sameAs\":[\"https:\/\/www.facebook.com\/dicodusport\",\"https:\/\/x.com\/dicodusport\",\"https:\/\/www.instagram.com\/dicodusport\/\",\"https:\/\/www.youtube.com\/channel\/UC7V2KZ5sd3htJivAbA4ZG3w\"],\"description\":\"Dicodusport est l'encyclop\u00e9die de l'actualit\u00e9 sportive.\",\"email\":\"bonjour@dicodusport.fr\",\"legalName\":\"DICODUSPORT\",\"foundingDate\":\"2018-01-14\",\"vatID\":\"FR71834470973\",\"taxID\":\"83447097300043\",\"numberOfEmployees\":{\"@type\":\"QuantitativeValue\",\"minValue\":\"1\",\"maxValue\":\"10\"}},{\"@type\":\"Person\",\"@id\":\"https:\/\/dicodusport.fr\/blog\/#\/schema\/person\/cb02af4c173ce4a653b55e9baf388d4a\",\"name\":\"Flo Ostermann\",\"image\":{\"@type\":\"ImageObject\",\"inLanguage\":\"fr-FR\",\"@id\":\"https:\/\/dicodusport.fr\/blog\/#\/schema\/person\/image\/\",\"url\":\"https:\/\/dicodusport.fr\/blog\/wp-content\/uploads\/2021\/05\/Flo-Ostermann-150x150.jpg\",\"contentUrl\":\"https:\/\/dicodusport.fr\/blog\/wp-content\/uploads\/2021\/05\/Flo-Ostermann-150x150.jpg\",\"caption\":\"Flo Ostermann\"},\"description\":\"Journaliste\/R\u00e9dacteur depuis septembre 2015 - Mes premiers souvenirs dans le sport ? Les envol\u00e9es du Stade Toulousain et les duels Villeneuve-Schumacher et H\u00e4kkinen-Schumacher \u00e0 la fin des ann\u00e9es 90, la Coupe du monde de football en 1998, l\u2019exploit du XV de France face aux All Blacks en 1999, mais aussi Richard C\u0153ur de Lion qui vole sur les montagnes du Tour de France. Bien parti pour devenir professeur d\u2019EPS, les \u00e9v\u00e9nements de la vie (et la flemme d\u2019animer des s\u00e9ances de 3x500 m\u00e8tres toute ma vie) m\u2019ont conduit \u00e0 revoir mes plans. Me voil\u00e0 depuis fin 2017 sur Dicodusport, m\u00e9dia gr\u00e2ce (et pour) lequel je partage ma passion : le sport dans tous ses \u00e9tats. Le tout accompagn\u00e9 par les fous furieux et folles furieuses cit\u00e9s sur cette page !\",\"sameAs\":[\"https:\/\/www.facebook.com\/florent.ostermann\",\"https:\/\/x.com\/https:\/\/twitter.com\/FlOstermann\",\"admin\"],\"url\":\"https:\/\/dicodusport.fr\/blog\/author\/flo\/\"}]}<\/script>\n<!-- \/ Yoast SEO Premium plugin. -->","yoast_head_json":{"title":"Championnats d'Europe - Aviron : Androdias et Boucheron sacr\u00e9s en deux de couple","description":"Glasgow 2018 - Dixi\u00e8me m\u00e9daille pour la d\u00e9l\u00e9gation tricolore \u00e0 Glasgow, avec le titre de Matthieu Androdias et Hhugo Boucheron.","robots":{"index":"index","follow":"follow","max-snippet":"max-snippet:-1","max-image-preview":"max-image-preview:large","max-video-preview":"max-video-preview:-1"},"canonical":"https:\/\/dicodusport.fr\/blog\/championnats-europe-aviron-androdias-et-boucheron-sacres-en-deux-de-couple\/","og_locale":"fr_FR","og_type":"article","og_title":"Championnats d'Europe - Aviron : Androdias et Boucheron sacr\u00e9s en deux de couple","og_description":"Glasgow 2018 - Dixi\u00e8me m\u00e9daille pour la d\u00e9l\u00e9gation tricolore \u00e0 Glasgow, avec le titre de Matthieu Androdias et Hhugo Boucheron.","og_url":"https:\/\/dicodusport.fr\/blog\/championnats-europe-aviron-androdias-et-boucheron-sacres-en-deux-de-couple\/","og_site_name":"Dicodusport","article_publisher":"https:\/\/www.facebook.com\/dicodusport","article_author":"https:\/\/www.facebook.com\/florent.ostermann","article_published_time":"2018-08-05T11:09:39+00:00","article_modified_time":"2018-08-05T11:20:22+00:00","og_image":[{"width":800,"height":445,"url":"https:\/\/dicodusport.fr\/blog\/wp-content\/uploads\/2018\/08\/Androdias-Boucheron.png","type":"image\/png"}],"author":"Flo Ostermann","twitter_card":"summary_large_image","twitter_creator":"@https:\/\/twitter.com\/FlOstermann","twitter_site":"@dicodusport","schema":{"@context":"https:\/\/schema.org","@graph":[{"@type":"NewsArticle","@id":"https:\/\/dicodusport.fr\/blog\/championnats-europe-aviron-androdias-et-boucheron-sacres-en-deux-de-couple\/#article","isPartOf":{"@id":"https:\/\/dicodusport.fr\/blog\/championnats-europe-aviron-androdias-et-boucheron-sacres-en-deux-de-couple\/"},"author":{"name":"Flo Ostermann","@id":"https:\/\/dicodusport.fr\/blog\/#\/schema\/person\/cb02af4c173ce4a653b55e9baf388d4a"},"headline":"Championnats d&rsquo;Europe &#8211; Aviron : Androdias et Boucheron sacr\u00e9s en deux de couple","datePublished":"2018-08-05T11:09:39+00:00","dateModified":"2018-08-05T11:20:22+00:00","mainEntityOfPage":{"@id":"https:\/\/dicodusport.fr\/blog\/championnats-europe-aviron-androdias-et-boucheron-sacres-en-deux-de-couple\/"},"wordCount":139,"commentCount":0,"publisher":{"@id":"https:\/\/dicodusport.fr\/blog\/#organization"},"image":{"@id":"https:\/\/dicodusport.fr\/blog\/championnats-europe-aviron-androdias-et-boucheron-sacres-en-deux-de-couple\/#primaryimage"},"thumbnailUrl":"https:\/\/dicodusport.fr\/blog\/wp-content\/uploads\/2018\/08\/Androdias-Boucheron.png","keywords":["aviron","Championnats d'Europe"],"articleSection":["Aviron"],"inLanguage":"fr-FR","potentialAction":[{"@type":"CommentAction","name":"Comment","target":["https:\/\/dicodusport.fr\/blog\/championnats-europe-aviron-androdias-et-boucheron-sacres-en-deux-de-couple\/#respond"]}],"copyrightYear":"2018","copyrightHolder":{"@id":"https:\/\/dicodusport.fr\/blog\/#organization"}},{"@type":"WebPage","@id":"https:\/\/dicodusport.fr\/blog\/championnats-europe-aviron-androdias-et-boucheron-sacres-en-deux-de-couple\/","url":"https:\/\/dicodusport.fr\/blog\/championnats-europe-aviron-androdias-et-boucheron-sacres-en-deux-de-couple\/","name":"Championnats d'Europe - Aviron : Androdias et Boucheron sacr\u00e9s en deux de couple","isPartOf":{"@id":"https:\/\/dicodusport.fr\/blog\/#website"},"primaryImageOfPage":{"@id":"https:\/\/dicodusport.fr\/blog\/championnats-europe-aviron-androdias-et-boucheron-sacres-en-deux-de-couple\/#primaryimage"},"image":{"@id":"https:\/\/dicodusport.fr\/blog\/championnats-europe-aviron-androdias-et-boucheron-sacres-en-deux-de-couple\/#primaryimage"},"thumbnailUrl":"https:\/\/dicodusport.fr\/blog\/wp-content\/uploads\/2018\/08\/Androdias-Boucheron.png","datePublished":"2018-08-05T11:09:39+00:00","dateModified":"2018-08-05T11:20:22+00:00","description":"Glasgow 2018 - Dixi\u00e8me m\u00e9daille pour la d\u00e9l\u00e9gation tricolore \u00e0 Glasgow, avec le titre de Matthieu Androdias et Hhugo Boucheron.","breadcrumb":{"@id":"https:\/\/dicodusport.fr\/blog\/championnats-europe-aviron-androdias-et-boucheron-sacres-en-deux-de-couple\/#breadcrumb"},"inLanguage":"fr-FR","potentialAction":[{"@type":"ReadAction","target":["https:\/\/dicodusport.fr\/blog\/championnats-europe-aviron-androdias-et-boucheron-sacres-en-deux-de-couple\/"]}]},{"@type":"ImageObject","inLanguage":"fr-FR","@id":"https:\/\/dicodusport.fr\/blog\/championnats-europe-aviron-androdias-et-boucheron-sacres-en-deux-de-couple\/#primaryimage","url":"https:\/\/dicodusport.fr\/blog\/wp-content\/uploads\/2018\/08\/Androdias-Boucheron.png","contentUrl":"https:\/\/dicodusport.fr\/blog\/wp-content\/uploads\/2018\/08\/Androdias-Boucheron.png","width":800,"height":445},{"@type":"BreadcrumbList","@id":"https:\/\/dicodusport.fr\/blog\/championnats-europe-aviron-androdias-et-boucheron-sacres-en-deux-de-couple\/#breadcrumb","itemListElement":[{"@type":"ListItem","position":1,"name":"Accueil","item":"https:\/\/dicodusport.fr\/blog\/"},{"@type":"ListItem","position":2,"name":"Championnats d&rsquo;Europe &#8211; Aviron : Androdias et Boucheron sacr\u00e9s en deux de couple"}]},{"@type":"WebSite","@id":"https:\/\/dicodusport.fr\/blog\/#website","url":"https:\/\/dicodusport.fr\/blog\/","name":"Dicodusport","description":"L&#039;encyclop\u00e9die de l&#039;actualit\u00e9 sportive","publisher":{"@id":"https:\/\/dicodusport.fr\/blog\/#organization"},"potentialAction":[{"@type":"SearchAction","target":{"@type":"EntryPoint","urlTemplate":"https:\/\/dicodusport.fr\/blog\/?s={search_term_string}"},"query-input":{"@type":"PropertyValueSpecification","valueRequired":true,"valueName":"search_term_string"}}],"inLanguage":"fr-FR"},{"@type":"NewsMediaOrganization","@id":"https:\/\/dicodusport.fr\/blog\/#organization","name":"Dicodusport","url":"https:\/\/dicodusport.fr\/blog\/","logo":{"@type":"ImageObject","inLanguage":"fr-FR","@id":"https:\/\/dicodusport.fr\/blog\/#\/schema\/logo\/image\/","url":"https:\/\/dicodusport.fr\/blog\/wp-content\/uploads\/2020\/06\/cropped-LOGO-DICODUSPORT-2020-SANS-FOND-SANS-TEXTE.png","contentUrl":"https:\/\/dicodusport.fr\/blog\/wp-content\/uploads\/2020\/06\/cropped-LOGO-DICODUSPORT-2020-SANS-FOND-SANS-TEXTE.png","width":512,"height":512,"caption":"Dicodusport"},"image":{"@id":"https:\/\/dicodusport.fr\/blog\/#\/schema\/logo\/image\/"},"sameAs":["https:\/\/www.facebook.com\/dicodusport","https:\/\/x.com\/dicodusport","https:\/\/www.instagram.com\/dicodusport\/","https:\/\/www.youtube.com\/channel\/UC7V2KZ5sd3htJivAbA4ZG3w"],"description":"Dicodusport est l'encyclop\u00e9die de l'actualit\u00e9 sportive.","email":"bonjour@dicodusport.fr","legalName":"DICODUSPORT","foundingDate":"2018-01-14","vatID":"FR71834470973","taxID":"83447097300043","numberOfEmployees":{"@type":"QuantitativeValue","minValue":"1","maxValue":"10"}},{"@type":"Person","@id":"https:\/\/dicodusport.fr\/blog\/#\/schema\/person\/cb02af4c173ce4a653b55e9baf388d4a","name":"Flo Ostermann","image":{"@type":"ImageObject","inLanguage":"fr-FR","@id":"https:\/\/dicodusport.fr\/blog\/#\/schema\/person\/image\/","url":"https:\/\/dicodusport.fr\/blog\/wp-content\/uploads\/2021\/05\/Flo-Ostermann-150x150.jpg","contentUrl":"https:\/\/dicodusport.fr\/blog\/wp-content\/uploads\/2021\/05\/Flo-Ostermann-150x150.jpg","caption":"Flo Ostermann"},"description":"Journaliste\/R\u00e9dacteur depuis septembre 2015 - Mes premiers souvenirs dans le sport ? Les envol\u00e9es du Stade Toulousain et les duels Villeneuve-Schumacher et H\u00e4kkinen-Schumacher \u00e0 la fin des ann\u00e9es 90, la Coupe du monde de football en 1998, l\u2019exploit du XV de France face aux All Blacks en 1999, mais aussi Richard C\u0153ur de Lion qui vole sur les montagnes du Tour de France. Bien parti pour devenir professeur d\u2019EPS, les \u00e9v\u00e9nements de la vie (et la flemme d\u2019animer des s\u00e9ances de 3x500 m\u00e8tres toute ma vie) m\u2019ont conduit \u00e0 revoir mes plans. Me voil\u00e0 depuis fin 2017 sur Dicodusport, m\u00e9dia gr\u00e2ce (et pour) lequel je partage ma passion : le sport dans tous ses \u00e9tats. Le tout accompagn\u00e9 par les fous furieux et folles furieuses cit\u00e9s sur cette page !","sameAs":["https:\/\/www.facebook.com\/florent.ostermann","https:\/\/x.com\/https:\/\/twitter.com\/FlOstermann","admin"],"url":"https:\/\/dicodusport.fr\/blog\/author\/flo\/"}]}},"_links":{"self":[{"href":"https:\/\/dicodusport.fr\/blog\/wp-json\/wp\/v2\/posts\/23228","targetHints":{"allow":["GET"]}}],"collection":[{"href":"https:\/\/dicodusport.fr\/blog\/wp-json\/wp\/v2\/posts"}],"about":[{"href":"https:\/\/dicodusport.fr\/blog\/wp-json\/wp\/v2\/types\/post"}],"author":[{"embeddable":true,"href":"https:\/\/dicodusport.fr\/blog\/wp-json\/wp\/v2\/users\/4"}],"replies":[{"embeddable":true,"href":"https:\/\/dicodusport.fr\/blog\/wp-json\/wp\/v2\/comments?post=23228"}],"version-history":[{"count":0,"href":"https:\/\/dicodusport.fr\/blog\/wp-json\/wp\/v2\/posts\/23228\/revisions"}],"wp:featuredmedia":[{"embeddable":true,"href":"https:\/\/dicodusport.fr\/blog\/wp-json\/wp\/v2\/media\/23229"}],"wp:attachment":[{"href":"https:\/\/dicodusport.fr\/blog\/wp-json\/wp\/v2\/media?parent=23228"}],"wp:term":[{"taxonomy":"category","embeddable":true,"href":"https:\/\/dicodusport.fr\/blog\/wp-json\/wp\/v2\/categories?post=23228"},{"taxonomy":"post_tag","embeddable":true,"href":"https:\/\/dicodusport.fr\/blog\/wp-json\/wp\/v2\/tags?post=23228"}],"curies":[{"name":"wp","href":"https:\/\/api.w.org\/{rel}","templated":true}]}}