{"id":232363,"date":"2022-06-19T16:19:10","date_gmt":"2022-06-19T14:19:10","guid":{"rendered":"https:\/\/dicodusport.fr\/blog\/?p=232363&#038;preview=true&#038;preview_id=232363"},"modified":"2022-07-14T18:42:45","modified_gmt":"2022-07-14T16:42:45","slug":"tour-de-suisse-2022-classement-general","status":"publish","type":"post","link":"https:\/\/dicodusport.fr\/blog\/tour-de-suisse-2022-classement-general\/","title":{"rendered":"Tour de Suisse 2022 &#8211; Classement g\u00e9n\u00e9ral"},"content":{"rendered":"<p style=\"text-align: justify;\"><em><strong><a href=\"https:\/\/dicodusport.fr\/blog\/actualites\/cyclisme\/cyclisme-sur-route-2022\/\">CYCLISME SUR ROUTE 2022<\/a> &#8211; D\u00e9couvrez le classement g\u00e9n\u00e9ral (top 20) du <a href=\"https:\/\/dicodusport.fr\/blog\/tour-de-suisse-2022-le-profil-des-etapes\/\">Tour de Suisse 2022<\/a>, qui se d\u00e9roule du 12 au 19 juin 2022.<\/strong><\/em><\/p>\n<p style=\"text-align: justify;\"><strong><span style=\"font-size: 14px;\"><em>Classement g\u00e9n\u00e9ral mis \u00e0 jour \u00e0 l&rsquo;issue de la 8\u00e8me \u00e9tape.<\/em><\/span><\/strong><\/p>\n<div class=\"su-table su-table-alternate\">\n<table style=\"width: 800px;border-collapse: collapse\" border=\"1\">\n<tbody>\n<tr style=\"height: 24px\">\n<td style=\"border-color: #ebebeb;height: 24px;text-align: center;width: 80px;vertical-align: middle\">&#x1f3c6;<\/td>\n<td style=\"border-color: #ebebeb;height: 24px;text-align: center;width: 500px;vertical-align: middle\"><span style=\"font-size: 0.9em\"><strong>COUREURS<\/strong><\/span><\/td>\n<td style=\"border-color: #ebebeb;height: 24px;text-align: center;width: 220px;vertical-align: middle\"><span style=\"font-size: 0.9em\"><strong>TEMPS \/ \u00c9CART<\/strong><\/span><\/td>\n<\/tr>\n<tr>\n<td style=\"border-color: #ebebeb;text-align: center;width: 80px;vertical-align: middle\"><span style=\"font-size: 0.9em\">1.<\/span><\/td>\n<td style=\"border-color: #ebebeb;height: 24px;text-align: center;width: 500px;vertical-align: middle\"><strong style=\"font-size: 14.4px\">&#x1f1ec;&#x1f1e7; GERAINT THOMAS<\/strong><br style=\"font-size: 14.4px\" \/><span style=\"font-size: 0.8em\">INEOS GRENADIERS<\/span><\/td>\n<td style=\"border-color: #ebebeb;text-align: center;width: 220px;vertical-align: middle\"><span style=\"font-size: 0.9em\"><strong>33h07m09s<\/strong><\/span><\/td>\n<\/tr>\n<tr style=\"height: 24px\">\n<td style=\"border-color: #ebebeb;height: 24px;text-align: center;width: 80px;vertical-align: middle\"><span style=\"font-size: 0.9em\">2.<\/span><\/td>\n<td style=\"border-color: #ebebeb;height: 24px;text-align: center;width: 500px;vertical-align: middle\"><span style=\"font-size: 0.9em\"><strong>&#x1f1e8;&#x1f1f4; SERGIO HIGUITA<\/strong><br \/>\n<span style=\"font-size: 0.8em\">BORA &#8211; HANSGROHE<\/span><\/span><\/td>\n<td style=\"border-color: #ebebeb;text-align: center;width: 220px;vertical-align: middle\"><span style=\"font-size: 0.9em\"><strong>\u00e0 1m12s<\/strong><\/span><\/td>\n<\/tr>\n<tr>\n<td style=\"border-color: #ebebeb;text-align: center;width: 80px;vertical-align: middle\"><span style=\"font-size: 0.9em\">3.<\/span><\/td>\n<td style=\"border-color: #ebebeb;height: 24px;text-align: center;width: 500px;vertical-align: middle\"><span style=\"font-size: 0.9em\"><strong>&#x1f1e9;&#x1f1f0; JAKOB FUGLSANG<\/strong><br \/>\n<span style=\"font-size: 0.8em\">ISRAEL &#8211; PREMIER TECH<\/span><\/span><\/td>\n<td style=\"border-color: #ebebeb;text-align: center;width: 220px;vertical-align: middle\"><span style=\"font-size: 0.9em\"><strong>\u00e0 1m16s<\/strong><\/span><\/td>\n<\/tr>\n<tr>\n<td style=\"border-color: #ebebeb;text-align: center;width: 80px;vertical-align: middle\"><span style=\"font-size: 0.9em\">4.<\/span><\/td>\n<td style=\"border-color: #ebebeb;height: 24px;text-align: center;width: 500px;vertical-align: middle\"><strong style=\"font-size: 14.4px\">&#x1f1fa;&#x1f1f8; NEILSON POWLESS<\/strong><br style=\"font-size: 14.4px\" \/><span style=\"font-size: 0.8em\">EF EDUCATION &#8211; EASYPOST<\/span><\/td>\n<td style=\"border-color: #ebebeb;text-align: center;width: 220px;vertical-align: middle\"><span style=\"font-size: 0.9em\"><strong>\u00e0 2m10s<\/strong><\/span><\/td>\n<\/tr>\n<tr>\n<td style=\"border-color: #ebebeb;text-align: center;width: 80px;vertical-align: middle\"><span style=\"font-size: 0.9em\">5.<\/span><\/td>\n<td style=\"border-color: #ebebeb;height: 24px;text-align: center;width: 500px;vertical-align: middle\"><strong style=\"font-size: 14.4px\">&#x1f1e8;&#x1f1ed; STEFAN K\u00dcNG<\/strong><br style=\"font-size: 14.4px\" \/><span style=\"font-size: 0.8em\">GROUPAMA &#8211; FDJ<\/span><\/td>\n<td style=\"border-color: #ebebeb;text-align: center;width: 220px;vertical-align: middle\"><span style=\"font-size: 0.9em\"><strong>\u00e0 2m25s<\/strong><\/span><\/td>\n<\/tr>\n<tr>\n<td style=\"border-color: #ebebeb;text-align: center;width: 80px;vertical-align: middle\"><span style=\"font-size: 0.9em\">6.<\/span><\/td>\n<td style=\"border-color: #ebebeb;height: 24px;text-align: center;width: 500px;vertical-align: middle\"><span style=\"font-size: 0.9em\"><strong>&#x1f1f1;&#x1f1fa; BOB JUNGELS<\/strong><br \/>\n<span style=\"font-size: 0.8em\">AG2R CITRO\u00cbN<\/span><\/span><\/td>\n<td style=\"border-color: #ebebeb;text-align: center;width: 220px;vertical-align: middle\"><span style=\"font-size: 0.9em\"><strong>\u00e0 2m59s<\/strong><\/span><\/td>\n<\/tr>\n<tr>\n<td style=\"border-color: #ebebeb;text-align: center;width: 80px;vertical-align: middle\"><span style=\"font-size: 0.9em\">7.<\/span><\/td>\n<td style=\"border-color: #ebebeb;height: 24px;text-align: center;width: 500px;vertical-align: middle\"><span style=\"font-size: 0.9em\"><strong>&#x1f1e6;&#x1f1f9; FELIX GROSSSCHARTNER<\/strong><br \/>\n<span style=\"font-size: 0.8em\">BORA &#8211; HANSGROHE<\/span><\/span><\/td>\n<td style=\"border-color: #ebebeb;text-align: center;width: 220px;vertical-align: middle\"><span style=\"font-size: 0.9em\"><strong>\u00e0 3m37s<\/strong><\/span><\/td>\n<\/tr>\n<tr>\n<td style=\"border-color: #ebebeb;text-align: center;width: 80px;vertical-align: middle\"><span style=\"font-size: 0.9em\">8.<\/span><\/td>\n<td style=\"border-color: #ebebeb;height: 24px;text-align: center;width: 500px;vertical-align: middle\"><span style=\"font-size: 0.9em\"><strong>&#x1f1e8;&#x1f1f4; DANIEL MARTINEZ<\/strong><br \/>\n<span style=\"font-size: 0.8em\">INEOS GRENADIERS<\/span><\/span><\/td>\n<td style=\"border-color: #ebebeb;text-align: center;width: 220px;vertical-align: middle\"><span style=\"font-size: 0.9em\"><strong>\u00e0 3m39s<\/strong><\/span><\/td>\n<\/tr>\n<tr>\n<td style=\"border-color: #ebebeb;text-align: center;width: 80px;vertical-align: middle\"><span style=\"font-size: 0.9em\">9.<\/span><\/td>\n<td style=\"border-color: #ebebeb;height: 24px;text-align: center;width: 500px;vertical-align: middle\"><span style=\"font-size: 0.9em\"><strong style=\"font-size: 14.4px\"><strong>&#x1f1ee;&#x1f1f9;<\/strong> DOMENICO POZZOVIVO<\/strong><br style=\"font-size: 14.4px\" \/><span style=\"font-size: 0.8em\">INTERMARCH\u00c9 &#8211; WANTY-GOBERT MAT\u00c9RIAUX<\/span><\/span><\/td>\n<td style=\"border-color: #ebebeb;text-align: center;width: 220px;vertical-align: middle\"><span style=\"font-size: 0.9em\"><strong>\u00e0 3m42s<\/strong><\/span><\/td>\n<\/tr>\n<tr style=\"height: 24px\">\n<td style=\"border-color: #ebebeb;height: 24px;text-align: center;width: 80px;vertical-align: middle\"><span style=\"font-size: 0.9em\">10.<\/span><\/td>\n<td style=\"border-color: #ebebeb;height: 24px;text-align: center;width: 500px;vertical-align: middle\"><span style=\"font-size: 0.9em\"><strong>&#x1f1e9;&#x1f1ea; MAXIMILIAN SCHACHMANN<\/strong><br \/>\n<span style=\"font-size: 0.8em\">BORA &#8211; HANSGROHE<\/span><\/span><\/td>\n<td style=\"border-color: #ebebeb;text-align: center;width: 220px;vertical-align: middle\"><span style=\"font-size: 0.9em\"><strong>\u00e0 3m45s<\/strong><\/span><\/td>\n<\/tr>\n<tr>\n<td style=\"border-color: #ebebeb;text-align: center;width: 80px;vertical-align: middle\"><span style=\"font-size: 0.9em\">11.<\/span><\/td>\n<td style=\"border-color: #ebebeb;height: 24px;text-align: center;width: 500px;vertical-align: middle\"><strong style=\"font-size: 14.4px\"><span style=\"font-size: 0.9em\"><strong>&#x1f1e7;&#x1f1ea; <\/strong><\/span>REMCO EVENEPOEL<\/strong><br style=\"font-size: 14.4px\" \/><span style=\"font-size: 0.9em\"><span style=\"font-size: 0.8em\">QUICK-STEP ALPHA VINYL TEAM<\/span><\/span><\/td>\n<td style=\"border-color: #ebebeb;text-align: center;width: 220px;vertical-align: middle\"><span style=\"font-size: 0.9em\"><strong>\u00e0 4m04s<\/strong><\/span><\/td>\n<\/tr>\n<tr style=\"height: 24px\">\n<td style=\"border-color: #ebebeb;height: 24px;text-align: center;width: 80px;vertical-align: middle\"><span style=\"font-size: 0.9em\">12.<\/span><\/td>\n<td style=\"border-color: #ebebeb;height: 24px;text-align: center;width: 500px;vertical-align: middle\"><strong style=\"font-size: 14.4px\">&#x1f1e8;&#x1f1ed; SEBASTIEN REICHENBACH<\/strong><br style=\"font-size: 14.4px\" \/><span style=\"font-size: 0.8em\">GROUPAMA &#8211; FDJ<\/span><\/td>\n<td style=\"border-color: #ebebeb;text-align: center;width: 220px;vertical-align: middle\"><span style=\"font-size: 0.9em\"><strong>\u00e0 4m10s<\/strong><\/span><\/td>\n<\/tr>\n<tr>\n<td style=\"border-color: #ebebeb;text-align: center;width: 80px;vertical-align: middle\"><span style=\"font-size: 0.9em\">13.<\/span><\/td>\n<td style=\"border-color: #ebebeb;height: 24px;text-align: center;width: 500px;vertical-align: middle\"><strong style=\"font-size: 0.9em\">&#x1f1f3;&#x1f1f4; ANDREAS LEKNESSUND<\/strong><br \/>\n<span style=\"font-size: 0.9em\"><span style=\"font-size: 0.8em\">TEAM DSM<\/span><\/span><\/td>\n<td style=\"border-color: #ebebeb;text-align: center;width: 220px;vertical-align: middle\"><span style=\"font-size: 0.9em\"><strong>\u00e0 4m26s<\/strong><\/span><\/td>\n<\/tr>\n<tr>\n<td style=\"border-color: #ebebeb;text-align: center;width: 80px;vertical-align: middle\"><span style=\"font-size: 0.9em\">14.<\/span><\/td>\n<td style=\"border-color: #ebebeb;height: 24px;text-align: center;width: 500px;vertical-align: middle\"><strong style=\"font-size: 0.9em\">&#x1f1eb;&#x1f1f7; THIBAUT PINOT<\/strong><br style=\"font-size: 14.4px\" \/><span style=\"font-size: 0.8em\">GROUPAMA &#8211; FDJ<\/span><\/td>\n<td style=\"border-color: #ebebeb;text-align: center;width: 220px;vertical-align: middle\"><span style=\"font-size: 0.9em\"><strong>\u00e0 6m49s<\/strong><\/span><\/td>\n<\/tr>\n<tr>\n<td style=\"border-color: #ebebeb;text-align: center;width: 80px;vertical-align: middle\"><span style=\"font-size: 0.9em\">15.<\/span><\/td>\n<td style=\"border-color: #ebebeb;height: 24px;text-align: center;width: 500px;vertical-align: middle\"><span style=\"font-size: 0.9em\"><strong>&#x1f1e8;&#x1f1e6; HUGO HOULE<\/strong><br \/>\n<span style=\"font-size: 0.8em\">ISRAEL &#8211; PREMIER TECH<\/span><\/span><\/td>\n<td style=\"border-color: #ebebeb;text-align: center;width: 220px;vertical-align: middle\"><span style=\"font-size: 0.9em\"><strong>\u00e0 6m57s<\/strong><\/span><\/td>\n<\/tr>\n<tr>\n<td style=\"border-color: #ebebeb;text-align: center;width: 80px;vertical-align: middle\"><span style=\"font-size: 0.9em\">16.<\/span><\/td>\n<td style=\"border-color: #ebebeb;height: 24px;text-align: center;width: 500px;vertical-align: middle\"><strong style=\"font-size: 14.4px\">&#x1f1e9;&#x1f1f0; ANDREAS KRON<br \/>\n<\/strong><span style=\"font-size: 0.9em\"><span style=\"font-size: 0.8em\">LOTTO SOUDAL<\/span><\/span><\/td>\n<td style=\"border-color: #ebebeb;text-align: center;width: 220px;vertical-align: middle\"><span style=\"font-size: 0.9em\"><strong>\u00e0 7m07s<\/strong><\/span><\/td>\n<\/tr>\n<tr>\n<td style=\"border-color: #ebebeb;text-align: center;width: 80px;vertical-align: middle\"><span style=\"font-size: 0.9em\">17.<\/span><\/td>\n<td style=\"border-color: #ebebeb;height: 24px;text-align: center;width: 500px;vertical-align: middle\"><span style=\"font-size: 0.9em\"><strong>&#x1f1eb;&#x1f1f7; MATHIEU BURGAUDEAU<br \/>\n<\/strong><span style=\"font-size: 0.8em\">TOTALENERGIES<\/span><\/span><\/td>\n<td style=\"border-color: #ebebeb;text-align: center;width: 220px;vertical-align: middle\"><span style=\"font-size: 0.9em\"><strong>\u00e0 8m37s<\/strong><\/span><\/td>\n<\/tr>\n<tr>\n<td style=\"border-color: #ebebeb;text-align: center;width: 80px;vertical-align: middle\"><span style=\"font-size: 0.9em\">18.<\/span><\/td>\n<td style=\"border-color: #ebebeb;height: 24px;text-align: center;width: 500px;vertical-align: middle\"><span style=\"font-size: 0.9em\"><strong>&#x1f1ea;&#x1f1f8; ANTONIO PEDRERO<br \/>\n<\/strong><\/span><span style=\"font-size: 0.8em\">MOVISTAR<\/span><\/td>\n<td style=\"border-color: #ebebeb;text-align: center;width: 220px;vertical-align: middle\"><span style=\"font-size: 0.9em\"><strong>\u00e0 9m57s<\/strong><\/span><\/td>\n<\/tr>\n<tr>\n<td style=\"border-color: #ebebeb;text-align: center;width: 80px;vertical-align: middle\"><span style=\"font-size: 0.9em\">19.<\/span><\/td>\n<td style=\"border-color: #ebebeb;height: 24px;text-align: center;width: 500px;vertical-align: middle\"><span style=\"font-size: 0.9em\"><strong>&#x1f1f0;&#x1f1ff; ALEXEY LUTSENKO<br \/>\n<\/strong><span style=\"font-size: 0.8em\">ASTANA QAZAQSTAN TEAM<\/span><\/span><\/td>\n<td style=\"border-color: #ebebeb;text-align: center;width: 220px;vertical-align: middle\"><span style=\"font-size: 0.9em\"><strong>\u00e0 12m03s<\/strong><\/span><\/td>\n<\/tr>\n<tr style=\"height: 24px\">\n<td style=\"border-color: #ebebeb;height: 24px;text-align: center;width: 80px;vertical-align: middle\"><span style=\"font-size: 0.9em\">20.<\/span><\/td>\n<td style=\"border-color: #ebebeb;height: 24px;text-align: center;width: 500px;vertical-align: middle\"><span style=\"font-size: 0.9em\"><strong><strong style=\"font-size: 14.4px\">&#x1f1ee;&#x1f1f9;<\/strong> FAUSTO MASNADA<\/strong><br \/>\n<span style=\"font-size: 0.8em\">QUICK-STEP ALPHA VINYL TEAM<\/span><\/span><\/td>\n<td style=\"border-color: #ebebeb;text-align: center;width: 220px;vertical-align: middle\"><span style=\"font-size: 0.9em\"><strong>\u00e0 16m20s<\/strong><\/span><\/td>\n<\/tr>\n<\/tbody>\n<\/table>\n<\/div>\n<h2 style=\"text-align: justify;\"><strong>\u00c0 lire aussi<\/strong><\/h2>\n<ul>\n<li style=\"text-align: justify;\"><a href=\"https:\/\/www.procyclingstats.com\/race\/tour-de-suisse\/2022\/gc\" target=\"_blank\" rel=\"noopener\"><strong>Le classement g\u00e9n\u00e9ral complet du Tour de Suisse<\/strong><\/a><\/li>\n<\/ul>\n","protected":false},"excerpt":{"rendered":"<p>CYCLISME SUR ROUTE 2022 &#8211; D\u00e9couvrez le classement g\u00e9n\u00e9ral (top 20) du Tour de Suisse 2022, qui se d\u00e9roule du 12 au 19 juin 2022.<\/p>\n","protected":false},"author":4,"featured_media":232369,"comment_status":"open","ping_status":"closed","sticky":false,"template":"","format":"standard","meta":{"_acf_changed":false,"_daextam_enable_autolinks":"","footnotes":""},"categories":[46994],"tags":[8106],"class_list":["post-232363","post","type-post","status-publish","format-standard","has-post-thumbnail","hentry","category-cyclisme-sur-route","tag-tour-de-suisse"],"acf":[],"yoast_head":"<!-- This site is optimized with the Yoast SEO Premium plugin v26.7 (Yoast SEO v26.7) - https:\/\/yoast.com\/wordpress\/plugins\/seo\/ -->\n<title>Tour de Suisse 2022 - Classement g\u00e9n\u00e9ral<\/title>\n<meta name=\"description\" content=\"CYCLISME SUR ROUTE 2022 - D\u00e9couvrez le classement g\u00e9n\u00e9ral (top 20) du Tour de Suisse 2022, qui se d\u00e9roule du 12 au 19 juin 2022.\" \/>\n<meta name=\"robots\" content=\"index, follow, max-snippet:-1, max-image-preview:large, max-video-preview:-1\" \/>\n<link rel=\"canonical\" href=\"https:\/\/dicodusport.fr\/blog\/tour-de-suisse-2022-classement-general\/\" \/>\n<meta property=\"og:locale\" content=\"fr_FR\" \/>\n<meta property=\"og:type\" content=\"article\" \/>\n<meta property=\"og:title\" content=\"Tour de Suisse 2022 - Classement g\u00e9n\u00e9ral\" \/>\n<meta property=\"og:description\" content=\"CYCLISME SUR ROUTE 2022 - D\u00e9couvrez le classement g\u00e9n\u00e9ral (top 20) du Tour de Suisse 2022, qui se d\u00e9roule du 12 au 19 juin 2022.\" \/>\n<meta property=\"og:url\" content=\"https:\/\/dicodusport.fr\/blog\/tour-de-suisse-2022-classement-general\/\" \/>\n<meta property=\"og:site_name\" content=\"Dicodusport\" \/>\n<meta property=\"article:publisher\" content=\"https:\/\/www.facebook.com\/dicodusport\" \/>\n<meta property=\"article:author\" content=\"https:\/\/www.facebook.com\/florent.ostermann\" \/>\n<meta property=\"article:published_time\" content=\"2022-06-19T14:19:10+00:00\" \/>\n<meta property=\"article:modified_time\" content=\"2022-07-14T16:42:45+00:00\" \/>\n<meta property=\"og:image\" content=\"https:\/\/dicodusport.fr\/blog\/wp-content\/uploads\/2022\/06\/Tour-de-Suisse-2022-Classement-general.png\" \/>\n\t<meta property=\"og:image:width\" content=\"1200\" \/>\n\t<meta property=\"og:image:height\" content=\"670\" \/>\n\t<meta property=\"og:image:type\" content=\"image\/png\" \/>\n<meta name=\"author\" content=\"Flo Ostermann\" \/>\n<meta name=\"twitter:card\" content=\"summary_large_image\" \/>\n<meta name=\"twitter:title\" content=\"Tour de Suisse 2022 - Classement g\u00e9n\u00e9ral\" \/>\n<meta name=\"twitter:creator\" content=\"@https:\/\/twitter.com\/FlOstermann\" \/>\n<meta name=\"twitter:site\" content=\"@dicodusport\" \/>\n<script type=\"application\/ld+json\" class=\"yoast-schema-graph\">{\"@context\":\"https:\/\/schema.org\",\"@graph\":[{\"@type\":\"NewsArticle\",\"@id\":\"https:\/\/dicodusport.fr\/blog\/tour-de-suisse-2022-classement-general\/#article\",\"isPartOf\":{\"@id\":\"https:\/\/dicodusport.fr\/blog\/tour-de-suisse-2022-classement-general\/\"},\"author\":{\"name\":\"Flo Ostermann\",\"@id\":\"https:\/\/dicodusport.fr\/blog\/#\/schema\/person\/cb02af4c173ce4a653b55e9baf388d4a\"},\"headline\":\"Tour de Suisse 2022 &#8211; Classement g\u00e9n\u00e9ral\",\"datePublished\":\"2022-06-19T14:19:10+00:00\",\"dateModified\":\"2022-07-14T16:42:45+00:00\",\"mainEntityOfPage\":{\"@id\":\"https:\/\/dicodusport.fr\/blog\/tour-de-suisse-2022-classement-general\/\"},\"wordCount\":327,\"commentCount\":0,\"publisher\":{\"@id\":\"https:\/\/dicodusport.fr\/blog\/#organization\"},\"image\":{\"@id\":\"https:\/\/dicodusport.fr\/blog\/tour-de-suisse-2022-classement-general\/#primaryimage\"},\"thumbnailUrl\":\"https:\/\/dicodusport.fr\/blog\/wp-content\/uploads\/2022\/06\/Tour-de-Suisse-2022-Classement-general.png\",\"keywords\":[\"Tour de Suisse\"],\"articleSection\":[\"Cyclisme sur route\"],\"inLanguage\":\"fr-FR\",\"potentialAction\":[{\"@type\":\"CommentAction\",\"name\":\"Comment\",\"target\":[\"https:\/\/dicodusport.fr\/blog\/tour-de-suisse-2022-classement-general\/#respond\"]}],\"copyrightYear\":\"2022\",\"copyrightHolder\":{\"@id\":\"https:\/\/dicodusport.fr\/blog\/#organization\"}},{\"@type\":\"WebPage\",\"@id\":\"https:\/\/dicodusport.fr\/blog\/tour-de-suisse-2022-classement-general\/\",\"url\":\"https:\/\/dicodusport.fr\/blog\/tour-de-suisse-2022-classement-general\/\",\"name\":\"Tour de Suisse 2022 - Classement g\u00e9n\u00e9ral\",\"isPartOf\":{\"@id\":\"https:\/\/dicodusport.fr\/blog\/#website\"},\"primaryImageOfPage\":{\"@id\":\"https:\/\/dicodusport.fr\/blog\/tour-de-suisse-2022-classement-general\/#primaryimage\"},\"image\":{\"@id\":\"https:\/\/dicodusport.fr\/blog\/tour-de-suisse-2022-classement-general\/#primaryimage\"},\"thumbnailUrl\":\"https:\/\/dicodusport.fr\/blog\/wp-content\/uploads\/2022\/06\/Tour-de-Suisse-2022-Classement-general.png\",\"datePublished\":\"2022-06-19T14:19:10+00:00\",\"dateModified\":\"2022-07-14T16:42:45+00:00\",\"description\":\"CYCLISME SUR ROUTE 2022 - D\u00e9couvrez le classement g\u00e9n\u00e9ral (top 20) du Tour de Suisse 2022, qui se d\u00e9roule du 12 au 19 juin 2022.\",\"breadcrumb\":{\"@id\":\"https:\/\/dicodusport.fr\/blog\/tour-de-suisse-2022-classement-general\/#breadcrumb\"},\"inLanguage\":\"fr-FR\",\"potentialAction\":[{\"@type\":\"ReadAction\",\"target\":[\"https:\/\/dicodusport.fr\/blog\/tour-de-suisse-2022-classement-general\/\"]}]},{\"@type\":\"ImageObject\",\"inLanguage\":\"fr-FR\",\"@id\":\"https:\/\/dicodusport.fr\/blog\/tour-de-suisse-2022-classement-general\/#primaryimage\",\"url\":\"https:\/\/dicodusport.fr\/blog\/wp-content\/uploads\/2022\/06\/Tour-de-Suisse-2022-Classement-general.png\",\"contentUrl\":\"https:\/\/dicodusport.fr\/blog\/wp-content\/uploads\/2022\/06\/Tour-de-Suisse-2022-Classement-general.png\",\"width\":1200,\"height\":670,\"caption\":\"Tour de Suisse 2022 - Classement g\u00e9n\u00e9ral\"},{\"@type\":\"BreadcrumbList\",\"@id\":\"https:\/\/dicodusport.fr\/blog\/tour-de-suisse-2022-classement-general\/#breadcrumb\",\"itemListElement\":[{\"@type\":\"ListItem\",\"position\":1,\"name\":\"Accueil\",\"item\":\"https:\/\/dicodusport.fr\/blog\/\"},{\"@type\":\"ListItem\",\"position\":2,\"name\":\"Tour de Suisse 2022 &#8211; Classement g\u00e9n\u00e9ral\"}]},{\"@type\":\"WebSite\",\"@id\":\"https:\/\/dicodusport.fr\/blog\/#website\",\"url\":\"https:\/\/dicodusport.fr\/blog\/\",\"name\":\"Dicodusport\",\"description\":\"L&#039;encyclop\u00e9die de l&#039;actualit\u00e9 sportive\",\"publisher\":{\"@id\":\"https:\/\/dicodusport.fr\/blog\/#organization\"},\"potentialAction\":[{\"@type\":\"SearchAction\",\"target\":{\"@type\":\"EntryPoint\",\"urlTemplate\":\"https:\/\/dicodusport.fr\/blog\/?s={search_term_string}\"},\"query-input\":{\"@type\":\"PropertyValueSpecification\",\"valueRequired\":true,\"valueName\":\"search_term_string\"}}],\"inLanguage\":\"fr-FR\"},{\"@type\":\"NewsMediaOrganization\",\"@id\":\"https:\/\/dicodusport.fr\/blog\/#organization\",\"name\":\"Dicodusport\",\"url\":\"https:\/\/dicodusport.fr\/blog\/\",\"logo\":{\"@type\":\"ImageObject\",\"inLanguage\":\"fr-FR\",\"@id\":\"https:\/\/dicodusport.fr\/blog\/#\/schema\/logo\/image\/\",\"url\":\"https:\/\/dicodusport.fr\/blog\/wp-content\/uploads\/2020\/06\/cropped-LOGO-DICODUSPORT-2020-SANS-FOND-SANS-TEXTE.png\",\"contentUrl\":\"https:\/\/dicodusport.fr\/blog\/wp-content\/uploads\/2020\/06\/cropped-LOGO-DICODUSPORT-2020-SANS-FOND-SANS-TEXTE.png\",\"width\":512,\"height\":512,\"caption\":\"Dicodusport\"},\"image\":{\"@id\":\"https:\/\/dicodusport.fr\/blog\/#\/schema\/logo\/image\/\"},\"sameAs\":[\"https:\/\/www.facebook.com\/dicodusport\",\"https:\/\/x.com\/dicodusport\",\"https:\/\/www.instagram.com\/dicodusport\/\",\"https:\/\/www.youtube.com\/channel\/UC7V2KZ5sd3htJivAbA4ZG3w\"],\"description\":\"Dicodusport est l'encyclop\u00e9die de l'actualit\u00e9 sportive.\",\"email\":\"bonjour@dicodusport.fr\",\"legalName\":\"DICODUSPORT\",\"foundingDate\":\"2018-01-14\",\"vatID\":\"FR71834470973\",\"taxID\":\"83447097300043\",\"numberOfEmployees\":{\"@type\":\"QuantitativeValue\",\"minValue\":\"1\",\"maxValue\":\"10\"}},{\"@type\":\"Person\",\"@id\":\"https:\/\/dicodusport.fr\/blog\/#\/schema\/person\/cb02af4c173ce4a653b55e9baf388d4a\",\"name\":\"Flo Ostermann\",\"image\":{\"@type\":\"ImageObject\",\"inLanguage\":\"fr-FR\",\"@id\":\"https:\/\/dicodusport.fr\/blog\/#\/schema\/person\/image\/\",\"url\":\"https:\/\/dicodusport.fr\/blog\/wp-content\/uploads\/2021\/05\/Flo-Ostermann-150x150.jpg\",\"contentUrl\":\"https:\/\/dicodusport.fr\/blog\/wp-content\/uploads\/2021\/05\/Flo-Ostermann-150x150.jpg\",\"caption\":\"Flo Ostermann\"},\"description\":\"Journaliste\/R\u00e9dacteur depuis septembre 2015 - Mes premiers souvenirs dans le sport ? Les envol\u00e9es du Stade Toulousain et les duels Villeneuve-Schumacher et H\u00e4kkinen-Schumacher \u00e0 la fin des ann\u00e9es 90, la Coupe du monde de football en 1998, l\u2019exploit du XV de France face aux All Blacks en 1999, mais aussi Richard C\u0153ur de Lion qui vole sur les montagnes du Tour de France. Bien parti pour devenir professeur d\u2019EPS, les \u00e9v\u00e9nements de la vie (et la flemme d\u2019animer des s\u00e9ances de 3x500 m\u00e8tres toute ma vie) m\u2019ont conduit \u00e0 revoir mes plans. Me voil\u00e0 depuis fin 2017 sur Dicodusport, m\u00e9dia gr\u00e2ce (et pour) lequel je partage ma passion : le sport dans tous ses \u00e9tats. Le tout accompagn\u00e9 par les fous furieux et folles furieuses cit\u00e9s sur cette page !\",\"sameAs\":[\"https:\/\/www.facebook.com\/florent.ostermann\",\"https:\/\/x.com\/https:\/\/twitter.com\/FlOstermann\",\"admin\"],\"url\":\"https:\/\/dicodusport.fr\/blog\/author\/flo\/\"}]}<\/script>\n<!-- \/ Yoast SEO Premium plugin. -->","yoast_head_json":{"title":"Tour de Suisse 2022 - Classement g\u00e9n\u00e9ral","description":"CYCLISME SUR ROUTE 2022 - D\u00e9couvrez le classement g\u00e9n\u00e9ral (top 20) du Tour de Suisse 2022, qui se d\u00e9roule du 12 au 19 juin 2022.","robots":{"index":"index","follow":"follow","max-snippet":"max-snippet:-1","max-image-preview":"max-image-preview:large","max-video-preview":"max-video-preview:-1"},"canonical":"https:\/\/dicodusport.fr\/blog\/tour-de-suisse-2022-classement-general\/","og_locale":"fr_FR","og_type":"article","og_title":"Tour de Suisse 2022 - Classement g\u00e9n\u00e9ral","og_description":"CYCLISME SUR ROUTE 2022 - D\u00e9couvrez le classement g\u00e9n\u00e9ral (top 20) du Tour de Suisse 2022, qui se d\u00e9roule du 12 au 19 juin 2022.","og_url":"https:\/\/dicodusport.fr\/blog\/tour-de-suisse-2022-classement-general\/","og_site_name":"Dicodusport","article_publisher":"https:\/\/www.facebook.com\/dicodusport","article_author":"https:\/\/www.facebook.com\/florent.ostermann","article_published_time":"2022-06-19T14:19:10+00:00","article_modified_time":"2022-07-14T16:42:45+00:00","og_image":[{"width":1200,"height":670,"url":"https:\/\/dicodusport.fr\/blog\/wp-content\/uploads\/2022\/06\/Tour-de-Suisse-2022-Classement-general.png","type":"image\/png"}],"author":"Flo Ostermann","twitter_card":"summary_large_image","twitter_title":"Tour de Suisse 2022 - Classement g\u00e9n\u00e9ral","twitter_creator":"@https:\/\/twitter.com\/FlOstermann","twitter_site":"@dicodusport","schema":{"@context":"https:\/\/schema.org","@graph":[{"@type":"NewsArticle","@id":"https:\/\/dicodusport.fr\/blog\/tour-de-suisse-2022-classement-general\/#article","isPartOf":{"@id":"https:\/\/dicodusport.fr\/blog\/tour-de-suisse-2022-classement-general\/"},"author":{"name":"Flo Ostermann","@id":"https:\/\/dicodusport.fr\/blog\/#\/schema\/person\/cb02af4c173ce4a653b55e9baf388d4a"},"headline":"Tour de Suisse 2022 &#8211; Classement g\u00e9n\u00e9ral","datePublished":"2022-06-19T14:19:10+00:00","dateModified":"2022-07-14T16:42:45+00:00","mainEntityOfPage":{"@id":"https:\/\/dicodusport.fr\/blog\/tour-de-suisse-2022-classement-general\/"},"wordCount":327,"commentCount":0,"publisher":{"@id":"https:\/\/dicodusport.fr\/blog\/#organization"},"image":{"@id":"https:\/\/dicodusport.fr\/blog\/tour-de-suisse-2022-classement-general\/#primaryimage"},"thumbnailUrl":"https:\/\/dicodusport.fr\/blog\/wp-content\/uploads\/2022\/06\/Tour-de-Suisse-2022-Classement-general.png","keywords":["Tour de Suisse"],"articleSection":["Cyclisme sur route"],"inLanguage":"fr-FR","potentialAction":[{"@type":"CommentAction","name":"Comment","target":["https:\/\/dicodusport.fr\/blog\/tour-de-suisse-2022-classement-general\/#respond"]}],"copyrightYear":"2022","copyrightHolder":{"@id":"https:\/\/dicodusport.fr\/blog\/#organization"}},{"@type":"WebPage","@id":"https:\/\/dicodusport.fr\/blog\/tour-de-suisse-2022-classement-general\/","url":"https:\/\/dicodusport.fr\/blog\/tour-de-suisse-2022-classement-general\/","name":"Tour de Suisse 2022 - Classement g\u00e9n\u00e9ral","isPartOf":{"@id":"https:\/\/dicodusport.fr\/blog\/#website"},"primaryImageOfPage":{"@id":"https:\/\/dicodusport.fr\/blog\/tour-de-suisse-2022-classement-general\/#primaryimage"},"image":{"@id":"https:\/\/dicodusport.fr\/blog\/tour-de-suisse-2022-classement-general\/#primaryimage"},"thumbnailUrl":"https:\/\/dicodusport.fr\/blog\/wp-content\/uploads\/2022\/06\/Tour-de-Suisse-2022-Classement-general.png","datePublished":"2022-06-19T14:19:10+00:00","dateModified":"2022-07-14T16:42:45+00:00","description":"CYCLISME SUR ROUTE 2022 - D\u00e9couvrez le classement g\u00e9n\u00e9ral (top 20) du Tour de Suisse 2022, qui se d\u00e9roule du 12 au 19 juin 2022.","breadcrumb":{"@id":"https:\/\/dicodusport.fr\/blog\/tour-de-suisse-2022-classement-general\/#breadcrumb"},"inLanguage":"fr-FR","potentialAction":[{"@type":"ReadAction","target":["https:\/\/dicodusport.fr\/blog\/tour-de-suisse-2022-classement-general\/"]}]},{"@type":"ImageObject","inLanguage":"fr-FR","@id":"https:\/\/dicodusport.fr\/blog\/tour-de-suisse-2022-classement-general\/#primaryimage","url":"https:\/\/dicodusport.fr\/blog\/wp-content\/uploads\/2022\/06\/Tour-de-Suisse-2022-Classement-general.png","contentUrl":"https:\/\/dicodusport.fr\/blog\/wp-content\/uploads\/2022\/06\/Tour-de-Suisse-2022-Classement-general.png","width":1200,"height":670,"caption":"Tour de Suisse 2022 - Classement g\u00e9n\u00e9ral"},{"@type":"BreadcrumbList","@id":"https:\/\/dicodusport.fr\/blog\/tour-de-suisse-2022-classement-general\/#breadcrumb","itemListElement":[{"@type":"ListItem","position":1,"name":"Accueil","item":"https:\/\/dicodusport.fr\/blog\/"},{"@type":"ListItem","position":2,"name":"Tour de Suisse 2022 &#8211; Classement g\u00e9n\u00e9ral"}]},{"@type":"WebSite","@id":"https:\/\/dicodusport.fr\/blog\/#website","url":"https:\/\/dicodusport.fr\/blog\/","name":"Dicodusport","description":"L&#039;encyclop\u00e9die de l&#039;actualit\u00e9 sportive","publisher":{"@id":"https:\/\/dicodusport.fr\/blog\/#organization"},"potentialAction":[{"@type":"SearchAction","target":{"@type":"EntryPoint","urlTemplate":"https:\/\/dicodusport.fr\/blog\/?s={search_term_string}"},"query-input":{"@type":"PropertyValueSpecification","valueRequired":true,"valueName":"search_term_string"}}],"inLanguage":"fr-FR"},{"@type":"NewsMediaOrganization","@id":"https:\/\/dicodusport.fr\/blog\/#organization","name":"Dicodusport","url":"https:\/\/dicodusport.fr\/blog\/","logo":{"@type":"ImageObject","inLanguage":"fr-FR","@id":"https:\/\/dicodusport.fr\/blog\/#\/schema\/logo\/image\/","url":"https:\/\/dicodusport.fr\/blog\/wp-content\/uploads\/2020\/06\/cropped-LOGO-DICODUSPORT-2020-SANS-FOND-SANS-TEXTE.png","contentUrl":"https:\/\/dicodusport.fr\/blog\/wp-content\/uploads\/2020\/06\/cropped-LOGO-DICODUSPORT-2020-SANS-FOND-SANS-TEXTE.png","width":512,"height":512,"caption":"Dicodusport"},"image":{"@id":"https:\/\/dicodusport.fr\/blog\/#\/schema\/logo\/image\/"},"sameAs":["https:\/\/www.facebook.com\/dicodusport","https:\/\/x.com\/dicodusport","https:\/\/www.instagram.com\/dicodusport\/","https:\/\/www.youtube.com\/channel\/UC7V2KZ5sd3htJivAbA4ZG3w"],"description":"Dicodusport est l'encyclop\u00e9die de l'actualit\u00e9 sportive.","email":"bonjour@dicodusport.fr","legalName":"DICODUSPORT","foundingDate":"2018-01-14","vatID":"FR71834470973","taxID":"83447097300043","numberOfEmployees":{"@type":"QuantitativeValue","minValue":"1","maxValue":"10"}},{"@type":"Person","@id":"https:\/\/dicodusport.fr\/blog\/#\/schema\/person\/cb02af4c173ce4a653b55e9baf388d4a","name":"Flo Ostermann","image":{"@type":"ImageObject","inLanguage":"fr-FR","@id":"https:\/\/dicodusport.fr\/blog\/#\/schema\/person\/image\/","url":"https:\/\/dicodusport.fr\/blog\/wp-content\/uploads\/2021\/05\/Flo-Ostermann-150x150.jpg","contentUrl":"https:\/\/dicodusport.fr\/blog\/wp-content\/uploads\/2021\/05\/Flo-Ostermann-150x150.jpg","caption":"Flo Ostermann"},"description":"Journaliste\/R\u00e9dacteur depuis septembre 2015 - Mes premiers souvenirs dans le sport ? Les envol\u00e9es du Stade Toulousain et les duels Villeneuve-Schumacher et H\u00e4kkinen-Schumacher \u00e0 la fin des ann\u00e9es 90, la Coupe du monde de football en 1998, l\u2019exploit du XV de France face aux All Blacks en 1999, mais aussi Richard C\u0153ur de Lion qui vole sur les montagnes du Tour de France. Bien parti pour devenir professeur d\u2019EPS, les \u00e9v\u00e9nements de la vie (et la flemme d\u2019animer des s\u00e9ances de 3x500 m\u00e8tres toute ma vie) m\u2019ont conduit \u00e0 revoir mes plans. Me voil\u00e0 depuis fin 2017 sur Dicodusport, m\u00e9dia gr\u00e2ce (et pour) lequel je partage ma passion : le sport dans tous ses \u00e9tats. Le tout accompagn\u00e9 par les fous furieux et folles furieuses cit\u00e9s sur cette page !","sameAs":["https:\/\/www.facebook.com\/florent.ostermann","https:\/\/x.com\/https:\/\/twitter.com\/FlOstermann","admin"],"url":"https:\/\/dicodusport.fr\/blog\/author\/flo\/"}]}},"_links":{"self":[{"href":"https:\/\/dicodusport.fr\/blog\/wp-json\/wp\/v2\/posts\/232363","targetHints":{"allow":["GET"]}}],"collection":[{"href":"https:\/\/dicodusport.fr\/blog\/wp-json\/wp\/v2\/posts"}],"about":[{"href":"https:\/\/dicodusport.fr\/blog\/wp-json\/wp\/v2\/types\/post"}],"author":[{"embeddable":true,"href":"https:\/\/dicodusport.fr\/blog\/wp-json\/wp\/v2\/users\/4"}],"replies":[{"embeddable":true,"href":"https:\/\/dicodusport.fr\/blog\/wp-json\/wp\/v2\/comments?post=232363"}],"version-history":[{"count":0,"href":"https:\/\/dicodusport.fr\/blog\/wp-json\/wp\/v2\/posts\/232363\/revisions"}],"wp:featuredmedia":[{"embeddable":true,"href":"https:\/\/dicodusport.fr\/blog\/wp-json\/wp\/v2\/media\/232369"}],"wp:attachment":[{"href":"https:\/\/dicodusport.fr\/blog\/wp-json\/wp\/v2\/media?parent=232363"}],"wp:term":[{"taxonomy":"category","embeddable":true,"href":"https:\/\/dicodusport.fr\/blog\/wp-json\/wp\/v2\/categories?post=232363"},{"taxonomy":"post_tag","embeddable":true,"href":"https:\/\/dicodusport.fr\/blog\/wp-json\/wp\/v2\/tags?post=232363"}],"curies":[{"name":"wp","href":"https:\/\/api.w.org\/{rel}","templated":true}]}}