{"id":232367,"date":"2022-06-12T17:32:08","date_gmt":"2022-06-12T15:32:08","guid":{"rendered":"https:\/\/dicodusport.fr\/blog\/?p=232367&#038;preview=true&#038;preview_id=232367"},"modified":"2022-06-12T17:38:34","modified_gmt":"2022-06-12T15:38:34","slug":"circuit-challenger-itf-journee-de-reve-pour-les-tricolores-avec-quatre-titres","status":"publish","type":"post","link":"https:\/\/dicodusport.fr\/blog\/circuit-challenger-itf-journee-de-reve-pour-les-tricolores-avec-quatre-titres\/","title":{"rendered":"Circuit Challenger \/ ITF : Journ\u00e9e de r\u00eave pour les Tricolores avec quatre titres"},"content":{"rendered":"<p style=\"text-align: justify;\"><strong><em>TENNIS &#8211; CIRCUIT CHALLENGER \/ ITF &#8211; Les Bleus ont \u00e9t\u00e9 prolifiques sur les \u00e9chelons inf\u00e9rieurs du tennis professionnel. Alice Tubello (contre une autre fran\u00e7aise, In\u00e8s Nicault), Kristina Mladenovic, Laurent Lokoli et Corentin Moutet ont tous d\u00e9croch\u00e9 un titre ce dimanche. Lucie Nguyen Tan est elle rentr\u00e9e bredouille.\u00a0<\/em><\/strong><\/p>\n<p style=\"text-align: justify;\">Honneur aux dames, puisque le W15 de Norges-la-Ville a accouch\u00e9 d&rsquo;une finale 100% tricolore. Et c&rsquo;est finalement <strong>Alice Tubello<\/strong> qui a poursuivi sa belle s\u00e9rie. <a href=\"https:\/\/dicodusport.fr\/blog\/circuit-itf-monastir-premier-titre-professionnel-pour-alice-tubello\/\">Apr\u00e8s avoir d\u00e9bloqu\u00e9 son compteur la semaine derni\u00e8re \u00e0 Monastir (Tunisie),<\/a> elle a enchain\u00e9 en Bourgogne. En finale, elle a domin\u00e9 <strong>In\u00e8s Nicault<\/strong>, qui ne remportera pas son premier titre ici. <strong>Alice Tubello<\/strong> s&rsquo;est impos\u00e9e <strong>4-6, 6-0, 6-3<\/strong> et d\u00e9croche son deuxi\u00e8me titre en carri\u00e8re. Elle reste donc sur dix victoires cons\u00e9cutives, ce qui laisse augurer d&rsquo;une belle suite de saison. <strong>In\u00e8s Nicault,<\/strong> elle, peut s&rsquo;en vouloir, surtout apr\u00e8s avoir \u00e9limin\u00e9 la t\u00eate de s\u00e9rie n\u00b01 du tournoi en demi-finale. Mais pour son premier tournoi de la saison, cela reste un excellent r\u00e9sultat.<\/p>\n<blockquote class=\"twitter-tweet\">\n<p dir=\"ltr\" lang=\"en\">ITF W15 Norges-la-Ville &#8211; Hard (Final)<br \/>\nAlice Tubello (FRA) def. Ines Nicault (FRA)<br \/>\n4-6 6-0 6-3<\/p>\n<p>\u2014 TENIPO &#8211; Tennis Livescore (@TENIPOcom) <a href=\"https:\/\/twitter.com\/TENIPOcom\/status\/1535979324712669184?ref_src=twsrc%5Etfw\">June 12, 2022<\/a><\/p><\/blockquote>\n<p><script async src=\"https:\/\/platform.twitter.com\/widgets.js\" charset=\"utf-8\"><\/script><\/p>\n<p style=\"text-align: justify;\"><strong>Lucie Nguyen Tan<\/strong>, elle, a but\u00e9 sur la derni\u00e8re marche au W60 de Biarritz. Apr\u00e8s une superbe semaine, et notamment un succ\u00e8s de haut niveau sur <strong>Erika Andreeva<\/strong> hier, elle a c\u00e9d\u00e9 contre la sensation allemande <strong>Mina Hodzic,<\/strong> issue des qualifications. Trahie par son service, elle n&rsquo;aura pas su menacer son adversaire, et a c\u00e9d\u00e9 <strong>6-3, 6-3<\/strong>. Mais apr\u00e8s avoir d\u00e9croch\u00e9 <a href=\"https:\/\/dicodusport.fr\/blog\/circuit-itf-lucie-nguyen-tan-et-clement-tabur-s-imposent-a-amiens-et-creteil\/\">son premier titre ITF \u00e0 Amiens en mars,<\/a> la saison de la Fran\u00e7aise continue de se d\u00e9rouler sous les meilleurs auspices.<\/p>\n<h2>Mladenovic \u00e0 la relance<\/h2>\n<p style=\"text-align: justify;\"><a href=\"https:\/\/dicodusport.fr\/blog\/roland-garros-2022-la-paire-mladenovic-garcia-titree-pour-la-deuxieme-fois\/\">Malgr\u00e9 son succ\u00e8s en double avec<strong> Caroline Garcia<\/strong> \u00e0 Roland-Garros<\/a>, <strong>Kristina Mladenovic<\/strong> \u00e9tait en difficult\u00e9 en simple. R\u00e9cemment sortie du top 100, elle a choisi de concourir sur le circuit ITF pour retrouver de la confiance. Pari gagnant, puisqu&rsquo;elle a remport\u00e9 aujourd&rsquo;hui le W60 de Caserta (Italie), sur terre battue. Elle a cependant d\u00fb cravacher en finale contre la locale <strong>Camilla Rosatello<\/strong>, 330\u00e8me mondiale. La Fran\u00e7aise aura m\u00eame d\u00fb sauver une balle de match, avant de s&rsquo;imposer au bout du suspense <strong>6-4, 4-6, 7-6(3)<\/strong> en presque 2 heures 30. Un r\u00e9sultat qui pourrait s&rsquo;av\u00e9rer fondateur pour la suite de la saison de la Tricolore, qui remporte son premier tournoi depuis 2017 !<\/p>\n<blockquote class=\"twitter-tweet\">\n<p dir=\"ltr\" lang=\"fr\">&#x1f3be;&#x1f1eb;&#x1f1f7; Tr\u00e8s belle semaine de Kristina <a href=\"https:\/\/twitter.com\/hashtag\/Mladenovic?src=hash&amp;ref_src=twsrc%5Etfw\">#Mladenovic<\/a> en Italie &#x1f1ee;&#x1f1f9;. La Fran\u00e7aise remporte le 60000$ de Caserta et remonte \u00e0 la 115e place mondiale. <a href=\"https:\/\/twitter.com\/hashtag\/WTA?src=hash&amp;ref_src=twsrc%5Etfw\">#WTA<\/a> <a href=\"https:\/\/twitter.com\/hashtag\/Tennis?src=hash&amp;ref_src=twsrc%5Etfw\">#Tennis<\/a> <a href=\"https:\/\/t.co\/i8XE0mIYp2\">pic.twitter.com\/i8XE0mIYp2<\/a><\/p>\n<p>\u2014 Mikael Mazaleyrat (@MikaelMazal) <a href=\"https:\/\/twitter.com\/MikaelMazal\/status\/1535942646551793671?ref_src=twsrc%5Etfw\">June 12, 2022<\/a><\/p><\/blockquote>\n<p><script async src=\"https:\/\/platform.twitter.com\/widgets.js\" charset=\"utf-8\"><\/script><\/p>\n<h2>La grande saison de Lokoli<\/h2>\n<p style=\"text-align: justify;\"><strong>Laurent Lokoli<\/strong>, lui, est un habitu\u00e9 du circuit ITF. Et sa saison est prolifique jusqu&rsquo;ici, puisqu&rsquo;il vient de remporter son cinqui\u00e8me troph\u00e9e. Lors du M25 de Skopje (Mac\u00e9doine du Nord), le Fran\u00e7ais a r\u00e9alis\u00e9 une semaine parfaite, ne perdant aucun set et ne conc\u00e9dant que 19 jeux en cinq matchs ! Sa finale a \u00e9t\u00e9 une formalit\u00e9 contre le Br\u00e9silien <strong>Orlando Luz<\/strong>, qu&rsquo;il a domin\u00e9 <strong>6-2, 6-1<\/strong>. Un succ\u00e8s logique toutefois, \u00e9tant donn\u00e9 qu&rsquo;il \u00e9tait t\u00eate de s\u00e9rie n\u00b01 du tournoi. Finaliste malheureux la semaine derni\u00e8re en Espagne, il a repris sa marche en avant.<\/p>\n<blockquote class=\"twitter-tweet\">\n<p dir=\"ltr\" lang=\"fr\">La MANITA ! &#x270b;&#x1f3fd;&#x1f3c6;<\/p>\n<p>Tr\u00e8s content de remporter mon 5 eme titre de la saison \u00e0 Skopje en Mac\u00e9doine &#x1f3c6;&#x1f1f2;&#x1f1f0;&#x1f43a;<br \/>\nLe top 250 ATP se rapproche !<br \/>\nFORZA &#x1f4aa;&#x1f3fd; <a href=\"https:\/\/t.co\/zH1Br3mS8K\">pic.twitter.com\/zH1Br3mS8K<\/a><\/p>\n<p>\u2014 Laurent Lokoli (@laurentlokoli) <a href=\"https:\/\/twitter.com\/laurentlokoli\/status\/1535988001163059202?ref_src=twsrc%5Etfw\">June 12, 2022<\/a><\/p><\/blockquote>\n<p><script async src=\"https:\/\/platform.twitter.com\/widgets.js\" charset=\"utf-8\"><\/script><\/p>\n<h2>Le renouveau de Corentin Moutet<\/h2>\n<p style=\"text-align: justify;\">Lors du Challenger de Lyon, 13 Fran\u00e7ais \u00e9taient sur la ligne de d\u00e9part \u00e0 domicile. Mais un seul aura rejoint la finale, en la personne de <strong>Corentin Moutet<\/strong>. En finale, il affrontait l&rsquo;Argentin <strong>Pedro Cachin<\/strong>, tombeur de <strong>Richard Gasquet<\/strong> en demies. Mais le Fran\u00e7ais s&rsquo;est montr\u00e9 incroyablement solide, breakant son adversaire \u00e0 4-4 dans chaque set. Au final, un succ\u00e8s net et sans bavure <strong>6-4, 6-4<\/strong> en 1 heure 30. Premier titre depuis ce m\u00eame Challenger de Lyon en 2019 pour <strong>Corentin Moutet<\/strong>, qui repart \u00e0 l&rsquo;assaut du top 100. A noter qu&rsquo;en double, <strong>Jonathan Eysseric<\/strong> s&rsquo;est impos\u00e9, associ\u00e9 au Mon\u00e9gasque <strong>Romain Arneodo.<\/strong> C&rsquo;est son second succ\u00e8s cette saison dans cette discipline en Challenger, apr\u00e8s Cherbourg en f\u00e9vrier (avec <strong>Quentin Halys<\/strong>).<\/p>\n<blockquote class=\"twitter-tweet\">\n<p dir=\"ltr\" lang=\"fr\">C&rsquo;est fait ! &#x1f1f2;&#x1f1eb;&#x1f3be;<\/p>\n<p>Cotentine Moutet &#x1f1f2;&#x1f1eb; (ATP 128) bat Pedro Cachin &#x1f1e6;&#x1f1f7; (ATP 142) en finale du <a href=\"https:\/\/twitter.com\/hashtag\/LyonChallenge?src=hash&amp;ref_src=twsrc%5Etfw\">#LyonChallenge<\/a> et remporte cet \u00e9dition ! <a href=\"https:\/\/t.co\/9YIZGoWy8Q\">pic.twitter.com\/9YIZGoWy8Q<\/a><\/p>\n<p>\u2014 ScoreSport (@ScoreDeSports) <a href=\"https:\/\/twitter.com\/ScoreDeSports\/status\/1535996145129897986?ref_src=twsrc%5Etfw\">June 12, 2022<\/a><\/p><\/blockquote>\n<p><script async src=\"https:\/\/platform.twitter.com\/widgets.js\" charset=\"utf-8\"><\/script><\/p>\n","protected":false},"excerpt":{"rendered":"<p>TENNIS &#8211; CIRCUIT CHALLENGER \/ ITF &#8211; Les Bleus ont \u00e9t\u00e9 prolifiques sur les \u00e9chelons inf\u00e9rieurs du tennis professionnel. Alice Tubello (contre une autre fran\u00e7aise, In\u00e8s Nicault), Kristina Mladenovic, Laurent Lokoli et Corentin Moutet ont tous d\u00e9croch\u00e9 un titre ce dimanche. Lucie Nguyen Tan est elle rentr\u00e9e bredouille.\u00a0<\/p>\n","protected":false},"author":59,"featured_media":232528,"comment_status":"open","ping_status":"closed","sticky":false,"template":"","format":"standard","meta":{"_acf_changed":false,"_daextam_enable_autolinks":"","footnotes":""},"categories":[2302],"tags":[23987,2370,3144,22984,4792],"class_list":["post-232367","post","type-post","status-publish","format-standard","has-post-thumbnail","hentry","category-tennis","tag-alice-tubello","tag-corentin-moutet","tag-kristina-mladenovic","tag-laurent-lokoli","tag-tennis-francais"],"acf":[],"yoast_head":"<!-- This site is optimized with the Yoast SEO Premium plugin v26.7 (Yoast SEO v26.7) - https:\/\/yoast.com\/wordpress\/plugins\/seo\/ -->\n<title>Circuit Challenger \/ ITF : Journ\u00e9e de r\u00eave pour les Tricolores avec quatre titres<\/title>\n<meta name=\"description\" content=\"TENNIS - CIRCUIT CHALLENGER \/ ITF - Alice Tubello , Kristina Mladenovic, Laurent Lokoli et Corentin Moutet ont d\u00e9croch\u00e9 un titre ce dimanche\" \/>\n<meta name=\"robots\" content=\"index, follow, max-snippet:-1, max-image-preview:large, max-video-preview:-1\" \/>\n<link rel=\"canonical\" href=\"https:\/\/dicodusport.fr\/blog\/circuit-challenger-itf-journee-de-reve-pour-les-tricolores-avec-quatre-titres\/\" \/>\n<meta property=\"og:locale\" content=\"fr_FR\" \/>\n<meta property=\"og:type\" content=\"article\" \/>\n<meta property=\"og:title\" content=\"Circuit Challenger \/ ITF : Journ\u00e9e de r\u00eave pour les Tricolores avec quatre titres\" \/>\n<meta property=\"og:description\" content=\"TENNIS - CIRCUIT CHALLENGER \/ ITF - Alice Tubello , Kristina Mladenovic, Laurent Lokoli et Corentin Moutet ont d\u00e9croch\u00e9 un titre ce dimanche\" \/>\n<meta property=\"og:url\" content=\"https:\/\/dicodusport.fr\/blog\/circuit-challenger-itf-journee-de-reve-pour-les-tricolores-avec-quatre-titres\/\" \/>\n<meta property=\"og:site_name\" content=\"Dicodusport\" \/>\n<meta property=\"article:publisher\" content=\"https:\/\/www.facebook.com\/dicodusport\" \/>\n<meta property=\"article:author\" content=\"https:\/\/www.facebook.com\/sebastien.gente\/\" \/>\n<meta property=\"article:published_time\" content=\"2022-06-12T15:32:08+00:00\" \/>\n<meta property=\"article:modified_time\" content=\"2022-06-12T15:38:34+00:00\" \/>\n<meta property=\"og:image\" content=\"https:\/\/dicodusport.fr\/blog\/wp-content\/uploads\/2022\/06\/Circuit-Challenger-ITF-Journee-de-reve-pour-les-Tricolores-avec-quatre-titres.png\" \/>\n\t<meta property=\"og:image:width\" content=\"800\" \/>\n\t<meta property=\"og:image:height\" content=\"445\" \/>\n\t<meta property=\"og:image:type\" content=\"image\/png\" \/>\n<meta name=\"author\" content=\"S\u00e9bastien Gente\" \/>\n<meta name=\"twitter:card\" content=\"summary_large_image\" \/>\n<meta name=\"twitter:title\" content=\"Circuit Challenger \/ ITF : Journ\u00e9e de r\u00eave pour les Tricolores avec quatre titres\" \/>\n<meta name=\"twitter:creator\" content=\"@https:\/\/twitter.com\/globulo24\" \/>\n<meta name=\"twitter:site\" content=\"@dicodusport\" \/>\n<script type=\"application\/ld+json\" class=\"yoast-schema-graph\">{\"@context\":\"https:\/\/schema.org\",\"@graph\":[{\"@type\":\"NewsArticle\",\"@id\":\"https:\/\/dicodusport.fr\/blog\/circuit-challenger-itf-journee-de-reve-pour-les-tricolores-avec-quatre-titres\/#article\",\"isPartOf\":{\"@id\":\"https:\/\/dicodusport.fr\/blog\/circuit-challenger-itf-journee-de-reve-pour-les-tricolores-avec-quatre-titres\/\"},\"author\":{\"name\":\"S\u00e9bastien Gente\",\"@id\":\"https:\/\/dicodusport.fr\/blog\/#\/schema\/person\/627966a6cde45dbd8c5e36ac85d783da\"},\"headline\":\"Circuit Challenger \/ ITF : Journ\u00e9e de r\u00eave pour les Tricolores avec quatre titres\",\"datePublished\":\"2022-06-12T15:32:08+00:00\",\"dateModified\":\"2022-06-12T15:38:34+00:00\",\"mainEntityOfPage\":{\"@id\":\"https:\/\/dicodusport.fr\/blog\/circuit-challenger-itf-journee-de-reve-pour-les-tricolores-avec-quatre-titres\/\"},\"wordCount\":836,\"commentCount\":0,\"publisher\":{\"@id\":\"https:\/\/dicodusport.fr\/blog\/#organization\"},\"image\":{\"@id\":\"https:\/\/dicodusport.fr\/blog\/circuit-challenger-itf-journee-de-reve-pour-les-tricolores-avec-quatre-titres\/#primaryimage\"},\"thumbnailUrl\":\"https:\/\/dicodusport.fr\/blog\/wp-content\/uploads\/2022\/06\/Circuit-Challenger-ITF-Journee-de-reve-pour-les-Tricolores-avec-quatre-titres.png\",\"keywords\":[\"Alice Tubello\",\"Corentin Moutet\",\"Kristina Mladenovic\",\"Laurent Lokoli\",\"Tennis fran\u00e7ais\"],\"articleSection\":[\"Tennis\"],\"inLanguage\":\"fr-FR\",\"potentialAction\":[{\"@type\":\"CommentAction\",\"name\":\"Comment\",\"target\":[\"https:\/\/dicodusport.fr\/blog\/circuit-challenger-itf-journee-de-reve-pour-les-tricolores-avec-quatre-titres\/#respond\"]}],\"copyrightYear\":\"2022\",\"copyrightHolder\":{\"@id\":\"https:\/\/dicodusport.fr\/blog\/#organization\"}},{\"@type\":\"WebPage\",\"@id\":\"https:\/\/dicodusport.fr\/blog\/circuit-challenger-itf-journee-de-reve-pour-les-tricolores-avec-quatre-titres\/\",\"url\":\"https:\/\/dicodusport.fr\/blog\/circuit-challenger-itf-journee-de-reve-pour-les-tricolores-avec-quatre-titres\/\",\"name\":\"Circuit Challenger \/ ITF : Journ\u00e9e de r\u00eave pour les Tricolores avec quatre titres\",\"isPartOf\":{\"@id\":\"https:\/\/dicodusport.fr\/blog\/#website\"},\"primaryImageOfPage\":{\"@id\":\"https:\/\/dicodusport.fr\/blog\/circuit-challenger-itf-journee-de-reve-pour-les-tricolores-avec-quatre-titres\/#primaryimage\"},\"image\":{\"@id\":\"https:\/\/dicodusport.fr\/blog\/circuit-challenger-itf-journee-de-reve-pour-les-tricolores-avec-quatre-titres\/#primaryimage\"},\"thumbnailUrl\":\"https:\/\/dicodusport.fr\/blog\/wp-content\/uploads\/2022\/06\/Circuit-Challenger-ITF-Journee-de-reve-pour-les-Tricolores-avec-quatre-titres.png\",\"datePublished\":\"2022-06-12T15:32:08+00:00\",\"dateModified\":\"2022-06-12T15:38:34+00:00\",\"description\":\"TENNIS - CIRCUIT CHALLENGER \/ ITF - Alice Tubello , Kristina Mladenovic, Laurent Lokoli et Corentin Moutet ont d\u00e9croch\u00e9 un titre ce dimanche\",\"breadcrumb\":{\"@id\":\"https:\/\/dicodusport.fr\/blog\/circuit-challenger-itf-journee-de-reve-pour-les-tricolores-avec-quatre-titres\/#breadcrumb\"},\"inLanguage\":\"fr-FR\",\"potentialAction\":[{\"@type\":\"ReadAction\",\"target\":[\"https:\/\/dicodusport.fr\/blog\/circuit-challenger-itf-journee-de-reve-pour-les-tricolores-avec-quatre-titres\/\"]}]},{\"@type\":\"ImageObject\",\"inLanguage\":\"fr-FR\",\"@id\":\"https:\/\/dicodusport.fr\/blog\/circuit-challenger-itf-journee-de-reve-pour-les-tricolores-avec-quatre-titres\/#primaryimage\",\"url\":\"https:\/\/dicodusport.fr\/blog\/wp-content\/uploads\/2022\/06\/Circuit-Challenger-ITF-Journee-de-reve-pour-les-Tricolores-avec-quatre-titres.png\",\"contentUrl\":\"https:\/\/dicodusport.fr\/blog\/wp-content\/uploads\/2022\/06\/Circuit-Challenger-ITF-Journee-de-reve-pour-les-Tricolores-avec-quatre-titres.png\",\"width\":800,\"height\":445,\"caption\":\"Circuit Challenger ITF Journ\u00e9e de r\u00eave pour les Tricolores avec quatre titres\"},{\"@type\":\"BreadcrumbList\",\"@id\":\"https:\/\/dicodusport.fr\/blog\/circuit-challenger-itf-journee-de-reve-pour-les-tricolores-avec-quatre-titres\/#breadcrumb\",\"itemListElement\":[{\"@type\":\"ListItem\",\"position\":1,\"name\":\"Accueil\",\"item\":\"https:\/\/dicodusport.fr\/blog\/\"},{\"@type\":\"ListItem\",\"position\":2,\"name\":\"Circuit Challenger \/ ITF : Journ\u00e9e de r\u00eave pour les Tricolores avec quatre titres\"}]},{\"@type\":\"WebSite\",\"@id\":\"https:\/\/dicodusport.fr\/blog\/#website\",\"url\":\"https:\/\/dicodusport.fr\/blog\/\",\"name\":\"Dicodusport\",\"description\":\"L&#039;encyclop\u00e9die de l&#039;actualit\u00e9 sportive\",\"publisher\":{\"@id\":\"https:\/\/dicodusport.fr\/blog\/#organization\"},\"potentialAction\":[{\"@type\":\"SearchAction\",\"target\":{\"@type\":\"EntryPoint\",\"urlTemplate\":\"https:\/\/dicodusport.fr\/blog\/?s={search_term_string}\"},\"query-input\":{\"@type\":\"PropertyValueSpecification\",\"valueRequired\":true,\"valueName\":\"search_term_string\"}}],\"inLanguage\":\"fr-FR\"},{\"@type\":\"NewsMediaOrganization\",\"@id\":\"https:\/\/dicodusport.fr\/blog\/#organization\",\"name\":\"Dicodusport\",\"url\":\"https:\/\/dicodusport.fr\/blog\/\",\"logo\":{\"@type\":\"ImageObject\",\"inLanguage\":\"fr-FR\",\"@id\":\"https:\/\/dicodusport.fr\/blog\/#\/schema\/logo\/image\/\",\"url\":\"https:\/\/dicodusport.fr\/blog\/wp-content\/uploads\/2020\/06\/cropped-LOGO-DICODUSPORT-2020-SANS-FOND-SANS-TEXTE.png\",\"contentUrl\":\"https:\/\/dicodusport.fr\/blog\/wp-content\/uploads\/2020\/06\/cropped-LOGO-DICODUSPORT-2020-SANS-FOND-SANS-TEXTE.png\",\"width\":512,\"height\":512,\"caption\":\"Dicodusport\"},\"image\":{\"@id\":\"https:\/\/dicodusport.fr\/blog\/#\/schema\/logo\/image\/\"},\"sameAs\":[\"https:\/\/www.facebook.com\/dicodusport\",\"https:\/\/x.com\/dicodusport\",\"https:\/\/www.instagram.com\/dicodusport\/\",\"https:\/\/www.youtube.com\/channel\/UC7V2KZ5sd3htJivAbA4ZG3w\"],\"description\":\"Dicodusport est l'encyclop\u00e9die de l'actualit\u00e9 sportive.\",\"email\":\"bonjour@dicodusport.fr\",\"legalName\":\"DICODUSPORT\",\"foundingDate\":\"2018-01-14\",\"vatID\":\"FR71834470973\",\"taxID\":\"83447097300043\",\"numberOfEmployees\":{\"@type\":\"QuantitativeValue\",\"minValue\":\"1\",\"maxValue\":\"10\"}},{\"@type\":\"Person\",\"@id\":\"https:\/\/dicodusport.fr\/blog\/#\/schema\/person\/627966a6cde45dbd8c5e36ac85d783da\",\"name\":\"S\u00e9bastien Gente\",\"image\":{\"@type\":\"ImageObject\",\"inLanguage\":\"fr-FR\",\"@id\":\"https:\/\/dicodusport.fr\/blog\/#\/schema\/person\/image\/\",\"url\":\"https:\/\/dicodusport.fr\/blog\/wp-content\/uploads\/2021\/09\/1510990_10205810251400683_4124423575079401707_n-150x150.jpg\",\"contentUrl\":\"https:\/\/dicodusport.fr\/blog\/wp-content\/uploads\/2021\/09\/1510990_10205810251400683_4124423575079401707_n-150x150.jpg\",\"caption\":\"S\u00e9bastien Gente\"},\"description\":\"John Stockton, Gianni Bugno, Zinedine Zidane, Steffi Graf, Frode Andresen, St\u00e9phane Stoecklin, Davis Kamoga, Primoz Peterka, Werner Schlager et Aur\u00e9lien Rougerie. Point commun entre ces sportifs? Ils m'ont fait r\u00eaver et ont berc\u00e9 mon adolescence. Je suis un fondu de sports et j'essaie de retranscrire ma passion \u00e0 travers mes articles. Originaire du P\u00e9rigord, ma passion pour les Girondins, les Jaunards et les Jazzmen transpire dans mes \u00e9crits. \u00c0 Dicodusport depuis 2021, je d\u00e9niche les sports m\u00e9connus dans lesquels la France brille, et il y en a !\",\"sameAs\":[\"https:\/\/www.facebook.com\/sebastien.gente\/\",\"https:\/\/www.instagram.com\/sebgente\/\",\"https:\/\/www.linkedin.com\/in\/sbastien-gente-a29583169\/\",\"https:\/\/x.com\/https:\/\/twitter.com\/globulo24\",\"SebastienGente\"],\"worksFor\":\"S\u00e9bastien GENTE\",\"url\":\"https:\/\/dicodusport.fr\/blog\/author\/sebastiengente\/\"}]}<\/script>\n<!-- \/ Yoast SEO Premium plugin. -->","yoast_head_json":{"title":"Circuit Challenger \/ ITF : Journ\u00e9e de r\u00eave pour les Tricolores avec quatre titres","description":"TENNIS - CIRCUIT CHALLENGER \/ ITF - Alice Tubello , Kristina Mladenovic, Laurent Lokoli et Corentin Moutet ont d\u00e9croch\u00e9 un titre ce dimanche","robots":{"index":"index","follow":"follow","max-snippet":"max-snippet:-1","max-image-preview":"max-image-preview:large","max-video-preview":"max-video-preview:-1"},"canonical":"https:\/\/dicodusport.fr\/blog\/circuit-challenger-itf-journee-de-reve-pour-les-tricolores-avec-quatre-titres\/","og_locale":"fr_FR","og_type":"article","og_title":"Circuit Challenger \/ ITF : Journ\u00e9e de r\u00eave pour les Tricolores avec quatre titres","og_description":"TENNIS - CIRCUIT CHALLENGER \/ ITF - Alice Tubello , Kristina Mladenovic, Laurent Lokoli et Corentin Moutet ont d\u00e9croch\u00e9 un titre ce dimanche","og_url":"https:\/\/dicodusport.fr\/blog\/circuit-challenger-itf-journee-de-reve-pour-les-tricolores-avec-quatre-titres\/","og_site_name":"Dicodusport","article_publisher":"https:\/\/www.facebook.com\/dicodusport","article_author":"https:\/\/www.facebook.com\/sebastien.gente\/","article_published_time":"2022-06-12T15:32:08+00:00","article_modified_time":"2022-06-12T15:38:34+00:00","og_image":[{"width":800,"height":445,"url":"https:\/\/dicodusport.fr\/blog\/wp-content\/uploads\/2022\/06\/Circuit-Challenger-ITF-Journee-de-reve-pour-les-Tricolores-avec-quatre-titres.png","type":"image\/png"}],"author":"S\u00e9bastien Gente","twitter_card":"summary_large_image","twitter_title":"Circuit Challenger \/ ITF : Journ\u00e9e de r\u00eave pour les Tricolores avec quatre titres","twitter_creator":"@https:\/\/twitter.com\/globulo24","twitter_site":"@dicodusport","schema":{"@context":"https:\/\/schema.org","@graph":[{"@type":"NewsArticle","@id":"https:\/\/dicodusport.fr\/blog\/circuit-challenger-itf-journee-de-reve-pour-les-tricolores-avec-quatre-titres\/#article","isPartOf":{"@id":"https:\/\/dicodusport.fr\/blog\/circuit-challenger-itf-journee-de-reve-pour-les-tricolores-avec-quatre-titres\/"},"author":{"name":"S\u00e9bastien Gente","@id":"https:\/\/dicodusport.fr\/blog\/#\/schema\/person\/627966a6cde45dbd8c5e36ac85d783da"},"headline":"Circuit Challenger \/ ITF : Journ\u00e9e de r\u00eave pour les Tricolores avec quatre titres","datePublished":"2022-06-12T15:32:08+00:00","dateModified":"2022-06-12T15:38:34+00:00","mainEntityOfPage":{"@id":"https:\/\/dicodusport.fr\/blog\/circuit-challenger-itf-journee-de-reve-pour-les-tricolores-avec-quatre-titres\/"},"wordCount":836,"commentCount":0,"publisher":{"@id":"https:\/\/dicodusport.fr\/blog\/#organization"},"image":{"@id":"https:\/\/dicodusport.fr\/blog\/circuit-challenger-itf-journee-de-reve-pour-les-tricolores-avec-quatre-titres\/#primaryimage"},"thumbnailUrl":"https:\/\/dicodusport.fr\/blog\/wp-content\/uploads\/2022\/06\/Circuit-Challenger-ITF-Journee-de-reve-pour-les-Tricolores-avec-quatre-titres.png","keywords":["Alice Tubello","Corentin Moutet","Kristina Mladenovic","Laurent Lokoli","Tennis fran\u00e7ais"],"articleSection":["Tennis"],"inLanguage":"fr-FR","potentialAction":[{"@type":"CommentAction","name":"Comment","target":["https:\/\/dicodusport.fr\/blog\/circuit-challenger-itf-journee-de-reve-pour-les-tricolores-avec-quatre-titres\/#respond"]}],"copyrightYear":"2022","copyrightHolder":{"@id":"https:\/\/dicodusport.fr\/blog\/#organization"}},{"@type":"WebPage","@id":"https:\/\/dicodusport.fr\/blog\/circuit-challenger-itf-journee-de-reve-pour-les-tricolores-avec-quatre-titres\/","url":"https:\/\/dicodusport.fr\/blog\/circuit-challenger-itf-journee-de-reve-pour-les-tricolores-avec-quatre-titres\/","name":"Circuit Challenger \/ ITF : Journ\u00e9e de r\u00eave pour les Tricolores avec quatre titres","isPartOf":{"@id":"https:\/\/dicodusport.fr\/blog\/#website"},"primaryImageOfPage":{"@id":"https:\/\/dicodusport.fr\/blog\/circuit-challenger-itf-journee-de-reve-pour-les-tricolores-avec-quatre-titres\/#primaryimage"},"image":{"@id":"https:\/\/dicodusport.fr\/blog\/circuit-challenger-itf-journee-de-reve-pour-les-tricolores-avec-quatre-titres\/#primaryimage"},"thumbnailUrl":"https:\/\/dicodusport.fr\/blog\/wp-content\/uploads\/2022\/06\/Circuit-Challenger-ITF-Journee-de-reve-pour-les-Tricolores-avec-quatre-titres.png","datePublished":"2022-06-12T15:32:08+00:00","dateModified":"2022-06-12T15:38:34+00:00","description":"TENNIS - CIRCUIT CHALLENGER \/ ITF - Alice Tubello , Kristina Mladenovic, Laurent Lokoli et Corentin Moutet ont d\u00e9croch\u00e9 un titre ce dimanche","breadcrumb":{"@id":"https:\/\/dicodusport.fr\/blog\/circuit-challenger-itf-journee-de-reve-pour-les-tricolores-avec-quatre-titres\/#breadcrumb"},"inLanguage":"fr-FR","potentialAction":[{"@type":"ReadAction","target":["https:\/\/dicodusport.fr\/blog\/circuit-challenger-itf-journee-de-reve-pour-les-tricolores-avec-quatre-titres\/"]}]},{"@type":"ImageObject","inLanguage":"fr-FR","@id":"https:\/\/dicodusport.fr\/blog\/circuit-challenger-itf-journee-de-reve-pour-les-tricolores-avec-quatre-titres\/#primaryimage","url":"https:\/\/dicodusport.fr\/blog\/wp-content\/uploads\/2022\/06\/Circuit-Challenger-ITF-Journee-de-reve-pour-les-Tricolores-avec-quatre-titres.png","contentUrl":"https:\/\/dicodusport.fr\/blog\/wp-content\/uploads\/2022\/06\/Circuit-Challenger-ITF-Journee-de-reve-pour-les-Tricolores-avec-quatre-titres.png","width":800,"height":445,"caption":"Circuit Challenger ITF Journ\u00e9e de r\u00eave pour les Tricolores avec quatre titres"},{"@type":"BreadcrumbList","@id":"https:\/\/dicodusport.fr\/blog\/circuit-challenger-itf-journee-de-reve-pour-les-tricolores-avec-quatre-titres\/#breadcrumb","itemListElement":[{"@type":"ListItem","position":1,"name":"Accueil","item":"https:\/\/dicodusport.fr\/blog\/"},{"@type":"ListItem","position":2,"name":"Circuit Challenger \/ ITF : Journ\u00e9e de r\u00eave pour les Tricolores avec quatre titres"}]},{"@type":"WebSite","@id":"https:\/\/dicodusport.fr\/blog\/#website","url":"https:\/\/dicodusport.fr\/blog\/","name":"Dicodusport","description":"L&#039;encyclop\u00e9die de l&#039;actualit\u00e9 sportive","publisher":{"@id":"https:\/\/dicodusport.fr\/blog\/#organization"},"potentialAction":[{"@type":"SearchAction","target":{"@type":"EntryPoint","urlTemplate":"https:\/\/dicodusport.fr\/blog\/?s={search_term_string}"},"query-input":{"@type":"PropertyValueSpecification","valueRequired":true,"valueName":"search_term_string"}}],"inLanguage":"fr-FR"},{"@type":"NewsMediaOrganization","@id":"https:\/\/dicodusport.fr\/blog\/#organization","name":"Dicodusport","url":"https:\/\/dicodusport.fr\/blog\/","logo":{"@type":"ImageObject","inLanguage":"fr-FR","@id":"https:\/\/dicodusport.fr\/blog\/#\/schema\/logo\/image\/","url":"https:\/\/dicodusport.fr\/blog\/wp-content\/uploads\/2020\/06\/cropped-LOGO-DICODUSPORT-2020-SANS-FOND-SANS-TEXTE.png","contentUrl":"https:\/\/dicodusport.fr\/blog\/wp-content\/uploads\/2020\/06\/cropped-LOGO-DICODUSPORT-2020-SANS-FOND-SANS-TEXTE.png","width":512,"height":512,"caption":"Dicodusport"},"image":{"@id":"https:\/\/dicodusport.fr\/blog\/#\/schema\/logo\/image\/"},"sameAs":["https:\/\/www.facebook.com\/dicodusport","https:\/\/x.com\/dicodusport","https:\/\/www.instagram.com\/dicodusport\/","https:\/\/www.youtube.com\/channel\/UC7V2KZ5sd3htJivAbA4ZG3w"],"description":"Dicodusport est l'encyclop\u00e9die de l'actualit\u00e9 sportive.","email":"bonjour@dicodusport.fr","legalName":"DICODUSPORT","foundingDate":"2018-01-14","vatID":"FR71834470973","taxID":"83447097300043","numberOfEmployees":{"@type":"QuantitativeValue","minValue":"1","maxValue":"10"}},{"@type":"Person","@id":"https:\/\/dicodusport.fr\/blog\/#\/schema\/person\/627966a6cde45dbd8c5e36ac85d783da","name":"S\u00e9bastien Gente","image":{"@type":"ImageObject","inLanguage":"fr-FR","@id":"https:\/\/dicodusport.fr\/blog\/#\/schema\/person\/image\/","url":"https:\/\/dicodusport.fr\/blog\/wp-content\/uploads\/2021\/09\/1510990_10205810251400683_4124423575079401707_n-150x150.jpg","contentUrl":"https:\/\/dicodusport.fr\/blog\/wp-content\/uploads\/2021\/09\/1510990_10205810251400683_4124423575079401707_n-150x150.jpg","caption":"S\u00e9bastien Gente"},"description":"John Stockton, Gianni Bugno, Zinedine Zidane, Steffi Graf, Frode Andresen, St\u00e9phane Stoecklin, Davis Kamoga, Primoz Peterka, Werner Schlager et Aur\u00e9lien Rougerie. Point commun entre ces sportifs? Ils m'ont fait r\u00eaver et ont berc\u00e9 mon adolescence. Je suis un fondu de sports et j'essaie de retranscrire ma passion \u00e0 travers mes articles. Originaire du P\u00e9rigord, ma passion pour les Girondins, les Jaunards et les Jazzmen transpire dans mes \u00e9crits. \u00c0 Dicodusport depuis 2021, je d\u00e9niche les sports m\u00e9connus dans lesquels la France brille, et il y en a !","sameAs":["https:\/\/www.facebook.com\/sebastien.gente\/","https:\/\/www.instagram.com\/sebgente\/","https:\/\/www.linkedin.com\/in\/sbastien-gente-a29583169\/","https:\/\/x.com\/https:\/\/twitter.com\/globulo24","SebastienGente"],"worksFor":"S\u00e9bastien GENTE","url":"https:\/\/dicodusport.fr\/blog\/author\/sebastiengente\/"}]}},"_links":{"self":[{"href":"https:\/\/dicodusport.fr\/blog\/wp-json\/wp\/v2\/posts\/232367","targetHints":{"allow":["GET"]}}],"collection":[{"href":"https:\/\/dicodusport.fr\/blog\/wp-json\/wp\/v2\/posts"}],"about":[{"href":"https:\/\/dicodusport.fr\/blog\/wp-json\/wp\/v2\/types\/post"}],"author":[{"embeddable":true,"href":"https:\/\/dicodusport.fr\/blog\/wp-json\/wp\/v2\/users\/59"}],"replies":[{"embeddable":true,"href":"https:\/\/dicodusport.fr\/blog\/wp-json\/wp\/v2\/comments?post=232367"}],"version-history":[{"count":0,"href":"https:\/\/dicodusport.fr\/blog\/wp-json\/wp\/v2\/posts\/232367\/revisions"}],"wp:featuredmedia":[{"embeddable":true,"href":"https:\/\/dicodusport.fr\/blog\/wp-json\/wp\/v2\/media\/232528"}],"wp:attachment":[{"href":"https:\/\/dicodusport.fr\/blog\/wp-json\/wp\/v2\/media?parent=232367"}],"wp:term":[{"taxonomy":"category","embeddable":true,"href":"https:\/\/dicodusport.fr\/blog\/wp-json\/wp\/v2\/categories?post=232367"},{"taxonomy":"post_tag","embeddable":true,"href":"https:\/\/dicodusport.fr\/blog\/wp-json\/wp\/v2\/tags?post=232367"}],"curies":[{"name":"wp","href":"https:\/\/api.w.org\/{rel}","templated":true}]}}