{"id":232994,"date":"2022-06-14T12:11:00","date_gmt":"2022-06-14T10:11:00","guid":{"rendered":"https:\/\/dicodusport.fr\/blog\/?p=232994&#038;preview=true&#038;preview_id=232994"},"modified":"2022-06-14T13:37:42","modified_gmt":"2022-06-14T11:37:42","slug":"equipe-de-france-de-football-bilan-d-un-mois-de-juin-pourri","status":"publish","type":"post","link":"https:\/\/dicodusport.fr\/blog\/equipe-de-france-de-football-bilan-d-un-mois-de-juin-pourri\/","title":{"rendered":"\u00c9quipe de France de football : Le bilan d&rsquo;un mois de juin pourri"},"content":{"rendered":"<p style=\"text-align: justify;\"><b><i>LIGUE DES NATIONS &#8211; Pour conclure la saison 2021-2022, l&rsquo;\u00e9quipe de France a entam\u00e9 une nouvelle phase de Ligue des Nations, apr\u00e8s avoir remport\u00e9 l&rsquo;\u00e9dition pr\u00e9c\u00e9dente en octobre dernier. Au programme, quatre matchs dans une poule suppos\u00e9e \u00e0 la port\u00e9e des Bleus, dans une sorte de r\u00e9p\u00e9tition g\u00e9n\u00e9rale avant la Coupe du monde qui se disputera en novembre prochain.\u00a0<\/i><\/b><\/p>\n<p style=\"text-align: justify;\">Quatre matchs \u00e9taient au programme de cette phase de poules de <strong>Ligue des Nations<\/strong>. Un double affrontement contre la Croatie, un d\u00e9placement en Autriche et la r\u00e9ception du Danemark. Si sur le papier, l&rsquo;\u00e9quipe de France \u00e9tait favorite face aux autres nations, sur le terrain, ce fut beaucoup plus compliqu\u00e9 pour les hommes de <strong>Didier Deschamps<\/strong>, et les r\u00e9sultats n&rsquo;ont pas \u00e9t\u00e9 \u00e0 la hauteur.<\/p>\n<p style=\"text-align: justify;\">Avec 2 matchs nuls (<a href=\"https:\/\/dicodusport.fr\/blog\/ligue-des-nations-un-nul-regrettable-pour-les-bleus-face-a-la-croatie\/\">en Croatie<\/a> et <a href=\"https:\/\/dicodusport.fr\/blog\/ligue-des-nations-les-bleus-arrachent-le-point-du-nul-en-autriche\/\">en Autriche<\/a>) et 2 d\u00e9faites (au Stade de France face <a href=\"https:\/\/dicodusport.fr\/blog\/ligue-des-nations-les-bleus-surpris-par-le-danemark\/\">au Danemark<\/a> et <a href=\"https:\/\/dicodusport.fr\/blog\/ligue-des-nations-les-bleus-tombent-face-a-la-croatie\/\">\u00e0 la Croatie<\/a>), trois buts inscrits et cinq encaiss\u00e9s, le bilan est lourd et tr\u00e8s mauvais pour les champions du monde, avec une r\u00e9p\u00e9tition g\u00e9n\u00e9rale loup\u00e9e, \u00e0 quelques mois de la d\u00e9fense de leur titre, au Qatar.<\/p>\n<blockquote class=\"twitter-tweet\">\n<p dir=\"ltr\" lang=\"fr\">&#x1f1eb;&#x1f1f7; DOUCHE FROIDE POUR LES BLEUS ! Malgr\u00e9 l&rsquo;ouverture du score de Benzema, les tenants du titre chutent face au Danemark lors de la 1\u00e8re journ\u00e9e de la Ligue des Nations ! &#x1f937;&#x200d;&#x2642;&#xfe0f; <a href=\"https:\/\/twitter.com\/hashtag\/FRADAN?src=hash&amp;ref_src=twsrc%5Etfw\">#FRADAN<\/a> <a href=\"https:\/\/twitter.com\/hashtag\/NationsLeague?src=hash&amp;ref_src=twsrc%5Etfw\">#NationsLeague<\/a> <a href=\"https:\/\/t.co\/hm3ZNMNnuN\">pic.twitter.com\/hm3ZNMNnuN<\/a><\/p>\n<p>\u2014 Dicodusport &#x2b50;&#x2b50; (@dicodusport) <a href=\"https:\/\/twitter.com\/dicodusport\/status\/1532825216220528641?ref_src=twsrc%5Etfw\">June 3, 2022<\/a><\/p><\/blockquote>\n<p><script async src=\"https:\/\/platform.twitter.com\/widgets.js\" charset=\"utf-8\"><\/script><\/p>\n<h2 style=\"text-align: justify;\">Quels sont les maux ?<\/h2>\n<p style=\"text-align: justify;\">Si la fatigue de fin de saison s&rsquo;est accumul\u00e9e et que les jambes \u00e9taient par cons\u00e9quent lourdes pour les internationaux qui ont disput\u00e9 \u00e9norm\u00e9ment de matchs depuis le mois d\u2019ao\u00fbt dernier, ce n&rsquo;est pas la seule explication. Le mental des Bleus a aussi \u00e9t\u00e9 d\u00e9faillant. Peut-\u00eatre d\u00e9j\u00e0 en vacances dans leur t\u00eate, les hommes de <strong>Deschamps<\/strong> n&rsquo;ont pas montr\u00e9 l&rsquo;envie d&rsquo;un champion, et ont failli collectivement, sans mettre l&rsquo;\u00e9nergie n\u00e9cessaire.<\/p>\n<p style=\"text-align: justify;\">Les diff\u00e9rentes blessures et les formes de chacun n&rsquo;ont pas aid\u00e9 le s\u00e9lectionneur \u00e0 faire preuve de stabilit\u00e9, avec un calendrier charg\u00e9, o\u00f9 ils ont d\u00fb jouer 4 matchs en l&rsquo;espace de 10 jours. L&rsquo;ancien coach de Marseille a donc d\u00fb s&rsquo;ajuster tactiquement avec 3 compositions diff\u00e9rentes en 4 matchs. Mais il a aussi d\u00fb m\u00e9nager certains cadres en faisant tourner, et aligner de jeunes joueurs qui n&rsquo;avaient pas ou peu d&rsquo;exp\u00e9rience internationale.<\/p>\n<h2>Le bilan des joueurs<\/h2>\n<p style=\"text-align: justify;\"><strong>Griezmann, Benzema, Th\u00e9o Hernandez, Kound\u00e9, Diaby, Coman<\/strong>, voil\u00e0 la liste des joueurs qui n&rsquo;auront pas forc\u00e9ment marqu\u00e9 des points. Pour <strong>Antoine Griezmann<\/strong>, ce n&rsquo;est pas d&rsquo;aujourd&rsquo;hui, et il n&rsquo;est plus autant d\u00e9cisif qu\u2019auparavant en \u00e9quipe de France. Son r\u00f4le de meneur derri\u00e8re <strong>Mbapp\u00e9<\/strong> et <strong>Benzema<\/strong> n&rsquo;est pas une franche r\u00e9ussite cette saison, pour le 3\u00e8me au classement du Ballon d&rsquo;Or 2018. Pour <strong>Karim Benzema<\/strong>, probablement futur Ballon d&rsquo;Or, on peut l&rsquo;excuser. Apr\u00e8s une saison sublime, il accuse peut-\u00eatre le coup \u00e0 34 ans.<\/p>\n<p style=\"text-align: justify;\"><strong>Hernandez<\/strong> et <strong>Kound\u00e9<\/strong> n&rsquo;ont pas assez montr\u00e9 de s\u00e9r\u00e9nit\u00e9 d\u00e9fensivement, mais aussi \u00e0 la relance, en provoquant des pertes de balle importantes. Enfin, les ailiers n&rsquo;auront pas apport\u00e9 assez offensivement, n&rsquo;\u00e9tant pas assez provocateurs : on attend de ces joueurs qu&rsquo;ils fassent la diff\u00e9rence par des coups d&rsquo;\u00e9clat, et en travaillant sur leur c\u00f4t\u00e9.<\/p>\n<p style=\"text-align: justify;\">Si d&rsquo;autres joueurs comme <strong>Tchouam\u00e9ni<\/strong> o\u00f9 encore <strong>Mbapp\u00e9<\/strong> ont \u00e9t\u00e9 \u00e0 la hauteur des esp\u00e9rances, le reste de l&rsquo;\u00e9quipe a \u00e9t\u00e9 en-de\u00e7\u00e0 de ce qu&rsquo;on attendait d&rsquo;eux, comptant uniquement sur des \u00e9clairs de g\u00e9nie individuels de ses cadres pour marquer. C&rsquo;est trop peu pour une \u00e9quipe qui affichait le meilleur collectif au monde en 2018. Il faut trouver un plan B lors de ce genre de match, offensivement, et peut-\u00eatre que l&rsquo;absence d&rsquo;<strong>Olivier Giroud<\/strong> a \u00e9t\u00e9 pr\u00e9judiciable. Le Milanais permet aux Bleus d&rsquo;apporter une solution de rechange sur des rencontres ferm\u00e9es, lorsque les Bleus ont la possession du ballon face \u00e0 un bloc bas.<\/p>\n<blockquote class=\"twitter-tweet\">\n<p dir=\"ltr\" lang=\"fr\">Deux d\u00e9faites et deux nuls : un mois de juin (et une Ligue des Nations) \u00e0 oublier pour les Bleus &#x1f61e; <a href=\"https:\/\/twitter.com\/hashtag\/FRACRO?src=hash&amp;ref_src=twsrc%5Etfw\">#FRACRO<\/a> <a href=\"https:\/\/twitter.com\/hashtag\/NationsLeague?src=hash&amp;ref_src=twsrc%5Etfw\">#NationsLeague<\/a> <a href=\"https:\/\/t.co\/kwmOkxFIZu\">pic.twitter.com\/kwmOkxFIZu<\/a><\/p>\n<p>\u2014 Dicodusport &#x2b50;&#x2b50; (@dicodusport) <a href=\"https:\/\/twitter.com\/dicodusport\/status\/1536448241516130304?ref_src=twsrc%5Etfw\">June 13, 2022<\/a><\/p><\/blockquote>\n<p><script async src=\"https:\/\/platform.twitter.com\/widgets.js\" charset=\"utf-8\"><\/script><\/p>\n<h2 style=\"text-align: justify;\">Que retenir ?<\/h2>\n<p style=\"text-align: justify;\">Mais alors, faut-il s\u2019inqui\u00e9ter de l&rsquo;\u00e9tat de forme de l&rsquo;\u00e9quipe de France \u00e0 quelques mois de la Coupe du monde ? O\u00f9 ce sont simplement les circonstances de ce mois de juin (fatigue, t\u00eate aux vacances) qui ont d\u00e9bouch\u00e9 sur un bilan tr\u00e8s d\u00e9cevant ? Sans doute un peu des deux. Certes, les r\u00e9cents matchs des Bleus ne d\u00e9montrent pas une pleine confiance dans le jeu offensif et collectif. Mais on peut aussi se dire que les absences de certains cadres leur ont \u00e9t\u00e9 pr\u00e9judiciables. Comme par exemple <strong>Paul Pogba<\/strong>, o\u00f9 encore <strong>Rapha\u00ebl Varane<\/strong> et <strong>N&rsquo;Golo Kant\u00e9<\/strong>, qui n&rsquo;auront disput\u00e9 que le premier match.<\/p>\n<p style=\"text-align: justify;\">On peut aussi se dire que les matchs de pr\u00e9paration, quelques mois avant la Coupe du monde, ne r\u00e9ussissent pas sp\u00e9cialement aux Bleus. En mars 2018, les hommes de <strong>Deschamps<\/strong> s\u2019\u00e9taient inclin\u00e9s face \u00e0 la Colombie au Stade de France. Quelques mois plus tard, les Bleus ont obtenu le sacre ultime. Il faut d\u00e9sormais esp\u00e9rer pour les champions du monde que les derniers matchs de la phase de poule de Ligue des Nations fin septembre, soient meilleurs pour pr\u00e9parer au mieux le Mondial au Qatar.<\/p>\n<blockquote class=\"twitter-tweet\">\n<p dir=\"ltr\" lang=\"fr\">23 &#8211; La France a mis fin \u00e0 une s\u00e9rie de 23 matches en marquant au moins un but (51 au total), la plus longue de son histoire. Elle n\u2019avait plus \u00e9chou\u00e9 \u00e0 trouver le chemin des filets depuis le 11 novembre 2020 contre la Finlande en amical (0-2). Inqui\u00e9tant. <a href=\"https:\/\/twitter.com\/hashtag\/FRACRO?src=hash&amp;ref_src=twsrc%5Etfw\">#FRACRO<\/a> <a href=\"https:\/\/t.co\/BqpNVowvAV\">pic.twitter.com\/BqpNVowvAV<\/a><\/p>\n<p>\u2014 OptaJean (@OptaJean) <a href=\"https:\/\/twitter.com\/OptaJean\/status\/1536448411154714627?ref_src=twsrc%5Etfw\">June 13, 2022<\/a><\/p><\/blockquote>\n<p><script async src=\"https:\/\/platform.twitter.com\/widgets.js\" charset=\"utf-8\"><\/script><\/p>\n","protected":false},"excerpt":{"rendered":"<p>LIGUE DES NATIONS &#8211; Pour conclure la saison 2021-2022, l&rsquo;\u00e9quipe de France a entam\u00e9 une nouvelle phase de Ligue des Nations, apr\u00e8s avoir remport\u00e9 l&rsquo;\u00e9dition pr\u00e9c\u00e9dente en octobre dernier. Au programme, quatre matchs dans une poule suppos\u00e9e \u00e0 la port\u00e9e des Bleus, dans une sorte de r\u00e9p\u00e9tition g\u00e9n\u00e9rale avant la Coupe du monde qui se disputera en novembre prochain.\u00a0<\/p>\n","protected":false},"author":73,"featured_media":233047,"comment_status":"open","ping_status":"closed","sticky":false,"template":"","format":"standard","meta":{"_acf_changed":false,"_daextam_enable_autolinks":"","footnotes":""},"categories":[2301],"tags":[4318,199,75,24],"class_list":["post-232994","post","type-post","status-publish","format-standard","has-post-thumbnail","hentry","category-football","tag-didier-deschamps","tag-equipe-de-france","tag-football","tag-sport"],"acf":[],"yoast_head":"<!-- This site is optimized with the Yoast SEO Premium plugin v26.7 (Yoast SEO v26.7) - https:\/\/yoast.com\/wordpress\/plugins\/seo\/ -->\n<title>\u00c9quipe de France de football : Le bilan d&#039;un mois de juin pourri<\/title>\n<meta name=\"description\" content=\"Pour conclure la saison 2021-2022, l&#039;\u00e9quipe de France a disput\u00e9 quatre matchs en Ligue des Nations. Bilan de ces rencontres.\" \/>\n<meta name=\"robots\" content=\"index, follow, max-snippet:-1, max-image-preview:large, max-video-preview:-1\" \/>\n<link rel=\"canonical\" href=\"https:\/\/dicodusport.fr\/blog\/equipe-de-france-de-football-bilan-d-un-mois-de-juin-pourri\/\" \/>\n<meta property=\"og:locale\" content=\"fr_FR\" \/>\n<meta property=\"og:type\" content=\"article\" \/>\n<meta property=\"og:title\" content=\"\u00c9quipe de France de football : Le bilan d&#039;un mois de juin pourri\" \/>\n<meta property=\"og:description\" content=\"Pour conclure la saison 2021-2022, l&#039;\u00e9quipe de France a disput\u00e9 quatre matchs en Ligue des Nations. Bilan de ces rencontres.\" \/>\n<meta property=\"og:url\" content=\"https:\/\/dicodusport.fr\/blog\/equipe-de-france-de-football-bilan-d-un-mois-de-juin-pourri\/\" \/>\n<meta property=\"og:site_name\" content=\"Dicodusport\" \/>\n<meta property=\"article:publisher\" content=\"https:\/\/www.facebook.com\/dicodusport\" \/>\n<meta property=\"article:published_time\" content=\"2022-06-14T10:11:00+00:00\" \/>\n<meta property=\"article:modified_time\" content=\"2022-06-14T11:37:42+00:00\" \/>\n<meta property=\"og:image\" content=\"https:\/\/dicodusport.fr\/blog\/wp-content\/uploads\/2022\/06\/Equipe-de-France-de-football-La-bilan-dun-mois-de-juin-pourri.png\" \/>\n\t<meta property=\"og:image:width\" content=\"800\" \/>\n\t<meta property=\"og:image:height\" content=\"445\" \/>\n\t<meta property=\"og:image:type\" content=\"image\/png\" \/>\n<meta name=\"author\" content=\"Romain Fiore\" \/>\n<meta name=\"twitter:card\" content=\"summary_large_image\" \/>\n<meta name=\"twitter:title\" content=\"\u00c9quipe de France de football : Le bilan d&#039;un mois de juin pourri\" \/>\n<meta name=\"twitter:creator\" content=\"@https:\/\/twitter.com\/romain_fiore\" \/>\n<meta name=\"twitter:site\" content=\"@dicodusport\" \/>\n<script type=\"application\/ld+json\" class=\"yoast-schema-graph\">{\"@context\":\"https:\/\/schema.org\",\"@graph\":[{\"@type\":\"NewsArticle\",\"@id\":\"https:\/\/dicodusport.fr\/blog\/equipe-de-france-de-football-bilan-d-un-mois-de-juin-pourri\/#article\",\"isPartOf\":{\"@id\":\"https:\/\/dicodusport.fr\/blog\/equipe-de-france-de-football-bilan-d-un-mois-de-juin-pourri\/\"},\"author\":{\"name\":\"Romain Fiore\",\"@id\":\"https:\/\/dicodusport.fr\/blog\/#\/schema\/person\/7ca91cb9956847cfcdf25671708a6e4f\"},\"headline\":\"\u00c9quipe de France de football : Le bilan d&rsquo;un mois de juin pourri\",\"datePublished\":\"2022-06-14T10:11:00+00:00\",\"dateModified\":\"2022-06-14T11:37:42+00:00\",\"mainEntityOfPage\":{\"@id\":\"https:\/\/dicodusport.fr\/blog\/equipe-de-france-de-football-bilan-d-un-mois-de-juin-pourri\/\"},\"wordCount\":1016,\"commentCount\":0,\"publisher\":{\"@id\":\"https:\/\/dicodusport.fr\/blog\/#organization\"},\"image\":{\"@id\":\"https:\/\/dicodusport.fr\/blog\/equipe-de-france-de-football-bilan-d-un-mois-de-juin-pourri\/#primaryimage\"},\"thumbnailUrl\":\"https:\/\/dicodusport.fr\/blog\/wp-content\/uploads\/2022\/06\/Equipe-de-France-de-football-La-bilan-dun-mois-de-juin-pourri.png\",\"keywords\":[\"Didier Deschamps\",\"\u00c9quipe de France\",\"Football\",\"sport\"],\"articleSection\":[\"Football\"],\"inLanguage\":\"fr-FR\",\"potentialAction\":[{\"@type\":\"CommentAction\",\"name\":\"Comment\",\"target\":[\"https:\/\/dicodusport.fr\/blog\/equipe-de-france-de-football-bilan-d-un-mois-de-juin-pourri\/#respond\"]}],\"copyrightYear\":\"2022\",\"copyrightHolder\":{\"@id\":\"https:\/\/dicodusport.fr\/blog\/#organization\"}},{\"@type\":\"WebPage\",\"@id\":\"https:\/\/dicodusport.fr\/blog\/equipe-de-france-de-football-bilan-d-un-mois-de-juin-pourri\/\",\"url\":\"https:\/\/dicodusport.fr\/blog\/equipe-de-france-de-football-bilan-d-un-mois-de-juin-pourri\/\",\"name\":\"\u00c9quipe de France de football : Le bilan d'un mois de juin pourri\",\"isPartOf\":{\"@id\":\"https:\/\/dicodusport.fr\/blog\/#website\"},\"primaryImageOfPage\":{\"@id\":\"https:\/\/dicodusport.fr\/blog\/equipe-de-france-de-football-bilan-d-un-mois-de-juin-pourri\/#primaryimage\"},\"image\":{\"@id\":\"https:\/\/dicodusport.fr\/blog\/equipe-de-france-de-football-bilan-d-un-mois-de-juin-pourri\/#primaryimage\"},\"thumbnailUrl\":\"https:\/\/dicodusport.fr\/blog\/wp-content\/uploads\/2022\/06\/Equipe-de-France-de-football-La-bilan-dun-mois-de-juin-pourri.png\",\"datePublished\":\"2022-06-14T10:11:00+00:00\",\"dateModified\":\"2022-06-14T11:37:42+00:00\",\"description\":\"Pour conclure la saison 2021-2022, l'\u00e9quipe de France a disput\u00e9 quatre matchs en Ligue des Nations. Bilan de ces rencontres.\",\"breadcrumb\":{\"@id\":\"https:\/\/dicodusport.fr\/blog\/equipe-de-france-de-football-bilan-d-un-mois-de-juin-pourri\/#breadcrumb\"},\"inLanguage\":\"fr-FR\",\"potentialAction\":[{\"@type\":\"ReadAction\",\"target\":[\"https:\/\/dicodusport.fr\/blog\/equipe-de-france-de-football-bilan-d-un-mois-de-juin-pourri\/\"]}]},{\"@type\":\"ImageObject\",\"inLanguage\":\"fr-FR\",\"@id\":\"https:\/\/dicodusport.fr\/blog\/equipe-de-france-de-football-bilan-d-un-mois-de-juin-pourri\/#primaryimage\",\"url\":\"https:\/\/dicodusport.fr\/blog\/wp-content\/uploads\/2022\/06\/Equipe-de-France-de-football-La-bilan-dun-mois-de-juin-pourri.png\",\"contentUrl\":\"https:\/\/dicodusport.fr\/blog\/wp-content\/uploads\/2022\/06\/Equipe-de-France-de-football-La-bilan-dun-mois-de-juin-pourri.png\",\"width\":800,\"height\":445,\"caption\":\"\u00c9quipe de France de football La bilan d'un mois de juin pourri\"},{\"@type\":\"BreadcrumbList\",\"@id\":\"https:\/\/dicodusport.fr\/blog\/equipe-de-france-de-football-bilan-d-un-mois-de-juin-pourri\/#breadcrumb\",\"itemListElement\":[{\"@type\":\"ListItem\",\"position\":1,\"name\":\"Accueil\",\"item\":\"https:\/\/dicodusport.fr\/blog\/\"},{\"@type\":\"ListItem\",\"position\":2,\"name\":\"\u00c9quipe de France de football : Le bilan d&rsquo;un mois de juin pourri\"}]},{\"@type\":\"WebSite\",\"@id\":\"https:\/\/dicodusport.fr\/blog\/#website\",\"url\":\"https:\/\/dicodusport.fr\/blog\/\",\"name\":\"Dicodusport\",\"description\":\"L&#039;encyclop\u00e9die de l&#039;actualit\u00e9 sportive\",\"publisher\":{\"@id\":\"https:\/\/dicodusport.fr\/blog\/#organization\"},\"potentialAction\":[{\"@type\":\"SearchAction\",\"target\":{\"@type\":\"EntryPoint\",\"urlTemplate\":\"https:\/\/dicodusport.fr\/blog\/?s={search_term_string}\"},\"query-input\":{\"@type\":\"PropertyValueSpecification\",\"valueRequired\":true,\"valueName\":\"search_term_string\"}}],\"inLanguage\":\"fr-FR\"},{\"@type\":\"NewsMediaOrganization\",\"@id\":\"https:\/\/dicodusport.fr\/blog\/#organization\",\"name\":\"Dicodusport\",\"url\":\"https:\/\/dicodusport.fr\/blog\/\",\"logo\":{\"@type\":\"ImageObject\",\"inLanguage\":\"fr-FR\",\"@id\":\"https:\/\/dicodusport.fr\/blog\/#\/schema\/logo\/image\/\",\"url\":\"https:\/\/dicodusport.fr\/blog\/wp-content\/uploads\/2020\/06\/cropped-LOGO-DICODUSPORT-2020-SANS-FOND-SANS-TEXTE.png\",\"contentUrl\":\"https:\/\/dicodusport.fr\/blog\/wp-content\/uploads\/2020\/06\/cropped-LOGO-DICODUSPORT-2020-SANS-FOND-SANS-TEXTE.png\",\"width\":512,\"height\":512,\"caption\":\"Dicodusport\"},\"image\":{\"@id\":\"https:\/\/dicodusport.fr\/blog\/#\/schema\/logo\/image\/\"},\"sameAs\":[\"https:\/\/www.facebook.com\/dicodusport\",\"https:\/\/x.com\/dicodusport\",\"https:\/\/www.instagram.com\/dicodusport\/\",\"https:\/\/www.youtube.com\/channel\/UC7V2KZ5sd3htJivAbA4ZG3w\"],\"description\":\"Dicodusport est l'encyclop\u00e9die de l'actualit\u00e9 sportive.\",\"email\":\"bonjour@dicodusport.fr\",\"legalName\":\"DICODUSPORT\",\"foundingDate\":\"2018-01-14\",\"vatID\":\"FR71834470973\",\"taxID\":\"83447097300043\",\"numberOfEmployees\":{\"@type\":\"QuantitativeValue\",\"minValue\":\"1\",\"maxValue\":\"10\"}},{\"@type\":\"Person\",\"@id\":\"https:\/\/dicodusport.fr\/blog\/#\/schema\/person\/7ca91cb9956847cfcdf25671708a6e4f\",\"name\":\"Romain Fiore\",\"image\":{\"@type\":\"ImageObject\",\"inLanguage\":\"fr-FR\",\"@id\":\"https:\/\/dicodusport.fr\/blog\/#\/schema\/person\/image\/\",\"url\":\"https:\/\/dicodusport.fr\/blog\/wp-content\/uploads\/2022\/06\/IMG_2931-150x150.jpg\",\"contentUrl\":\"https:\/\/dicodusport.fr\/blog\/wp-content\/uploads\/2022\/06\/IMG_2931-150x150.jpg\",\"caption\":\"Romain Fiore\"},\"description\":\"Fan absolu de foot et d'un certain club \u00e0 l'\u00e9toile en bleu et blanc. Amateur de beau jeu et d'Argentins au pied gauche magique. Passionn\u00e9 de sport US (NBA, NFL, MLS) et loyal \u00e0 la Damian Lillard. Je suis l\u00e0 pour vous apporter tout ce que le sport peut nous donner.\",\"sameAs\":[\"https:\/\/www.linkedin.com\/in\/romain-fiore-191a451b6\/\",\"https:\/\/x.com\/https:\/\/twitter.com\/romain_fiore\"],\"url\":\"https:\/\/dicodusport.fr\/blog\/author\/romain-fiore\/\"}]}<\/script>\n<!-- \/ Yoast SEO Premium plugin. -->","yoast_head_json":{"title":"\u00c9quipe de France de football : Le bilan d'un mois de juin pourri","description":"Pour conclure la saison 2021-2022, l'\u00e9quipe de France a disput\u00e9 quatre matchs en Ligue des Nations. Bilan de ces rencontres.","robots":{"index":"index","follow":"follow","max-snippet":"max-snippet:-1","max-image-preview":"max-image-preview:large","max-video-preview":"max-video-preview:-1"},"canonical":"https:\/\/dicodusport.fr\/blog\/equipe-de-france-de-football-bilan-d-un-mois-de-juin-pourri\/","og_locale":"fr_FR","og_type":"article","og_title":"\u00c9quipe de France de football : Le bilan d'un mois de juin pourri","og_description":"Pour conclure la saison 2021-2022, l'\u00e9quipe de France a disput\u00e9 quatre matchs en Ligue des Nations. Bilan de ces rencontres.","og_url":"https:\/\/dicodusport.fr\/blog\/equipe-de-france-de-football-bilan-d-un-mois-de-juin-pourri\/","og_site_name":"Dicodusport","article_publisher":"https:\/\/www.facebook.com\/dicodusport","article_published_time":"2022-06-14T10:11:00+00:00","article_modified_time":"2022-06-14T11:37:42+00:00","og_image":[{"width":800,"height":445,"url":"https:\/\/dicodusport.fr\/blog\/wp-content\/uploads\/2022\/06\/Equipe-de-France-de-football-La-bilan-dun-mois-de-juin-pourri.png","type":"image\/png"}],"author":"Romain Fiore","twitter_card":"summary_large_image","twitter_title":"\u00c9quipe de France de football : Le bilan d'un mois de juin pourri","twitter_creator":"@https:\/\/twitter.com\/romain_fiore","twitter_site":"@dicodusport","schema":{"@context":"https:\/\/schema.org","@graph":[{"@type":"NewsArticle","@id":"https:\/\/dicodusport.fr\/blog\/equipe-de-france-de-football-bilan-d-un-mois-de-juin-pourri\/#article","isPartOf":{"@id":"https:\/\/dicodusport.fr\/blog\/equipe-de-france-de-football-bilan-d-un-mois-de-juin-pourri\/"},"author":{"name":"Romain Fiore","@id":"https:\/\/dicodusport.fr\/blog\/#\/schema\/person\/7ca91cb9956847cfcdf25671708a6e4f"},"headline":"\u00c9quipe de France de football : Le bilan d&rsquo;un mois de juin pourri","datePublished":"2022-06-14T10:11:00+00:00","dateModified":"2022-06-14T11:37:42+00:00","mainEntityOfPage":{"@id":"https:\/\/dicodusport.fr\/blog\/equipe-de-france-de-football-bilan-d-un-mois-de-juin-pourri\/"},"wordCount":1016,"commentCount":0,"publisher":{"@id":"https:\/\/dicodusport.fr\/blog\/#organization"},"image":{"@id":"https:\/\/dicodusport.fr\/blog\/equipe-de-france-de-football-bilan-d-un-mois-de-juin-pourri\/#primaryimage"},"thumbnailUrl":"https:\/\/dicodusport.fr\/blog\/wp-content\/uploads\/2022\/06\/Equipe-de-France-de-football-La-bilan-dun-mois-de-juin-pourri.png","keywords":["Didier Deschamps","\u00c9quipe de France","Football","sport"],"articleSection":["Football"],"inLanguage":"fr-FR","potentialAction":[{"@type":"CommentAction","name":"Comment","target":["https:\/\/dicodusport.fr\/blog\/equipe-de-france-de-football-bilan-d-un-mois-de-juin-pourri\/#respond"]}],"copyrightYear":"2022","copyrightHolder":{"@id":"https:\/\/dicodusport.fr\/blog\/#organization"}},{"@type":"WebPage","@id":"https:\/\/dicodusport.fr\/blog\/equipe-de-france-de-football-bilan-d-un-mois-de-juin-pourri\/","url":"https:\/\/dicodusport.fr\/blog\/equipe-de-france-de-football-bilan-d-un-mois-de-juin-pourri\/","name":"\u00c9quipe de France de football : Le bilan d'un mois de juin pourri","isPartOf":{"@id":"https:\/\/dicodusport.fr\/blog\/#website"},"primaryImageOfPage":{"@id":"https:\/\/dicodusport.fr\/blog\/equipe-de-france-de-football-bilan-d-un-mois-de-juin-pourri\/#primaryimage"},"image":{"@id":"https:\/\/dicodusport.fr\/blog\/equipe-de-france-de-football-bilan-d-un-mois-de-juin-pourri\/#primaryimage"},"thumbnailUrl":"https:\/\/dicodusport.fr\/blog\/wp-content\/uploads\/2022\/06\/Equipe-de-France-de-football-La-bilan-dun-mois-de-juin-pourri.png","datePublished":"2022-06-14T10:11:00+00:00","dateModified":"2022-06-14T11:37:42+00:00","description":"Pour conclure la saison 2021-2022, l'\u00e9quipe de France a disput\u00e9 quatre matchs en Ligue des Nations. Bilan de ces rencontres.","breadcrumb":{"@id":"https:\/\/dicodusport.fr\/blog\/equipe-de-france-de-football-bilan-d-un-mois-de-juin-pourri\/#breadcrumb"},"inLanguage":"fr-FR","potentialAction":[{"@type":"ReadAction","target":["https:\/\/dicodusport.fr\/blog\/equipe-de-france-de-football-bilan-d-un-mois-de-juin-pourri\/"]}]},{"@type":"ImageObject","inLanguage":"fr-FR","@id":"https:\/\/dicodusport.fr\/blog\/equipe-de-france-de-football-bilan-d-un-mois-de-juin-pourri\/#primaryimage","url":"https:\/\/dicodusport.fr\/blog\/wp-content\/uploads\/2022\/06\/Equipe-de-France-de-football-La-bilan-dun-mois-de-juin-pourri.png","contentUrl":"https:\/\/dicodusport.fr\/blog\/wp-content\/uploads\/2022\/06\/Equipe-de-France-de-football-La-bilan-dun-mois-de-juin-pourri.png","width":800,"height":445,"caption":"\u00c9quipe de France de football La bilan d'un mois de juin pourri"},{"@type":"BreadcrumbList","@id":"https:\/\/dicodusport.fr\/blog\/equipe-de-france-de-football-bilan-d-un-mois-de-juin-pourri\/#breadcrumb","itemListElement":[{"@type":"ListItem","position":1,"name":"Accueil","item":"https:\/\/dicodusport.fr\/blog\/"},{"@type":"ListItem","position":2,"name":"\u00c9quipe de France de football : Le bilan d&rsquo;un mois de juin pourri"}]},{"@type":"WebSite","@id":"https:\/\/dicodusport.fr\/blog\/#website","url":"https:\/\/dicodusport.fr\/blog\/","name":"Dicodusport","description":"L&#039;encyclop\u00e9die de l&#039;actualit\u00e9 sportive","publisher":{"@id":"https:\/\/dicodusport.fr\/blog\/#organization"},"potentialAction":[{"@type":"SearchAction","target":{"@type":"EntryPoint","urlTemplate":"https:\/\/dicodusport.fr\/blog\/?s={search_term_string}"},"query-input":{"@type":"PropertyValueSpecification","valueRequired":true,"valueName":"search_term_string"}}],"inLanguage":"fr-FR"},{"@type":"NewsMediaOrganization","@id":"https:\/\/dicodusport.fr\/blog\/#organization","name":"Dicodusport","url":"https:\/\/dicodusport.fr\/blog\/","logo":{"@type":"ImageObject","inLanguage":"fr-FR","@id":"https:\/\/dicodusport.fr\/blog\/#\/schema\/logo\/image\/","url":"https:\/\/dicodusport.fr\/blog\/wp-content\/uploads\/2020\/06\/cropped-LOGO-DICODUSPORT-2020-SANS-FOND-SANS-TEXTE.png","contentUrl":"https:\/\/dicodusport.fr\/blog\/wp-content\/uploads\/2020\/06\/cropped-LOGO-DICODUSPORT-2020-SANS-FOND-SANS-TEXTE.png","width":512,"height":512,"caption":"Dicodusport"},"image":{"@id":"https:\/\/dicodusport.fr\/blog\/#\/schema\/logo\/image\/"},"sameAs":["https:\/\/www.facebook.com\/dicodusport","https:\/\/x.com\/dicodusport","https:\/\/www.instagram.com\/dicodusport\/","https:\/\/www.youtube.com\/channel\/UC7V2KZ5sd3htJivAbA4ZG3w"],"description":"Dicodusport est l'encyclop\u00e9die de l'actualit\u00e9 sportive.","email":"bonjour@dicodusport.fr","legalName":"DICODUSPORT","foundingDate":"2018-01-14","vatID":"FR71834470973","taxID":"83447097300043","numberOfEmployees":{"@type":"QuantitativeValue","minValue":"1","maxValue":"10"}},{"@type":"Person","@id":"https:\/\/dicodusport.fr\/blog\/#\/schema\/person\/7ca91cb9956847cfcdf25671708a6e4f","name":"Romain Fiore","image":{"@type":"ImageObject","inLanguage":"fr-FR","@id":"https:\/\/dicodusport.fr\/blog\/#\/schema\/person\/image\/","url":"https:\/\/dicodusport.fr\/blog\/wp-content\/uploads\/2022\/06\/IMG_2931-150x150.jpg","contentUrl":"https:\/\/dicodusport.fr\/blog\/wp-content\/uploads\/2022\/06\/IMG_2931-150x150.jpg","caption":"Romain Fiore"},"description":"Fan absolu de foot et d'un certain club \u00e0 l'\u00e9toile en bleu et blanc. Amateur de beau jeu et d'Argentins au pied gauche magique. Passionn\u00e9 de sport US (NBA, NFL, MLS) et loyal \u00e0 la Damian Lillard. Je suis l\u00e0 pour vous apporter tout ce que le sport peut nous donner.","sameAs":["https:\/\/www.linkedin.com\/in\/romain-fiore-191a451b6\/","https:\/\/x.com\/https:\/\/twitter.com\/romain_fiore"],"url":"https:\/\/dicodusport.fr\/blog\/author\/romain-fiore\/"}]}},"_links":{"self":[{"href":"https:\/\/dicodusport.fr\/blog\/wp-json\/wp\/v2\/posts\/232994","targetHints":{"allow":["GET"]}}],"collection":[{"href":"https:\/\/dicodusport.fr\/blog\/wp-json\/wp\/v2\/posts"}],"about":[{"href":"https:\/\/dicodusport.fr\/blog\/wp-json\/wp\/v2\/types\/post"}],"author":[{"embeddable":true,"href":"https:\/\/dicodusport.fr\/blog\/wp-json\/wp\/v2\/users\/73"}],"replies":[{"embeddable":true,"href":"https:\/\/dicodusport.fr\/blog\/wp-json\/wp\/v2\/comments?post=232994"}],"version-history":[{"count":0,"href":"https:\/\/dicodusport.fr\/blog\/wp-json\/wp\/v2\/posts\/232994\/revisions"}],"wp:featuredmedia":[{"embeddable":true,"href":"https:\/\/dicodusport.fr\/blog\/wp-json\/wp\/v2\/media\/233047"}],"wp:attachment":[{"href":"https:\/\/dicodusport.fr\/blog\/wp-json\/wp\/v2\/media?parent=232994"}],"wp:term":[{"taxonomy":"category","embeddable":true,"href":"https:\/\/dicodusport.fr\/blog\/wp-json\/wp\/v2\/categories?post=232994"},{"taxonomy":"post_tag","embeddable":true,"href":"https:\/\/dicodusport.fr\/blog\/wp-json\/wp\/v2\/tags?post=232994"}],"curies":[{"name":"wp","href":"https:\/\/api.w.org\/{rel}","templated":true}]}}