{"id":233021,"date":"2022-06-15T14:31:44","date_gmt":"2022-06-15T12:31:44","guid":{"rendered":"https:\/\/dicodusport.fr\/blog\/?p=233021&#038;preview=true&#038;preview_id=233021"},"modified":"2022-06-15T20:31:22","modified_gmt":"2022-06-15T18:31:22","slug":"route-d-occitanie-2022-parcours-en-detail","status":"publish","type":"post","link":"https:\/\/dicodusport.fr\/blog\/route-d-occitanie-2022-parcours-en-detail\/","title":{"rendered":"La Route d&rsquo;Occitanie 2022 &#8211; Le parcours en d\u00e9tail"},"content":{"rendered":"<p style=\"text-align: justify;\"><em><strong><a href=\"https:\/\/dicodusport.fr\/blog\/actualites\/cyclisme\/cyclisme-sur-route-2022\/\">CYCLISME SUR ROUTE 2022<\/a> &#8211; <\/strong><span class=\"tojvnm2t a6sixzi8 abs2jz4q a8s20v7p t1p8iaqh k5wvi7nf q3lfd5jv pk4s997a bipmatt0 cebpdrjk qowsmv63 owwhemhu dp1hu0rb dhp61c6y iyyx5f41\"><strong>La 46\u00e8me \u00e9dition de la Route d&rsquo;Occitanie, anciennement Route du Sud, se d\u00e9roulera du 16 au 19 juin 2022. Quatre \u00e9tapes seront au programme \u00e0 travers les routes des Hautes-Pyr\u00e9n\u00e9es, des Pyr\u00e9n\u00e9es-Orientales, de l&rsquo;Ari\u00e8ge, du Tarn, de l&rsquo;Aveyron, du Gers et de la Haute-Garonne. Huit \u00e9quipes World Tour seront pr\u00e9sentes au d\u00e9part de cette course de pr\u00e9paration en vue du Tour de France.<\/strong> <\/span><\/em><\/p>\n<h2 style=\"text-align: justify;\"><strong>Le parcours de La <\/strong>Route d&rsquo;Occitanie <strong>2022 en d\u00e9tail<\/strong><\/h2>\n<p style=\"text-align: justify;\"><span class=\"tojvnm2t a6sixzi8 abs2jz4q a8s20v7p t1p8iaqh k5wvi7nf q3lfd5jv pk4s997a bipmatt0 cebpdrjk qowsmv63 owwhemhu dp1hu0rb dhp61c6y iyyx5f41\">D&rsquo;abord, la premi\u00e8re \u00e9tape reliera entre <strong>S\u00e9m\u00e9ac<\/strong> \u00e0 <strong>L\u2019Isle Jourdain<\/strong> avec un profil plat et donc une explication entre les sprinteurs. Deux c\u00f4tes de troisi\u00e8me cat\u00e9gorie seront pr\u00e9sentes dans les 50 premiers kilom\u00e8tres, alors qu&rsquo;une troisi\u00e8me et la derni\u00e8re bosse sera \u00e0 gravir apr\u00e8s le premier passage sur la ligne, \u00e0 moins de 25 kilom\u00e8tres de l&rsquo;arriv\u00e9e. <\/span><\/p>\n<p style=\"text-align: justify;\"><span class=\"tojvnm2t a6sixzi8 abs2jz4q a8s20v7p t1p8iaqh k5wvi7nf q3lfd5jv pk4s997a bipmatt0 cebpdrjk qowsmv63 owwhemhu dp1hu0rb dhp61c6y iyyx5f41\">Ensuite, une \u00e9tape de moyenne montagne sera propos\u00e9e aux coureurs entre <strong>Graulhet<\/strong> et <strong>Roquefort-sur-Soulzon<\/strong>. Apr\u00e8s 28 kilom\u00e8tres plut\u00f4t faciles, la premi\u00e8re difficult\u00e9 devrait permettre aux baroudeurs de prendre le large avec la C\u00f4te de Lacrouzette (6 km \u00e0 4 % avec un petit faux plat montant avec son sommet). Moins de dix kilom\u00e8tres plus loin, les coureurs devront grimper la C\u00f4te de la Gl\u00e9vade (5,6 km \u00e0 4,4 %). M\u00eame s&rsquo;il n&rsquo;est pas class\u00e9 au classement de la montagne, le Col de Si\u00e9 (14 km \u00e0 3 %) devrait bien user les organismes et permettre au peloton de r\u00e9duire l&rsquo;\u00e9cart des fuyards. Enfin, apr\u00e8s une portion en vall\u00e9e de moins de 25 kilom\u00e8tres, place \u00e0 un final exigeant avec dans un premier temps la C\u00f4te de Tiergues (5 km \u00e0 4,6 %) et la bosse finale, longue de 1900 m\u00e8tres \u00e0 4,5 %. <\/span><\/p>\n<p style=\"text-align: justify;\"><span class=\"tojvnm2t a6sixzi8 abs2jz4q a8s20v7p t1p8iaqh k5wvi7nf q3lfd5jv pk4s997a bipmatt0 cebpdrjk qowsmv63 owwhemhu dp1hu0rb dhp61c6y iyyx5f41\">Puis, place \u00e0 l&rsquo;\u00e9tape reine de cette \u00e9dition avec une arriv\u00e9e dans la station des <strong>Angles<\/strong>. Les 60 premiers kilom\u00e8tres seront assez plats afin d&rsquo;atteindre la Mont\u00e9e du Barrage de l&rsquo;Agly (2 km \u00e0 6 %). Par la suite, les coureurs entreront s\u00e9rieusement dans les Pyr\u00e9n\u00e9es avec le Col de Roque Jal\u00e8re (8 km \u00e0 6 %), le Col de Jau (20,8 km \u00e0 5,3 %) et le Col des Hares (11,1 km \u00e0 6,2 %). Au sommet de ce dernier, \u00e0 18 kilom\u00e8tres du terme, il n&rsquo;y aura pas de r\u00e9elle descente, puisque les coureurs resteront sur un plateau afin d&rsquo;atteindre la ligne d&rsquo;arriv\u00e9e au sommet d&rsquo;une c\u00f4te de 2 700 m\u00e8tres \u00e0 6,8 %. <\/span><\/p>\n<p style=\"text-align: justify;\"><span class=\"tojvnm2t a6sixzi8 abs2jz4q a8s20v7p t1p8iaqh k5wvi7nf q3lfd5jv pk4s997a bipmatt0 cebpdrjk qowsmv63 owwhemhu dp1hu0rb dhp61c6y iyyx5f41\">Enfin, la derni\u00e8re \u00e9tape prendra la direction d&rsquo;<strong>Auterive<\/strong> avec une \u00e9tape en deux parties. La premi\u00e8re sera vallonn\u00e9e avec la longue descente de d\u00e9part depuis les Angles et deux c\u00f4tes \u00e0 gravir tandis que la seconde moiti\u00e9 sera plate avec un circuit de 17,8 kilom\u00e8tres, au sud de Toulouse.<\/span><\/p>\n<div id=\"attachment_233445\" style=\"width: 626px\" class=\"wp-caption aligncenter\"><a href=\"https:\/\/dicodusport.fr\/blog\/wp-content\/uploads\/2022\/06\/La-carte-du-parcours-de-la-Route-dOccitanie-2022.png\"><img loading=\"lazy\" decoding=\"async\" aria-describedby=\"caption-attachment-233445\" class=\"size-full wp-image-233445\" src=\"https:\/\/dicodusport.fr\/blog\/wp-content\/uploads\/2022\/06\/La-carte-du-parcours-de-la-Route-dOccitanie-2022.png\" alt=\"La carte du parcours de la Route d'Occitanie 2022\" width=\"616\" height=\"491\" srcset=\"https:\/\/dicodusport.fr\/blog\/wp-content\/uploads\/2022\/06\/La-carte-du-parcours-de-la-Route-dOccitanie-2022.png 616w, https:\/\/dicodusport.fr\/blog\/wp-content\/uploads\/2022\/06\/La-carte-du-parcours-de-la-Route-dOccitanie-2022-300x239.png 300w\" sizes=\"auto, (max-width: 616px) 100vw, 616px\" \/><\/a><p id=\"caption-attachment-233445\" class=\"wp-caption-text\">La carte du parcours de la Route d&rsquo;Occitanie 2022 &#8211; Via laroutedoccitanie.fr<\/p><\/div>\n<h2 style=\"text-align: justify;\"><strong style=\"text-align: justify;\">\u00c0 lire aussi<\/strong><\/h2>\n<div style=\"text-align: justify;\">\n<ul>\n<li style=\"text-align: justify;\"><a href=\"https:\/\/dicodusport.fr\/blog\/la-route-occitanie-2022-a-quelle-heure-et-sur-quelle-chaine\/\"><strong>\u00c0 quelle heure et sur quelle cha\u00eene la<\/strong><strong> Route d&rsquo;Occitanie 2022 ?<\/strong><\/a><strong><br \/>\n<\/strong><\/li>\n<li style=\"text-align: justify;\"><a href=\"https:\/\/dicodusport.fr\/blog\/la-route-occitanie-2022-le-profil-des-etapes\/?utm_source=rss&amp;utm_medium=rss&amp;utm_campaign=la-route-occitanie-2022-le-profil-des-etapes\"><strong>Profil des \u00e9tapes de la Route d&rsquo;Occitanie 2022<\/strong><\/a><\/li>\n<li style=\"text-align: justify;\"><a href=\"https:\/\/dicodusport.fr\/blog\/les-engages-de-la-route-occitanie-2022\/\" target=\"_blank\" rel=\"noopener\"><strong>Les engag\u00e9s de la<\/strong><strong> Route d&rsquo;Occitanie<\/strong><strong> 2022<\/strong><\/a><\/li>\n<\/ul>\n<\/div>\n","protected":false},"excerpt":{"rendered":"<p>CYCLISME SUR ROUTE 2022 &#8211; La 46\u00e8me \u00e9dition de la Route d&rsquo;Occitanie, anciennement Route du Sud, se d\u00e9roulera du 16 au 19 juin 2022. Quatre \u00e9tapes seront au programme \u00e0 travers les routes des Hautes-Pyr\u00e9n\u00e9es, des Pyr\u00e9n\u00e9es-Orientales, de l&rsquo;Ari\u00e8ge, du Tarn, de l&rsquo;Aveyron, du Gers et de la Haute-Garonne. Huit \u00e9quipes World Tour seront pr\u00e9sentes au d\u00e9part de cette course de pr\u00e9paration en vue du Tour de France.<\/p>\n","protected":false},"author":48,"featured_media":233443,"comment_status":"open","ping_status":"closed","sticky":false,"template":"","format":"standard","meta":{"_acf_changed":false,"_daextam_enable_autolinks":"","footnotes":""},"categories":[46994],"tags":[8127],"class_list":["post-233021","post","type-post","status-publish","format-standard","has-post-thumbnail","hentry","category-cyclisme-sur-route","tag-route-doccitanie"],"acf":[],"yoast_head":"<!-- This site is optimized with the Yoast SEO Premium plugin v26.7 (Yoast SEO v26.7) - https:\/\/yoast.com\/wordpress\/plugins\/seo\/ -->\n<title>La Route d&#039;Occitanie 2022 - Le parcours en d\u00e9tail<\/title>\n<meta name=\"description\" content=\"CYCLISME SUR ROUTE 2022 - La 46e \u00e9dition de la Route d&#039;Occitanie se d\u00e9roulera du 16 au 19 juin 2022. Le parcours en d\u00e9tail.\" \/>\n<meta name=\"robots\" content=\"index, follow, max-snippet:-1, max-image-preview:large, max-video-preview:-1\" \/>\n<link rel=\"canonical\" href=\"https:\/\/dicodusport.fr\/blog\/route-d-occitanie-2022-parcours-en-detail\/\" \/>\n<meta property=\"og:locale\" content=\"fr_FR\" \/>\n<meta property=\"og:type\" content=\"article\" \/>\n<meta property=\"og:title\" content=\"La Route d&#039;Occitanie 2022 - Le parcours en d\u00e9tail\" \/>\n<meta property=\"og:description\" content=\"CYCLISME SUR ROUTE 2022 - La 46e \u00e9dition de la Route d&#039;Occitanie se d\u00e9roulera du 16 au 19 juin 2022. Le parcours en d\u00e9tail.\" \/>\n<meta property=\"og:url\" content=\"https:\/\/dicodusport.fr\/blog\/route-d-occitanie-2022-parcours-en-detail\/\" \/>\n<meta property=\"og:site_name\" content=\"Dicodusport\" \/>\n<meta property=\"article:publisher\" content=\"https:\/\/www.facebook.com\/dicodusport\" \/>\n<meta property=\"article:author\" content=\"https:\/\/www.facebook.com\/groups\/LesRoisDuPeloton\" \/>\n<meta property=\"article:published_time\" content=\"2022-06-15T12:31:44+00:00\" \/>\n<meta property=\"article:modified_time\" content=\"2022-06-15T18:31:22+00:00\" \/>\n<meta property=\"og:image\" content=\"https:\/\/dicodusport.fr\/blog\/wp-content\/uploads\/2022\/06\/Route-dOccitanie-2022-Le-parcours-en-detail.png\" \/>\n\t<meta property=\"og:image:width\" content=\"800\" \/>\n\t<meta property=\"og:image:height\" content=\"445\" \/>\n\t<meta property=\"og:image:type\" content=\"image\/png\" \/>\n<meta name=\"author\" content=\"Emilien Descampiaux\" \/>\n<meta name=\"twitter:card\" content=\"summary_large_image\" \/>\n<meta name=\"twitter:title\" content=\"La Route d&#039;Occitanie 2022 - Le parcours en d\u00e9tail\" \/>\n<meta name=\"twitter:creator\" content=\"@https:\/\/twitter.com\/LRoisDuPeloton\" \/>\n<meta name=\"twitter:site\" content=\"@dicodusport\" \/>\n<script type=\"application\/ld+json\" class=\"yoast-schema-graph\">{\"@context\":\"https:\/\/schema.org\",\"@graph\":[{\"@type\":\"NewsArticle\",\"@id\":\"https:\/\/dicodusport.fr\/blog\/route-d-occitanie-2022-parcours-en-detail\/#article\",\"isPartOf\":{\"@id\":\"https:\/\/dicodusport.fr\/blog\/route-d-occitanie-2022-parcours-en-detail\/\"},\"author\":{\"name\":\"Emilien Descampiaux\",\"@id\":\"https:\/\/dicodusport.fr\/blog\/#\/schema\/person\/6db4bae06b171592211be385b32876a7\"},\"headline\":\"La Route d&rsquo;Occitanie 2022 &#8211; Le parcours en d\u00e9tail\",\"datePublished\":\"2022-06-15T12:31:44+00:00\",\"dateModified\":\"2022-06-15T18:31:22+00:00\",\"mainEntityOfPage\":{\"@id\":\"https:\/\/dicodusport.fr\/blog\/route-d-occitanie-2022-parcours-en-detail\/\"},\"wordCount\":516,\"commentCount\":0,\"publisher\":{\"@id\":\"https:\/\/dicodusport.fr\/blog\/#organization\"},\"image\":{\"@id\":\"https:\/\/dicodusport.fr\/blog\/route-d-occitanie-2022-parcours-en-detail\/#primaryimage\"},\"thumbnailUrl\":\"https:\/\/dicodusport.fr\/blog\/wp-content\/uploads\/2022\/06\/Route-dOccitanie-2022-Le-parcours-en-detail.png\",\"keywords\":[\"Route d'Occitanie\"],\"articleSection\":[\"Cyclisme sur route\"],\"inLanguage\":\"fr-FR\",\"potentialAction\":[{\"@type\":\"CommentAction\",\"name\":\"Comment\",\"target\":[\"https:\/\/dicodusport.fr\/blog\/route-d-occitanie-2022-parcours-en-detail\/#respond\"]}],\"copyrightYear\":\"2022\",\"copyrightHolder\":{\"@id\":\"https:\/\/dicodusport.fr\/blog\/#organization\"}},{\"@type\":\"WebPage\",\"@id\":\"https:\/\/dicodusport.fr\/blog\/route-d-occitanie-2022-parcours-en-detail\/\",\"url\":\"https:\/\/dicodusport.fr\/blog\/route-d-occitanie-2022-parcours-en-detail\/\",\"name\":\"La Route d'Occitanie 2022 - Le parcours en d\u00e9tail\",\"isPartOf\":{\"@id\":\"https:\/\/dicodusport.fr\/blog\/#website\"},\"primaryImageOfPage\":{\"@id\":\"https:\/\/dicodusport.fr\/blog\/route-d-occitanie-2022-parcours-en-detail\/#primaryimage\"},\"image\":{\"@id\":\"https:\/\/dicodusport.fr\/blog\/route-d-occitanie-2022-parcours-en-detail\/#primaryimage\"},\"thumbnailUrl\":\"https:\/\/dicodusport.fr\/blog\/wp-content\/uploads\/2022\/06\/Route-dOccitanie-2022-Le-parcours-en-detail.png\",\"datePublished\":\"2022-06-15T12:31:44+00:00\",\"dateModified\":\"2022-06-15T18:31:22+00:00\",\"description\":\"CYCLISME SUR ROUTE 2022 - La 46e \u00e9dition de la Route d'Occitanie se d\u00e9roulera du 16 au 19 juin 2022. Le parcours en d\u00e9tail.\",\"breadcrumb\":{\"@id\":\"https:\/\/dicodusport.fr\/blog\/route-d-occitanie-2022-parcours-en-detail\/#breadcrumb\"},\"inLanguage\":\"fr-FR\",\"potentialAction\":[{\"@type\":\"ReadAction\",\"target\":[\"https:\/\/dicodusport.fr\/blog\/route-d-occitanie-2022-parcours-en-detail\/\"]}]},{\"@type\":\"ImageObject\",\"inLanguage\":\"fr-FR\",\"@id\":\"https:\/\/dicodusport.fr\/blog\/route-d-occitanie-2022-parcours-en-detail\/#primaryimage\",\"url\":\"https:\/\/dicodusport.fr\/blog\/wp-content\/uploads\/2022\/06\/Route-dOccitanie-2022-Le-parcours-en-detail.png\",\"contentUrl\":\"https:\/\/dicodusport.fr\/blog\/wp-content\/uploads\/2022\/06\/Route-dOccitanie-2022-Le-parcours-en-detail.png\",\"width\":800,\"height\":445,\"caption\":\"Route d'Occitanie 2022 - Le parcours en d\u00e9tail\"},{\"@type\":\"BreadcrumbList\",\"@id\":\"https:\/\/dicodusport.fr\/blog\/route-d-occitanie-2022-parcours-en-detail\/#breadcrumb\",\"itemListElement\":[{\"@type\":\"ListItem\",\"position\":1,\"name\":\"Accueil\",\"item\":\"https:\/\/dicodusport.fr\/blog\/\"},{\"@type\":\"ListItem\",\"position\":2,\"name\":\"La Route d&rsquo;Occitanie 2022 &#8211; Le parcours en d\u00e9tail\"}]},{\"@type\":\"WebSite\",\"@id\":\"https:\/\/dicodusport.fr\/blog\/#website\",\"url\":\"https:\/\/dicodusport.fr\/blog\/\",\"name\":\"Dicodusport\",\"description\":\"L&#039;encyclop\u00e9die de l&#039;actualit\u00e9 sportive\",\"publisher\":{\"@id\":\"https:\/\/dicodusport.fr\/blog\/#organization\"},\"potentialAction\":[{\"@type\":\"SearchAction\",\"target\":{\"@type\":\"EntryPoint\",\"urlTemplate\":\"https:\/\/dicodusport.fr\/blog\/?s={search_term_string}\"},\"query-input\":{\"@type\":\"PropertyValueSpecification\",\"valueRequired\":true,\"valueName\":\"search_term_string\"}}],\"inLanguage\":\"fr-FR\"},{\"@type\":\"NewsMediaOrganization\",\"@id\":\"https:\/\/dicodusport.fr\/blog\/#organization\",\"name\":\"Dicodusport\",\"url\":\"https:\/\/dicodusport.fr\/blog\/\",\"logo\":{\"@type\":\"ImageObject\",\"inLanguage\":\"fr-FR\",\"@id\":\"https:\/\/dicodusport.fr\/blog\/#\/schema\/logo\/image\/\",\"url\":\"https:\/\/dicodusport.fr\/blog\/wp-content\/uploads\/2020\/06\/cropped-LOGO-DICODUSPORT-2020-SANS-FOND-SANS-TEXTE.png\",\"contentUrl\":\"https:\/\/dicodusport.fr\/blog\/wp-content\/uploads\/2020\/06\/cropped-LOGO-DICODUSPORT-2020-SANS-FOND-SANS-TEXTE.png\",\"width\":512,\"height\":512,\"caption\":\"Dicodusport\"},\"image\":{\"@id\":\"https:\/\/dicodusport.fr\/blog\/#\/schema\/logo\/image\/\"},\"sameAs\":[\"https:\/\/www.facebook.com\/dicodusport\",\"https:\/\/x.com\/dicodusport\",\"https:\/\/www.instagram.com\/dicodusport\/\",\"https:\/\/www.youtube.com\/channel\/UC7V2KZ5sd3htJivAbA4ZG3w\"],\"description\":\"Dicodusport est l'encyclop\u00e9die de l'actualit\u00e9 sportive.\",\"email\":\"bonjour@dicodusport.fr\",\"legalName\":\"DICODUSPORT\",\"foundingDate\":\"2018-01-14\",\"vatID\":\"FR71834470973\",\"taxID\":\"83447097300043\",\"numberOfEmployees\":{\"@type\":\"QuantitativeValue\",\"minValue\":\"1\",\"maxValue\":\"10\"}},{\"@type\":\"Person\",\"@id\":\"https:\/\/dicodusport.fr\/blog\/#\/schema\/person\/6db4bae06b171592211be385b32876a7\",\"name\":\"Emilien Descampiaux\",\"image\":{\"@type\":\"ImageObject\",\"inLanguage\":\"fr-FR\",\"@id\":\"https:\/\/dicodusport.fr\/blog\/#\/schema\/person\/image\/\",\"url\":\"https:\/\/dicodusport.fr\/blog\/wp-content\/uploads\/2021\/05\/Emilien-Descampiaux-150x150.jpg\",\"contentUrl\":\"https:\/\/dicodusport.fr\/blog\/wp-content\/uploads\/2021\/05\/Emilien-Descampiaux-150x150.jpg\",\"caption\":\"Emilien Descampiaux\"},\"description\":\"Journaliste\/r\u00e9dacteur depuis 2014 - Fan de la classe de Frank Vandenbroucke, je vis cyclisme (et de ses paysages) depuis plus de 20 ans. Je suis tr\u00e8s impliqu\u00e9 sur mes diff\u00e9rents r\u00e9seaux sociaux pour partager ma passion sur le monde et l'Histoire de la bicyclette avec ma voix sur les images en noir et blanc du succ\u00e8s de Rik Van Steenbergen lors du Ronde sur le V\u00e9lodrome de Gand.\",\"sameAs\":[\"https:\/\/www.facebook.com\/groups\/LesRoisDuPeloton\",\"https:\/\/x.com\/https:\/\/twitter.com\/LRoisDuPeloton\"],\"url\":\"https:\/\/dicodusport.fr\/blog\/author\/emiliend\/\"}]}<\/script>\n<!-- \/ Yoast SEO Premium plugin. -->","yoast_head_json":{"title":"La Route d'Occitanie 2022 - Le parcours en d\u00e9tail","description":"CYCLISME SUR ROUTE 2022 - La 46e \u00e9dition de la Route d'Occitanie se d\u00e9roulera du 16 au 19 juin 2022. Le parcours en d\u00e9tail.","robots":{"index":"index","follow":"follow","max-snippet":"max-snippet:-1","max-image-preview":"max-image-preview:large","max-video-preview":"max-video-preview:-1"},"canonical":"https:\/\/dicodusport.fr\/blog\/route-d-occitanie-2022-parcours-en-detail\/","og_locale":"fr_FR","og_type":"article","og_title":"La Route d'Occitanie 2022 - Le parcours en d\u00e9tail","og_description":"CYCLISME SUR ROUTE 2022 - La 46e \u00e9dition de la Route d'Occitanie se d\u00e9roulera du 16 au 19 juin 2022. Le parcours en d\u00e9tail.","og_url":"https:\/\/dicodusport.fr\/blog\/route-d-occitanie-2022-parcours-en-detail\/","og_site_name":"Dicodusport","article_publisher":"https:\/\/www.facebook.com\/dicodusport","article_author":"https:\/\/www.facebook.com\/groups\/LesRoisDuPeloton","article_published_time":"2022-06-15T12:31:44+00:00","article_modified_time":"2022-06-15T18:31:22+00:00","og_image":[{"width":800,"height":445,"url":"https:\/\/dicodusport.fr\/blog\/wp-content\/uploads\/2022\/06\/Route-dOccitanie-2022-Le-parcours-en-detail.png","type":"image\/png"}],"author":"Emilien Descampiaux","twitter_card":"summary_large_image","twitter_title":"La Route d'Occitanie 2022 - Le parcours en d\u00e9tail","twitter_creator":"@https:\/\/twitter.com\/LRoisDuPeloton","twitter_site":"@dicodusport","schema":{"@context":"https:\/\/schema.org","@graph":[{"@type":"NewsArticle","@id":"https:\/\/dicodusport.fr\/blog\/route-d-occitanie-2022-parcours-en-detail\/#article","isPartOf":{"@id":"https:\/\/dicodusport.fr\/blog\/route-d-occitanie-2022-parcours-en-detail\/"},"author":{"name":"Emilien Descampiaux","@id":"https:\/\/dicodusport.fr\/blog\/#\/schema\/person\/6db4bae06b171592211be385b32876a7"},"headline":"La Route d&rsquo;Occitanie 2022 &#8211; Le parcours en d\u00e9tail","datePublished":"2022-06-15T12:31:44+00:00","dateModified":"2022-06-15T18:31:22+00:00","mainEntityOfPage":{"@id":"https:\/\/dicodusport.fr\/blog\/route-d-occitanie-2022-parcours-en-detail\/"},"wordCount":516,"commentCount":0,"publisher":{"@id":"https:\/\/dicodusport.fr\/blog\/#organization"},"image":{"@id":"https:\/\/dicodusport.fr\/blog\/route-d-occitanie-2022-parcours-en-detail\/#primaryimage"},"thumbnailUrl":"https:\/\/dicodusport.fr\/blog\/wp-content\/uploads\/2022\/06\/Route-dOccitanie-2022-Le-parcours-en-detail.png","keywords":["Route d'Occitanie"],"articleSection":["Cyclisme sur route"],"inLanguage":"fr-FR","potentialAction":[{"@type":"CommentAction","name":"Comment","target":["https:\/\/dicodusport.fr\/blog\/route-d-occitanie-2022-parcours-en-detail\/#respond"]}],"copyrightYear":"2022","copyrightHolder":{"@id":"https:\/\/dicodusport.fr\/blog\/#organization"}},{"@type":"WebPage","@id":"https:\/\/dicodusport.fr\/blog\/route-d-occitanie-2022-parcours-en-detail\/","url":"https:\/\/dicodusport.fr\/blog\/route-d-occitanie-2022-parcours-en-detail\/","name":"La Route d'Occitanie 2022 - Le parcours en d\u00e9tail","isPartOf":{"@id":"https:\/\/dicodusport.fr\/blog\/#website"},"primaryImageOfPage":{"@id":"https:\/\/dicodusport.fr\/blog\/route-d-occitanie-2022-parcours-en-detail\/#primaryimage"},"image":{"@id":"https:\/\/dicodusport.fr\/blog\/route-d-occitanie-2022-parcours-en-detail\/#primaryimage"},"thumbnailUrl":"https:\/\/dicodusport.fr\/blog\/wp-content\/uploads\/2022\/06\/Route-dOccitanie-2022-Le-parcours-en-detail.png","datePublished":"2022-06-15T12:31:44+00:00","dateModified":"2022-06-15T18:31:22+00:00","description":"CYCLISME SUR ROUTE 2022 - La 46e \u00e9dition de la Route d'Occitanie se d\u00e9roulera du 16 au 19 juin 2022. Le parcours en d\u00e9tail.","breadcrumb":{"@id":"https:\/\/dicodusport.fr\/blog\/route-d-occitanie-2022-parcours-en-detail\/#breadcrumb"},"inLanguage":"fr-FR","potentialAction":[{"@type":"ReadAction","target":["https:\/\/dicodusport.fr\/blog\/route-d-occitanie-2022-parcours-en-detail\/"]}]},{"@type":"ImageObject","inLanguage":"fr-FR","@id":"https:\/\/dicodusport.fr\/blog\/route-d-occitanie-2022-parcours-en-detail\/#primaryimage","url":"https:\/\/dicodusport.fr\/blog\/wp-content\/uploads\/2022\/06\/Route-dOccitanie-2022-Le-parcours-en-detail.png","contentUrl":"https:\/\/dicodusport.fr\/blog\/wp-content\/uploads\/2022\/06\/Route-dOccitanie-2022-Le-parcours-en-detail.png","width":800,"height":445,"caption":"Route d'Occitanie 2022 - Le parcours en d\u00e9tail"},{"@type":"BreadcrumbList","@id":"https:\/\/dicodusport.fr\/blog\/route-d-occitanie-2022-parcours-en-detail\/#breadcrumb","itemListElement":[{"@type":"ListItem","position":1,"name":"Accueil","item":"https:\/\/dicodusport.fr\/blog\/"},{"@type":"ListItem","position":2,"name":"La Route d&rsquo;Occitanie 2022 &#8211; Le parcours en d\u00e9tail"}]},{"@type":"WebSite","@id":"https:\/\/dicodusport.fr\/blog\/#website","url":"https:\/\/dicodusport.fr\/blog\/","name":"Dicodusport","description":"L&#039;encyclop\u00e9die de l&#039;actualit\u00e9 sportive","publisher":{"@id":"https:\/\/dicodusport.fr\/blog\/#organization"},"potentialAction":[{"@type":"SearchAction","target":{"@type":"EntryPoint","urlTemplate":"https:\/\/dicodusport.fr\/blog\/?s={search_term_string}"},"query-input":{"@type":"PropertyValueSpecification","valueRequired":true,"valueName":"search_term_string"}}],"inLanguage":"fr-FR"},{"@type":"NewsMediaOrganization","@id":"https:\/\/dicodusport.fr\/blog\/#organization","name":"Dicodusport","url":"https:\/\/dicodusport.fr\/blog\/","logo":{"@type":"ImageObject","inLanguage":"fr-FR","@id":"https:\/\/dicodusport.fr\/blog\/#\/schema\/logo\/image\/","url":"https:\/\/dicodusport.fr\/blog\/wp-content\/uploads\/2020\/06\/cropped-LOGO-DICODUSPORT-2020-SANS-FOND-SANS-TEXTE.png","contentUrl":"https:\/\/dicodusport.fr\/blog\/wp-content\/uploads\/2020\/06\/cropped-LOGO-DICODUSPORT-2020-SANS-FOND-SANS-TEXTE.png","width":512,"height":512,"caption":"Dicodusport"},"image":{"@id":"https:\/\/dicodusport.fr\/blog\/#\/schema\/logo\/image\/"},"sameAs":["https:\/\/www.facebook.com\/dicodusport","https:\/\/x.com\/dicodusport","https:\/\/www.instagram.com\/dicodusport\/","https:\/\/www.youtube.com\/channel\/UC7V2KZ5sd3htJivAbA4ZG3w"],"description":"Dicodusport est l'encyclop\u00e9die de l'actualit\u00e9 sportive.","email":"bonjour@dicodusport.fr","legalName":"DICODUSPORT","foundingDate":"2018-01-14","vatID":"FR71834470973","taxID":"83447097300043","numberOfEmployees":{"@type":"QuantitativeValue","minValue":"1","maxValue":"10"}},{"@type":"Person","@id":"https:\/\/dicodusport.fr\/blog\/#\/schema\/person\/6db4bae06b171592211be385b32876a7","name":"Emilien Descampiaux","image":{"@type":"ImageObject","inLanguage":"fr-FR","@id":"https:\/\/dicodusport.fr\/blog\/#\/schema\/person\/image\/","url":"https:\/\/dicodusport.fr\/blog\/wp-content\/uploads\/2021\/05\/Emilien-Descampiaux-150x150.jpg","contentUrl":"https:\/\/dicodusport.fr\/blog\/wp-content\/uploads\/2021\/05\/Emilien-Descampiaux-150x150.jpg","caption":"Emilien Descampiaux"},"description":"Journaliste\/r\u00e9dacteur depuis 2014 - Fan de la classe de Frank Vandenbroucke, je vis cyclisme (et de ses paysages) depuis plus de 20 ans. Je suis tr\u00e8s impliqu\u00e9 sur mes diff\u00e9rents r\u00e9seaux sociaux pour partager ma passion sur le monde et l'Histoire de la bicyclette avec ma voix sur les images en noir et blanc du succ\u00e8s de Rik Van Steenbergen lors du Ronde sur le V\u00e9lodrome de Gand.","sameAs":["https:\/\/www.facebook.com\/groups\/LesRoisDuPeloton","https:\/\/x.com\/https:\/\/twitter.com\/LRoisDuPeloton"],"url":"https:\/\/dicodusport.fr\/blog\/author\/emiliend\/"}]}},"_links":{"self":[{"href":"https:\/\/dicodusport.fr\/blog\/wp-json\/wp\/v2\/posts\/233021","targetHints":{"allow":["GET"]}}],"collection":[{"href":"https:\/\/dicodusport.fr\/blog\/wp-json\/wp\/v2\/posts"}],"about":[{"href":"https:\/\/dicodusport.fr\/blog\/wp-json\/wp\/v2\/types\/post"}],"author":[{"embeddable":true,"href":"https:\/\/dicodusport.fr\/blog\/wp-json\/wp\/v2\/users\/48"}],"replies":[{"embeddable":true,"href":"https:\/\/dicodusport.fr\/blog\/wp-json\/wp\/v2\/comments?post=233021"}],"version-history":[{"count":0,"href":"https:\/\/dicodusport.fr\/blog\/wp-json\/wp\/v2\/posts\/233021\/revisions"}],"wp:featuredmedia":[{"embeddable":true,"href":"https:\/\/dicodusport.fr\/blog\/wp-json\/wp\/v2\/media\/233443"}],"wp:attachment":[{"href":"https:\/\/dicodusport.fr\/blog\/wp-json\/wp\/v2\/media?parent=233021"}],"wp:term":[{"taxonomy":"category","embeddable":true,"href":"https:\/\/dicodusport.fr\/blog\/wp-json\/wp\/v2\/categories?post=233021"},{"taxonomy":"post_tag","embeddable":true,"href":"https:\/\/dicodusport.fr\/blog\/wp-json\/wp\/v2\/tags?post=233021"}],"curies":[{"name":"wp","href":"https:\/\/api.w.org\/{rel}","templated":true}]}}