{"id":233419,"date":"2022-06-15T13:37:24","date_gmt":"2022-06-15T11:37:24","guid":{"rendered":"https:\/\/dicodusport.fr\/blog\/?p=233419&#038;preview=true&#038;preview_id=233419"},"modified":"2022-06-15T20:48:11","modified_gmt":"2022-06-15T18:48:11","slug":"ufc-ciryl-gane-va-faire-son-retour-a-paris","status":"publish","type":"post","link":"https:\/\/dicodusport.fr\/blog\/ufc-ciryl-gane-va-faire-son-retour-a-paris\/","title":{"rendered":"UFC : Ciryl Gane va faire son retour \u00e0 Paris"},"content":{"rendered":"<p style=\"text-align: justify;\"><b><i>UFC &#8211; Absent des octogones depuis <a href=\"https:\/\/dicodusport.fr\/blog\/mma-francis-ngannou-domine-ciryl-gane-tous-les-resultats-de-lufc-270\/\">sa d\u00e9faite contre Francis Ngannou en janvier<\/a>, Ciryl Gane va faire son retour \u00e0 l&rsquo;UFC d\u00e9but septembre, \u00e0 Paris.<\/i><\/b><\/p>\n<p style=\"text-align: justify;\">Pour la premi\u00e8re fois de son histoire, l&rsquo;<strong>UFC<\/strong> va organiser un \u00e9v\u00e9nement \u00e0 Paris le 3 septembre. Et un Fran\u00e7ais va occuper le haut de l&rsquo;affiche ! En effet, l&rsquo;ancien champion par int\u00e9rim, <strong>Ciryl Gane<\/strong>, va faire son retour dans les octogones \u00e0 cette occasion. <em>Bon Gamin<\/em> sera oppos\u00e9 \u00e0 l&rsquo;Australien <strong>Tai Tuivasa<\/strong>, num\u00e9ro 2 de la cat\u00e9gorie poids lourds. Un nouveau succ\u00e8s de <strong>Gane<\/strong> pourrait lui ouvrir les portes d&rsquo;une revanche contre <strong>Francis Ngannou<\/strong>.<\/p>\n<h2 style=\"text-align: justify;\">La France bien repr\u00e9sent\u00e9e chez elle<\/h2>\n<p style=\"text-align: justify;\"><strong>Ciryl Gane<\/strong> ne sera pas le seul Fran\u00e7ais pr\u00e9sent \u00e0 cet \u00e9v\u00e9nement historique pour le MMA. <strong>Manon Fiorot<\/strong> (poids mouche, 9v-1d en carri\u00e8re, 3-0 \u00e0 l&rsquo;UFC) sera oppos\u00e9e \u00e0 \u00a0<b>Jessica Andrade<\/b>, ancienne championne du mondes pailles. Initialement, Fioriot devait affronter\u00a0<b>Kaitlyn Chookagian<\/b>, num\u00e9ro 1 de la cat\u00e9gorie des mouches. Mais cette derni\u00e8re vient de d\u00e9clarer forfait pour l&rsquo;\u00e9v\u00e9nement.<\/p>\n<p style=\"text-align: justify;\">\u00a0Rien n&rsquo;a \u00e9t\u00e9 officialis\u00e9 pour eux, mais <strong>Beno\u00eet Saint-Denis<\/strong> (l\u00e9gers) et <strong>Nassourdine Imavov<\/strong> (moyens) devraient eux aussi \u00eatre de la f\u00eate. Rendez-vous le 3 septembre \u00e0 l&rsquo;Accor Arena de Paris !<\/p>\n<blockquote class=\"twitter-tweet\">\n<p dir=\"ltr\" lang=\"fr\">3 septembre, je suis de retour.<\/p>\n<p>Cette fois-ci on sera ensemble &#x1f1eb;&#x1f1f7;&#x1f525;<a href=\"https:\/\/twitter.com\/hashtag\/UFCParis?src=hash&amp;ref_src=twsrc%5Etfw\">#UFCParis<\/a> <a href=\"https:\/\/t.co\/Y1rt8Cuzfl\">pic.twitter.com\/Y1rt8Cuzfl<\/a><\/p>\n<p>\u2014 Ciryl Gane (@ciryl_gane) <a href=\"https:\/\/twitter.com\/ciryl_gane\/status\/1537027745049346050?ref_src=twsrc%5Etfw\">June 15, 2022<\/a><\/p><\/blockquote>\n<p><script async src=\"https:\/\/platform.twitter.com\/widgets.js\" charset=\"utf-8\"><\/script><\/p>\n","protected":false},"excerpt":{"rendered":"<p>UFC &#8211; Absent des octogones depuis sa d\u00e9faite contre Francis Ngannou en janvier, Ciryl Gane va faire son retour \u00e0 l&rsquo;UFC d\u00e9but septembre, \u00e0 Paris.<\/p>\n","protected":false},"author":39,"featured_media":233424,"comment_status":"open","ping_status":"closed","sticky":false,"template":"","format":"standard","meta":{"_acf_changed":false,"_daextam_enable_autolinks":"","footnotes":""},"categories":[10666],"tags":[14125,24269,1222,24,1224],"class_list":["post-233419","post","type-post","status-publish","format-standard","has-post-thumbnail","hentry","category-mma","tag-ciryl-gane","tag-manon-fiorot","tag-mma","tag-sport","tag-ufc"],"acf":[],"yoast_head":"<!-- This site is optimized with the Yoast SEO Premium plugin v26.7 (Yoast SEO v26.7) - https:\/\/yoast.com\/wordpress\/plugins\/seo\/ -->\n<title>UFC : Ciryl Gane va faire son retour \u00e0 Paris<\/title>\n<meta name=\"description\" content=\"UFC - Absent des octogones depuis sa d\u00e9faite contre Francis Ngannou en janvier, Ciryl Gane va faire son retour \u00e0 l&#039;UFC, \u00e0 Paris.\" \/>\n<meta name=\"robots\" content=\"index, follow, max-snippet:-1, max-image-preview:large, max-video-preview:-1\" \/>\n<link rel=\"canonical\" href=\"https:\/\/dicodusport.fr\/blog\/ufc-ciryl-gane-va-faire-son-retour-a-paris\/\" \/>\n<meta property=\"og:locale\" content=\"fr_FR\" \/>\n<meta property=\"og:type\" content=\"article\" \/>\n<meta property=\"og:title\" content=\"UFC : Ciryl Gane va faire son retour \u00e0 Paris\" \/>\n<meta property=\"og:description\" content=\"UFC - Absent des octogones depuis sa d\u00e9faite contre Francis Ngannou en janvier, Ciryl Gane va faire son retour \u00e0 l&#039;UFC, \u00e0 Paris.\" \/>\n<meta property=\"og:url\" content=\"https:\/\/dicodusport.fr\/blog\/ufc-ciryl-gane-va-faire-son-retour-a-paris\/\" \/>\n<meta property=\"og:site_name\" content=\"Dicodusport\" \/>\n<meta property=\"article:publisher\" content=\"https:\/\/www.facebook.com\/dicodusport\" \/>\n<meta property=\"article:published_time\" content=\"2022-06-15T11:37:24+00:00\" \/>\n<meta property=\"article:modified_time\" content=\"2022-06-15T18:48:11+00:00\" \/>\n<meta property=\"og:image\" content=\"https:\/\/dicodusport.fr\/blog\/wp-content\/uploads\/2022\/06\/UFC-Ciryl-Gane-va-faire-son-retour-a-Paris.png\" \/>\n\t<meta property=\"og:image:width\" content=\"800\" \/>\n\t<meta property=\"og:image:height\" content=\"445\" \/>\n\t<meta property=\"og:image:type\" content=\"image\/png\" \/>\n<meta name=\"author\" content=\"Idriss Ahamada\" \/>\n<meta name=\"twitter:card\" content=\"summary_large_image\" \/>\n<meta name=\"twitter:title\" content=\"UFC : Ciryl Gane va faire son retour \u00e0 Paris\" \/>\n<meta name=\"twitter:creator\" content=\"@https:\/\/twitter.com\/idriss_ia7\" \/>\n<meta name=\"twitter:site\" content=\"@dicodusport\" \/>\n<script type=\"application\/ld+json\" class=\"yoast-schema-graph\">{\"@context\":\"https:\/\/schema.org\",\"@graph\":[{\"@type\":\"NewsArticle\",\"@id\":\"https:\/\/dicodusport.fr\/blog\/ufc-ciryl-gane-va-faire-son-retour-a-paris\/#article\",\"isPartOf\":{\"@id\":\"https:\/\/dicodusport.fr\/blog\/ufc-ciryl-gane-va-faire-son-retour-a-paris\/\"},\"author\":{\"name\":\"Idriss Ahamada\",\"@id\":\"https:\/\/dicodusport.fr\/blog\/#\/schema\/person\/f3797823174b5e2975b9efe0302f16f4\"},\"headline\":\"UFC : Ciryl Gane va faire son retour \u00e0 Paris\",\"datePublished\":\"2022-06-15T11:37:24+00:00\",\"dateModified\":\"2022-06-15T18:48:11+00:00\",\"mainEntityOfPage\":{\"@id\":\"https:\/\/dicodusport.fr\/blog\/ufc-ciryl-gane-va-faire-son-retour-a-paris\/\"},\"wordCount\":253,\"commentCount\":0,\"publisher\":{\"@id\":\"https:\/\/dicodusport.fr\/blog\/#organization\"},\"image\":{\"@id\":\"https:\/\/dicodusport.fr\/blog\/ufc-ciryl-gane-va-faire-son-retour-a-paris\/#primaryimage\"},\"thumbnailUrl\":\"https:\/\/dicodusport.fr\/blog\/wp-content\/uploads\/2022\/06\/UFC-Ciryl-Gane-va-faire-son-retour-a-Paris.png\",\"keywords\":[\"Ciryl Gane\",\"Manon Fiorot\",\"MMA\",\"sport\",\"UFC\"],\"articleSection\":[\"MMA\"],\"inLanguage\":\"fr-FR\",\"potentialAction\":[{\"@type\":\"CommentAction\",\"name\":\"Comment\",\"target\":[\"https:\/\/dicodusport.fr\/blog\/ufc-ciryl-gane-va-faire-son-retour-a-paris\/#respond\"]}],\"copyrightYear\":\"2022\",\"copyrightHolder\":{\"@id\":\"https:\/\/dicodusport.fr\/blog\/#organization\"}},{\"@type\":\"WebPage\",\"@id\":\"https:\/\/dicodusport.fr\/blog\/ufc-ciryl-gane-va-faire-son-retour-a-paris\/\",\"url\":\"https:\/\/dicodusport.fr\/blog\/ufc-ciryl-gane-va-faire-son-retour-a-paris\/\",\"name\":\"UFC : Ciryl Gane va faire son retour \u00e0 Paris\",\"isPartOf\":{\"@id\":\"https:\/\/dicodusport.fr\/blog\/#website\"},\"primaryImageOfPage\":{\"@id\":\"https:\/\/dicodusport.fr\/blog\/ufc-ciryl-gane-va-faire-son-retour-a-paris\/#primaryimage\"},\"image\":{\"@id\":\"https:\/\/dicodusport.fr\/blog\/ufc-ciryl-gane-va-faire-son-retour-a-paris\/#primaryimage\"},\"thumbnailUrl\":\"https:\/\/dicodusport.fr\/blog\/wp-content\/uploads\/2022\/06\/UFC-Ciryl-Gane-va-faire-son-retour-a-Paris.png\",\"datePublished\":\"2022-06-15T11:37:24+00:00\",\"dateModified\":\"2022-06-15T18:48:11+00:00\",\"description\":\"UFC - Absent des octogones depuis sa d\u00e9faite contre Francis Ngannou en janvier, Ciryl Gane va faire son retour \u00e0 l'UFC, \u00e0 Paris.\",\"breadcrumb\":{\"@id\":\"https:\/\/dicodusport.fr\/blog\/ufc-ciryl-gane-va-faire-son-retour-a-paris\/#breadcrumb\"},\"inLanguage\":\"fr-FR\",\"potentialAction\":[{\"@type\":\"ReadAction\",\"target\":[\"https:\/\/dicodusport.fr\/blog\/ufc-ciryl-gane-va-faire-son-retour-a-paris\/\"]}]},{\"@type\":\"ImageObject\",\"inLanguage\":\"fr-FR\",\"@id\":\"https:\/\/dicodusport.fr\/blog\/ufc-ciryl-gane-va-faire-son-retour-a-paris\/#primaryimage\",\"url\":\"https:\/\/dicodusport.fr\/blog\/wp-content\/uploads\/2022\/06\/UFC-Ciryl-Gane-va-faire-son-retour-a-Paris.png\",\"contentUrl\":\"https:\/\/dicodusport.fr\/blog\/wp-content\/uploads\/2022\/06\/UFC-Ciryl-Gane-va-faire-son-retour-a-Paris.png\",\"width\":800,\"height\":445,\"caption\":\"UFC Ciryl Gane va faire son retour \u00e0 Paris\"},{\"@type\":\"BreadcrumbList\",\"@id\":\"https:\/\/dicodusport.fr\/blog\/ufc-ciryl-gane-va-faire-son-retour-a-paris\/#breadcrumb\",\"itemListElement\":[{\"@type\":\"ListItem\",\"position\":1,\"name\":\"Accueil\",\"item\":\"https:\/\/dicodusport.fr\/blog\/\"},{\"@type\":\"ListItem\",\"position\":2,\"name\":\"UFC : Ciryl Gane va faire son retour \u00e0 Paris\"}]},{\"@type\":\"WebSite\",\"@id\":\"https:\/\/dicodusport.fr\/blog\/#website\",\"url\":\"https:\/\/dicodusport.fr\/blog\/\",\"name\":\"Dicodusport\",\"description\":\"L&#039;encyclop\u00e9die de l&#039;actualit\u00e9 sportive\",\"publisher\":{\"@id\":\"https:\/\/dicodusport.fr\/blog\/#organization\"},\"potentialAction\":[{\"@type\":\"SearchAction\",\"target\":{\"@type\":\"EntryPoint\",\"urlTemplate\":\"https:\/\/dicodusport.fr\/blog\/?s={search_term_string}\"},\"query-input\":{\"@type\":\"PropertyValueSpecification\",\"valueRequired\":true,\"valueName\":\"search_term_string\"}}],\"inLanguage\":\"fr-FR\"},{\"@type\":\"NewsMediaOrganization\",\"@id\":\"https:\/\/dicodusport.fr\/blog\/#organization\",\"name\":\"Dicodusport\",\"url\":\"https:\/\/dicodusport.fr\/blog\/\",\"logo\":{\"@type\":\"ImageObject\",\"inLanguage\":\"fr-FR\",\"@id\":\"https:\/\/dicodusport.fr\/blog\/#\/schema\/logo\/image\/\",\"url\":\"https:\/\/dicodusport.fr\/blog\/wp-content\/uploads\/2020\/06\/cropped-LOGO-DICODUSPORT-2020-SANS-FOND-SANS-TEXTE.png\",\"contentUrl\":\"https:\/\/dicodusport.fr\/blog\/wp-content\/uploads\/2020\/06\/cropped-LOGO-DICODUSPORT-2020-SANS-FOND-SANS-TEXTE.png\",\"width\":512,\"height\":512,\"caption\":\"Dicodusport\"},\"image\":{\"@id\":\"https:\/\/dicodusport.fr\/blog\/#\/schema\/logo\/image\/\"},\"sameAs\":[\"https:\/\/www.facebook.com\/dicodusport\",\"https:\/\/x.com\/dicodusport\",\"https:\/\/www.instagram.com\/dicodusport\/\",\"https:\/\/www.youtube.com\/channel\/UC7V2KZ5sd3htJivAbA4ZG3w\"],\"description\":\"Dicodusport est l'encyclop\u00e9die de l'actualit\u00e9 sportive.\",\"email\":\"bonjour@dicodusport.fr\",\"legalName\":\"DICODUSPORT\",\"foundingDate\":\"2018-01-14\",\"vatID\":\"FR71834470973\",\"taxID\":\"83447097300043\",\"numberOfEmployees\":{\"@type\":\"QuantitativeValue\",\"minValue\":\"1\",\"maxValue\":\"10\"}},{\"@type\":\"Person\",\"@id\":\"https:\/\/dicodusport.fr\/blog\/#\/schema\/person\/f3797823174b5e2975b9efe0302f16f4\",\"name\":\"Idriss Ahamada\",\"image\":{\"@type\":\"ImageObject\",\"inLanguage\":\"fr-FR\",\"@id\":\"https:\/\/dicodusport.fr\/blog\/#\/schema\/person\/image\/\",\"url\":\"https:\/\/dicodusport.fr\/blog\/wp-content\/uploads\/2021\/04\/Maillot-Idriss-Dicodusport-150x150.png\",\"contentUrl\":\"https:\/\/dicodusport.fr\/blog\/wp-content\/uploads\/2021\/04\/Maillot-Idriss-Dicodusport-150x150.png\",\"caption\":\"Idriss Ahamada\"},\"description\":\"Passionn\u00e9 de sport depuis toujours, c\u2019est tout naturellement qu\u2019apr\u00e8s avoir compris que je n\u2019avais pas le niveau pour jouer \u00e0 Manchester United, et pas la force n\u00e9cessaire pour combattre \u00e0 l\u2019UFC que je me suis tourn\u00e9 vers le journalisme pour raconter les exploits et les histoires de ceux qui en sont capables. Le football, surtout quand il est jou\u00e9 en Angleterre, reste mon premier amour. Mais j\u2019aime aussi veiller la nuit pour vous parler de KO et de victoires unanimes \u00e0 l\u2019UFC ou sur les rings de boxe. Mon c\u00f4t\u00e9 fan de Wayne Rooney m\u2019a \u00e9galement pouss\u00e9 \u00e0 devenir polyvalent et \u00e0 parler aussi de rugby (\u00e0 XIII comme \u00e0 XV) et occasionnellement de cyclisme. C\u2019est donc logiquement que j\u2019ai rejoint Dicodusport, pour pouvoir parler de l\u2019actualit\u00e9, sur tous les terrains.\",\"sameAs\":[\"https:\/\/x.com\/https:\/\/twitter.com\/idriss_ia7\"],\"url\":\"https:\/\/dicodusport.fr\/blog\/author\/idriss\/\"}]}<\/script>\n<!-- \/ Yoast SEO Premium plugin. -->","yoast_head_json":{"title":"UFC : Ciryl Gane va faire son retour \u00e0 Paris","description":"UFC - Absent des octogones depuis sa d\u00e9faite contre Francis Ngannou en janvier, Ciryl Gane va faire son retour \u00e0 l'UFC, \u00e0 Paris.","robots":{"index":"index","follow":"follow","max-snippet":"max-snippet:-1","max-image-preview":"max-image-preview:large","max-video-preview":"max-video-preview:-1"},"canonical":"https:\/\/dicodusport.fr\/blog\/ufc-ciryl-gane-va-faire-son-retour-a-paris\/","og_locale":"fr_FR","og_type":"article","og_title":"UFC : Ciryl Gane va faire son retour \u00e0 Paris","og_description":"UFC - Absent des octogones depuis sa d\u00e9faite contre Francis Ngannou en janvier, Ciryl Gane va faire son retour \u00e0 l'UFC, \u00e0 Paris.","og_url":"https:\/\/dicodusport.fr\/blog\/ufc-ciryl-gane-va-faire-son-retour-a-paris\/","og_site_name":"Dicodusport","article_publisher":"https:\/\/www.facebook.com\/dicodusport","article_published_time":"2022-06-15T11:37:24+00:00","article_modified_time":"2022-06-15T18:48:11+00:00","og_image":[{"width":800,"height":445,"url":"https:\/\/dicodusport.fr\/blog\/wp-content\/uploads\/2022\/06\/UFC-Ciryl-Gane-va-faire-son-retour-a-Paris.png","type":"image\/png"}],"author":"Idriss Ahamada","twitter_card":"summary_large_image","twitter_title":"UFC : Ciryl Gane va faire son retour \u00e0 Paris","twitter_creator":"@https:\/\/twitter.com\/idriss_ia7","twitter_site":"@dicodusport","schema":{"@context":"https:\/\/schema.org","@graph":[{"@type":"NewsArticle","@id":"https:\/\/dicodusport.fr\/blog\/ufc-ciryl-gane-va-faire-son-retour-a-paris\/#article","isPartOf":{"@id":"https:\/\/dicodusport.fr\/blog\/ufc-ciryl-gane-va-faire-son-retour-a-paris\/"},"author":{"name":"Idriss Ahamada","@id":"https:\/\/dicodusport.fr\/blog\/#\/schema\/person\/f3797823174b5e2975b9efe0302f16f4"},"headline":"UFC : Ciryl Gane va faire son retour \u00e0 Paris","datePublished":"2022-06-15T11:37:24+00:00","dateModified":"2022-06-15T18:48:11+00:00","mainEntityOfPage":{"@id":"https:\/\/dicodusport.fr\/blog\/ufc-ciryl-gane-va-faire-son-retour-a-paris\/"},"wordCount":253,"commentCount":0,"publisher":{"@id":"https:\/\/dicodusport.fr\/blog\/#organization"},"image":{"@id":"https:\/\/dicodusport.fr\/blog\/ufc-ciryl-gane-va-faire-son-retour-a-paris\/#primaryimage"},"thumbnailUrl":"https:\/\/dicodusport.fr\/blog\/wp-content\/uploads\/2022\/06\/UFC-Ciryl-Gane-va-faire-son-retour-a-Paris.png","keywords":["Ciryl Gane","Manon Fiorot","MMA","sport","UFC"],"articleSection":["MMA"],"inLanguage":"fr-FR","potentialAction":[{"@type":"CommentAction","name":"Comment","target":["https:\/\/dicodusport.fr\/blog\/ufc-ciryl-gane-va-faire-son-retour-a-paris\/#respond"]}],"copyrightYear":"2022","copyrightHolder":{"@id":"https:\/\/dicodusport.fr\/blog\/#organization"}},{"@type":"WebPage","@id":"https:\/\/dicodusport.fr\/blog\/ufc-ciryl-gane-va-faire-son-retour-a-paris\/","url":"https:\/\/dicodusport.fr\/blog\/ufc-ciryl-gane-va-faire-son-retour-a-paris\/","name":"UFC : Ciryl Gane va faire son retour \u00e0 Paris","isPartOf":{"@id":"https:\/\/dicodusport.fr\/blog\/#website"},"primaryImageOfPage":{"@id":"https:\/\/dicodusport.fr\/blog\/ufc-ciryl-gane-va-faire-son-retour-a-paris\/#primaryimage"},"image":{"@id":"https:\/\/dicodusport.fr\/blog\/ufc-ciryl-gane-va-faire-son-retour-a-paris\/#primaryimage"},"thumbnailUrl":"https:\/\/dicodusport.fr\/blog\/wp-content\/uploads\/2022\/06\/UFC-Ciryl-Gane-va-faire-son-retour-a-Paris.png","datePublished":"2022-06-15T11:37:24+00:00","dateModified":"2022-06-15T18:48:11+00:00","description":"UFC - Absent des octogones depuis sa d\u00e9faite contre Francis Ngannou en janvier, Ciryl Gane va faire son retour \u00e0 l'UFC, \u00e0 Paris.","breadcrumb":{"@id":"https:\/\/dicodusport.fr\/blog\/ufc-ciryl-gane-va-faire-son-retour-a-paris\/#breadcrumb"},"inLanguage":"fr-FR","potentialAction":[{"@type":"ReadAction","target":["https:\/\/dicodusport.fr\/blog\/ufc-ciryl-gane-va-faire-son-retour-a-paris\/"]}]},{"@type":"ImageObject","inLanguage":"fr-FR","@id":"https:\/\/dicodusport.fr\/blog\/ufc-ciryl-gane-va-faire-son-retour-a-paris\/#primaryimage","url":"https:\/\/dicodusport.fr\/blog\/wp-content\/uploads\/2022\/06\/UFC-Ciryl-Gane-va-faire-son-retour-a-Paris.png","contentUrl":"https:\/\/dicodusport.fr\/blog\/wp-content\/uploads\/2022\/06\/UFC-Ciryl-Gane-va-faire-son-retour-a-Paris.png","width":800,"height":445,"caption":"UFC Ciryl Gane va faire son retour \u00e0 Paris"},{"@type":"BreadcrumbList","@id":"https:\/\/dicodusport.fr\/blog\/ufc-ciryl-gane-va-faire-son-retour-a-paris\/#breadcrumb","itemListElement":[{"@type":"ListItem","position":1,"name":"Accueil","item":"https:\/\/dicodusport.fr\/blog\/"},{"@type":"ListItem","position":2,"name":"UFC : Ciryl Gane va faire son retour \u00e0 Paris"}]},{"@type":"WebSite","@id":"https:\/\/dicodusport.fr\/blog\/#website","url":"https:\/\/dicodusport.fr\/blog\/","name":"Dicodusport","description":"L&#039;encyclop\u00e9die de l&#039;actualit\u00e9 sportive","publisher":{"@id":"https:\/\/dicodusport.fr\/blog\/#organization"},"potentialAction":[{"@type":"SearchAction","target":{"@type":"EntryPoint","urlTemplate":"https:\/\/dicodusport.fr\/blog\/?s={search_term_string}"},"query-input":{"@type":"PropertyValueSpecification","valueRequired":true,"valueName":"search_term_string"}}],"inLanguage":"fr-FR"},{"@type":"NewsMediaOrganization","@id":"https:\/\/dicodusport.fr\/blog\/#organization","name":"Dicodusport","url":"https:\/\/dicodusport.fr\/blog\/","logo":{"@type":"ImageObject","inLanguage":"fr-FR","@id":"https:\/\/dicodusport.fr\/blog\/#\/schema\/logo\/image\/","url":"https:\/\/dicodusport.fr\/blog\/wp-content\/uploads\/2020\/06\/cropped-LOGO-DICODUSPORT-2020-SANS-FOND-SANS-TEXTE.png","contentUrl":"https:\/\/dicodusport.fr\/blog\/wp-content\/uploads\/2020\/06\/cropped-LOGO-DICODUSPORT-2020-SANS-FOND-SANS-TEXTE.png","width":512,"height":512,"caption":"Dicodusport"},"image":{"@id":"https:\/\/dicodusport.fr\/blog\/#\/schema\/logo\/image\/"},"sameAs":["https:\/\/www.facebook.com\/dicodusport","https:\/\/x.com\/dicodusport","https:\/\/www.instagram.com\/dicodusport\/","https:\/\/www.youtube.com\/channel\/UC7V2KZ5sd3htJivAbA4ZG3w"],"description":"Dicodusport est l'encyclop\u00e9die de l'actualit\u00e9 sportive.","email":"bonjour@dicodusport.fr","legalName":"DICODUSPORT","foundingDate":"2018-01-14","vatID":"FR71834470973","taxID":"83447097300043","numberOfEmployees":{"@type":"QuantitativeValue","minValue":"1","maxValue":"10"}},{"@type":"Person","@id":"https:\/\/dicodusport.fr\/blog\/#\/schema\/person\/f3797823174b5e2975b9efe0302f16f4","name":"Idriss Ahamada","image":{"@type":"ImageObject","inLanguage":"fr-FR","@id":"https:\/\/dicodusport.fr\/blog\/#\/schema\/person\/image\/","url":"https:\/\/dicodusport.fr\/blog\/wp-content\/uploads\/2021\/04\/Maillot-Idriss-Dicodusport-150x150.png","contentUrl":"https:\/\/dicodusport.fr\/blog\/wp-content\/uploads\/2021\/04\/Maillot-Idriss-Dicodusport-150x150.png","caption":"Idriss Ahamada"},"description":"Passionn\u00e9 de sport depuis toujours, c\u2019est tout naturellement qu\u2019apr\u00e8s avoir compris que je n\u2019avais pas le niveau pour jouer \u00e0 Manchester United, et pas la force n\u00e9cessaire pour combattre \u00e0 l\u2019UFC que je me suis tourn\u00e9 vers le journalisme pour raconter les exploits et les histoires de ceux qui en sont capables. Le football, surtout quand il est jou\u00e9 en Angleterre, reste mon premier amour. Mais j\u2019aime aussi veiller la nuit pour vous parler de KO et de victoires unanimes \u00e0 l\u2019UFC ou sur les rings de boxe. Mon c\u00f4t\u00e9 fan de Wayne Rooney m\u2019a \u00e9galement pouss\u00e9 \u00e0 devenir polyvalent et \u00e0 parler aussi de rugby (\u00e0 XIII comme \u00e0 XV) et occasionnellement de cyclisme. C\u2019est donc logiquement que j\u2019ai rejoint Dicodusport, pour pouvoir parler de l\u2019actualit\u00e9, sur tous les terrains.","sameAs":["https:\/\/x.com\/https:\/\/twitter.com\/idriss_ia7"],"url":"https:\/\/dicodusport.fr\/blog\/author\/idriss\/"}]}},"_links":{"self":[{"href":"https:\/\/dicodusport.fr\/blog\/wp-json\/wp\/v2\/posts\/233419","targetHints":{"allow":["GET"]}}],"collection":[{"href":"https:\/\/dicodusport.fr\/blog\/wp-json\/wp\/v2\/posts"}],"about":[{"href":"https:\/\/dicodusport.fr\/blog\/wp-json\/wp\/v2\/types\/post"}],"author":[{"embeddable":true,"href":"https:\/\/dicodusport.fr\/blog\/wp-json\/wp\/v2\/users\/39"}],"replies":[{"embeddable":true,"href":"https:\/\/dicodusport.fr\/blog\/wp-json\/wp\/v2\/comments?post=233419"}],"version-history":[{"count":0,"href":"https:\/\/dicodusport.fr\/blog\/wp-json\/wp\/v2\/posts\/233419\/revisions"}],"wp:featuredmedia":[{"embeddable":true,"href":"https:\/\/dicodusport.fr\/blog\/wp-json\/wp\/v2\/media\/233424"}],"wp:attachment":[{"href":"https:\/\/dicodusport.fr\/blog\/wp-json\/wp\/v2\/media?parent=233419"}],"wp:term":[{"taxonomy":"category","embeddable":true,"href":"https:\/\/dicodusport.fr\/blog\/wp-json\/wp\/v2\/categories?post=233419"},{"taxonomy":"post_tag","embeddable":true,"href":"https:\/\/dicodusport.fr\/blog\/wp-json\/wp\/v2\/tags?post=233419"}],"curies":[{"name":"wp","href":"https:\/\/api.w.org\/{rel}","templated":true}]}}