{"id":233434,"date":"2022-06-15T15:00:10","date_gmt":"2022-06-15T13:00:10","guid":{"rendered":"https:\/\/dicodusport.fr\/blog\/?p=233434&#038;preview=true&#038;preview_id=233434"},"modified":"2022-06-15T15:08:54","modified_gmt":"2022-06-15T13:08:54","slug":"david-gaudu-il-ny-aura-pas-de-guerre-dego-avec-thibaut-pinot","status":"publish","type":"post","link":"https:\/\/dicodusport.fr\/blog\/david-gaudu-il-ny-aura-pas-de-guerre-dego-avec-thibaut-pinot\/","title":{"rendered":"David Gaudu : \u00ab\u00a0Il n&rsquo;y aura pas de guerre d&rsquo;ego avec Thibaut Pinot\u00a0\u00bb"},"content":{"rendered":"<p style=\"text-align: justify;\"><b><i>CYCLISME SUR ROUTE 2022 &#8211; Dans un entretien accord\u00e9 \u00e0 nos confr\u00e8res de L&rsquo;\u00c9quipe, David Gaudu a dress\u00e9 le bilan de son <a href=\"https:\/\/dicodusport.fr\/blog\/criterium-du-dauphine-2022-classement-general\/\">Crit\u00e9rium du Dauphin\u00e9<\/a> avant de se projeter sur le Tour de France.\u00a0<\/i><\/b><\/p>\n<p style=\"text-align: justify;\">Pour le grimpeur de la <strong>Groupama-FDJ<\/strong>, pas d&rsquo;inqui\u00e9tude apr\u00e8s sa journ\u00e9e sans sur le Dauphin\u00e9. <strong>David Gaudu<\/strong> sait que cela doit arriver dans une saison.<\/p>\n<blockquote>\n<p style=\"text-align: justify;\">Ce sont des choses qu&rsquo;il faut savoir int\u00e9grer, il y en a chaque ann\u00e9e. L&rsquo;an pass\u00e9, j&rsquo;ai eu une \u00ab journ\u00e9e sans \u00bb sur le Tour. Est-ce que celle du Dauphin\u00e9 sera la seule de la saison ? Ce serait incroyable et cela signifierait qu&rsquo;on n&rsquo;en parlerait pas sur le Tour (sourires). Mais il faut pr\u00e9venir ces journ\u00e9es et essayer de travailler encore plus dessus, comment ne pas perdre autant de temps dans la derni\u00e8re mont\u00e9e, limiter la casse&#8230;<\/p>\n<\/blockquote>\n<p style=\"text-align: justify;\">Si <strong>Thibaut Pinot<\/strong> a expliqu\u00e9 \u00e0 plusieurs reprises qu&rsquo;il ne voulait pas jouer le g\u00e9n\u00e9ral sur le Tour de France, <strong>David Gaudu<\/strong> a pourtant expliqu\u00e9 que les r\u00f4les n&rsquo;\u00e9taient pas encore d\u00e9finis, et qu&rsquo;aucune d\u00e9cision n&rsquo;a \u00e9t\u00e9 arr\u00eat\u00e9e. Les deux protagonistes n&rsquo;ont pas \u00e9voqu\u00e9 le sujet entre eux non plus, comme il l&rsquo;a expliqu\u00e9.<\/p>\n<blockquote>\n<p style=\"text-align: justify;\">Franchement, on n&rsquo;en a m\u00eame pas parl\u00e9 depuis le d\u00e9but de saison. Ce sera naturel, on n&rsquo;aura m\u00eame pas besoin d&rsquo;en parler. Il n&rsquo;y aura pas de guerre d&rsquo;ego. Si, admettons, que sur l&rsquo;\u00e9tape des pav\u00e9s \u00e7a se passe bien, que l&rsquo;un d&rsquo;entre nous est amen\u00e9 \u00e0 prendre une \u00e9chapp\u00e9e et se retrouve \u00e0 jouer le podium comme Ben O&rsquo;Connor l&rsquo;an dernier, on misera tout sur cette personne au g\u00e9n\u00e9ral.<\/p>\n<\/blockquote>\n<blockquote class=\"twitter-tweet\">\n<p dir=\"ltr\" lang=\"fr\">\u00ab Il n&rsquo;y aura pas de guerre d&rsquo;ego \u00bb avec Thibaut Pinot<\/p>\n<p>David Gaudu a d\u00e9j\u00e0 dig\u00e9r\u00e9 sa d\u00e9ception du Crit\u00e9rium du Dauphin\u00e9 et se projette sur le <a href=\"https:\/\/twitter.com\/hashtag\/TDF2022?src=hash&amp;ref_src=twsrc%5Etfw\">#TDF2022<\/a>. Sans s&rsquo;inqui\u00e9ter de savoir qui de lui ou de Thibaut Pinot sera le leader de son \u00e9quipe <a href=\"https:\/\/t.co\/GlWIgwoDiZ\">https:\/\/t.co\/GlWIgwoDiZ<\/a> <a href=\"https:\/\/t.co\/AfkURNLNBe\">pic.twitter.com\/AfkURNLNBe<\/a><\/p>\n<p>\u2014 L&rsquo;\u00c9QUIPE (@lequipe) <a href=\"https:\/\/twitter.com\/lequipe\/status\/1537042774788292613?ref_src=twsrc%5Etfw\">June 15, 2022<\/a><\/p><\/blockquote>\n<p style=\"text-align: justify;\"><script async src=\"https:\/\/platform.twitter.com\/widgets.js\" charset=\"utf-8\"><\/script><\/p>\n","protected":false},"excerpt":{"rendered":"<p>CYCLISME SUR ROUTE 2022 &#8211; Dans un entretien accord\u00e9 \u00e0 nos confr\u00e8res de L&rsquo;\u00c9quipe, David Gaudu a dress\u00e9 le bilan de son Dauphin\u00e9 avant de se projeter sur le Tour de France.\u00a0<\/p>\n","protected":false},"author":1,"featured_media":233437,"comment_status":"open","ping_status":"closed","sticky":false,"template":"","format":"standard","meta":{"_acf_changed":false,"_daextam_enable_autolinks":"","footnotes":""},"categories":[46994],"tags":[3113,3116,3279,4839],"class_list":["post-233434","post","type-post","status-publish","format-standard","has-post-thumbnail","hentry","category-cyclisme-sur-route","tag-david-gaudu","tag-gaudu","tag-groupama-fdj","tag-thibaut-pinot"],"acf":[],"yoast_head":"<!-- This site is optimized with the Yoast SEO Premium plugin v26.7 (Yoast SEO v26.7) - https:\/\/yoast.com\/wordpress\/plugins\/seo\/ -->\n<title>David Gaudu : &quot;Il n&#039;y aura pas de guerre d&#039;ego avec Thibaut Pinot&quot;<\/title>\n<meta name=\"description\" content=\"CYCLISME SUR ROUTE 2022 - Dans un entretien accord\u00e9 \u00e0 nos confr\u00e8res de L&#039;\u00c9quipe, David Gaudu a dress\u00e9 le bilan de son Dauphin\u00e9.\" \/>\n<meta name=\"robots\" content=\"index, follow, max-snippet:-1, max-image-preview:large, max-video-preview:-1\" \/>\n<link rel=\"canonical\" href=\"https:\/\/dicodusport.fr\/blog\/david-gaudu-il-ny-aura-pas-de-guerre-dego-avec-thibaut-pinot\/\" \/>\n<meta property=\"og:locale\" content=\"fr_FR\" \/>\n<meta property=\"og:type\" content=\"article\" \/>\n<meta property=\"og:title\" content=\"David Gaudu : &quot;Il n&#039;y aura pas de guerre d&#039;ego avec Thibaut Pinot&quot;\" \/>\n<meta property=\"og:description\" content=\"CYCLISME SUR ROUTE 2022 - Dans un entretien accord\u00e9 \u00e0 nos confr\u00e8res de L&#039;\u00c9quipe, David Gaudu a dress\u00e9 le bilan de son Dauphin\u00e9.\" \/>\n<meta property=\"og:url\" content=\"https:\/\/dicodusport.fr\/blog\/david-gaudu-il-ny-aura-pas-de-guerre-dego-avec-thibaut-pinot\/\" \/>\n<meta property=\"og:site_name\" content=\"Dicodusport\" \/>\n<meta property=\"article:publisher\" content=\"https:\/\/www.facebook.com\/dicodusport\" \/>\n<meta property=\"article:author\" content=\"https:\/\/www.facebook.com\/dicodusport\" \/>\n<meta property=\"article:published_time\" content=\"2022-06-15T13:00:10+00:00\" \/>\n<meta property=\"article:modified_time\" content=\"2022-06-15T13:08:54+00:00\" \/>\n<meta property=\"og:image\" content=\"https:\/\/dicodusport.fr\/blog\/wp-content\/uploads\/2022\/06\/David-Gaudu-Il-ny-aura-pas-de-guerre-dego-avec-Thibaut-Pinot.png\" \/>\n\t<meta property=\"og:image:width\" content=\"800\" \/>\n\t<meta property=\"og:image:height\" content=\"445\" \/>\n\t<meta property=\"og:image:type\" content=\"image\/png\" \/>\n<meta name=\"author\" content=\"Nicolas Jacquemard\" \/>\n<meta name=\"twitter:card\" content=\"summary_large_image\" \/>\n<meta name=\"twitter:title\" content=\"David Gaudu : &quot;Il n&#039;y aura pas de guerre d&#039;ego avec Thibaut Pinot&quot;\" \/>\n<meta name=\"twitter:creator\" content=\"@https:\/\/twitter.com\/Nico_Jacquemard\" \/>\n<meta name=\"twitter:site\" content=\"@dicodusport\" \/>\n<script type=\"application\/ld+json\" class=\"yoast-schema-graph\">{\"@context\":\"https:\/\/schema.org\",\"@graph\":[{\"@type\":\"NewsArticle\",\"@id\":\"https:\/\/dicodusport.fr\/blog\/david-gaudu-il-ny-aura-pas-de-guerre-dego-avec-thibaut-pinot\/#article\",\"isPartOf\":{\"@id\":\"https:\/\/dicodusport.fr\/blog\/david-gaudu-il-ny-aura-pas-de-guerre-dego-avec-thibaut-pinot\/\"},\"author\":{\"name\":\"Nicolas Jacquemard\",\"@id\":\"https:\/\/dicodusport.fr\/blog\/#\/schema\/person\/55dcb50ad410894e431ed812bbb70191\"},\"headline\":\"David Gaudu : \u00ab\u00a0Il n&rsquo;y aura pas de guerre d&rsquo;ego avec Thibaut Pinot\u00a0\u00bb\",\"datePublished\":\"2022-06-15T13:00:10+00:00\",\"dateModified\":\"2022-06-15T13:08:54+00:00\",\"mainEntityOfPage\":{\"@id\":\"https:\/\/dicodusport.fr\/blog\/david-gaudu-il-ny-aura-pas-de-guerre-dego-avec-thibaut-pinot\/\"},\"wordCount\":381,\"commentCount\":0,\"publisher\":{\"@id\":\"https:\/\/dicodusport.fr\/blog\/#organization\"},\"image\":{\"@id\":\"https:\/\/dicodusport.fr\/blog\/david-gaudu-il-ny-aura-pas-de-guerre-dego-avec-thibaut-pinot\/#primaryimage\"},\"thumbnailUrl\":\"https:\/\/dicodusport.fr\/blog\/wp-content\/uploads\/2022\/06\/David-Gaudu-Il-ny-aura-pas-de-guerre-dego-avec-Thibaut-Pinot.png\",\"keywords\":[\"David Gaudu\",\"Gaudu\",\"Groupama FDJ\",\"Thibaut Pinot\"],\"articleSection\":[\"Cyclisme sur route\"],\"inLanguage\":\"fr-FR\",\"potentialAction\":[{\"@type\":\"CommentAction\",\"name\":\"Comment\",\"target\":[\"https:\/\/dicodusport.fr\/blog\/david-gaudu-il-ny-aura-pas-de-guerre-dego-avec-thibaut-pinot\/#respond\"]}],\"copyrightYear\":\"2022\",\"copyrightHolder\":{\"@id\":\"https:\/\/dicodusport.fr\/blog\/#organization\"}},{\"@type\":\"WebPage\",\"@id\":\"https:\/\/dicodusport.fr\/blog\/david-gaudu-il-ny-aura-pas-de-guerre-dego-avec-thibaut-pinot\/\",\"url\":\"https:\/\/dicodusport.fr\/blog\/david-gaudu-il-ny-aura-pas-de-guerre-dego-avec-thibaut-pinot\/\",\"name\":\"David Gaudu : \\\"Il n'y aura pas de guerre d'ego avec Thibaut Pinot\\\"\",\"isPartOf\":{\"@id\":\"https:\/\/dicodusport.fr\/blog\/#website\"},\"primaryImageOfPage\":{\"@id\":\"https:\/\/dicodusport.fr\/blog\/david-gaudu-il-ny-aura-pas-de-guerre-dego-avec-thibaut-pinot\/#primaryimage\"},\"image\":{\"@id\":\"https:\/\/dicodusport.fr\/blog\/david-gaudu-il-ny-aura-pas-de-guerre-dego-avec-thibaut-pinot\/#primaryimage\"},\"thumbnailUrl\":\"https:\/\/dicodusport.fr\/blog\/wp-content\/uploads\/2022\/06\/David-Gaudu-Il-ny-aura-pas-de-guerre-dego-avec-Thibaut-Pinot.png\",\"datePublished\":\"2022-06-15T13:00:10+00:00\",\"dateModified\":\"2022-06-15T13:08:54+00:00\",\"description\":\"CYCLISME SUR ROUTE 2022 - Dans un entretien accord\u00e9 \u00e0 nos confr\u00e8res de L'\u00c9quipe, David Gaudu a dress\u00e9 le bilan de son Dauphin\u00e9.\",\"breadcrumb\":{\"@id\":\"https:\/\/dicodusport.fr\/blog\/david-gaudu-il-ny-aura-pas-de-guerre-dego-avec-thibaut-pinot\/#breadcrumb\"},\"inLanguage\":\"fr-FR\",\"potentialAction\":[{\"@type\":\"ReadAction\",\"target\":[\"https:\/\/dicodusport.fr\/blog\/david-gaudu-il-ny-aura-pas-de-guerre-dego-avec-thibaut-pinot\/\"]}]},{\"@type\":\"ImageObject\",\"inLanguage\":\"fr-FR\",\"@id\":\"https:\/\/dicodusport.fr\/blog\/david-gaudu-il-ny-aura-pas-de-guerre-dego-avec-thibaut-pinot\/#primaryimage\",\"url\":\"https:\/\/dicodusport.fr\/blog\/wp-content\/uploads\/2022\/06\/David-Gaudu-Il-ny-aura-pas-de-guerre-dego-avec-Thibaut-Pinot.png\",\"contentUrl\":\"https:\/\/dicodusport.fr\/blog\/wp-content\/uploads\/2022\/06\/David-Gaudu-Il-ny-aura-pas-de-guerre-dego-avec-Thibaut-Pinot.png\",\"width\":800,\"height\":445},{\"@type\":\"BreadcrumbList\",\"@id\":\"https:\/\/dicodusport.fr\/blog\/david-gaudu-il-ny-aura-pas-de-guerre-dego-avec-thibaut-pinot\/#breadcrumb\",\"itemListElement\":[{\"@type\":\"ListItem\",\"position\":1,\"name\":\"Accueil\",\"item\":\"https:\/\/dicodusport.fr\/blog\/\"},{\"@type\":\"ListItem\",\"position\":2,\"name\":\"David Gaudu : \u00ab\u00a0Il n&rsquo;y aura pas de guerre d&rsquo;ego avec Thibaut Pinot\u00a0\u00bb\"}]},{\"@type\":\"WebSite\",\"@id\":\"https:\/\/dicodusport.fr\/blog\/#website\",\"url\":\"https:\/\/dicodusport.fr\/blog\/\",\"name\":\"Dicodusport\",\"description\":\"L&#039;encyclop\u00e9die de l&#039;actualit\u00e9 sportive\",\"publisher\":{\"@id\":\"https:\/\/dicodusport.fr\/blog\/#organization\"},\"potentialAction\":[{\"@type\":\"SearchAction\",\"target\":{\"@type\":\"EntryPoint\",\"urlTemplate\":\"https:\/\/dicodusport.fr\/blog\/?s={search_term_string}\"},\"query-input\":{\"@type\":\"PropertyValueSpecification\",\"valueRequired\":true,\"valueName\":\"search_term_string\"}}],\"inLanguage\":\"fr-FR\"},{\"@type\":\"NewsMediaOrganization\",\"@id\":\"https:\/\/dicodusport.fr\/blog\/#organization\",\"name\":\"Dicodusport\",\"url\":\"https:\/\/dicodusport.fr\/blog\/\",\"logo\":{\"@type\":\"ImageObject\",\"inLanguage\":\"fr-FR\",\"@id\":\"https:\/\/dicodusport.fr\/blog\/#\/schema\/logo\/image\/\",\"url\":\"https:\/\/dicodusport.fr\/blog\/wp-content\/uploads\/2020\/06\/cropped-LOGO-DICODUSPORT-2020-SANS-FOND-SANS-TEXTE.png\",\"contentUrl\":\"https:\/\/dicodusport.fr\/blog\/wp-content\/uploads\/2020\/06\/cropped-LOGO-DICODUSPORT-2020-SANS-FOND-SANS-TEXTE.png\",\"width\":512,\"height\":512,\"caption\":\"Dicodusport\"},\"image\":{\"@id\":\"https:\/\/dicodusport.fr\/blog\/#\/schema\/logo\/image\/\"},\"sameAs\":[\"https:\/\/www.facebook.com\/dicodusport\",\"https:\/\/x.com\/dicodusport\",\"https:\/\/www.instagram.com\/dicodusport\/\",\"https:\/\/www.youtube.com\/channel\/UC7V2KZ5sd3htJivAbA4ZG3w\"],\"description\":\"Dicodusport est l'encyclop\u00e9die de l'actualit\u00e9 sportive.\",\"email\":\"bonjour@dicodusport.fr\",\"legalName\":\"DICODUSPORT\",\"foundingDate\":\"2018-01-14\",\"vatID\":\"FR71834470973\",\"taxID\":\"83447097300043\",\"numberOfEmployees\":{\"@type\":\"QuantitativeValue\",\"minValue\":\"1\",\"maxValue\":\"10\"}},{\"@type\":\"Person\",\"@id\":\"https:\/\/dicodusport.fr\/blog\/#\/schema\/person\/55dcb50ad410894e431ed812bbb70191\",\"name\":\"Nicolas Jacquemard\",\"image\":{\"@type\":\"ImageObject\",\"inLanguage\":\"fr-FR\",\"@id\":\"https:\/\/dicodusport.fr\/blog\/#\/schema\/person\/image\/\",\"url\":\"https:\/\/dicodusport.fr\/blog\/wp-content\/uploads\/2021\/05\/Nicolas-Jacquemard-150x150.jpeg\",\"contentUrl\":\"https:\/\/dicodusport.fr\/blog\/wp-content\/uploads\/2021\/05\/Nicolas-Jacquemard-150x150.jpeg\",\"caption\":\"Nicolas Jacquemard\"},\"description\":\"Passionn\u00e9 de sport et entrepreneur depuis mes 18 ans, la cr\u00e9ation de Dicodusport m'a sembl\u00e9 \u00e9vidente pour participer \u00e0 la m\u00e9diatisation d'un plus grand nombre de sports. Le chemin est long mais avec une \u00e9quipe des plus motiv\u00e9es et les Jeux Olympiques de Paris 2024 en point de mire, nous y arriverons ! Journaliste dans le monde du sport depuis plus de 5 ans, je traite aussi bien de football, de rugby, de biathlon que de cyclisme.\",\"sameAs\":[\"https:\/\/www.facebook.com\/dicodusport\",\"https:\/\/x.com\/https:\/\/twitter.com\/Nico_Jacquemard\"],\"url\":\"https:\/\/dicodusport.fr\/blog\/author\/dicodusport\/\"}]}<\/script>\n<!-- \/ Yoast SEO Premium plugin. -->","yoast_head_json":{"title":"David Gaudu : \"Il n'y aura pas de guerre d'ego avec Thibaut Pinot\"","description":"CYCLISME SUR ROUTE 2022 - Dans un entretien accord\u00e9 \u00e0 nos confr\u00e8res de L'\u00c9quipe, David Gaudu a dress\u00e9 le bilan de son Dauphin\u00e9.","robots":{"index":"index","follow":"follow","max-snippet":"max-snippet:-1","max-image-preview":"max-image-preview:large","max-video-preview":"max-video-preview:-1"},"canonical":"https:\/\/dicodusport.fr\/blog\/david-gaudu-il-ny-aura-pas-de-guerre-dego-avec-thibaut-pinot\/","og_locale":"fr_FR","og_type":"article","og_title":"David Gaudu : \"Il n'y aura pas de guerre d'ego avec Thibaut Pinot\"","og_description":"CYCLISME SUR ROUTE 2022 - Dans un entretien accord\u00e9 \u00e0 nos confr\u00e8res de L'\u00c9quipe, David Gaudu a dress\u00e9 le bilan de son Dauphin\u00e9.","og_url":"https:\/\/dicodusport.fr\/blog\/david-gaudu-il-ny-aura-pas-de-guerre-dego-avec-thibaut-pinot\/","og_site_name":"Dicodusport","article_publisher":"https:\/\/www.facebook.com\/dicodusport","article_author":"https:\/\/www.facebook.com\/dicodusport","article_published_time":"2022-06-15T13:00:10+00:00","article_modified_time":"2022-06-15T13:08:54+00:00","og_image":[{"width":800,"height":445,"url":"https:\/\/dicodusport.fr\/blog\/wp-content\/uploads\/2022\/06\/David-Gaudu-Il-ny-aura-pas-de-guerre-dego-avec-Thibaut-Pinot.png","type":"image\/png"}],"author":"Nicolas Jacquemard","twitter_card":"summary_large_image","twitter_title":"David Gaudu : \"Il n'y aura pas de guerre d'ego avec Thibaut Pinot\"","twitter_creator":"@https:\/\/twitter.com\/Nico_Jacquemard","twitter_site":"@dicodusport","schema":{"@context":"https:\/\/schema.org","@graph":[{"@type":"NewsArticle","@id":"https:\/\/dicodusport.fr\/blog\/david-gaudu-il-ny-aura-pas-de-guerre-dego-avec-thibaut-pinot\/#article","isPartOf":{"@id":"https:\/\/dicodusport.fr\/blog\/david-gaudu-il-ny-aura-pas-de-guerre-dego-avec-thibaut-pinot\/"},"author":{"name":"Nicolas Jacquemard","@id":"https:\/\/dicodusport.fr\/blog\/#\/schema\/person\/55dcb50ad410894e431ed812bbb70191"},"headline":"David Gaudu : \u00ab\u00a0Il n&rsquo;y aura pas de guerre d&rsquo;ego avec Thibaut Pinot\u00a0\u00bb","datePublished":"2022-06-15T13:00:10+00:00","dateModified":"2022-06-15T13:08:54+00:00","mainEntityOfPage":{"@id":"https:\/\/dicodusport.fr\/blog\/david-gaudu-il-ny-aura-pas-de-guerre-dego-avec-thibaut-pinot\/"},"wordCount":381,"commentCount":0,"publisher":{"@id":"https:\/\/dicodusport.fr\/blog\/#organization"},"image":{"@id":"https:\/\/dicodusport.fr\/blog\/david-gaudu-il-ny-aura-pas-de-guerre-dego-avec-thibaut-pinot\/#primaryimage"},"thumbnailUrl":"https:\/\/dicodusport.fr\/blog\/wp-content\/uploads\/2022\/06\/David-Gaudu-Il-ny-aura-pas-de-guerre-dego-avec-Thibaut-Pinot.png","keywords":["David Gaudu","Gaudu","Groupama FDJ","Thibaut Pinot"],"articleSection":["Cyclisme sur route"],"inLanguage":"fr-FR","potentialAction":[{"@type":"CommentAction","name":"Comment","target":["https:\/\/dicodusport.fr\/blog\/david-gaudu-il-ny-aura-pas-de-guerre-dego-avec-thibaut-pinot\/#respond"]}],"copyrightYear":"2022","copyrightHolder":{"@id":"https:\/\/dicodusport.fr\/blog\/#organization"}},{"@type":"WebPage","@id":"https:\/\/dicodusport.fr\/blog\/david-gaudu-il-ny-aura-pas-de-guerre-dego-avec-thibaut-pinot\/","url":"https:\/\/dicodusport.fr\/blog\/david-gaudu-il-ny-aura-pas-de-guerre-dego-avec-thibaut-pinot\/","name":"David Gaudu : \"Il n'y aura pas de guerre d'ego avec Thibaut Pinot\"","isPartOf":{"@id":"https:\/\/dicodusport.fr\/blog\/#website"},"primaryImageOfPage":{"@id":"https:\/\/dicodusport.fr\/blog\/david-gaudu-il-ny-aura-pas-de-guerre-dego-avec-thibaut-pinot\/#primaryimage"},"image":{"@id":"https:\/\/dicodusport.fr\/blog\/david-gaudu-il-ny-aura-pas-de-guerre-dego-avec-thibaut-pinot\/#primaryimage"},"thumbnailUrl":"https:\/\/dicodusport.fr\/blog\/wp-content\/uploads\/2022\/06\/David-Gaudu-Il-ny-aura-pas-de-guerre-dego-avec-Thibaut-Pinot.png","datePublished":"2022-06-15T13:00:10+00:00","dateModified":"2022-06-15T13:08:54+00:00","description":"CYCLISME SUR ROUTE 2022 - Dans un entretien accord\u00e9 \u00e0 nos confr\u00e8res de L'\u00c9quipe, David Gaudu a dress\u00e9 le bilan de son Dauphin\u00e9.","breadcrumb":{"@id":"https:\/\/dicodusport.fr\/blog\/david-gaudu-il-ny-aura-pas-de-guerre-dego-avec-thibaut-pinot\/#breadcrumb"},"inLanguage":"fr-FR","potentialAction":[{"@type":"ReadAction","target":["https:\/\/dicodusport.fr\/blog\/david-gaudu-il-ny-aura-pas-de-guerre-dego-avec-thibaut-pinot\/"]}]},{"@type":"ImageObject","inLanguage":"fr-FR","@id":"https:\/\/dicodusport.fr\/blog\/david-gaudu-il-ny-aura-pas-de-guerre-dego-avec-thibaut-pinot\/#primaryimage","url":"https:\/\/dicodusport.fr\/blog\/wp-content\/uploads\/2022\/06\/David-Gaudu-Il-ny-aura-pas-de-guerre-dego-avec-Thibaut-Pinot.png","contentUrl":"https:\/\/dicodusport.fr\/blog\/wp-content\/uploads\/2022\/06\/David-Gaudu-Il-ny-aura-pas-de-guerre-dego-avec-Thibaut-Pinot.png","width":800,"height":445},{"@type":"BreadcrumbList","@id":"https:\/\/dicodusport.fr\/blog\/david-gaudu-il-ny-aura-pas-de-guerre-dego-avec-thibaut-pinot\/#breadcrumb","itemListElement":[{"@type":"ListItem","position":1,"name":"Accueil","item":"https:\/\/dicodusport.fr\/blog\/"},{"@type":"ListItem","position":2,"name":"David Gaudu : \u00ab\u00a0Il n&rsquo;y aura pas de guerre d&rsquo;ego avec Thibaut Pinot\u00a0\u00bb"}]},{"@type":"WebSite","@id":"https:\/\/dicodusport.fr\/blog\/#website","url":"https:\/\/dicodusport.fr\/blog\/","name":"Dicodusport","description":"L&#039;encyclop\u00e9die de l&#039;actualit\u00e9 sportive","publisher":{"@id":"https:\/\/dicodusport.fr\/blog\/#organization"},"potentialAction":[{"@type":"SearchAction","target":{"@type":"EntryPoint","urlTemplate":"https:\/\/dicodusport.fr\/blog\/?s={search_term_string}"},"query-input":{"@type":"PropertyValueSpecification","valueRequired":true,"valueName":"search_term_string"}}],"inLanguage":"fr-FR"},{"@type":"NewsMediaOrganization","@id":"https:\/\/dicodusport.fr\/blog\/#organization","name":"Dicodusport","url":"https:\/\/dicodusport.fr\/blog\/","logo":{"@type":"ImageObject","inLanguage":"fr-FR","@id":"https:\/\/dicodusport.fr\/blog\/#\/schema\/logo\/image\/","url":"https:\/\/dicodusport.fr\/blog\/wp-content\/uploads\/2020\/06\/cropped-LOGO-DICODUSPORT-2020-SANS-FOND-SANS-TEXTE.png","contentUrl":"https:\/\/dicodusport.fr\/blog\/wp-content\/uploads\/2020\/06\/cropped-LOGO-DICODUSPORT-2020-SANS-FOND-SANS-TEXTE.png","width":512,"height":512,"caption":"Dicodusport"},"image":{"@id":"https:\/\/dicodusport.fr\/blog\/#\/schema\/logo\/image\/"},"sameAs":["https:\/\/www.facebook.com\/dicodusport","https:\/\/x.com\/dicodusport","https:\/\/www.instagram.com\/dicodusport\/","https:\/\/www.youtube.com\/channel\/UC7V2KZ5sd3htJivAbA4ZG3w"],"description":"Dicodusport est l'encyclop\u00e9die de l'actualit\u00e9 sportive.","email":"bonjour@dicodusport.fr","legalName":"DICODUSPORT","foundingDate":"2018-01-14","vatID":"FR71834470973","taxID":"83447097300043","numberOfEmployees":{"@type":"QuantitativeValue","minValue":"1","maxValue":"10"}},{"@type":"Person","@id":"https:\/\/dicodusport.fr\/blog\/#\/schema\/person\/55dcb50ad410894e431ed812bbb70191","name":"Nicolas Jacquemard","image":{"@type":"ImageObject","inLanguage":"fr-FR","@id":"https:\/\/dicodusport.fr\/blog\/#\/schema\/person\/image\/","url":"https:\/\/dicodusport.fr\/blog\/wp-content\/uploads\/2021\/05\/Nicolas-Jacquemard-150x150.jpeg","contentUrl":"https:\/\/dicodusport.fr\/blog\/wp-content\/uploads\/2021\/05\/Nicolas-Jacquemard-150x150.jpeg","caption":"Nicolas Jacquemard"},"description":"Passionn\u00e9 de sport et entrepreneur depuis mes 18 ans, la cr\u00e9ation de Dicodusport m'a sembl\u00e9 \u00e9vidente pour participer \u00e0 la m\u00e9diatisation d'un plus grand nombre de sports. Le chemin est long mais avec une \u00e9quipe des plus motiv\u00e9es et les Jeux Olympiques de Paris 2024 en point de mire, nous y arriverons ! Journaliste dans le monde du sport depuis plus de 5 ans, je traite aussi bien de football, de rugby, de biathlon que de cyclisme.","sameAs":["https:\/\/www.facebook.com\/dicodusport","https:\/\/x.com\/https:\/\/twitter.com\/Nico_Jacquemard"],"url":"https:\/\/dicodusport.fr\/blog\/author\/dicodusport\/"}]}},"_links":{"self":[{"href":"https:\/\/dicodusport.fr\/blog\/wp-json\/wp\/v2\/posts\/233434","targetHints":{"allow":["GET"]}}],"collection":[{"href":"https:\/\/dicodusport.fr\/blog\/wp-json\/wp\/v2\/posts"}],"about":[{"href":"https:\/\/dicodusport.fr\/blog\/wp-json\/wp\/v2\/types\/post"}],"author":[{"embeddable":true,"href":"https:\/\/dicodusport.fr\/blog\/wp-json\/wp\/v2\/users\/1"}],"replies":[{"embeddable":true,"href":"https:\/\/dicodusport.fr\/blog\/wp-json\/wp\/v2\/comments?post=233434"}],"version-history":[{"count":0,"href":"https:\/\/dicodusport.fr\/blog\/wp-json\/wp\/v2\/posts\/233434\/revisions"}],"wp:featuredmedia":[{"embeddable":true,"href":"https:\/\/dicodusport.fr\/blog\/wp-json\/wp\/v2\/media\/233437"}],"wp:attachment":[{"href":"https:\/\/dicodusport.fr\/blog\/wp-json\/wp\/v2\/media?parent=233434"}],"wp:term":[{"taxonomy":"category","embeddable":true,"href":"https:\/\/dicodusport.fr\/blog\/wp-json\/wp\/v2\/categories?post=233434"},{"taxonomy":"post_tag","embeddable":true,"href":"https:\/\/dicodusport.fr\/blog\/wp-json\/wp\/v2\/tags?post=233434"}],"curies":[{"name":"wp","href":"https:\/\/api.w.org\/{rel}","templated":true}]}}