{"id":233912,"date":"2022-06-16T19:06:16","date_gmt":"2022-06-16T17:06:16","guid":{"rendered":"https:\/\/dicodusport.fr\/blog\/?p=233912&#038;preview=true&#038;preview_id=233912"},"modified":"2022-06-16T22:47:22","modified_gmt":"2022-06-16T20:47:22","slug":"lille-va-se-separer-de-jocelyn-gourvennec","status":"publish","type":"post","link":"https:\/\/dicodusport.fr\/blog\/lille-va-se-separer-de-jocelyn-gourvennec\/","title":{"rendered":"Lille va se s\u00e9parer de Jocelyn Gourvennec"},"content":{"rendered":"<p style=\"text-align: justify;\"><b><i>LIGUE 1 &#8211; Jocelyn Gourvennec va quitter son poste d&rsquo;entraineur de Lille. Les deux parties vont se s\u00e9parer \u00e0 l&rsquo;amiable, un an seulement apr\u00e8s la prise de fonction du technicien breton, selon les informations du journal L&rsquo;\u00c9quipe.<\/i><\/b><\/p>\n<p style=\"text-align: justify;\">Lille et <strong>Jocelyn Gourvennec<\/strong>, c&rsquo;est fini ! L&rsquo;entraineur va quitter le banc nordiste, apr\u00e8s seulement un an d&rsquo;exercice. Arriv\u00e9 \u00e0 l&rsquo;\u00e9t\u00e9 2021 pour suppl\u00e9er<strong> Christophe Galtier<\/strong>, le technicien n&rsquo;aura pas surv\u00e9cu \u00e0 la saison moyenne de son club, 10\u00e8me seulement de Ligue 1. <strong>Gourvennec<\/strong> a pourtant quelques bons r\u00e9sultats \u00e0 mettre \u00e0 son actif. Il a notamment fait sortir son \u00e9quipe <a href=\"https:\/\/dicodusport.fr\/blog\/ligue-des-champions-lille-surclasse-wolfsbourg-et-file-en-8emes-de-finale\/\">des poules de la Ligue des Champions,<\/a> ce qui n&rsquo;\u00e9tait plus arriv\u00e9 au club depuis 2007. Mais ce n&rsquo;\u00e9tait pas suffisant pour faire oublier qu&rsquo;il a \u00e9chou\u00e9 \u00e0 qualifier Lille pour une comp\u00e9tition europ\u00e9enne la saison prochaine. Toujours selon l&rsquo;\u00c9quipe, il semblerait que <strong>Paulo Fonseca<\/strong>, ancien entraineur de Porto, soit en pole pour le remplacer.<\/p>\n<blockquote class=\"twitter-tweet\">\n<p dir=\"ltr\" lang=\"fr\">&#x1f534; BREAKING !<\/p>\n<p>Jocelyn Gourvennec n\u2019est plus l\u2019entra\u00eeneur de Lille !<a href=\"https:\/\/t.co\/3oP6mJZhsq\">https:\/\/t.co\/3oP6mJZhsq<\/a> <a href=\"https:\/\/t.co\/YD1Z7x9ZiH\">pic.twitter.com\/YD1Z7x9ZiH<\/a><\/p>\n<p>\u2014 Footballogue&#x2b50;&#xfe0f;&#x2b50;&#xfe0f; (@Footballogue) <a href=\"https:\/\/twitter.com\/Footballogue\/status\/1537473634134007809?ref_src=twsrc%5Etfw\">June 16, 2022<\/a><\/p><\/blockquote>\n<p><script async src=\"https:\/\/platform.twitter.com\/widgets.js\" charset=\"utf-8\"><\/script><\/p>\n","protected":false},"excerpt":{"rendered":"<p>LIGUE 1 &#8211; Jocelyn Gourvennec va quitter son poste d&rsquo;entraineur de Lille. Les deux parties vont se s\u00e9parer \u00e0 l&rsquo;amiable, un an seulement apr\u00e8s la prise de fonction du technicien breton, selon les informations du journal L&rsquo;\u00c9quipe.<\/p>\n","protected":false},"author":59,"featured_media":233916,"comment_status":"open","ping_status":"closed","sticky":false,"template":"","format":"standard","meta":{"_acf_changed":false,"_daextam_enable_autolinks":"","footnotes":""},"categories":[47045],"tags":[451,2391],"class_list":["post-233912","post","type-post","status-publish","format-standard","has-post-thumbnail","hentry","category-ligue-1","tag-lille","tag-losc"],"acf":[],"yoast_head":"<!-- This site is optimized with the Yoast SEO Premium plugin v26.7 (Yoast SEO v26.7) - https:\/\/yoast.com\/wordpress\/plugins\/seo\/ -->\n<title>Lille va se s\u00e9parer de Jocelyn Gourvennec<\/title>\n<meta name=\"description\" content=\"LIGUE 1 - Jocelyn Gourvennec va quitter son poste d&#039;entraineur de Lille, selon les informations du journal L&#039;\u00c9quipe.\" \/>\n<meta name=\"robots\" content=\"index, follow, max-snippet:-1, max-image-preview:large, max-video-preview:-1\" \/>\n<link rel=\"canonical\" href=\"https:\/\/dicodusport.fr\/blog\/lille-va-se-separer-de-jocelyn-gourvennec\/\" \/>\n<meta property=\"og:locale\" content=\"fr_FR\" \/>\n<meta property=\"og:type\" content=\"article\" \/>\n<meta property=\"og:title\" content=\"Lille va se s\u00e9parer de Jocelyn Gourvennec\" \/>\n<meta property=\"og:description\" content=\"LIGUE 1 - Jocelyn Gourvennec va quitter son poste d&#039;entraineur de Lille, selon les informations du journal L&#039;\u00c9quipe.\" \/>\n<meta property=\"og:url\" content=\"https:\/\/dicodusport.fr\/blog\/lille-va-se-separer-de-jocelyn-gourvennec\/\" \/>\n<meta property=\"og:site_name\" content=\"Dicodusport\" \/>\n<meta property=\"article:publisher\" content=\"https:\/\/www.facebook.com\/dicodusport\" \/>\n<meta property=\"article:author\" content=\"https:\/\/www.facebook.com\/sebastien.gente\/\" \/>\n<meta property=\"article:published_time\" content=\"2022-06-16T17:06:16+00:00\" \/>\n<meta property=\"article:modified_time\" content=\"2022-06-16T20:47:22+00:00\" \/>\n<meta property=\"og:image\" content=\"https:\/\/dicodusport.fr\/blog\/wp-content\/uploads\/2022\/06\/Lille-va-se-separer-de-Jocelyn-Gourvennec.png\" \/>\n\t<meta property=\"og:image:width\" content=\"800\" \/>\n\t<meta property=\"og:image:height\" content=\"445\" \/>\n\t<meta property=\"og:image:type\" content=\"image\/png\" \/>\n<meta name=\"author\" content=\"S\u00e9bastien Gente\" \/>\n<meta name=\"twitter:card\" content=\"summary_large_image\" \/>\n<meta name=\"twitter:title\" content=\"Lille va se s\u00e9parer de Jocelyn Gourvennec\" \/>\n<meta name=\"twitter:creator\" content=\"@https:\/\/twitter.com\/globulo24\" \/>\n<meta name=\"twitter:site\" content=\"@dicodusport\" \/>\n<script type=\"application\/ld+json\" class=\"yoast-schema-graph\">{\"@context\":\"https:\/\/schema.org\",\"@graph\":[{\"@type\":\"NewsArticle\",\"@id\":\"https:\/\/dicodusport.fr\/blog\/lille-va-se-separer-de-jocelyn-gourvennec\/#article\",\"isPartOf\":{\"@id\":\"https:\/\/dicodusport.fr\/blog\/lille-va-se-separer-de-jocelyn-gourvennec\/\"},\"author\":{\"name\":\"S\u00e9bastien Gente\",\"@id\":\"https:\/\/dicodusport.fr\/blog\/#\/schema\/person\/627966a6cde45dbd8c5e36ac85d783da\"},\"headline\":\"Lille va se s\u00e9parer de Jocelyn Gourvennec\",\"datePublished\":\"2022-06-16T17:06:16+00:00\",\"dateModified\":\"2022-06-16T20:47:22+00:00\",\"mainEntityOfPage\":{\"@id\":\"https:\/\/dicodusport.fr\/blog\/lille-va-se-separer-de-jocelyn-gourvennec\/\"},\"wordCount\":206,\"commentCount\":0,\"publisher\":{\"@id\":\"https:\/\/dicodusport.fr\/blog\/#organization\"},\"image\":{\"@id\":\"https:\/\/dicodusport.fr\/blog\/lille-va-se-separer-de-jocelyn-gourvennec\/#primaryimage\"},\"thumbnailUrl\":\"https:\/\/dicodusport.fr\/blog\/wp-content\/uploads\/2022\/06\/Lille-va-se-separer-de-Jocelyn-Gourvennec.png\",\"keywords\":[\"Lille\",\"LOSC\"],\"articleSection\":[\"Ligue 1\"],\"inLanguage\":\"fr-FR\",\"potentialAction\":[{\"@type\":\"CommentAction\",\"name\":\"Comment\",\"target\":[\"https:\/\/dicodusport.fr\/blog\/lille-va-se-separer-de-jocelyn-gourvennec\/#respond\"]}],\"copyrightYear\":\"2022\",\"copyrightHolder\":{\"@id\":\"https:\/\/dicodusport.fr\/blog\/#organization\"}},{\"@type\":\"WebPage\",\"@id\":\"https:\/\/dicodusport.fr\/blog\/lille-va-se-separer-de-jocelyn-gourvennec\/\",\"url\":\"https:\/\/dicodusport.fr\/blog\/lille-va-se-separer-de-jocelyn-gourvennec\/\",\"name\":\"Lille va se s\u00e9parer de Jocelyn Gourvennec\",\"isPartOf\":{\"@id\":\"https:\/\/dicodusport.fr\/blog\/#website\"},\"primaryImageOfPage\":{\"@id\":\"https:\/\/dicodusport.fr\/blog\/lille-va-se-separer-de-jocelyn-gourvennec\/#primaryimage\"},\"image\":{\"@id\":\"https:\/\/dicodusport.fr\/blog\/lille-va-se-separer-de-jocelyn-gourvennec\/#primaryimage\"},\"thumbnailUrl\":\"https:\/\/dicodusport.fr\/blog\/wp-content\/uploads\/2022\/06\/Lille-va-se-separer-de-Jocelyn-Gourvennec.png\",\"datePublished\":\"2022-06-16T17:06:16+00:00\",\"dateModified\":\"2022-06-16T20:47:22+00:00\",\"description\":\"LIGUE 1 - Jocelyn Gourvennec va quitter son poste d'entraineur de Lille, selon les informations du journal L'\u00c9quipe.\",\"breadcrumb\":{\"@id\":\"https:\/\/dicodusport.fr\/blog\/lille-va-se-separer-de-jocelyn-gourvennec\/#breadcrumb\"},\"inLanguage\":\"fr-FR\",\"potentialAction\":[{\"@type\":\"ReadAction\",\"target\":[\"https:\/\/dicodusport.fr\/blog\/lille-va-se-separer-de-jocelyn-gourvennec\/\"]}]},{\"@type\":\"ImageObject\",\"inLanguage\":\"fr-FR\",\"@id\":\"https:\/\/dicodusport.fr\/blog\/lille-va-se-separer-de-jocelyn-gourvennec\/#primaryimage\",\"url\":\"https:\/\/dicodusport.fr\/blog\/wp-content\/uploads\/2022\/06\/Lille-va-se-separer-de-Jocelyn-Gourvennec.png\",\"contentUrl\":\"https:\/\/dicodusport.fr\/blog\/wp-content\/uploads\/2022\/06\/Lille-va-se-separer-de-Jocelyn-Gourvennec.png\",\"width\":800,\"height\":445,\"caption\":\"Lille va se s\u00e9parer de Jocelyn Gourvennec\"},{\"@type\":\"BreadcrumbList\",\"@id\":\"https:\/\/dicodusport.fr\/blog\/lille-va-se-separer-de-jocelyn-gourvennec\/#breadcrumb\",\"itemListElement\":[{\"@type\":\"ListItem\",\"position\":1,\"name\":\"Accueil\",\"item\":\"https:\/\/dicodusport.fr\/blog\/\"},{\"@type\":\"ListItem\",\"position\":2,\"name\":\"Lille va se s\u00e9parer de Jocelyn Gourvennec\"}]},{\"@type\":\"WebSite\",\"@id\":\"https:\/\/dicodusport.fr\/blog\/#website\",\"url\":\"https:\/\/dicodusport.fr\/blog\/\",\"name\":\"Dicodusport\",\"description\":\"L&#039;encyclop\u00e9die de l&#039;actualit\u00e9 sportive\",\"publisher\":{\"@id\":\"https:\/\/dicodusport.fr\/blog\/#organization\"},\"potentialAction\":[{\"@type\":\"SearchAction\",\"target\":{\"@type\":\"EntryPoint\",\"urlTemplate\":\"https:\/\/dicodusport.fr\/blog\/?s={search_term_string}\"},\"query-input\":{\"@type\":\"PropertyValueSpecification\",\"valueRequired\":true,\"valueName\":\"search_term_string\"}}],\"inLanguage\":\"fr-FR\"},{\"@type\":\"NewsMediaOrganization\",\"@id\":\"https:\/\/dicodusport.fr\/blog\/#organization\",\"name\":\"Dicodusport\",\"url\":\"https:\/\/dicodusport.fr\/blog\/\",\"logo\":{\"@type\":\"ImageObject\",\"inLanguage\":\"fr-FR\",\"@id\":\"https:\/\/dicodusport.fr\/blog\/#\/schema\/logo\/image\/\",\"url\":\"https:\/\/dicodusport.fr\/blog\/wp-content\/uploads\/2020\/06\/cropped-LOGO-DICODUSPORT-2020-SANS-FOND-SANS-TEXTE.png\",\"contentUrl\":\"https:\/\/dicodusport.fr\/blog\/wp-content\/uploads\/2020\/06\/cropped-LOGO-DICODUSPORT-2020-SANS-FOND-SANS-TEXTE.png\",\"width\":512,\"height\":512,\"caption\":\"Dicodusport\"},\"image\":{\"@id\":\"https:\/\/dicodusport.fr\/blog\/#\/schema\/logo\/image\/\"},\"sameAs\":[\"https:\/\/www.facebook.com\/dicodusport\",\"https:\/\/x.com\/dicodusport\",\"https:\/\/www.instagram.com\/dicodusport\/\",\"https:\/\/www.youtube.com\/channel\/UC7V2KZ5sd3htJivAbA4ZG3w\"],\"description\":\"Dicodusport est l'encyclop\u00e9die de l'actualit\u00e9 sportive.\",\"email\":\"bonjour@dicodusport.fr\",\"legalName\":\"DICODUSPORT\",\"foundingDate\":\"2018-01-14\",\"vatID\":\"FR71834470973\",\"taxID\":\"83447097300043\",\"numberOfEmployees\":{\"@type\":\"QuantitativeValue\",\"minValue\":\"1\",\"maxValue\":\"10\"}},{\"@type\":\"Person\",\"@id\":\"https:\/\/dicodusport.fr\/blog\/#\/schema\/person\/627966a6cde45dbd8c5e36ac85d783da\",\"name\":\"S\u00e9bastien Gente\",\"image\":{\"@type\":\"ImageObject\",\"inLanguage\":\"fr-FR\",\"@id\":\"https:\/\/dicodusport.fr\/blog\/#\/schema\/person\/image\/\",\"url\":\"https:\/\/dicodusport.fr\/blog\/wp-content\/uploads\/2021\/09\/1510990_10205810251400683_4124423575079401707_n-150x150.jpg\",\"contentUrl\":\"https:\/\/dicodusport.fr\/blog\/wp-content\/uploads\/2021\/09\/1510990_10205810251400683_4124423575079401707_n-150x150.jpg\",\"caption\":\"S\u00e9bastien Gente\"},\"description\":\"John Stockton, Gianni Bugno, Zinedine Zidane, Steffi Graf, Frode Andresen, St\u00e9phane Stoecklin, Davis Kamoga, Primoz Peterka, Werner Schlager et Aur\u00e9lien Rougerie. Point commun entre ces sportifs? Ils m'ont fait r\u00eaver et ont berc\u00e9 mon adolescence. Je suis un fondu de sports et j'essaie de retranscrire ma passion \u00e0 travers mes articles. Originaire du P\u00e9rigord, ma passion pour les Girondins, les Jaunards et les Jazzmen transpire dans mes \u00e9crits. \u00c0 Dicodusport depuis 2021, je d\u00e9niche les sports m\u00e9connus dans lesquels la France brille, et il y en a !\",\"sameAs\":[\"https:\/\/www.facebook.com\/sebastien.gente\/\",\"https:\/\/www.instagram.com\/sebgente\/\",\"https:\/\/www.linkedin.com\/in\/sbastien-gente-a29583169\/\",\"https:\/\/x.com\/https:\/\/twitter.com\/globulo24\",\"SebastienGente\"],\"worksFor\":\"S\u00e9bastien GENTE\",\"url\":\"https:\/\/dicodusport.fr\/blog\/author\/sebastiengente\/\"}]}<\/script>\n<!-- \/ Yoast SEO Premium plugin. -->","yoast_head_json":{"title":"Lille va se s\u00e9parer de Jocelyn Gourvennec","description":"LIGUE 1 - Jocelyn Gourvennec va quitter son poste d'entraineur de Lille, selon les informations du journal L'\u00c9quipe.","robots":{"index":"index","follow":"follow","max-snippet":"max-snippet:-1","max-image-preview":"max-image-preview:large","max-video-preview":"max-video-preview:-1"},"canonical":"https:\/\/dicodusport.fr\/blog\/lille-va-se-separer-de-jocelyn-gourvennec\/","og_locale":"fr_FR","og_type":"article","og_title":"Lille va se s\u00e9parer de Jocelyn Gourvennec","og_description":"LIGUE 1 - Jocelyn Gourvennec va quitter son poste d'entraineur de Lille, selon les informations du journal L'\u00c9quipe.","og_url":"https:\/\/dicodusport.fr\/blog\/lille-va-se-separer-de-jocelyn-gourvennec\/","og_site_name":"Dicodusport","article_publisher":"https:\/\/www.facebook.com\/dicodusport","article_author":"https:\/\/www.facebook.com\/sebastien.gente\/","article_published_time":"2022-06-16T17:06:16+00:00","article_modified_time":"2022-06-16T20:47:22+00:00","og_image":[{"width":800,"height":445,"url":"https:\/\/dicodusport.fr\/blog\/wp-content\/uploads\/2022\/06\/Lille-va-se-separer-de-Jocelyn-Gourvennec.png","type":"image\/png"}],"author":"S\u00e9bastien Gente","twitter_card":"summary_large_image","twitter_title":"Lille va se s\u00e9parer de Jocelyn Gourvennec","twitter_creator":"@https:\/\/twitter.com\/globulo24","twitter_site":"@dicodusport","schema":{"@context":"https:\/\/schema.org","@graph":[{"@type":"NewsArticle","@id":"https:\/\/dicodusport.fr\/blog\/lille-va-se-separer-de-jocelyn-gourvennec\/#article","isPartOf":{"@id":"https:\/\/dicodusport.fr\/blog\/lille-va-se-separer-de-jocelyn-gourvennec\/"},"author":{"name":"S\u00e9bastien Gente","@id":"https:\/\/dicodusport.fr\/blog\/#\/schema\/person\/627966a6cde45dbd8c5e36ac85d783da"},"headline":"Lille va se s\u00e9parer de Jocelyn Gourvennec","datePublished":"2022-06-16T17:06:16+00:00","dateModified":"2022-06-16T20:47:22+00:00","mainEntityOfPage":{"@id":"https:\/\/dicodusport.fr\/blog\/lille-va-se-separer-de-jocelyn-gourvennec\/"},"wordCount":206,"commentCount":0,"publisher":{"@id":"https:\/\/dicodusport.fr\/blog\/#organization"},"image":{"@id":"https:\/\/dicodusport.fr\/blog\/lille-va-se-separer-de-jocelyn-gourvennec\/#primaryimage"},"thumbnailUrl":"https:\/\/dicodusport.fr\/blog\/wp-content\/uploads\/2022\/06\/Lille-va-se-separer-de-Jocelyn-Gourvennec.png","keywords":["Lille","LOSC"],"articleSection":["Ligue 1"],"inLanguage":"fr-FR","potentialAction":[{"@type":"CommentAction","name":"Comment","target":["https:\/\/dicodusport.fr\/blog\/lille-va-se-separer-de-jocelyn-gourvennec\/#respond"]}],"copyrightYear":"2022","copyrightHolder":{"@id":"https:\/\/dicodusport.fr\/blog\/#organization"}},{"@type":"WebPage","@id":"https:\/\/dicodusport.fr\/blog\/lille-va-se-separer-de-jocelyn-gourvennec\/","url":"https:\/\/dicodusport.fr\/blog\/lille-va-se-separer-de-jocelyn-gourvennec\/","name":"Lille va se s\u00e9parer de Jocelyn Gourvennec","isPartOf":{"@id":"https:\/\/dicodusport.fr\/blog\/#website"},"primaryImageOfPage":{"@id":"https:\/\/dicodusport.fr\/blog\/lille-va-se-separer-de-jocelyn-gourvennec\/#primaryimage"},"image":{"@id":"https:\/\/dicodusport.fr\/blog\/lille-va-se-separer-de-jocelyn-gourvennec\/#primaryimage"},"thumbnailUrl":"https:\/\/dicodusport.fr\/blog\/wp-content\/uploads\/2022\/06\/Lille-va-se-separer-de-Jocelyn-Gourvennec.png","datePublished":"2022-06-16T17:06:16+00:00","dateModified":"2022-06-16T20:47:22+00:00","description":"LIGUE 1 - Jocelyn Gourvennec va quitter son poste d'entraineur de Lille, selon les informations du journal L'\u00c9quipe.","breadcrumb":{"@id":"https:\/\/dicodusport.fr\/blog\/lille-va-se-separer-de-jocelyn-gourvennec\/#breadcrumb"},"inLanguage":"fr-FR","potentialAction":[{"@type":"ReadAction","target":["https:\/\/dicodusport.fr\/blog\/lille-va-se-separer-de-jocelyn-gourvennec\/"]}]},{"@type":"ImageObject","inLanguage":"fr-FR","@id":"https:\/\/dicodusport.fr\/blog\/lille-va-se-separer-de-jocelyn-gourvennec\/#primaryimage","url":"https:\/\/dicodusport.fr\/blog\/wp-content\/uploads\/2022\/06\/Lille-va-se-separer-de-Jocelyn-Gourvennec.png","contentUrl":"https:\/\/dicodusport.fr\/blog\/wp-content\/uploads\/2022\/06\/Lille-va-se-separer-de-Jocelyn-Gourvennec.png","width":800,"height":445,"caption":"Lille va se s\u00e9parer de Jocelyn Gourvennec"},{"@type":"BreadcrumbList","@id":"https:\/\/dicodusport.fr\/blog\/lille-va-se-separer-de-jocelyn-gourvennec\/#breadcrumb","itemListElement":[{"@type":"ListItem","position":1,"name":"Accueil","item":"https:\/\/dicodusport.fr\/blog\/"},{"@type":"ListItem","position":2,"name":"Lille va se s\u00e9parer de Jocelyn Gourvennec"}]},{"@type":"WebSite","@id":"https:\/\/dicodusport.fr\/blog\/#website","url":"https:\/\/dicodusport.fr\/blog\/","name":"Dicodusport","description":"L&#039;encyclop\u00e9die de l&#039;actualit\u00e9 sportive","publisher":{"@id":"https:\/\/dicodusport.fr\/blog\/#organization"},"potentialAction":[{"@type":"SearchAction","target":{"@type":"EntryPoint","urlTemplate":"https:\/\/dicodusport.fr\/blog\/?s={search_term_string}"},"query-input":{"@type":"PropertyValueSpecification","valueRequired":true,"valueName":"search_term_string"}}],"inLanguage":"fr-FR"},{"@type":"NewsMediaOrganization","@id":"https:\/\/dicodusport.fr\/blog\/#organization","name":"Dicodusport","url":"https:\/\/dicodusport.fr\/blog\/","logo":{"@type":"ImageObject","inLanguage":"fr-FR","@id":"https:\/\/dicodusport.fr\/blog\/#\/schema\/logo\/image\/","url":"https:\/\/dicodusport.fr\/blog\/wp-content\/uploads\/2020\/06\/cropped-LOGO-DICODUSPORT-2020-SANS-FOND-SANS-TEXTE.png","contentUrl":"https:\/\/dicodusport.fr\/blog\/wp-content\/uploads\/2020\/06\/cropped-LOGO-DICODUSPORT-2020-SANS-FOND-SANS-TEXTE.png","width":512,"height":512,"caption":"Dicodusport"},"image":{"@id":"https:\/\/dicodusport.fr\/blog\/#\/schema\/logo\/image\/"},"sameAs":["https:\/\/www.facebook.com\/dicodusport","https:\/\/x.com\/dicodusport","https:\/\/www.instagram.com\/dicodusport\/","https:\/\/www.youtube.com\/channel\/UC7V2KZ5sd3htJivAbA4ZG3w"],"description":"Dicodusport est l'encyclop\u00e9die de l'actualit\u00e9 sportive.","email":"bonjour@dicodusport.fr","legalName":"DICODUSPORT","foundingDate":"2018-01-14","vatID":"FR71834470973","taxID":"83447097300043","numberOfEmployees":{"@type":"QuantitativeValue","minValue":"1","maxValue":"10"}},{"@type":"Person","@id":"https:\/\/dicodusport.fr\/blog\/#\/schema\/person\/627966a6cde45dbd8c5e36ac85d783da","name":"S\u00e9bastien Gente","image":{"@type":"ImageObject","inLanguage":"fr-FR","@id":"https:\/\/dicodusport.fr\/blog\/#\/schema\/person\/image\/","url":"https:\/\/dicodusport.fr\/blog\/wp-content\/uploads\/2021\/09\/1510990_10205810251400683_4124423575079401707_n-150x150.jpg","contentUrl":"https:\/\/dicodusport.fr\/blog\/wp-content\/uploads\/2021\/09\/1510990_10205810251400683_4124423575079401707_n-150x150.jpg","caption":"S\u00e9bastien Gente"},"description":"John Stockton, Gianni Bugno, Zinedine Zidane, Steffi Graf, Frode Andresen, St\u00e9phane Stoecklin, Davis Kamoga, Primoz Peterka, Werner Schlager et Aur\u00e9lien Rougerie. Point commun entre ces sportifs? Ils m'ont fait r\u00eaver et ont berc\u00e9 mon adolescence. Je suis un fondu de sports et j'essaie de retranscrire ma passion \u00e0 travers mes articles. Originaire du P\u00e9rigord, ma passion pour les Girondins, les Jaunards et les Jazzmen transpire dans mes \u00e9crits. \u00c0 Dicodusport depuis 2021, je d\u00e9niche les sports m\u00e9connus dans lesquels la France brille, et il y en a !","sameAs":["https:\/\/www.facebook.com\/sebastien.gente\/","https:\/\/www.instagram.com\/sebgente\/","https:\/\/www.linkedin.com\/in\/sbastien-gente-a29583169\/","https:\/\/x.com\/https:\/\/twitter.com\/globulo24","SebastienGente"],"worksFor":"S\u00e9bastien GENTE","url":"https:\/\/dicodusport.fr\/blog\/author\/sebastiengente\/"}]}},"_links":{"self":[{"href":"https:\/\/dicodusport.fr\/blog\/wp-json\/wp\/v2\/posts\/233912","targetHints":{"allow":["GET"]}}],"collection":[{"href":"https:\/\/dicodusport.fr\/blog\/wp-json\/wp\/v2\/posts"}],"about":[{"href":"https:\/\/dicodusport.fr\/blog\/wp-json\/wp\/v2\/types\/post"}],"author":[{"embeddable":true,"href":"https:\/\/dicodusport.fr\/blog\/wp-json\/wp\/v2\/users\/59"}],"replies":[{"embeddable":true,"href":"https:\/\/dicodusport.fr\/blog\/wp-json\/wp\/v2\/comments?post=233912"}],"version-history":[{"count":0,"href":"https:\/\/dicodusport.fr\/blog\/wp-json\/wp\/v2\/posts\/233912\/revisions"}],"wp:featuredmedia":[{"embeddable":true,"href":"https:\/\/dicodusport.fr\/blog\/wp-json\/wp\/v2\/media\/233916"}],"wp:attachment":[{"href":"https:\/\/dicodusport.fr\/blog\/wp-json\/wp\/v2\/media?parent=233912"}],"wp:term":[{"taxonomy":"category","embeddable":true,"href":"https:\/\/dicodusport.fr\/blog\/wp-json\/wp\/v2\/categories?post=233912"},{"taxonomy":"post_tag","embeddable":true,"href":"https:\/\/dicodusport.fr\/blog\/wp-json\/wp\/v2\/tags?post=233912"}],"curies":[{"name":"wp","href":"https:\/\/api.w.org\/{rel}","templated":true}]}}