{"id":234107,"date":"2022-06-17T14:23:53","date_gmt":"2022-06-17T12:23:53","guid":{"rendered":"https:\/\/dicodusport.fr\/blog\/?p=234107&#038;preview=true&#038;preview_id=234107"},"modified":"2022-06-17T14:23:53","modified_gmt":"2022-06-17T12:23:53","slug":"wta-berlin-alize-cornet-en-finale-du-tournoi-de-double","status":"publish","type":"post","link":"https:\/\/dicodusport.fr\/blog\/wta-berlin-alize-cornet-en-finale-du-tournoi-de-double\/","title":{"rendered":"WTA Berlin : Aliz\u00e9 Cornet en finale du tournoi de double"},"content":{"rendered":"<p style=\"text-align: justify;\"><b><i>SAISON WTA 2022 &#8211; En difficult\u00e9 en simple, Aliz\u00e9 Cornet retrouve le chemin de la victoire en double. Elle s&rsquo;est qualifi\u00e9e pour la finale du tournoi de Berlin, associ\u00e9e \u00e0 Jil Teichmann.\u00a0<\/i><\/b><\/p>\n<p style=\"text-align: justify;\"><a href=\"https:\/\/dicodusport.fr\/blog\/open-daustralie-danielle-collins-met-fin-au-parcours-dalize-cornet\/\">Depuis son quart de finale \u00e0 l&rsquo;Open d&rsquo;Australie en d\u00e9but de saison<\/a>, <strong>Aliz\u00e9 Cornet<\/strong> gal\u00e8re en simple. En effet, elle n&rsquo;a d\u00e9croch\u00e9 que cinq succ\u00e8s depuis qu&rsquo;elle a quitt\u00e9 l&rsquo;Australie en janvier. Lors de ce tournoi WTA 500 de Berlin, elle a d&rsquo;ailleurs \u00e9t\u00e9 \u00e9limin\u00e9e d\u00e8s le premier tour par la Russe <strong>Anna Kalinskaya<\/strong>. Mais elle ne sera pas venue en Allemagne pour rien, puisqu&rsquo;elle va disputer la finale du double dames. Associ\u00e9e \u00e0 la Suissesse <strong>Jil Teichmann<\/strong>, elle n&rsquo;a toujours pas perdu le moindre set.<\/p>\n<blockquote class=\"twitter-tweet\">\n<p dir=\"ltr\" lang=\"en\">Our new doubles specialist finally into the final.<br \/>\nAlize\/Jil beats no.2 seed 6-3 7-5 after winning over no.4 seed. They didn&rsquo;t get nervous even at the match point, they still smiled. It makes us happy to see their playing&#x1f60a; <a href=\"https:\/\/twitter.com\/bett1open?ref_src=twsrc%5Etfw\">@bett1open<\/a> <a href=\"https:\/\/t.co\/Sv3f1KK8im\">pic.twitter.com\/Sv3f1KK8im<\/a><\/p>\n<p>\u2014 Team Alize Cornet (@teamalizecornet) <a href=\"https:\/\/twitter.com\/teamalizecornet\/status\/1537763010273738752?ref_src=twsrc%5Etfw\">June 17, 2022<\/a><\/p><\/blockquote>\n<p><script async src=\"https:\/\/platform.twitter.com\/widgets.js\" charset=\"utf-8\"><\/script><\/p>\n<p style=\"text-align: justify;\">Aujourd&rsquo;hui, elles ont terrass\u00e9 les t\u00eates de s\u00e9rie n\u00b02,<strong> Gabriela Dabrowski<\/strong> et <strong>Giuliana Olmos, 6-3, 7-5<\/strong>. C&rsquo;est seulement la deuxi\u00e8me fois qu&rsquo;elle est associ\u00e9e \u00e0 la joueuse Suisse en double. Lors du Masters 1000 de Miami, en mars, elles \u00e9taient all\u00e9es jusqu&rsquo;en quart de finale. <strong>Aliz\u00e9 Cornet<\/strong> jouera donc sa premi\u00e8re finale de double depuis 2017. Elle visera un quatri\u00e8me titre dans cette sp\u00e9cialit\u00e9, le premier depuis l&rsquo;Open de Hong Kong en 2015, d\u00e9croch\u00e9 en compagnie de la Kazakhe<strong> Yaroslava Shvedova.<\/strong> Ses adversaires seront connues demain, pour une finale dimanche.<\/p>\n","protected":false},"excerpt":{"rendered":"<p>SAISON WTA 2022 &#8211; En difficult\u00e9 en simple, Aliz\u00e9 Cornet retrouve le chemin de la victoire en double. Elle s&rsquo;est qualifi\u00e9e pour la finale du tournoi de Berlin, associ\u00e9e \u00e0 Jil Teichmann.\u00a0<\/p>\n","protected":false},"author":59,"featured_media":234114,"comment_status":"open","ping_status":"closed","sticky":false,"template":"","format":"standard","meta":{"_acf_changed":false,"_daextam_enable_autolinks":"","footnotes":""},"categories":[2302],"tags":[4785,4792],"class_list":["post-234107","post","type-post","status-publish","format-standard","has-post-thumbnail","hentry","category-tennis","tag-alize-cornet","tag-tennis-francais"],"acf":[],"yoast_head":"<!-- This site is optimized with the Yoast SEO Premium plugin v26.7 (Yoast SEO v26.7) - https:\/\/yoast.com\/wordpress\/plugins\/seo\/ -->\n<title>WTA Berlin : Aliz\u00e9 Cornet en finale du tournoi de double<\/title>\n<meta name=\"description\" content=\"SAISON WTA 2022 - Aliz\u00e9 Cornet s&#039;est qualifi\u00e9e pour la finale du tournoi de double de Berlin, associ\u00e9e \u00e0 Jil Teichmann.\u00a0\" \/>\n<meta name=\"robots\" content=\"index, follow, max-snippet:-1, max-image-preview:large, max-video-preview:-1\" \/>\n<link rel=\"canonical\" href=\"https:\/\/dicodusport.fr\/blog\/wta-berlin-alize-cornet-en-finale-du-tournoi-de-double\/\" \/>\n<meta property=\"og:locale\" content=\"fr_FR\" \/>\n<meta property=\"og:type\" content=\"article\" \/>\n<meta property=\"og:title\" content=\"WTA Berlin : Aliz\u00e9 Cornet en finale du tournoi de double\" \/>\n<meta property=\"og:description\" content=\"SAISON WTA 2022 - Aliz\u00e9 Cornet s&#039;est qualifi\u00e9e pour la finale du tournoi de double de Berlin, associ\u00e9e \u00e0 Jil Teichmann.\u00a0\" \/>\n<meta property=\"og:url\" content=\"https:\/\/dicodusport.fr\/blog\/wta-berlin-alize-cornet-en-finale-du-tournoi-de-double\/\" \/>\n<meta property=\"og:site_name\" content=\"Dicodusport\" \/>\n<meta property=\"article:publisher\" content=\"https:\/\/www.facebook.com\/dicodusport\" \/>\n<meta property=\"article:author\" content=\"https:\/\/www.facebook.com\/sebastien.gente\/\" \/>\n<meta property=\"article:published_time\" content=\"2022-06-17T12:23:53+00:00\" \/>\n<meta property=\"og:image\" content=\"https:\/\/dicodusport.fr\/blog\/wp-content\/uploads\/2022\/06\/WTA-Berlin-Alize-Cornet-en-finale-du-tournoi-de-double.png\" \/>\n\t<meta property=\"og:image:width\" content=\"800\" \/>\n\t<meta property=\"og:image:height\" content=\"445\" \/>\n\t<meta property=\"og:image:type\" content=\"image\/png\" \/>\n<meta name=\"author\" content=\"S\u00e9bastien Gente\" \/>\n<meta name=\"twitter:card\" content=\"summary_large_image\" \/>\n<meta name=\"twitter:title\" content=\"WTA Berlin : Aliz\u00e9 Cornet en finale du tournoi de double\" \/>\n<meta name=\"twitter:creator\" content=\"@https:\/\/twitter.com\/globulo24\" \/>\n<meta name=\"twitter:site\" content=\"@dicodusport\" \/>\n<script type=\"application\/ld+json\" class=\"yoast-schema-graph\">{\"@context\":\"https:\/\/schema.org\",\"@graph\":[{\"@type\":\"NewsArticle\",\"@id\":\"https:\/\/dicodusport.fr\/blog\/wta-berlin-alize-cornet-en-finale-du-tournoi-de-double\/#article\",\"isPartOf\":{\"@id\":\"https:\/\/dicodusport.fr\/blog\/wta-berlin-alize-cornet-en-finale-du-tournoi-de-double\/\"},\"author\":{\"name\":\"S\u00e9bastien Gente\",\"@id\":\"https:\/\/dicodusport.fr\/blog\/#\/schema\/person\/627966a6cde45dbd8c5e36ac85d783da\"},\"headline\":\"WTA Berlin : Aliz\u00e9 Cornet en finale du tournoi de double\",\"datePublished\":\"2022-06-17T12:23:53+00:00\",\"mainEntityOfPage\":{\"@id\":\"https:\/\/dicodusport.fr\/blog\/wta-berlin-alize-cornet-en-finale-du-tournoi-de-double\/\"},\"wordCount\":299,\"commentCount\":0,\"publisher\":{\"@id\":\"https:\/\/dicodusport.fr\/blog\/#organization\"},\"image\":{\"@id\":\"https:\/\/dicodusport.fr\/blog\/wta-berlin-alize-cornet-en-finale-du-tournoi-de-double\/#primaryimage\"},\"thumbnailUrl\":\"https:\/\/dicodusport.fr\/blog\/wp-content\/uploads\/2022\/06\/WTA-Berlin-Alize-Cornet-en-finale-du-tournoi-de-double.png\",\"keywords\":[\"Aliz\u00e9 Cornet\",\"Tennis fran\u00e7ais\"],\"articleSection\":[\"Tennis\"],\"inLanguage\":\"fr-FR\",\"potentialAction\":[{\"@type\":\"CommentAction\",\"name\":\"Comment\",\"target\":[\"https:\/\/dicodusport.fr\/blog\/wta-berlin-alize-cornet-en-finale-du-tournoi-de-double\/#respond\"]}],\"copyrightYear\":\"2022\",\"copyrightHolder\":{\"@id\":\"https:\/\/dicodusport.fr\/blog\/#organization\"}},{\"@type\":\"WebPage\",\"@id\":\"https:\/\/dicodusport.fr\/blog\/wta-berlin-alize-cornet-en-finale-du-tournoi-de-double\/\",\"url\":\"https:\/\/dicodusport.fr\/blog\/wta-berlin-alize-cornet-en-finale-du-tournoi-de-double\/\",\"name\":\"WTA Berlin : Aliz\u00e9 Cornet en finale du tournoi de double\",\"isPartOf\":{\"@id\":\"https:\/\/dicodusport.fr\/blog\/#website\"},\"primaryImageOfPage\":{\"@id\":\"https:\/\/dicodusport.fr\/blog\/wta-berlin-alize-cornet-en-finale-du-tournoi-de-double\/#primaryimage\"},\"image\":{\"@id\":\"https:\/\/dicodusport.fr\/blog\/wta-berlin-alize-cornet-en-finale-du-tournoi-de-double\/#primaryimage\"},\"thumbnailUrl\":\"https:\/\/dicodusport.fr\/blog\/wp-content\/uploads\/2022\/06\/WTA-Berlin-Alize-Cornet-en-finale-du-tournoi-de-double.png\",\"datePublished\":\"2022-06-17T12:23:53+00:00\",\"description\":\"SAISON WTA 2022 - Aliz\u00e9 Cornet s'est qualifi\u00e9e pour la finale du tournoi de double de Berlin, associ\u00e9e \u00e0 Jil Teichmann.\u00a0\",\"breadcrumb\":{\"@id\":\"https:\/\/dicodusport.fr\/blog\/wta-berlin-alize-cornet-en-finale-du-tournoi-de-double\/#breadcrumb\"},\"inLanguage\":\"fr-FR\",\"potentialAction\":[{\"@type\":\"ReadAction\",\"target\":[\"https:\/\/dicodusport.fr\/blog\/wta-berlin-alize-cornet-en-finale-du-tournoi-de-double\/\"]}]},{\"@type\":\"ImageObject\",\"inLanguage\":\"fr-FR\",\"@id\":\"https:\/\/dicodusport.fr\/blog\/wta-berlin-alize-cornet-en-finale-du-tournoi-de-double\/#primaryimage\",\"url\":\"https:\/\/dicodusport.fr\/blog\/wp-content\/uploads\/2022\/06\/WTA-Berlin-Alize-Cornet-en-finale-du-tournoi-de-double.png\",\"contentUrl\":\"https:\/\/dicodusport.fr\/blog\/wp-content\/uploads\/2022\/06\/WTA-Berlin-Alize-Cornet-en-finale-du-tournoi-de-double.png\",\"width\":800,\"height\":445,\"caption\":\"WTA Berlin Aliz\u00e9 Cornet en finale du tournoi de double\"},{\"@type\":\"BreadcrumbList\",\"@id\":\"https:\/\/dicodusport.fr\/blog\/wta-berlin-alize-cornet-en-finale-du-tournoi-de-double\/#breadcrumb\",\"itemListElement\":[{\"@type\":\"ListItem\",\"position\":1,\"name\":\"Accueil\",\"item\":\"https:\/\/dicodusport.fr\/blog\/\"},{\"@type\":\"ListItem\",\"position\":2,\"name\":\"WTA Berlin : Aliz\u00e9 Cornet en finale du tournoi de double\"}]},{\"@type\":\"WebSite\",\"@id\":\"https:\/\/dicodusport.fr\/blog\/#website\",\"url\":\"https:\/\/dicodusport.fr\/blog\/\",\"name\":\"Dicodusport\",\"description\":\"L&#039;encyclop\u00e9die de l&#039;actualit\u00e9 sportive\",\"publisher\":{\"@id\":\"https:\/\/dicodusport.fr\/blog\/#organization\"},\"potentialAction\":[{\"@type\":\"SearchAction\",\"target\":{\"@type\":\"EntryPoint\",\"urlTemplate\":\"https:\/\/dicodusport.fr\/blog\/?s={search_term_string}\"},\"query-input\":{\"@type\":\"PropertyValueSpecification\",\"valueRequired\":true,\"valueName\":\"search_term_string\"}}],\"inLanguage\":\"fr-FR\"},{\"@type\":\"NewsMediaOrganization\",\"@id\":\"https:\/\/dicodusport.fr\/blog\/#organization\",\"name\":\"Dicodusport\",\"url\":\"https:\/\/dicodusport.fr\/blog\/\",\"logo\":{\"@type\":\"ImageObject\",\"inLanguage\":\"fr-FR\",\"@id\":\"https:\/\/dicodusport.fr\/blog\/#\/schema\/logo\/image\/\",\"url\":\"https:\/\/dicodusport.fr\/blog\/wp-content\/uploads\/2020\/06\/cropped-LOGO-DICODUSPORT-2020-SANS-FOND-SANS-TEXTE.png\",\"contentUrl\":\"https:\/\/dicodusport.fr\/blog\/wp-content\/uploads\/2020\/06\/cropped-LOGO-DICODUSPORT-2020-SANS-FOND-SANS-TEXTE.png\",\"width\":512,\"height\":512,\"caption\":\"Dicodusport\"},\"image\":{\"@id\":\"https:\/\/dicodusport.fr\/blog\/#\/schema\/logo\/image\/\"},\"sameAs\":[\"https:\/\/www.facebook.com\/dicodusport\",\"https:\/\/x.com\/dicodusport\",\"https:\/\/www.instagram.com\/dicodusport\/\",\"https:\/\/www.youtube.com\/channel\/UC7V2KZ5sd3htJivAbA4ZG3w\"],\"description\":\"Dicodusport est l'encyclop\u00e9die de l'actualit\u00e9 sportive.\",\"email\":\"bonjour@dicodusport.fr\",\"legalName\":\"DICODUSPORT\",\"foundingDate\":\"2018-01-14\",\"vatID\":\"FR71834470973\",\"taxID\":\"83447097300043\",\"numberOfEmployees\":{\"@type\":\"QuantitativeValue\",\"minValue\":\"1\",\"maxValue\":\"10\"}},{\"@type\":\"Person\",\"@id\":\"https:\/\/dicodusport.fr\/blog\/#\/schema\/person\/627966a6cde45dbd8c5e36ac85d783da\",\"name\":\"S\u00e9bastien Gente\",\"image\":{\"@type\":\"ImageObject\",\"inLanguage\":\"fr-FR\",\"@id\":\"https:\/\/dicodusport.fr\/blog\/#\/schema\/person\/image\/\",\"url\":\"https:\/\/dicodusport.fr\/blog\/wp-content\/uploads\/2021\/09\/1510990_10205810251400683_4124423575079401707_n-150x150.jpg\",\"contentUrl\":\"https:\/\/dicodusport.fr\/blog\/wp-content\/uploads\/2021\/09\/1510990_10205810251400683_4124423575079401707_n-150x150.jpg\",\"caption\":\"S\u00e9bastien Gente\"},\"description\":\"John Stockton, Gianni Bugno, Zinedine Zidane, Steffi Graf, Frode Andresen, St\u00e9phane Stoecklin, Davis Kamoga, Primoz Peterka, Werner Schlager et Aur\u00e9lien Rougerie. Point commun entre ces sportifs? Ils m'ont fait r\u00eaver et ont berc\u00e9 mon adolescence. Je suis un fondu de sports et j'essaie de retranscrire ma passion \u00e0 travers mes articles. Originaire du P\u00e9rigord, ma passion pour les Girondins, les Jaunards et les Jazzmen transpire dans mes \u00e9crits. \u00c0 Dicodusport depuis 2021, je d\u00e9niche les sports m\u00e9connus dans lesquels la France brille, et il y en a !\",\"sameAs\":[\"https:\/\/www.facebook.com\/sebastien.gente\/\",\"https:\/\/www.instagram.com\/sebgente\/\",\"https:\/\/www.linkedin.com\/in\/sbastien-gente-a29583169\/\",\"https:\/\/x.com\/https:\/\/twitter.com\/globulo24\",\"SebastienGente\"],\"worksFor\":\"S\u00e9bastien GENTE\",\"url\":\"https:\/\/dicodusport.fr\/blog\/author\/sebastiengente\/\"}]}<\/script>\n<!-- \/ Yoast SEO Premium plugin. -->","yoast_head_json":{"title":"WTA Berlin : Aliz\u00e9 Cornet en finale du tournoi de double","description":"SAISON WTA 2022 - Aliz\u00e9 Cornet s'est qualifi\u00e9e pour la finale du tournoi de double de Berlin, associ\u00e9e \u00e0 Jil Teichmann.\u00a0","robots":{"index":"index","follow":"follow","max-snippet":"max-snippet:-1","max-image-preview":"max-image-preview:large","max-video-preview":"max-video-preview:-1"},"canonical":"https:\/\/dicodusport.fr\/blog\/wta-berlin-alize-cornet-en-finale-du-tournoi-de-double\/","og_locale":"fr_FR","og_type":"article","og_title":"WTA Berlin : Aliz\u00e9 Cornet en finale du tournoi de double","og_description":"SAISON WTA 2022 - Aliz\u00e9 Cornet s'est qualifi\u00e9e pour la finale du tournoi de double de Berlin, associ\u00e9e \u00e0 Jil Teichmann.\u00a0","og_url":"https:\/\/dicodusport.fr\/blog\/wta-berlin-alize-cornet-en-finale-du-tournoi-de-double\/","og_site_name":"Dicodusport","article_publisher":"https:\/\/www.facebook.com\/dicodusport","article_author":"https:\/\/www.facebook.com\/sebastien.gente\/","article_published_time":"2022-06-17T12:23:53+00:00","og_image":[{"width":800,"height":445,"url":"https:\/\/dicodusport.fr\/blog\/wp-content\/uploads\/2022\/06\/WTA-Berlin-Alize-Cornet-en-finale-du-tournoi-de-double.png","type":"image\/png"}],"author":"S\u00e9bastien Gente","twitter_card":"summary_large_image","twitter_title":"WTA Berlin : Aliz\u00e9 Cornet en finale du tournoi de double","twitter_creator":"@https:\/\/twitter.com\/globulo24","twitter_site":"@dicodusport","schema":{"@context":"https:\/\/schema.org","@graph":[{"@type":"NewsArticle","@id":"https:\/\/dicodusport.fr\/blog\/wta-berlin-alize-cornet-en-finale-du-tournoi-de-double\/#article","isPartOf":{"@id":"https:\/\/dicodusport.fr\/blog\/wta-berlin-alize-cornet-en-finale-du-tournoi-de-double\/"},"author":{"name":"S\u00e9bastien Gente","@id":"https:\/\/dicodusport.fr\/blog\/#\/schema\/person\/627966a6cde45dbd8c5e36ac85d783da"},"headline":"WTA Berlin : Aliz\u00e9 Cornet en finale du tournoi de double","datePublished":"2022-06-17T12:23:53+00:00","mainEntityOfPage":{"@id":"https:\/\/dicodusport.fr\/blog\/wta-berlin-alize-cornet-en-finale-du-tournoi-de-double\/"},"wordCount":299,"commentCount":0,"publisher":{"@id":"https:\/\/dicodusport.fr\/blog\/#organization"},"image":{"@id":"https:\/\/dicodusport.fr\/blog\/wta-berlin-alize-cornet-en-finale-du-tournoi-de-double\/#primaryimage"},"thumbnailUrl":"https:\/\/dicodusport.fr\/blog\/wp-content\/uploads\/2022\/06\/WTA-Berlin-Alize-Cornet-en-finale-du-tournoi-de-double.png","keywords":["Aliz\u00e9 Cornet","Tennis fran\u00e7ais"],"articleSection":["Tennis"],"inLanguage":"fr-FR","potentialAction":[{"@type":"CommentAction","name":"Comment","target":["https:\/\/dicodusport.fr\/blog\/wta-berlin-alize-cornet-en-finale-du-tournoi-de-double\/#respond"]}],"copyrightYear":"2022","copyrightHolder":{"@id":"https:\/\/dicodusport.fr\/blog\/#organization"}},{"@type":"WebPage","@id":"https:\/\/dicodusport.fr\/blog\/wta-berlin-alize-cornet-en-finale-du-tournoi-de-double\/","url":"https:\/\/dicodusport.fr\/blog\/wta-berlin-alize-cornet-en-finale-du-tournoi-de-double\/","name":"WTA Berlin : Aliz\u00e9 Cornet en finale du tournoi de double","isPartOf":{"@id":"https:\/\/dicodusport.fr\/blog\/#website"},"primaryImageOfPage":{"@id":"https:\/\/dicodusport.fr\/blog\/wta-berlin-alize-cornet-en-finale-du-tournoi-de-double\/#primaryimage"},"image":{"@id":"https:\/\/dicodusport.fr\/blog\/wta-berlin-alize-cornet-en-finale-du-tournoi-de-double\/#primaryimage"},"thumbnailUrl":"https:\/\/dicodusport.fr\/blog\/wp-content\/uploads\/2022\/06\/WTA-Berlin-Alize-Cornet-en-finale-du-tournoi-de-double.png","datePublished":"2022-06-17T12:23:53+00:00","description":"SAISON WTA 2022 - Aliz\u00e9 Cornet s'est qualifi\u00e9e pour la finale du tournoi de double de Berlin, associ\u00e9e \u00e0 Jil Teichmann.\u00a0","breadcrumb":{"@id":"https:\/\/dicodusport.fr\/blog\/wta-berlin-alize-cornet-en-finale-du-tournoi-de-double\/#breadcrumb"},"inLanguage":"fr-FR","potentialAction":[{"@type":"ReadAction","target":["https:\/\/dicodusport.fr\/blog\/wta-berlin-alize-cornet-en-finale-du-tournoi-de-double\/"]}]},{"@type":"ImageObject","inLanguage":"fr-FR","@id":"https:\/\/dicodusport.fr\/blog\/wta-berlin-alize-cornet-en-finale-du-tournoi-de-double\/#primaryimage","url":"https:\/\/dicodusport.fr\/blog\/wp-content\/uploads\/2022\/06\/WTA-Berlin-Alize-Cornet-en-finale-du-tournoi-de-double.png","contentUrl":"https:\/\/dicodusport.fr\/blog\/wp-content\/uploads\/2022\/06\/WTA-Berlin-Alize-Cornet-en-finale-du-tournoi-de-double.png","width":800,"height":445,"caption":"WTA Berlin Aliz\u00e9 Cornet en finale du tournoi de double"},{"@type":"BreadcrumbList","@id":"https:\/\/dicodusport.fr\/blog\/wta-berlin-alize-cornet-en-finale-du-tournoi-de-double\/#breadcrumb","itemListElement":[{"@type":"ListItem","position":1,"name":"Accueil","item":"https:\/\/dicodusport.fr\/blog\/"},{"@type":"ListItem","position":2,"name":"WTA Berlin : Aliz\u00e9 Cornet en finale du tournoi de double"}]},{"@type":"WebSite","@id":"https:\/\/dicodusport.fr\/blog\/#website","url":"https:\/\/dicodusport.fr\/blog\/","name":"Dicodusport","description":"L&#039;encyclop\u00e9die de l&#039;actualit\u00e9 sportive","publisher":{"@id":"https:\/\/dicodusport.fr\/blog\/#organization"},"potentialAction":[{"@type":"SearchAction","target":{"@type":"EntryPoint","urlTemplate":"https:\/\/dicodusport.fr\/blog\/?s={search_term_string}"},"query-input":{"@type":"PropertyValueSpecification","valueRequired":true,"valueName":"search_term_string"}}],"inLanguage":"fr-FR"},{"@type":"NewsMediaOrganization","@id":"https:\/\/dicodusport.fr\/blog\/#organization","name":"Dicodusport","url":"https:\/\/dicodusport.fr\/blog\/","logo":{"@type":"ImageObject","inLanguage":"fr-FR","@id":"https:\/\/dicodusport.fr\/blog\/#\/schema\/logo\/image\/","url":"https:\/\/dicodusport.fr\/blog\/wp-content\/uploads\/2020\/06\/cropped-LOGO-DICODUSPORT-2020-SANS-FOND-SANS-TEXTE.png","contentUrl":"https:\/\/dicodusport.fr\/blog\/wp-content\/uploads\/2020\/06\/cropped-LOGO-DICODUSPORT-2020-SANS-FOND-SANS-TEXTE.png","width":512,"height":512,"caption":"Dicodusport"},"image":{"@id":"https:\/\/dicodusport.fr\/blog\/#\/schema\/logo\/image\/"},"sameAs":["https:\/\/www.facebook.com\/dicodusport","https:\/\/x.com\/dicodusport","https:\/\/www.instagram.com\/dicodusport\/","https:\/\/www.youtube.com\/channel\/UC7V2KZ5sd3htJivAbA4ZG3w"],"description":"Dicodusport est l'encyclop\u00e9die de l'actualit\u00e9 sportive.","email":"bonjour@dicodusport.fr","legalName":"DICODUSPORT","foundingDate":"2018-01-14","vatID":"FR71834470973","taxID":"83447097300043","numberOfEmployees":{"@type":"QuantitativeValue","minValue":"1","maxValue":"10"}},{"@type":"Person","@id":"https:\/\/dicodusport.fr\/blog\/#\/schema\/person\/627966a6cde45dbd8c5e36ac85d783da","name":"S\u00e9bastien Gente","image":{"@type":"ImageObject","inLanguage":"fr-FR","@id":"https:\/\/dicodusport.fr\/blog\/#\/schema\/person\/image\/","url":"https:\/\/dicodusport.fr\/blog\/wp-content\/uploads\/2021\/09\/1510990_10205810251400683_4124423575079401707_n-150x150.jpg","contentUrl":"https:\/\/dicodusport.fr\/blog\/wp-content\/uploads\/2021\/09\/1510990_10205810251400683_4124423575079401707_n-150x150.jpg","caption":"S\u00e9bastien Gente"},"description":"John Stockton, Gianni Bugno, Zinedine Zidane, Steffi Graf, Frode Andresen, St\u00e9phane Stoecklin, Davis Kamoga, Primoz Peterka, Werner Schlager et Aur\u00e9lien Rougerie. Point commun entre ces sportifs? Ils m'ont fait r\u00eaver et ont berc\u00e9 mon adolescence. Je suis un fondu de sports et j'essaie de retranscrire ma passion \u00e0 travers mes articles. Originaire du P\u00e9rigord, ma passion pour les Girondins, les Jaunards et les Jazzmen transpire dans mes \u00e9crits. \u00c0 Dicodusport depuis 2021, je d\u00e9niche les sports m\u00e9connus dans lesquels la France brille, et il y en a !","sameAs":["https:\/\/www.facebook.com\/sebastien.gente\/","https:\/\/www.instagram.com\/sebgente\/","https:\/\/www.linkedin.com\/in\/sbastien-gente-a29583169\/","https:\/\/x.com\/https:\/\/twitter.com\/globulo24","SebastienGente"],"worksFor":"S\u00e9bastien GENTE","url":"https:\/\/dicodusport.fr\/blog\/author\/sebastiengente\/"}]}},"_links":{"self":[{"href":"https:\/\/dicodusport.fr\/blog\/wp-json\/wp\/v2\/posts\/234107","targetHints":{"allow":["GET"]}}],"collection":[{"href":"https:\/\/dicodusport.fr\/blog\/wp-json\/wp\/v2\/posts"}],"about":[{"href":"https:\/\/dicodusport.fr\/blog\/wp-json\/wp\/v2\/types\/post"}],"author":[{"embeddable":true,"href":"https:\/\/dicodusport.fr\/blog\/wp-json\/wp\/v2\/users\/59"}],"replies":[{"embeddable":true,"href":"https:\/\/dicodusport.fr\/blog\/wp-json\/wp\/v2\/comments?post=234107"}],"version-history":[{"count":0,"href":"https:\/\/dicodusport.fr\/blog\/wp-json\/wp\/v2\/posts\/234107\/revisions"}],"wp:featuredmedia":[{"embeddable":true,"href":"https:\/\/dicodusport.fr\/blog\/wp-json\/wp\/v2\/media\/234114"}],"wp:attachment":[{"href":"https:\/\/dicodusport.fr\/blog\/wp-json\/wp\/v2\/media?parent=234107"}],"wp:term":[{"taxonomy":"category","embeddable":true,"href":"https:\/\/dicodusport.fr\/blog\/wp-json\/wp\/v2\/categories?post=234107"},{"taxonomy":"post_tag","embeddable":true,"href":"https:\/\/dicodusport.fr\/blog\/wp-json\/wp\/v2\/tags?post=234107"}],"curies":[{"name":"wp","href":"https:\/\/api.w.org\/{rel}","templated":true}]}}