{"id":23457,"date":"2018-08-09T12:02:51","date_gmt":"2018-08-09T10:02:51","guid":{"rendered":"http:\/\/dicodusport.fr\/blog\/?p=23457"},"modified":"2021-05-03T15:52:30","modified_gmt":"2021-05-03T13:52:30","slug":"ligue-1-om-est-il-pret","status":"publish","type":"post","link":"https:\/\/dicodusport.fr\/blog\/ligue-1-om-est-il-pret\/","title":{"rendered":"Ligue 1\u00a0: l\u2019OM est-il pr\u00eat\u00a0?"},"content":{"rendered":"<p style=\"text-align: justify;\"><em><strong>Apr\u00e8s une belle saison conclue par une d\u00e9faite en finale d\u2019Europa League et une 4<sup>\u00e8me<\/sup> place au championnat, mais aussi un engouement populaire retrouv\u00e9, l\u2019Olympique de Marseille s\u2019appr\u00eate \u00e0 entamer cette nouvelle saison demain soir face \u00e0 Toulouse, \u00e0 l\u2019Orange V\u00e9lodrome. Avec la Coupe du monde et un mercato difficile qui semblent tronquer la pr\u00e9paration, o\u00f9 l\u2019OM se situe-t-il \u00e0 la veille de l\u2019ouverture du championnat\u00a0?<\/strong><\/em><\/p>\n<h4 style=\"text-align: justify;\">Mercato bloqu\u00e9, amicaux manqu\u00e9s<\/h4>\n<p style=\"text-align: justify;\">Avec une seule recrue au compteur, le vice-champion du monde croate Duje Caleta-Car, l\u2019OM a combl\u00e9 un manque important per\u00e7u la saison pass\u00e9e :\u00a0l\u2019axe central. Un investissement important (environ 17 millions sans les bonus) mais qui vient rassurer Rudi Garcia et les supporters marseillais. Depuis, l\u2019affaire Balotelli, entam\u00e9e d\u00e9but juin, tra\u00eene en longueur et serait m\u00eame proche de capoter. Celle-ci a vraiment remu\u00e9 les dirigeants marseillais, qui s\u2019attendaient \u00e0 conclure ce \u00ab\u00a0grand attaquant\u00a0\u00bb tant d\u00e9sir\u00e9.<\/p>\n<p style=\"text-align: justify;\">Si le mercato est compliqu\u00e9, c\u2019est aussi\u00a0parce que l\u2019effectif phoc\u00e9en ne bouge pas dans le sens des d\u00e9parts. Si Cabella est proche d\u2019\u00eatre vendu (au rabais) \u00e0 Saint-\u00c9tienne pour 7 millions d\u2019euros, que Doria est parti pour 2 millions d\u2019euros au Mexique et que Zambo Anguissa est en partance pour Fulham pour 30 millions d&rsquo;euros, l\u2019OM cherche encore \u00e0 d\u00e9graisser\u00a0: Abdennour, Hubocan, Mitroglou (?) Les propositions se font rares pour des joueurs qui poss\u00e8dent de gros contrats. Le cas Zambo Anguissa est diff\u00e9rent, lui qui poss\u00e8de une bonne valeur marchande et qui attire les clubs anglais. Il n\u2019est pas interdit qu\u2019une autre forte valeur marchande quitte l\u2019OM d\u2019ici le 31 ao\u00fbt (Sanson, Sarr).<\/p>\n<p style=\"text-align: justify;\">Sur le terrain, les affaires n\u2019ont pas \u00e9t\u00e9 plus simples. Des amicaux qui n\u2019ont pas rassur\u00e9 Rudi Garcia sur l\u2019\u00e9tat de forme de ses joueurs. 4 d\u00e9faites (dont la derni\u00e8re inqui\u00e9tante \u00e0 Bournemouth 5-2), 2 nuls et 1 victoire pour l\u2019OM sur ses matchs de pr\u00e9paration. Dans le jeu, les Marseillais semblent s\u2019\u00eatre aussi quelque peu perdus, dans un 3-5-2 qui n\u2019a pas convaincu comme solution de d\u00e9pannage en attendant le retour des mondialistes.<\/p>\n<div id=\"attachment_23459\" style=\"width: 910px\" class=\"wp-caption aligncenter\"><img loading=\"lazy\" decoding=\"async\" aria-describedby=\"caption-attachment-23459\" class=\"size-full wp-image-23459\" src=\"http:\/\/dicodusport.fr\/blog\/wp-content\/uploads\/2018\/08\/Bournemouth-Marseille.jpg\" alt=\"\" width=\"900\" height=\"600\" srcset=\"https:\/\/dicodusport.fr\/blog\/wp-content\/uploads\/2018\/08\/Bournemouth-Marseille.jpg 900w, https:\/\/dicodusport.fr\/blog\/wp-content\/uploads\/2018\/08\/Bournemouth-Marseille-300x200.jpg 300w, https:\/\/dicodusport.fr\/blog\/wp-content\/uploads\/2018\/08\/Bournemouth-Marseille-768x512.jpg 768w\" sizes=\"auto, (max-width: 900px) 100vw, 900px\" \/><p id=\"caption-attachment-23459\" class=\"wp-caption-text\">Marseille a subi une grosse d\u00e9faite \u00e0 Bournemouth lors de son ultime r\u00e9p\u00e9tition avant le championnat &#8211; Photo par AFC Bournemouth\/AFC Bournemouth via Getty Images)<\/p><\/div>\n<h4 style=\"text-align: justify;\">Conserver la dynamique\u00a0!<\/h4>\n<p style=\"text-align: justify;\">D\u00e9j\u00e0 plus de 58 000 billets vendus pour l\u2019ouverture du championnat demain soir contre Toulouse. Les supporters marseillais n\u2019oublient pas la grande saison que leurs joueurs ont r\u00e9alis\u00e9 jusqu\u2019\u00e0 la finale d\u2019Europa League. Une euphorie qui doit persister \u00e0 Marseille pour permettre aux Olympiens sur le terrain de surpasser les potentielles difficult\u00e9s. Si les r\u00e9cents champions du monde seront certainement courts pour \u00eatre titulaires, la grande colonne vert\u00e9brale de la saison pass\u00e9e autour de Luiz Gustavo reste coh\u00e9rente. Le groupe cr\u00e9\u00e9 \u00e0 travers les victoires en 2018 reste identique avec une vraie continuit\u00e9. A Rudi Garcia de trouver maintenant comment repartir de plus belle pour la saison 2018-2019, qui s\u2019annonce encore spectaculaire dans la cit\u00e9 phoc\u00e9enne.<\/p>\n<p><em><strong>Romain Delanis<br \/>\n<a href=\"https:\/\/twitter.com\/RDelanis\" target=\"_blank\" rel=\"noopener noreferrer\"><img loading=\"lazy\" decoding=\"async\" class=\"alignnone wp-image-2908\" src=\"http:\/\/dicodusport.fr\/blog\/wp-content\/uploads\/2017\/07\/logo-twitter-150x150.png\" alt=\"\" width=\"39\" height=\"39\" \/><\/a><\/strong><\/em><\/p>\n","protected":false},"excerpt":{"rendered":"<p>Apr\u00e8s une belle saison conclue par une d\u00e9faite en finale d\u2019Europa League et une 4\u00e8me place au championnat, l&rsquo;OM retrouve le championnat contre Toulouse.<\/p>\n","protected":false},"author":14,"featured_media":23519,"comment_status":"open","ping_status":"closed","sticky":false,"template":"","format":"standard","meta":{"_acf_changed":false,"_daextam_enable_autolinks":"","footnotes":""},"categories":[2,2301],"tags":[75,4883,1889,1954,463],"class_list":["post-23457","post","type-post","status-publish","format-standard","has-post-thumbnail","hentry","category-actualites","category-football","tag-football","tag-ligue-1-conforama","tag-om","tag-rudi-garcia","tag-toulouse"],"acf":[],"yoast_head":"<!-- This site is optimized with the Yoast SEO Premium plugin v26.7 (Yoast SEO v26.7) - https:\/\/yoast.com\/wordpress\/plugins\/seo\/ -->\n<title>Ligue 1\u00a0: l\u2019OM est-il pr\u00eat\u00a0?<\/title>\n<meta name=\"description\" content=\"Apr\u00e8s une belle saison conclue par une d\u00e9faite en finale d\u2019Europa League et une 4\u00e8me place au championnat, l&#039;OM retrouve le championnat contre Toulouse.\" \/>\n<meta name=\"robots\" content=\"index, follow, max-snippet:-1, max-image-preview:large, max-video-preview:-1\" \/>\n<link rel=\"canonical\" href=\"https:\/\/dicodusport.fr\/blog\/ligue-1-om-est-il-pret\/\" \/>\n<meta property=\"og:locale\" content=\"fr_FR\" \/>\n<meta property=\"og:type\" content=\"article\" \/>\n<meta property=\"og:title\" content=\"Ligue 1\u00a0: l\u2019OM est-il pr\u00eat\u00a0?\" \/>\n<meta property=\"og:description\" content=\"Apr\u00e8s une belle saison conclue par une d\u00e9faite en finale d\u2019Europa League et une 4\u00e8me place au championnat, l&#039;OM retrouve le championnat contre Toulouse.\" \/>\n<meta property=\"og:url\" content=\"https:\/\/dicodusport.fr\/blog\/ligue-1-om-est-il-pret\/\" \/>\n<meta property=\"og:site_name\" content=\"Dicodusport\" \/>\n<meta property=\"article:publisher\" content=\"https:\/\/www.facebook.com\/dicodusport\" \/>\n<meta property=\"article:published_time\" content=\"2018-08-09T10:02:51+00:00\" \/>\n<meta property=\"article:modified_time\" content=\"2021-05-03T13:52:30+00:00\" \/>\n<meta property=\"og:image\" content=\"https:\/\/dicodusport.fr\/blog\/wp-content\/uploads\/2018\/08\/OM-2018_2019.png\" \/>\n\t<meta property=\"og:image:width\" content=\"800\" \/>\n\t<meta property=\"og:image:height\" content=\"445\" \/>\n\t<meta property=\"og:image:type\" content=\"image\/png\" \/>\n<meta name=\"author\" content=\"Romain Delanis\" \/>\n<meta name=\"twitter:card\" content=\"summary_large_image\" \/>\n<meta name=\"twitter:creator\" content=\"@https:\/\/twitter.com\/RDelanis\" \/>\n<meta name=\"twitter:site\" content=\"@dicodusport\" \/>\n<script type=\"application\/ld+json\" class=\"yoast-schema-graph\">{\"@context\":\"https:\/\/schema.org\",\"@graph\":[{\"@type\":\"NewsArticle\",\"@id\":\"https:\/\/dicodusport.fr\/blog\/ligue-1-om-est-il-pret\/#article\",\"isPartOf\":{\"@id\":\"https:\/\/dicodusport.fr\/blog\/ligue-1-om-est-il-pret\/\"},\"author\":{\"name\":\"Romain Delanis\",\"@id\":\"https:\/\/dicodusport.fr\/blog\/#\/schema\/person\/8c78730a59f8a1e617f7a19026ebc14a\"},\"headline\":\"Ligue 1\u00a0: l\u2019OM est-il pr\u00eat\u00a0?\",\"datePublished\":\"2018-08-09T10:02:51+00:00\",\"dateModified\":\"2021-05-03T13:52:30+00:00\",\"mainEntityOfPage\":{\"@id\":\"https:\/\/dicodusport.fr\/blog\/ligue-1-om-est-il-pret\/\"},\"wordCount\":539,\"commentCount\":0,\"publisher\":{\"@id\":\"https:\/\/dicodusport.fr\/blog\/#organization\"},\"image\":{\"@id\":\"https:\/\/dicodusport.fr\/blog\/ligue-1-om-est-il-pret\/#primaryimage\"},\"thumbnailUrl\":\"https:\/\/dicodusport.fr\/blog\/wp-content\/uploads\/2018\/08\/OM-2018_2019.png\",\"keywords\":[\"Football\",\"Ligue 1 Conforama\",\"OM\",\"Rudi Garcia\",\"Toulouse\"],\"articleSection\":[\"Actualit\u00e9s\",\"Football\"],\"inLanguage\":\"fr-FR\",\"potentialAction\":[{\"@type\":\"CommentAction\",\"name\":\"Comment\",\"target\":[\"https:\/\/dicodusport.fr\/blog\/ligue-1-om-est-il-pret\/#respond\"]}],\"copyrightYear\":\"2018\",\"copyrightHolder\":{\"@id\":\"https:\/\/dicodusport.fr\/blog\/#organization\"}},{\"@type\":\"WebPage\",\"@id\":\"https:\/\/dicodusport.fr\/blog\/ligue-1-om-est-il-pret\/\",\"url\":\"https:\/\/dicodusport.fr\/blog\/ligue-1-om-est-il-pret\/\",\"name\":\"Ligue 1\u00a0: l\u2019OM est-il pr\u00eat\u00a0?\",\"isPartOf\":{\"@id\":\"https:\/\/dicodusport.fr\/blog\/#website\"},\"primaryImageOfPage\":{\"@id\":\"https:\/\/dicodusport.fr\/blog\/ligue-1-om-est-il-pret\/#primaryimage\"},\"image\":{\"@id\":\"https:\/\/dicodusport.fr\/blog\/ligue-1-om-est-il-pret\/#primaryimage\"},\"thumbnailUrl\":\"https:\/\/dicodusport.fr\/blog\/wp-content\/uploads\/2018\/08\/OM-2018_2019.png\",\"datePublished\":\"2018-08-09T10:02:51+00:00\",\"dateModified\":\"2021-05-03T13:52:30+00:00\",\"description\":\"Apr\u00e8s une belle saison conclue par une d\u00e9faite en finale d\u2019Europa League et une 4\u00e8me place au championnat, l'OM retrouve le championnat contre Toulouse.\",\"breadcrumb\":{\"@id\":\"https:\/\/dicodusport.fr\/blog\/ligue-1-om-est-il-pret\/#breadcrumb\"},\"inLanguage\":\"fr-FR\",\"potentialAction\":[{\"@type\":\"ReadAction\",\"target\":[\"https:\/\/dicodusport.fr\/blog\/ligue-1-om-est-il-pret\/\"]}]},{\"@type\":\"ImageObject\",\"inLanguage\":\"fr-FR\",\"@id\":\"https:\/\/dicodusport.fr\/blog\/ligue-1-om-est-il-pret\/#primaryimage\",\"url\":\"https:\/\/dicodusport.fr\/blog\/wp-content\/uploads\/2018\/08\/OM-2018_2019.png\",\"contentUrl\":\"https:\/\/dicodusport.fr\/blog\/wp-content\/uploads\/2018\/08\/OM-2018_2019.png\",\"width\":800,\"height\":445},{\"@type\":\"BreadcrumbList\",\"@id\":\"https:\/\/dicodusport.fr\/blog\/ligue-1-om-est-il-pret\/#breadcrumb\",\"itemListElement\":[{\"@type\":\"ListItem\",\"position\":1,\"name\":\"Accueil\",\"item\":\"https:\/\/dicodusport.fr\/blog\/\"},{\"@type\":\"ListItem\",\"position\":2,\"name\":\"Ligue 1\u00a0: l\u2019OM est-il pr\u00eat\u00a0?\"}]},{\"@type\":\"WebSite\",\"@id\":\"https:\/\/dicodusport.fr\/blog\/#website\",\"url\":\"https:\/\/dicodusport.fr\/blog\/\",\"name\":\"Dicodusport\",\"description\":\"L&#039;encyclop\u00e9die de l&#039;actualit\u00e9 sportive\",\"publisher\":{\"@id\":\"https:\/\/dicodusport.fr\/blog\/#organization\"},\"potentialAction\":[{\"@type\":\"SearchAction\",\"target\":{\"@type\":\"EntryPoint\",\"urlTemplate\":\"https:\/\/dicodusport.fr\/blog\/?s={search_term_string}\"},\"query-input\":{\"@type\":\"PropertyValueSpecification\",\"valueRequired\":true,\"valueName\":\"search_term_string\"}}],\"inLanguage\":\"fr-FR\"},{\"@type\":\"NewsMediaOrganization\",\"@id\":\"https:\/\/dicodusport.fr\/blog\/#organization\",\"name\":\"Dicodusport\",\"url\":\"https:\/\/dicodusport.fr\/blog\/\",\"logo\":{\"@type\":\"ImageObject\",\"inLanguage\":\"fr-FR\",\"@id\":\"https:\/\/dicodusport.fr\/blog\/#\/schema\/logo\/image\/\",\"url\":\"https:\/\/dicodusport.fr\/blog\/wp-content\/uploads\/2020\/06\/cropped-LOGO-DICODUSPORT-2020-SANS-FOND-SANS-TEXTE.png\",\"contentUrl\":\"https:\/\/dicodusport.fr\/blog\/wp-content\/uploads\/2020\/06\/cropped-LOGO-DICODUSPORT-2020-SANS-FOND-SANS-TEXTE.png\",\"width\":512,\"height\":512,\"caption\":\"Dicodusport\"},\"image\":{\"@id\":\"https:\/\/dicodusport.fr\/blog\/#\/schema\/logo\/image\/\"},\"sameAs\":[\"https:\/\/www.facebook.com\/dicodusport\",\"https:\/\/x.com\/dicodusport\",\"https:\/\/www.instagram.com\/dicodusport\/\",\"https:\/\/www.youtube.com\/channel\/UC7V2KZ5sd3htJivAbA4ZG3w\"],\"description\":\"Dicodusport est l'encyclop\u00e9die de l'actualit\u00e9 sportive.\",\"email\":\"bonjour@dicodusport.fr\",\"legalName\":\"DICODUSPORT\",\"foundingDate\":\"2018-01-14\",\"vatID\":\"FR71834470973\",\"taxID\":\"83447097300043\",\"numberOfEmployees\":{\"@type\":\"QuantitativeValue\",\"minValue\":\"1\",\"maxValue\":\"10\"}},{\"@type\":\"Person\",\"@id\":\"https:\/\/dicodusport.fr\/blog\/#\/schema\/person\/8c78730a59f8a1e617f7a19026ebc14a\",\"name\":\"Romain Delanis\",\"image\":{\"@type\":\"ImageObject\",\"inLanguage\":\"fr-FR\",\"@id\":\"https:\/\/dicodusport.fr\/blog\/#\/schema\/person\/image\/\",\"url\":\"https:\/\/dicodusport.fr\/blog\/wp-content\/uploads\/2021\/05\/Romain-Delanis-150x150.jpg\",\"contentUrl\":\"https:\/\/dicodusport.fr\/blog\/wp-content\/uploads\/2021\/05\/Romain-Delanis-150x150.jpg\",\"caption\":\"Romain Delanis\"},\"description\":\"Journaliste\/R\u00e9dacteur depuis novembre 2015 - Capable de passer un samedi apr\u00e8s-midi devant la Ligue 2 puis le biathlon sans oublier la finale de l\u2019ATP Rotterdam, j\u2019aime aussi mettre mon r\u00e9veil pour me faire un Pistons\/Bulls qui rappelle de bons souvenirs. Tout cela, j\u2019ai choisi il y a maintenant quelques temps de vous le raconter avec Dicodusport, pour vous faire vivre ma passion parfois inconsid\u00e9r\u00e9e pour le sport en g\u00e9n\u00e9ral (mais surtout le foot faut se l\u2019avouer).\",\"sameAs\":[\"https:\/\/x.com\/https:\/\/twitter.com\/RDelanis\"],\"url\":\"https:\/\/dicodusport.fr\/blog\/author\/romain\/\"}]}<\/script>\n<!-- \/ Yoast SEO Premium plugin. -->","yoast_head_json":{"title":"Ligue 1\u00a0: l\u2019OM est-il pr\u00eat\u00a0?","description":"Apr\u00e8s une belle saison conclue par une d\u00e9faite en finale d\u2019Europa League et une 4\u00e8me place au championnat, l'OM retrouve le championnat contre Toulouse.","robots":{"index":"index","follow":"follow","max-snippet":"max-snippet:-1","max-image-preview":"max-image-preview:large","max-video-preview":"max-video-preview:-1"},"canonical":"https:\/\/dicodusport.fr\/blog\/ligue-1-om-est-il-pret\/","og_locale":"fr_FR","og_type":"article","og_title":"Ligue 1\u00a0: l\u2019OM est-il pr\u00eat\u00a0?","og_description":"Apr\u00e8s une belle saison conclue par une d\u00e9faite en finale d\u2019Europa League et une 4\u00e8me place au championnat, l'OM retrouve le championnat contre Toulouse.","og_url":"https:\/\/dicodusport.fr\/blog\/ligue-1-om-est-il-pret\/","og_site_name":"Dicodusport","article_publisher":"https:\/\/www.facebook.com\/dicodusport","article_published_time":"2018-08-09T10:02:51+00:00","article_modified_time":"2021-05-03T13:52:30+00:00","og_image":[{"width":800,"height":445,"url":"https:\/\/dicodusport.fr\/blog\/wp-content\/uploads\/2018\/08\/OM-2018_2019.png","type":"image\/png"}],"author":"Romain Delanis","twitter_card":"summary_large_image","twitter_creator":"@https:\/\/twitter.com\/RDelanis","twitter_site":"@dicodusport","schema":{"@context":"https:\/\/schema.org","@graph":[{"@type":"NewsArticle","@id":"https:\/\/dicodusport.fr\/blog\/ligue-1-om-est-il-pret\/#article","isPartOf":{"@id":"https:\/\/dicodusport.fr\/blog\/ligue-1-om-est-il-pret\/"},"author":{"name":"Romain Delanis","@id":"https:\/\/dicodusport.fr\/blog\/#\/schema\/person\/8c78730a59f8a1e617f7a19026ebc14a"},"headline":"Ligue 1\u00a0: l\u2019OM est-il pr\u00eat\u00a0?","datePublished":"2018-08-09T10:02:51+00:00","dateModified":"2021-05-03T13:52:30+00:00","mainEntityOfPage":{"@id":"https:\/\/dicodusport.fr\/blog\/ligue-1-om-est-il-pret\/"},"wordCount":539,"commentCount":0,"publisher":{"@id":"https:\/\/dicodusport.fr\/blog\/#organization"},"image":{"@id":"https:\/\/dicodusport.fr\/blog\/ligue-1-om-est-il-pret\/#primaryimage"},"thumbnailUrl":"https:\/\/dicodusport.fr\/blog\/wp-content\/uploads\/2018\/08\/OM-2018_2019.png","keywords":["Football","Ligue 1 Conforama","OM","Rudi Garcia","Toulouse"],"articleSection":["Actualit\u00e9s","Football"],"inLanguage":"fr-FR","potentialAction":[{"@type":"CommentAction","name":"Comment","target":["https:\/\/dicodusport.fr\/blog\/ligue-1-om-est-il-pret\/#respond"]}],"copyrightYear":"2018","copyrightHolder":{"@id":"https:\/\/dicodusport.fr\/blog\/#organization"}},{"@type":"WebPage","@id":"https:\/\/dicodusport.fr\/blog\/ligue-1-om-est-il-pret\/","url":"https:\/\/dicodusport.fr\/blog\/ligue-1-om-est-il-pret\/","name":"Ligue 1\u00a0: l\u2019OM est-il pr\u00eat\u00a0?","isPartOf":{"@id":"https:\/\/dicodusport.fr\/blog\/#website"},"primaryImageOfPage":{"@id":"https:\/\/dicodusport.fr\/blog\/ligue-1-om-est-il-pret\/#primaryimage"},"image":{"@id":"https:\/\/dicodusport.fr\/blog\/ligue-1-om-est-il-pret\/#primaryimage"},"thumbnailUrl":"https:\/\/dicodusport.fr\/blog\/wp-content\/uploads\/2018\/08\/OM-2018_2019.png","datePublished":"2018-08-09T10:02:51+00:00","dateModified":"2021-05-03T13:52:30+00:00","description":"Apr\u00e8s une belle saison conclue par une d\u00e9faite en finale d\u2019Europa League et une 4\u00e8me place au championnat, l'OM retrouve le championnat contre Toulouse.","breadcrumb":{"@id":"https:\/\/dicodusport.fr\/blog\/ligue-1-om-est-il-pret\/#breadcrumb"},"inLanguage":"fr-FR","potentialAction":[{"@type":"ReadAction","target":["https:\/\/dicodusport.fr\/blog\/ligue-1-om-est-il-pret\/"]}]},{"@type":"ImageObject","inLanguage":"fr-FR","@id":"https:\/\/dicodusport.fr\/blog\/ligue-1-om-est-il-pret\/#primaryimage","url":"https:\/\/dicodusport.fr\/blog\/wp-content\/uploads\/2018\/08\/OM-2018_2019.png","contentUrl":"https:\/\/dicodusport.fr\/blog\/wp-content\/uploads\/2018\/08\/OM-2018_2019.png","width":800,"height":445},{"@type":"BreadcrumbList","@id":"https:\/\/dicodusport.fr\/blog\/ligue-1-om-est-il-pret\/#breadcrumb","itemListElement":[{"@type":"ListItem","position":1,"name":"Accueil","item":"https:\/\/dicodusport.fr\/blog\/"},{"@type":"ListItem","position":2,"name":"Ligue 1\u00a0: l\u2019OM est-il pr\u00eat\u00a0?"}]},{"@type":"WebSite","@id":"https:\/\/dicodusport.fr\/blog\/#website","url":"https:\/\/dicodusport.fr\/blog\/","name":"Dicodusport","description":"L&#039;encyclop\u00e9die de l&#039;actualit\u00e9 sportive","publisher":{"@id":"https:\/\/dicodusport.fr\/blog\/#organization"},"potentialAction":[{"@type":"SearchAction","target":{"@type":"EntryPoint","urlTemplate":"https:\/\/dicodusport.fr\/blog\/?s={search_term_string}"},"query-input":{"@type":"PropertyValueSpecification","valueRequired":true,"valueName":"search_term_string"}}],"inLanguage":"fr-FR"},{"@type":"NewsMediaOrganization","@id":"https:\/\/dicodusport.fr\/blog\/#organization","name":"Dicodusport","url":"https:\/\/dicodusport.fr\/blog\/","logo":{"@type":"ImageObject","inLanguage":"fr-FR","@id":"https:\/\/dicodusport.fr\/blog\/#\/schema\/logo\/image\/","url":"https:\/\/dicodusport.fr\/blog\/wp-content\/uploads\/2020\/06\/cropped-LOGO-DICODUSPORT-2020-SANS-FOND-SANS-TEXTE.png","contentUrl":"https:\/\/dicodusport.fr\/blog\/wp-content\/uploads\/2020\/06\/cropped-LOGO-DICODUSPORT-2020-SANS-FOND-SANS-TEXTE.png","width":512,"height":512,"caption":"Dicodusport"},"image":{"@id":"https:\/\/dicodusport.fr\/blog\/#\/schema\/logo\/image\/"},"sameAs":["https:\/\/www.facebook.com\/dicodusport","https:\/\/x.com\/dicodusport","https:\/\/www.instagram.com\/dicodusport\/","https:\/\/www.youtube.com\/channel\/UC7V2KZ5sd3htJivAbA4ZG3w"],"description":"Dicodusport est l'encyclop\u00e9die de l'actualit\u00e9 sportive.","email":"bonjour@dicodusport.fr","legalName":"DICODUSPORT","foundingDate":"2018-01-14","vatID":"FR71834470973","taxID":"83447097300043","numberOfEmployees":{"@type":"QuantitativeValue","minValue":"1","maxValue":"10"}},{"@type":"Person","@id":"https:\/\/dicodusport.fr\/blog\/#\/schema\/person\/8c78730a59f8a1e617f7a19026ebc14a","name":"Romain Delanis","image":{"@type":"ImageObject","inLanguage":"fr-FR","@id":"https:\/\/dicodusport.fr\/blog\/#\/schema\/person\/image\/","url":"https:\/\/dicodusport.fr\/blog\/wp-content\/uploads\/2021\/05\/Romain-Delanis-150x150.jpg","contentUrl":"https:\/\/dicodusport.fr\/blog\/wp-content\/uploads\/2021\/05\/Romain-Delanis-150x150.jpg","caption":"Romain Delanis"},"description":"Journaliste\/R\u00e9dacteur depuis novembre 2015 - Capable de passer un samedi apr\u00e8s-midi devant la Ligue 2 puis le biathlon sans oublier la finale de l\u2019ATP Rotterdam, j\u2019aime aussi mettre mon r\u00e9veil pour me faire un Pistons\/Bulls qui rappelle de bons souvenirs. Tout cela, j\u2019ai choisi il y a maintenant quelques temps de vous le raconter avec Dicodusport, pour vous faire vivre ma passion parfois inconsid\u00e9r\u00e9e pour le sport en g\u00e9n\u00e9ral (mais surtout le foot faut se l\u2019avouer).","sameAs":["https:\/\/x.com\/https:\/\/twitter.com\/RDelanis"],"url":"https:\/\/dicodusport.fr\/blog\/author\/romain\/"}]}},"_links":{"self":[{"href":"https:\/\/dicodusport.fr\/blog\/wp-json\/wp\/v2\/posts\/23457","targetHints":{"allow":["GET"]}}],"collection":[{"href":"https:\/\/dicodusport.fr\/blog\/wp-json\/wp\/v2\/posts"}],"about":[{"href":"https:\/\/dicodusport.fr\/blog\/wp-json\/wp\/v2\/types\/post"}],"author":[{"embeddable":true,"href":"https:\/\/dicodusport.fr\/blog\/wp-json\/wp\/v2\/users\/14"}],"replies":[{"embeddable":true,"href":"https:\/\/dicodusport.fr\/blog\/wp-json\/wp\/v2\/comments?post=23457"}],"version-history":[{"count":0,"href":"https:\/\/dicodusport.fr\/blog\/wp-json\/wp\/v2\/posts\/23457\/revisions"}],"wp:featuredmedia":[{"embeddable":true,"href":"https:\/\/dicodusport.fr\/blog\/wp-json\/wp\/v2\/media\/23519"}],"wp:attachment":[{"href":"https:\/\/dicodusport.fr\/blog\/wp-json\/wp\/v2\/media?parent=23457"}],"wp:term":[{"taxonomy":"category","embeddable":true,"href":"https:\/\/dicodusport.fr\/blog\/wp-json\/wp\/v2\/categories?post=23457"},{"taxonomy":"post_tag","embeddable":true,"href":"https:\/\/dicodusport.fr\/blog\/wp-json\/wp\/v2\/tags?post=23457"}],"curies":[{"name":"wp","href":"https:\/\/api.w.org\/{rel}","templated":true}]}}