{"id":234823,"date":"2022-06-19T10:40:55","date_gmt":"2022-06-19T08:40:55","guid":{"rendered":"https:\/\/dicodusport.fr\/blog\/?p=234823&#038;preview=true&#038;preview_id=234823"},"modified":"2022-06-19T15:40:25","modified_gmt":"2022-06-19T13:40:25","slug":"du-changement-dans-le-championnat-de-d2-feminin-la-creation-d-une-d3","status":"publish","type":"post","link":"https:\/\/dicodusport.fr\/blog\/du-changement-dans-le-championnat-de-d2-feminin-la-creation-d-une-d3\/","title":{"rendered":"Football f\u00e9minin : La deuxi\u00e8me division restructur\u00e9e, cr\u00e9ation d&rsquo;une D3"},"content":{"rendered":"<p style=\"text-align: justify;\"><b><i>FOOTBALL F\u00c9MININ &#8211; L&rsquo;Assembl\u00e9e G\u00e9n\u00e9rale de la F\u00e9d\u00e9ration Fran\u00e7aise de Football, qui s&rsquo;est tenue \u00e0 Nice ce samedi 18 juin, a d\u00e9bouch\u00e9 sur un changement important dans le football f\u00e9minin. Une restructuration est d\u00e9sormais act\u00e9e avec une poule unique de D2, et la cr\u00e9ation d&rsquo;une D3.<\/i><\/b><\/p>\n<p style=\"text-align: justify;\">Lanc\u00e9e depuis des mois, la nouvelle r\u00e9forme sur le haut niveau f\u00e9minin avait \u00e9t\u00e9 valid\u00e9e par le comit\u00e9 ex\u00e9cutif de la <strong>FFF<\/strong> le 22 mars dernier. Elle vient d\u00e9sormais d&rsquo;\u00eatre approuv\u00e9e par l\u2019<strong>Assembl\u00e9e G\u00e9n\u00e9rale de la f\u00e9d\u00e9ration<\/strong>. Cette nouvelle pyramide des clubs et des divisions des plus hauts \u00e9chelons du football f\u00e9minin fran\u00e7ais \u00e9tait attendue depuis des mois. Si le d\u00e9bat \u00e9tait sur la table depuis quelques ann\u00e9es, il a \u00e9t\u00e9 relanc\u00e9 par l\u2019\u00e9pid\u00e9mie de Covid-19 au printemps 2020. C&rsquo;est par l&rsquo;initiative d&rsquo;une p\u00e9tition en avril 2020, \u00e0 l&rsquo;initiative du club d&rsquo;\u00c9vreux, que le mouvement s&rsquo;est manifest\u00e9. Le club normand souhaitait la cr\u00e9ation d&rsquo;une <strong>Division 3 f\u00e9minine<\/strong> en France. Une nouvelle division qui viendrait donc s&rsquo;ins\u00e9rer entre la Division 2 et la R\u00e9gionale 1.<\/p>\n<p style=\"text-align: justify;\">Cette id\u00e9e, qui vient apr\u00e8s la d\u00e9sorganisation des comp\u00e9titions provoqu\u00e9e pendant la pand\u00e9mie, r\u00e9pond \u00e0 la n\u00e9cessit\u00e9 de cr\u00e9er un nouvel \u00e9chelon. Un nouveau championnat qui va permettre de cr\u00e9er de nouveaux paliers interm\u00e9diaires, et de faire en sorte d&rsquo;avoir des comp\u00e9titions plus homog\u00e8nes, et surtout plus \u00e9litistes pour acc\u00e9der aux \u00e9chelons sup\u00e9rieurs. Un objectif clair et d\u00e9crit par la FFF, cette r\u00e9forme a ainsi pour but de \u00ab d\u00e9gager une \u00e9lite au-del\u00e0 de la <strong>D1 Ark\u00e9ma<\/strong> et de renforcer la structuration des clubs \u00bb.<\/p>\n<h2 style=\"text-align: justify;\">Un seul groupe en D2<\/h2>\n<p style=\"text-align: justify;\">Si auparavant, la Division 2 fran\u00e7aise \u00e9tait compos\u00e9e de deux poules de 12 \u00e9quipes, d\u00e9sormais, \u00e0 partir de la saison 2023\/2024, cela ne sera plus qu&rsquo;une seule poule \u00e9litiste de 12 clubs, comme en <a href=\"https:\/\/dicodusport.fr\/blog\/d1-arkema-bilan-saison-2021-2022\/\"><strong>D1 Ark\u00e9ma<\/strong><\/a>. Il y aura donc au total douze descentes \u00e0 partir de la saison prochaine (six dans chaque groupe), et douze mont\u00e9es seront \u00e0 pr\u00e9voir depuis la R\u00e9gionale 1. Ces 24 \u00e9quipes se r\u00e9uniront dans une nouvelle division appel\u00e9e D3, qui sera compos\u00e9e de 24 \u00e9quipes s\u00e9par\u00e9es en 2 poules, sous la m\u00eame configuration que la D2 actuelle. Cette troisi\u00e8me division sera notamment accessible aux \u00e9quipes r\u00e9serves des clubs de D1 et <em>\u00ab poss\u00e9dant un Centre de Formation agr\u00e9\u00e9 \u00bb<\/em>.<\/p>\n<blockquote class=\"twitter-tweet\">\n<p dir=\"ltr\" lang=\"fr\">L&rsquo;Assembl\u00e9e d&rsquo;\u00e9t\u00e9 de la FFF s&rsquo;est r\u00e9unie \u00e0 Nice. Le budget pr\u00e9visionnel 2022-2023 et les r\u00e9formes des championnats nationaux seniors masculins et f\u00e9minins ont notamment \u00e9t\u00e9 adopt\u00e9s \u21b4 <a href=\"https:\/\/t.co\/C7RxGUdq2l\">https:\/\/t.co\/C7RxGUdq2l<\/a><\/p>\n<p>\u2014 FFF (@FFF) <a href=\"https:\/\/twitter.com\/FFF\/status\/1538126883761573891?ref_src=twsrc%5Etfw\">June 18, 2022<\/a><\/p><\/blockquote>\n<p><script async src=\"https:\/\/platform.twitter.com\/widgets.js\" charset=\"utf-8\"><\/script><\/p>\n<h2 style=\"text-align: justify;\">Un suivi europ\u00e9en<\/h2>\n<p style=\"text-align: justify;\">\u00c0 partir de la saison 2023\/2024, les deux premiers de la D2 monteront en D1, tandis que les deux derniers de D2 descendront en D3, alors que dans l&rsquo;autre sens, le premier de chaque poule de D3 se qualifiera pour la D2. L&rsquo;ancienne phase d&rsquo;accession de la R\u00e9gionale 1 \u00e0 la D2, se d\u00e9roulera d\u00e9sormais de la R1 \u00e0 la D3. La cr\u00e9ation de cette nouvelle division, survient apr\u00e8s la volont\u00e9 des nombreux actrices et acteurs du terrain mais aussi des dirigeants, dont notamment la commission du football f\u00e9minin de haut niveau, cr\u00e9\u00e9e en d\u00e9cembre dernier et actuellement pr\u00e9sid\u00e9e par <strong>Jean-Michel Aulas<\/strong>, le pr\u00e9sident de l\u2019Olympique Lyonnais.<\/p>\n<p style=\"text-align: justify;\">Une volont\u00e9 donc de s&rsquo;aligner sur nos voisins europ\u00e9ens qui ont d\u00e9j\u00e0 adopt\u00e9 ce format de poule unique en deuxi\u00e8me division, puisqu&rsquo;en 2018, ce sont l&rsquo;Italie et l&rsquo;Allemagne qui sont pass\u00e9es \u00e0 14 \u00e9quipes en D2. En Angleterre, cela a \u00e9t\u00e9 \u00e9tabli en 2014, tandis qu&rsquo;en Espagne, cela sera mis en place la saison prochaine, avec une D2 \u00e0 16 \u00e9quipes.<\/p>\n","protected":false},"excerpt":{"rendered":"<p>FOOTBALL F\u00c9MININ &#8211; L&rsquo;Assembl\u00e9e G\u00e9n\u00e9rale de la F\u00e9d\u00e9ration Fran\u00e7aise de Football, qui s&rsquo;est tenue \u00e0 Nice ce samedi 18 juin, a d\u00e9bouch\u00e9 sur un changement important dans le football f\u00e9minin. Une restructuration est d\u00e9sormais act\u00e9e avec une poule unique de D2, et la cr\u00e9ation d&rsquo;une D3.<\/p>\n","protected":false},"author":73,"featured_media":234857,"comment_status":"open","ping_status":"closed","sticky":false,"template":"","format":"standard","meta":{"_acf_changed":false,"_daextam_enable_autolinks":"","footnotes":""},"categories":[2301],"tags":[20099,2724,75,1354],"class_list":["post-234823","post","type-post","status-publish","format-standard","has-post-thumbnail","hentry","category-football","tag-d1-arkema","tag-d1-feminine","tag-football","tag-football-feminin"],"acf":[],"yoast_head":"<!-- This site is optimized with the Yoast SEO Premium plugin v26.7 (Yoast SEO v26.7) - https:\/\/yoast.com\/wordpress\/plugins\/seo\/ -->\n<title>Football f\u00e9minin : La deuxi\u00e8me division restructur\u00e9e, cr\u00e9ation d&#039;une D3<\/title>\n<meta name=\"description\" content=\"FOOTBALL F\u00c9MININ - L&#039;AG de la F\u00e9d\u00e9ration Fran\u00e7aise de Football ,qui s&#039;est tenue \u00e0 Nice ce samedi 18 juin, a d\u00e9bouch\u00e9 sur un changement important.\" \/>\n<meta name=\"robots\" content=\"index, follow, max-snippet:-1, max-image-preview:large, max-video-preview:-1\" \/>\n<link rel=\"canonical\" href=\"https:\/\/dicodusport.fr\/blog\/du-changement-dans-le-championnat-de-d2-feminin-la-creation-d-une-d3\/\" \/>\n<meta property=\"og:locale\" content=\"fr_FR\" \/>\n<meta property=\"og:type\" content=\"article\" \/>\n<meta property=\"og:title\" content=\"Football f\u00e9minin : La deuxi\u00e8me division restructur\u00e9e, cr\u00e9ation d&#039;une D3\" \/>\n<meta property=\"og:description\" content=\"FOOTBALL F\u00c9MININ - L&#039;AG de la F\u00e9d\u00e9ration Fran\u00e7aise de Football ,qui s&#039;est tenue \u00e0 Nice ce samedi 18 juin, a d\u00e9bouch\u00e9 sur un changement important.\" \/>\n<meta property=\"og:url\" content=\"https:\/\/dicodusport.fr\/blog\/du-changement-dans-le-championnat-de-d2-feminin-la-creation-d-une-d3\/\" \/>\n<meta property=\"og:site_name\" content=\"Dicodusport\" \/>\n<meta property=\"article:publisher\" content=\"https:\/\/www.facebook.com\/dicodusport\" \/>\n<meta property=\"article:published_time\" content=\"2022-06-19T08:40:55+00:00\" \/>\n<meta property=\"article:modified_time\" content=\"2022-06-19T13:40:25+00:00\" \/>\n<meta property=\"og:image\" content=\"https:\/\/dicodusport.fr\/blog\/wp-content\/uploads\/2022\/06\/Football-feminin-La-deuxieme-division-restructuree-creation-dune-D3.png\" \/>\n\t<meta property=\"og:image:width\" content=\"800\" \/>\n\t<meta property=\"og:image:height\" content=\"445\" \/>\n\t<meta property=\"og:image:type\" content=\"image\/png\" \/>\n<meta name=\"author\" content=\"Romain Fiore\" \/>\n<meta name=\"twitter:card\" content=\"summary_large_image\" \/>\n<meta name=\"twitter:title\" content=\"Football f\u00e9minin : La deuxi\u00e8me division restructur\u00e9e, cr\u00e9ation d&#039;une D3\" \/>\n<meta name=\"twitter:creator\" content=\"@https:\/\/twitter.com\/romain_fiore\" \/>\n<meta name=\"twitter:site\" content=\"@dicodusport\" \/>\n<script type=\"application\/ld+json\" class=\"yoast-schema-graph\">{\"@context\":\"https:\/\/schema.org\",\"@graph\":[{\"@type\":\"NewsArticle\",\"@id\":\"https:\/\/dicodusport.fr\/blog\/du-changement-dans-le-championnat-de-d2-feminin-la-creation-d-une-d3\/#article\",\"isPartOf\":{\"@id\":\"https:\/\/dicodusport.fr\/blog\/du-changement-dans-le-championnat-de-d2-feminin-la-creation-d-une-d3\/\"},\"author\":{\"name\":\"Romain Fiore\",\"@id\":\"https:\/\/dicodusport.fr\/blog\/#\/schema\/person\/7ca91cb9956847cfcdf25671708a6e4f\"},\"headline\":\"Football f\u00e9minin : La deuxi\u00e8me division restructur\u00e9e, cr\u00e9ation d&rsquo;une D3\",\"datePublished\":\"2022-06-19T08:40:55+00:00\",\"dateModified\":\"2022-06-19T13:40:25+00:00\",\"mainEntityOfPage\":{\"@id\":\"https:\/\/dicodusport.fr\/blog\/du-changement-dans-le-championnat-de-d2-feminin-la-creation-d-une-d3\/\"},\"wordCount\":678,\"commentCount\":0,\"publisher\":{\"@id\":\"https:\/\/dicodusport.fr\/blog\/#organization\"},\"image\":{\"@id\":\"https:\/\/dicodusport.fr\/blog\/du-changement-dans-le-championnat-de-d2-feminin-la-creation-d-une-d3\/#primaryimage\"},\"thumbnailUrl\":\"https:\/\/dicodusport.fr\/blog\/wp-content\/uploads\/2022\/06\/Football-feminin-La-deuxieme-division-restructuree-creation-dune-D3.png\",\"keywords\":[\"D1 Ark\u00e9ma\",\"D1 f\u00e9minine\",\"Football\",\"football f\u00e9minin\"],\"articleSection\":[\"Football\"],\"inLanguage\":\"fr-FR\",\"potentialAction\":[{\"@type\":\"CommentAction\",\"name\":\"Comment\",\"target\":[\"https:\/\/dicodusport.fr\/blog\/du-changement-dans-le-championnat-de-d2-feminin-la-creation-d-une-d3\/#respond\"]}],\"copyrightYear\":\"2022\",\"copyrightHolder\":{\"@id\":\"https:\/\/dicodusport.fr\/blog\/#organization\"}},{\"@type\":\"WebPage\",\"@id\":\"https:\/\/dicodusport.fr\/blog\/du-changement-dans-le-championnat-de-d2-feminin-la-creation-d-une-d3\/\",\"url\":\"https:\/\/dicodusport.fr\/blog\/du-changement-dans-le-championnat-de-d2-feminin-la-creation-d-une-d3\/\",\"name\":\"Football f\u00e9minin : La deuxi\u00e8me division restructur\u00e9e, cr\u00e9ation d'une D3\",\"isPartOf\":{\"@id\":\"https:\/\/dicodusport.fr\/blog\/#website\"},\"primaryImageOfPage\":{\"@id\":\"https:\/\/dicodusport.fr\/blog\/du-changement-dans-le-championnat-de-d2-feminin-la-creation-d-une-d3\/#primaryimage\"},\"image\":{\"@id\":\"https:\/\/dicodusport.fr\/blog\/du-changement-dans-le-championnat-de-d2-feminin-la-creation-d-une-d3\/#primaryimage\"},\"thumbnailUrl\":\"https:\/\/dicodusport.fr\/blog\/wp-content\/uploads\/2022\/06\/Football-feminin-La-deuxieme-division-restructuree-creation-dune-D3.png\",\"datePublished\":\"2022-06-19T08:40:55+00:00\",\"dateModified\":\"2022-06-19T13:40:25+00:00\",\"description\":\"FOOTBALL F\u00c9MININ - L'AG de la F\u00e9d\u00e9ration Fran\u00e7aise de Football ,qui s'est tenue \u00e0 Nice ce samedi 18 juin, a d\u00e9bouch\u00e9 sur un changement important.\",\"breadcrumb\":{\"@id\":\"https:\/\/dicodusport.fr\/blog\/du-changement-dans-le-championnat-de-d2-feminin-la-creation-d-une-d3\/#breadcrumb\"},\"inLanguage\":\"fr-FR\",\"potentialAction\":[{\"@type\":\"ReadAction\",\"target\":[\"https:\/\/dicodusport.fr\/blog\/du-changement-dans-le-championnat-de-d2-feminin-la-creation-d-une-d3\/\"]}]},{\"@type\":\"ImageObject\",\"inLanguage\":\"fr-FR\",\"@id\":\"https:\/\/dicodusport.fr\/blog\/du-changement-dans-le-championnat-de-d2-feminin-la-creation-d-une-d3\/#primaryimage\",\"url\":\"https:\/\/dicodusport.fr\/blog\/wp-content\/uploads\/2022\/06\/Football-feminin-La-deuxieme-division-restructuree-creation-dune-D3.png\",\"contentUrl\":\"https:\/\/dicodusport.fr\/blog\/wp-content\/uploads\/2022\/06\/Football-feminin-La-deuxieme-division-restructuree-creation-dune-D3.png\",\"width\":800,\"height\":445,\"caption\":\"Football f\u00e9minin La deuxi\u00e8me division restructur\u00e9e, cr\u00e9ation d'une D3\"},{\"@type\":\"BreadcrumbList\",\"@id\":\"https:\/\/dicodusport.fr\/blog\/du-changement-dans-le-championnat-de-d2-feminin-la-creation-d-une-d3\/#breadcrumb\",\"itemListElement\":[{\"@type\":\"ListItem\",\"position\":1,\"name\":\"Accueil\",\"item\":\"https:\/\/dicodusport.fr\/blog\/\"},{\"@type\":\"ListItem\",\"position\":2,\"name\":\"Football f\u00e9minin : La deuxi\u00e8me division restructur\u00e9e, cr\u00e9ation d&rsquo;une D3\"}]},{\"@type\":\"WebSite\",\"@id\":\"https:\/\/dicodusport.fr\/blog\/#website\",\"url\":\"https:\/\/dicodusport.fr\/blog\/\",\"name\":\"Dicodusport\",\"description\":\"L&#039;encyclop\u00e9die de l&#039;actualit\u00e9 sportive\",\"publisher\":{\"@id\":\"https:\/\/dicodusport.fr\/blog\/#organization\"},\"potentialAction\":[{\"@type\":\"SearchAction\",\"target\":{\"@type\":\"EntryPoint\",\"urlTemplate\":\"https:\/\/dicodusport.fr\/blog\/?s={search_term_string}\"},\"query-input\":{\"@type\":\"PropertyValueSpecification\",\"valueRequired\":true,\"valueName\":\"search_term_string\"}}],\"inLanguage\":\"fr-FR\"},{\"@type\":\"NewsMediaOrganization\",\"@id\":\"https:\/\/dicodusport.fr\/blog\/#organization\",\"name\":\"Dicodusport\",\"url\":\"https:\/\/dicodusport.fr\/blog\/\",\"logo\":{\"@type\":\"ImageObject\",\"inLanguage\":\"fr-FR\",\"@id\":\"https:\/\/dicodusport.fr\/blog\/#\/schema\/logo\/image\/\",\"url\":\"https:\/\/dicodusport.fr\/blog\/wp-content\/uploads\/2020\/06\/cropped-LOGO-DICODUSPORT-2020-SANS-FOND-SANS-TEXTE.png\",\"contentUrl\":\"https:\/\/dicodusport.fr\/blog\/wp-content\/uploads\/2020\/06\/cropped-LOGO-DICODUSPORT-2020-SANS-FOND-SANS-TEXTE.png\",\"width\":512,\"height\":512,\"caption\":\"Dicodusport\"},\"image\":{\"@id\":\"https:\/\/dicodusport.fr\/blog\/#\/schema\/logo\/image\/\"},\"sameAs\":[\"https:\/\/www.facebook.com\/dicodusport\",\"https:\/\/x.com\/dicodusport\",\"https:\/\/www.instagram.com\/dicodusport\/\",\"https:\/\/www.youtube.com\/channel\/UC7V2KZ5sd3htJivAbA4ZG3w\"],\"description\":\"Dicodusport est l'encyclop\u00e9die de l'actualit\u00e9 sportive.\",\"email\":\"bonjour@dicodusport.fr\",\"legalName\":\"DICODUSPORT\",\"foundingDate\":\"2018-01-14\",\"vatID\":\"FR71834470973\",\"taxID\":\"83447097300043\",\"numberOfEmployees\":{\"@type\":\"QuantitativeValue\",\"minValue\":\"1\",\"maxValue\":\"10\"}},{\"@type\":\"Person\",\"@id\":\"https:\/\/dicodusport.fr\/blog\/#\/schema\/person\/7ca91cb9956847cfcdf25671708a6e4f\",\"name\":\"Romain Fiore\",\"image\":{\"@type\":\"ImageObject\",\"inLanguage\":\"fr-FR\",\"@id\":\"https:\/\/dicodusport.fr\/blog\/#\/schema\/person\/image\/\",\"url\":\"https:\/\/dicodusport.fr\/blog\/wp-content\/uploads\/2022\/06\/IMG_2931-150x150.jpg\",\"contentUrl\":\"https:\/\/dicodusport.fr\/blog\/wp-content\/uploads\/2022\/06\/IMG_2931-150x150.jpg\",\"caption\":\"Romain Fiore\"},\"description\":\"Fan absolu de foot et d'un certain club \u00e0 l'\u00e9toile en bleu et blanc. Amateur de beau jeu et d'Argentins au pied gauche magique. Passionn\u00e9 de sport US (NBA, NFL, MLS) et loyal \u00e0 la Damian Lillard. Je suis l\u00e0 pour vous apporter tout ce que le sport peut nous donner.\",\"sameAs\":[\"https:\/\/www.linkedin.com\/in\/romain-fiore-191a451b6\/\",\"https:\/\/x.com\/https:\/\/twitter.com\/romain_fiore\"],\"url\":\"https:\/\/dicodusport.fr\/blog\/author\/romain-fiore\/\"}]}<\/script>\n<!-- \/ Yoast SEO Premium plugin. -->","yoast_head_json":{"title":"Football f\u00e9minin : La deuxi\u00e8me division restructur\u00e9e, cr\u00e9ation d'une D3","description":"FOOTBALL F\u00c9MININ - L'AG de la F\u00e9d\u00e9ration Fran\u00e7aise de Football ,qui s'est tenue \u00e0 Nice ce samedi 18 juin, a d\u00e9bouch\u00e9 sur un changement important.","robots":{"index":"index","follow":"follow","max-snippet":"max-snippet:-1","max-image-preview":"max-image-preview:large","max-video-preview":"max-video-preview:-1"},"canonical":"https:\/\/dicodusport.fr\/blog\/du-changement-dans-le-championnat-de-d2-feminin-la-creation-d-une-d3\/","og_locale":"fr_FR","og_type":"article","og_title":"Football f\u00e9minin : La deuxi\u00e8me division restructur\u00e9e, cr\u00e9ation d'une D3","og_description":"FOOTBALL F\u00c9MININ - L'AG de la F\u00e9d\u00e9ration Fran\u00e7aise de Football ,qui s'est tenue \u00e0 Nice ce samedi 18 juin, a d\u00e9bouch\u00e9 sur un changement important.","og_url":"https:\/\/dicodusport.fr\/blog\/du-changement-dans-le-championnat-de-d2-feminin-la-creation-d-une-d3\/","og_site_name":"Dicodusport","article_publisher":"https:\/\/www.facebook.com\/dicodusport","article_published_time":"2022-06-19T08:40:55+00:00","article_modified_time":"2022-06-19T13:40:25+00:00","og_image":[{"width":800,"height":445,"url":"https:\/\/dicodusport.fr\/blog\/wp-content\/uploads\/2022\/06\/Football-feminin-La-deuxieme-division-restructuree-creation-dune-D3.png","type":"image\/png"}],"author":"Romain Fiore","twitter_card":"summary_large_image","twitter_title":"Football f\u00e9minin : La deuxi\u00e8me division restructur\u00e9e, cr\u00e9ation d'une D3","twitter_creator":"@https:\/\/twitter.com\/romain_fiore","twitter_site":"@dicodusport","schema":{"@context":"https:\/\/schema.org","@graph":[{"@type":"NewsArticle","@id":"https:\/\/dicodusport.fr\/blog\/du-changement-dans-le-championnat-de-d2-feminin-la-creation-d-une-d3\/#article","isPartOf":{"@id":"https:\/\/dicodusport.fr\/blog\/du-changement-dans-le-championnat-de-d2-feminin-la-creation-d-une-d3\/"},"author":{"name":"Romain Fiore","@id":"https:\/\/dicodusport.fr\/blog\/#\/schema\/person\/7ca91cb9956847cfcdf25671708a6e4f"},"headline":"Football f\u00e9minin : La deuxi\u00e8me division restructur\u00e9e, cr\u00e9ation d&rsquo;une D3","datePublished":"2022-06-19T08:40:55+00:00","dateModified":"2022-06-19T13:40:25+00:00","mainEntityOfPage":{"@id":"https:\/\/dicodusport.fr\/blog\/du-changement-dans-le-championnat-de-d2-feminin-la-creation-d-une-d3\/"},"wordCount":678,"commentCount":0,"publisher":{"@id":"https:\/\/dicodusport.fr\/blog\/#organization"},"image":{"@id":"https:\/\/dicodusport.fr\/blog\/du-changement-dans-le-championnat-de-d2-feminin-la-creation-d-une-d3\/#primaryimage"},"thumbnailUrl":"https:\/\/dicodusport.fr\/blog\/wp-content\/uploads\/2022\/06\/Football-feminin-La-deuxieme-division-restructuree-creation-dune-D3.png","keywords":["D1 Ark\u00e9ma","D1 f\u00e9minine","Football","football f\u00e9minin"],"articleSection":["Football"],"inLanguage":"fr-FR","potentialAction":[{"@type":"CommentAction","name":"Comment","target":["https:\/\/dicodusport.fr\/blog\/du-changement-dans-le-championnat-de-d2-feminin-la-creation-d-une-d3\/#respond"]}],"copyrightYear":"2022","copyrightHolder":{"@id":"https:\/\/dicodusport.fr\/blog\/#organization"}},{"@type":"WebPage","@id":"https:\/\/dicodusport.fr\/blog\/du-changement-dans-le-championnat-de-d2-feminin-la-creation-d-une-d3\/","url":"https:\/\/dicodusport.fr\/blog\/du-changement-dans-le-championnat-de-d2-feminin-la-creation-d-une-d3\/","name":"Football f\u00e9minin : La deuxi\u00e8me division restructur\u00e9e, cr\u00e9ation d'une D3","isPartOf":{"@id":"https:\/\/dicodusport.fr\/blog\/#website"},"primaryImageOfPage":{"@id":"https:\/\/dicodusport.fr\/blog\/du-changement-dans-le-championnat-de-d2-feminin-la-creation-d-une-d3\/#primaryimage"},"image":{"@id":"https:\/\/dicodusport.fr\/blog\/du-changement-dans-le-championnat-de-d2-feminin-la-creation-d-une-d3\/#primaryimage"},"thumbnailUrl":"https:\/\/dicodusport.fr\/blog\/wp-content\/uploads\/2022\/06\/Football-feminin-La-deuxieme-division-restructuree-creation-dune-D3.png","datePublished":"2022-06-19T08:40:55+00:00","dateModified":"2022-06-19T13:40:25+00:00","description":"FOOTBALL F\u00c9MININ - L'AG de la F\u00e9d\u00e9ration Fran\u00e7aise de Football ,qui s'est tenue \u00e0 Nice ce samedi 18 juin, a d\u00e9bouch\u00e9 sur un changement important.","breadcrumb":{"@id":"https:\/\/dicodusport.fr\/blog\/du-changement-dans-le-championnat-de-d2-feminin-la-creation-d-une-d3\/#breadcrumb"},"inLanguage":"fr-FR","potentialAction":[{"@type":"ReadAction","target":["https:\/\/dicodusport.fr\/blog\/du-changement-dans-le-championnat-de-d2-feminin-la-creation-d-une-d3\/"]}]},{"@type":"ImageObject","inLanguage":"fr-FR","@id":"https:\/\/dicodusport.fr\/blog\/du-changement-dans-le-championnat-de-d2-feminin-la-creation-d-une-d3\/#primaryimage","url":"https:\/\/dicodusport.fr\/blog\/wp-content\/uploads\/2022\/06\/Football-feminin-La-deuxieme-division-restructuree-creation-dune-D3.png","contentUrl":"https:\/\/dicodusport.fr\/blog\/wp-content\/uploads\/2022\/06\/Football-feminin-La-deuxieme-division-restructuree-creation-dune-D3.png","width":800,"height":445,"caption":"Football f\u00e9minin La deuxi\u00e8me division restructur\u00e9e, cr\u00e9ation d'une D3"},{"@type":"BreadcrumbList","@id":"https:\/\/dicodusport.fr\/blog\/du-changement-dans-le-championnat-de-d2-feminin-la-creation-d-une-d3\/#breadcrumb","itemListElement":[{"@type":"ListItem","position":1,"name":"Accueil","item":"https:\/\/dicodusport.fr\/blog\/"},{"@type":"ListItem","position":2,"name":"Football f\u00e9minin : La deuxi\u00e8me division restructur\u00e9e, cr\u00e9ation d&rsquo;une D3"}]},{"@type":"WebSite","@id":"https:\/\/dicodusport.fr\/blog\/#website","url":"https:\/\/dicodusport.fr\/blog\/","name":"Dicodusport","description":"L&#039;encyclop\u00e9die de l&#039;actualit\u00e9 sportive","publisher":{"@id":"https:\/\/dicodusport.fr\/blog\/#organization"},"potentialAction":[{"@type":"SearchAction","target":{"@type":"EntryPoint","urlTemplate":"https:\/\/dicodusport.fr\/blog\/?s={search_term_string}"},"query-input":{"@type":"PropertyValueSpecification","valueRequired":true,"valueName":"search_term_string"}}],"inLanguage":"fr-FR"},{"@type":"NewsMediaOrganization","@id":"https:\/\/dicodusport.fr\/blog\/#organization","name":"Dicodusport","url":"https:\/\/dicodusport.fr\/blog\/","logo":{"@type":"ImageObject","inLanguage":"fr-FR","@id":"https:\/\/dicodusport.fr\/blog\/#\/schema\/logo\/image\/","url":"https:\/\/dicodusport.fr\/blog\/wp-content\/uploads\/2020\/06\/cropped-LOGO-DICODUSPORT-2020-SANS-FOND-SANS-TEXTE.png","contentUrl":"https:\/\/dicodusport.fr\/blog\/wp-content\/uploads\/2020\/06\/cropped-LOGO-DICODUSPORT-2020-SANS-FOND-SANS-TEXTE.png","width":512,"height":512,"caption":"Dicodusport"},"image":{"@id":"https:\/\/dicodusport.fr\/blog\/#\/schema\/logo\/image\/"},"sameAs":["https:\/\/www.facebook.com\/dicodusport","https:\/\/x.com\/dicodusport","https:\/\/www.instagram.com\/dicodusport\/","https:\/\/www.youtube.com\/channel\/UC7V2KZ5sd3htJivAbA4ZG3w"],"description":"Dicodusport est l'encyclop\u00e9die de l'actualit\u00e9 sportive.","email":"bonjour@dicodusport.fr","legalName":"DICODUSPORT","foundingDate":"2018-01-14","vatID":"FR71834470973","taxID":"83447097300043","numberOfEmployees":{"@type":"QuantitativeValue","minValue":"1","maxValue":"10"}},{"@type":"Person","@id":"https:\/\/dicodusport.fr\/blog\/#\/schema\/person\/7ca91cb9956847cfcdf25671708a6e4f","name":"Romain Fiore","image":{"@type":"ImageObject","inLanguage":"fr-FR","@id":"https:\/\/dicodusport.fr\/blog\/#\/schema\/person\/image\/","url":"https:\/\/dicodusport.fr\/blog\/wp-content\/uploads\/2022\/06\/IMG_2931-150x150.jpg","contentUrl":"https:\/\/dicodusport.fr\/blog\/wp-content\/uploads\/2022\/06\/IMG_2931-150x150.jpg","caption":"Romain Fiore"},"description":"Fan absolu de foot et d'un certain club \u00e0 l'\u00e9toile en bleu et blanc. Amateur de beau jeu et d'Argentins au pied gauche magique. Passionn\u00e9 de sport US (NBA, NFL, MLS) et loyal \u00e0 la Damian Lillard. Je suis l\u00e0 pour vous apporter tout ce que le sport peut nous donner.","sameAs":["https:\/\/www.linkedin.com\/in\/romain-fiore-191a451b6\/","https:\/\/x.com\/https:\/\/twitter.com\/romain_fiore"],"url":"https:\/\/dicodusport.fr\/blog\/author\/romain-fiore\/"}]}},"_links":{"self":[{"href":"https:\/\/dicodusport.fr\/blog\/wp-json\/wp\/v2\/posts\/234823","targetHints":{"allow":["GET"]}}],"collection":[{"href":"https:\/\/dicodusport.fr\/blog\/wp-json\/wp\/v2\/posts"}],"about":[{"href":"https:\/\/dicodusport.fr\/blog\/wp-json\/wp\/v2\/types\/post"}],"author":[{"embeddable":true,"href":"https:\/\/dicodusport.fr\/blog\/wp-json\/wp\/v2\/users\/73"}],"replies":[{"embeddable":true,"href":"https:\/\/dicodusport.fr\/blog\/wp-json\/wp\/v2\/comments?post=234823"}],"version-history":[{"count":0,"href":"https:\/\/dicodusport.fr\/blog\/wp-json\/wp\/v2\/posts\/234823\/revisions"}],"wp:featuredmedia":[{"embeddable":true,"href":"https:\/\/dicodusport.fr\/blog\/wp-json\/wp\/v2\/media\/234857"}],"wp:attachment":[{"href":"https:\/\/dicodusport.fr\/blog\/wp-json\/wp\/v2\/media?parent=234823"}],"wp:term":[{"taxonomy":"category","embeddable":true,"href":"https:\/\/dicodusport.fr\/blog\/wp-json\/wp\/v2\/categories?post=234823"},{"taxonomy":"post_tag","embeddable":true,"href":"https:\/\/dicodusport.fr\/blog\/wp-json\/wp\/v2\/tags?post=234823"}],"curies":[{"name":"wp","href":"https:\/\/api.w.org\/{rel}","templated":true}]}}