{"id":234968,"date":"2022-06-19T17:11:02","date_gmt":"2022-06-19T15:11:02","guid":{"rendered":"https:\/\/dicodusport.fr\/blog\/?p=234968&#038;preview=true&#038;preview_id=234968"},"modified":"2022-06-19T17:57:43","modified_gmt":"2022-06-19T15:57:43","slug":"atp-challenger-2022-premier-titre-en-carriere-pour-alex-muller-a-blois","status":"publish","type":"post","link":"https:\/\/dicodusport.fr\/blog\/atp-challenger-2022-premier-titre-en-carriere-pour-alex-muller-a-blois\/","title":{"rendered":"ATP Challenger 2022 : Premier titre en carri\u00e8re pour Alex M\u00fcller \u00e0 Blois !"},"content":{"rendered":"<p style=\"text-align: justify;\"><b><i><a href=\"https:\/\/dicodusport.fr\/blog\/?s=atp+challenger+2022\">ATP Challenger 2022<\/a> &#8211; La deuxi\u00e8me est la bonne ! \u00c0 25 ans, Alexandre M\u00fcller (n\u00b0216 mondial) a remport\u00e9 son premier titre de Challenger en carri\u00e8re, apr\u00e8s un \u00e9chec en finale en 2019. Il s&rsquo;est impos\u00e9 en finale cet apr\u00e8s-midi contre le Serbe Milojevic (n\u00b0184), devant le public fran\u00e7ais du tournois de Blois, 7\/6 6\/1.<\/i><\/b><\/p>\n<p style=\"text-align: justify;\">Une joie contenue sur le court apr\u00e8s la balle de match, mais<strong> l&rsquo;\u00e9motion est bien l\u00e0<\/strong>. \u00c0 25 ans et alors qu&rsquo;il est sur le circuit professionnel depuis bient\u00f4t 10 ans, Alexandre M\u00fcller a remport\u00e9 cet apr\u00e8s-midi son premier titre en Challenger. Il avait d\u00e9j\u00e0 r\u00e9colt\u00e9 7 titres sur le circuit Future, mais jamais \u00e0 l&rsquo;\u00e9chelon sup\u00e9rieur. Pour \u00e7a,<strong> il a d\u00fb battre trois adversaires mieux class\u00e9s<\/strong> que lui cette semaine \u00e0 Blois, dont les t\u00eates de s\u00e9rie n\u00b03 et 7. Apr\u00e8s avoir domin\u00e9 son jeune compatriote <strong>Luca Van Assche<\/strong> en demi-finales, il s&rsquo;est d\u00e9fait de l&rsquo;exp\u00e9riment\u00e9 <strong>Nikola Milojevic<\/strong> en finale cet apr\u00e8s-midi, dans un match o\u00f9 il n&rsquo;a pas perdu une seule fois son service. Lui qui est un habitu\u00e9<a href=\"https:\/\/dicodusport.fr\/blog\/la-belle-tradition-des-tournois-challengers-en-france\/\"> des Challengers fran\u00e7ais<\/a> a profit\u00e9 de l&rsquo;appui du public.<\/p>\n<h2 style=\"text-align: justify;\">Un meilleur classement en carri\u00e8re \u00e0 la cl\u00e9<\/h2>\n<p style=\"text-align: justify;\">216\u00e8me mondial \u00e0 l&rsquo;heure actuelle, <strong>M\u00fcller multiplie les bons r\u00e9sultats depuis mai 2021<\/strong>. Il a particip\u00e9 \u00e0 12 quarts de finale de Challengers pendant ce laps de temps, ce qui l&rsquo;a fait largement grimper au classement. Il a aussi battu deux Top 100, <strong>Richard Gasquet<\/strong> \u00e0 Aix-en-Provence et l&rsquo;Italien <strong>Travaglia<\/strong> \u00e0 Brest. Ce titre \u00e0 Blois cette semaine est venu r\u00e9compenser sa bonne forme. Avec celui-ci, il va faire une vraie perc\u00e9e au classement.<\/p>\n<p style=\"text-align: justify;\">Gr\u00e2ce aux 80 points remport\u00e9s avec ce titre, <strong>il va grimper \u00e0 la 163\u00e8me place mondiale lundi<\/strong>. Ce qui bat son pr\u00e9c\u00e9dent record de 25 places (189\u00e8me). Il sera aussi le n\u00b015 Fran\u00e7ais, juste derri\u00e8re <strong>Gilles Simon<\/strong>. Pour confirmer cette bonne forme, M\u00fcller va voyager d\u00e8s demain vers l&rsquo;Angleterre. Il est en effet inscrit aux <strong>qualifications de Wimbledon<\/strong>, ce alors qu&rsquo;il n&rsquo;a pas disput\u00e9 le moindre match sur gazon cette saison. La transition de surface ne sera pas ais\u00e9e, mais elle ne le sera pas non plus pour son futur adversaire, l&rsquo;Argentin<strong> Ugo Carabelli<\/strong>, qu&rsquo;il vient de battre cette semaine \u00e0 Blois.<\/p>\n<blockquote class=\"twitter-tweet\">\n<p dir=\"ltr\" lang=\"fr\">Il n\u2019y avait pas beaucoup de Fran\u00e7ais au Challenger de Blois. Mais <a href=\"https:\/\/twitter.com\/Alex2Mumu?ref_src=twsrc%5Etfw\">@Alex2Mumu<\/a> va au bout. En ayant sauv\u00e9 balle de match au premier tour! Premier titre en \u00ab Chal \u00bb et best ranking \u00e0 venir. <a href=\"https:\/\/twitter.com\/hashtag\/blois?src=hash&amp;ref_src=twsrc%5Etfw\">#blois<\/a><\/p>\n<p>\u2014 Eric Salliot (@ericsalliot) <a href=\"https:\/\/twitter.com\/ericsalliot\/status\/1538541467387453441?ref_src=twsrc%5Etfw\">June 19, 2022<\/a><\/p><\/blockquote>\n<p style=\"text-align: justify;\"><script async src=\"https:\/\/platform.twitter.com\/widgets.js\" charset=\"utf-8\"><\/script><\/p>\n","protected":false},"excerpt":{"rendered":"<p>ATP Challenger 2022 &#8211; La deuxi\u00e8me est la bonne ! \u00c0 25 ans, Alexandre M\u00fcller (n\u00b0216 mondial) a remport\u00e9 son premier titre de Challenger en carri\u00e8re, apr\u00e8s un \u00e9chec en finale en 2019. Il s&rsquo;est impos\u00e9 en finale cet apr\u00e8s-midi contre le Serbe Milojevic (n\u00b0184), devant le public fran\u00e7ais du tournois de Blois, 7\/6 6\/1. [&hellip;]<\/p>\n","protected":false},"author":13,"featured_media":235063,"comment_status":"open","ping_status":"closed","sticky":false,"template":"","format":"standard","meta":{"_acf_changed":false,"_daextam_enable_autolinks":"","footnotes":""},"categories":[2302],"tags":[7930,18563],"class_list":["post-234968","post","type-post","status-publish","format-standard","has-post-thumbnail","hentry","category-tennis","tag-alexandre-muller","tag-francais-tennis"],"acf":[],"yoast_head":"<!-- This site is optimized with the Yoast SEO Premium plugin v26.7 (Yoast SEO v26.7) - https:\/\/yoast.com\/wordpress\/plugins\/seo\/ -->\n<title>ATP Challenger 2022 : Premier titre en carri\u00e8re pour Alex M\u00fcller \u00e0 Blois !<\/title>\n<meta name=\"description\" content=\"\u00c0 25 ans, le Fran\u00e7ais Alexandre M\u00fcller s&#039;est adjug\u00e9 cet apr\u00e8s-midi son premier titre de Challenger en carri\u00e8re, au tournois de Blois.\" \/>\n<meta name=\"robots\" content=\"index, follow, max-snippet:-1, max-image-preview:large, max-video-preview:-1\" \/>\n<link rel=\"canonical\" href=\"https:\/\/dicodusport.fr\/blog\/atp-challenger-2022-premier-titre-en-carriere-pour-alex-muller-a-blois\/\" \/>\n<meta property=\"og:locale\" content=\"fr_FR\" \/>\n<meta property=\"og:type\" content=\"article\" \/>\n<meta property=\"og:title\" content=\"ATP Challenger 2022 : Premier titre en carri\u00e8re pour Alex M\u00fcller \u00e0 Blois !\" \/>\n<meta property=\"og:description\" content=\"\u00c0 25 ans, le Fran\u00e7ais Alexandre M\u00fcller s&#039;est adjug\u00e9 cet apr\u00e8s-midi son premier titre de Challenger en carri\u00e8re, au tournois de Blois.\" \/>\n<meta property=\"og:url\" content=\"https:\/\/dicodusport.fr\/blog\/atp-challenger-2022-premier-titre-en-carriere-pour-alex-muller-a-blois\/\" \/>\n<meta property=\"og:site_name\" content=\"Dicodusport\" \/>\n<meta property=\"article:publisher\" content=\"https:\/\/www.facebook.com\/dicodusport\" \/>\n<meta property=\"article:published_time\" content=\"2022-06-19T15:11:02+00:00\" \/>\n<meta property=\"article:modified_time\" content=\"2022-06-19T15:57:43+00:00\" \/>\n<meta property=\"og:image\" content=\"https:\/\/dicodusport.fr\/blog\/wp-content\/uploads\/2022\/06\/atp-challenger-2022-premier-titre-en-carriere-pour-alex-muller-a-blois-scaled.jpg\" \/>\n\t<meta property=\"og:image:width\" content=\"2560\" \/>\n\t<meta property=\"og:image:height\" content=\"1707\" \/>\n\t<meta property=\"og:image:type\" content=\"image\/jpeg\" \/>\n<meta name=\"author\" content=\"Tom Compayrot\" \/>\n<meta name=\"twitter:card\" content=\"summary_large_image\" \/>\n<meta name=\"twitter:title\" content=\"ATP Challenger 2022 : Premier titre en carri\u00e8re pour Alex M\u00fcller \u00e0 Blois !\" \/>\n<meta name=\"twitter:creator\" content=\"@https:\/\/twitter.com\/Tom_Cprt\" \/>\n<meta name=\"twitter:site\" content=\"@dicodusport\" \/>\n<script type=\"application\/ld+json\" class=\"yoast-schema-graph\">{\"@context\":\"https:\/\/schema.org\",\"@graph\":[{\"@type\":\"NewsArticle\",\"@id\":\"https:\/\/dicodusport.fr\/blog\/atp-challenger-2022-premier-titre-en-carriere-pour-alex-muller-a-blois\/#article\",\"isPartOf\":{\"@id\":\"https:\/\/dicodusport.fr\/blog\/atp-challenger-2022-premier-titre-en-carriere-pour-alex-muller-a-blois\/\"},\"author\":{\"name\":\"Tom Compayrot\",\"@id\":\"https:\/\/dicodusport.fr\/blog\/#\/schema\/person\/bf1e4f404e108bd2be5b447b16bde9a7\"},\"headline\":\"ATP Challenger 2022 : Premier titre en carri\u00e8re pour Alex M\u00fcller \u00e0 Blois !\",\"datePublished\":\"2022-06-19T15:11:02+00:00\",\"dateModified\":\"2022-06-19T15:57:43+00:00\",\"mainEntityOfPage\":{\"@id\":\"https:\/\/dicodusport.fr\/blog\/atp-challenger-2022-premier-titre-en-carriere-pour-alex-muller-a-blois\/\"},\"wordCount\":446,\"commentCount\":0,\"publisher\":{\"@id\":\"https:\/\/dicodusport.fr\/blog\/#organization\"},\"image\":{\"@id\":\"https:\/\/dicodusport.fr\/blog\/atp-challenger-2022-premier-titre-en-carriere-pour-alex-muller-a-blois\/#primaryimage\"},\"thumbnailUrl\":\"https:\/\/dicodusport.fr\/blog\/wp-content\/uploads\/2022\/06\/atp-challenger-2022-premier-titre-en-carriere-pour-alex-muller-a-blois-scaled.jpg\",\"keywords\":[\"Alexandre M\u00fcller\",\"fran\u00e7ais tennis\"],\"articleSection\":[\"Tennis\"],\"inLanguage\":\"fr-FR\",\"potentialAction\":[{\"@type\":\"CommentAction\",\"name\":\"Comment\",\"target\":[\"https:\/\/dicodusport.fr\/blog\/atp-challenger-2022-premier-titre-en-carriere-pour-alex-muller-a-blois\/#respond\"]}],\"copyrightYear\":\"2022\",\"copyrightHolder\":{\"@id\":\"https:\/\/dicodusport.fr\/blog\/#organization\"}},{\"@type\":\"WebPage\",\"@id\":\"https:\/\/dicodusport.fr\/blog\/atp-challenger-2022-premier-titre-en-carriere-pour-alex-muller-a-blois\/\",\"url\":\"https:\/\/dicodusport.fr\/blog\/atp-challenger-2022-premier-titre-en-carriere-pour-alex-muller-a-blois\/\",\"name\":\"ATP Challenger 2022 : Premier titre en carri\u00e8re pour Alex M\u00fcller \u00e0 Blois !\",\"isPartOf\":{\"@id\":\"https:\/\/dicodusport.fr\/blog\/#website\"},\"primaryImageOfPage\":{\"@id\":\"https:\/\/dicodusport.fr\/blog\/atp-challenger-2022-premier-titre-en-carriere-pour-alex-muller-a-blois\/#primaryimage\"},\"image\":{\"@id\":\"https:\/\/dicodusport.fr\/blog\/atp-challenger-2022-premier-titre-en-carriere-pour-alex-muller-a-blois\/#primaryimage\"},\"thumbnailUrl\":\"https:\/\/dicodusport.fr\/blog\/wp-content\/uploads\/2022\/06\/atp-challenger-2022-premier-titre-en-carriere-pour-alex-muller-a-blois-scaled.jpg\",\"datePublished\":\"2022-06-19T15:11:02+00:00\",\"dateModified\":\"2022-06-19T15:57:43+00:00\",\"description\":\"\u00c0 25 ans, le Fran\u00e7ais Alexandre M\u00fcller s'est adjug\u00e9 cet apr\u00e8s-midi son premier titre de Challenger en carri\u00e8re, au tournois de Blois.\",\"breadcrumb\":{\"@id\":\"https:\/\/dicodusport.fr\/blog\/atp-challenger-2022-premier-titre-en-carriere-pour-alex-muller-a-blois\/#breadcrumb\"},\"inLanguage\":\"fr-FR\",\"potentialAction\":[{\"@type\":\"ReadAction\",\"target\":[\"https:\/\/dicodusport.fr\/blog\/atp-challenger-2022-premier-titre-en-carriere-pour-alex-muller-a-blois\/\"]}]},{\"@type\":\"ImageObject\",\"inLanguage\":\"fr-FR\",\"@id\":\"https:\/\/dicodusport.fr\/blog\/atp-challenger-2022-premier-titre-en-carriere-pour-alex-muller-a-blois\/#primaryimage\",\"url\":\"https:\/\/dicodusport.fr\/blog\/wp-content\/uploads\/2022\/06\/atp-challenger-2022-premier-titre-en-carriere-pour-alex-muller-a-blois-scaled.jpg\",\"contentUrl\":\"https:\/\/dicodusport.fr\/blog\/wp-content\/uploads\/2022\/06\/atp-challenger-2022-premier-titre-en-carriere-pour-alex-muller-a-blois-scaled.jpg\",\"width\":2560,\"height\":1707,\"caption\":\"Alexandre MULLER of France during the Qualifying Day 3 of Roland Garros on May 18, 2022 in Paris, France. (Photo by Anthony Dibon\/Icon Sport)\"},{\"@type\":\"BreadcrumbList\",\"@id\":\"https:\/\/dicodusport.fr\/blog\/atp-challenger-2022-premier-titre-en-carriere-pour-alex-muller-a-blois\/#breadcrumb\",\"itemListElement\":[{\"@type\":\"ListItem\",\"position\":1,\"name\":\"Accueil\",\"item\":\"https:\/\/dicodusport.fr\/blog\/\"},{\"@type\":\"ListItem\",\"position\":2,\"name\":\"ATP Challenger 2022 : Premier titre en carri\u00e8re pour Alex M\u00fcller \u00e0 Blois !\"}]},{\"@type\":\"WebSite\",\"@id\":\"https:\/\/dicodusport.fr\/blog\/#website\",\"url\":\"https:\/\/dicodusport.fr\/blog\/\",\"name\":\"Dicodusport\",\"description\":\"L&#039;encyclop\u00e9die de l&#039;actualit\u00e9 sportive\",\"publisher\":{\"@id\":\"https:\/\/dicodusport.fr\/blog\/#organization\"},\"potentialAction\":[{\"@type\":\"SearchAction\",\"target\":{\"@type\":\"EntryPoint\",\"urlTemplate\":\"https:\/\/dicodusport.fr\/blog\/?s={search_term_string}\"},\"query-input\":{\"@type\":\"PropertyValueSpecification\",\"valueRequired\":true,\"valueName\":\"search_term_string\"}}],\"inLanguage\":\"fr-FR\"},{\"@type\":\"NewsMediaOrganization\",\"@id\":\"https:\/\/dicodusport.fr\/blog\/#organization\",\"name\":\"Dicodusport\",\"url\":\"https:\/\/dicodusport.fr\/blog\/\",\"logo\":{\"@type\":\"ImageObject\",\"inLanguage\":\"fr-FR\",\"@id\":\"https:\/\/dicodusport.fr\/blog\/#\/schema\/logo\/image\/\",\"url\":\"https:\/\/dicodusport.fr\/blog\/wp-content\/uploads\/2020\/06\/cropped-LOGO-DICODUSPORT-2020-SANS-FOND-SANS-TEXTE.png\",\"contentUrl\":\"https:\/\/dicodusport.fr\/blog\/wp-content\/uploads\/2020\/06\/cropped-LOGO-DICODUSPORT-2020-SANS-FOND-SANS-TEXTE.png\",\"width\":512,\"height\":512,\"caption\":\"Dicodusport\"},\"image\":{\"@id\":\"https:\/\/dicodusport.fr\/blog\/#\/schema\/logo\/image\/\"},\"sameAs\":[\"https:\/\/www.facebook.com\/dicodusport\",\"https:\/\/x.com\/dicodusport\",\"https:\/\/www.instagram.com\/dicodusport\/\",\"https:\/\/www.youtube.com\/channel\/UC7V2KZ5sd3htJivAbA4ZG3w\"],\"description\":\"Dicodusport est l'encyclop\u00e9die de l'actualit\u00e9 sportive.\",\"email\":\"bonjour@dicodusport.fr\",\"legalName\":\"DICODUSPORT\",\"foundingDate\":\"2018-01-14\",\"vatID\":\"FR71834470973\",\"taxID\":\"83447097300043\",\"numberOfEmployees\":{\"@type\":\"QuantitativeValue\",\"minValue\":\"1\",\"maxValue\":\"10\"}},{\"@type\":\"Person\",\"@id\":\"https:\/\/dicodusport.fr\/blog\/#\/schema\/person\/bf1e4f404e108bd2be5b447b16bde9a7\",\"name\":\"Tom Compayrot\",\"image\":{\"@type\":\"ImageObject\",\"inLanguage\":\"fr-FR\",\"@id\":\"https:\/\/dicodusport.fr\/blog\/#\/schema\/person\/image\/\",\"url\":\"https:\/\/dicodusport.fr\/blog\/wp-content\/uploads\/2021\/05\/Tom-Compayrot-150x150.jpg\",\"contentUrl\":\"https:\/\/dicodusport.fr\/blog\/wp-content\/uploads\/2021\/05\/Tom-Compayrot-150x150.jpg\",\"caption\":\"Tom Compayrot\"},\"description\":\"Journaliste\/r\u00e9dacteur depuis mars 2017 - Amoureux de la petite balle jaune et du gros ballon orange qui tra\u00eene sa carcasse sur Dicodusport depuis 2017. Rafael Nadal et LeBron James sont les meilleurs joueurs de l'histoire.\",\"sameAs\":[\"https:\/\/x.com\/https:\/\/twitter.com\/Tom_Cprt\"],\"url\":\"https:\/\/dicodusport.fr\/blog\/author\/tom\/\"}]}<\/script>\n<!-- \/ Yoast SEO Premium plugin. -->","yoast_head_json":{"title":"ATP Challenger 2022 : Premier titre en carri\u00e8re pour Alex M\u00fcller \u00e0 Blois !","description":"\u00c0 25 ans, le Fran\u00e7ais Alexandre M\u00fcller s'est adjug\u00e9 cet apr\u00e8s-midi son premier titre de Challenger en carri\u00e8re, au tournois de Blois.","robots":{"index":"index","follow":"follow","max-snippet":"max-snippet:-1","max-image-preview":"max-image-preview:large","max-video-preview":"max-video-preview:-1"},"canonical":"https:\/\/dicodusport.fr\/blog\/atp-challenger-2022-premier-titre-en-carriere-pour-alex-muller-a-blois\/","og_locale":"fr_FR","og_type":"article","og_title":"ATP Challenger 2022 : Premier titre en carri\u00e8re pour Alex M\u00fcller \u00e0 Blois !","og_description":"\u00c0 25 ans, le Fran\u00e7ais Alexandre M\u00fcller s'est adjug\u00e9 cet apr\u00e8s-midi son premier titre de Challenger en carri\u00e8re, au tournois de Blois.","og_url":"https:\/\/dicodusport.fr\/blog\/atp-challenger-2022-premier-titre-en-carriere-pour-alex-muller-a-blois\/","og_site_name":"Dicodusport","article_publisher":"https:\/\/www.facebook.com\/dicodusport","article_published_time":"2022-06-19T15:11:02+00:00","article_modified_time":"2022-06-19T15:57:43+00:00","og_image":[{"width":2560,"height":1707,"url":"https:\/\/dicodusport.fr\/blog\/wp-content\/uploads\/2022\/06\/atp-challenger-2022-premier-titre-en-carriere-pour-alex-muller-a-blois-scaled.jpg","type":"image\/jpeg"}],"author":"Tom Compayrot","twitter_card":"summary_large_image","twitter_title":"ATP Challenger 2022 : Premier titre en carri\u00e8re pour Alex M\u00fcller \u00e0 Blois !","twitter_creator":"@https:\/\/twitter.com\/Tom_Cprt","twitter_site":"@dicodusport","schema":{"@context":"https:\/\/schema.org","@graph":[{"@type":"NewsArticle","@id":"https:\/\/dicodusport.fr\/blog\/atp-challenger-2022-premier-titre-en-carriere-pour-alex-muller-a-blois\/#article","isPartOf":{"@id":"https:\/\/dicodusport.fr\/blog\/atp-challenger-2022-premier-titre-en-carriere-pour-alex-muller-a-blois\/"},"author":{"name":"Tom Compayrot","@id":"https:\/\/dicodusport.fr\/blog\/#\/schema\/person\/bf1e4f404e108bd2be5b447b16bde9a7"},"headline":"ATP Challenger 2022 : Premier titre en carri\u00e8re pour Alex M\u00fcller \u00e0 Blois !","datePublished":"2022-06-19T15:11:02+00:00","dateModified":"2022-06-19T15:57:43+00:00","mainEntityOfPage":{"@id":"https:\/\/dicodusport.fr\/blog\/atp-challenger-2022-premier-titre-en-carriere-pour-alex-muller-a-blois\/"},"wordCount":446,"commentCount":0,"publisher":{"@id":"https:\/\/dicodusport.fr\/blog\/#organization"},"image":{"@id":"https:\/\/dicodusport.fr\/blog\/atp-challenger-2022-premier-titre-en-carriere-pour-alex-muller-a-blois\/#primaryimage"},"thumbnailUrl":"https:\/\/dicodusport.fr\/blog\/wp-content\/uploads\/2022\/06\/atp-challenger-2022-premier-titre-en-carriere-pour-alex-muller-a-blois-scaled.jpg","keywords":["Alexandre M\u00fcller","fran\u00e7ais tennis"],"articleSection":["Tennis"],"inLanguage":"fr-FR","potentialAction":[{"@type":"CommentAction","name":"Comment","target":["https:\/\/dicodusport.fr\/blog\/atp-challenger-2022-premier-titre-en-carriere-pour-alex-muller-a-blois\/#respond"]}],"copyrightYear":"2022","copyrightHolder":{"@id":"https:\/\/dicodusport.fr\/blog\/#organization"}},{"@type":"WebPage","@id":"https:\/\/dicodusport.fr\/blog\/atp-challenger-2022-premier-titre-en-carriere-pour-alex-muller-a-blois\/","url":"https:\/\/dicodusport.fr\/blog\/atp-challenger-2022-premier-titre-en-carriere-pour-alex-muller-a-blois\/","name":"ATP Challenger 2022 : Premier titre en carri\u00e8re pour Alex M\u00fcller \u00e0 Blois !","isPartOf":{"@id":"https:\/\/dicodusport.fr\/blog\/#website"},"primaryImageOfPage":{"@id":"https:\/\/dicodusport.fr\/blog\/atp-challenger-2022-premier-titre-en-carriere-pour-alex-muller-a-blois\/#primaryimage"},"image":{"@id":"https:\/\/dicodusport.fr\/blog\/atp-challenger-2022-premier-titre-en-carriere-pour-alex-muller-a-blois\/#primaryimage"},"thumbnailUrl":"https:\/\/dicodusport.fr\/blog\/wp-content\/uploads\/2022\/06\/atp-challenger-2022-premier-titre-en-carriere-pour-alex-muller-a-blois-scaled.jpg","datePublished":"2022-06-19T15:11:02+00:00","dateModified":"2022-06-19T15:57:43+00:00","description":"\u00c0 25 ans, le Fran\u00e7ais Alexandre M\u00fcller s'est adjug\u00e9 cet apr\u00e8s-midi son premier titre de Challenger en carri\u00e8re, au tournois de Blois.","breadcrumb":{"@id":"https:\/\/dicodusport.fr\/blog\/atp-challenger-2022-premier-titre-en-carriere-pour-alex-muller-a-blois\/#breadcrumb"},"inLanguage":"fr-FR","potentialAction":[{"@type":"ReadAction","target":["https:\/\/dicodusport.fr\/blog\/atp-challenger-2022-premier-titre-en-carriere-pour-alex-muller-a-blois\/"]}]},{"@type":"ImageObject","inLanguage":"fr-FR","@id":"https:\/\/dicodusport.fr\/blog\/atp-challenger-2022-premier-titre-en-carriere-pour-alex-muller-a-blois\/#primaryimage","url":"https:\/\/dicodusport.fr\/blog\/wp-content\/uploads\/2022\/06\/atp-challenger-2022-premier-titre-en-carriere-pour-alex-muller-a-blois-scaled.jpg","contentUrl":"https:\/\/dicodusport.fr\/blog\/wp-content\/uploads\/2022\/06\/atp-challenger-2022-premier-titre-en-carriere-pour-alex-muller-a-blois-scaled.jpg","width":2560,"height":1707,"caption":"Alexandre MULLER of France during the Qualifying Day 3 of Roland Garros on May 18, 2022 in Paris, France. (Photo by Anthony Dibon\/Icon Sport)"},{"@type":"BreadcrumbList","@id":"https:\/\/dicodusport.fr\/blog\/atp-challenger-2022-premier-titre-en-carriere-pour-alex-muller-a-blois\/#breadcrumb","itemListElement":[{"@type":"ListItem","position":1,"name":"Accueil","item":"https:\/\/dicodusport.fr\/blog\/"},{"@type":"ListItem","position":2,"name":"ATP Challenger 2022 : Premier titre en carri\u00e8re pour Alex M\u00fcller \u00e0 Blois !"}]},{"@type":"WebSite","@id":"https:\/\/dicodusport.fr\/blog\/#website","url":"https:\/\/dicodusport.fr\/blog\/","name":"Dicodusport","description":"L&#039;encyclop\u00e9die de l&#039;actualit\u00e9 sportive","publisher":{"@id":"https:\/\/dicodusport.fr\/blog\/#organization"},"potentialAction":[{"@type":"SearchAction","target":{"@type":"EntryPoint","urlTemplate":"https:\/\/dicodusport.fr\/blog\/?s={search_term_string}"},"query-input":{"@type":"PropertyValueSpecification","valueRequired":true,"valueName":"search_term_string"}}],"inLanguage":"fr-FR"},{"@type":"NewsMediaOrganization","@id":"https:\/\/dicodusport.fr\/blog\/#organization","name":"Dicodusport","url":"https:\/\/dicodusport.fr\/blog\/","logo":{"@type":"ImageObject","inLanguage":"fr-FR","@id":"https:\/\/dicodusport.fr\/blog\/#\/schema\/logo\/image\/","url":"https:\/\/dicodusport.fr\/blog\/wp-content\/uploads\/2020\/06\/cropped-LOGO-DICODUSPORT-2020-SANS-FOND-SANS-TEXTE.png","contentUrl":"https:\/\/dicodusport.fr\/blog\/wp-content\/uploads\/2020\/06\/cropped-LOGO-DICODUSPORT-2020-SANS-FOND-SANS-TEXTE.png","width":512,"height":512,"caption":"Dicodusport"},"image":{"@id":"https:\/\/dicodusport.fr\/blog\/#\/schema\/logo\/image\/"},"sameAs":["https:\/\/www.facebook.com\/dicodusport","https:\/\/x.com\/dicodusport","https:\/\/www.instagram.com\/dicodusport\/","https:\/\/www.youtube.com\/channel\/UC7V2KZ5sd3htJivAbA4ZG3w"],"description":"Dicodusport est l'encyclop\u00e9die de l'actualit\u00e9 sportive.","email":"bonjour@dicodusport.fr","legalName":"DICODUSPORT","foundingDate":"2018-01-14","vatID":"FR71834470973","taxID":"83447097300043","numberOfEmployees":{"@type":"QuantitativeValue","minValue":"1","maxValue":"10"}},{"@type":"Person","@id":"https:\/\/dicodusport.fr\/blog\/#\/schema\/person\/bf1e4f404e108bd2be5b447b16bde9a7","name":"Tom Compayrot","image":{"@type":"ImageObject","inLanguage":"fr-FR","@id":"https:\/\/dicodusport.fr\/blog\/#\/schema\/person\/image\/","url":"https:\/\/dicodusport.fr\/blog\/wp-content\/uploads\/2021\/05\/Tom-Compayrot-150x150.jpg","contentUrl":"https:\/\/dicodusport.fr\/blog\/wp-content\/uploads\/2021\/05\/Tom-Compayrot-150x150.jpg","caption":"Tom Compayrot"},"description":"Journaliste\/r\u00e9dacteur depuis mars 2017 - Amoureux de la petite balle jaune et du gros ballon orange qui tra\u00eene sa carcasse sur Dicodusport depuis 2017. Rafael Nadal et LeBron James sont les meilleurs joueurs de l'histoire.","sameAs":["https:\/\/x.com\/https:\/\/twitter.com\/Tom_Cprt"],"url":"https:\/\/dicodusport.fr\/blog\/author\/tom\/"}]}},"_links":{"self":[{"href":"https:\/\/dicodusport.fr\/blog\/wp-json\/wp\/v2\/posts\/234968","targetHints":{"allow":["GET"]}}],"collection":[{"href":"https:\/\/dicodusport.fr\/blog\/wp-json\/wp\/v2\/posts"}],"about":[{"href":"https:\/\/dicodusport.fr\/blog\/wp-json\/wp\/v2\/types\/post"}],"author":[{"embeddable":true,"href":"https:\/\/dicodusport.fr\/blog\/wp-json\/wp\/v2\/users\/13"}],"replies":[{"embeddable":true,"href":"https:\/\/dicodusport.fr\/blog\/wp-json\/wp\/v2\/comments?post=234968"}],"version-history":[{"count":0,"href":"https:\/\/dicodusport.fr\/blog\/wp-json\/wp\/v2\/posts\/234968\/revisions"}],"wp:featuredmedia":[{"embeddable":true,"href":"https:\/\/dicodusport.fr\/blog\/wp-json\/wp\/v2\/media\/235063"}],"wp:attachment":[{"href":"https:\/\/dicodusport.fr\/blog\/wp-json\/wp\/v2\/media?parent=234968"}],"wp:term":[{"taxonomy":"category","embeddable":true,"href":"https:\/\/dicodusport.fr\/blog\/wp-json\/wp\/v2\/categories?post=234968"},{"taxonomy":"post_tag","embeddable":true,"href":"https:\/\/dicodusport.fr\/blog\/wp-json\/wp\/v2\/tags?post=234968"}],"curies":[{"name":"wp","href":"https:\/\/api.w.org\/{rel}","templated":true}]}}