{"id":235188,"date":"2022-06-20T09:23:31","date_gmt":"2022-06-20T07:23:31","guid":{"rendered":"https:\/\/dicodusport.fr\/blog\/?p=235188"},"modified":"2022-06-20T11:12:11","modified_gmt":"2022-06-20T09:12:11","slug":"ch-deurope-jeunes-de-karate-niswa-ahmed-se-pare-dor-14-medailles-pour-les-bleus","status":"publish","type":"post","link":"https:\/\/dicodusport.fr\/blog\/ch-deurope-jeunes-de-karate-niswa-ahmed-se-pare-dor-14-medailles-pour-les-bleus\/","title":{"rendered":"Ch. d&rsquo;Europe Jeunes de Karat\u00e9 : Niswa Ahmed se pare d&rsquo;or, 14 m\u00e9dailles pour les Bleus"},"content":{"rendered":"<p style=\"text-align: justify;\"><em><strong>CHAMPIONNATS D&rsquo;EUROPE JEUNES DE KARAT\u00c9 2022 &#8211; Au terme de trois jours de comp\u00e9tition \u00e0 Prague, l&rsquo;\u00c9quipe de France repart avec une belle collection de m\u00e9dailles. Sur les 21 athl\u00e8tes encore engag\u00e9s ce dimanche, ils sont 14 \u00e0 avoir d\u00e9croch\u00e9 un m\u00e9tal. Cela fait donc cinq m\u00e9dailles en plus par rapport \u00e0 la derni\u00e8re \u00e9dition. D\u00e9j\u00e0 championne du monde, Niswa Ahmed a elle d\u00e9croch\u00e9 l&rsquo;or pour sa derni\u00e8re comp\u00e9tition juniors en -50 kg, apportant ainsi la seule breloque dor\u00e9e au camp tricolore.<\/strong><\/em><\/p>\n<h2 style=\"text-align: justify;\">Niswa Ahmed confirme son titre mondial<\/h2>\n<p style=\"text-align: justify;\">Elle avait \u00e0 c\u0153ur pour sa derni\u00e8re comp\u00e9tition juniors de d\u00e9crocher une nouvelle m\u00e9daille d&rsquo;or, et elle l&rsquo;a fait avec autorit\u00e9. D\u00e9j\u00e0 championne du monde, <strong>Niswa Ahmed<\/strong> va quitter le circuit en ayant au tour du cou les titres europ\u00e9en et mondial ! D\u00e9j\u00e0 titr\u00e9e mondialement, la jeune tricolore d&rsquo;origine comorienne a assum\u00e9 son statut de favorite jusqu&rsquo;au bout. Samedi, elle avait r\u00e9ussi un parcours parfait afin de d\u00e9crocher sa place en finale. En demi-finales, elle s&rsquo;\u00e9tait m\u00eame offert le scalp de la championne d&rsquo;Europe en titre, l&rsquo;Italienne <strong>Asia Agus<\/strong>. Ce dimanche, cette belle victoire a \u00e9t\u00e9 valid\u00e9e par une victoire autoritaire face \u00e0 <strong>Ema Sgardelli<\/strong>. \u00c0 20 ans, elle s&rsquo;impose ainsi plus que jamais comme le futur du karat\u00e9 fran\u00e7ais.<\/p>\n<blockquote class=\"twitter-tweet\">\n<p dir=\"ltr\" lang=\"fr\">&#x1f3c6; CHAMPIONNE D\u2019EUROPE 2022 &#x1f1ea;&#x1f1fa;<\/p>\n<p>Pour sa derni\u00e8re comp\u00e9tition en espoirs, Niswa Ahmed s\u2019empare du titre continental apr\u00e8s une finale tendue &#x1f92f;<\/p>\n<p>Elle termine sa carri\u00e8re avec les jeunes championne du monde et d\u2019Europe en titre : PATRONNE &#x1f451;<a href=\"https:\/\/twitter.com\/hashtag\/FranceKarat%C3%A9?src=hash&amp;ref_src=twsrc%5Etfw\">#FranceKarat\u00e9<\/a> <a href=\"https:\/\/twitter.com\/hashtag\/KaratePrague2022?src=hash&amp;ref_src=twsrc%5Etfw\">#KaratePrague2022<\/a> <a href=\"https:\/\/t.co\/6mR77q6Gw7\">pic.twitter.com\/6mR77q6Gw7<\/a><\/p>\n<p>\u2014 FFKarate (@ffkarate) <a href=\"https:\/\/twitter.com\/ffkarate\/status\/1538534974747459584?ref_src=twsrc%5Etfw\">June 19, 2022<\/a><\/p><\/blockquote>\n<p><script async src=\"https:\/\/platform.twitter.com\/widgets.js\" charset=\"utf-8\"><\/script><\/p>\n<h2 style=\"text-align: justify;\">Le kata par \u00e9quipes f\u00e9minin, Houda Taklit et Ma\u00ef Linh-Bui se contentent de l&rsquo;argent<\/h2>\n<p style=\"text-align: justify;\">L&rsquo;\u00c9quipe de France aura au total particip\u00e9 \u00e0 quatre finales, pour une seule victoire finale. Effectivement, la r\u00e9ussite n&rsquo;a pas \u00e9t\u00e9 au rendez-vous pour les autres engag\u00e9s. C&rsquo;est le cas notamment de <strong>Ma\u00ef Linh-Bui<\/strong>, la jeune surdou\u00e9e ann\u00e9cienne. Au sein de la cat\u00e9gorie cadets, celle qui termine toutes ses comp\u00e9titions sur les podiums n&rsquo;a pas failli \u00e0 sa r\u00e9putation. Arriv\u00e9e jusqu&rsquo;en finale en terrassant une \u00e0 une ses adversaires, elle a finalement \u00e9chou\u00e9 sur l&rsquo;Espagnole <strong>Julieta Alvarez Fotheringham<\/strong>. Malheureusement, la Tricolore a \u00e9t\u00e9 abonn\u00e9e \u00e0 l&rsquo;argent ce dimanche. Effectivement, elle \u00e9tait \u00e9galement engag\u00e9e aux c\u00f4t\u00e9s de <strong>Caroline Ngoan<\/strong> et <strong>Manon Ros<\/strong> en kata par \u00e9quipes. Le trio bleu fermait la comp\u00e9tition en fin de journ\u00e9e, mais doit se contenter de la 2e place, battu par l&rsquo;Italie.<\/p>\n<p style=\"text-align: justify;\">Enfin, <strong>Houda Taklit<\/strong> a de son c\u00f4t\u00e9 v\u00e9cu une v\u00e9ritable d\u00e9sillusion dans la cat\u00e9gorie cadette +54 kg. Num\u00e9ro une mondiale, elle a assum\u00e9 son statut afin d&rsquo;aller disputer le titre europ\u00e9en. Finalement, elle bute sur la derni\u00e8re marche, et doit se contenter de l&rsquo;argent.<\/p>\n<blockquote class=\"twitter-tweet\">\n<p dir=\"ltr\" lang=\"fr\">&#x1f1eb;&#x1f1f7; Troisi\u00e8me m\u00e9daille fran\u00e7aise et on aurait bien aim\u00e9 qu\u2019elle soit dor\u00e9e\u2026 Ma\u00ef-Linh Bui s\u2019incline en finale et prend la m\u00e9daille d\u2019argent &#x1f948;<\/p>\n<p>La journ\u00e9e est loin d\u2019\u00eatre finie, il reste le titre par \u00e9quipe \u00e0 aller chercher ce soir &#x1f4aa;<a href=\"https:\/\/twitter.com\/hashtag\/FranceKarat%C3%A9?src=hash&amp;ref_src=twsrc%5Etfw\">#FranceKarat\u00e9<\/a> <a href=\"https:\/\/twitter.com\/hashtag\/KaratePrague2022?src=hash&amp;ref_src=twsrc%5Etfw\">#KaratePrague2022<\/a> <a href=\"https:\/\/t.co\/aoesZwSGop\">pic.twitter.com\/aoesZwSGop<\/a><\/p>\n<p>\u2014 FFKarate (@ffkarate) <a href=\"https:\/\/twitter.com\/ffkarate\/status\/1538438939022970881?ref_src=twsrc%5Etfw\">June 19, 2022<\/a><\/p><\/blockquote>\n<p><script async src=\"https:\/\/platform.twitter.com\/widgets.js\" charset=\"utf-8\"><\/script><\/p>\n<h2 style=\"text-align: justify;\">R\u00e9capitulatif des m\u00e9dailles obtenues :<\/h2>\n<p style=\"text-align: justify;\"><span style=\"text-decoration: underline;\"><span style=\"text-decoration: underline;\">Or :<\/span><\/span> Niswa AHMED (Juniors, -50 kg)<\/p>\n<p style=\"text-align: justify;\"><span style=\"text-decoration: underline;\"><em><span style=\"text-decoration: underline;\">Argent :<\/span><\/em><\/span> Ma\u00ef-Linh BUI, Caroline NGOAN, Manon ROS (Kata \u00e9quipes), Ma\u00ef Linh-Bui (Cadette kata), Houda TAKLIT (Cadette, +54 kg)<\/p>\n<p style=\"text-align: justify;\"><span style=\"text-decoration: underline;\"><em><span style=\"text-decoration: underline;\">Bronze :<\/span><\/em><\/span> Liam GREGOIRE, Lucas HOFFMANN, Tom PELTIER (Kata \u00e9quipes), Ugo HEIM (Espoirs, +80 kg), Ilies ELGUIR (Espoirs, +75 kg), Tylla LEVACHER (Espoirs, -55 kg), Mathis CHEVALIER (Juniors, -61 kg), Djihane MENACER (Espoirs, -59 kg), Kenzy Dona (Cadet, -70kg), Adam TADJER (Cadet, +70 kg), Lucas HOFFMANN (Juniors Kata), Fabien TRAN (Espoirs Kata)<\/p>\n<hr \/>\n<p style=\"text-align: justify;\"><em><strong>Avec 14 m\u00e9dailles d\u00e9croch\u00e9es, le camp tricolore fait exploser son total de l&rsquo;\u00e9dition 2021 (9).<\/strong> Malgr\u00e9 tout, le fait de n&rsquo;avoir d\u00e9croch\u00e9 qu&rsquo;une m\u00e9daille d&rsquo;or contre deux l&rsquo;ann\u00e9e pr\u00e9c\u00e9dente fait reculer <strong>l&rsquo;\u00c9quipe de France<\/strong> au classement des nations de quatre rangs, jusqu&rsquo;\u00e0 la 9<strong>e place<\/strong>. Cela donne un peu d&rsquo;amertume \u00e0 un bilan global au final tr\u00e8s solide, et prometteur pour l&rsquo;avenir !<\/em><\/p>\n<hr \/>\n<blockquote class=\"twitter-tweet\">\n<p dir=\"ltr\" lang=\"fr\">Les derni\u00e8res m\u00e9dailles de la journ\u00e9e reviennent aux \u00e9quipes kata et portent le total des Fran\u00e7ais \u00e0 14 m\u00e9dailles &#x2935;<\/p>\n<p>&#x1f948; L\u2019\u00e9quipe kata f\u00e9minine en argent<br \/>\n&#x1f949; L\u2019\u00e9quipe kata masculine en bronze<\/p>\n<p>&#x1f4f8; Denis Boulanger<a href=\"https:\/\/twitter.com\/hashtag\/FranceKarat%C3%A9?src=hash&amp;ref_src=twsrc%5Etfw\">#FranceKarat\u00e9<\/a> <a href=\"https:\/\/twitter.com\/hashtag\/KaratePrague2022?src=hash&amp;ref_src=twsrc%5Etfw\">#KaratePrague2022<\/a> <a href=\"https:\/\/t.co\/un3kOTmvBK\">pic.twitter.com\/un3kOTmvBK<\/a><\/p>\n<p>\u2014 FFKarate (@ffkarate) <a href=\"https:\/\/twitter.com\/ffkarate\/status\/1538582390662123520?ref_src=twsrc%5Etfw\">June 19, 2022<\/a><\/p><\/blockquote>\n<p><script async src=\"https:\/\/platform.twitter.com\/widgets.js\" charset=\"utf-8\"><\/script><\/p>\n","protected":false},"excerpt":{"rendered":"<p>CHAMPIONNATS D&rsquo;EUROPE JEUNES DE KARAT\u00c9 2022 &#8211; Au terme de trois jours de comp\u00e9tition \u00e0 Prague, l&rsquo;\u00c9quipe de France repart avec une belle collection de m\u00e9dailles. Sur les 21 athl\u00e8tes encore engag\u00e9s ce dimanche, ils sont 14 \u00e0 avoir d\u00e9croch\u00e9 un m\u00e9tal. Cela fait donc cinq m\u00e9dailles en plus par rapport \u00e0 la derni\u00e8re \u00e9dition. D\u00e9j\u00e0 championne du monde, Niswa Ahmed a elle d\u00e9croch\u00e9 l&rsquo;or pour sa derni\u00e8re comp\u00e9tition Juniors en -50kg, apportant ainsi la seule breloque dor\u00e9e au camp tricolore.<\/p>\n","protected":false},"author":55,"featured_media":235270,"comment_status":"open","ping_status":"closed","sticky":false,"template":"","format":"standard","meta":{"_acf_changed":false,"_daextam_enable_autolinks":"","footnotes":""},"categories":[9969],"tags":[24414,537,8649],"class_list":["post-235188","post","type-post","status-publish","format-standard","has-post-thumbnail","hentry","category-karate","tag-championnats-deurope-juniors","tag-karate","tag-prague"],"acf":[],"yoast_head":"<!-- This site is optimized with the Yoast SEO Premium plugin v26.7 (Yoast SEO v26.7) - https:\/\/yoast.com\/wordpress\/plugins\/seo\/ -->\n<title>Ch. d&#039;Europe Jeunes de Karat\u00e9 : Niswa Ahmed se pare d&#039;or, 14 m\u00e9dailles pour les Bleus<\/title>\n<meta name=\"description\" content=\"L&#039;\u00c9quipe de France a d\u00e9croch\u00e9 14 m\u00e9dailles \u00e0 l&#039;occasion des Championnats d&#039;Europe Jeunes disput\u00e9s \u00e0 Prague.\" \/>\n<meta name=\"robots\" content=\"index, follow, max-snippet:-1, max-image-preview:large, max-video-preview:-1\" \/>\n<link rel=\"canonical\" href=\"https:\/\/dicodusport.fr\/blog\/ch-deurope-jeunes-de-karate-niswa-ahmed-se-pare-dor-14-medailles-pour-les-bleus\/\" \/>\n<meta property=\"og:locale\" content=\"fr_FR\" \/>\n<meta property=\"og:type\" content=\"article\" \/>\n<meta property=\"og:title\" content=\"Ch. d&#039;Europe Jeunes de Karat\u00e9 : Niswa Ahmed se pare d&#039;or, 14 m\u00e9dailles pour les Bleus\" \/>\n<meta property=\"og:description\" content=\"L&#039;\u00c9quipe de France a d\u00e9croch\u00e9 14 m\u00e9dailles \u00e0 l&#039;occasion des Championnats d&#039;Europe Jeunes disput\u00e9s \u00e0 Prague.\" \/>\n<meta property=\"og:url\" content=\"https:\/\/dicodusport.fr\/blog\/ch-deurope-jeunes-de-karate-niswa-ahmed-se-pare-dor-14-medailles-pour-les-bleus\/\" \/>\n<meta property=\"og:site_name\" content=\"Dicodusport\" \/>\n<meta property=\"article:publisher\" content=\"https:\/\/www.facebook.com\/dicodusport\" \/>\n<meta property=\"article:published_time\" content=\"2022-06-20T07:23:31+00:00\" \/>\n<meta property=\"article:modified_time\" content=\"2022-06-20T09:12:11+00:00\" \/>\n<meta property=\"og:image\" content=\"https:\/\/dicodusport.fr\/blog\/wp-content\/uploads\/2022\/06\/Ch.-dEurope-Jeunes-de-Karate-Niswa-Ahmed-se-pare-dor-14-medailles-pour-les-Bleus.png\" \/>\n\t<meta property=\"og:image:width\" content=\"800\" \/>\n\t<meta property=\"og:image:height\" content=\"445\" \/>\n\t<meta property=\"og:image:type\" content=\"image\/png\" \/>\n<meta name=\"author\" content=\"Maxime Cazenave\" \/>\n<meta name=\"twitter:card\" content=\"summary_large_image\" \/>\n<meta name=\"twitter:title\" content=\"Ch. d&#039;Europe Jeunes de Karat\u00e9 : Niswa Ahmed se pare d&#039;or, 14 m\u00e9dailles pour les Bleus\" \/>\n<meta name=\"twitter:creator\" content=\"@https:\/\/twitter.com\/Maxime_Caze\" \/>\n<meta name=\"twitter:site\" content=\"@dicodusport\" \/>\n<script type=\"application\/ld+json\" class=\"yoast-schema-graph\">{\"@context\":\"https:\/\/schema.org\",\"@graph\":[{\"@type\":\"NewsArticle\",\"@id\":\"https:\/\/dicodusport.fr\/blog\/ch-deurope-jeunes-de-karate-niswa-ahmed-se-pare-dor-14-medailles-pour-les-bleus\/#article\",\"isPartOf\":{\"@id\":\"https:\/\/dicodusport.fr\/blog\/ch-deurope-jeunes-de-karate-niswa-ahmed-se-pare-dor-14-medailles-pour-les-bleus\/\"},\"author\":{\"name\":\"Maxime Cazenave\",\"@id\":\"https:\/\/dicodusport.fr\/blog\/#\/schema\/person\/37def232098a7a5cbab3974a3690abb0\"},\"headline\":\"Ch. d&rsquo;Europe Jeunes de Karat\u00e9 : Niswa Ahmed se pare d&rsquo;or, 14 m\u00e9dailles pour les Bleus\",\"datePublished\":\"2022-06-20T07:23:31+00:00\",\"dateModified\":\"2022-06-20T09:12:11+00:00\",\"mainEntityOfPage\":{\"@id\":\"https:\/\/dicodusport.fr\/blog\/ch-deurope-jeunes-de-karate-niswa-ahmed-se-pare-dor-14-medailles-pour-les-bleus\/\"},\"wordCount\":808,\"commentCount\":0,\"publisher\":{\"@id\":\"https:\/\/dicodusport.fr\/blog\/#organization\"},\"image\":{\"@id\":\"https:\/\/dicodusport.fr\/blog\/ch-deurope-jeunes-de-karate-niswa-ahmed-se-pare-dor-14-medailles-pour-les-bleus\/#primaryimage\"},\"thumbnailUrl\":\"https:\/\/dicodusport.fr\/blog\/wp-content\/uploads\/2022\/06\/Ch.-dEurope-Jeunes-de-Karate-Niswa-Ahmed-se-pare-dor-14-medailles-pour-les-Bleus.png\",\"keywords\":[\"Championnats d'Europe Juniors\",\"Karat\u00e9\",\"Prague\"],\"articleSection\":[\"Karat\u00e9\"],\"inLanguage\":\"fr-FR\",\"potentialAction\":[{\"@type\":\"CommentAction\",\"name\":\"Comment\",\"target\":[\"https:\/\/dicodusport.fr\/blog\/ch-deurope-jeunes-de-karate-niswa-ahmed-se-pare-dor-14-medailles-pour-les-bleus\/#respond\"]}],\"copyrightYear\":\"2022\",\"copyrightHolder\":{\"@id\":\"https:\/\/dicodusport.fr\/blog\/#organization\"}},{\"@type\":\"WebPage\",\"@id\":\"https:\/\/dicodusport.fr\/blog\/ch-deurope-jeunes-de-karate-niswa-ahmed-se-pare-dor-14-medailles-pour-les-bleus\/\",\"url\":\"https:\/\/dicodusport.fr\/blog\/ch-deurope-jeunes-de-karate-niswa-ahmed-se-pare-dor-14-medailles-pour-les-bleus\/\",\"name\":\"Ch. d'Europe Jeunes de Karat\u00e9 : Niswa Ahmed se pare d'or, 14 m\u00e9dailles pour les Bleus\",\"isPartOf\":{\"@id\":\"https:\/\/dicodusport.fr\/blog\/#website\"},\"primaryImageOfPage\":{\"@id\":\"https:\/\/dicodusport.fr\/blog\/ch-deurope-jeunes-de-karate-niswa-ahmed-se-pare-dor-14-medailles-pour-les-bleus\/#primaryimage\"},\"image\":{\"@id\":\"https:\/\/dicodusport.fr\/blog\/ch-deurope-jeunes-de-karate-niswa-ahmed-se-pare-dor-14-medailles-pour-les-bleus\/#primaryimage\"},\"thumbnailUrl\":\"https:\/\/dicodusport.fr\/blog\/wp-content\/uploads\/2022\/06\/Ch.-dEurope-Jeunes-de-Karate-Niswa-Ahmed-se-pare-dor-14-medailles-pour-les-Bleus.png\",\"datePublished\":\"2022-06-20T07:23:31+00:00\",\"dateModified\":\"2022-06-20T09:12:11+00:00\",\"description\":\"L'\u00c9quipe de France a d\u00e9croch\u00e9 14 m\u00e9dailles \u00e0 l'occasion des Championnats d'Europe Jeunes disput\u00e9s \u00e0 Prague.\",\"breadcrumb\":{\"@id\":\"https:\/\/dicodusport.fr\/blog\/ch-deurope-jeunes-de-karate-niswa-ahmed-se-pare-dor-14-medailles-pour-les-bleus\/#breadcrumb\"},\"inLanguage\":\"fr-FR\",\"potentialAction\":[{\"@type\":\"ReadAction\",\"target\":[\"https:\/\/dicodusport.fr\/blog\/ch-deurope-jeunes-de-karate-niswa-ahmed-se-pare-dor-14-medailles-pour-les-bleus\/\"]}]},{\"@type\":\"ImageObject\",\"inLanguage\":\"fr-FR\",\"@id\":\"https:\/\/dicodusport.fr\/blog\/ch-deurope-jeunes-de-karate-niswa-ahmed-se-pare-dor-14-medailles-pour-les-bleus\/#primaryimage\",\"url\":\"https:\/\/dicodusport.fr\/blog\/wp-content\/uploads\/2022\/06\/Ch.-dEurope-Jeunes-de-Karate-Niswa-Ahmed-se-pare-dor-14-medailles-pour-les-Bleus.png\",\"contentUrl\":\"https:\/\/dicodusport.fr\/blog\/wp-content\/uploads\/2022\/06\/Ch.-dEurope-Jeunes-de-Karate-Niswa-Ahmed-se-pare-dor-14-medailles-pour-les-Bleus.png\",\"width\":800,\"height\":445,\"caption\":\"Ch. dEurope Jeunes de Karat\u00e9 Niswa Ahmed se pare d'or, 14 m\u00e9dailles pour les Bleus\"},{\"@type\":\"BreadcrumbList\",\"@id\":\"https:\/\/dicodusport.fr\/blog\/ch-deurope-jeunes-de-karate-niswa-ahmed-se-pare-dor-14-medailles-pour-les-bleus\/#breadcrumb\",\"itemListElement\":[{\"@type\":\"ListItem\",\"position\":1,\"name\":\"Accueil\",\"item\":\"https:\/\/dicodusport.fr\/blog\/\"},{\"@type\":\"ListItem\",\"position\":2,\"name\":\"Ch. d&rsquo;Europe Jeunes de Karat\u00e9 : Niswa Ahmed se pare d&rsquo;or, 14 m\u00e9dailles pour les Bleus\"}]},{\"@type\":\"WebSite\",\"@id\":\"https:\/\/dicodusport.fr\/blog\/#website\",\"url\":\"https:\/\/dicodusport.fr\/blog\/\",\"name\":\"Dicodusport\",\"description\":\"L&#039;encyclop\u00e9die de l&#039;actualit\u00e9 sportive\",\"publisher\":{\"@id\":\"https:\/\/dicodusport.fr\/blog\/#organization\"},\"potentialAction\":[{\"@type\":\"SearchAction\",\"target\":{\"@type\":\"EntryPoint\",\"urlTemplate\":\"https:\/\/dicodusport.fr\/blog\/?s={search_term_string}\"},\"query-input\":{\"@type\":\"PropertyValueSpecification\",\"valueRequired\":true,\"valueName\":\"search_term_string\"}}],\"inLanguage\":\"fr-FR\"},{\"@type\":\"NewsMediaOrganization\",\"@id\":\"https:\/\/dicodusport.fr\/blog\/#organization\",\"name\":\"Dicodusport\",\"url\":\"https:\/\/dicodusport.fr\/blog\/\",\"logo\":{\"@type\":\"ImageObject\",\"inLanguage\":\"fr-FR\",\"@id\":\"https:\/\/dicodusport.fr\/blog\/#\/schema\/logo\/image\/\",\"url\":\"https:\/\/dicodusport.fr\/blog\/wp-content\/uploads\/2020\/06\/cropped-LOGO-DICODUSPORT-2020-SANS-FOND-SANS-TEXTE.png\",\"contentUrl\":\"https:\/\/dicodusport.fr\/blog\/wp-content\/uploads\/2020\/06\/cropped-LOGO-DICODUSPORT-2020-SANS-FOND-SANS-TEXTE.png\",\"width\":512,\"height\":512,\"caption\":\"Dicodusport\"},\"image\":{\"@id\":\"https:\/\/dicodusport.fr\/blog\/#\/schema\/logo\/image\/\"},\"sameAs\":[\"https:\/\/www.facebook.com\/dicodusport\",\"https:\/\/x.com\/dicodusport\",\"https:\/\/www.instagram.com\/dicodusport\/\",\"https:\/\/www.youtube.com\/channel\/UC7V2KZ5sd3htJivAbA4ZG3w\"],\"description\":\"Dicodusport est l'encyclop\u00e9die de l'actualit\u00e9 sportive.\",\"email\":\"bonjour@dicodusport.fr\",\"legalName\":\"DICODUSPORT\",\"foundingDate\":\"2018-01-14\",\"vatID\":\"FR71834470973\",\"taxID\":\"83447097300043\",\"numberOfEmployees\":{\"@type\":\"QuantitativeValue\",\"minValue\":\"1\",\"maxValue\":\"10\"}},{\"@type\":\"Person\",\"@id\":\"https:\/\/dicodusport.fr\/blog\/#\/schema\/person\/37def232098a7a5cbab3974a3690abb0\",\"name\":\"Maxime Cazenave\",\"image\":{\"@type\":\"ImageObject\",\"inLanguage\":\"fr-FR\",\"@id\":\"https:\/\/dicodusport.fr\/blog\/#\/schema\/person\/image\/\",\"url\":\"https:\/\/dicodusport.fr\/blog\/wp-content\/uploads\/2021\/05\/Maxime-Cazenave-150x150.jpg\",\"contentUrl\":\"https:\/\/dicodusport.fr\/blog\/wp-content\/uploads\/2021\/05\/Maxime-Cazenave-150x150.jpg\",\"caption\":\"Maxime Cazenave\"},\"description\":\"Journaliste\/R\u00e9dacteur depuis 2012 - Berc\u00e9 par l\u2019amour des Girondins de Bordeaux, les \u00e9checs de Christophe Moreau sur le Tour de France sous l'\u00e8re Lance Armstrong et le fade-away l\u00e9tal de Dirk Nowitzki, ma passion d\u00e9vorante pour le sport a toujours \u00e9t\u00e9 un pan incontournable de ma vie. Transmettre ma passion \u00e0 l\u2019\u00e9crit a \u00e9t\u00e9 une transition naturelle. Suiveur assidu de basket et de hockey sur glace, je garde toujours un peu de place pour suivre le cyclisme, le football et le maximum de performances fran\u00e7aises.\",\"sameAs\":[\"https:\/\/x.com\/https:\/\/twitter.com\/Maxime_Caze\"],\"url\":\"https:\/\/dicodusport.fr\/blog\/author\/maximec\/\"}]}<\/script>\n<!-- \/ Yoast SEO Premium plugin. -->","yoast_head_json":{"title":"Ch. d'Europe Jeunes de Karat\u00e9 : Niswa Ahmed se pare d'or, 14 m\u00e9dailles pour les Bleus","description":"L'\u00c9quipe de France a d\u00e9croch\u00e9 14 m\u00e9dailles \u00e0 l'occasion des Championnats d'Europe Jeunes disput\u00e9s \u00e0 Prague.","robots":{"index":"index","follow":"follow","max-snippet":"max-snippet:-1","max-image-preview":"max-image-preview:large","max-video-preview":"max-video-preview:-1"},"canonical":"https:\/\/dicodusport.fr\/blog\/ch-deurope-jeunes-de-karate-niswa-ahmed-se-pare-dor-14-medailles-pour-les-bleus\/","og_locale":"fr_FR","og_type":"article","og_title":"Ch. d'Europe Jeunes de Karat\u00e9 : Niswa Ahmed se pare d'or, 14 m\u00e9dailles pour les Bleus","og_description":"L'\u00c9quipe de France a d\u00e9croch\u00e9 14 m\u00e9dailles \u00e0 l'occasion des Championnats d'Europe Jeunes disput\u00e9s \u00e0 Prague.","og_url":"https:\/\/dicodusport.fr\/blog\/ch-deurope-jeunes-de-karate-niswa-ahmed-se-pare-dor-14-medailles-pour-les-bleus\/","og_site_name":"Dicodusport","article_publisher":"https:\/\/www.facebook.com\/dicodusport","article_published_time":"2022-06-20T07:23:31+00:00","article_modified_time":"2022-06-20T09:12:11+00:00","og_image":[{"width":800,"height":445,"url":"https:\/\/dicodusport.fr\/blog\/wp-content\/uploads\/2022\/06\/Ch.-dEurope-Jeunes-de-Karate-Niswa-Ahmed-se-pare-dor-14-medailles-pour-les-Bleus.png","type":"image\/png"}],"author":"Maxime Cazenave","twitter_card":"summary_large_image","twitter_title":"Ch. d'Europe Jeunes de Karat\u00e9 : Niswa Ahmed se pare d'or, 14 m\u00e9dailles pour les Bleus","twitter_creator":"@https:\/\/twitter.com\/Maxime_Caze","twitter_site":"@dicodusport","schema":{"@context":"https:\/\/schema.org","@graph":[{"@type":"NewsArticle","@id":"https:\/\/dicodusport.fr\/blog\/ch-deurope-jeunes-de-karate-niswa-ahmed-se-pare-dor-14-medailles-pour-les-bleus\/#article","isPartOf":{"@id":"https:\/\/dicodusport.fr\/blog\/ch-deurope-jeunes-de-karate-niswa-ahmed-se-pare-dor-14-medailles-pour-les-bleus\/"},"author":{"name":"Maxime Cazenave","@id":"https:\/\/dicodusport.fr\/blog\/#\/schema\/person\/37def232098a7a5cbab3974a3690abb0"},"headline":"Ch. d&rsquo;Europe Jeunes de Karat\u00e9 : Niswa Ahmed se pare d&rsquo;or, 14 m\u00e9dailles pour les Bleus","datePublished":"2022-06-20T07:23:31+00:00","dateModified":"2022-06-20T09:12:11+00:00","mainEntityOfPage":{"@id":"https:\/\/dicodusport.fr\/blog\/ch-deurope-jeunes-de-karate-niswa-ahmed-se-pare-dor-14-medailles-pour-les-bleus\/"},"wordCount":808,"commentCount":0,"publisher":{"@id":"https:\/\/dicodusport.fr\/blog\/#organization"},"image":{"@id":"https:\/\/dicodusport.fr\/blog\/ch-deurope-jeunes-de-karate-niswa-ahmed-se-pare-dor-14-medailles-pour-les-bleus\/#primaryimage"},"thumbnailUrl":"https:\/\/dicodusport.fr\/blog\/wp-content\/uploads\/2022\/06\/Ch.-dEurope-Jeunes-de-Karate-Niswa-Ahmed-se-pare-dor-14-medailles-pour-les-Bleus.png","keywords":["Championnats d'Europe Juniors","Karat\u00e9","Prague"],"articleSection":["Karat\u00e9"],"inLanguage":"fr-FR","potentialAction":[{"@type":"CommentAction","name":"Comment","target":["https:\/\/dicodusport.fr\/blog\/ch-deurope-jeunes-de-karate-niswa-ahmed-se-pare-dor-14-medailles-pour-les-bleus\/#respond"]}],"copyrightYear":"2022","copyrightHolder":{"@id":"https:\/\/dicodusport.fr\/blog\/#organization"}},{"@type":"WebPage","@id":"https:\/\/dicodusport.fr\/blog\/ch-deurope-jeunes-de-karate-niswa-ahmed-se-pare-dor-14-medailles-pour-les-bleus\/","url":"https:\/\/dicodusport.fr\/blog\/ch-deurope-jeunes-de-karate-niswa-ahmed-se-pare-dor-14-medailles-pour-les-bleus\/","name":"Ch. d'Europe Jeunes de Karat\u00e9 : Niswa Ahmed se pare d'or, 14 m\u00e9dailles pour les Bleus","isPartOf":{"@id":"https:\/\/dicodusport.fr\/blog\/#website"},"primaryImageOfPage":{"@id":"https:\/\/dicodusport.fr\/blog\/ch-deurope-jeunes-de-karate-niswa-ahmed-se-pare-dor-14-medailles-pour-les-bleus\/#primaryimage"},"image":{"@id":"https:\/\/dicodusport.fr\/blog\/ch-deurope-jeunes-de-karate-niswa-ahmed-se-pare-dor-14-medailles-pour-les-bleus\/#primaryimage"},"thumbnailUrl":"https:\/\/dicodusport.fr\/blog\/wp-content\/uploads\/2022\/06\/Ch.-dEurope-Jeunes-de-Karate-Niswa-Ahmed-se-pare-dor-14-medailles-pour-les-Bleus.png","datePublished":"2022-06-20T07:23:31+00:00","dateModified":"2022-06-20T09:12:11+00:00","description":"L'\u00c9quipe de France a d\u00e9croch\u00e9 14 m\u00e9dailles \u00e0 l'occasion des Championnats d'Europe Jeunes disput\u00e9s \u00e0 Prague.","breadcrumb":{"@id":"https:\/\/dicodusport.fr\/blog\/ch-deurope-jeunes-de-karate-niswa-ahmed-se-pare-dor-14-medailles-pour-les-bleus\/#breadcrumb"},"inLanguage":"fr-FR","potentialAction":[{"@type":"ReadAction","target":["https:\/\/dicodusport.fr\/blog\/ch-deurope-jeunes-de-karate-niswa-ahmed-se-pare-dor-14-medailles-pour-les-bleus\/"]}]},{"@type":"ImageObject","inLanguage":"fr-FR","@id":"https:\/\/dicodusport.fr\/blog\/ch-deurope-jeunes-de-karate-niswa-ahmed-se-pare-dor-14-medailles-pour-les-bleus\/#primaryimage","url":"https:\/\/dicodusport.fr\/blog\/wp-content\/uploads\/2022\/06\/Ch.-dEurope-Jeunes-de-Karate-Niswa-Ahmed-se-pare-dor-14-medailles-pour-les-Bleus.png","contentUrl":"https:\/\/dicodusport.fr\/blog\/wp-content\/uploads\/2022\/06\/Ch.-dEurope-Jeunes-de-Karate-Niswa-Ahmed-se-pare-dor-14-medailles-pour-les-Bleus.png","width":800,"height":445,"caption":"Ch. dEurope Jeunes de Karat\u00e9 Niswa Ahmed se pare d'or, 14 m\u00e9dailles pour les Bleus"},{"@type":"BreadcrumbList","@id":"https:\/\/dicodusport.fr\/blog\/ch-deurope-jeunes-de-karate-niswa-ahmed-se-pare-dor-14-medailles-pour-les-bleus\/#breadcrumb","itemListElement":[{"@type":"ListItem","position":1,"name":"Accueil","item":"https:\/\/dicodusport.fr\/blog\/"},{"@type":"ListItem","position":2,"name":"Ch. d&rsquo;Europe Jeunes de Karat\u00e9 : Niswa Ahmed se pare d&rsquo;or, 14 m\u00e9dailles pour les Bleus"}]},{"@type":"WebSite","@id":"https:\/\/dicodusport.fr\/blog\/#website","url":"https:\/\/dicodusport.fr\/blog\/","name":"Dicodusport","description":"L&#039;encyclop\u00e9die de l&#039;actualit\u00e9 sportive","publisher":{"@id":"https:\/\/dicodusport.fr\/blog\/#organization"},"potentialAction":[{"@type":"SearchAction","target":{"@type":"EntryPoint","urlTemplate":"https:\/\/dicodusport.fr\/blog\/?s={search_term_string}"},"query-input":{"@type":"PropertyValueSpecification","valueRequired":true,"valueName":"search_term_string"}}],"inLanguage":"fr-FR"},{"@type":"NewsMediaOrganization","@id":"https:\/\/dicodusport.fr\/blog\/#organization","name":"Dicodusport","url":"https:\/\/dicodusport.fr\/blog\/","logo":{"@type":"ImageObject","inLanguage":"fr-FR","@id":"https:\/\/dicodusport.fr\/blog\/#\/schema\/logo\/image\/","url":"https:\/\/dicodusport.fr\/blog\/wp-content\/uploads\/2020\/06\/cropped-LOGO-DICODUSPORT-2020-SANS-FOND-SANS-TEXTE.png","contentUrl":"https:\/\/dicodusport.fr\/blog\/wp-content\/uploads\/2020\/06\/cropped-LOGO-DICODUSPORT-2020-SANS-FOND-SANS-TEXTE.png","width":512,"height":512,"caption":"Dicodusport"},"image":{"@id":"https:\/\/dicodusport.fr\/blog\/#\/schema\/logo\/image\/"},"sameAs":["https:\/\/www.facebook.com\/dicodusport","https:\/\/x.com\/dicodusport","https:\/\/www.instagram.com\/dicodusport\/","https:\/\/www.youtube.com\/channel\/UC7V2KZ5sd3htJivAbA4ZG3w"],"description":"Dicodusport est l'encyclop\u00e9die de l'actualit\u00e9 sportive.","email":"bonjour@dicodusport.fr","legalName":"DICODUSPORT","foundingDate":"2018-01-14","vatID":"FR71834470973","taxID":"83447097300043","numberOfEmployees":{"@type":"QuantitativeValue","minValue":"1","maxValue":"10"}},{"@type":"Person","@id":"https:\/\/dicodusport.fr\/blog\/#\/schema\/person\/37def232098a7a5cbab3974a3690abb0","name":"Maxime Cazenave","image":{"@type":"ImageObject","inLanguage":"fr-FR","@id":"https:\/\/dicodusport.fr\/blog\/#\/schema\/person\/image\/","url":"https:\/\/dicodusport.fr\/blog\/wp-content\/uploads\/2021\/05\/Maxime-Cazenave-150x150.jpg","contentUrl":"https:\/\/dicodusport.fr\/blog\/wp-content\/uploads\/2021\/05\/Maxime-Cazenave-150x150.jpg","caption":"Maxime Cazenave"},"description":"Journaliste\/R\u00e9dacteur depuis 2012 - Berc\u00e9 par l\u2019amour des Girondins de Bordeaux, les \u00e9checs de Christophe Moreau sur le Tour de France sous l'\u00e8re Lance Armstrong et le fade-away l\u00e9tal de Dirk Nowitzki, ma passion d\u00e9vorante pour le sport a toujours \u00e9t\u00e9 un pan incontournable de ma vie. Transmettre ma passion \u00e0 l\u2019\u00e9crit a \u00e9t\u00e9 une transition naturelle. Suiveur assidu de basket et de hockey sur glace, je garde toujours un peu de place pour suivre le cyclisme, le football et le maximum de performances fran\u00e7aises.","sameAs":["https:\/\/x.com\/https:\/\/twitter.com\/Maxime_Caze"],"url":"https:\/\/dicodusport.fr\/blog\/author\/maximec\/"}]}},"_links":{"self":[{"href":"https:\/\/dicodusport.fr\/blog\/wp-json\/wp\/v2\/posts\/235188","targetHints":{"allow":["GET"]}}],"collection":[{"href":"https:\/\/dicodusport.fr\/blog\/wp-json\/wp\/v2\/posts"}],"about":[{"href":"https:\/\/dicodusport.fr\/blog\/wp-json\/wp\/v2\/types\/post"}],"author":[{"embeddable":true,"href":"https:\/\/dicodusport.fr\/blog\/wp-json\/wp\/v2\/users\/55"}],"replies":[{"embeddable":true,"href":"https:\/\/dicodusport.fr\/blog\/wp-json\/wp\/v2\/comments?post=235188"}],"version-history":[{"count":0,"href":"https:\/\/dicodusport.fr\/blog\/wp-json\/wp\/v2\/posts\/235188\/revisions"}],"wp:featuredmedia":[{"embeddable":true,"href":"https:\/\/dicodusport.fr\/blog\/wp-json\/wp\/v2\/media\/235270"}],"wp:attachment":[{"href":"https:\/\/dicodusport.fr\/blog\/wp-json\/wp\/v2\/media?parent=235188"}],"wp:term":[{"taxonomy":"category","embeddable":true,"href":"https:\/\/dicodusport.fr\/blog\/wp-json\/wp\/v2\/categories?post=235188"},{"taxonomy":"post_tag","embeddable":true,"href":"https:\/\/dicodusport.fr\/blog\/wp-json\/wp\/v2\/tags?post=235188"}],"curies":[{"name":"wp","href":"https:\/\/api.w.org\/{rel}","templated":true}]}}