{"id":235213,"date":"2022-06-19T22:04:09","date_gmt":"2022-06-19T20:04:09","guid":{"rendered":"https:\/\/dicodusport.fr\/blog\/?p=235213&#038;preview=true&#038;preview_id=235213"},"modified":"2022-06-19T22:54:46","modified_gmt":"2022-06-19T20:54:46","slug":"rc-lens-chelsea-veut-jonathan-clauss","status":"publish","type":"post","link":"https:\/\/dicodusport.fr\/blog\/rc-lens-chelsea-veut-jonathan-clauss\/","title":{"rendered":"RC Lens : Chelsea veut Jonathan Clauss"},"content":{"rendered":"<p style=\"text-align: justify;\"><b><i>FOOTBALL &#8211; Selon nos confr\u00e8res de La Voix du Nord, Chelsea est tr\u00e8s int\u00e9ress\u00e9 et voudrait recruter l&rsquo;arri\u00e8re droit de Lens, Jonathan Clauss.<\/i><\/b><\/p>\n<p style=\"text-align: justify;\">Les Blues de <strong>Thomas Tuchel<\/strong> seraient sur la piste de l&rsquo;arri\u00e8re droit de Lens, <strong>Jonathan Clauss<\/strong>, pour se renforcer en vue de la saison prochaine. L&rsquo;int\u00e9r\u00eat ne serait pas r\u00e9cent, puisque le club anglais serait sur le coup depuis un an. <strong>Jonathan Clauss<\/strong> est en fin de contrat dans un an et ne voudrait pas prolonger avec les <em>Sang et Or<\/em>. Pour r\u00e9cup\u00e9rer une indemnit\u00e9 de transfert, le <strong>RC Lens<\/strong> devrait donc le vendre cet \u00e9t\u00e9, ou au plus tard l&rsquo;hiver prochain. Le club du Nord aimerait r\u00e9cup\u00e9rer au moins 10 millions pour la vente du joueur, une somme qui ne devrait pas refroidir les nouveaux propri\u00e9taires des Blues.<\/p>\n<p style=\"text-align: justify;\">L&rsquo;<strong>Olympique de Marseille<\/strong> \u00e9tait aussi sur le coup, mais les difficult\u00e9s du club phoc\u00e9en pour d\u00e9graisser et l&rsquo;attente de la d\u00e9cision de la DNCG ne laissent aucune marge de man\u0153uvre \u00e0 Pablo Longoria.<\/p>\n<blockquote class=\"twitter-tweet\">\n<p dir=\"ltr\" lang=\"fr\">&#x1f535; Chelsea serait tr\u00e8s int\u00e9ress\u00e9 par le profil de Jonathan Clauss. Et ce, depuis plus d&rsquo;un an. Le joueur n&rsquo;a pas l&rsquo;intention de prolonger \u00e0 Lens, o\u00f9 il est sous contrat jusqu&rsquo;en 2023.<\/p>\n<p>\u2014 RMC Sport (@RMCsport) <a href=\"https:\/\/twitter.com\/RMCsport\/status\/1538610400052363269?ref_src=twsrc%5Etfw\">June 19, 2022<\/a><\/p><\/blockquote>\n<p style=\"text-align: justify;\"><script async src=\"https:\/\/platform.twitter.com\/widgets.js\" charset=\"utf-8\"><\/script><\/p>\n","protected":false},"excerpt":{"rendered":"<p>FOOTBALL &#8211; Selon nos confr\u00e8res de La Voix du Nord, Chelsea est tr\u00e8s int\u00e9ress\u00e9 pour recruter l&rsquo;arri\u00e8re droit de Lens, Jonathan Clauss.<\/p>\n","protected":false},"author":1,"featured_media":235215,"comment_status":"open","ping_status":"closed","sticky":false,"template":"","format":"standard","meta":{"_acf_changed":false,"_daextam_enable_autolinks":"","footnotes":""},"categories":[2301],"tags":[24413,75,22528],"class_list":["post-235213","post","type-post","status-publish","format-standard","has-post-thumbnail","hentry","category-football","tag-clauss","tag-football","tag-jonathan-clauss"],"acf":[],"yoast_head":"<!-- This site is optimized with the Yoast SEO Premium plugin v26.7 (Yoast SEO v26.7) - https:\/\/yoast.com\/wordpress\/plugins\/seo\/ -->\n<title>RC Lens : Chelsea veut Jonathan Clauss<\/title>\n<meta name=\"description\" content=\"FOOTBALL - Selon nos confr\u00e8res de La Voix du Nord, Chelsea est tr\u00e8s int\u00e9ress\u00e9 et voudrait recruter l&#039;arri\u00e8re droit de Lens, Jonathan Clauss.\" \/>\n<meta name=\"robots\" content=\"index, follow, max-snippet:-1, max-image-preview:large, max-video-preview:-1\" \/>\n<link rel=\"canonical\" href=\"https:\/\/dicodusport.fr\/blog\/rc-lens-chelsea-veut-jonathan-clauss\/\" \/>\n<meta property=\"og:locale\" content=\"fr_FR\" \/>\n<meta property=\"og:type\" content=\"article\" \/>\n<meta property=\"og:title\" content=\"RC Lens : Chelsea veut Jonathan Clauss\" \/>\n<meta property=\"og:description\" content=\"FOOTBALL - Selon nos confr\u00e8res de La Voix du Nord, Chelsea est tr\u00e8s int\u00e9ress\u00e9 et voudrait recruter l&#039;arri\u00e8re droit de Lens, Jonathan Clauss.\" \/>\n<meta property=\"og:url\" content=\"https:\/\/dicodusport.fr\/blog\/rc-lens-chelsea-veut-jonathan-clauss\/\" \/>\n<meta property=\"og:site_name\" content=\"Dicodusport\" \/>\n<meta property=\"article:publisher\" content=\"https:\/\/www.facebook.com\/dicodusport\" \/>\n<meta property=\"article:author\" content=\"https:\/\/www.facebook.com\/dicodusport\" \/>\n<meta property=\"article:published_time\" content=\"2022-06-19T20:04:09+00:00\" \/>\n<meta property=\"article:modified_time\" content=\"2022-06-19T20:54:46+00:00\" \/>\n<meta property=\"og:image\" content=\"https:\/\/dicodusport.fr\/blog\/wp-content\/uploads\/2022\/06\/RC-Lens-Chelsea-veut-Jonathan-Clauss.png\" \/>\n\t<meta property=\"og:image:width\" content=\"800\" \/>\n\t<meta property=\"og:image:height\" content=\"445\" \/>\n\t<meta property=\"og:image:type\" content=\"image\/png\" \/>\n<meta name=\"author\" content=\"Nicolas Jacquemard\" \/>\n<meta name=\"twitter:card\" content=\"summary_large_image\" \/>\n<meta name=\"twitter:title\" content=\"RC Lens : Chelsea veut Jonathan Clauss\" \/>\n<meta name=\"twitter:creator\" content=\"@https:\/\/twitter.com\/Nico_Jacquemard\" \/>\n<meta name=\"twitter:site\" content=\"@dicodusport\" \/>\n<script type=\"application\/ld+json\" class=\"yoast-schema-graph\">{\"@context\":\"https:\/\/schema.org\",\"@graph\":[{\"@type\":\"NewsArticle\",\"@id\":\"https:\/\/dicodusport.fr\/blog\/rc-lens-chelsea-veut-jonathan-clauss\/#article\",\"isPartOf\":{\"@id\":\"https:\/\/dicodusport.fr\/blog\/rc-lens-chelsea-veut-jonathan-clauss\/\"},\"author\":{\"name\":\"Nicolas Jacquemard\",\"@id\":\"https:\/\/dicodusport.fr\/blog\/#\/schema\/person\/55dcb50ad410894e431ed812bbb70191\"},\"headline\":\"RC Lens : Chelsea veut Jonathan Clauss\",\"datePublished\":\"2022-06-19T20:04:09+00:00\",\"dateModified\":\"2022-06-19T20:54:46+00:00\",\"mainEntityOfPage\":{\"@id\":\"https:\/\/dicodusport.fr\/blog\/rc-lens-chelsea-veut-jonathan-clauss\/\"},\"wordCount\":235,\"commentCount\":0,\"publisher\":{\"@id\":\"https:\/\/dicodusport.fr\/blog\/#organization\"},\"image\":{\"@id\":\"https:\/\/dicodusport.fr\/blog\/rc-lens-chelsea-veut-jonathan-clauss\/#primaryimage\"},\"thumbnailUrl\":\"https:\/\/dicodusport.fr\/blog\/wp-content\/uploads\/2022\/06\/RC-Lens-Chelsea-veut-Jonathan-Clauss.png\",\"keywords\":[\"Clauss\",\"Football\",\"Jonathan Clauss\"],\"articleSection\":[\"Football\"],\"inLanguage\":\"fr-FR\",\"potentialAction\":[{\"@type\":\"CommentAction\",\"name\":\"Comment\",\"target\":[\"https:\/\/dicodusport.fr\/blog\/rc-lens-chelsea-veut-jonathan-clauss\/#respond\"]}],\"copyrightYear\":\"2022\",\"copyrightHolder\":{\"@id\":\"https:\/\/dicodusport.fr\/blog\/#organization\"}},{\"@type\":\"WebPage\",\"@id\":\"https:\/\/dicodusport.fr\/blog\/rc-lens-chelsea-veut-jonathan-clauss\/\",\"url\":\"https:\/\/dicodusport.fr\/blog\/rc-lens-chelsea-veut-jonathan-clauss\/\",\"name\":\"RC Lens : Chelsea veut Jonathan Clauss\",\"isPartOf\":{\"@id\":\"https:\/\/dicodusport.fr\/blog\/#website\"},\"primaryImageOfPage\":{\"@id\":\"https:\/\/dicodusport.fr\/blog\/rc-lens-chelsea-veut-jonathan-clauss\/#primaryimage\"},\"image\":{\"@id\":\"https:\/\/dicodusport.fr\/blog\/rc-lens-chelsea-veut-jonathan-clauss\/#primaryimage\"},\"thumbnailUrl\":\"https:\/\/dicodusport.fr\/blog\/wp-content\/uploads\/2022\/06\/RC-Lens-Chelsea-veut-Jonathan-Clauss.png\",\"datePublished\":\"2022-06-19T20:04:09+00:00\",\"dateModified\":\"2022-06-19T20:54:46+00:00\",\"description\":\"FOOTBALL - Selon nos confr\u00e8res de La Voix du Nord, Chelsea est tr\u00e8s int\u00e9ress\u00e9 et voudrait recruter l'arri\u00e8re droit de Lens, Jonathan Clauss.\",\"breadcrumb\":{\"@id\":\"https:\/\/dicodusport.fr\/blog\/rc-lens-chelsea-veut-jonathan-clauss\/#breadcrumb\"},\"inLanguage\":\"fr-FR\",\"potentialAction\":[{\"@type\":\"ReadAction\",\"target\":[\"https:\/\/dicodusport.fr\/blog\/rc-lens-chelsea-veut-jonathan-clauss\/\"]}]},{\"@type\":\"ImageObject\",\"inLanguage\":\"fr-FR\",\"@id\":\"https:\/\/dicodusport.fr\/blog\/rc-lens-chelsea-veut-jonathan-clauss\/#primaryimage\",\"url\":\"https:\/\/dicodusport.fr\/blog\/wp-content\/uploads\/2022\/06\/RC-Lens-Chelsea-veut-Jonathan-Clauss.png\",\"contentUrl\":\"https:\/\/dicodusport.fr\/blog\/wp-content\/uploads\/2022\/06\/RC-Lens-Chelsea-veut-Jonathan-Clauss.png\",\"width\":800,\"height\":445},{\"@type\":\"BreadcrumbList\",\"@id\":\"https:\/\/dicodusport.fr\/blog\/rc-lens-chelsea-veut-jonathan-clauss\/#breadcrumb\",\"itemListElement\":[{\"@type\":\"ListItem\",\"position\":1,\"name\":\"Accueil\",\"item\":\"https:\/\/dicodusport.fr\/blog\/\"},{\"@type\":\"ListItem\",\"position\":2,\"name\":\"RC Lens : Chelsea veut Jonathan Clauss\"}]},{\"@type\":\"WebSite\",\"@id\":\"https:\/\/dicodusport.fr\/blog\/#website\",\"url\":\"https:\/\/dicodusport.fr\/blog\/\",\"name\":\"Dicodusport\",\"description\":\"L&#039;encyclop\u00e9die de l&#039;actualit\u00e9 sportive\",\"publisher\":{\"@id\":\"https:\/\/dicodusport.fr\/blog\/#organization\"},\"potentialAction\":[{\"@type\":\"SearchAction\",\"target\":{\"@type\":\"EntryPoint\",\"urlTemplate\":\"https:\/\/dicodusport.fr\/blog\/?s={search_term_string}\"},\"query-input\":{\"@type\":\"PropertyValueSpecification\",\"valueRequired\":true,\"valueName\":\"search_term_string\"}}],\"inLanguage\":\"fr-FR\"},{\"@type\":\"NewsMediaOrganization\",\"@id\":\"https:\/\/dicodusport.fr\/blog\/#organization\",\"name\":\"Dicodusport\",\"url\":\"https:\/\/dicodusport.fr\/blog\/\",\"logo\":{\"@type\":\"ImageObject\",\"inLanguage\":\"fr-FR\",\"@id\":\"https:\/\/dicodusport.fr\/blog\/#\/schema\/logo\/image\/\",\"url\":\"https:\/\/dicodusport.fr\/blog\/wp-content\/uploads\/2020\/06\/cropped-LOGO-DICODUSPORT-2020-SANS-FOND-SANS-TEXTE.png\",\"contentUrl\":\"https:\/\/dicodusport.fr\/blog\/wp-content\/uploads\/2020\/06\/cropped-LOGO-DICODUSPORT-2020-SANS-FOND-SANS-TEXTE.png\",\"width\":512,\"height\":512,\"caption\":\"Dicodusport\"},\"image\":{\"@id\":\"https:\/\/dicodusport.fr\/blog\/#\/schema\/logo\/image\/\"},\"sameAs\":[\"https:\/\/www.facebook.com\/dicodusport\",\"https:\/\/x.com\/dicodusport\",\"https:\/\/www.instagram.com\/dicodusport\/\",\"https:\/\/www.youtube.com\/channel\/UC7V2KZ5sd3htJivAbA4ZG3w\"],\"description\":\"Dicodusport est l'encyclop\u00e9die de l'actualit\u00e9 sportive.\",\"email\":\"bonjour@dicodusport.fr\",\"legalName\":\"DICODUSPORT\",\"foundingDate\":\"2018-01-14\",\"vatID\":\"FR71834470973\",\"taxID\":\"83447097300043\",\"numberOfEmployees\":{\"@type\":\"QuantitativeValue\",\"minValue\":\"1\",\"maxValue\":\"10\"}},{\"@type\":\"Person\",\"@id\":\"https:\/\/dicodusport.fr\/blog\/#\/schema\/person\/55dcb50ad410894e431ed812bbb70191\",\"name\":\"Nicolas Jacquemard\",\"image\":{\"@type\":\"ImageObject\",\"inLanguage\":\"fr-FR\",\"@id\":\"https:\/\/dicodusport.fr\/blog\/#\/schema\/person\/image\/\",\"url\":\"https:\/\/dicodusport.fr\/blog\/wp-content\/uploads\/2021\/05\/Nicolas-Jacquemard-150x150.jpeg\",\"contentUrl\":\"https:\/\/dicodusport.fr\/blog\/wp-content\/uploads\/2021\/05\/Nicolas-Jacquemard-150x150.jpeg\",\"caption\":\"Nicolas Jacquemard\"},\"description\":\"Passionn\u00e9 de sport et entrepreneur depuis mes 18 ans, la cr\u00e9ation de Dicodusport m'a sembl\u00e9 \u00e9vidente pour participer \u00e0 la m\u00e9diatisation d'un plus grand nombre de sports. Le chemin est long mais avec une \u00e9quipe des plus motiv\u00e9es et les Jeux Olympiques de Paris 2024 en point de mire, nous y arriverons ! Journaliste dans le monde du sport depuis plus de 5 ans, je traite aussi bien de football, de rugby, de biathlon que de cyclisme.\",\"sameAs\":[\"https:\/\/www.facebook.com\/dicodusport\",\"https:\/\/x.com\/https:\/\/twitter.com\/Nico_Jacquemard\"],\"url\":\"https:\/\/dicodusport.fr\/blog\/author\/dicodusport\/\"}]}<\/script>\n<!-- \/ Yoast SEO Premium plugin. -->","yoast_head_json":{"title":"RC Lens : Chelsea veut Jonathan Clauss","description":"FOOTBALL - Selon nos confr\u00e8res de La Voix du Nord, Chelsea est tr\u00e8s int\u00e9ress\u00e9 et voudrait recruter l'arri\u00e8re droit de Lens, Jonathan Clauss.","robots":{"index":"index","follow":"follow","max-snippet":"max-snippet:-1","max-image-preview":"max-image-preview:large","max-video-preview":"max-video-preview:-1"},"canonical":"https:\/\/dicodusport.fr\/blog\/rc-lens-chelsea-veut-jonathan-clauss\/","og_locale":"fr_FR","og_type":"article","og_title":"RC Lens : Chelsea veut Jonathan Clauss","og_description":"FOOTBALL - Selon nos confr\u00e8res de La Voix du Nord, Chelsea est tr\u00e8s int\u00e9ress\u00e9 et voudrait recruter l'arri\u00e8re droit de Lens, Jonathan Clauss.","og_url":"https:\/\/dicodusport.fr\/blog\/rc-lens-chelsea-veut-jonathan-clauss\/","og_site_name":"Dicodusport","article_publisher":"https:\/\/www.facebook.com\/dicodusport","article_author":"https:\/\/www.facebook.com\/dicodusport","article_published_time":"2022-06-19T20:04:09+00:00","article_modified_time":"2022-06-19T20:54:46+00:00","og_image":[{"width":800,"height":445,"url":"https:\/\/dicodusport.fr\/blog\/wp-content\/uploads\/2022\/06\/RC-Lens-Chelsea-veut-Jonathan-Clauss.png","type":"image\/png"}],"author":"Nicolas Jacquemard","twitter_card":"summary_large_image","twitter_title":"RC Lens : Chelsea veut Jonathan Clauss","twitter_creator":"@https:\/\/twitter.com\/Nico_Jacquemard","twitter_site":"@dicodusport","schema":{"@context":"https:\/\/schema.org","@graph":[{"@type":"NewsArticle","@id":"https:\/\/dicodusport.fr\/blog\/rc-lens-chelsea-veut-jonathan-clauss\/#article","isPartOf":{"@id":"https:\/\/dicodusport.fr\/blog\/rc-lens-chelsea-veut-jonathan-clauss\/"},"author":{"name":"Nicolas Jacquemard","@id":"https:\/\/dicodusport.fr\/blog\/#\/schema\/person\/55dcb50ad410894e431ed812bbb70191"},"headline":"RC Lens : Chelsea veut Jonathan Clauss","datePublished":"2022-06-19T20:04:09+00:00","dateModified":"2022-06-19T20:54:46+00:00","mainEntityOfPage":{"@id":"https:\/\/dicodusport.fr\/blog\/rc-lens-chelsea-veut-jonathan-clauss\/"},"wordCount":235,"commentCount":0,"publisher":{"@id":"https:\/\/dicodusport.fr\/blog\/#organization"},"image":{"@id":"https:\/\/dicodusport.fr\/blog\/rc-lens-chelsea-veut-jonathan-clauss\/#primaryimage"},"thumbnailUrl":"https:\/\/dicodusport.fr\/blog\/wp-content\/uploads\/2022\/06\/RC-Lens-Chelsea-veut-Jonathan-Clauss.png","keywords":["Clauss","Football","Jonathan Clauss"],"articleSection":["Football"],"inLanguage":"fr-FR","potentialAction":[{"@type":"CommentAction","name":"Comment","target":["https:\/\/dicodusport.fr\/blog\/rc-lens-chelsea-veut-jonathan-clauss\/#respond"]}],"copyrightYear":"2022","copyrightHolder":{"@id":"https:\/\/dicodusport.fr\/blog\/#organization"}},{"@type":"WebPage","@id":"https:\/\/dicodusport.fr\/blog\/rc-lens-chelsea-veut-jonathan-clauss\/","url":"https:\/\/dicodusport.fr\/blog\/rc-lens-chelsea-veut-jonathan-clauss\/","name":"RC Lens : Chelsea veut Jonathan Clauss","isPartOf":{"@id":"https:\/\/dicodusport.fr\/blog\/#website"},"primaryImageOfPage":{"@id":"https:\/\/dicodusport.fr\/blog\/rc-lens-chelsea-veut-jonathan-clauss\/#primaryimage"},"image":{"@id":"https:\/\/dicodusport.fr\/blog\/rc-lens-chelsea-veut-jonathan-clauss\/#primaryimage"},"thumbnailUrl":"https:\/\/dicodusport.fr\/blog\/wp-content\/uploads\/2022\/06\/RC-Lens-Chelsea-veut-Jonathan-Clauss.png","datePublished":"2022-06-19T20:04:09+00:00","dateModified":"2022-06-19T20:54:46+00:00","description":"FOOTBALL - Selon nos confr\u00e8res de La Voix du Nord, Chelsea est tr\u00e8s int\u00e9ress\u00e9 et voudrait recruter l'arri\u00e8re droit de Lens, Jonathan Clauss.","breadcrumb":{"@id":"https:\/\/dicodusport.fr\/blog\/rc-lens-chelsea-veut-jonathan-clauss\/#breadcrumb"},"inLanguage":"fr-FR","potentialAction":[{"@type":"ReadAction","target":["https:\/\/dicodusport.fr\/blog\/rc-lens-chelsea-veut-jonathan-clauss\/"]}]},{"@type":"ImageObject","inLanguage":"fr-FR","@id":"https:\/\/dicodusport.fr\/blog\/rc-lens-chelsea-veut-jonathan-clauss\/#primaryimage","url":"https:\/\/dicodusport.fr\/blog\/wp-content\/uploads\/2022\/06\/RC-Lens-Chelsea-veut-Jonathan-Clauss.png","contentUrl":"https:\/\/dicodusport.fr\/blog\/wp-content\/uploads\/2022\/06\/RC-Lens-Chelsea-veut-Jonathan-Clauss.png","width":800,"height":445},{"@type":"BreadcrumbList","@id":"https:\/\/dicodusport.fr\/blog\/rc-lens-chelsea-veut-jonathan-clauss\/#breadcrumb","itemListElement":[{"@type":"ListItem","position":1,"name":"Accueil","item":"https:\/\/dicodusport.fr\/blog\/"},{"@type":"ListItem","position":2,"name":"RC Lens : Chelsea veut Jonathan Clauss"}]},{"@type":"WebSite","@id":"https:\/\/dicodusport.fr\/blog\/#website","url":"https:\/\/dicodusport.fr\/blog\/","name":"Dicodusport","description":"L&#039;encyclop\u00e9die de l&#039;actualit\u00e9 sportive","publisher":{"@id":"https:\/\/dicodusport.fr\/blog\/#organization"},"potentialAction":[{"@type":"SearchAction","target":{"@type":"EntryPoint","urlTemplate":"https:\/\/dicodusport.fr\/blog\/?s={search_term_string}"},"query-input":{"@type":"PropertyValueSpecification","valueRequired":true,"valueName":"search_term_string"}}],"inLanguage":"fr-FR"},{"@type":"NewsMediaOrganization","@id":"https:\/\/dicodusport.fr\/blog\/#organization","name":"Dicodusport","url":"https:\/\/dicodusport.fr\/blog\/","logo":{"@type":"ImageObject","inLanguage":"fr-FR","@id":"https:\/\/dicodusport.fr\/blog\/#\/schema\/logo\/image\/","url":"https:\/\/dicodusport.fr\/blog\/wp-content\/uploads\/2020\/06\/cropped-LOGO-DICODUSPORT-2020-SANS-FOND-SANS-TEXTE.png","contentUrl":"https:\/\/dicodusport.fr\/blog\/wp-content\/uploads\/2020\/06\/cropped-LOGO-DICODUSPORT-2020-SANS-FOND-SANS-TEXTE.png","width":512,"height":512,"caption":"Dicodusport"},"image":{"@id":"https:\/\/dicodusport.fr\/blog\/#\/schema\/logo\/image\/"},"sameAs":["https:\/\/www.facebook.com\/dicodusport","https:\/\/x.com\/dicodusport","https:\/\/www.instagram.com\/dicodusport\/","https:\/\/www.youtube.com\/channel\/UC7V2KZ5sd3htJivAbA4ZG3w"],"description":"Dicodusport est l'encyclop\u00e9die de l'actualit\u00e9 sportive.","email":"bonjour@dicodusport.fr","legalName":"DICODUSPORT","foundingDate":"2018-01-14","vatID":"FR71834470973","taxID":"83447097300043","numberOfEmployees":{"@type":"QuantitativeValue","minValue":"1","maxValue":"10"}},{"@type":"Person","@id":"https:\/\/dicodusport.fr\/blog\/#\/schema\/person\/55dcb50ad410894e431ed812bbb70191","name":"Nicolas Jacquemard","image":{"@type":"ImageObject","inLanguage":"fr-FR","@id":"https:\/\/dicodusport.fr\/blog\/#\/schema\/person\/image\/","url":"https:\/\/dicodusport.fr\/blog\/wp-content\/uploads\/2021\/05\/Nicolas-Jacquemard-150x150.jpeg","contentUrl":"https:\/\/dicodusport.fr\/blog\/wp-content\/uploads\/2021\/05\/Nicolas-Jacquemard-150x150.jpeg","caption":"Nicolas Jacquemard"},"description":"Passionn\u00e9 de sport et entrepreneur depuis mes 18 ans, la cr\u00e9ation de Dicodusport m'a sembl\u00e9 \u00e9vidente pour participer \u00e0 la m\u00e9diatisation d'un plus grand nombre de sports. Le chemin est long mais avec une \u00e9quipe des plus motiv\u00e9es et les Jeux Olympiques de Paris 2024 en point de mire, nous y arriverons ! Journaliste dans le monde du sport depuis plus de 5 ans, je traite aussi bien de football, de rugby, de biathlon que de cyclisme.","sameAs":["https:\/\/www.facebook.com\/dicodusport","https:\/\/x.com\/https:\/\/twitter.com\/Nico_Jacquemard"],"url":"https:\/\/dicodusport.fr\/blog\/author\/dicodusport\/"}]}},"_links":{"self":[{"href":"https:\/\/dicodusport.fr\/blog\/wp-json\/wp\/v2\/posts\/235213","targetHints":{"allow":["GET"]}}],"collection":[{"href":"https:\/\/dicodusport.fr\/blog\/wp-json\/wp\/v2\/posts"}],"about":[{"href":"https:\/\/dicodusport.fr\/blog\/wp-json\/wp\/v2\/types\/post"}],"author":[{"embeddable":true,"href":"https:\/\/dicodusport.fr\/blog\/wp-json\/wp\/v2\/users\/1"}],"replies":[{"embeddable":true,"href":"https:\/\/dicodusport.fr\/blog\/wp-json\/wp\/v2\/comments?post=235213"}],"version-history":[{"count":0,"href":"https:\/\/dicodusport.fr\/blog\/wp-json\/wp\/v2\/posts\/235213\/revisions"}],"wp:featuredmedia":[{"embeddable":true,"href":"https:\/\/dicodusport.fr\/blog\/wp-json\/wp\/v2\/media\/235215"}],"wp:attachment":[{"href":"https:\/\/dicodusport.fr\/blog\/wp-json\/wp\/v2\/media?parent=235213"}],"wp:term":[{"taxonomy":"category","embeddable":true,"href":"https:\/\/dicodusport.fr\/blog\/wp-json\/wp\/v2\/categories?post=235213"},{"taxonomy":"post_tag","embeddable":true,"href":"https:\/\/dicodusport.fr\/blog\/wp-json\/wp\/v2\/tags?post=235213"}],"curies":[{"name":"wp","href":"https:\/\/api.w.org\/{rel}","templated":true}]}}