{"id":235345,"date":"2022-06-20T13:30:05","date_gmt":"2022-06-20T11:30:05","guid":{"rendered":"https:\/\/dicodusport.fr\/blog\/?p=235345&#038;preview=true&#038;preview_id=235345"},"modified":"2022-06-20T13:38:46","modified_gmt":"2022-06-20T11:38:46","slug":"john-textor-va-prendre-le-controle-de-lolympique-lyonnais","status":"publish","type":"post","link":"https:\/\/dicodusport.fr\/blog\/john-textor-va-prendre-le-controle-de-lolympique-lyonnais\/","title":{"rendered":"John Textor va prendre le contr\u00f4le de l&rsquo;Olympique Lyonnais"},"content":{"rendered":"<p style=\"text-align: justify;\"><b><i>LIGUE 1 &#8211; Dans l&rsquo;air depuis quelques semaines, le changement d&rsquo;actionnaire de l&rsquo;Olympique Lyonnais est sur le point de se concr\u00e9tiser. RMC annonce en effet que l&rsquo;homme d&rsquo;affaires am\u00e9ricain John Textor va racheter les parts de Path\u00e9 et IDG, et devenir actionnaire majoritaire.<\/i><\/b><\/p>\n<p style=\"text-align: justify;\"><strong>Jean-Michel Aulas<\/strong> <a href=\"https:\/\/dicodusport.fr\/blog\/lolympique-lyonnais-va-etre-vendu-en-partie-aux-americains\/\">s&rsquo;\u00e9tait r\u00e9cemment mis en recherche d&rsquo;un nouvel actionnaire<\/a> pour l&rsquo;Olympique Lyonnais, capable de racheter les parts de Path\u00e9 et IDG. Cela repr\u00e9sente environ 40% du capital du club. Alors que<strong> Foster Gillett<\/strong> semblait tenir la corde, <em>RMC<\/em>, reprenant les informations du m\u00e9dia <em>Bloomberg<\/em>, a annonc\u00e9 que c&rsquo;est finalement <strong>John Textor<\/strong> qui va rafler la mise. L&rsquo;homme d&rsquo;affaires am\u00e9ricain est d\u00e9j\u00e0 propri\u00e9taire de Botafogo (Br\u00e9sil) et du RWD Molenbeek (Belgique), et va donc devenir l&rsquo;actionnaire majoritaire. Si le montant de l&rsquo;op\u00e9ration n&rsquo;est pas encore connu, l&rsquo;actuel pr\u00e9sident du club restera \u00e0 son poste pour une dur\u00e9e qui sera d\u00e9voil\u00e9e prochainement. <strong>John Textor<\/strong> aurait notamment \u00e9t\u00e9 s\u00e9duit par la pr\u00e9sence de <strong>Tony Parker<\/strong> dans le directoire du groupe OL. L&rsquo;annonce officielle devrait intervenir dans la soir\u00e9e.<\/p>\n<blockquote class=\"twitter-tweet\">\n<p dir=\"ltr\" lang=\"fr\">&#x1f534;&#x1f535; RMC Sport est en mesure de confirmer l&rsquo;information de Bloomberg : c&rsquo;est John Textor qui va reprendre les actions de Path\u00e9 et d&rsquo;IDG. Une forte somme sera mise par Textor dans le mercato d\u00e8s cet \u00e9t\u00e9.<\/p>\n<p>\u2014 RMC Sport (@RMCsport) <a href=\"https:\/\/twitter.com\/RMCsport\/status\/1538835542422568960?ref_src=twsrc%5Etfw\">June 20, 2022<\/a><\/p><\/blockquote>\n<p><script async src=\"https:\/\/platform.twitter.com\/widgets.js\" charset=\"utf-8\"><\/script><\/p>\n","protected":false},"excerpt":{"rendered":"<p>LIGUE 1 &#8211; Dans l&rsquo;air depuis quelques semaines, le changement d&rsquo;actionnaire de l&rsquo;Olympique Lyonnais est sur le point de se concr\u00e9tiser. RMC annonce en effet que l&rsquo;homme d&rsquo;affaires am\u00e9ricain John Textor va racheter les parts de Path\u00e9 et IDG, et devenir actionnaire majoritaire.<\/p>\n","protected":false},"author":59,"featured_media":235350,"comment_status":"open","ping_status":"closed","sticky":false,"template":"","format":"standard","meta":{"_acf_changed":false,"_daextam_enable_autolinks":"","footnotes":""},"categories":[2301],"tags":[75,2845,24424,1145,1146,1018],"class_list":["post-235345","post","type-post","status-publish","format-standard","has-post-thumbnail","hentry","category-football","tag-football","tag-jean-michel-aulas","tag-john-textor","tag-ol","tag-olympique-lyonnais","tag-tony-parker"],"acf":[],"yoast_head":"<!-- This site is optimized with the Yoast SEO Premium plugin v26.7 (Yoast SEO v26.7) - https:\/\/yoast.com\/wordpress\/plugins\/seo\/ -->\n<title>John Textor va prendre le contr\u00f4le de l&#039;Olympique Lyonnais<\/title>\n<meta name=\"description\" content=\"LIGUE 1 - RMC annonce que l&#039;homme d&#039;affaires am\u00e9ricain John Textor va devenir actionnaire majoritaire de Olympique Lyonnais.\" \/>\n<meta name=\"robots\" content=\"index, follow, max-snippet:-1, max-image-preview:large, max-video-preview:-1\" \/>\n<link rel=\"canonical\" href=\"https:\/\/dicodusport.fr\/blog\/john-textor-va-prendre-le-controle-de-lolympique-lyonnais\/\" \/>\n<meta property=\"og:locale\" content=\"fr_FR\" \/>\n<meta property=\"og:type\" content=\"article\" \/>\n<meta property=\"og:title\" content=\"John Textor va prendre le contr\u00f4le de l&#039;Olympique Lyonnais\" \/>\n<meta property=\"og:description\" content=\"LIGUE 1 - RMC annonce que l&#039;homme d&#039;affaires am\u00e9ricain John Textor va devenir actionnaire majoritaire de Olympique Lyonnais.\" \/>\n<meta property=\"og:url\" content=\"https:\/\/dicodusport.fr\/blog\/john-textor-va-prendre-le-controle-de-lolympique-lyonnais\/\" \/>\n<meta property=\"og:site_name\" content=\"Dicodusport\" \/>\n<meta property=\"article:publisher\" content=\"https:\/\/www.facebook.com\/dicodusport\" \/>\n<meta property=\"article:author\" content=\"https:\/\/www.facebook.com\/sebastien.gente\/\" \/>\n<meta property=\"article:published_time\" content=\"2022-06-20T11:30:05+00:00\" \/>\n<meta property=\"article:modified_time\" content=\"2022-06-20T11:38:46+00:00\" \/>\n<meta property=\"og:image\" content=\"https:\/\/dicodusport.fr\/blog\/wp-content\/uploads\/2022\/06\/John-Textor-va-prendre-le-controle-de-lOlympique-Lyonnais.png\" \/>\n\t<meta property=\"og:image:width\" content=\"800\" \/>\n\t<meta property=\"og:image:height\" content=\"445\" \/>\n\t<meta property=\"og:image:type\" content=\"image\/png\" \/>\n<meta name=\"author\" content=\"S\u00e9bastien Gente\" \/>\n<meta name=\"twitter:card\" content=\"summary_large_image\" \/>\n<meta name=\"twitter:title\" content=\"John Textor va prendre le contr\u00f4le de l&#039;Olympique Lyonnais\" \/>\n<meta name=\"twitter:creator\" content=\"@https:\/\/twitter.com\/globulo24\" \/>\n<meta name=\"twitter:site\" content=\"@dicodusport\" \/>\n<script type=\"application\/ld+json\" class=\"yoast-schema-graph\">{\"@context\":\"https:\/\/schema.org\",\"@graph\":[{\"@type\":\"NewsArticle\",\"@id\":\"https:\/\/dicodusport.fr\/blog\/john-textor-va-prendre-le-controle-de-lolympique-lyonnais\/#article\",\"isPartOf\":{\"@id\":\"https:\/\/dicodusport.fr\/blog\/john-textor-va-prendre-le-controle-de-lolympique-lyonnais\/\"},\"author\":{\"name\":\"S\u00e9bastien Gente\",\"@id\":\"https:\/\/dicodusport.fr\/blog\/#\/schema\/person\/627966a6cde45dbd8c5e36ac85d783da\"},\"headline\":\"John Textor va prendre le contr\u00f4le de l&rsquo;Olympique Lyonnais\",\"datePublished\":\"2022-06-20T11:30:05+00:00\",\"dateModified\":\"2022-06-20T11:38:46+00:00\",\"mainEntityOfPage\":{\"@id\":\"https:\/\/dicodusport.fr\/blog\/john-textor-va-prendre-le-controle-de-lolympique-lyonnais\/\"},\"wordCount\":257,\"commentCount\":0,\"publisher\":{\"@id\":\"https:\/\/dicodusport.fr\/blog\/#organization\"},\"image\":{\"@id\":\"https:\/\/dicodusport.fr\/blog\/john-textor-va-prendre-le-controle-de-lolympique-lyonnais\/#primaryimage\"},\"thumbnailUrl\":\"https:\/\/dicodusport.fr\/blog\/wp-content\/uploads\/2022\/06\/John-Textor-va-prendre-le-controle-de-lOlympique-Lyonnais.png\",\"keywords\":[\"Football\",\"Jean-Michel Aulas\",\"John Textor\",\"OL\",\"Olympique lyonnais\",\"Tony Parker\"],\"articleSection\":[\"Football\"],\"inLanguage\":\"fr-FR\",\"potentialAction\":[{\"@type\":\"CommentAction\",\"name\":\"Comment\",\"target\":[\"https:\/\/dicodusport.fr\/blog\/john-textor-va-prendre-le-controle-de-lolympique-lyonnais\/#respond\"]}],\"copyrightYear\":\"2022\",\"copyrightHolder\":{\"@id\":\"https:\/\/dicodusport.fr\/blog\/#organization\"}},{\"@type\":\"WebPage\",\"@id\":\"https:\/\/dicodusport.fr\/blog\/john-textor-va-prendre-le-controle-de-lolympique-lyonnais\/\",\"url\":\"https:\/\/dicodusport.fr\/blog\/john-textor-va-prendre-le-controle-de-lolympique-lyonnais\/\",\"name\":\"John Textor va prendre le contr\u00f4le de l'Olympique Lyonnais\",\"isPartOf\":{\"@id\":\"https:\/\/dicodusport.fr\/blog\/#website\"},\"primaryImageOfPage\":{\"@id\":\"https:\/\/dicodusport.fr\/blog\/john-textor-va-prendre-le-controle-de-lolympique-lyonnais\/#primaryimage\"},\"image\":{\"@id\":\"https:\/\/dicodusport.fr\/blog\/john-textor-va-prendre-le-controle-de-lolympique-lyonnais\/#primaryimage\"},\"thumbnailUrl\":\"https:\/\/dicodusport.fr\/blog\/wp-content\/uploads\/2022\/06\/John-Textor-va-prendre-le-controle-de-lOlympique-Lyonnais.png\",\"datePublished\":\"2022-06-20T11:30:05+00:00\",\"dateModified\":\"2022-06-20T11:38:46+00:00\",\"description\":\"LIGUE 1 - RMC annonce que l'homme d'affaires am\u00e9ricain John Textor va devenir actionnaire majoritaire de Olympique Lyonnais.\",\"breadcrumb\":{\"@id\":\"https:\/\/dicodusport.fr\/blog\/john-textor-va-prendre-le-controle-de-lolympique-lyonnais\/#breadcrumb\"},\"inLanguage\":\"fr-FR\",\"potentialAction\":[{\"@type\":\"ReadAction\",\"target\":[\"https:\/\/dicodusport.fr\/blog\/john-textor-va-prendre-le-controle-de-lolympique-lyonnais\/\"]}]},{\"@type\":\"ImageObject\",\"inLanguage\":\"fr-FR\",\"@id\":\"https:\/\/dicodusport.fr\/blog\/john-textor-va-prendre-le-controle-de-lolympique-lyonnais\/#primaryimage\",\"url\":\"https:\/\/dicodusport.fr\/blog\/wp-content\/uploads\/2022\/06\/John-Textor-va-prendre-le-controle-de-lOlympique-Lyonnais.png\",\"contentUrl\":\"https:\/\/dicodusport.fr\/blog\/wp-content\/uploads\/2022\/06\/John-Textor-va-prendre-le-controle-de-lOlympique-Lyonnais.png\",\"width\":800,\"height\":445,\"caption\":\"John Textor va prendre le contr\u00f4le de l'Olympique Lyonnais\"},{\"@type\":\"BreadcrumbList\",\"@id\":\"https:\/\/dicodusport.fr\/blog\/john-textor-va-prendre-le-controle-de-lolympique-lyonnais\/#breadcrumb\",\"itemListElement\":[{\"@type\":\"ListItem\",\"position\":1,\"name\":\"Accueil\",\"item\":\"https:\/\/dicodusport.fr\/blog\/\"},{\"@type\":\"ListItem\",\"position\":2,\"name\":\"John Textor va prendre le contr\u00f4le de l&rsquo;Olympique Lyonnais\"}]},{\"@type\":\"WebSite\",\"@id\":\"https:\/\/dicodusport.fr\/blog\/#website\",\"url\":\"https:\/\/dicodusport.fr\/blog\/\",\"name\":\"Dicodusport\",\"description\":\"L&#039;encyclop\u00e9die de l&#039;actualit\u00e9 sportive\",\"publisher\":{\"@id\":\"https:\/\/dicodusport.fr\/blog\/#organization\"},\"potentialAction\":[{\"@type\":\"SearchAction\",\"target\":{\"@type\":\"EntryPoint\",\"urlTemplate\":\"https:\/\/dicodusport.fr\/blog\/?s={search_term_string}\"},\"query-input\":{\"@type\":\"PropertyValueSpecification\",\"valueRequired\":true,\"valueName\":\"search_term_string\"}}],\"inLanguage\":\"fr-FR\"},{\"@type\":\"NewsMediaOrganization\",\"@id\":\"https:\/\/dicodusport.fr\/blog\/#organization\",\"name\":\"Dicodusport\",\"url\":\"https:\/\/dicodusport.fr\/blog\/\",\"logo\":{\"@type\":\"ImageObject\",\"inLanguage\":\"fr-FR\",\"@id\":\"https:\/\/dicodusport.fr\/blog\/#\/schema\/logo\/image\/\",\"url\":\"https:\/\/dicodusport.fr\/blog\/wp-content\/uploads\/2020\/06\/cropped-LOGO-DICODUSPORT-2020-SANS-FOND-SANS-TEXTE.png\",\"contentUrl\":\"https:\/\/dicodusport.fr\/blog\/wp-content\/uploads\/2020\/06\/cropped-LOGO-DICODUSPORT-2020-SANS-FOND-SANS-TEXTE.png\",\"width\":512,\"height\":512,\"caption\":\"Dicodusport\"},\"image\":{\"@id\":\"https:\/\/dicodusport.fr\/blog\/#\/schema\/logo\/image\/\"},\"sameAs\":[\"https:\/\/www.facebook.com\/dicodusport\",\"https:\/\/x.com\/dicodusport\",\"https:\/\/www.instagram.com\/dicodusport\/\",\"https:\/\/www.youtube.com\/channel\/UC7V2KZ5sd3htJivAbA4ZG3w\"],\"description\":\"Dicodusport est l'encyclop\u00e9die de l'actualit\u00e9 sportive.\",\"email\":\"bonjour@dicodusport.fr\",\"legalName\":\"DICODUSPORT\",\"foundingDate\":\"2018-01-14\",\"vatID\":\"FR71834470973\",\"taxID\":\"83447097300043\",\"numberOfEmployees\":{\"@type\":\"QuantitativeValue\",\"minValue\":\"1\",\"maxValue\":\"10\"}},{\"@type\":\"Person\",\"@id\":\"https:\/\/dicodusport.fr\/blog\/#\/schema\/person\/627966a6cde45dbd8c5e36ac85d783da\",\"name\":\"S\u00e9bastien Gente\",\"image\":{\"@type\":\"ImageObject\",\"inLanguage\":\"fr-FR\",\"@id\":\"https:\/\/dicodusport.fr\/blog\/#\/schema\/person\/image\/\",\"url\":\"https:\/\/dicodusport.fr\/blog\/wp-content\/uploads\/2021\/09\/1510990_10205810251400683_4124423575079401707_n-150x150.jpg\",\"contentUrl\":\"https:\/\/dicodusport.fr\/blog\/wp-content\/uploads\/2021\/09\/1510990_10205810251400683_4124423575079401707_n-150x150.jpg\",\"caption\":\"S\u00e9bastien Gente\"},\"description\":\"John Stockton, Gianni Bugno, Zinedine Zidane, Steffi Graf, Frode Andresen, St\u00e9phane Stoecklin, Davis Kamoga, Primoz Peterka, Werner Schlager et Aur\u00e9lien Rougerie. Point commun entre ces sportifs? Ils m'ont fait r\u00eaver et ont berc\u00e9 mon adolescence. Je suis un fondu de sports et j'essaie de retranscrire ma passion \u00e0 travers mes articles. Originaire du P\u00e9rigord, ma passion pour les Girondins, les Jaunards et les Jazzmen transpire dans mes \u00e9crits. \u00c0 Dicodusport depuis 2021, je d\u00e9niche les sports m\u00e9connus dans lesquels la France brille, et il y en a !\",\"sameAs\":[\"https:\/\/www.facebook.com\/sebastien.gente\/\",\"https:\/\/www.instagram.com\/sebgente\/\",\"https:\/\/www.linkedin.com\/in\/sbastien-gente-a29583169\/\",\"https:\/\/x.com\/https:\/\/twitter.com\/globulo24\",\"SebastienGente\"],\"worksFor\":\"S\u00e9bastien GENTE\",\"url\":\"https:\/\/dicodusport.fr\/blog\/author\/sebastiengente\/\"}]}<\/script>\n<!-- \/ Yoast SEO Premium plugin. -->","yoast_head_json":{"title":"John Textor va prendre le contr\u00f4le de l'Olympique Lyonnais","description":"LIGUE 1 - RMC annonce que l'homme d'affaires am\u00e9ricain John Textor va devenir actionnaire majoritaire de Olympique Lyonnais.","robots":{"index":"index","follow":"follow","max-snippet":"max-snippet:-1","max-image-preview":"max-image-preview:large","max-video-preview":"max-video-preview:-1"},"canonical":"https:\/\/dicodusport.fr\/blog\/john-textor-va-prendre-le-controle-de-lolympique-lyonnais\/","og_locale":"fr_FR","og_type":"article","og_title":"John Textor va prendre le contr\u00f4le de l'Olympique Lyonnais","og_description":"LIGUE 1 - RMC annonce que l'homme d'affaires am\u00e9ricain John Textor va devenir actionnaire majoritaire de Olympique Lyonnais.","og_url":"https:\/\/dicodusport.fr\/blog\/john-textor-va-prendre-le-controle-de-lolympique-lyonnais\/","og_site_name":"Dicodusport","article_publisher":"https:\/\/www.facebook.com\/dicodusport","article_author":"https:\/\/www.facebook.com\/sebastien.gente\/","article_published_time":"2022-06-20T11:30:05+00:00","article_modified_time":"2022-06-20T11:38:46+00:00","og_image":[{"width":800,"height":445,"url":"https:\/\/dicodusport.fr\/blog\/wp-content\/uploads\/2022\/06\/John-Textor-va-prendre-le-controle-de-lOlympique-Lyonnais.png","type":"image\/png"}],"author":"S\u00e9bastien Gente","twitter_card":"summary_large_image","twitter_title":"John Textor va prendre le contr\u00f4le de l'Olympique Lyonnais","twitter_creator":"@https:\/\/twitter.com\/globulo24","twitter_site":"@dicodusport","schema":{"@context":"https:\/\/schema.org","@graph":[{"@type":"NewsArticle","@id":"https:\/\/dicodusport.fr\/blog\/john-textor-va-prendre-le-controle-de-lolympique-lyonnais\/#article","isPartOf":{"@id":"https:\/\/dicodusport.fr\/blog\/john-textor-va-prendre-le-controle-de-lolympique-lyonnais\/"},"author":{"name":"S\u00e9bastien Gente","@id":"https:\/\/dicodusport.fr\/blog\/#\/schema\/person\/627966a6cde45dbd8c5e36ac85d783da"},"headline":"John Textor va prendre le contr\u00f4le de l&rsquo;Olympique Lyonnais","datePublished":"2022-06-20T11:30:05+00:00","dateModified":"2022-06-20T11:38:46+00:00","mainEntityOfPage":{"@id":"https:\/\/dicodusport.fr\/blog\/john-textor-va-prendre-le-controle-de-lolympique-lyonnais\/"},"wordCount":257,"commentCount":0,"publisher":{"@id":"https:\/\/dicodusport.fr\/blog\/#organization"},"image":{"@id":"https:\/\/dicodusport.fr\/blog\/john-textor-va-prendre-le-controle-de-lolympique-lyonnais\/#primaryimage"},"thumbnailUrl":"https:\/\/dicodusport.fr\/blog\/wp-content\/uploads\/2022\/06\/John-Textor-va-prendre-le-controle-de-lOlympique-Lyonnais.png","keywords":["Football","Jean-Michel Aulas","John Textor","OL","Olympique lyonnais","Tony Parker"],"articleSection":["Football"],"inLanguage":"fr-FR","potentialAction":[{"@type":"CommentAction","name":"Comment","target":["https:\/\/dicodusport.fr\/blog\/john-textor-va-prendre-le-controle-de-lolympique-lyonnais\/#respond"]}],"copyrightYear":"2022","copyrightHolder":{"@id":"https:\/\/dicodusport.fr\/blog\/#organization"}},{"@type":"WebPage","@id":"https:\/\/dicodusport.fr\/blog\/john-textor-va-prendre-le-controle-de-lolympique-lyonnais\/","url":"https:\/\/dicodusport.fr\/blog\/john-textor-va-prendre-le-controle-de-lolympique-lyonnais\/","name":"John Textor va prendre le contr\u00f4le de l'Olympique Lyonnais","isPartOf":{"@id":"https:\/\/dicodusport.fr\/blog\/#website"},"primaryImageOfPage":{"@id":"https:\/\/dicodusport.fr\/blog\/john-textor-va-prendre-le-controle-de-lolympique-lyonnais\/#primaryimage"},"image":{"@id":"https:\/\/dicodusport.fr\/blog\/john-textor-va-prendre-le-controle-de-lolympique-lyonnais\/#primaryimage"},"thumbnailUrl":"https:\/\/dicodusport.fr\/blog\/wp-content\/uploads\/2022\/06\/John-Textor-va-prendre-le-controle-de-lOlympique-Lyonnais.png","datePublished":"2022-06-20T11:30:05+00:00","dateModified":"2022-06-20T11:38:46+00:00","description":"LIGUE 1 - RMC annonce que l'homme d'affaires am\u00e9ricain John Textor va devenir actionnaire majoritaire de Olympique Lyonnais.","breadcrumb":{"@id":"https:\/\/dicodusport.fr\/blog\/john-textor-va-prendre-le-controle-de-lolympique-lyonnais\/#breadcrumb"},"inLanguage":"fr-FR","potentialAction":[{"@type":"ReadAction","target":["https:\/\/dicodusport.fr\/blog\/john-textor-va-prendre-le-controle-de-lolympique-lyonnais\/"]}]},{"@type":"ImageObject","inLanguage":"fr-FR","@id":"https:\/\/dicodusport.fr\/blog\/john-textor-va-prendre-le-controle-de-lolympique-lyonnais\/#primaryimage","url":"https:\/\/dicodusport.fr\/blog\/wp-content\/uploads\/2022\/06\/John-Textor-va-prendre-le-controle-de-lOlympique-Lyonnais.png","contentUrl":"https:\/\/dicodusport.fr\/blog\/wp-content\/uploads\/2022\/06\/John-Textor-va-prendre-le-controle-de-lOlympique-Lyonnais.png","width":800,"height":445,"caption":"John Textor va prendre le contr\u00f4le de l'Olympique Lyonnais"},{"@type":"BreadcrumbList","@id":"https:\/\/dicodusport.fr\/blog\/john-textor-va-prendre-le-controle-de-lolympique-lyonnais\/#breadcrumb","itemListElement":[{"@type":"ListItem","position":1,"name":"Accueil","item":"https:\/\/dicodusport.fr\/blog\/"},{"@type":"ListItem","position":2,"name":"John Textor va prendre le contr\u00f4le de l&rsquo;Olympique Lyonnais"}]},{"@type":"WebSite","@id":"https:\/\/dicodusport.fr\/blog\/#website","url":"https:\/\/dicodusport.fr\/blog\/","name":"Dicodusport","description":"L&#039;encyclop\u00e9die de l&#039;actualit\u00e9 sportive","publisher":{"@id":"https:\/\/dicodusport.fr\/blog\/#organization"},"potentialAction":[{"@type":"SearchAction","target":{"@type":"EntryPoint","urlTemplate":"https:\/\/dicodusport.fr\/blog\/?s={search_term_string}"},"query-input":{"@type":"PropertyValueSpecification","valueRequired":true,"valueName":"search_term_string"}}],"inLanguage":"fr-FR"},{"@type":"NewsMediaOrganization","@id":"https:\/\/dicodusport.fr\/blog\/#organization","name":"Dicodusport","url":"https:\/\/dicodusport.fr\/blog\/","logo":{"@type":"ImageObject","inLanguage":"fr-FR","@id":"https:\/\/dicodusport.fr\/blog\/#\/schema\/logo\/image\/","url":"https:\/\/dicodusport.fr\/blog\/wp-content\/uploads\/2020\/06\/cropped-LOGO-DICODUSPORT-2020-SANS-FOND-SANS-TEXTE.png","contentUrl":"https:\/\/dicodusport.fr\/blog\/wp-content\/uploads\/2020\/06\/cropped-LOGO-DICODUSPORT-2020-SANS-FOND-SANS-TEXTE.png","width":512,"height":512,"caption":"Dicodusport"},"image":{"@id":"https:\/\/dicodusport.fr\/blog\/#\/schema\/logo\/image\/"},"sameAs":["https:\/\/www.facebook.com\/dicodusport","https:\/\/x.com\/dicodusport","https:\/\/www.instagram.com\/dicodusport\/","https:\/\/www.youtube.com\/channel\/UC7V2KZ5sd3htJivAbA4ZG3w"],"description":"Dicodusport est l'encyclop\u00e9die de l'actualit\u00e9 sportive.","email":"bonjour@dicodusport.fr","legalName":"DICODUSPORT","foundingDate":"2018-01-14","vatID":"FR71834470973","taxID":"83447097300043","numberOfEmployees":{"@type":"QuantitativeValue","minValue":"1","maxValue":"10"}},{"@type":"Person","@id":"https:\/\/dicodusport.fr\/blog\/#\/schema\/person\/627966a6cde45dbd8c5e36ac85d783da","name":"S\u00e9bastien Gente","image":{"@type":"ImageObject","inLanguage":"fr-FR","@id":"https:\/\/dicodusport.fr\/blog\/#\/schema\/person\/image\/","url":"https:\/\/dicodusport.fr\/blog\/wp-content\/uploads\/2021\/09\/1510990_10205810251400683_4124423575079401707_n-150x150.jpg","contentUrl":"https:\/\/dicodusport.fr\/blog\/wp-content\/uploads\/2021\/09\/1510990_10205810251400683_4124423575079401707_n-150x150.jpg","caption":"S\u00e9bastien Gente"},"description":"John Stockton, Gianni Bugno, Zinedine Zidane, Steffi Graf, Frode Andresen, St\u00e9phane Stoecklin, Davis Kamoga, Primoz Peterka, Werner Schlager et Aur\u00e9lien Rougerie. Point commun entre ces sportifs? Ils m'ont fait r\u00eaver et ont berc\u00e9 mon adolescence. Je suis un fondu de sports et j'essaie de retranscrire ma passion \u00e0 travers mes articles. Originaire du P\u00e9rigord, ma passion pour les Girondins, les Jaunards et les Jazzmen transpire dans mes \u00e9crits. \u00c0 Dicodusport depuis 2021, je d\u00e9niche les sports m\u00e9connus dans lesquels la France brille, et il y en a !","sameAs":["https:\/\/www.facebook.com\/sebastien.gente\/","https:\/\/www.instagram.com\/sebgente\/","https:\/\/www.linkedin.com\/in\/sbastien-gente-a29583169\/","https:\/\/x.com\/https:\/\/twitter.com\/globulo24","SebastienGente"],"worksFor":"S\u00e9bastien GENTE","url":"https:\/\/dicodusport.fr\/blog\/author\/sebastiengente\/"}]}},"_links":{"self":[{"href":"https:\/\/dicodusport.fr\/blog\/wp-json\/wp\/v2\/posts\/235345","targetHints":{"allow":["GET"]}}],"collection":[{"href":"https:\/\/dicodusport.fr\/blog\/wp-json\/wp\/v2\/posts"}],"about":[{"href":"https:\/\/dicodusport.fr\/blog\/wp-json\/wp\/v2\/types\/post"}],"author":[{"embeddable":true,"href":"https:\/\/dicodusport.fr\/blog\/wp-json\/wp\/v2\/users\/59"}],"replies":[{"embeddable":true,"href":"https:\/\/dicodusport.fr\/blog\/wp-json\/wp\/v2\/comments?post=235345"}],"version-history":[{"count":0,"href":"https:\/\/dicodusport.fr\/blog\/wp-json\/wp\/v2\/posts\/235345\/revisions"}],"wp:featuredmedia":[{"embeddable":true,"href":"https:\/\/dicodusport.fr\/blog\/wp-json\/wp\/v2\/media\/235350"}],"wp:attachment":[{"href":"https:\/\/dicodusport.fr\/blog\/wp-json\/wp\/v2\/media?parent=235345"}],"wp:term":[{"taxonomy":"category","embeddable":true,"href":"https:\/\/dicodusport.fr\/blog\/wp-json\/wp\/v2\/categories?post=235345"},{"taxonomy":"post_tag","embeddable":true,"href":"https:\/\/dicodusport.fr\/blog\/wp-json\/wp\/v2\/tags?post=235345"}],"curies":[{"name":"wp","href":"https:\/\/api.w.org\/{rel}","templated":true}]}}