{"id":235360,"date":"2022-06-20T19:25:25","date_gmt":"2022-06-20T17:25:25","guid":{"rendered":"https:\/\/dicodusport.fr\/blog\/?p=235360&#038;preview=true&#038;preview_id=235360"},"modified":"2022-06-20T22:13:13","modified_gmt":"2022-06-20T20:13:13","slug":"f1-canada-a-montreal-alpine-a-marque-des-points","status":"publish","type":"post","link":"https:\/\/dicodusport.fr\/blog\/f1-canada-a-montreal-alpine-a-marque-des-points\/","title":{"rendered":"F1 Canada : \u00c0 Montr\u00e9al, Alpine a marqu\u00e9 des points"},"content":{"rendered":"<p style=\"text-align: justify;\"><b><i><a href=\"https:\/\/dicodusport.fr\/blog\/grand-prix-du-canada-2022-horaires-programme-tv-et-resultats\/\">F1 \u2013 GRAND PRIX DU CANADA 2022<\/a> &#8211; Apr\u00e8s deux ans d&rsquo;absence pour cause de Covid-19, les pilotes \u00e9taient de retour sur le circuit Gilles Villeneuve au Canada. L&rsquo;\u00e9curie fran\u00e7aise Alpine a r\u00e9alis\u00e9 une belle op\u00e9ration en obtenant 10 points, tandis que McLaren, son concurrent direct, n&rsquo;a marqu\u00e9 aucun point ce week-end.\u00a0<\/i><\/b><\/p>\n<p style=\"text-align: justify;\">Si le week-end n&rsquo;est pas parfait pour Alpine, il l&rsquo;est du point de vue comptable par rapport \u00e0 ses concurrents. En empochant 10 points lors du Grand Prix du Canada, les pilotes de la marque fran\u00e7aise \u00e0 8 points de la 4\u00e8me place du classement des constructeurs, d\u00e9tenue par McLaren. Car les deux pilotes de la marque britannique ont eux, pour le coup, pass\u00e9 un tr\u00e8s mauvais week-end. Si <strong>Daniel Ricciardo<\/strong>, parti neuvi\u00e8me, a perdu gros lors de son arr\u00eat au stand pendant la deuxi\u00e8me virtuel safety car : il fut en effet immobilis\u00e9 six secondes, ce qui l&rsquo;a fait passer de la huiti\u00e8me \u00e0 la douzi\u00e8me place.<\/p>\n<p style=\"text-align: justify;\">Mais que dire de l&rsquo;attente de <strong>Lando Norris<\/strong> qui fut interminable. Le Britannique, qui est donc arriv\u00e9 juste apr\u00e8s son co\u00e9quipier pour lui aussi profiter de la safety car, a pass\u00e9 plus de vingt secondes dans les stands, en raison d&rsquo;une absence des pneus, ces derniers n&rsquo;\u00e9tant m\u00eame pas pr\u00eats. En terminant onzi\u00e8me et quinzi\u00e8me, les deux monoplaces orange, concluent d\u00e9j\u00e0 leur troisi\u00e8me week-end sans marquer de point, apr\u00e8s Bahre\u00efn et Miami.<\/p>\n<blockquote class=\"twitter-tweet\">\n<p dir=\"ltr\" lang=\"fr\">&#x1f3c6; LE PATRON, C&rsquo;EST MAX VERSTAPPEN ! Le N\u00e9erlandais remporte le Grand Prix du Canada, son 6\u00e8me succ\u00e8s de la saison, le 26\u00e8me de sa carri\u00e8re en F1 ! &#x1f4a5; <a href=\"https:\/\/twitter.com\/hashtag\/CanadaGP?src=hash&amp;ref_src=twsrc%5Etfw\">#CanadaGP<\/a> <a href=\"https:\/\/twitter.com\/hashtag\/CanadianGP?src=hash&amp;ref_src=twsrc%5Etfw\">#CanadianGP<\/a> <a href=\"https:\/\/twitter.com\/hashtag\/F1?src=hash&amp;ref_src=twsrc%5Etfw\">#F1<\/a> <a href=\"https:\/\/t.co\/DhScRPX0JK\">pic.twitter.com\/DhScRPX0JK<\/a><\/p>\n<p>\u2014 Dicodusport &#x2b50;&#x2b50; (@dicodusport) <a href=\"https:\/\/twitter.com\/dicodusport\/status\/1538608515819896832?ref_src=twsrc%5Etfw\">June 19, 2022<\/a><\/p><\/blockquote>\n<p><script async src=\"https:\/\/platform.twitter.com\/widgets.js\" charset=\"utf-8\"><\/script><\/p>\n<h2 style=\"text-align: justify;\">Alonso d\u00e9\u00e7u<\/h2>\n<p style=\"text-align: justify;\">La d\u00e9ception du week-end est \u00e0 mettre au d\u00e9bit de<strong>\u00a0Fernando Alonso<\/strong>, lui qui avait pourtant r\u00e9ussi une splendide qualification en terminant deuxi\u00e8me, sous la pluie, derri\u00e8re <strong>Max Verstappen<\/strong>. Il avait m\u00eame promis \u00e0 l&rsquo;issue des qualifications d&rsquo;attaquer le N\u00e9erlandais au premier virage. R\u00e9sultat, c&rsquo;est finalement l&rsquo;Espagnol qui a d\u00fb d\u00e9fendre sur son compatriote <strong>Sainz<\/strong> point\u00e9 derri\u00e8re lui, apr\u00e8s un d\u00e9part moins bon que <strong>Verstappen<\/strong>. Sur la suite de la course, le pilote Alpine a \u00e9t\u00e9 victime d&rsquo;une fuite d&rsquo;air sur son moteur Renault aux alentours du 20\u00e8me tour, qui l&#8217;emp\u00eachait de profiter pleinement de sa puissance en ligne droite. Par la suite, les deux pilotes de l&rsquo;\u00e9curie fran\u00e7aise se sont crois\u00e9s en piste \u00e0 la suite de l&rsquo;accident de<strong> Yuki Tsunoda<\/strong> qui a d\u00e9clench\u00e9 une safety car.<\/p>\n<blockquote class=\"twitter-tweet\">\n<p dir=\"ltr\" lang=\"en\">&#x1f3c1;That was the <a href=\"https:\/\/twitter.com\/hashtag\/CanadianGP?src=hash&amp;ref_src=twsrc%5Etfw\">#CanadianGP<\/a> &#x1f3c1; Not the result we hoped for but double points in the bag! A mega drive from Esteban and Fernando &#x1f44a;&#x1f44a; that was a team effort!<\/p>\n<p>P6 Esteban<br \/>\nP7 Fernando<a href=\"https:\/\/twitter.com\/hashtag\/CanadianGP?src=hash&amp;ref_src=twsrc%5Etfw\">#CanadianGP<\/a> <a href=\"https:\/\/t.co\/VeZhTCVrhU\">pic.twitter.com\/VeZhTCVrhU<\/a><\/p>\n<p>\u2014 BWT Alpine F1 Team (@AlpineF1Team) <a href=\"https:\/\/twitter.com\/AlpineF1Team\/status\/1538607781938442245?ref_src=twsrc%5Etfw\">June 19, 2022<\/a><\/p><\/blockquote>\n<p><script async src=\"https:\/\/platform.twitter.com\/widgets.js\" charset=\"utf-8\"><\/script><\/p>\n<h2 style=\"text-align: justify;\">Ocon confirme<\/h2>\n<p style=\"text-align: justify;\">\u00c0 ce moment-l\u00e0, <strong>Esteban Ocon<\/strong>, class\u00e9 sixi\u00e8me, se trouvait juste devant son co\u00e9quipier avec les Alfa Romeo juste derri\u00e8re. L&rsquo;ing\u00e9nieur d&rsquo;Alpine a alors demand\u00e9 \u00e0 son pilote espagnol de ne pas se battre avec son co\u00e9quipier. \u00ab <em>On reste o\u00f9 on est avec le probl\u00e8me en ligne droite. \u00bb<\/em> Une d\u00e9cision qui est mal pass\u00e9e pour le pilote flanqu\u00e9 du num\u00e9ro 14 : <em>\u00ab<\/em> <em>M\u00eame avec un probl\u00e8me en ligne droite, je suis 100 fois plus rapide ce week-end.<\/em>\u00a0\u00bb Une id\u00e9e assum\u00e9e par la direction d&rsquo;Alpine, qui a m\u00eame demand\u00e9 \u00e0 Ocon de ralentir pour laisser <strong>Alonso<\/strong> b\u00e9n\u00e9ficier de son DRS et se battre face aux Alfa Romeo derri\u00e8re eux. Malgr\u00e9 cette lutte, sa d\u00e9fense \u00e0 base de changements de direction multiples dans le dernier tour face \u00e0\u00a0<strong>Valtteri Bottas<\/strong>\u00a0a entra\u00een\u00e9 une p\u00e9nalit\u00e9 qui l&rsquo;a finalement rel\u00e9gu\u00e9 au neuvi\u00e8me rang.<\/p>\n<p style=\"text-align: justify;\">Du c\u00f4t\u00e9 du pilote normand, c&rsquo;est une belle satisfaction. Celui qui \u00e9tait parti 7\u00e8me en d\u00e9but de course conclut finalement <a href=\"https:\/\/www.flashscore.fr\/course-voiture\/formule-1\/canadian-grand-prix\/\" target=\"_blank\" rel=\"noopener\">\u00e0 la 6\u00e8me place<\/a> apr\u00e8s avoir vu le retour de Charles Leclerc, parti en fond de grille.<\/p>\n<blockquote>\n<p style=\"text-align: justify;\">Une course tr\u00e8s solide, <strong>on peut \u00eatre fiers de nous aujourd&rsquo;hui, <\/strong>a d\u00e9clar\u00e9 <strong>Ocon<\/strong> \u00e0 Canal+, s&rsquo;exprimant avant que la p\u00e9nalit\u00e9 inflig\u00e9e \u00e0 Alonso ne soit connue. Je pense qu&rsquo;il n&rsquo;y avait pas mieux \u00e0 faire. Les voitures devant \u00e9taient trop rapides pour nous et les voitures derri\u00e8re, honn\u00eatement, <strong>Valtteri<\/strong> qui mettait la pression sur la fin, c&rsquo;\u00e9tait quand m\u00eame chaud.<\/p>\n<blockquote class=\"twitter-tweet\">\n<p dir=\"ltr\" lang=\"en\">Thoughts on the <a href=\"https:\/\/twitter.com\/hashtag\/CanadianGP?src=hash&amp;ref_src=twsrc%5Etfw\">#CanadianGP<\/a> from Esteban. &#x1f4ad;&#x1f447; <a href=\"https:\/\/t.co\/9Uu5YP5Pl3\">pic.twitter.com\/9Uu5YP5Pl3<\/a><\/p>\n<p>\u2014 BWT Alpine F1 Team (@AlpineF1Team) <a href=\"https:\/\/twitter.com\/AlpineF1Team\/status\/1538649484422524928?ref_src=twsrc%5Etfw\">June 19, 2022<\/a><\/p><\/blockquote>\n<p><script async src=\"https:\/\/platform.twitter.com\/widgets.js\" charset=\"utf-8\"><\/script><\/p><\/blockquote>\n<h2 style=\"text-align: justify;\">Un bilan qui aurait pu \u00eatre merveilleux<\/h2>\n<p style=\"text-align: justify;\">Le bilan de ce week-end est conclu par le directeur de l&rsquo;\u00e9curie,<strong> Otmar Szafnauer.<\/strong> Selon lui, si Alonso n&rsquo;avait pas subi de probl\u00e8me, il aurait pu se battre avec les Mercedes et se disputer le podium.<\/p>\n<blockquote>\n<p style=\"text-align: justify;\">De bons points, mais sans les voitures de s\u00e9curit\u00e9, je pense que \u00e7a aurait pu \u00eatre un peu mieux. Le rythme de la voiture sur le mouill\u00e9 \u00e9tait bon. Pour le rythme sur le sec, nous pensions que nous ne serions pas aussi rapides que les Ferrari et les Red Bull, mais \u00e0 peu pr\u00e8s aussi rapides que les Mercedes. Donc par rapport \u00e0 ceux contre qui nous nous battons pour la quatri\u00e8me place, je suis vraiment heureux, <strong>nous avons marqu\u00e9 beaucoup de points<\/strong>.<\/p>\n<\/blockquote>\n","protected":false},"excerpt":{"rendered":"<p>F1 \u2013 GRAND PRIX DU CANADA 2022 &#8211; Apr\u00e8s deux ans d&rsquo;absence pour cause de Covid-19, les pilotes \u00e9taient de retour sur le circuit Gilles Villeneuve au Canada. L&rsquo;\u00e9curie fran\u00e7aise Alpine a r\u00e9alis\u00e9 une belle op\u00e9ration en obtenant 10 points, tandis que McLaren, son concurrent direct, n&rsquo;a marqu\u00e9 aucun point ce week-end.\u00a0<\/p>\n","protected":false},"author":73,"featured_media":235444,"comment_status":"open","ping_status":"closed","sticky":false,"template":"","format":"standard","meta":{"_acf_changed":false,"_daextam_enable_autolinks":"","footnotes":""},"categories":[8653],"tags":[11586,14344,4223,4766,2065],"class_list":["post-235360","post","type-post","status-publish","format-standard","has-post-thumbnail","hentry","category-formule-1","tag-alpine","tag-alpine-f1-team","tag-esteban-ocon","tag-fernando-alonso","tag-formule-1"],"acf":[],"yoast_head":"<!-- This site is optimized with the Yoast SEO Premium plugin v26.7 (Yoast SEO v26.7) - https:\/\/yoast.com\/wordpress\/plugins\/seo\/ -->\n<title>F1 Canada : \u00c0 Montr\u00e9al, Alpine a marqu\u00e9 des points<\/title>\n<meta name=\"description\" content=\"F1 \u2013 GRAND PRIX DU CANADA 2022 - L&#039;\u00e9curie fran\u00e7aise Alpine a r\u00e9alis\u00e9 une belle op\u00e9ration en obtenant 10 points.\" \/>\n<meta name=\"robots\" content=\"index, follow, max-snippet:-1, max-image-preview:large, max-video-preview:-1\" \/>\n<link rel=\"canonical\" href=\"https:\/\/dicodusport.fr\/blog\/f1-canada-a-montreal-alpine-a-marque-des-points\/\" \/>\n<meta property=\"og:locale\" content=\"fr_FR\" \/>\n<meta property=\"og:type\" content=\"article\" \/>\n<meta property=\"og:title\" content=\"F1 Canada : \u00c0 Montr\u00e9al, Alpine a marqu\u00e9 des points\" \/>\n<meta property=\"og:description\" content=\"F1 \u2013 GRAND PRIX DU CANADA 2022 - L&#039;\u00e9curie fran\u00e7aise Alpine a r\u00e9alis\u00e9 une belle op\u00e9ration en obtenant 10 points.\" \/>\n<meta property=\"og:url\" content=\"https:\/\/dicodusport.fr\/blog\/f1-canada-a-montreal-alpine-a-marque-des-points\/\" \/>\n<meta property=\"og:site_name\" content=\"Dicodusport\" \/>\n<meta property=\"article:publisher\" content=\"https:\/\/www.facebook.com\/dicodusport\" \/>\n<meta property=\"article:published_time\" content=\"2022-06-20T17:25:25+00:00\" \/>\n<meta property=\"article:modified_time\" content=\"2022-06-20T20:13:13+00:00\" \/>\n<meta property=\"og:image\" content=\"https:\/\/dicodusport.fr\/blog\/wp-content\/uploads\/2022\/06\/F1-Canada-A-Montreal-Alpine-a-marque-des-points.png\" \/>\n\t<meta property=\"og:image:width\" content=\"800\" \/>\n\t<meta property=\"og:image:height\" content=\"445\" \/>\n\t<meta property=\"og:image:type\" content=\"image\/png\" \/>\n<meta name=\"author\" content=\"Romain Fiore\" \/>\n<meta name=\"twitter:card\" content=\"summary_large_image\" \/>\n<meta name=\"twitter:title\" content=\"F1 Canada : \u00c0 Montr\u00e9al, Alpine a marqu\u00e9 des points\" \/>\n<meta name=\"twitter:creator\" content=\"@https:\/\/twitter.com\/romain_fiore\" \/>\n<meta name=\"twitter:site\" content=\"@dicodusport\" \/>\n<script type=\"application\/ld+json\" class=\"yoast-schema-graph\">{\"@context\":\"https:\/\/schema.org\",\"@graph\":[{\"@type\":\"NewsArticle\",\"@id\":\"https:\/\/dicodusport.fr\/blog\/f1-canada-a-montreal-alpine-a-marque-des-points\/#article\",\"isPartOf\":{\"@id\":\"https:\/\/dicodusport.fr\/blog\/f1-canada-a-montreal-alpine-a-marque-des-points\/\"},\"author\":{\"name\":\"Romain Fiore\",\"@id\":\"https:\/\/dicodusport.fr\/blog\/#\/schema\/person\/7ca91cb9956847cfcdf25671708a6e4f\"},\"headline\":\"F1 Canada : \u00c0 Montr\u00e9al, Alpine a marqu\u00e9 des points\",\"datePublished\":\"2022-06-20T17:25:25+00:00\",\"dateModified\":\"2022-06-20T20:13:13+00:00\",\"mainEntityOfPage\":{\"@id\":\"https:\/\/dicodusport.fr\/blog\/f1-canada-a-montreal-alpine-a-marque-des-points\/\"},\"wordCount\":946,\"commentCount\":0,\"publisher\":{\"@id\":\"https:\/\/dicodusport.fr\/blog\/#organization\"},\"image\":{\"@id\":\"https:\/\/dicodusport.fr\/blog\/f1-canada-a-montreal-alpine-a-marque-des-points\/#primaryimage\"},\"thumbnailUrl\":\"https:\/\/dicodusport.fr\/blog\/wp-content\/uploads\/2022\/06\/F1-Canada-A-Montreal-Alpine-a-marque-des-points.png\",\"keywords\":[\"Alpine\",\"Alpine F1 Team\",\"Esteban Ocon\",\"Fernando Alonso\",\"Formule 1\"],\"articleSection\":[\"Formule 1\"],\"inLanguage\":\"fr-FR\",\"potentialAction\":[{\"@type\":\"CommentAction\",\"name\":\"Comment\",\"target\":[\"https:\/\/dicodusport.fr\/blog\/f1-canada-a-montreal-alpine-a-marque-des-points\/#respond\"]}],\"copyrightYear\":\"2022\",\"copyrightHolder\":{\"@id\":\"https:\/\/dicodusport.fr\/blog\/#organization\"}},{\"@type\":\"WebPage\",\"@id\":\"https:\/\/dicodusport.fr\/blog\/f1-canada-a-montreal-alpine-a-marque-des-points\/\",\"url\":\"https:\/\/dicodusport.fr\/blog\/f1-canada-a-montreal-alpine-a-marque-des-points\/\",\"name\":\"F1 Canada : \u00c0 Montr\u00e9al, Alpine a marqu\u00e9 des points\",\"isPartOf\":{\"@id\":\"https:\/\/dicodusport.fr\/blog\/#website\"},\"primaryImageOfPage\":{\"@id\":\"https:\/\/dicodusport.fr\/blog\/f1-canada-a-montreal-alpine-a-marque-des-points\/#primaryimage\"},\"image\":{\"@id\":\"https:\/\/dicodusport.fr\/blog\/f1-canada-a-montreal-alpine-a-marque-des-points\/#primaryimage\"},\"thumbnailUrl\":\"https:\/\/dicodusport.fr\/blog\/wp-content\/uploads\/2022\/06\/F1-Canada-A-Montreal-Alpine-a-marque-des-points.png\",\"datePublished\":\"2022-06-20T17:25:25+00:00\",\"dateModified\":\"2022-06-20T20:13:13+00:00\",\"description\":\"F1 \u2013 GRAND PRIX DU CANADA 2022 - L'\u00e9curie fran\u00e7aise Alpine a r\u00e9alis\u00e9 une belle op\u00e9ration en obtenant 10 points.\",\"breadcrumb\":{\"@id\":\"https:\/\/dicodusport.fr\/blog\/f1-canada-a-montreal-alpine-a-marque-des-points\/#breadcrumb\"},\"inLanguage\":\"fr-FR\",\"potentialAction\":[{\"@type\":\"ReadAction\",\"target\":[\"https:\/\/dicodusport.fr\/blog\/f1-canada-a-montreal-alpine-a-marque-des-points\/\"]}]},{\"@type\":\"ImageObject\",\"inLanguage\":\"fr-FR\",\"@id\":\"https:\/\/dicodusport.fr\/blog\/f1-canada-a-montreal-alpine-a-marque-des-points\/#primaryimage\",\"url\":\"https:\/\/dicodusport.fr\/blog\/wp-content\/uploads\/2022\/06\/F1-Canada-A-Montreal-Alpine-a-marque-des-points.png\",\"contentUrl\":\"https:\/\/dicodusport.fr\/blog\/wp-content\/uploads\/2022\/06\/F1-Canada-A-Montreal-Alpine-a-marque-des-points.png\",\"width\":800,\"height\":445,\"caption\":\"F1 Canada \u00c0 Montr\u00e9al, Alpine a marqu\u00e9 des points\"},{\"@type\":\"BreadcrumbList\",\"@id\":\"https:\/\/dicodusport.fr\/blog\/f1-canada-a-montreal-alpine-a-marque-des-points\/#breadcrumb\",\"itemListElement\":[{\"@type\":\"ListItem\",\"position\":1,\"name\":\"Accueil\",\"item\":\"https:\/\/dicodusport.fr\/blog\/\"},{\"@type\":\"ListItem\",\"position\":2,\"name\":\"F1 Canada : \u00c0 Montr\u00e9al, Alpine a marqu\u00e9 des points\"}]},{\"@type\":\"WebSite\",\"@id\":\"https:\/\/dicodusport.fr\/blog\/#website\",\"url\":\"https:\/\/dicodusport.fr\/blog\/\",\"name\":\"Dicodusport\",\"description\":\"L&#039;encyclop\u00e9die de l&#039;actualit\u00e9 sportive\",\"publisher\":{\"@id\":\"https:\/\/dicodusport.fr\/blog\/#organization\"},\"potentialAction\":[{\"@type\":\"SearchAction\",\"target\":{\"@type\":\"EntryPoint\",\"urlTemplate\":\"https:\/\/dicodusport.fr\/blog\/?s={search_term_string}\"},\"query-input\":{\"@type\":\"PropertyValueSpecification\",\"valueRequired\":true,\"valueName\":\"search_term_string\"}}],\"inLanguage\":\"fr-FR\"},{\"@type\":\"NewsMediaOrganization\",\"@id\":\"https:\/\/dicodusport.fr\/blog\/#organization\",\"name\":\"Dicodusport\",\"url\":\"https:\/\/dicodusport.fr\/blog\/\",\"logo\":{\"@type\":\"ImageObject\",\"inLanguage\":\"fr-FR\",\"@id\":\"https:\/\/dicodusport.fr\/blog\/#\/schema\/logo\/image\/\",\"url\":\"https:\/\/dicodusport.fr\/blog\/wp-content\/uploads\/2020\/06\/cropped-LOGO-DICODUSPORT-2020-SANS-FOND-SANS-TEXTE.png\",\"contentUrl\":\"https:\/\/dicodusport.fr\/blog\/wp-content\/uploads\/2020\/06\/cropped-LOGO-DICODUSPORT-2020-SANS-FOND-SANS-TEXTE.png\",\"width\":512,\"height\":512,\"caption\":\"Dicodusport\"},\"image\":{\"@id\":\"https:\/\/dicodusport.fr\/blog\/#\/schema\/logo\/image\/\"},\"sameAs\":[\"https:\/\/www.facebook.com\/dicodusport\",\"https:\/\/x.com\/dicodusport\",\"https:\/\/www.instagram.com\/dicodusport\/\",\"https:\/\/www.youtube.com\/channel\/UC7V2KZ5sd3htJivAbA4ZG3w\"],\"description\":\"Dicodusport est l'encyclop\u00e9die de l'actualit\u00e9 sportive.\",\"email\":\"bonjour@dicodusport.fr\",\"legalName\":\"DICODUSPORT\",\"foundingDate\":\"2018-01-14\",\"vatID\":\"FR71834470973\",\"taxID\":\"83447097300043\",\"numberOfEmployees\":{\"@type\":\"QuantitativeValue\",\"minValue\":\"1\",\"maxValue\":\"10\"}},{\"@type\":\"Person\",\"@id\":\"https:\/\/dicodusport.fr\/blog\/#\/schema\/person\/7ca91cb9956847cfcdf25671708a6e4f\",\"name\":\"Romain Fiore\",\"image\":{\"@type\":\"ImageObject\",\"inLanguage\":\"fr-FR\",\"@id\":\"https:\/\/dicodusport.fr\/blog\/#\/schema\/person\/image\/\",\"url\":\"https:\/\/dicodusport.fr\/blog\/wp-content\/uploads\/2022\/06\/IMG_2931-150x150.jpg\",\"contentUrl\":\"https:\/\/dicodusport.fr\/blog\/wp-content\/uploads\/2022\/06\/IMG_2931-150x150.jpg\",\"caption\":\"Romain Fiore\"},\"description\":\"Fan absolu de foot et d'un certain club \u00e0 l'\u00e9toile en bleu et blanc. Amateur de beau jeu et d'Argentins au pied gauche magique. Passionn\u00e9 de sport US (NBA, NFL, MLS) et loyal \u00e0 la Damian Lillard. Je suis l\u00e0 pour vous apporter tout ce que le sport peut nous donner.\",\"sameAs\":[\"https:\/\/www.linkedin.com\/in\/romain-fiore-191a451b6\/\",\"https:\/\/x.com\/https:\/\/twitter.com\/romain_fiore\"],\"url\":\"https:\/\/dicodusport.fr\/blog\/author\/romain-fiore\/\"}]}<\/script>\n<!-- \/ Yoast SEO Premium plugin. -->","yoast_head_json":{"title":"F1 Canada : \u00c0 Montr\u00e9al, Alpine a marqu\u00e9 des points","description":"F1 \u2013 GRAND PRIX DU CANADA 2022 - L'\u00e9curie fran\u00e7aise Alpine a r\u00e9alis\u00e9 une belle op\u00e9ration en obtenant 10 points.","robots":{"index":"index","follow":"follow","max-snippet":"max-snippet:-1","max-image-preview":"max-image-preview:large","max-video-preview":"max-video-preview:-1"},"canonical":"https:\/\/dicodusport.fr\/blog\/f1-canada-a-montreal-alpine-a-marque-des-points\/","og_locale":"fr_FR","og_type":"article","og_title":"F1 Canada : \u00c0 Montr\u00e9al, Alpine a marqu\u00e9 des points","og_description":"F1 \u2013 GRAND PRIX DU CANADA 2022 - L'\u00e9curie fran\u00e7aise Alpine a r\u00e9alis\u00e9 une belle op\u00e9ration en obtenant 10 points.","og_url":"https:\/\/dicodusport.fr\/blog\/f1-canada-a-montreal-alpine-a-marque-des-points\/","og_site_name":"Dicodusport","article_publisher":"https:\/\/www.facebook.com\/dicodusport","article_published_time":"2022-06-20T17:25:25+00:00","article_modified_time":"2022-06-20T20:13:13+00:00","og_image":[{"width":800,"height":445,"url":"https:\/\/dicodusport.fr\/blog\/wp-content\/uploads\/2022\/06\/F1-Canada-A-Montreal-Alpine-a-marque-des-points.png","type":"image\/png"}],"author":"Romain Fiore","twitter_card":"summary_large_image","twitter_title":"F1 Canada : \u00c0 Montr\u00e9al, Alpine a marqu\u00e9 des points","twitter_creator":"@https:\/\/twitter.com\/romain_fiore","twitter_site":"@dicodusport","schema":{"@context":"https:\/\/schema.org","@graph":[{"@type":"NewsArticle","@id":"https:\/\/dicodusport.fr\/blog\/f1-canada-a-montreal-alpine-a-marque-des-points\/#article","isPartOf":{"@id":"https:\/\/dicodusport.fr\/blog\/f1-canada-a-montreal-alpine-a-marque-des-points\/"},"author":{"name":"Romain Fiore","@id":"https:\/\/dicodusport.fr\/blog\/#\/schema\/person\/7ca91cb9956847cfcdf25671708a6e4f"},"headline":"F1 Canada : \u00c0 Montr\u00e9al, Alpine a marqu\u00e9 des points","datePublished":"2022-06-20T17:25:25+00:00","dateModified":"2022-06-20T20:13:13+00:00","mainEntityOfPage":{"@id":"https:\/\/dicodusport.fr\/blog\/f1-canada-a-montreal-alpine-a-marque-des-points\/"},"wordCount":946,"commentCount":0,"publisher":{"@id":"https:\/\/dicodusport.fr\/blog\/#organization"},"image":{"@id":"https:\/\/dicodusport.fr\/blog\/f1-canada-a-montreal-alpine-a-marque-des-points\/#primaryimage"},"thumbnailUrl":"https:\/\/dicodusport.fr\/blog\/wp-content\/uploads\/2022\/06\/F1-Canada-A-Montreal-Alpine-a-marque-des-points.png","keywords":["Alpine","Alpine F1 Team","Esteban Ocon","Fernando Alonso","Formule 1"],"articleSection":["Formule 1"],"inLanguage":"fr-FR","potentialAction":[{"@type":"CommentAction","name":"Comment","target":["https:\/\/dicodusport.fr\/blog\/f1-canada-a-montreal-alpine-a-marque-des-points\/#respond"]}],"copyrightYear":"2022","copyrightHolder":{"@id":"https:\/\/dicodusport.fr\/blog\/#organization"}},{"@type":"WebPage","@id":"https:\/\/dicodusport.fr\/blog\/f1-canada-a-montreal-alpine-a-marque-des-points\/","url":"https:\/\/dicodusport.fr\/blog\/f1-canada-a-montreal-alpine-a-marque-des-points\/","name":"F1 Canada : \u00c0 Montr\u00e9al, Alpine a marqu\u00e9 des points","isPartOf":{"@id":"https:\/\/dicodusport.fr\/blog\/#website"},"primaryImageOfPage":{"@id":"https:\/\/dicodusport.fr\/blog\/f1-canada-a-montreal-alpine-a-marque-des-points\/#primaryimage"},"image":{"@id":"https:\/\/dicodusport.fr\/blog\/f1-canada-a-montreal-alpine-a-marque-des-points\/#primaryimage"},"thumbnailUrl":"https:\/\/dicodusport.fr\/blog\/wp-content\/uploads\/2022\/06\/F1-Canada-A-Montreal-Alpine-a-marque-des-points.png","datePublished":"2022-06-20T17:25:25+00:00","dateModified":"2022-06-20T20:13:13+00:00","description":"F1 \u2013 GRAND PRIX DU CANADA 2022 - L'\u00e9curie fran\u00e7aise Alpine a r\u00e9alis\u00e9 une belle op\u00e9ration en obtenant 10 points.","breadcrumb":{"@id":"https:\/\/dicodusport.fr\/blog\/f1-canada-a-montreal-alpine-a-marque-des-points\/#breadcrumb"},"inLanguage":"fr-FR","potentialAction":[{"@type":"ReadAction","target":["https:\/\/dicodusport.fr\/blog\/f1-canada-a-montreal-alpine-a-marque-des-points\/"]}]},{"@type":"ImageObject","inLanguage":"fr-FR","@id":"https:\/\/dicodusport.fr\/blog\/f1-canada-a-montreal-alpine-a-marque-des-points\/#primaryimage","url":"https:\/\/dicodusport.fr\/blog\/wp-content\/uploads\/2022\/06\/F1-Canada-A-Montreal-Alpine-a-marque-des-points.png","contentUrl":"https:\/\/dicodusport.fr\/blog\/wp-content\/uploads\/2022\/06\/F1-Canada-A-Montreal-Alpine-a-marque-des-points.png","width":800,"height":445,"caption":"F1 Canada \u00c0 Montr\u00e9al, Alpine a marqu\u00e9 des points"},{"@type":"BreadcrumbList","@id":"https:\/\/dicodusport.fr\/blog\/f1-canada-a-montreal-alpine-a-marque-des-points\/#breadcrumb","itemListElement":[{"@type":"ListItem","position":1,"name":"Accueil","item":"https:\/\/dicodusport.fr\/blog\/"},{"@type":"ListItem","position":2,"name":"F1 Canada : \u00c0 Montr\u00e9al, Alpine a marqu\u00e9 des points"}]},{"@type":"WebSite","@id":"https:\/\/dicodusport.fr\/blog\/#website","url":"https:\/\/dicodusport.fr\/blog\/","name":"Dicodusport","description":"L&#039;encyclop\u00e9die de l&#039;actualit\u00e9 sportive","publisher":{"@id":"https:\/\/dicodusport.fr\/blog\/#organization"},"potentialAction":[{"@type":"SearchAction","target":{"@type":"EntryPoint","urlTemplate":"https:\/\/dicodusport.fr\/blog\/?s={search_term_string}"},"query-input":{"@type":"PropertyValueSpecification","valueRequired":true,"valueName":"search_term_string"}}],"inLanguage":"fr-FR"},{"@type":"NewsMediaOrganization","@id":"https:\/\/dicodusport.fr\/blog\/#organization","name":"Dicodusport","url":"https:\/\/dicodusport.fr\/blog\/","logo":{"@type":"ImageObject","inLanguage":"fr-FR","@id":"https:\/\/dicodusport.fr\/blog\/#\/schema\/logo\/image\/","url":"https:\/\/dicodusport.fr\/blog\/wp-content\/uploads\/2020\/06\/cropped-LOGO-DICODUSPORT-2020-SANS-FOND-SANS-TEXTE.png","contentUrl":"https:\/\/dicodusport.fr\/blog\/wp-content\/uploads\/2020\/06\/cropped-LOGO-DICODUSPORT-2020-SANS-FOND-SANS-TEXTE.png","width":512,"height":512,"caption":"Dicodusport"},"image":{"@id":"https:\/\/dicodusport.fr\/blog\/#\/schema\/logo\/image\/"},"sameAs":["https:\/\/www.facebook.com\/dicodusport","https:\/\/x.com\/dicodusport","https:\/\/www.instagram.com\/dicodusport\/","https:\/\/www.youtube.com\/channel\/UC7V2KZ5sd3htJivAbA4ZG3w"],"description":"Dicodusport est l'encyclop\u00e9die de l'actualit\u00e9 sportive.","email":"bonjour@dicodusport.fr","legalName":"DICODUSPORT","foundingDate":"2018-01-14","vatID":"FR71834470973","taxID":"83447097300043","numberOfEmployees":{"@type":"QuantitativeValue","minValue":"1","maxValue":"10"}},{"@type":"Person","@id":"https:\/\/dicodusport.fr\/blog\/#\/schema\/person\/7ca91cb9956847cfcdf25671708a6e4f","name":"Romain Fiore","image":{"@type":"ImageObject","inLanguage":"fr-FR","@id":"https:\/\/dicodusport.fr\/blog\/#\/schema\/person\/image\/","url":"https:\/\/dicodusport.fr\/blog\/wp-content\/uploads\/2022\/06\/IMG_2931-150x150.jpg","contentUrl":"https:\/\/dicodusport.fr\/blog\/wp-content\/uploads\/2022\/06\/IMG_2931-150x150.jpg","caption":"Romain Fiore"},"description":"Fan absolu de foot et d'un certain club \u00e0 l'\u00e9toile en bleu et blanc. Amateur de beau jeu et d'Argentins au pied gauche magique. Passionn\u00e9 de sport US (NBA, NFL, MLS) et loyal \u00e0 la Damian Lillard. Je suis l\u00e0 pour vous apporter tout ce que le sport peut nous donner.","sameAs":["https:\/\/www.linkedin.com\/in\/romain-fiore-191a451b6\/","https:\/\/x.com\/https:\/\/twitter.com\/romain_fiore"],"url":"https:\/\/dicodusport.fr\/blog\/author\/romain-fiore\/"}]}},"_links":{"self":[{"href":"https:\/\/dicodusport.fr\/blog\/wp-json\/wp\/v2\/posts\/235360","targetHints":{"allow":["GET"]}}],"collection":[{"href":"https:\/\/dicodusport.fr\/blog\/wp-json\/wp\/v2\/posts"}],"about":[{"href":"https:\/\/dicodusport.fr\/blog\/wp-json\/wp\/v2\/types\/post"}],"author":[{"embeddable":true,"href":"https:\/\/dicodusport.fr\/blog\/wp-json\/wp\/v2\/users\/73"}],"replies":[{"embeddable":true,"href":"https:\/\/dicodusport.fr\/blog\/wp-json\/wp\/v2\/comments?post=235360"}],"version-history":[{"count":0,"href":"https:\/\/dicodusport.fr\/blog\/wp-json\/wp\/v2\/posts\/235360\/revisions"}],"wp:featuredmedia":[{"embeddable":true,"href":"https:\/\/dicodusport.fr\/blog\/wp-json\/wp\/v2\/media\/235444"}],"wp:attachment":[{"href":"https:\/\/dicodusport.fr\/blog\/wp-json\/wp\/v2\/media?parent=235360"}],"wp:term":[{"taxonomy":"category","embeddable":true,"href":"https:\/\/dicodusport.fr\/blog\/wp-json\/wp\/v2\/categories?post=235360"},{"taxonomy":"post_tag","embeddable":true,"href":"https:\/\/dicodusport.fr\/blog\/wp-json\/wp\/v2\/tags?post=235360"}],"curies":[{"name":"wp","href":"https:\/\/api.w.org\/{rel}","templated":true}]}}