{"id":23576,"date":"2018-08-10T12:00:38","date_gmt":"2018-08-10T10:00:38","guid":{"rendered":"http:\/\/dicodusport.fr\/blog\/?p=23576"},"modified":"2025-09-16T09:15:18","modified_gmt":"2025-09-16T07:15:18","slug":"ligue-1-olympique-lyonnais-pour-confirmer","status":"publish","type":"post","link":"https:\/\/dicodusport.fr\/blog\/ligue-1-olympique-lyonnais-pour-confirmer\/","title":{"rendered":"Ligue 1 : l&rsquo;Olympique Lyonnais pour confirmer"},"content":{"rendered":"<p style=\"text-align: justify;\"><strong><em>Apr\u00e8s une fin de saison s\u00e9rieuse, qui leur a permis d\u2019accrocher une troisi\u00e8me place et un ticket d\u2019acc\u00e8s direct pour la Ligue des Champions, les Lyonnais affichent l\u00e9gitimement de belles ambitions pour cette saison 2018\/2019. Avec un effectif presque inchang\u00e9, l\u2019Olympique Lyonnais voudra briller sur le plan national et esp\u00e9rer pourquoi pas \u00eatre la belle surprise sur la sc\u00e8ne europ\u00e9enne.<\/em> <\/strong><\/p>\n<p style=\"text-align: justify;\">Les supporters lyonnais ont scrut\u00e9 la derni\u00e8re journ\u00e9e du march\u00e9 des transferts en Angleterre ce jeudi avec l\u2019inqui\u00e9tude de voir partir leur capitaine Nabil Fekir dans les derni\u00e8res heures de ce march\u00e9 anglais. Mais leur pr\u00e9sident, comme \u00e0 son habitude, n\u2019a rien l\u00e2ch\u00e9 malgr\u00e9 une ultime tentative de la part du club de Chelsea pour tenter d\u2019arracher \u00e0 l\u2019OL son nouveau champion du monde qu\u2019est Nabil Fekir, apr\u00e8s l\u2019\u00e9chec de son transfert annonc\u00e9 \u00e0 Liverpool. Une bonne nouvelle donc pour tous les supporters lyonnais en vue de cette nouvelle saison qui commence d\u00e8s ce week-end.<\/p>\n<div id=\"attachment_23578\" style=\"width: 610px\" class=\"wp-caption aligncenter\"><img loading=\"lazy\" decoding=\"async\" aria-describedby=\"caption-attachment-23578\" class=\"size-full wp-image-23578\" src=\"http:\/\/dicodusport.fr\/blog\/wp-content\/uploads\/2018\/08\/Nabil-Fekir-aura-un-ro\u0302le-majeur-a\u0300-jouer-avec-lOL-cette-saison-le-10-sport.jpg\" alt=\"\" width=\"600\" height=\"338\" srcset=\"https:\/\/dicodusport.fr\/blog\/wp-content\/uploads\/2018\/08\/Nabil-Fekir-aura-un-ro\u0302le-majeur-a\u0300-jouer-avec-lOL-cette-saison-le-10-sport.jpg 600w, https:\/\/dicodusport.fr\/blog\/wp-content\/uploads\/2018\/08\/Nabil-Fekir-aura-un-ro\u0302le-majeur-a\u0300-jouer-avec-lOL-cette-saison-le-10-sport-300x169.jpg 300w\" sizes=\"auto, (max-width: 600px) 100vw, 600px\" \/><p id=\"caption-attachment-23578\" class=\"wp-caption-text\">Nabil Fekir aura un ro\u0302le majeur a\u0300 jouer avec l&rsquo;OL cette saison &#8211; le 10 sport<\/p><\/div>\n<p style=\"text-align: justify;\">L\u2019Olympique Lyonnais peut en effet s\u2019appuyer sur un groupe stable au sein duquel l\u2019ensemble de ses cadres sont rest\u00e9s, malgr\u00e9 d\u2019importantes sollicitations tout au long de l\u2019\u00e9t\u00e9 pour des joueurs tels que Marcelo, Ndombele ou encore Fekir. Bruno Genesio va ainsi pouvoir poursuivre le travail qu\u2019il a mis en place avec son staff tout au long de la saison pr\u00e9c\u00e9dente. Une stabilit\u00e9 qui avait fait d\u00e9faut l\u2019an pass\u00e9 \u00e0 cette \u00e9quipe lyonnaise, avec notamment un manque de rigueur dans les rencontres face aux \u00e9quipes de la seconde partie de tableau.<\/p>\n<p style=\"text-align: justify;\">Au tableau des d\u00e9parts, l\u2019Olympique Lyonnais a accord\u00e9 un bon de sortie \u00e0 ses d\u00e9fenseurs centraux Mouctar Diakhaby (transf\u00e9r\u00e9 \u00e0 Valence pour 15M\u20ac) et Nicolas N\u2019Koulou (transf\u00e9r\u00e9 au Torino pour 3,5M\u20ac). La seule v\u00e9ritable surprise concerne le d\u00e9part en direction de Monaco de sa jeune p\u00e9pite Willem Geubbels contre un ch\u00e8que de 20M\u20ac. Les arriv\u00e9es de L\u00e9o Dubois et Martin Terrier, act\u00e9es depuis l\u2019hiver dernier, viennent compenser ces d\u00e9parts et tenteront d\u2019\u00e9toffer ce groupe lyonnais, qui devra jouer sur de nombreux tableaux cette saison.<\/p>\n<p><a href=\"https:\/\/twitter.com\/OL\/status\/1021771872772481024\">https:\/\/twitter.com\/OL\/status\/1021771872772481024<\/a><\/p>\n<p style=\"text-align: justify;\">Si le podium est un objectif clairement avou\u00e9 par son embl\u00e9matique pr\u00e9sident Jean-Michel Aulas, Lyon esp\u00e8re secr\u00e8tement tenir t\u00eate le plus longtemps possible au Paris Saint-Germain cette saison et ainsi distancer rapidement la concurrence pour une place sur le podium. Priv\u00e9s de troph\u00e9es depuis 2012, les Lyonnais souhaitent \u00e9galement rem\u00e9dier \u00e0 cela en faisant bonne figure dans les deux coupes nationales et pourquoi pas tenter d\u2019arracher l\u2019un de ces troph\u00e9es \u00e0 ce m\u00eame Paris Saint-Germain.<\/p>\n<div id=\"attachment_23579\" style=\"width: 630px\" class=\"wp-caption aligncenter\"><img loading=\"lazy\" decoding=\"async\" aria-describedby=\"caption-attachment-23579\" class=\"size-full wp-image-23579\" src=\"http:\/\/dicodusport.fr\/blog\/wp-content\/uploads\/2018\/08\/LOL-espe\u0300re-confirmer-sa-bonne-pre\u0301paration-estivale-LFP.jpg\" alt=\"\" width=\"620\" height=\"280\" srcset=\"https:\/\/dicodusport.fr\/blog\/wp-content\/uploads\/2018\/08\/LOL-espe\u0300re-confirmer-sa-bonne-pre\u0301paration-estivale-LFP.jpg 620w, https:\/\/dicodusport.fr\/blog\/wp-content\/uploads\/2018\/08\/LOL-espe\u0300re-confirmer-sa-bonne-pre\u0301paration-estivale-LFP-300x135.jpg 300w\" sizes=\"auto, (max-width: 620px) 100vw, 620px\" \/><p id=\"caption-attachment-23579\" class=\"wp-caption-text\">L&rsquo;OL espe\u0300re confirmer sa bonne pre\u0301paration estivale &#8211; LFP<\/p><\/div>\n<p style=\"text-align: justify;\">De retour en Ligue des Champions, les joueurs de l\u2019OL auront fort \u00e0 faire puisqu\u2019ils seront plac\u00e9s dans le troisi\u00e8me chapeau au moment du tirage au sort. De quoi r\u00e9server \u00e0 ces derniers un groupe compliqu\u00e9 au sein duquel il faudra r\u00e9aliser un exploit pour tenter de s\u2019en sortir et de retrouver les huiti\u00e8mes de finale de la plus prestigieuse des comp\u00e9titions europ\u00e9ennes. Mais avec son potentiel offensif impressionnant, comme on a pu le constater la saison pass\u00e9e, l\u2019Olympique Lyonnais pourrait bien \u00eatre la bonne surprise de cette nouvelle saison sur la sc\u00e8ne europ\u00e9enne. Avant cela, il faudra parfaitement entamer ce d\u00e9but de championnat d\u00e8s dimanche avec la r\u00e9ception chez eux d\u2019Amiens.<\/p>\n<p><strong><em>Bastien Pitte<br \/>\n<a href=\"https:\/\/www.facebook.com\/bastien.pitte\" target=\"_blank\" rel=\"noopener\"><img loading=\"lazy\" decoding=\"async\" class=\"alignnone wp-image-2909\" src=\"http:\/\/dicodusport.fr\/blog\/wp-content\/uploads\/2017\/07\/logo-facebook-150x150.png\" alt=\"\" width=\"39\" height=\"39\" \/><\/a><\/em><\/strong><a href=\"https:\/\/www.linkedin.com\/in\/bastien-pitte\" target=\"_blank\" rel=\"noopener\"><img loading=\"lazy\" decoding=\"async\" class=\"alignnone wp-image-3711\" src=\"http:\/\/dicodusport.fr\/blog\/wp-content\/uploads\/2017\/08\/signature-linkedin-150x150.png\" alt=\"\" width=\"39\" height=\"39\" srcset=\"https:\/\/dicodusport.fr\/blog\/wp-content\/uploads\/2017\/08\/signature-linkedin-150x150.png 150w, https:\/\/dicodusport.fr\/blog\/wp-content\/uploads\/2017\/08\/signature-linkedin.png 295w\" sizes=\"auto, (max-width: 39px) 100vw, 39px\" \/><\/a><\/p>\n","protected":false},"excerpt":{"rendered":"<p>Lyon affiche de belles ambitions pour cette saison 2018\/2019. Avec un effectif presque inchang\u00e9, l\u2019Olympique Lyonnais voudra briller sur le plan national.<\/p>\n","protected":false},"author":28,"featured_media":23585,"comment_status":"open","ping_status":"closed","sticky":false,"template":"","format":"standard","meta":{"_acf_changed":false,"_daextam_enable_autolinks":"","footnotes":""},"categories":[2301,47250],"tags":[75,1554,419,449,2992,2150,1145],"class_list":["post-23576","post","type-post","status-publish","format-standard","has-post-thumbnail","hentry","category-football","category-ligue-des-champions-de-football","tag-football","tag-ligue-1","tag-ligue-des-champions","tag-lyon","tag-martin-terrier","tag-nabil-fekir","tag-ol"],"acf":[],"yoast_head":"<!-- This site is optimized with the Yoast SEO Premium plugin v26.7 (Yoast SEO v26.7) - https:\/\/yoast.com\/wordpress\/plugins\/seo\/ -->\n<title>Ligue 1 : l&#039;Olympique Lyonnais pour confirmer<\/title>\n<meta name=\"description\" content=\"Lyon affiche de belles ambitions pour cette saison 2018\/2019. Avec un effectif presque inchang\u00e9, l\u2019Olympique Lyonnais voudra briller sur le plan national.\" \/>\n<meta name=\"robots\" content=\"index, follow, max-snippet:-1, max-image-preview:large, max-video-preview:-1\" \/>\n<link rel=\"canonical\" href=\"https:\/\/dicodusport.fr\/blog\/ligue-1-olympique-lyonnais-pour-confirmer\/\" \/>\n<meta property=\"og:locale\" content=\"fr_FR\" \/>\n<meta property=\"og:type\" content=\"article\" \/>\n<meta property=\"og:title\" content=\"Ligue 1 : l&#039;Olympique Lyonnais pour confirmer\" \/>\n<meta property=\"og:description\" content=\"Lyon affiche de belles ambitions pour cette saison 2018\/2019. Avec un effectif presque inchang\u00e9, l\u2019Olympique Lyonnais voudra briller sur le plan national.\" \/>\n<meta property=\"og:url\" content=\"https:\/\/dicodusport.fr\/blog\/ligue-1-olympique-lyonnais-pour-confirmer\/\" \/>\n<meta property=\"og:site_name\" content=\"Dicodusport\" \/>\n<meta property=\"article:publisher\" content=\"https:\/\/www.facebook.com\/dicodusport\" \/>\n<meta property=\"article:published_time\" content=\"2018-08-10T10:00:38+00:00\" \/>\n<meta property=\"article:modified_time\" content=\"2025-09-16T07:15:18+00:00\" \/>\n<meta property=\"og:image\" content=\"https:\/\/dicodusport.fr\/blog\/wp-content\/uploads\/2018\/08\/Olympique-Lyonnais-2018_2019.png\" \/>\n\t<meta property=\"og:image:width\" content=\"800\" \/>\n\t<meta property=\"og:image:height\" content=\"445\" \/>\n\t<meta property=\"og:image:type\" content=\"image\/png\" \/>\n<meta name=\"author\" content=\"Bastien Pitte\" \/>\n<meta name=\"twitter:card\" content=\"summary_large_image\" \/>\n<meta name=\"twitter:creator\" content=\"@dicodusport\" \/>\n<meta name=\"twitter:site\" content=\"@dicodusport\" \/>\n<script type=\"application\/ld+json\" class=\"yoast-schema-graph\">{\"@context\":\"https:\/\/schema.org\",\"@graph\":[{\"@type\":\"NewsArticle\",\"@id\":\"https:\/\/dicodusport.fr\/blog\/ligue-1-olympique-lyonnais-pour-confirmer\/#article\",\"isPartOf\":{\"@id\":\"https:\/\/dicodusport.fr\/blog\/ligue-1-olympique-lyonnais-pour-confirmer\/\"},\"author\":{\"name\":\"Bastien Pitte\",\"@id\":\"https:\/\/dicodusport.fr\/blog\/#\/schema\/person\/0d3ca824646a2d0c77bdd7e45230c071\"},\"headline\":\"Ligue 1 : l&rsquo;Olympique Lyonnais pour confirmer\",\"datePublished\":\"2018-08-10T10:00:38+00:00\",\"dateModified\":\"2025-09-16T07:15:18+00:00\",\"mainEntityOfPage\":{\"@id\":\"https:\/\/dicodusport.fr\/blog\/ligue-1-olympique-lyonnais-pour-confirmer\/\"},\"wordCount\":644,\"commentCount\":0,\"publisher\":{\"@id\":\"https:\/\/dicodusport.fr\/blog\/#organization\"},\"image\":{\"@id\":\"https:\/\/dicodusport.fr\/blog\/ligue-1-olympique-lyonnais-pour-confirmer\/#primaryimage\"},\"thumbnailUrl\":\"https:\/\/dicodusport.fr\/blog\/wp-content\/uploads\/2018\/08\/Olympique-Lyonnais-2018_2019.png\",\"keywords\":[\"Football\",\"Ligue 1\",\"Ligue des champions\",\"Lyon\",\"Martin Terrier\",\"Nabil Fekir\",\"OL\"],\"articleSection\":[\"Football\",\"Ligue des Champions de football\"],\"inLanguage\":\"fr-FR\",\"potentialAction\":[{\"@type\":\"CommentAction\",\"name\":\"Comment\",\"target\":[\"https:\/\/dicodusport.fr\/blog\/ligue-1-olympique-lyonnais-pour-confirmer\/#respond\"]}],\"copyrightYear\":\"2018\",\"copyrightHolder\":{\"@id\":\"https:\/\/dicodusport.fr\/blog\/#organization\"}},{\"@type\":\"WebPage\",\"@id\":\"https:\/\/dicodusport.fr\/blog\/ligue-1-olympique-lyonnais-pour-confirmer\/\",\"url\":\"https:\/\/dicodusport.fr\/blog\/ligue-1-olympique-lyonnais-pour-confirmer\/\",\"name\":\"Ligue 1 : l'Olympique Lyonnais pour confirmer\",\"isPartOf\":{\"@id\":\"https:\/\/dicodusport.fr\/blog\/#website\"},\"primaryImageOfPage\":{\"@id\":\"https:\/\/dicodusport.fr\/blog\/ligue-1-olympique-lyonnais-pour-confirmer\/#primaryimage\"},\"image\":{\"@id\":\"https:\/\/dicodusport.fr\/blog\/ligue-1-olympique-lyonnais-pour-confirmer\/#primaryimage\"},\"thumbnailUrl\":\"https:\/\/dicodusport.fr\/blog\/wp-content\/uploads\/2018\/08\/Olympique-Lyonnais-2018_2019.png\",\"datePublished\":\"2018-08-10T10:00:38+00:00\",\"dateModified\":\"2025-09-16T07:15:18+00:00\",\"description\":\"Lyon affiche de belles ambitions pour cette saison 2018\/2019. Avec un effectif presque inchang\u00e9, l\u2019Olympique Lyonnais voudra briller sur le plan national.\",\"breadcrumb\":{\"@id\":\"https:\/\/dicodusport.fr\/blog\/ligue-1-olympique-lyonnais-pour-confirmer\/#breadcrumb\"},\"inLanguage\":\"fr-FR\",\"potentialAction\":[{\"@type\":\"ReadAction\",\"target\":[\"https:\/\/dicodusport.fr\/blog\/ligue-1-olympique-lyonnais-pour-confirmer\/\"]}]},{\"@type\":\"ImageObject\",\"inLanguage\":\"fr-FR\",\"@id\":\"https:\/\/dicodusport.fr\/blog\/ligue-1-olympique-lyonnais-pour-confirmer\/#primaryimage\",\"url\":\"https:\/\/dicodusport.fr\/blog\/wp-content\/uploads\/2018\/08\/Olympique-Lyonnais-2018_2019.png\",\"contentUrl\":\"https:\/\/dicodusport.fr\/blog\/wp-content\/uploads\/2018\/08\/Olympique-Lyonnais-2018_2019.png\",\"width\":800,\"height\":445},{\"@type\":\"BreadcrumbList\",\"@id\":\"https:\/\/dicodusport.fr\/blog\/ligue-1-olympique-lyonnais-pour-confirmer\/#breadcrumb\",\"itemListElement\":[{\"@type\":\"ListItem\",\"position\":1,\"name\":\"Accueil\",\"item\":\"https:\/\/dicodusport.fr\/blog\/\"},{\"@type\":\"ListItem\",\"position\":2,\"name\":\"Ligue 1 : l&rsquo;Olympique Lyonnais pour confirmer\"}]},{\"@type\":\"WebSite\",\"@id\":\"https:\/\/dicodusport.fr\/blog\/#website\",\"url\":\"https:\/\/dicodusport.fr\/blog\/\",\"name\":\"Dicodusport\",\"description\":\"L&#039;encyclop\u00e9die de l&#039;actualit\u00e9 sportive\",\"publisher\":{\"@id\":\"https:\/\/dicodusport.fr\/blog\/#organization\"},\"potentialAction\":[{\"@type\":\"SearchAction\",\"target\":{\"@type\":\"EntryPoint\",\"urlTemplate\":\"https:\/\/dicodusport.fr\/blog\/?s={search_term_string}\"},\"query-input\":{\"@type\":\"PropertyValueSpecification\",\"valueRequired\":true,\"valueName\":\"search_term_string\"}}],\"inLanguage\":\"fr-FR\"},{\"@type\":\"NewsMediaOrganization\",\"@id\":\"https:\/\/dicodusport.fr\/blog\/#organization\",\"name\":\"Dicodusport\",\"url\":\"https:\/\/dicodusport.fr\/blog\/\",\"logo\":{\"@type\":\"ImageObject\",\"inLanguage\":\"fr-FR\",\"@id\":\"https:\/\/dicodusport.fr\/blog\/#\/schema\/logo\/image\/\",\"url\":\"https:\/\/dicodusport.fr\/blog\/wp-content\/uploads\/2020\/06\/cropped-LOGO-DICODUSPORT-2020-SANS-FOND-SANS-TEXTE.png\",\"contentUrl\":\"https:\/\/dicodusport.fr\/blog\/wp-content\/uploads\/2020\/06\/cropped-LOGO-DICODUSPORT-2020-SANS-FOND-SANS-TEXTE.png\",\"width\":512,\"height\":512,\"caption\":\"Dicodusport\"},\"image\":{\"@id\":\"https:\/\/dicodusport.fr\/blog\/#\/schema\/logo\/image\/\"},\"sameAs\":[\"https:\/\/www.facebook.com\/dicodusport\",\"https:\/\/x.com\/dicodusport\",\"https:\/\/www.instagram.com\/dicodusport\/\",\"https:\/\/www.youtube.com\/channel\/UC7V2KZ5sd3htJivAbA4ZG3w\"],\"description\":\"Dicodusport est l'encyclop\u00e9die de l'actualit\u00e9 sportive.\",\"email\":\"bonjour@dicodusport.fr\",\"legalName\":\"DICODUSPORT\",\"foundingDate\":\"2018-01-14\",\"vatID\":\"FR71834470973\",\"taxID\":\"83447097300043\",\"numberOfEmployees\":{\"@type\":\"QuantitativeValue\",\"minValue\":\"1\",\"maxValue\":\"10\"}},{\"@type\":\"Person\",\"@id\":\"https:\/\/dicodusport.fr\/blog\/#\/schema\/person\/0d3ca824646a2d0c77bdd7e45230c071\",\"name\":\"Bastien Pitte\",\"image\":{\"@type\":\"ImageObject\",\"inLanguage\":\"fr-FR\",\"@id\":\"https:\/\/dicodusport.fr\/blog\/#\/schema\/person\/image\/\",\"url\":\"https:\/\/dicodusport.fr\/blog\/wp-content\/uploads\/2020\/06\/cropped-LOGO-DICODUSPORT-2020-SANS-FOND-SANS-TEXTE-150x150.png\",\"contentUrl\":\"https:\/\/dicodusport.fr\/blog\/wp-content\/uploads\/2020\/06\/cropped-LOGO-DICODUSPORT-2020-SANS-FOND-SANS-TEXTE-150x150.png\",\"caption\":\"Bastien Pitte\"},\"url\":\"https:\/\/dicodusport.fr\/blog\/author\/bastien\/\"}]}<\/script>\n<!-- \/ Yoast SEO Premium plugin. -->","yoast_head_json":{"title":"Ligue 1 : l'Olympique Lyonnais pour confirmer","description":"Lyon affiche de belles ambitions pour cette saison 2018\/2019. Avec un effectif presque inchang\u00e9, l\u2019Olympique Lyonnais voudra briller sur le plan national.","robots":{"index":"index","follow":"follow","max-snippet":"max-snippet:-1","max-image-preview":"max-image-preview:large","max-video-preview":"max-video-preview:-1"},"canonical":"https:\/\/dicodusport.fr\/blog\/ligue-1-olympique-lyonnais-pour-confirmer\/","og_locale":"fr_FR","og_type":"article","og_title":"Ligue 1 : l'Olympique Lyonnais pour confirmer","og_description":"Lyon affiche de belles ambitions pour cette saison 2018\/2019. Avec un effectif presque inchang\u00e9, l\u2019Olympique Lyonnais voudra briller sur le plan national.","og_url":"https:\/\/dicodusport.fr\/blog\/ligue-1-olympique-lyonnais-pour-confirmer\/","og_site_name":"Dicodusport","article_publisher":"https:\/\/www.facebook.com\/dicodusport","article_published_time":"2018-08-10T10:00:38+00:00","article_modified_time":"2025-09-16T07:15:18+00:00","og_image":[{"width":800,"height":445,"url":"https:\/\/dicodusport.fr\/blog\/wp-content\/uploads\/2018\/08\/Olympique-Lyonnais-2018_2019.png","type":"image\/png"}],"author":"Bastien Pitte","twitter_card":"summary_large_image","twitter_creator":"@dicodusport","twitter_site":"@dicodusport","schema":{"@context":"https:\/\/schema.org","@graph":[{"@type":"NewsArticle","@id":"https:\/\/dicodusport.fr\/blog\/ligue-1-olympique-lyonnais-pour-confirmer\/#article","isPartOf":{"@id":"https:\/\/dicodusport.fr\/blog\/ligue-1-olympique-lyonnais-pour-confirmer\/"},"author":{"name":"Bastien Pitte","@id":"https:\/\/dicodusport.fr\/blog\/#\/schema\/person\/0d3ca824646a2d0c77bdd7e45230c071"},"headline":"Ligue 1 : l&rsquo;Olympique Lyonnais pour confirmer","datePublished":"2018-08-10T10:00:38+00:00","dateModified":"2025-09-16T07:15:18+00:00","mainEntityOfPage":{"@id":"https:\/\/dicodusport.fr\/blog\/ligue-1-olympique-lyonnais-pour-confirmer\/"},"wordCount":644,"commentCount":0,"publisher":{"@id":"https:\/\/dicodusport.fr\/blog\/#organization"},"image":{"@id":"https:\/\/dicodusport.fr\/blog\/ligue-1-olympique-lyonnais-pour-confirmer\/#primaryimage"},"thumbnailUrl":"https:\/\/dicodusport.fr\/blog\/wp-content\/uploads\/2018\/08\/Olympique-Lyonnais-2018_2019.png","keywords":["Football","Ligue 1","Ligue des champions","Lyon","Martin Terrier","Nabil Fekir","OL"],"articleSection":["Football","Ligue des Champions de football"],"inLanguage":"fr-FR","potentialAction":[{"@type":"CommentAction","name":"Comment","target":["https:\/\/dicodusport.fr\/blog\/ligue-1-olympique-lyonnais-pour-confirmer\/#respond"]}],"copyrightYear":"2018","copyrightHolder":{"@id":"https:\/\/dicodusport.fr\/blog\/#organization"}},{"@type":"WebPage","@id":"https:\/\/dicodusport.fr\/blog\/ligue-1-olympique-lyonnais-pour-confirmer\/","url":"https:\/\/dicodusport.fr\/blog\/ligue-1-olympique-lyonnais-pour-confirmer\/","name":"Ligue 1 : l'Olympique Lyonnais pour confirmer","isPartOf":{"@id":"https:\/\/dicodusport.fr\/blog\/#website"},"primaryImageOfPage":{"@id":"https:\/\/dicodusport.fr\/blog\/ligue-1-olympique-lyonnais-pour-confirmer\/#primaryimage"},"image":{"@id":"https:\/\/dicodusport.fr\/blog\/ligue-1-olympique-lyonnais-pour-confirmer\/#primaryimage"},"thumbnailUrl":"https:\/\/dicodusport.fr\/blog\/wp-content\/uploads\/2018\/08\/Olympique-Lyonnais-2018_2019.png","datePublished":"2018-08-10T10:00:38+00:00","dateModified":"2025-09-16T07:15:18+00:00","description":"Lyon affiche de belles ambitions pour cette saison 2018\/2019. Avec un effectif presque inchang\u00e9, l\u2019Olympique Lyonnais voudra briller sur le plan national.","breadcrumb":{"@id":"https:\/\/dicodusport.fr\/blog\/ligue-1-olympique-lyonnais-pour-confirmer\/#breadcrumb"},"inLanguage":"fr-FR","potentialAction":[{"@type":"ReadAction","target":["https:\/\/dicodusport.fr\/blog\/ligue-1-olympique-lyonnais-pour-confirmer\/"]}]},{"@type":"ImageObject","inLanguage":"fr-FR","@id":"https:\/\/dicodusport.fr\/blog\/ligue-1-olympique-lyonnais-pour-confirmer\/#primaryimage","url":"https:\/\/dicodusport.fr\/blog\/wp-content\/uploads\/2018\/08\/Olympique-Lyonnais-2018_2019.png","contentUrl":"https:\/\/dicodusport.fr\/blog\/wp-content\/uploads\/2018\/08\/Olympique-Lyonnais-2018_2019.png","width":800,"height":445},{"@type":"BreadcrumbList","@id":"https:\/\/dicodusport.fr\/blog\/ligue-1-olympique-lyonnais-pour-confirmer\/#breadcrumb","itemListElement":[{"@type":"ListItem","position":1,"name":"Accueil","item":"https:\/\/dicodusport.fr\/blog\/"},{"@type":"ListItem","position":2,"name":"Ligue 1 : l&rsquo;Olympique Lyonnais pour confirmer"}]},{"@type":"WebSite","@id":"https:\/\/dicodusport.fr\/blog\/#website","url":"https:\/\/dicodusport.fr\/blog\/","name":"Dicodusport","description":"L&#039;encyclop\u00e9die de l&#039;actualit\u00e9 sportive","publisher":{"@id":"https:\/\/dicodusport.fr\/blog\/#organization"},"potentialAction":[{"@type":"SearchAction","target":{"@type":"EntryPoint","urlTemplate":"https:\/\/dicodusport.fr\/blog\/?s={search_term_string}"},"query-input":{"@type":"PropertyValueSpecification","valueRequired":true,"valueName":"search_term_string"}}],"inLanguage":"fr-FR"},{"@type":"NewsMediaOrganization","@id":"https:\/\/dicodusport.fr\/blog\/#organization","name":"Dicodusport","url":"https:\/\/dicodusport.fr\/blog\/","logo":{"@type":"ImageObject","inLanguage":"fr-FR","@id":"https:\/\/dicodusport.fr\/blog\/#\/schema\/logo\/image\/","url":"https:\/\/dicodusport.fr\/blog\/wp-content\/uploads\/2020\/06\/cropped-LOGO-DICODUSPORT-2020-SANS-FOND-SANS-TEXTE.png","contentUrl":"https:\/\/dicodusport.fr\/blog\/wp-content\/uploads\/2020\/06\/cropped-LOGO-DICODUSPORT-2020-SANS-FOND-SANS-TEXTE.png","width":512,"height":512,"caption":"Dicodusport"},"image":{"@id":"https:\/\/dicodusport.fr\/blog\/#\/schema\/logo\/image\/"},"sameAs":["https:\/\/www.facebook.com\/dicodusport","https:\/\/x.com\/dicodusport","https:\/\/www.instagram.com\/dicodusport\/","https:\/\/www.youtube.com\/channel\/UC7V2KZ5sd3htJivAbA4ZG3w"],"description":"Dicodusport est l'encyclop\u00e9die de l'actualit\u00e9 sportive.","email":"bonjour@dicodusport.fr","legalName":"DICODUSPORT","foundingDate":"2018-01-14","vatID":"FR71834470973","taxID":"83447097300043","numberOfEmployees":{"@type":"QuantitativeValue","minValue":"1","maxValue":"10"}},{"@type":"Person","@id":"https:\/\/dicodusport.fr\/blog\/#\/schema\/person\/0d3ca824646a2d0c77bdd7e45230c071","name":"Bastien Pitte","image":{"@type":"ImageObject","inLanguage":"fr-FR","@id":"https:\/\/dicodusport.fr\/blog\/#\/schema\/person\/image\/","url":"https:\/\/dicodusport.fr\/blog\/wp-content\/uploads\/2020\/06\/cropped-LOGO-DICODUSPORT-2020-SANS-FOND-SANS-TEXTE-150x150.png","contentUrl":"https:\/\/dicodusport.fr\/blog\/wp-content\/uploads\/2020\/06\/cropped-LOGO-DICODUSPORT-2020-SANS-FOND-SANS-TEXTE-150x150.png","caption":"Bastien Pitte"},"url":"https:\/\/dicodusport.fr\/blog\/author\/bastien\/"}]}},"_links":{"self":[{"href":"https:\/\/dicodusport.fr\/blog\/wp-json\/wp\/v2\/posts\/23576","targetHints":{"allow":["GET"]}}],"collection":[{"href":"https:\/\/dicodusport.fr\/blog\/wp-json\/wp\/v2\/posts"}],"about":[{"href":"https:\/\/dicodusport.fr\/blog\/wp-json\/wp\/v2\/types\/post"}],"author":[{"embeddable":true,"href":"https:\/\/dicodusport.fr\/blog\/wp-json\/wp\/v2\/users\/28"}],"replies":[{"embeddable":true,"href":"https:\/\/dicodusport.fr\/blog\/wp-json\/wp\/v2\/comments?post=23576"}],"version-history":[{"count":1,"href":"https:\/\/dicodusport.fr\/blog\/wp-json\/wp\/v2\/posts\/23576\/revisions"}],"predecessor-version":[{"id":611812,"href":"https:\/\/dicodusport.fr\/blog\/wp-json\/wp\/v2\/posts\/23576\/revisions\/611812"}],"wp:featuredmedia":[{"embeddable":true,"href":"https:\/\/dicodusport.fr\/blog\/wp-json\/wp\/v2\/media\/23585"}],"wp:attachment":[{"href":"https:\/\/dicodusport.fr\/blog\/wp-json\/wp\/v2\/media?parent=23576"}],"wp:term":[{"taxonomy":"category","embeddable":true,"href":"https:\/\/dicodusport.fr\/blog\/wp-json\/wp\/v2\/categories?post=23576"},{"taxonomy":"post_tag","embeddable":true,"href":"https:\/\/dicodusport.fr\/blog\/wp-json\/wp\/v2\/tags?post=23576"}],"curies":[{"name":"wp","href":"https:\/\/api.w.org\/{rel}","templated":true}]}}