{"id":235771,"date":"2022-06-22T10:41:45","date_gmt":"2022-06-22T08:41:45","guid":{"rendered":"https:\/\/dicodusport.fr\/blog\/?p=235771&#038;preview=true&#038;preview_id=235771"},"modified":"2022-06-22T12:29:19","modified_gmt":"2022-06-22T10:29:19","slug":"lukaku-de-retour-a-l-inter-milan","status":"publish","type":"post","link":"https:\/\/dicodusport.fr\/blog\/lukaku-de-retour-a-l-inter-milan\/","title":{"rendered":"Romelu Lukaku de retour \u00e0 l&rsquo;Inter Milan"},"content":{"rendered":"<p style=\"text-align: justify;\"><b><i>SERIE A &#8211; Romelu Lukaku est de retour \u00e0 Milan ! Seulement un an apr\u00e8s avoir quitt\u00e9 l&rsquo;Inter, l&rsquo;attaquant belge va faire l&rsquo;objet d&rsquo;un pr\u00eat payant de 8 millions d&rsquo;euros de la part de Chelsea, mais sans option d&rsquo;achat.\u00a0<\/i><\/b><\/p>\n<p style=\"text-align: justify;\">Le roi <strong>Romelu<\/strong> est de retour en ville ! Tout juste un an <a href=\"https:\/\/dicodusport.fr\/blog\/mercato-chelsea-va-faire-plier-linter-milan-pour-romelu-lukaku\/\">apr\u00e8s avoir quitt\u00e9 l&rsquo;Inter Milan pour Chelsea,<\/a> \u00e0 la suite d&rsquo;un titre en Serie A, l&rsquo;attaquant <strong>Romelu Lukaku<\/strong> revient l\u00e0 o\u00f9 il fut sacr\u00e9. C&rsquo;est en tout cas ce qu&rsquo;annonce l&rsquo;ensemble de la presse italienne, puisque le <em>Corriere dello Sport <\/em>et la <em>Gazzetta dello Sport<\/em> \u00e9voquent la journ\u00e9e d&rsquo;hier qui fut d\u00e9cisive pour les deux parties. En effet, l&rsquo;avocat du joueur, <strong>S\u00e9bastien Ledure<\/strong>, \u00e9tait pr\u00e9sent \u00e0 Milan pour r\u00e9gler les derniers d\u00e9tails du deal.<\/p>\n<p style=\"text-align: justify;\"><strong>Le Belge va donc revenir en Lombardie pour un pr\u00eat payant de 8 millions d&rsquo;Euros<\/strong>. Sans option d&rsquo;achat, puisque les deux parties n&rsquo;ont pas trouv\u00e9 d&rsquo;accord \u00e0 ce sujet. Le journaliste italien <strong>Fabrizio Romano,<\/strong> quant \u00e0 lui, donne les derniers d\u00e9tails de l&rsquo;op\u00e9ration. Il pr\u00e9cise que le natif d&rsquo;Anvers va r\u00e9duire son salaire de 12 \u00e0 8 millions d&rsquo;Euros nets cette saison, mais pourra obtenir jusqu&rsquo;\u00e0 4m\u20ac de bonus gr\u00e2ce \u00e0 ses performances. Il devrait passer la visite m\u00e9dicale en fin de semaine du c\u00f4t\u00e9 de Milan.<\/p>\n<blockquote class=\"twitter-tweet\">\n<p dir=\"ltr\" lang=\"en\">Romelu Lukaku returns to Inter, here we go and confirmed! Full agreement now signed on loan deal until June 2023, \u20ac8 loan fee plus add-ons. &#x26ab;&#xfe0f;&#x1f535; <a href=\"https:\/\/twitter.com\/hashtag\/CFC?src=hash&amp;ref_src=twsrc%5Etfw\">#CFC<\/a> <a href=\"https:\/\/twitter.com\/hashtag\/Inter?src=hash&amp;ref_src=twsrc%5Etfw\">#Inter<\/a><\/p>\n<p>&#x25ab;&#xfe0f; Lukaku\u2019s salary will be around \u20ac8m.<\/p>\n<p>&#x25ab;&#xfe0f; NO buy option or obligation clause.<\/p>\n<p>&#x25ab;&#xfe0f; Add-ons related to team performances. <a href=\"https:\/\/t.co\/3sEeQtfXs0\">pic.twitter.com\/3sEeQtfXs0<\/a><\/p>\n<p>\u2014 Fabrizio Romano (@FabrizioRomano) <a href=\"https:\/\/twitter.com\/FabrizioRomano\/status\/1539317832613146624?ref_src=twsrc%5Etfw\">June 21, 2022<\/a><\/p><\/blockquote>\n<p><script async src=\"https:\/\/platform.twitter.com\/widgets.js\" charset=\"utf-8\"><\/script><\/p>\n<h2 style=\"text-align: justify;\">Le retour du duo Martinez &#8211; Lukaku<\/h2>\n<p style=\"text-align: justify;\">Pour rappel, l&rsquo;attaquant belge a jou\u00e9 pendant deux ans \u00e0 l&rsquo;Inter, alors qu&rsquo;il d\u00e9barquait de Manchester United pour la somme de 74M\u20ac. Le meilleur buteur de la s\u00e9lection belge a impressionn\u00e9 et domin\u00e9 le championnat. Sa premi\u00e8re ann\u00e9e sous les couleurs nerazzurri, il a inscrit 34 buts en 54 matchs. Avec l&rsquo;Inter, il s&rsquo;est qualifi\u00e9 pour une finale d&rsquo;Europa League perdue <strong>2-3<\/strong> face \u00e0 S\u00e9ville. L&rsquo;ann\u00e9e suivante, il a termin\u00e9 deuxi\u00e8me meilleur buteur du championnat avec 24 buts, derri\u00e8re <strong>Cristiano Ronaldo<\/strong>. Cependant, <strong>il a \u00e9t\u00e9 \u00e9lu meilleur joueur de la saison<\/strong>, notamment gr\u00e2ce au premier titre de l&rsquo;Inter Milan depuis 11 ans.<\/p>\n<p style=\"text-align: justify;\">Son duo d&rsquo;attaque avec <strong>Lautaro Martinez<\/strong> \u00e9tait un v\u00e9ritable poison pour les d\u00e9fenses, et une alchimie compl\u00e9mentaire \u00e9manait de ces deux buteurs. La saison prochaine, une pi\u00e8ce de plus pourrait s&rsquo;ajouter au tableau offensif, puisque <strong>Paulo Dybala<\/strong> <a href=\"https:\/\/dicodusport.fr\/blog\/paulo-dybala-se-dirige-vers-l-inter-milan\/\">est pressenti pour rejoindre lui aussi le club Lombard.<\/a> Reste \u00e0 voir d\u00e9sormais comment ils pourront former l&rsquo;un des meilleurs trio d&rsquo;attaque de Serie A.<\/p>\n","protected":false},"excerpt":{"rendered":"<p>SERIE A &#8211; Romelu Lukaku est de retour \u00e0 Milan ! Seulement un an apr\u00e8s avoir quitt\u00e9 l&rsquo;Inter, l&rsquo;attaquant belge va faire l&rsquo;objet d&rsquo;un pr\u00eat payant de 8 millions d&rsquo;euros de la part de Chelsea, mais sans option d&rsquo;achat.\u00a0<\/p>\n","protected":false},"author":73,"featured_media":235786,"comment_status":"open","ping_status":"closed","sticky":false,"template":"","format":"standard","meta":{"_acf_changed":false,"_daextam_enable_autolinks":"","footnotes":""},"categories":[2301],"tags":[75,9550,18449,4613],"class_list":["post-235771","post","type-post","status-publish","format-standard","has-post-thumbnail","hentry","category-football","tag-football","tag-inter-milan","tag-romelu-lukaku","tag-serie-a"],"acf":[],"yoast_head":"<!-- This site is optimized with the Yoast SEO Premium plugin v26.7 (Yoast SEO v26.7) - https:\/\/yoast.com\/wordpress\/plugins\/seo\/ -->\n<title>Romelu Lukaku de retour \u00e0 l&#039;Inter Milan<\/title>\n<meta name=\"description\" content=\"SERIE A - Seulement un an apr\u00e8s avoir quitt\u00e9 le club milanais, Romelu Lukaku va faire l&#039;objet d&#039;un pr\u00eat de la part de Chelsea vers l&#039;Inter.\" \/>\n<meta name=\"robots\" content=\"index, follow, max-snippet:-1, max-image-preview:large, max-video-preview:-1\" \/>\n<link rel=\"canonical\" href=\"https:\/\/dicodusport.fr\/blog\/lukaku-de-retour-a-l-inter-milan\/\" \/>\n<meta property=\"og:locale\" content=\"fr_FR\" \/>\n<meta property=\"og:type\" content=\"article\" \/>\n<meta property=\"og:title\" content=\"Romelu Lukaku de retour \u00e0 l&#039;Inter Milan\" \/>\n<meta property=\"og:description\" content=\"SERIE A - Seulement un an apr\u00e8s avoir quitt\u00e9 le club milanais, Romelu Lukaku va faire l&#039;objet d&#039;un pr\u00eat de la part de Chelsea vers l&#039;Inter.\" \/>\n<meta property=\"og:url\" content=\"https:\/\/dicodusport.fr\/blog\/lukaku-de-retour-a-l-inter-milan\/\" \/>\n<meta property=\"og:site_name\" content=\"Dicodusport\" \/>\n<meta property=\"article:publisher\" content=\"https:\/\/www.facebook.com\/dicodusport\" \/>\n<meta property=\"article:published_time\" content=\"2022-06-22T08:41:45+00:00\" \/>\n<meta property=\"article:modified_time\" content=\"2022-06-22T10:29:19+00:00\" \/>\n<meta property=\"og:image\" content=\"https:\/\/dicodusport.fr\/blog\/wp-content\/uploads\/2022\/06\/Romelu-Lukaku-de-retour-a-lInter-Milan.png\" \/>\n\t<meta property=\"og:image:width\" content=\"800\" \/>\n\t<meta property=\"og:image:height\" content=\"445\" \/>\n\t<meta property=\"og:image:type\" content=\"image\/png\" \/>\n<meta name=\"author\" content=\"Romain Fiore\" \/>\n<meta name=\"twitter:card\" content=\"summary_large_image\" \/>\n<meta name=\"twitter:title\" content=\"Romelu Lukaku de retour \u00e0 l&#039;Inter Milan\" \/>\n<meta name=\"twitter:creator\" content=\"@https:\/\/twitter.com\/romain_fiore\" \/>\n<meta name=\"twitter:site\" content=\"@dicodusport\" \/>\n<script type=\"application\/ld+json\" class=\"yoast-schema-graph\">{\"@context\":\"https:\/\/schema.org\",\"@graph\":[{\"@type\":\"NewsArticle\",\"@id\":\"https:\/\/dicodusport.fr\/blog\/lukaku-de-retour-a-l-inter-milan\/#article\",\"isPartOf\":{\"@id\":\"https:\/\/dicodusport.fr\/blog\/lukaku-de-retour-a-l-inter-milan\/\"},\"author\":{\"name\":\"Romain Fiore\",\"@id\":\"https:\/\/dicodusport.fr\/blog\/#\/schema\/person\/7ca91cb9956847cfcdf25671708a6e4f\"},\"headline\":\"Romelu Lukaku de retour \u00e0 l&rsquo;Inter Milan\",\"datePublished\":\"2022-06-22T08:41:45+00:00\",\"dateModified\":\"2022-06-22T10:29:19+00:00\",\"mainEntityOfPage\":{\"@id\":\"https:\/\/dicodusport.fr\/blog\/lukaku-de-retour-a-l-inter-milan\/\"},\"wordCount\":504,\"commentCount\":0,\"publisher\":{\"@id\":\"https:\/\/dicodusport.fr\/blog\/#organization\"},\"image\":{\"@id\":\"https:\/\/dicodusport.fr\/blog\/lukaku-de-retour-a-l-inter-milan\/#primaryimage\"},\"thumbnailUrl\":\"https:\/\/dicodusport.fr\/blog\/wp-content\/uploads\/2022\/06\/Romelu-Lukaku-de-retour-a-lInter-Milan.png\",\"keywords\":[\"Football\",\"Inter Milan\",\"Romelu Lukaku\",\"Serie A\"],\"articleSection\":[\"Football\"],\"inLanguage\":\"fr-FR\",\"potentialAction\":[{\"@type\":\"CommentAction\",\"name\":\"Comment\",\"target\":[\"https:\/\/dicodusport.fr\/blog\/lukaku-de-retour-a-l-inter-milan\/#respond\"]}],\"copyrightYear\":\"2022\",\"copyrightHolder\":{\"@id\":\"https:\/\/dicodusport.fr\/blog\/#organization\"}},{\"@type\":\"WebPage\",\"@id\":\"https:\/\/dicodusport.fr\/blog\/lukaku-de-retour-a-l-inter-milan\/\",\"url\":\"https:\/\/dicodusport.fr\/blog\/lukaku-de-retour-a-l-inter-milan\/\",\"name\":\"Romelu Lukaku de retour \u00e0 l'Inter Milan\",\"isPartOf\":{\"@id\":\"https:\/\/dicodusport.fr\/blog\/#website\"},\"primaryImageOfPage\":{\"@id\":\"https:\/\/dicodusport.fr\/blog\/lukaku-de-retour-a-l-inter-milan\/#primaryimage\"},\"image\":{\"@id\":\"https:\/\/dicodusport.fr\/blog\/lukaku-de-retour-a-l-inter-milan\/#primaryimage\"},\"thumbnailUrl\":\"https:\/\/dicodusport.fr\/blog\/wp-content\/uploads\/2022\/06\/Romelu-Lukaku-de-retour-a-lInter-Milan.png\",\"datePublished\":\"2022-06-22T08:41:45+00:00\",\"dateModified\":\"2022-06-22T10:29:19+00:00\",\"description\":\"SERIE A - Seulement un an apr\u00e8s avoir quitt\u00e9 le club milanais, Romelu Lukaku va faire l'objet d'un pr\u00eat de la part de Chelsea vers l'Inter.\",\"breadcrumb\":{\"@id\":\"https:\/\/dicodusport.fr\/blog\/lukaku-de-retour-a-l-inter-milan\/#breadcrumb\"},\"inLanguage\":\"fr-FR\",\"potentialAction\":[{\"@type\":\"ReadAction\",\"target\":[\"https:\/\/dicodusport.fr\/blog\/lukaku-de-retour-a-l-inter-milan\/\"]}]},{\"@type\":\"ImageObject\",\"inLanguage\":\"fr-FR\",\"@id\":\"https:\/\/dicodusport.fr\/blog\/lukaku-de-retour-a-l-inter-milan\/#primaryimage\",\"url\":\"https:\/\/dicodusport.fr\/blog\/wp-content\/uploads\/2022\/06\/Romelu-Lukaku-de-retour-a-lInter-Milan.png\",\"contentUrl\":\"https:\/\/dicodusport.fr\/blog\/wp-content\/uploads\/2022\/06\/Romelu-Lukaku-de-retour-a-lInter-Milan.png\",\"width\":800,\"height\":445,\"caption\":\"Romelu Lukaku de retour \u00e0 l'Inter Milan\"},{\"@type\":\"BreadcrumbList\",\"@id\":\"https:\/\/dicodusport.fr\/blog\/lukaku-de-retour-a-l-inter-milan\/#breadcrumb\",\"itemListElement\":[{\"@type\":\"ListItem\",\"position\":1,\"name\":\"Accueil\",\"item\":\"https:\/\/dicodusport.fr\/blog\/\"},{\"@type\":\"ListItem\",\"position\":2,\"name\":\"Romelu Lukaku de retour \u00e0 l&rsquo;Inter Milan\"}]},{\"@type\":\"WebSite\",\"@id\":\"https:\/\/dicodusport.fr\/blog\/#website\",\"url\":\"https:\/\/dicodusport.fr\/blog\/\",\"name\":\"Dicodusport\",\"description\":\"L&#039;encyclop\u00e9die de l&#039;actualit\u00e9 sportive\",\"publisher\":{\"@id\":\"https:\/\/dicodusport.fr\/blog\/#organization\"},\"potentialAction\":[{\"@type\":\"SearchAction\",\"target\":{\"@type\":\"EntryPoint\",\"urlTemplate\":\"https:\/\/dicodusport.fr\/blog\/?s={search_term_string}\"},\"query-input\":{\"@type\":\"PropertyValueSpecification\",\"valueRequired\":true,\"valueName\":\"search_term_string\"}}],\"inLanguage\":\"fr-FR\"},{\"@type\":\"NewsMediaOrganization\",\"@id\":\"https:\/\/dicodusport.fr\/blog\/#organization\",\"name\":\"Dicodusport\",\"url\":\"https:\/\/dicodusport.fr\/blog\/\",\"logo\":{\"@type\":\"ImageObject\",\"inLanguage\":\"fr-FR\",\"@id\":\"https:\/\/dicodusport.fr\/blog\/#\/schema\/logo\/image\/\",\"url\":\"https:\/\/dicodusport.fr\/blog\/wp-content\/uploads\/2020\/06\/cropped-LOGO-DICODUSPORT-2020-SANS-FOND-SANS-TEXTE.png\",\"contentUrl\":\"https:\/\/dicodusport.fr\/blog\/wp-content\/uploads\/2020\/06\/cropped-LOGO-DICODUSPORT-2020-SANS-FOND-SANS-TEXTE.png\",\"width\":512,\"height\":512,\"caption\":\"Dicodusport\"},\"image\":{\"@id\":\"https:\/\/dicodusport.fr\/blog\/#\/schema\/logo\/image\/\"},\"sameAs\":[\"https:\/\/www.facebook.com\/dicodusport\",\"https:\/\/x.com\/dicodusport\",\"https:\/\/www.instagram.com\/dicodusport\/\",\"https:\/\/www.youtube.com\/channel\/UC7V2KZ5sd3htJivAbA4ZG3w\"],\"description\":\"Dicodusport est l'encyclop\u00e9die de l'actualit\u00e9 sportive.\",\"email\":\"bonjour@dicodusport.fr\",\"legalName\":\"DICODUSPORT\",\"foundingDate\":\"2018-01-14\",\"vatID\":\"FR71834470973\",\"taxID\":\"83447097300043\",\"numberOfEmployees\":{\"@type\":\"QuantitativeValue\",\"minValue\":\"1\",\"maxValue\":\"10\"}},{\"@type\":\"Person\",\"@id\":\"https:\/\/dicodusport.fr\/blog\/#\/schema\/person\/7ca91cb9956847cfcdf25671708a6e4f\",\"name\":\"Romain Fiore\",\"image\":{\"@type\":\"ImageObject\",\"inLanguage\":\"fr-FR\",\"@id\":\"https:\/\/dicodusport.fr\/blog\/#\/schema\/person\/image\/\",\"url\":\"https:\/\/dicodusport.fr\/blog\/wp-content\/uploads\/2022\/06\/IMG_2931-150x150.jpg\",\"contentUrl\":\"https:\/\/dicodusport.fr\/blog\/wp-content\/uploads\/2022\/06\/IMG_2931-150x150.jpg\",\"caption\":\"Romain Fiore\"},\"description\":\"Fan absolu de foot et d'un certain club \u00e0 l'\u00e9toile en bleu et blanc. Amateur de beau jeu et d'Argentins au pied gauche magique. Passionn\u00e9 de sport US (NBA, NFL, MLS) et loyal \u00e0 la Damian Lillard. Je suis l\u00e0 pour vous apporter tout ce que le sport peut nous donner.\",\"sameAs\":[\"https:\/\/www.linkedin.com\/in\/romain-fiore-191a451b6\/\",\"https:\/\/x.com\/https:\/\/twitter.com\/romain_fiore\"],\"url\":\"https:\/\/dicodusport.fr\/blog\/author\/romain-fiore\/\"}]}<\/script>\n<!-- \/ Yoast SEO Premium plugin. -->","yoast_head_json":{"title":"Romelu Lukaku de retour \u00e0 l'Inter Milan","description":"SERIE A - Seulement un an apr\u00e8s avoir quitt\u00e9 le club milanais, Romelu Lukaku va faire l'objet d'un pr\u00eat de la part de Chelsea vers l'Inter.","robots":{"index":"index","follow":"follow","max-snippet":"max-snippet:-1","max-image-preview":"max-image-preview:large","max-video-preview":"max-video-preview:-1"},"canonical":"https:\/\/dicodusport.fr\/blog\/lukaku-de-retour-a-l-inter-milan\/","og_locale":"fr_FR","og_type":"article","og_title":"Romelu Lukaku de retour \u00e0 l'Inter Milan","og_description":"SERIE A - Seulement un an apr\u00e8s avoir quitt\u00e9 le club milanais, Romelu Lukaku va faire l'objet d'un pr\u00eat de la part de Chelsea vers l'Inter.","og_url":"https:\/\/dicodusport.fr\/blog\/lukaku-de-retour-a-l-inter-milan\/","og_site_name":"Dicodusport","article_publisher":"https:\/\/www.facebook.com\/dicodusport","article_published_time":"2022-06-22T08:41:45+00:00","article_modified_time":"2022-06-22T10:29:19+00:00","og_image":[{"width":800,"height":445,"url":"https:\/\/dicodusport.fr\/blog\/wp-content\/uploads\/2022\/06\/Romelu-Lukaku-de-retour-a-lInter-Milan.png","type":"image\/png"}],"author":"Romain Fiore","twitter_card":"summary_large_image","twitter_title":"Romelu Lukaku de retour \u00e0 l'Inter Milan","twitter_creator":"@https:\/\/twitter.com\/romain_fiore","twitter_site":"@dicodusport","schema":{"@context":"https:\/\/schema.org","@graph":[{"@type":"NewsArticle","@id":"https:\/\/dicodusport.fr\/blog\/lukaku-de-retour-a-l-inter-milan\/#article","isPartOf":{"@id":"https:\/\/dicodusport.fr\/blog\/lukaku-de-retour-a-l-inter-milan\/"},"author":{"name":"Romain Fiore","@id":"https:\/\/dicodusport.fr\/blog\/#\/schema\/person\/7ca91cb9956847cfcdf25671708a6e4f"},"headline":"Romelu Lukaku de retour \u00e0 l&rsquo;Inter Milan","datePublished":"2022-06-22T08:41:45+00:00","dateModified":"2022-06-22T10:29:19+00:00","mainEntityOfPage":{"@id":"https:\/\/dicodusport.fr\/blog\/lukaku-de-retour-a-l-inter-milan\/"},"wordCount":504,"commentCount":0,"publisher":{"@id":"https:\/\/dicodusport.fr\/blog\/#organization"},"image":{"@id":"https:\/\/dicodusport.fr\/blog\/lukaku-de-retour-a-l-inter-milan\/#primaryimage"},"thumbnailUrl":"https:\/\/dicodusport.fr\/blog\/wp-content\/uploads\/2022\/06\/Romelu-Lukaku-de-retour-a-lInter-Milan.png","keywords":["Football","Inter Milan","Romelu Lukaku","Serie A"],"articleSection":["Football"],"inLanguage":"fr-FR","potentialAction":[{"@type":"CommentAction","name":"Comment","target":["https:\/\/dicodusport.fr\/blog\/lukaku-de-retour-a-l-inter-milan\/#respond"]}],"copyrightYear":"2022","copyrightHolder":{"@id":"https:\/\/dicodusport.fr\/blog\/#organization"}},{"@type":"WebPage","@id":"https:\/\/dicodusport.fr\/blog\/lukaku-de-retour-a-l-inter-milan\/","url":"https:\/\/dicodusport.fr\/blog\/lukaku-de-retour-a-l-inter-milan\/","name":"Romelu Lukaku de retour \u00e0 l'Inter Milan","isPartOf":{"@id":"https:\/\/dicodusport.fr\/blog\/#website"},"primaryImageOfPage":{"@id":"https:\/\/dicodusport.fr\/blog\/lukaku-de-retour-a-l-inter-milan\/#primaryimage"},"image":{"@id":"https:\/\/dicodusport.fr\/blog\/lukaku-de-retour-a-l-inter-milan\/#primaryimage"},"thumbnailUrl":"https:\/\/dicodusport.fr\/blog\/wp-content\/uploads\/2022\/06\/Romelu-Lukaku-de-retour-a-lInter-Milan.png","datePublished":"2022-06-22T08:41:45+00:00","dateModified":"2022-06-22T10:29:19+00:00","description":"SERIE A - Seulement un an apr\u00e8s avoir quitt\u00e9 le club milanais, Romelu Lukaku va faire l'objet d'un pr\u00eat de la part de Chelsea vers l'Inter.","breadcrumb":{"@id":"https:\/\/dicodusport.fr\/blog\/lukaku-de-retour-a-l-inter-milan\/#breadcrumb"},"inLanguage":"fr-FR","potentialAction":[{"@type":"ReadAction","target":["https:\/\/dicodusport.fr\/blog\/lukaku-de-retour-a-l-inter-milan\/"]}]},{"@type":"ImageObject","inLanguage":"fr-FR","@id":"https:\/\/dicodusport.fr\/blog\/lukaku-de-retour-a-l-inter-milan\/#primaryimage","url":"https:\/\/dicodusport.fr\/blog\/wp-content\/uploads\/2022\/06\/Romelu-Lukaku-de-retour-a-lInter-Milan.png","contentUrl":"https:\/\/dicodusport.fr\/blog\/wp-content\/uploads\/2022\/06\/Romelu-Lukaku-de-retour-a-lInter-Milan.png","width":800,"height":445,"caption":"Romelu Lukaku de retour \u00e0 l'Inter Milan"},{"@type":"BreadcrumbList","@id":"https:\/\/dicodusport.fr\/blog\/lukaku-de-retour-a-l-inter-milan\/#breadcrumb","itemListElement":[{"@type":"ListItem","position":1,"name":"Accueil","item":"https:\/\/dicodusport.fr\/blog\/"},{"@type":"ListItem","position":2,"name":"Romelu Lukaku de retour \u00e0 l&rsquo;Inter Milan"}]},{"@type":"WebSite","@id":"https:\/\/dicodusport.fr\/blog\/#website","url":"https:\/\/dicodusport.fr\/blog\/","name":"Dicodusport","description":"L&#039;encyclop\u00e9die de l&#039;actualit\u00e9 sportive","publisher":{"@id":"https:\/\/dicodusport.fr\/blog\/#organization"},"potentialAction":[{"@type":"SearchAction","target":{"@type":"EntryPoint","urlTemplate":"https:\/\/dicodusport.fr\/blog\/?s={search_term_string}"},"query-input":{"@type":"PropertyValueSpecification","valueRequired":true,"valueName":"search_term_string"}}],"inLanguage":"fr-FR"},{"@type":"NewsMediaOrganization","@id":"https:\/\/dicodusport.fr\/blog\/#organization","name":"Dicodusport","url":"https:\/\/dicodusport.fr\/blog\/","logo":{"@type":"ImageObject","inLanguage":"fr-FR","@id":"https:\/\/dicodusport.fr\/blog\/#\/schema\/logo\/image\/","url":"https:\/\/dicodusport.fr\/blog\/wp-content\/uploads\/2020\/06\/cropped-LOGO-DICODUSPORT-2020-SANS-FOND-SANS-TEXTE.png","contentUrl":"https:\/\/dicodusport.fr\/blog\/wp-content\/uploads\/2020\/06\/cropped-LOGO-DICODUSPORT-2020-SANS-FOND-SANS-TEXTE.png","width":512,"height":512,"caption":"Dicodusport"},"image":{"@id":"https:\/\/dicodusport.fr\/blog\/#\/schema\/logo\/image\/"},"sameAs":["https:\/\/www.facebook.com\/dicodusport","https:\/\/x.com\/dicodusport","https:\/\/www.instagram.com\/dicodusport\/","https:\/\/www.youtube.com\/channel\/UC7V2KZ5sd3htJivAbA4ZG3w"],"description":"Dicodusport est l'encyclop\u00e9die de l'actualit\u00e9 sportive.","email":"bonjour@dicodusport.fr","legalName":"DICODUSPORT","foundingDate":"2018-01-14","vatID":"FR71834470973","taxID":"83447097300043","numberOfEmployees":{"@type":"QuantitativeValue","minValue":"1","maxValue":"10"}},{"@type":"Person","@id":"https:\/\/dicodusport.fr\/blog\/#\/schema\/person\/7ca91cb9956847cfcdf25671708a6e4f","name":"Romain Fiore","image":{"@type":"ImageObject","inLanguage":"fr-FR","@id":"https:\/\/dicodusport.fr\/blog\/#\/schema\/person\/image\/","url":"https:\/\/dicodusport.fr\/blog\/wp-content\/uploads\/2022\/06\/IMG_2931-150x150.jpg","contentUrl":"https:\/\/dicodusport.fr\/blog\/wp-content\/uploads\/2022\/06\/IMG_2931-150x150.jpg","caption":"Romain Fiore"},"description":"Fan absolu de foot et d'un certain club \u00e0 l'\u00e9toile en bleu et blanc. Amateur de beau jeu et d'Argentins au pied gauche magique. Passionn\u00e9 de sport US (NBA, NFL, MLS) et loyal \u00e0 la Damian Lillard. Je suis l\u00e0 pour vous apporter tout ce que le sport peut nous donner.","sameAs":["https:\/\/www.linkedin.com\/in\/romain-fiore-191a451b6\/","https:\/\/x.com\/https:\/\/twitter.com\/romain_fiore"],"url":"https:\/\/dicodusport.fr\/blog\/author\/romain-fiore\/"}]}},"_links":{"self":[{"href":"https:\/\/dicodusport.fr\/blog\/wp-json\/wp\/v2\/posts\/235771","targetHints":{"allow":["GET"]}}],"collection":[{"href":"https:\/\/dicodusport.fr\/blog\/wp-json\/wp\/v2\/posts"}],"about":[{"href":"https:\/\/dicodusport.fr\/blog\/wp-json\/wp\/v2\/types\/post"}],"author":[{"embeddable":true,"href":"https:\/\/dicodusport.fr\/blog\/wp-json\/wp\/v2\/users\/73"}],"replies":[{"embeddable":true,"href":"https:\/\/dicodusport.fr\/blog\/wp-json\/wp\/v2\/comments?post=235771"}],"version-history":[{"count":0,"href":"https:\/\/dicodusport.fr\/blog\/wp-json\/wp\/v2\/posts\/235771\/revisions"}],"wp:featuredmedia":[{"embeddable":true,"href":"https:\/\/dicodusport.fr\/blog\/wp-json\/wp\/v2\/media\/235786"}],"wp:attachment":[{"href":"https:\/\/dicodusport.fr\/blog\/wp-json\/wp\/v2\/media?parent=235771"}],"wp:term":[{"taxonomy":"category","embeddable":true,"href":"https:\/\/dicodusport.fr\/blog\/wp-json\/wp\/v2\/categories?post=235771"},{"taxonomy":"post_tag","embeddable":true,"href":"https:\/\/dicodusport.fr\/blog\/wp-json\/wp\/v2\/tags?post=235771"}],"curies":[{"name":"wp","href":"https:\/\/api.w.org\/{rel}","templated":true}]}}