{"id":236316,"date":"2022-06-23T14:42:45","date_gmt":"2022-06-23T12:42:45","guid":{"rendered":"https:\/\/dicodusport.fr\/blog\/?p=236316&#038;preview=true&#038;preview_id=236316"},"modified":"2022-06-23T15:33:32","modified_gmt":"2022-06-23T13:33:32","slug":"atp-majorque-benjamin-bonzi-dans-le-dernier-carre","status":"publish","type":"post","link":"https:\/\/dicodusport.fr\/blog\/atp-majorque-benjamin-bonzi-dans-le-dernier-carre\/","title":{"rendered":"ATP Majorque : Benjamin Bonzi dans le dernier carr\u00e9"},"content":{"rendered":"<p style=\"text-align: justify;\"><b><i><a title=\"ATP 250 \u2013 Le tableau du tournoi de Majorque 2022\" href=\"https:\/\/dicodusport.fr\/blog\/atp-250-le-tableau-du-tournoi-de-majorque-2022\/\" target=\"_blank\" rel=\"noopener\">ATP MAJORQUE<\/a> &#8211; Benjamin Bonzi est en forme sur gazon. \u00c0 Majorque, il vient de se qualifier pour sa premi\u00e8re demi-finale sur la surface en dominant en deux manches l&rsquo;Allemand Daniel Altmaier, 6-3, 6-4.\u00a0<\/i><\/b><\/p>\n<p style=\"text-align: justify;\"><a href=\"https:\/\/dicodusport.fr\/blog\/wta-bad-homburg-caroline-garcia-en-demi-finales\/\">Quelques minutes apr\u00e8s<\/a><strong> Caroline Garcia, Benjamin Bonzi<\/strong> s&rsquo;est lui aussi qualifi\u00e9 pour les demi-finales de son tournoi. Lors du tournoi de Majorque, il a confirm\u00e9 les bonnes dispositions entrevues \u00e0 Halle la semaine derni\u00e8re. Hier, en 8\u00e8me de finale, il avait surclass\u00e9 le Canadien <strong>Denis Shapovalov,<\/strong> 16\u00e8me mondial, 6-4, 6-1. Il a confirm\u00e9 cette performance aujourd&rsquo;hui en quart de finale.<\/p>\n<blockquote class=\"twitter-tweet\">\n<p dir=\"ltr\" lang=\"fr\">&#x2705;&#x1f1eb;&#x1f1f7; Bonzi en demi-finales \u00e0 Majorque. Victoire 6-3, 6-4 contre Altmaier. Solide. Next Giron\u2026 ou Tsitsipas, \u00e0 qui il a pris un set la semaine derni\u00e8re \u00e0 Halle (d\u00e9faite 7-6, 1-6, 6-3).<\/p>\n<p>\u2014 Thibault Ka (@ThibKa76) <a href=\"https:\/\/twitter.com\/ThibKa76\/status\/1539948954762231810?ref_src=twsrc%5Etfw\">June 23, 2022<\/a><\/p><\/blockquote>\n<p><script async src=\"https:\/\/platform.twitter.com\/widgets.js\" charset=\"utf-8\"><\/script><\/p>\n<p style=\"text-align: justify;\">Oppos\u00e9 \u00e0 l&rsquo;Allemand <strong>Daniel Altmaier,<\/strong> d&rsquo;un classement \u00e9quivalent au sien, le Fran\u00e7ais a su breaker son rival en fin de chaque manche. Derri\u00e8re, il s&rsquo;est montr\u00e9 incroyablement solide sur son service pour plier l&rsquo;affaire <strong>6-3, 6-4<\/strong> en 1 heure 15. Voil\u00e0 le Tricolore pour la premi\u00e8re fois en demi-finale d&rsquo;un tournoi ATP sur gazon. Ce pourrait bien \u00eatre contre le n\u00b06 mondial, <strong>Stefanos Tsitsipas,<\/strong> si celui-ci se d\u00e9barrasse de l&rsquo;Am\u00e9ricain <strong>Marcos Giron<\/strong> plus tard dans la journ\u00e9e. Les deux joueurs se sont affront\u00e9s voil\u00e0 dix jours \u00e0 Halle, <strong>Benjamin Bonzi<\/strong> avait pouss\u00e9 le Grec au troisi\u00e8me set, avant de c\u00e9der.<\/p>\n","protected":false},"excerpt":{"rendered":"<p>SAISON ATP 2022 &#8211; Benjamin Bonzi est en forme sur gazon. A Majorque, il vient de se qualifier pour sa premi\u00e8re demi-finale sur la surface en dominant en deux manches l&rsquo;Allemand Daniel Altmaier, 6-3, 6-4.\u00a0<\/p>\n","protected":false},"author":59,"featured_media":236322,"comment_status":"open","ping_status":"closed","sticky":false,"template":"","format":"standard","meta":{"_acf_changed":false,"_daextam_enable_autolinks":"","footnotes":""},"categories":[2302],"tags":[2571,4792],"class_list":["post-236316","post","type-post","status-publish","format-standard","has-post-thumbnail","hentry","category-tennis","tag-benjamin-bonzi","tag-tennis-francais"],"acf":[],"yoast_head":"<!-- This site is optimized with the Yoast SEO Premium plugin v26.7 (Yoast SEO v26.7) - https:\/\/yoast.com\/wordpress\/plugins\/seo\/ -->\n<title>ATP Majorque : Benjamin Bonzi dans le dernier carr\u00e9<\/title>\n<meta name=\"description\" content=\"SAISON ATP 2022 - Benjamin Bonzi s&#039;est qualifi\u00e9 pour sa premi\u00e8re demi-finale sur gazon en dominant l&#039;Allemand Daniel Altmaier, 6-3, 6-4.\" \/>\n<meta name=\"robots\" content=\"index, follow, max-snippet:-1, max-image-preview:large, max-video-preview:-1\" \/>\n<link rel=\"canonical\" href=\"https:\/\/dicodusport.fr\/blog\/atp-majorque-benjamin-bonzi-dans-le-dernier-carre\/\" \/>\n<meta property=\"og:locale\" content=\"fr_FR\" \/>\n<meta property=\"og:type\" content=\"article\" \/>\n<meta property=\"og:title\" content=\"ATP Majorque : Benjamin Bonzi dans le dernier carr\u00e9\" \/>\n<meta property=\"og:description\" content=\"SAISON ATP 2022 - Benjamin Bonzi s&#039;est qualifi\u00e9 pour sa premi\u00e8re demi-finale sur gazon en dominant l&#039;Allemand Daniel Altmaier, 6-3, 6-4.\" \/>\n<meta property=\"og:url\" content=\"https:\/\/dicodusport.fr\/blog\/atp-majorque-benjamin-bonzi-dans-le-dernier-carre\/\" \/>\n<meta property=\"og:site_name\" content=\"Dicodusport\" \/>\n<meta property=\"article:publisher\" content=\"https:\/\/www.facebook.com\/dicodusport\" \/>\n<meta property=\"article:author\" content=\"https:\/\/www.facebook.com\/sebastien.gente\/\" \/>\n<meta property=\"article:published_time\" content=\"2022-06-23T12:42:45+00:00\" \/>\n<meta property=\"article:modified_time\" content=\"2022-06-23T13:33:32+00:00\" \/>\n<meta property=\"og:image\" content=\"https:\/\/dicodusport.fr\/blog\/wp-content\/uploads\/2022\/06\/ATP-Majorque-Benjamin-Bonzi-dans-le-dernier-carre.png\" \/>\n\t<meta property=\"og:image:width\" content=\"800\" \/>\n\t<meta property=\"og:image:height\" content=\"445\" \/>\n\t<meta property=\"og:image:type\" content=\"image\/png\" \/>\n<meta name=\"author\" content=\"S\u00e9bastien Gente\" \/>\n<meta name=\"twitter:card\" content=\"summary_large_image\" \/>\n<meta name=\"twitter:title\" content=\"ATP Majorque : Benjamin Bonzi dans le dernier carr\u00e9\" \/>\n<meta name=\"twitter:creator\" content=\"@https:\/\/twitter.com\/globulo24\" \/>\n<meta name=\"twitter:site\" content=\"@dicodusport\" \/>\n<script type=\"application\/ld+json\" class=\"yoast-schema-graph\">{\"@context\":\"https:\/\/schema.org\",\"@graph\":[{\"@type\":\"NewsArticle\",\"@id\":\"https:\/\/dicodusport.fr\/blog\/atp-majorque-benjamin-bonzi-dans-le-dernier-carre\/#article\",\"isPartOf\":{\"@id\":\"https:\/\/dicodusport.fr\/blog\/atp-majorque-benjamin-bonzi-dans-le-dernier-carre\/\"},\"author\":{\"name\":\"S\u00e9bastien Gente\",\"@id\":\"https:\/\/dicodusport.fr\/blog\/#\/schema\/person\/627966a6cde45dbd8c5e36ac85d783da\"},\"headline\":\"ATP Majorque : Benjamin Bonzi dans le dernier carr\u00e9\",\"datePublished\":\"2022-06-23T12:42:45+00:00\",\"dateModified\":\"2022-06-23T13:33:32+00:00\",\"mainEntityOfPage\":{\"@id\":\"https:\/\/dicodusport.fr\/blog\/atp-majorque-benjamin-bonzi-dans-le-dernier-carre\/\"},\"wordCount\":258,\"commentCount\":0,\"publisher\":{\"@id\":\"https:\/\/dicodusport.fr\/blog\/#organization\"},\"image\":{\"@id\":\"https:\/\/dicodusport.fr\/blog\/atp-majorque-benjamin-bonzi-dans-le-dernier-carre\/#primaryimage\"},\"thumbnailUrl\":\"https:\/\/dicodusport.fr\/blog\/wp-content\/uploads\/2022\/06\/ATP-Majorque-Benjamin-Bonzi-dans-le-dernier-carre.png\",\"keywords\":[\"Benjamin Bonzi\",\"Tennis fran\u00e7ais\"],\"articleSection\":[\"Tennis\"],\"inLanguage\":\"fr-FR\",\"potentialAction\":[{\"@type\":\"CommentAction\",\"name\":\"Comment\",\"target\":[\"https:\/\/dicodusport.fr\/blog\/atp-majorque-benjamin-bonzi-dans-le-dernier-carre\/#respond\"]}],\"copyrightYear\":\"2022\",\"copyrightHolder\":{\"@id\":\"https:\/\/dicodusport.fr\/blog\/#organization\"}},{\"@type\":\"WebPage\",\"@id\":\"https:\/\/dicodusport.fr\/blog\/atp-majorque-benjamin-bonzi-dans-le-dernier-carre\/\",\"url\":\"https:\/\/dicodusport.fr\/blog\/atp-majorque-benjamin-bonzi-dans-le-dernier-carre\/\",\"name\":\"ATP Majorque : Benjamin Bonzi dans le dernier carr\u00e9\",\"isPartOf\":{\"@id\":\"https:\/\/dicodusport.fr\/blog\/#website\"},\"primaryImageOfPage\":{\"@id\":\"https:\/\/dicodusport.fr\/blog\/atp-majorque-benjamin-bonzi-dans-le-dernier-carre\/#primaryimage\"},\"image\":{\"@id\":\"https:\/\/dicodusport.fr\/blog\/atp-majorque-benjamin-bonzi-dans-le-dernier-carre\/#primaryimage\"},\"thumbnailUrl\":\"https:\/\/dicodusport.fr\/blog\/wp-content\/uploads\/2022\/06\/ATP-Majorque-Benjamin-Bonzi-dans-le-dernier-carre.png\",\"datePublished\":\"2022-06-23T12:42:45+00:00\",\"dateModified\":\"2022-06-23T13:33:32+00:00\",\"description\":\"SAISON ATP 2022 - Benjamin Bonzi s'est qualifi\u00e9 pour sa premi\u00e8re demi-finale sur gazon en dominant l'Allemand Daniel Altmaier, 6-3, 6-4.\",\"breadcrumb\":{\"@id\":\"https:\/\/dicodusport.fr\/blog\/atp-majorque-benjamin-bonzi-dans-le-dernier-carre\/#breadcrumb\"},\"inLanguage\":\"fr-FR\",\"potentialAction\":[{\"@type\":\"ReadAction\",\"target\":[\"https:\/\/dicodusport.fr\/blog\/atp-majorque-benjamin-bonzi-dans-le-dernier-carre\/\"]}]},{\"@type\":\"ImageObject\",\"inLanguage\":\"fr-FR\",\"@id\":\"https:\/\/dicodusport.fr\/blog\/atp-majorque-benjamin-bonzi-dans-le-dernier-carre\/#primaryimage\",\"url\":\"https:\/\/dicodusport.fr\/blog\/wp-content\/uploads\/2022\/06\/ATP-Majorque-Benjamin-Bonzi-dans-le-dernier-carre.png\",\"contentUrl\":\"https:\/\/dicodusport.fr\/blog\/wp-content\/uploads\/2022\/06\/ATP-Majorque-Benjamin-Bonzi-dans-le-dernier-carre.png\",\"width\":800,\"height\":445,\"caption\":\"ATP Majorque Benjamin Bonzi dans le dernier carr\u00e9\"},{\"@type\":\"BreadcrumbList\",\"@id\":\"https:\/\/dicodusport.fr\/blog\/atp-majorque-benjamin-bonzi-dans-le-dernier-carre\/#breadcrumb\",\"itemListElement\":[{\"@type\":\"ListItem\",\"position\":1,\"name\":\"Accueil\",\"item\":\"https:\/\/dicodusport.fr\/blog\/\"},{\"@type\":\"ListItem\",\"position\":2,\"name\":\"ATP Majorque : Benjamin Bonzi dans le dernier carr\u00e9\"}]},{\"@type\":\"WebSite\",\"@id\":\"https:\/\/dicodusport.fr\/blog\/#website\",\"url\":\"https:\/\/dicodusport.fr\/blog\/\",\"name\":\"Dicodusport\",\"description\":\"L&#039;encyclop\u00e9die de l&#039;actualit\u00e9 sportive\",\"publisher\":{\"@id\":\"https:\/\/dicodusport.fr\/blog\/#organization\"},\"potentialAction\":[{\"@type\":\"SearchAction\",\"target\":{\"@type\":\"EntryPoint\",\"urlTemplate\":\"https:\/\/dicodusport.fr\/blog\/?s={search_term_string}\"},\"query-input\":{\"@type\":\"PropertyValueSpecification\",\"valueRequired\":true,\"valueName\":\"search_term_string\"}}],\"inLanguage\":\"fr-FR\"},{\"@type\":\"NewsMediaOrganization\",\"@id\":\"https:\/\/dicodusport.fr\/blog\/#organization\",\"name\":\"Dicodusport\",\"url\":\"https:\/\/dicodusport.fr\/blog\/\",\"logo\":{\"@type\":\"ImageObject\",\"inLanguage\":\"fr-FR\",\"@id\":\"https:\/\/dicodusport.fr\/blog\/#\/schema\/logo\/image\/\",\"url\":\"https:\/\/dicodusport.fr\/blog\/wp-content\/uploads\/2020\/06\/cropped-LOGO-DICODUSPORT-2020-SANS-FOND-SANS-TEXTE.png\",\"contentUrl\":\"https:\/\/dicodusport.fr\/blog\/wp-content\/uploads\/2020\/06\/cropped-LOGO-DICODUSPORT-2020-SANS-FOND-SANS-TEXTE.png\",\"width\":512,\"height\":512,\"caption\":\"Dicodusport\"},\"image\":{\"@id\":\"https:\/\/dicodusport.fr\/blog\/#\/schema\/logo\/image\/\"},\"sameAs\":[\"https:\/\/www.facebook.com\/dicodusport\",\"https:\/\/x.com\/dicodusport\",\"https:\/\/www.instagram.com\/dicodusport\/\",\"https:\/\/www.youtube.com\/channel\/UC7V2KZ5sd3htJivAbA4ZG3w\"],\"description\":\"Dicodusport est l'encyclop\u00e9die de l'actualit\u00e9 sportive.\",\"email\":\"bonjour@dicodusport.fr\",\"legalName\":\"DICODUSPORT\",\"foundingDate\":\"2018-01-14\",\"vatID\":\"FR71834470973\",\"taxID\":\"83447097300043\",\"numberOfEmployees\":{\"@type\":\"QuantitativeValue\",\"minValue\":\"1\",\"maxValue\":\"10\"}},{\"@type\":\"Person\",\"@id\":\"https:\/\/dicodusport.fr\/blog\/#\/schema\/person\/627966a6cde45dbd8c5e36ac85d783da\",\"name\":\"S\u00e9bastien Gente\",\"image\":{\"@type\":\"ImageObject\",\"inLanguage\":\"fr-FR\",\"@id\":\"https:\/\/dicodusport.fr\/blog\/#\/schema\/person\/image\/\",\"url\":\"https:\/\/dicodusport.fr\/blog\/wp-content\/uploads\/2021\/09\/1510990_10205810251400683_4124423575079401707_n-150x150.jpg\",\"contentUrl\":\"https:\/\/dicodusport.fr\/blog\/wp-content\/uploads\/2021\/09\/1510990_10205810251400683_4124423575079401707_n-150x150.jpg\",\"caption\":\"S\u00e9bastien Gente\"},\"description\":\"John Stockton, Gianni Bugno, Zinedine Zidane, Steffi Graf, Frode Andresen, St\u00e9phane Stoecklin, Davis Kamoga, Primoz Peterka, Werner Schlager et Aur\u00e9lien Rougerie. Point commun entre ces sportifs? Ils m'ont fait r\u00eaver et ont berc\u00e9 mon adolescence. Je suis un fondu de sports et j'essaie de retranscrire ma passion \u00e0 travers mes articles. Originaire du P\u00e9rigord, ma passion pour les Girondins, les Jaunards et les Jazzmen transpire dans mes \u00e9crits. \u00c0 Dicodusport depuis 2021, je d\u00e9niche les sports m\u00e9connus dans lesquels la France brille, et il y en a !\",\"sameAs\":[\"https:\/\/www.facebook.com\/sebastien.gente\/\",\"https:\/\/www.instagram.com\/sebgente\/\",\"https:\/\/www.linkedin.com\/in\/sbastien-gente-a29583169\/\",\"https:\/\/x.com\/https:\/\/twitter.com\/globulo24\",\"SebastienGente\"],\"worksFor\":\"S\u00e9bastien GENTE\",\"url\":\"https:\/\/dicodusport.fr\/blog\/author\/sebastiengente\/\"}]}<\/script>\n<!-- \/ Yoast SEO Premium plugin. -->","yoast_head_json":{"title":"ATP Majorque : Benjamin Bonzi dans le dernier carr\u00e9","description":"SAISON ATP 2022 - Benjamin Bonzi s'est qualifi\u00e9 pour sa premi\u00e8re demi-finale sur gazon en dominant l'Allemand Daniel Altmaier, 6-3, 6-4.","robots":{"index":"index","follow":"follow","max-snippet":"max-snippet:-1","max-image-preview":"max-image-preview:large","max-video-preview":"max-video-preview:-1"},"canonical":"https:\/\/dicodusport.fr\/blog\/atp-majorque-benjamin-bonzi-dans-le-dernier-carre\/","og_locale":"fr_FR","og_type":"article","og_title":"ATP Majorque : Benjamin Bonzi dans le dernier carr\u00e9","og_description":"SAISON ATP 2022 - Benjamin Bonzi s'est qualifi\u00e9 pour sa premi\u00e8re demi-finale sur gazon en dominant l'Allemand Daniel Altmaier, 6-3, 6-4.","og_url":"https:\/\/dicodusport.fr\/blog\/atp-majorque-benjamin-bonzi-dans-le-dernier-carre\/","og_site_name":"Dicodusport","article_publisher":"https:\/\/www.facebook.com\/dicodusport","article_author":"https:\/\/www.facebook.com\/sebastien.gente\/","article_published_time":"2022-06-23T12:42:45+00:00","article_modified_time":"2022-06-23T13:33:32+00:00","og_image":[{"width":800,"height":445,"url":"https:\/\/dicodusport.fr\/blog\/wp-content\/uploads\/2022\/06\/ATP-Majorque-Benjamin-Bonzi-dans-le-dernier-carre.png","type":"image\/png"}],"author":"S\u00e9bastien Gente","twitter_card":"summary_large_image","twitter_title":"ATP Majorque : Benjamin Bonzi dans le dernier carr\u00e9","twitter_creator":"@https:\/\/twitter.com\/globulo24","twitter_site":"@dicodusport","schema":{"@context":"https:\/\/schema.org","@graph":[{"@type":"NewsArticle","@id":"https:\/\/dicodusport.fr\/blog\/atp-majorque-benjamin-bonzi-dans-le-dernier-carre\/#article","isPartOf":{"@id":"https:\/\/dicodusport.fr\/blog\/atp-majorque-benjamin-bonzi-dans-le-dernier-carre\/"},"author":{"name":"S\u00e9bastien Gente","@id":"https:\/\/dicodusport.fr\/blog\/#\/schema\/person\/627966a6cde45dbd8c5e36ac85d783da"},"headline":"ATP Majorque : Benjamin Bonzi dans le dernier carr\u00e9","datePublished":"2022-06-23T12:42:45+00:00","dateModified":"2022-06-23T13:33:32+00:00","mainEntityOfPage":{"@id":"https:\/\/dicodusport.fr\/blog\/atp-majorque-benjamin-bonzi-dans-le-dernier-carre\/"},"wordCount":258,"commentCount":0,"publisher":{"@id":"https:\/\/dicodusport.fr\/blog\/#organization"},"image":{"@id":"https:\/\/dicodusport.fr\/blog\/atp-majorque-benjamin-bonzi-dans-le-dernier-carre\/#primaryimage"},"thumbnailUrl":"https:\/\/dicodusport.fr\/blog\/wp-content\/uploads\/2022\/06\/ATP-Majorque-Benjamin-Bonzi-dans-le-dernier-carre.png","keywords":["Benjamin Bonzi","Tennis fran\u00e7ais"],"articleSection":["Tennis"],"inLanguage":"fr-FR","potentialAction":[{"@type":"CommentAction","name":"Comment","target":["https:\/\/dicodusport.fr\/blog\/atp-majorque-benjamin-bonzi-dans-le-dernier-carre\/#respond"]}],"copyrightYear":"2022","copyrightHolder":{"@id":"https:\/\/dicodusport.fr\/blog\/#organization"}},{"@type":"WebPage","@id":"https:\/\/dicodusport.fr\/blog\/atp-majorque-benjamin-bonzi-dans-le-dernier-carre\/","url":"https:\/\/dicodusport.fr\/blog\/atp-majorque-benjamin-bonzi-dans-le-dernier-carre\/","name":"ATP Majorque : Benjamin Bonzi dans le dernier carr\u00e9","isPartOf":{"@id":"https:\/\/dicodusport.fr\/blog\/#website"},"primaryImageOfPage":{"@id":"https:\/\/dicodusport.fr\/blog\/atp-majorque-benjamin-bonzi-dans-le-dernier-carre\/#primaryimage"},"image":{"@id":"https:\/\/dicodusport.fr\/blog\/atp-majorque-benjamin-bonzi-dans-le-dernier-carre\/#primaryimage"},"thumbnailUrl":"https:\/\/dicodusport.fr\/blog\/wp-content\/uploads\/2022\/06\/ATP-Majorque-Benjamin-Bonzi-dans-le-dernier-carre.png","datePublished":"2022-06-23T12:42:45+00:00","dateModified":"2022-06-23T13:33:32+00:00","description":"SAISON ATP 2022 - Benjamin Bonzi s'est qualifi\u00e9 pour sa premi\u00e8re demi-finale sur gazon en dominant l'Allemand Daniel Altmaier, 6-3, 6-4.","breadcrumb":{"@id":"https:\/\/dicodusport.fr\/blog\/atp-majorque-benjamin-bonzi-dans-le-dernier-carre\/#breadcrumb"},"inLanguage":"fr-FR","potentialAction":[{"@type":"ReadAction","target":["https:\/\/dicodusport.fr\/blog\/atp-majorque-benjamin-bonzi-dans-le-dernier-carre\/"]}]},{"@type":"ImageObject","inLanguage":"fr-FR","@id":"https:\/\/dicodusport.fr\/blog\/atp-majorque-benjamin-bonzi-dans-le-dernier-carre\/#primaryimage","url":"https:\/\/dicodusport.fr\/blog\/wp-content\/uploads\/2022\/06\/ATP-Majorque-Benjamin-Bonzi-dans-le-dernier-carre.png","contentUrl":"https:\/\/dicodusport.fr\/blog\/wp-content\/uploads\/2022\/06\/ATP-Majorque-Benjamin-Bonzi-dans-le-dernier-carre.png","width":800,"height":445,"caption":"ATP Majorque Benjamin Bonzi dans le dernier carr\u00e9"},{"@type":"BreadcrumbList","@id":"https:\/\/dicodusport.fr\/blog\/atp-majorque-benjamin-bonzi-dans-le-dernier-carre\/#breadcrumb","itemListElement":[{"@type":"ListItem","position":1,"name":"Accueil","item":"https:\/\/dicodusport.fr\/blog\/"},{"@type":"ListItem","position":2,"name":"ATP Majorque : Benjamin Bonzi dans le dernier carr\u00e9"}]},{"@type":"WebSite","@id":"https:\/\/dicodusport.fr\/blog\/#website","url":"https:\/\/dicodusport.fr\/blog\/","name":"Dicodusport","description":"L&#039;encyclop\u00e9die de l&#039;actualit\u00e9 sportive","publisher":{"@id":"https:\/\/dicodusport.fr\/blog\/#organization"},"potentialAction":[{"@type":"SearchAction","target":{"@type":"EntryPoint","urlTemplate":"https:\/\/dicodusport.fr\/blog\/?s={search_term_string}"},"query-input":{"@type":"PropertyValueSpecification","valueRequired":true,"valueName":"search_term_string"}}],"inLanguage":"fr-FR"},{"@type":"NewsMediaOrganization","@id":"https:\/\/dicodusport.fr\/blog\/#organization","name":"Dicodusport","url":"https:\/\/dicodusport.fr\/blog\/","logo":{"@type":"ImageObject","inLanguage":"fr-FR","@id":"https:\/\/dicodusport.fr\/blog\/#\/schema\/logo\/image\/","url":"https:\/\/dicodusport.fr\/blog\/wp-content\/uploads\/2020\/06\/cropped-LOGO-DICODUSPORT-2020-SANS-FOND-SANS-TEXTE.png","contentUrl":"https:\/\/dicodusport.fr\/blog\/wp-content\/uploads\/2020\/06\/cropped-LOGO-DICODUSPORT-2020-SANS-FOND-SANS-TEXTE.png","width":512,"height":512,"caption":"Dicodusport"},"image":{"@id":"https:\/\/dicodusport.fr\/blog\/#\/schema\/logo\/image\/"},"sameAs":["https:\/\/www.facebook.com\/dicodusport","https:\/\/x.com\/dicodusport","https:\/\/www.instagram.com\/dicodusport\/","https:\/\/www.youtube.com\/channel\/UC7V2KZ5sd3htJivAbA4ZG3w"],"description":"Dicodusport est l'encyclop\u00e9die de l'actualit\u00e9 sportive.","email":"bonjour@dicodusport.fr","legalName":"DICODUSPORT","foundingDate":"2018-01-14","vatID":"FR71834470973","taxID":"83447097300043","numberOfEmployees":{"@type":"QuantitativeValue","minValue":"1","maxValue":"10"}},{"@type":"Person","@id":"https:\/\/dicodusport.fr\/blog\/#\/schema\/person\/627966a6cde45dbd8c5e36ac85d783da","name":"S\u00e9bastien Gente","image":{"@type":"ImageObject","inLanguage":"fr-FR","@id":"https:\/\/dicodusport.fr\/blog\/#\/schema\/person\/image\/","url":"https:\/\/dicodusport.fr\/blog\/wp-content\/uploads\/2021\/09\/1510990_10205810251400683_4124423575079401707_n-150x150.jpg","contentUrl":"https:\/\/dicodusport.fr\/blog\/wp-content\/uploads\/2021\/09\/1510990_10205810251400683_4124423575079401707_n-150x150.jpg","caption":"S\u00e9bastien Gente"},"description":"John Stockton, Gianni Bugno, Zinedine Zidane, Steffi Graf, Frode Andresen, St\u00e9phane Stoecklin, Davis Kamoga, Primoz Peterka, Werner Schlager et Aur\u00e9lien Rougerie. Point commun entre ces sportifs? Ils m'ont fait r\u00eaver et ont berc\u00e9 mon adolescence. Je suis un fondu de sports et j'essaie de retranscrire ma passion \u00e0 travers mes articles. Originaire du P\u00e9rigord, ma passion pour les Girondins, les Jaunards et les Jazzmen transpire dans mes \u00e9crits. \u00c0 Dicodusport depuis 2021, je d\u00e9niche les sports m\u00e9connus dans lesquels la France brille, et il y en a !","sameAs":["https:\/\/www.facebook.com\/sebastien.gente\/","https:\/\/www.instagram.com\/sebgente\/","https:\/\/www.linkedin.com\/in\/sbastien-gente-a29583169\/","https:\/\/x.com\/https:\/\/twitter.com\/globulo24","SebastienGente"],"worksFor":"S\u00e9bastien GENTE","url":"https:\/\/dicodusport.fr\/blog\/author\/sebastiengente\/"}]}},"_links":{"self":[{"href":"https:\/\/dicodusport.fr\/blog\/wp-json\/wp\/v2\/posts\/236316","targetHints":{"allow":["GET"]}}],"collection":[{"href":"https:\/\/dicodusport.fr\/blog\/wp-json\/wp\/v2\/posts"}],"about":[{"href":"https:\/\/dicodusport.fr\/blog\/wp-json\/wp\/v2\/types\/post"}],"author":[{"embeddable":true,"href":"https:\/\/dicodusport.fr\/blog\/wp-json\/wp\/v2\/users\/59"}],"replies":[{"embeddable":true,"href":"https:\/\/dicodusport.fr\/blog\/wp-json\/wp\/v2\/comments?post=236316"}],"version-history":[{"count":0,"href":"https:\/\/dicodusport.fr\/blog\/wp-json\/wp\/v2\/posts\/236316\/revisions"}],"wp:featuredmedia":[{"embeddable":true,"href":"https:\/\/dicodusport.fr\/blog\/wp-json\/wp\/v2\/media\/236322"}],"wp:attachment":[{"href":"https:\/\/dicodusport.fr\/blog\/wp-json\/wp\/v2\/media?parent=236316"}],"wp:term":[{"taxonomy":"category","embeddable":true,"href":"https:\/\/dicodusport.fr\/blog\/wp-json\/wp\/v2\/categories?post=236316"},{"taxonomy":"post_tag","embeddable":true,"href":"https:\/\/dicodusport.fr\/blog\/wp-json\/wp\/v2\/tags?post=236316"}],"curies":[{"name":"wp","href":"https:\/\/api.w.org\/{rel}","templated":true}]}}