{"id":236460,"date":"2022-06-23T18:38:54","date_gmt":"2022-06-23T16:38:54","guid":{"rendered":"https:\/\/dicodusport.fr\/blog\/?p=236460&#038;preview=true&#038;preview_id=236460"},"modified":"2022-06-23T20:37:00","modified_gmt":"2022-06-23T18:37:00","slug":"wimbledon-gael-monfils-forfait","status":"publish","type":"post","link":"https:\/\/dicodusport.fr\/blog\/wimbledon-gael-monfils-forfait\/","title":{"rendered":"Wimbledon : Ga\u00ebl Monfils forfait"},"content":{"rendered":"<p style=\"text-align: justify;\"><i><b>SAISON ATP 2022 &#8211; Sans surprise, Ga\u00ebl Monfils ne participera pas au prochain Wimbledon, qui d\u00e9bute lundi. Insuffisamment remis de sa blessure au pied, le n\u00b01 Fran\u00e7ais n&rsquo;a plus jou\u00e9 depuis d\u00e9but mai.<\/b><\/i><\/p>\n<p style=\"text-align: justify;\"><a href=\"https:\/\/dicodusport.fr\/blog\/gael-monfils-forfait-pour-roland-garros-2022\/\">D\u00e9j\u00e0 forfait \u00e0 Roland-Garros,<\/a> l&rsquo;espoir de voir <strong>Ga\u00ebl Monfils<\/strong> fouler le gazon de Wimbledon \u00e9tait bien mince. Le n\u00b01 tricolore a mis fin au suspense \u00e0 la veille du tirage au sort en officialisant son forfait pour le troisi\u00e8me Grand Chelem de la saison. Bless\u00e9 au pied, le Fran\u00e7ais a jug\u00e9 que faire l&rsquo;impasse \u00e9tait la meilleure solution pour ne pas remettre en cause sa fin de saison. C&rsquo;est un coup dur pour le Fran\u00e7ais, qui n&rsquo;a plus jou\u00e9 depuis le 3 mai, et une d\u00e9faite contre <strong>Novak Djokovic<\/strong> \u00e0 Madrid. Mais c&rsquo;est \u00e9galement probl\u00e9matique pour le tennis tricolore, qui n&rsquo;aura aucune t\u00eate de s\u00e9rie \u00e0 Wimbledon cette ann\u00e9e. Le seul point positif de ce forfait, c&rsquo;est qu&rsquo;un autre Fran\u00e7ais, <strong>Hugo Grenier,<\/strong> <a href=\"https:\/\/dicodusport.fr\/blog\/qualifications-wimbledon-enzo-couacaud-seul-francais-qualifie\/\">\u00e9limin\u00e9 au dernier tour des qualifications aujourd&rsquo;hui<\/a>, prendra la place de <strong>Ga\u00ebl Monfils<\/strong> en tant que <em>lucky loser<\/em>.<\/p>\n<blockquote class=\"twitter-tweet\">\n<p dir=\"ltr\" lang=\"en\">Hello, I wanted to give you a quick update following my foot injury. I have started to train again this week and I have felt really good. <a href=\"https:\/\/t.co\/iHDds1MdHZ\">pic.twitter.com\/iHDds1MdHZ<\/a><\/p>\n<p>\u2014 Gael Monfils (@Gael_Monfils) <a href=\"https:\/\/twitter.com\/Gael_Monfils\/status\/1540004916718100481?ref_src=twsrc%5Etfw\">June 23, 2022<\/a><\/p><\/blockquote>\n<p><script async src=\"https:\/\/platform.twitter.com\/widgets.js\" charset=\"utf-8\"><\/script><\/p>\n","protected":false},"excerpt":{"rendered":"<p>SAISON ATP 2022 &#8211; Sans surprise, Ga\u00ebl Monfils ne participera pas au prochain Wimbledon, qui d\u00e9bute lundi. Insuffisamment remis de sa blessure au pied, le n\u00b01 Fran\u00e7ais n&rsquo;a plus jou\u00e9 depuis d\u00e9but mai.<\/p>\n","protected":false},"author":59,"featured_media":236466,"comment_status":"open","ping_status":"closed","sticky":false,"template":"","format":"standard","meta":{"_acf_changed":false,"_daextam_enable_autolinks":"","footnotes":""},"categories":[47092],"tags":[2804,4792],"class_list":["post-236460","post","type-post","status-publish","format-standard","has-post-thumbnail","hentry","category-wimbledon","tag-gael-monfils","tag-tennis-francais"],"acf":[],"yoast_head":"<!-- This site is optimized with the Yoast SEO Premium plugin v26.7 (Yoast SEO v26.7) - https:\/\/yoast.com\/wordpress\/plugins\/seo\/ -->\n<title>Wimbledon : Ga\u00ebl Monfils forfait<\/title>\n<meta name=\"description\" content=\"SAISON ATP 2022 - Sans surprise, Ga\u00ebl Monfils ne participera pas au prochain Wimbledon, qui d\u00e9bute lundi, \u00e0 cause d&#039;une blessure au pied\" \/>\n<meta name=\"robots\" content=\"index, follow, max-snippet:-1, max-image-preview:large, max-video-preview:-1\" \/>\n<link rel=\"canonical\" href=\"https:\/\/dicodusport.fr\/blog\/wimbledon-gael-monfils-forfait\/\" \/>\n<meta property=\"og:locale\" content=\"fr_FR\" \/>\n<meta property=\"og:type\" content=\"article\" \/>\n<meta property=\"og:title\" content=\"Wimbledon : Ga\u00ebl Monfils forfait\" \/>\n<meta property=\"og:description\" content=\"SAISON ATP 2022 - Sans surprise, Ga\u00ebl Monfils ne participera pas au prochain Wimbledon, qui d\u00e9bute lundi, \u00e0 cause d&#039;une blessure au pied\" \/>\n<meta property=\"og:url\" content=\"https:\/\/dicodusport.fr\/blog\/wimbledon-gael-monfils-forfait\/\" \/>\n<meta property=\"og:site_name\" content=\"Dicodusport\" \/>\n<meta property=\"article:publisher\" content=\"https:\/\/www.facebook.com\/dicodusport\" \/>\n<meta property=\"article:author\" content=\"https:\/\/www.facebook.com\/sebastien.gente\/\" \/>\n<meta property=\"article:published_time\" content=\"2022-06-23T16:38:54+00:00\" \/>\n<meta property=\"article:modified_time\" content=\"2022-06-23T18:37:00+00:00\" \/>\n<meta property=\"og:image\" content=\"https:\/\/dicodusport.fr\/blog\/wp-content\/uploads\/2022\/06\/Wimbledon-Gael-Monfils-forfait.png\" \/>\n\t<meta property=\"og:image:width\" content=\"800\" \/>\n\t<meta property=\"og:image:height\" content=\"445\" \/>\n\t<meta property=\"og:image:type\" content=\"image\/png\" \/>\n<meta name=\"author\" content=\"S\u00e9bastien Gente\" \/>\n<meta name=\"twitter:card\" content=\"summary_large_image\" \/>\n<meta name=\"twitter:title\" content=\"Wimbledon : Ga\u00ebl Monfils forfait\" \/>\n<meta name=\"twitter:creator\" content=\"@https:\/\/twitter.com\/globulo24\" \/>\n<meta name=\"twitter:site\" content=\"@dicodusport\" \/>\n<script type=\"application\/ld+json\" class=\"yoast-schema-graph\">{\"@context\":\"https:\/\/schema.org\",\"@graph\":[{\"@type\":\"NewsArticle\",\"@id\":\"https:\/\/dicodusport.fr\/blog\/wimbledon-gael-monfils-forfait\/#article\",\"isPartOf\":{\"@id\":\"https:\/\/dicodusport.fr\/blog\/wimbledon-gael-monfils-forfait\/\"},\"author\":{\"name\":\"S\u00e9bastien Gente\",\"@id\":\"https:\/\/dicodusport.fr\/blog\/#\/schema\/person\/627966a6cde45dbd8c5e36ac85d783da\"},\"headline\":\"Wimbledon : Ga\u00ebl Monfils forfait\",\"datePublished\":\"2022-06-23T16:38:54+00:00\",\"dateModified\":\"2022-06-23T18:37:00+00:00\",\"mainEntityOfPage\":{\"@id\":\"https:\/\/dicodusport.fr\/blog\/wimbledon-gael-monfils-forfait\/\"},\"wordCount\":235,\"commentCount\":0,\"publisher\":{\"@id\":\"https:\/\/dicodusport.fr\/blog\/#organization\"},\"image\":{\"@id\":\"https:\/\/dicodusport.fr\/blog\/wimbledon-gael-monfils-forfait\/#primaryimage\"},\"thumbnailUrl\":\"https:\/\/dicodusport.fr\/blog\/wp-content\/uploads\/2022\/06\/Wimbledon-Gael-Monfils-forfait.png\",\"keywords\":[\"Ga\u00ebl Monfils\",\"Tennis fran\u00e7ais\"],\"articleSection\":[\"Wimbledon\"],\"inLanguage\":\"fr-FR\",\"potentialAction\":[{\"@type\":\"CommentAction\",\"name\":\"Comment\",\"target\":[\"https:\/\/dicodusport.fr\/blog\/wimbledon-gael-monfils-forfait\/#respond\"]}],\"copyrightYear\":\"2022\",\"copyrightHolder\":{\"@id\":\"https:\/\/dicodusport.fr\/blog\/#organization\"}},{\"@type\":\"WebPage\",\"@id\":\"https:\/\/dicodusport.fr\/blog\/wimbledon-gael-monfils-forfait\/\",\"url\":\"https:\/\/dicodusport.fr\/blog\/wimbledon-gael-monfils-forfait\/\",\"name\":\"Wimbledon : Ga\u00ebl Monfils forfait\",\"isPartOf\":{\"@id\":\"https:\/\/dicodusport.fr\/blog\/#website\"},\"primaryImageOfPage\":{\"@id\":\"https:\/\/dicodusport.fr\/blog\/wimbledon-gael-monfils-forfait\/#primaryimage\"},\"image\":{\"@id\":\"https:\/\/dicodusport.fr\/blog\/wimbledon-gael-monfils-forfait\/#primaryimage\"},\"thumbnailUrl\":\"https:\/\/dicodusport.fr\/blog\/wp-content\/uploads\/2022\/06\/Wimbledon-Gael-Monfils-forfait.png\",\"datePublished\":\"2022-06-23T16:38:54+00:00\",\"dateModified\":\"2022-06-23T18:37:00+00:00\",\"description\":\"SAISON ATP 2022 - Sans surprise, Ga\u00ebl Monfils ne participera pas au prochain Wimbledon, qui d\u00e9bute lundi, \u00e0 cause d'une blessure au pied\",\"breadcrumb\":{\"@id\":\"https:\/\/dicodusport.fr\/blog\/wimbledon-gael-monfils-forfait\/#breadcrumb\"},\"inLanguage\":\"fr-FR\",\"potentialAction\":[{\"@type\":\"ReadAction\",\"target\":[\"https:\/\/dicodusport.fr\/blog\/wimbledon-gael-monfils-forfait\/\"]}]},{\"@type\":\"ImageObject\",\"inLanguage\":\"fr-FR\",\"@id\":\"https:\/\/dicodusport.fr\/blog\/wimbledon-gael-monfils-forfait\/#primaryimage\",\"url\":\"https:\/\/dicodusport.fr\/blog\/wp-content\/uploads\/2022\/06\/Wimbledon-Gael-Monfils-forfait.png\",\"contentUrl\":\"https:\/\/dicodusport.fr\/blog\/wp-content\/uploads\/2022\/06\/Wimbledon-Gael-Monfils-forfait.png\",\"width\":800,\"height\":445,\"caption\":\"Wimbledon Ga\u00ebl Monfils forfait\"},{\"@type\":\"BreadcrumbList\",\"@id\":\"https:\/\/dicodusport.fr\/blog\/wimbledon-gael-monfils-forfait\/#breadcrumb\",\"itemListElement\":[{\"@type\":\"ListItem\",\"position\":1,\"name\":\"Accueil\",\"item\":\"https:\/\/dicodusport.fr\/blog\/\"},{\"@type\":\"ListItem\",\"position\":2,\"name\":\"Wimbledon : Ga\u00ebl Monfils forfait\"}]},{\"@type\":\"WebSite\",\"@id\":\"https:\/\/dicodusport.fr\/blog\/#website\",\"url\":\"https:\/\/dicodusport.fr\/blog\/\",\"name\":\"Dicodusport\",\"description\":\"L&#039;encyclop\u00e9die de l&#039;actualit\u00e9 sportive\",\"publisher\":{\"@id\":\"https:\/\/dicodusport.fr\/blog\/#organization\"},\"potentialAction\":[{\"@type\":\"SearchAction\",\"target\":{\"@type\":\"EntryPoint\",\"urlTemplate\":\"https:\/\/dicodusport.fr\/blog\/?s={search_term_string}\"},\"query-input\":{\"@type\":\"PropertyValueSpecification\",\"valueRequired\":true,\"valueName\":\"search_term_string\"}}],\"inLanguage\":\"fr-FR\"},{\"@type\":\"NewsMediaOrganization\",\"@id\":\"https:\/\/dicodusport.fr\/blog\/#organization\",\"name\":\"Dicodusport\",\"url\":\"https:\/\/dicodusport.fr\/blog\/\",\"logo\":{\"@type\":\"ImageObject\",\"inLanguage\":\"fr-FR\",\"@id\":\"https:\/\/dicodusport.fr\/blog\/#\/schema\/logo\/image\/\",\"url\":\"https:\/\/dicodusport.fr\/blog\/wp-content\/uploads\/2020\/06\/cropped-LOGO-DICODUSPORT-2020-SANS-FOND-SANS-TEXTE.png\",\"contentUrl\":\"https:\/\/dicodusport.fr\/blog\/wp-content\/uploads\/2020\/06\/cropped-LOGO-DICODUSPORT-2020-SANS-FOND-SANS-TEXTE.png\",\"width\":512,\"height\":512,\"caption\":\"Dicodusport\"},\"image\":{\"@id\":\"https:\/\/dicodusport.fr\/blog\/#\/schema\/logo\/image\/\"},\"sameAs\":[\"https:\/\/www.facebook.com\/dicodusport\",\"https:\/\/x.com\/dicodusport\",\"https:\/\/www.instagram.com\/dicodusport\/\",\"https:\/\/www.youtube.com\/channel\/UC7V2KZ5sd3htJivAbA4ZG3w\"],\"description\":\"Dicodusport est l'encyclop\u00e9die de l'actualit\u00e9 sportive.\",\"email\":\"bonjour@dicodusport.fr\",\"legalName\":\"DICODUSPORT\",\"foundingDate\":\"2018-01-14\",\"vatID\":\"FR71834470973\",\"taxID\":\"83447097300043\",\"numberOfEmployees\":{\"@type\":\"QuantitativeValue\",\"minValue\":\"1\",\"maxValue\":\"10\"}},{\"@type\":\"Person\",\"@id\":\"https:\/\/dicodusport.fr\/blog\/#\/schema\/person\/627966a6cde45dbd8c5e36ac85d783da\",\"name\":\"S\u00e9bastien Gente\",\"image\":{\"@type\":\"ImageObject\",\"inLanguage\":\"fr-FR\",\"@id\":\"https:\/\/dicodusport.fr\/blog\/#\/schema\/person\/image\/\",\"url\":\"https:\/\/dicodusport.fr\/blog\/wp-content\/uploads\/2021\/09\/1510990_10205810251400683_4124423575079401707_n-150x150.jpg\",\"contentUrl\":\"https:\/\/dicodusport.fr\/blog\/wp-content\/uploads\/2021\/09\/1510990_10205810251400683_4124423575079401707_n-150x150.jpg\",\"caption\":\"S\u00e9bastien Gente\"},\"description\":\"John Stockton, Gianni Bugno, Zinedine Zidane, Steffi Graf, Frode Andresen, St\u00e9phane Stoecklin, Davis Kamoga, Primoz Peterka, Werner Schlager et Aur\u00e9lien Rougerie. Point commun entre ces sportifs? Ils m'ont fait r\u00eaver et ont berc\u00e9 mon adolescence. Je suis un fondu de sports et j'essaie de retranscrire ma passion \u00e0 travers mes articles. Originaire du P\u00e9rigord, ma passion pour les Girondins, les Jaunards et les Jazzmen transpire dans mes \u00e9crits. \u00c0 Dicodusport depuis 2021, je d\u00e9niche les sports m\u00e9connus dans lesquels la France brille, et il y en a !\",\"sameAs\":[\"https:\/\/www.facebook.com\/sebastien.gente\/\",\"https:\/\/www.instagram.com\/sebgente\/\",\"https:\/\/www.linkedin.com\/in\/sbastien-gente-a29583169\/\",\"https:\/\/x.com\/https:\/\/twitter.com\/globulo24\",\"SebastienGente\"],\"worksFor\":\"S\u00e9bastien GENTE\",\"url\":\"https:\/\/dicodusport.fr\/blog\/author\/sebastiengente\/\"}]}<\/script>\n<!-- \/ Yoast SEO Premium plugin. -->","yoast_head_json":{"title":"Wimbledon : Ga\u00ebl Monfils forfait","description":"SAISON ATP 2022 - Sans surprise, Ga\u00ebl Monfils ne participera pas au prochain Wimbledon, qui d\u00e9bute lundi, \u00e0 cause d'une blessure au pied","robots":{"index":"index","follow":"follow","max-snippet":"max-snippet:-1","max-image-preview":"max-image-preview:large","max-video-preview":"max-video-preview:-1"},"canonical":"https:\/\/dicodusport.fr\/blog\/wimbledon-gael-monfils-forfait\/","og_locale":"fr_FR","og_type":"article","og_title":"Wimbledon : Ga\u00ebl Monfils forfait","og_description":"SAISON ATP 2022 - Sans surprise, Ga\u00ebl Monfils ne participera pas au prochain Wimbledon, qui d\u00e9bute lundi, \u00e0 cause d'une blessure au pied","og_url":"https:\/\/dicodusport.fr\/blog\/wimbledon-gael-monfils-forfait\/","og_site_name":"Dicodusport","article_publisher":"https:\/\/www.facebook.com\/dicodusport","article_author":"https:\/\/www.facebook.com\/sebastien.gente\/","article_published_time":"2022-06-23T16:38:54+00:00","article_modified_time":"2022-06-23T18:37:00+00:00","og_image":[{"width":800,"height":445,"url":"https:\/\/dicodusport.fr\/blog\/wp-content\/uploads\/2022\/06\/Wimbledon-Gael-Monfils-forfait.png","type":"image\/png"}],"author":"S\u00e9bastien Gente","twitter_card":"summary_large_image","twitter_title":"Wimbledon : Ga\u00ebl Monfils forfait","twitter_creator":"@https:\/\/twitter.com\/globulo24","twitter_site":"@dicodusport","schema":{"@context":"https:\/\/schema.org","@graph":[{"@type":"NewsArticle","@id":"https:\/\/dicodusport.fr\/blog\/wimbledon-gael-monfils-forfait\/#article","isPartOf":{"@id":"https:\/\/dicodusport.fr\/blog\/wimbledon-gael-monfils-forfait\/"},"author":{"name":"S\u00e9bastien Gente","@id":"https:\/\/dicodusport.fr\/blog\/#\/schema\/person\/627966a6cde45dbd8c5e36ac85d783da"},"headline":"Wimbledon : Ga\u00ebl Monfils forfait","datePublished":"2022-06-23T16:38:54+00:00","dateModified":"2022-06-23T18:37:00+00:00","mainEntityOfPage":{"@id":"https:\/\/dicodusport.fr\/blog\/wimbledon-gael-monfils-forfait\/"},"wordCount":235,"commentCount":0,"publisher":{"@id":"https:\/\/dicodusport.fr\/blog\/#organization"},"image":{"@id":"https:\/\/dicodusport.fr\/blog\/wimbledon-gael-monfils-forfait\/#primaryimage"},"thumbnailUrl":"https:\/\/dicodusport.fr\/blog\/wp-content\/uploads\/2022\/06\/Wimbledon-Gael-Monfils-forfait.png","keywords":["Ga\u00ebl Monfils","Tennis fran\u00e7ais"],"articleSection":["Wimbledon"],"inLanguage":"fr-FR","potentialAction":[{"@type":"CommentAction","name":"Comment","target":["https:\/\/dicodusport.fr\/blog\/wimbledon-gael-monfils-forfait\/#respond"]}],"copyrightYear":"2022","copyrightHolder":{"@id":"https:\/\/dicodusport.fr\/blog\/#organization"}},{"@type":"WebPage","@id":"https:\/\/dicodusport.fr\/blog\/wimbledon-gael-monfils-forfait\/","url":"https:\/\/dicodusport.fr\/blog\/wimbledon-gael-monfils-forfait\/","name":"Wimbledon : Ga\u00ebl Monfils forfait","isPartOf":{"@id":"https:\/\/dicodusport.fr\/blog\/#website"},"primaryImageOfPage":{"@id":"https:\/\/dicodusport.fr\/blog\/wimbledon-gael-monfils-forfait\/#primaryimage"},"image":{"@id":"https:\/\/dicodusport.fr\/blog\/wimbledon-gael-monfils-forfait\/#primaryimage"},"thumbnailUrl":"https:\/\/dicodusport.fr\/blog\/wp-content\/uploads\/2022\/06\/Wimbledon-Gael-Monfils-forfait.png","datePublished":"2022-06-23T16:38:54+00:00","dateModified":"2022-06-23T18:37:00+00:00","description":"SAISON ATP 2022 - Sans surprise, Ga\u00ebl Monfils ne participera pas au prochain Wimbledon, qui d\u00e9bute lundi, \u00e0 cause d'une blessure au pied","breadcrumb":{"@id":"https:\/\/dicodusport.fr\/blog\/wimbledon-gael-monfils-forfait\/#breadcrumb"},"inLanguage":"fr-FR","potentialAction":[{"@type":"ReadAction","target":["https:\/\/dicodusport.fr\/blog\/wimbledon-gael-monfils-forfait\/"]}]},{"@type":"ImageObject","inLanguage":"fr-FR","@id":"https:\/\/dicodusport.fr\/blog\/wimbledon-gael-monfils-forfait\/#primaryimage","url":"https:\/\/dicodusport.fr\/blog\/wp-content\/uploads\/2022\/06\/Wimbledon-Gael-Monfils-forfait.png","contentUrl":"https:\/\/dicodusport.fr\/blog\/wp-content\/uploads\/2022\/06\/Wimbledon-Gael-Monfils-forfait.png","width":800,"height":445,"caption":"Wimbledon Ga\u00ebl Monfils forfait"},{"@type":"BreadcrumbList","@id":"https:\/\/dicodusport.fr\/blog\/wimbledon-gael-monfils-forfait\/#breadcrumb","itemListElement":[{"@type":"ListItem","position":1,"name":"Accueil","item":"https:\/\/dicodusport.fr\/blog\/"},{"@type":"ListItem","position":2,"name":"Wimbledon : Ga\u00ebl Monfils forfait"}]},{"@type":"WebSite","@id":"https:\/\/dicodusport.fr\/blog\/#website","url":"https:\/\/dicodusport.fr\/blog\/","name":"Dicodusport","description":"L&#039;encyclop\u00e9die de l&#039;actualit\u00e9 sportive","publisher":{"@id":"https:\/\/dicodusport.fr\/blog\/#organization"},"potentialAction":[{"@type":"SearchAction","target":{"@type":"EntryPoint","urlTemplate":"https:\/\/dicodusport.fr\/blog\/?s={search_term_string}"},"query-input":{"@type":"PropertyValueSpecification","valueRequired":true,"valueName":"search_term_string"}}],"inLanguage":"fr-FR"},{"@type":"NewsMediaOrganization","@id":"https:\/\/dicodusport.fr\/blog\/#organization","name":"Dicodusport","url":"https:\/\/dicodusport.fr\/blog\/","logo":{"@type":"ImageObject","inLanguage":"fr-FR","@id":"https:\/\/dicodusport.fr\/blog\/#\/schema\/logo\/image\/","url":"https:\/\/dicodusport.fr\/blog\/wp-content\/uploads\/2020\/06\/cropped-LOGO-DICODUSPORT-2020-SANS-FOND-SANS-TEXTE.png","contentUrl":"https:\/\/dicodusport.fr\/blog\/wp-content\/uploads\/2020\/06\/cropped-LOGO-DICODUSPORT-2020-SANS-FOND-SANS-TEXTE.png","width":512,"height":512,"caption":"Dicodusport"},"image":{"@id":"https:\/\/dicodusport.fr\/blog\/#\/schema\/logo\/image\/"},"sameAs":["https:\/\/www.facebook.com\/dicodusport","https:\/\/x.com\/dicodusport","https:\/\/www.instagram.com\/dicodusport\/","https:\/\/www.youtube.com\/channel\/UC7V2KZ5sd3htJivAbA4ZG3w"],"description":"Dicodusport est l'encyclop\u00e9die de l'actualit\u00e9 sportive.","email":"bonjour@dicodusport.fr","legalName":"DICODUSPORT","foundingDate":"2018-01-14","vatID":"FR71834470973","taxID":"83447097300043","numberOfEmployees":{"@type":"QuantitativeValue","minValue":"1","maxValue":"10"}},{"@type":"Person","@id":"https:\/\/dicodusport.fr\/blog\/#\/schema\/person\/627966a6cde45dbd8c5e36ac85d783da","name":"S\u00e9bastien Gente","image":{"@type":"ImageObject","inLanguage":"fr-FR","@id":"https:\/\/dicodusport.fr\/blog\/#\/schema\/person\/image\/","url":"https:\/\/dicodusport.fr\/blog\/wp-content\/uploads\/2021\/09\/1510990_10205810251400683_4124423575079401707_n-150x150.jpg","contentUrl":"https:\/\/dicodusport.fr\/blog\/wp-content\/uploads\/2021\/09\/1510990_10205810251400683_4124423575079401707_n-150x150.jpg","caption":"S\u00e9bastien Gente"},"description":"John Stockton, Gianni Bugno, Zinedine Zidane, Steffi Graf, Frode Andresen, St\u00e9phane Stoecklin, Davis Kamoga, Primoz Peterka, Werner Schlager et Aur\u00e9lien Rougerie. Point commun entre ces sportifs? Ils m'ont fait r\u00eaver et ont berc\u00e9 mon adolescence. Je suis un fondu de sports et j'essaie de retranscrire ma passion \u00e0 travers mes articles. Originaire du P\u00e9rigord, ma passion pour les Girondins, les Jaunards et les Jazzmen transpire dans mes \u00e9crits. \u00c0 Dicodusport depuis 2021, je d\u00e9niche les sports m\u00e9connus dans lesquels la France brille, et il y en a !","sameAs":["https:\/\/www.facebook.com\/sebastien.gente\/","https:\/\/www.instagram.com\/sebgente\/","https:\/\/www.linkedin.com\/in\/sbastien-gente-a29583169\/","https:\/\/x.com\/https:\/\/twitter.com\/globulo24","SebastienGente"],"worksFor":"S\u00e9bastien GENTE","url":"https:\/\/dicodusport.fr\/blog\/author\/sebastiengente\/"}]}},"_links":{"self":[{"href":"https:\/\/dicodusport.fr\/blog\/wp-json\/wp\/v2\/posts\/236460","targetHints":{"allow":["GET"]}}],"collection":[{"href":"https:\/\/dicodusport.fr\/blog\/wp-json\/wp\/v2\/posts"}],"about":[{"href":"https:\/\/dicodusport.fr\/blog\/wp-json\/wp\/v2\/types\/post"}],"author":[{"embeddable":true,"href":"https:\/\/dicodusport.fr\/blog\/wp-json\/wp\/v2\/users\/59"}],"replies":[{"embeddable":true,"href":"https:\/\/dicodusport.fr\/blog\/wp-json\/wp\/v2\/comments?post=236460"}],"version-history":[{"count":0,"href":"https:\/\/dicodusport.fr\/blog\/wp-json\/wp\/v2\/posts\/236460\/revisions"}],"wp:featuredmedia":[{"embeddable":true,"href":"https:\/\/dicodusport.fr\/blog\/wp-json\/wp\/v2\/media\/236466"}],"wp:attachment":[{"href":"https:\/\/dicodusport.fr\/blog\/wp-json\/wp\/v2\/media?parent=236460"}],"wp:term":[{"taxonomy":"category","embeddable":true,"href":"https:\/\/dicodusport.fr\/blog\/wp-json\/wp\/v2\/categories?post=236460"},{"taxonomy":"post_tag","embeddable":true,"href":"https:\/\/dicodusport.fr\/blog\/wp-json\/wp\/v2\/tags?post=236460"}],"curies":[{"name":"wp","href":"https:\/\/api.w.org\/{rel}","templated":true}]}}