{"id":236696,"date":"2022-06-24T14:11:02","date_gmt":"2022-06-24T12:11:02","guid":{"rendered":"https:\/\/dicodusport.fr\/blog\/?p=236696&#038;preview=true&#038;preview_id=236696"},"modified":"2022-06-28T13:35:07","modified_gmt":"2022-06-28T11:35:07","slug":"le-profil-des-21-etapes-du-tour-de-france-2022","status":"publish","type":"post","link":"https:\/\/dicodusport.fr\/blog\/le-profil-des-21-etapes-du-tour-de-france-2022\/","title":{"rendered":"Le profil des 21 \u00e9tapes du Tour de France 2022"},"content":{"rendered":"<p style=\"text-align: justify;\"><b><i><a href=\"https:\/\/dicodusport.fr\/blog\/actualites\/cyclisme\/cyclisme-sur-route-2022\/tour-de-france-2022\/\">TOUR DE FRANCE 2022<\/a> &#8211; D\u00e9couvrez le profil des 21 \u00e9tapes du Tour de France 2022, qui se d\u00e9roule du vendredi 1er au dimanche 24 juillet, entre Copenhague (Danemark) et les Champs-\u00c9lys\u00e9es de Paris.<\/i><\/b><\/p>\n<h2 style=\"text-align: justify;\"><strong><span style=\"font-size: 24px;\">1\u00e8re \u00e9tape &#8211; CLM Individuel : Copenhague &#8211; Copenhague (Vendredi 1er juillet)<\/span><\/strong><\/h2>\n<p style=\"text-align: justify;\">CLM individuel d&rsquo;une distance de 13,2 km.<\/p>\n<div id=\"attachment_236769\" style=\"width: 970px\" class=\"wp-caption aligncenter\"><a href=\"https:\/\/dicodusport.fr\/blog\/wp-content\/uploads\/2022\/06\/Profil-1ere-etape-Tour-de-France-2022.jpg\"><img loading=\"lazy\" decoding=\"async\" aria-describedby=\"caption-attachment-236769\" class=\"wp-image-236769 size-full\" src=\"https:\/\/dicodusport.fr\/blog\/wp-content\/uploads\/2022\/06\/Profil-1ere-etape-Tour-de-France-2022.jpg\" alt=\"Profil 1\u00e8re \u00e9tape Tour de France 2022\" width=\"960\" height=\"579\" srcset=\"https:\/\/dicodusport.fr\/blog\/wp-content\/uploads\/2022\/06\/Profil-1ere-etape-Tour-de-France-2022.jpg 960w, https:\/\/dicodusport.fr\/blog\/wp-content\/uploads\/2022\/06\/Profil-1ere-etape-Tour-de-France-2022-300x181.jpg 300w, https:\/\/dicodusport.fr\/blog\/wp-content\/uploads\/2022\/06\/Profil-1ere-etape-Tour-de-France-2022-768x463.jpg 768w, https:\/\/dicodusport.fr\/blog\/wp-content\/uploads\/2022\/06\/Profil-1ere-etape-Tour-de-France-2022-400x240.jpg 400w\" sizes=\"auto, (max-width: 960px) 100vw, 960px\" \/><\/a><p id=\"caption-attachment-236769\" class=\"wp-caption-text\">Profil 1\u00e8re \u00e9tape Tour de France 2022 &#8211; Via ASO<\/p><\/div>\n<p style=\"text-align: center;\"><a href=\"http:\/\/dicodusport.fr\/blog\/le-profil-des-21-etapes-du-tour-de-france-2022\/2\/#deux\" class=\"su-button su-button-style-flat\" style=\"color:#FFFFFF;background-color:#0057ae;border-color:#00468c;border-radius:4px\" target=\"_self\"><span style=\"color:#FFFFFF;padding:0px 22px;font-size:17px;line-height:34px;border-color:#4d8ac7;border-radius:4px;text-shadow:none\"> <strong>2\u00e8me \u00e9tape<\/strong><\/span><\/a><!--nextpage--><\/p>\n<h2 style=\"text-align: justify;\"><a id=\"deux\"><\/a><strong><span style=\"font-size: 24px;\">2\u00e8me \u00e9tape : Roskilde &#8211; Nyborg (Samedi 2 juillet)<\/span><\/strong><\/h2>\n<p style=\"text-align: justify;\">\u00c9tape de plaine d&rsquo;une distance de 202,2 km.<\/p>\n<div id=\"attachment_236768\" style=\"width: 970px\" class=\"wp-caption aligncenter\"><a href=\"https:\/\/dicodusport.fr\/blog\/wp-content\/uploads\/2022\/06\/Profil-2eme-etape-Tour-de-France-2022.jpg\"><img loading=\"lazy\" decoding=\"async\" aria-describedby=\"caption-attachment-236768\" class=\"wp-image-236768 size-full\" src=\"https:\/\/dicodusport.fr\/blog\/wp-content\/uploads\/2022\/06\/Profil-2eme-etape-Tour-de-France-2022.jpg\" alt=\"Profil 2\u00e8me \u00e9tape Tour de France 2022\" width=\"960\" height=\"579\" srcset=\"https:\/\/dicodusport.fr\/blog\/wp-content\/uploads\/2022\/06\/Profil-2eme-etape-Tour-de-France-2022.jpg 960w, https:\/\/dicodusport.fr\/blog\/wp-content\/uploads\/2022\/06\/Profil-2eme-etape-Tour-de-France-2022-300x181.jpg 300w, https:\/\/dicodusport.fr\/blog\/wp-content\/uploads\/2022\/06\/Profil-2eme-etape-Tour-de-France-2022-768x463.jpg 768w, https:\/\/dicodusport.fr\/blog\/wp-content\/uploads\/2022\/06\/Profil-2eme-etape-Tour-de-France-2022-400x240.jpg 400w\" sizes=\"auto, (max-width: 960px) 100vw, 960px\" \/><\/a><p id=\"caption-attachment-236768\" class=\"wp-caption-text\">Profil 2\u00e8me \u00e9tape Tour de France 2022 &#8211; Via ASO<\/p><\/div>\n<p style=\"text-align: center;\"><a href=\"http:\/\/dicodusport.fr\/blog\/le-profil-des-21-etapes-du-tour-de-france-2022\/3\/#trois\" class=\"su-button su-button-style-flat\" style=\"color:#FFFFFF;background-color:#0057ae;border-color:#00468c;border-radius:4px\" target=\"_self\"><span style=\"color:#FFFFFF;padding:0px 22px;font-size:17px;line-height:34px;border-color:#4d8ac7;border-radius:4px;text-shadow:none\"> <strong>3\u00e8me \u00e9tape<\/strong><\/span><\/a>\n<p><!--nextpage--><\/p>\n<h2 style=\"text-align: justify;\"><a id=\"trois\"><\/a><strong><span style=\"font-size: 24px;\">3\u00e8me \u00e9tape : Vejle &#8211; Sonderborg (Dimanche 3 juillet)<\/span><\/strong><\/h2>\n<p style=\"text-align: justify;\">\u00c9tape de plaine d&rsquo;une distance de 182 km.<\/p>\n<div id=\"attachment_236767\" style=\"width: 970px\" class=\"wp-caption aligncenter\"><a href=\"https:\/\/dicodusport.fr\/blog\/wp-content\/uploads\/2022\/06\/Profil-3eme-etape-Tour-de-France-2022.jpg\"><img loading=\"lazy\" decoding=\"async\" aria-describedby=\"caption-attachment-236767\" class=\"wp-image-236767 size-full\" src=\"https:\/\/dicodusport.fr\/blog\/wp-content\/uploads\/2022\/06\/Profil-3eme-etape-Tour-de-France-2022.jpg\" alt=\"Profil 3\u00e8me \u00e9tape Tour de France 2022\" width=\"960\" height=\"579\" srcset=\"https:\/\/dicodusport.fr\/blog\/wp-content\/uploads\/2022\/06\/Profil-3eme-etape-Tour-de-France-2022.jpg 960w, https:\/\/dicodusport.fr\/blog\/wp-content\/uploads\/2022\/06\/Profil-3eme-etape-Tour-de-France-2022-300x181.jpg 300w, https:\/\/dicodusport.fr\/blog\/wp-content\/uploads\/2022\/06\/Profil-3eme-etape-Tour-de-France-2022-768x463.jpg 768w, https:\/\/dicodusport.fr\/blog\/wp-content\/uploads\/2022\/06\/Profil-3eme-etape-Tour-de-France-2022-400x240.jpg 400w\" sizes=\"auto, (max-width: 960px) 100vw, 960px\" \/><\/a><p id=\"caption-attachment-236767\" class=\"wp-caption-text\">Profil 3\u00e8me \u00e9tape Tour de France 2022 &#8211; Via ASO<\/p><\/div>\n<p style=\"text-align: center;\"><a href=\"http:\/\/dicodusport.fr\/blog\/le-profil-des-21-etapes-du-tour-de-france-2022\/4\/#quatre\" class=\"su-button su-button-style-flat\" style=\"color:#FFFFFF;background-color:#0057ae;border-color:#00468c;border-radius:4px\" target=\"_self\"><span style=\"color:#FFFFFF;padding:0px 22px;font-size:17px;line-height:34px;border-color:#4d8ac7;border-radius:4px;text-shadow:none\"> <strong>4\u00e8me \u00e9tape<\/strong><\/span><\/a>\n<p><!--nextpage--><\/p>\n<h2 style=\"text-align: justify;\"><a id=\"quatre\"><\/a><strong><span style=\"font-size: 24px;\">4\u00e8me \u00e9tape : Dunkerque &#8211; Calais (Mardi 5 juillet)<\/span><\/strong><\/h2>\n<p>\u00c9tape de plaine d&rsquo;une distance de 171,5 km.<\/p>\n<div id=\"attachment_236766\" style=\"width: 970px\" class=\"wp-caption aligncenter\"><a href=\"https:\/\/dicodusport.fr\/blog\/wp-content\/uploads\/2022\/06\/Profil-4eme-etape-Tour-de-France-2022.jpg\"><img loading=\"lazy\" decoding=\"async\" aria-describedby=\"caption-attachment-236766\" class=\"wp-image-236766 size-full\" src=\"https:\/\/dicodusport.fr\/blog\/wp-content\/uploads\/2022\/06\/Profil-4eme-etape-Tour-de-France-2022.jpg\" alt=\"Profil 4\u00e8me \u00e9tape Tour de France 2022\" width=\"960\" height=\"579\" srcset=\"https:\/\/dicodusport.fr\/blog\/wp-content\/uploads\/2022\/06\/Profil-4eme-etape-Tour-de-France-2022.jpg 960w, https:\/\/dicodusport.fr\/blog\/wp-content\/uploads\/2022\/06\/Profil-4eme-etape-Tour-de-France-2022-300x181.jpg 300w, https:\/\/dicodusport.fr\/blog\/wp-content\/uploads\/2022\/06\/Profil-4eme-etape-Tour-de-France-2022-768x463.jpg 768w, https:\/\/dicodusport.fr\/blog\/wp-content\/uploads\/2022\/06\/Profil-4eme-etape-Tour-de-France-2022-400x240.jpg 400w\" sizes=\"auto, (max-width: 960px) 100vw, 960px\" \/><\/a><p id=\"caption-attachment-236766\" class=\"wp-caption-text\">Profil 4\u00e8me \u00e9tape Tour de France 2022 &#8211; Via ASO<\/p><\/div>\n<p style=\"text-align: center;\"><a href=\"http:\/\/dicodusport.fr\/blog\/le-profil-des-21-etapes-du-tour-de-france-2022\/5\/#cinq\" class=\"su-button su-button-style-flat\" style=\"color:#FFFFFF;background-color:#0057ae;border-color:#00468c;border-radius:4px\" target=\"_self\"><span style=\"color:#FFFFFF;padding:0px 22px;font-size:17px;line-height:34px;border-color:#4d8ac7;border-radius:4px;text-shadow:none\"> <strong>5\u00e8me \u00e9tape<\/strong><\/span><\/a>\n<p><!--nextpage--><\/p>\n<h2 style=\"text-align: justify;\"><a id=\"cinq\"><\/a><strong><span style=\"font-size: 24px;\">5\u00e8me \u00e9tape : Lille &#8211; Arenberg-Porte du Hainaut (Mercredi 6 juillet)<\/span><\/strong><\/h2>\n<p style=\"text-align: justify;\">\u00c9tape de plaine d&rsquo;une distance de 157 km.<\/p>\n<div id=\"attachment_236765\" style=\"width: 970px\" class=\"wp-caption aligncenter\"><a href=\"https:\/\/dicodusport.fr\/blog\/wp-content\/uploads\/2022\/06\/Profil-5eme-etape-Tour-de-France-2022.jpg\"><img loading=\"lazy\" decoding=\"async\" aria-describedby=\"caption-attachment-236765\" class=\"wp-image-236765 size-full\" src=\"https:\/\/dicodusport.fr\/blog\/wp-content\/uploads\/2022\/06\/Profil-5eme-etape-Tour-de-France-2022.jpg\" alt=\"Profil 5\u00e8me \u00e9tape Tour de France 2022\" width=\"960\" height=\"579\" srcset=\"https:\/\/dicodusport.fr\/blog\/wp-content\/uploads\/2022\/06\/Profil-5eme-etape-Tour-de-France-2022.jpg 960w, https:\/\/dicodusport.fr\/blog\/wp-content\/uploads\/2022\/06\/Profil-5eme-etape-Tour-de-France-2022-300x181.jpg 300w, https:\/\/dicodusport.fr\/blog\/wp-content\/uploads\/2022\/06\/Profil-5eme-etape-Tour-de-France-2022-768x463.jpg 768w, https:\/\/dicodusport.fr\/blog\/wp-content\/uploads\/2022\/06\/Profil-5eme-etape-Tour-de-France-2022-400x240.jpg 400w\" sizes=\"auto, (max-width: 960px) 100vw, 960px\" \/><\/a><p id=\"caption-attachment-236765\" class=\"wp-caption-text\">Profil 5\u00e8me \u00e9tape Tour de France 2022<\/p><\/div>\n<p style=\"text-align: center;\"><a href=\"http:\/\/dicodusport.fr\/blog\/le-profil-des-21-etapes-du-tour-de-france-2022\/6\/#six\" class=\"su-button su-button-style-flat\" style=\"color:#FFFFFF;background-color:#0057ae;border-color:#00468c;border-radius:4px\" target=\"_self\"><span style=\"color:#FFFFFF;padding:0px 22px;font-size:17px;line-height:34px;border-color:#4d8ac7;border-radius:4px;text-shadow:none\"> <strong>6\u00e8me \u00e9tape<\/strong><\/span><\/a><!--nextpage--><\/p>\n<h2 style=\"text-align: justify;\"><a id=\"six\"><\/a><strong><span style=\"font-size: 24px;\">6\u00e8me \u00e9tape : Binche &#8211; Longwy (Jeudi 7 juillet)<\/span><\/strong><\/h2>\n<p style=\"text-align: justify;\">\u00c9tape accident\u00e9e d&rsquo;une distance de 219,9 km.<\/p>\n<div id=\"attachment_236764\" style=\"width: 970px\" class=\"wp-caption aligncenter\"><a href=\"https:\/\/dicodusport.fr\/blog\/wp-content\/uploads\/2022\/06\/Profil-6eme-etape-Tour-de-France-2022.jpg\"><img loading=\"lazy\" decoding=\"async\" aria-describedby=\"caption-attachment-236764\" class=\"wp-image-236764 size-full\" src=\"https:\/\/dicodusport.fr\/blog\/wp-content\/uploads\/2022\/06\/Profil-6eme-etape-Tour-de-France-2022.jpg\" alt=\"Profil 6\u00e8me \u00e9tape Tour de France 2022\" width=\"960\" height=\"579\" srcset=\"https:\/\/dicodusport.fr\/blog\/wp-content\/uploads\/2022\/06\/Profil-6eme-etape-Tour-de-France-2022.jpg 960w, https:\/\/dicodusport.fr\/blog\/wp-content\/uploads\/2022\/06\/Profil-6eme-etape-Tour-de-France-2022-300x181.jpg 300w, https:\/\/dicodusport.fr\/blog\/wp-content\/uploads\/2022\/06\/Profil-6eme-etape-Tour-de-France-2022-768x463.jpg 768w, https:\/\/dicodusport.fr\/blog\/wp-content\/uploads\/2022\/06\/Profil-6eme-etape-Tour-de-France-2022-400x240.jpg 400w\" sizes=\"auto, (max-width: 960px) 100vw, 960px\" \/><\/a><p id=\"caption-attachment-236764\" class=\"wp-caption-text\">Profil 6\u00e8me \u00e9tape Tour de France 2022 &#8211; Via ASO<\/p><\/div>\n<p style=\"text-align: center;\"><a href=\"http:\/\/dicodusport.fr\/blog\/le-profil-des-21-etapes-du-tour-de-france-2022\/7\/#sept\" class=\"su-button su-button-style-flat\" style=\"color:#FFFFFF;background-color:#0057ae;border-color:#00468c;border-radius:4px\" target=\"_self\"><span style=\"color:#FFFFFF;padding:0px 22px;font-size:17px;line-height:34px;border-color:#4d8ac7;border-radius:4px;text-shadow:none\"> <strong>7\u00e8me \u00e9tape<\/strong><\/span><\/a><!--nextpage--><\/p>\n<h2 style=\"text-align: justify;\"><a id=\"sept\"><\/a>7\u00e8me \u00e9tape : Tomblaine &#8211; La Super Planche des Belles Filles (Vendredi 8 juillet)<\/h2>\n<p style=\"text-align: justify;\">\u00c9tape de moyenne montagne d&rsquo;une distance de 176,3 km.<\/p>\n<div id=\"attachment_236763\" style=\"width: 970px\" class=\"wp-caption aligncenter\"><a href=\"https:\/\/dicodusport.fr\/blog\/wp-content\/uploads\/2022\/06\/Profil-7eme-etape-Tour-de-France-2022.jpg\"><img loading=\"lazy\" decoding=\"async\" aria-describedby=\"caption-attachment-236763\" class=\"wp-image-236763 size-full\" src=\"https:\/\/dicodusport.fr\/blog\/wp-content\/uploads\/2022\/06\/Profil-7eme-etape-Tour-de-France-2022.jpg\" alt=\"Profil 7\u00e8me \u00e9tape Tour de France 2022\" width=\"960\" height=\"579\" srcset=\"https:\/\/dicodusport.fr\/blog\/wp-content\/uploads\/2022\/06\/Profil-7eme-etape-Tour-de-France-2022.jpg 960w, https:\/\/dicodusport.fr\/blog\/wp-content\/uploads\/2022\/06\/Profil-7eme-etape-Tour-de-France-2022-300x181.jpg 300w, https:\/\/dicodusport.fr\/blog\/wp-content\/uploads\/2022\/06\/Profil-7eme-etape-Tour-de-France-2022-768x463.jpg 768w, https:\/\/dicodusport.fr\/blog\/wp-content\/uploads\/2022\/06\/Profil-7eme-etape-Tour-de-France-2022-400x240.jpg 400w\" sizes=\"auto, (max-width: 960px) 100vw, 960px\" \/><\/a><p id=\"caption-attachment-236763\" class=\"wp-caption-text\">Profil 7\u00e8me \u00e9tape Tour de France 2022 &#8211; Via ASO<\/p><\/div>\n<p style=\"text-align: center;\"><a href=\"http:\/\/dicodusport.fr\/blog\/le-profil-des-21-etapes-du-tour-de-france-2022\/8\/#huit\" class=\"su-button su-button-style-flat\" style=\"color:#FFFFFF;background-color:#0057ae;border-color:#00468c;border-radius:4px\" target=\"_self\"><span style=\"color:#FFFFFF;padding:0px 22px;font-size:17px;line-height:34px;border-color:#4d8ac7;border-radius:4px;text-shadow:none\"> <strong>8\u00e8me \u00e9tape<\/strong><\/span><\/a>\n<p><!--nextpage--><\/p>\n<h2 style=\"text-align: justify;\"><a id=\"huit\"><\/a>8\u00e8me \u00e9tape : Dole &#8211; Lausanne (Samedi 9 juillet)<\/h2>\n<p style=\"text-align: justify;\">\u00c9tape de moyenne montagne d&rsquo;une distance de 186,3 km.<\/p>\n<div id=\"attachment_236762\" style=\"width: 970px\" class=\"wp-caption aligncenter\"><a href=\"https:\/\/dicodusport.fr\/blog\/wp-content\/uploads\/2022\/06\/Profil-8eme-etape-Tour-de-France-2022.jpg\"><img loading=\"lazy\" decoding=\"async\" aria-describedby=\"caption-attachment-236762\" class=\"wp-image-236762 size-full\" src=\"https:\/\/dicodusport.fr\/blog\/wp-content\/uploads\/2022\/06\/Profil-8eme-etape-Tour-de-France-2022.jpg\" alt=\"Profil 8\u00e8me \u00e9tape Tour de France 2022\" width=\"960\" height=\"579\" srcset=\"https:\/\/dicodusport.fr\/blog\/wp-content\/uploads\/2022\/06\/Profil-8eme-etape-Tour-de-France-2022.jpg 960w, https:\/\/dicodusport.fr\/blog\/wp-content\/uploads\/2022\/06\/Profil-8eme-etape-Tour-de-France-2022-300x181.jpg 300w, https:\/\/dicodusport.fr\/blog\/wp-content\/uploads\/2022\/06\/Profil-8eme-etape-Tour-de-France-2022-768x463.jpg 768w, https:\/\/dicodusport.fr\/blog\/wp-content\/uploads\/2022\/06\/Profil-8eme-etape-Tour-de-France-2022-400x240.jpg 400w\" sizes=\"auto, (max-width: 960px) 100vw, 960px\" \/><\/a><p id=\"caption-attachment-236762\" class=\"wp-caption-text\">Profil 8\u00e8me \u00e9tape Tour de France 2022 &#8211; Via ASO<\/p><\/div>\n<p style=\"text-align: center;\"><a href=\"http:\/\/dicodusport.fr\/blog\/le-profil-des-21-etapes-du-tour-de-france-2022\/9\/#neuf\" class=\"su-button su-button-style-flat\" style=\"color:#FFFFFF;background-color:#0057ae;border-color:#00468c;border-radius:4px\" target=\"_self\"><span style=\"color:#FFFFFF;padding:0px 22px;font-size:17px;line-height:34px;border-color:#4d8ac7;border-radius:4px;text-shadow:none\"> <strong>9\u00e8me \u00e9tape<\/strong><\/span><\/a>\n<p><!--nextpage--><\/p>\n<h2 style=\"text-align: justify;\"><a id=\"neuf\"><\/a>9\u00e8me \u00e9tape : Aigle &#8211; Ch\u00e2tel (Dimanche 10 juillet)<\/h2>\n<p style=\"text-align: justify;\">\u00c9tape de montagne d&rsquo;une distance de 192,9 km.<\/p>\n<div id=\"attachment_236761\" style=\"width: 970px\" class=\"wp-caption aligncenter\"><a href=\"https:\/\/dicodusport.fr\/blog\/wp-content\/uploads\/2022\/06\/Profil-9eme-etape-Tour-de-France-2022.jpg\"><img loading=\"lazy\" decoding=\"async\" aria-describedby=\"caption-attachment-236761\" class=\"wp-image-236761 size-full\" src=\"https:\/\/dicodusport.fr\/blog\/wp-content\/uploads\/2022\/06\/Profil-9eme-etape-Tour-de-France-2022.jpg\" alt=\"Profil 9\u00e8me \u00e9tape Tour de France 2022\" width=\"960\" height=\"579\" srcset=\"https:\/\/dicodusport.fr\/blog\/wp-content\/uploads\/2022\/06\/Profil-9eme-etape-Tour-de-France-2022.jpg 960w, https:\/\/dicodusport.fr\/blog\/wp-content\/uploads\/2022\/06\/Profil-9eme-etape-Tour-de-France-2022-300x181.jpg 300w, https:\/\/dicodusport.fr\/blog\/wp-content\/uploads\/2022\/06\/Profil-9eme-etape-Tour-de-France-2022-768x463.jpg 768w, https:\/\/dicodusport.fr\/blog\/wp-content\/uploads\/2022\/06\/Profil-9eme-etape-Tour-de-France-2022-400x240.jpg 400w\" sizes=\"auto, (max-width: 960px) 100vw, 960px\" \/><\/a><p id=\"caption-attachment-236761\" class=\"wp-caption-text\">Profil 9\u00e8me \u00e9tape Tour de France 2022 &#8211; Via ASO<\/p><\/div>\n<p style=\"text-align: center;\"><a href=\"http:\/\/dicodusport.fr\/blog\/le-profil-des-21-etapes-du-tour-de-france-2022\/10\/#dix\" class=\"su-button su-button-style-flat\" style=\"color:#FFFFFF;background-color:#0057ae;border-color:#00468c;border-radius:4px\" target=\"_self\"><span style=\"color:#FFFFFF;padding:0px 22px;font-size:17px;line-height:34px;border-color:#4d8ac7;border-radius:4px;text-shadow:none\"> <strong>10\u00e8me \u00e9tape<\/strong><\/span><\/a>\n<p style=\"text-align: center;\"><!--nextpage--><\/p>\n<h2 style=\"text-align: justify;\"><a id=\"dix\"><\/a>10\u00e8me \u00e9tape : Morzine &#8211; Meg\u00e8ve (Mardi 12 juillet)<\/h2>\n<p style=\"text-align: justify;\">\u00c9tape de moyenne montagne d&rsquo;une distance de 148,1 km.<\/p>\n<div id=\"attachment_236760\" style=\"width: 970px\" class=\"wp-caption aligncenter\"><a href=\"https:\/\/dicodusport.fr\/blog\/wp-content\/uploads\/2022\/06\/Profil-10eme-etape-Tour-de-France-2022.jpg\"><img loading=\"lazy\" decoding=\"async\" aria-describedby=\"caption-attachment-236760\" class=\"wp-image-236760 size-full\" src=\"https:\/\/dicodusport.fr\/blog\/wp-content\/uploads\/2022\/06\/Profil-10eme-etape-Tour-de-France-2022.jpg\" alt=\"Profil 10\u00e8me \u00e9tape Tour de France 2022\" width=\"960\" height=\"579\" srcset=\"https:\/\/dicodusport.fr\/blog\/wp-content\/uploads\/2022\/06\/Profil-10eme-etape-Tour-de-France-2022.jpg 960w, https:\/\/dicodusport.fr\/blog\/wp-content\/uploads\/2022\/06\/Profil-10eme-etape-Tour-de-France-2022-300x181.jpg 300w, https:\/\/dicodusport.fr\/blog\/wp-content\/uploads\/2022\/06\/Profil-10eme-etape-Tour-de-France-2022-768x463.jpg 768w, https:\/\/dicodusport.fr\/blog\/wp-content\/uploads\/2022\/06\/Profil-10eme-etape-Tour-de-France-2022-400x240.jpg 400w\" sizes=\"auto, (max-width: 960px) 100vw, 960px\" \/><\/a><p id=\"caption-attachment-236760\" class=\"wp-caption-text\">Profil 10\u00e8me \u00e9tape Tour de France 2022 &#8211; Via ASO<\/p><\/div>\n<p style=\"text-align: center;\"><a href=\"http:\/\/dicodusport.fr\/blog\/le-profil-des-21-etapes-du-tour-de-france-2022\/11\/#onze\" class=\"su-button su-button-style-flat\" style=\"color:#FFFFFF;background-color:#0057ae;border-color:#00468c;border-radius:4px\" target=\"_self\"><span style=\"color:#FFFFFF;padding:0px 22px;font-size:17px;line-height:34px;border-color:#4d8ac7;border-radius:4px;text-shadow:none\"> <strong>11\u00e8me \u00e9tape<\/strong><\/span><\/a>\n<p><!--nextpage--><\/p>\n<h2 style=\"text-align: justify;\"><a id=\"onze\"><\/a>11\u00e8me \u00e9tape : Albertville &#8211; Col du Granon\/Serre Chevalier (Mercredi 13 juillet)<\/h2>\n<p style=\"text-align: justify;\">\u00c9tape de montagne d&rsquo;une distance de 151,7 km.<\/p>\n<div id=\"attachment_236759\" style=\"width: 970px\" class=\"wp-caption aligncenter\"><a href=\"https:\/\/dicodusport.fr\/blog\/wp-content\/uploads\/2022\/06\/Profil-11eme-etape-Tour-de-France-2022.jpg\"><img loading=\"lazy\" decoding=\"async\" aria-describedby=\"caption-attachment-236759\" class=\"wp-image-236759 size-full\" src=\"https:\/\/dicodusport.fr\/blog\/wp-content\/uploads\/2022\/06\/Profil-11eme-etape-Tour-de-France-2022.jpg\" alt=\"Profil 11\u00e8me \u00e9tape Tour de France 2022\" width=\"960\" height=\"579\" srcset=\"https:\/\/dicodusport.fr\/blog\/wp-content\/uploads\/2022\/06\/Profil-11eme-etape-Tour-de-France-2022.jpg 960w, https:\/\/dicodusport.fr\/blog\/wp-content\/uploads\/2022\/06\/Profil-11eme-etape-Tour-de-France-2022-300x181.jpg 300w, https:\/\/dicodusport.fr\/blog\/wp-content\/uploads\/2022\/06\/Profil-11eme-etape-Tour-de-France-2022-768x463.jpg 768w, https:\/\/dicodusport.fr\/blog\/wp-content\/uploads\/2022\/06\/Profil-11eme-etape-Tour-de-France-2022-400x240.jpg 400w\" sizes=\"auto, (max-width: 960px) 100vw, 960px\" \/><\/a><p id=\"caption-attachment-236759\" class=\"wp-caption-text\">Profil 11\u00e8me \u00e9tape Tour de France 2022 &#8211; Via ASO<\/p><\/div>\n<p style=\"text-align: center;\"><a href=\"http:\/\/dicodusport.fr\/blog\/le-profil-des-21-etapes-du-tour-de-france-2022\/12\/#douze\" class=\"su-button su-button-style-flat\" style=\"color:#FFFFFF;background-color:#0057ae;border-color:#00468c;border-radius:4px\" target=\"_self\"><span style=\"color:#FFFFFF;padding:0px 22px;font-size:17px;line-height:34px;border-color:#4d8ac7;border-radius:4px;text-shadow:none\"> <strong>12\u00e8me \u00e9tape<\/strong><\/span><\/a><!--nextpage--><\/p>\n<h2 style=\"text-align: justify;\"><a id=\"douze\"><\/a>12\u00e8me \u00e9tape : Brian\u00e7on &#8211; Alpe d&rsquo;Huez (Jeudi 14 juillet)<\/h2>\n<p style=\"text-align: justify;\">\u00c9tape de haute-montagne d&rsquo;une distance de 165,1 km.<\/p>\n<div id=\"attachment_236758\" style=\"width: 970px\" class=\"wp-caption aligncenter\"><a href=\"https:\/\/dicodusport.fr\/blog\/wp-content\/uploads\/2022\/06\/Profil-12eme-etape-Tour-de-France-2022.jpg\"><img loading=\"lazy\" decoding=\"async\" aria-describedby=\"caption-attachment-236758\" class=\"wp-image-236758 size-full\" src=\"https:\/\/dicodusport.fr\/blog\/wp-content\/uploads\/2022\/06\/Profil-12eme-etape-Tour-de-France-2022.jpg\" alt=\"Profil 10\u00e8me \u00e9tape Tour de France 2022\" width=\"960\" height=\"579\" srcset=\"https:\/\/dicodusport.fr\/blog\/wp-content\/uploads\/2022\/06\/Profil-12eme-etape-Tour-de-France-2022.jpg 960w, https:\/\/dicodusport.fr\/blog\/wp-content\/uploads\/2022\/06\/Profil-12eme-etape-Tour-de-France-2022-300x181.jpg 300w, https:\/\/dicodusport.fr\/blog\/wp-content\/uploads\/2022\/06\/Profil-12eme-etape-Tour-de-France-2022-768x463.jpg 768w, https:\/\/dicodusport.fr\/blog\/wp-content\/uploads\/2022\/06\/Profil-12eme-etape-Tour-de-France-2022-400x240.jpg 400w\" sizes=\"auto, (max-width: 960px) 100vw, 960px\" \/><\/a><p id=\"caption-attachment-236758\" class=\"wp-caption-text\">Profil 12\u00e8me \u00e9tape Tour de France 2022 &#8211; Via ASO<\/p><\/div>\n<p style=\"text-align: center;\"><a href=\"http:\/\/dicodusport.fr\/blog\/le-profil-des-21-etapes-du-tour-de-france-2022\/13\/#treize\" class=\"su-button su-button-style-flat\" style=\"color:#FFFFFF;background-color:#0057ae;border-color:#00468c;border-radius:4px\" target=\"_self\"><span style=\"color:#FFFFFF;padding:0px 22px;font-size:17px;line-height:34px;border-color:#4d8ac7;border-radius:4px;text-shadow:none\"> <strong>13\u00e8me \u00e9tape<\/strong><\/span><\/a><!--nextpage--><\/p>\n<h2 style=\"text-align: justify;\"><a id=\"treize\"><\/a>13\u00e8me \u00e9tape : Le Bourg d&rsquo;Oisans &#8211; Saint-\u00c9tienne (Vendredi 15 juillet)<\/h2>\n<p style=\"text-align: justify;\">\u00c9tape accident\u00e9e d&rsquo;une distance de 192,6 km.<\/p>\n<div id=\"attachment_236757\" style=\"width: 970px\" class=\"wp-caption aligncenter\"><a href=\"https:\/\/dicodusport.fr\/blog\/wp-content\/uploads\/2022\/06\/Profil-13eme-etape-Tour-de-France-2022.jpg\"><img loading=\"lazy\" decoding=\"async\" aria-describedby=\"caption-attachment-236757\" class=\"wp-image-236757 size-full\" src=\"https:\/\/dicodusport.fr\/blog\/wp-content\/uploads\/2022\/06\/Profil-13eme-etape-Tour-de-France-2022.jpg\" alt=\"Profil 13\u00e8me \u00e9tape Tour de France 2022\" width=\"960\" height=\"579\" srcset=\"https:\/\/dicodusport.fr\/blog\/wp-content\/uploads\/2022\/06\/Profil-13eme-etape-Tour-de-France-2022.jpg 960w, https:\/\/dicodusport.fr\/blog\/wp-content\/uploads\/2022\/06\/Profil-13eme-etape-Tour-de-France-2022-300x181.jpg 300w, https:\/\/dicodusport.fr\/blog\/wp-content\/uploads\/2022\/06\/Profil-13eme-etape-Tour-de-France-2022-768x463.jpg 768w, https:\/\/dicodusport.fr\/blog\/wp-content\/uploads\/2022\/06\/Profil-13eme-etape-Tour-de-France-2022-400x240.jpg 400w\" sizes=\"auto, (max-width: 960px) 100vw, 960px\" \/><\/a><p id=\"caption-attachment-236757\" class=\"wp-caption-text\">Profil 13\u00e8me \u00e9tape Tour de France 2022 &#8211; Via ASO<\/p><\/div>\n<p style=\"text-align: center;\"><a href=\"http:\/\/dicodusport.fr\/blog\/le-profil-des-21-etapes-du-tour-de-france-2022\/14\/#quatorze\" class=\"su-button su-button-style-flat\" style=\"color:#FFFFFF;background-color:#0057ae;border-color:#00468c;border-radius:4px\" target=\"_self\"><span style=\"color:#FFFFFF;padding:0px 22px;font-size:17px;line-height:34px;border-color:#4d8ac7;border-radius:4px;text-shadow:none\"> <strong>14\u00e8me \u00e9tape<\/strong><\/span><\/a>\n<p><!--nextpage--><\/p>\n<h2 style=\"text-align: justify;\"><a id=\"quatorze\"><\/a>14\u00e8me \u00e9tape : Saint-\u00c9tienne &#8211; Mende (Samedi 16 juillet)<\/h2>\n<p style=\"text-align: justify;\">\u00c9tape de moyenne montagne longue de 192,5 km.<\/p>\n<div id=\"attachment_236756\" style=\"width: 970px\" class=\"wp-caption aligncenter\"><a href=\"https:\/\/dicodusport.fr\/blog\/wp-content\/uploads\/2022\/06\/Profil-14eme-etape-Tour-de-France-2022.jpg\"><img loading=\"lazy\" decoding=\"async\" aria-describedby=\"caption-attachment-236756\" class=\"wp-image-236756 size-full\" src=\"https:\/\/dicodusport.fr\/blog\/wp-content\/uploads\/2022\/06\/Profil-14eme-etape-Tour-de-France-2022.jpg\" alt=\"Profil 14\u00e8me \u00e9tape Tour de France 2022\" width=\"960\" height=\"579\" srcset=\"https:\/\/dicodusport.fr\/blog\/wp-content\/uploads\/2022\/06\/Profil-14eme-etape-Tour-de-France-2022.jpg 960w, https:\/\/dicodusport.fr\/blog\/wp-content\/uploads\/2022\/06\/Profil-14eme-etape-Tour-de-France-2022-300x181.jpg 300w, https:\/\/dicodusport.fr\/blog\/wp-content\/uploads\/2022\/06\/Profil-14eme-etape-Tour-de-France-2022-768x463.jpg 768w, https:\/\/dicodusport.fr\/blog\/wp-content\/uploads\/2022\/06\/Profil-14eme-etape-Tour-de-France-2022-400x240.jpg 400w\" sizes=\"auto, (max-width: 960px) 100vw, 960px\" \/><\/a><p id=\"caption-attachment-236756\" class=\"wp-caption-text\">Profil 14\u00e8me \u00e9tape Tour de France 2022 &#8211; Via ASO<\/p><\/div>\n<p style=\"text-align: center;\"><a href=\"http:\/\/dicodusport.fr\/blog\/le-profil-des-21-etapes-du-tour-de-france-2022\/15\/#quinze\" class=\"su-button su-button-style-flat\" style=\"color:#FFFFFF;background-color:#0057ae;border-color:#00468c;border-radius:4px\" target=\"_self\"><span style=\"color:#FFFFFF;padding:0px 22px;font-size:17px;line-height:34px;border-color:#4d8ac7;border-radius:4px;text-shadow:none\"> <strong>15\u00e8me \u00e9tape<\/strong><\/span><\/a>\n<p><!--nextpage--><\/p>\n<h2 style=\"text-align: justify;\"><a id=\"quinze\"><\/a>15\u00e8me \u00e9tape : Rodez &#8211; Carcassonne (Dimanche 17 juillet)<\/h2>\n<p style=\"text-align: justify;\">\u00c9tape accident\u00e9e d&rsquo;une distance de 202,5 km.<\/p>\n<div id=\"attachment_236755\" style=\"width: 970px\" class=\"wp-caption aligncenter\"><a href=\"https:\/\/dicodusport.fr\/blog\/wp-content\/uploads\/2022\/06\/Profil-15eme-etape-Tour-de-France-2022.jpg\"><img loading=\"lazy\" decoding=\"async\" aria-describedby=\"caption-attachment-236755\" class=\"wp-image-236755 size-full\" src=\"https:\/\/dicodusport.fr\/blog\/wp-content\/uploads\/2022\/06\/Profil-15eme-etape-Tour-de-France-2022.jpg\" alt=\"Profil 15\u00e8me \u00e9tape Tour de France 2022\" width=\"960\" height=\"579\" srcset=\"https:\/\/dicodusport.fr\/blog\/wp-content\/uploads\/2022\/06\/Profil-15eme-etape-Tour-de-France-2022.jpg 960w, https:\/\/dicodusport.fr\/blog\/wp-content\/uploads\/2022\/06\/Profil-15eme-etape-Tour-de-France-2022-300x181.jpg 300w, https:\/\/dicodusport.fr\/blog\/wp-content\/uploads\/2022\/06\/Profil-15eme-etape-Tour-de-France-2022-768x463.jpg 768w, https:\/\/dicodusport.fr\/blog\/wp-content\/uploads\/2022\/06\/Profil-15eme-etape-Tour-de-France-2022-400x240.jpg 400w\" sizes=\"auto, (max-width: 960px) 100vw, 960px\" \/><\/a><p id=\"caption-attachment-236755\" class=\"wp-caption-text\">Profil 15\u00e8me \u00e9tape Tour de France 2022 &#8211; Via ASO<\/p><\/div>\n<p style=\"text-align: center;\"><a href=\"http:\/\/dicodusport.fr\/blog\/le-profil-des-21-etapes-du-tour-de-france-2022\/16\/#seize\" class=\"su-button su-button-style-flat\" style=\"color:#FFFFFF;background-color:#0057ae;border-color:#00468c;border-radius:4px\" target=\"_self\"><span style=\"color:#FFFFFF;padding:0px 22px;font-size:17px;line-height:34px;border-color:#4d8ac7;border-radius:4px;text-shadow:none\"> <strong>16\u00e8me \u00e9tape<\/strong><\/span><\/a>\n<p><!--nextpage--><\/p>\n<h2 style=\"text-align: justify;\"><a id=\"seize\"><\/a>16\u00e8me \u00e9tape : Carcassonne &#8211; Foix (Mardi 19 juillet)<\/h2>\n<p style=\"text-align: justify;\">\u00c9tape de montagne d&rsquo;une distance de 178,5 km.<\/p>\n<div id=\"attachment_236754\" style=\"width: 970px\" class=\"wp-caption aligncenter\"><a href=\"https:\/\/dicodusport.fr\/blog\/wp-content\/uploads\/2022\/06\/Profil-16eme-etape-Tour-de-France-2022.jpg\"><img loading=\"lazy\" decoding=\"async\" aria-describedby=\"caption-attachment-236754\" class=\"wp-image-236754 size-full\" src=\"https:\/\/dicodusport.fr\/blog\/wp-content\/uploads\/2022\/06\/Profil-16eme-etape-Tour-de-France-2022.jpg\" alt=\"Profil 16\u00e8me \u00e9tape Tour de France 2022\" width=\"960\" height=\"579\" srcset=\"https:\/\/dicodusport.fr\/blog\/wp-content\/uploads\/2022\/06\/Profil-16eme-etape-Tour-de-France-2022.jpg 960w, https:\/\/dicodusport.fr\/blog\/wp-content\/uploads\/2022\/06\/Profil-16eme-etape-Tour-de-France-2022-300x181.jpg 300w, https:\/\/dicodusport.fr\/blog\/wp-content\/uploads\/2022\/06\/Profil-16eme-etape-Tour-de-France-2022-768x463.jpg 768w, https:\/\/dicodusport.fr\/blog\/wp-content\/uploads\/2022\/06\/Profil-16eme-etape-Tour-de-France-2022-400x240.jpg 400w\" sizes=\"auto, (max-width: 960px) 100vw, 960px\" \/><\/a><p id=\"caption-attachment-236754\" class=\"wp-caption-text\">Profil 16\u00e8me \u00e9tape Tour de France 2022 &#8211; Via ASO<\/p><\/div>\n<p style=\"text-align: center;\"><a href=\"http:\/\/dicodusport.fr\/blog\/le-profil-des-21-etapes-du-tour-de-france-2022\/17\/#dixsept\" class=\"su-button su-button-style-flat\" style=\"color:#FFFFFF;background-color:#0057ae;border-color:#00468c;border-radius:4px\" target=\"_self\"><span style=\"color:#FFFFFF;padding:0px 22px;font-size:17px;line-height:34px;border-color:#4d8ac7;border-radius:4px;text-shadow:none\"> <strong>17\u00e8me \u00e9tape<\/strong><\/span><\/a>\n<p><!--nextpage--><\/p>\n<h2 style=\"text-align: justify;\"><a id=\"dixsept\"><\/a>17\u00e8me \u00e9tape : Saint-Gaudens &#8211; Peyragudes (Mercredi 20 juillet)<\/h2>\n<p style=\"text-align: justify;\">\u00c9tape de montagne d&rsquo;une distance de 129,7 km.<\/p>\n<div id=\"attachment_236753\" style=\"width: 970px\" class=\"wp-caption aligncenter\"><a href=\"https:\/\/dicodusport.fr\/blog\/wp-content\/uploads\/2022\/06\/Profil-17eme-etape-Tour-de-France-2022.jpg\"><img loading=\"lazy\" decoding=\"async\" aria-describedby=\"caption-attachment-236753\" class=\"wp-image-236753 size-full\" src=\"https:\/\/dicodusport.fr\/blog\/wp-content\/uploads\/2022\/06\/Profil-17eme-etape-Tour-de-France-2022.jpg\" alt=\"Profil 17\u00e8me \u00e9tape Tour de France 2022\" width=\"960\" height=\"579\" srcset=\"https:\/\/dicodusport.fr\/blog\/wp-content\/uploads\/2022\/06\/Profil-17eme-etape-Tour-de-France-2022.jpg 960w, https:\/\/dicodusport.fr\/blog\/wp-content\/uploads\/2022\/06\/Profil-17eme-etape-Tour-de-France-2022-300x181.jpg 300w, https:\/\/dicodusport.fr\/blog\/wp-content\/uploads\/2022\/06\/Profil-17eme-etape-Tour-de-France-2022-768x463.jpg 768w, https:\/\/dicodusport.fr\/blog\/wp-content\/uploads\/2022\/06\/Profil-17eme-etape-Tour-de-France-2022-400x240.jpg 400w\" sizes=\"auto, (max-width: 960px) 100vw, 960px\" \/><\/a><p id=\"caption-attachment-236753\" class=\"wp-caption-text\">Profil 17\u00e8me \u00e9tape Tour de France 2022 &#8211; Via ASO<\/p><\/div>\n<p style=\"text-align: center;\"><a href=\"http:\/\/dicodusport.fr\/blog\/le-profil-des-21-etapes-du-tour-de-france-2022\/18\/#dixhuit\" class=\"su-button su-button-style-flat\" style=\"color:#FFFFFF;background-color:#0057ae;border-color:#00468c;border-radius:4px\" target=\"_self\"><span style=\"color:#FFFFFF;padding:0px 22px;font-size:17px;line-height:34px;border-color:#4d8ac7;border-radius:4px;text-shadow:none\"> <strong>18\u00e8me \u00e9tape<\/strong><\/span><\/a><!--nextpage--><\/p>\n<h2 style=\"text-align: justify;\"><a id=\"dixhuit\"><\/a>18\u00e8me \u00e9tape : Lourdes &#8211; Hautacam (Jeudi 21 juillet)<\/h2>\n<p style=\"text-align: justify;\">\u00c9tape de montagne d&rsquo;une distance de 143,2 km.<\/p>\n<div id=\"attachment_236752\" style=\"width: 970px\" class=\"wp-caption aligncenter\"><a href=\"https:\/\/dicodusport.fr\/blog\/wp-content\/uploads\/2022\/06\/Profil-18eme-etape-Tour-de-France-2022.jpg\"><img loading=\"lazy\" decoding=\"async\" aria-describedby=\"caption-attachment-236752\" class=\"wp-image-236752 size-full\" src=\"https:\/\/dicodusport.fr\/blog\/wp-content\/uploads\/2022\/06\/Profil-18eme-etape-Tour-de-France-2022.jpg\" alt=\"Profil 18\u00e8me \u00e9tape Tour de France 2022\" width=\"960\" height=\"579\" srcset=\"https:\/\/dicodusport.fr\/blog\/wp-content\/uploads\/2022\/06\/Profil-18eme-etape-Tour-de-France-2022.jpg 960w, https:\/\/dicodusport.fr\/blog\/wp-content\/uploads\/2022\/06\/Profil-18eme-etape-Tour-de-France-2022-300x181.jpg 300w, https:\/\/dicodusport.fr\/blog\/wp-content\/uploads\/2022\/06\/Profil-18eme-etape-Tour-de-France-2022-768x463.jpg 768w, https:\/\/dicodusport.fr\/blog\/wp-content\/uploads\/2022\/06\/Profil-18eme-etape-Tour-de-France-2022-400x240.jpg 400w\" sizes=\"auto, (max-width: 960px) 100vw, 960px\" \/><\/a><p id=\"caption-attachment-236752\" class=\"wp-caption-text\">Profil 18\u00e8me \u00e9tape Tour de France 2022 &#8211; Via ASO<\/p><\/div>\n<p style=\"text-align: center;\"><a href=\"http:\/\/dicodusport.fr\/blog\/le-profil-des-21-etapes-du-tour-de-france-2022\/19\/#dixneuf\" class=\"su-button su-button-style-flat\" style=\"color:#FFFFFF;background-color:#0057ae;border-color:#00468c;border-radius:4px\" target=\"_self\"><span style=\"color:#FFFFFF;padding:0px 22px;font-size:17px;line-height:34px;border-color:#4d8ac7;border-radius:4px;text-shadow:none\"> <strong>19\u00e8me \u00e9tape<\/strong><\/span><\/a><!--nextpage--><\/p>\n<h2 style=\"text-align: justify;\"><a id=\"dixneuf\"><\/a>19\u00e8me \u00e9tape : Castelnau-Magnoac &#8211; Cahors (Vendredi 22 juillet)<\/h2>\n<p style=\"text-align: justify;\">\u00c9tape de plaine d&rsquo;une distance de 188,3 km.<\/p>\n<div id=\"attachment_236751\" style=\"width: 970px\" class=\"wp-caption aligncenter\"><a href=\"https:\/\/dicodusport.fr\/blog\/wp-content\/uploads\/2022\/06\/Profil-19eme-etape-Tour-de-France-2022.jpg\"><img loading=\"lazy\" decoding=\"async\" aria-describedby=\"caption-attachment-236751\" class=\"wp-image-236751 size-full\" src=\"https:\/\/dicodusport.fr\/blog\/wp-content\/uploads\/2022\/06\/Profil-19eme-etape-Tour-de-France-2022.jpg\" alt=\"Profil 19\u00e8me \u00e9tape Tour de France 2022\" width=\"960\" height=\"579\" srcset=\"https:\/\/dicodusport.fr\/blog\/wp-content\/uploads\/2022\/06\/Profil-19eme-etape-Tour-de-France-2022.jpg 960w, https:\/\/dicodusport.fr\/blog\/wp-content\/uploads\/2022\/06\/Profil-19eme-etape-Tour-de-France-2022-300x181.jpg 300w, https:\/\/dicodusport.fr\/blog\/wp-content\/uploads\/2022\/06\/Profil-19eme-etape-Tour-de-France-2022-768x463.jpg 768w, https:\/\/dicodusport.fr\/blog\/wp-content\/uploads\/2022\/06\/Profil-19eme-etape-Tour-de-France-2022-400x240.jpg 400w\" sizes=\"auto, (max-width: 960px) 100vw, 960px\" \/><\/a><p id=\"caption-attachment-236751\" class=\"wp-caption-text\">Profil 19\u00e8me \u00e9tape Tour de France 2022 &#8211; Via ASO<\/p><\/div>\n<p style=\"text-align: center;\"><a href=\"http:\/\/dicodusport.fr\/blog\/le-profil-des-21-etapes-du-tour-de-france-2022\/20\/#vingt\" class=\"su-button su-button-style-flat\" style=\"color:#FFFFFF;background-color:#0057ae;border-color:#00468c;border-radius:4px\" target=\"_self\"><span style=\"color:#FFFFFF;padding:0px 22px;font-size:17px;line-height:34px;border-color:#4d8ac7;border-radius:4px;text-shadow:none\"> <strong>20\u00e8me \u00e9tape<\/strong><\/span><\/a>\n<p><!--nextpage--><\/p>\n<h2 style=\"text-align: justify;\"><a id=\"vingt\"><\/a>20\u00e8me \u00e9tape &#8211; CLM Individuel : Lacapelle-Marival &#8211; Rocamadour (Samedi 23 juillet)<\/h2>\n<p style=\"text-align: justify;\">CLM individuel d&rsquo;une distance de 30,8 km.<\/p>\n<div id=\"attachment_141014\" style=\"width: 970px\" class=\"wp-caption aligncenter\"><a href=\"https:\/\/dicodusport.fr\/blog\/wp-content\/uploads\/2021\/06\/Profil-de-la-20eme-etape-du-Tour-de-France-2021.jpg\"><img loading=\"lazy\" decoding=\"async\" aria-describedby=\"caption-attachment-141014\" class=\"wp-image-141014 size-full\" src=\"https:\/\/dicodusport.fr\/blog\/wp-content\/uploads\/2021\/06\/Profil-de-la-20eme-etape-du-Tour-de-France-2021.jpg\" alt=\"Profil de la 20\u00e8me \u00e9tape du Tour de France 2021\" width=\"960\" height=\"579\" srcset=\"https:\/\/dicodusport.fr\/blog\/wp-content\/uploads\/2021\/06\/Profil-de-la-20eme-etape-du-Tour-de-France-2021.jpg 960w, https:\/\/dicodusport.fr\/blog\/wp-content\/uploads\/2021\/06\/Profil-de-la-20eme-etape-du-Tour-de-France-2021-300x181.jpg 300w, https:\/\/dicodusport.fr\/blog\/wp-content\/uploads\/2021\/06\/Profil-de-la-20eme-etape-du-Tour-de-France-2021-768x463.jpg 768w, https:\/\/dicodusport.fr\/blog\/wp-content\/uploads\/2021\/06\/Profil-de-la-20eme-etape-du-Tour-de-France-2021-400x240.jpg 400w\" sizes=\"auto, (max-width: 960px) 100vw, 960px\" \/><\/a><p id=\"caption-attachment-141014\" class=\"wp-caption-text\">Profil de la 20\u00e8me \u00e9tape du Tour de France 2021 &#8211; Via ASO<\/p><\/div>\n<p style=\"text-align: center;\"><a href=\"http:\/\/dicodusport.fr\/blog\/le-profil-des-21-etapes-du-tour-de-france-2022\/21\/#vingtetun\" class=\"su-button su-button-style-flat\" style=\"color:#FFFFFF;background-color:#0057ae;border-color:#00468c;border-radius:4px\" target=\"_self\"><span style=\"color:#FFFFFF;padding:0px 22px;font-size:17px;line-height:34px;border-color:#4d8ac7;border-radius:4px;text-shadow:none\"> <strong>21\u00e8me \u00e9tape<\/strong><\/span><\/a>\n<p><!--nextpage--><\/p>\n<h2 style=\"text-align: justify;\"><a id=\"vingtetun\"><\/a>21\u00e8me \u00e9tape : Paris La D\u00e9fense Arena &#8211; Paris Champs-\u00c9lys\u00e9es (Dimanche 24 juillet)<\/h2>\n<p style=\"text-align: justify;\">\u00c9tape de plaine longue de 115,6 km.<\/p>\n<div id=\"attachment_236749\" style=\"width: 970px\" class=\"wp-caption aligncenter\"><a href=\"https:\/\/dicodusport.fr\/blog\/wp-content\/uploads\/2022\/06\/Profil-21eme-etape-Tour-de-France-2022.jpg\"><img loading=\"lazy\" decoding=\"async\" aria-describedby=\"caption-attachment-236749\" class=\"wp-image-236749 size-full\" src=\"https:\/\/dicodusport.fr\/blog\/wp-content\/uploads\/2022\/06\/Profil-21eme-etape-Tour-de-France-2022.jpg\" alt=\"Profil 21\u00e8me \u00e9tape Tour de France 2022\" width=\"960\" height=\"579\" srcset=\"https:\/\/dicodusport.fr\/blog\/wp-content\/uploads\/2022\/06\/Profil-21eme-etape-Tour-de-France-2022.jpg 960w, https:\/\/dicodusport.fr\/blog\/wp-content\/uploads\/2022\/06\/Profil-21eme-etape-Tour-de-France-2022-300x181.jpg 300w, https:\/\/dicodusport.fr\/blog\/wp-content\/uploads\/2022\/06\/Profil-21eme-etape-Tour-de-France-2022-768x463.jpg 768w, https:\/\/dicodusport.fr\/blog\/wp-content\/uploads\/2022\/06\/Profil-21eme-etape-Tour-de-France-2022-400x240.jpg 400w\" sizes=\"auto, (max-width: 960px) 100vw, 960px\" \/><\/a><p id=\"caption-attachment-236749\" class=\"wp-caption-text\">Profil 21\u00e8me \u00e9tape Tour de France 2022 &#8211; Via ASO<\/p><\/div>\n<p style=\"text-align: center;\"><a href=\"http:\/\/dicodusport.fr\/blog\/le-profil-des-21-etapes-du-tour-de-france-2022\/\" class=\"su-button su-button-style-flat\" style=\"color:#FFFFFF;background-color:#0057ae;border-color:#00468c;border-radius:4px\" target=\"_self\"><span style=\"color:#FFFFFF;padding:0px 22px;font-size:17px;line-height:34px;border-color:#4d8ac7;border-radius:4px;text-shadow:none\"> <strong>Revenir au d\u00e9but<\/strong><\/span><\/a>\n<p>&nbsp;<\/p>\n","protected":false},"excerpt":{"rendered":"<p>TOUR DE FRANCE 2022 &#8211; D\u00e9couvrez le profil des 21 \u00e9tapes du Tour de France 2022, qui se d\u00e9roule du vendredi 1er au dimanche 24 juillet, entre Copenhague (Danemark) et les Champs-\u00c9lys\u00e9es de Paris.<\/p>\n","protected":false},"author":4,"featured_media":236775,"comment_status":"open","ping_status":"closed","sticky":false,"template":"","format":"standard","meta":{"_acf_changed":false,"_daextam_enable_autolinks":"","footnotes":""},"categories":[46995],"tags":[574],"class_list":["post-236696","post","type-post","status-publish","format-standard","has-post-thumbnail","hentry","category-tour-de-france","tag-cyclisme"],"acf":[],"yoast_head":"<!-- This site is optimized with the Yoast SEO Premium plugin v26.7 (Yoast SEO v26.7) - https:\/\/yoast.com\/wordpress\/plugins\/seo\/ -->\n<title>Le profil des 21 \u00e9tapes du Tour de France 2022<\/title>\n<meta name=\"description\" content=\"TOUR DE FRANCE 2022 - D\u00e9couvrez le profil des 21 \u00e9tapes du Tour de France 2022, qui se d\u00e9roule du vendredi 1er au dimanche 24 juillet 2022.\" \/>\n<meta name=\"robots\" content=\"index, follow, max-snippet:-1, max-image-preview:large, max-video-preview:-1\" \/>\n<link rel=\"canonical\" href=\"https:\/\/dicodusport.fr\/blog\/le-profil-des-21-etapes-du-tour-de-france-2022\/\" \/>\n<link rel=\"next\" href=\"https:\/\/dicodusport.fr\/blog\/le-profil-des-21-etapes-du-tour-de-france-2022\/2\/\" \/>\n<meta property=\"og:locale\" content=\"fr_FR\" \/>\n<meta property=\"og:type\" content=\"article\" \/>\n<meta property=\"og:title\" content=\"Le profil des 21 \u00e9tapes du Tour de France 2022\" \/>\n<meta property=\"og:description\" content=\"TOUR DE FRANCE 2022 - D\u00e9couvrez le profil des 21 \u00e9tapes du Tour de France 2022, qui se d\u00e9roule du vendredi 1er au dimanche 24 juillet 2022.\" \/>\n<meta property=\"og:url\" content=\"https:\/\/dicodusport.fr\/blog\/le-profil-des-21-etapes-du-tour-de-france-2022\/\" \/>\n<meta property=\"og:site_name\" content=\"Dicodusport\" \/>\n<meta property=\"article:publisher\" content=\"https:\/\/www.facebook.com\/dicodusport\" \/>\n<meta property=\"article:author\" content=\"https:\/\/www.facebook.com\/florent.ostermann\" \/>\n<meta property=\"article:published_time\" content=\"2022-06-24T12:11:02+00:00\" \/>\n<meta property=\"article:modified_time\" content=\"2022-06-28T11:35:07+00:00\" \/>\n<meta property=\"og:image\" content=\"https:\/\/dicodusport.fr\/blog\/wp-content\/uploads\/2022\/06\/Le-profil-des-21-etapes-du-Tour-de-France-2022.png\" \/>\n\t<meta property=\"og:image:width\" content=\"1200\" \/>\n\t<meta property=\"og:image:height\" content=\"670\" \/>\n\t<meta property=\"og:image:type\" content=\"image\/png\" \/>\n<meta name=\"author\" content=\"Flo Ostermann\" \/>\n<meta name=\"twitter:card\" content=\"summary_large_image\" \/>\n<meta name=\"twitter:title\" content=\"Le profil des 21 \u00e9tapes du Tour de France 2022\" \/>\n<meta name=\"twitter:creator\" content=\"@https:\/\/twitter.com\/FlOstermann\" \/>\n<meta name=\"twitter:site\" content=\"@dicodusport\" \/>\n<script type=\"application\/ld+json\" class=\"yoast-schema-graph\">{\"@context\":\"https:\/\/schema.org\",\"@graph\":[{\"@type\":\"NewsArticle\",\"@id\":\"https:\/\/dicodusport.fr\/blog\/le-profil-des-21-etapes-du-tour-de-france-2022\/#article\",\"isPartOf\":{\"@id\":\"https:\/\/dicodusport.fr\/blog\/le-profil-des-21-etapes-du-tour-de-france-2022\/\"},\"author\":{\"name\":\"Flo Ostermann\",\"@id\":\"https:\/\/dicodusport.fr\/blog\/#\/schema\/person\/cb02af4c173ce4a653b55e9baf388d4a\"},\"headline\":\"Le profil des 21 \u00e9tapes du Tour de France 2022\",\"datePublished\":\"2022-06-24T12:11:02+00:00\",\"dateModified\":\"2022-06-28T11:35:07+00:00\",\"mainEntityOfPage\":{\"@id\":\"https:\/\/dicodusport.fr\/blog\/le-profil-des-21-etapes-du-tour-de-france-2022\/\"},\"wordCount\":1148,\"commentCount\":0,\"publisher\":{\"@id\":\"https:\/\/dicodusport.fr\/blog\/#organization\"},\"image\":{\"@id\":\"https:\/\/dicodusport.fr\/blog\/le-profil-des-21-etapes-du-tour-de-france-2022\/#primaryimage\"},\"thumbnailUrl\":\"https:\/\/dicodusport.fr\/blog\/wp-content\/uploads\/2022\/06\/Le-profil-des-21-etapes-du-Tour-de-France-2022.png\",\"keywords\":[\"Cyclisme\"],\"articleSection\":[\"Tour de France\"],\"inLanguage\":\"fr-FR\",\"potentialAction\":[{\"@type\":\"CommentAction\",\"name\":\"Comment\",\"target\":[\"https:\/\/dicodusport.fr\/blog\/le-profil-des-21-etapes-du-tour-de-france-2022\/#respond\"]}],\"copyrightYear\":\"2022\",\"copyrightHolder\":{\"@id\":\"https:\/\/dicodusport.fr\/blog\/#organization\"}},{\"@type\":\"WebPage\",\"@id\":\"https:\/\/dicodusport.fr\/blog\/le-profil-des-21-etapes-du-tour-de-france-2022\/\",\"url\":\"https:\/\/dicodusport.fr\/blog\/le-profil-des-21-etapes-du-tour-de-france-2022\/\",\"name\":\"Le profil des 21 \u00e9tapes du Tour de France 2022\",\"isPartOf\":{\"@id\":\"https:\/\/dicodusport.fr\/blog\/#website\"},\"primaryImageOfPage\":{\"@id\":\"https:\/\/dicodusport.fr\/blog\/le-profil-des-21-etapes-du-tour-de-france-2022\/#primaryimage\"},\"image\":{\"@id\":\"https:\/\/dicodusport.fr\/blog\/le-profil-des-21-etapes-du-tour-de-france-2022\/#primaryimage\"},\"thumbnailUrl\":\"https:\/\/dicodusport.fr\/blog\/wp-content\/uploads\/2022\/06\/Le-profil-des-21-etapes-du-Tour-de-France-2022.png\",\"datePublished\":\"2022-06-24T12:11:02+00:00\",\"dateModified\":\"2022-06-28T11:35:07+00:00\",\"description\":\"TOUR DE FRANCE 2022 - D\u00e9couvrez le profil des 21 \u00e9tapes du Tour de France 2022, qui se d\u00e9roule du vendredi 1er au dimanche 24 juillet 2022.\",\"inLanguage\":\"fr-FR\",\"potentialAction\":[{\"@type\":\"ReadAction\",\"target\":[\"https:\/\/dicodusport.fr\/blog\/le-profil-des-21-etapes-du-tour-de-france-2022\/\"]}]},{\"@type\":\"ImageObject\",\"inLanguage\":\"fr-FR\",\"@id\":\"https:\/\/dicodusport.fr\/blog\/le-profil-des-21-etapes-du-tour-de-france-2022\/#primaryimage\",\"url\":\"https:\/\/dicodusport.fr\/blog\/wp-content\/uploads\/2022\/06\/Le-profil-des-21-etapes-du-Tour-de-France-2022.png\",\"contentUrl\":\"https:\/\/dicodusport.fr\/blog\/wp-content\/uploads\/2022\/06\/Le-profil-des-21-etapes-du-Tour-de-France-2022.png\",\"width\":1200,\"height\":670,\"caption\":\"Le profil des 21 \u00e9tapes du Tour de France 2022\"},{\"@type\":\"WebSite\",\"@id\":\"https:\/\/dicodusport.fr\/blog\/#website\",\"url\":\"https:\/\/dicodusport.fr\/blog\/\",\"name\":\"Dicodusport\",\"description\":\"L&#039;encyclop\u00e9die de l&#039;actualit\u00e9 sportive\",\"publisher\":{\"@id\":\"https:\/\/dicodusport.fr\/blog\/#organization\"},\"potentialAction\":[{\"@type\":\"SearchAction\",\"target\":{\"@type\":\"EntryPoint\",\"urlTemplate\":\"https:\/\/dicodusport.fr\/blog\/?s={search_term_string}\"},\"query-input\":{\"@type\":\"PropertyValueSpecification\",\"valueRequired\":true,\"valueName\":\"search_term_string\"}}],\"inLanguage\":\"fr-FR\"},{\"@type\":\"NewsMediaOrganization\",\"@id\":\"https:\/\/dicodusport.fr\/blog\/#organization\",\"name\":\"Dicodusport\",\"url\":\"https:\/\/dicodusport.fr\/blog\/\",\"logo\":{\"@type\":\"ImageObject\",\"inLanguage\":\"fr-FR\",\"@id\":\"https:\/\/dicodusport.fr\/blog\/#\/schema\/logo\/image\/\",\"url\":\"https:\/\/dicodusport.fr\/blog\/wp-content\/uploads\/2020\/06\/cropped-LOGO-DICODUSPORT-2020-SANS-FOND-SANS-TEXTE.png\",\"contentUrl\":\"https:\/\/dicodusport.fr\/blog\/wp-content\/uploads\/2020\/06\/cropped-LOGO-DICODUSPORT-2020-SANS-FOND-SANS-TEXTE.png\",\"width\":512,\"height\":512,\"caption\":\"Dicodusport\"},\"image\":{\"@id\":\"https:\/\/dicodusport.fr\/blog\/#\/schema\/logo\/image\/\"},\"sameAs\":[\"https:\/\/www.facebook.com\/dicodusport\",\"https:\/\/x.com\/dicodusport\",\"https:\/\/www.instagram.com\/dicodusport\/\",\"https:\/\/www.youtube.com\/channel\/UC7V2KZ5sd3htJivAbA4ZG3w\"],\"description\":\"Dicodusport est l'encyclop\u00e9die de l'actualit\u00e9 sportive.\",\"email\":\"bonjour@dicodusport.fr\",\"legalName\":\"DICODUSPORT\",\"foundingDate\":\"2018-01-14\",\"vatID\":\"FR71834470973\",\"taxID\":\"83447097300043\",\"numberOfEmployees\":{\"@type\":\"QuantitativeValue\",\"minValue\":\"1\",\"maxValue\":\"10\"}},{\"@type\":\"Person\",\"@id\":\"https:\/\/dicodusport.fr\/blog\/#\/schema\/person\/cb02af4c173ce4a653b55e9baf388d4a\",\"name\":\"Flo Ostermann\",\"image\":{\"@type\":\"ImageObject\",\"inLanguage\":\"fr-FR\",\"@id\":\"https:\/\/dicodusport.fr\/blog\/#\/schema\/person\/image\/\",\"url\":\"https:\/\/dicodusport.fr\/blog\/wp-content\/uploads\/2021\/05\/Flo-Ostermann-150x150.jpg\",\"contentUrl\":\"https:\/\/dicodusport.fr\/blog\/wp-content\/uploads\/2021\/05\/Flo-Ostermann-150x150.jpg\",\"caption\":\"Flo Ostermann\"},\"description\":\"Journaliste\/R\u00e9dacteur depuis septembre 2015 - Mes premiers souvenirs dans le sport ? Les envol\u00e9es du Stade Toulousain et les duels Villeneuve-Schumacher et H\u00e4kkinen-Schumacher \u00e0 la fin des ann\u00e9es 90, la Coupe du monde de football en 1998, l\u2019exploit du XV de France face aux All Blacks en 1999, mais aussi Richard C\u0153ur de Lion qui vole sur les montagnes du Tour de France. Bien parti pour devenir professeur d\u2019EPS, les \u00e9v\u00e9nements de la vie (et la flemme d\u2019animer des s\u00e9ances de 3x500 m\u00e8tres toute ma vie) m\u2019ont conduit \u00e0 revoir mes plans. Me voil\u00e0 depuis fin 2017 sur Dicodusport, m\u00e9dia gr\u00e2ce (et pour) lequel je partage ma passion : le sport dans tous ses \u00e9tats. Le tout accompagn\u00e9 par les fous furieux et folles furieuses cit\u00e9s sur cette page !\",\"sameAs\":[\"https:\/\/www.facebook.com\/florent.ostermann\",\"https:\/\/x.com\/https:\/\/twitter.com\/FlOstermann\",\"admin\"],\"url\":\"https:\/\/dicodusport.fr\/blog\/author\/flo\/\"}]}<\/script>\n<!-- \/ Yoast SEO Premium plugin. -->","yoast_head_json":{"title":"Le profil des 21 \u00e9tapes du Tour de France 2022","description":"TOUR DE FRANCE 2022 - D\u00e9couvrez le profil des 21 \u00e9tapes du Tour de France 2022, qui se d\u00e9roule du vendredi 1er au dimanche 24 juillet 2022.","robots":{"index":"index","follow":"follow","max-snippet":"max-snippet:-1","max-image-preview":"max-image-preview:large","max-video-preview":"max-video-preview:-1"},"canonical":"https:\/\/dicodusport.fr\/blog\/le-profil-des-21-etapes-du-tour-de-france-2022\/","next":"https:\/\/dicodusport.fr\/blog\/le-profil-des-21-etapes-du-tour-de-france-2022\/2\/","og_locale":"fr_FR","og_type":"article","og_title":"Le profil des 21 \u00e9tapes du Tour de France 2022","og_description":"TOUR DE FRANCE 2022 - D\u00e9couvrez le profil des 21 \u00e9tapes du Tour de France 2022, qui se d\u00e9roule du vendredi 1er au dimanche 24 juillet 2022.","og_url":"https:\/\/dicodusport.fr\/blog\/le-profil-des-21-etapes-du-tour-de-france-2022\/","og_site_name":"Dicodusport","article_publisher":"https:\/\/www.facebook.com\/dicodusport","article_author":"https:\/\/www.facebook.com\/florent.ostermann","article_published_time":"2022-06-24T12:11:02+00:00","article_modified_time":"2022-06-28T11:35:07+00:00","og_image":[{"width":1200,"height":670,"url":"https:\/\/dicodusport.fr\/blog\/wp-content\/uploads\/2022\/06\/Le-profil-des-21-etapes-du-Tour-de-France-2022.png","type":"image\/png"}],"author":"Flo Ostermann","twitter_card":"summary_large_image","twitter_title":"Le profil des 21 \u00e9tapes du Tour de France 2022","twitter_creator":"@https:\/\/twitter.com\/FlOstermann","twitter_site":"@dicodusport","schema":{"@context":"https:\/\/schema.org","@graph":[{"@type":"NewsArticle","@id":"https:\/\/dicodusport.fr\/blog\/le-profil-des-21-etapes-du-tour-de-france-2022\/#article","isPartOf":{"@id":"https:\/\/dicodusport.fr\/blog\/le-profil-des-21-etapes-du-tour-de-france-2022\/"},"author":{"name":"Flo Ostermann","@id":"https:\/\/dicodusport.fr\/blog\/#\/schema\/person\/cb02af4c173ce4a653b55e9baf388d4a"},"headline":"Le profil des 21 \u00e9tapes du Tour de France 2022","datePublished":"2022-06-24T12:11:02+00:00","dateModified":"2022-06-28T11:35:07+00:00","mainEntityOfPage":{"@id":"https:\/\/dicodusport.fr\/blog\/le-profil-des-21-etapes-du-tour-de-france-2022\/"},"wordCount":1148,"commentCount":0,"publisher":{"@id":"https:\/\/dicodusport.fr\/blog\/#organization"},"image":{"@id":"https:\/\/dicodusport.fr\/blog\/le-profil-des-21-etapes-du-tour-de-france-2022\/#primaryimage"},"thumbnailUrl":"https:\/\/dicodusport.fr\/blog\/wp-content\/uploads\/2022\/06\/Le-profil-des-21-etapes-du-Tour-de-France-2022.png","keywords":["Cyclisme"],"articleSection":["Tour de France"],"inLanguage":"fr-FR","potentialAction":[{"@type":"CommentAction","name":"Comment","target":["https:\/\/dicodusport.fr\/blog\/le-profil-des-21-etapes-du-tour-de-france-2022\/#respond"]}],"copyrightYear":"2022","copyrightHolder":{"@id":"https:\/\/dicodusport.fr\/blog\/#organization"}},{"@type":"WebPage","@id":"https:\/\/dicodusport.fr\/blog\/le-profil-des-21-etapes-du-tour-de-france-2022\/","url":"https:\/\/dicodusport.fr\/blog\/le-profil-des-21-etapes-du-tour-de-france-2022\/","name":"Le profil des 21 \u00e9tapes du Tour de France 2022","isPartOf":{"@id":"https:\/\/dicodusport.fr\/blog\/#website"},"primaryImageOfPage":{"@id":"https:\/\/dicodusport.fr\/blog\/le-profil-des-21-etapes-du-tour-de-france-2022\/#primaryimage"},"image":{"@id":"https:\/\/dicodusport.fr\/blog\/le-profil-des-21-etapes-du-tour-de-france-2022\/#primaryimage"},"thumbnailUrl":"https:\/\/dicodusport.fr\/blog\/wp-content\/uploads\/2022\/06\/Le-profil-des-21-etapes-du-Tour-de-France-2022.png","datePublished":"2022-06-24T12:11:02+00:00","dateModified":"2022-06-28T11:35:07+00:00","description":"TOUR DE FRANCE 2022 - D\u00e9couvrez le profil des 21 \u00e9tapes du Tour de France 2022, qui se d\u00e9roule du vendredi 1er au dimanche 24 juillet 2022.","inLanguage":"fr-FR","potentialAction":[{"@type":"ReadAction","target":["https:\/\/dicodusport.fr\/blog\/le-profil-des-21-etapes-du-tour-de-france-2022\/"]}]},{"@type":"ImageObject","inLanguage":"fr-FR","@id":"https:\/\/dicodusport.fr\/blog\/le-profil-des-21-etapes-du-tour-de-france-2022\/#primaryimage","url":"https:\/\/dicodusport.fr\/blog\/wp-content\/uploads\/2022\/06\/Le-profil-des-21-etapes-du-Tour-de-France-2022.png","contentUrl":"https:\/\/dicodusport.fr\/blog\/wp-content\/uploads\/2022\/06\/Le-profil-des-21-etapes-du-Tour-de-France-2022.png","width":1200,"height":670,"caption":"Le profil des 21 \u00e9tapes du Tour de France 2022"},{"@type":"WebSite","@id":"https:\/\/dicodusport.fr\/blog\/#website","url":"https:\/\/dicodusport.fr\/blog\/","name":"Dicodusport","description":"L&#039;encyclop\u00e9die de l&#039;actualit\u00e9 sportive","publisher":{"@id":"https:\/\/dicodusport.fr\/blog\/#organization"},"potentialAction":[{"@type":"SearchAction","target":{"@type":"EntryPoint","urlTemplate":"https:\/\/dicodusport.fr\/blog\/?s={search_term_string}"},"query-input":{"@type":"PropertyValueSpecification","valueRequired":true,"valueName":"search_term_string"}}],"inLanguage":"fr-FR"},{"@type":"NewsMediaOrganization","@id":"https:\/\/dicodusport.fr\/blog\/#organization","name":"Dicodusport","url":"https:\/\/dicodusport.fr\/blog\/","logo":{"@type":"ImageObject","inLanguage":"fr-FR","@id":"https:\/\/dicodusport.fr\/blog\/#\/schema\/logo\/image\/","url":"https:\/\/dicodusport.fr\/blog\/wp-content\/uploads\/2020\/06\/cropped-LOGO-DICODUSPORT-2020-SANS-FOND-SANS-TEXTE.png","contentUrl":"https:\/\/dicodusport.fr\/blog\/wp-content\/uploads\/2020\/06\/cropped-LOGO-DICODUSPORT-2020-SANS-FOND-SANS-TEXTE.png","width":512,"height":512,"caption":"Dicodusport"},"image":{"@id":"https:\/\/dicodusport.fr\/blog\/#\/schema\/logo\/image\/"},"sameAs":["https:\/\/www.facebook.com\/dicodusport","https:\/\/x.com\/dicodusport","https:\/\/www.instagram.com\/dicodusport\/","https:\/\/www.youtube.com\/channel\/UC7V2KZ5sd3htJivAbA4ZG3w"],"description":"Dicodusport est l'encyclop\u00e9die de l'actualit\u00e9 sportive.","email":"bonjour@dicodusport.fr","legalName":"DICODUSPORT","foundingDate":"2018-01-14","vatID":"FR71834470973","taxID":"83447097300043","numberOfEmployees":{"@type":"QuantitativeValue","minValue":"1","maxValue":"10"}},{"@type":"Person","@id":"https:\/\/dicodusport.fr\/blog\/#\/schema\/person\/cb02af4c173ce4a653b55e9baf388d4a","name":"Flo Ostermann","image":{"@type":"ImageObject","inLanguage":"fr-FR","@id":"https:\/\/dicodusport.fr\/blog\/#\/schema\/person\/image\/","url":"https:\/\/dicodusport.fr\/blog\/wp-content\/uploads\/2021\/05\/Flo-Ostermann-150x150.jpg","contentUrl":"https:\/\/dicodusport.fr\/blog\/wp-content\/uploads\/2021\/05\/Flo-Ostermann-150x150.jpg","caption":"Flo Ostermann"},"description":"Journaliste\/R\u00e9dacteur depuis septembre 2015 - Mes premiers souvenirs dans le sport ? Les envol\u00e9es du Stade Toulousain et les duels Villeneuve-Schumacher et H\u00e4kkinen-Schumacher \u00e0 la fin des ann\u00e9es 90, la Coupe du monde de football en 1998, l\u2019exploit du XV de France face aux All Blacks en 1999, mais aussi Richard C\u0153ur de Lion qui vole sur les montagnes du Tour de France. Bien parti pour devenir professeur d\u2019EPS, les \u00e9v\u00e9nements de la vie (et la flemme d\u2019animer des s\u00e9ances de 3x500 m\u00e8tres toute ma vie) m\u2019ont conduit \u00e0 revoir mes plans. Me voil\u00e0 depuis fin 2017 sur Dicodusport, m\u00e9dia gr\u00e2ce (et pour) lequel je partage ma passion : le sport dans tous ses \u00e9tats. Le tout accompagn\u00e9 par les fous furieux et folles furieuses cit\u00e9s sur cette page !","sameAs":["https:\/\/www.facebook.com\/florent.ostermann","https:\/\/x.com\/https:\/\/twitter.com\/FlOstermann","admin"],"url":"https:\/\/dicodusport.fr\/blog\/author\/flo\/"}]}},"_links":{"self":[{"href":"https:\/\/dicodusport.fr\/blog\/wp-json\/wp\/v2\/posts\/236696","targetHints":{"allow":["GET"]}}],"collection":[{"href":"https:\/\/dicodusport.fr\/blog\/wp-json\/wp\/v2\/posts"}],"about":[{"href":"https:\/\/dicodusport.fr\/blog\/wp-json\/wp\/v2\/types\/post"}],"author":[{"embeddable":true,"href":"https:\/\/dicodusport.fr\/blog\/wp-json\/wp\/v2\/users\/4"}],"replies":[{"embeddable":true,"href":"https:\/\/dicodusport.fr\/blog\/wp-json\/wp\/v2\/comments?post=236696"}],"version-history":[{"count":0,"href":"https:\/\/dicodusport.fr\/blog\/wp-json\/wp\/v2\/posts\/236696\/revisions"}],"wp:featuredmedia":[{"embeddable":true,"href":"https:\/\/dicodusport.fr\/blog\/wp-json\/wp\/v2\/media\/236775"}],"wp:attachment":[{"href":"https:\/\/dicodusport.fr\/blog\/wp-json\/wp\/v2\/media?parent=236696"}],"wp:term":[{"taxonomy":"category","embeddable":true,"href":"https:\/\/dicodusport.fr\/blog\/wp-json\/wp\/v2\/categories?post=236696"},{"taxonomy":"post_tag","embeddable":true,"href":"https:\/\/dicodusport.fr\/blog\/wp-json\/wp\/v2\/tags?post=236696"}],"curies":[{"name":"wp","href":"https:\/\/api.w.org\/{rel}","templated":true}]}}