{"id":236831,"date":"2022-06-24T16:59:37","date_gmt":"2022-06-24T14:59:37","guid":{"rendered":"https:\/\/dicodusport.fr\/blog\/?p=236831&#038;preview=true&#038;preview_id=236831"},"modified":"2022-06-24T17:57:09","modified_gmt":"2022-06-24T15:57:09","slug":"lyon-va-signer-un-arriere-gauche-courtise-par-manchester-united","status":"publish","type":"post","link":"https:\/\/dicodusport.fr\/blog\/lyon-va-signer-un-arriere-gauche-courtise-par-manchester-united\/","title":{"rendered":"Lyon va signer un arri\u00e8re gauche courtis\u00e9 par Manchester United"},"content":{"rendered":"<p style=\"text-align: justify;\"><em><strong>FOOTBALL &#8211; Selon Fabrizio Romano, l&rsquo;Olympique Lyonnais va engager l&rsquo;arri\u00e8re gauche n\u00e9erlandais, Tyrell Malacia.\u00a0<\/strong><\/em><\/p>\n<p style=\"text-align: justify;\">Plusieurs clubs de Premier League dont <strong>Manchester United<\/strong> voulaient signer l&rsquo;arri\u00e8re gauche du Feyenoord, <strong>Tyrell Malacia<\/strong>. Mais l&rsquo;Olympique Lyonnais devrait finalement rafler la mise. International n\u00e9erlandais depuis l&rsquo;ann\u00e9e derni\u00e8re, l&rsquo;arri\u00e8re gauche de 22 ans a confirm\u00e9 avec son club cette saison, autant en championnat qu&rsquo;en Coupe d&rsquo;Europe, o\u00f9 il a disput\u00e9 la finale face \u00e0 l&rsquo;<strong>AS Rome<\/strong>. Lyon aura le dernier mot gr\u00e2ce \u00e0 deux facteurs dans ce dossier, D&rsquo;abord, le nouveau propri\u00e9taire am\u00e9ricain, qui permet d&rsquo;avoir des liquidit\u00e9s et l&rsquo;entra\u00eeneur <strong>Peter Bosz<\/strong>, qui conna\u00eet bien le joueur. L&rsquo;OL va d\u00e9bourser autour de 15 millions d&rsquo;euros pour boucler ce dossier.<\/p>\n<blockquote class=\"twitter-tweet\">\n<p dir=\"ltr\" lang=\"fr\">&#x1f6a8; RMC Sport peut confirmer que l&rsquo;OL et le Feyenoord ont trouv\u00e9 un accord \u00e0 hauteur de 15 millions d&rsquo;euros pour Tyrell Malacia, comme annonc\u00e9 par <a href=\"https:\/\/twitter.com\/FabrizioRomano?ref_src=twsrc%5Etfw\">@FabrizioRomano<\/a><a href=\"https:\/\/t.co\/ZIfxLpHfCk\">https:\/\/t.co\/ZIfxLpHfCk<\/a> <a href=\"https:\/\/t.co\/4OEfAx7mo3\">pic.twitter.com\/4OEfAx7mo3<\/a><\/p>\n<p>\u2014 RMC Sport (@RMCsport) <a href=\"https:\/\/twitter.com\/RMCsport\/status\/1540344859856338945?ref_src=twsrc%5Etfw\">June 24, 2022<\/a><\/p><\/blockquote>\n<p style=\"text-align: justify;\"><script async src=\"https:\/\/platform.twitter.com\/widgets.js\" charset=\"utf-8\"><\/script><\/p>\n","protected":false},"excerpt":{"rendered":"<p>FOOTBALL &#8211; Selon Fabrizio Romano, l&rsquo;Olympique Lyonnais va engager l&rsquo;arri\u00e8re gauche n\u00e9erlandais, Tyrell Malacia.<\/p>\n","protected":false},"author":1,"featured_media":236833,"comment_status":"open","ping_status":"closed","sticky":false,"template":"","format":"standard","meta":{"_acf_changed":false,"_daextam_enable_autolinks":"","footnotes":""},"categories":[2301,47045],"tags":[75,449,1145],"class_list":["post-236831","post","type-post","status-publish","format-standard","has-post-thumbnail","hentry","category-football","category-ligue-1","tag-football","tag-lyon","tag-ol"],"acf":[],"yoast_head":"<!-- This site is optimized with the Yoast SEO Premium plugin v26.7 (Yoast SEO v26.7) - https:\/\/yoast.com\/wordpress\/plugins\/seo\/ -->\n<title>Lyon va signer un arri\u00e8re gauche courtis\u00e9 par Manchester United<\/title>\n<meta name=\"description\" content=\"FOOTBALL - Selon Fabrizio Romano, l&#039;Olympique Lyonnais va engager l&#039;arri\u00e8re gauche n\u00e9erlandais, Tyrell Malacia.\" \/>\n<meta name=\"robots\" content=\"index, follow, max-snippet:-1, max-image-preview:large, max-video-preview:-1\" \/>\n<link rel=\"canonical\" href=\"https:\/\/dicodusport.fr\/blog\/lyon-va-signer-un-arriere-gauche-courtise-par-manchester-united\/\" \/>\n<meta property=\"og:locale\" content=\"fr_FR\" \/>\n<meta property=\"og:type\" content=\"article\" \/>\n<meta property=\"og:title\" content=\"Lyon va signer un arri\u00e8re gauche courtis\u00e9 par Manchester United\" \/>\n<meta property=\"og:description\" content=\"FOOTBALL - Selon Fabrizio Romano, l&#039;Olympique Lyonnais va engager l&#039;arri\u00e8re gauche n\u00e9erlandais, Tyrell Malacia.\" \/>\n<meta property=\"og:url\" content=\"https:\/\/dicodusport.fr\/blog\/lyon-va-signer-un-arriere-gauche-courtise-par-manchester-united\/\" \/>\n<meta property=\"og:site_name\" content=\"Dicodusport\" \/>\n<meta property=\"article:publisher\" content=\"https:\/\/www.facebook.com\/dicodusport\" \/>\n<meta property=\"article:author\" content=\"https:\/\/www.facebook.com\/dicodusport\" \/>\n<meta property=\"article:published_time\" content=\"2022-06-24T14:59:37+00:00\" \/>\n<meta property=\"article:modified_time\" content=\"2022-06-24T15:57:09+00:00\" \/>\n<meta property=\"og:image\" content=\"https:\/\/dicodusport.fr\/blog\/wp-content\/uploads\/2022\/06\/Lyon-va-signer-un-arrie\u0300re-gauche-courtise\u0301-par-Manchester-United.png\" \/>\n\t<meta property=\"og:image:width\" content=\"800\" \/>\n\t<meta property=\"og:image:height\" content=\"445\" \/>\n\t<meta property=\"og:image:type\" content=\"image\/png\" \/>\n<meta name=\"author\" content=\"Nicolas Jacquemard\" \/>\n<meta name=\"twitter:card\" content=\"summary_large_image\" \/>\n<meta name=\"twitter:title\" content=\"Lyon va signer un arri\u00e8re gauche courtis\u00e9 par Manchester United\" \/>\n<meta name=\"twitter:creator\" content=\"@https:\/\/twitter.com\/Nico_Jacquemard\" \/>\n<meta name=\"twitter:site\" content=\"@dicodusport\" \/>\n<script type=\"application\/ld+json\" class=\"yoast-schema-graph\">{\"@context\":\"https:\/\/schema.org\",\"@graph\":[{\"@type\":\"NewsArticle\",\"@id\":\"https:\/\/dicodusport.fr\/blog\/lyon-va-signer-un-arriere-gauche-courtise-par-manchester-united\/#article\",\"isPartOf\":{\"@id\":\"https:\/\/dicodusport.fr\/blog\/lyon-va-signer-un-arriere-gauche-courtise-par-manchester-united\/\"},\"author\":{\"name\":\"Nicolas Jacquemard\",\"@id\":\"https:\/\/dicodusport.fr\/blog\/#\/schema\/person\/55dcb50ad410894e431ed812bbb70191\"},\"headline\":\"Lyon va signer un arri\u00e8re gauche courtis\u00e9 par Manchester United\",\"datePublished\":\"2022-06-24T14:59:37+00:00\",\"dateModified\":\"2022-06-24T15:57:09+00:00\",\"mainEntityOfPage\":{\"@id\":\"https:\/\/dicodusport.fr\/blog\/lyon-va-signer-un-arriere-gauche-courtise-par-manchester-united\/\"},\"wordCount\":191,\"commentCount\":0,\"publisher\":{\"@id\":\"https:\/\/dicodusport.fr\/blog\/#organization\"},\"image\":{\"@id\":\"https:\/\/dicodusport.fr\/blog\/lyon-va-signer-un-arriere-gauche-courtise-par-manchester-united\/#primaryimage\"},\"thumbnailUrl\":\"https:\/\/dicodusport.fr\/blog\/wp-content\/uploads\/2022\/06\/Lyon-va-signer-un-arrie\u0300re-gauche-courtise\u0301-par-Manchester-United.png\",\"keywords\":[\"Football\",\"Lyon\",\"OL\"],\"articleSection\":[\"Football\",\"Ligue 1\"],\"inLanguage\":\"fr-FR\",\"potentialAction\":[{\"@type\":\"CommentAction\",\"name\":\"Comment\",\"target\":[\"https:\/\/dicodusport.fr\/blog\/lyon-va-signer-un-arriere-gauche-courtise-par-manchester-united\/#respond\"]}],\"copyrightYear\":\"2022\",\"copyrightHolder\":{\"@id\":\"https:\/\/dicodusport.fr\/blog\/#organization\"}},{\"@type\":\"WebPage\",\"@id\":\"https:\/\/dicodusport.fr\/blog\/lyon-va-signer-un-arriere-gauche-courtise-par-manchester-united\/\",\"url\":\"https:\/\/dicodusport.fr\/blog\/lyon-va-signer-un-arriere-gauche-courtise-par-manchester-united\/\",\"name\":\"Lyon va signer un arri\u00e8re gauche courtis\u00e9 par Manchester United\",\"isPartOf\":{\"@id\":\"https:\/\/dicodusport.fr\/blog\/#website\"},\"primaryImageOfPage\":{\"@id\":\"https:\/\/dicodusport.fr\/blog\/lyon-va-signer-un-arriere-gauche-courtise-par-manchester-united\/#primaryimage\"},\"image\":{\"@id\":\"https:\/\/dicodusport.fr\/blog\/lyon-va-signer-un-arriere-gauche-courtise-par-manchester-united\/#primaryimage\"},\"thumbnailUrl\":\"https:\/\/dicodusport.fr\/blog\/wp-content\/uploads\/2022\/06\/Lyon-va-signer-un-arrie\u0300re-gauche-courtise\u0301-par-Manchester-United.png\",\"datePublished\":\"2022-06-24T14:59:37+00:00\",\"dateModified\":\"2022-06-24T15:57:09+00:00\",\"description\":\"FOOTBALL - Selon Fabrizio Romano, l'Olympique Lyonnais va engager l'arri\u00e8re gauche n\u00e9erlandais, Tyrell Malacia.\",\"breadcrumb\":{\"@id\":\"https:\/\/dicodusport.fr\/blog\/lyon-va-signer-un-arriere-gauche-courtise-par-manchester-united\/#breadcrumb\"},\"inLanguage\":\"fr-FR\",\"potentialAction\":[{\"@type\":\"ReadAction\",\"target\":[\"https:\/\/dicodusport.fr\/blog\/lyon-va-signer-un-arriere-gauche-courtise-par-manchester-united\/\"]}]},{\"@type\":\"ImageObject\",\"inLanguage\":\"fr-FR\",\"@id\":\"https:\/\/dicodusport.fr\/blog\/lyon-va-signer-un-arriere-gauche-courtise-par-manchester-united\/#primaryimage\",\"url\":\"https:\/\/dicodusport.fr\/blog\/wp-content\/uploads\/2022\/06\/Lyon-va-signer-un-arrie\u0300re-gauche-courtise\u0301-par-Manchester-United.png\",\"contentUrl\":\"https:\/\/dicodusport.fr\/blog\/wp-content\/uploads\/2022\/06\/Lyon-va-signer-un-arrie\u0300re-gauche-courtise\u0301-par-Manchester-United.png\",\"width\":800,\"height\":445},{\"@type\":\"BreadcrumbList\",\"@id\":\"https:\/\/dicodusport.fr\/blog\/lyon-va-signer-un-arriere-gauche-courtise-par-manchester-united\/#breadcrumb\",\"itemListElement\":[{\"@type\":\"ListItem\",\"position\":1,\"name\":\"Accueil\",\"item\":\"https:\/\/dicodusport.fr\/blog\/\"},{\"@type\":\"ListItem\",\"position\":2,\"name\":\"Lyon va signer un arri\u00e8re gauche courtis\u00e9 par Manchester United\"}]},{\"@type\":\"WebSite\",\"@id\":\"https:\/\/dicodusport.fr\/blog\/#website\",\"url\":\"https:\/\/dicodusport.fr\/blog\/\",\"name\":\"Dicodusport\",\"description\":\"L&#039;encyclop\u00e9die de l&#039;actualit\u00e9 sportive\",\"publisher\":{\"@id\":\"https:\/\/dicodusport.fr\/blog\/#organization\"},\"potentialAction\":[{\"@type\":\"SearchAction\",\"target\":{\"@type\":\"EntryPoint\",\"urlTemplate\":\"https:\/\/dicodusport.fr\/blog\/?s={search_term_string}\"},\"query-input\":{\"@type\":\"PropertyValueSpecification\",\"valueRequired\":true,\"valueName\":\"search_term_string\"}}],\"inLanguage\":\"fr-FR\"},{\"@type\":\"NewsMediaOrganization\",\"@id\":\"https:\/\/dicodusport.fr\/blog\/#organization\",\"name\":\"Dicodusport\",\"url\":\"https:\/\/dicodusport.fr\/blog\/\",\"logo\":{\"@type\":\"ImageObject\",\"inLanguage\":\"fr-FR\",\"@id\":\"https:\/\/dicodusport.fr\/blog\/#\/schema\/logo\/image\/\",\"url\":\"https:\/\/dicodusport.fr\/blog\/wp-content\/uploads\/2020\/06\/cropped-LOGO-DICODUSPORT-2020-SANS-FOND-SANS-TEXTE.png\",\"contentUrl\":\"https:\/\/dicodusport.fr\/blog\/wp-content\/uploads\/2020\/06\/cropped-LOGO-DICODUSPORT-2020-SANS-FOND-SANS-TEXTE.png\",\"width\":512,\"height\":512,\"caption\":\"Dicodusport\"},\"image\":{\"@id\":\"https:\/\/dicodusport.fr\/blog\/#\/schema\/logo\/image\/\"},\"sameAs\":[\"https:\/\/www.facebook.com\/dicodusport\",\"https:\/\/x.com\/dicodusport\",\"https:\/\/www.instagram.com\/dicodusport\/\",\"https:\/\/www.youtube.com\/channel\/UC7V2KZ5sd3htJivAbA4ZG3w\"],\"description\":\"Dicodusport est l'encyclop\u00e9die de l'actualit\u00e9 sportive.\",\"email\":\"bonjour@dicodusport.fr\",\"legalName\":\"DICODUSPORT\",\"foundingDate\":\"2018-01-14\",\"vatID\":\"FR71834470973\",\"taxID\":\"83447097300043\",\"numberOfEmployees\":{\"@type\":\"QuantitativeValue\",\"minValue\":\"1\",\"maxValue\":\"10\"}},{\"@type\":\"Person\",\"@id\":\"https:\/\/dicodusport.fr\/blog\/#\/schema\/person\/55dcb50ad410894e431ed812bbb70191\",\"name\":\"Nicolas Jacquemard\",\"image\":{\"@type\":\"ImageObject\",\"inLanguage\":\"fr-FR\",\"@id\":\"https:\/\/dicodusport.fr\/blog\/#\/schema\/person\/image\/\",\"url\":\"https:\/\/dicodusport.fr\/blog\/wp-content\/uploads\/2021\/05\/Nicolas-Jacquemard-150x150.jpeg\",\"contentUrl\":\"https:\/\/dicodusport.fr\/blog\/wp-content\/uploads\/2021\/05\/Nicolas-Jacquemard-150x150.jpeg\",\"caption\":\"Nicolas Jacquemard\"},\"description\":\"Passionn\u00e9 de sport et entrepreneur depuis mes 18 ans, la cr\u00e9ation de Dicodusport m'a sembl\u00e9 \u00e9vidente pour participer \u00e0 la m\u00e9diatisation d'un plus grand nombre de sports. Le chemin est long mais avec une \u00e9quipe des plus motiv\u00e9es et les Jeux Olympiques de Paris 2024 en point de mire, nous y arriverons ! Journaliste dans le monde du sport depuis plus de 5 ans, je traite aussi bien de football, de rugby, de biathlon que de cyclisme.\",\"sameAs\":[\"https:\/\/www.facebook.com\/dicodusport\",\"https:\/\/x.com\/https:\/\/twitter.com\/Nico_Jacquemard\"],\"url\":\"https:\/\/dicodusport.fr\/blog\/author\/dicodusport\/\"}]}<\/script>\n<!-- \/ Yoast SEO Premium plugin. -->","yoast_head_json":{"title":"Lyon va signer un arri\u00e8re gauche courtis\u00e9 par Manchester United","description":"FOOTBALL - Selon Fabrizio Romano, l'Olympique Lyonnais va engager l'arri\u00e8re gauche n\u00e9erlandais, Tyrell Malacia.","robots":{"index":"index","follow":"follow","max-snippet":"max-snippet:-1","max-image-preview":"max-image-preview:large","max-video-preview":"max-video-preview:-1"},"canonical":"https:\/\/dicodusport.fr\/blog\/lyon-va-signer-un-arriere-gauche-courtise-par-manchester-united\/","og_locale":"fr_FR","og_type":"article","og_title":"Lyon va signer un arri\u00e8re gauche courtis\u00e9 par Manchester United","og_description":"FOOTBALL - Selon Fabrizio Romano, l'Olympique Lyonnais va engager l'arri\u00e8re gauche n\u00e9erlandais, Tyrell Malacia.","og_url":"https:\/\/dicodusport.fr\/blog\/lyon-va-signer-un-arriere-gauche-courtise-par-manchester-united\/","og_site_name":"Dicodusport","article_publisher":"https:\/\/www.facebook.com\/dicodusport","article_author":"https:\/\/www.facebook.com\/dicodusport","article_published_time":"2022-06-24T14:59:37+00:00","article_modified_time":"2022-06-24T15:57:09+00:00","og_image":[{"width":800,"height":445,"url":"https:\/\/dicodusport.fr\/blog\/wp-content\/uploads\/2022\/06\/Lyon-va-signer-un-arrie\u0300re-gauche-courtise\u0301-par-Manchester-United.png","type":"image\/png"}],"author":"Nicolas Jacquemard","twitter_card":"summary_large_image","twitter_title":"Lyon va signer un arri\u00e8re gauche courtis\u00e9 par Manchester United","twitter_creator":"@https:\/\/twitter.com\/Nico_Jacquemard","twitter_site":"@dicodusport","schema":{"@context":"https:\/\/schema.org","@graph":[{"@type":"NewsArticle","@id":"https:\/\/dicodusport.fr\/blog\/lyon-va-signer-un-arriere-gauche-courtise-par-manchester-united\/#article","isPartOf":{"@id":"https:\/\/dicodusport.fr\/blog\/lyon-va-signer-un-arriere-gauche-courtise-par-manchester-united\/"},"author":{"name":"Nicolas Jacquemard","@id":"https:\/\/dicodusport.fr\/blog\/#\/schema\/person\/55dcb50ad410894e431ed812bbb70191"},"headline":"Lyon va signer un arri\u00e8re gauche courtis\u00e9 par Manchester United","datePublished":"2022-06-24T14:59:37+00:00","dateModified":"2022-06-24T15:57:09+00:00","mainEntityOfPage":{"@id":"https:\/\/dicodusport.fr\/blog\/lyon-va-signer-un-arriere-gauche-courtise-par-manchester-united\/"},"wordCount":191,"commentCount":0,"publisher":{"@id":"https:\/\/dicodusport.fr\/blog\/#organization"},"image":{"@id":"https:\/\/dicodusport.fr\/blog\/lyon-va-signer-un-arriere-gauche-courtise-par-manchester-united\/#primaryimage"},"thumbnailUrl":"https:\/\/dicodusport.fr\/blog\/wp-content\/uploads\/2022\/06\/Lyon-va-signer-un-arrie\u0300re-gauche-courtise\u0301-par-Manchester-United.png","keywords":["Football","Lyon","OL"],"articleSection":["Football","Ligue 1"],"inLanguage":"fr-FR","potentialAction":[{"@type":"CommentAction","name":"Comment","target":["https:\/\/dicodusport.fr\/blog\/lyon-va-signer-un-arriere-gauche-courtise-par-manchester-united\/#respond"]}],"copyrightYear":"2022","copyrightHolder":{"@id":"https:\/\/dicodusport.fr\/blog\/#organization"}},{"@type":"WebPage","@id":"https:\/\/dicodusport.fr\/blog\/lyon-va-signer-un-arriere-gauche-courtise-par-manchester-united\/","url":"https:\/\/dicodusport.fr\/blog\/lyon-va-signer-un-arriere-gauche-courtise-par-manchester-united\/","name":"Lyon va signer un arri\u00e8re gauche courtis\u00e9 par Manchester United","isPartOf":{"@id":"https:\/\/dicodusport.fr\/blog\/#website"},"primaryImageOfPage":{"@id":"https:\/\/dicodusport.fr\/blog\/lyon-va-signer-un-arriere-gauche-courtise-par-manchester-united\/#primaryimage"},"image":{"@id":"https:\/\/dicodusport.fr\/blog\/lyon-va-signer-un-arriere-gauche-courtise-par-manchester-united\/#primaryimage"},"thumbnailUrl":"https:\/\/dicodusport.fr\/blog\/wp-content\/uploads\/2022\/06\/Lyon-va-signer-un-arrie\u0300re-gauche-courtise\u0301-par-Manchester-United.png","datePublished":"2022-06-24T14:59:37+00:00","dateModified":"2022-06-24T15:57:09+00:00","description":"FOOTBALL - Selon Fabrizio Romano, l'Olympique Lyonnais va engager l'arri\u00e8re gauche n\u00e9erlandais, Tyrell Malacia.","breadcrumb":{"@id":"https:\/\/dicodusport.fr\/blog\/lyon-va-signer-un-arriere-gauche-courtise-par-manchester-united\/#breadcrumb"},"inLanguage":"fr-FR","potentialAction":[{"@type":"ReadAction","target":["https:\/\/dicodusport.fr\/blog\/lyon-va-signer-un-arriere-gauche-courtise-par-manchester-united\/"]}]},{"@type":"ImageObject","inLanguage":"fr-FR","@id":"https:\/\/dicodusport.fr\/blog\/lyon-va-signer-un-arriere-gauche-courtise-par-manchester-united\/#primaryimage","url":"https:\/\/dicodusport.fr\/blog\/wp-content\/uploads\/2022\/06\/Lyon-va-signer-un-arrie\u0300re-gauche-courtise\u0301-par-Manchester-United.png","contentUrl":"https:\/\/dicodusport.fr\/blog\/wp-content\/uploads\/2022\/06\/Lyon-va-signer-un-arrie\u0300re-gauche-courtise\u0301-par-Manchester-United.png","width":800,"height":445},{"@type":"BreadcrumbList","@id":"https:\/\/dicodusport.fr\/blog\/lyon-va-signer-un-arriere-gauche-courtise-par-manchester-united\/#breadcrumb","itemListElement":[{"@type":"ListItem","position":1,"name":"Accueil","item":"https:\/\/dicodusport.fr\/blog\/"},{"@type":"ListItem","position":2,"name":"Lyon va signer un arri\u00e8re gauche courtis\u00e9 par Manchester United"}]},{"@type":"WebSite","@id":"https:\/\/dicodusport.fr\/blog\/#website","url":"https:\/\/dicodusport.fr\/blog\/","name":"Dicodusport","description":"L&#039;encyclop\u00e9die de l&#039;actualit\u00e9 sportive","publisher":{"@id":"https:\/\/dicodusport.fr\/blog\/#organization"},"potentialAction":[{"@type":"SearchAction","target":{"@type":"EntryPoint","urlTemplate":"https:\/\/dicodusport.fr\/blog\/?s={search_term_string}"},"query-input":{"@type":"PropertyValueSpecification","valueRequired":true,"valueName":"search_term_string"}}],"inLanguage":"fr-FR"},{"@type":"NewsMediaOrganization","@id":"https:\/\/dicodusport.fr\/blog\/#organization","name":"Dicodusport","url":"https:\/\/dicodusport.fr\/blog\/","logo":{"@type":"ImageObject","inLanguage":"fr-FR","@id":"https:\/\/dicodusport.fr\/blog\/#\/schema\/logo\/image\/","url":"https:\/\/dicodusport.fr\/blog\/wp-content\/uploads\/2020\/06\/cropped-LOGO-DICODUSPORT-2020-SANS-FOND-SANS-TEXTE.png","contentUrl":"https:\/\/dicodusport.fr\/blog\/wp-content\/uploads\/2020\/06\/cropped-LOGO-DICODUSPORT-2020-SANS-FOND-SANS-TEXTE.png","width":512,"height":512,"caption":"Dicodusport"},"image":{"@id":"https:\/\/dicodusport.fr\/blog\/#\/schema\/logo\/image\/"},"sameAs":["https:\/\/www.facebook.com\/dicodusport","https:\/\/x.com\/dicodusport","https:\/\/www.instagram.com\/dicodusport\/","https:\/\/www.youtube.com\/channel\/UC7V2KZ5sd3htJivAbA4ZG3w"],"description":"Dicodusport est l'encyclop\u00e9die de l'actualit\u00e9 sportive.","email":"bonjour@dicodusport.fr","legalName":"DICODUSPORT","foundingDate":"2018-01-14","vatID":"FR71834470973","taxID":"83447097300043","numberOfEmployees":{"@type":"QuantitativeValue","minValue":"1","maxValue":"10"}},{"@type":"Person","@id":"https:\/\/dicodusport.fr\/blog\/#\/schema\/person\/55dcb50ad410894e431ed812bbb70191","name":"Nicolas Jacquemard","image":{"@type":"ImageObject","inLanguage":"fr-FR","@id":"https:\/\/dicodusport.fr\/blog\/#\/schema\/person\/image\/","url":"https:\/\/dicodusport.fr\/blog\/wp-content\/uploads\/2021\/05\/Nicolas-Jacquemard-150x150.jpeg","contentUrl":"https:\/\/dicodusport.fr\/blog\/wp-content\/uploads\/2021\/05\/Nicolas-Jacquemard-150x150.jpeg","caption":"Nicolas Jacquemard"},"description":"Passionn\u00e9 de sport et entrepreneur depuis mes 18 ans, la cr\u00e9ation de Dicodusport m'a sembl\u00e9 \u00e9vidente pour participer \u00e0 la m\u00e9diatisation d'un plus grand nombre de sports. Le chemin est long mais avec une \u00e9quipe des plus motiv\u00e9es et les Jeux Olympiques de Paris 2024 en point de mire, nous y arriverons ! Journaliste dans le monde du sport depuis plus de 5 ans, je traite aussi bien de football, de rugby, de biathlon que de cyclisme.","sameAs":["https:\/\/www.facebook.com\/dicodusport","https:\/\/x.com\/https:\/\/twitter.com\/Nico_Jacquemard"],"url":"https:\/\/dicodusport.fr\/blog\/author\/dicodusport\/"}]}},"_links":{"self":[{"href":"https:\/\/dicodusport.fr\/blog\/wp-json\/wp\/v2\/posts\/236831","targetHints":{"allow":["GET"]}}],"collection":[{"href":"https:\/\/dicodusport.fr\/blog\/wp-json\/wp\/v2\/posts"}],"about":[{"href":"https:\/\/dicodusport.fr\/blog\/wp-json\/wp\/v2\/types\/post"}],"author":[{"embeddable":true,"href":"https:\/\/dicodusport.fr\/blog\/wp-json\/wp\/v2\/users\/1"}],"replies":[{"embeddable":true,"href":"https:\/\/dicodusport.fr\/blog\/wp-json\/wp\/v2\/comments?post=236831"}],"version-history":[{"count":0,"href":"https:\/\/dicodusport.fr\/blog\/wp-json\/wp\/v2\/posts\/236831\/revisions"}],"wp:featuredmedia":[{"embeddable":true,"href":"https:\/\/dicodusport.fr\/blog\/wp-json\/wp\/v2\/media\/236833"}],"wp:attachment":[{"href":"https:\/\/dicodusport.fr\/blog\/wp-json\/wp\/v2\/media?parent=236831"}],"wp:term":[{"taxonomy":"category","embeddable":true,"href":"https:\/\/dicodusport.fr\/blog\/wp-json\/wp\/v2\/categories?post=236831"},{"taxonomy":"post_tag","embeddable":true,"href":"https:\/\/dicodusport.fr\/blog\/wp-json\/wp\/v2\/tags?post=236831"}],"curies":[{"name":"wp","href":"https:\/\/api.w.org\/{rel}","templated":true}]}}