{"id":23684,"date":"2018-08-12T12:00:27","date_gmt":"2018-08-12T10:00:27","guid":{"rendered":"http:\/\/dicodusport.fr\/blog\/?p=23684"},"modified":"2018-08-12T12:14:59","modified_gmt":"2018-08-12T10:14:59","slug":"ligue-1-racing-club-de-strasbourg-c-est-reparti-pour-un-tour","status":"publish","type":"post","link":"https:\/\/dicodusport.fr\/blog\/ligue-1-racing-club-de-strasbourg-c-est-reparti-pour-un-tour\/","title":{"rendered":"Ligue 1 &#8211; RC Strasbourg : c&rsquo;est reparti pour un tour"},"content":{"rendered":"<p class=\"QueueInfoContent__description___1zVDQ\" style=\"text-align: justify;\"><em><strong>A 17h, le Racing Club de Strasbourg reprend le chemin de la Ligue 1 avec comme premier adversaire les Girondins de Bordeaux au stade Matmut Atlantique. Le but pour la saison \u00e0 venir ? D\u00e9finitivement s&rsquo;installer en L1.<\/strong><\/em><\/p>\n<p class=\"lettrine\" style=\"text-align: justify;\">Il a bien chang\u00e9 le Racing Club de Strasbourg depuis la mi-mai et le maintien d\u00e9croch\u00e9 un soir de bonheur, lors d&rsquo;une victoire face \u00e0 Lyon \u00e0 la Meinau. Il a bien chang\u00e9 le Racing par rapport \u00e0 celui qui, en d\u00e9cembre 2017, laminait Bordeaux. Exit Jean-Eudes Aholou, Martin Terrier et quelques-uns des joueurs de la mont\u00e9e en Ligue 2 puis en Ligue 1.<\/p>\n<h4><strong>Une \u00e9quipe pas encore finalis\u00e9e\u00a0<\/strong><\/h4>\n<p style=\"text-align: justify;\">Place maintenant \u00e0 une nouvelle ossature, avec des \u00e9l\u00e9ments d&rsquo;exp\u00e9rience comme le gardien belge Matz Sels, les d\u00e9fenseurs centraux Lamine Kon\u00e9 et Stefan Mitrovic, le milieu de terrain Adrien Thomasson et l&rsquo;attaquant Ludovic Ajorque. Place \u00e9galement \u00e0 un jeune prometteur, Ibrahima Sissoko, venu de Brest et quelques jeunes du centre de formation comme Caci, Zemzemi ou encore Zohi.<\/p>\n<p style=\"text-align: justify;\">Le pr\u00e9sident Marc Keller l&rsquo;a d\u00e9clar\u00e9 vendredi, l&rsquo;\u00e9quipe n&rsquo;est pas encore compl\u00e8te, il manque encore trois joueurs pour finaliser un mercato fort en choix : \u00ab <em>L&rsquo;id\u00e9e est de faire progresser l&rsquo;\u00e9quipe tout en gardant les valeurs qui ont fait que Strasbourg se retrouve en Ligue 1 aujourd&rsquo;hui. On a bien conscience que l&rsquo;\u00e9quipe n&rsquo;est pas encore compl\u00e8te, il nous faut encore trois joueurs et on a jusqu&rsquo;au 31 ao\u00fbt pour les avoir. \u00bb<br \/>\n<\/em><\/p>\n<h4 style=\"text-align: justify;\"><strong>Faire mieux que l&rsquo;an dernier<\/strong><\/h4>\n<p style=\"text-align: justify;\">Avec un tel bouleversement,\u00a0Strasbourg arrive donc \u00e0 Bordeaux avec prudence selon Thierry Laurey : <em>\u00ab Sans \u00eatre impatient, je suis heureux d&rsquo;\u00eatre l\u00e0. J&rsquo;aurais pr\u00e9f\u00e9r\u00e9 une semaine ou deux de plus de pr\u00e9paration. Les Girondins seront eux dans le rythme de la comp\u00e9tition. \u00bb<\/em><\/p>\n<p style=\"text-align: justify;\">L&rsquo;entra\u00eeneur explique qu&rsquo;il faudra faire mieux que l&rsquo;ann\u00e9e derni\u00e8re (d\u00e9faite face \u00e0 Lyon 4-0) : \u00ab <em>On a travaill\u00e9 pour \u00eatre pr\u00eat au mieux demain. J&rsquo;esp\u00e8re qu&rsquo;on fera beaucoup mieux que la saison derni\u00e8re. Il faut bien se pr\u00e9parer mentalement et \u00eatre pr\u00eat \u00e0 souffrir face \u00e0 une \u00e9quipe qui a de l&rsquo;ambition. \u00bb<br \/>\n<\/em><\/p>\n<p><em><strong>Tristan Mieger<\/strong><\/em><br \/>\n<strong><em><a href=\"https:\/\/twitter.com\/llodra67?lang=fr\" target=\"_blank\" rel=\"noopener\"><img loading=\"lazy\" decoding=\"async\" class=\"alignnone wp-image-2908 size-full\" src=\"http:\/\/dicodusport.fr\/blog\/wp-content\/uploads\/2017\/07\/logo-twitter-e1516110106986.png\" alt=\"\" width=\"39\" height=\"39\" \/><\/a><\/em><\/strong><\/p>\n","protected":false},"excerpt":{"rendered":"<p>A 17h, le Racing Club de Strasbourg reprend le chemin de la Ligue 1 avec comme premier adversaire les Girondins de Bordeaux au stade Matmut Atlantique. Le but pour la saison \u00e0 venir ? D\u00e9finitivement s&rsquo;installer en L1.<\/p>\n","protected":false},"author":6,"featured_media":23702,"comment_status":"open","ping_status":"closed","sticky":false,"template":"","format":"standard","meta":{"_acf_changed":false,"_daextam_enable_autolinks":"","footnotes":""},"categories":[2,2301],"tags":[75,1554,5732],"class_list":["post-23684","post","type-post","status-publish","format-standard","has-post-thumbnail","hentry","category-actualites","category-football","tag-football","tag-ligue-1","tag-racing-club-de-strasbourg"],"acf":[],"yoast_head":"<!-- This site is optimized with the Yoast SEO Premium plugin v26.7 (Yoast SEO v26.7) - https:\/\/yoast.com\/wordpress\/plugins\/seo\/ -->\n<title>Ligue 1 - RC Strasbourg : c&#039;est reparti pour un tour<\/title>\n<meta name=\"description\" content=\"A 17h, le Racing Club de Strasbourg reprend le chemin de la Ligue 1 avec comme premier adversaire Bordeaux.\" \/>\n<meta name=\"robots\" content=\"index, follow, max-snippet:-1, max-image-preview:large, max-video-preview:-1\" \/>\n<link rel=\"canonical\" href=\"https:\/\/dicodusport.fr\/blog\/ligue-1-racing-club-de-strasbourg-c-est-reparti-pour-un-tour\/\" \/>\n<meta property=\"og:locale\" content=\"fr_FR\" \/>\n<meta property=\"og:type\" content=\"article\" \/>\n<meta property=\"og:title\" content=\"Ligue 1 - RC Strasbourg : c&#039;est reparti pour un tour\" \/>\n<meta property=\"og:description\" content=\"A 17h, le Racing Club de Strasbourg reprend le chemin de la Ligue 1 avec comme premier adversaire Bordeaux.\" \/>\n<meta property=\"og:url\" content=\"https:\/\/dicodusport.fr\/blog\/ligue-1-racing-club-de-strasbourg-c-est-reparti-pour-un-tour\/\" \/>\n<meta property=\"og:site_name\" content=\"Dicodusport\" \/>\n<meta property=\"article:publisher\" content=\"https:\/\/www.facebook.com\/dicodusport\" \/>\n<meta property=\"article:published_time\" content=\"2018-08-12T10:00:27+00:00\" \/>\n<meta property=\"article:modified_time\" content=\"2018-08-12T10:14:59+00:00\" \/>\n<meta property=\"og:image\" content=\"https:\/\/dicodusport.fr\/blog\/wp-content\/uploads\/2018\/08\/RC-Strasbourg-1\u00e8re-journ\u00e9e.png\" \/>\n\t<meta property=\"og:image:width\" content=\"800\" \/>\n\t<meta property=\"og:image:height\" content=\"445\" \/>\n\t<meta property=\"og:image:type\" content=\"image\/png\" \/>\n<meta name=\"author\" content=\"Tristan\" \/>\n<meta name=\"twitter:card\" content=\"summary_large_image\" \/>\n<meta name=\"twitter:creator\" content=\"@dicodusport\" \/>\n<meta name=\"twitter:site\" content=\"@dicodusport\" \/>\n<script type=\"application\/ld+json\" class=\"yoast-schema-graph\">{\"@context\":\"https:\/\/schema.org\",\"@graph\":[{\"@type\":\"NewsArticle\",\"@id\":\"https:\/\/dicodusport.fr\/blog\/ligue-1-racing-club-de-strasbourg-c-est-reparti-pour-un-tour\/#article\",\"isPartOf\":{\"@id\":\"https:\/\/dicodusport.fr\/blog\/ligue-1-racing-club-de-strasbourg-c-est-reparti-pour-un-tour\/\"},\"author\":{\"name\":\"Tristan\",\"@id\":\"https:\/\/dicodusport.fr\/blog\/#\/schema\/person\/70c332124679336c1a1a6ec090e8a904\"},\"headline\":\"Ligue 1 &#8211; RC Strasbourg : c&rsquo;est reparti pour un tour\",\"datePublished\":\"2018-08-12T10:00:27+00:00\",\"dateModified\":\"2018-08-12T10:14:59+00:00\",\"mainEntityOfPage\":{\"@id\":\"https:\/\/dicodusport.fr\/blog\/ligue-1-racing-club-de-strasbourg-c-est-reparti-pour-un-tour\/\"},\"wordCount\":378,\"commentCount\":0,\"publisher\":{\"@id\":\"https:\/\/dicodusport.fr\/blog\/#organization\"},\"image\":{\"@id\":\"https:\/\/dicodusport.fr\/blog\/ligue-1-racing-club-de-strasbourg-c-est-reparti-pour-un-tour\/#primaryimage\"},\"thumbnailUrl\":\"https:\/\/dicodusport.fr\/blog\/wp-content\/uploads\/2018\/08\/RC-Strasbourg-1\u00e8re-journ\u00e9e.png\",\"keywords\":[\"Football\",\"Ligue 1\",\"Racing Club de Strasbourg\"],\"articleSection\":[\"Actualit\u00e9s\",\"Football\"],\"inLanguage\":\"fr-FR\",\"potentialAction\":[{\"@type\":\"CommentAction\",\"name\":\"Comment\",\"target\":[\"https:\/\/dicodusport.fr\/blog\/ligue-1-racing-club-de-strasbourg-c-est-reparti-pour-un-tour\/#respond\"]}],\"copyrightYear\":\"2018\",\"copyrightHolder\":{\"@id\":\"https:\/\/dicodusport.fr\/blog\/#organization\"}},{\"@type\":\"WebPage\",\"@id\":\"https:\/\/dicodusport.fr\/blog\/ligue-1-racing-club-de-strasbourg-c-est-reparti-pour-un-tour\/\",\"url\":\"https:\/\/dicodusport.fr\/blog\/ligue-1-racing-club-de-strasbourg-c-est-reparti-pour-un-tour\/\",\"name\":\"Ligue 1 - RC Strasbourg : c'est reparti pour un tour\",\"isPartOf\":{\"@id\":\"https:\/\/dicodusport.fr\/blog\/#website\"},\"primaryImageOfPage\":{\"@id\":\"https:\/\/dicodusport.fr\/blog\/ligue-1-racing-club-de-strasbourg-c-est-reparti-pour-un-tour\/#primaryimage\"},\"image\":{\"@id\":\"https:\/\/dicodusport.fr\/blog\/ligue-1-racing-club-de-strasbourg-c-est-reparti-pour-un-tour\/#primaryimage\"},\"thumbnailUrl\":\"https:\/\/dicodusport.fr\/blog\/wp-content\/uploads\/2018\/08\/RC-Strasbourg-1\u00e8re-journ\u00e9e.png\",\"datePublished\":\"2018-08-12T10:00:27+00:00\",\"dateModified\":\"2018-08-12T10:14:59+00:00\",\"description\":\"A 17h, le Racing Club de Strasbourg reprend le chemin de la Ligue 1 avec comme premier adversaire Bordeaux.\",\"breadcrumb\":{\"@id\":\"https:\/\/dicodusport.fr\/blog\/ligue-1-racing-club-de-strasbourg-c-est-reparti-pour-un-tour\/#breadcrumb\"},\"inLanguage\":\"fr-FR\",\"potentialAction\":[{\"@type\":\"ReadAction\",\"target\":[\"https:\/\/dicodusport.fr\/blog\/ligue-1-racing-club-de-strasbourg-c-est-reparti-pour-un-tour\/\"]}]},{\"@type\":\"ImageObject\",\"inLanguage\":\"fr-FR\",\"@id\":\"https:\/\/dicodusport.fr\/blog\/ligue-1-racing-club-de-strasbourg-c-est-reparti-pour-un-tour\/#primaryimage\",\"url\":\"https:\/\/dicodusport.fr\/blog\/wp-content\/uploads\/2018\/08\/RC-Strasbourg-1\u00e8re-journ\u00e9e.png\",\"contentUrl\":\"https:\/\/dicodusport.fr\/blog\/wp-content\/uploads\/2018\/08\/RC-Strasbourg-1\u00e8re-journ\u00e9e.png\",\"width\":800,\"height\":445},{\"@type\":\"BreadcrumbList\",\"@id\":\"https:\/\/dicodusport.fr\/blog\/ligue-1-racing-club-de-strasbourg-c-est-reparti-pour-un-tour\/#breadcrumb\",\"itemListElement\":[{\"@type\":\"ListItem\",\"position\":1,\"name\":\"Accueil\",\"item\":\"https:\/\/dicodusport.fr\/blog\/\"},{\"@type\":\"ListItem\",\"position\":2,\"name\":\"Ligue 1 &#8211; RC Strasbourg : c&rsquo;est reparti pour un tour\"}]},{\"@type\":\"WebSite\",\"@id\":\"https:\/\/dicodusport.fr\/blog\/#website\",\"url\":\"https:\/\/dicodusport.fr\/blog\/\",\"name\":\"Dicodusport\",\"description\":\"L&#039;encyclop\u00e9die de l&#039;actualit\u00e9 sportive\",\"publisher\":{\"@id\":\"https:\/\/dicodusport.fr\/blog\/#organization\"},\"potentialAction\":[{\"@type\":\"SearchAction\",\"target\":{\"@type\":\"EntryPoint\",\"urlTemplate\":\"https:\/\/dicodusport.fr\/blog\/?s={search_term_string}\"},\"query-input\":{\"@type\":\"PropertyValueSpecification\",\"valueRequired\":true,\"valueName\":\"search_term_string\"}}],\"inLanguage\":\"fr-FR\"},{\"@type\":\"NewsMediaOrganization\",\"@id\":\"https:\/\/dicodusport.fr\/blog\/#organization\",\"name\":\"Dicodusport\",\"url\":\"https:\/\/dicodusport.fr\/blog\/\",\"logo\":{\"@type\":\"ImageObject\",\"inLanguage\":\"fr-FR\",\"@id\":\"https:\/\/dicodusport.fr\/blog\/#\/schema\/logo\/image\/\",\"url\":\"https:\/\/dicodusport.fr\/blog\/wp-content\/uploads\/2020\/06\/cropped-LOGO-DICODUSPORT-2020-SANS-FOND-SANS-TEXTE.png\",\"contentUrl\":\"https:\/\/dicodusport.fr\/blog\/wp-content\/uploads\/2020\/06\/cropped-LOGO-DICODUSPORT-2020-SANS-FOND-SANS-TEXTE.png\",\"width\":512,\"height\":512,\"caption\":\"Dicodusport\"},\"image\":{\"@id\":\"https:\/\/dicodusport.fr\/blog\/#\/schema\/logo\/image\/\"},\"sameAs\":[\"https:\/\/www.facebook.com\/dicodusport\",\"https:\/\/x.com\/dicodusport\",\"https:\/\/www.instagram.com\/dicodusport\/\",\"https:\/\/www.youtube.com\/channel\/UC7V2KZ5sd3htJivAbA4ZG3w\"],\"description\":\"Dicodusport est l'encyclop\u00e9die de l'actualit\u00e9 sportive.\",\"email\":\"bonjour@dicodusport.fr\",\"legalName\":\"DICODUSPORT\",\"foundingDate\":\"2018-01-14\",\"vatID\":\"FR71834470973\",\"taxID\":\"83447097300043\",\"numberOfEmployees\":{\"@type\":\"QuantitativeValue\",\"minValue\":\"1\",\"maxValue\":\"10\"}},{\"@type\":\"Person\",\"@id\":\"https:\/\/dicodusport.fr\/blog\/#\/schema\/person\/70c332124679336c1a1a6ec090e8a904\",\"name\":\"Tristan\",\"image\":{\"@type\":\"ImageObject\",\"inLanguage\":\"fr-FR\",\"@id\":\"https:\/\/dicodusport.fr\/blog\/#\/schema\/person\/image\/\",\"url\":\"https:\/\/dicodusport.fr\/blog\/wp-content\/uploads\/2018\/06\/User-blue-icon-150x150.png\",\"contentUrl\":\"https:\/\/dicodusport.fr\/blog\/wp-content\/uploads\/2018\/06\/User-blue-icon-150x150.png\",\"caption\":\"Tristan\"},\"url\":\"https:\/\/dicodusport.fr\/blog\/author\/tristan\/\"}]}<\/script>\n<!-- \/ Yoast SEO Premium plugin. -->","yoast_head_json":{"title":"Ligue 1 - RC Strasbourg : c'est reparti pour un tour","description":"A 17h, le Racing Club de Strasbourg reprend le chemin de la Ligue 1 avec comme premier adversaire Bordeaux.","robots":{"index":"index","follow":"follow","max-snippet":"max-snippet:-1","max-image-preview":"max-image-preview:large","max-video-preview":"max-video-preview:-1"},"canonical":"https:\/\/dicodusport.fr\/blog\/ligue-1-racing-club-de-strasbourg-c-est-reparti-pour-un-tour\/","og_locale":"fr_FR","og_type":"article","og_title":"Ligue 1 - RC Strasbourg : c'est reparti pour un tour","og_description":"A 17h, le Racing Club de Strasbourg reprend le chemin de la Ligue 1 avec comme premier adversaire Bordeaux.","og_url":"https:\/\/dicodusport.fr\/blog\/ligue-1-racing-club-de-strasbourg-c-est-reparti-pour-un-tour\/","og_site_name":"Dicodusport","article_publisher":"https:\/\/www.facebook.com\/dicodusport","article_published_time":"2018-08-12T10:00:27+00:00","article_modified_time":"2018-08-12T10:14:59+00:00","og_image":[{"width":800,"height":445,"url":"https:\/\/dicodusport.fr\/blog\/wp-content\/uploads\/2018\/08\/RC-Strasbourg-1\u00e8re-journ\u00e9e.png","type":"image\/png"}],"author":"Tristan","twitter_card":"summary_large_image","twitter_creator":"@dicodusport","twitter_site":"@dicodusport","schema":{"@context":"https:\/\/schema.org","@graph":[{"@type":"NewsArticle","@id":"https:\/\/dicodusport.fr\/blog\/ligue-1-racing-club-de-strasbourg-c-est-reparti-pour-un-tour\/#article","isPartOf":{"@id":"https:\/\/dicodusport.fr\/blog\/ligue-1-racing-club-de-strasbourg-c-est-reparti-pour-un-tour\/"},"author":{"name":"Tristan","@id":"https:\/\/dicodusport.fr\/blog\/#\/schema\/person\/70c332124679336c1a1a6ec090e8a904"},"headline":"Ligue 1 &#8211; RC Strasbourg : c&rsquo;est reparti pour un tour","datePublished":"2018-08-12T10:00:27+00:00","dateModified":"2018-08-12T10:14:59+00:00","mainEntityOfPage":{"@id":"https:\/\/dicodusport.fr\/blog\/ligue-1-racing-club-de-strasbourg-c-est-reparti-pour-un-tour\/"},"wordCount":378,"commentCount":0,"publisher":{"@id":"https:\/\/dicodusport.fr\/blog\/#organization"},"image":{"@id":"https:\/\/dicodusport.fr\/blog\/ligue-1-racing-club-de-strasbourg-c-est-reparti-pour-un-tour\/#primaryimage"},"thumbnailUrl":"https:\/\/dicodusport.fr\/blog\/wp-content\/uploads\/2018\/08\/RC-Strasbourg-1\u00e8re-journ\u00e9e.png","keywords":["Football","Ligue 1","Racing Club de Strasbourg"],"articleSection":["Actualit\u00e9s","Football"],"inLanguage":"fr-FR","potentialAction":[{"@type":"CommentAction","name":"Comment","target":["https:\/\/dicodusport.fr\/blog\/ligue-1-racing-club-de-strasbourg-c-est-reparti-pour-un-tour\/#respond"]}],"copyrightYear":"2018","copyrightHolder":{"@id":"https:\/\/dicodusport.fr\/blog\/#organization"}},{"@type":"WebPage","@id":"https:\/\/dicodusport.fr\/blog\/ligue-1-racing-club-de-strasbourg-c-est-reparti-pour-un-tour\/","url":"https:\/\/dicodusport.fr\/blog\/ligue-1-racing-club-de-strasbourg-c-est-reparti-pour-un-tour\/","name":"Ligue 1 - RC Strasbourg : c'est reparti pour un tour","isPartOf":{"@id":"https:\/\/dicodusport.fr\/blog\/#website"},"primaryImageOfPage":{"@id":"https:\/\/dicodusport.fr\/blog\/ligue-1-racing-club-de-strasbourg-c-est-reparti-pour-un-tour\/#primaryimage"},"image":{"@id":"https:\/\/dicodusport.fr\/blog\/ligue-1-racing-club-de-strasbourg-c-est-reparti-pour-un-tour\/#primaryimage"},"thumbnailUrl":"https:\/\/dicodusport.fr\/blog\/wp-content\/uploads\/2018\/08\/RC-Strasbourg-1\u00e8re-journ\u00e9e.png","datePublished":"2018-08-12T10:00:27+00:00","dateModified":"2018-08-12T10:14:59+00:00","description":"A 17h, le Racing Club de Strasbourg reprend le chemin de la Ligue 1 avec comme premier adversaire Bordeaux.","breadcrumb":{"@id":"https:\/\/dicodusport.fr\/blog\/ligue-1-racing-club-de-strasbourg-c-est-reparti-pour-un-tour\/#breadcrumb"},"inLanguage":"fr-FR","potentialAction":[{"@type":"ReadAction","target":["https:\/\/dicodusport.fr\/blog\/ligue-1-racing-club-de-strasbourg-c-est-reparti-pour-un-tour\/"]}]},{"@type":"ImageObject","inLanguage":"fr-FR","@id":"https:\/\/dicodusport.fr\/blog\/ligue-1-racing-club-de-strasbourg-c-est-reparti-pour-un-tour\/#primaryimage","url":"https:\/\/dicodusport.fr\/blog\/wp-content\/uploads\/2018\/08\/RC-Strasbourg-1\u00e8re-journ\u00e9e.png","contentUrl":"https:\/\/dicodusport.fr\/blog\/wp-content\/uploads\/2018\/08\/RC-Strasbourg-1\u00e8re-journ\u00e9e.png","width":800,"height":445},{"@type":"BreadcrumbList","@id":"https:\/\/dicodusport.fr\/blog\/ligue-1-racing-club-de-strasbourg-c-est-reparti-pour-un-tour\/#breadcrumb","itemListElement":[{"@type":"ListItem","position":1,"name":"Accueil","item":"https:\/\/dicodusport.fr\/blog\/"},{"@type":"ListItem","position":2,"name":"Ligue 1 &#8211; RC Strasbourg : c&rsquo;est reparti pour un tour"}]},{"@type":"WebSite","@id":"https:\/\/dicodusport.fr\/blog\/#website","url":"https:\/\/dicodusport.fr\/blog\/","name":"Dicodusport","description":"L&#039;encyclop\u00e9die de l&#039;actualit\u00e9 sportive","publisher":{"@id":"https:\/\/dicodusport.fr\/blog\/#organization"},"potentialAction":[{"@type":"SearchAction","target":{"@type":"EntryPoint","urlTemplate":"https:\/\/dicodusport.fr\/blog\/?s={search_term_string}"},"query-input":{"@type":"PropertyValueSpecification","valueRequired":true,"valueName":"search_term_string"}}],"inLanguage":"fr-FR"},{"@type":"NewsMediaOrganization","@id":"https:\/\/dicodusport.fr\/blog\/#organization","name":"Dicodusport","url":"https:\/\/dicodusport.fr\/blog\/","logo":{"@type":"ImageObject","inLanguage":"fr-FR","@id":"https:\/\/dicodusport.fr\/blog\/#\/schema\/logo\/image\/","url":"https:\/\/dicodusport.fr\/blog\/wp-content\/uploads\/2020\/06\/cropped-LOGO-DICODUSPORT-2020-SANS-FOND-SANS-TEXTE.png","contentUrl":"https:\/\/dicodusport.fr\/blog\/wp-content\/uploads\/2020\/06\/cropped-LOGO-DICODUSPORT-2020-SANS-FOND-SANS-TEXTE.png","width":512,"height":512,"caption":"Dicodusport"},"image":{"@id":"https:\/\/dicodusport.fr\/blog\/#\/schema\/logo\/image\/"},"sameAs":["https:\/\/www.facebook.com\/dicodusport","https:\/\/x.com\/dicodusport","https:\/\/www.instagram.com\/dicodusport\/","https:\/\/www.youtube.com\/channel\/UC7V2KZ5sd3htJivAbA4ZG3w"],"description":"Dicodusport est l'encyclop\u00e9die de l'actualit\u00e9 sportive.","email":"bonjour@dicodusport.fr","legalName":"DICODUSPORT","foundingDate":"2018-01-14","vatID":"FR71834470973","taxID":"83447097300043","numberOfEmployees":{"@type":"QuantitativeValue","minValue":"1","maxValue":"10"}},{"@type":"Person","@id":"https:\/\/dicodusport.fr\/blog\/#\/schema\/person\/70c332124679336c1a1a6ec090e8a904","name":"Tristan","image":{"@type":"ImageObject","inLanguage":"fr-FR","@id":"https:\/\/dicodusport.fr\/blog\/#\/schema\/person\/image\/","url":"https:\/\/dicodusport.fr\/blog\/wp-content\/uploads\/2018\/06\/User-blue-icon-150x150.png","contentUrl":"https:\/\/dicodusport.fr\/blog\/wp-content\/uploads\/2018\/06\/User-blue-icon-150x150.png","caption":"Tristan"},"url":"https:\/\/dicodusport.fr\/blog\/author\/tristan\/"}]}},"_links":{"self":[{"href":"https:\/\/dicodusport.fr\/blog\/wp-json\/wp\/v2\/posts\/23684","targetHints":{"allow":["GET"]}}],"collection":[{"href":"https:\/\/dicodusport.fr\/blog\/wp-json\/wp\/v2\/posts"}],"about":[{"href":"https:\/\/dicodusport.fr\/blog\/wp-json\/wp\/v2\/types\/post"}],"author":[{"embeddable":true,"href":"https:\/\/dicodusport.fr\/blog\/wp-json\/wp\/v2\/users\/6"}],"replies":[{"embeddable":true,"href":"https:\/\/dicodusport.fr\/blog\/wp-json\/wp\/v2\/comments?post=23684"}],"version-history":[{"count":0,"href":"https:\/\/dicodusport.fr\/blog\/wp-json\/wp\/v2\/posts\/23684\/revisions"}],"wp:featuredmedia":[{"embeddable":true,"href":"https:\/\/dicodusport.fr\/blog\/wp-json\/wp\/v2\/media\/23702"}],"wp:attachment":[{"href":"https:\/\/dicodusport.fr\/blog\/wp-json\/wp\/v2\/media?parent=23684"}],"wp:term":[{"taxonomy":"category","embeddable":true,"href":"https:\/\/dicodusport.fr\/blog\/wp-json\/wp\/v2\/categories?post=23684"},{"taxonomy":"post_tag","embeddable":true,"href":"https:\/\/dicodusport.fr\/blog\/wp-json\/wp\/v2\/tags?post=23684"}],"curies":[{"name":"wp","href":"https:\/\/api.w.org\/{rel}","templated":true}]}}