{"id":237555,"date":"2022-06-26T17:03:16","date_gmt":"2022-06-26T15:03:16","guid":{"rendered":"https:\/\/dicodusport.fr\/blog\/?p=237555&#038;preview=true&#038;preview_id=237555"},"modified":"2022-06-27T09:26:23","modified_gmt":"2022-06-27T07:26:23","slug":"circuit-itf-trois-titres-pour-les-francais-ce-dimanche","status":"publish","type":"post","link":"https:\/\/dicodusport.fr\/blog\/circuit-itf-trois-titres-pour-les-francais-ce-dimanche\/","title":{"rendered":"Circuit ITF : Trois titres pour les Fran\u00e7ais ce dimanche"},"content":{"rendered":"<p style=\"text-align: justify;\"><strong><em>TENNIS &#8211; CIRCUIT ITF &#8211; Le drapeau fran\u00e7ais flotte toujours fi\u00e8rement sur le circuit secondaire. Selena Janicijevic, Timo Legout et Terence Atmane se sont tous impos\u00e9s aujourd&rsquo;hui, avec deux titres en double pour parachever la r\u00e9ussite tricolore.\u00a0<\/em><\/strong><\/p>\n<p style=\"text-align: justify;\">La saison prolifique de <strong>Selena Janicijevic<\/strong> continue de s&rsquo;am\u00e9liorer. Lors du W25 de P\u00e9rigueux, elle a remport\u00e9 son troisi\u00e8me tournoi en 2022, apr\u00e8s Le Caire et Antalya 5. En Dordogne, la Tricolore s&rsquo;est montr\u00e9e souveraine, ne conc\u00e9dant que 18 jeux en cinq matchs ! Le tout sans perdre aucun set bien entendu. En finale, elle a domin\u00e9 dans les grandes largeurs l&rsquo;Allemande <strong>Katharina Hobgarski<\/strong>, pourtant mieux class\u00e9e de 60 places. Un succ\u00e8s net et sans bavure <strong>6-3, 6-2<\/strong>, et un cinqui\u00e8me titre ITF en carri\u00e8re pour <strong>Selena Janicijevic<\/strong>, qui se rapproche du top 300, <a href=\"https:\/\/dicodusport.fr\/blog\/qualifications-roland-garros-les-temps-forts-de-ce-mardi\/\">apr\u00e8s avoir notamment pass\u00e9 un tour en qualifications \u00e0 Roland-Garros<\/a>.<\/p>\n<blockquote class=\"twitter-tweet\">\n<p dir=\"ltr\" lang=\"sl\">ITF W25 Perigueux &#8211; Clay (Final)<br \/>\nSelena Janicijevic (FRA) def. Katharina Hobgarski (GER)<br \/>\n6-3 6-2<\/p>\n<p>\u2014 TENIPO &#8211; Tennis Livescore (@TENIPOcom) <a href=\"https:\/\/twitter.com\/TENIPOcom\/status\/1541065671332794369?ref_src=twsrc%5Etfw\">June 26, 2022<\/a><\/p><\/blockquote>\n<p><script async src=\"https:\/\/platform.twitter.com\/widgets.js\" charset=\"utf-8\"><\/script><\/p>\n<h2>Des duels 100% tricolores<\/h2>\n<p style=\"text-align: justify;\">Un peu plus au sud, au M25 de Montauban, c&rsquo;\u00e9tait grand Bleu. La finale du simple \u00e9tait enti\u00e8rement fran\u00e7aise, et apr\u00e8s un rude combat, <strong>Timo Legout<\/strong> a d\u00e9croch\u00e9 son deuxi\u00e8me titre ITF, plus d&rsquo;un an apr\u00e8s le premier ! Il s&rsquo;est impos\u00e9 <strong>6-3, 3-6, 6-4<\/strong> contre <strong>Giovanni Mpetshi Perricard<\/strong>, <a href=\"https:\/\/dicodusport.fr\/blog\/roland-garros-juniors-arthur-fils-et-luca-van-assche-sortent-vainqueurs-des-demies-franco-francaises\/\">demi-finaliste de Roland-Garros juniors l&rsquo;an dernier<\/a>. A 20 ans, il progresse jour apr\u00e8s jour au classement. Succ\u00e8s total pour les Fran\u00e7ais puisque <strong>Ugo Blanchet<\/strong> et <strong>Arthur Raymond<\/strong> l&rsquo;ont emport\u00e9 en double.<\/p>\n<blockquote class=\"twitter-tweet\">\n<p dir=\"ltr\" lang=\"fr\">&#x1f3be;&#x1f1eb;&#x1f1f7; Timo Legout (20 ans) remporte le 25000$ de Montauban et fait son entr\u00e9e dans le top 580 mondial. <a href=\"https:\/\/twitter.com\/hashtag\/Tennis?src=hash&amp;ref_src=twsrc%5Etfw\">#Tennis<\/a><\/p>\n<p>\u2014 Mikael Mazaleyrat (@MikaelMazal) <a href=\"https:\/\/twitter.com\/MikaelMazal\/status\/1541019756383313920?ref_src=twsrc%5Etfw\">June 26, 2022<\/a><\/p><\/blockquote>\n<p><script async src=\"https:\/\/platform.twitter.com\/widgets.js\" charset=\"utf-8\"><\/script><\/p>\n<p style=\"text-align: justify;\">Deux Fran\u00e7ais en finale, c&rsquo;\u00e9tait \u00e9galement le programme au M15 de Monastir 24, en Tunisie. Et<strong> Terence Atmane<\/strong> en a profit\u00e9 pour enfin d\u00e9crocher son premier titre ITF. Apr\u00e8s trois \u00e9checs en finale, tous dans cette ville (o\u00f9 des tournois sont r\u00e9guli\u00e8rement organis\u00e9s), il a bris\u00e9 cette barri\u00e8re en dominant <strong>Cyril Vandermeersch, 6-3, 7-6<\/strong> (<strong>4<\/strong>). Belle r\u00e9compense qui devrait lui permettre d&rsquo;int\u00e9grer le top 500. Enfin, \u00e0 Oeiras 3, Portugal, <strong>Sadio Doumbia<\/strong> et <strong>Fabien Reboul<\/strong> l&rsquo;ont emport\u00e9 en double, s&rsquo;imposant<strong> 15-13<\/strong> lors de la derni\u00e8re manche ! Un succ\u00e8s de plus \u00e0 mettre au cr\u00e9dit du tennis fran\u00e7ais.<\/p>\n<blockquote class=\"twitter-tweet\">\n<p dir=\"ltr\" lang=\"fr\">[<a href=\"https:\/\/twitter.com\/hashtag\/ITF?src=hash&amp;ref_src=twsrc%5Etfw\">#ITF<\/a>] Ce dimanche, Terence <a href=\"https:\/\/twitter.com\/hashtag\/Atmane?src=hash&amp;ref_src=twsrc%5Etfw\">#Atmane<\/a> (n\u00b0516) &#x1f1eb;&#x1f1f7; s&rsquo;impose \u00e0 <a href=\"https:\/\/twitter.com\/hashtag\/Monastir?src=hash&amp;ref_src=twsrc%5Etfw\">#Monastir<\/a> (Tunisie, M15, dur ext\u00e9rieur) ! T\u00eate de s\u00e9rie n\u00b03, il a battu Cyril <a href=\"https:\/\/twitter.com\/hashtag\/Vandermeersch?src=hash&amp;ref_src=twsrc%5Etfw\">#Vandermeersch<\/a> (n\u00b01295) &#x1f1eb;&#x1f1f7; en deux sets 6-3, 7-6 (4). \u00c0 20 ans, il remporte ainsi son premier troph\u00e9e &#x1f3c6; professionnel.<\/p>\n<p>&#x1f4f8; : Terence Atmane IG <a href=\"https:\/\/t.co\/X4btmv7dUH\">pic.twitter.com\/X4btmv7dUH<\/a><\/p>\n<p>\u2014 Jeu, Set Et Match (@jeu_set_etmatch) <a href=\"https:\/\/twitter.com\/jeu_set_etmatch\/status\/1541046015096229890?ref_src=twsrc%5Etfw\">June 26, 2022<\/a><\/p><\/blockquote>\n<p><script async src=\"https:\/\/platform.twitter.com\/widgets.js\" charset=\"utf-8\"><\/script><\/p>\n","protected":false},"excerpt":{"rendered":"<p>TENNIS &#8211; CIRCUIT ITF &#8211; Le drapeau fran\u00e7ais flotte toujours fi\u00e8rement sur le circuit secondaire. Selena Janicijevic, Timo Legout et Terence Atmane se sont tous impos\u00e9s aujourd&rsquo;hui, avec deux titres en double pour parachever la r\u00e9ussite tricolore.\u00a0<\/p>\n","protected":false},"author":59,"featured_media":237591,"comment_status":"open","ping_status":"closed","sticky":false,"template":"","format":"standard","meta":{"_acf_changed":false,"_daextam_enable_autolinks":"","footnotes":""},"categories":[2302],"tags":[23244,4792,24579],"class_list":["post-237555","post","type-post","status-publish","format-standard","has-post-thumbnail","hentry","category-tennis","tag-selena-janicijevic","tag-tennis-francais","tag-terence-atmane"],"acf":[],"yoast_head":"<!-- This site is optimized with the Yoast SEO Premium plugin v26.7 (Yoast SEO v26.7) - https:\/\/yoast.com\/wordpress\/plugins\/seo\/ -->\n<title>Circuit ITF : Trois titres pour les Fran\u00e7ais ce dimanche<\/title>\n<meta name=\"description\" content=\"CIRCUIT ITF - Selena Janicijevic, Timo Legout et Terence Atmane se sont tous impos\u00e9s aujourd&#039;hui, avec deux titres en double en prime.\" \/>\n<meta name=\"robots\" content=\"index, follow, max-snippet:-1, max-image-preview:large, max-video-preview:-1\" \/>\n<link rel=\"canonical\" href=\"https:\/\/dicodusport.fr\/blog\/circuit-itf-trois-titres-pour-les-francais-ce-dimanche\/\" \/>\n<meta property=\"og:locale\" content=\"fr_FR\" \/>\n<meta property=\"og:type\" content=\"article\" \/>\n<meta property=\"og:title\" content=\"Circuit ITF : Trois titres pour les Fran\u00e7ais ce dimanche\" \/>\n<meta property=\"og:description\" content=\"CIRCUIT ITF - Selena Janicijevic, Timo Legout et Terence Atmane se sont tous impos\u00e9s aujourd&#039;hui, avec deux titres en double en prime.\" \/>\n<meta property=\"og:url\" content=\"https:\/\/dicodusport.fr\/blog\/circuit-itf-trois-titres-pour-les-francais-ce-dimanche\/\" \/>\n<meta property=\"og:site_name\" content=\"Dicodusport\" \/>\n<meta property=\"article:publisher\" content=\"https:\/\/www.facebook.com\/dicodusport\" \/>\n<meta property=\"article:author\" content=\"https:\/\/www.facebook.com\/sebastien.gente\/\" \/>\n<meta property=\"article:published_time\" content=\"2022-06-26T15:03:16+00:00\" \/>\n<meta property=\"article:modified_time\" content=\"2022-06-27T07:26:23+00:00\" \/>\n<meta property=\"og:image\" content=\"https:\/\/dicodusport.fr\/blog\/wp-content\/uploads\/2022\/06\/Circuit-ITF-Trois-titres-pour-les-Francais-ce-dimanche.png\" \/>\n\t<meta property=\"og:image:width\" content=\"800\" \/>\n\t<meta property=\"og:image:height\" content=\"445\" \/>\n\t<meta property=\"og:image:type\" content=\"image\/png\" \/>\n<meta name=\"author\" content=\"S\u00e9bastien Gente\" \/>\n<meta name=\"twitter:card\" content=\"summary_large_image\" \/>\n<meta name=\"twitter:title\" content=\"Circuit ITF : Trois titres pour les Fran\u00e7ais ce dimanche\" \/>\n<meta name=\"twitter:creator\" content=\"@https:\/\/twitter.com\/globulo24\" \/>\n<meta name=\"twitter:site\" content=\"@dicodusport\" \/>\n<script type=\"application\/ld+json\" class=\"yoast-schema-graph\">{\"@context\":\"https:\/\/schema.org\",\"@graph\":[{\"@type\":\"NewsArticle\",\"@id\":\"https:\/\/dicodusport.fr\/blog\/circuit-itf-trois-titres-pour-les-francais-ce-dimanche\/#article\",\"isPartOf\":{\"@id\":\"https:\/\/dicodusport.fr\/blog\/circuit-itf-trois-titres-pour-les-francais-ce-dimanche\/\"},\"author\":{\"name\":\"S\u00e9bastien Gente\",\"@id\":\"https:\/\/dicodusport.fr\/blog\/#\/schema\/person\/627966a6cde45dbd8c5e36ac85d783da\"},\"headline\":\"Circuit ITF : Trois titres pour les Fran\u00e7ais ce dimanche\",\"datePublished\":\"2022-06-26T15:03:16+00:00\",\"dateModified\":\"2022-06-27T07:26:23+00:00\",\"mainEntityOfPage\":{\"@id\":\"https:\/\/dicodusport.fr\/blog\/circuit-itf-trois-titres-pour-les-francais-ce-dimanche\/\"},\"wordCount\":492,\"commentCount\":0,\"publisher\":{\"@id\":\"https:\/\/dicodusport.fr\/blog\/#organization\"},\"image\":{\"@id\":\"https:\/\/dicodusport.fr\/blog\/circuit-itf-trois-titres-pour-les-francais-ce-dimanche\/#primaryimage\"},\"thumbnailUrl\":\"https:\/\/dicodusport.fr\/blog\/wp-content\/uploads\/2022\/06\/Circuit-ITF-Trois-titres-pour-les-Francais-ce-dimanche.png\",\"keywords\":[\"Selena Janicijevic\",\"Tennis fran\u00e7ais\",\"Terence Atmane\"],\"articleSection\":[\"Tennis\"],\"inLanguage\":\"fr-FR\",\"potentialAction\":[{\"@type\":\"CommentAction\",\"name\":\"Comment\",\"target\":[\"https:\/\/dicodusport.fr\/blog\/circuit-itf-trois-titres-pour-les-francais-ce-dimanche\/#respond\"]}],\"copyrightYear\":\"2022\",\"copyrightHolder\":{\"@id\":\"https:\/\/dicodusport.fr\/blog\/#organization\"}},{\"@type\":\"WebPage\",\"@id\":\"https:\/\/dicodusport.fr\/blog\/circuit-itf-trois-titres-pour-les-francais-ce-dimanche\/\",\"url\":\"https:\/\/dicodusport.fr\/blog\/circuit-itf-trois-titres-pour-les-francais-ce-dimanche\/\",\"name\":\"Circuit ITF : Trois titres pour les Fran\u00e7ais ce dimanche\",\"isPartOf\":{\"@id\":\"https:\/\/dicodusport.fr\/blog\/#website\"},\"primaryImageOfPage\":{\"@id\":\"https:\/\/dicodusport.fr\/blog\/circuit-itf-trois-titres-pour-les-francais-ce-dimanche\/#primaryimage\"},\"image\":{\"@id\":\"https:\/\/dicodusport.fr\/blog\/circuit-itf-trois-titres-pour-les-francais-ce-dimanche\/#primaryimage\"},\"thumbnailUrl\":\"https:\/\/dicodusport.fr\/blog\/wp-content\/uploads\/2022\/06\/Circuit-ITF-Trois-titres-pour-les-Francais-ce-dimanche.png\",\"datePublished\":\"2022-06-26T15:03:16+00:00\",\"dateModified\":\"2022-06-27T07:26:23+00:00\",\"description\":\"CIRCUIT ITF - Selena Janicijevic, Timo Legout et Terence Atmane se sont tous impos\u00e9s aujourd'hui, avec deux titres en double en prime.\",\"breadcrumb\":{\"@id\":\"https:\/\/dicodusport.fr\/blog\/circuit-itf-trois-titres-pour-les-francais-ce-dimanche\/#breadcrumb\"},\"inLanguage\":\"fr-FR\",\"potentialAction\":[{\"@type\":\"ReadAction\",\"target\":[\"https:\/\/dicodusport.fr\/blog\/circuit-itf-trois-titres-pour-les-francais-ce-dimanche\/\"]}]},{\"@type\":\"ImageObject\",\"inLanguage\":\"fr-FR\",\"@id\":\"https:\/\/dicodusport.fr\/blog\/circuit-itf-trois-titres-pour-les-francais-ce-dimanche\/#primaryimage\",\"url\":\"https:\/\/dicodusport.fr\/blog\/wp-content\/uploads\/2022\/06\/Circuit-ITF-Trois-titres-pour-les-Francais-ce-dimanche.png\",\"contentUrl\":\"https:\/\/dicodusport.fr\/blog\/wp-content\/uploads\/2022\/06\/Circuit-ITF-Trois-titres-pour-les-Francais-ce-dimanche.png\",\"width\":800,\"height\":445,\"caption\":\"Circuit ITF Trois titres pour les Fran\u00e7ais ce dimanche\"},{\"@type\":\"BreadcrumbList\",\"@id\":\"https:\/\/dicodusport.fr\/blog\/circuit-itf-trois-titres-pour-les-francais-ce-dimanche\/#breadcrumb\",\"itemListElement\":[{\"@type\":\"ListItem\",\"position\":1,\"name\":\"Accueil\",\"item\":\"https:\/\/dicodusport.fr\/blog\/\"},{\"@type\":\"ListItem\",\"position\":2,\"name\":\"Circuit ITF : Trois titres pour les Fran\u00e7ais ce dimanche\"}]},{\"@type\":\"WebSite\",\"@id\":\"https:\/\/dicodusport.fr\/blog\/#website\",\"url\":\"https:\/\/dicodusport.fr\/blog\/\",\"name\":\"Dicodusport\",\"description\":\"L&#039;encyclop\u00e9die de l&#039;actualit\u00e9 sportive\",\"publisher\":{\"@id\":\"https:\/\/dicodusport.fr\/blog\/#organization\"},\"potentialAction\":[{\"@type\":\"SearchAction\",\"target\":{\"@type\":\"EntryPoint\",\"urlTemplate\":\"https:\/\/dicodusport.fr\/blog\/?s={search_term_string}\"},\"query-input\":{\"@type\":\"PropertyValueSpecification\",\"valueRequired\":true,\"valueName\":\"search_term_string\"}}],\"inLanguage\":\"fr-FR\"},{\"@type\":\"NewsMediaOrganization\",\"@id\":\"https:\/\/dicodusport.fr\/blog\/#organization\",\"name\":\"Dicodusport\",\"url\":\"https:\/\/dicodusport.fr\/blog\/\",\"logo\":{\"@type\":\"ImageObject\",\"inLanguage\":\"fr-FR\",\"@id\":\"https:\/\/dicodusport.fr\/blog\/#\/schema\/logo\/image\/\",\"url\":\"https:\/\/dicodusport.fr\/blog\/wp-content\/uploads\/2020\/06\/cropped-LOGO-DICODUSPORT-2020-SANS-FOND-SANS-TEXTE.png\",\"contentUrl\":\"https:\/\/dicodusport.fr\/blog\/wp-content\/uploads\/2020\/06\/cropped-LOGO-DICODUSPORT-2020-SANS-FOND-SANS-TEXTE.png\",\"width\":512,\"height\":512,\"caption\":\"Dicodusport\"},\"image\":{\"@id\":\"https:\/\/dicodusport.fr\/blog\/#\/schema\/logo\/image\/\"},\"sameAs\":[\"https:\/\/www.facebook.com\/dicodusport\",\"https:\/\/x.com\/dicodusport\",\"https:\/\/www.instagram.com\/dicodusport\/\",\"https:\/\/www.youtube.com\/channel\/UC7V2KZ5sd3htJivAbA4ZG3w\"],\"description\":\"Dicodusport est l'encyclop\u00e9die de l'actualit\u00e9 sportive.\",\"email\":\"bonjour@dicodusport.fr\",\"legalName\":\"DICODUSPORT\",\"foundingDate\":\"2018-01-14\",\"vatID\":\"FR71834470973\",\"taxID\":\"83447097300043\",\"numberOfEmployees\":{\"@type\":\"QuantitativeValue\",\"minValue\":\"1\",\"maxValue\":\"10\"}},{\"@type\":\"Person\",\"@id\":\"https:\/\/dicodusport.fr\/blog\/#\/schema\/person\/627966a6cde45dbd8c5e36ac85d783da\",\"name\":\"S\u00e9bastien Gente\",\"image\":{\"@type\":\"ImageObject\",\"inLanguage\":\"fr-FR\",\"@id\":\"https:\/\/dicodusport.fr\/blog\/#\/schema\/person\/image\/\",\"url\":\"https:\/\/dicodusport.fr\/blog\/wp-content\/uploads\/2021\/09\/1510990_10205810251400683_4124423575079401707_n-150x150.jpg\",\"contentUrl\":\"https:\/\/dicodusport.fr\/blog\/wp-content\/uploads\/2021\/09\/1510990_10205810251400683_4124423575079401707_n-150x150.jpg\",\"caption\":\"S\u00e9bastien Gente\"},\"description\":\"John Stockton, Gianni Bugno, Zinedine Zidane, Steffi Graf, Frode Andresen, St\u00e9phane Stoecklin, Davis Kamoga, Primoz Peterka, Werner Schlager et Aur\u00e9lien Rougerie. Point commun entre ces sportifs? Ils m'ont fait r\u00eaver et ont berc\u00e9 mon adolescence. Je suis un fondu de sports et j'essaie de retranscrire ma passion \u00e0 travers mes articles. Originaire du P\u00e9rigord, ma passion pour les Girondins, les Jaunards et les Jazzmen transpire dans mes \u00e9crits. \u00c0 Dicodusport depuis 2021, je d\u00e9niche les sports m\u00e9connus dans lesquels la France brille, et il y en a !\",\"sameAs\":[\"https:\/\/www.facebook.com\/sebastien.gente\/\",\"https:\/\/www.instagram.com\/sebgente\/\",\"https:\/\/www.linkedin.com\/in\/sbastien-gente-a29583169\/\",\"https:\/\/x.com\/https:\/\/twitter.com\/globulo24\",\"SebastienGente\"],\"worksFor\":\"S\u00e9bastien GENTE\",\"url\":\"https:\/\/dicodusport.fr\/blog\/author\/sebastiengente\/\"}]}<\/script>\n<!-- \/ Yoast SEO Premium plugin. -->","yoast_head_json":{"title":"Circuit ITF : Trois titres pour les Fran\u00e7ais ce dimanche","description":"CIRCUIT ITF - Selena Janicijevic, Timo Legout et Terence Atmane se sont tous impos\u00e9s aujourd'hui, avec deux titres en double en prime.","robots":{"index":"index","follow":"follow","max-snippet":"max-snippet:-1","max-image-preview":"max-image-preview:large","max-video-preview":"max-video-preview:-1"},"canonical":"https:\/\/dicodusport.fr\/blog\/circuit-itf-trois-titres-pour-les-francais-ce-dimanche\/","og_locale":"fr_FR","og_type":"article","og_title":"Circuit ITF : Trois titres pour les Fran\u00e7ais ce dimanche","og_description":"CIRCUIT ITF - Selena Janicijevic, Timo Legout et Terence Atmane se sont tous impos\u00e9s aujourd'hui, avec deux titres en double en prime.","og_url":"https:\/\/dicodusport.fr\/blog\/circuit-itf-trois-titres-pour-les-francais-ce-dimanche\/","og_site_name":"Dicodusport","article_publisher":"https:\/\/www.facebook.com\/dicodusport","article_author":"https:\/\/www.facebook.com\/sebastien.gente\/","article_published_time":"2022-06-26T15:03:16+00:00","article_modified_time":"2022-06-27T07:26:23+00:00","og_image":[{"width":800,"height":445,"url":"https:\/\/dicodusport.fr\/blog\/wp-content\/uploads\/2022\/06\/Circuit-ITF-Trois-titres-pour-les-Francais-ce-dimanche.png","type":"image\/png"}],"author":"S\u00e9bastien Gente","twitter_card":"summary_large_image","twitter_title":"Circuit ITF : Trois titres pour les Fran\u00e7ais ce dimanche","twitter_creator":"@https:\/\/twitter.com\/globulo24","twitter_site":"@dicodusport","schema":{"@context":"https:\/\/schema.org","@graph":[{"@type":"NewsArticle","@id":"https:\/\/dicodusport.fr\/blog\/circuit-itf-trois-titres-pour-les-francais-ce-dimanche\/#article","isPartOf":{"@id":"https:\/\/dicodusport.fr\/blog\/circuit-itf-trois-titres-pour-les-francais-ce-dimanche\/"},"author":{"name":"S\u00e9bastien Gente","@id":"https:\/\/dicodusport.fr\/blog\/#\/schema\/person\/627966a6cde45dbd8c5e36ac85d783da"},"headline":"Circuit ITF : Trois titres pour les Fran\u00e7ais ce dimanche","datePublished":"2022-06-26T15:03:16+00:00","dateModified":"2022-06-27T07:26:23+00:00","mainEntityOfPage":{"@id":"https:\/\/dicodusport.fr\/blog\/circuit-itf-trois-titres-pour-les-francais-ce-dimanche\/"},"wordCount":492,"commentCount":0,"publisher":{"@id":"https:\/\/dicodusport.fr\/blog\/#organization"},"image":{"@id":"https:\/\/dicodusport.fr\/blog\/circuit-itf-trois-titres-pour-les-francais-ce-dimanche\/#primaryimage"},"thumbnailUrl":"https:\/\/dicodusport.fr\/blog\/wp-content\/uploads\/2022\/06\/Circuit-ITF-Trois-titres-pour-les-Francais-ce-dimanche.png","keywords":["Selena Janicijevic","Tennis fran\u00e7ais","Terence Atmane"],"articleSection":["Tennis"],"inLanguage":"fr-FR","potentialAction":[{"@type":"CommentAction","name":"Comment","target":["https:\/\/dicodusport.fr\/blog\/circuit-itf-trois-titres-pour-les-francais-ce-dimanche\/#respond"]}],"copyrightYear":"2022","copyrightHolder":{"@id":"https:\/\/dicodusport.fr\/blog\/#organization"}},{"@type":"WebPage","@id":"https:\/\/dicodusport.fr\/blog\/circuit-itf-trois-titres-pour-les-francais-ce-dimanche\/","url":"https:\/\/dicodusport.fr\/blog\/circuit-itf-trois-titres-pour-les-francais-ce-dimanche\/","name":"Circuit ITF : Trois titres pour les Fran\u00e7ais ce dimanche","isPartOf":{"@id":"https:\/\/dicodusport.fr\/blog\/#website"},"primaryImageOfPage":{"@id":"https:\/\/dicodusport.fr\/blog\/circuit-itf-trois-titres-pour-les-francais-ce-dimanche\/#primaryimage"},"image":{"@id":"https:\/\/dicodusport.fr\/blog\/circuit-itf-trois-titres-pour-les-francais-ce-dimanche\/#primaryimage"},"thumbnailUrl":"https:\/\/dicodusport.fr\/blog\/wp-content\/uploads\/2022\/06\/Circuit-ITF-Trois-titres-pour-les-Francais-ce-dimanche.png","datePublished":"2022-06-26T15:03:16+00:00","dateModified":"2022-06-27T07:26:23+00:00","description":"CIRCUIT ITF - Selena Janicijevic, Timo Legout et Terence Atmane se sont tous impos\u00e9s aujourd'hui, avec deux titres en double en prime.","breadcrumb":{"@id":"https:\/\/dicodusport.fr\/blog\/circuit-itf-trois-titres-pour-les-francais-ce-dimanche\/#breadcrumb"},"inLanguage":"fr-FR","potentialAction":[{"@type":"ReadAction","target":["https:\/\/dicodusport.fr\/blog\/circuit-itf-trois-titres-pour-les-francais-ce-dimanche\/"]}]},{"@type":"ImageObject","inLanguage":"fr-FR","@id":"https:\/\/dicodusport.fr\/blog\/circuit-itf-trois-titres-pour-les-francais-ce-dimanche\/#primaryimage","url":"https:\/\/dicodusport.fr\/blog\/wp-content\/uploads\/2022\/06\/Circuit-ITF-Trois-titres-pour-les-Francais-ce-dimanche.png","contentUrl":"https:\/\/dicodusport.fr\/blog\/wp-content\/uploads\/2022\/06\/Circuit-ITF-Trois-titres-pour-les-Francais-ce-dimanche.png","width":800,"height":445,"caption":"Circuit ITF Trois titres pour les Fran\u00e7ais ce dimanche"},{"@type":"BreadcrumbList","@id":"https:\/\/dicodusport.fr\/blog\/circuit-itf-trois-titres-pour-les-francais-ce-dimanche\/#breadcrumb","itemListElement":[{"@type":"ListItem","position":1,"name":"Accueil","item":"https:\/\/dicodusport.fr\/blog\/"},{"@type":"ListItem","position":2,"name":"Circuit ITF : Trois titres pour les Fran\u00e7ais ce dimanche"}]},{"@type":"WebSite","@id":"https:\/\/dicodusport.fr\/blog\/#website","url":"https:\/\/dicodusport.fr\/blog\/","name":"Dicodusport","description":"L&#039;encyclop\u00e9die de l&#039;actualit\u00e9 sportive","publisher":{"@id":"https:\/\/dicodusport.fr\/blog\/#organization"},"potentialAction":[{"@type":"SearchAction","target":{"@type":"EntryPoint","urlTemplate":"https:\/\/dicodusport.fr\/blog\/?s={search_term_string}"},"query-input":{"@type":"PropertyValueSpecification","valueRequired":true,"valueName":"search_term_string"}}],"inLanguage":"fr-FR"},{"@type":"NewsMediaOrganization","@id":"https:\/\/dicodusport.fr\/blog\/#organization","name":"Dicodusport","url":"https:\/\/dicodusport.fr\/blog\/","logo":{"@type":"ImageObject","inLanguage":"fr-FR","@id":"https:\/\/dicodusport.fr\/blog\/#\/schema\/logo\/image\/","url":"https:\/\/dicodusport.fr\/blog\/wp-content\/uploads\/2020\/06\/cropped-LOGO-DICODUSPORT-2020-SANS-FOND-SANS-TEXTE.png","contentUrl":"https:\/\/dicodusport.fr\/blog\/wp-content\/uploads\/2020\/06\/cropped-LOGO-DICODUSPORT-2020-SANS-FOND-SANS-TEXTE.png","width":512,"height":512,"caption":"Dicodusport"},"image":{"@id":"https:\/\/dicodusport.fr\/blog\/#\/schema\/logo\/image\/"},"sameAs":["https:\/\/www.facebook.com\/dicodusport","https:\/\/x.com\/dicodusport","https:\/\/www.instagram.com\/dicodusport\/","https:\/\/www.youtube.com\/channel\/UC7V2KZ5sd3htJivAbA4ZG3w"],"description":"Dicodusport est l'encyclop\u00e9die de l'actualit\u00e9 sportive.","email":"bonjour@dicodusport.fr","legalName":"DICODUSPORT","foundingDate":"2018-01-14","vatID":"FR71834470973","taxID":"83447097300043","numberOfEmployees":{"@type":"QuantitativeValue","minValue":"1","maxValue":"10"}},{"@type":"Person","@id":"https:\/\/dicodusport.fr\/blog\/#\/schema\/person\/627966a6cde45dbd8c5e36ac85d783da","name":"S\u00e9bastien Gente","image":{"@type":"ImageObject","inLanguage":"fr-FR","@id":"https:\/\/dicodusport.fr\/blog\/#\/schema\/person\/image\/","url":"https:\/\/dicodusport.fr\/blog\/wp-content\/uploads\/2021\/09\/1510990_10205810251400683_4124423575079401707_n-150x150.jpg","contentUrl":"https:\/\/dicodusport.fr\/blog\/wp-content\/uploads\/2021\/09\/1510990_10205810251400683_4124423575079401707_n-150x150.jpg","caption":"S\u00e9bastien Gente"},"description":"John Stockton, Gianni Bugno, Zinedine Zidane, Steffi Graf, Frode Andresen, St\u00e9phane Stoecklin, Davis Kamoga, Primoz Peterka, Werner Schlager et Aur\u00e9lien Rougerie. Point commun entre ces sportifs? Ils m'ont fait r\u00eaver et ont berc\u00e9 mon adolescence. Je suis un fondu de sports et j'essaie de retranscrire ma passion \u00e0 travers mes articles. Originaire du P\u00e9rigord, ma passion pour les Girondins, les Jaunards et les Jazzmen transpire dans mes \u00e9crits. \u00c0 Dicodusport depuis 2021, je d\u00e9niche les sports m\u00e9connus dans lesquels la France brille, et il y en a !","sameAs":["https:\/\/www.facebook.com\/sebastien.gente\/","https:\/\/www.instagram.com\/sebgente\/","https:\/\/www.linkedin.com\/in\/sbastien-gente-a29583169\/","https:\/\/x.com\/https:\/\/twitter.com\/globulo24","SebastienGente"],"worksFor":"S\u00e9bastien GENTE","url":"https:\/\/dicodusport.fr\/blog\/author\/sebastiengente\/"}]}},"_links":{"self":[{"href":"https:\/\/dicodusport.fr\/blog\/wp-json\/wp\/v2\/posts\/237555","targetHints":{"allow":["GET"]}}],"collection":[{"href":"https:\/\/dicodusport.fr\/blog\/wp-json\/wp\/v2\/posts"}],"about":[{"href":"https:\/\/dicodusport.fr\/blog\/wp-json\/wp\/v2\/types\/post"}],"author":[{"embeddable":true,"href":"https:\/\/dicodusport.fr\/blog\/wp-json\/wp\/v2\/users\/59"}],"replies":[{"embeddable":true,"href":"https:\/\/dicodusport.fr\/blog\/wp-json\/wp\/v2\/comments?post=237555"}],"version-history":[{"count":0,"href":"https:\/\/dicodusport.fr\/blog\/wp-json\/wp\/v2\/posts\/237555\/revisions"}],"wp:featuredmedia":[{"embeddable":true,"href":"https:\/\/dicodusport.fr\/blog\/wp-json\/wp\/v2\/media\/237591"}],"wp:attachment":[{"href":"https:\/\/dicodusport.fr\/blog\/wp-json\/wp\/v2\/media?parent=237555"}],"wp:term":[{"taxonomy":"category","embeddable":true,"href":"https:\/\/dicodusport.fr\/blog\/wp-json\/wp\/v2\/categories?post=237555"},{"taxonomy":"post_tag","embeddable":true,"href":"https:\/\/dicodusport.fr\/blog\/wp-json\/wp\/v2\/tags?post=237555"}],"curies":[{"name":"wp","href":"https:\/\/api.w.org\/{rel}","templated":true}]}}