{"id":237619,"date":"2022-06-26T19:19:27","date_gmt":"2022-06-26T17:19:27","guid":{"rendered":"https:\/\/dicodusport.fr\/blog\/?p=237619&#038;preview=true&#038;preview_id=237619"},"modified":"2025-01-05T15:23:51","modified_gmt":"2025-01-05T14:23:51","slug":"championnats-de-france-dathletisme-le-bilan-de-la-3eme-journee","status":"publish","type":"post","link":"https:\/\/dicodusport.fr\/blog\/championnats-de-france-dathletisme-le-bilan-de-la-3eme-journee\/","title":{"rendered":"Championnats de France d&rsquo;Athl\u00e9tisme : Le bilan de la 3\u00e8me journ\u00e9e"},"content":{"rendered":"<p style=\"text-align: justify;\"><b><i><a title=\"Championnats de France d\u2019Athl\u00e9tisme : Le bilan de la 3\u00e8me journ\u00e9e\" href=\"https:\/\/dicodusport.fr\/blog\/championnats-de-france-dathletisme-le-bilan-de-la-3eme-journee\/\" target=\"_blank\" rel=\"noopener\">CHAMPIONNATS DE FRANCE D&rsquo;ATHL\u00c9TISME<\/a> &#8211; Le dernier jour des championnats de France a couronn\u00e9 17 athl\u00e8tes. M\u00e9ba-Micka\u00ebl Z\u00e9z\u00e9, Shana Grebo, Thibaut Collet, Laura Valette et l&rsquo;\u00e9ternelle M\u00e9lina Robert-Michon font partie des laur\u00e9ats du jour.<\/i><\/b><\/p>\n<p style=\"text-align: justify;\">Le dernier jour des Championnats de France rime avec finales en abondance. Pas moins de 17 cet apr\u00e8s-midi \u00e0 Caen. Elle est peut-\u00eatre l\u00e0 la plus grosse performance de la journ\u00e9e. Que <strong>Renelle Lamote<\/strong> soit sacr\u00e9e championne de France n&rsquo;est en soi pas une surprise. Mais son chrono est fantastique.<strong> 1:58.71<\/strong>, elle r\u00e9ussit une seconde fois les minimas pour les Mondiaux. Dans son sillage, <strong>Agn\u00e8s Raharolahy<\/strong> r\u00e9alise un autre temps canon :<strong> 1:59.59,<\/strong> elle sera du voyage \u00e0 Munich pour les Europe. Les deux femmes peuvent remercier <strong>Cynthia Ana\u00efs<\/strong>, partie vite, et qui a emmen\u00e9 tout le monde.<\/p>\n<blockquote class=\"twitter-tweet\">\n<p dir=\"ltr\" lang=\"fr\">\ud83d\udca5 Record des championnats !<\/p>\n<p>\ud83e\udd47 R\u00e9nelle Lamote (Racing Multi Athlon) championne de France Elite du 800 m en 1&rsquo;58\u00a0\u00bb71 !<\/p>\n<p>\ud83e\udd48 Agn\u00e8s Raharolahy (Nantes M\u00e9tropole Athl\u00e9) 2e en 1&rsquo;59\u00a0\u00bb59, minima pour les Europe !<\/p>\n<p>\ud83d\udcbb Suivez les <a href=\"https:\/\/twitter.com\/hashtag\/CFAthl%C3%A9?src=hash&amp;ref_src=twsrc%5Etfw\">#CFAthl\u00e9<\/a> : <a href=\"https:\/\/t.co\/63xdTVLhtA\">https:\/\/t.co\/63xdTVLhtA<\/a> et <a href=\"https:\/\/twitter.com\/lachainelequipe?ref_src=twsrc%5Etfw\">@lachainelequipe<\/a>. <a href=\"https:\/\/t.co\/3ReWveMP4Z\">pic.twitter.com\/3ReWveMP4Z<\/a><\/p>\n<p>\u2014 FFAthl\u00e9tisme (@FFAthletisme) <a href=\"https:\/\/twitter.com\/FFAthletisme\/status\/1541064831616311296?ref_src=twsrc%5Etfw\">June 26, 2022<\/a><\/p><\/blockquote>\n<p><script async src=\"https:\/\/platform.twitter.com\/widgets.js\" charset=\"utf-8\"><\/script><\/p>\n<h2 style=\"text-align: justify;\">Les fr\u00e8res Z\u00e9z\u00e9 au top&#8230;<\/h2>\n<p style=\"text-align: justify;\">Les 200 m\u00e8tres hommes et femmes ont offert de belles \u00e9motions. <strong>Shana Grebo<\/strong> s&rsquo;est offert un titre national apr\u00e8s sa m\u00e9daille d&rsquo;argent, <a href=\"https:\/\/dicodusport.fr\/blog\/championnats-de-france-dathletisme-le-bilan-de-la-2eme-journee\/\">hier<\/a>, sur 400 m\u00e8tres. Avec un temps de <strong>22&Prime;98,<\/strong> elle obtient son billet pour les championnats d&rsquo;Europe, am\u00e9liorant par la m\u00eame occasion son record personnel. Deux fr\u00e8res peuvent en cacher deux autres. Si chez les <strong>Lavillenie<\/strong>, on a l&rsquo;habitude de c\u00f4toyer les podiums en famille, c&rsquo;\u00e9tait moins le cas chez les <strong>Z\u00e9z\u00e9<\/strong>. <strong>M\u00e9ba-Micka\u00ebl<\/strong> et <strong>Ryan<\/strong> ont r\u00e9alis\u00e9 la meilleure course de leur carri\u00e8re pour r\u00e9aliser le doubl\u00e9. <strong>20.41<\/strong> pour le premier, <strong>20.46<\/strong> pour le second. Un temps qui permet au nouveau champion de France d&rsquo;aller \u00e9galement \u00e0 Munich, en ao\u00fbt.<\/p>\n<blockquote class=\"twitter-tweet\">\n<p dir=\"ltr\" lang=\"fr\">\ud83d\udca5 Minima pour les Championnats d&rsquo;Europe de Munich !<\/p>\n<p>\ud83e\udd47 Meba-Mickael Zeze (Mandelieu La Napoule Ac) champion de France Elite du 200 m en 20\u00a0\u00bb41 (-0.1), record perso. !<\/p>\n<p>\ud83d\ude18 \u00ab\u00a0Pour toi mon fils !\u00a0\u00bb<\/p>\n<p>\ud83d\udcbb Suivez les <a href=\"https:\/\/twitter.com\/hashtag\/CFAthl%C3%A9?src=hash&amp;ref_src=twsrc%5Etfw\">#CFAthl\u00e9<\/a> en DIRECT sur <a href=\"https:\/\/t.co\/63xdTVLhtA\">https:\/\/t.co\/63xdTVLhtA<\/a> et <a href=\"https:\/\/twitter.com\/lachainelequipe?ref_src=twsrc%5Etfw\">@lachainelequipe<\/a>. <a href=\"https:\/\/t.co\/ldF3SaNWq8\">pic.twitter.com\/ldF3SaNWq8<\/a><\/p>\n<p>\u2014 FFAthl\u00e9tisme (@FFAthletisme) <a href=\"https:\/\/twitter.com\/FFAthletisme\/status\/1541085751701655553?ref_src=twsrc%5Etfw\">June 26, 2022<\/a><\/p><\/blockquote>\n<p><script async src=\"https:\/\/platform.twitter.com\/widgets.js\" charset=\"utf-8\"><\/script><\/p>\n<p style=\"text-align: justify;\"><strong>M\u00e9lina Robert-Michon<\/strong> a le sourire, mais sans plus. 21e titre national pour la quadrag\u00e9naire, mais un concours qui ne la satisfait pas. 58.82 m\u00e8tres, c&rsquo;est en dessous des minima pour les Championnats du monde. A voir si la f\u00e9d\u00e9ration fran\u00e7aise va emmener la m\u00e9daill\u00e9e d&rsquo;argent des Jeux de Rio \u00e0 Eugene, son rang mondial lui permettant potentiellement d&rsquo;\u00eatre s\u00e9lectionn\u00e9e. Sur le 1 500m, les Fran\u00e7ais \u00e9chouent toujours sur ces fameux minima de la FFA. <strong>Azeddine Habz<\/strong> a longtemps but\u00e9 sur le chrono demand\u00e9, \u00e9tant plusieurs fois \u00e0 quelques centi\u00e8mes d&rsquo;y parvenir. Aujourd&rsquo;hui, il est champion de France, devan\u00e7ant <strong>Alexis Miellet<\/strong>. Tous ces athl\u00e8tes ont jusqu&rsquo;au 26 juillet pour obtenir leur qualification pour les Europe.<\/p>\n<h2 style=\"text-align: justify;\">Les Lavillenie d\u00e9\u00e7us<\/h2>\n<p style=\"text-align: justify;\">Restons au demi-fond, puisque le 3000 m steeple a couronn\u00e9 <strong>Mehdi Belhadj<\/strong>. Un temps de <strong>8:24.25<\/strong>, tout en rel\u00e2chant compl\u00e8tement son effort dans la derni\u00e8re ligne droite. Le Fran\u00e7ais le plus en forme de la saison sur la distance s&rsquo;adjuge le titre devant <strong>Louis Gilavert<\/strong> et <strong>Djilali Bedrani<\/strong>. Le 100 m haies a vu une revenante prendre la premi\u00e8re place. Bless\u00e9e gravement aux JO de Tokyo, <strong>Laura Valette<\/strong> n&rsquo;a pas couru de l&rsquo;hiver et montait crescendo lors de ses derni\u00e8res sorties. En l&rsquo;absence de la championne du monde en salle <strong>Cyr\u00e9na Samba-Mayela<\/strong> (Covid), la finale \u00e9tait plus ouverte. <strong>Laetitia Bapt\u00e9<\/strong> a d\u00e9\u00e7u, seulement 4e, et <strong>Valette<\/strong> en a profit\u00e9 pour passer sous les 13 secondes. <strong>12.99<\/strong> pour le plus grand bonheur de la hurdleuse de Nantes.<\/p>\n<p style=\"text-align: justify;\">La France est connue pour sa densit\u00e9 \u00e0 la perche. Ils \u00e9taient plusieurs \u00e0 pouvoir s&rsquo;imposer aujourd&rsquo;hui. Le vent a beaucoup g\u00ean\u00e9 les perchistes, surtout <strong>Valentin Lavillenie<\/strong>. Le petit fr\u00e8re de <strong>Renaud<\/strong> est mal retomb\u00e9 lors de sa derni\u00e8re tentative \u00e0 5.70 m\u00e8tres. Il a heurt\u00e9 l&rsquo;un des poteaux tenant la barre et a d\u00fb partir \u00e0 l&rsquo;h\u00f4pital pour plus d&rsquo;examens. Une blessure au tibia est suspect\u00e9e. Justement,<strong> Renaud<\/strong> s&rsquo;est fait peur, lui aussi. 5.60 et 5.75 m\u00e8tres pass\u00e9s au troisi\u00e8me essai, mais cela lui a permis de rester dans le concours. Insuffisant face \u00e0 <strong>Thibaut Collet<\/strong>, qui a \u00e9galement pass\u00e9 5.75 m\u00e8tres, mais avec moins d&rsquo;essais. Le Grenoblois est champion de France devant <strong>Renaud Lavillenie<\/strong> et <strong>Anthony Ammirati<\/strong>, encore junior et sur le podium en \u00e9lite.<\/p>\n","protected":false},"excerpt":{"rendered":"<p>CHAMPIONNATS DE FRANCE D&rsquo;ATHL\u00c9TISME &#8211; Le dernier jour des championnats de France a couronn\u00e9 17 athl\u00e8tes. M\u00e9ba-Micka\u00ebl Z\u00e9z\u00e9, Shana Grebo, Thibaut Collet, Laura Valette et l&rsquo;\u00e9ternelle M\u00e9lina Robert-Michon font partie des laur\u00e9ats du jour.<\/p>\n","protected":false},"author":61,"featured_media":237650,"comment_status":"open","ping_status":"closed","sticky":false,"template":"","format":"standard","meta":{"_acf_changed":false,"_daextam_enable_autolinks":"1","footnotes":""},"categories":[2308],"tags":[143,1236,5327],"class_list":["post-237619","post","type-post","status-publish","format-standard","has-post-thumbnail","hentry","category-athletisme","tag-athletisme","tag-caen","tag-championnats-de-france"],"acf":[],"yoast_head":"<!-- This site is optimized with the Yoast SEO Premium plugin v26.7 (Yoast SEO v26.7) - https:\/\/yoast.com\/wordpress\/plugins\/seo\/ -->\n<title>Championnats de France d&#039;Athl\u00e9tisme : Le bilan de la 3\u00e8me journ\u00e9e<\/title>\n<meta name=\"description\" content=\"Le dernier jour des championnats de France a couronn\u00e9 17 nouveaux athl\u00e8tes. Z\u00e9z\u00e9, Grebo, Collet, Valette font partie des laur\u00e9ats du jour.\" \/>\n<meta name=\"robots\" content=\"index, follow, max-snippet:-1, max-image-preview:large, max-video-preview:-1\" \/>\n<link rel=\"canonical\" href=\"https:\/\/dicodusport.fr\/blog\/championnats-de-france-dathletisme-le-bilan-de-la-3eme-journee\/\" \/>\n<meta property=\"og:locale\" content=\"fr_FR\" \/>\n<meta property=\"og:type\" content=\"article\" \/>\n<meta property=\"og:title\" content=\"Championnats de France d&#039;Athl\u00e9tisme : Le bilan de la 3\u00e8me journ\u00e9e\" \/>\n<meta property=\"og:description\" content=\"Le dernier jour des championnats de France a couronn\u00e9 17 nouveaux athl\u00e8tes. Z\u00e9z\u00e9, Grebo, Collet, Valette font partie des laur\u00e9ats du jour.\" \/>\n<meta property=\"og:url\" content=\"https:\/\/dicodusport.fr\/blog\/championnats-de-france-dathletisme-le-bilan-de-la-3eme-journee\/\" \/>\n<meta property=\"og:site_name\" content=\"Dicodusport\" \/>\n<meta property=\"article:publisher\" content=\"https:\/\/www.facebook.com\/dicodusport\" \/>\n<meta property=\"article:published_time\" content=\"2022-06-26T17:19:27+00:00\" \/>\n<meta property=\"article:modified_time\" content=\"2025-01-05T14:23:51+00:00\" \/>\n<meta property=\"og:image\" content=\"https:\/\/dicodusport.fr\/blog\/wp-content\/uploads\/2022\/06\/Championnats-de-France-dAthletisme-Le-bilan-de-la-3eme-journee.png\" \/>\n\t<meta property=\"og:image:width\" content=\"800\" \/>\n\t<meta property=\"og:image:height\" content=\"445\" \/>\n\t<meta property=\"og:image:type\" content=\"image\/png\" \/>\n<meta name=\"author\" content=\"Pierre Gorce\" \/>\n<meta name=\"twitter:card\" content=\"summary_large_image\" \/>\n<meta name=\"twitter:title\" content=\"Championnats de France d&#039;Athl\u00e9tisme : Le bilan de la 3\u00e8me journ\u00e9e\" \/>\n<meta name=\"twitter:creator\" content=\"@https:\/\/twitter.com\/pierregorce12\" \/>\n<meta name=\"twitter:site\" content=\"@dicodusport\" \/>\n<script type=\"application\/ld+json\" class=\"yoast-schema-graph\">{\"@context\":\"https:\/\/schema.org\",\"@graph\":[{\"@type\":\"NewsArticle\",\"@id\":\"https:\/\/dicodusport.fr\/blog\/championnats-de-france-dathletisme-le-bilan-de-la-3eme-journee\/#article\",\"isPartOf\":{\"@id\":\"https:\/\/dicodusport.fr\/blog\/championnats-de-france-dathletisme-le-bilan-de-la-3eme-journee\/\"},\"author\":{\"name\":\"Pierre Gorce\",\"@id\":\"https:\/\/dicodusport.fr\/blog\/#\/schema\/person\/0eaf70b33d703a1a66b1155ac1bda018\"},\"headline\":\"Championnats de France d&rsquo;Athl\u00e9tisme : Le bilan de la 3\u00e8me journ\u00e9e\",\"datePublished\":\"2022-06-26T17:19:27+00:00\",\"dateModified\":\"2025-01-05T14:23:51+00:00\",\"mainEntityOfPage\":{\"@id\":\"https:\/\/dicodusport.fr\/blog\/championnats-de-france-dathletisme-le-bilan-de-la-3eme-journee\/\"},\"wordCount\":788,\"commentCount\":0,\"publisher\":{\"@id\":\"https:\/\/dicodusport.fr\/blog\/#organization\"},\"image\":{\"@id\":\"https:\/\/dicodusport.fr\/blog\/championnats-de-france-dathletisme-le-bilan-de-la-3eme-journee\/#primaryimage\"},\"thumbnailUrl\":\"https:\/\/dicodusport.fr\/blog\/wp-content\/uploads\/2022\/06\/Championnats-de-France-dAthletisme-Le-bilan-de-la-3eme-journee.png\",\"keywords\":[\"Athl\u00e9tisme\",\"caen\",\"Championnats de France\"],\"articleSection\":[\"Athl\u00e9tisme\"],\"inLanguage\":\"fr-FR\",\"potentialAction\":[{\"@type\":\"CommentAction\",\"name\":\"Comment\",\"target\":[\"https:\/\/dicodusport.fr\/blog\/championnats-de-france-dathletisme-le-bilan-de-la-3eme-journee\/#respond\"]}],\"copyrightYear\":\"2022\",\"copyrightHolder\":{\"@id\":\"https:\/\/dicodusport.fr\/blog\/#organization\"}},{\"@type\":\"WebPage\",\"@id\":\"https:\/\/dicodusport.fr\/blog\/championnats-de-france-dathletisme-le-bilan-de-la-3eme-journee\/\",\"url\":\"https:\/\/dicodusport.fr\/blog\/championnats-de-france-dathletisme-le-bilan-de-la-3eme-journee\/\",\"name\":\"Championnats de France d'Athl\u00e9tisme : Le bilan de la 3\u00e8me journ\u00e9e\",\"isPartOf\":{\"@id\":\"https:\/\/dicodusport.fr\/blog\/#website\"},\"primaryImageOfPage\":{\"@id\":\"https:\/\/dicodusport.fr\/blog\/championnats-de-france-dathletisme-le-bilan-de-la-3eme-journee\/#primaryimage\"},\"image\":{\"@id\":\"https:\/\/dicodusport.fr\/blog\/championnats-de-france-dathletisme-le-bilan-de-la-3eme-journee\/#primaryimage\"},\"thumbnailUrl\":\"https:\/\/dicodusport.fr\/blog\/wp-content\/uploads\/2022\/06\/Championnats-de-France-dAthletisme-Le-bilan-de-la-3eme-journee.png\",\"datePublished\":\"2022-06-26T17:19:27+00:00\",\"dateModified\":\"2025-01-05T14:23:51+00:00\",\"description\":\"Le dernier jour des championnats de France a couronn\u00e9 17 nouveaux athl\u00e8tes. Z\u00e9z\u00e9, Grebo, Collet, Valette font partie des laur\u00e9ats du jour.\",\"breadcrumb\":{\"@id\":\"https:\/\/dicodusport.fr\/blog\/championnats-de-france-dathletisme-le-bilan-de-la-3eme-journee\/#breadcrumb\"},\"inLanguage\":\"fr-FR\",\"potentialAction\":[{\"@type\":\"ReadAction\",\"target\":[\"https:\/\/dicodusport.fr\/blog\/championnats-de-france-dathletisme-le-bilan-de-la-3eme-journee\/\"]}]},{\"@type\":\"ImageObject\",\"inLanguage\":\"fr-FR\",\"@id\":\"https:\/\/dicodusport.fr\/blog\/championnats-de-france-dathletisme-le-bilan-de-la-3eme-journee\/#primaryimage\",\"url\":\"https:\/\/dicodusport.fr\/blog\/wp-content\/uploads\/2022\/06\/Championnats-de-France-dAthletisme-Le-bilan-de-la-3eme-journee.png\",\"contentUrl\":\"https:\/\/dicodusport.fr\/blog\/wp-content\/uploads\/2022\/06\/Championnats-de-France-dAthletisme-Le-bilan-de-la-3eme-journee.png\",\"width\":800,\"height\":445,\"caption\":\"Championnats de France d'Athl\u00e9tisme Le bilan de la 3\u00e8me journ\u00e9e\"},{\"@type\":\"BreadcrumbList\",\"@id\":\"https:\/\/dicodusport.fr\/blog\/championnats-de-france-dathletisme-le-bilan-de-la-3eme-journee\/#breadcrumb\",\"itemListElement\":[{\"@type\":\"ListItem\",\"position\":1,\"name\":\"Accueil\",\"item\":\"https:\/\/dicodusport.fr\/blog\/\"},{\"@type\":\"ListItem\",\"position\":2,\"name\":\"Championnats de France d&#8217;Athl\u00e9tisme : Le bilan de la 3\u00e8me journ\u00e9e\"}]},{\"@type\":\"WebSite\",\"@id\":\"https:\/\/dicodusport.fr\/blog\/#website\",\"url\":\"https:\/\/dicodusport.fr\/blog\/\",\"name\":\"Dicodusport\",\"description\":\"L&#039;encyclop\u00e9die de l&#039;actualit\u00e9 sportive\",\"publisher\":{\"@id\":\"https:\/\/dicodusport.fr\/blog\/#organization\"},\"potentialAction\":[{\"@type\":\"SearchAction\",\"target\":{\"@type\":\"EntryPoint\",\"urlTemplate\":\"https:\/\/dicodusport.fr\/blog\/?s={search_term_string}\"},\"query-input\":{\"@type\":\"PropertyValueSpecification\",\"valueRequired\":true,\"valueName\":\"search_term_string\"}}],\"inLanguage\":\"fr-FR\"},{\"@type\":\"NewsMediaOrganization\",\"@id\":\"https:\/\/dicodusport.fr\/blog\/#organization\",\"name\":\"Dicodusport\",\"url\":\"https:\/\/dicodusport.fr\/blog\/\",\"logo\":{\"@type\":\"ImageObject\",\"inLanguage\":\"fr-FR\",\"@id\":\"https:\/\/dicodusport.fr\/blog\/#\/schema\/logo\/image\/\",\"url\":\"https:\/\/dicodusport.fr\/blog\/wp-content\/uploads\/2020\/06\/cropped-LOGO-DICODUSPORT-2020-SANS-FOND-SANS-TEXTE.png\",\"contentUrl\":\"https:\/\/dicodusport.fr\/blog\/wp-content\/uploads\/2020\/06\/cropped-LOGO-DICODUSPORT-2020-SANS-FOND-SANS-TEXTE.png\",\"width\":512,\"height\":512,\"caption\":\"Dicodusport\"},\"image\":{\"@id\":\"https:\/\/dicodusport.fr\/blog\/#\/schema\/logo\/image\/\"},\"sameAs\":[\"https:\/\/www.facebook.com\/dicodusport\",\"https:\/\/x.com\/dicodusport\",\"https:\/\/www.instagram.com\/dicodusport\/\",\"https:\/\/www.youtube.com\/channel\/UC7V2KZ5sd3htJivAbA4ZG3w\"],\"description\":\"Dicodusport est l'encyclop\u00e9die de l'actualit\u00e9 sportive.\",\"email\":\"bonjour@dicodusport.fr\",\"legalName\":\"DICODUSPORT\",\"foundingDate\":\"2018-01-14\",\"vatID\":\"FR71834470973\",\"taxID\":\"83447097300043\",\"numberOfEmployees\":{\"@type\":\"QuantitativeValue\",\"minValue\":\"1\",\"maxValue\":\"10\"}},{\"@type\":\"Person\",\"@id\":\"https:\/\/dicodusport.fr\/blog\/#\/schema\/person\/0eaf70b33d703a1a66b1155ac1bda018\",\"name\":\"Pierre Gorce\",\"image\":{\"@type\":\"ImageObject\",\"inLanguage\":\"fr-FR\",\"@id\":\"https:\/\/dicodusport.fr\/blog\/#\/schema\/person\/image\/\",\"url\":\"https:\/\/dicodusport.fr\/blog\/wp-content\/uploads\/2022\/03\/IMG_20211214_233053_722-150x150.jpg\",\"contentUrl\":\"https:\/\/dicodusport.fr\/blog\/wp-content\/uploads\/2022\/03\/IMG_20211214_233053_722-150x150.jpg\",\"caption\":\"Pierre Gorce\"},\"description\":\"Couteau suisse venant tout droit de Haute-Savoie. Habitu\u00e9 \u00e0 regarder du sport depuis petit, j'en ai maintenant fait mon m\u00e9tier. Des sports d'hiver au surf, en passant par le tennis, la F1, le handball et l'athl\u00e9tisme, j'essaie d'avoir mes yeux sur l'enti\u00e8ret\u00e9 de l'actualit\u00e9. Jeune homme berc\u00e9 par les exploits de Jean-Baptiste Grange, Sebastian Vettel et des Experts. Membre de la g\u00e9n\u00e9ration 1999 comme Luka Doncic, Sydney McLaughlin, Lando Norris et Loana Lecomte, mais avec beaucoup moins de talent qu'eux.\",\"sameAs\":[\"https:\/\/x.com\/https:\/\/twitter.com\/pierregorce12\"],\"birthDate\":\"1999-08-29\",\"url\":\"https:\/\/dicodusport.fr\/blog\/author\/pierreg\/\"}]}<\/script>\n<!-- \/ Yoast SEO Premium plugin. -->","yoast_head_json":{"title":"Championnats de France d'Athl\u00e9tisme : Le bilan de la 3\u00e8me journ\u00e9e","description":"Le dernier jour des championnats de France a couronn\u00e9 17 nouveaux athl\u00e8tes. Z\u00e9z\u00e9, Grebo, Collet, Valette font partie des laur\u00e9ats du jour.","robots":{"index":"index","follow":"follow","max-snippet":"max-snippet:-1","max-image-preview":"max-image-preview:large","max-video-preview":"max-video-preview:-1"},"canonical":"https:\/\/dicodusport.fr\/blog\/championnats-de-france-dathletisme-le-bilan-de-la-3eme-journee\/","og_locale":"fr_FR","og_type":"article","og_title":"Championnats de France d'Athl\u00e9tisme : Le bilan de la 3\u00e8me journ\u00e9e","og_description":"Le dernier jour des championnats de France a couronn\u00e9 17 nouveaux athl\u00e8tes. Z\u00e9z\u00e9, Grebo, Collet, Valette font partie des laur\u00e9ats du jour.","og_url":"https:\/\/dicodusport.fr\/blog\/championnats-de-france-dathletisme-le-bilan-de-la-3eme-journee\/","og_site_name":"Dicodusport","article_publisher":"https:\/\/www.facebook.com\/dicodusport","article_published_time":"2022-06-26T17:19:27+00:00","article_modified_time":"2025-01-05T14:23:51+00:00","og_image":[{"width":800,"height":445,"url":"https:\/\/dicodusport.fr\/blog\/wp-content\/uploads\/2022\/06\/Championnats-de-France-dAthletisme-Le-bilan-de-la-3eme-journee.png","type":"image\/png"}],"author":"Pierre Gorce","twitter_card":"summary_large_image","twitter_title":"Championnats de France d'Athl\u00e9tisme : Le bilan de la 3\u00e8me journ\u00e9e","twitter_creator":"@https:\/\/twitter.com\/pierregorce12","twitter_site":"@dicodusport","schema":{"@context":"https:\/\/schema.org","@graph":[{"@type":"NewsArticle","@id":"https:\/\/dicodusport.fr\/blog\/championnats-de-france-dathletisme-le-bilan-de-la-3eme-journee\/#article","isPartOf":{"@id":"https:\/\/dicodusport.fr\/blog\/championnats-de-france-dathletisme-le-bilan-de-la-3eme-journee\/"},"author":{"name":"Pierre Gorce","@id":"https:\/\/dicodusport.fr\/blog\/#\/schema\/person\/0eaf70b33d703a1a66b1155ac1bda018"},"headline":"Championnats de France d&rsquo;Athl\u00e9tisme : Le bilan de la 3\u00e8me journ\u00e9e","datePublished":"2022-06-26T17:19:27+00:00","dateModified":"2025-01-05T14:23:51+00:00","mainEntityOfPage":{"@id":"https:\/\/dicodusport.fr\/blog\/championnats-de-france-dathletisme-le-bilan-de-la-3eme-journee\/"},"wordCount":788,"commentCount":0,"publisher":{"@id":"https:\/\/dicodusport.fr\/blog\/#organization"},"image":{"@id":"https:\/\/dicodusport.fr\/blog\/championnats-de-france-dathletisme-le-bilan-de-la-3eme-journee\/#primaryimage"},"thumbnailUrl":"https:\/\/dicodusport.fr\/blog\/wp-content\/uploads\/2022\/06\/Championnats-de-France-dAthletisme-Le-bilan-de-la-3eme-journee.png","keywords":["Athl\u00e9tisme","caen","Championnats de France"],"articleSection":["Athl\u00e9tisme"],"inLanguage":"fr-FR","potentialAction":[{"@type":"CommentAction","name":"Comment","target":["https:\/\/dicodusport.fr\/blog\/championnats-de-france-dathletisme-le-bilan-de-la-3eme-journee\/#respond"]}],"copyrightYear":"2022","copyrightHolder":{"@id":"https:\/\/dicodusport.fr\/blog\/#organization"}},{"@type":"WebPage","@id":"https:\/\/dicodusport.fr\/blog\/championnats-de-france-dathletisme-le-bilan-de-la-3eme-journee\/","url":"https:\/\/dicodusport.fr\/blog\/championnats-de-france-dathletisme-le-bilan-de-la-3eme-journee\/","name":"Championnats de France d'Athl\u00e9tisme : Le bilan de la 3\u00e8me journ\u00e9e","isPartOf":{"@id":"https:\/\/dicodusport.fr\/blog\/#website"},"primaryImageOfPage":{"@id":"https:\/\/dicodusport.fr\/blog\/championnats-de-france-dathletisme-le-bilan-de-la-3eme-journee\/#primaryimage"},"image":{"@id":"https:\/\/dicodusport.fr\/blog\/championnats-de-france-dathletisme-le-bilan-de-la-3eme-journee\/#primaryimage"},"thumbnailUrl":"https:\/\/dicodusport.fr\/blog\/wp-content\/uploads\/2022\/06\/Championnats-de-France-dAthletisme-Le-bilan-de-la-3eme-journee.png","datePublished":"2022-06-26T17:19:27+00:00","dateModified":"2025-01-05T14:23:51+00:00","description":"Le dernier jour des championnats de France a couronn\u00e9 17 nouveaux athl\u00e8tes. Z\u00e9z\u00e9, Grebo, Collet, Valette font partie des laur\u00e9ats du jour.","breadcrumb":{"@id":"https:\/\/dicodusport.fr\/blog\/championnats-de-france-dathletisme-le-bilan-de-la-3eme-journee\/#breadcrumb"},"inLanguage":"fr-FR","potentialAction":[{"@type":"ReadAction","target":["https:\/\/dicodusport.fr\/blog\/championnats-de-france-dathletisme-le-bilan-de-la-3eme-journee\/"]}]},{"@type":"ImageObject","inLanguage":"fr-FR","@id":"https:\/\/dicodusport.fr\/blog\/championnats-de-france-dathletisme-le-bilan-de-la-3eme-journee\/#primaryimage","url":"https:\/\/dicodusport.fr\/blog\/wp-content\/uploads\/2022\/06\/Championnats-de-France-dAthletisme-Le-bilan-de-la-3eme-journee.png","contentUrl":"https:\/\/dicodusport.fr\/blog\/wp-content\/uploads\/2022\/06\/Championnats-de-France-dAthletisme-Le-bilan-de-la-3eme-journee.png","width":800,"height":445,"caption":"Championnats de France d'Athl\u00e9tisme Le bilan de la 3\u00e8me journ\u00e9e"},{"@type":"BreadcrumbList","@id":"https:\/\/dicodusport.fr\/blog\/championnats-de-france-dathletisme-le-bilan-de-la-3eme-journee\/#breadcrumb","itemListElement":[{"@type":"ListItem","position":1,"name":"Accueil","item":"https:\/\/dicodusport.fr\/blog\/"},{"@type":"ListItem","position":2,"name":"Championnats de France d&#8217;Athl\u00e9tisme : Le bilan de la 3\u00e8me journ\u00e9e"}]},{"@type":"WebSite","@id":"https:\/\/dicodusport.fr\/blog\/#website","url":"https:\/\/dicodusport.fr\/blog\/","name":"Dicodusport","description":"L&#039;encyclop\u00e9die de l&#039;actualit\u00e9 sportive","publisher":{"@id":"https:\/\/dicodusport.fr\/blog\/#organization"},"potentialAction":[{"@type":"SearchAction","target":{"@type":"EntryPoint","urlTemplate":"https:\/\/dicodusport.fr\/blog\/?s={search_term_string}"},"query-input":{"@type":"PropertyValueSpecification","valueRequired":true,"valueName":"search_term_string"}}],"inLanguage":"fr-FR"},{"@type":"NewsMediaOrganization","@id":"https:\/\/dicodusport.fr\/blog\/#organization","name":"Dicodusport","url":"https:\/\/dicodusport.fr\/blog\/","logo":{"@type":"ImageObject","inLanguage":"fr-FR","@id":"https:\/\/dicodusport.fr\/blog\/#\/schema\/logo\/image\/","url":"https:\/\/dicodusport.fr\/blog\/wp-content\/uploads\/2020\/06\/cropped-LOGO-DICODUSPORT-2020-SANS-FOND-SANS-TEXTE.png","contentUrl":"https:\/\/dicodusport.fr\/blog\/wp-content\/uploads\/2020\/06\/cropped-LOGO-DICODUSPORT-2020-SANS-FOND-SANS-TEXTE.png","width":512,"height":512,"caption":"Dicodusport"},"image":{"@id":"https:\/\/dicodusport.fr\/blog\/#\/schema\/logo\/image\/"},"sameAs":["https:\/\/www.facebook.com\/dicodusport","https:\/\/x.com\/dicodusport","https:\/\/www.instagram.com\/dicodusport\/","https:\/\/www.youtube.com\/channel\/UC7V2KZ5sd3htJivAbA4ZG3w"],"description":"Dicodusport est l'encyclop\u00e9die de l'actualit\u00e9 sportive.","email":"bonjour@dicodusport.fr","legalName":"DICODUSPORT","foundingDate":"2018-01-14","vatID":"FR71834470973","taxID":"83447097300043","numberOfEmployees":{"@type":"QuantitativeValue","minValue":"1","maxValue":"10"}},{"@type":"Person","@id":"https:\/\/dicodusport.fr\/blog\/#\/schema\/person\/0eaf70b33d703a1a66b1155ac1bda018","name":"Pierre Gorce","image":{"@type":"ImageObject","inLanguage":"fr-FR","@id":"https:\/\/dicodusport.fr\/blog\/#\/schema\/person\/image\/","url":"https:\/\/dicodusport.fr\/blog\/wp-content\/uploads\/2022\/03\/IMG_20211214_233053_722-150x150.jpg","contentUrl":"https:\/\/dicodusport.fr\/blog\/wp-content\/uploads\/2022\/03\/IMG_20211214_233053_722-150x150.jpg","caption":"Pierre Gorce"},"description":"Couteau suisse venant tout droit de Haute-Savoie. Habitu\u00e9 \u00e0 regarder du sport depuis petit, j'en ai maintenant fait mon m\u00e9tier. Des sports d'hiver au surf, en passant par le tennis, la F1, le handball et l'athl\u00e9tisme, j'essaie d'avoir mes yeux sur l'enti\u00e8ret\u00e9 de l'actualit\u00e9. Jeune homme berc\u00e9 par les exploits de Jean-Baptiste Grange, Sebastian Vettel et des Experts. Membre de la g\u00e9n\u00e9ration 1999 comme Luka Doncic, Sydney McLaughlin, Lando Norris et Loana Lecomte, mais avec beaucoup moins de talent qu'eux.","sameAs":["https:\/\/x.com\/https:\/\/twitter.com\/pierregorce12"],"birthDate":"1999-08-29","url":"https:\/\/dicodusport.fr\/blog\/author\/pierreg\/"}]}},"_links":{"self":[{"href":"https:\/\/dicodusport.fr\/blog\/wp-json\/wp\/v2\/posts\/237619","targetHints":{"allow":["GET"]}}],"collection":[{"href":"https:\/\/dicodusport.fr\/blog\/wp-json\/wp\/v2\/posts"}],"about":[{"href":"https:\/\/dicodusport.fr\/blog\/wp-json\/wp\/v2\/types\/post"}],"author":[{"embeddable":true,"href":"https:\/\/dicodusport.fr\/blog\/wp-json\/wp\/v2\/users\/61"}],"replies":[{"embeddable":true,"href":"https:\/\/dicodusport.fr\/blog\/wp-json\/wp\/v2\/comments?post=237619"}],"version-history":[{"count":1,"href":"https:\/\/dicodusport.fr\/blog\/wp-json\/wp\/v2\/posts\/237619\/revisions"}],"predecessor-version":[{"id":544096,"href":"https:\/\/dicodusport.fr\/blog\/wp-json\/wp\/v2\/posts\/237619\/revisions\/544096"}],"wp:featuredmedia":[{"embeddable":true,"href":"https:\/\/dicodusport.fr\/blog\/wp-json\/wp\/v2\/media\/237650"}],"wp:attachment":[{"href":"https:\/\/dicodusport.fr\/blog\/wp-json\/wp\/v2\/media?parent=237619"}],"wp:term":[{"taxonomy":"category","embeddable":true,"href":"https:\/\/dicodusport.fr\/blog\/wp-json\/wp\/v2\/categories?post=237619"},{"taxonomy":"post_tag","embeddable":true,"href":"https:\/\/dicodusport.fr\/blog\/wp-json\/wp\/v2\/tags?post=237619"}],"curies":[{"name":"wp","href":"https:\/\/api.w.org\/{rel}","templated":true}]}}