{"id":237755,"date":"2022-06-27T15:20:34","date_gmt":"2022-06-27T13:20:34","guid":{"rendered":"https:\/\/dicodusport.fr\/blog\/?p=237755&#038;preview=true&#038;preview_id=237755"},"modified":"2022-06-29T13:00:59","modified_gmt":"2022-06-29T11:00:59","slug":"tour-de-france-2022-nos-5-favoris-pour-le-maillot-vert","status":"publish","type":"post","link":"https:\/\/dicodusport.fr\/blog\/tour-de-france-2022-nos-5-favoris-pour-le-maillot-vert\/","title":{"rendered":"Tour de France 2022 &#8211; Nos 5 favoris pour le maillot vert"},"content":{"rendered":"<p style=\"text-align: justify;\"><em><strong><a href=\"https:\/\/dicodusport.fr\/blog\/actualites\/cyclisme\/cyclisme-sur-route-2022\/tour-de-france-2022\/\">TOUR DE FRANCE 2022<\/a> &#8211; Wout Van Aert sera l&rsquo;homme \u00e0 battre pour d\u00e9crocher le maillot vert. D\u00e9couvrez nos 5 favoris pour le classement par points de la Grande Boucle 2022.<\/strong><\/em><\/p>\n<p style=\"text-align: justify;\"><strong><span style=\"font-size: 24px;\">Wout Van Aert (Jumbo-Visma)<\/span><\/strong><\/p>\n<p style=\"text-align: justify;\">Mais qui va pouvoir battre <strong>Wout Van Aert<\/strong> ? Le Belge est l&rsquo;hyper favori pour remporter un premier maillot vert. Capable de remporter un sprint massif, mais surtout en petit comit\u00e9, il fait aussi partie des meilleurs rouleurs du monde. Avec deux chronos (1\u00e8re et 20\u00e8me \u00e9tape), le sextuple vainqueur d&rsquo;\u00e9tapes sur les routes de la Grande Boucle pourrait rafler de gros points. Et que dire de la montagne ? S&rsquo;il n&rsquo;est pas le meilleur grimpeur du peloton, WVA a d\u00e9j\u00e0 montr\u00e9 \u00e0 plusieurs reprises qu&rsquo;il faisait mieux que se d\u00e9fendre sur les ascensions longues. <a href=\"https:\/\/dicodusport.fr\/blog\/tour-de-france-2021-wout-van-aert-s-impose-en-solitaire-sur-11eme-etape\/\">Sa victoire sur les pentes du Ventoux l&rsquo;ann\u00e9e pass\u00e9e<\/a> sur le Tour en atteste. S&rsquo;il sera \u00e9galement l\u00e0 pour aider <strong>Primoz Roglic,<\/strong> <strong>Wout Van Aert<\/strong> aura carte blanche lors de nombreuses journ\u00e9es. Sauf accident, c&rsquo;est lui qui sera en vert sur les Champs-\u00c9lys\u00e9es, le 24 juillet prochain.<\/p>\n<div id=\"attachment_214098\" style=\"width: 810px\" class=\"wp-caption aligncenter\"><a href=\"https:\/\/dicodusport.fr\/blog\/wp-content\/uploads\/2022\/04\/Wout-Van-Aert-incertain-pour-Paris-Roubaix.png\"><img loading=\"lazy\" decoding=\"async\" aria-describedby=\"caption-attachment-214098\" class=\"wp-image-214098 size-full\" src=\"https:\/\/dicodusport.fr\/blog\/wp-content\/uploads\/2022\/04\/Wout-Van-Aert-incertain-pour-Paris-Roubaix.png\" alt=\"\" width=\"800\" height=\"445\" srcset=\"https:\/\/dicodusport.fr\/blog\/wp-content\/uploads\/2022\/04\/Wout-Van-Aert-incertain-pour-Paris-Roubaix.png 800w, https:\/\/dicodusport.fr\/blog\/wp-content\/uploads\/2022\/04\/Wout-Van-Aert-incertain-pour-Paris-Roubaix-300x167.png 300w, https:\/\/dicodusport.fr\/blog\/wp-content\/uploads\/2022\/04\/Wout-Van-Aert-incertain-pour-Paris-Roubaix-768x427.png 768w\" sizes=\"auto, (max-width: 800px) 100vw, 800px\" \/><\/a><p id=\"caption-attachment-214098\" class=\"wp-caption-text\">Wout Van Aert &#8211; Photo Icon Sport<\/p><\/div>\n<p style=\"text-align: center;\"><a href=\"https:\/\/dicodusport.fr\/blog\/tour-de-france-2022-nos-5-favoris-pour-le-maillot-vert\/2\/#quatre\" class=\"su-button su-button-style-flat\" style=\"color:#FFFFFF;background-color:#0057ae;border-color:#00468c;border-radius:4px\" target=\"_self\"><span style=\"color:#FFFFFF;padding:0px 22px;font-size:17px;line-height:34px;border-color:#4d8ac7;border-radius:4px;text-shadow:none\"> <strong>Suivant<\/strong><\/span><\/a>\n<p><!--nextpage--><\/p>\n<p style=\"text-align: justify;\"><a id=\"quatre\"><\/a><strong><span style=\"font-size: 24px;\">Michael Matthews (Team BikeExchange &#8211; Jayco)<\/span><\/strong><\/p>\n<p style=\"text-align: justify;\">\u00c0 31 ans, <strong>Michael Matthews<\/strong> semble moins saignant qu&rsquo;en 2017, ann\u00e9e o\u00f9 il avait rafl\u00e9 le maillot vert du Tour. L&rsquo;Australien reste n\u00e9anmoins dans le coup d\u00e8s qu&rsquo;un sprint en comit\u00e9 r\u00e9duit se pr\u00e9sente \u00e0 lui. Vainqueur d&rsquo;\u00e9tape sur le Tour de Catalogne, 4\u00e8me de Milan-San Remo, 7\u00e8me de l&rsquo;Amstel Gold Race, il a prouv\u00e9, cette saison, qu&rsquo;il avait encore les jambes pour jouer devant avec les meilleurs puncheurs-sprinteurs. Comme <strong>Wout Van Aert<\/strong>, <strong>Michael Matthews<\/strong> sait grimper. S&rsquo;il est dans la course au maillot vert, on risque de le voir souvent \u00e0 l&rsquo;avant de la course. Au coude \u00e0 coude avec WVA ?<\/p>\n<div id=\"attachment_210331\" style=\"width: 810px\" class=\"wp-caption aligncenter\"><a href=\"https:\/\/dicodusport.fr\/blog\/wp-content\/uploads\/2022\/03\/Tour-de-Catalogne-2022-Michael-Matthews-sadjuge-la-1ere-etape.png\"><img loading=\"lazy\" decoding=\"async\" aria-describedby=\"caption-attachment-210331\" class=\"wp-image-210331 size-full\" src=\"https:\/\/dicodusport.fr\/blog\/wp-content\/uploads\/2022\/03\/Tour-de-Catalogne-2022-Michael-Matthews-sadjuge-la-1ere-etape.png\" alt=\"Tour de Catalogne 2022 Michael Matthews s'adjuge la 1\u00e8re \u00e9tape\" width=\"800\" height=\"445\" srcset=\"https:\/\/dicodusport.fr\/blog\/wp-content\/uploads\/2022\/03\/Tour-de-Catalogne-2022-Michael-Matthews-sadjuge-la-1ere-etape.png 800w, https:\/\/dicodusport.fr\/blog\/wp-content\/uploads\/2022\/03\/Tour-de-Catalogne-2022-Michael-Matthews-sadjuge-la-1ere-etape-300x167.png 300w, https:\/\/dicodusport.fr\/blog\/wp-content\/uploads\/2022\/03\/Tour-de-Catalogne-2022-Michael-Matthews-sadjuge-la-1ere-etape-768x427.png 768w\" sizes=\"auto, (max-width: 800px) 100vw, 800px\" \/><\/a><p id=\"caption-attachment-210331\" class=\"wp-caption-text\">Michael Matthews &#8211; Photo Icon Sport<\/p><\/div>\n<p style=\"text-align: center;\"><a href=\"https:\/\/dicodusport.fr\/blog\/tour-de-france-2022-nos-5-favoris-pour-le-maillot-vert\/3\/#trois\" class=\"su-button su-button-style-flat\" style=\"color:#FFFFFF;background-color:#0057ae;border-color:#00468c;border-radius:4px\" target=\"_self\"><span style=\"color:#FFFFFF;padding:0px 22px;font-size:17px;line-height:34px;border-color:#4d8ac7;border-radius:4px;text-shadow:none\"> <strong>Suivant<\/strong><\/span><\/a>\n<p><!--nextpage--><\/p>\n<p style=\"text-align: justify;\"><a id=\"trois\"><\/a><strong><span style=\"font-size: 24px;\">Mads Pedersen (Trek-Segafredo)<\/span><\/strong><\/p>\n<p style=\"text-align: justify;\">Et pourquoi pas <strong>Mads Pedersen<\/strong> ? D\u00e9j\u00e0 victorieux \u00e0 5 reprises cette saison, dont une \u00e9tape sur Paris-Nice devant <strong>Bryan Coquard<\/strong> et&#8230; <strong>Wout Van Aert,<\/strong> le Danois dispose d&rsquo;une tr\u00e8s belle pointe de vitesse. S&rsquo;il risque d&rsquo;\u00eatre un peu juste pour rivaliser avec les purs sprinteurs sur les deuxi\u00e8me et troisi\u00e8me \u00e9tapes, Pedersen peut faire la diff\u00e9rence en comit\u00e9 r\u00e9duit. Loin d&rsquo;\u00eatre maladroit sur l&rsquo;effort en solitaire (2\u00e8me du chrono de l&rsquo;\u00c9toile de Bess\u00e8ges, 9\u00e8me du CLM de Paris-Nice), il n&rsquo;est pas non plus le plus mauvais des grimpeurs du c\u00f4t\u00e9 des puncheurs-sprinteurs. Sans grand leader pour le g\u00e9n\u00e9ral, son \u00e9quipe, la Trek-Segafredo, visera les bouquets sur diff\u00e9rents profils. Et nul doute qu&rsquo;un Pedersen en forme sera au rendez-vous pour venir titiller Van Aert et Matthews.<\/p>\n<div id=\"attachment_233600\" style=\"width: 810px\" class=\"wp-caption aligncenter\"><a href=\"https:\/\/dicodusport.fr\/blog\/wp-content\/uploads\/2022\/06\/Tour-de-Belgique-2022-La-1ere-etape-pour-Mads-Pedersen-1.png\"><img loading=\"lazy\" decoding=\"async\" aria-describedby=\"caption-attachment-233600\" class=\"wp-image-233600 size-full\" src=\"https:\/\/dicodusport.fr\/blog\/wp-content\/uploads\/2022\/06\/Tour-de-Belgique-2022-La-1ere-etape-pour-Mads-Pedersen-1.png\" alt=\"Tour de Belgique 2022 La 1\u00e8re \u00e9tape pour Mads Pedersen\" width=\"800\" height=\"445\" srcset=\"https:\/\/dicodusport.fr\/blog\/wp-content\/uploads\/2022\/06\/Tour-de-Belgique-2022-La-1ere-etape-pour-Mads-Pedersen-1.png 800w, https:\/\/dicodusport.fr\/blog\/wp-content\/uploads\/2022\/06\/Tour-de-Belgique-2022-La-1ere-etape-pour-Mads-Pedersen-1-300x167.png 300w, https:\/\/dicodusport.fr\/blog\/wp-content\/uploads\/2022\/06\/Tour-de-Belgique-2022-La-1ere-etape-pour-Mads-Pedersen-1-768x427.png 768w\" sizes=\"auto, (max-width: 800px) 100vw, 800px\" \/><\/a><p id=\"caption-attachment-233600\" class=\"wp-caption-text\">Mads Pedersen &#8211; Photo Icon Sport<\/p><\/div>\n<p style=\"text-align: center;\"><a href=\"https:\/\/dicodusport.fr\/blog\/tour-de-france-2022-nos-5-favoris-pour-le-maillot-vert\/4\/#deux\" class=\"su-button su-button-style-flat\" style=\"color:#FFFFFF;background-color:#0057ae;border-color:#00468c;border-radius:4px\" target=\"_self\"><span style=\"color:#FFFFFF;padding:0px 22px;font-size:17px;line-height:34px;border-color:#4d8ac7;border-radius:4px;text-shadow:none\"> <strong>Suivant<\/strong><\/span><\/a>\n<p><!--nextpage--><\/p>\n<p style=\"text-align: justify;\"><a id=\"deux\"><\/a><strong><span style=\"font-size: 24px;\">Ethan Hayter (INEOS Grenadiers)<\/span><\/strong><\/p>\n<p style=\"text-align: justify;\">\u00c0 23 ans, <strong>Ethan Hayter<\/strong> pourrait \u00eatre la surprise du chef dans la lutte pour le maillot vert. Victorieux \u00e0 5 reprises cette saison, dont deux succ\u00e8s sur le Tour de Romandie (prologue et 2\u00e8me \u00e9tape), le Britannique est un coureur ultra-complet. Tr\u00e8s rapide dans un sprint \u00e0 comit\u00e9 restreint et excellent rouleur, il sait aussi grimper. Ses performances sur le dernier Dauphin\u00e9 ont montr\u00e9 qu&rsquo;il n&rsquo;avait pas de points faibles, avec des top 20 ou 25 sur les \u00e9tapes de montagne. Lui aussi pourrait se m\u00ealer \u00e0 la bataille du classement par points, car il y a fort \u00e0 parier qu&rsquo;il soit bien plac\u00e9 dans le final de nombreuses \u00e9tapes. Sans oublier les deux chronos courts qui lui vont parfaitement.<\/p>\n<div id=\"attachment_219457\" style=\"width: 810px\" class=\"wp-caption aligncenter\"><a href=\"https:\/\/dicodusport.fr\/blog\/wp-content\/uploads\/2022\/04\/Tour-de-Romandie-2022-Ethan-Hayter-remporte-la-2eme-etape-1.png\"><img loading=\"lazy\" decoding=\"async\" aria-describedby=\"caption-attachment-219457\" class=\"wp-image-219457 size-full\" src=\"https:\/\/dicodusport.fr\/blog\/wp-content\/uploads\/2022\/04\/Tour-de-Romandie-2022-Ethan-Hayter-remporte-la-2eme-etape-1.png\" alt=\"Tour de Romandie 2022 Ethan Hayter remporte la 2\u00e8me \u00e9tape (1)\" width=\"800\" height=\"445\" srcset=\"https:\/\/dicodusport.fr\/blog\/wp-content\/uploads\/2022\/04\/Tour-de-Romandie-2022-Ethan-Hayter-remporte-la-2eme-etape-1.png 800w, https:\/\/dicodusport.fr\/blog\/wp-content\/uploads\/2022\/04\/Tour-de-Romandie-2022-Ethan-Hayter-remporte-la-2eme-etape-1-300x167.png 300w, https:\/\/dicodusport.fr\/blog\/wp-content\/uploads\/2022\/04\/Tour-de-Romandie-2022-Ethan-Hayter-remporte-la-2eme-etape-1-768x427.png 768w\" sizes=\"auto, (max-width: 800px) 100vw, 800px\" \/><\/a><p id=\"caption-attachment-219457\" class=\"wp-caption-text\">Ethan Hayter &#8211; Photo Icon Sport<\/p><\/div>\n<p style=\"text-align: center;\"><a href=\"https:\/\/dicodusport.fr\/blog\/tour-de-france-2022-nos-5-favoris-pour-le-maillot-vert\/5\/#un\" class=\"su-button su-button-style-flat\" style=\"color:#FFFFFF;background-color:#0057ae;border-color:#00468c;border-radius:4px\" target=\"_self\"><span style=\"color:#FFFFFF;padding:0px 22px;font-size:17px;line-height:34px;border-color:#4d8ac7;border-radius:4px;text-shadow:none\"> <strong>Suivant<\/strong><\/span><\/a>\n<p><!--nextpage--><\/p>\n<p style=\"text-align: justify;\"><a id=\"un\"><\/a><strong><span style=\"font-size: 24px;\">Peter Sagan (TotalEnergies)<\/span><\/strong><\/p>\n<p style=\"text-align: justify;\">Pas grand monde ne mise sur <strong>Peter Sagan<\/strong>. Pourtant, \u00e0 32 ans et apr\u00e8s un d\u00e9but de saison plomb\u00e9 par les p\u00e9pins physiques, le Slovaque semble revenir en forme. S&rsquo;il a (encore) \u00e9t\u00e9 touch\u00e9 par la Covid la semaine pass\u00e9e, le septuple vainqueur du maillot vert, qui vient de rafler un 8\u00e8me titre de champion de Slovaquie sur la course en ligne, va trouver un parcours \u00e0 sa convenance. Vainqueur d&rsquo;\u00e9tape sur le Tour de Suisse il y a \u00e0 peine 15 jours, Sagan est encore capable de bien figurer sur un sprint massif, et encore plus sur une arriv\u00e9e avec un peloton amoindri. S&rsquo;il grimpe beaucoup moins bien qu&rsquo;\u00e0 l&rsquo;\u00e9poque o\u00f9 il caressait les p\u00e9dales sur tous les terrains, le coureur aux 121 victoires professionnelles peut encore surprendre sur des profils vallonn\u00e9s. Et \u00e7a tombe bien, puisque de nombreuses \u00e9tapes du genre seront propos\u00e9es au peloton du Tour, du 1er au 24 juillet.<\/p>\n<div id=\"attachment_233244\" style=\"width: 810px\" class=\"wp-caption aligncenter\"><a href=\"https:\/\/dicodusport.fr\/blog\/wp-content\/uploads\/2022\/06\/Tour-de-Suisse-2022-Peter-Sagan-sadjuge-la-3eme-etape-1.png\"><img loading=\"lazy\" decoding=\"async\" aria-describedby=\"caption-attachment-233244\" class=\"wp-image-233244 size-full\" src=\"https:\/\/dicodusport.fr\/blog\/wp-content\/uploads\/2022\/06\/Tour-de-Suisse-2022-Peter-Sagan-sadjuge-la-3eme-etape-1.png\" alt=\"Tour de Suisse 2022 Peter Sagan s'adjuge la 3\u00e8me \u00e9tape (1)\" width=\"800\" height=\"445\" srcset=\"https:\/\/dicodusport.fr\/blog\/wp-content\/uploads\/2022\/06\/Tour-de-Suisse-2022-Peter-Sagan-sadjuge-la-3eme-etape-1.png 800w, https:\/\/dicodusport.fr\/blog\/wp-content\/uploads\/2022\/06\/Tour-de-Suisse-2022-Peter-Sagan-sadjuge-la-3eme-etape-1-300x167.png 300w, https:\/\/dicodusport.fr\/blog\/wp-content\/uploads\/2022\/06\/Tour-de-Suisse-2022-Peter-Sagan-sadjuge-la-3eme-etape-1-768x427.png 768w\" sizes=\"auto, (max-width: 800px) 100vw, 800px\" \/><\/a><p id=\"caption-attachment-233244\" class=\"wp-caption-text\">Peter Sagan &#8211; Photo Icon Sport<\/p><\/div>\n<p style=\"text-align: center;\"><a href=\"https:\/\/dicodusport.fr\/blog\/tour-de-france-2022-nos-5-favoris-pour-le-maillot-vert\/\" class=\"su-button su-button-style-flat\" style=\"color:#FFFFFF;background-color:#0057ae;border-color:#00468c;border-radius:4px\" target=\"_self\"><span style=\"color:#FFFFFF;padding:0px 22px;font-size:17px;line-height:34px;border-color:#4d8ac7;border-radius:4px;text-shadow:none\"> <strong>Revenir au d\u00e9but<\/strong><\/span><\/a>\n<h2 style=\"text-align: justify;\"><strong>\u00c0 lire aussi<\/strong><\/h2>\n<ul>\n<li style=\"text-align: justify;\"><a href=\"https:\/\/dicodusport.fr\/blog\/le-profil-des-21-etapes-du-tour-de-france-2022\/\"><strong>Le profil des 21 \u00e9tapes du Tour de France 2022<\/strong><\/a><\/li>\n<li style=\"text-align: justify;\"><a href=\"https:\/\/dicodusport.fr\/blog\/tour-de-france-2022-les-compositions-des-equipes\/\"><strong>Les compositions des \u00e9quipes pour le Tour de France 2022<\/strong><\/a><\/li>\n<li style=\"text-align: justify;\"><a href=\"https:\/\/dicodusport.fr\/blog\/toute-lactualite-du-tour-de-france-2022\/\"><strong>Toute l&rsquo;actualit\u00e9 du Tour de France 2022<\/strong><\/a><\/li>\n<\/ul>\n","protected":false},"excerpt":{"rendered":"<p>TOUR DE FRANCE 2022 &#8211; Wout Van Aert sera l&rsquo;homme \u00e0 battre pour d\u00e9crocher le maillot vert. D\u00e9couvrez nos 5 favoris pour le classement par points de la Grande Boucle 2022.<\/p>\n","protected":false},"author":4,"featured_media":237837,"comment_status":"open","ping_status":"closed","sticky":false,"template":"","format":"standard","meta":{"_acf_changed":false,"_daextam_enable_autolinks":"","footnotes":""},"categories":[46995],"tags":[11484,1262],"class_list":["post-237755","post","type-post","status-publish","format-standard","has-post-thumbnail","hentry","category-tour-de-france","tag-maillot-vert-tour-de-france","tag-tour-de-france"],"acf":[],"yoast_head":"<!-- This site is optimized with the Yoast SEO Premium plugin v26.7 (Yoast SEO v26.7) - https:\/\/yoast.com\/wordpress\/plugins\/seo\/ -->\n<title>Tour de France 2022 - Nos 5 favoris pour le maillot vert<\/title>\n<meta name=\"description\" content=\"TOUR DE FRANCE 2022 - Wout Van Aert sera l&#039;homme \u00e0 battre pour d\u00e9crocher le maillot vert. Nos 5 favoris pour le classement par points.\" \/>\n<meta name=\"robots\" content=\"index, follow, max-snippet:-1, max-image-preview:large, max-video-preview:-1\" \/>\n<link rel=\"canonical\" href=\"https:\/\/dicodusport.fr\/blog\/tour-de-france-2022-nos-5-favoris-pour-le-maillot-vert\/\" \/>\n<link rel=\"next\" href=\"https:\/\/dicodusport.fr\/blog\/tour-de-france-2022-nos-5-favoris-pour-le-maillot-vert\/2\/\" \/>\n<meta property=\"og:locale\" content=\"fr_FR\" \/>\n<meta property=\"og:type\" content=\"article\" \/>\n<meta property=\"og:title\" content=\"Tour de France 2022 - Nos 5 favoris pour le maillot vert\" \/>\n<meta property=\"og:description\" content=\"TOUR DE FRANCE 2022 - Wout Van Aert sera l&#039;homme \u00e0 battre pour d\u00e9crocher le maillot vert. Nos 5 favoris pour le classement par points.\" \/>\n<meta property=\"og:url\" content=\"https:\/\/dicodusport.fr\/blog\/tour-de-france-2022-nos-5-favoris-pour-le-maillot-vert\/\" \/>\n<meta property=\"og:site_name\" content=\"Dicodusport\" \/>\n<meta property=\"article:publisher\" content=\"https:\/\/www.facebook.com\/dicodusport\" \/>\n<meta property=\"article:author\" content=\"https:\/\/www.facebook.com\/florent.ostermann\" \/>\n<meta property=\"article:published_time\" content=\"2022-06-27T13:20:34+00:00\" \/>\n<meta property=\"article:modified_time\" content=\"2022-06-29T11:00:59+00:00\" \/>\n<meta property=\"og:image\" content=\"https:\/\/dicodusport.fr\/blog\/wp-content\/uploads\/2022\/06\/Tour-de-France-2022-Nos-5-favoris-pour-le-maillot-vert.png\" \/>\n\t<meta property=\"og:image:width\" content=\"800\" \/>\n\t<meta property=\"og:image:height\" content=\"445\" \/>\n\t<meta property=\"og:image:type\" content=\"image\/png\" \/>\n<meta name=\"author\" content=\"Flo Ostermann\" \/>\n<meta name=\"twitter:card\" content=\"summary_large_image\" \/>\n<meta name=\"twitter:title\" content=\"Tour de France 2022 - Nos 5 favoris pour le maillot vert\" \/>\n<meta name=\"twitter:creator\" content=\"@https:\/\/twitter.com\/FlOstermann\" \/>\n<meta name=\"twitter:site\" content=\"@dicodusport\" \/>\n<script type=\"application\/ld+json\" class=\"yoast-schema-graph\">{\"@context\":\"https:\/\/schema.org\",\"@graph\":[{\"@type\":\"NewsArticle\",\"@id\":\"https:\/\/dicodusport.fr\/blog\/tour-de-france-2022-nos-5-favoris-pour-le-maillot-vert\/#article\",\"isPartOf\":{\"@id\":\"https:\/\/dicodusport.fr\/blog\/tour-de-france-2022-nos-5-favoris-pour-le-maillot-vert\/\"},\"author\":{\"name\":\"Flo Ostermann\",\"@id\":\"https:\/\/dicodusport.fr\/blog\/#\/schema\/person\/cb02af4c173ce4a653b55e9baf388d4a\"},\"headline\":\"Tour de France 2022 &#8211; Nos 5 favoris pour le maillot vert\",\"datePublished\":\"2022-06-27T13:20:34+00:00\",\"dateModified\":\"2022-06-29T11:00:59+00:00\",\"mainEntityOfPage\":{\"@id\":\"https:\/\/dicodusport.fr\/blog\/tour-de-france-2022-nos-5-favoris-pour-le-maillot-vert\/\"},\"wordCount\":935,\"commentCount\":0,\"publisher\":{\"@id\":\"https:\/\/dicodusport.fr\/blog\/#organization\"},\"image\":{\"@id\":\"https:\/\/dicodusport.fr\/blog\/tour-de-france-2022-nos-5-favoris-pour-le-maillot-vert\/#primaryimage\"},\"thumbnailUrl\":\"https:\/\/dicodusport.fr\/blog\/wp-content\/uploads\/2022\/06\/Tour-de-France-2022-Nos-5-favoris-pour-le-maillot-vert.png\",\"keywords\":[\"Maillot vert Tour de France\",\"Tour de France\"],\"articleSection\":[\"Tour de France\"],\"inLanguage\":\"fr-FR\",\"potentialAction\":[{\"@type\":\"CommentAction\",\"name\":\"Comment\",\"target\":[\"https:\/\/dicodusport.fr\/blog\/tour-de-france-2022-nos-5-favoris-pour-le-maillot-vert\/#respond\"]}],\"copyrightYear\":\"2022\",\"copyrightHolder\":{\"@id\":\"https:\/\/dicodusport.fr\/blog\/#organization\"}},{\"@type\":\"WebPage\",\"@id\":\"https:\/\/dicodusport.fr\/blog\/tour-de-france-2022-nos-5-favoris-pour-le-maillot-vert\/\",\"url\":\"https:\/\/dicodusport.fr\/blog\/tour-de-france-2022-nos-5-favoris-pour-le-maillot-vert\/\",\"name\":\"Tour de France 2022 - Nos 5 favoris pour le maillot vert\",\"isPartOf\":{\"@id\":\"https:\/\/dicodusport.fr\/blog\/#website\"},\"primaryImageOfPage\":{\"@id\":\"https:\/\/dicodusport.fr\/blog\/tour-de-france-2022-nos-5-favoris-pour-le-maillot-vert\/#primaryimage\"},\"image\":{\"@id\":\"https:\/\/dicodusport.fr\/blog\/tour-de-france-2022-nos-5-favoris-pour-le-maillot-vert\/#primaryimage\"},\"thumbnailUrl\":\"https:\/\/dicodusport.fr\/blog\/wp-content\/uploads\/2022\/06\/Tour-de-France-2022-Nos-5-favoris-pour-le-maillot-vert.png\",\"datePublished\":\"2022-06-27T13:20:34+00:00\",\"dateModified\":\"2022-06-29T11:00:59+00:00\",\"description\":\"TOUR DE FRANCE 2022 - Wout Van Aert sera l'homme \u00e0 battre pour d\u00e9crocher le maillot vert. Nos 5 favoris pour le classement par points.\",\"inLanguage\":\"fr-FR\",\"potentialAction\":[{\"@type\":\"ReadAction\",\"target\":[\"https:\/\/dicodusport.fr\/blog\/tour-de-france-2022-nos-5-favoris-pour-le-maillot-vert\/\"]}]},{\"@type\":\"ImageObject\",\"inLanguage\":\"fr-FR\",\"@id\":\"https:\/\/dicodusport.fr\/blog\/tour-de-france-2022-nos-5-favoris-pour-le-maillot-vert\/#primaryimage\",\"url\":\"https:\/\/dicodusport.fr\/blog\/wp-content\/uploads\/2022\/06\/Tour-de-France-2022-Nos-5-favoris-pour-le-maillot-vert.png\",\"contentUrl\":\"https:\/\/dicodusport.fr\/blog\/wp-content\/uploads\/2022\/06\/Tour-de-France-2022-Nos-5-favoris-pour-le-maillot-vert.png\",\"width\":800,\"height\":445,\"caption\":\"Tour de France 2022 - Nos 5 favoris pour le maillot vert\"},{\"@type\":\"WebSite\",\"@id\":\"https:\/\/dicodusport.fr\/blog\/#website\",\"url\":\"https:\/\/dicodusport.fr\/blog\/\",\"name\":\"Dicodusport\",\"description\":\"L&#039;encyclop\u00e9die de l&#039;actualit\u00e9 sportive\",\"publisher\":{\"@id\":\"https:\/\/dicodusport.fr\/blog\/#organization\"},\"potentialAction\":[{\"@type\":\"SearchAction\",\"target\":{\"@type\":\"EntryPoint\",\"urlTemplate\":\"https:\/\/dicodusport.fr\/blog\/?s={search_term_string}\"},\"query-input\":{\"@type\":\"PropertyValueSpecification\",\"valueRequired\":true,\"valueName\":\"search_term_string\"}}],\"inLanguage\":\"fr-FR\"},{\"@type\":\"NewsMediaOrganization\",\"@id\":\"https:\/\/dicodusport.fr\/blog\/#organization\",\"name\":\"Dicodusport\",\"url\":\"https:\/\/dicodusport.fr\/blog\/\",\"logo\":{\"@type\":\"ImageObject\",\"inLanguage\":\"fr-FR\",\"@id\":\"https:\/\/dicodusport.fr\/blog\/#\/schema\/logo\/image\/\",\"url\":\"https:\/\/dicodusport.fr\/blog\/wp-content\/uploads\/2020\/06\/cropped-LOGO-DICODUSPORT-2020-SANS-FOND-SANS-TEXTE.png\",\"contentUrl\":\"https:\/\/dicodusport.fr\/blog\/wp-content\/uploads\/2020\/06\/cropped-LOGO-DICODUSPORT-2020-SANS-FOND-SANS-TEXTE.png\",\"width\":512,\"height\":512,\"caption\":\"Dicodusport\"},\"image\":{\"@id\":\"https:\/\/dicodusport.fr\/blog\/#\/schema\/logo\/image\/\"},\"sameAs\":[\"https:\/\/www.facebook.com\/dicodusport\",\"https:\/\/x.com\/dicodusport\",\"https:\/\/www.instagram.com\/dicodusport\/\",\"https:\/\/www.youtube.com\/channel\/UC7V2KZ5sd3htJivAbA4ZG3w\"],\"description\":\"Dicodusport est l'encyclop\u00e9die de l'actualit\u00e9 sportive.\",\"email\":\"bonjour@dicodusport.fr\",\"legalName\":\"DICODUSPORT\",\"foundingDate\":\"2018-01-14\",\"vatID\":\"FR71834470973\",\"taxID\":\"83447097300043\",\"numberOfEmployees\":{\"@type\":\"QuantitativeValue\",\"minValue\":\"1\",\"maxValue\":\"10\"}},{\"@type\":\"Person\",\"@id\":\"https:\/\/dicodusport.fr\/blog\/#\/schema\/person\/cb02af4c173ce4a653b55e9baf388d4a\",\"name\":\"Flo Ostermann\",\"image\":{\"@type\":\"ImageObject\",\"inLanguage\":\"fr-FR\",\"@id\":\"https:\/\/dicodusport.fr\/blog\/#\/schema\/person\/image\/\",\"url\":\"https:\/\/dicodusport.fr\/blog\/wp-content\/uploads\/2021\/05\/Flo-Ostermann-150x150.jpg\",\"contentUrl\":\"https:\/\/dicodusport.fr\/blog\/wp-content\/uploads\/2021\/05\/Flo-Ostermann-150x150.jpg\",\"caption\":\"Flo Ostermann\"},\"description\":\"Journaliste\/R\u00e9dacteur depuis septembre 2015 - Mes premiers souvenirs dans le sport ? Les envol\u00e9es du Stade Toulousain et les duels Villeneuve-Schumacher et H\u00e4kkinen-Schumacher \u00e0 la fin des ann\u00e9es 90, la Coupe du monde de football en 1998, l\u2019exploit du XV de France face aux All Blacks en 1999, mais aussi Richard C\u0153ur de Lion qui vole sur les montagnes du Tour de France. Bien parti pour devenir professeur d\u2019EPS, les \u00e9v\u00e9nements de la vie (et la flemme d\u2019animer des s\u00e9ances de 3x500 m\u00e8tres toute ma vie) m\u2019ont conduit \u00e0 revoir mes plans. Me voil\u00e0 depuis fin 2017 sur Dicodusport, m\u00e9dia gr\u00e2ce (et pour) lequel je partage ma passion : le sport dans tous ses \u00e9tats. Le tout accompagn\u00e9 par les fous furieux et folles furieuses cit\u00e9s sur cette page !\",\"sameAs\":[\"https:\/\/www.facebook.com\/florent.ostermann\",\"https:\/\/x.com\/https:\/\/twitter.com\/FlOstermann\",\"admin\"],\"url\":\"https:\/\/dicodusport.fr\/blog\/author\/flo\/\"}]}<\/script>\n<!-- \/ Yoast SEO Premium plugin. -->","yoast_head_json":{"title":"Tour de France 2022 - Nos 5 favoris pour le maillot vert","description":"TOUR DE FRANCE 2022 - Wout Van Aert sera l'homme \u00e0 battre pour d\u00e9crocher le maillot vert. Nos 5 favoris pour le classement par points.","robots":{"index":"index","follow":"follow","max-snippet":"max-snippet:-1","max-image-preview":"max-image-preview:large","max-video-preview":"max-video-preview:-1"},"canonical":"https:\/\/dicodusport.fr\/blog\/tour-de-france-2022-nos-5-favoris-pour-le-maillot-vert\/","next":"https:\/\/dicodusport.fr\/blog\/tour-de-france-2022-nos-5-favoris-pour-le-maillot-vert\/2\/","og_locale":"fr_FR","og_type":"article","og_title":"Tour de France 2022 - Nos 5 favoris pour le maillot vert","og_description":"TOUR DE FRANCE 2022 - Wout Van Aert sera l'homme \u00e0 battre pour d\u00e9crocher le maillot vert. Nos 5 favoris pour le classement par points.","og_url":"https:\/\/dicodusport.fr\/blog\/tour-de-france-2022-nos-5-favoris-pour-le-maillot-vert\/","og_site_name":"Dicodusport","article_publisher":"https:\/\/www.facebook.com\/dicodusport","article_author":"https:\/\/www.facebook.com\/florent.ostermann","article_published_time":"2022-06-27T13:20:34+00:00","article_modified_time":"2022-06-29T11:00:59+00:00","og_image":[{"width":800,"height":445,"url":"https:\/\/dicodusport.fr\/blog\/wp-content\/uploads\/2022\/06\/Tour-de-France-2022-Nos-5-favoris-pour-le-maillot-vert.png","type":"image\/png"}],"author":"Flo Ostermann","twitter_card":"summary_large_image","twitter_title":"Tour de France 2022 - Nos 5 favoris pour le maillot vert","twitter_creator":"@https:\/\/twitter.com\/FlOstermann","twitter_site":"@dicodusport","schema":{"@context":"https:\/\/schema.org","@graph":[{"@type":"NewsArticle","@id":"https:\/\/dicodusport.fr\/blog\/tour-de-france-2022-nos-5-favoris-pour-le-maillot-vert\/#article","isPartOf":{"@id":"https:\/\/dicodusport.fr\/blog\/tour-de-france-2022-nos-5-favoris-pour-le-maillot-vert\/"},"author":{"name":"Flo Ostermann","@id":"https:\/\/dicodusport.fr\/blog\/#\/schema\/person\/cb02af4c173ce4a653b55e9baf388d4a"},"headline":"Tour de France 2022 &#8211; Nos 5 favoris pour le maillot vert","datePublished":"2022-06-27T13:20:34+00:00","dateModified":"2022-06-29T11:00:59+00:00","mainEntityOfPage":{"@id":"https:\/\/dicodusport.fr\/blog\/tour-de-france-2022-nos-5-favoris-pour-le-maillot-vert\/"},"wordCount":935,"commentCount":0,"publisher":{"@id":"https:\/\/dicodusport.fr\/blog\/#organization"},"image":{"@id":"https:\/\/dicodusport.fr\/blog\/tour-de-france-2022-nos-5-favoris-pour-le-maillot-vert\/#primaryimage"},"thumbnailUrl":"https:\/\/dicodusport.fr\/blog\/wp-content\/uploads\/2022\/06\/Tour-de-France-2022-Nos-5-favoris-pour-le-maillot-vert.png","keywords":["Maillot vert Tour de France","Tour de France"],"articleSection":["Tour de France"],"inLanguage":"fr-FR","potentialAction":[{"@type":"CommentAction","name":"Comment","target":["https:\/\/dicodusport.fr\/blog\/tour-de-france-2022-nos-5-favoris-pour-le-maillot-vert\/#respond"]}],"copyrightYear":"2022","copyrightHolder":{"@id":"https:\/\/dicodusport.fr\/blog\/#organization"}},{"@type":"WebPage","@id":"https:\/\/dicodusport.fr\/blog\/tour-de-france-2022-nos-5-favoris-pour-le-maillot-vert\/","url":"https:\/\/dicodusport.fr\/blog\/tour-de-france-2022-nos-5-favoris-pour-le-maillot-vert\/","name":"Tour de France 2022 - Nos 5 favoris pour le maillot vert","isPartOf":{"@id":"https:\/\/dicodusport.fr\/blog\/#website"},"primaryImageOfPage":{"@id":"https:\/\/dicodusport.fr\/blog\/tour-de-france-2022-nos-5-favoris-pour-le-maillot-vert\/#primaryimage"},"image":{"@id":"https:\/\/dicodusport.fr\/blog\/tour-de-france-2022-nos-5-favoris-pour-le-maillot-vert\/#primaryimage"},"thumbnailUrl":"https:\/\/dicodusport.fr\/blog\/wp-content\/uploads\/2022\/06\/Tour-de-France-2022-Nos-5-favoris-pour-le-maillot-vert.png","datePublished":"2022-06-27T13:20:34+00:00","dateModified":"2022-06-29T11:00:59+00:00","description":"TOUR DE FRANCE 2022 - Wout Van Aert sera l'homme \u00e0 battre pour d\u00e9crocher le maillot vert. Nos 5 favoris pour le classement par points.","inLanguage":"fr-FR","potentialAction":[{"@type":"ReadAction","target":["https:\/\/dicodusport.fr\/blog\/tour-de-france-2022-nos-5-favoris-pour-le-maillot-vert\/"]}]},{"@type":"ImageObject","inLanguage":"fr-FR","@id":"https:\/\/dicodusport.fr\/blog\/tour-de-france-2022-nos-5-favoris-pour-le-maillot-vert\/#primaryimage","url":"https:\/\/dicodusport.fr\/blog\/wp-content\/uploads\/2022\/06\/Tour-de-France-2022-Nos-5-favoris-pour-le-maillot-vert.png","contentUrl":"https:\/\/dicodusport.fr\/blog\/wp-content\/uploads\/2022\/06\/Tour-de-France-2022-Nos-5-favoris-pour-le-maillot-vert.png","width":800,"height":445,"caption":"Tour de France 2022 - Nos 5 favoris pour le maillot vert"},{"@type":"WebSite","@id":"https:\/\/dicodusport.fr\/blog\/#website","url":"https:\/\/dicodusport.fr\/blog\/","name":"Dicodusport","description":"L&#039;encyclop\u00e9die de l&#039;actualit\u00e9 sportive","publisher":{"@id":"https:\/\/dicodusport.fr\/blog\/#organization"},"potentialAction":[{"@type":"SearchAction","target":{"@type":"EntryPoint","urlTemplate":"https:\/\/dicodusport.fr\/blog\/?s={search_term_string}"},"query-input":{"@type":"PropertyValueSpecification","valueRequired":true,"valueName":"search_term_string"}}],"inLanguage":"fr-FR"},{"@type":"NewsMediaOrganization","@id":"https:\/\/dicodusport.fr\/blog\/#organization","name":"Dicodusport","url":"https:\/\/dicodusport.fr\/blog\/","logo":{"@type":"ImageObject","inLanguage":"fr-FR","@id":"https:\/\/dicodusport.fr\/blog\/#\/schema\/logo\/image\/","url":"https:\/\/dicodusport.fr\/blog\/wp-content\/uploads\/2020\/06\/cropped-LOGO-DICODUSPORT-2020-SANS-FOND-SANS-TEXTE.png","contentUrl":"https:\/\/dicodusport.fr\/blog\/wp-content\/uploads\/2020\/06\/cropped-LOGO-DICODUSPORT-2020-SANS-FOND-SANS-TEXTE.png","width":512,"height":512,"caption":"Dicodusport"},"image":{"@id":"https:\/\/dicodusport.fr\/blog\/#\/schema\/logo\/image\/"},"sameAs":["https:\/\/www.facebook.com\/dicodusport","https:\/\/x.com\/dicodusport","https:\/\/www.instagram.com\/dicodusport\/","https:\/\/www.youtube.com\/channel\/UC7V2KZ5sd3htJivAbA4ZG3w"],"description":"Dicodusport est l'encyclop\u00e9die de l'actualit\u00e9 sportive.","email":"bonjour@dicodusport.fr","legalName":"DICODUSPORT","foundingDate":"2018-01-14","vatID":"FR71834470973","taxID":"83447097300043","numberOfEmployees":{"@type":"QuantitativeValue","minValue":"1","maxValue":"10"}},{"@type":"Person","@id":"https:\/\/dicodusport.fr\/blog\/#\/schema\/person\/cb02af4c173ce4a653b55e9baf388d4a","name":"Flo Ostermann","image":{"@type":"ImageObject","inLanguage":"fr-FR","@id":"https:\/\/dicodusport.fr\/blog\/#\/schema\/person\/image\/","url":"https:\/\/dicodusport.fr\/blog\/wp-content\/uploads\/2021\/05\/Flo-Ostermann-150x150.jpg","contentUrl":"https:\/\/dicodusport.fr\/blog\/wp-content\/uploads\/2021\/05\/Flo-Ostermann-150x150.jpg","caption":"Flo Ostermann"},"description":"Journaliste\/R\u00e9dacteur depuis septembre 2015 - Mes premiers souvenirs dans le sport ? Les envol\u00e9es du Stade Toulousain et les duels Villeneuve-Schumacher et H\u00e4kkinen-Schumacher \u00e0 la fin des ann\u00e9es 90, la Coupe du monde de football en 1998, l\u2019exploit du XV de France face aux All Blacks en 1999, mais aussi Richard C\u0153ur de Lion qui vole sur les montagnes du Tour de France. Bien parti pour devenir professeur d\u2019EPS, les \u00e9v\u00e9nements de la vie (et la flemme d\u2019animer des s\u00e9ances de 3x500 m\u00e8tres toute ma vie) m\u2019ont conduit \u00e0 revoir mes plans. Me voil\u00e0 depuis fin 2017 sur Dicodusport, m\u00e9dia gr\u00e2ce (et pour) lequel je partage ma passion : le sport dans tous ses \u00e9tats. Le tout accompagn\u00e9 par les fous furieux et folles furieuses cit\u00e9s sur cette page !","sameAs":["https:\/\/www.facebook.com\/florent.ostermann","https:\/\/x.com\/https:\/\/twitter.com\/FlOstermann","admin"],"url":"https:\/\/dicodusport.fr\/blog\/author\/flo\/"}]}},"_links":{"self":[{"href":"https:\/\/dicodusport.fr\/blog\/wp-json\/wp\/v2\/posts\/237755","targetHints":{"allow":["GET"]}}],"collection":[{"href":"https:\/\/dicodusport.fr\/blog\/wp-json\/wp\/v2\/posts"}],"about":[{"href":"https:\/\/dicodusport.fr\/blog\/wp-json\/wp\/v2\/types\/post"}],"author":[{"embeddable":true,"href":"https:\/\/dicodusport.fr\/blog\/wp-json\/wp\/v2\/users\/4"}],"replies":[{"embeddable":true,"href":"https:\/\/dicodusport.fr\/blog\/wp-json\/wp\/v2\/comments?post=237755"}],"version-history":[{"count":0,"href":"https:\/\/dicodusport.fr\/blog\/wp-json\/wp\/v2\/posts\/237755\/revisions"}],"wp:featuredmedia":[{"embeddable":true,"href":"https:\/\/dicodusport.fr\/blog\/wp-json\/wp\/v2\/media\/237837"}],"wp:attachment":[{"href":"https:\/\/dicodusport.fr\/blog\/wp-json\/wp\/v2\/media?parent=237755"}],"wp:term":[{"taxonomy":"category","embeddable":true,"href":"https:\/\/dicodusport.fr\/blog\/wp-json\/wp\/v2\/categories?post=237755"},{"taxonomy":"post_tag","embeddable":true,"href":"https:\/\/dicodusport.fr\/blog\/wp-json\/wp\/v2\/tags?post=237755"}],"curies":[{"name":"wp","href":"https:\/\/api.w.org\/{rel}","templated":true}]}}