{"id":237814,"date":"2022-06-27T14:38:33","date_gmt":"2022-06-27T12:38:33","guid":{"rendered":"https:\/\/dicodusport.fr\/blog\/?p=237814"},"modified":"2022-06-27T22:59:15","modified_gmt":"2022-06-27T20:59:15","slug":"mondiaux-en-eau-libre-aurelie-muller-vice-championne-du-monde-du-5-km","status":"publish","type":"post","link":"https:\/\/dicodusport.fr\/blog\/mondiaux-en-eau-libre-aurelie-muller-vice-championne-du-monde-du-5-km\/","title":{"rendered":"Mondiaux en eau libre : Aur\u00e9lie Muller vice-championne du monde du 5 km"},"content":{"rendered":"<p style=\"text-align: justify;\"><strong><em><a href=\"https:\/\/dicodusport.fr\/blog\/calendrier-et-resultats-championnats-du-monde-de-natation-2022\/\">CHAMPIONNATS DU MONDE DE NATATION EN EAU LIBRE<\/a> &#8211; Nouvelle m\u00e9daille mondiale pour la natation fran\u00e7aise. Aujourd&rsquo;hui d\u00e9butaient les \u00e9preuves de nage en eau libre individuelles dans le Lupa Lake. D\u00e9j\u00e0 triplement m\u00e9daill\u00e9e \u00e0 Budapest en 2017, Aur\u00e9lie Muller a fait perdurer les bonnes habitudes.<\/em><\/strong><\/p>\n<h2 style=\"text-align: justify;\">Quatri\u00e8me fois en argent sur le 5 km<\/h2>\n<p style=\"text-align: justify;\">Il s&rsquo;en est fallu de peu pour qu&rsquo;<strong>Aur\u00e9lie Muller<\/strong> parvienne enfin \u00e0 d\u00e9crocher le titre qui lui manque et qui se refuse \u00e0 elle depuis plus de dix ans. Au pied du podium avec le relais mixte dimanche, elle avait d\u00e9j\u00e0 sign\u00e9 une grande performance en \u00e9tant la deuxi\u00e8me nageuse la plus rapide de son groupe. Jamais titr\u00e9e sur la plus petite des distances en eau libre, la prot\u00e9g\u00e9e de<strong> Philippe Lucas<\/strong> faisait partie des noms \u00e0 surveiller parmi les favorites. Dans le bon groupe tout au long de la course en compagnie de l&rsquo;Allemande <strong>L\u00e9onie Beck<\/strong>, titr\u00e9e en relais et de la Br\u00e9silienne <strong>Ana Marcela Cunha<\/strong>, championne olympique sur 10 km, la Fran\u00e7aise a suivi la bonne vague dans le final.<\/p>\n<p style=\"text-align: justify;\">A la lutte pour l&rsquo;or jusque dans l&rsquo;aire d&rsquo;arriv\u00e9e, Muller tape la plaque 90 centi\u00e8mes derri\u00e8re la tenante du titre br\u00e9silienne et s&rsquo;offre une sixi\u00e8me m\u00e9daille mondiale individuelle. L&rsquo;Italienne <strong>Giulia Gabbrielleschi<\/strong> remporte le bronze. Apr\u00e8s 2011, 2017\u00a0 et 2019, c&rsquo;est la quatri\u00e8me fois, la troisi\u00e8me de suite, qu&rsquo;elle est vice-championne du monde de la distance. On la retrouvera mercredi, sur le 10 km, sa sp\u00e9cialit\u00e9 dont elle est d\u00e9j\u00e0 double championne du monde. Ce matin, c&rsquo;est <strong>Florian Wellbrock<\/strong> qui a remport\u00e9 la course masculine devant <strong>Gregorio Paltrinieri<\/strong> et <strong>Mykha\u00eflo Romanchuk<\/strong>. <strong>Marc-Antoine Olivier<\/strong> et <strong>Logan Fontaine<\/strong> terminent respectivement 5\u00e8me et 6\u00e8me.<\/p>\n<blockquote class=\"twitter-tweet\">\n<p dir=\"ltr\" lang=\"fr\"><a href=\"https:\/\/twitter.com\/hashtag\/EnDirect?src=hash&amp;ref_src=twsrc%5Etfw\">#EnDirect<\/a> <a href=\"https:\/\/twitter.com\/hashtag\/Budapest2022?src=hash&amp;ref_src=twsrc%5Etfw\">#Budapest2022<\/a> <a href=\"https:\/\/twitter.com\/hashtag\/EauLibre?src=hash&amp;ref_src=twsrc%5Etfw\">#EauLibre<\/a><a href=\"https:\/\/twitter.com\/Aure_Muller?ref_src=twsrc%5Etfw\">@Aure_Muller<\/a> est vice-championne du monde du 5km &#x1f948;&#x1f1eb;&#x1f1f7; Elle ouvre le compteur des m\u00e9dailles de l\u2019\u00e9quipe de France Eau Libre ! BRAVO <a href=\"https:\/\/twitter.com\/Aure_Muller?ref_src=twsrc%5Etfw\">@Aure_Muller<\/a> &#x1f44f;&#x1f3fc;<a href=\"https:\/\/twitter.com\/hashtag\/TeamFrance?src=hash&amp;ref_src=twsrc%5Etfw\">#TeamFrance<\/a> <a href=\"https:\/\/twitter.com\/hashtag\/TeamFFN?src=hash&amp;ref_src=twsrc%5Etfw\">#TeamFFN<\/a><a href=\"https:\/\/twitter.com\/stephane_lecat?ref_src=twsrc%5Etfw\">@stephane_lecat<\/a> <a href=\"https:\/\/t.co\/0jRO1VcTnx\">pic.twitter.com\/0jRO1VcTnx<\/a><\/p>\n<p>\u2014 FFN (@FFNatation) <a href=\"https:\/\/twitter.com\/FFNatation\/status\/1541382154525020161?ref_src=twsrc%5Etfw\">June 27, 2022<\/a><\/p><\/blockquote>\n<p><script async src=\"https:\/\/platform.twitter.com\/widgets.js\" charset=\"utf-8\"><\/script><\/p>\n","protected":false},"excerpt":{"rendered":"<p>CHAMPIONNATS DU MONDE DE NATATION EN EAU LIBRE &#8211; Nouvelle m\u00e9daille mondiale pour la natation fran\u00e7aise. Aujourd&rsquo;hui d\u00e9butaient les \u00e9preuves de nage en eau libre individuelles dans le Lupa Lake. D\u00e9j\u00e0 triplement m\u00e9daill\u00e9e \u00e0 Budapest en 2017, Aur\u00e9lie Muller a fait perdurer les bonnes habitudes.<\/p>\n","protected":false},"author":43,"featured_media":237831,"comment_status":"open","ping_status":"closed","sticky":false,"template":"","format":"standard","meta":{"_acf_changed":false,"_daextam_enable_autolinks":"","footnotes":""},"categories":[2306],"tags":[1342,1414],"class_list":["post-237814","post","type-post","status-publish","format-standard","has-post-thumbnail","hentry","category-natation","tag-aurelie-muller","tag-eau-libre"],"acf":[],"yoast_head":"<!-- This site is optimized with the Yoast SEO Premium plugin v26.7 (Yoast SEO v26.7) - https:\/\/yoast.com\/wordpress\/plugins\/seo\/ -->\n<title>Mondiaux en eau libre : Aur\u00e9lie Muller vice-championne du monde du 5 km<\/title>\n<meta name=\"description\" content=\"CHAMPIONNATS DU MONDE DE NATATION EN EAU LIBRE - Nouvelle m\u00e9daille mondiale pour la natation fran\u00e7aise, avec Aur\u00e9lie Muller sur le 5 km.\" \/>\n<meta name=\"robots\" content=\"index, follow, max-snippet:-1, max-image-preview:large, max-video-preview:-1\" \/>\n<link rel=\"canonical\" href=\"https:\/\/dicodusport.fr\/blog\/mondiaux-en-eau-libre-aurelie-muller-vice-championne-du-monde-du-5-km\/\" \/>\n<meta property=\"og:locale\" content=\"fr_FR\" \/>\n<meta property=\"og:type\" content=\"article\" \/>\n<meta property=\"og:title\" content=\"Mondiaux en eau libre : Aur\u00e9lie Muller vice-championne du monde du 5 km\" \/>\n<meta property=\"og:description\" content=\"CHAMPIONNATS DU MONDE DE NATATION EN EAU LIBRE - Nouvelle m\u00e9daille mondiale pour la natation fran\u00e7aise, avec Aur\u00e9lie Muller sur le 5 km.\" \/>\n<meta property=\"og:url\" content=\"https:\/\/dicodusport.fr\/blog\/mondiaux-en-eau-libre-aurelie-muller-vice-championne-du-monde-du-5-km\/\" \/>\n<meta property=\"og:site_name\" content=\"Dicodusport\" \/>\n<meta property=\"article:publisher\" content=\"https:\/\/www.facebook.com\/dicodusport\" \/>\n<meta property=\"article:author\" content=\"https:\/\/www.facebook.com\/Max.Bld2\/\" \/>\n<meta property=\"article:published_time\" content=\"2022-06-27T12:38:33+00:00\" \/>\n<meta property=\"article:modified_time\" content=\"2022-06-27T20:59:15+00:00\" \/>\n<meta property=\"og:image\" content=\"https:\/\/dicodusport.fr\/blog\/wp-content\/uploads\/2022\/06\/Mondiaux-en-eau-libre-Aurelie-Muller-vice-championne-du-monde-du-5-km.png\" \/>\n\t<meta property=\"og:image:width\" content=\"800\" \/>\n\t<meta property=\"og:image:height\" content=\"445\" \/>\n\t<meta property=\"og:image:type\" content=\"image\/png\" \/>\n<meta name=\"author\" content=\"Maxime Boulard\" \/>\n<meta name=\"twitter:card\" content=\"summary_large_image\" \/>\n<meta name=\"twitter:title\" content=\"Mondiaux en eau libre : Aur\u00e9lie Muller vice-championne du monde du 5 km\" \/>\n<meta name=\"twitter:creator\" content=\"@https:\/\/twitter.com\/MaximeB_2\" \/>\n<meta name=\"twitter:site\" content=\"@dicodusport\" \/>\n<script type=\"application\/ld+json\" class=\"yoast-schema-graph\">{\"@context\":\"https:\/\/schema.org\",\"@graph\":[{\"@type\":\"NewsArticle\",\"@id\":\"https:\/\/dicodusport.fr\/blog\/mondiaux-en-eau-libre-aurelie-muller-vice-championne-du-monde-du-5-km\/#article\",\"isPartOf\":{\"@id\":\"https:\/\/dicodusport.fr\/blog\/mondiaux-en-eau-libre-aurelie-muller-vice-championne-du-monde-du-5-km\/\"},\"author\":{\"name\":\"Maxime Boulard\",\"@id\":\"https:\/\/dicodusport.fr\/blog\/#\/schema\/person\/5aab10ee856e86ac63e9819a9da34784\"},\"headline\":\"Mondiaux en eau libre : Aur\u00e9lie Muller vice-championne du monde du 5 km\",\"datePublished\":\"2022-06-27T12:38:33+00:00\",\"dateModified\":\"2022-06-27T20:59:15+00:00\",\"mainEntityOfPage\":{\"@id\":\"https:\/\/dicodusport.fr\/blog\/mondiaux-en-eau-libre-aurelie-muller-vice-championne-du-monde-du-5-km\/\"},\"wordCount\":372,\"commentCount\":0,\"publisher\":{\"@id\":\"https:\/\/dicodusport.fr\/blog\/#organization\"},\"image\":{\"@id\":\"https:\/\/dicodusport.fr\/blog\/mondiaux-en-eau-libre-aurelie-muller-vice-championne-du-monde-du-5-km\/#primaryimage\"},\"thumbnailUrl\":\"https:\/\/dicodusport.fr\/blog\/wp-content\/uploads\/2022\/06\/Mondiaux-en-eau-libre-Aurelie-Muller-vice-championne-du-monde-du-5-km.png\",\"keywords\":[\"Aur\u00e9lie Muller\",\"Eau libre\"],\"articleSection\":[\"Natation\"],\"inLanguage\":\"fr-FR\",\"potentialAction\":[{\"@type\":\"CommentAction\",\"name\":\"Comment\",\"target\":[\"https:\/\/dicodusport.fr\/blog\/mondiaux-en-eau-libre-aurelie-muller-vice-championne-du-monde-du-5-km\/#respond\"]}],\"copyrightYear\":\"2022\",\"copyrightHolder\":{\"@id\":\"https:\/\/dicodusport.fr\/blog\/#organization\"}},{\"@type\":\"WebPage\",\"@id\":\"https:\/\/dicodusport.fr\/blog\/mondiaux-en-eau-libre-aurelie-muller-vice-championne-du-monde-du-5-km\/\",\"url\":\"https:\/\/dicodusport.fr\/blog\/mondiaux-en-eau-libre-aurelie-muller-vice-championne-du-monde-du-5-km\/\",\"name\":\"Mondiaux en eau libre : Aur\u00e9lie Muller vice-championne du monde du 5 km\",\"isPartOf\":{\"@id\":\"https:\/\/dicodusport.fr\/blog\/#website\"},\"primaryImageOfPage\":{\"@id\":\"https:\/\/dicodusport.fr\/blog\/mondiaux-en-eau-libre-aurelie-muller-vice-championne-du-monde-du-5-km\/#primaryimage\"},\"image\":{\"@id\":\"https:\/\/dicodusport.fr\/blog\/mondiaux-en-eau-libre-aurelie-muller-vice-championne-du-monde-du-5-km\/#primaryimage\"},\"thumbnailUrl\":\"https:\/\/dicodusport.fr\/blog\/wp-content\/uploads\/2022\/06\/Mondiaux-en-eau-libre-Aurelie-Muller-vice-championne-du-monde-du-5-km.png\",\"datePublished\":\"2022-06-27T12:38:33+00:00\",\"dateModified\":\"2022-06-27T20:59:15+00:00\",\"description\":\"CHAMPIONNATS DU MONDE DE NATATION EN EAU LIBRE - Nouvelle m\u00e9daille mondiale pour la natation fran\u00e7aise, avec Aur\u00e9lie Muller sur le 5 km.\",\"breadcrumb\":{\"@id\":\"https:\/\/dicodusport.fr\/blog\/mondiaux-en-eau-libre-aurelie-muller-vice-championne-du-monde-du-5-km\/#breadcrumb\"},\"inLanguage\":\"fr-FR\",\"potentialAction\":[{\"@type\":\"ReadAction\",\"target\":[\"https:\/\/dicodusport.fr\/blog\/mondiaux-en-eau-libre-aurelie-muller-vice-championne-du-monde-du-5-km\/\"]}]},{\"@type\":\"ImageObject\",\"inLanguage\":\"fr-FR\",\"@id\":\"https:\/\/dicodusport.fr\/blog\/mondiaux-en-eau-libre-aurelie-muller-vice-championne-du-monde-du-5-km\/#primaryimage\",\"url\":\"https:\/\/dicodusport.fr\/blog\/wp-content\/uploads\/2022\/06\/Mondiaux-en-eau-libre-Aurelie-Muller-vice-championne-du-monde-du-5-km.png\",\"contentUrl\":\"https:\/\/dicodusport.fr\/blog\/wp-content\/uploads\/2022\/06\/Mondiaux-en-eau-libre-Aurelie-Muller-vice-championne-du-monde-du-5-km.png\",\"width\":800,\"height\":445,\"caption\":\"Mondiaux en eau libre Aur\u00e9lie Muller vice-championne du monde du 5 km\"},{\"@type\":\"BreadcrumbList\",\"@id\":\"https:\/\/dicodusport.fr\/blog\/mondiaux-en-eau-libre-aurelie-muller-vice-championne-du-monde-du-5-km\/#breadcrumb\",\"itemListElement\":[{\"@type\":\"ListItem\",\"position\":1,\"name\":\"Accueil\",\"item\":\"https:\/\/dicodusport.fr\/blog\/\"},{\"@type\":\"ListItem\",\"position\":2,\"name\":\"Mondiaux en eau libre : Aur\u00e9lie Muller vice-championne du monde du 5 km\"}]},{\"@type\":\"WebSite\",\"@id\":\"https:\/\/dicodusport.fr\/blog\/#website\",\"url\":\"https:\/\/dicodusport.fr\/blog\/\",\"name\":\"Dicodusport\",\"description\":\"L&#039;encyclop\u00e9die de l&#039;actualit\u00e9 sportive\",\"publisher\":{\"@id\":\"https:\/\/dicodusport.fr\/blog\/#organization\"},\"potentialAction\":[{\"@type\":\"SearchAction\",\"target\":{\"@type\":\"EntryPoint\",\"urlTemplate\":\"https:\/\/dicodusport.fr\/blog\/?s={search_term_string}\"},\"query-input\":{\"@type\":\"PropertyValueSpecification\",\"valueRequired\":true,\"valueName\":\"search_term_string\"}}],\"inLanguage\":\"fr-FR\"},{\"@type\":\"NewsMediaOrganization\",\"@id\":\"https:\/\/dicodusport.fr\/blog\/#organization\",\"name\":\"Dicodusport\",\"url\":\"https:\/\/dicodusport.fr\/blog\/\",\"logo\":{\"@type\":\"ImageObject\",\"inLanguage\":\"fr-FR\",\"@id\":\"https:\/\/dicodusport.fr\/blog\/#\/schema\/logo\/image\/\",\"url\":\"https:\/\/dicodusport.fr\/blog\/wp-content\/uploads\/2020\/06\/cropped-LOGO-DICODUSPORT-2020-SANS-FOND-SANS-TEXTE.png\",\"contentUrl\":\"https:\/\/dicodusport.fr\/blog\/wp-content\/uploads\/2020\/06\/cropped-LOGO-DICODUSPORT-2020-SANS-FOND-SANS-TEXTE.png\",\"width\":512,\"height\":512,\"caption\":\"Dicodusport\"},\"image\":{\"@id\":\"https:\/\/dicodusport.fr\/blog\/#\/schema\/logo\/image\/\"},\"sameAs\":[\"https:\/\/www.facebook.com\/dicodusport\",\"https:\/\/x.com\/dicodusport\",\"https:\/\/www.instagram.com\/dicodusport\/\",\"https:\/\/www.youtube.com\/channel\/UC7V2KZ5sd3htJivAbA4ZG3w\"],\"description\":\"Dicodusport est l'encyclop\u00e9die de l'actualit\u00e9 sportive.\",\"email\":\"bonjour@dicodusport.fr\",\"legalName\":\"DICODUSPORT\",\"foundingDate\":\"2018-01-14\",\"vatID\":\"FR71834470973\",\"taxID\":\"83447097300043\",\"numberOfEmployees\":{\"@type\":\"QuantitativeValue\",\"minValue\":\"1\",\"maxValue\":\"10\"}},{\"@type\":\"Person\",\"@id\":\"https:\/\/dicodusport.fr\/blog\/#\/schema\/person\/5aab10ee856e86ac63e9819a9da34784\",\"name\":\"Maxime Boulard\",\"image\":{\"@type\":\"ImageObject\",\"inLanguage\":\"fr-FR\",\"@id\":\"https:\/\/dicodusport.fr\/blog\/#\/schema\/person\/image\/\",\"url\":\"https:\/\/dicodusport.fr\/blog\/wp-content\/uploads\/2021\/05\/Maxime-Boulard-150x150.jpg\",\"contentUrl\":\"https:\/\/dicodusport.fr\/blog\/wp-content\/uploads\/2021\/05\/Maxime-Boulard-150x150.jpg\",\"caption\":\"Maxime Boulard\"},\"description\":\"Journaliste\/r\u00e9dacteur depuis octobre 2020 - Si mon plus vieux souvenir de sport aurait pu m'en d\u00e9go\u00fbter, la finale de la Coupe du monde 2006 a \u00e9t\u00e9 tout le contraire. V\u00e9ritable d\u00e9clencheur d'une passion qui aujourd'hui ne fait que grandir avec le temps, mon leitmotiv est la France qui brille ! Je relate les exploits pass\u00e9s et pr\u00e9sents du sport bleu-blanc-rouge sans m\u00e9nagement depuis octobre 2020. Sport valide ou handisport, aucune diff\u00e9rence, il n'y a que du sport et plusieurs fa\u00e7ons de le pratiquer.\",\"sameAs\":[\"https:\/\/www.facebook.com\/Max.Bld2\/\",\"https:\/\/x.com\/https:\/\/twitter.com\/MaximeB_2\"],\"url\":\"https:\/\/dicodusport.fr\/blog\/author\/maxime-b\/\"}]}<\/script>\n<!-- \/ Yoast SEO Premium plugin. -->","yoast_head_json":{"title":"Mondiaux en eau libre : Aur\u00e9lie Muller vice-championne du monde du 5 km","description":"CHAMPIONNATS DU MONDE DE NATATION EN EAU LIBRE - Nouvelle m\u00e9daille mondiale pour la natation fran\u00e7aise, avec Aur\u00e9lie Muller sur le 5 km.","robots":{"index":"index","follow":"follow","max-snippet":"max-snippet:-1","max-image-preview":"max-image-preview:large","max-video-preview":"max-video-preview:-1"},"canonical":"https:\/\/dicodusport.fr\/blog\/mondiaux-en-eau-libre-aurelie-muller-vice-championne-du-monde-du-5-km\/","og_locale":"fr_FR","og_type":"article","og_title":"Mondiaux en eau libre : Aur\u00e9lie Muller vice-championne du monde du 5 km","og_description":"CHAMPIONNATS DU MONDE DE NATATION EN EAU LIBRE - Nouvelle m\u00e9daille mondiale pour la natation fran\u00e7aise, avec Aur\u00e9lie Muller sur le 5 km.","og_url":"https:\/\/dicodusport.fr\/blog\/mondiaux-en-eau-libre-aurelie-muller-vice-championne-du-monde-du-5-km\/","og_site_name":"Dicodusport","article_publisher":"https:\/\/www.facebook.com\/dicodusport","article_author":"https:\/\/www.facebook.com\/Max.Bld2\/","article_published_time":"2022-06-27T12:38:33+00:00","article_modified_time":"2022-06-27T20:59:15+00:00","og_image":[{"width":800,"height":445,"url":"https:\/\/dicodusport.fr\/blog\/wp-content\/uploads\/2022\/06\/Mondiaux-en-eau-libre-Aurelie-Muller-vice-championne-du-monde-du-5-km.png","type":"image\/png"}],"author":"Maxime Boulard","twitter_card":"summary_large_image","twitter_title":"Mondiaux en eau libre : Aur\u00e9lie Muller vice-championne du monde du 5 km","twitter_creator":"@https:\/\/twitter.com\/MaximeB_2","twitter_site":"@dicodusport","schema":{"@context":"https:\/\/schema.org","@graph":[{"@type":"NewsArticle","@id":"https:\/\/dicodusport.fr\/blog\/mondiaux-en-eau-libre-aurelie-muller-vice-championne-du-monde-du-5-km\/#article","isPartOf":{"@id":"https:\/\/dicodusport.fr\/blog\/mondiaux-en-eau-libre-aurelie-muller-vice-championne-du-monde-du-5-km\/"},"author":{"name":"Maxime Boulard","@id":"https:\/\/dicodusport.fr\/blog\/#\/schema\/person\/5aab10ee856e86ac63e9819a9da34784"},"headline":"Mondiaux en eau libre : Aur\u00e9lie Muller vice-championne du monde du 5 km","datePublished":"2022-06-27T12:38:33+00:00","dateModified":"2022-06-27T20:59:15+00:00","mainEntityOfPage":{"@id":"https:\/\/dicodusport.fr\/blog\/mondiaux-en-eau-libre-aurelie-muller-vice-championne-du-monde-du-5-km\/"},"wordCount":372,"commentCount":0,"publisher":{"@id":"https:\/\/dicodusport.fr\/blog\/#organization"},"image":{"@id":"https:\/\/dicodusport.fr\/blog\/mondiaux-en-eau-libre-aurelie-muller-vice-championne-du-monde-du-5-km\/#primaryimage"},"thumbnailUrl":"https:\/\/dicodusport.fr\/blog\/wp-content\/uploads\/2022\/06\/Mondiaux-en-eau-libre-Aurelie-Muller-vice-championne-du-monde-du-5-km.png","keywords":["Aur\u00e9lie Muller","Eau libre"],"articleSection":["Natation"],"inLanguage":"fr-FR","potentialAction":[{"@type":"CommentAction","name":"Comment","target":["https:\/\/dicodusport.fr\/blog\/mondiaux-en-eau-libre-aurelie-muller-vice-championne-du-monde-du-5-km\/#respond"]}],"copyrightYear":"2022","copyrightHolder":{"@id":"https:\/\/dicodusport.fr\/blog\/#organization"}},{"@type":"WebPage","@id":"https:\/\/dicodusport.fr\/blog\/mondiaux-en-eau-libre-aurelie-muller-vice-championne-du-monde-du-5-km\/","url":"https:\/\/dicodusport.fr\/blog\/mondiaux-en-eau-libre-aurelie-muller-vice-championne-du-monde-du-5-km\/","name":"Mondiaux en eau libre : Aur\u00e9lie Muller vice-championne du monde du 5 km","isPartOf":{"@id":"https:\/\/dicodusport.fr\/blog\/#website"},"primaryImageOfPage":{"@id":"https:\/\/dicodusport.fr\/blog\/mondiaux-en-eau-libre-aurelie-muller-vice-championne-du-monde-du-5-km\/#primaryimage"},"image":{"@id":"https:\/\/dicodusport.fr\/blog\/mondiaux-en-eau-libre-aurelie-muller-vice-championne-du-monde-du-5-km\/#primaryimage"},"thumbnailUrl":"https:\/\/dicodusport.fr\/blog\/wp-content\/uploads\/2022\/06\/Mondiaux-en-eau-libre-Aurelie-Muller-vice-championne-du-monde-du-5-km.png","datePublished":"2022-06-27T12:38:33+00:00","dateModified":"2022-06-27T20:59:15+00:00","description":"CHAMPIONNATS DU MONDE DE NATATION EN EAU LIBRE - Nouvelle m\u00e9daille mondiale pour la natation fran\u00e7aise, avec Aur\u00e9lie Muller sur le 5 km.","breadcrumb":{"@id":"https:\/\/dicodusport.fr\/blog\/mondiaux-en-eau-libre-aurelie-muller-vice-championne-du-monde-du-5-km\/#breadcrumb"},"inLanguage":"fr-FR","potentialAction":[{"@type":"ReadAction","target":["https:\/\/dicodusport.fr\/blog\/mondiaux-en-eau-libre-aurelie-muller-vice-championne-du-monde-du-5-km\/"]}]},{"@type":"ImageObject","inLanguage":"fr-FR","@id":"https:\/\/dicodusport.fr\/blog\/mondiaux-en-eau-libre-aurelie-muller-vice-championne-du-monde-du-5-km\/#primaryimage","url":"https:\/\/dicodusport.fr\/blog\/wp-content\/uploads\/2022\/06\/Mondiaux-en-eau-libre-Aurelie-Muller-vice-championne-du-monde-du-5-km.png","contentUrl":"https:\/\/dicodusport.fr\/blog\/wp-content\/uploads\/2022\/06\/Mondiaux-en-eau-libre-Aurelie-Muller-vice-championne-du-monde-du-5-km.png","width":800,"height":445,"caption":"Mondiaux en eau libre Aur\u00e9lie Muller vice-championne du monde du 5 km"},{"@type":"BreadcrumbList","@id":"https:\/\/dicodusport.fr\/blog\/mondiaux-en-eau-libre-aurelie-muller-vice-championne-du-monde-du-5-km\/#breadcrumb","itemListElement":[{"@type":"ListItem","position":1,"name":"Accueil","item":"https:\/\/dicodusport.fr\/blog\/"},{"@type":"ListItem","position":2,"name":"Mondiaux en eau libre : Aur\u00e9lie Muller vice-championne du monde du 5 km"}]},{"@type":"WebSite","@id":"https:\/\/dicodusport.fr\/blog\/#website","url":"https:\/\/dicodusport.fr\/blog\/","name":"Dicodusport","description":"L&#039;encyclop\u00e9die de l&#039;actualit\u00e9 sportive","publisher":{"@id":"https:\/\/dicodusport.fr\/blog\/#organization"},"potentialAction":[{"@type":"SearchAction","target":{"@type":"EntryPoint","urlTemplate":"https:\/\/dicodusport.fr\/blog\/?s={search_term_string}"},"query-input":{"@type":"PropertyValueSpecification","valueRequired":true,"valueName":"search_term_string"}}],"inLanguage":"fr-FR"},{"@type":"NewsMediaOrganization","@id":"https:\/\/dicodusport.fr\/blog\/#organization","name":"Dicodusport","url":"https:\/\/dicodusport.fr\/blog\/","logo":{"@type":"ImageObject","inLanguage":"fr-FR","@id":"https:\/\/dicodusport.fr\/blog\/#\/schema\/logo\/image\/","url":"https:\/\/dicodusport.fr\/blog\/wp-content\/uploads\/2020\/06\/cropped-LOGO-DICODUSPORT-2020-SANS-FOND-SANS-TEXTE.png","contentUrl":"https:\/\/dicodusport.fr\/blog\/wp-content\/uploads\/2020\/06\/cropped-LOGO-DICODUSPORT-2020-SANS-FOND-SANS-TEXTE.png","width":512,"height":512,"caption":"Dicodusport"},"image":{"@id":"https:\/\/dicodusport.fr\/blog\/#\/schema\/logo\/image\/"},"sameAs":["https:\/\/www.facebook.com\/dicodusport","https:\/\/x.com\/dicodusport","https:\/\/www.instagram.com\/dicodusport\/","https:\/\/www.youtube.com\/channel\/UC7V2KZ5sd3htJivAbA4ZG3w"],"description":"Dicodusport est l'encyclop\u00e9die de l'actualit\u00e9 sportive.","email":"bonjour@dicodusport.fr","legalName":"DICODUSPORT","foundingDate":"2018-01-14","vatID":"FR71834470973","taxID":"83447097300043","numberOfEmployees":{"@type":"QuantitativeValue","minValue":"1","maxValue":"10"}},{"@type":"Person","@id":"https:\/\/dicodusport.fr\/blog\/#\/schema\/person\/5aab10ee856e86ac63e9819a9da34784","name":"Maxime Boulard","image":{"@type":"ImageObject","inLanguage":"fr-FR","@id":"https:\/\/dicodusport.fr\/blog\/#\/schema\/person\/image\/","url":"https:\/\/dicodusport.fr\/blog\/wp-content\/uploads\/2021\/05\/Maxime-Boulard-150x150.jpg","contentUrl":"https:\/\/dicodusport.fr\/blog\/wp-content\/uploads\/2021\/05\/Maxime-Boulard-150x150.jpg","caption":"Maxime Boulard"},"description":"Journaliste\/r\u00e9dacteur depuis octobre 2020 - Si mon plus vieux souvenir de sport aurait pu m'en d\u00e9go\u00fbter, la finale de la Coupe du monde 2006 a \u00e9t\u00e9 tout le contraire. V\u00e9ritable d\u00e9clencheur d'une passion qui aujourd'hui ne fait que grandir avec le temps, mon leitmotiv est la France qui brille ! Je relate les exploits pass\u00e9s et pr\u00e9sents du sport bleu-blanc-rouge sans m\u00e9nagement depuis octobre 2020. Sport valide ou handisport, aucune diff\u00e9rence, il n'y a que du sport et plusieurs fa\u00e7ons de le pratiquer.","sameAs":["https:\/\/www.facebook.com\/Max.Bld2\/","https:\/\/x.com\/https:\/\/twitter.com\/MaximeB_2"],"url":"https:\/\/dicodusport.fr\/blog\/author\/maxime-b\/"}]}},"_links":{"self":[{"href":"https:\/\/dicodusport.fr\/blog\/wp-json\/wp\/v2\/posts\/237814","targetHints":{"allow":["GET"]}}],"collection":[{"href":"https:\/\/dicodusport.fr\/blog\/wp-json\/wp\/v2\/posts"}],"about":[{"href":"https:\/\/dicodusport.fr\/blog\/wp-json\/wp\/v2\/types\/post"}],"author":[{"embeddable":true,"href":"https:\/\/dicodusport.fr\/blog\/wp-json\/wp\/v2\/users\/43"}],"replies":[{"embeddable":true,"href":"https:\/\/dicodusport.fr\/blog\/wp-json\/wp\/v2\/comments?post=237814"}],"version-history":[{"count":0,"href":"https:\/\/dicodusport.fr\/blog\/wp-json\/wp\/v2\/posts\/237814\/revisions"}],"wp:featuredmedia":[{"embeddable":true,"href":"https:\/\/dicodusport.fr\/blog\/wp-json\/wp\/v2\/media\/237831"}],"wp:attachment":[{"href":"https:\/\/dicodusport.fr\/blog\/wp-json\/wp\/v2\/media?parent=237814"}],"wp:term":[{"taxonomy":"category","embeddable":true,"href":"https:\/\/dicodusport.fr\/blog\/wp-json\/wp\/v2\/categories?post=237814"},{"taxonomy":"post_tag","embeddable":true,"href":"https:\/\/dicodusport.fr\/blog\/wp-json\/wp\/v2\/tags?post=237814"}],"curies":[{"name":"wp","href":"https:\/\/api.w.org\/{rel}","templated":true}]}}