{"id":237834,"date":"2022-06-27T17:27:38","date_gmt":"2022-06-27T15:27:38","guid":{"rendered":"https:\/\/dicodusport.fr\/blog\/?p=237834"},"modified":"2022-06-27T23:01:01","modified_gmt":"2022-06-27T21:01:01","slug":"jeux-mediterraneens-d-oran-2022-premieres-medailles-pour-lequipe-de-france","status":"publish","type":"post","link":"https:\/\/dicodusport.fr\/blog\/jeux-mediterraneens-d-oran-2022-premieres-medailles-pour-lequipe-de-france\/","title":{"rendered":"Jeux M\u00e9diterran\u00e9ens d&rsquo;Oran 2022 : Premi\u00e8res m\u00e9dailles pour l&rsquo;\u00e9quipe de France"},"content":{"rendered":"<p style=\"text-align: justify;\"><strong><em>JEUX M\u00c9DITERRAN\u00c9ENS D&rsquo;ORAN 2022 &#8211; Hier d\u00e9butaient les 19\u00e8mes Jeux M\u00e9diterran\u00e9ens \u00e0 Oran (Alg\u00e9rie). Au terme de la premi\u00e8re journ\u00e9e, deux m\u00e9dailles sont venues ouvrir le compteur bleu. Par encore d&rsquo;or mais des finales \u00e0 venir.<\/em><\/strong><\/p>\n<h2 style=\"text-align: justify;\">Du bronze et de l&rsquo;argent pour commencer<\/h2>\n<p style=\"text-align: justify;\">Engag\u00e9 dans la cat\u00e9gorie des moins de 60 kg, le karat\u00e9ka <strong>Rayyan M\u00e9ziane<\/strong> aura eu l&rsquo;honneur d&rsquo;\u00eatre le premier m\u00e9daill\u00e9 fran\u00e7ais cette ann\u00e9e. Arriv\u00e9 en quarts de finale contre l&rsquo;Alg\u00e9rien <strong>Ala Salmi<\/strong>, il s&rsquo;incline de peu, 2-1. Une d\u00e9faite qui ne lui permettra pas de jouer la m\u00e9daille d&rsquo;or, mais du bronze est alors encore possible. D&rsquo;abord en rep\u00eachages, il se d\u00e9fait du Slov\u00e8ne <strong>Niklas Tamse Marinic<\/strong> sur le plus petit des scores et continue l&rsquo;aventure pour monter sur le podium. Cette fois, une victoire et c&rsquo;est la m\u00e9daille. Oppos\u00e9 \u00e0 l&rsquo;Italien <strong>Angelo Crescenzo<\/strong>, le Fran\u00e7ais n&rsquo;\u00e9tait pas vraiment favori. En effet, il avait en face de lui ni plus ni moins que le champion du monde 2018 et vice-champion du monde 2021. Et pourtant, dans un match ferm\u00e9, c&rsquo;est le tTricolore qui l&#8217;emporte sur le score de 2 \u00e0 0.<\/p>\n<p style=\"text-align: justify;\">La deuxi\u00e8me m\u00e9daille est venue de la gymnastique. L&rsquo;\u00e9quipe f\u00e9minine compos\u00e9e de <strong>Lorette Charpy<\/strong>, <strong>Carolann H\u00e9duit<\/strong>, <strong>Djenna Laroui<\/strong>, <strong>C\u00e9lia Serber<\/strong> et <strong>Morgane Osyssek<\/strong> est all\u00e9e chercher la m\u00e9daille d&rsquo;argent du concours. \u00c0 la lutte avec l&rsquo;Italie pour la premi\u00e8re place, la blessure de Lorette Charpy aura quelque peu perturb\u00e9 ses co\u00e9quipi\u00e8res. Une d\u00e9concentration toute relative puisqu&rsquo;elles conserveront brillamment la deuxi\u00e8me place avec plus de 8 points d&rsquo;avance sur l&rsquo;Espagne. On retrouvera H\u00e9duit et Charpy (si sa blessure le lui permet) en finale du concours g\u00e9n\u00e9ral, qualifi\u00e9es respectivement en 3\u00e8me et 4\u00e8me position.<\/p>\n<blockquote class=\"twitter-tweet\">\n<p dir=\"ltr\" lang=\"fr\">&#x1f948;&#x1f949; La m\u00e9daille d\u2019argent pour l\u2019\u00e9quipe f\u00e9minine de gymnastique artistique et une belle 3e marche du podium pour un espoir du karat\u00e9 fran\u00e7ais, Rayyan Meziane en kumit\u00e9 -60kg, voici le r\u00e9sum\u00e9 de ce dimanche de Jeux M\u00e9diterran\u00e9ens pour l\u2019\u00e9quipe de France &#x2935;&#xfe0f;<a href=\"https:\/\/t.co\/cfPdZ3vJwt\">https:\/\/t.co\/cfPdZ3vJwt<\/a> <a href=\"https:\/\/t.co\/jrfXVqKs0v\">pic.twitter.com\/jrfXVqKs0v<\/a><\/p>\n<p>\u2014 FranceOlympique (@FranceOlympique) <a href=\"https:\/\/twitter.com\/FranceOlympique\/status\/1541205889201364992?ref_src=twsrc%5Etfw\">June 26, 2022<\/a><\/p><\/blockquote>\n<p><script async src=\"https:\/\/platform.twitter.com\/widgets.js\" charset=\"utf-8\"><\/script><\/p>\n","protected":false},"excerpt":{"rendered":"<p>JEUX M\u00c9DITERRAN\u00c9ENS D&rsquo;ORAN 2022 &#8211; Hier d\u00e9butaient les 19\u00e8mes Jeux M\u00e9diterran\u00e9ens \u00e0 Oran (Alg\u00e9rie). Au terme de celle-ci, deux m\u00e9dailles sont venues ouvrir le compteur bleu. Par encore d&rsquo;or mais des finales \u00e0 venir.<\/p>\n","protected":false},"author":43,"featured_media":237867,"comment_status":"open","ping_status":"closed","sticky":false,"template":"","format":"standard","meta":{"_acf_changed":false,"_daextam_enable_autolinks":"","footnotes":""},"categories":[2366],"tags":[391,537],"class_list":["post-237834","post","type-post","status-publish","format-standard","has-post-thumbnail","hentry","category-multisports","tag-gymnastique","tag-karate"],"acf":[],"yoast_head":"<!-- This site is optimized with the Yoast SEO Premium plugin v26.7 (Yoast SEO v26.7) - https:\/\/yoast.com\/wordpress\/plugins\/seo\/ -->\n<title>Jeux M\u00e9diterran\u00e9ens d&#039;Oran 2022 : Premi\u00e8res m\u00e9dailles pour l&#039;\u00e9quipe de France<\/title>\n<meta name=\"description\" content=\"Premi\u00e8res m\u00e9dailles pour les Fran\u00e7ais en Alg\u00e9rie. Le karat\u00e9 et la gymnastique apportent les premi\u00e8res m\u00e9dailles des Jeux M\u00e9diterran\u00e9ens.\" \/>\n<meta name=\"robots\" content=\"index, follow, max-snippet:-1, max-image-preview:large, max-video-preview:-1\" \/>\n<link rel=\"canonical\" href=\"https:\/\/dicodusport.fr\/blog\/jeux-mediterraneens-d-oran-2022-premieres-medailles-pour-lequipe-de-france\/\" \/>\n<meta property=\"og:locale\" content=\"fr_FR\" \/>\n<meta property=\"og:type\" content=\"article\" \/>\n<meta property=\"og:title\" content=\"Jeux M\u00e9diterran\u00e9ens d&#039;Oran 2022 : Premi\u00e8res m\u00e9dailles pour l&#039;\u00e9quipe de France\" \/>\n<meta property=\"og:description\" content=\"Premi\u00e8res m\u00e9dailles pour les Fran\u00e7ais en Alg\u00e9rie. Le karat\u00e9 et la gymnastique apportent les premi\u00e8res m\u00e9dailles des Jeux M\u00e9diterran\u00e9ens.\" \/>\n<meta property=\"og:url\" content=\"https:\/\/dicodusport.fr\/blog\/jeux-mediterraneens-d-oran-2022-premieres-medailles-pour-lequipe-de-france\/\" \/>\n<meta property=\"og:site_name\" content=\"Dicodusport\" \/>\n<meta property=\"article:publisher\" content=\"https:\/\/www.facebook.com\/dicodusport\" \/>\n<meta property=\"article:author\" content=\"https:\/\/www.facebook.com\/Max.Bld2\/\" \/>\n<meta property=\"article:published_time\" content=\"2022-06-27T15:27:38+00:00\" \/>\n<meta property=\"article:modified_time\" content=\"2022-06-27T21:01:01+00:00\" \/>\n<meta property=\"og:image\" content=\"https:\/\/dicodusport.fr\/blog\/wp-content\/uploads\/2022\/06\/Jeux-Mediterraneens-dOran-2022-Premieres-medailles-pour-lequipe-de-France.png\" \/>\n\t<meta property=\"og:image:width\" content=\"800\" \/>\n\t<meta property=\"og:image:height\" content=\"445\" \/>\n\t<meta property=\"og:image:type\" content=\"image\/png\" \/>\n<meta name=\"author\" content=\"Maxime Boulard\" \/>\n<meta name=\"twitter:card\" content=\"summary_large_image\" \/>\n<meta name=\"twitter:title\" content=\"Jeux M\u00e9diterran\u00e9ens d&#039;Oran 2022 : Premi\u00e8res m\u00e9dailles pour l&#039;\u00e9quipe de France\" \/>\n<meta name=\"twitter:creator\" content=\"@https:\/\/twitter.com\/MaximeB_2\" \/>\n<meta name=\"twitter:site\" content=\"@dicodusport\" \/>\n<script type=\"application\/ld+json\" class=\"yoast-schema-graph\">{\"@context\":\"https:\/\/schema.org\",\"@graph\":[{\"@type\":\"NewsArticle\",\"@id\":\"https:\/\/dicodusport.fr\/blog\/jeux-mediterraneens-d-oran-2022-premieres-medailles-pour-lequipe-de-france\/#article\",\"isPartOf\":{\"@id\":\"https:\/\/dicodusport.fr\/blog\/jeux-mediterraneens-d-oran-2022-premieres-medailles-pour-lequipe-de-france\/\"},\"author\":{\"name\":\"Maxime Boulard\",\"@id\":\"https:\/\/dicodusport.fr\/blog\/#\/schema\/person\/5aab10ee856e86ac63e9819a9da34784\"},\"headline\":\"Jeux M\u00e9diterran\u00e9ens d&rsquo;Oran 2022 : Premi\u00e8res m\u00e9dailles pour l&rsquo;\u00e9quipe de France\",\"datePublished\":\"2022-06-27T15:27:38+00:00\",\"dateModified\":\"2022-06-27T21:01:01+00:00\",\"mainEntityOfPage\":{\"@id\":\"https:\/\/dicodusport.fr\/blog\/jeux-mediterraneens-d-oran-2022-premieres-medailles-pour-lequipe-de-france\/\"},\"wordCount\":410,\"commentCount\":0,\"publisher\":{\"@id\":\"https:\/\/dicodusport.fr\/blog\/#organization\"},\"image\":{\"@id\":\"https:\/\/dicodusport.fr\/blog\/jeux-mediterraneens-d-oran-2022-premieres-medailles-pour-lequipe-de-france\/#primaryimage\"},\"thumbnailUrl\":\"https:\/\/dicodusport.fr\/blog\/wp-content\/uploads\/2022\/06\/Jeux-Mediterraneens-dOran-2022-Premieres-medailles-pour-lequipe-de-France.png\",\"keywords\":[\"gymnastique\",\"Karat\u00e9\"],\"articleSection\":[\"Multisports\"],\"inLanguage\":\"fr-FR\",\"potentialAction\":[{\"@type\":\"CommentAction\",\"name\":\"Comment\",\"target\":[\"https:\/\/dicodusport.fr\/blog\/jeux-mediterraneens-d-oran-2022-premieres-medailles-pour-lequipe-de-france\/#respond\"]}],\"copyrightYear\":\"2022\",\"copyrightHolder\":{\"@id\":\"https:\/\/dicodusport.fr\/blog\/#organization\"}},{\"@type\":\"WebPage\",\"@id\":\"https:\/\/dicodusport.fr\/blog\/jeux-mediterraneens-d-oran-2022-premieres-medailles-pour-lequipe-de-france\/\",\"url\":\"https:\/\/dicodusport.fr\/blog\/jeux-mediterraneens-d-oran-2022-premieres-medailles-pour-lequipe-de-france\/\",\"name\":\"Jeux M\u00e9diterran\u00e9ens d'Oran 2022 : Premi\u00e8res m\u00e9dailles pour l'\u00e9quipe de France\",\"isPartOf\":{\"@id\":\"https:\/\/dicodusport.fr\/blog\/#website\"},\"primaryImageOfPage\":{\"@id\":\"https:\/\/dicodusport.fr\/blog\/jeux-mediterraneens-d-oran-2022-premieres-medailles-pour-lequipe-de-france\/#primaryimage\"},\"image\":{\"@id\":\"https:\/\/dicodusport.fr\/blog\/jeux-mediterraneens-d-oran-2022-premieres-medailles-pour-lequipe-de-france\/#primaryimage\"},\"thumbnailUrl\":\"https:\/\/dicodusport.fr\/blog\/wp-content\/uploads\/2022\/06\/Jeux-Mediterraneens-dOran-2022-Premieres-medailles-pour-lequipe-de-France.png\",\"datePublished\":\"2022-06-27T15:27:38+00:00\",\"dateModified\":\"2022-06-27T21:01:01+00:00\",\"description\":\"Premi\u00e8res m\u00e9dailles pour les Fran\u00e7ais en Alg\u00e9rie. Le karat\u00e9 et la gymnastique apportent les premi\u00e8res m\u00e9dailles des Jeux M\u00e9diterran\u00e9ens.\",\"breadcrumb\":{\"@id\":\"https:\/\/dicodusport.fr\/blog\/jeux-mediterraneens-d-oran-2022-premieres-medailles-pour-lequipe-de-france\/#breadcrumb\"},\"inLanguage\":\"fr-FR\",\"potentialAction\":[{\"@type\":\"ReadAction\",\"target\":[\"https:\/\/dicodusport.fr\/blog\/jeux-mediterraneens-d-oran-2022-premieres-medailles-pour-lequipe-de-france\/\"]}]},{\"@type\":\"ImageObject\",\"inLanguage\":\"fr-FR\",\"@id\":\"https:\/\/dicodusport.fr\/blog\/jeux-mediterraneens-d-oran-2022-premieres-medailles-pour-lequipe-de-france\/#primaryimage\",\"url\":\"https:\/\/dicodusport.fr\/blog\/wp-content\/uploads\/2022\/06\/Jeux-Mediterraneens-dOran-2022-Premieres-medailles-pour-lequipe-de-France.png\",\"contentUrl\":\"https:\/\/dicodusport.fr\/blog\/wp-content\/uploads\/2022\/06\/Jeux-Mediterraneens-dOran-2022-Premieres-medailles-pour-lequipe-de-France.png\",\"width\":800,\"height\":445,\"caption\":\"Jeux M\u00e9diterran\u00e9ens d'Oran 2022 Premi\u00e8res m\u00e9dailles pour l'\u00e9quipe de France\"},{\"@type\":\"BreadcrumbList\",\"@id\":\"https:\/\/dicodusport.fr\/blog\/jeux-mediterraneens-d-oran-2022-premieres-medailles-pour-lequipe-de-france\/#breadcrumb\",\"itemListElement\":[{\"@type\":\"ListItem\",\"position\":1,\"name\":\"Accueil\",\"item\":\"https:\/\/dicodusport.fr\/blog\/\"},{\"@type\":\"ListItem\",\"position\":2,\"name\":\"Jeux M\u00e9diterran\u00e9ens d&rsquo;Oran 2022 : Premi\u00e8res m\u00e9dailles pour l&rsquo;\u00e9quipe de France\"}]},{\"@type\":\"WebSite\",\"@id\":\"https:\/\/dicodusport.fr\/blog\/#website\",\"url\":\"https:\/\/dicodusport.fr\/blog\/\",\"name\":\"Dicodusport\",\"description\":\"L&#039;encyclop\u00e9die de l&#039;actualit\u00e9 sportive\",\"publisher\":{\"@id\":\"https:\/\/dicodusport.fr\/blog\/#organization\"},\"potentialAction\":[{\"@type\":\"SearchAction\",\"target\":{\"@type\":\"EntryPoint\",\"urlTemplate\":\"https:\/\/dicodusport.fr\/blog\/?s={search_term_string}\"},\"query-input\":{\"@type\":\"PropertyValueSpecification\",\"valueRequired\":true,\"valueName\":\"search_term_string\"}}],\"inLanguage\":\"fr-FR\"},{\"@type\":\"NewsMediaOrganization\",\"@id\":\"https:\/\/dicodusport.fr\/blog\/#organization\",\"name\":\"Dicodusport\",\"url\":\"https:\/\/dicodusport.fr\/blog\/\",\"logo\":{\"@type\":\"ImageObject\",\"inLanguage\":\"fr-FR\",\"@id\":\"https:\/\/dicodusport.fr\/blog\/#\/schema\/logo\/image\/\",\"url\":\"https:\/\/dicodusport.fr\/blog\/wp-content\/uploads\/2020\/06\/cropped-LOGO-DICODUSPORT-2020-SANS-FOND-SANS-TEXTE.png\",\"contentUrl\":\"https:\/\/dicodusport.fr\/blog\/wp-content\/uploads\/2020\/06\/cropped-LOGO-DICODUSPORT-2020-SANS-FOND-SANS-TEXTE.png\",\"width\":512,\"height\":512,\"caption\":\"Dicodusport\"},\"image\":{\"@id\":\"https:\/\/dicodusport.fr\/blog\/#\/schema\/logo\/image\/\"},\"sameAs\":[\"https:\/\/www.facebook.com\/dicodusport\",\"https:\/\/x.com\/dicodusport\",\"https:\/\/www.instagram.com\/dicodusport\/\",\"https:\/\/www.youtube.com\/channel\/UC7V2KZ5sd3htJivAbA4ZG3w\"],\"description\":\"Dicodusport est l'encyclop\u00e9die de l'actualit\u00e9 sportive.\",\"email\":\"bonjour@dicodusport.fr\",\"legalName\":\"DICODUSPORT\",\"foundingDate\":\"2018-01-14\",\"vatID\":\"FR71834470973\",\"taxID\":\"83447097300043\",\"numberOfEmployees\":{\"@type\":\"QuantitativeValue\",\"minValue\":\"1\",\"maxValue\":\"10\"}},{\"@type\":\"Person\",\"@id\":\"https:\/\/dicodusport.fr\/blog\/#\/schema\/person\/5aab10ee856e86ac63e9819a9da34784\",\"name\":\"Maxime Boulard\",\"image\":{\"@type\":\"ImageObject\",\"inLanguage\":\"fr-FR\",\"@id\":\"https:\/\/dicodusport.fr\/blog\/#\/schema\/person\/image\/\",\"url\":\"https:\/\/dicodusport.fr\/blog\/wp-content\/uploads\/2021\/05\/Maxime-Boulard-150x150.jpg\",\"contentUrl\":\"https:\/\/dicodusport.fr\/blog\/wp-content\/uploads\/2021\/05\/Maxime-Boulard-150x150.jpg\",\"caption\":\"Maxime Boulard\"},\"description\":\"Journaliste\/r\u00e9dacteur depuis octobre 2020 - Si mon plus vieux souvenir de sport aurait pu m'en d\u00e9go\u00fbter, la finale de la Coupe du monde 2006 a \u00e9t\u00e9 tout le contraire. V\u00e9ritable d\u00e9clencheur d'une passion qui aujourd'hui ne fait que grandir avec le temps, mon leitmotiv est la France qui brille ! Je relate les exploits pass\u00e9s et pr\u00e9sents du sport bleu-blanc-rouge sans m\u00e9nagement depuis octobre 2020. Sport valide ou handisport, aucune diff\u00e9rence, il n'y a que du sport et plusieurs fa\u00e7ons de le pratiquer.\",\"sameAs\":[\"https:\/\/www.facebook.com\/Max.Bld2\/\",\"https:\/\/x.com\/https:\/\/twitter.com\/MaximeB_2\"],\"url\":\"https:\/\/dicodusport.fr\/blog\/author\/maxime-b\/\"}]}<\/script>\n<!-- \/ Yoast SEO Premium plugin. -->","yoast_head_json":{"title":"Jeux M\u00e9diterran\u00e9ens d'Oran 2022 : Premi\u00e8res m\u00e9dailles pour l'\u00e9quipe de France","description":"Premi\u00e8res m\u00e9dailles pour les Fran\u00e7ais en Alg\u00e9rie. Le karat\u00e9 et la gymnastique apportent les premi\u00e8res m\u00e9dailles des Jeux M\u00e9diterran\u00e9ens.","robots":{"index":"index","follow":"follow","max-snippet":"max-snippet:-1","max-image-preview":"max-image-preview:large","max-video-preview":"max-video-preview:-1"},"canonical":"https:\/\/dicodusport.fr\/blog\/jeux-mediterraneens-d-oran-2022-premieres-medailles-pour-lequipe-de-france\/","og_locale":"fr_FR","og_type":"article","og_title":"Jeux M\u00e9diterran\u00e9ens d'Oran 2022 : Premi\u00e8res m\u00e9dailles pour l'\u00e9quipe de France","og_description":"Premi\u00e8res m\u00e9dailles pour les Fran\u00e7ais en Alg\u00e9rie. Le karat\u00e9 et la gymnastique apportent les premi\u00e8res m\u00e9dailles des Jeux M\u00e9diterran\u00e9ens.","og_url":"https:\/\/dicodusport.fr\/blog\/jeux-mediterraneens-d-oran-2022-premieres-medailles-pour-lequipe-de-france\/","og_site_name":"Dicodusport","article_publisher":"https:\/\/www.facebook.com\/dicodusport","article_author":"https:\/\/www.facebook.com\/Max.Bld2\/","article_published_time":"2022-06-27T15:27:38+00:00","article_modified_time":"2022-06-27T21:01:01+00:00","og_image":[{"width":800,"height":445,"url":"https:\/\/dicodusport.fr\/blog\/wp-content\/uploads\/2022\/06\/Jeux-Mediterraneens-dOran-2022-Premieres-medailles-pour-lequipe-de-France.png","type":"image\/png"}],"author":"Maxime Boulard","twitter_card":"summary_large_image","twitter_title":"Jeux M\u00e9diterran\u00e9ens d'Oran 2022 : Premi\u00e8res m\u00e9dailles pour l'\u00e9quipe de France","twitter_creator":"@https:\/\/twitter.com\/MaximeB_2","twitter_site":"@dicodusport","schema":{"@context":"https:\/\/schema.org","@graph":[{"@type":"NewsArticle","@id":"https:\/\/dicodusport.fr\/blog\/jeux-mediterraneens-d-oran-2022-premieres-medailles-pour-lequipe-de-france\/#article","isPartOf":{"@id":"https:\/\/dicodusport.fr\/blog\/jeux-mediterraneens-d-oran-2022-premieres-medailles-pour-lequipe-de-france\/"},"author":{"name":"Maxime Boulard","@id":"https:\/\/dicodusport.fr\/blog\/#\/schema\/person\/5aab10ee856e86ac63e9819a9da34784"},"headline":"Jeux M\u00e9diterran\u00e9ens d&rsquo;Oran 2022 : Premi\u00e8res m\u00e9dailles pour l&rsquo;\u00e9quipe de France","datePublished":"2022-06-27T15:27:38+00:00","dateModified":"2022-06-27T21:01:01+00:00","mainEntityOfPage":{"@id":"https:\/\/dicodusport.fr\/blog\/jeux-mediterraneens-d-oran-2022-premieres-medailles-pour-lequipe-de-france\/"},"wordCount":410,"commentCount":0,"publisher":{"@id":"https:\/\/dicodusport.fr\/blog\/#organization"},"image":{"@id":"https:\/\/dicodusport.fr\/blog\/jeux-mediterraneens-d-oran-2022-premieres-medailles-pour-lequipe-de-france\/#primaryimage"},"thumbnailUrl":"https:\/\/dicodusport.fr\/blog\/wp-content\/uploads\/2022\/06\/Jeux-Mediterraneens-dOran-2022-Premieres-medailles-pour-lequipe-de-France.png","keywords":["gymnastique","Karat\u00e9"],"articleSection":["Multisports"],"inLanguage":"fr-FR","potentialAction":[{"@type":"CommentAction","name":"Comment","target":["https:\/\/dicodusport.fr\/blog\/jeux-mediterraneens-d-oran-2022-premieres-medailles-pour-lequipe-de-france\/#respond"]}],"copyrightYear":"2022","copyrightHolder":{"@id":"https:\/\/dicodusport.fr\/blog\/#organization"}},{"@type":"WebPage","@id":"https:\/\/dicodusport.fr\/blog\/jeux-mediterraneens-d-oran-2022-premieres-medailles-pour-lequipe-de-france\/","url":"https:\/\/dicodusport.fr\/blog\/jeux-mediterraneens-d-oran-2022-premieres-medailles-pour-lequipe-de-france\/","name":"Jeux M\u00e9diterran\u00e9ens d'Oran 2022 : Premi\u00e8res m\u00e9dailles pour l'\u00e9quipe de France","isPartOf":{"@id":"https:\/\/dicodusport.fr\/blog\/#website"},"primaryImageOfPage":{"@id":"https:\/\/dicodusport.fr\/blog\/jeux-mediterraneens-d-oran-2022-premieres-medailles-pour-lequipe-de-france\/#primaryimage"},"image":{"@id":"https:\/\/dicodusport.fr\/blog\/jeux-mediterraneens-d-oran-2022-premieres-medailles-pour-lequipe-de-france\/#primaryimage"},"thumbnailUrl":"https:\/\/dicodusport.fr\/blog\/wp-content\/uploads\/2022\/06\/Jeux-Mediterraneens-dOran-2022-Premieres-medailles-pour-lequipe-de-France.png","datePublished":"2022-06-27T15:27:38+00:00","dateModified":"2022-06-27T21:01:01+00:00","description":"Premi\u00e8res m\u00e9dailles pour les Fran\u00e7ais en Alg\u00e9rie. Le karat\u00e9 et la gymnastique apportent les premi\u00e8res m\u00e9dailles des Jeux M\u00e9diterran\u00e9ens.","breadcrumb":{"@id":"https:\/\/dicodusport.fr\/blog\/jeux-mediterraneens-d-oran-2022-premieres-medailles-pour-lequipe-de-france\/#breadcrumb"},"inLanguage":"fr-FR","potentialAction":[{"@type":"ReadAction","target":["https:\/\/dicodusport.fr\/blog\/jeux-mediterraneens-d-oran-2022-premieres-medailles-pour-lequipe-de-france\/"]}]},{"@type":"ImageObject","inLanguage":"fr-FR","@id":"https:\/\/dicodusport.fr\/blog\/jeux-mediterraneens-d-oran-2022-premieres-medailles-pour-lequipe-de-france\/#primaryimage","url":"https:\/\/dicodusport.fr\/blog\/wp-content\/uploads\/2022\/06\/Jeux-Mediterraneens-dOran-2022-Premieres-medailles-pour-lequipe-de-France.png","contentUrl":"https:\/\/dicodusport.fr\/blog\/wp-content\/uploads\/2022\/06\/Jeux-Mediterraneens-dOran-2022-Premieres-medailles-pour-lequipe-de-France.png","width":800,"height":445,"caption":"Jeux M\u00e9diterran\u00e9ens d'Oran 2022 Premi\u00e8res m\u00e9dailles pour l'\u00e9quipe de France"},{"@type":"BreadcrumbList","@id":"https:\/\/dicodusport.fr\/blog\/jeux-mediterraneens-d-oran-2022-premieres-medailles-pour-lequipe-de-france\/#breadcrumb","itemListElement":[{"@type":"ListItem","position":1,"name":"Accueil","item":"https:\/\/dicodusport.fr\/blog\/"},{"@type":"ListItem","position":2,"name":"Jeux M\u00e9diterran\u00e9ens d&rsquo;Oran 2022 : Premi\u00e8res m\u00e9dailles pour l&rsquo;\u00e9quipe de France"}]},{"@type":"WebSite","@id":"https:\/\/dicodusport.fr\/blog\/#website","url":"https:\/\/dicodusport.fr\/blog\/","name":"Dicodusport","description":"L&#039;encyclop\u00e9die de l&#039;actualit\u00e9 sportive","publisher":{"@id":"https:\/\/dicodusport.fr\/blog\/#organization"},"potentialAction":[{"@type":"SearchAction","target":{"@type":"EntryPoint","urlTemplate":"https:\/\/dicodusport.fr\/blog\/?s={search_term_string}"},"query-input":{"@type":"PropertyValueSpecification","valueRequired":true,"valueName":"search_term_string"}}],"inLanguage":"fr-FR"},{"@type":"NewsMediaOrganization","@id":"https:\/\/dicodusport.fr\/blog\/#organization","name":"Dicodusport","url":"https:\/\/dicodusport.fr\/blog\/","logo":{"@type":"ImageObject","inLanguage":"fr-FR","@id":"https:\/\/dicodusport.fr\/blog\/#\/schema\/logo\/image\/","url":"https:\/\/dicodusport.fr\/blog\/wp-content\/uploads\/2020\/06\/cropped-LOGO-DICODUSPORT-2020-SANS-FOND-SANS-TEXTE.png","contentUrl":"https:\/\/dicodusport.fr\/blog\/wp-content\/uploads\/2020\/06\/cropped-LOGO-DICODUSPORT-2020-SANS-FOND-SANS-TEXTE.png","width":512,"height":512,"caption":"Dicodusport"},"image":{"@id":"https:\/\/dicodusport.fr\/blog\/#\/schema\/logo\/image\/"},"sameAs":["https:\/\/www.facebook.com\/dicodusport","https:\/\/x.com\/dicodusport","https:\/\/www.instagram.com\/dicodusport\/","https:\/\/www.youtube.com\/channel\/UC7V2KZ5sd3htJivAbA4ZG3w"],"description":"Dicodusport est l'encyclop\u00e9die de l'actualit\u00e9 sportive.","email":"bonjour@dicodusport.fr","legalName":"DICODUSPORT","foundingDate":"2018-01-14","vatID":"FR71834470973","taxID":"83447097300043","numberOfEmployees":{"@type":"QuantitativeValue","minValue":"1","maxValue":"10"}},{"@type":"Person","@id":"https:\/\/dicodusport.fr\/blog\/#\/schema\/person\/5aab10ee856e86ac63e9819a9da34784","name":"Maxime Boulard","image":{"@type":"ImageObject","inLanguage":"fr-FR","@id":"https:\/\/dicodusport.fr\/blog\/#\/schema\/person\/image\/","url":"https:\/\/dicodusport.fr\/blog\/wp-content\/uploads\/2021\/05\/Maxime-Boulard-150x150.jpg","contentUrl":"https:\/\/dicodusport.fr\/blog\/wp-content\/uploads\/2021\/05\/Maxime-Boulard-150x150.jpg","caption":"Maxime Boulard"},"description":"Journaliste\/r\u00e9dacteur depuis octobre 2020 - Si mon plus vieux souvenir de sport aurait pu m'en d\u00e9go\u00fbter, la finale de la Coupe du monde 2006 a \u00e9t\u00e9 tout le contraire. V\u00e9ritable d\u00e9clencheur d'une passion qui aujourd'hui ne fait que grandir avec le temps, mon leitmotiv est la France qui brille ! Je relate les exploits pass\u00e9s et pr\u00e9sents du sport bleu-blanc-rouge sans m\u00e9nagement depuis octobre 2020. Sport valide ou handisport, aucune diff\u00e9rence, il n'y a que du sport et plusieurs fa\u00e7ons de le pratiquer.","sameAs":["https:\/\/www.facebook.com\/Max.Bld2\/","https:\/\/x.com\/https:\/\/twitter.com\/MaximeB_2"],"url":"https:\/\/dicodusport.fr\/blog\/author\/maxime-b\/"}]}},"_links":{"self":[{"href":"https:\/\/dicodusport.fr\/blog\/wp-json\/wp\/v2\/posts\/237834","targetHints":{"allow":["GET"]}}],"collection":[{"href":"https:\/\/dicodusport.fr\/blog\/wp-json\/wp\/v2\/posts"}],"about":[{"href":"https:\/\/dicodusport.fr\/blog\/wp-json\/wp\/v2\/types\/post"}],"author":[{"embeddable":true,"href":"https:\/\/dicodusport.fr\/blog\/wp-json\/wp\/v2\/users\/43"}],"replies":[{"embeddable":true,"href":"https:\/\/dicodusport.fr\/blog\/wp-json\/wp\/v2\/comments?post=237834"}],"version-history":[{"count":0,"href":"https:\/\/dicodusport.fr\/blog\/wp-json\/wp\/v2\/posts\/237834\/revisions"}],"wp:featuredmedia":[{"embeddable":true,"href":"https:\/\/dicodusport.fr\/blog\/wp-json\/wp\/v2\/media\/237867"}],"wp:attachment":[{"href":"https:\/\/dicodusport.fr\/blog\/wp-json\/wp\/v2\/media?parent=237834"}],"wp:term":[{"taxonomy":"category","embeddable":true,"href":"https:\/\/dicodusport.fr\/blog\/wp-json\/wp\/v2\/categories?post=237834"},{"taxonomy":"post_tag","embeddable":true,"href":"https:\/\/dicodusport.fr\/blog\/wp-json\/wp\/v2\/tags?post=237834"}],"curies":[{"name":"wp","href":"https:\/\/api.w.org\/{rel}","templated":true}]}}