{"id":238143,"date":"2022-06-29T18:05:23","date_gmt":"2022-06-29T16:05:23","guid":{"rendered":"https:\/\/dicodusport.fr\/blog\/?p=238143&#038;preview=true&#038;preview_id=238143"},"modified":"2022-06-30T15:12:45","modified_gmt":"2022-06-30T13:12:45","slug":"tour-de-france-2022-que-peuvent-esperer-les-coureurs-francais","status":"publish","type":"post","link":"https:\/\/dicodusport.fr\/blog\/tour-de-france-2022-que-peuvent-esperer-les-coureurs-francais\/","title":{"rendered":"Tour de France 2022 : Que peuvent esp\u00e9rer les coureurs fran\u00e7ais ?"},"content":{"rendered":"<p style=\"text-align: justify;\"><b><i><a href=\"https:\/\/dicodusport.fr\/blog\/actualites\/cyclisme\/cyclisme-sur-route-2022\/tour-de-france-2022\/\">TOUR DE FRANCE 2022<\/a> &#8211; Le cyclisme tricolore vit une ann\u00e9e riche, en termes de succ\u00e8s en World Tour. Le dernier Crit\u00e9rium du Dauphin\u00e9 n&rsquo;a pas fait d\u00e9mentir cette tendance, avec trois victoires d&rsquo;\u00e9tapes. Alors, \u00e0 quoi peut-on s&rsquo;attendre de la part <a href=\"https:\/\/dicodusport.fr\/blog\/tour-de-france-2022-les-31-coureurs-francais-engages\/\">des Fran\u00e7ais engag\u00e9s<\/a> \u00e0 l&rsquo;approche du d\u00e9part de la Grande Boucle, malgr\u00e9 les absences majeures <a href=\"https:\/\/dicodusport.fr\/blog\/julian-alaphilippe-ne-sera-pas-au-depart-du-tour-de-france-2022\/\">de Julian Alaphilippe<\/a> et d&rsquo;Arnaud D\u00e9mare ?<\/i><\/b><\/p>\n<h2 style=\"text-align: justify;\">Des candidats s\u00e9rieux pour le podium<\/h2>\n<p style=\"text-align: justify;\"><strong>Romain Bardet<\/strong> (DSM) n&rsquo;avait pas pr\u00e9vu de courir le Tour de France cette ann\u00e9e. Le Giro \u00e9tait son objectif principal, et les premiers jours de course lui ont donn\u00e9 raison. Cependant, alors qu&rsquo;il paraissait en mesure de jouer un r\u00f4le pour le podium (voire la premi\u00e8re marche), <a href=\"https:\/\/dicodusport.fr\/blog\/tour-ditalie-2022-romain-bardet-contraint-a-labandon\/\">un virus l&rsquo;a contraint \u00e0 l&rsquo;abandon<\/a>. Le temps de se remettre \u00e9motionnellement de ce coup du sort, le natif de Brioude s&rsquo;est remobilis\u00e9 et fix\u00e9 de nouveaux objectifs. Il arrive avec quelques incertitudes, mais sera un vrai poil \u00e0 gratter pour les autres leaders.<\/p>\n<blockquote class=\"twitter-tweet\">\n<p dir=\"ltr\" lang=\"en\">Really excited to announce that I will line up at <a href=\"https:\/\/twitter.com\/LeTour?ref_src=twsrc%5Etfw\">@LeTour<\/a> with <a href=\"https:\/\/twitter.com\/TeamDSM?ref_src=twsrc%5Etfw\">@TeamDSM<\/a>.<br \/>\nCan\u2019t wait to be at the Grand Depart in Copenhagen in a few weeks <a href=\"https:\/\/twitter.com\/Webex?ref_src=twsrc%5Etfw\">@Webex<\/a> ! <a href=\"https:\/\/t.co\/W1ieUCPQy2\">pic.twitter.com\/W1ieUCPQy2<\/a><\/p>\n<p>\u2014 Romain Bardet (@romainbardet) <a href=\"https:\/\/twitter.com\/romainbardet\/status\/1536244289176485889?ref_src=twsrc%5Etfw\">June 13, 2022<\/a><\/p><\/blockquote>\n<p><script async src=\"https:\/\/platform.twitter.com\/widgets.js\" charset=\"utf-8\"><\/script><\/p>\n<p style=\"text-align: justify;\">L&rsquo;\u00e9quipe Groupama-FDJ<strong>,\u00a0<\/strong>elle, se pr\u00e9sente avec un groupe taill\u00e9 pour jouer la gagne en montagne, et lutter pour le classement g\u00e9n\u00e9ral. Organis\u00e9e autour de <strong>David Gaudu<\/strong>, l&rsquo;\u00e9quipe de <strong>Marc Madiot<\/strong> mixe intelligemment grimpeurs et rouleurs, permettant de voir loin sur les trois semaines de comp\u00e9tition. <strong>Thibaut Pinot<\/strong> sera a priori l\u00e0 pour jouer l&rsquo;\u00e9lectron libre, chercher les victoires d&rsquo;\u00e9tapes (et pourquoi pas le maillot \u00e0 pois), pour peu qu&rsquo;il ait r\u00e9cup\u00e9r\u00e9 <a href=\"https:\/\/dicodusport.fr\/blog\/tour-de-france-2022-thibaut-pinot-a-eu-la-covid-19-mais-sera-bien-au-depart-a-copenhague\/\">du Covid contract\u00e9 apr\u00e8s le dernier Tour de Suisse<\/a>. <a href=\"https:\/\/dicodusport.fr\/blog\/marc-madiot-je-vais-faire-simple-on-aura-un-seul-leader-sur-ce-tour\/\">Le Franc-Comtois sera aussi au service de son leader, <strong>David Gaudu<\/strong><\/a>. Le Breton vient, lui, pour jouer un r\u00f4le dans la course au podium, m\u00eame si son classement final sur le <strong>Crit\u00e9rium du Dauphin\u00e9<\/strong> (17e) ne pousse pas \u00e0 l&rsquo;optimisme.<\/p>\n<h2 style=\"text-align: justify;\">Des chasseurs d&rsquo;\u00e9tapes de prestige pouvant pr\u00e9tendre au maillot \u00e0 pois<\/h2>\n<p style=\"text-align: justify;\">Outre<strong> Thibaut Pinot<\/strong>, le plateau fran\u00e7ais des grimpeurs\/baroudeurs sera tr\u00e8s relev\u00e9 et devrait permettre au public de frissonner dans les Vosges, les Alpes et les Pyr\u00e9n\u00e9es.<\/p>\n<p style=\"text-align: justify;\">D\u00e9j\u00e0 vainqueur de deux \u00e9tapes sur la Grande Boucle, maillot blanc sur les Champs-Elys\u00e9es (2011) et top 10 \u00e0 trois reprises, <strong>Pierre Rolland<\/strong> (<strong>B&amp;B Hotels KTM<\/strong>) vit \u00e0 35 ans ses derni\u00e8res ann\u00e9es professionnelles. Et les faits montrent qu&rsquo;il a envie de les vivre en prenant un maximum de plaisir. Son <strong>Crit\u00e9rium du Dauphin\u00e9<\/strong> en atteste : \u00e0 l&rsquo;attaque tous les jours, il a fr\u00f4l\u00e9 la victoire d&rsquo;\u00e9tape et remport\u00e9 le classement de la montagne. Assur\u00e9ment un des coureurs \u00e0 suivre d\u00e8s que la route s&rsquo;\u00e9l\u00e8vera.<\/p>\n<blockquote class=\"twitter-tweet\">\n<p dir=\"ltr\" lang=\"fr\">2009 &#x2705;<br \/>\n2010 &#x2705;<br \/>\n2011 &#x2705;<br \/>\n2012 &#x2705;<br \/>\n2013 &#x2705;<br \/>\n2014 &#x2705;<br \/>\n2015 &#x2705;<br \/>\n2016 &#x2705;<br \/>\n2017 &#x2705;<br \/>\n2018 &#x2705;<br \/>\n2020 &#x2705;<br \/>\n2021 &#x2705;<\/p>\n<p>&#x1f51c; 2022, mon 13e d\u00e9part du <a href=\"https:\/\/twitter.com\/LeTour?ref_src=twsrc%5Etfw\">@LeTour<\/a>. En avant <a href=\"https:\/\/twitter.com\/BBHOTELS_KTM?ref_src=twsrc%5Etfw\">@BBHOTELS_KTM<\/a> !<a href=\"https:\/\/twitter.com\/hashtag\/TDF2022?src=hash&amp;ref_src=twsrc%5Etfw\">#TDF2022<\/a> l <a href=\"https:\/\/twitter.com\/hashtag\/MenInGlaz?src=hash&amp;ref_src=twsrc%5Etfw\">#MenInGlaz<\/a> <a href=\"https:\/\/t.co\/CKxxnfCluG\">pic.twitter.com\/CKxxnfCluG<\/a><\/p>\n<p>\u2014 Rolland Pierre (@PierroooRolland) <a href=\"https:\/\/twitter.com\/PierroooRolland\/status\/1541397107495653383?ref_src=twsrc%5Etfw\">June 27, 2022<\/a><\/p><\/blockquote>\n<p><script async src=\"https:\/\/platform.twitter.com\/widgets.js\" charset=\"utf-8\"><\/script><\/p>\n<p style=\"text-align: justify;\">Dans le m\u00eame style, on pourra citer <strong>Alexis Vuillermoz<\/strong> (<strong>TotalEnergies<\/strong>) et <strong>Warren Barguil<\/strong> (<strong>Ark\u00e9a-Samsic<\/strong>), tous les deux redoutables et infatigables attaquants, mais surtout en confiance apr\u00e8s une premi\u00e8re partie de saison r\u00e9ussie. <strong>Barguil<\/strong>, d\u00e9j\u00e0 deux fois top 10 sur le Tour de France, un maillot \u00e0 pois et un prix du super combatif a remport\u00e9 cette ann\u00e9e une \u00e9tape de Tirreno-Adriatico et <a href=\"https:\/\/dicodusport.fr\/blog\/grand-prix-miguel-indurain-2022-victoire-warren-barguil\/\">le Grand Prix Miguel Indurain<\/a>, et a tr\u00e8s bien figur\u00e9 sur la saison des classiques. <strong>Vuillermoz<\/strong> a lui moins de r\u00e9f\u00e9rences sur le Tour, mais il semble en grande forme, en atteste sa superbe victoire sur la 2e \u00e9tape du <strong>Crit\u00e9rium du Dauphin\u00e9<\/strong>.<\/p>\n<p style=\"text-align: justify;\"><strong>Guillaume Martin<\/strong> (<strong>Cofidis<\/strong>), dont l&rsquo;\u00e9tat de forme sera une \u00e9nigme apr\u00e8s son Giro, reste un coureur extr\u00eamement fiable et r\u00e9gulier. Il pourrait se lancer dans de grands raids dont il a le secret pour grappiller des points au classement de la montagne. Les Bleus pourront \u00e9ventuellement se m\u00ealer \u00e0 la lutte pour les \u00e9tapes de sprinteurs (<strong>Bryan Coquard, Hugo Hofstetter<\/strong>), ou \u00e0 des \u00e9chapp\u00e9es dans la derni\u00e8re semaine (<strong>Mathieu Burgaudeau, Franck Bonnamour, Geoffrey Bouchard<\/strong>).<\/p>\n<h2 style=\"text-align: justify;\">Le pari de la r\u00e9daction : une 5e \u00e9tape en bleu-blanc-rouge ?<\/h2>\n<p style=\"text-align: justify;\">Se d\u00e9roulant entre Lille et Arenberg, cette \u00e9tape sera une sorte de mini Paris-Roubaix. L&rsquo;occasion pour les amateurs de classiques de s&rsquo;illustrer. Et le contingent fran\u00e7ais en comptera parmi les meilleurs. M\u00eame si le N\u00e9erlandais <strong>Mathieu van der Poel<\/strong> (Alpecin-Deceuninck) fera office d&rsquo;\u00e9pouvantail, la France pourra notamment compter sur son nouveau champion national, <strong>Florian S\u00e9n\u00e9chal<\/strong> (Quick-Step Alpha Vinyl) tr\u00e8s \u00e0 l&rsquo;aise sur ce type de parcours, et redoutable au sprint si un groupe cons\u00e9quent venait \u00e0 se disputer la victoire.<\/p>\n<p style=\"text-align: justify;\">Le local de l&rsquo;\u00e9tape, <strong>Adrien Petit<\/strong> (Intermarch\u00e9-Wanty-Gobert Mat\u00e9riaux) a coch\u00e9 cette \u00e9tape qui, \u00e0 l&rsquo;instar de S\u00e9n\u00e9chal, lui sied parfaitement. Enfin, on ne peut \u00e9voquer un profil de classique aujourd&rsquo;hui sans parler d&rsquo;<strong>Anthony Turgis<\/strong> (TotalEnergies). C&rsquo;est le coureur fran\u00e7ais le plus r\u00e9gulier depuis deux saisons lorsque les routes se gondolent et les pav\u00e9s sortent de terre.<\/p>\n<h2 style=\"text-align: justify;\">\u00c0 lire aussi<\/h2>\n<ul>\n<li style=\"text-align: justify;\"><a href=\"https:\/\/dicodusport.fr\/blog\/le-profil-des-21-etapes-du-tour-de-france-2022\/\"><strong>Le profil des 21 \u00e9tapes du Tour de France 2022<\/strong><\/a><\/li>\n<li style=\"text-align: justify;\"><a href=\"https:\/\/dicodusport.fr\/blog\/toute-lactualite-du-tour-de-france-2022\/\"><strong>Toute l\u2019actualit\u00e9 du Tour de France 2022<\/strong><\/a><\/li>\n<\/ul>\n","protected":false},"excerpt":{"rendered":"<p>TOUR DE FRANCE 2022 &#8211; Le cyclisme tricolore vit une ann\u00e9e riche, en terme de succ\u00e8s en World Tour. Le dernier Crit\u00e9rium du Dauphin\u00e9 n&rsquo;a pas fait d\u00e9mentir cette tendance, avec trois victoires d&rsquo;\u00e9tapes. Alors, \u00e0 quoi peut-on s&rsquo;attendre de la part des Fran\u00e7ais engag\u00e9s \u00e0 l&rsquo;approche du d\u00e9part de la Grande Boucle, malgr\u00e9 les absences majeures de Julian Alaphilippe et d&rsquo;Arnaud D\u00e9mare ?<\/p>\n","protected":false},"author":71,"featured_media":238379,"comment_status":"open","ping_status":"closed","sticky":false,"template":"","format":"standard","meta":{"_acf_changed":false,"_daextam_enable_autolinks":"","footnotes":""},"categories":[46995],"tags":[19608,5368,3646],"class_list":["post-238143","post","type-post","status-publish","format-standard","has-post-thumbnail","hentry","category-tour-de-france","tag-florian-senechal","tag-pierre-rolland","tag-romain-bardet"],"acf":[],"yoast_head":"<!-- This site is optimized with the Yoast SEO Premium plugin v26.7 (Yoast SEO v26.7) - https:\/\/yoast.com\/wordpress\/plugins\/seo\/ -->\n<title>Tour de France 2022 : Que peuvent esp\u00e9rer les coureurs fran\u00e7ais ?<\/title>\n<meta name=\"description\" content=\"Tour de France 2022 : apr\u00e8s une premi\u00e8re partie de saison faste, que peut-on esp\u00e9rer des coureurs tricolores sur cette Grande Boucle ?\" \/>\n<meta name=\"robots\" content=\"index, follow, max-snippet:-1, max-image-preview:large, max-video-preview:-1\" \/>\n<link rel=\"canonical\" href=\"https:\/\/dicodusport.fr\/blog\/tour-de-france-2022-que-peuvent-esperer-les-coureurs-francais\/\" \/>\n<meta property=\"og:locale\" content=\"fr_FR\" \/>\n<meta property=\"og:type\" content=\"article\" \/>\n<meta property=\"og:title\" content=\"Tour de France 2022 : Que peuvent esp\u00e9rer les coureurs fran\u00e7ais ?\" \/>\n<meta property=\"og:description\" content=\"Tour de France 2022 : apr\u00e8s une premi\u00e8re partie de saison faste, que peut-on esp\u00e9rer des coureurs tricolores sur cette Grande Boucle ?\" \/>\n<meta property=\"og:url\" content=\"https:\/\/dicodusport.fr\/blog\/tour-de-france-2022-que-peuvent-esperer-les-coureurs-francais\/\" \/>\n<meta property=\"og:site_name\" content=\"Dicodusport\" \/>\n<meta property=\"article:publisher\" content=\"https:\/\/www.facebook.com\/dicodusport\" \/>\n<meta property=\"article:published_time\" content=\"2022-06-29T16:05:23+00:00\" \/>\n<meta property=\"article:modified_time\" content=\"2022-06-30T13:12:45+00:00\" \/>\n<meta property=\"og:image\" content=\"https:\/\/dicodusport.fr\/blog\/wp-content\/uploads\/2022\/06\/Tour-de-France-2022-Que-peuvent-esperer-les-coureurs-francais-.png\" \/>\n\t<meta property=\"og:image:width\" content=\"800\" \/>\n\t<meta property=\"og:image:height\" content=\"445\" \/>\n\t<meta property=\"og:image:type\" content=\"image\/png\" \/>\n<meta name=\"author\" content=\"Fran\u00e7ois-Xavier Tosques\" \/>\n<meta name=\"twitter:card\" content=\"summary_large_image\" \/>\n<meta name=\"twitter:title\" content=\"Tour de France 2022 : Que peuvent esp\u00e9rer les coureurs fran\u00e7ais ?\" \/>\n<meta name=\"twitter:creator\" content=\"@dicodusport\" \/>\n<meta name=\"twitter:site\" content=\"@dicodusport\" \/>\n<script type=\"application\/ld+json\" class=\"yoast-schema-graph\">{\"@context\":\"https:\/\/schema.org\",\"@graph\":[{\"@type\":\"NewsArticle\",\"@id\":\"https:\/\/dicodusport.fr\/blog\/tour-de-france-2022-que-peuvent-esperer-les-coureurs-francais\/#article\",\"isPartOf\":{\"@id\":\"https:\/\/dicodusport.fr\/blog\/tour-de-france-2022-que-peuvent-esperer-les-coureurs-francais\/\"},\"author\":{\"name\":\"Fran\u00e7ois-Xavier Tosques\",\"@id\":\"https:\/\/dicodusport.fr\/blog\/#\/schema\/person\/183f6114b9bb0ac446af1dc1f2900036\"},\"headline\":\"Tour de France 2022 : Que peuvent esp\u00e9rer les coureurs fran\u00e7ais ?\",\"datePublished\":\"2022-06-29T16:05:23+00:00\",\"dateModified\":\"2022-06-30T13:12:45+00:00\",\"mainEntityOfPage\":{\"@id\":\"https:\/\/dicodusport.fr\/blog\/tour-de-france-2022-que-peuvent-esperer-les-coureurs-francais\/\"},\"wordCount\":912,\"commentCount\":0,\"publisher\":{\"@id\":\"https:\/\/dicodusport.fr\/blog\/#organization\"},\"image\":{\"@id\":\"https:\/\/dicodusport.fr\/blog\/tour-de-france-2022-que-peuvent-esperer-les-coureurs-francais\/#primaryimage\"},\"thumbnailUrl\":\"https:\/\/dicodusport.fr\/blog\/wp-content\/uploads\/2022\/06\/Tour-de-France-2022-Que-peuvent-esperer-les-coureurs-francais-.png\",\"keywords\":[\"Florian S\u00e9n\u00e9chal\",\"Pierre Rolland\",\"Romain Bardet\"],\"articleSection\":[\"Tour de France\"],\"inLanguage\":\"fr-FR\",\"potentialAction\":[{\"@type\":\"CommentAction\",\"name\":\"Comment\",\"target\":[\"https:\/\/dicodusport.fr\/blog\/tour-de-france-2022-que-peuvent-esperer-les-coureurs-francais\/#respond\"]}],\"copyrightYear\":\"2022\",\"copyrightHolder\":{\"@id\":\"https:\/\/dicodusport.fr\/blog\/#organization\"}},{\"@type\":\"WebPage\",\"@id\":\"https:\/\/dicodusport.fr\/blog\/tour-de-france-2022-que-peuvent-esperer-les-coureurs-francais\/\",\"url\":\"https:\/\/dicodusport.fr\/blog\/tour-de-france-2022-que-peuvent-esperer-les-coureurs-francais\/\",\"name\":\"Tour de France 2022 : Que peuvent esp\u00e9rer les coureurs fran\u00e7ais ?\",\"isPartOf\":{\"@id\":\"https:\/\/dicodusport.fr\/blog\/#website\"},\"primaryImageOfPage\":{\"@id\":\"https:\/\/dicodusport.fr\/blog\/tour-de-france-2022-que-peuvent-esperer-les-coureurs-francais\/#primaryimage\"},\"image\":{\"@id\":\"https:\/\/dicodusport.fr\/blog\/tour-de-france-2022-que-peuvent-esperer-les-coureurs-francais\/#primaryimage\"},\"thumbnailUrl\":\"https:\/\/dicodusport.fr\/blog\/wp-content\/uploads\/2022\/06\/Tour-de-France-2022-Que-peuvent-esperer-les-coureurs-francais-.png\",\"datePublished\":\"2022-06-29T16:05:23+00:00\",\"dateModified\":\"2022-06-30T13:12:45+00:00\",\"description\":\"Tour de France 2022 : apr\u00e8s une premi\u00e8re partie de saison faste, que peut-on esp\u00e9rer des coureurs tricolores sur cette Grande Boucle ?\",\"breadcrumb\":{\"@id\":\"https:\/\/dicodusport.fr\/blog\/tour-de-france-2022-que-peuvent-esperer-les-coureurs-francais\/#breadcrumb\"},\"inLanguage\":\"fr-FR\",\"potentialAction\":[{\"@type\":\"ReadAction\",\"target\":[\"https:\/\/dicodusport.fr\/blog\/tour-de-france-2022-que-peuvent-esperer-les-coureurs-francais\/\"]}]},{\"@type\":\"ImageObject\",\"inLanguage\":\"fr-FR\",\"@id\":\"https:\/\/dicodusport.fr\/blog\/tour-de-france-2022-que-peuvent-esperer-les-coureurs-francais\/#primaryimage\",\"url\":\"https:\/\/dicodusport.fr\/blog\/wp-content\/uploads\/2022\/06\/Tour-de-France-2022-Que-peuvent-esperer-les-coureurs-francais-.png\",\"contentUrl\":\"https:\/\/dicodusport.fr\/blog\/wp-content\/uploads\/2022\/06\/Tour-de-France-2022-Que-peuvent-esperer-les-coureurs-francais-.png\",\"width\":800,\"height\":445,\"caption\":\"Tour de France 2022 Que peuvent esp\u00e9rer les coureurs fran\u00e7ais\"},{\"@type\":\"BreadcrumbList\",\"@id\":\"https:\/\/dicodusport.fr\/blog\/tour-de-france-2022-que-peuvent-esperer-les-coureurs-francais\/#breadcrumb\",\"itemListElement\":[{\"@type\":\"ListItem\",\"position\":1,\"name\":\"Accueil\",\"item\":\"https:\/\/dicodusport.fr\/blog\/\"},{\"@type\":\"ListItem\",\"position\":2,\"name\":\"Tour de France 2022 : Que peuvent esp\u00e9rer les coureurs fran\u00e7ais ?\"}]},{\"@type\":\"WebSite\",\"@id\":\"https:\/\/dicodusport.fr\/blog\/#website\",\"url\":\"https:\/\/dicodusport.fr\/blog\/\",\"name\":\"Dicodusport\",\"description\":\"L&#039;encyclop\u00e9die de l&#039;actualit\u00e9 sportive\",\"publisher\":{\"@id\":\"https:\/\/dicodusport.fr\/blog\/#organization\"},\"potentialAction\":[{\"@type\":\"SearchAction\",\"target\":{\"@type\":\"EntryPoint\",\"urlTemplate\":\"https:\/\/dicodusport.fr\/blog\/?s={search_term_string}\"},\"query-input\":{\"@type\":\"PropertyValueSpecification\",\"valueRequired\":true,\"valueName\":\"search_term_string\"}}],\"inLanguage\":\"fr-FR\"},{\"@type\":\"NewsMediaOrganization\",\"@id\":\"https:\/\/dicodusport.fr\/blog\/#organization\",\"name\":\"Dicodusport\",\"url\":\"https:\/\/dicodusport.fr\/blog\/\",\"logo\":{\"@type\":\"ImageObject\",\"inLanguage\":\"fr-FR\",\"@id\":\"https:\/\/dicodusport.fr\/blog\/#\/schema\/logo\/image\/\",\"url\":\"https:\/\/dicodusport.fr\/blog\/wp-content\/uploads\/2020\/06\/cropped-LOGO-DICODUSPORT-2020-SANS-FOND-SANS-TEXTE.png\",\"contentUrl\":\"https:\/\/dicodusport.fr\/blog\/wp-content\/uploads\/2020\/06\/cropped-LOGO-DICODUSPORT-2020-SANS-FOND-SANS-TEXTE.png\",\"width\":512,\"height\":512,\"caption\":\"Dicodusport\"},\"image\":{\"@id\":\"https:\/\/dicodusport.fr\/blog\/#\/schema\/logo\/image\/\"},\"sameAs\":[\"https:\/\/www.facebook.com\/dicodusport\",\"https:\/\/x.com\/dicodusport\",\"https:\/\/www.instagram.com\/dicodusport\/\",\"https:\/\/www.youtube.com\/channel\/UC7V2KZ5sd3htJivAbA4ZG3w\"],\"description\":\"Dicodusport est l'encyclop\u00e9die de l'actualit\u00e9 sportive.\",\"email\":\"bonjour@dicodusport.fr\",\"legalName\":\"DICODUSPORT\",\"foundingDate\":\"2018-01-14\",\"vatID\":\"FR71834470973\",\"taxID\":\"83447097300043\",\"numberOfEmployees\":{\"@type\":\"QuantitativeValue\",\"minValue\":\"1\",\"maxValue\":\"10\"}},{\"@type\":\"Person\",\"@id\":\"https:\/\/dicodusport.fr\/blog\/#\/schema\/person\/183f6114b9bb0ac446af1dc1f2900036\",\"name\":\"Fran\u00e7ois-Xavier Tosques\",\"image\":{\"@type\":\"ImageObject\",\"inLanguage\":\"fr-FR\",\"@id\":\"https:\/\/dicodusport.fr\/blog\/#\/schema\/person\/image\/\",\"url\":\"https:\/\/dicodusport.fr\/blog\/wp-content\/uploads\/2020\/06\/cropped-LOGO-DICODUSPORT-2020-SANS-FOND-SANS-TEXTE-150x150.png\",\"contentUrl\":\"https:\/\/dicodusport.fr\/blog\/wp-content\/uploads\/2020\/06\/cropped-LOGO-DICODUSPORT-2020-SANS-FOND-SANS-TEXTE-150x150.png\",\"caption\":\"Fran\u00e7ois-Xavier Tosques\"},\"url\":\"https:\/\/dicodusport.fr\/blog\/author\/fx-tosques\/\"}]}<\/script>\n<!-- \/ Yoast SEO Premium plugin. -->","yoast_head_json":{"title":"Tour de France 2022 : Que peuvent esp\u00e9rer les coureurs fran\u00e7ais ?","description":"Tour de France 2022 : apr\u00e8s une premi\u00e8re partie de saison faste, que peut-on esp\u00e9rer des coureurs tricolores sur cette Grande Boucle ?","robots":{"index":"index","follow":"follow","max-snippet":"max-snippet:-1","max-image-preview":"max-image-preview:large","max-video-preview":"max-video-preview:-1"},"canonical":"https:\/\/dicodusport.fr\/blog\/tour-de-france-2022-que-peuvent-esperer-les-coureurs-francais\/","og_locale":"fr_FR","og_type":"article","og_title":"Tour de France 2022 : Que peuvent esp\u00e9rer les coureurs fran\u00e7ais ?","og_description":"Tour de France 2022 : apr\u00e8s une premi\u00e8re partie de saison faste, que peut-on esp\u00e9rer des coureurs tricolores sur cette Grande Boucle ?","og_url":"https:\/\/dicodusport.fr\/blog\/tour-de-france-2022-que-peuvent-esperer-les-coureurs-francais\/","og_site_name":"Dicodusport","article_publisher":"https:\/\/www.facebook.com\/dicodusport","article_published_time":"2022-06-29T16:05:23+00:00","article_modified_time":"2022-06-30T13:12:45+00:00","og_image":[{"width":800,"height":445,"url":"https:\/\/dicodusport.fr\/blog\/wp-content\/uploads\/2022\/06\/Tour-de-France-2022-Que-peuvent-esperer-les-coureurs-francais-.png","type":"image\/png"}],"author":"Fran\u00e7ois-Xavier Tosques","twitter_card":"summary_large_image","twitter_title":"Tour de France 2022 : Que peuvent esp\u00e9rer les coureurs fran\u00e7ais ?","twitter_creator":"@dicodusport","twitter_site":"@dicodusport","schema":{"@context":"https:\/\/schema.org","@graph":[{"@type":"NewsArticle","@id":"https:\/\/dicodusport.fr\/blog\/tour-de-france-2022-que-peuvent-esperer-les-coureurs-francais\/#article","isPartOf":{"@id":"https:\/\/dicodusport.fr\/blog\/tour-de-france-2022-que-peuvent-esperer-les-coureurs-francais\/"},"author":{"name":"Fran\u00e7ois-Xavier Tosques","@id":"https:\/\/dicodusport.fr\/blog\/#\/schema\/person\/183f6114b9bb0ac446af1dc1f2900036"},"headline":"Tour de France 2022 : Que peuvent esp\u00e9rer les coureurs fran\u00e7ais ?","datePublished":"2022-06-29T16:05:23+00:00","dateModified":"2022-06-30T13:12:45+00:00","mainEntityOfPage":{"@id":"https:\/\/dicodusport.fr\/blog\/tour-de-france-2022-que-peuvent-esperer-les-coureurs-francais\/"},"wordCount":912,"commentCount":0,"publisher":{"@id":"https:\/\/dicodusport.fr\/blog\/#organization"},"image":{"@id":"https:\/\/dicodusport.fr\/blog\/tour-de-france-2022-que-peuvent-esperer-les-coureurs-francais\/#primaryimage"},"thumbnailUrl":"https:\/\/dicodusport.fr\/blog\/wp-content\/uploads\/2022\/06\/Tour-de-France-2022-Que-peuvent-esperer-les-coureurs-francais-.png","keywords":["Florian S\u00e9n\u00e9chal","Pierre Rolland","Romain Bardet"],"articleSection":["Tour de France"],"inLanguage":"fr-FR","potentialAction":[{"@type":"CommentAction","name":"Comment","target":["https:\/\/dicodusport.fr\/blog\/tour-de-france-2022-que-peuvent-esperer-les-coureurs-francais\/#respond"]}],"copyrightYear":"2022","copyrightHolder":{"@id":"https:\/\/dicodusport.fr\/blog\/#organization"}},{"@type":"WebPage","@id":"https:\/\/dicodusport.fr\/blog\/tour-de-france-2022-que-peuvent-esperer-les-coureurs-francais\/","url":"https:\/\/dicodusport.fr\/blog\/tour-de-france-2022-que-peuvent-esperer-les-coureurs-francais\/","name":"Tour de France 2022 : Que peuvent esp\u00e9rer les coureurs fran\u00e7ais ?","isPartOf":{"@id":"https:\/\/dicodusport.fr\/blog\/#website"},"primaryImageOfPage":{"@id":"https:\/\/dicodusport.fr\/blog\/tour-de-france-2022-que-peuvent-esperer-les-coureurs-francais\/#primaryimage"},"image":{"@id":"https:\/\/dicodusport.fr\/blog\/tour-de-france-2022-que-peuvent-esperer-les-coureurs-francais\/#primaryimage"},"thumbnailUrl":"https:\/\/dicodusport.fr\/blog\/wp-content\/uploads\/2022\/06\/Tour-de-France-2022-Que-peuvent-esperer-les-coureurs-francais-.png","datePublished":"2022-06-29T16:05:23+00:00","dateModified":"2022-06-30T13:12:45+00:00","description":"Tour de France 2022 : apr\u00e8s une premi\u00e8re partie de saison faste, que peut-on esp\u00e9rer des coureurs tricolores sur cette Grande Boucle ?","breadcrumb":{"@id":"https:\/\/dicodusport.fr\/blog\/tour-de-france-2022-que-peuvent-esperer-les-coureurs-francais\/#breadcrumb"},"inLanguage":"fr-FR","potentialAction":[{"@type":"ReadAction","target":["https:\/\/dicodusport.fr\/blog\/tour-de-france-2022-que-peuvent-esperer-les-coureurs-francais\/"]}]},{"@type":"ImageObject","inLanguage":"fr-FR","@id":"https:\/\/dicodusport.fr\/blog\/tour-de-france-2022-que-peuvent-esperer-les-coureurs-francais\/#primaryimage","url":"https:\/\/dicodusport.fr\/blog\/wp-content\/uploads\/2022\/06\/Tour-de-France-2022-Que-peuvent-esperer-les-coureurs-francais-.png","contentUrl":"https:\/\/dicodusport.fr\/blog\/wp-content\/uploads\/2022\/06\/Tour-de-France-2022-Que-peuvent-esperer-les-coureurs-francais-.png","width":800,"height":445,"caption":"Tour de France 2022 Que peuvent esp\u00e9rer les coureurs fran\u00e7ais"},{"@type":"BreadcrumbList","@id":"https:\/\/dicodusport.fr\/blog\/tour-de-france-2022-que-peuvent-esperer-les-coureurs-francais\/#breadcrumb","itemListElement":[{"@type":"ListItem","position":1,"name":"Accueil","item":"https:\/\/dicodusport.fr\/blog\/"},{"@type":"ListItem","position":2,"name":"Tour de France 2022 : Que peuvent esp\u00e9rer les coureurs fran\u00e7ais ?"}]},{"@type":"WebSite","@id":"https:\/\/dicodusport.fr\/blog\/#website","url":"https:\/\/dicodusport.fr\/blog\/","name":"Dicodusport","description":"L&#039;encyclop\u00e9die de l&#039;actualit\u00e9 sportive","publisher":{"@id":"https:\/\/dicodusport.fr\/blog\/#organization"},"potentialAction":[{"@type":"SearchAction","target":{"@type":"EntryPoint","urlTemplate":"https:\/\/dicodusport.fr\/blog\/?s={search_term_string}"},"query-input":{"@type":"PropertyValueSpecification","valueRequired":true,"valueName":"search_term_string"}}],"inLanguage":"fr-FR"},{"@type":"NewsMediaOrganization","@id":"https:\/\/dicodusport.fr\/blog\/#organization","name":"Dicodusport","url":"https:\/\/dicodusport.fr\/blog\/","logo":{"@type":"ImageObject","inLanguage":"fr-FR","@id":"https:\/\/dicodusport.fr\/blog\/#\/schema\/logo\/image\/","url":"https:\/\/dicodusport.fr\/blog\/wp-content\/uploads\/2020\/06\/cropped-LOGO-DICODUSPORT-2020-SANS-FOND-SANS-TEXTE.png","contentUrl":"https:\/\/dicodusport.fr\/blog\/wp-content\/uploads\/2020\/06\/cropped-LOGO-DICODUSPORT-2020-SANS-FOND-SANS-TEXTE.png","width":512,"height":512,"caption":"Dicodusport"},"image":{"@id":"https:\/\/dicodusport.fr\/blog\/#\/schema\/logo\/image\/"},"sameAs":["https:\/\/www.facebook.com\/dicodusport","https:\/\/x.com\/dicodusport","https:\/\/www.instagram.com\/dicodusport\/","https:\/\/www.youtube.com\/channel\/UC7V2KZ5sd3htJivAbA4ZG3w"],"description":"Dicodusport est l'encyclop\u00e9die de l'actualit\u00e9 sportive.","email":"bonjour@dicodusport.fr","legalName":"DICODUSPORT","foundingDate":"2018-01-14","vatID":"FR71834470973","taxID":"83447097300043","numberOfEmployees":{"@type":"QuantitativeValue","minValue":"1","maxValue":"10"}},{"@type":"Person","@id":"https:\/\/dicodusport.fr\/blog\/#\/schema\/person\/183f6114b9bb0ac446af1dc1f2900036","name":"Fran\u00e7ois-Xavier Tosques","image":{"@type":"ImageObject","inLanguage":"fr-FR","@id":"https:\/\/dicodusport.fr\/blog\/#\/schema\/person\/image\/","url":"https:\/\/dicodusport.fr\/blog\/wp-content\/uploads\/2020\/06\/cropped-LOGO-DICODUSPORT-2020-SANS-FOND-SANS-TEXTE-150x150.png","contentUrl":"https:\/\/dicodusport.fr\/blog\/wp-content\/uploads\/2020\/06\/cropped-LOGO-DICODUSPORT-2020-SANS-FOND-SANS-TEXTE-150x150.png","caption":"Fran\u00e7ois-Xavier Tosques"},"url":"https:\/\/dicodusport.fr\/blog\/author\/fx-tosques\/"}]}},"_links":{"self":[{"href":"https:\/\/dicodusport.fr\/blog\/wp-json\/wp\/v2\/posts\/238143","targetHints":{"allow":["GET"]}}],"collection":[{"href":"https:\/\/dicodusport.fr\/blog\/wp-json\/wp\/v2\/posts"}],"about":[{"href":"https:\/\/dicodusport.fr\/blog\/wp-json\/wp\/v2\/types\/post"}],"author":[{"embeddable":true,"href":"https:\/\/dicodusport.fr\/blog\/wp-json\/wp\/v2\/users\/71"}],"replies":[{"embeddable":true,"href":"https:\/\/dicodusport.fr\/blog\/wp-json\/wp\/v2\/comments?post=238143"}],"version-history":[{"count":0,"href":"https:\/\/dicodusport.fr\/blog\/wp-json\/wp\/v2\/posts\/238143\/revisions"}],"wp:featuredmedia":[{"embeddable":true,"href":"https:\/\/dicodusport.fr\/blog\/wp-json\/wp\/v2\/media\/238379"}],"wp:attachment":[{"href":"https:\/\/dicodusport.fr\/blog\/wp-json\/wp\/v2\/media?parent=238143"}],"wp:term":[{"taxonomy":"category","embeddable":true,"href":"https:\/\/dicodusport.fr\/blog\/wp-json\/wp\/v2\/categories?post=238143"},{"taxonomy":"post_tag","embeddable":true,"href":"https:\/\/dicodusport.fr\/blog\/wp-json\/wp\/v2\/tags?post=238143"}],"curies":[{"name":"wp","href":"https:\/\/api.w.org\/{rel}","templated":true}]}}