{"id":238305,"date":"2022-06-29T14:14:01","date_gmt":"2022-06-29T12:14:01","guid":{"rendered":"https:\/\/dicodusport.fr\/blog\/?p=238305&#038;preview=true&#038;preview_id=238305"},"modified":"2022-06-29T14:17:47","modified_gmt":"2022-06-29T12:17:47","slug":"tour-de-france-2022-thibaut-pinot-a-eu-la-covid-19-mais-sera-bien-au-depart-a-copenhague","status":"publish","type":"post","link":"https:\/\/dicodusport.fr\/blog\/tour-de-france-2022-thibaut-pinot-a-eu-la-covid-19-mais-sera-bien-au-depart-a-copenhague\/","title":{"rendered":"Tour de France 2022 : Thibaut Pinot a eu la Covid-19 mais sera bien au d\u00e9part \u00e0 Copenhague"},"content":{"rendered":"<p style=\"text-align: justify;\"><b><i><a href=\"https:\/\/dicodusport.fr\/blog\/actualites\/cyclisme\/cyclisme-sur-route-2022\/tour-de-france-2022\/\">TOUR DE FRANCE 2022<\/a> &#8211; On est pass\u00e9 proche d&rsquo;un nouveau m\u00e9lodrame entre Thibaut Pinot et le Tour de France. Ce dernier a \u00e9t\u00e9 test\u00e9 positif \u00e0 la Covid-19 juste apr\u00e8s le Tour de Suisse, il y a une semaine.<\/i><\/b><\/p>\n<p style=\"text-align: justify;\">Comme l&rsquo;a confirm\u00e9 son \u00e9quipe, la <strong>Groupama-FDJ<\/strong>, <strong>Thibaut Pinot<\/strong> a eu la Covid-19 juste apr\u00e8s le Tour de Suisse. Mais pas de panique, son dernier test est n\u00e9gatif et il sera bien au grand d\u00e9part vendredi, au Danemark. Ses plus fid\u00e8les supporters avaient soup\u00e7onn\u00e9 quelque chose, puisque Thibaut Pinot n&rsquo;avait post\u00e9 aucune sortie sur <strong>Strava<\/strong> depuis plusieurs jours. Le grimpeur tricolore n&rsquo;a pas \u00e9t\u00e9 le seul \u00e0 donner des sueurs froides \u00e0 <strong>Marc Madiot<\/strong>, puisque <strong>Stefan K\u00fcng<\/strong> a aussi \u00e9t\u00e9 test\u00e9 positif suite \u00e0 son tour national. Mais le Suisse sera bien au d\u00e9part vendredi, avec l&rsquo;ambition de remporter le chrono pour prendre le maillot jaune dans les rues de Copenhague.<\/p>\n<blockquote class=\"twitter-tweet\">\n<p dir=\"ltr\" lang=\"fr\">Thibaut Pinot et Stefan K\u00fcng sont d\u00e9sormais aptes \u00e0 prendre le d\u00e9part du Tour de France. Ils avaient \u00e9t\u00e9 test\u00e9s positifs \u00e0 la Covid-19 juste apr\u00e8s le Tour de Suisse. <a href=\"https:\/\/t.co\/AJbqRi48Yd\">pic.twitter.com\/AJbqRi48Yd<\/a><\/p>\n<p>\u2014 \u00c9quipe Cycliste Groupama-FDJ (@GroupamaFDJ) <a href=\"https:\/\/twitter.com\/GroupamaFDJ\/status\/1542111932395802624?ref_src=twsrc%5Etfw\">June 29, 2022<\/a><\/p><\/blockquote>\n<p><script async src=\"https:\/\/platform.twitter.com\/widgets.js\" charset=\"utf-8\"><\/script><\/p>\n<ul>\n<li style=\"text-align: justify;\"><strong>\u00c0 lire aussi &#8211; <a href=\"https:\/\/dicodusport.fr\/blog\/toute-lactualite-du-tour-de-france-2022\/\">Toute l&rsquo;actualit\u00e9 du Tour de France 2022<\/a><\/strong><\/li>\n<\/ul>\n","protected":false},"excerpt":{"rendered":"<p>TOUR DE FRANCE 2022 &#8211; On est pass\u00e9 proche d&rsquo;un nouveau m\u00e9lodrame entre Thibaut Pinot et le Tour de France. Ce dernier a \u00e9t\u00e9 test\u00e9 positif \u00e0 la Covid-19 juste apr\u00e8s le Tour de Suisse, il y a une semaine.<\/p>\n","protected":false},"author":1,"featured_media":238312,"comment_status":"open","ping_status":"closed","sticky":false,"template":"","format":"standard","meta":{"_acf_changed":false,"_daextam_enable_autolinks":"","footnotes":""},"categories":[46995],"tags":[3279,4839],"class_list":["post-238305","post","type-post","status-publish","format-standard","has-post-thumbnail","hentry","category-tour-de-france","tag-groupama-fdj","tag-thibaut-pinot"],"acf":[],"yoast_head":"<!-- This site is optimized with the Yoast SEO Premium plugin v26.7 (Yoast SEO v26.7) - https:\/\/yoast.com\/wordpress\/plugins\/seo\/ -->\n<title>Tour de France 2022 : Thibaut Pinot a eu la Covid-19 mais sera bien au d\u00e9part \u00e0 Copenhague<\/title>\n<meta name=\"description\" content=\"TOUR DE FRANCE 2022 - On est pass\u00e9 proche d&#039;un nouveau m\u00e9lodrame entre Thibaut Pinot et le Tour de France.\" \/>\n<meta name=\"robots\" content=\"index, follow, max-snippet:-1, max-image-preview:large, max-video-preview:-1\" \/>\n<link rel=\"canonical\" href=\"https:\/\/dicodusport.fr\/blog\/tour-de-france-2022-thibaut-pinot-a-eu-la-covid-19-mais-sera-bien-au-depart-a-copenhague\/\" \/>\n<meta property=\"og:locale\" content=\"fr_FR\" \/>\n<meta property=\"og:type\" content=\"article\" \/>\n<meta property=\"og:title\" content=\"Tour de France 2022 : Thibaut Pinot a eu la Covid-19 mais sera bien au d\u00e9part \u00e0 Copenhague\" \/>\n<meta property=\"og:description\" content=\"TOUR DE FRANCE 2022 - On est pass\u00e9 proche d&#039;un nouveau m\u00e9lodrame entre Thibaut Pinot et le Tour de France.\" \/>\n<meta property=\"og:url\" content=\"https:\/\/dicodusport.fr\/blog\/tour-de-france-2022-thibaut-pinot-a-eu-la-covid-19-mais-sera-bien-au-depart-a-copenhague\/\" \/>\n<meta property=\"og:site_name\" content=\"Dicodusport\" \/>\n<meta property=\"article:publisher\" content=\"https:\/\/www.facebook.com\/dicodusport\" \/>\n<meta property=\"article:author\" content=\"https:\/\/www.facebook.com\/dicodusport\" \/>\n<meta property=\"article:published_time\" content=\"2022-06-29T12:14:01+00:00\" \/>\n<meta property=\"article:modified_time\" content=\"2022-06-29T12:17:47+00:00\" \/>\n<meta property=\"og:image\" content=\"https:\/\/dicodusport.fr\/blog\/wp-content\/uploads\/2022\/06\/Tour-de-France-2022-Thibaut-Pinot-a-eu-la-Covid-19-mais-sera-bien-au-de\u0301part-a\u0300-Copenhague.png\" \/>\n\t<meta property=\"og:image:width\" content=\"800\" \/>\n\t<meta property=\"og:image:height\" content=\"445\" \/>\n\t<meta property=\"og:image:type\" content=\"image\/png\" \/>\n<meta name=\"author\" content=\"Nicolas Jacquemard\" \/>\n<meta name=\"twitter:card\" content=\"summary_large_image\" \/>\n<meta name=\"twitter:title\" content=\"Tour de France 2022 : Thibaut Pinot a eu la Covid-19 mais sera bien au d\u00e9part \u00e0 Copenhague\" \/>\n<meta name=\"twitter:creator\" content=\"@https:\/\/twitter.com\/Nico_Jacquemard\" \/>\n<meta name=\"twitter:site\" content=\"@dicodusport\" \/>\n<script type=\"application\/ld+json\" class=\"yoast-schema-graph\">{\"@context\":\"https:\/\/schema.org\",\"@graph\":[{\"@type\":\"NewsArticle\",\"@id\":\"https:\/\/dicodusport.fr\/blog\/tour-de-france-2022-thibaut-pinot-a-eu-la-covid-19-mais-sera-bien-au-depart-a-copenhague\/#article\",\"isPartOf\":{\"@id\":\"https:\/\/dicodusport.fr\/blog\/tour-de-france-2022-thibaut-pinot-a-eu-la-covid-19-mais-sera-bien-au-depart-a-copenhague\/\"},\"author\":{\"name\":\"Nicolas Jacquemard\",\"@id\":\"https:\/\/dicodusport.fr\/blog\/#\/schema\/person\/55dcb50ad410894e431ed812bbb70191\"},\"headline\":\"Tour de France 2022 : Thibaut Pinot a eu la Covid-19 mais sera bien au d\u00e9part \u00e0 Copenhague\",\"datePublished\":\"2022-06-29T12:14:01+00:00\",\"dateModified\":\"2022-06-29T12:17:47+00:00\",\"mainEntityOfPage\":{\"@id\":\"https:\/\/dicodusport.fr\/blog\/tour-de-france-2022-thibaut-pinot-a-eu-la-covid-19-mais-sera-bien-au-depart-a-copenhague\/\"},\"wordCount\":229,\"commentCount\":0,\"publisher\":{\"@id\":\"https:\/\/dicodusport.fr\/blog\/#organization\"},\"image\":{\"@id\":\"https:\/\/dicodusport.fr\/blog\/tour-de-france-2022-thibaut-pinot-a-eu-la-covid-19-mais-sera-bien-au-depart-a-copenhague\/#primaryimage\"},\"thumbnailUrl\":\"https:\/\/dicodusport.fr\/blog\/wp-content\/uploads\/2022\/06\/Tour-de-France-2022-Thibaut-Pinot-a-eu-la-Covid-19-mais-sera-bien-au-de\u0301part-a\u0300-Copenhague.png\",\"keywords\":[\"Groupama FDJ\",\"Thibaut Pinot\"],\"articleSection\":[\"Tour de France\"],\"inLanguage\":\"fr-FR\",\"potentialAction\":[{\"@type\":\"CommentAction\",\"name\":\"Comment\",\"target\":[\"https:\/\/dicodusport.fr\/blog\/tour-de-france-2022-thibaut-pinot-a-eu-la-covid-19-mais-sera-bien-au-depart-a-copenhague\/#respond\"]}],\"copyrightYear\":\"2022\",\"copyrightHolder\":{\"@id\":\"https:\/\/dicodusport.fr\/blog\/#organization\"}},{\"@type\":\"WebPage\",\"@id\":\"https:\/\/dicodusport.fr\/blog\/tour-de-france-2022-thibaut-pinot-a-eu-la-covid-19-mais-sera-bien-au-depart-a-copenhague\/\",\"url\":\"https:\/\/dicodusport.fr\/blog\/tour-de-france-2022-thibaut-pinot-a-eu-la-covid-19-mais-sera-bien-au-depart-a-copenhague\/\",\"name\":\"Tour de France 2022 : Thibaut Pinot a eu la Covid-19 mais sera bien au d\u00e9part \u00e0 Copenhague\",\"isPartOf\":{\"@id\":\"https:\/\/dicodusport.fr\/blog\/#website\"},\"primaryImageOfPage\":{\"@id\":\"https:\/\/dicodusport.fr\/blog\/tour-de-france-2022-thibaut-pinot-a-eu-la-covid-19-mais-sera-bien-au-depart-a-copenhague\/#primaryimage\"},\"image\":{\"@id\":\"https:\/\/dicodusport.fr\/blog\/tour-de-france-2022-thibaut-pinot-a-eu-la-covid-19-mais-sera-bien-au-depart-a-copenhague\/#primaryimage\"},\"thumbnailUrl\":\"https:\/\/dicodusport.fr\/blog\/wp-content\/uploads\/2022\/06\/Tour-de-France-2022-Thibaut-Pinot-a-eu-la-Covid-19-mais-sera-bien-au-de\u0301part-a\u0300-Copenhague.png\",\"datePublished\":\"2022-06-29T12:14:01+00:00\",\"dateModified\":\"2022-06-29T12:17:47+00:00\",\"description\":\"TOUR DE FRANCE 2022 - On est pass\u00e9 proche d'un nouveau m\u00e9lodrame entre Thibaut Pinot et le Tour de France.\",\"breadcrumb\":{\"@id\":\"https:\/\/dicodusport.fr\/blog\/tour-de-france-2022-thibaut-pinot-a-eu-la-covid-19-mais-sera-bien-au-depart-a-copenhague\/#breadcrumb\"},\"inLanguage\":\"fr-FR\",\"potentialAction\":[{\"@type\":\"ReadAction\",\"target\":[\"https:\/\/dicodusport.fr\/blog\/tour-de-france-2022-thibaut-pinot-a-eu-la-covid-19-mais-sera-bien-au-depart-a-copenhague\/\"]}]},{\"@type\":\"ImageObject\",\"inLanguage\":\"fr-FR\",\"@id\":\"https:\/\/dicodusport.fr\/blog\/tour-de-france-2022-thibaut-pinot-a-eu-la-covid-19-mais-sera-bien-au-depart-a-copenhague\/#primaryimage\",\"url\":\"https:\/\/dicodusport.fr\/blog\/wp-content\/uploads\/2022\/06\/Tour-de-France-2022-Thibaut-Pinot-a-eu-la-Covid-19-mais-sera-bien-au-de\u0301part-a\u0300-Copenhague.png\",\"contentUrl\":\"https:\/\/dicodusport.fr\/blog\/wp-content\/uploads\/2022\/06\/Tour-de-France-2022-Thibaut-Pinot-a-eu-la-Covid-19-mais-sera-bien-au-de\u0301part-a\u0300-Copenhague.png\",\"width\":800,\"height\":445},{\"@type\":\"BreadcrumbList\",\"@id\":\"https:\/\/dicodusport.fr\/blog\/tour-de-france-2022-thibaut-pinot-a-eu-la-covid-19-mais-sera-bien-au-depart-a-copenhague\/#breadcrumb\",\"itemListElement\":[{\"@type\":\"ListItem\",\"position\":1,\"name\":\"Accueil\",\"item\":\"https:\/\/dicodusport.fr\/blog\/\"},{\"@type\":\"ListItem\",\"position\":2,\"name\":\"Tour de France 2022 : Thibaut Pinot a eu la Covid-19 mais sera bien au d\u00e9part \u00e0 Copenhague\"}]},{\"@type\":\"WebSite\",\"@id\":\"https:\/\/dicodusport.fr\/blog\/#website\",\"url\":\"https:\/\/dicodusport.fr\/blog\/\",\"name\":\"Dicodusport\",\"description\":\"L&#039;encyclop\u00e9die de l&#039;actualit\u00e9 sportive\",\"publisher\":{\"@id\":\"https:\/\/dicodusport.fr\/blog\/#organization\"},\"potentialAction\":[{\"@type\":\"SearchAction\",\"target\":{\"@type\":\"EntryPoint\",\"urlTemplate\":\"https:\/\/dicodusport.fr\/blog\/?s={search_term_string}\"},\"query-input\":{\"@type\":\"PropertyValueSpecification\",\"valueRequired\":true,\"valueName\":\"search_term_string\"}}],\"inLanguage\":\"fr-FR\"},{\"@type\":\"NewsMediaOrganization\",\"@id\":\"https:\/\/dicodusport.fr\/blog\/#organization\",\"name\":\"Dicodusport\",\"url\":\"https:\/\/dicodusport.fr\/blog\/\",\"logo\":{\"@type\":\"ImageObject\",\"inLanguage\":\"fr-FR\",\"@id\":\"https:\/\/dicodusport.fr\/blog\/#\/schema\/logo\/image\/\",\"url\":\"https:\/\/dicodusport.fr\/blog\/wp-content\/uploads\/2020\/06\/cropped-LOGO-DICODUSPORT-2020-SANS-FOND-SANS-TEXTE.png\",\"contentUrl\":\"https:\/\/dicodusport.fr\/blog\/wp-content\/uploads\/2020\/06\/cropped-LOGO-DICODUSPORT-2020-SANS-FOND-SANS-TEXTE.png\",\"width\":512,\"height\":512,\"caption\":\"Dicodusport\"},\"image\":{\"@id\":\"https:\/\/dicodusport.fr\/blog\/#\/schema\/logo\/image\/\"},\"sameAs\":[\"https:\/\/www.facebook.com\/dicodusport\",\"https:\/\/x.com\/dicodusport\",\"https:\/\/www.instagram.com\/dicodusport\/\",\"https:\/\/www.youtube.com\/channel\/UC7V2KZ5sd3htJivAbA4ZG3w\"],\"description\":\"Dicodusport est l'encyclop\u00e9die de l'actualit\u00e9 sportive.\",\"email\":\"bonjour@dicodusport.fr\",\"legalName\":\"DICODUSPORT\",\"foundingDate\":\"2018-01-14\",\"vatID\":\"FR71834470973\",\"taxID\":\"83447097300043\",\"numberOfEmployees\":{\"@type\":\"QuantitativeValue\",\"minValue\":\"1\",\"maxValue\":\"10\"}},{\"@type\":\"Person\",\"@id\":\"https:\/\/dicodusport.fr\/blog\/#\/schema\/person\/55dcb50ad410894e431ed812bbb70191\",\"name\":\"Nicolas Jacquemard\",\"image\":{\"@type\":\"ImageObject\",\"inLanguage\":\"fr-FR\",\"@id\":\"https:\/\/dicodusport.fr\/blog\/#\/schema\/person\/image\/\",\"url\":\"https:\/\/dicodusport.fr\/blog\/wp-content\/uploads\/2021\/05\/Nicolas-Jacquemard-150x150.jpeg\",\"contentUrl\":\"https:\/\/dicodusport.fr\/blog\/wp-content\/uploads\/2021\/05\/Nicolas-Jacquemard-150x150.jpeg\",\"caption\":\"Nicolas Jacquemard\"},\"description\":\"Passionn\u00e9 de sport et entrepreneur depuis mes 18 ans, la cr\u00e9ation de Dicodusport m'a sembl\u00e9 \u00e9vidente pour participer \u00e0 la m\u00e9diatisation d'un plus grand nombre de sports. Le chemin est long mais avec une \u00e9quipe des plus motiv\u00e9es et les Jeux Olympiques de Paris 2024 en point de mire, nous y arriverons ! Journaliste dans le monde du sport depuis plus de 5 ans, je traite aussi bien de football, de rugby, de biathlon que de cyclisme.\",\"sameAs\":[\"https:\/\/www.facebook.com\/dicodusport\",\"https:\/\/x.com\/https:\/\/twitter.com\/Nico_Jacquemard\"],\"url\":\"https:\/\/dicodusport.fr\/blog\/author\/dicodusport\/\"}]}<\/script>\n<!-- \/ Yoast SEO Premium plugin. -->","yoast_head_json":{"title":"Tour de France 2022 : Thibaut Pinot a eu la Covid-19 mais sera bien au d\u00e9part \u00e0 Copenhague","description":"TOUR DE FRANCE 2022 - On est pass\u00e9 proche d'un nouveau m\u00e9lodrame entre Thibaut Pinot et le Tour de France.","robots":{"index":"index","follow":"follow","max-snippet":"max-snippet:-1","max-image-preview":"max-image-preview:large","max-video-preview":"max-video-preview:-1"},"canonical":"https:\/\/dicodusport.fr\/blog\/tour-de-france-2022-thibaut-pinot-a-eu-la-covid-19-mais-sera-bien-au-depart-a-copenhague\/","og_locale":"fr_FR","og_type":"article","og_title":"Tour de France 2022 : Thibaut Pinot a eu la Covid-19 mais sera bien au d\u00e9part \u00e0 Copenhague","og_description":"TOUR DE FRANCE 2022 - On est pass\u00e9 proche d'un nouveau m\u00e9lodrame entre Thibaut Pinot et le Tour de France.","og_url":"https:\/\/dicodusport.fr\/blog\/tour-de-france-2022-thibaut-pinot-a-eu-la-covid-19-mais-sera-bien-au-depart-a-copenhague\/","og_site_name":"Dicodusport","article_publisher":"https:\/\/www.facebook.com\/dicodusport","article_author":"https:\/\/www.facebook.com\/dicodusport","article_published_time":"2022-06-29T12:14:01+00:00","article_modified_time":"2022-06-29T12:17:47+00:00","og_image":[{"width":800,"height":445,"url":"https:\/\/dicodusport.fr\/blog\/wp-content\/uploads\/2022\/06\/Tour-de-France-2022-Thibaut-Pinot-a-eu-la-Covid-19-mais-sera-bien-au-de\u0301part-a\u0300-Copenhague.png","type":"image\/png"}],"author":"Nicolas Jacquemard","twitter_card":"summary_large_image","twitter_title":"Tour de France 2022 : Thibaut Pinot a eu la Covid-19 mais sera bien au d\u00e9part \u00e0 Copenhague","twitter_creator":"@https:\/\/twitter.com\/Nico_Jacquemard","twitter_site":"@dicodusport","schema":{"@context":"https:\/\/schema.org","@graph":[{"@type":"NewsArticle","@id":"https:\/\/dicodusport.fr\/blog\/tour-de-france-2022-thibaut-pinot-a-eu-la-covid-19-mais-sera-bien-au-depart-a-copenhague\/#article","isPartOf":{"@id":"https:\/\/dicodusport.fr\/blog\/tour-de-france-2022-thibaut-pinot-a-eu-la-covid-19-mais-sera-bien-au-depart-a-copenhague\/"},"author":{"name":"Nicolas Jacquemard","@id":"https:\/\/dicodusport.fr\/blog\/#\/schema\/person\/55dcb50ad410894e431ed812bbb70191"},"headline":"Tour de France 2022 : Thibaut Pinot a eu la Covid-19 mais sera bien au d\u00e9part \u00e0 Copenhague","datePublished":"2022-06-29T12:14:01+00:00","dateModified":"2022-06-29T12:17:47+00:00","mainEntityOfPage":{"@id":"https:\/\/dicodusport.fr\/blog\/tour-de-france-2022-thibaut-pinot-a-eu-la-covid-19-mais-sera-bien-au-depart-a-copenhague\/"},"wordCount":229,"commentCount":0,"publisher":{"@id":"https:\/\/dicodusport.fr\/blog\/#organization"},"image":{"@id":"https:\/\/dicodusport.fr\/blog\/tour-de-france-2022-thibaut-pinot-a-eu-la-covid-19-mais-sera-bien-au-depart-a-copenhague\/#primaryimage"},"thumbnailUrl":"https:\/\/dicodusport.fr\/blog\/wp-content\/uploads\/2022\/06\/Tour-de-France-2022-Thibaut-Pinot-a-eu-la-Covid-19-mais-sera-bien-au-de\u0301part-a\u0300-Copenhague.png","keywords":["Groupama FDJ","Thibaut Pinot"],"articleSection":["Tour de France"],"inLanguage":"fr-FR","potentialAction":[{"@type":"CommentAction","name":"Comment","target":["https:\/\/dicodusport.fr\/blog\/tour-de-france-2022-thibaut-pinot-a-eu-la-covid-19-mais-sera-bien-au-depart-a-copenhague\/#respond"]}],"copyrightYear":"2022","copyrightHolder":{"@id":"https:\/\/dicodusport.fr\/blog\/#organization"}},{"@type":"WebPage","@id":"https:\/\/dicodusport.fr\/blog\/tour-de-france-2022-thibaut-pinot-a-eu-la-covid-19-mais-sera-bien-au-depart-a-copenhague\/","url":"https:\/\/dicodusport.fr\/blog\/tour-de-france-2022-thibaut-pinot-a-eu-la-covid-19-mais-sera-bien-au-depart-a-copenhague\/","name":"Tour de France 2022 : Thibaut Pinot a eu la Covid-19 mais sera bien au d\u00e9part \u00e0 Copenhague","isPartOf":{"@id":"https:\/\/dicodusport.fr\/blog\/#website"},"primaryImageOfPage":{"@id":"https:\/\/dicodusport.fr\/blog\/tour-de-france-2022-thibaut-pinot-a-eu-la-covid-19-mais-sera-bien-au-depart-a-copenhague\/#primaryimage"},"image":{"@id":"https:\/\/dicodusport.fr\/blog\/tour-de-france-2022-thibaut-pinot-a-eu-la-covid-19-mais-sera-bien-au-depart-a-copenhague\/#primaryimage"},"thumbnailUrl":"https:\/\/dicodusport.fr\/blog\/wp-content\/uploads\/2022\/06\/Tour-de-France-2022-Thibaut-Pinot-a-eu-la-Covid-19-mais-sera-bien-au-de\u0301part-a\u0300-Copenhague.png","datePublished":"2022-06-29T12:14:01+00:00","dateModified":"2022-06-29T12:17:47+00:00","description":"TOUR DE FRANCE 2022 - On est pass\u00e9 proche d'un nouveau m\u00e9lodrame entre Thibaut Pinot et le Tour de France.","breadcrumb":{"@id":"https:\/\/dicodusport.fr\/blog\/tour-de-france-2022-thibaut-pinot-a-eu-la-covid-19-mais-sera-bien-au-depart-a-copenhague\/#breadcrumb"},"inLanguage":"fr-FR","potentialAction":[{"@type":"ReadAction","target":["https:\/\/dicodusport.fr\/blog\/tour-de-france-2022-thibaut-pinot-a-eu-la-covid-19-mais-sera-bien-au-depart-a-copenhague\/"]}]},{"@type":"ImageObject","inLanguage":"fr-FR","@id":"https:\/\/dicodusport.fr\/blog\/tour-de-france-2022-thibaut-pinot-a-eu-la-covid-19-mais-sera-bien-au-depart-a-copenhague\/#primaryimage","url":"https:\/\/dicodusport.fr\/blog\/wp-content\/uploads\/2022\/06\/Tour-de-France-2022-Thibaut-Pinot-a-eu-la-Covid-19-mais-sera-bien-au-de\u0301part-a\u0300-Copenhague.png","contentUrl":"https:\/\/dicodusport.fr\/blog\/wp-content\/uploads\/2022\/06\/Tour-de-France-2022-Thibaut-Pinot-a-eu-la-Covid-19-mais-sera-bien-au-de\u0301part-a\u0300-Copenhague.png","width":800,"height":445},{"@type":"BreadcrumbList","@id":"https:\/\/dicodusport.fr\/blog\/tour-de-france-2022-thibaut-pinot-a-eu-la-covid-19-mais-sera-bien-au-depart-a-copenhague\/#breadcrumb","itemListElement":[{"@type":"ListItem","position":1,"name":"Accueil","item":"https:\/\/dicodusport.fr\/blog\/"},{"@type":"ListItem","position":2,"name":"Tour de France 2022 : Thibaut Pinot a eu la Covid-19 mais sera bien au d\u00e9part \u00e0 Copenhague"}]},{"@type":"WebSite","@id":"https:\/\/dicodusport.fr\/blog\/#website","url":"https:\/\/dicodusport.fr\/blog\/","name":"Dicodusport","description":"L&#039;encyclop\u00e9die de l&#039;actualit\u00e9 sportive","publisher":{"@id":"https:\/\/dicodusport.fr\/blog\/#organization"},"potentialAction":[{"@type":"SearchAction","target":{"@type":"EntryPoint","urlTemplate":"https:\/\/dicodusport.fr\/blog\/?s={search_term_string}"},"query-input":{"@type":"PropertyValueSpecification","valueRequired":true,"valueName":"search_term_string"}}],"inLanguage":"fr-FR"},{"@type":"NewsMediaOrganization","@id":"https:\/\/dicodusport.fr\/blog\/#organization","name":"Dicodusport","url":"https:\/\/dicodusport.fr\/blog\/","logo":{"@type":"ImageObject","inLanguage":"fr-FR","@id":"https:\/\/dicodusport.fr\/blog\/#\/schema\/logo\/image\/","url":"https:\/\/dicodusport.fr\/blog\/wp-content\/uploads\/2020\/06\/cropped-LOGO-DICODUSPORT-2020-SANS-FOND-SANS-TEXTE.png","contentUrl":"https:\/\/dicodusport.fr\/blog\/wp-content\/uploads\/2020\/06\/cropped-LOGO-DICODUSPORT-2020-SANS-FOND-SANS-TEXTE.png","width":512,"height":512,"caption":"Dicodusport"},"image":{"@id":"https:\/\/dicodusport.fr\/blog\/#\/schema\/logo\/image\/"},"sameAs":["https:\/\/www.facebook.com\/dicodusport","https:\/\/x.com\/dicodusport","https:\/\/www.instagram.com\/dicodusport\/","https:\/\/www.youtube.com\/channel\/UC7V2KZ5sd3htJivAbA4ZG3w"],"description":"Dicodusport est l'encyclop\u00e9die de l'actualit\u00e9 sportive.","email":"bonjour@dicodusport.fr","legalName":"DICODUSPORT","foundingDate":"2018-01-14","vatID":"FR71834470973","taxID":"83447097300043","numberOfEmployees":{"@type":"QuantitativeValue","minValue":"1","maxValue":"10"}},{"@type":"Person","@id":"https:\/\/dicodusport.fr\/blog\/#\/schema\/person\/55dcb50ad410894e431ed812bbb70191","name":"Nicolas Jacquemard","image":{"@type":"ImageObject","inLanguage":"fr-FR","@id":"https:\/\/dicodusport.fr\/blog\/#\/schema\/person\/image\/","url":"https:\/\/dicodusport.fr\/blog\/wp-content\/uploads\/2021\/05\/Nicolas-Jacquemard-150x150.jpeg","contentUrl":"https:\/\/dicodusport.fr\/blog\/wp-content\/uploads\/2021\/05\/Nicolas-Jacquemard-150x150.jpeg","caption":"Nicolas Jacquemard"},"description":"Passionn\u00e9 de sport et entrepreneur depuis mes 18 ans, la cr\u00e9ation de Dicodusport m'a sembl\u00e9 \u00e9vidente pour participer \u00e0 la m\u00e9diatisation d'un plus grand nombre de sports. Le chemin est long mais avec une \u00e9quipe des plus motiv\u00e9es et les Jeux Olympiques de Paris 2024 en point de mire, nous y arriverons ! Journaliste dans le monde du sport depuis plus de 5 ans, je traite aussi bien de football, de rugby, de biathlon que de cyclisme.","sameAs":["https:\/\/www.facebook.com\/dicodusport","https:\/\/x.com\/https:\/\/twitter.com\/Nico_Jacquemard"],"url":"https:\/\/dicodusport.fr\/blog\/author\/dicodusport\/"}]}},"_links":{"self":[{"href":"https:\/\/dicodusport.fr\/blog\/wp-json\/wp\/v2\/posts\/238305","targetHints":{"allow":["GET"]}}],"collection":[{"href":"https:\/\/dicodusport.fr\/blog\/wp-json\/wp\/v2\/posts"}],"about":[{"href":"https:\/\/dicodusport.fr\/blog\/wp-json\/wp\/v2\/types\/post"}],"author":[{"embeddable":true,"href":"https:\/\/dicodusport.fr\/blog\/wp-json\/wp\/v2\/users\/1"}],"replies":[{"embeddable":true,"href":"https:\/\/dicodusport.fr\/blog\/wp-json\/wp\/v2\/comments?post=238305"}],"version-history":[{"count":0,"href":"https:\/\/dicodusport.fr\/blog\/wp-json\/wp\/v2\/posts\/238305\/revisions"}],"wp:featuredmedia":[{"embeddable":true,"href":"https:\/\/dicodusport.fr\/blog\/wp-json\/wp\/v2\/media\/238312"}],"wp:attachment":[{"href":"https:\/\/dicodusport.fr\/blog\/wp-json\/wp\/v2\/media?parent=238305"}],"wp:term":[{"taxonomy":"category","embeddable":true,"href":"https:\/\/dicodusport.fr\/blog\/wp-json\/wp\/v2\/categories?post=238305"},{"taxonomy":"post_tag","embeddable":true,"href":"https:\/\/dicodusport.fr\/blog\/wp-json\/wp\/v2\/tags?post=238305"}],"curies":[{"name":"wp","href":"https:\/\/api.w.org\/{rel}","templated":true}]}}