{"id":238345,"date":"2022-06-29T16:28:50","date_gmt":"2022-06-29T14:28:50","guid":{"rendered":"https:\/\/dicodusport.fr\/blog\/?p=238345&#038;preview=true&#038;preview_id=238345"},"modified":"2022-06-29T18:26:17","modified_gmt":"2022-06-29T16:26:17","slug":"fc-nantes-ludovic-blas-alban-lafont-et-moses-simon-peuvent-partir","status":"publish","type":"post","link":"https:\/\/dicodusport.fr\/blog\/fc-nantes-ludovic-blas-alban-lafont-et-moses-simon-peuvent-partir\/","title":{"rendered":"FC Nantes : Ludovic Blas, Alban Lafont et Moses Simon peuvent partir"},"content":{"rendered":"<p style=\"text-align: justify;\"><b><i>LIGUE 1 2022-2023 &#8211; Le FC Nantes a confirm\u00e9 que Ludovic Blas, Alban Lafont et Moses Simon avaient un bon de sortie pour quitter le club cet \u00e9t\u00e9.\u00a0<\/i><\/b><\/p>\n<p style=\"text-align: justify;\">Seulement 16 joueurs \u00e9taient pr\u00e9sents \u00e0 la reprise du <strong>FC Nantes<\/strong> ce mercredi suite \u00e0 pas moins de 7 d\u00e9parts, quelques joueurs excus\u00e9s et des internationaux qui reviendront plus tard. Pour l&rsquo;instant le FC Nantes n&rsquo;a recrut\u00e9 personne mais <strong>Antoine Kambouar\u00e9<\/strong> fait confiance aux dirigeants pour la suite du mercato. Le coach nantais a aussi expliqu\u00e9 que trois joueurs pouvaient encore quitter le club dans les prochaines semaines :<\/p>\n<blockquote><p>Ludovic Blas Moses Simon\u00a0 et Alban Lafont ont des bons de sortie. S&rsquo;il y a des offres qui conviennent, ils partiront.<\/p><\/blockquote>\n<p style=\"text-align: justify;\">Si la tendance est plut\u00f4t \u00e0 la stabilit\u00e9 pour <strong>Alban Lafont<\/strong> pour le moment, <strong>Moses Simon<\/strong> serait en contact avanc\u00e9 avec l&rsquo;<strong>OGC Nice<\/strong> et la transaction pourrait \u00eatre finalis\u00e9e dans les prochains jours.<\/p>\n<blockquote class=\"twitter-tweet\">\n<p dir=\"ltr\" lang=\"fr\">Antoine Kombouar\u00e9 et Franck Kita ont fait le point sur le mercato nantais lors du point-presse de rentr\u00e9e \u00e0 Nantes.<\/p>\n<p>Ludovic Blas, Alban Lafont et Moses Simon disposent d&rsquo;un bon de sortie. <a href=\"https:\/\/t.co\/CuIrXCsO42\">https:\/\/t.co\/CuIrXCsO42<\/a> <a href=\"https:\/\/t.co\/vAsVNC3h0l\">pic.twitter.com\/vAsVNC3h0l<\/a><\/p>\n<p>\u2014 L&rsquo;\u00c9QUIPE (@lequipe) <a href=\"https:\/\/twitter.com\/lequipe\/status\/1542113164095111174?ref_src=twsrc%5Etfw\">June 29, 2022<\/a><\/p><\/blockquote>\n<p style=\"text-align: justify;\"><script async src=\"https:\/\/platform.twitter.com\/widgets.js\" charset=\"utf-8\"><\/script><\/p>\n","protected":false},"excerpt":{"rendered":"<p>LIGUE 1 2022-2023 &#8211; le FC Nantes a confirm\u00e9 que Ludovic Blas, Alban Lafont et Moses Simon avaient un bon de sortie pour quitter le club cet \u00e9t\u00e9.\u00a0<\/p>\n","protected":false},"author":1,"featured_media":238346,"comment_status":"open","ping_status":"closed","sticky":false,"template":"","format":"standard","meta":{"_acf_changed":false,"_daextam_enable_autolinks":"","footnotes":""},"categories":[2301,47045],"tags":[2300,75,23371],"class_list":["post-238345","post","type-post","status-publish","format-standard","has-post-thumbnail","hentry","category-football","category-ligue-1","tag-fc-nantes","tag-football","tag-ludovic-blas"],"acf":[],"yoast_head":"<!-- This site is optimized with the Yoast SEO Premium plugin v26.7 (Yoast SEO v26.7) - https:\/\/yoast.com\/wordpress\/plugins\/seo\/ -->\n<title>FC Nantes : Ludovic Blas, Alban Lafont et Moses Simon peuvent partir<\/title>\n<meta name=\"description\" content=\"LIGUE 1 2022-2023 - le FC Nantes a confirm\u00e9 que Ludovic Blas, Alban Lafont et Moses Simon avaient un bon de sortie pour quitter le club cet \u00e9t\u00e9.\u00a0\" \/>\n<meta name=\"robots\" content=\"index, follow, max-snippet:-1, max-image-preview:large, max-video-preview:-1\" \/>\n<link rel=\"canonical\" href=\"https:\/\/dicodusport.fr\/blog\/fc-nantes-ludovic-blas-alban-lafont-et-moses-simon-peuvent-partir\/\" \/>\n<meta property=\"og:locale\" content=\"fr_FR\" \/>\n<meta property=\"og:type\" content=\"article\" \/>\n<meta property=\"og:title\" content=\"FC Nantes : Ludovic Blas, Alban Lafont et Moses Simon peuvent partir\" \/>\n<meta property=\"og:description\" content=\"LIGUE 1 2022-2023 - le FC Nantes a confirm\u00e9 que Ludovic Blas, Alban Lafont et Moses Simon avaient un bon de sortie pour quitter le club cet \u00e9t\u00e9.\u00a0\" \/>\n<meta property=\"og:url\" content=\"https:\/\/dicodusport.fr\/blog\/fc-nantes-ludovic-blas-alban-lafont-et-moses-simon-peuvent-partir\/\" \/>\n<meta property=\"og:site_name\" content=\"Dicodusport\" \/>\n<meta property=\"article:publisher\" content=\"https:\/\/www.facebook.com\/dicodusport\" \/>\n<meta property=\"article:author\" content=\"https:\/\/www.facebook.com\/dicodusport\" \/>\n<meta property=\"article:published_time\" content=\"2022-06-29T14:28:50+00:00\" \/>\n<meta property=\"article:modified_time\" content=\"2022-06-29T16:26:17+00:00\" \/>\n<meta property=\"og:image\" content=\"https:\/\/dicodusport.fr\/blog\/wp-content\/uploads\/2022\/06\/FC-Nantes-Ludovic-Blas-Alban-Lafont-et-Moses-Simon-peuvent-partir.png\" \/>\n\t<meta property=\"og:image:width\" content=\"800\" \/>\n\t<meta property=\"og:image:height\" content=\"445\" \/>\n\t<meta property=\"og:image:type\" content=\"image\/png\" \/>\n<meta name=\"author\" content=\"Nicolas Jacquemard\" \/>\n<meta name=\"twitter:card\" content=\"summary_large_image\" \/>\n<meta name=\"twitter:title\" content=\"FC Nantes : Ludovic Blas, Alban Lafont et Moses Simon peuvent partir\" \/>\n<meta name=\"twitter:creator\" content=\"@https:\/\/twitter.com\/Nico_Jacquemard\" \/>\n<meta name=\"twitter:site\" content=\"@dicodusport\" \/>\n<script type=\"application\/ld+json\" class=\"yoast-schema-graph\">{\"@context\":\"https:\/\/schema.org\",\"@graph\":[{\"@type\":\"NewsArticle\",\"@id\":\"https:\/\/dicodusport.fr\/blog\/fc-nantes-ludovic-blas-alban-lafont-et-moses-simon-peuvent-partir\/#article\",\"isPartOf\":{\"@id\":\"https:\/\/dicodusport.fr\/blog\/fc-nantes-ludovic-blas-alban-lafont-et-moses-simon-peuvent-partir\/\"},\"author\":{\"name\":\"Nicolas Jacquemard\",\"@id\":\"https:\/\/dicodusport.fr\/blog\/#\/schema\/person\/55dcb50ad410894e431ed812bbb70191\"},\"headline\":\"FC Nantes : Ludovic Blas, Alban Lafont et Moses Simon peuvent partir\",\"datePublished\":\"2022-06-29T14:28:50+00:00\",\"dateModified\":\"2022-06-29T16:26:17+00:00\",\"mainEntityOfPage\":{\"@id\":\"https:\/\/dicodusport.fr\/blog\/fc-nantes-ludovic-blas-alban-lafont-et-moses-simon-peuvent-partir\/\"},\"wordCount\":211,\"commentCount\":0,\"publisher\":{\"@id\":\"https:\/\/dicodusport.fr\/blog\/#organization\"},\"image\":{\"@id\":\"https:\/\/dicodusport.fr\/blog\/fc-nantes-ludovic-blas-alban-lafont-et-moses-simon-peuvent-partir\/#primaryimage\"},\"thumbnailUrl\":\"https:\/\/dicodusport.fr\/blog\/wp-content\/uploads\/2022\/06\/FC-Nantes-Ludovic-Blas-Alban-Lafont-et-Moses-Simon-peuvent-partir.png\",\"keywords\":[\"fc nantes\",\"Football\",\"Ludovic Blas\"],\"articleSection\":[\"Football\",\"Ligue 1\"],\"inLanguage\":\"fr-FR\",\"potentialAction\":[{\"@type\":\"CommentAction\",\"name\":\"Comment\",\"target\":[\"https:\/\/dicodusport.fr\/blog\/fc-nantes-ludovic-blas-alban-lafont-et-moses-simon-peuvent-partir\/#respond\"]}],\"copyrightYear\":\"2022\",\"copyrightHolder\":{\"@id\":\"https:\/\/dicodusport.fr\/blog\/#organization\"}},{\"@type\":\"WebPage\",\"@id\":\"https:\/\/dicodusport.fr\/blog\/fc-nantes-ludovic-blas-alban-lafont-et-moses-simon-peuvent-partir\/\",\"url\":\"https:\/\/dicodusport.fr\/blog\/fc-nantes-ludovic-blas-alban-lafont-et-moses-simon-peuvent-partir\/\",\"name\":\"FC Nantes : Ludovic Blas, Alban Lafont et Moses Simon peuvent partir\",\"isPartOf\":{\"@id\":\"https:\/\/dicodusport.fr\/blog\/#website\"},\"primaryImageOfPage\":{\"@id\":\"https:\/\/dicodusport.fr\/blog\/fc-nantes-ludovic-blas-alban-lafont-et-moses-simon-peuvent-partir\/#primaryimage\"},\"image\":{\"@id\":\"https:\/\/dicodusport.fr\/blog\/fc-nantes-ludovic-blas-alban-lafont-et-moses-simon-peuvent-partir\/#primaryimage\"},\"thumbnailUrl\":\"https:\/\/dicodusport.fr\/blog\/wp-content\/uploads\/2022\/06\/FC-Nantes-Ludovic-Blas-Alban-Lafont-et-Moses-Simon-peuvent-partir.png\",\"datePublished\":\"2022-06-29T14:28:50+00:00\",\"dateModified\":\"2022-06-29T16:26:17+00:00\",\"description\":\"LIGUE 1 2022-2023 - le FC Nantes a confirm\u00e9 que Ludovic Blas, Alban Lafont et Moses Simon avaient un bon de sortie pour quitter le club cet \u00e9t\u00e9.\u00a0\",\"breadcrumb\":{\"@id\":\"https:\/\/dicodusport.fr\/blog\/fc-nantes-ludovic-blas-alban-lafont-et-moses-simon-peuvent-partir\/#breadcrumb\"},\"inLanguage\":\"fr-FR\",\"potentialAction\":[{\"@type\":\"ReadAction\",\"target\":[\"https:\/\/dicodusport.fr\/blog\/fc-nantes-ludovic-blas-alban-lafont-et-moses-simon-peuvent-partir\/\"]}]},{\"@type\":\"ImageObject\",\"inLanguage\":\"fr-FR\",\"@id\":\"https:\/\/dicodusport.fr\/blog\/fc-nantes-ludovic-blas-alban-lafont-et-moses-simon-peuvent-partir\/#primaryimage\",\"url\":\"https:\/\/dicodusport.fr\/blog\/wp-content\/uploads\/2022\/06\/FC-Nantes-Ludovic-Blas-Alban-Lafont-et-Moses-Simon-peuvent-partir.png\",\"contentUrl\":\"https:\/\/dicodusport.fr\/blog\/wp-content\/uploads\/2022\/06\/FC-Nantes-Ludovic-Blas-Alban-Lafont-et-Moses-Simon-peuvent-partir.png\",\"width\":800,\"height\":445},{\"@type\":\"BreadcrumbList\",\"@id\":\"https:\/\/dicodusport.fr\/blog\/fc-nantes-ludovic-blas-alban-lafont-et-moses-simon-peuvent-partir\/#breadcrumb\",\"itemListElement\":[{\"@type\":\"ListItem\",\"position\":1,\"name\":\"Accueil\",\"item\":\"https:\/\/dicodusport.fr\/blog\/\"},{\"@type\":\"ListItem\",\"position\":2,\"name\":\"FC Nantes : Ludovic Blas, Alban Lafont et Moses Simon peuvent partir\"}]},{\"@type\":\"WebSite\",\"@id\":\"https:\/\/dicodusport.fr\/blog\/#website\",\"url\":\"https:\/\/dicodusport.fr\/blog\/\",\"name\":\"Dicodusport\",\"description\":\"L&#039;encyclop\u00e9die de l&#039;actualit\u00e9 sportive\",\"publisher\":{\"@id\":\"https:\/\/dicodusport.fr\/blog\/#organization\"},\"potentialAction\":[{\"@type\":\"SearchAction\",\"target\":{\"@type\":\"EntryPoint\",\"urlTemplate\":\"https:\/\/dicodusport.fr\/blog\/?s={search_term_string}\"},\"query-input\":{\"@type\":\"PropertyValueSpecification\",\"valueRequired\":true,\"valueName\":\"search_term_string\"}}],\"inLanguage\":\"fr-FR\"},{\"@type\":\"NewsMediaOrganization\",\"@id\":\"https:\/\/dicodusport.fr\/blog\/#organization\",\"name\":\"Dicodusport\",\"url\":\"https:\/\/dicodusport.fr\/blog\/\",\"logo\":{\"@type\":\"ImageObject\",\"inLanguage\":\"fr-FR\",\"@id\":\"https:\/\/dicodusport.fr\/blog\/#\/schema\/logo\/image\/\",\"url\":\"https:\/\/dicodusport.fr\/blog\/wp-content\/uploads\/2020\/06\/cropped-LOGO-DICODUSPORT-2020-SANS-FOND-SANS-TEXTE.png\",\"contentUrl\":\"https:\/\/dicodusport.fr\/blog\/wp-content\/uploads\/2020\/06\/cropped-LOGO-DICODUSPORT-2020-SANS-FOND-SANS-TEXTE.png\",\"width\":512,\"height\":512,\"caption\":\"Dicodusport\"},\"image\":{\"@id\":\"https:\/\/dicodusport.fr\/blog\/#\/schema\/logo\/image\/\"},\"sameAs\":[\"https:\/\/www.facebook.com\/dicodusport\",\"https:\/\/x.com\/dicodusport\",\"https:\/\/www.instagram.com\/dicodusport\/\",\"https:\/\/www.youtube.com\/channel\/UC7V2KZ5sd3htJivAbA4ZG3w\"],\"description\":\"Dicodusport est l'encyclop\u00e9die de l'actualit\u00e9 sportive.\",\"email\":\"bonjour@dicodusport.fr\",\"legalName\":\"DICODUSPORT\",\"foundingDate\":\"2018-01-14\",\"vatID\":\"FR71834470973\",\"taxID\":\"83447097300043\",\"numberOfEmployees\":{\"@type\":\"QuantitativeValue\",\"minValue\":\"1\",\"maxValue\":\"10\"}},{\"@type\":\"Person\",\"@id\":\"https:\/\/dicodusport.fr\/blog\/#\/schema\/person\/55dcb50ad410894e431ed812bbb70191\",\"name\":\"Nicolas Jacquemard\",\"image\":{\"@type\":\"ImageObject\",\"inLanguage\":\"fr-FR\",\"@id\":\"https:\/\/dicodusport.fr\/blog\/#\/schema\/person\/image\/\",\"url\":\"https:\/\/dicodusport.fr\/blog\/wp-content\/uploads\/2021\/05\/Nicolas-Jacquemard-150x150.jpeg\",\"contentUrl\":\"https:\/\/dicodusport.fr\/blog\/wp-content\/uploads\/2021\/05\/Nicolas-Jacquemard-150x150.jpeg\",\"caption\":\"Nicolas Jacquemard\"},\"description\":\"Passionn\u00e9 de sport et entrepreneur depuis mes 18 ans, la cr\u00e9ation de Dicodusport m'a sembl\u00e9 \u00e9vidente pour participer \u00e0 la m\u00e9diatisation d'un plus grand nombre de sports. Le chemin est long mais avec une \u00e9quipe des plus motiv\u00e9es et les Jeux Olympiques de Paris 2024 en point de mire, nous y arriverons ! Journaliste dans le monde du sport depuis plus de 5 ans, je traite aussi bien de football, de rugby, de biathlon que de cyclisme.\",\"sameAs\":[\"https:\/\/www.facebook.com\/dicodusport\",\"https:\/\/x.com\/https:\/\/twitter.com\/Nico_Jacquemard\"],\"url\":\"https:\/\/dicodusport.fr\/blog\/author\/dicodusport\/\"}]}<\/script>\n<!-- \/ Yoast SEO Premium plugin. -->","yoast_head_json":{"title":"FC Nantes : Ludovic Blas, Alban Lafont et Moses Simon peuvent partir","description":"LIGUE 1 2022-2023 - le FC Nantes a confirm\u00e9 que Ludovic Blas, Alban Lafont et Moses Simon avaient un bon de sortie pour quitter le club cet \u00e9t\u00e9.\u00a0","robots":{"index":"index","follow":"follow","max-snippet":"max-snippet:-1","max-image-preview":"max-image-preview:large","max-video-preview":"max-video-preview:-1"},"canonical":"https:\/\/dicodusport.fr\/blog\/fc-nantes-ludovic-blas-alban-lafont-et-moses-simon-peuvent-partir\/","og_locale":"fr_FR","og_type":"article","og_title":"FC Nantes : Ludovic Blas, Alban Lafont et Moses Simon peuvent partir","og_description":"LIGUE 1 2022-2023 - le FC Nantes a confirm\u00e9 que Ludovic Blas, Alban Lafont et Moses Simon avaient un bon de sortie pour quitter le club cet \u00e9t\u00e9.\u00a0","og_url":"https:\/\/dicodusport.fr\/blog\/fc-nantes-ludovic-blas-alban-lafont-et-moses-simon-peuvent-partir\/","og_site_name":"Dicodusport","article_publisher":"https:\/\/www.facebook.com\/dicodusport","article_author":"https:\/\/www.facebook.com\/dicodusport","article_published_time":"2022-06-29T14:28:50+00:00","article_modified_time":"2022-06-29T16:26:17+00:00","og_image":[{"width":800,"height":445,"url":"https:\/\/dicodusport.fr\/blog\/wp-content\/uploads\/2022\/06\/FC-Nantes-Ludovic-Blas-Alban-Lafont-et-Moses-Simon-peuvent-partir.png","type":"image\/png"}],"author":"Nicolas Jacquemard","twitter_card":"summary_large_image","twitter_title":"FC Nantes : Ludovic Blas, Alban Lafont et Moses Simon peuvent partir","twitter_creator":"@https:\/\/twitter.com\/Nico_Jacquemard","twitter_site":"@dicodusport","schema":{"@context":"https:\/\/schema.org","@graph":[{"@type":"NewsArticle","@id":"https:\/\/dicodusport.fr\/blog\/fc-nantes-ludovic-blas-alban-lafont-et-moses-simon-peuvent-partir\/#article","isPartOf":{"@id":"https:\/\/dicodusport.fr\/blog\/fc-nantes-ludovic-blas-alban-lafont-et-moses-simon-peuvent-partir\/"},"author":{"name":"Nicolas Jacquemard","@id":"https:\/\/dicodusport.fr\/blog\/#\/schema\/person\/55dcb50ad410894e431ed812bbb70191"},"headline":"FC Nantes : Ludovic Blas, Alban Lafont et Moses Simon peuvent partir","datePublished":"2022-06-29T14:28:50+00:00","dateModified":"2022-06-29T16:26:17+00:00","mainEntityOfPage":{"@id":"https:\/\/dicodusport.fr\/blog\/fc-nantes-ludovic-blas-alban-lafont-et-moses-simon-peuvent-partir\/"},"wordCount":211,"commentCount":0,"publisher":{"@id":"https:\/\/dicodusport.fr\/blog\/#organization"},"image":{"@id":"https:\/\/dicodusport.fr\/blog\/fc-nantes-ludovic-blas-alban-lafont-et-moses-simon-peuvent-partir\/#primaryimage"},"thumbnailUrl":"https:\/\/dicodusport.fr\/blog\/wp-content\/uploads\/2022\/06\/FC-Nantes-Ludovic-Blas-Alban-Lafont-et-Moses-Simon-peuvent-partir.png","keywords":["fc nantes","Football","Ludovic Blas"],"articleSection":["Football","Ligue 1"],"inLanguage":"fr-FR","potentialAction":[{"@type":"CommentAction","name":"Comment","target":["https:\/\/dicodusport.fr\/blog\/fc-nantes-ludovic-blas-alban-lafont-et-moses-simon-peuvent-partir\/#respond"]}],"copyrightYear":"2022","copyrightHolder":{"@id":"https:\/\/dicodusport.fr\/blog\/#organization"}},{"@type":"WebPage","@id":"https:\/\/dicodusport.fr\/blog\/fc-nantes-ludovic-blas-alban-lafont-et-moses-simon-peuvent-partir\/","url":"https:\/\/dicodusport.fr\/blog\/fc-nantes-ludovic-blas-alban-lafont-et-moses-simon-peuvent-partir\/","name":"FC Nantes : Ludovic Blas, Alban Lafont et Moses Simon peuvent partir","isPartOf":{"@id":"https:\/\/dicodusport.fr\/blog\/#website"},"primaryImageOfPage":{"@id":"https:\/\/dicodusport.fr\/blog\/fc-nantes-ludovic-blas-alban-lafont-et-moses-simon-peuvent-partir\/#primaryimage"},"image":{"@id":"https:\/\/dicodusport.fr\/blog\/fc-nantes-ludovic-blas-alban-lafont-et-moses-simon-peuvent-partir\/#primaryimage"},"thumbnailUrl":"https:\/\/dicodusport.fr\/blog\/wp-content\/uploads\/2022\/06\/FC-Nantes-Ludovic-Blas-Alban-Lafont-et-Moses-Simon-peuvent-partir.png","datePublished":"2022-06-29T14:28:50+00:00","dateModified":"2022-06-29T16:26:17+00:00","description":"LIGUE 1 2022-2023 - le FC Nantes a confirm\u00e9 que Ludovic Blas, Alban Lafont et Moses Simon avaient un bon de sortie pour quitter le club cet \u00e9t\u00e9.\u00a0","breadcrumb":{"@id":"https:\/\/dicodusport.fr\/blog\/fc-nantes-ludovic-blas-alban-lafont-et-moses-simon-peuvent-partir\/#breadcrumb"},"inLanguage":"fr-FR","potentialAction":[{"@type":"ReadAction","target":["https:\/\/dicodusport.fr\/blog\/fc-nantes-ludovic-blas-alban-lafont-et-moses-simon-peuvent-partir\/"]}]},{"@type":"ImageObject","inLanguage":"fr-FR","@id":"https:\/\/dicodusport.fr\/blog\/fc-nantes-ludovic-blas-alban-lafont-et-moses-simon-peuvent-partir\/#primaryimage","url":"https:\/\/dicodusport.fr\/blog\/wp-content\/uploads\/2022\/06\/FC-Nantes-Ludovic-Blas-Alban-Lafont-et-Moses-Simon-peuvent-partir.png","contentUrl":"https:\/\/dicodusport.fr\/blog\/wp-content\/uploads\/2022\/06\/FC-Nantes-Ludovic-Blas-Alban-Lafont-et-Moses-Simon-peuvent-partir.png","width":800,"height":445},{"@type":"BreadcrumbList","@id":"https:\/\/dicodusport.fr\/blog\/fc-nantes-ludovic-blas-alban-lafont-et-moses-simon-peuvent-partir\/#breadcrumb","itemListElement":[{"@type":"ListItem","position":1,"name":"Accueil","item":"https:\/\/dicodusport.fr\/blog\/"},{"@type":"ListItem","position":2,"name":"FC Nantes : Ludovic Blas, Alban Lafont et Moses Simon peuvent partir"}]},{"@type":"WebSite","@id":"https:\/\/dicodusport.fr\/blog\/#website","url":"https:\/\/dicodusport.fr\/blog\/","name":"Dicodusport","description":"L&#039;encyclop\u00e9die de l&#039;actualit\u00e9 sportive","publisher":{"@id":"https:\/\/dicodusport.fr\/blog\/#organization"},"potentialAction":[{"@type":"SearchAction","target":{"@type":"EntryPoint","urlTemplate":"https:\/\/dicodusport.fr\/blog\/?s={search_term_string}"},"query-input":{"@type":"PropertyValueSpecification","valueRequired":true,"valueName":"search_term_string"}}],"inLanguage":"fr-FR"},{"@type":"NewsMediaOrganization","@id":"https:\/\/dicodusport.fr\/blog\/#organization","name":"Dicodusport","url":"https:\/\/dicodusport.fr\/blog\/","logo":{"@type":"ImageObject","inLanguage":"fr-FR","@id":"https:\/\/dicodusport.fr\/blog\/#\/schema\/logo\/image\/","url":"https:\/\/dicodusport.fr\/blog\/wp-content\/uploads\/2020\/06\/cropped-LOGO-DICODUSPORT-2020-SANS-FOND-SANS-TEXTE.png","contentUrl":"https:\/\/dicodusport.fr\/blog\/wp-content\/uploads\/2020\/06\/cropped-LOGO-DICODUSPORT-2020-SANS-FOND-SANS-TEXTE.png","width":512,"height":512,"caption":"Dicodusport"},"image":{"@id":"https:\/\/dicodusport.fr\/blog\/#\/schema\/logo\/image\/"},"sameAs":["https:\/\/www.facebook.com\/dicodusport","https:\/\/x.com\/dicodusport","https:\/\/www.instagram.com\/dicodusport\/","https:\/\/www.youtube.com\/channel\/UC7V2KZ5sd3htJivAbA4ZG3w"],"description":"Dicodusport est l'encyclop\u00e9die de l'actualit\u00e9 sportive.","email":"bonjour@dicodusport.fr","legalName":"DICODUSPORT","foundingDate":"2018-01-14","vatID":"FR71834470973","taxID":"83447097300043","numberOfEmployees":{"@type":"QuantitativeValue","minValue":"1","maxValue":"10"}},{"@type":"Person","@id":"https:\/\/dicodusport.fr\/blog\/#\/schema\/person\/55dcb50ad410894e431ed812bbb70191","name":"Nicolas Jacquemard","image":{"@type":"ImageObject","inLanguage":"fr-FR","@id":"https:\/\/dicodusport.fr\/blog\/#\/schema\/person\/image\/","url":"https:\/\/dicodusport.fr\/blog\/wp-content\/uploads\/2021\/05\/Nicolas-Jacquemard-150x150.jpeg","contentUrl":"https:\/\/dicodusport.fr\/blog\/wp-content\/uploads\/2021\/05\/Nicolas-Jacquemard-150x150.jpeg","caption":"Nicolas Jacquemard"},"description":"Passionn\u00e9 de sport et entrepreneur depuis mes 18 ans, la cr\u00e9ation de Dicodusport m'a sembl\u00e9 \u00e9vidente pour participer \u00e0 la m\u00e9diatisation d'un plus grand nombre de sports. Le chemin est long mais avec une \u00e9quipe des plus motiv\u00e9es et les Jeux Olympiques de Paris 2024 en point de mire, nous y arriverons ! Journaliste dans le monde du sport depuis plus de 5 ans, je traite aussi bien de football, de rugby, de biathlon que de cyclisme.","sameAs":["https:\/\/www.facebook.com\/dicodusport","https:\/\/x.com\/https:\/\/twitter.com\/Nico_Jacquemard"],"url":"https:\/\/dicodusport.fr\/blog\/author\/dicodusport\/"}]}},"_links":{"self":[{"href":"https:\/\/dicodusport.fr\/blog\/wp-json\/wp\/v2\/posts\/238345","targetHints":{"allow":["GET"]}}],"collection":[{"href":"https:\/\/dicodusport.fr\/blog\/wp-json\/wp\/v2\/posts"}],"about":[{"href":"https:\/\/dicodusport.fr\/blog\/wp-json\/wp\/v2\/types\/post"}],"author":[{"embeddable":true,"href":"https:\/\/dicodusport.fr\/blog\/wp-json\/wp\/v2\/users\/1"}],"replies":[{"embeddable":true,"href":"https:\/\/dicodusport.fr\/blog\/wp-json\/wp\/v2\/comments?post=238345"}],"version-history":[{"count":0,"href":"https:\/\/dicodusport.fr\/blog\/wp-json\/wp\/v2\/posts\/238345\/revisions"}],"wp:featuredmedia":[{"embeddable":true,"href":"https:\/\/dicodusport.fr\/blog\/wp-json\/wp\/v2\/media\/238346"}],"wp:attachment":[{"href":"https:\/\/dicodusport.fr\/blog\/wp-json\/wp\/v2\/media?parent=238345"}],"wp:term":[{"taxonomy":"category","embeddable":true,"href":"https:\/\/dicodusport.fr\/blog\/wp-json\/wp\/v2\/categories?post=238345"},{"taxonomy":"post_tag","embeddable":true,"href":"https:\/\/dicodusport.fr\/blog\/wp-json\/wp\/v2\/tags?post=238345"}],"curies":[{"name":"wp","href":"https:\/\/api.w.org\/{rel}","templated":true}]}}