{"id":238356,"date":"2022-06-29T17:37:46","date_gmt":"2022-06-29T15:37:46","guid":{"rendered":"https:\/\/dicodusport.fr\/blog\/?p=238356&#038;preview=true&#038;preview_id=238356"},"modified":"2022-06-29T17:42:06","modified_gmt":"2022-06-29T15:42:06","slug":"marc-madiot-je-vais-faire-simple-on-aura-un-seul-leader-sur-ce-tour","status":"publish","type":"post","link":"https:\/\/dicodusport.fr\/blog\/marc-madiot-je-vais-faire-simple-on-aura-un-seul-leader-sur-ce-tour\/","title":{"rendered":"Marc Madiot : \u00ab\u00a0Je vais faire simple, on aura un seul leader sur ce Tour\u00a0\u00bb"},"content":{"rendered":"<p style=\"text-align: justify;\"><b><i><a href=\"https:\/\/dicodusport.fr\/blog\/actualites\/cyclisme\/cyclisme-sur-route-2022\/tour-de-france-2022\/\">TOUR DE FRANCE 2022<\/a> &#8211; \u00c0 deux jours du grand d\u00e9part au Danemark, Marc Madiot (manager g\u00e9n\u00e9ral de la Groupama-FDJ), a annonc\u00e9 que la Groupama-FDJ n&rsquo;aurait qu&rsquo;un leader sur le Tour de France.\u00a0<\/i><\/b><\/p>\n<p style=\"text-align: justify;\">Le patron de la <strong>Groupama-FDJ<\/strong> a mis les choses au clair sur les statuts dans son \u00e9quipe pour cette Grande Boucle 2022. <strong>Thibaut Pinot<\/strong> et <strong>Michael Storer<\/strong> seront au service de <strong>David Gaudu<\/strong>, comme l&rsquo;a expliqu\u00e9 <strong>Marc Madiot<\/strong>.<\/p>\n<blockquote>\n<p style=\"text-align: justify;\">Je vais faire simple, on aura un seul leader sur ce Tour et ce sera David Gaudu. Il nous faut un coureur capable de passer la premi\u00e8re semaine. L\u2019\u00e9quipe a \u00e9t\u00e9 construite autour de lui. Thibaut Pinot sera son ange gardien en montagne, tout comme Michael Storer.<\/p>\n<\/blockquote>\n<p style=\"text-align: justify;\"><strong>Thibaut Pinot<\/strong> a lui confi\u00e9 qu&rsquo;il aurait peut-\u00eatre un peu de mal sur les premiers jours <a href=\"https:\/\/dicodusport.fr\/blog\/tour-de-france-2022-thibaut-pinot-a-eu-la-covid-19-mais-sera-bien-au-depart-a-copenhague\/\" target=\"_blank\" rel=\"noopener\">apr\u00e8s avoir eu r\u00e9cemment la Covid-19<\/a> Le Franc-Comtois esp\u00e8re n\u00e9anmoins aller chercher une victoire d&rsquo;\u00e9tape, si la course le lui permet.<\/p>\n<blockquote class=\"twitter-tweet\">\n<p dir=\"ltr\" lang=\"fr\">Marc Madiot : \u00ab\u00a0Je vais faire simple, on aura un seul leader sur ce Tour et ce sera David Gaudu. Il nous faut un coureur capable de passer la premi\u00e8re semaine. L\u2019\u00e9quipe a \u00e9t\u00e9 construite autour de lui. Thibaut Pinot sera son ange gardien en montagne, tout comme Michael Storer.\u00a0\u00bb<\/p>\n<p>\u2014 Ga\u00e9tan Scherrer (@GaetanScherrer) <a href=\"https:\/\/twitter.com\/GaetanScherrer\/status\/1542147113454379010?ref_src=twsrc%5Etfw\">June 29, 2022<\/a><\/p><\/blockquote>\n<p style=\"text-align: justify;\"><script async src=\"https:\/\/platform.twitter.com\/widgets.js\" charset=\"utf-8\"><\/script><\/p>\n<h2 style=\"text-align: justify;\">\u00c0 lire aussi<\/h2>\n<p><span class=\"jP5oCvrbFyBRq3jQidL5RcEsx6cipm9XhsdwIZa7IL7eoexbh4KHG20yaArlNBMWSzOtnPf16T\"><\/p>\n<blockquote class=\"wp-embedded-content\" data-secret=\"IF4BgEWIPj\"><p><a href=\"https:\/\/dicodusport.fr\/blog\/tour-de-france-2022-les-compositions-des-equipes\/\">Tour de France 2022 &#8211; Les compositions des \u00e9quipes<\/a><\/p><\/blockquote>\n<p><iframe loading=\"lazy\" class=\"wp-embedded-content\" sandbox=\"allow-scripts\" security=\"restricted\" style=\"position: absolute; clip: rect(1px, 1px, 1px, 1px);\" title=\"\u00ab\u00a0Tour de France 2022 &#8211; Les compositions des \u00e9quipes\u00a0\u00bb &#8212; Dicodusport\" src=\"https:\/\/dicodusport.fr\/blog\/tour-de-france-2022-les-compositions-des-equipes\/embed\/#?secret=E0dZhAYWEC#?secret=IF4BgEWIPj\" data-secret=\"IF4BgEWIPj\" width=\"600\" height=\"338\" frameborder=\"0\" marginwidth=\"0\" marginheight=\"0\" scrolling=\"no\"><\/iframe><\/span><\/p>\n","protected":false},"excerpt":{"rendered":"<p>TOUR DE FRANCE 2022 &#8211; \u00c0 deux jours du grand d\u00e9part au Danemark, Marc Madiot a annonc\u00e9 que la Groupama-FDJ n&rsquo;aurait qu&rsquo;un leader sur le Tour de France.\u00a0<\/p>\n","protected":false},"author":1,"featured_media":238357,"comment_status":"open","ping_status":"closed","sticky":false,"template":"","format":"standard","meta":{"_acf_changed":false,"_daextam_enable_autolinks":"","footnotes":""},"categories":[46995],"tags":[3113,4839],"class_list":["post-238356","post","type-post","status-publish","format-standard","has-post-thumbnail","hentry","category-tour-de-france","tag-david-gaudu","tag-thibaut-pinot"],"acf":[],"yoast_head":"<!-- This site is optimized with the Yoast SEO Premium plugin v26.7 (Yoast SEO v26.7) - https:\/\/yoast.com\/wordpress\/plugins\/seo\/ -->\n<title>Marc Madiot : &quot;Je vais faire simple, on aura un seul leader sur ce Tour&quot;<\/title>\n<meta name=\"description\" content=\"TOUR DE FRANCE 2022 - \u00c0 deux jours du grand d\u00e9part au Danemark, Marc Madiot a annonc\u00e9 que la Groupama-FDJ n&#039;aurait qu&#039;un leader sur le Tour de France.\u00a0\" \/>\n<meta name=\"robots\" content=\"index, follow, max-snippet:-1, max-image-preview:large, max-video-preview:-1\" \/>\n<link rel=\"canonical\" href=\"https:\/\/dicodusport.fr\/blog\/marc-madiot-je-vais-faire-simple-on-aura-un-seul-leader-sur-ce-tour\/\" \/>\n<meta property=\"og:locale\" content=\"fr_FR\" \/>\n<meta property=\"og:type\" content=\"article\" \/>\n<meta property=\"og:title\" content=\"Marc Madiot : &quot;Je vais faire simple, on aura un seul leader sur ce Tour&quot;\" \/>\n<meta property=\"og:description\" content=\"TOUR DE FRANCE 2022 - \u00c0 deux jours du grand d\u00e9part au Danemark, Marc Madiot a annonc\u00e9 que la Groupama-FDJ n&#039;aurait qu&#039;un leader sur le Tour de France.\u00a0\" \/>\n<meta property=\"og:url\" content=\"https:\/\/dicodusport.fr\/blog\/marc-madiot-je-vais-faire-simple-on-aura-un-seul-leader-sur-ce-tour\/\" \/>\n<meta property=\"og:site_name\" content=\"Dicodusport\" \/>\n<meta property=\"article:publisher\" content=\"https:\/\/www.facebook.com\/dicodusport\" \/>\n<meta property=\"article:author\" content=\"https:\/\/www.facebook.com\/dicodusport\" \/>\n<meta property=\"article:published_time\" content=\"2022-06-29T15:37:46+00:00\" \/>\n<meta property=\"article:modified_time\" content=\"2022-06-29T15:42:06+00:00\" \/>\n<meta property=\"og:image\" content=\"https:\/\/dicodusport.fr\/blog\/wp-content\/uploads\/2022\/06\/Marc-Madiot-Je-vais-faire-simple-on-aura-un-seul-leader-sur-ce-Tour.png\" \/>\n\t<meta property=\"og:image:width\" content=\"800\" \/>\n\t<meta property=\"og:image:height\" content=\"445\" \/>\n\t<meta property=\"og:image:type\" content=\"image\/png\" \/>\n<meta name=\"author\" content=\"Nicolas Jacquemard\" \/>\n<meta name=\"twitter:card\" content=\"summary_large_image\" \/>\n<meta name=\"twitter:title\" content=\"Marc Madiot : &quot;Je vais faire simple, on aura un seul leader sur ce Tour&quot;\" \/>\n<meta name=\"twitter:creator\" content=\"@https:\/\/twitter.com\/Nico_Jacquemard\" \/>\n<meta name=\"twitter:site\" content=\"@dicodusport\" \/>\n<script type=\"application\/ld+json\" class=\"yoast-schema-graph\">{\"@context\":\"https:\/\/schema.org\",\"@graph\":[{\"@type\":\"NewsArticle\",\"@id\":\"https:\/\/dicodusport.fr\/blog\/marc-madiot-je-vais-faire-simple-on-aura-un-seul-leader-sur-ce-tour\/#article\",\"isPartOf\":{\"@id\":\"https:\/\/dicodusport.fr\/blog\/marc-madiot-je-vais-faire-simple-on-aura-un-seul-leader-sur-ce-tour\/\"},\"author\":{\"name\":\"Nicolas Jacquemard\",\"@id\":\"https:\/\/dicodusport.fr\/blog\/#\/schema\/person\/55dcb50ad410894e431ed812bbb70191\"},\"headline\":\"Marc Madiot : \u00ab\u00a0Je vais faire simple, on aura un seul leader sur ce Tour\u00a0\u00bb\",\"datePublished\":\"2022-06-29T15:37:46+00:00\",\"dateModified\":\"2022-06-29T15:42:06+00:00\",\"mainEntityOfPage\":{\"@id\":\"https:\/\/dicodusport.fr\/blog\/marc-madiot-je-vais-faire-simple-on-aura-un-seul-leader-sur-ce-tour\/\"},\"wordCount\":245,\"commentCount\":0,\"publisher\":{\"@id\":\"https:\/\/dicodusport.fr\/blog\/#organization\"},\"image\":{\"@id\":\"https:\/\/dicodusport.fr\/blog\/marc-madiot-je-vais-faire-simple-on-aura-un-seul-leader-sur-ce-tour\/#primaryimage\"},\"thumbnailUrl\":\"https:\/\/dicodusport.fr\/blog\/wp-content\/uploads\/2022\/06\/Marc-Madiot-Je-vais-faire-simple-on-aura-un-seul-leader-sur-ce-Tour.png\",\"keywords\":[\"David Gaudu\",\"Thibaut Pinot\"],\"articleSection\":[\"Tour de France\"],\"inLanguage\":\"fr-FR\",\"potentialAction\":[{\"@type\":\"CommentAction\",\"name\":\"Comment\",\"target\":[\"https:\/\/dicodusport.fr\/blog\/marc-madiot-je-vais-faire-simple-on-aura-un-seul-leader-sur-ce-tour\/#respond\"]}],\"copyrightYear\":\"2022\",\"copyrightHolder\":{\"@id\":\"https:\/\/dicodusport.fr\/blog\/#organization\"}},{\"@type\":\"WebPage\",\"@id\":\"https:\/\/dicodusport.fr\/blog\/marc-madiot-je-vais-faire-simple-on-aura-un-seul-leader-sur-ce-tour\/\",\"url\":\"https:\/\/dicodusport.fr\/blog\/marc-madiot-je-vais-faire-simple-on-aura-un-seul-leader-sur-ce-tour\/\",\"name\":\"Marc Madiot : \\\"Je vais faire simple, on aura un seul leader sur ce Tour\\\"\",\"isPartOf\":{\"@id\":\"https:\/\/dicodusport.fr\/blog\/#website\"},\"primaryImageOfPage\":{\"@id\":\"https:\/\/dicodusport.fr\/blog\/marc-madiot-je-vais-faire-simple-on-aura-un-seul-leader-sur-ce-tour\/#primaryimage\"},\"image\":{\"@id\":\"https:\/\/dicodusport.fr\/blog\/marc-madiot-je-vais-faire-simple-on-aura-un-seul-leader-sur-ce-tour\/#primaryimage\"},\"thumbnailUrl\":\"https:\/\/dicodusport.fr\/blog\/wp-content\/uploads\/2022\/06\/Marc-Madiot-Je-vais-faire-simple-on-aura-un-seul-leader-sur-ce-Tour.png\",\"datePublished\":\"2022-06-29T15:37:46+00:00\",\"dateModified\":\"2022-06-29T15:42:06+00:00\",\"description\":\"TOUR DE FRANCE 2022 - \u00c0 deux jours du grand d\u00e9part au Danemark, Marc Madiot a annonc\u00e9 que la Groupama-FDJ n'aurait qu'un leader sur le Tour de France.\u00a0\",\"breadcrumb\":{\"@id\":\"https:\/\/dicodusport.fr\/blog\/marc-madiot-je-vais-faire-simple-on-aura-un-seul-leader-sur-ce-tour\/#breadcrumb\"},\"inLanguage\":\"fr-FR\",\"potentialAction\":[{\"@type\":\"ReadAction\",\"target\":[\"https:\/\/dicodusport.fr\/blog\/marc-madiot-je-vais-faire-simple-on-aura-un-seul-leader-sur-ce-tour\/\"]}]},{\"@type\":\"ImageObject\",\"inLanguage\":\"fr-FR\",\"@id\":\"https:\/\/dicodusport.fr\/blog\/marc-madiot-je-vais-faire-simple-on-aura-un-seul-leader-sur-ce-tour\/#primaryimage\",\"url\":\"https:\/\/dicodusport.fr\/blog\/wp-content\/uploads\/2022\/06\/Marc-Madiot-Je-vais-faire-simple-on-aura-un-seul-leader-sur-ce-Tour.png\",\"contentUrl\":\"https:\/\/dicodusport.fr\/blog\/wp-content\/uploads\/2022\/06\/Marc-Madiot-Je-vais-faire-simple-on-aura-un-seul-leader-sur-ce-Tour.png\",\"width\":800,\"height\":445},{\"@type\":\"BreadcrumbList\",\"@id\":\"https:\/\/dicodusport.fr\/blog\/marc-madiot-je-vais-faire-simple-on-aura-un-seul-leader-sur-ce-tour\/#breadcrumb\",\"itemListElement\":[{\"@type\":\"ListItem\",\"position\":1,\"name\":\"Accueil\",\"item\":\"https:\/\/dicodusport.fr\/blog\/\"},{\"@type\":\"ListItem\",\"position\":2,\"name\":\"Marc Madiot : \u00ab\u00a0Je vais faire simple, on aura un seul leader sur ce Tour\u00a0\u00bb\"}]},{\"@type\":\"WebSite\",\"@id\":\"https:\/\/dicodusport.fr\/blog\/#website\",\"url\":\"https:\/\/dicodusport.fr\/blog\/\",\"name\":\"Dicodusport\",\"description\":\"L&#039;encyclop\u00e9die de l&#039;actualit\u00e9 sportive\",\"publisher\":{\"@id\":\"https:\/\/dicodusport.fr\/blog\/#organization\"},\"potentialAction\":[{\"@type\":\"SearchAction\",\"target\":{\"@type\":\"EntryPoint\",\"urlTemplate\":\"https:\/\/dicodusport.fr\/blog\/?s={search_term_string}\"},\"query-input\":{\"@type\":\"PropertyValueSpecification\",\"valueRequired\":true,\"valueName\":\"search_term_string\"}}],\"inLanguage\":\"fr-FR\"},{\"@type\":\"NewsMediaOrganization\",\"@id\":\"https:\/\/dicodusport.fr\/blog\/#organization\",\"name\":\"Dicodusport\",\"url\":\"https:\/\/dicodusport.fr\/blog\/\",\"logo\":{\"@type\":\"ImageObject\",\"inLanguage\":\"fr-FR\",\"@id\":\"https:\/\/dicodusport.fr\/blog\/#\/schema\/logo\/image\/\",\"url\":\"https:\/\/dicodusport.fr\/blog\/wp-content\/uploads\/2020\/06\/cropped-LOGO-DICODUSPORT-2020-SANS-FOND-SANS-TEXTE.png\",\"contentUrl\":\"https:\/\/dicodusport.fr\/blog\/wp-content\/uploads\/2020\/06\/cropped-LOGO-DICODUSPORT-2020-SANS-FOND-SANS-TEXTE.png\",\"width\":512,\"height\":512,\"caption\":\"Dicodusport\"},\"image\":{\"@id\":\"https:\/\/dicodusport.fr\/blog\/#\/schema\/logo\/image\/\"},\"sameAs\":[\"https:\/\/www.facebook.com\/dicodusport\",\"https:\/\/x.com\/dicodusport\",\"https:\/\/www.instagram.com\/dicodusport\/\",\"https:\/\/www.youtube.com\/channel\/UC7V2KZ5sd3htJivAbA4ZG3w\"],\"description\":\"Dicodusport est l'encyclop\u00e9die de l'actualit\u00e9 sportive.\",\"email\":\"bonjour@dicodusport.fr\",\"legalName\":\"DICODUSPORT\",\"foundingDate\":\"2018-01-14\",\"vatID\":\"FR71834470973\",\"taxID\":\"83447097300043\",\"numberOfEmployees\":{\"@type\":\"QuantitativeValue\",\"minValue\":\"1\",\"maxValue\":\"10\"}},{\"@type\":\"Person\",\"@id\":\"https:\/\/dicodusport.fr\/blog\/#\/schema\/person\/55dcb50ad410894e431ed812bbb70191\",\"name\":\"Nicolas Jacquemard\",\"image\":{\"@type\":\"ImageObject\",\"inLanguage\":\"fr-FR\",\"@id\":\"https:\/\/dicodusport.fr\/blog\/#\/schema\/person\/image\/\",\"url\":\"https:\/\/dicodusport.fr\/blog\/wp-content\/uploads\/2021\/05\/Nicolas-Jacquemard-150x150.jpeg\",\"contentUrl\":\"https:\/\/dicodusport.fr\/blog\/wp-content\/uploads\/2021\/05\/Nicolas-Jacquemard-150x150.jpeg\",\"caption\":\"Nicolas Jacquemard\"},\"description\":\"Passionn\u00e9 de sport et entrepreneur depuis mes 18 ans, la cr\u00e9ation de Dicodusport m'a sembl\u00e9 \u00e9vidente pour participer \u00e0 la m\u00e9diatisation d'un plus grand nombre de sports. Le chemin est long mais avec une \u00e9quipe des plus motiv\u00e9es et les Jeux Olympiques de Paris 2024 en point de mire, nous y arriverons ! Journaliste dans le monde du sport depuis plus de 5 ans, je traite aussi bien de football, de rugby, de biathlon que de cyclisme.\",\"sameAs\":[\"https:\/\/www.facebook.com\/dicodusport\",\"https:\/\/x.com\/https:\/\/twitter.com\/Nico_Jacquemard\"],\"url\":\"https:\/\/dicodusport.fr\/blog\/author\/dicodusport\/\"}]}<\/script>\n<!-- \/ Yoast SEO Premium plugin. -->","yoast_head_json":{"title":"Marc Madiot : \"Je vais faire simple, on aura un seul leader sur ce Tour\"","description":"TOUR DE FRANCE 2022 - \u00c0 deux jours du grand d\u00e9part au Danemark, Marc Madiot a annonc\u00e9 que la Groupama-FDJ n'aurait qu'un leader sur le Tour de France.\u00a0","robots":{"index":"index","follow":"follow","max-snippet":"max-snippet:-1","max-image-preview":"max-image-preview:large","max-video-preview":"max-video-preview:-1"},"canonical":"https:\/\/dicodusport.fr\/blog\/marc-madiot-je-vais-faire-simple-on-aura-un-seul-leader-sur-ce-tour\/","og_locale":"fr_FR","og_type":"article","og_title":"Marc Madiot : \"Je vais faire simple, on aura un seul leader sur ce Tour\"","og_description":"TOUR DE FRANCE 2022 - \u00c0 deux jours du grand d\u00e9part au Danemark, Marc Madiot a annonc\u00e9 que la Groupama-FDJ n'aurait qu'un leader sur le Tour de France.\u00a0","og_url":"https:\/\/dicodusport.fr\/blog\/marc-madiot-je-vais-faire-simple-on-aura-un-seul-leader-sur-ce-tour\/","og_site_name":"Dicodusport","article_publisher":"https:\/\/www.facebook.com\/dicodusport","article_author":"https:\/\/www.facebook.com\/dicodusport","article_published_time":"2022-06-29T15:37:46+00:00","article_modified_time":"2022-06-29T15:42:06+00:00","og_image":[{"width":800,"height":445,"url":"https:\/\/dicodusport.fr\/blog\/wp-content\/uploads\/2022\/06\/Marc-Madiot-Je-vais-faire-simple-on-aura-un-seul-leader-sur-ce-Tour.png","type":"image\/png"}],"author":"Nicolas Jacquemard","twitter_card":"summary_large_image","twitter_title":"Marc Madiot : \"Je vais faire simple, on aura un seul leader sur ce Tour\"","twitter_creator":"@https:\/\/twitter.com\/Nico_Jacquemard","twitter_site":"@dicodusport","schema":{"@context":"https:\/\/schema.org","@graph":[{"@type":"NewsArticle","@id":"https:\/\/dicodusport.fr\/blog\/marc-madiot-je-vais-faire-simple-on-aura-un-seul-leader-sur-ce-tour\/#article","isPartOf":{"@id":"https:\/\/dicodusport.fr\/blog\/marc-madiot-je-vais-faire-simple-on-aura-un-seul-leader-sur-ce-tour\/"},"author":{"name":"Nicolas Jacquemard","@id":"https:\/\/dicodusport.fr\/blog\/#\/schema\/person\/55dcb50ad410894e431ed812bbb70191"},"headline":"Marc Madiot : \u00ab\u00a0Je vais faire simple, on aura un seul leader sur ce Tour\u00a0\u00bb","datePublished":"2022-06-29T15:37:46+00:00","dateModified":"2022-06-29T15:42:06+00:00","mainEntityOfPage":{"@id":"https:\/\/dicodusport.fr\/blog\/marc-madiot-je-vais-faire-simple-on-aura-un-seul-leader-sur-ce-tour\/"},"wordCount":245,"commentCount":0,"publisher":{"@id":"https:\/\/dicodusport.fr\/blog\/#organization"},"image":{"@id":"https:\/\/dicodusport.fr\/blog\/marc-madiot-je-vais-faire-simple-on-aura-un-seul-leader-sur-ce-tour\/#primaryimage"},"thumbnailUrl":"https:\/\/dicodusport.fr\/blog\/wp-content\/uploads\/2022\/06\/Marc-Madiot-Je-vais-faire-simple-on-aura-un-seul-leader-sur-ce-Tour.png","keywords":["David Gaudu","Thibaut Pinot"],"articleSection":["Tour de France"],"inLanguage":"fr-FR","potentialAction":[{"@type":"CommentAction","name":"Comment","target":["https:\/\/dicodusport.fr\/blog\/marc-madiot-je-vais-faire-simple-on-aura-un-seul-leader-sur-ce-tour\/#respond"]}],"copyrightYear":"2022","copyrightHolder":{"@id":"https:\/\/dicodusport.fr\/blog\/#organization"}},{"@type":"WebPage","@id":"https:\/\/dicodusport.fr\/blog\/marc-madiot-je-vais-faire-simple-on-aura-un-seul-leader-sur-ce-tour\/","url":"https:\/\/dicodusport.fr\/blog\/marc-madiot-je-vais-faire-simple-on-aura-un-seul-leader-sur-ce-tour\/","name":"Marc Madiot : \"Je vais faire simple, on aura un seul leader sur ce Tour\"","isPartOf":{"@id":"https:\/\/dicodusport.fr\/blog\/#website"},"primaryImageOfPage":{"@id":"https:\/\/dicodusport.fr\/blog\/marc-madiot-je-vais-faire-simple-on-aura-un-seul-leader-sur-ce-tour\/#primaryimage"},"image":{"@id":"https:\/\/dicodusport.fr\/blog\/marc-madiot-je-vais-faire-simple-on-aura-un-seul-leader-sur-ce-tour\/#primaryimage"},"thumbnailUrl":"https:\/\/dicodusport.fr\/blog\/wp-content\/uploads\/2022\/06\/Marc-Madiot-Je-vais-faire-simple-on-aura-un-seul-leader-sur-ce-Tour.png","datePublished":"2022-06-29T15:37:46+00:00","dateModified":"2022-06-29T15:42:06+00:00","description":"TOUR DE FRANCE 2022 - \u00c0 deux jours du grand d\u00e9part au Danemark, Marc Madiot a annonc\u00e9 que la Groupama-FDJ n'aurait qu'un leader sur le Tour de France.\u00a0","breadcrumb":{"@id":"https:\/\/dicodusport.fr\/blog\/marc-madiot-je-vais-faire-simple-on-aura-un-seul-leader-sur-ce-tour\/#breadcrumb"},"inLanguage":"fr-FR","potentialAction":[{"@type":"ReadAction","target":["https:\/\/dicodusport.fr\/blog\/marc-madiot-je-vais-faire-simple-on-aura-un-seul-leader-sur-ce-tour\/"]}]},{"@type":"ImageObject","inLanguage":"fr-FR","@id":"https:\/\/dicodusport.fr\/blog\/marc-madiot-je-vais-faire-simple-on-aura-un-seul-leader-sur-ce-tour\/#primaryimage","url":"https:\/\/dicodusport.fr\/blog\/wp-content\/uploads\/2022\/06\/Marc-Madiot-Je-vais-faire-simple-on-aura-un-seul-leader-sur-ce-Tour.png","contentUrl":"https:\/\/dicodusport.fr\/blog\/wp-content\/uploads\/2022\/06\/Marc-Madiot-Je-vais-faire-simple-on-aura-un-seul-leader-sur-ce-Tour.png","width":800,"height":445},{"@type":"BreadcrumbList","@id":"https:\/\/dicodusport.fr\/blog\/marc-madiot-je-vais-faire-simple-on-aura-un-seul-leader-sur-ce-tour\/#breadcrumb","itemListElement":[{"@type":"ListItem","position":1,"name":"Accueil","item":"https:\/\/dicodusport.fr\/blog\/"},{"@type":"ListItem","position":2,"name":"Marc Madiot : \u00ab\u00a0Je vais faire simple, on aura un seul leader sur ce Tour\u00a0\u00bb"}]},{"@type":"WebSite","@id":"https:\/\/dicodusport.fr\/blog\/#website","url":"https:\/\/dicodusport.fr\/blog\/","name":"Dicodusport","description":"L&#039;encyclop\u00e9die de l&#039;actualit\u00e9 sportive","publisher":{"@id":"https:\/\/dicodusport.fr\/blog\/#organization"},"potentialAction":[{"@type":"SearchAction","target":{"@type":"EntryPoint","urlTemplate":"https:\/\/dicodusport.fr\/blog\/?s={search_term_string}"},"query-input":{"@type":"PropertyValueSpecification","valueRequired":true,"valueName":"search_term_string"}}],"inLanguage":"fr-FR"},{"@type":"NewsMediaOrganization","@id":"https:\/\/dicodusport.fr\/blog\/#organization","name":"Dicodusport","url":"https:\/\/dicodusport.fr\/blog\/","logo":{"@type":"ImageObject","inLanguage":"fr-FR","@id":"https:\/\/dicodusport.fr\/blog\/#\/schema\/logo\/image\/","url":"https:\/\/dicodusport.fr\/blog\/wp-content\/uploads\/2020\/06\/cropped-LOGO-DICODUSPORT-2020-SANS-FOND-SANS-TEXTE.png","contentUrl":"https:\/\/dicodusport.fr\/blog\/wp-content\/uploads\/2020\/06\/cropped-LOGO-DICODUSPORT-2020-SANS-FOND-SANS-TEXTE.png","width":512,"height":512,"caption":"Dicodusport"},"image":{"@id":"https:\/\/dicodusport.fr\/blog\/#\/schema\/logo\/image\/"},"sameAs":["https:\/\/www.facebook.com\/dicodusport","https:\/\/x.com\/dicodusport","https:\/\/www.instagram.com\/dicodusport\/","https:\/\/www.youtube.com\/channel\/UC7V2KZ5sd3htJivAbA4ZG3w"],"description":"Dicodusport est l'encyclop\u00e9die de l'actualit\u00e9 sportive.","email":"bonjour@dicodusport.fr","legalName":"DICODUSPORT","foundingDate":"2018-01-14","vatID":"FR71834470973","taxID":"83447097300043","numberOfEmployees":{"@type":"QuantitativeValue","minValue":"1","maxValue":"10"}},{"@type":"Person","@id":"https:\/\/dicodusport.fr\/blog\/#\/schema\/person\/55dcb50ad410894e431ed812bbb70191","name":"Nicolas Jacquemard","image":{"@type":"ImageObject","inLanguage":"fr-FR","@id":"https:\/\/dicodusport.fr\/blog\/#\/schema\/person\/image\/","url":"https:\/\/dicodusport.fr\/blog\/wp-content\/uploads\/2021\/05\/Nicolas-Jacquemard-150x150.jpeg","contentUrl":"https:\/\/dicodusport.fr\/blog\/wp-content\/uploads\/2021\/05\/Nicolas-Jacquemard-150x150.jpeg","caption":"Nicolas Jacquemard"},"description":"Passionn\u00e9 de sport et entrepreneur depuis mes 18 ans, la cr\u00e9ation de Dicodusport m'a sembl\u00e9 \u00e9vidente pour participer \u00e0 la m\u00e9diatisation d'un plus grand nombre de sports. Le chemin est long mais avec une \u00e9quipe des plus motiv\u00e9es et les Jeux Olympiques de Paris 2024 en point de mire, nous y arriverons ! Journaliste dans le monde du sport depuis plus de 5 ans, je traite aussi bien de football, de rugby, de biathlon que de cyclisme.","sameAs":["https:\/\/www.facebook.com\/dicodusport","https:\/\/x.com\/https:\/\/twitter.com\/Nico_Jacquemard"],"url":"https:\/\/dicodusport.fr\/blog\/author\/dicodusport\/"}]}},"_links":{"self":[{"href":"https:\/\/dicodusport.fr\/blog\/wp-json\/wp\/v2\/posts\/238356","targetHints":{"allow":["GET"]}}],"collection":[{"href":"https:\/\/dicodusport.fr\/blog\/wp-json\/wp\/v2\/posts"}],"about":[{"href":"https:\/\/dicodusport.fr\/blog\/wp-json\/wp\/v2\/types\/post"}],"author":[{"embeddable":true,"href":"https:\/\/dicodusport.fr\/blog\/wp-json\/wp\/v2\/users\/1"}],"replies":[{"embeddable":true,"href":"https:\/\/dicodusport.fr\/blog\/wp-json\/wp\/v2\/comments?post=238356"}],"version-history":[{"count":0,"href":"https:\/\/dicodusport.fr\/blog\/wp-json\/wp\/v2\/posts\/238356\/revisions"}],"wp:featuredmedia":[{"embeddable":true,"href":"https:\/\/dicodusport.fr\/blog\/wp-json\/wp\/v2\/media\/238357"}],"wp:attachment":[{"href":"https:\/\/dicodusport.fr\/blog\/wp-json\/wp\/v2\/media?parent=238356"}],"wp:term":[{"taxonomy":"category","embeddable":true,"href":"https:\/\/dicodusport.fr\/blog\/wp-json\/wp\/v2\/categories?post=238356"},{"taxonomy":"post_tag","embeddable":true,"href":"https:\/\/dicodusport.fr\/blog\/wp-json\/wp\/v2\/tags?post=238356"}],"curies":[{"name":"wp","href":"https:\/\/api.w.org\/{rel}","templated":true}]}}