{"id":238515,"date":"2022-06-30T09:05:59","date_gmt":"2022-06-30T07:05:59","guid":{"rendered":"https:\/\/dicodusport.fr\/blog\/?p=238515&#038;preview=true&#038;preview_id=238515"},"modified":"2022-06-30T09:48:30","modified_gmt":"2022-06-30T07:48:30","slug":"thibaut-pinot-je-ne-suis-plus-le-meme-coureur","status":"publish","type":"post","link":"https:\/\/dicodusport.fr\/blog\/thibaut-pinot-je-ne-suis-plus-le-meme-coureur\/","title":{"rendered":"Thibaut Pinot : \u00ab\u00a0Je ne suis plus le m\u00eame coureur\u00a0\u00bb"},"content":{"rendered":"<p style=\"text-align: justify;\"><b><i><em><strong><a href=\"https:\/\/dicodusport.fr\/blog\/actualites\/cyclisme\/cyclisme-sur-route-2022\/tour-de-france-2022\/\" target=\"_blank\" rel=\"noopener\">TOUR DE FRANCE 2022<\/a><\/strong><\/em> &#8211; Dans un long entretien pour L&rsquo;\u00c9quipe, Thibaut Pinot est revenu sur son nouveau r\u00f4le sur le Tour de France au sein de la Groupama-FDJ, et sur les cons\u00e9quences de sa chute de 2020 sur la suite de sa carri\u00e8re.<\/i><\/b><\/p>\n<p style=\"text-align: justify;\">Le grimpeur de la <strong>Groupama-FDJ, Thibaut Pinot,<\/strong> n&rsquo;est plus le m\u00eame depuis la <strong>Grande Boucle 2020<\/strong>, qui l&rsquo;a oblig\u00e9 \u00e0 mettre sa carri\u00e8re de c\u00f4t\u00e9 pendant plusieurs semaines. Apr\u00e8s ses gal\u00e8res, il aborde d\u00e9sormais le cyclisme diff\u00e9remment.<\/p>\n<blockquote>\n<p style=\"text-align: justify;\">Je l&rsquo;ai dit apr\u00e8s le Tour de Suisse, je ne suis plus le m\u00eame coureur. Je serais tomb\u00e9 \u00e0 Nice sans rien me casser, peut-\u00eatre que je serais leader avec David sur le Tour. Mais ce qui m&rsquo;a p\u00e9nalis\u00e9, c&rsquo;est de passer un an et demi \u00e0 gal\u00e9rer avec mon dos. Si, ce jour-l\u00e0, je ne fais pas le g\u00e9n\u00e9ral, je ne tombe jamais. Je me rel\u00e8ve avant les 3 kilom\u00e8tres et voil\u00e0. C&rsquo;est comme \u00e7a, \u00e7a fait partie de moi, je l&rsquo;accepte. On peut exister autrement dans le v\u00e9lo qu&rsquo;en finissant sixi\u00e8me ou huiti\u00e8me du g\u00e9n\u00e9ral d&rsquo;une course.<\/p>\n<\/blockquote>\n<p style=\"text-align: justify;\">Comme l&rsquo;a confirm\u00e9 <strong>Marc Madiot<\/strong> mercredi, la <a href=\"https:\/\/dicodusport.fr\/blog\/marc-madiot-je-vais-faire-simple-on-aura-un-seul-leader-sur-ce-tour\/\" target=\"_blank\" rel=\"noopener\">Groupama-FDJ aura un seul leader sur le Tour de France 2022, David Gaudu<\/a>. <strong>Thibaut Pinot<\/strong> va donc aborder la course dans un nouveau r\u00f4le. Il\u00a0 explique qu&rsquo;en fonction des performances de son leader, il pourrait avoir plus ou moins de marge de man\u0153uvre.<\/p>\n<blockquote>\n<p style=\"text-align: justify;\">Tout d\u00e9pendra du d\u00e9roulement de la course. Si David, dans dix jours, est \u00e0 vingt secondes du podium, qui est l&rsquo;objectif initial, toute l&rsquo;\u00e9quipe sera articul\u00e9e autour de \u00e7a et je serai le premier \u00e0 \u00eatre d&rsquo;accord. Mais s&rsquo;il est huiti\u00e8me \u00e0 9 ou 10 minutes, ce n&rsquo;est plus pareil. Mais le discours de base, c&rsquo;est le podium, point.<\/p>\n<\/blockquote>\n<blockquote class=\"twitter-tweet\">\n<p dir=\"ltr\" lang=\"fr\">Thibaut Pinot : \u00abJe n&rsquo;\u00e9tais pas pr\u00eat mentalement\u00bb<\/p>\n<p>Le grimpeur de l&rsquo;\u00e9quipe Groupama-FDJ explique le nouveau coureur qu&rsquo;il est devenu, marqu\u00e9 par sa chute du Tour 2020, et le soulagement qu&rsquo;il ressent \u00e0 d\u00e9marrer vendredi le Tour sans pression <a href=\"https:\/\/t.co\/Tp089nAOJY\">https:\/\/t.co\/Tp089nAOJY<\/a> <a href=\"https:\/\/t.co\/7F7z4FgNOi\">pic.twitter.com\/7F7z4FgNOi<\/a><\/p>\n<p>\u2014 L&rsquo;\u00c9QUIPE (@lequipe) <a href=\"https:\/\/twitter.com\/lequipe\/status\/1542260001422589952?ref_src=twsrc%5Etfw\">June 29, 2022<\/a><\/p><\/blockquote>\n<p><script async src=\"https:\/\/platform.twitter.com\/widgets.js\" charset=\"utf-8\"><\/script><\/p>\n<h2 style=\"text-align: justify;\"><strong>\u00c0 lire aussi<\/strong><\/h2>\n<ul>\n<li><a href=\"https:\/\/dicodusport.fr\/blog\/toute-lactualite-du-tour-de-france-2022\/\" target=\"_blank\" rel=\"noopener\"><strong>Toute l\u2019actualit\u00e9 du Tour de France 2022<\/strong><\/a><\/li>\n<li><a href=\"https:\/\/dicodusport.fr\/blog\/le-profil-des-21-etapes-du-tour-de-france-2022\/\" target=\"_blank\" rel=\"noopener\"><strong>Le profil des 21 \u00e9tapes du Tour de France 2022<\/strong><\/a><\/li>\n<\/ul>\n","protected":false},"excerpt":{"rendered":"<p>TOUR DE FRANCE 2022 &#8211; Dans un long entretien pour L&rsquo;\u00c9quipe, Thibaut Pinot est revenu sur son nouveau r\u00f4le sur le Tour de France au sein de la Groupama-FDJ, et sur les cons\u00e9quences de sa chute de 2020 sur la suite de sa carri\u00e8re.<\/p>\n","protected":false},"author":1,"featured_media":238519,"comment_status":"open","ping_status":"closed","sticky":false,"template":"","format":"standard","meta":{"_acf_changed":false,"_daextam_enable_autolinks":"","footnotes":""},"categories":[46995],"tags":[3596,4839],"class_list":["post-238515","post","type-post","status-publish","format-standard","has-post-thumbnail","hentry","category-tour-de-france","tag-pinot","tag-thibaut-pinot"],"acf":[],"yoast_head":"<!-- This site is optimized with the Yoast SEO Premium plugin v26.7 (Yoast SEO v26.7) - https:\/\/yoast.com\/wordpress\/plugins\/seo\/ -->\n<title>Thibaut Pinot : &quot;Je ne suis plus le m\u00eame coureur&quot;<\/title>\n<meta name=\"description\" content=\"Dans un entretien pour L&#039;\u00c9quipe, Thibaut Pinot est revenu sur son nouveau r\u00f4le sur le Tour de France et sur les cons\u00e9quences de sa chute de 2020.\" \/>\n<meta name=\"robots\" content=\"index, follow, max-snippet:-1, max-image-preview:large, max-video-preview:-1\" \/>\n<link rel=\"canonical\" href=\"https:\/\/dicodusport.fr\/blog\/thibaut-pinot-je-ne-suis-plus-le-meme-coureur\/\" \/>\n<meta property=\"og:locale\" content=\"fr_FR\" \/>\n<meta property=\"og:type\" content=\"article\" \/>\n<meta property=\"og:title\" content=\"Thibaut Pinot : &quot;Je ne suis plus le m\u00eame coureur&quot;\" \/>\n<meta property=\"og:description\" content=\"Dans un entretien pour L&#039;\u00c9quipe, Thibaut Pinot est revenu sur son nouveau r\u00f4le sur le Tour de France et sur les cons\u00e9quences de sa chute de 2020.\" \/>\n<meta property=\"og:url\" content=\"https:\/\/dicodusport.fr\/blog\/thibaut-pinot-je-ne-suis-plus-le-meme-coureur\/\" \/>\n<meta property=\"og:site_name\" content=\"Dicodusport\" \/>\n<meta property=\"article:publisher\" content=\"https:\/\/www.facebook.com\/dicodusport\" \/>\n<meta property=\"article:author\" content=\"https:\/\/www.facebook.com\/dicodusport\" \/>\n<meta property=\"article:published_time\" content=\"2022-06-30T07:05:59+00:00\" \/>\n<meta property=\"article:modified_time\" content=\"2022-06-30T07:48:30+00:00\" \/>\n<meta property=\"og:image\" content=\"https:\/\/dicodusport.fr\/blog\/wp-content\/uploads\/2022\/06\/Thibaut-Pinot-Je-ne-suis-plus-le-me\u0302me-coureur.png\" \/>\n\t<meta property=\"og:image:width\" content=\"800\" \/>\n\t<meta property=\"og:image:height\" content=\"445\" \/>\n\t<meta property=\"og:image:type\" content=\"image\/png\" \/>\n<meta name=\"author\" content=\"Nicolas Jacquemard\" \/>\n<meta name=\"twitter:card\" content=\"summary_large_image\" \/>\n<meta name=\"twitter:title\" content=\"Thibaut Pinot : &quot;Je ne suis plus le m\u00eame coureur&quot;\" \/>\n<meta name=\"twitter:creator\" content=\"@https:\/\/twitter.com\/Nico_Jacquemard\" \/>\n<meta name=\"twitter:site\" content=\"@dicodusport\" \/>\n<script type=\"application\/ld+json\" class=\"yoast-schema-graph\">{\"@context\":\"https:\/\/schema.org\",\"@graph\":[{\"@type\":\"NewsArticle\",\"@id\":\"https:\/\/dicodusport.fr\/blog\/thibaut-pinot-je-ne-suis-plus-le-meme-coureur\/#article\",\"isPartOf\":{\"@id\":\"https:\/\/dicodusport.fr\/blog\/thibaut-pinot-je-ne-suis-plus-le-meme-coureur\/\"},\"author\":{\"name\":\"Nicolas Jacquemard\",\"@id\":\"https:\/\/dicodusport.fr\/blog\/#\/schema\/person\/55dcb50ad410894e431ed812bbb70191\"},\"headline\":\"Thibaut Pinot : \u00ab\u00a0Je ne suis plus le m\u00eame coureur\u00a0\u00bb\",\"datePublished\":\"2022-06-30T07:05:59+00:00\",\"dateModified\":\"2022-06-30T07:48:30+00:00\",\"mainEntityOfPage\":{\"@id\":\"https:\/\/dicodusport.fr\/blog\/thibaut-pinot-je-ne-suis-plus-le-meme-coureur\/\"},\"wordCount\":408,\"commentCount\":0,\"publisher\":{\"@id\":\"https:\/\/dicodusport.fr\/blog\/#organization\"},\"image\":{\"@id\":\"https:\/\/dicodusport.fr\/blog\/thibaut-pinot-je-ne-suis-plus-le-meme-coureur\/#primaryimage\"},\"thumbnailUrl\":\"https:\/\/dicodusport.fr\/blog\/wp-content\/uploads\/2022\/06\/Thibaut-Pinot-Je-ne-suis-plus-le-me\u0302me-coureur.png\",\"keywords\":[\"Pinot\",\"Thibaut Pinot\"],\"articleSection\":[\"Tour de France\"],\"inLanguage\":\"fr-FR\",\"potentialAction\":[{\"@type\":\"CommentAction\",\"name\":\"Comment\",\"target\":[\"https:\/\/dicodusport.fr\/blog\/thibaut-pinot-je-ne-suis-plus-le-meme-coureur\/#respond\"]}],\"copyrightYear\":\"2022\",\"copyrightHolder\":{\"@id\":\"https:\/\/dicodusport.fr\/blog\/#organization\"}},{\"@type\":\"WebPage\",\"@id\":\"https:\/\/dicodusport.fr\/blog\/thibaut-pinot-je-ne-suis-plus-le-meme-coureur\/\",\"url\":\"https:\/\/dicodusport.fr\/blog\/thibaut-pinot-je-ne-suis-plus-le-meme-coureur\/\",\"name\":\"Thibaut Pinot : \\\"Je ne suis plus le m\u00eame coureur\\\"\",\"isPartOf\":{\"@id\":\"https:\/\/dicodusport.fr\/blog\/#website\"},\"primaryImageOfPage\":{\"@id\":\"https:\/\/dicodusport.fr\/blog\/thibaut-pinot-je-ne-suis-plus-le-meme-coureur\/#primaryimage\"},\"image\":{\"@id\":\"https:\/\/dicodusport.fr\/blog\/thibaut-pinot-je-ne-suis-plus-le-meme-coureur\/#primaryimage\"},\"thumbnailUrl\":\"https:\/\/dicodusport.fr\/blog\/wp-content\/uploads\/2022\/06\/Thibaut-Pinot-Je-ne-suis-plus-le-me\u0302me-coureur.png\",\"datePublished\":\"2022-06-30T07:05:59+00:00\",\"dateModified\":\"2022-06-30T07:48:30+00:00\",\"description\":\"Dans un entretien pour L'\u00c9quipe, Thibaut Pinot est revenu sur son nouveau r\u00f4le sur le Tour de France et sur les cons\u00e9quences de sa chute de 2020.\",\"breadcrumb\":{\"@id\":\"https:\/\/dicodusport.fr\/blog\/thibaut-pinot-je-ne-suis-plus-le-meme-coureur\/#breadcrumb\"},\"inLanguage\":\"fr-FR\",\"potentialAction\":[{\"@type\":\"ReadAction\",\"target\":[\"https:\/\/dicodusport.fr\/blog\/thibaut-pinot-je-ne-suis-plus-le-meme-coureur\/\"]}]},{\"@type\":\"ImageObject\",\"inLanguage\":\"fr-FR\",\"@id\":\"https:\/\/dicodusport.fr\/blog\/thibaut-pinot-je-ne-suis-plus-le-meme-coureur\/#primaryimage\",\"url\":\"https:\/\/dicodusport.fr\/blog\/wp-content\/uploads\/2022\/06\/Thibaut-Pinot-Je-ne-suis-plus-le-me\u0302me-coureur.png\",\"contentUrl\":\"https:\/\/dicodusport.fr\/blog\/wp-content\/uploads\/2022\/06\/Thibaut-Pinot-Je-ne-suis-plus-le-me\u0302me-coureur.png\",\"width\":800,\"height\":445},{\"@type\":\"BreadcrumbList\",\"@id\":\"https:\/\/dicodusport.fr\/blog\/thibaut-pinot-je-ne-suis-plus-le-meme-coureur\/#breadcrumb\",\"itemListElement\":[{\"@type\":\"ListItem\",\"position\":1,\"name\":\"Accueil\",\"item\":\"https:\/\/dicodusport.fr\/blog\/\"},{\"@type\":\"ListItem\",\"position\":2,\"name\":\"Thibaut Pinot : \u00ab\u00a0Je ne suis plus le m\u00eame coureur\u00a0\u00bb\"}]},{\"@type\":\"WebSite\",\"@id\":\"https:\/\/dicodusport.fr\/blog\/#website\",\"url\":\"https:\/\/dicodusport.fr\/blog\/\",\"name\":\"Dicodusport\",\"description\":\"L&#039;encyclop\u00e9die de l&#039;actualit\u00e9 sportive\",\"publisher\":{\"@id\":\"https:\/\/dicodusport.fr\/blog\/#organization\"},\"potentialAction\":[{\"@type\":\"SearchAction\",\"target\":{\"@type\":\"EntryPoint\",\"urlTemplate\":\"https:\/\/dicodusport.fr\/blog\/?s={search_term_string}\"},\"query-input\":{\"@type\":\"PropertyValueSpecification\",\"valueRequired\":true,\"valueName\":\"search_term_string\"}}],\"inLanguage\":\"fr-FR\"},{\"@type\":\"NewsMediaOrganization\",\"@id\":\"https:\/\/dicodusport.fr\/blog\/#organization\",\"name\":\"Dicodusport\",\"url\":\"https:\/\/dicodusport.fr\/blog\/\",\"logo\":{\"@type\":\"ImageObject\",\"inLanguage\":\"fr-FR\",\"@id\":\"https:\/\/dicodusport.fr\/blog\/#\/schema\/logo\/image\/\",\"url\":\"https:\/\/dicodusport.fr\/blog\/wp-content\/uploads\/2020\/06\/cropped-LOGO-DICODUSPORT-2020-SANS-FOND-SANS-TEXTE.png\",\"contentUrl\":\"https:\/\/dicodusport.fr\/blog\/wp-content\/uploads\/2020\/06\/cropped-LOGO-DICODUSPORT-2020-SANS-FOND-SANS-TEXTE.png\",\"width\":512,\"height\":512,\"caption\":\"Dicodusport\"},\"image\":{\"@id\":\"https:\/\/dicodusport.fr\/blog\/#\/schema\/logo\/image\/\"},\"sameAs\":[\"https:\/\/www.facebook.com\/dicodusport\",\"https:\/\/x.com\/dicodusport\",\"https:\/\/www.instagram.com\/dicodusport\/\",\"https:\/\/www.youtube.com\/channel\/UC7V2KZ5sd3htJivAbA4ZG3w\"],\"description\":\"Dicodusport est l'encyclop\u00e9die de l'actualit\u00e9 sportive.\",\"email\":\"bonjour@dicodusport.fr\",\"legalName\":\"DICODUSPORT\",\"foundingDate\":\"2018-01-14\",\"vatID\":\"FR71834470973\",\"taxID\":\"83447097300043\",\"numberOfEmployees\":{\"@type\":\"QuantitativeValue\",\"minValue\":\"1\",\"maxValue\":\"10\"}},{\"@type\":\"Person\",\"@id\":\"https:\/\/dicodusport.fr\/blog\/#\/schema\/person\/55dcb50ad410894e431ed812bbb70191\",\"name\":\"Nicolas Jacquemard\",\"image\":{\"@type\":\"ImageObject\",\"inLanguage\":\"fr-FR\",\"@id\":\"https:\/\/dicodusport.fr\/blog\/#\/schema\/person\/image\/\",\"url\":\"https:\/\/dicodusport.fr\/blog\/wp-content\/uploads\/2021\/05\/Nicolas-Jacquemard-150x150.jpeg\",\"contentUrl\":\"https:\/\/dicodusport.fr\/blog\/wp-content\/uploads\/2021\/05\/Nicolas-Jacquemard-150x150.jpeg\",\"caption\":\"Nicolas Jacquemard\"},\"description\":\"Passionn\u00e9 de sport et entrepreneur depuis mes 18 ans, la cr\u00e9ation de Dicodusport m'a sembl\u00e9 \u00e9vidente pour participer \u00e0 la m\u00e9diatisation d'un plus grand nombre de sports. Le chemin est long mais avec une \u00e9quipe des plus motiv\u00e9es et les Jeux Olympiques de Paris 2024 en point de mire, nous y arriverons ! Journaliste dans le monde du sport depuis plus de 5 ans, je traite aussi bien de football, de rugby, de biathlon que de cyclisme.\",\"sameAs\":[\"https:\/\/www.facebook.com\/dicodusport\",\"https:\/\/x.com\/https:\/\/twitter.com\/Nico_Jacquemard\"],\"url\":\"https:\/\/dicodusport.fr\/blog\/author\/dicodusport\/\"}]}<\/script>\n<!-- \/ Yoast SEO Premium plugin. -->","yoast_head_json":{"title":"Thibaut Pinot : \"Je ne suis plus le m\u00eame coureur\"","description":"Dans un entretien pour L'\u00c9quipe, Thibaut Pinot est revenu sur son nouveau r\u00f4le sur le Tour de France et sur les cons\u00e9quences de sa chute de 2020.","robots":{"index":"index","follow":"follow","max-snippet":"max-snippet:-1","max-image-preview":"max-image-preview:large","max-video-preview":"max-video-preview:-1"},"canonical":"https:\/\/dicodusport.fr\/blog\/thibaut-pinot-je-ne-suis-plus-le-meme-coureur\/","og_locale":"fr_FR","og_type":"article","og_title":"Thibaut Pinot : \"Je ne suis plus le m\u00eame coureur\"","og_description":"Dans un entretien pour L'\u00c9quipe, Thibaut Pinot est revenu sur son nouveau r\u00f4le sur le Tour de France et sur les cons\u00e9quences de sa chute de 2020.","og_url":"https:\/\/dicodusport.fr\/blog\/thibaut-pinot-je-ne-suis-plus-le-meme-coureur\/","og_site_name":"Dicodusport","article_publisher":"https:\/\/www.facebook.com\/dicodusport","article_author":"https:\/\/www.facebook.com\/dicodusport","article_published_time":"2022-06-30T07:05:59+00:00","article_modified_time":"2022-06-30T07:48:30+00:00","og_image":[{"width":800,"height":445,"url":"https:\/\/dicodusport.fr\/blog\/wp-content\/uploads\/2022\/06\/Thibaut-Pinot-Je-ne-suis-plus-le-me\u0302me-coureur.png","type":"image\/png"}],"author":"Nicolas Jacquemard","twitter_card":"summary_large_image","twitter_title":"Thibaut Pinot : \"Je ne suis plus le m\u00eame coureur\"","twitter_creator":"@https:\/\/twitter.com\/Nico_Jacquemard","twitter_site":"@dicodusport","schema":{"@context":"https:\/\/schema.org","@graph":[{"@type":"NewsArticle","@id":"https:\/\/dicodusport.fr\/blog\/thibaut-pinot-je-ne-suis-plus-le-meme-coureur\/#article","isPartOf":{"@id":"https:\/\/dicodusport.fr\/blog\/thibaut-pinot-je-ne-suis-plus-le-meme-coureur\/"},"author":{"name":"Nicolas Jacquemard","@id":"https:\/\/dicodusport.fr\/blog\/#\/schema\/person\/55dcb50ad410894e431ed812bbb70191"},"headline":"Thibaut Pinot : \u00ab\u00a0Je ne suis plus le m\u00eame coureur\u00a0\u00bb","datePublished":"2022-06-30T07:05:59+00:00","dateModified":"2022-06-30T07:48:30+00:00","mainEntityOfPage":{"@id":"https:\/\/dicodusport.fr\/blog\/thibaut-pinot-je-ne-suis-plus-le-meme-coureur\/"},"wordCount":408,"commentCount":0,"publisher":{"@id":"https:\/\/dicodusport.fr\/blog\/#organization"},"image":{"@id":"https:\/\/dicodusport.fr\/blog\/thibaut-pinot-je-ne-suis-plus-le-meme-coureur\/#primaryimage"},"thumbnailUrl":"https:\/\/dicodusport.fr\/blog\/wp-content\/uploads\/2022\/06\/Thibaut-Pinot-Je-ne-suis-plus-le-me\u0302me-coureur.png","keywords":["Pinot","Thibaut Pinot"],"articleSection":["Tour de France"],"inLanguage":"fr-FR","potentialAction":[{"@type":"CommentAction","name":"Comment","target":["https:\/\/dicodusport.fr\/blog\/thibaut-pinot-je-ne-suis-plus-le-meme-coureur\/#respond"]}],"copyrightYear":"2022","copyrightHolder":{"@id":"https:\/\/dicodusport.fr\/blog\/#organization"}},{"@type":"WebPage","@id":"https:\/\/dicodusport.fr\/blog\/thibaut-pinot-je-ne-suis-plus-le-meme-coureur\/","url":"https:\/\/dicodusport.fr\/blog\/thibaut-pinot-je-ne-suis-plus-le-meme-coureur\/","name":"Thibaut Pinot : \"Je ne suis plus le m\u00eame coureur\"","isPartOf":{"@id":"https:\/\/dicodusport.fr\/blog\/#website"},"primaryImageOfPage":{"@id":"https:\/\/dicodusport.fr\/blog\/thibaut-pinot-je-ne-suis-plus-le-meme-coureur\/#primaryimage"},"image":{"@id":"https:\/\/dicodusport.fr\/blog\/thibaut-pinot-je-ne-suis-plus-le-meme-coureur\/#primaryimage"},"thumbnailUrl":"https:\/\/dicodusport.fr\/blog\/wp-content\/uploads\/2022\/06\/Thibaut-Pinot-Je-ne-suis-plus-le-me\u0302me-coureur.png","datePublished":"2022-06-30T07:05:59+00:00","dateModified":"2022-06-30T07:48:30+00:00","description":"Dans un entretien pour L'\u00c9quipe, Thibaut Pinot est revenu sur son nouveau r\u00f4le sur le Tour de France et sur les cons\u00e9quences de sa chute de 2020.","breadcrumb":{"@id":"https:\/\/dicodusport.fr\/blog\/thibaut-pinot-je-ne-suis-plus-le-meme-coureur\/#breadcrumb"},"inLanguage":"fr-FR","potentialAction":[{"@type":"ReadAction","target":["https:\/\/dicodusport.fr\/blog\/thibaut-pinot-je-ne-suis-plus-le-meme-coureur\/"]}]},{"@type":"ImageObject","inLanguage":"fr-FR","@id":"https:\/\/dicodusport.fr\/blog\/thibaut-pinot-je-ne-suis-plus-le-meme-coureur\/#primaryimage","url":"https:\/\/dicodusport.fr\/blog\/wp-content\/uploads\/2022\/06\/Thibaut-Pinot-Je-ne-suis-plus-le-me\u0302me-coureur.png","contentUrl":"https:\/\/dicodusport.fr\/blog\/wp-content\/uploads\/2022\/06\/Thibaut-Pinot-Je-ne-suis-plus-le-me\u0302me-coureur.png","width":800,"height":445},{"@type":"BreadcrumbList","@id":"https:\/\/dicodusport.fr\/blog\/thibaut-pinot-je-ne-suis-plus-le-meme-coureur\/#breadcrumb","itemListElement":[{"@type":"ListItem","position":1,"name":"Accueil","item":"https:\/\/dicodusport.fr\/blog\/"},{"@type":"ListItem","position":2,"name":"Thibaut Pinot : \u00ab\u00a0Je ne suis plus le m\u00eame coureur\u00a0\u00bb"}]},{"@type":"WebSite","@id":"https:\/\/dicodusport.fr\/blog\/#website","url":"https:\/\/dicodusport.fr\/blog\/","name":"Dicodusport","description":"L&#039;encyclop\u00e9die de l&#039;actualit\u00e9 sportive","publisher":{"@id":"https:\/\/dicodusport.fr\/blog\/#organization"},"potentialAction":[{"@type":"SearchAction","target":{"@type":"EntryPoint","urlTemplate":"https:\/\/dicodusport.fr\/blog\/?s={search_term_string}"},"query-input":{"@type":"PropertyValueSpecification","valueRequired":true,"valueName":"search_term_string"}}],"inLanguage":"fr-FR"},{"@type":"NewsMediaOrganization","@id":"https:\/\/dicodusport.fr\/blog\/#organization","name":"Dicodusport","url":"https:\/\/dicodusport.fr\/blog\/","logo":{"@type":"ImageObject","inLanguage":"fr-FR","@id":"https:\/\/dicodusport.fr\/blog\/#\/schema\/logo\/image\/","url":"https:\/\/dicodusport.fr\/blog\/wp-content\/uploads\/2020\/06\/cropped-LOGO-DICODUSPORT-2020-SANS-FOND-SANS-TEXTE.png","contentUrl":"https:\/\/dicodusport.fr\/blog\/wp-content\/uploads\/2020\/06\/cropped-LOGO-DICODUSPORT-2020-SANS-FOND-SANS-TEXTE.png","width":512,"height":512,"caption":"Dicodusport"},"image":{"@id":"https:\/\/dicodusport.fr\/blog\/#\/schema\/logo\/image\/"},"sameAs":["https:\/\/www.facebook.com\/dicodusport","https:\/\/x.com\/dicodusport","https:\/\/www.instagram.com\/dicodusport\/","https:\/\/www.youtube.com\/channel\/UC7V2KZ5sd3htJivAbA4ZG3w"],"description":"Dicodusport est l'encyclop\u00e9die de l'actualit\u00e9 sportive.","email":"bonjour@dicodusport.fr","legalName":"DICODUSPORT","foundingDate":"2018-01-14","vatID":"FR71834470973","taxID":"83447097300043","numberOfEmployees":{"@type":"QuantitativeValue","minValue":"1","maxValue":"10"}},{"@type":"Person","@id":"https:\/\/dicodusport.fr\/blog\/#\/schema\/person\/55dcb50ad410894e431ed812bbb70191","name":"Nicolas Jacquemard","image":{"@type":"ImageObject","inLanguage":"fr-FR","@id":"https:\/\/dicodusport.fr\/blog\/#\/schema\/person\/image\/","url":"https:\/\/dicodusport.fr\/blog\/wp-content\/uploads\/2021\/05\/Nicolas-Jacquemard-150x150.jpeg","contentUrl":"https:\/\/dicodusport.fr\/blog\/wp-content\/uploads\/2021\/05\/Nicolas-Jacquemard-150x150.jpeg","caption":"Nicolas Jacquemard"},"description":"Passionn\u00e9 de sport et entrepreneur depuis mes 18 ans, la cr\u00e9ation de Dicodusport m'a sembl\u00e9 \u00e9vidente pour participer \u00e0 la m\u00e9diatisation d'un plus grand nombre de sports. Le chemin est long mais avec une \u00e9quipe des plus motiv\u00e9es et les Jeux Olympiques de Paris 2024 en point de mire, nous y arriverons ! Journaliste dans le monde du sport depuis plus de 5 ans, je traite aussi bien de football, de rugby, de biathlon que de cyclisme.","sameAs":["https:\/\/www.facebook.com\/dicodusport","https:\/\/x.com\/https:\/\/twitter.com\/Nico_Jacquemard"],"url":"https:\/\/dicodusport.fr\/blog\/author\/dicodusport\/"}]}},"_links":{"self":[{"href":"https:\/\/dicodusport.fr\/blog\/wp-json\/wp\/v2\/posts\/238515","targetHints":{"allow":["GET"]}}],"collection":[{"href":"https:\/\/dicodusport.fr\/blog\/wp-json\/wp\/v2\/posts"}],"about":[{"href":"https:\/\/dicodusport.fr\/blog\/wp-json\/wp\/v2\/types\/post"}],"author":[{"embeddable":true,"href":"https:\/\/dicodusport.fr\/blog\/wp-json\/wp\/v2\/users\/1"}],"replies":[{"embeddable":true,"href":"https:\/\/dicodusport.fr\/blog\/wp-json\/wp\/v2\/comments?post=238515"}],"version-history":[{"count":0,"href":"https:\/\/dicodusport.fr\/blog\/wp-json\/wp\/v2\/posts\/238515\/revisions"}],"wp:featuredmedia":[{"embeddable":true,"href":"https:\/\/dicodusport.fr\/blog\/wp-json\/wp\/v2\/media\/238519"}],"wp:attachment":[{"href":"https:\/\/dicodusport.fr\/blog\/wp-json\/wp\/v2\/media?parent=238515"}],"wp:term":[{"taxonomy":"category","embeddable":true,"href":"https:\/\/dicodusport.fr\/blog\/wp-json\/wp\/v2\/categories?post=238515"},{"taxonomy":"post_tag","embeddable":true,"href":"https:\/\/dicodusport.fr\/blog\/wp-json\/wp\/v2\/tags?post=238515"}],"curies":[{"name":"wp","href":"https:\/\/api.w.org\/{rel}","templated":true}]}}