{"id":238645,"date":"2022-06-30T16:08:43","date_gmt":"2022-06-30T14:08:43","guid":{"rendered":"https:\/\/dicodusport.fr\/blog\/?p=238645&#038;preview=true&#038;preview_id=238645"},"modified":"2022-06-30T20:47:52","modified_gmt":"2022-06-30T18:47:52","slug":"vtt-championnats-de-france-pauline-ferrand-prevot-et-maxime-loret-titres-en-xcc","status":"publish","type":"post","link":"https:\/\/dicodusport.fr\/blog\/vtt-championnats-de-france-pauline-ferrand-prevot-et-maxime-loret-titres-en-xcc\/","title":{"rendered":"VTT Championnats de France : Pauline Ferrand-Pr\u00e9vot et Maxime Loret titr\u00e9s en XCC"},"content":{"rendered":"<p style=\"text-align: justify;\"><b><i>CHAMPIONNATS DE FRANCE DE VTT 2022 &#8211; Ce jeudi, \u00e0 Ploeuc l&rsquo;Hermitage (Bretagne), Pauline Ferrand-Pr\u00e9vot et Maxime Loret ont remport\u00e9 le titre national XCC (short-race).<\/i><\/b><\/p>\n<p style=\"text-align: justify;\">Depuis 2021, la short-race a aussi ses champions de France. Et ce jeudi, en Bretagne, <a href=\"https:\/\/dicodusport.fr\/blog\/pauline-ferrand-prevot-je-savais-tres-bien-que-je-ne-serais-pas-devant\/\"><strong>Pauline Ferrand-Pr\u00e9vot<\/strong><\/a> a sans doute retrouv\u00e9 le sourire. De retour \u00e0 la comp\u00e9tition apr\u00e8s un d\u00e9but de saison mitig\u00e9 en Coupe du monde, la Champenoise a d\u00e9croch\u00e9 le titre national (XCC). Sextuple championne de France XCO \u00e9lites, elle a ainsi compl\u00e9t\u00e9 son palmar\u00e8s national, en s&rsquo;imposant devant <strong>L\u00e9na G\u00e9rault<\/strong> (KTM Vittoria Racing), d\u00e9j\u00e0 en argent l&rsquo;an pass\u00e9. <strong>H\u00e9l\u00e8ne Clauzel<\/strong> (AS Bike Racing), championne de France sortante, compl\u00e8te quant \u00e0 elle le podium.<\/p>\n<blockquote class=\"instagram-media\" style=\"background: #FFF; border: 0; border-radius: 3px; box-shadow: 0 0 1px 0 rgba(0,0,0,0.5),0 1px 10px 0 rgba(0,0,0,0.15); margin: 1px; max-width: 540px; min-width: 326px; padding: 0; width: calc(100% - 2px);\" data-instgrm-captioned=\"\" data-instgrm-permalink=\"https:\/\/www.instagram.com\/p\/Cfb-9H1MlV8\/?utm_source=ig_embed&amp;utm_campaign=loading\" data-instgrm-version=\"14\">\n<div style=\"padding: 16px;\">\n<p>&nbsp;<\/p>\n<div style=\"display: flex; flex-direction: row; align-items: center;\">\n<div style=\"background-color: #f4f4f4; border-radius: 50%; flex-grow: 0; height: 40px; margin-right: 14px; width: 40px;\"><\/div>\n<div style=\"display: flex; flex-direction: column; flex-grow: 1; justify-content: center;\">\n<div style=\"background-color: #f4f4f4; border-radius: 4px; flex-grow: 0; height: 14px; margin-bottom: 6px; width: 100px;\"><\/div>\n<div style=\"background-color: #f4f4f4; border-radius: 4px; flex-grow: 0; height: 14px; width: 60px;\"><\/div>\n<\/div>\n<\/div>\n<div style=\"padding: 19% 0;\"><\/div>\n<div style=\"display: block; height: 50px; margin: 0 auto 12px; width: 50px;\"><\/div>\n<div style=\"padding-top: 8px;\">\n<div style=\"color: #3897f0; font-family: Arial,sans-serif; font-size: 14px; font-style: normal; font-weight: 550; line-height: 18px;\">Voir cette publication sur Instagram<\/div>\n<\/div>\n<div style=\"padding: 12.5% 0;\"><\/div>\n<div style=\"display: flex; flex-direction: row; margin-bottom: 14px; align-items: center;\">\n<div>\n<div style=\"background-color: #f4f4f4; border-radius: 50%; height: 12.5px; width: 12.5px; transform: translateX(0px) translateY(7px);\"><\/div>\n<div style=\"background-color: #f4f4f4; height: 12.5px; transform: rotate(-45deg) translateX(3px) translateY(1px); width: 12.5px; flex-grow: 0; margin-right: 14px; margin-left: 2px;\"><\/div>\n<div style=\"background-color: #f4f4f4; border-radius: 50%; height: 12.5px; width: 12.5px; transform: translateX(9px) translateY(-18px);\"><\/div>\n<\/div>\n<div style=\"margin-left: 8px;\">\n<div style=\"background-color: #f4f4f4; border-radius: 50%; flex-grow: 0; height: 20px; width: 20px;\"><\/div>\n<div style=\"width: 0; height: 0; border-top: 2px solid transparent; border-left: 6px solid #f4f4f4; border-bottom: 2px solid transparent; transform: translateX(16px) translateY(-4px) rotate(30deg);\"><\/div>\n<\/div>\n<div style=\"margin-left: auto;\">\n<div style=\"width: 0px; border-top: 8px solid #F4F4F4; border-right: 8px solid transparent; transform: translateY(16px);\"><\/div>\n<div style=\"background-color: #f4f4f4; flex-grow: 0; height: 12px; width: 16px; transform: translateY(-4px);\"><\/div>\n<div style=\"width: 0; height: 0; border-top: 8px solid #F4F4F4; border-left: 8px solid transparent; transform: translateY(-4px) translateX(8px);\"><\/div>\n<\/div>\n<\/div>\n<div style=\"display: flex; flex-direction: column; flex-grow: 1; justify-content: center; margin-bottom: 24px;\">\n<div style=\"background-color: #f4f4f4; border-radius: 4px; flex-grow: 0; height: 14px; margin-bottom: 6px; width: 224px;\"><\/div>\n<div style=\"background-color: #f4f4f4; border-radius: 4px; flex-grow: 0; height: 14px; width: 144px;\"><\/div>\n<\/div>\n<p>&nbsp;<\/p>\n<p style=\"color: #c9c8cd; font-family: Arial,sans-serif; font-size: 14px; line-height: 17px; margin-bottom: 0; margin-top: 8px; overflow: hidden; padding: 8px 0 7px; text-align: center; text-overflow: ellipsis; white-space: nowrap;\"><a style=\"color: #c9c8cd; font-family: Arial,sans-serif; font-size: 14px; font-style: normal; font-weight: normal; line-height: 17px; text-decoration: none;\" href=\"https:\/\/www.instagram.com\/p\/Cfb-9H1MlV8\/?utm_source=ig_embed&amp;utm_campaign=loading\" target=\"_blank\" rel=\"noopener\">Une publication partag\u00e9e par Pauline FERRAND-PREVOT (@paulineferrandprevot)<\/a><\/p>\n<\/div>\n<\/blockquote>\n<p><script async src=\"\/\/www.instagram.com\/embed.js\"><\/script><\/p>\n<p style=\"text-align: justify;\">Chez les hommes, c&rsquo;est la surprise du chef. \u00c0 26 ans, <strong>Maxime Loret<\/strong> (KTM Vittoria Racing) est devenu champion de France XCC. Celui qui n&rsquo;avait jamais fait mieux qu&rsquo;une 43\u00e8me place cette saison en Coupe du monde XCO (c&rsquo;\u00e9tait \u00e0 Petropolis, au Br\u00e9sil), a rafl\u00e9 la mise devant <strong>Thomas Griot<\/strong> (Canyon CLLCTV) et<strong> Joshua Dubau<\/strong> (Rockrider VTS). Rendez-vous dimanche pour les courses XCO, \u00e0 13h pour les femmes, 15h pour les hommes.<\/p>\n<p>&nbsp;<\/p>\n","protected":false},"excerpt":{"rendered":"<p>CHAMPIONNATS DE FRANCE DE VTT 2022 &#8211; Ce jeudi, \u00e0 Ploeuc l&rsquo;Hermitage (Bretagne), Pauline Ferrand-Pr\u00e9vot et Maxime Loret ont remport\u00e9 le titre national XCC (short-race).<\/p>\n","protected":false},"author":4,"featured_media":214592,"comment_status":"open","ping_status":"closed","sticky":false,"template":"","format":"standard","meta":{"_acf_changed":false,"_daextam_enable_autolinks":"","footnotes":""},"categories":[10279],"tags":[1340,692,24673],"class_list":["post-238645","post","type-post","status-publish","format-standard","has-post-thumbnail","hentry","category-vtt","tag-pauline-ferrand-prevot","tag-vtt","tag-vtt-xcc"],"acf":[],"yoast_head":"<!-- This site is optimized with the Yoast SEO Premium plugin v26.7 (Yoast SEO v26.7) - https:\/\/yoast.com\/wordpress\/plugins\/seo\/ -->\n<title>VTT Championnats de France : Pauline Ferrand-Pr\u00e9vot et Maxime Loret titr\u00e9s en XCC<\/title>\n<meta name=\"description\" content=\"CHAMPIONNATS DE FRANCE DE VTT 2022 - Pauline Ferrand-Pr\u00e9vot et Maxime Loret ont remport\u00e9 le titre national XCC (short-race).\" \/>\n<meta name=\"robots\" content=\"index, follow, max-snippet:-1, max-image-preview:large, max-video-preview:-1\" \/>\n<link rel=\"canonical\" href=\"https:\/\/dicodusport.fr\/blog\/vtt-championnats-de-france-pauline-ferrand-prevot-et-maxime-loret-titres-en-xcc\/\" \/>\n<meta property=\"og:locale\" content=\"fr_FR\" \/>\n<meta property=\"og:type\" content=\"article\" \/>\n<meta property=\"og:title\" content=\"VTT Championnats de France : Pauline Ferrand-Pr\u00e9vot et Maxime Loret titr\u00e9s en XCC\" \/>\n<meta property=\"og:description\" content=\"CHAMPIONNATS DE FRANCE DE VTT 2022 - Pauline Ferrand-Pr\u00e9vot et Maxime Loret ont remport\u00e9 le titre national XCC (short-race).\" \/>\n<meta property=\"og:url\" content=\"https:\/\/dicodusport.fr\/blog\/vtt-championnats-de-france-pauline-ferrand-prevot-et-maxime-loret-titres-en-xcc\/\" \/>\n<meta property=\"og:site_name\" content=\"Dicodusport\" \/>\n<meta property=\"article:publisher\" content=\"https:\/\/www.facebook.com\/dicodusport\" \/>\n<meta property=\"article:author\" content=\"https:\/\/www.facebook.com\/florent.ostermann\" \/>\n<meta property=\"article:published_time\" content=\"2022-06-30T14:08:43+00:00\" \/>\n<meta property=\"article:modified_time\" content=\"2022-06-30T18:47:52+00:00\" \/>\n<meta property=\"og:image\" content=\"https:\/\/dicodusport.fr\/blog\/wp-content\/uploads\/2022\/04\/VTT-Petropolis-Short-track-Pauline-Ferrand-Prevot-simpose-en-patronne-1.png\" \/>\n\t<meta property=\"og:image:width\" content=\"800\" \/>\n\t<meta property=\"og:image:height\" content=\"445\" \/>\n\t<meta property=\"og:image:type\" content=\"image\/png\" \/>\n<meta name=\"author\" content=\"Flo Ostermann\" \/>\n<meta name=\"twitter:card\" content=\"summary_large_image\" \/>\n<meta name=\"twitter:title\" content=\"VTT Championnats de France : Pauline Ferrand-Pr\u00e9vot et Maxime Loret titr\u00e9s en XCC\" \/>\n<meta name=\"twitter:creator\" content=\"@https:\/\/twitter.com\/FlOstermann\" \/>\n<meta name=\"twitter:site\" content=\"@dicodusport\" \/>\n<script type=\"application\/ld+json\" class=\"yoast-schema-graph\">{\"@context\":\"https:\/\/schema.org\",\"@graph\":[{\"@type\":\"NewsArticle\",\"@id\":\"https:\/\/dicodusport.fr\/blog\/vtt-championnats-de-france-pauline-ferrand-prevot-et-maxime-loret-titres-en-xcc\/#article\",\"isPartOf\":{\"@id\":\"https:\/\/dicodusport.fr\/blog\/vtt-championnats-de-france-pauline-ferrand-prevot-et-maxime-loret-titres-en-xcc\/\"},\"author\":{\"name\":\"Flo Ostermann\",\"@id\":\"https:\/\/dicodusport.fr\/blog\/#\/schema\/person\/cb02af4c173ce4a653b55e9baf388d4a\"},\"headline\":\"VTT Championnats de France : Pauline Ferrand-Pr\u00e9vot et Maxime Loret titr\u00e9s en XCC\",\"datePublished\":\"2022-06-30T14:08:43+00:00\",\"dateModified\":\"2022-06-30T18:47:52+00:00\",\"mainEntityOfPage\":{\"@id\":\"https:\/\/dicodusport.fr\/blog\/vtt-championnats-de-france-pauline-ferrand-prevot-et-maxime-loret-titres-en-xcc\/\"},\"wordCount\":227,\"commentCount\":0,\"publisher\":{\"@id\":\"https:\/\/dicodusport.fr\/blog\/#organization\"},\"image\":{\"@id\":\"https:\/\/dicodusport.fr\/blog\/vtt-championnats-de-france-pauline-ferrand-prevot-et-maxime-loret-titres-en-xcc\/#primaryimage\"},\"thumbnailUrl\":\"https:\/\/dicodusport.fr\/blog\/wp-content\/uploads\/2022\/04\/VTT-Petropolis-Short-track-Pauline-Ferrand-Prevot-simpose-en-patronne-1.png\",\"keywords\":[\"Pauline Ferrand-Pr\u00e9vot\",\"VTT\",\"VTT XCC\"],\"articleSection\":[\"VTT\"],\"inLanguage\":\"fr-FR\",\"potentialAction\":[{\"@type\":\"CommentAction\",\"name\":\"Comment\",\"target\":[\"https:\/\/dicodusport.fr\/blog\/vtt-championnats-de-france-pauline-ferrand-prevot-et-maxime-loret-titres-en-xcc\/#respond\"]}],\"copyrightYear\":\"2022\",\"copyrightHolder\":{\"@id\":\"https:\/\/dicodusport.fr\/blog\/#organization\"}},{\"@type\":\"WebPage\",\"@id\":\"https:\/\/dicodusport.fr\/blog\/vtt-championnats-de-france-pauline-ferrand-prevot-et-maxime-loret-titres-en-xcc\/\",\"url\":\"https:\/\/dicodusport.fr\/blog\/vtt-championnats-de-france-pauline-ferrand-prevot-et-maxime-loret-titres-en-xcc\/\",\"name\":\"VTT Championnats de France : Pauline Ferrand-Pr\u00e9vot et Maxime Loret titr\u00e9s en XCC\",\"isPartOf\":{\"@id\":\"https:\/\/dicodusport.fr\/blog\/#website\"},\"primaryImageOfPage\":{\"@id\":\"https:\/\/dicodusport.fr\/blog\/vtt-championnats-de-france-pauline-ferrand-prevot-et-maxime-loret-titres-en-xcc\/#primaryimage\"},\"image\":{\"@id\":\"https:\/\/dicodusport.fr\/blog\/vtt-championnats-de-france-pauline-ferrand-prevot-et-maxime-loret-titres-en-xcc\/#primaryimage\"},\"thumbnailUrl\":\"https:\/\/dicodusport.fr\/blog\/wp-content\/uploads\/2022\/04\/VTT-Petropolis-Short-track-Pauline-Ferrand-Prevot-simpose-en-patronne-1.png\",\"datePublished\":\"2022-06-30T14:08:43+00:00\",\"dateModified\":\"2022-06-30T18:47:52+00:00\",\"description\":\"CHAMPIONNATS DE FRANCE DE VTT 2022 - Pauline Ferrand-Pr\u00e9vot et Maxime Loret ont remport\u00e9 le titre national XCC (short-race).\",\"breadcrumb\":{\"@id\":\"https:\/\/dicodusport.fr\/blog\/vtt-championnats-de-france-pauline-ferrand-prevot-et-maxime-loret-titres-en-xcc\/#breadcrumb\"},\"inLanguage\":\"fr-FR\",\"potentialAction\":[{\"@type\":\"ReadAction\",\"target\":[\"https:\/\/dicodusport.fr\/blog\/vtt-championnats-de-france-pauline-ferrand-prevot-et-maxime-loret-titres-en-xcc\/\"]}]},{\"@type\":\"ImageObject\",\"inLanguage\":\"fr-FR\",\"@id\":\"https:\/\/dicodusport.fr\/blog\/vtt-championnats-de-france-pauline-ferrand-prevot-et-maxime-loret-titres-en-xcc\/#primaryimage\",\"url\":\"https:\/\/dicodusport.fr\/blog\/wp-content\/uploads\/2022\/04\/VTT-Petropolis-Short-track-Pauline-Ferrand-Prevot-simpose-en-patronne-1.png\",\"contentUrl\":\"https:\/\/dicodusport.fr\/blog\/wp-content\/uploads\/2022\/04\/VTT-Petropolis-Short-track-Pauline-Ferrand-Prevot-simpose-en-patronne-1.png\",\"width\":800,\"height\":445,\"caption\":\"VTT P\u00e9tropolis Short-track Pauline Ferrand-Pr\u00e9vot s'impose en patronne\"},{\"@type\":\"BreadcrumbList\",\"@id\":\"https:\/\/dicodusport.fr\/blog\/vtt-championnats-de-france-pauline-ferrand-prevot-et-maxime-loret-titres-en-xcc\/#breadcrumb\",\"itemListElement\":[{\"@type\":\"ListItem\",\"position\":1,\"name\":\"Accueil\",\"item\":\"https:\/\/dicodusport.fr\/blog\/\"},{\"@type\":\"ListItem\",\"position\":2,\"name\":\"VTT Championnats de France : Pauline Ferrand-Pr\u00e9vot et Maxime Loret titr\u00e9s en XCC\"}]},{\"@type\":\"WebSite\",\"@id\":\"https:\/\/dicodusport.fr\/blog\/#website\",\"url\":\"https:\/\/dicodusport.fr\/blog\/\",\"name\":\"Dicodusport\",\"description\":\"L&#039;encyclop\u00e9die de l&#039;actualit\u00e9 sportive\",\"publisher\":{\"@id\":\"https:\/\/dicodusport.fr\/blog\/#organization\"},\"potentialAction\":[{\"@type\":\"SearchAction\",\"target\":{\"@type\":\"EntryPoint\",\"urlTemplate\":\"https:\/\/dicodusport.fr\/blog\/?s={search_term_string}\"},\"query-input\":{\"@type\":\"PropertyValueSpecification\",\"valueRequired\":true,\"valueName\":\"search_term_string\"}}],\"inLanguage\":\"fr-FR\"},{\"@type\":\"NewsMediaOrganization\",\"@id\":\"https:\/\/dicodusport.fr\/blog\/#organization\",\"name\":\"Dicodusport\",\"url\":\"https:\/\/dicodusport.fr\/blog\/\",\"logo\":{\"@type\":\"ImageObject\",\"inLanguage\":\"fr-FR\",\"@id\":\"https:\/\/dicodusport.fr\/blog\/#\/schema\/logo\/image\/\",\"url\":\"https:\/\/dicodusport.fr\/blog\/wp-content\/uploads\/2020\/06\/cropped-LOGO-DICODUSPORT-2020-SANS-FOND-SANS-TEXTE.png\",\"contentUrl\":\"https:\/\/dicodusport.fr\/blog\/wp-content\/uploads\/2020\/06\/cropped-LOGO-DICODUSPORT-2020-SANS-FOND-SANS-TEXTE.png\",\"width\":512,\"height\":512,\"caption\":\"Dicodusport\"},\"image\":{\"@id\":\"https:\/\/dicodusport.fr\/blog\/#\/schema\/logo\/image\/\"},\"sameAs\":[\"https:\/\/www.facebook.com\/dicodusport\",\"https:\/\/x.com\/dicodusport\",\"https:\/\/www.instagram.com\/dicodusport\/\",\"https:\/\/www.youtube.com\/channel\/UC7V2KZ5sd3htJivAbA4ZG3w\"],\"description\":\"Dicodusport est l'encyclop\u00e9die de l'actualit\u00e9 sportive.\",\"email\":\"bonjour@dicodusport.fr\",\"legalName\":\"DICODUSPORT\",\"foundingDate\":\"2018-01-14\",\"vatID\":\"FR71834470973\",\"taxID\":\"83447097300043\",\"numberOfEmployees\":{\"@type\":\"QuantitativeValue\",\"minValue\":\"1\",\"maxValue\":\"10\"}},{\"@type\":\"Person\",\"@id\":\"https:\/\/dicodusport.fr\/blog\/#\/schema\/person\/cb02af4c173ce4a653b55e9baf388d4a\",\"name\":\"Flo Ostermann\",\"image\":{\"@type\":\"ImageObject\",\"inLanguage\":\"fr-FR\",\"@id\":\"https:\/\/dicodusport.fr\/blog\/#\/schema\/person\/image\/\",\"url\":\"https:\/\/dicodusport.fr\/blog\/wp-content\/uploads\/2021\/05\/Flo-Ostermann-150x150.jpg\",\"contentUrl\":\"https:\/\/dicodusport.fr\/blog\/wp-content\/uploads\/2021\/05\/Flo-Ostermann-150x150.jpg\",\"caption\":\"Flo Ostermann\"},\"description\":\"Journaliste\/R\u00e9dacteur depuis septembre 2015 - Mes premiers souvenirs dans le sport ? Les envol\u00e9es du Stade Toulousain et les duels Villeneuve-Schumacher et H\u00e4kkinen-Schumacher \u00e0 la fin des ann\u00e9es 90, la Coupe du monde de football en 1998, l\u2019exploit du XV de France face aux All Blacks en 1999, mais aussi Richard C\u0153ur de Lion qui vole sur les montagnes du Tour de France. Bien parti pour devenir professeur d\u2019EPS, les \u00e9v\u00e9nements de la vie (et la flemme d\u2019animer des s\u00e9ances de 3x500 m\u00e8tres toute ma vie) m\u2019ont conduit \u00e0 revoir mes plans. Me voil\u00e0 depuis fin 2017 sur Dicodusport, m\u00e9dia gr\u00e2ce (et pour) lequel je partage ma passion : le sport dans tous ses \u00e9tats. Le tout accompagn\u00e9 par les fous furieux et folles furieuses cit\u00e9s sur cette page !\",\"sameAs\":[\"https:\/\/www.facebook.com\/florent.ostermann\",\"https:\/\/x.com\/https:\/\/twitter.com\/FlOstermann\",\"admin\"],\"url\":\"https:\/\/dicodusport.fr\/blog\/author\/flo\/\"}]}<\/script>\n<!-- \/ Yoast SEO Premium plugin. -->","yoast_head_json":{"title":"VTT Championnats de France : Pauline Ferrand-Pr\u00e9vot et Maxime Loret titr\u00e9s en XCC","description":"CHAMPIONNATS DE FRANCE DE VTT 2022 - Pauline Ferrand-Pr\u00e9vot et Maxime Loret ont remport\u00e9 le titre national XCC (short-race).","robots":{"index":"index","follow":"follow","max-snippet":"max-snippet:-1","max-image-preview":"max-image-preview:large","max-video-preview":"max-video-preview:-1"},"canonical":"https:\/\/dicodusport.fr\/blog\/vtt-championnats-de-france-pauline-ferrand-prevot-et-maxime-loret-titres-en-xcc\/","og_locale":"fr_FR","og_type":"article","og_title":"VTT Championnats de France : Pauline Ferrand-Pr\u00e9vot et Maxime Loret titr\u00e9s en XCC","og_description":"CHAMPIONNATS DE FRANCE DE VTT 2022 - Pauline Ferrand-Pr\u00e9vot et Maxime Loret ont remport\u00e9 le titre national XCC (short-race).","og_url":"https:\/\/dicodusport.fr\/blog\/vtt-championnats-de-france-pauline-ferrand-prevot-et-maxime-loret-titres-en-xcc\/","og_site_name":"Dicodusport","article_publisher":"https:\/\/www.facebook.com\/dicodusport","article_author":"https:\/\/www.facebook.com\/florent.ostermann","article_published_time":"2022-06-30T14:08:43+00:00","article_modified_time":"2022-06-30T18:47:52+00:00","og_image":[{"width":800,"height":445,"url":"https:\/\/dicodusport.fr\/blog\/wp-content\/uploads\/2022\/04\/VTT-Petropolis-Short-track-Pauline-Ferrand-Prevot-simpose-en-patronne-1.png","type":"image\/png"}],"author":"Flo Ostermann","twitter_card":"summary_large_image","twitter_title":"VTT Championnats de France : Pauline Ferrand-Pr\u00e9vot et Maxime Loret titr\u00e9s en XCC","twitter_creator":"@https:\/\/twitter.com\/FlOstermann","twitter_site":"@dicodusport","schema":{"@context":"https:\/\/schema.org","@graph":[{"@type":"NewsArticle","@id":"https:\/\/dicodusport.fr\/blog\/vtt-championnats-de-france-pauline-ferrand-prevot-et-maxime-loret-titres-en-xcc\/#article","isPartOf":{"@id":"https:\/\/dicodusport.fr\/blog\/vtt-championnats-de-france-pauline-ferrand-prevot-et-maxime-loret-titres-en-xcc\/"},"author":{"name":"Flo Ostermann","@id":"https:\/\/dicodusport.fr\/blog\/#\/schema\/person\/cb02af4c173ce4a653b55e9baf388d4a"},"headline":"VTT Championnats de France : Pauline Ferrand-Pr\u00e9vot et Maxime Loret titr\u00e9s en XCC","datePublished":"2022-06-30T14:08:43+00:00","dateModified":"2022-06-30T18:47:52+00:00","mainEntityOfPage":{"@id":"https:\/\/dicodusport.fr\/blog\/vtt-championnats-de-france-pauline-ferrand-prevot-et-maxime-loret-titres-en-xcc\/"},"wordCount":227,"commentCount":0,"publisher":{"@id":"https:\/\/dicodusport.fr\/blog\/#organization"},"image":{"@id":"https:\/\/dicodusport.fr\/blog\/vtt-championnats-de-france-pauline-ferrand-prevot-et-maxime-loret-titres-en-xcc\/#primaryimage"},"thumbnailUrl":"https:\/\/dicodusport.fr\/blog\/wp-content\/uploads\/2022\/04\/VTT-Petropolis-Short-track-Pauline-Ferrand-Prevot-simpose-en-patronne-1.png","keywords":["Pauline Ferrand-Pr\u00e9vot","VTT","VTT XCC"],"articleSection":["VTT"],"inLanguage":"fr-FR","potentialAction":[{"@type":"CommentAction","name":"Comment","target":["https:\/\/dicodusport.fr\/blog\/vtt-championnats-de-france-pauline-ferrand-prevot-et-maxime-loret-titres-en-xcc\/#respond"]}],"copyrightYear":"2022","copyrightHolder":{"@id":"https:\/\/dicodusport.fr\/blog\/#organization"}},{"@type":"WebPage","@id":"https:\/\/dicodusport.fr\/blog\/vtt-championnats-de-france-pauline-ferrand-prevot-et-maxime-loret-titres-en-xcc\/","url":"https:\/\/dicodusport.fr\/blog\/vtt-championnats-de-france-pauline-ferrand-prevot-et-maxime-loret-titres-en-xcc\/","name":"VTT Championnats de France : Pauline Ferrand-Pr\u00e9vot et Maxime Loret titr\u00e9s en XCC","isPartOf":{"@id":"https:\/\/dicodusport.fr\/blog\/#website"},"primaryImageOfPage":{"@id":"https:\/\/dicodusport.fr\/blog\/vtt-championnats-de-france-pauline-ferrand-prevot-et-maxime-loret-titres-en-xcc\/#primaryimage"},"image":{"@id":"https:\/\/dicodusport.fr\/blog\/vtt-championnats-de-france-pauline-ferrand-prevot-et-maxime-loret-titres-en-xcc\/#primaryimage"},"thumbnailUrl":"https:\/\/dicodusport.fr\/blog\/wp-content\/uploads\/2022\/04\/VTT-Petropolis-Short-track-Pauline-Ferrand-Prevot-simpose-en-patronne-1.png","datePublished":"2022-06-30T14:08:43+00:00","dateModified":"2022-06-30T18:47:52+00:00","description":"CHAMPIONNATS DE FRANCE DE VTT 2022 - Pauline Ferrand-Pr\u00e9vot et Maxime Loret ont remport\u00e9 le titre national XCC (short-race).","breadcrumb":{"@id":"https:\/\/dicodusport.fr\/blog\/vtt-championnats-de-france-pauline-ferrand-prevot-et-maxime-loret-titres-en-xcc\/#breadcrumb"},"inLanguage":"fr-FR","potentialAction":[{"@type":"ReadAction","target":["https:\/\/dicodusport.fr\/blog\/vtt-championnats-de-france-pauline-ferrand-prevot-et-maxime-loret-titres-en-xcc\/"]}]},{"@type":"ImageObject","inLanguage":"fr-FR","@id":"https:\/\/dicodusport.fr\/blog\/vtt-championnats-de-france-pauline-ferrand-prevot-et-maxime-loret-titres-en-xcc\/#primaryimage","url":"https:\/\/dicodusport.fr\/blog\/wp-content\/uploads\/2022\/04\/VTT-Petropolis-Short-track-Pauline-Ferrand-Prevot-simpose-en-patronne-1.png","contentUrl":"https:\/\/dicodusport.fr\/blog\/wp-content\/uploads\/2022\/04\/VTT-Petropolis-Short-track-Pauline-Ferrand-Prevot-simpose-en-patronne-1.png","width":800,"height":445,"caption":"VTT P\u00e9tropolis Short-track Pauline Ferrand-Pr\u00e9vot s'impose en patronne"},{"@type":"BreadcrumbList","@id":"https:\/\/dicodusport.fr\/blog\/vtt-championnats-de-france-pauline-ferrand-prevot-et-maxime-loret-titres-en-xcc\/#breadcrumb","itemListElement":[{"@type":"ListItem","position":1,"name":"Accueil","item":"https:\/\/dicodusport.fr\/blog\/"},{"@type":"ListItem","position":2,"name":"VTT Championnats de France : Pauline Ferrand-Pr\u00e9vot et Maxime Loret titr\u00e9s en XCC"}]},{"@type":"WebSite","@id":"https:\/\/dicodusport.fr\/blog\/#website","url":"https:\/\/dicodusport.fr\/blog\/","name":"Dicodusport","description":"L&#039;encyclop\u00e9die de l&#039;actualit\u00e9 sportive","publisher":{"@id":"https:\/\/dicodusport.fr\/blog\/#organization"},"potentialAction":[{"@type":"SearchAction","target":{"@type":"EntryPoint","urlTemplate":"https:\/\/dicodusport.fr\/blog\/?s={search_term_string}"},"query-input":{"@type":"PropertyValueSpecification","valueRequired":true,"valueName":"search_term_string"}}],"inLanguage":"fr-FR"},{"@type":"NewsMediaOrganization","@id":"https:\/\/dicodusport.fr\/blog\/#organization","name":"Dicodusport","url":"https:\/\/dicodusport.fr\/blog\/","logo":{"@type":"ImageObject","inLanguage":"fr-FR","@id":"https:\/\/dicodusport.fr\/blog\/#\/schema\/logo\/image\/","url":"https:\/\/dicodusport.fr\/blog\/wp-content\/uploads\/2020\/06\/cropped-LOGO-DICODUSPORT-2020-SANS-FOND-SANS-TEXTE.png","contentUrl":"https:\/\/dicodusport.fr\/blog\/wp-content\/uploads\/2020\/06\/cropped-LOGO-DICODUSPORT-2020-SANS-FOND-SANS-TEXTE.png","width":512,"height":512,"caption":"Dicodusport"},"image":{"@id":"https:\/\/dicodusport.fr\/blog\/#\/schema\/logo\/image\/"},"sameAs":["https:\/\/www.facebook.com\/dicodusport","https:\/\/x.com\/dicodusport","https:\/\/www.instagram.com\/dicodusport\/","https:\/\/www.youtube.com\/channel\/UC7V2KZ5sd3htJivAbA4ZG3w"],"description":"Dicodusport est l'encyclop\u00e9die de l'actualit\u00e9 sportive.","email":"bonjour@dicodusport.fr","legalName":"DICODUSPORT","foundingDate":"2018-01-14","vatID":"FR71834470973","taxID":"83447097300043","numberOfEmployees":{"@type":"QuantitativeValue","minValue":"1","maxValue":"10"}},{"@type":"Person","@id":"https:\/\/dicodusport.fr\/blog\/#\/schema\/person\/cb02af4c173ce4a653b55e9baf388d4a","name":"Flo Ostermann","image":{"@type":"ImageObject","inLanguage":"fr-FR","@id":"https:\/\/dicodusport.fr\/blog\/#\/schema\/person\/image\/","url":"https:\/\/dicodusport.fr\/blog\/wp-content\/uploads\/2021\/05\/Flo-Ostermann-150x150.jpg","contentUrl":"https:\/\/dicodusport.fr\/blog\/wp-content\/uploads\/2021\/05\/Flo-Ostermann-150x150.jpg","caption":"Flo Ostermann"},"description":"Journaliste\/R\u00e9dacteur depuis septembre 2015 - Mes premiers souvenirs dans le sport ? Les envol\u00e9es du Stade Toulousain et les duels Villeneuve-Schumacher et H\u00e4kkinen-Schumacher \u00e0 la fin des ann\u00e9es 90, la Coupe du monde de football en 1998, l\u2019exploit du XV de France face aux All Blacks en 1999, mais aussi Richard C\u0153ur de Lion qui vole sur les montagnes du Tour de France. Bien parti pour devenir professeur d\u2019EPS, les \u00e9v\u00e9nements de la vie (et la flemme d\u2019animer des s\u00e9ances de 3x500 m\u00e8tres toute ma vie) m\u2019ont conduit \u00e0 revoir mes plans. Me voil\u00e0 depuis fin 2017 sur Dicodusport, m\u00e9dia gr\u00e2ce (et pour) lequel je partage ma passion : le sport dans tous ses \u00e9tats. Le tout accompagn\u00e9 par les fous furieux et folles furieuses cit\u00e9s sur cette page !","sameAs":["https:\/\/www.facebook.com\/florent.ostermann","https:\/\/x.com\/https:\/\/twitter.com\/FlOstermann","admin"],"url":"https:\/\/dicodusport.fr\/blog\/author\/flo\/"}]}},"_links":{"self":[{"href":"https:\/\/dicodusport.fr\/blog\/wp-json\/wp\/v2\/posts\/238645","targetHints":{"allow":["GET"]}}],"collection":[{"href":"https:\/\/dicodusport.fr\/blog\/wp-json\/wp\/v2\/posts"}],"about":[{"href":"https:\/\/dicodusport.fr\/blog\/wp-json\/wp\/v2\/types\/post"}],"author":[{"embeddable":true,"href":"https:\/\/dicodusport.fr\/blog\/wp-json\/wp\/v2\/users\/4"}],"replies":[{"embeddable":true,"href":"https:\/\/dicodusport.fr\/blog\/wp-json\/wp\/v2\/comments?post=238645"}],"version-history":[{"count":0,"href":"https:\/\/dicodusport.fr\/blog\/wp-json\/wp\/v2\/posts\/238645\/revisions"}],"wp:featuredmedia":[{"embeddable":true,"href":"https:\/\/dicodusport.fr\/blog\/wp-json\/wp\/v2\/media\/214592"}],"wp:attachment":[{"href":"https:\/\/dicodusport.fr\/blog\/wp-json\/wp\/v2\/media?parent=238645"}],"wp:term":[{"taxonomy":"category","embeddable":true,"href":"https:\/\/dicodusport.fr\/blog\/wp-json\/wp\/v2\/categories?post=238645"},{"taxonomy":"post_tag","embeddable":true,"href":"https:\/\/dicodusport.fr\/blog\/wp-json\/wp\/v2\/tags?post=238645"}],"curies":[{"name":"wp","href":"https:\/\/api.w.org\/{rel}","templated":true}]}}